{"id":3389,"date":"2019-06-04T18:37:35","date_gmt":"2019-06-04T15:37:35","guid":{"rendered":"https:\/\/super-news.info\/hu\/a-helyszinen-lehet-az-utalvanyokat-belepore-valtani-az-azeri-magyaron\/"},"modified":"2019-06-04T18:37:37","modified_gmt":"2019-06-04T15:37:37","slug":"a-helyszinen-lehet-az-utalvanyokat-belepore-valtani-az-azeri-magyaron","status":"publish","type":"post","link":"https:\/\/super-news.info\/hu\/a-helyszinen-lehet-az-utalvanyokat-belepore-valtani-az-azeri-magyaron\/","title":{"rendered":"A helysz\u00ednen lehet az utalv\u00e1nyokat bel\u00e9p\u0151re v\u00e1ltani az azeri-magyaron"},"content":{"rendered":"<p> [ad_1]<br \/>\n<\/p>\n<p>\n\t\t\t\t\t\t\t\tA szombati Azerbajdzs\u00e1n-Magyarorsz\u00e1g labdar\u00fag\u00f3 Eur\u00f3pa-bajnoki selejtez\u0151m\u00e9rk\u0151z\u00e9sre v\u00e1s\u00e1rolt utalv\u00e1nyokat a vend\u00e9gszurkol\u00f3k a meccs helysz\u00edn\u00e9n tudj\u00e1k bel\u00e9p\u0151re v\u00e1ltani.\t\t\t\t\t\t\t<\/p>\n<div>\n<p>A Magyar Labdar\u00fag\u00f3 Sz\u00f6vets\u00e9g (MLSZ) keddi t\u00e1j\u00e9koztat\u00e1sa szerint a tal\u00e1lkoz\u00f3 napj\u00e1n 14 \u00f3r\u00e1t\u00f3l meccskezd\u00e9sig lesz lehet\u0151s\u00e9g az utalv\u00e1nyok bev\u00e1lt\u00e1s\u00e1ra szem\u00e9lyazonoss\u00e1g igazol\u00e1s\u00e1t k\u00f6vet\u0151en az azeri f\u0151v\u00e1rosban a Bakcell Ar\u00e9na jegy\u00e9rt\u00e9kes\u00edt\u0151 ablakain\u00e1l.<\/p>\n<p>Az MLSZ jelezte, a jegyeket szerda \u00e9jf\u00e9lig lehet megvenni a meccsjegy.mlsz.hu oldalon, valamint a Ticket Express B\u00e1ln\u00e1ban \u00e9s orsz\u00e1gszerte a TEX t\u00f6bb mint 350 partnerirod\u00e1j\u00e1ban.<\/p>\n<p>Az utalv\u00e1nyok szurkol\u00f3i k\u00e1rtya n\u00e9lk\u00fcl is megv\u00e1s\u00e1rolhat\u00f3ak, egys\u00e9gesen 500 forintba ker\u00fclnek.<\/p>\n<p>A sz\u00f6vets\u00e9g arra k\u00e9ri a kiutaz\u00f3 drukkereket, hogy olvass\u00e1k el a K\u00fcl\u00fcgyminiszt\u00e9rium tan\u00e1csait a linken tal\u00e1lhat\u00f3 internetes oldalon.<\/p>\n<div id=\"attachment_1501111\" style=\"width: 1396px\" class=\"wp-caption alignnone\">\n<p class=\"wp-caption-text\">Fot\u00f3: Kisbenedek Attila\/AFP<\/p>\n<\/div>\n<p>K\u00fcl\u00f6n felh\u00edvt\u00e1k a figyelmet arra, hogy tarts\u00e1k be a Bakcell Ar\u00e9na rendszab\u00e1ly\u00e1t, amely a t\u00f6bbi k\u00f6z\u00f6tt korl\u00e1tozza a stadionba vihet\u0151 csomagok m\u00e9ret\u00e9t, illetve bizonyos t\u00e1rgyakat sem engednek be a l\u00e9tes\u00edtm\u00e9nybe.<\/p>\n<p>A magyar v\u00e1logatott szombaton \u2013 k\u00f6z\u00e9p-eur\u00f3pai id\u0151 szerint \u2013 18 \u00f3rakor l\u00e9p p\u00e1ly\u00e1ra Bakuban.<\/p>\n<\/p><\/div>\n<p><script>\n    window.fbAsyncInit = function() {\n        FB.init({\n            appId      : \"204760236815359\",\n            xfbml      : true,\n            version    : \"v2.12\"\n        });\n        FB.AppEvents.logPageView();\n    };<\/p>\n<p>    (function(d, s, id){\n        var js, fjs = d.getElementsByTagName(s)[0];\n        if (d.getElementById(id)) {return;}\n        js = d.createElement(s); js.id = id;\n        js.src = \"http:\/\/connect.facebook.net\/hu_HU\/sdk.js\";\n        fjs.parentNode.insertBefore(js, fjs);\n    }(document, \"script\", \"facebook-jssdk\"));\n<\/script><br \/>\n<br \/>[ad_2]<br \/>\n<br \/><a href=\"https:\/\/www.vg.hu\/kozelet\/sport\/a-helyszinen-lehet-az-utalvanyokat-belepore-valtani-az-azeri-magyaron-1551812\/\">Source link <\/a><\/p>\n","protected":false},"excerpt":{"rendered":"<p>[ad_1] A szombati Azerbajdzs\u00e1n-Magyarorsz\u00e1g labdar\u00fag\u00f3 Eur\u00f3pa-bajnoki selejtez\u0151m\u00e9rk\u0151z\u00e9sre v\u00e1s\u00e1rolt utalv\u00e1nyokat a vend\u00e9gszurkol\u00f3k a meccs helysz\u00edn\u00e9n tudj\u00e1k bel\u00e9p\u0151re v\u00e1ltani. A Magyar Labdar\u00fag\u00f3 Sz\u00f6vets\u00e9g (MLSZ) keddi t\u00e1j\u00e9koztat\u00e1sa szerint a tal\u00e1lkoz\u00f3 napj\u00e1n 14 \u00f3r\u00e1t\u00f3l meccskezd\u00e9sig lesz lehet\u0151s\u00e9g az utalv\u00e1nyok bev\u00e1lt\u00e1s\u00e1ra szem\u00e9lyazonoss\u00e1g igazol\u00e1s\u00e1t k\u00f6vet\u0151en az azeri f\u0151v\u00e1rosban a Bakcell Ar\u00e9na jegy\u00e9rt\u00e9kes\u00edt\u0151 ablakain\u00e1l. Az MLSZ jelezte, a jegyeket szerda \u00e9jf\u00e9lig lehet [&hellip;]<\/p>\n","protected":false},"author":2,"featured_media":3390,"comment_status":"open","ping_status":"open","sticky":false,"template":"","format":"standard","meta":{"footnotes":""},"categories":[1],"tags":[],"class_list":["post-3389","post","type-post","status-publish","format-standard","has-post-thumbnail","hentry","category-penzugyi-hirek"],"yoast_head":"<!-- This site is optimized with the Yoast SEO plugin v27.4 - https:\/\/yoast.com\/product\/yoast-seo-wordpress\/ -->\n<title>A helysz\u00ednen lehet az utalv\u00e1nyokat bel\u00e9p\u0151re v\u00e1ltani az azeri-magyaron - Super News<\/title>\n<meta name=\"robots\" content=\"index, follow, max-snippet:-1, max-image-preview:large, max-video-preview:-1\" \/>\n<link rel=\"canonical\" href=\"https:\/\/super-news.info\/hu\/a-helyszinen-lehet-az-utalvanyokat-belepore-valtani-az-azeri-magyaron\/\" \/>\n<meta property=\"og:locale\" content=\"hu_HU\" \/>\n<meta property=\"og:type\" content=\"article\" \/>\n<meta property=\"og:title\" content=\"A helysz\u00ednen lehet az utalv\u00e1nyokat bel\u00e9p\u0151re v\u00e1ltani az azeri-magyaron - Super News\" \/>\n<meta property=\"og:description\" content=\"[ad_1] A szombati Azerbajdzs\u00e1n-Magyarorsz\u00e1g labdar\u00fag\u00f3 Eur\u00f3pa-bajnoki selejtez\u0151m\u00e9rk\u0151z\u00e9sre v\u00e1s\u00e1rolt utalv\u00e1nyokat a vend\u00e9gszurkol\u00f3k a meccs helysz\u00edn\u00e9n tudj\u00e1k bel\u00e9p\u0151re v\u00e1ltani. A Magyar Labdar\u00fag\u00f3 Sz\u00f6vets\u00e9g (MLSZ) keddi t\u00e1j\u00e9koztat\u00e1sa szerint a tal\u00e1lkoz\u00f3 napj\u00e1n 14 \u00f3r\u00e1t\u00f3l meccskezd\u00e9sig lesz lehet\u0151s\u00e9g az utalv\u00e1nyok bev\u00e1lt\u00e1s\u00e1ra szem\u00e9lyazonoss\u00e1g igazol\u00e1s\u00e1t k\u00f6vet\u0151en az azeri f\u0151v\u00e1rosban a Bakcell Ar\u00e9na jegy\u00e9rt\u00e9kes\u00edt\u0151 ablakain\u00e1l. Az MLSZ jelezte, a jegyeket szerda \u00e9jf\u00e9lig lehet [&hellip;]\" \/>\n<meta property=\"og:url\" content=\"https:\/\/super-news.info\/hu\/a-helyszinen-lehet-az-utalvanyokat-belepore-valtani-az-azeri-magyaron\/\" \/>\n<meta property=\"og:site_name\" content=\"Super News\" \/>\n<meta property=\"article:published_time\" content=\"2019-06-04T15:37:35+00:00\" \/>\n<meta property=\"article:modified_time\" content=\"2019-06-04T15:37:37+00:00\" \/>\n<meta property=\"og:image\" content=\"https:\/\/super-news.info\/hu\/wp-content\/uploads\/sites\/3\/2019\/06\/A-helysz\u00ednen-lehet-az-utalv\u00e1nyokat-bel\u00e9p\u0151re-v\u00e1ltani-az-azeri-magyaron.jpg\" \/>\n\t<meta property=\"og:image:width\" content=\"1386\" \/>\n\t<meta property=\"og:image:height\" content=\"780\" \/>\n\t<meta property=\"og:image:type\" content=\"image\/jpeg\" \/>\n<meta name=\"author\" content=\"super-news\" \/>\n<meta name=\"twitter:card\" content=\"summary_large_image\" \/>\n<meta name=\"twitter:label1\" content=\"Szerz\u0151:\" \/>\n\t<meta name=\"twitter:data1\" content=\"super-news\" \/>\n\t<meta name=\"twitter:label2\" content=\"Becs\u00fclt olvas\u00e1si id\u0151\" \/>\n\t<meta name=\"twitter:data2\" content=\"1 perc\" \/>\n<script type=\"application\/ld+json\" class=\"yoast-schema-graph\">{\"@context\":\"https:\\\/\\\/schema.org\",\"@graph\":[{\"@type\":\"Article\",\"@id\":\"https:\\\/\\\/super-news.info\\\/hu\\\/a-helyszinen-lehet-az-utalvanyokat-belepore-valtani-az-azeri-magyaron\\\/#article\",\"isPartOf\":{\"@id\":\"https:\\\/\\\/super-news.info\\\/hu\\\/a-helyszinen-lehet-az-utalvanyokat-belepore-valtani-az-azeri-magyaron\\\/\"},\"author\":{\"name\":\"super-news\",\"@id\":\"https:\\\/\\\/super-news.info\\\/hu\\\/#\\\/schema\\\/person\\\/2d4068cb2f39cd10008c2fce578a7356\"},\"headline\":\"A helysz\u00ednen lehet az utalv\u00e1nyokat bel\u00e9p\u0151re v\u00e1ltani az azeri-magyaron\",\"datePublished\":\"2019-06-04T15:37:35+00:00\",\"dateModified\":\"2019-06-04T15:37:37+00:00\",\"mainEntityOfPage\":{\"@id\":\"https:\\\/\\\/super-news.info\\\/hu\\\/a-helyszinen-lehet-az-utalvanyokat-belepore-valtani-az-azeri-magyaron\\\/\"},\"wordCount\":262,\"commentCount\":0,\"image\":{\"@id\":\"https:\\\/\\\/super-news.info\\\/hu\\\/a-helyszinen-lehet-az-utalvanyokat-belepore-valtani-az-azeri-magyaron\\\/#primaryimage\"},\"thumbnailUrl\":\"https:\\\/\\\/super-news.info\\\/hu\\\/wp-content\\\/uploads\\\/sites\\\/3\\\/2019\\\/06\\\/A-helysz\u00ednen-lehet-az-utalv\u00e1nyokat-bel\u00e9p\u0151re-v\u00e1ltani-az-azeri-magyaron.jpg\",\"articleSection\":[\"P\u00c9NZ\u00dcGYI H\u00cdREK\"],\"inLanguage\":\"hu\",\"potentialAction\":[{\"@type\":\"CommentAction\",\"name\":\"Comment\",\"target\":[\"https:\\\/\\\/super-news.info\\\/hu\\\/a-helyszinen-lehet-az-utalvanyokat-belepore-valtani-az-azeri-magyaron\\\/#respond\"]}]},{\"@type\":\"WebPage\",\"@id\":\"https:\\\/\\\/super-news.info\\\/hu\\\/a-helyszinen-lehet-az-utalvanyokat-belepore-valtani-az-azeri-magyaron\\\/\",\"url\":\"https:\\\/\\\/super-news.info\\\/hu\\\/a-helyszinen-lehet-az-utalvanyokat-belepore-valtani-az-azeri-magyaron\\\/\",\"name\":\"A helysz\u00ednen lehet az utalv\u00e1nyokat bel\u00e9p\u0151re v\u00e1ltani az azeri-magyaron - Super News\",\"isPartOf\":{\"@id\":\"https:\\\/\\\/super-news.info\\\/hu\\\/#website\"},\"primaryImageOfPage\":{\"@id\":\"https:\\\/\\\/super-news.info\\\/hu\\\/a-helyszinen-lehet-az-utalvanyokat-belepore-valtani-az-azeri-magyaron\\\/#primaryimage\"},\"image\":{\"@id\":\"https:\\\/\\\/super-news.info\\\/hu\\\/a-helyszinen-lehet-az-utalvanyokat-belepore-valtani-az-azeri-magyaron\\\/#primaryimage\"},\"thumbnailUrl\":\"https:\\\/\\\/super-news.info\\\/hu\\\/wp-content\\\/uploads\\\/sites\\\/3\\\/2019\\\/06\\\/A-helysz\u00ednen-lehet-az-utalv\u00e1nyokat-bel\u00e9p\u0151re-v\u00e1ltani-az-azeri-magyaron.jpg\",\"datePublished\":\"2019-06-04T15:37:35+00:00\",\"dateModified\":\"2019-06-04T15:37:37+00:00\",\"author\":{\"@id\":\"https:\\\/\\\/super-news.info\\\/hu\\\/#\\\/schema\\\/person\\\/2d4068cb2f39cd10008c2fce578a7356\"},\"breadcrumb\":{\"@id\":\"https:\\\/\\\/super-news.info\\\/hu\\\/a-helyszinen-lehet-az-utalvanyokat-belepore-valtani-az-azeri-magyaron\\\/#breadcrumb\"},\"inLanguage\":\"hu\",\"potentialAction\":[{\"@type\":\"ReadAction\",\"target\":[\"https:\\\/\\\/super-news.info\\\/hu\\\/a-helyszinen-lehet-az-utalvanyokat-belepore-valtani-az-azeri-magyaron\\\/\"]}]},{\"@type\":\"ImageObject\",\"inLanguage\":\"hu\",\"@id\":\"https:\\\/\\\/super-news.info\\\/hu\\\/a-helyszinen-lehet-az-utalvanyokat-belepore-valtani-az-azeri-magyaron\\\/#primaryimage\",\"url\":\"https:\\\/\\\/super-news.info\\\/hu\\\/wp-content\\\/uploads\\\/sites\\\/3\\\/2019\\\/06\\\/A-helysz\u00ednen-lehet-az-utalv\u00e1nyokat-bel\u00e9p\u0151re-v\u00e1ltani-az-azeri-magyaron.jpg\",\"contentUrl\":\"https:\\\/\\\/super-news.info\\\/hu\\\/wp-content\\\/uploads\\\/sites\\\/3\\\/2019\\\/06\\\/A-helysz\u00ednen-lehet-az-utalv\u00e1nyokat-bel\u00e9p\u0151re-v\u00e1ltani-az-azeri-magyaron.jpg\",\"width\":1386,\"height\":780,\"caption\":\"A helysz\u00ednen lehet az utalv\u00e1nyokat bel\u00e9p\u0151re v\u00e1ltani az azeri-magyaron\"},{\"@type\":\"BreadcrumbList\",\"@id\":\"https:\\\/\\\/super-news.info\\\/hu\\\/a-helyszinen-lehet-az-utalvanyokat-belepore-valtani-az-azeri-magyaron\\\/#breadcrumb\",\"itemListElement\":[{\"@type\":\"ListItem\",\"position\":1,\"name\":\"\u0413\u043b\u0430\u0432\u043d\u0430\u044f \u0441\u0442\u0440\u0430\u043d\u0438\u0446\u0430\",\"item\":\"https:\\\/\\\/super-news.info\\\/hu\\\/\"},{\"@type\":\"ListItem\",\"position\":2,\"name\":\"A helysz\u00ednen lehet az utalv\u00e1nyokat bel\u00e9p\u0151re v\u00e1ltani az azeri-magyaron\"}]},{\"@type\":\"WebSite\",\"@id\":\"https:\\\/\\\/super-news.info\\\/hu\\\/#website\",\"url\":\"https:\\\/\\\/super-news.info\\\/hu\\\/\",\"name\":\"Super News\",\"description\":\"Super News Magyarorsz\u00e1g\",\"potentialAction\":[{\"@type\":\"SearchAction\",\"target\":{\"@type\":\"EntryPoint\",\"urlTemplate\":\"https:\\\/\\\/super-news.info\\\/hu\\\/?s={search_term_string}\"},\"query-input\":{\"@type\":\"PropertyValueSpecification\",\"valueRequired\":true,\"valueName\":\"search_term_string\"}}],\"inLanguage\":\"hu\"},{\"@type\":\"Person\",\"@id\":\"https:\\\/\\\/super-news.info\\\/hu\\\/#\\\/schema\\\/person\\\/2d4068cb2f39cd10008c2fce578a7356\",\"name\":\"super-news\",\"image\":{\"@type\":\"ImageObject\",\"inLanguage\":\"hu\",\"@id\":\"https:\\\/\\\/secure.gravatar.com\\\/avatar\\\/64ebac40b93f26a154f8a9b5b6fdccfc46f442b26b3dd6756dbff3bf9dc76fd7?s=96&d=mm&r=g\",\"url\":\"https:\\\/\\\/secure.gravatar.com\\\/avatar\\\/64ebac40b93f26a154f8a9b5b6fdccfc46f442b26b3dd6756dbff3bf9dc76fd7?s=96&d=mm&r=g\",\"contentUrl\":\"https:\\\/\\\/secure.gravatar.com\\\/avatar\\\/64ebac40b93f26a154f8a9b5b6fdccfc46f442b26b3dd6756dbff3bf9dc76fd7?s=96&d=mm&r=g\",\"caption\":\"super-news\"},\"url\":\"https:\\\/\\\/super-news.info\\\/hu\\\/author\\\/pt\\\/\"}]}<\/script>\n<!-- \/ Yoast SEO plugin. -->","yoast_head_json":{"title":"A helysz\u00ednen lehet az utalv\u00e1nyokat bel\u00e9p\u0151re v\u00e1ltani az azeri-magyaron - Super News","robots":{"index":"index","follow":"follow","max-snippet":"max-snippet:-1","max-image-preview":"max-image-preview:large","max-video-preview":"max-video-preview:-1"},"canonical":"https:\/\/super-news.info\/hu\/a-helyszinen-lehet-az-utalvanyokat-belepore-valtani-az-azeri-magyaron\/","og_locale":"hu_HU","og_type":"article","og_title":"A helysz\u00ednen lehet az utalv\u00e1nyokat bel\u00e9p\u0151re v\u00e1ltani az azeri-magyaron - Super News","og_description":"[ad_1] A szombati Azerbajdzs\u00e1n-Magyarorsz\u00e1g labdar\u00fag\u00f3 Eur\u00f3pa-bajnoki selejtez\u0151m\u00e9rk\u0151z\u00e9sre v\u00e1s\u00e1rolt utalv\u00e1nyokat a vend\u00e9gszurkol\u00f3k a meccs helysz\u00edn\u00e9n tudj\u00e1k bel\u00e9p\u0151re v\u00e1ltani. A Magyar Labdar\u00fag\u00f3 Sz\u00f6vets\u00e9g (MLSZ) keddi t\u00e1j\u00e9koztat\u00e1sa szerint a tal\u00e1lkoz\u00f3 napj\u00e1n 14 \u00f3r\u00e1t\u00f3l meccskezd\u00e9sig lesz lehet\u0151s\u00e9g az utalv\u00e1nyok bev\u00e1lt\u00e1s\u00e1ra szem\u00e9lyazonoss\u00e1g igazol\u00e1s\u00e1t k\u00f6vet\u0151en az azeri f\u0151v\u00e1rosban a Bakcell Ar\u00e9na jegy\u00e9rt\u00e9kes\u00edt\u0151 ablakain\u00e1l. Az MLSZ jelezte, a jegyeket szerda \u00e9jf\u00e9lig lehet [&hellip;]","og_url":"https:\/\/super-news.info\/hu\/a-helyszinen-lehet-az-utalvanyokat-belepore-valtani-az-azeri-magyaron\/","og_site_name":"Super News","article_published_time":"2019-06-04T15:37:35+00:00","article_modified_time":"2019-06-04T15:37:37+00:00","og_image":[{"width":1386,"height":780,"url":"https:\/\/super-news.info\/hu\/wp-content\/uploads\/sites\/3\/2019\/06\/A-helysz\u00ednen-lehet-az-utalv\u00e1nyokat-bel\u00e9p\u0151re-v\u00e1ltani-az-azeri-magyaron.jpg","type":"image\/jpeg"}],"author":"super-news","twitter_card":"summary_large_image","twitter_misc":{"Szerz\u0151:":"super-news","Becs\u00fclt olvas\u00e1si id\u0151":"1 perc"},"schema":{"@context":"https:\/\/schema.org","@graph":[{"@type":"Article","@id":"https:\/\/super-news.info\/hu\/a-helyszinen-lehet-az-utalvanyokat-belepore-valtani-az-azeri-magyaron\/#article","isPartOf":{"@id":"https:\/\/super-news.info\/hu\/a-helyszinen-lehet-az-utalvanyokat-belepore-valtani-az-azeri-magyaron\/"},"author":{"name":"super-news","@id":"https:\/\/super-news.info\/hu\/#\/schema\/person\/2d4068cb2f39cd10008c2fce578a7356"},"headline":"A helysz\u00ednen lehet az utalv\u00e1nyokat bel\u00e9p\u0151re v\u00e1ltani az azeri-magyaron","datePublished":"2019-06-04T15:37:35+00:00","dateModified":"2019-06-04T15:37:37+00:00","mainEntityOfPage":{"@id":"https:\/\/super-news.info\/hu\/a-helyszinen-lehet-az-utalvanyokat-belepore-valtani-az-azeri-magyaron\/"},"wordCount":262,"commentCount":0,"image":{"@id":"https:\/\/super-news.info\/hu\/a-helyszinen-lehet-az-utalvanyokat-belepore-valtani-az-azeri-magyaron\/#primaryimage"},"thumbnailUrl":"https:\/\/super-news.info\/hu\/wp-content\/uploads\/sites\/3\/2019\/06\/A-helysz\u00ednen-lehet-az-utalv\u00e1nyokat-bel\u00e9p\u0151re-v\u00e1ltani-az-azeri-magyaron.jpg","articleSection":["P\u00c9NZ\u00dcGYI H\u00cdREK"],"inLanguage":"hu","potentialAction":[{"@type":"CommentAction","name":"Comment","target":["https:\/\/super-news.info\/hu\/a-helyszinen-lehet-az-utalvanyokat-belepore-valtani-az-azeri-magyaron\/#respond"]}]},{"@type":"WebPage","@id":"https:\/\/super-news.info\/hu\/a-helyszinen-lehet-az-utalvanyokat-belepore-valtani-az-azeri-magyaron\/","url":"https:\/\/super-news.info\/hu\/a-helyszinen-lehet-az-utalvanyokat-belepore-valtani-az-azeri-magyaron\/","name":"A helysz\u00ednen lehet az utalv\u00e1nyokat bel\u00e9p\u0151re v\u00e1ltani az azeri-magyaron - Super News","isPartOf":{"@id":"https:\/\/super-news.info\/hu\/#website"},"primaryImageOfPage":{"@id":"https:\/\/super-news.info\/hu\/a-helyszinen-lehet-az-utalvanyokat-belepore-valtani-az-azeri-magyaron\/#primaryimage"},"image":{"@id":"https:\/\/super-news.info\/hu\/a-helyszinen-lehet-az-utalvanyokat-belepore-valtani-az-azeri-magyaron\/#primaryimage"},"thumbnailUrl":"https:\/\/super-news.info\/hu\/wp-content\/uploads\/sites\/3\/2019\/06\/A-helysz\u00ednen-lehet-az-utalv\u00e1nyokat-bel\u00e9p\u0151re-v\u00e1ltani-az-azeri-magyaron.jpg","datePublished":"2019-06-04T15:37:35+00:00","dateModified":"2019-06-04T15:37:37+00:00","author":{"@id":"https:\/\/super-news.info\/hu\/#\/schema\/person\/2d4068cb2f39cd10008c2fce578a7356"},"breadcrumb":{"@id":"https:\/\/super-news.info\/hu\/a-helyszinen-lehet-az-utalvanyokat-belepore-valtani-az-azeri-magyaron\/#breadcrumb"},"inLanguage":"hu","potentialAction":[{"@type":"ReadAction","target":["https:\/\/super-news.info\/hu\/a-helyszinen-lehet-az-utalvanyokat-belepore-valtani-az-azeri-magyaron\/"]}]},{"@type":"ImageObject","inLanguage":"hu","@id":"https:\/\/super-news.info\/hu\/a-helyszinen-lehet-az-utalvanyokat-belepore-valtani-az-azeri-magyaron\/#primaryimage","url":"https:\/\/super-news.info\/hu\/wp-content\/uploads\/sites\/3\/2019\/06\/A-helysz\u00ednen-lehet-az-utalv\u00e1nyokat-bel\u00e9p\u0151re-v\u00e1ltani-az-azeri-magyaron.jpg","contentUrl":"https:\/\/super-news.info\/hu\/wp-content\/uploads\/sites\/3\/2019\/06\/A-helysz\u00ednen-lehet-az-utalv\u00e1nyokat-bel\u00e9p\u0151re-v\u00e1ltani-az-azeri-magyaron.jpg","width":1386,"height":780,"caption":"A helysz\u00ednen lehet az utalv\u00e1nyokat bel\u00e9p\u0151re v\u00e1ltani az azeri-magyaron"},{"@type":"BreadcrumbList","@id":"https:\/\/super-news.info\/hu\/a-helyszinen-lehet-az-utalvanyokat-belepore-valtani-az-azeri-magyaron\/#breadcrumb","itemListElement":[{"@type":"ListItem","position":1,"name":"\u0413\u043b\u0430\u0432\u043d\u0430\u044f \u0441\u0442\u0440\u0430\u043d\u0438\u0446\u0430","item":"https:\/\/super-news.info\/hu\/"},{"@type":"ListItem","position":2,"name":"A helysz\u00ednen lehet az utalv\u00e1nyokat bel\u00e9p\u0151re v\u00e1ltani az azeri-magyaron"}]},{"@type":"WebSite","@id":"https:\/\/super-news.info\/hu\/#website","url":"https:\/\/super-news.info\/hu\/","name":"Super News","description":"Super News Magyarorsz\u00e1g","potentialAction":[{"@type":"SearchAction","target":{"@type":"EntryPoint","urlTemplate":"https:\/\/super-news.info\/hu\/?s={search_term_string}"},"query-input":{"@type":"PropertyValueSpecification","valueRequired":true,"valueName":"search_term_string"}}],"inLanguage":"hu"},{"@type":"Person","@id":"https:\/\/super-news.info\/hu\/#\/schema\/person\/2d4068cb2f39cd10008c2fce578a7356","name":"super-news","image":{"@type":"ImageObject","inLanguage":"hu","@id":"https:\/\/secure.gravatar.com\/avatar\/64ebac40b93f26a154f8a9b5b6fdccfc46f442b26b3dd6756dbff3bf9dc76fd7?s=96&d=mm&r=g","url":"https:\/\/secure.gravatar.com\/avatar\/64ebac40b93f26a154f8a9b5b6fdccfc46f442b26b3dd6756dbff3bf9dc76fd7?s=96&d=mm&r=g","contentUrl":"https:\/\/secure.gravatar.com\/avatar\/64ebac40b93f26a154f8a9b5b6fdccfc46f442b26b3dd6756dbff3bf9dc76fd7?s=96&d=mm&r=g","caption":"super-news"},"url":"https:\/\/super-news.info\/hu\/author\/pt\/"}]}},"_links":{"self":[{"href":"https:\/\/super-news.info\/hu\/wp-json\/wp\/v2\/posts\/3389","targetHints":{"allow":["GET"]}}],"collection":[{"href":"https:\/\/super-news.info\/hu\/wp-json\/wp\/v2\/posts"}],"about":[{"href":"https:\/\/super-news.info\/hu\/wp-json\/wp\/v2\/types\/post"}],"author":[{"embeddable":true,"href":"https:\/\/super-news.info\/hu\/wp-json\/wp\/v2\/users\/2"}],"replies":[{"embeddable":true,"href":"https:\/\/super-news.info\/hu\/wp-json\/wp\/v2\/comments?post=3389"}],"version-history":[{"count":1,"href":"https:\/\/super-news.info\/hu\/wp-json\/wp\/v2\/posts\/3389\/revisions"}],"predecessor-version":[{"id":3391,"href":"https:\/\/super-news.info\/hu\/wp-json\/wp\/v2\/posts\/3389\/revisions\/3391"}],"wp:featuredmedia":[{"embeddable":true,"href":"https:\/\/super-news.info\/hu\/wp-json\/wp\/v2\/media\/3390"}],"wp:attachment":[{"href":"https:\/\/super-news.info\/hu\/wp-json\/wp\/v2\/media?parent=3389"}],"wp:term":[{"taxonomy":"category","embeddable":true,"href":"https:\/\/super-news.info\/hu\/wp-json\/wp\/v2\/categories?post=3389"},{"taxonomy":"post_tag","embeddable":true,"href":"https:\/\/super-news.info\/hu\/wp-json\/wp\/v2\/tags?post=3389"}],"curies":[{"name":"wp","href":"https:\/\/api.w.org\/{rel}","templated":true}]}}