{"id":3383,"date":"2019-06-04T17:40:22","date_gmt":"2019-06-04T14:40:22","guid":{"rendered":"https:\/\/super-news.info\/hu\/egyre-rosszabb-az-uzleti-hangulat-a-nemet-kozepvallalatok-koreben\/"},"modified":"2019-06-04T17:40:24","modified_gmt":"2019-06-04T14:40:24","slug":"egyre-rosszabb-az-uzleti-hangulat-a-nemet-kozepvallalatok-koreben","status":"publish","type":"post","link":"https:\/\/super-news.info\/hu\/egyre-rosszabb-az-uzleti-hangulat-a-nemet-kozepvallalatok-koreben\/","title":{"rendered":"Egyre rosszabb az \u00fczleti hangulat a n\u00e9met k\u00f6z\u00e9pv\u00e1llalatok k\u00f6r\u00e9ben"},"content":{"rendered":"<p> [ad_1]<br \/>\n<\/p>\n<p>\n\t\t\t\t\t\t\t\tTov\u00e1bb romlott m\u00e1jusban a n\u00e9met k\u00f6z\u00e9pv\u00e1llalatok konjunktur\u00e1lis helyzetr\u0151l alkotott meg\u00edt\u00e9l\u00e9se a KfW n\u00e9met \u00e1llami fejleszt\u00e9si bank \u00e9s a m\u00fcncheni egyetem ifo gazdas\u00e1gkutat\u00f3 int\u00e9zet\u00e9nek k\u00f6z\u00f6s felm\u00e9r\u00e9se alapj\u00e1n.\t\t\t\t\t\t\t<\/p>\n<div>\n<p>A KfW-ifo k\u00f6z\u00e9pv\u00e1llalati \u00fczleti hangulatindex m\u00e1jusban az el\u0151z\u0151 havihoz k\u00e9pest 1,8 ponttal 5,9 pontra cs\u00f6kkent. A tavaly m\u00e1jusit\u00f3l a mutat\u00f3 idei \u00e9rt\u00e9ke 7,9 ponttal marad el.<\/p>\n<p>A k\u00f6z\u00e9pv\u00e1llalatok k\u00f6r\u00e9ben els\u0151sorban az aktu\u00e1lis konjunktur\u00e1lis helyzet meg\u00edt\u00e9l\u00e9se romlott, m\u00edg kil\u00e1t\u00e1saikat n\u00e9mileg jobbnak, b\u00e1r tov\u00e1bbra is pesszimist\u00e1n \u00edt\u00e9lt\u00e9k meg.<\/p>\n<p>\u00c1gazati bont\u00e1sban viszont az \u00e9p\u00edt\u0151iparban \u00e9s a kiskereskedelemben viszont tov\u00e1bb javult a helyzet \u00e1ltal\u00e1nos meg\u00edt\u00e9l\u00e9se.<\/p>\n<p>Az \u00f6sszes\u00edtett hangulati mutat\u00f3n bel\u00fcl az aktu\u00e1lis helyzet meg\u00edt\u00e9l\u00e9s\u00e9t sz\u00e1mszer\u0171s\u00edt\u0151 r\u00e9szmutat\u00f3 az el\u0151z\u0151 havihoz k\u00e9pest 4,4 ponttal, az egy \u00e9vvel kor\u00e1bbihoz k\u00e9pest 8,0 ponttal 17,4 pontra cs\u00f6kkent m\u00e1jusban.<\/p>\n<p>A hat h\u00f3napra el\u0151retekint\u0151 v\u00e1rakoz\u00e1sokat sz\u00e1mszer\u0171s\u00edt\u0151 mutat\u00f3 0,4 ponttal javult ugyan az el\u0151z\u0151 havihoz k\u00e9pest, de ezzel egy\u00fctt is a pesszimista meg\u00edt\u00e9l\u00e9st t\u00fckr\u00f6z\u0151 m\u00ednusz 4,8 pont lett. A mutat\u00f3 7,9 ponttal \u00e1ll az egy \u00e9vvel kor\u00e1bbi \u00e9rt\u00e9ke alatt.<\/p>\n<div>\n<div id=\"attachment_1392166\" style=\"width: 1410px\" class=\"wp-caption alignnone\">\n<p class=\"wp-caption-text\">Fot\u00f3: Shutterstock<\/p>\n<\/div>\n<\/div>\n<p>Az \u00e9p\u00edt\u0151iparban 31,2 pontra emelkedett a mutat\u00f3 az el\u0151z\u0151 havi 28,2 pontr\u00f3l, a kiskereskedelemben pedig 11,2 pontra 10,6 pontr\u00f3l. A szolg\u00e1ltat\u00f3iparban 6,2 pontra cs\u00f6kkent az \u00fczleti hangulati mutat\u00f3 az el\u0151z\u0151 havi 9,9 pontr\u00f3l.<\/p>\n<p>A KfW-ifo a felm\u00e9r\u00e9s \u00e9rt\u00e9kel\u00e9s\u00e9ben meg\u00e1llap\u00edtja, hogy a feldolgoz\u00f3ipar roml\u00f3 k\u00f6r\u00fclm\u00e9nyei a szolg\u00e1ltat\u00f3iparban er\u0151s\u00f6d\u0151 aggodalmakkal egy\u00fctt a pesszimista hangulat er\u0151s\u00f6d\u00e9s\u00e9hez vezetnek a k\u00f6z\u00e9pv\u00e1llalatok k\u00f6r\u00e9ben, de a v\u00e1rakoz\u00e1sokat t\u00fckr\u00f6z\u0151 mutat\u00f3k n\u00e9mi javul\u00e1sa m\u00e1r a m\u00e9lypont el\u00e9r\u00e9s\u00e9nek a k\u00f6zeledt\u00e9re utal.<\/p>\n<p>A KfW az ifo havi rendszeress\u00e9ggel \u00f6ssze\u00e1ll\u00edtott konjunkt\u00fara barom\u00e9ter\u00e9nek v\u00e1llalati nagys\u00e1grend szerinti bont\u00e1s\u00e1val \u00e1ll\u00edtja \u00f6ssze k\u00f6z\u00e9pv\u00e1llalati \u00fczleti hangulatindex\u00e9t. Az ifo havonta mintegy 9500 gazdas\u00e1gi szerepl\u0151t von be felm\u00e9r\u00e9s\u00e9be, ebb\u0151l mintegy 8000 tartozik az 500 f\u0151n\u00e9l kevesebb alkalmazottat foglalkoztat\u00f3 \u00e9s 50 milli\u00f3 eur\u00f3n\u00e1l kisebb \u00e9ves forgalmat bonyol\u00edt\u00f3 k\u00f6z\u00e9pv\u00e1llalati k\u00f6rbe.<\/p>\n<\/p><\/div>\n<p><script>\n    window.fbAsyncInit = function() {\n        FB.init({\n            appId      : \"204760236815359\",\n            xfbml      : true,\n            version    : \"v2.12\"\n        });\n        FB.AppEvents.logPageView();\n    };<\/p>\n<p>    (function(d, s, id){\n        var js, fjs = d.getElementsByTagName(s)[0];\n        if (d.getElementById(id)) {return;}\n        js = d.createElement(s); js.id = id;\n        js.src = \"http:\/\/connect.facebook.net\/hu_HU\/sdk.js\";\n        fjs.parentNode.insertBefore(js, fjs);\n    }(document, \"script\", \"facebook-jssdk\"));\n<\/script><br \/>\n<br \/>[ad_2]<br \/>\n<br \/><a href=\"https:\/\/www.vg.hu\/gazdasag\/makrogazdasag\/egyre-rosszabb-az-uzleti-hangulat-a-nemet-kozepvallalatok-koreben-1551611\/\">Source link <\/a><\/p>\n","protected":false},"excerpt":{"rendered":"<p>[ad_1] Tov\u00e1bb romlott m\u00e1jusban a n\u00e9met k\u00f6z\u00e9pv\u00e1llalatok konjunktur\u00e1lis helyzetr\u0151l alkotott meg\u00edt\u00e9l\u00e9se a KfW n\u00e9met \u00e1llami fejleszt\u00e9si bank \u00e9s a m\u00fcncheni egyetem ifo gazdas\u00e1gkutat\u00f3 int\u00e9zet\u00e9nek k\u00f6z\u00f6s felm\u00e9r\u00e9se alapj\u00e1n. A KfW-ifo k\u00f6z\u00e9pv\u00e1llalati \u00fczleti hangulatindex m\u00e1jusban az el\u0151z\u0151 havihoz k\u00e9pest 1,8 ponttal 5,9 pontra cs\u00f6kkent. A tavaly m\u00e1jusit\u00f3l a mutat\u00f3 idei \u00e9rt\u00e9ke 7,9 ponttal marad el. A k\u00f6z\u00e9pv\u00e1llalatok [&hellip;]<\/p>\n","protected":false},"author":2,"featured_media":3384,"comment_status":"open","ping_status":"open","sticky":false,"template":"","format":"standard","meta":{"footnotes":""},"categories":[1],"tags":[],"class_list":["post-3383","post","type-post","status-publish","format-standard","has-post-thumbnail","hentry","category-penzugyi-hirek"],"yoast_head":"<!-- This site is optimized with the Yoast SEO plugin v27.4 - https:\/\/yoast.com\/product\/yoast-seo-wordpress\/ -->\n<title>Egyre rosszabb az \u00fczleti hangulat a n\u00e9met k\u00f6z\u00e9pv\u00e1llalatok k\u00f6r\u00e9ben - Super News<\/title>\n<meta name=\"robots\" content=\"index, follow, max-snippet:-1, max-image-preview:large, max-video-preview:-1\" \/>\n<link rel=\"canonical\" href=\"https:\/\/super-news.info\/hu\/egyre-rosszabb-az-uzleti-hangulat-a-nemet-kozepvallalatok-koreben\/\" \/>\n<meta property=\"og:locale\" content=\"hu_HU\" \/>\n<meta property=\"og:type\" content=\"article\" \/>\n<meta property=\"og:title\" content=\"Egyre rosszabb az \u00fczleti hangulat a n\u00e9met k\u00f6z\u00e9pv\u00e1llalatok k\u00f6r\u00e9ben - Super News\" \/>\n<meta property=\"og:description\" content=\"[ad_1] Tov\u00e1bb romlott m\u00e1jusban a n\u00e9met k\u00f6z\u00e9pv\u00e1llalatok konjunktur\u00e1lis helyzetr\u0151l alkotott meg\u00edt\u00e9l\u00e9se a KfW n\u00e9met \u00e1llami fejleszt\u00e9si bank \u00e9s a m\u00fcncheni egyetem ifo gazdas\u00e1gkutat\u00f3 int\u00e9zet\u00e9nek k\u00f6z\u00f6s felm\u00e9r\u00e9se alapj\u00e1n. A KfW-ifo k\u00f6z\u00e9pv\u00e1llalati \u00fczleti hangulatindex m\u00e1jusban az el\u0151z\u0151 havihoz k\u00e9pest 1,8 ponttal 5,9 pontra cs\u00f6kkent. A tavaly m\u00e1jusit\u00f3l a mutat\u00f3 idei \u00e9rt\u00e9ke 7,9 ponttal marad el. A k\u00f6z\u00e9pv\u00e1llalatok [&hellip;]\" \/>\n<meta property=\"og:url\" content=\"https:\/\/super-news.info\/hu\/egyre-rosszabb-az-uzleti-hangulat-a-nemet-kozepvallalatok-koreben\/\" \/>\n<meta property=\"og:site_name\" content=\"Super News\" \/>\n<meta property=\"article:published_time\" content=\"2019-06-04T14:40:22+00:00\" \/>\n<meta property=\"article:modified_time\" content=\"2019-06-04T14:40:24+00:00\" \/>\n<meta property=\"og:image\" content=\"https:\/\/super-news.info\/hu\/wp-content\/uploads\/sites\/3\/2019\/06\/Egyre-rosszabb-az-\u00fczleti-hangulat-a-n\u00e9met-k\u00f6z\u00e9pv\u00e1llalatok-k\u00f6r\u00e9ben.jpg\" \/>\n\t<meta property=\"og:image:width\" content=\"1400\" \/>\n\t<meta property=\"og:image:height\" content=\"935\" \/>\n\t<meta property=\"og:image:type\" content=\"image\/jpeg\" \/>\n<meta name=\"author\" content=\"super-news\" \/>\n<meta name=\"twitter:card\" content=\"summary_large_image\" \/>\n<meta name=\"twitter:label1\" content=\"Szerz\u0151:\" \/>\n\t<meta name=\"twitter:data1\" content=\"super-news\" \/>\n\t<meta name=\"twitter:label2\" content=\"Becs\u00fclt olvas\u00e1si id\u0151\" \/>\n\t<meta name=\"twitter:data2\" content=\"2 perc\" \/>\n<script type=\"application\/ld+json\" class=\"yoast-schema-graph\">{\"@context\":\"https:\\\/\\\/schema.org\",\"@graph\":[{\"@type\":\"Article\",\"@id\":\"https:\\\/\\\/super-news.info\\\/hu\\\/egyre-rosszabb-az-uzleti-hangulat-a-nemet-kozepvallalatok-koreben\\\/#article\",\"isPartOf\":{\"@id\":\"https:\\\/\\\/super-news.info\\\/hu\\\/egyre-rosszabb-az-uzleti-hangulat-a-nemet-kozepvallalatok-koreben\\\/\"},\"author\":{\"name\":\"super-news\",\"@id\":\"https:\\\/\\\/super-news.info\\\/hu\\\/#\\\/schema\\\/person\\\/2d4068cb2f39cd10008c2fce578a7356\"},\"headline\":\"Egyre rosszabb az \u00fczleti hangulat a n\u00e9met k\u00f6z\u00e9pv\u00e1llalatok k\u00f6r\u00e9ben\",\"datePublished\":\"2019-06-04T14:40:22+00:00\",\"dateModified\":\"2019-06-04T14:40:24+00:00\",\"mainEntityOfPage\":{\"@id\":\"https:\\\/\\\/super-news.info\\\/hu\\\/egyre-rosszabb-az-uzleti-hangulat-a-nemet-kozepvallalatok-koreben\\\/\"},\"wordCount\":449,\"commentCount\":0,\"image\":{\"@id\":\"https:\\\/\\\/super-news.info\\\/hu\\\/egyre-rosszabb-az-uzleti-hangulat-a-nemet-kozepvallalatok-koreben\\\/#primaryimage\"},\"thumbnailUrl\":\"https:\\\/\\\/super-news.info\\\/hu\\\/wp-content\\\/uploads\\\/sites\\\/3\\\/2019\\\/06\\\/Egyre-rosszabb-az-\u00fczleti-hangulat-a-n\u00e9met-k\u00f6z\u00e9pv\u00e1llalatok-k\u00f6r\u00e9ben.jpg\",\"articleSection\":[\"P\u00c9NZ\u00dcGYI H\u00cdREK\"],\"inLanguage\":\"hu\",\"potentialAction\":[{\"@type\":\"CommentAction\",\"name\":\"Comment\",\"target\":[\"https:\\\/\\\/super-news.info\\\/hu\\\/egyre-rosszabb-az-uzleti-hangulat-a-nemet-kozepvallalatok-koreben\\\/#respond\"]}]},{\"@type\":\"WebPage\",\"@id\":\"https:\\\/\\\/super-news.info\\\/hu\\\/egyre-rosszabb-az-uzleti-hangulat-a-nemet-kozepvallalatok-koreben\\\/\",\"url\":\"https:\\\/\\\/super-news.info\\\/hu\\\/egyre-rosszabb-az-uzleti-hangulat-a-nemet-kozepvallalatok-koreben\\\/\",\"name\":\"Egyre rosszabb az \u00fczleti hangulat a n\u00e9met k\u00f6z\u00e9pv\u00e1llalatok k\u00f6r\u00e9ben - Super News\",\"isPartOf\":{\"@id\":\"https:\\\/\\\/super-news.info\\\/hu\\\/#website\"},\"primaryImageOfPage\":{\"@id\":\"https:\\\/\\\/super-news.info\\\/hu\\\/egyre-rosszabb-az-uzleti-hangulat-a-nemet-kozepvallalatok-koreben\\\/#primaryimage\"},\"image\":{\"@id\":\"https:\\\/\\\/super-news.info\\\/hu\\\/egyre-rosszabb-az-uzleti-hangulat-a-nemet-kozepvallalatok-koreben\\\/#primaryimage\"},\"thumbnailUrl\":\"https:\\\/\\\/super-news.info\\\/hu\\\/wp-content\\\/uploads\\\/sites\\\/3\\\/2019\\\/06\\\/Egyre-rosszabb-az-\u00fczleti-hangulat-a-n\u00e9met-k\u00f6z\u00e9pv\u00e1llalatok-k\u00f6r\u00e9ben.jpg\",\"datePublished\":\"2019-06-04T14:40:22+00:00\",\"dateModified\":\"2019-06-04T14:40:24+00:00\",\"author\":{\"@id\":\"https:\\\/\\\/super-news.info\\\/hu\\\/#\\\/schema\\\/person\\\/2d4068cb2f39cd10008c2fce578a7356\"},\"breadcrumb\":{\"@id\":\"https:\\\/\\\/super-news.info\\\/hu\\\/egyre-rosszabb-az-uzleti-hangulat-a-nemet-kozepvallalatok-koreben\\\/#breadcrumb\"},\"inLanguage\":\"hu\",\"potentialAction\":[{\"@type\":\"ReadAction\",\"target\":[\"https:\\\/\\\/super-news.info\\\/hu\\\/egyre-rosszabb-az-uzleti-hangulat-a-nemet-kozepvallalatok-koreben\\\/\"]}]},{\"@type\":\"ImageObject\",\"inLanguage\":\"hu\",\"@id\":\"https:\\\/\\\/super-news.info\\\/hu\\\/egyre-rosszabb-az-uzleti-hangulat-a-nemet-kozepvallalatok-koreben\\\/#primaryimage\",\"url\":\"https:\\\/\\\/super-news.info\\\/hu\\\/wp-content\\\/uploads\\\/sites\\\/3\\\/2019\\\/06\\\/Egyre-rosszabb-az-\u00fczleti-hangulat-a-n\u00e9met-k\u00f6z\u00e9pv\u00e1llalatok-k\u00f6r\u00e9ben.jpg\",\"contentUrl\":\"https:\\\/\\\/super-news.info\\\/hu\\\/wp-content\\\/uploads\\\/sites\\\/3\\\/2019\\\/06\\\/Egyre-rosszabb-az-\u00fczleti-hangulat-a-n\u00e9met-k\u00f6z\u00e9pv\u00e1llalatok-k\u00f6r\u00e9ben.jpg\",\"width\":1400,\"height\":935,\"caption\":\"Egyre rosszabb az \u00fczleti hangulat a n\u00e9met k\u00f6z\u00e9pv\u00e1llalatok k\u00f6r\u00e9ben\"},{\"@type\":\"BreadcrumbList\",\"@id\":\"https:\\\/\\\/super-news.info\\\/hu\\\/egyre-rosszabb-az-uzleti-hangulat-a-nemet-kozepvallalatok-koreben\\\/#breadcrumb\",\"itemListElement\":[{\"@type\":\"ListItem\",\"position\":1,\"name\":\"\u0413\u043b\u0430\u0432\u043d\u0430\u044f \u0441\u0442\u0440\u0430\u043d\u0438\u0446\u0430\",\"item\":\"https:\\\/\\\/super-news.info\\\/hu\\\/\"},{\"@type\":\"ListItem\",\"position\":2,\"name\":\"Egyre rosszabb az \u00fczleti hangulat a n\u00e9met k\u00f6z\u00e9pv\u00e1llalatok k\u00f6r\u00e9ben\"}]},{\"@type\":\"WebSite\",\"@id\":\"https:\\\/\\\/super-news.info\\\/hu\\\/#website\",\"url\":\"https:\\\/\\\/super-news.info\\\/hu\\\/\",\"name\":\"Super News\",\"description\":\"Super News Magyarorsz\u00e1g\",\"potentialAction\":[{\"@type\":\"SearchAction\",\"target\":{\"@type\":\"EntryPoint\",\"urlTemplate\":\"https:\\\/\\\/super-news.info\\\/hu\\\/?s={search_term_string}\"},\"query-input\":{\"@type\":\"PropertyValueSpecification\",\"valueRequired\":true,\"valueName\":\"search_term_string\"}}],\"inLanguage\":\"hu\"},{\"@type\":\"Person\",\"@id\":\"https:\\\/\\\/super-news.info\\\/hu\\\/#\\\/schema\\\/person\\\/2d4068cb2f39cd10008c2fce578a7356\",\"name\":\"super-news\",\"image\":{\"@type\":\"ImageObject\",\"inLanguage\":\"hu\",\"@id\":\"https:\\\/\\\/secure.gravatar.com\\\/avatar\\\/64ebac40b93f26a154f8a9b5b6fdccfc46f442b26b3dd6756dbff3bf9dc76fd7?s=96&d=mm&r=g\",\"url\":\"https:\\\/\\\/secure.gravatar.com\\\/avatar\\\/64ebac40b93f26a154f8a9b5b6fdccfc46f442b26b3dd6756dbff3bf9dc76fd7?s=96&d=mm&r=g\",\"contentUrl\":\"https:\\\/\\\/secure.gravatar.com\\\/avatar\\\/64ebac40b93f26a154f8a9b5b6fdccfc46f442b26b3dd6756dbff3bf9dc76fd7?s=96&d=mm&r=g\",\"caption\":\"super-news\"},\"url\":\"https:\\\/\\\/super-news.info\\\/hu\\\/author\\\/pt\\\/\"}]}<\/script>\n<!-- \/ Yoast SEO plugin. -->","yoast_head_json":{"title":"Egyre rosszabb az \u00fczleti hangulat a n\u00e9met k\u00f6z\u00e9pv\u00e1llalatok k\u00f6r\u00e9ben - Super News","robots":{"index":"index","follow":"follow","max-snippet":"max-snippet:-1","max-image-preview":"max-image-preview:large","max-video-preview":"max-video-preview:-1"},"canonical":"https:\/\/super-news.info\/hu\/egyre-rosszabb-az-uzleti-hangulat-a-nemet-kozepvallalatok-koreben\/","og_locale":"hu_HU","og_type":"article","og_title":"Egyre rosszabb az \u00fczleti hangulat a n\u00e9met k\u00f6z\u00e9pv\u00e1llalatok k\u00f6r\u00e9ben - Super News","og_description":"[ad_1] Tov\u00e1bb romlott m\u00e1jusban a n\u00e9met k\u00f6z\u00e9pv\u00e1llalatok konjunktur\u00e1lis helyzetr\u0151l alkotott meg\u00edt\u00e9l\u00e9se a KfW n\u00e9met \u00e1llami fejleszt\u00e9si bank \u00e9s a m\u00fcncheni egyetem ifo gazdas\u00e1gkutat\u00f3 int\u00e9zet\u00e9nek k\u00f6z\u00f6s felm\u00e9r\u00e9se alapj\u00e1n. A KfW-ifo k\u00f6z\u00e9pv\u00e1llalati \u00fczleti hangulatindex m\u00e1jusban az el\u0151z\u0151 havihoz k\u00e9pest 1,8 ponttal 5,9 pontra cs\u00f6kkent. A tavaly m\u00e1jusit\u00f3l a mutat\u00f3 idei \u00e9rt\u00e9ke 7,9 ponttal marad el. A k\u00f6z\u00e9pv\u00e1llalatok [&hellip;]","og_url":"https:\/\/super-news.info\/hu\/egyre-rosszabb-az-uzleti-hangulat-a-nemet-kozepvallalatok-koreben\/","og_site_name":"Super News","article_published_time":"2019-06-04T14:40:22+00:00","article_modified_time":"2019-06-04T14:40:24+00:00","og_image":[{"width":1400,"height":935,"url":"https:\/\/super-news.info\/hu\/wp-content\/uploads\/sites\/3\/2019\/06\/Egyre-rosszabb-az-\u00fczleti-hangulat-a-n\u00e9met-k\u00f6z\u00e9pv\u00e1llalatok-k\u00f6r\u00e9ben.jpg","type":"image\/jpeg"}],"author":"super-news","twitter_card":"summary_large_image","twitter_misc":{"Szerz\u0151:":"super-news","Becs\u00fclt olvas\u00e1si id\u0151":"2 perc"},"schema":{"@context":"https:\/\/schema.org","@graph":[{"@type":"Article","@id":"https:\/\/super-news.info\/hu\/egyre-rosszabb-az-uzleti-hangulat-a-nemet-kozepvallalatok-koreben\/#article","isPartOf":{"@id":"https:\/\/super-news.info\/hu\/egyre-rosszabb-az-uzleti-hangulat-a-nemet-kozepvallalatok-koreben\/"},"author":{"name":"super-news","@id":"https:\/\/super-news.info\/hu\/#\/schema\/person\/2d4068cb2f39cd10008c2fce578a7356"},"headline":"Egyre rosszabb az \u00fczleti hangulat a n\u00e9met k\u00f6z\u00e9pv\u00e1llalatok k\u00f6r\u00e9ben","datePublished":"2019-06-04T14:40:22+00:00","dateModified":"2019-06-04T14:40:24+00:00","mainEntityOfPage":{"@id":"https:\/\/super-news.info\/hu\/egyre-rosszabb-az-uzleti-hangulat-a-nemet-kozepvallalatok-koreben\/"},"wordCount":449,"commentCount":0,"image":{"@id":"https:\/\/super-news.info\/hu\/egyre-rosszabb-az-uzleti-hangulat-a-nemet-kozepvallalatok-koreben\/#primaryimage"},"thumbnailUrl":"https:\/\/super-news.info\/hu\/wp-content\/uploads\/sites\/3\/2019\/06\/Egyre-rosszabb-az-\u00fczleti-hangulat-a-n\u00e9met-k\u00f6z\u00e9pv\u00e1llalatok-k\u00f6r\u00e9ben.jpg","articleSection":["P\u00c9NZ\u00dcGYI H\u00cdREK"],"inLanguage":"hu","potentialAction":[{"@type":"CommentAction","name":"Comment","target":["https:\/\/super-news.info\/hu\/egyre-rosszabb-az-uzleti-hangulat-a-nemet-kozepvallalatok-koreben\/#respond"]}]},{"@type":"WebPage","@id":"https:\/\/super-news.info\/hu\/egyre-rosszabb-az-uzleti-hangulat-a-nemet-kozepvallalatok-koreben\/","url":"https:\/\/super-news.info\/hu\/egyre-rosszabb-az-uzleti-hangulat-a-nemet-kozepvallalatok-koreben\/","name":"Egyre rosszabb az \u00fczleti hangulat a n\u00e9met k\u00f6z\u00e9pv\u00e1llalatok k\u00f6r\u00e9ben - Super News","isPartOf":{"@id":"https:\/\/super-news.info\/hu\/#website"},"primaryImageOfPage":{"@id":"https:\/\/super-news.info\/hu\/egyre-rosszabb-az-uzleti-hangulat-a-nemet-kozepvallalatok-koreben\/#primaryimage"},"image":{"@id":"https:\/\/super-news.info\/hu\/egyre-rosszabb-az-uzleti-hangulat-a-nemet-kozepvallalatok-koreben\/#primaryimage"},"thumbnailUrl":"https:\/\/super-news.info\/hu\/wp-content\/uploads\/sites\/3\/2019\/06\/Egyre-rosszabb-az-\u00fczleti-hangulat-a-n\u00e9met-k\u00f6z\u00e9pv\u00e1llalatok-k\u00f6r\u00e9ben.jpg","datePublished":"2019-06-04T14:40:22+00:00","dateModified":"2019-06-04T14:40:24+00:00","author":{"@id":"https:\/\/super-news.info\/hu\/#\/schema\/person\/2d4068cb2f39cd10008c2fce578a7356"},"breadcrumb":{"@id":"https:\/\/super-news.info\/hu\/egyre-rosszabb-az-uzleti-hangulat-a-nemet-kozepvallalatok-koreben\/#breadcrumb"},"inLanguage":"hu","potentialAction":[{"@type":"ReadAction","target":["https:\/\/super-news.info\/hu\/egyre-rosszabb-az-uzleti-hangulat-a-nemet-kozepvallalatok-koreben\/"]}]},{"@type":"ImageObject","inLanguage":"hu","@id":"https:\/\/super-news.info\/hu\/egyre-rosszabb-az-uzleti-hangulat-a-nemet-kozepvallalatok-koreben\/#primaryimage","url":"https:\/\/super-news.info\/hu\/wp-content\/uploads\/sites\/3\/2019\/06\/Egyre-rosszabb-az-\u00fczleti-hangulat-a-n\u00e9met-k\u00f6z\u00e9pv\u00e1llalatok-k\u00f6r\u00e9ben.jpg","contentUrl":"https:\/\/super-news.info\/hu\/wp-content\/uploads\/sites\/3\/2019\/06\/Egyre-rosszabb-az-\u00fczleti-hangulat-a-n\u00e9met-k\u00f6z\u00e9pv\u00e1llalatok-k\u00f6r\u00e9ben.jpg","width":1400,"height":935,"caption":"Egyre rosszabb az \u00fczleti hangulat a n\u00e9met k\u00f6z\u00e9pv\u00e1llalatok k\u00f6r\u00e9ben"},{"@type":"BreadcrumbList","@id":"https:\/\/super-news.info\/hu\/egyre-rosszabb-az-uzleti-hangulat-a-nemet-kozepvallalatok-koreben\/#breadcrumb","itemListElement":[{"@type":"ListItem","position":1,"name":"\u0413\u043b\u0430\u0432\u043d\u0430\u044f \u0441\u0442\u0440\u0430\u043d\u0438\u0446\u0430","item":"https:\/\/super-news.info\/hu\/"},{"@type":"ListItem","position":2,"name":"Egyre rosszabb az \u00fczleti hangulat a n\u00e9met k\u00f6z\u00e9pv\u00e1llalatok k\u00f6r\u00e9ben"}]},{"@type":"WebSite","@id":"https:\/\/super-news.info\/hu\/#website","url":"https:\/\/super-news.info\/hu\/","name":"Super News","description":"Super News Magyarorsz\u00e1g","potentialAction":[{"@type":"SearchAction","target":{"@type":"EntryPoint","urlTemplate":"https:\/\/super-news.info\/hu\/?s={search_term_string}"},"query-input":{"@type":"PropertyValueSpecification","valueRequired":true,"valueName":"search_term_string"}}],"inLanguage":"hu"},{"@type":"Person","@id":"https:\/\/super-news.info\/hu\/#\/schema\/person\/2d4068cb2f39cd10008c2fce578a7356","name":"super-news","image":{"@type":"ImageObject","inLanguage":"hu","@id":"https:\/\/secure.gravatar.com\/avatar\/64ebac40b93f26a154f8a9b5b6fdccfc46f442b26b3dd6756dbff3bf9dc76fd7?s=96&d=mm&r=g","url":"https:\/\/secure.gravatar.com\/avatar\/64ebac40b93f26a154f8a9b5b6fdccfc46f442b26b3dd6756dbff3bf9dc76fd7?s=96&d=mm&r=g","contentUrl":"https:\/\/secure.gravatar.com\/avatar\/64ebac40b93f26a154f8a9b5b6fdccfc46f442b26b3dd6756dbff3bf9dc76fd7?s=96&d=mm&r=g","caption":"super-news"},"url":"https:\/\/super-news.info\/hu\/author\/pt\/"}]}},"_links":{"self":[{"href":"https:\/\/super-news.info\/hu\/wp-json\/wp\/v2\/posts\/3383","targetHints":{"allow":["GET"]}}],"collection":[{"href":"https:\/\/super-news.info\/hu\/wp-json\/wp\/v2\/posts"}],"about":[{"href":"https:\/\/super-news.info\/hu\/wp-json\/wp\/v2\/types\/post"}],"author":[{"embeddable":true,"href":"https:\/\/super-news.info\/hu\/wp-json\/wp\/v2\/users\/2"}],"replies":[{"embeddable":true,"href":"https:\/\/super-news.info\/hu\/wp-json\/wp\/v2\/comments?post=3383"}],"version-history":[{"count":1,"href":"https:\/\/super-news.info\/hu\/wp-json\/wp\/v2\/posts\/3383\/revisions"}],"predecessor-version":[{"id":3385,"href":"https:\/\/super-news.info\/hu\/wp-json\/wp\/v2\/posts\/3383\/revisions\/3385"}],"wp:featuredmedia":[{"embeddable":true,"href":"https:\/\/super-news.info\/hu\/wp-json\/wp\/v2\/media\/3384"}],"wp:attachment":[{"href":"https:\/\/super-news.info\/hu\/wp-json\/wp\/v2\/media?parent=3383"}],"wp:term":[{"taxonomy":"category","embeddable":true,"href":"https:\/\/super-news.info\/hu\/wp-json\/wp\/v2\/categories?post=3383"},{"taxonomy":"post_tag","embeddable":true,"href":"https:\/\/super-news.info\/hu\/wp-json\/wp\/v2\/tags?post=3383"}],"curies":[{"name":"wp","href":"https:\/\/api.w.org\/{rel}","templated":true}]}}