{"id":3292,"date":"2019-06-03T14:12:24","date_gmt":"2019-06-03T11:12:24","guid":{"rendered":"https:\/\/super-news.info\/hu\/surun-emlegetett-ritkafoldfemek-vilaggazdasag\/"},"modified":"2019-06-03T14:12:25","modified_gmt":"2019-06-03T11:12:25","slug":"surun-emlegetett-ritkafoldfemek-vilaggazdasag","status":"publish","type":"post","link":"https:\/\/super-news.info\/hu\/surun-emlegetett-ritkafoldfemek-vilaggazdasag\/","title":{"rendered":"S\u0171r\u0171n emlegetett ritkaf\u00f6ldf\u00e9mek | Vil\u00e1ggazdas\u00e1g"},"content":{"rendered":"<p> [ad_1]<br \/>\n<\/p>\n<div>\n<p>Az Egyes\u00fclt \u00c1llamok \u00e9s K\u00edna k\u00f6z\u00f6tt zajl\u00f3 kereskedelmi t\u00e1rgyal\u00e1s az elm\u00falt id\u0151szakban \u00faj szintre emelkedett. A Google Huawei-bojkottj\u00e1nak hat\u00e1s\u00e1t m\u00e1r nemcsak a piaci szerepl\u0151k, hanem a fogyaszt\u00f3k is meg\u00e9rzik, hiszen a k\u00ednai gy\u00e1rtm\u00e1ny\u00fa telefonjukon nem lesznek el\u00e9rhet\u0151k az amerikai keres\u0151\u00f3ri\u00e1s alkalmaz\u00e1sai, k\u00f6zt\u00fck a Gmail levelez\u0151rendszer vagy a Google T\u00e9rk\u00e9p sem. A v\u00e1lasz nem v\u00e1ratott sok\u00e1ig: K\u00edna az orsz\u00e1gban b\u00e1ny\u00e1szott ritkaf\u00f6ldf\u00e9mek kivitel\u00e9t korl\u00e1tozhatja Amerika ir\u00e1ny\u00e1ba, \u00e9s ezzel s\u00falyos ell\u00e1t\u00e1si neh\u00e9zs\u00e9get okozhat a technol\u00f3giai iparban.<\/p>\n<p>A ritkaf\u00f6ldf\u00e9mek \u2013 nev\u00fckkel ellent\u00e9tben \u2013 gyakoriak F\u00f6ld\u00fcnk\u00f6n, kib\u00e1ny\u00e1sz\u00e1suk azonban nemcsak neh\u00e9z \u00e9s k\u00f6lts\u00e9ges, hanem sok esetben k\u00f6rnyezetrombol\u00f3 is. Ironikus, hogy az elektromos aut\u00f3k \u00e9s sz\u00e9lturbin\u00e1k gy\u00e1rt\u00e1s\u00e1hoz egyre t\u00f6bb ilyen anyagot haszn\u00e1lnak fel. A f\u0151 felhaszn\u00e1l\u00e1si ter\u00fcletek k\u00f6z\u00e9 egy\u00e9bk\u00e9nt az eg\u00e9szs\u00e9g\u00fcgy (seb\u00e9szeti eszk\u00f6z\u00f6k, sz\u00edvritmusszab\u00e1lyz\u00f3k), a j\u00e1rm\u0171ipar (k\u00fcl\u00f6nb\u00f6z\u0151 lencs\u00e9k, k\u00e1rosanyag-kibocs\u00e1t\u00e1st cs\u00f6kkent\u0151 kataliz\u00e1torok) \u00e9s a hadiipar tartozik, ez ut\u00f3bbin\u00e1l a l\u00e9gv\u00e9delmi rak\u00e9t\u00e1kra felszerelt szenzorok egyik n\u00e9lk\u00fcl\u00f6zhetetlen alkot\u00f3eleme. A glob\u00e1lis piacon K\u00edna monopolhelyzete egy\u00e9rtelm\u0171, hiszen a kitermel\u00e9s 70 sz\u00e1zal\u00e9k\u00e1t adja, \u00e9s a tartal\u00e9kok 37 sz\u00e1zal\u00e9ka is ott tal\u00e1lhat\u00f3. Az ipar\u00e1g szerepl\u0151i k\u00f6z\u00e9 tartozik m\u00e9g Jap\u00e1n, Malajzia \u00e9s D\u00e9l-Afrika, piaci poz\u00edci\u00f3juk azonban nem annyira jelent\u0151s.<\/p>\n<p>Az Egyes\u00fclt \u00c1llamok legnagyobb ilyen feldolgoz\u00f3ja Kaliforni\u00e1ban tal\u00e1lhat\u00f3, ennek a kapacit\u00e1sa el\u00e9ri az \u00e9vi 50 ezer tonn\u00e1t. Ez azonban csak r\u00e9szben tudja lefedni az amerikai technol\u00f3giai ipar kereslet\u00e9t.<\/p>\n<p>Ritkaf\u00f6ldf\u00e9mek b\u00e1ny\u00e1szat\u00e1val \u00e9s \u00fajrahasznos\u00edt\u00e1s\u00e1val t\u00f6bb t\u0151zsd\u00e9n forg\u00f3 v\u00e1llalat is foglalkozik, az egyedi kock\u00e1zatok helyett azonban \u00e9rdemes olyan ETF-ben gondolkodni, mint az amerikai piacon kereskedett REMX. Ha m\u00e9gis ink\u00e1bb az egyedi sztorikban hisz\u00fcnk, akkor j\u00f3 v\u00e1laszt\u00e1s lehet a brit Tronox Holdings, a francia Eramet vagy az ausztr\u00e1l Lynas, amely nemr\u00e9g szerz\u0151d\u00e9st k\u00f6t\u00f6tt egy amerikai gy\u00e1r fel\u00e9p\u00edt\u00e9s\u00e9re a texasi Blue Line-nal.<\/p>\n<\/p><\/div>\n<p><script>\n    window.fbAsyncInit = function() {\n        FB.init({\n            appId      : \"204760236815359\",\n            xfbml      : true,\n            version    : \"v2.12\"\n        });\n        FB.AppEvents.logPageView();\n    };<\/p>\n<p>    (function(d, s, id){\n        var js, fjs = d.getElementsByTagName(s)[0];\n        if (d.getElementById(id)) {return;}\n        js = d.createElement(s); js.id = id;\n        js.src = \"http:\/\/connect.facebook.net\/hu_HU\/sdk.js\";\n        fjs.parentNode.insertBefore(js, fjs);\n    }(document, \"script\", \"facebook-jssdk\"));\n<\/script><br \/>\n<br \/>[ad_2]<br \/>\n<br \/><a href=\"https:\/\/www.vg.hu\/penzugy\/strategia\/surun-emlegetett-ritkafoldfemek-2-1548371\/\">Source link <\/a><\/p>\n","protected":false},"excerpt":{"rendered":"<p>[ad_1] Az Egyes\u00fclt \u00c1llamok \u00e9s K\u00edna k\u00f6z\u00f6tt zajl\u00f3 kereskedelmi t\u00e1rgyal\u00e1s az elm\u00falt id\u0151szakban \u00faj szintre emelkedett. A Google Huawei-bojkottj\u00e1nak hat\u00e1s\u00e1t m\u00e1r nemcsak a piaci szerepl\u0151k, hanem a fogyaszt\u00f3k is meg\u00e9rzik, hiszen a k\u00ednai gy\u00e1rtm\u00e1ny\u00fa telefonjukon nem lesznek el\u00e9rhet\u0151k az amerikai keres\u0151\u00f3ri\u00e1s alkalmaz\u00e1sai, k\u00f6zt\u00fck a Gmail levelez\u0151rendszer vagy a Google T\u00e9rk\u00e9p sem. A v\u00e1lasz nem v\u00e1ratott [&hellip;]<\/p>\n","protected":false},"author":2,"featured_media":3293,"comment_status":"open","ping_status":"open","sticky":false,"template":"","format":"standard","meta":{"footnotes":""},"categories":[1],"tags":[],"class_list":["post-3292","post","type-post","status-publish","format-standard","has-post-thumbnail","hentry","category-penzugyi-hirek"],"yoast_head":"<!-- This site is optimized with the Yoast SEO plugin v27.4 - https:\/\/yoast.com\/product\/yoast-seo-wordpress\/ -->\n<title>S\u0171r\u0171n emlegetett ritkaf\u00f6ldf\u00e9mek | Vil\u00e1ggazdas\u00e1g - Super News<\/title>\n<meta name=\"robots\" content=\"index, follow, max-snippet:-1, max-image-preview:large, max-video-preview:-1\" \/>\n<link rel=\"canonical\" href=\"https:\/\/super-news.info\/hu\/surun-emlegetett-ritkafoldfemek-vilaggazdasag\/\" \/>\n<meta property=\"og:locale\" content=\"hu_HU\" \/>\n<meta property=\"og:type\" content=\"article\" \/>\n<meta property=\"og:title\" content=\"S\u0171r\u0171n emlegetett ritkaf\u00f6ldf\u00e9mek | Vil\u00e1ggazdas\u00e1g - Super News\" \/>\n<meta property=\"og:description\" content=\"[ad_1] Az Egyes\u00fclt \u00c1llamok \u00e9s K\u00edna k\u00f6z\u00f6tt zajl\u00f3 kereskedelmi t\u00e1rgyal\u00e1s az elm\u00falt id\u0151szakban \u00faj szintre emelkedett. A Google Huawei-bojkottj\u00e1nak hat\u00e1s\u00e1t m\u00e1r nemcsak a piaci szerepl\u0151k, hanem a fogyaszt\u00f3k is meg\u00e9rzik, hiszen a k\u00ednai gy\u00e1rtm\u00e1ny\u00fa telefonjukon nem lesznek el\u00e9rhet\u0151k az amerikai keres\u0151\u00f3ri\u00e1s alkalmaz\u00e1sai, k\u00f6zt\u00fck a Gmail levelez\u0151rendszer vagy a Google T\u00e9rk\u00e9p sem. A v\u00e1lasz nem v\u00e1ratott [&hellip;]\" \/>\n<meta property=\"og:url\" content=\"https:\/\/super-news.info\/hu\/surun-emlegetett-ritkafoldfemek-vilaggazdasag\/\" \/>\n<meta property=\"og:site_name\" content=\"Super News\" \/>\n<meta property=\"article:published_time\" content=\"2019-06-03T11:12:24+00:00\" \/>\n<meta property=\"article:modified_time\" content=\"2019-06-03T11:12:25+00:00\" \/>\n<meta property=\"og:image\" content=\"https:\/\/super-news.info\/hu\/wp-content\/uploads\/sites\/3\/2019\/06\/S\u0171r\u0171n-emlegetett-ritkaf\u00f6ldf\u00e9mek-Vil\u00e1ggazdas\u00e1g.jpg\" \/>\n\t<meta property=\"og:image:width\" content=\"300\" \/>\n\t<meta property=\"og:image:height\" content=\"283\" \/>\n\t<meta property=\"og:image:type\" content=\"image\/jpeg\" \/>\n<meta name=\"author\" content=\"super-news\" \/>\n<meta name=\"twitter:card\" content=\"summary_large_image\" \/>\n<meta name=\"twitter:label1\" content=\"Szerz\u0151:\" \/>\n\t<meta name=\"twitter:data1\" content=\"super-news\" \/>\n\t<meta name=\"twitter:label2\" content=\"Becs\u00fclt olvas\u00e1si id\u0151\" \/>\n\t<meta name=\"twitter:data2\" content=\"2 perc\" \/>\n<script type=\"application\/ld+json\" class=\"yoast-schema-graph\">{\"@context\":\"https:\\\/\\\/schema.org\",\"@graph\":[{\"@type\":\"Article\",\"@id\":\"https:\\\/\\\/super-news.info\\\/hu\\\/surun-emlegetett-ritkafoldfemek-vilaggazdasag\\\/#article\",\"isPartOf\":{\"@id\":\"https:\\\/\\\/super-news.info\\\/hu\\\/surun-emlegetett-ritkafoldfemek-vilaggazdasag\\\/\"},\"author\":{\"name\":\"super-news\",\"@id\":\"https:\\\/\\\/super-news.info\\\/hu\\\/#\\\/schema\\\/person\\\/2d4068cb2f39cd10008c2fce578a7356\"},\"headline\":\"S\u0171r\u0171n emlegetett ritkaf\u00f6ldf\u00e9mek | Vil\u00e1ggazdas\u00e1g\",\"datePublished\":\"2019-06-03T11:12:24+00:00\",\"dateModified\":\"2019-06-03T11:12:25+00:00\",\"mainEntityOfPage\":{\"@id\":\"https:\\\/\\\/super-news.info\\\/hu\\\/surun-emlegetett-ritkafoldfemek-vilaggazdasag\\\/\"},\"wordCount\":434,\"commentCount\":0,\"image\":{\"@id\":\"https:\\\/\\\/super-news.info\\\/hu\\\/surun-emlegetett-ritkafoldfemek-vilaggazdasag\\\/#primaryimage\"},\"thumbnailUrl\":\"https:\\\/\\\/super-news.info\\\/hu\\\/wp-content\\\/uploads\\\/sites\\\/3\\\/2019\\\/06\\\/S\u0171r\u0171n-emlegetett-ritkaf\u00f6ldf\u00e9mek-Vil\u00e1ggazdas\u00e1g.jpg\",\"articleSection\":[\"P\u00c9NZ\u00dcGYI H\u00cdREK\"],\"inLanguage\":\"hu\",\"potentialAction\":[{\"@type\":\"CommentAction\",\"name\":\"Comment\",\"target\":[\"https:\\\/\\\/super-news.info\\\/hu\\\/surun-emlegetett-ritkafoldfemek-vilaggazdasag\\\/#respond\"]}]},{\"@type\":\"WebPage\",\"@id\":\"https:\\\/\\\/super-news.info\\\/hu\\\/surun-emlegetett-ritkafoldfemek-vilaggazdasag\\\/\",\"url\":\"https:\\\/\\\/super-news.info\\\/hu\\\/surun-emlegetett-ritkafoldfemek-vilaggazdasag\\\/\",\"name\":\"S\u0171r\u0171n emlegetett ritkaf\u00f6ldf\u00e9mek | Vil\u00e1ggazdas\u00e1g - Super News\",\"isPartOf\":{\"@id\":\"https:\\\/\\\/super-news.info\\\/hu\\\/#website\"},\"primaryImageOfPage\":{\"@id\":\"https:\\\/\\\/super-news.info\\\/hu\\\/surun-emlegetett-ritkafoldfemek-vilaggazdasag\\\/#primaryimage\"},\"image\":{\"@id\":\"https:\\\/\\\/super-news.info\\\/hu\\\/surun-emlegetett-ritkafoldfemek-vilaggazdasag\\\/#primaryimage\"},\"thumbnailUrl\":\"https:\\\/\\\/super-news.info\\\/hu\\\/wp-content\\\/uploads\\\/sites\\\/3\\\/2019\\\/06\\\/S\u0171r\u0171n-emlegetett-ritkaf\u00f6ldf\u00e9mek-Vil\u00e1ggazdas\u00e1g.jpg\",\"datePublished\":\"2019-06-03T11:12:24+00:00\",\"dateModified\":\"2019-06-03T11:12:25+00:00\",\"author\":{\"@id\":\"https:\\\/\\\/super-news.info\\\/hu\\\/#\\\/schema\\\/person\\\/2d4068cb2f39cd10008c2fce578a7356\"},\"breadcrumb\":{\"@id\":\"https:\\\/\\\/super-news.info\\\/hu\\\/surun-emlegetett-ritkafoldfemek-vilaggazdasag\\\/#breadcrumb\"},\"inLanguage\":\"hu\",\"potentialAction\":[{\"@type\":\"ReadAction\",\"target\":[\"https:\\\/\\\/super-news.info\\\/hu\\\/surun-emlegetett-ritkafoldfemek-vilaggazdasag\\\/\"]}]},{\"@type\":\"ImageObject\",\"inLanguage\":\"hu\",\"@id\":\"https:\\\/\\\/super-news.info\\\/hu\\\/surun-emlegetett-ritkafoldfemek-vilaggazdasag\\\/#primaryimage\",\"url\":\"https:\\\/\\\/super-news.info\\\/hu\\\/wp-content\\\/uploads\\\/sites\\\/3\\\/2019\\\/06\\\/S\u0171r\u0171n-emlegetett-ritkaf\u00f6ldf\u00e9mek-Vil\u00e1ggazdas\u00e1g.jpg\",\"contentUrl\":\"https:\\\/\\\/super-news.info\\\/hu\\\/wp-content\\\/uploads\\\/sites\\\/3\\\/2019\\\/06\\\/S\u0171r\u0171n-emlegetett-ritkaf\u00f6ldf\u00e9mek-Vil\u00e1ggazdas\u00e1g.jpg\",\"width\":300,\"height\":283,\"caption\":\"S\u0171r\u0171n emlegetett ritkaf\u00f6ldf\u00e9mek | Vil\u00e1ggazdas\u00e1g\"},{\"@type\":\"BreadcrumbList\",\"@id\":\"https:\\\/\\\/super-news.info\\\/hu\\\/surun-emlegetett-ritkafoldfemek-vilaggazdasag\\\/#breadcrumb\",\"itemListElement\":[{\"@type\":\"ListItem\",\"position\":1,\"name\":\"\u0413\u043b\u0430\u0432\u043d\u0430\u044f \u0441\u0442\u0440\u0430\u043d\u0438\u0446\u0430\",\"item\":\"https:\\\/\\\/super-news.info\\\/hu\\\/\"},{\"@type\":\"ListItem\",\"position\":2,\"name\":\"S\u0171r\u0171n emlegetett ritkaf\u00f6ldf\u00e9mek | Vil\u00e1ggazdas\u00e1g\"}]},{\"@type\":\"WebSite\",\"@id\":\"https:\\\/\\\/super-news.info\\\/hu\\\/#website\",\"url\":\"https:\\\/\\\/super-news.info\\\/hu\\\/\",\"name\":\"Super News\",\"description\":\"Super News Magyarorsz\u00e1g\",\"potentialAction\":[{\"@type\":\"SearchAction\",\"target\":{\"@type\":\"EntryPoint\",\"urlTemplate\":\"https:\\\/\\\/super-news.info\\\/hu\\\/?s={search_term_string}\"},\"query-input\":{\"@type\":\"PropertyValueSpecification\",\"valueRequired\":true,\"valueName\":\"search_term_string\"}}],\"inLanguage\":\"hu\"},{\"@type\":\"Person\",\"@id\":\"https:\\\/\\\/super-news.info\\\/hu\\\/#\\\/schema\\\/person\\\/2d4068cb2f39cd10008c2fce578a7356\",\"name\":\"super-news\",\"image\":{\"@type\":\"ImageObject\",\"inLanguage\":\"hu\",\"@id\":\"https:\\\/\\\/secure.gravatar.com\\\/avatar\\\/64ebac40b93f26a154f8a9b5b6fdccfc46f442b26b3dd6756dbff3bf9dc76fd7?s=96&d=mm&r=g\",\"url\":\"https:\\\/\\\/secure.gravatar.com\\\/avatar\\\/64ebac40b93f26a154f8a9b5b6fdccfc46f442b26b3dd6756dbff3bf9dc76fd7?s=96&d=mm&r=g\",\"contentUrl\":\"https:\\\/\\\/secure.gravatar.com\\\/avatar\\\/64ebac40b93f26a154f8a9b5b6fdccfc46f442b26b3dd6756dbff3bf9dc76fd7?s=96&d=mm&r=g\",\"caption\":\"super-news\"},\"url\":\"https:\\\/\\\/super-news.info\\\/hu\\\/author\\\/pt\\\/\"}]}<\/script>\n<!-- \/ Yoast SEO plugin. -->","yoast_head_json":{"title":"S\u0171r\u0171n emlegetett ritkaf\u00f6ldf\u00e9mek | Vil\u00e1ggazdas\u00e1g - Super News","robots":{"index":"index","follow":"follow","max-snippet":"max-snippet:-1","max-image-preview":"max-image-preview:large","max-video-preview":"max-video-preview:-1"},"canonical":"https:\/\/super-news.info\/hu\/surun-emlegetett-ritkafoldfemek-vilaggazdasag\/","og_locale":"hu_HU","og_type":"article","og_title":"S\u0171r\u0171n emlegetett ritkaf\u00f6ldf\u00e9mek | Vil\u00e1ggazdas\u00e1g - Super News","og_description":"[ad_1] Az Egyes\u00fclt \u00c1llamok \u00e9s K\u00edna k\u00f6z\u00f6tt zajl\u00f3 kereskedelmi t\u00e1rgyal\u00e1s az elm\u00falt id\u0151szakban \u00faj szintre emelkedett. A Google Huawei-bojkottj\u00e1nak hat\u00e1s\u00e1t m\u00e1r nemcsak a piaci szerepl\u0151k, hanem a fogyaszt\u00f3k is meg\u00e9rzik, hiszen a k\u00ednai gy\u00e1rtm\u00e1ny\u00fa telefonjukon nem lesznek el\u00e9rhet\u0151k az amerikai keres\u0151\u00f3ri\u00e1s alkalmaz\u00e1sai, k\u00f6zt\u00fck a Gmail levelez\u0151rendszer vagy a Google T\u00e9rk\u00e9p sem. A v\u00e1lasz nem v\u00e1ratott [&hellip;]","og_url":"https:\/\/super-news.info\/hu\/surun-emlegetett-ritkafoldfemek-vilaggazdasag\/","og_site_name":"Super News","article_published_time":"2019-06-03T11:12:24+00:00","article_modified_time":"2019-06-03T11:12:25+00:00","og_image":[{"width":300,"height":283,"url":"https:\/\/super-news.info\/hu\/wp-content\/uploads\/sites\/3\/2019\/06\/S\u0171r\u0171n-emlegetett-ritkaf\u00f6ldf\u00e9mek-Vil\u00e1ggazdas\u00e1g.jpg","type":"image\/jpeg"}],"author":"super-news","twitter_card":"summary_large_image","twitter_misc":{"Szerz\u0151:":"super-news","Becs\u00fclt olvas\u00e1si id\u0151":"2 perc"},"schema":{"@context":"https:\/\/schema.org","@graph":[{"@type":"Article","@id":"https:\/\/super-news.info\/hu\/surun-emlegetett-ritkafoldfemek-vilaggazdasag\/#article","isPartOf":{"@id":"https:\/\/super-news.info\/hu\/surun-emlegetett-ritkafoldfemek-vilaggazdasag\/"},"author":{"name":"super-news","@id":"https:\/\/super-news.info\/hu\/#\/schema\/person\/2d4068cb2f39cd10008c2fce578a7356"},"headline":"S\u0171r\u0171n emlegetett ritkaf\u00f6ldf\u00e9mek | Vil\u00e1ggazdas\u00e1g","datePublished":"2019-06-03T11:12:24+00:00","dateModified":"2019-06-03T11:12:25+00:00","mainEntityOfPage":{"@id":"https:\/\/super-news.info\/hu\/surun-emlegetett-ritkafoldfemek-vilaggazdasag\/"},"wordCount":434,"commentCount":0,"image":{"@id":"https:\/\/super-news.info\/hu\/surun-emlegetett-ritkafoldfemek-vilaggazdasag\/#primaryimage"},"thumbnailUrl":"https:\/\/super-news.info\/hu\/wp-content\/uploads\/sites\/3\/2019\/06\/S\u0171r\u0171n-emlegetett-ritkaf\u00f6ldf\u00e9mek-Vil\u00e1ggazdas\u00e1g.jpg","articleSection":["P\u00c9NZ\u00dcGYI H\u00cdREK"],"inLanguage":"hu","potentialAction":[{"@type":"CommentAction","name":"Comment","target":["https:\/\/super-news.info\/hu\/surun-emlegetett-ritkafoldfemek-vilaggazdasag\/#respond"]}]},{"@type":"WebPage","@id":"https:\/\/super-news.info\/hu\/surun-emlegetett-ritkafoldfemek-vilaggazdasag\/","url":"https:\/\/super-news.info\/hu\/surun-emlegetett-ritkafoldfemek-vilaggazdasag\/","name":"S\u0171r\u0171n emlegetett ritkaf\u00f6ldf\u00e9mek | Vil\u00e1ggazdas\u00e1g - Super News","isPartOf":{"@id":"https:\/\/super-news.info\/hu\/#website"},"primaryImageOfPage":{"@id":"https:\/\/super-news.info\/hu\/surun-emlegetett-ritkafoldfemek-vilaggazdasag\/#primaryimage"},"image":{"@id":"https:\/\/super-news.info\/hu\/surun-emlegetett-ritkafoldfemek-vilaggazdasag\/#primaryimage"},"thumbnailUrl":"https:\/\/super-news.info\/hu\/wp-content\/uploads\/sites\/3\/2019\/06\/S\u0171r\u0171n-emlegetett-ritkaf\u00f6ldf\u00e9mek-Vil\u00e1ggazdas\u00e1g.jpg","datePublished":"2019-06-03T11:12:24+00:00","dateModified":"2019-06-03T11:12:25+00:00","author":{"@id":"https:\/\/super-news.info\/hu\/#\/schema\/person\/2d4068cb2f39cd10008c2fce578a7356"},"breadcrumb":{"@id":"https:\/\/super-news.info\/hu\/surun-emlegetett-ritkafoldfemek-vilaggazdasag\/#breadcrumb"},"inLanguage":"hu","potentialAction":[{"@type":"ReadAction","target":["https:\/\/super-news.info\/hu\/surun-emlegetett-ritkafoldfemek-vilaggazdasag\/"]}]},{"@type":"ImageObject","inLanguage":"hu","@id":"https:\/\/super-news.info\/hu\/surun-emlegetett-ritkafoldfemek-vilaggazdasag\/#primaryimage","url":"https:\/\/super-news.info\/hu\/wp-content\/uploads\/sites\/3\/2019\/06\/S\u0171r\u0171n-emlegetett-ritkaf\u00f6ldf\u00e9mek-Vil\u00e1ggazdas\u00e1g.jpg","contentUrl":"https:\/\/super-news.info\/hu\/wp-content\/uploads\/sites\/3\/2019\/06\/S\u0171r\u0171n-emlegetett-ritkaf\u00f6ldf\u00e9mek-Vil\u00e1ggazdas\u00e1g.jpg","width":300,"height":283,"caption":"S\u0171r\u0171n emlegetett ritkaf\u00f6ldf\u00e9mek | Vil\u00e1ggazdas\u00e1g"},{"@type":"BreadcrumbList","@id":"https:\/\/super-news.info\/hu\/surun-emlegetett-ritkafoldfemek-vilaggazdasag\/#breadcrumb","itemListElement":[{"@type":"ListItem","position":1,"name":"\u0413\u043b\u0430\u0432\u043d\u0430\u044f \u0441\u0442\u0440\u0430\u043d\u0438\u0446\u0430","item":"https:\/\/super-news.info\/hu\/"},{"@type":"ListItem","position":2,"name":"S\u0171r\u0171n emlegetett ritkaf\u00f6ldf\u00e9mek | Vil\u00e1ggazdas\u00e1g"}]},{"@type":"WebSite","@id":"https:\/\/super-news.info\/hu\/#website","url":"https:\/\/super-news.info\/hu\/","name":"Super News","description":"Super News Magyarorsz\u00e1g","potentialAction":[{"@type":"SearchAction","target":{"@type":"EntryPoint","urlTemplate":"https:\/\/super-news.info\/hu\/?s={search_term_string}"},"query-input":{"@type":"PropertyValueSpecification","valueRequired":true,"valueName":"search_term_string"}}],"inLanguage":"hu"},{"@type":"Person","@id":"https:\/\/super-news.info\/hu\/#\/schema\/person\/2d4068cb2f39cd10008c2fce578a7356","name":"super-news","image":{"@type":"ImageObject","inLanguage":"hu","@id":"https:\/\/secure.gravatar.com\/avatar\/64ebac40b93f26a154f8a9b5b6fdccfc46f442b26b3dd6756dbff3bf9dc76fd7?s=96&d=mm&r=g","url":"https:\/\/secure.gravatar.com\/avatar\/64ebac40b93f26a154f8a9b5b6fdccfc46f442b26b3dd6756dbff3bf9dc76fd7?s=96&d=mm&r=g","contentUrl":"https:\/\/secure.gravatar.com\/avatar\/64ebac40b93f26a154f8a9b5b6fdccfc46f442b26b3dd6756dbff3bf9dc76fd7?s=96&d=mm&r=g","caption":"super-news"},"url":"https:\/\/super-news.info\/hu\/author\/pt\/"}]}},"_links":{"self":[{"href":"https:\/\/super-news.info\/hu\/wp-json\/wp\/v2\/posts\/3292","targetHints":{"allow":["GET"]}}],"collection":[{"href":"https:\/\/super-news.info\/hu\/wp-json\/wp\/v2\/posts"}],"about":[{"href":"https:\/\/super-news.info\/hu\/wp-json\/wp\/v2\/types\/post"}],"author":[{"embeddable":true,"href":"https:\/\/super-news.info\/hu\/wp-json\/wp\/v2\/users\/2"}],"replies":[{"embeddable":true,"href":"https:\/\/super-news.info\/hu\/wp-json\/wp\/v2\/comments?post=3292"}],"version-history":[{"count":1,"href":"https:\/\/super-news.info\/hu\/wp-json\/wp\/v2\/posts\/3292\/revisions"}],"predecessor-version":[{"id":3294,"href":"https:\/\/super-news.info\/hu\/wp-json\/wp\/v2\/posts\/3292\/revisions\/3294"}],"wp:featuredmedia":[{"embeddable":true,"href":"https:\/\/super-news.info\/hu\/wp-json\/wp\/v2\/media\/3293"}],"wp:attachment":[{"href":"https:\/\/super-news.info\/hu\/wp-json\/wp\/v2\/media?parent=3292"}],"wp:term":[{"taxonomy":"category","embeddable":true,"href":"https:\/\/super-news.info\/hu\/wp-json\/wp\/v2\/categories?post=3292"},{"taxonomy":"post_tag","embeddable":true,"href":"https:\/\/super-news.info\/hu\/wp-json\/wp\/v2\/tags?post=3292"}],"curies":[{"name":"wp","href":"https:\/\/api.w.org\/{rel}","templated":true}]}}