{"id":3289,"date":"2019-06-03T13:19:15","date_gmt":"2019-06-03T10:19:15","guid":{"rendered":"https:\/\/super-news.info\/hu\/a-del-koreai-elnokot-aggasztja-hogy-lassan-halad-a-hableany-kiemelese\/"},"modified":"2019-06-03T13:19:16","modified_gmt":"2019-06-03T10:19:16","slug":"a-del-koreai-elnokot-aggasztja-hogy-lassan-halad-a-hableany-kiemelese","status":"publish","type":"post","link":"https:\/\/super-news.info\/hu\/a-del-koreai-elnokot-aggasztja-hogy-lassan-halad-a-hableany-kiemelese\/","title":{"rendered":"A d\u00e9l-koreai eln\u00f6k\u00f6t aggasztja, hogy lassan halad a Hable\u00e1ny kiemel\u00e9se"},"content":{"rendered":"<p> [ad_1]<br \/>\n<\/p>\n<p>\n\t\t\t\t\t\t\t\tMun Dzse In d\u00e9l-koreai \u00e1llamf\u0151 szerint korm\u00e1nya elt\u00f6k\u00e9lt abban, hogy nem adja fel a dunai baleset m\u00e1sf\u00e9ltucatnyi elt\u0171ntj\u00e9nek felkutat\u00e1s\u00e1t.\t\t\t\t\t\t\t<\/p>\n<div>\n<p>A politikus az eln\u00f6ki hivatal tiszts\u00e9gvisel\u0151ivel folytatott szok\u00e1sos heti megbesz\u00e9l\u00e9sen kifejtette, a korm\u00e1ny nem adja fel, \u00e9s minden er\u0151fesz\u00edt\u00e9st megtesz, mobiliz\u00e1lja diplom\u00e1ciai kapcsolatait, a rendelkez\u00e9s\u00e9re \u00e1ll\u00f3 anyagi \u00e9s emberi forr\u00e1sokat, hogy felkutass\u00e1k az elt\u0171nteket.<\/p>\n<p>Mun Dzse In r\u00e9szv\u00e9t\u00e9t fejezte ki az \u00e1ldozatok csal\u00e1dtagjainak. Hangs\u00falyozta, aggasztja az, hogy az rossz id\u0151j\u00e1r\u00e1si k\u00f6r\u00fclm\u00e9nyek miatt kev\u00e9s halad\u00e1s t\u00f6rt\u00e9nt az \u00e1ldozatok felkutat\u00e1s\u00e1t c\u00e9lz\u00f3 m\u0171veletekben.<\/p>\n<p>\u00cdg\u00e9retet tett, hogy minden er\u0151fesz\u00edt\u00e9st megtesz a baleset pontos okainak felder\u00edt\u00e9s\u00e9re a helyi hat\u00f3s\u00e1gokkal kar\u00f6ltve, amelyeknek megk\u00f6sz\u00f6nte a tev\u00e9keny egy\u00fcttm\u0171k\u00f6d\u00e9s\u00fcket. Egyben k\u00f6sz\u00f6netet mondott azoknak az orsz\u00e1goknak \u2013 Ausztria, Bulg\u00e1ria, Csehorsz\u00e1g, Horv\u00e1torsz\u00e1g \u00e9s Szerbia \u2013, amelyek seg\u00edts\u00e9g\u00fcket aj\u00e1nlott\u00e1k fel.<\/p>\n<div id=\"attachment_1548437\" style=\"width: 1410px\" class=\"wp-caption aligncenter\">\n<p class=\"wp-caption-text\">Mun Dzse In d\u00e9l-koreai eln\u00f6k<br \/>Fot\u00f3: Yonhap\/AFP<\/p>\n<\/div>\n<p>Az \u00e1llamf\u0151 a nap folyam\u00e1n meghallgatta Kang Kjung Vha k\u00fcl\u00fcgyminiszter besz\u00e1mol\u00f3j\u00e1t a t\u00f6rt\u00e9ntekr\u0151l, illetve magyarorsz\u00e1gi l\u00e1togat\u00e1s\u00e1r\u00f3l. Utas\u00edtotta Kangot, hogy alak\u00edtson ki szoros egy\u00fcttm\u0171k\u00f6d\u00e9st D\u00e9l-Korea \u00e9s Magyarorsz\u00e1g k\u00f6z\u00f6tt a baleset kezel\u00e9s\u00e9ben, \u00e9s egys\u00e9ges t\u00e1j\u00e9koztat\u00e1st kapjon a sajt\u00f3, hogy a lehet\u0151 legkisebb legyen a zavar a k\u00f6zv\u00e9lem\u00e9nyben a balesetr\u0151l \u00e9s a ment\u00e9sr\u0151l.<\/p>\n<p>Szerda este nem sokkal 9 \u00f3ra ut\u00e1n a Margit h\u00eddn\u00e1l a Viking Sigyn sz\u00e1llodahaj\u00f3val \u00fctk\u00f6z\u00f6tt a j\u00f3val kisebb Hable\u00e1ny turistahaj\u00f3, fed\u00e9lzet\u00e9n d\u00e9l-koreai turist\u00e1kkal, majd m\u00e1sodpercek alatt els\u00fcllyedt. H\u00e9t embert a k\u00f6rnyez\u0151 haj\u00f3kon utaz\u00f3k mentettek ki, h\u00e9t embernek a holttest\u00e9t tal\u00e1lt\u00e1k meg, mindannyian d\u00e9l-koreai \u00e1llampolg\u00e1rok voltak. A haj\u00f3balesetben 21 ember elt\u0171nt, k\u00f6zte k\u00e9t magyar \u00e1llampolg\u00e1r.<\/p>\n<\/p><\/div>\n<p><script>\n    window.fbAsyncInit = function() {\n        FB.init({\n            appId      : \"204760236815359\",\n            xfbml      : true,\n            version    : \"v2.12\"\n        });\n        FB.AppEvents.logPageView();\n    };<\/p>\n<p>    (function(d, s, id){\n        var js, fjs = d.getElementsByTagName(s)[0];\n        if (d.getElementById(id)) {return;}\n        js = d.createElement(s); js.id = id;\n        js.src = \"http:\/\/connect.facebook.net\/hu_HU\/sdk.js\";\n        fjs.parentNode.insertBefore(js, fjs);\n    }(document, \"script\", \"facebook-jssdk\"));\n<\/script><br \/>\n<br \/>[ad_2]<br \/>\n<br \/><a href=\"https:\/\/www.vg.hu\/kozelet\/kozeleti-hirek\/a-del-koreai-elnokot-aggasztja-hogy-lassan-halad-a-hableany-kiemelese-1548419\/\">Source link <\/a><\/p>\n","protected":false},"excerpt":{"rendered":"<p>[ad_1] Mun Dzse In d\u00e9l-koreai \u00e1llamf\u0151 szerint korm\u00e1nya elt\u00f6k\u00e9lt abban, hogy nem adja fel a dunai baleset m\u00e1sf\u00e9ltucatnyi elt\u0171ntj\u00e9nek felkutat\u00e1s\u00e1t. A politikus az eln\u00f6ki hivatal tiszts\u00e9gvisel\u0151ivel folytatott szok\u00e1sos heti megbesz\u00e9l\u00e9sen kifejtette, a korm\u00e1ny nem adja fel, \u00e9s minden er\u0151fesz\u00edt\u00e9st megtesz, mobiliz\u00e1lja diplom\u00e1ciai kapcsolatait, a rendelkez\u00e9s\u00e9re \u00e1ll\u00f3 anyagi \u00e9s emberi forr\u00e1sokat, hogy felkutass\u00e1k az elt\u0171nteket. Mun [&hellip;]<\/p>\n","protected":false},"author":2,"featured_media":3290,"comment_status":"open","ping_status":"open","sticky":false,"template":"","format":"standard","meta":{"footnotes":""},"categories":[1],"tags":[],"class_list":["post-3289","post","type-post","status-publish","format-standard","has-post-thumbnail","hentry","category-penzugyi-hirek"],"yoast_head":"<!-- This site is optimized with the Yoast SEO plugin v27.4 - https:\/\/yoast.com\/product\/yoast-seo-wordpress\/ -->\n<title>A d\u00e9l-koreai eln\u00f6k\u00f6t aggasztja, hogy lassan halad a Hable\u00e1ny kiemel\u00e9se - Super News<\/title>\n<meta name=\"robots\" content=\"index, follow, max-snippet:-1, max-image-preview:large, max-video-preview:-1\" \/>\n<link rel=\"canonical\" href=\"https:\/\/super-news.info\/hu\/a-del-koreai-elnokot-aggasztja-hogy-lassan-halad-a-hableany-kiemelese\/\" \/>\n<meta property=\"og:locale\" content=\"hu_HU\" \/>\n<meta property=\"og:type\" content=\"article\" \/>\n<meta property=\"og:title\" content=\"A d\u00e9l-koreai eln\u00f6k\u00f6t aggasztja, hogy lassan halad a Hable\u00e1ny kiemel\u00e9se - Super News\" \/>\n<meta property=\"og:description\" content=\"[ad_1] Mun Dzse In d\u00e9l-koreai \u00e1llamf\u0151 szerint korm\u00e1nya elt\u00f6k\u00e9lt abban, hogy nem adja fel a dunai baleset m\u00e1sf\u00e9ltucatnyi elt\u0171ntj\u00e9nek felkutat\u00e1s\u00e1t. A politikus az eln\u00f6ki hivatal tiszts\u00e9gvisel\u0151ivel folytatott szok\u00e1sos heti megbesz\u00e9l\u00e9sen kifejtette, a korm\u00e1ny nem adja fel, \u00e9s minden er\u0151fesz\u00edt\u00e9st megtesz, mobiliz\u00e1lja diplom\u00e1ciai kapcsolatait, a rendelkez\u00e9s\u00e9re \u00e1ll\u00f3 anyagi \u00e9s emberi forr\u00e1sokat, hogy felkutass\u00e1k az elt\u0171nteket. Mun [&hellip;]\" \/>\n<meta property=\"og:url\" content=\"https:\/\/super-news.info\/hu\/a-del-koreai-elnokot-aggasztja-hogy-lassan-halad-a-hableany-kiemelese\/\" \/>\n<meta property=\"og:site_name\" content=\"Super News\" \/>\n<meta property=\"article:published_time\" content=\"2019-06-03T10:19:15+00:00\" \/>\n<meta property=\"article:modified_time\" content=\"2019-06-03T10:19:16+00:00\" \/>\n<meta property=\"og:image\" content=\"https:\/\/super-news.info\/hu\/wp-content\/uploads\/sites\/3\/2019\/06\/A-d\u00e9l-koreai-eln\u00f6k\u00f6t-aggasztja-hogy-lassan-halad-a-Hable\u00e1ny-kiemel\u00e9se.jpg\" \/>\n\t<meta property=\"og:image:width\" content=\"1400\" \/>\n\t<meta property=\"og:image:height\" content=\"928\" \/>\n\t<meta property=\"og:image:type\" content=\"image\/jpeg\" \/>\n<meta name=\"author\" content=\"super-news\" \/>\n<meta name=\"twitter:card\" content=\"summary_large_image\" \/>\n<meta name=\"twitter:label1\" content=\"Szerz\u0151:\" \/>\n\t<meta name=\"twitter:data1\" content=\"super-news\" \/>\n\t<meta name=\"twitter:label2\" content=\"Becs\u00fclt olvas\u00e1si id\u0151\" \/>\n\t<meta name=\"twitter:data2\" content=\"2 perc\" \/>\n<script type=\"application\/ld+json\" class=\"yoast-schema-graph\">{\"@context\":\"https:\\\/\\\/schema.org\",\"@graph\":[{\"@type\":\"Article\",\"@id\":\"https:\\\/\\\/super-news.info\\\/hu\\\/a-del-koreai-elnokot-aggasztja-hogy-lassan-halad-a-hableany-kiemelese\\\/#article\",\"isPartOf\":{\"@id\":\"https:\\\/\\\/super-news.info\\\/hu\\\/a-del-koreai-elnokot-aggasztja-hogy-lassan-halad-a-hableany-kiemelese\\\/\"},\"author\":{\"name\":\"super-news\",\"@id\":\"https:\\\/\\\/super-news.info\\\/hu\\\/#\\\/schema\\\/person\\\/2d4068cb2f39cd10008c2fce578a7356\"},\"headline\":\"A d\u00e9l-koreai eln\u00f6k\u00f6t aggasztja, hogy lassan halad a Hable\u00e1ny kiemel\u00e9se\",\"datePublished\":\"2019-06-03T10:19:15+00:00\",\"dateModified\":\"2019-06-03T10:19:16+00:00\",\"mainEntityOfPage\":{\"@id\":\"https:\\\/\\\/super-news.info\\\/hu\\\/a-del-koreai-elnokot-aggasztja-hogy-lassan-halad-a-hableany-kiemelese\\\/\"},\"wordCount\":387,\"commentCount\":0,\"image\":{\"@id\":\"https:\\\/\\\/super-news.info\\\/hu\\\/a-del-koreai-elnokot-aggasztja-hogy-lassan-halad-a-hableany-kiemelese\\\/#primaryimage\"},\"thumbnailUrl\":\"https:\\\/\\\/super-news.info\\\/hu\\\/wp-content\\\/uploads\\\/sites\\\/3\\\/2019\\\/06\\\/A-d\u00e9l-koreai-eln\u00f6k\u00f6t-aggasztja-hogy-lassan-halad-a-Hable\u00e1ny-kiemel\u00e9se.jpg\",\"articleSection\":[\"P\u00c9NZ\u00dcGYI H\u00cdREK\"],\"inLanguage\":\"hu\",\"potentialAction\":[{\"@type\":\"CommentAction\",\"name\":\"Comment\",\"target\":[\"https:\\\/\\\/super-news.info\\\/hu\\\/a-del-koreai-elnokot-aggasztja-hogy-lassan-halad-a-hableany-kiemelese\\\/#respond\"]}]},{\"@type\":\"WebPage\",\"@id\":\"https:\\\/\\\/super-news.info\\\/hu\\\/a-del-koreai-elnokot-aggasztja-hogy-lassan-halad-a-hableany-kiemelese\\\/\",\"url\":\"https:\\\/\\\/super-news.info\\\/hu\\\/a-del-koreai-elnokot-aggasztja-hogy-lassan-halad-a-hableany-kiemelese\\\/\",\"name\":\"A d\u00e9l-koreai eln\u00f6k\u00f6t aggasztja, hogy lassan halad a Hable\u00e1ny kiemel\u00e9se - Super News\",\"isPartOf\":{\"@id\":\"https:\\\/\\\/super-news.info\\\/hu\\\/#website\"},\"primaryImageOfPage\":{\"@id\":\"https:\\\/\\\/super-news.info\\\/hu\\\/a-del-koreai-elnokot-aggasztja-hogy-lassan-halad-a-hableany-kiemelese\\\/#primaryimage\"},\"image\":{\"@id\":\"https:\\\/\\\/super-news.info\\\/hu\\\/a-del-koreai-elnokot-aggasztja-hogy-lassan-halad-a-hableany-kiemelese\\\/#primaryimage\"},\"thumbnailUrl\":\"https:\\\/\\\/super-news.info\\\/hu\\\/wp-content\\\/uploads\\\/sites\\\/3\\\/2019\\\/06\\\/A-d\u00e9l-koreai-eln\u00f6k\u00f6t-aggasztja-hogy-lassan-halad-a-Hable\u00e1ny-kiemel\u00e9se.jpg\",\"datePublished\":\"2019-06-03T10:19:15+00:00\",\"dateModified\":\"2019-06-03T10:19:16+00:00\",\"author\":{\"@id\":\"https:\\\/\\\/super-news.info\\\/hu\\\/#\\\/schema\\\/person\\\/2d4068cb2f39cd10008c2fce578a7356\"},\"breadcrumb\":{\"@id\":\"https:\\\/\\\/super-news.info\\\/hu\\\/a-del-koreai-elnokot-aggasztja-hogy-lassan-halad-a-hableany-kiemelese\\\/#breadcrumb\"},\"inLanguage\":\"hu\",\"potentialAction\":[{\"@type\":\"ReadAction\",\"target\":[\"https:\\\/\\\/super-news.info\\\/hu\\\/a-del-koreai-elnokot-aggasztja-hogy-lassan-halad-a-hableany-kiemelese\\\/\"]}]},{\"@type\":\"ImageObject\",\"inLanguage\":\"hu\",\"@id\":\"https:\\\/\\\/super-news.info\\\/hu\\\/a-del-koreai-elnokot-aggasztja-hogy-lassan-halad-a-hableany-kiemelese\\\/#primaryimage\",\"url\":\"https:\\\/\\\/super-news.info\\\/hu\\\/wp-content\\\/uploads\\\/sites\\\/3\\\/2019\\\/06\\\/A-d\u00e9l-koreai-eln\u00f6k\u00f6t-aggasztja-hogy-lassan-halad-a-Hable\u00e1ny-kiemel\u00e9se.jpg\",\"contentUrl\":\"https:\\\/\\\/super-news.info\\\/hu\\\/wp-content\\\/uploads\\\/sites\\\/3\\\/2019\\\/06\\\/A-d\u00e9l-koreai-eln\u00f6k\u00f6t-aggasztja-hogy-lassan-halad-a-Hable\u00e1ny-kiemel\u00e9se.jpg\",\"width\":1400,\"height\":928,\"caption\":\"A d\u00e9l-koreai eln\u00f6k\u00f6t aggasztja, hogy lassan halad a Hable\u00e1ny kiemel\u00e9se\"},{\"@type\":\"BreadcrumbList\",\"@id\":\"https:\\\/\\\/super-news.info\\\/hu\\\/a-del-koreai-elnokot-aggasztja-hogy-lassan-halad-a-hableany-kiemelese\\\/#breadcrumb\",\"itemListElement\":[{\"@type\":\"ListItem\",\"position\":1,\"name\":\"\u0413\u043b\u0430\u0432\u043d\u0430\u044f \u0441\u0442\u0440\u0430\u043d\u0438\u0446\u0430\",\"item\":\"https:\\\/\\\/super-news.info\\\/hu\\\/\"},{\"@type\":\"ListItem\",\"position\":2,\"name\":\"A d\u00e9l-koreai eln\u00f6k\u00f6t aggasztja, hogy lassan halad a Hable\u00e1ny kiemel\u00e9se\"}]},{\"@type\":\"WebSite\",\"@id\":\"https:\\\/\\\/super-news.info\\\/hu\\\/#website\",\"url\":\"https:\\\/\\\/super-news.info\\\/hu\\\/\",\"name\":\"Super News\",\"description\":\"Super News Magyarorsz\u00e1g\",\"potentialAction\":[{\"@type\":\"SearchAction\",\"target\":{\"@type\":\"EntryPoint\",\"urlTemplate\":\"https:\\\/\\\/super-news.info\\\/hu\\\/?s={search_term_string}\"},\"query-input\":{\"@type\":\"PropertyValueSpecification\",\"valueRequired\":true,\"valueName\":\"search_term_string\"}}],\"inLanguage\":\"hu\"},{\"@type\":\"Person\",\"@id\":\"https:\\\/\\\/super-news.info\\\/hu\\\/#\\\/schema\\\/person\\\/2d4068cb2f39cd10008c2fce578a7356\",\"name\":\"super-news\",\"image\":{\"@type\":\"ImageObject\",\"inLanguage\":\"hu\",\"@id\":\"https:\\\/\\\/secure.gravatar.com\\\/avatar\\\/64ebac40b93f26a154f8a9b5b6fdccfc46f442b26b3dd6756dbff3bf9dc76fd7?s=96&d=mm&r=g\",\"url\":\"https:\\\/\\\/secure.gravatar.com\\\/avatar\\\/64ebac40b93f26a154f8a9b5b6fdccfc46f442b26b3dd6756dbff3bf9dc76fd7?s=96&d=mm&r=g\",\"contentUrl\":\"https:\\\/\\\/secure.gravatar.com\\\/avatar\\\/64ebac40b93f26a154f8a9b5b6fdccfc46f442b26b3dd6756dbff3bf9dc76fd7?s=96&d=mm&r=g\",\"caption\":\"super-news\"},\"url\":\"https:\\\/\\\/super-news.info\\\/hu\\\/author\\\/pt\\\/\"}]}<\/script>\n<!-- \/ Yoast SEO plugin. -->","yoast_head_json":{"title":"A d\u00e9l-koreai eln\u00f6k\u00f6t aggasztja, hogy lassan halad a Hable\u00e1ny kiemel\u00e9se - Super News","robots":{"index":"index","follow":"follow","max-snippet":"max-snippet:-1","max-image-preview":"max-image-preview:large","max-video-preview":"max-video-preview:-1"},"canonical":"https:\/\/super-news.info\/hu\/a-del-koreai-elnokot-aggasztja-hogy-lassan-halad-a-hableany-kiemelese\/","og_locale":"hu_HU","og_type":"article","og_title":"A d\u00e9l-koreai eln\u00f6k\u00f6t aggasztja, hogy lassan halad a Hable\u00e1ny kiemel\u00e9se - Super News","og_description":"[ad_1] Mun Dzse In d\u00e9l-koreai \u00e1llamf\u0151 szerint korm\u00e1nya elt\u00f6k\u00e9lt abban, hogy nem adja fel a dunai baleset m\u00e1sf\u00e9ltucatnyi elt\u0171ntj\u00e9nek felkutat\u00e1s\u00e1t. A politikus az eln\u00f6ki hivatal tiszts\u00e9gvisel\u0151ivel folytatott szok\u00e1sos heti megbesz\u00e9l\u00e9sen kifejtette, a korm\u00e1ny nem adja fel, \u00e9s minden er\u0151fesz\u00edt\u00e9st megtesz, mobiliz\u00e1lja diplom\u00e1ciai kapcsolatait, a rendelkez\u00e9s\u00e9re \u00e1ll\u00f3 anyagi \u00e9s emberi forr\u00e1sokat, hogy felkutass\u00e1k az elt\u0171nteket. Mun [&hellip;]","og_url":"https:\/\/super-news.info\/hu\/a-del-koreai-elnokot-aggasztja-hogy-lassan-halad-a-hableany-kiemelese\/","og_site_name":"Super News","article_published_time":"2019-06-03T10:19:15+00:00","article_modified_time":"2019-06-03T10:19:16+00:00","og_image":[{"width":1400,"height":928,"url":"https:\/\/super-news.info\/hu\/wp-content\/uploads\/sites\/3\/2019\/06\/A-d\u00e9l-koreai-eln\u00f6k\u00f6t-aggasztja-hogy-lassan-halad-a-Hable\u00e1ny-kiemel\u00e9se.jpg","type":"image\/jpeg"}],"author":"super-news","twitter_card":"summary_large_image","twitter_misc":{"Szerz\u0151:":"super-news","Becs\u00fclt olvas\u00e1si id\u0151":"2 perc"},"schema":{"@context":"https:\/\/schema.org","@graph":[{"@type":"Article","@id":"https:\/\/super-news.info\/hu\/a-del-koreai-elnokot-aggasztja-hogy-lassan-halad-a-hableany-kiemelese\/#article","isPartOf":{"@id":"https:\/\/super-news.info\/hu\/a-del-koreai-elnokot-aggasztja-hogy-lassan-halad-a-hableany-kiemelese\/"},"author":{"name":"super-news","@id":"https:\/\/super-news.info\/hu\/#\/schema\/person\/2d4068cb2f39cd10008c2fce578a7356"},"headline":"A d\u00e9l-koreai eln\u00f6k\u00f6t aggasztja, hogy lassan halad a Hable\u00e1ny kiemel\u00e9se","datePublished":"2019-06-03T10:19:15+00:00","dateModified":"2019-06-03T10:19:16+00:00","mainEntityOfPage":{"@id":"https:\/\/super-news.info\/hu\/a-del-koreai-elnokot-aggasztja-hogy-lassan-halad-a-hableany-kiemelese\/"},"wordCount":387,"commentCount":0,"image":{"@id":"https:\/\/super-news.info\/hu\/a-del-koreai-elnokot-aggasztja-hogy-lassan-halad-a-hableany-kiemelese\/#primaryimage"},"thumbnailUrl":"https:\/\/super-news.info\/hu\/wp-content\/uploads\/sites\/3\/2019\/06\/A-d\u00e9l-koreai-eln\u00f6k\u00f6t-aggasztja-hogy-lassan-halad-a-Hable\u00e1ny-kiemel\u00e9se.jpg","articleSection":["P\u00c9NZ\u00dcGYI H\u00cdREK"],"inLanguage":"hu","potentialAction":[{"@type":"CommentAction","name":"Comment","target":["https:\/\/super-news.info\/hu\/a-del-koreai-elnokot-aggasztja-hogy-lassan-halad-a-hableany-kiemelese\/#respond"]}]},{"@type":"WebPage","@id":"https:\/\/super-news.info\/hu\/a-del-koreai-elnokot-aggasztja-hogy-lassan-halad-a-hableany-kiemelese\/","url":"https:\/\/super-news.info\/hu\/a-del-koreai-elnokot-aggasztja-hogy-lassan-halad-a-hableany-kiemelese\/","name":"A d\u00e9l-koreai eln\u00f6k\u00f6t aggasztja, hogy lassan halad a Hable\u00e1ny kiemel\u00e9se - Super News","isPartOf":{"@id":"https:\/\/super-news.info\/hu\/#website"},"primaryImageOfPage":{"@id":"https:\/\/super-news.info\/hu\/a-del-koreai-elnokot-aggasztja-hogy-lassan-halad-a-hableany-kiemelese\/#primaryimage"},"image":{"@id":"https:\/\/super-news.info\/hu\/a-del-koreai-elnokot-aggasztja-hogy-lassan-halad-a-hableany-kiemelese\/#primaryimage"},"thumbnailUrl":"https:\/\/super-news.info\/hu\/wp-content\/uploads\/sites\/3\/2019\/06\/A-d\u00e9l-koreai-eln\u00f6k\u00f6t-aggasztja-hogy-lassan-halad-a-Hable\u00e1ny-kiemel\u00e9se.jpg","datePublished":"2019-06-03T10:19:15+00:00","dateModified":"2019-06-03T10:19:16+00:00","author":{"@id":"https:\/\/super-news.info\/hu\/#\/schema\/person\/2d4068cb2f39cd10008c2fce578a7356"},"breadcrumb":{"@id":"https:\/\/super-news.info\/hu\/a-del-koreai-elnokot-aggasztja-hogy-lassan-halad-a-hableany-kiemelese\/#breadcrumb"},"inLanguage":"hu","potentialAction":[{"@type":"ReadAction","target":["https:\/\/super-news.info\/hu\/a-del-koreai-elnokot-aggasztja-hogy-lassan-halad-a-hableany-kiemelese\/"]}]},{"@type":"ImageObject","inLanguage":"hu","@id":"https:\/\/super-news.info\/hu\/a-del-koreai-elnokot-aggasztja-hogy-lassan-halad-a-hableany-kiemelese\/#primaryimage","url":"https:\/\/super-news.info\/hu\/wp-content\/uploads\/sites\/3\/2019\/06\/A-d\u00e9l-koreai-eln\u00f6k\u00f6t-aggasztja-hogy-lassan-halad-a-Hable\u00e1ny-kiemel\u00e9se.jpg","contentUrl":"https:\/\/super-news.info\/hu\/wp-content\/uploads\/sites\/3\/2019\/06\/A-d\u00e9l-koreai-eln\u00f6k\u00f6t-aggasztja-hogy-lassan-halad-a-Hable\u00e1ny-kiemel\u00e9se.jpg","width":1400,"height":928,"caption":"A d\u00e9l-koreai eln\u00f6k\u00f6t aggasztja, hogy lassan halad a Hable\u00e1ny kiemel\u00e9se"},{"@type":"BreadcrumbList","@id":"https:\/\/super-news.info\/hu\/a-del-koreai-elnokot-aggasztja-hogy-lassan-halad-a-hableany-kiemelese\/#breadcrumb","itemListElement":[{"@type":"ListItem","position":1,"name":"\u0413\u043b\u0430\u0432\u043d\u0430\u044f \u0441\u0442\u0440\u0430\u043d\u0438\u0446\u0430","item":"https:\/\/super-news.info\/hu\/"},{"@type":"ListItem","position":2,"name":"A d\u00e9l-koreai eln\u00f6k\u00f6t aggasztja, hogy lassan halad a Hable\u00e1ny kiemel\u00e9se"}]},{"@type":"WebSite","@id":"https:\/\/super-news.info\/hu\/#website","url":"https:\/\/super-news.info\/hu\/","name":"Super News","description":"Super News Magyarorsz\u00e1g","potentialAction":[{"@type":"SearchAction","target":{"@type":"EntryPoint","urlTemplate":"https:\/\/super-news.info\/hu\/?s={search_term_string}"},"query-input":{"@type":"PropertyValueSpecification","valueRequired":true,"valueName":"search_term_string"}}],"inLanguage":"hu"},{"@type":"Person","@id":"https:\/\/super-news.info\/hu\/#\/schema\/person\/2d4068cb2f39cd10008c2fce578a7356","name":"super-news","image":{"@type":"ImageObject","inLanguage":"hu","@id":"https:\/\/secure.gravatar.com\/avatar\/64ebac40b93f26a154f8a9b5b6fdccfc46f442b26b3dd6756dbff3bf9dc76fd7?s=96&d=mm&r=g","url":"https:\/\/secure.gravatar.com\/avatar\/64ebac40b93f26a154f8a9b5b6fdccfc46f442b26b3dd6756dbff3bf9dc76fd7?s=96&d=mm&r=g","contentUrl":"https:\/\/secure.gravatar.com\/avatar\/64ebac40b93f26a154f8a9b5b6fdccfc46f442b26b3dd6756dbff3bf9dc76fd7?s=96&d=mm&r=g","caption":"super-news"},"url":"https:\/\/super-news.info\/hu\/author\/pt\/"}]}},"_links":{"self":[{"href":"https:\/\/super-news.info\/hu\/wp-json\/wp\/v2\/posts\/3289","targetHints":{"allow":["GET"]}}],"collection":[{"href":"https:\/\/super-news.info\/hu\/wp-json\/wp\/v2\/posts"}],"about":[{"href":"https:\/\/super-news.info\/hu\/wp-json\/wp\/v2\/types\/post"}],"author":[{"embeddable":true,"href":"https:\/\/super-news.info\/hu\/wp-json\/wp\/v2\/users\/2"}],"replies":[{"embeddable":true,"href":"https:\/\/super-news.info\/hu\/wp-json\/wp\/v2\/comments?post=3289"}],"version-history":[{"count":1,"href":"https:\/\/super-news.info\/hu\/wp-json\/wp\/v2\/posts\/3289\/revisions"}],"predecessor-version":[{"id":3291,"href":"https:\/\/super-news.info\/hu\/wp-json\/wp\/v2\/posts\/3289\/revisions\/3291"}],"wp:featuredmedia":[{"embeddable":true,"href":"https:\/\/super-news.info\/hu\/wp-json\/wp\/v2\/media\/3290"}],"wp:attachment":[{"href":"https:\/\/super-news.info\/hu\/wp-json\/wp\/v2\/media?parent=3289"}],"wp:term":[{"taxonomy":"category","embeddable":true,"href":"https:\/\/super-news.info\/hu\/wp-json\/wp\/v2\/categories?post=3289"},{"taxonomy":"post_tag","embeddable":true,"href":"https:\/\/super-news.info\/hu\/wp-json\/wp\/v2\/tags?post=3289"}],"curies":[{"name":"wp","href":"https:\/\/api.w.org\/{rel}","templated":true}]}}