{"id":3283,"date":"2019-06-03T12:23:28","date_gmt":"2019-06-03T09:23:28","guid":{"rendered":"https:\/\/super-news.info\/hu\/kituntetes-a-vilaggazdasag-szakujsagirojanak-vilaggazdasag\/"},"modified":"2019-06-03T12:23:29","modified_gmt":"2019-06-03T09:23:29","slug":"kituntetes-a-vilaggazdasag-szakujsagirojanak-vilaggazdasag","status":"publish","type":"post","link":"https:\/\/super-news.info\/hu\/kituntetes-a-vilaggazdasag-szakujsagirojanak-vilaggazdasag\/","title":{"rendered":"Kit\u00fcntet\u00e9s a Vil\u00e1ggazdas\u00e1g szak\u00fajs\u00e1g\u00edr\u00f3j\u00e1nak | Vil\u00e1ggazdas\u00e1g"},"content":{"rendered":"<p> [ad_1]<br \/>\n<\/p>\n<div>\n<p>Az \u00e9p\u00edt\u0151ipar 2023-ig 25 ezermilli\u00e1rd forintos megren\u00addel\u00e9s\u00ad\u00e1l\u00adlo\u00adm\u00e1nnyal rendelkezik, ennek teljes\u00edt\u00e9se \u00e9rdek\u00e9ben az \u00e1gazat termel\u00e9si volumen\u00e9nek minden \u00e9vben \u00e1tlagosan 10 sz\u00e1zal\u00e9kkal kell n\u00f6vekednie \u2013 mondta Gy\u00f6rgy L\u00e1szl\u00f3, az Innov\u00e1ci\u00f3s \u00e9s Technol\u00f3giai Miniszt\u00e9rium (ITM) gazdas\u00e1gstrat\u00e9gi\u00e1\u00e9rt \u00e9s szab\u00e1lyoz\u00e1s\u00e9rt felel\u0151s \u00e1llamtitk\u00e1ra az \u00c9p\u00edt\u0151k napja rendezv\u00e9nyen. 2017-ben 29,7, tavaly 22,3 sz\u00e1zal\u00e9k volt a n\u00f6veked\u00e9s, mik\u00f6zben a termel\u00e9kenys\u00e9g is 23,5 sz\u00e1zal\u00e9kkal javult.<\/p>\n<div id=\"attachment_1548278\" style=\"width: 1265px\" class=\"wp-caption aligncenter\">\n<p class=\"wp-caption-text\">S\u00e1ndor T\u00fcnde, a Vil\u00e1ggazdas\u00e1g \u00fajs\u00e1g\u00edr\u00f3ja<br \/>Fot\u00f3: VG<\/p>\n<\/div>\n<p>Az esem\u00e9nyen szak\u00fajs\u00e1g\u00edr\u00f3nknak, S\u00e1ndor T\u00fcnd\u00e9nek az \u00e9p\u00edt\u0151ipar ter\u00fclet\u00e9n, az \u00e9p\u00edt\u00e9sgazdas\u00e1g fejl\u0151d\u00e9se \u00e9rdek\u00e9ben v\u00e9gzett kimagasl\u00f3 munk\u00e1j\u00e1t elismer\u0151 miniszteri oklev\u00e9llel d\u00edjazt\u00e1k.<\/p>\n<\/p><\/div>\n<p><script>\n    window.fbAsyncInit = function() {\n        FB.init({\n            appId      : \"204760236815359\",\n            xfbml      : true,\n            version    : \"v2.12\"\n        });\n        FB.AppEvents.logPageView();\n    };<\/p>\n<p>    (function(d, s, id){\n        var js, fjs = d.getElementsByTagName(s)[0];\n        if (d.getElementById(id)) {return;}\n        js = d.createElement(s); js.id = id;\n        js.src = \"http:\/\/connect.facebook.net\/hu_HU\/sdk.js\";\n        fjs.parentNode.insertBefore(js, fjs);\n    }(document, \"script\", \"facebook-jssdk\"));\n<\/script><br \/>\n<br \/>[ad_2]<br \/>\n<br \/><a href=\"https:\/\/www.vg.hu\/kozelet\/kozeleti-hirek\/kituntetes-a-vilaggazdasag-szakujsagirojanak-2-1548272\/\">Source link <\/a><\/p>\n","protected":false},"excerpt":{"rendered":"<p>[ad_1] Az \u00e9p\u00edt\u0151ipar 2023-ig 25 ezermilli\u00e1rd forintos megren\u00addel\u00e9s\u00ad\u00e1l\u00adlo\u00adm\u00e1nnyal rendelkezik, ennek teljes\u00edt\u00e9se \u00e9rdek\u00e9ben az \u00e1gazat termel\u00e9si volumen\u00e9nek minden \u00e9vben \u00e1tlagosan 10 sz\u00e1zal\u00e9kkal kell n\u00f6vekednie \u2013 mondta Gy\u00f6rgy L\u00e1szl\u00f3, az Innov\u00e1ci\u00f3s \u00e9s Technol\u00f3giai Miniszt\u00e9rium (ITM) gazdas\u00e1gstrat\u00e9gi\u00e1\u00e9rt \u00e9s szab\u00e1lyoz\u00e1s\u00e9rt felel\u0151s \u00e1llamtitk\u00e1ra az \u00c9p\u00edt\u0151k napja rendezv\u00e9nyen. 2017-ben 29,7, tavaly 22,3 sz\u00e1zal\u00e9k volt a n\u00f6veked\u00e9s, mik\u00f6zben a termel\u00e9kenys\u00e9g is 23,5 [&hellip;]<\/p>\n","protected":false},"author":2,"featured_media":3284,"comment_status":"open","ping_status":"open","sticky":false,"template":"","format":"standard","meta":{"footnotes":""},"categories":[1],"tags":[],"class_list":["post-3283","post","type-post","status-publish","format-standard","has-post-thumbnail","hentry","category-penzugyi-hirek"],"yoast_head":"<!-- This site is optimized with the Yoast SEO plugin v27.4 - https:\/\/yoast.com\/product\/yoast-seo-wordpress\/ -->\n<title>Kit\u00fcntet\u00e9s a Vil\u00e1ggazdas\u00e1g szak\u00fajs\u00e1g\u00edr\u00f3j\u00e1nak | Vil\u00e1ggazdas\u00e1g - Super News<\/title>\n<meta name=\"robots\" content=\"index, follow, max-snippet:-1, max-image-preview:large, max-video-preview:-1\" \/>\n<link rel=\"canonical\" href=\"https:\/\/super-news.info\/hu\/kituntetes-a-vilaggazdasag-szakujsagirojanak-vilaggazdasag\/\" \/>\n<meta property=\"og:locale\" content=\"hu_HU\" \/>\n<meta property=\"og:type\" content=\"article\" \/>\n<meta property=\"og:title\" content=\"Kit\u00fcntet\u00e9s a Vil\u00e1ggazdas\u00e1g szak\u00fajs\u00e1g\u00edr\u00f3j\u00e1nak | Vil\u00e1ggazdas\u00e1g - Super News\" \/>\n<meta property=\"og:description\" content=\"[ad_1] Az \u00e9p\u00edt\u0151ipar 2023-ig 25 ezermilli\u00e1rd forintos megren\u00addel\u00e9s\u00ad\u00e1l\u00adlo\u00adm\u00e1nnyal rendelkezik, ennek teljes\u00edt\u00e9se \u00e9rdek\u00e9ben az \u00e1gazat termel\u00e9si volumen\u00e9nek minden \u00e9vben \u00e1tlagosan 10 sz\u00e1zal\u00e9kkal kell n\u00f6vekednie \u2013 mondta Gy\u00f6rgy L\u00e1szl\u00f3, az Innov\u00e1ci\u00f3s \u00e9s Technol\u00f3giai Miniszt\u00e9rium (ITM) gazdas\u00e1gstrat\u00e9gi\u00e1\u00e9rt \u00e9s szab\u00e1lyoz\u00e1s\u00e9rt felel\u0151s \u00e1llamtitk\u00e1ra az \u00c9p\u00edt\u0151k napja rendezv\u00e9nyen. 2017-ben 29,7, tavaly 22,3 sz\u00e1zal\u00e9k volt a n\u00f6veked\u00e9s, mik\u00f6zben a termel\u00e9kenys\u00e9g is 23,5 [&hellip;]\" \/>\n<meta property=\"og:url\" content=\"https:\/\/super-news.info\/hu\/kituntetes-a-vilaggazdasag-szakujsagirojanak-vilaggazdasag\/\" \/>\n<meta property=\"og:site_name\" content=\"Super News\" \/>\n<meta property=\"article:published_time\" content=\"2019-06-03T09:23:28+00:00\" \/>\n<meta property=\"article:modified_time\" content=\"2019-06-03T09:23:29+00:00\" \/>\n<meta property=\"og:image\" content=\"https:\/\/super-news.info\/hu\/wp-content\/uploads\/sites\/3\/2019\/06\/Kit\u00fcntet\u00e9s-a-Vil\u00e1ggazdas\u00e1g-szak\u00fajs\u00e1g\u00edr\u00f3j\u00e1nak-Vil\u00e1ggazdas\u00e1g.jpg\" \/>\n\t<meta property=\"og:image:width\" content=\"1255\" \/>\n\t<meta property=\"og:image:height\" content=\"1772\" \/>\n\t<meta property=\"og:image:type\" content=\"image\/jpeg\" \/>\n<meta name=\"author\" content=\"super-news\" \/>\n<meta name=\"twitter:card\" content=\"summary_large_image\" \/>\n<meta name=\"twitter:label1\" content=\"Szerz\u0151:\" \/>\n\t<meta name=\"twitter:data1\" content=\"super-news\" \/>\n\t<meta name=\"twitter:label2\" content=\"Becs\u00fclt olvas\u00e1si id\u0151\" \/>\n\t<meta name=\"twitter:data2\" content=\"1 perc\" \/>\n<script type=\"application\/ld+json\" class=\"yoast-schema-graph\">{\"@context\":\"https:\\\/\\\/schema.org\",\"@graph\":[{\"@type\":\"Article\",\"@id\":\"https:\\\/\\\/super-news.info\\\/hu\\\/kituntetes-a-vilaggazdasag-szakujsagirojanak-vilaggazdasag\\\/#article\",\"isPartOf\":{\"@id\":\"https:\\\/\\\/super-news.info\\\/hu\\\/kituntetes-a-vilaggazdasag-szakujsagirojanak-vilaggazdasag\\\/\"},\"author\":{\"name\":\"super-news\",\"@id\":\"https:\\\/\\\/super-news.info\\\/hu\\\/#\\\/schema\\\/person\\\/2d4068cb2f39cd10008c2fce578a7356\"},\"headline\":\"Kit\u00fcntet\u00e9s a Vil\u00e1ggazdas\u00e1g szak\u00fajs\u00e1g\u00edr\u00f3j\u00e1nak | Vil\u00e1ggazdas\u00e1g\",\"datePublished\":\"2019-06-03T09:23:28+00:00\",\"dateModified\":\"2019-06-03T09:23:29+00:00\",\"mainEntityOfPage\":{\"@id\":\"https:\\\/\\\/super-news.info\\\/hu\\\/kituntetes-a-vilaggazdasag-szakujsagirojanak-vilaggazdasag\\\/\"},\"wordCount\":169,\"commentCount\":0,\"image\":{\"@id\":\"https:\\\/\\\/super-news.info\\\/hu\\\/kituntetes-a-vilaggazdasag-szakujsagirojanak-vilaggazdasag\\\/#primaryimage\"},\"thumbnailUrl\":\"https:\\\/\\\/super-news.info\\\/hu\\\/wp-content\\\/uploads\\\/sites\\\/3\\\/2019\\\/06\\\/Kit\u00fcntet\u00e9s-a-Vil\u00e1ggazdas\u00e1g-szak\u00fajs\u00e1g\u00edr\u00f3j\u00e1nak-Vil\u00e1ggazdas\u00e1g.jpg\",\"articleSection\":[\"P\u00c9NZ\u00dcGYI H\u00cdREK\"],\"inLanguage\":\"hu\",\"potentialAction\":[{\"@type\":\"CommentAction\",\"name\":\"Comment\",\"target\":[\"https:\\\/\\\/super-news.info\\\/hu\\\/kituntetes-a-vilaggazdasag-szakujsagirojanak-vilaggazdasag\\\/#respond\"]}]},{\"@type\":\"WebPage\",\"@id\":\"https:\\\/\\\/super-news.info\\\/hu\\\/kituntetes-a-vilaggazdasag-szakujsagirojanak-vilaggazdasag\\\/\",\"url\":\"https:\\\/\\\/super-news.info\\\/hu\\\/kituntetes-a-vilaggazdasag-szakujsagirojanak-vilaggazdasag\\\/\",\"name\":\"Kit\u00fcntet\u00e9s a Vil\u00e1ggazdas\u00e1g szak\u00fajs\u00e1g\u00edr\u00f3j\u00e1nak | Vil\u00e1ggazdas\u00e1g - Super News\",\"isPartOf\":{\"@id\":\"https:\\\/\\\/super-news.info\\\/hu\\\/#website\"},\"primaryImageOfPage\":{\"@id\":\"https:\\\/\\\/super-news.info\\\/hu\\\/kituntetes-a-vilaggazdasag-szakujsagirojanak-vilaggazdasag\\\/#primaryimage\"},\"image\":{\"@id\":\"https:\\\/\\\/super-news.info\\\/hu\\\/kituntetes-a-vilaggazdasag-szakujsagirojanak-vilaggazdasag\\\/#primaryimage\"},\"thumbnailUrl\":\"https:\\\/\\\/super-news.info\\\/hu\\\/wp-content\\\/uploads\\\/sites\\\/3\\\/2019\\\/06\\\/Kit\u00fcntet\u00e9s-a-Vil\u00e1ggazdas\u00e1g-szak\u00fajs\u00e1g\u00edr\u00f3j\u00e1nak-Vil\u00e1ggazdas\u00e1g.jpg\",\"datePublished\":\"2019-06-03T09:23:28+00:00\",\"dateModified\":\"2019-06-03T09:23:29+00:00\",\"author\":{\"@id\":\"https:\\\/\\\/super-news.info\\\/hu\\\/#\\\/schema\\\/person\\\/2d4068cb2f39cd10008c2fce578a7356\"},\"breadcrumb\":{\"@id\":\"https:\\\/\\\/super-news.info\\\/hu\\\/kituntetes-a-vilaggazdasag-szakujsagirojanak-vilaggazdasag\\\/#breadcrumb\"},\"inLanguage\":\"hu\",\"potentialAction\":[{\"@type\":\"ReadAction\",\"target\":[\"https:\\\/\\\/super-news.info\\\/hu\\\/kituntetes-a-vilaggazdasag-szakujsagirojanak-vilaggazdasag\\\/\"]}]},{\"@type\":\"ImageObject\",\"inLanguage\":\"hu\",\"@id\":\"https:\\\/\\\/super-news.info\\\/hu\\\/kituntetes-a-vilaggazdasag-szakujsagirojanak-vilaggazdasag\\\/#primaryimage\",\"url\":\"https:\\\/\\\/super-news.info\\\/hu\\\/wp-content\\\/uploads\\\/sites\\\/3\\\/2019\\\/06\\\/Kit\u00fcntet\u00e9s-a-Vil\u00e1ggazdas\u00e1g-szak\u00fajs\u00e1g\u00edr\u00f3j\u00e1nak-Vil\u00e1ggazdas\u00e1g.jpg\",\"contentUrl\":\"https:\\\/\\\/super-news.info\\\/hu\\\/wp-content\\\/uploads\\\/sites\\\/3\\\/2019\\\/06\\\/Kit\u00fcntet\u00e9s-a-Vil\u00e1ggazdas\u00e1g-szak\u00fajs\u00e1g\u00edr\u00f3j\u00e1nak-Vil\u00e1ggazdas\u00e1g.jpg\",\"width\":1255,\"height\":1772,\"caption\":\"Kit\u00fcntet\u00e9s a Vil\u00e1ggazdas\u00e1g szak\u00fajs\u00e1g\u00edr\u00f3j\u00e1nak | Vil\u00e1ggazdas\u00e1g\"},{\"@type\":\"BreadcrumbList\",\"@id\":\"https:\\\/\\\/super-news.info\\\/hu\\\/kituntetes-a-vilaggazdasag-szakujsagirojanak-vilaggazdasag\\\/#breadcrumb\",\"itemListElement\":[{\"@type\":\"ListItem\",\"position\":1,\"name\":\"\u0413\u043b\u0430\u0432\u043d\u0430\u044f \u0441\u0442\u0440\u0430\u043d\u0438\u0446\u0430\",\"item\":\"https:\\\/\\\/super-news.info\\\/hu\\\/\"},{\"@type\":\"ListItem\",\"position\":2,\"name\":\"Kit\u00fcntet\u00e9s a Vil\u00e1ggazdas\u00e1g szak\u00fajs\u00e1g\u00edr\u00f3j\u00e1nak | Vil\u00e1ggazdas\u00e1g\"}]},{\"@type\":\"WebSite\",\"@id\":\"https:\\\/\\\/super-news.info\\\/hu\\\/#website\",\"url\":\"https:\\\/\\\/super-news.info\\\/hu\\\/\",\"name\":\"Super News\",\"description\":\"Super News Magyarorsz\u00e1g\",\"potentialAction\":[{\"@type\":\"SearchAction\",\"target\":{\"@type\":\"EntryPoint\",\"urlTemplate\":\"https:\\\/\\\/super-news.info\\\/hu\\\/?s={search_term_string}\"},\"query-input\":{\"@type\":\"PropertyValueSpecification\",\"valueRequired\":true,\"valueName\":\"search_term_string\"}}],\"inLanguage\":\"hu\"},{\"@type\":\"Person\",\"@id\":\"https:\\\/\\\/super-news.info\\\/hu\\\/#\\\/schema\\\/person\\\/2d4068cb2f39cd10008c2fce578a7356\",\"name\":\"super-news\",\"image\":{\"@type\":\"ImageObject\",\"inLanguage\":\"hu\",\"@id\":\"https:\\\/\\\/secure.gravatar.com\\\/avatar\\\/64ebac40b93f26a154f8a9b5b6fdccfc46f442b26b3dd6756dbff3bf9dc76fd7?s=96&d=mm&r=g\",\"url\":\"https:\\\/\\\/secure.gravatar.com\\\/avatar\\\/64ebac40b93f26a154f8a9b5b6fdccfc46f442b26b3dd6756dbff3bf9dc76fd7?s=96&d=mm&r=g\",\"contentUrl\":\"https:\\\/\\\/secure.gravatar.com\\\/avatar\\\/64ebac40b93f26a154f8a9b5b6fdccfc46f442b26b3dd6756dbff3bf9dc76fd7?s=96&d=mm&r=g\",\"caption\":\"super-news\"},\"url\":\"https:\\\/\\\/super-news.info\\\/hu\\\/author\\\/pt\\\/\"}]}<\/script>\n<!-- \/ Yoast SEO plugin. -->","yoast_head_json":{"title":"Kit\u00fcntet\u00e9s a Vil\u00e1ggazdas\u00e1g szak\u00fajs\u00e1g\u00edr\u00f3j\u00e1nak | Vil\u00e1ggazdas\u00e1g - Super News","robots":{"index":"index","follow":"follow","max-snippet":"max-snippet:-1","max-image-preview":"max-image-preview:large","max-video-preview":"max-video-preview:-1"},"canonical":"https:\/\/super-news.info\/hu\/kituntetes-a-vilaggazdasag-szakujsagirojanak-vilaggazdasag\/","og_locale":"hu_HU","og_type":"article","og_title":"Kit\u00fcntet\u00e9s a Vil\u00e1ggazdas\u00e1g szak\u00fajs\u00e1g\u00edr\u00f3j\u00e1nak | Vil\u00e1ggazdas\u00e1g - Super News","og_description":"[ad_1] Az \u00e9p\u00edt\u0151ipar 2023-ig 25 ezermilli\u00e1rd forintos megren\u00addel\u00e9s\u00ad\u00e1l\u00adlo\u00adm\u00e1nnyal rendelkezik, ennek teljes\u00edt\u00e9se \u00e9rdek\u00e9ben az \u00e1gazat termel\u00e9si volumen\u00e9nek minden \u00e9vben \u00e1tlagosan 10 sz\u00e1zal\u00e9kkal kell n\u00f6vekednie \u2013 mondta Gy\u00f6rgy L\u00e1szl\u00f3, az Innov\u00e1ci\u00f3s \u00e9s Technol\u00f3giai Miniszt\u00e9rium (ITM) gazdas\u00e1gstrat\u00e9gi\u00e1\u00e9rt \u00e9s szab\u00e1lyoz\u00e1s\u00e9rt felel\u0151s \u00e1llamtitk\u00e1ra az \u00c9p\u00edt\u0151k napja rendezv\u00e9nyen. 2017-ben 29,7, tavaly 22,3 sz\u00e1zal\u00e9k volt a n\u00f6veked\u00e9s, mik\u00f6zben a termel\u00e9kenys\u00e9g is 23,5 [&hellip;]","og_url":"https:\/\/super-news.info\/hu\/kituntetes-a-vilaggazdasag-szakujsagirojanak-vilaggazdasag\/","og_site_name":"Super News","article_published_time":"2019-06-03T09:23:28+00:00","article_modified_time":"2019-06-03T09:23:29+00:00","og_image":[{"width":1255,"height":1772,"url":"https:\/\/super-news.info\/hu\/wp-content\/uploads\/sites\/3\/2019\/06\/Kit\u00fcntet\u00e9s-a-Vil\u00e1ggazdas\u00e1g-szak\u00fajs\u00e1g\u00edr\u00f3j\u00e1nak-Vil\u00e1ggazdas\u00e1g.jpg","type":"image\/jpeg"}],"author":"super-news","twitter_card":"summary_large_image","twitter_misc":{"Szerz\u0151:":"super-news","Becs\u00fclt olvas\u00e1si id\u0151":"1 perc"},"schema":{"@context":"https:\/\/schema.org","@graph":[{"@type":"Article","@id":"https:\/\/super-news.info\/hu\/kituntetes-a-vilaggazdasag-szakujsagirojanak-vilaggazdasag\/#article","isPartOf":{"@id":"https:\/\/super-news.info\/hu\/kituntetes-a-vilaggazdasag-szakujsagirojanak-vilaggazdasag\/"},"author":{"name":"super-news","@id":"https:\/\/super-news.info\/hu\/#\/schema\/person\/2d4068cb2f39cd10008c2fce578a7356"},"headline":"Kit\u00fcntet\u00e9s a Vil\u00e1ggazdas\u00e1g szak\u00fajs\u00e1g\u00edr\u00f3j\u00e1nak | Vil\u00e1ggazdas\u00e1g","datePublished":"2019-06-03T09:23:28+00:00","dateModified":"2019-06-03T09:23:29+00:00","mainEntityOfPage":{"@id":"https:\/\/super-news.info\/hu\/kituntetes-a-vilaggazdasag-szakujsagirojanak-vilaggazdasag\/"},"wordCount":169,"commentCount":0,"image":{"@id":"https:\/\/super-news.info\/hu\/kituntetes-a-vilaggazdasag-szakujsagirojanak-vilaggazdasag\/#primaryimage"},"thumbnailUrl":"https:\/\/super-news.info\/hu\/wp-content\/uploads\/sites\/3\/2019\/06\/Kit\u00fcntet\u00e9s-a-Vil\u00e1ggazdas\u00e1g-szak\u00fajs\u00e1g\u00edr\u00f3j\u00e1nak-Vil\u00e1ggazdas\u00e1g.jpg","articleSection":["P\u00c9NZ\u00dcGYI H\u00cdREK"],"inLanguage":"hu","potentialAction":[{"@type":"CommentAction","name":"Comment","target":["https:\/\/super-news.info\/hu\/kituntetes-a-vilaggazdasag-szakujsagirojanak-vilaggazdasag\/#respond"]}]},{"@type":"WebPage","@id":"https:\/\/super-news.info\/hu\/kituntetes-a-vilaggazdasag-szakujsagirojanak-vilaggazdasag\/","url":"https:\/\/super-news.info\/hu\/kituntetes-a-vilaggazdasag-szakujsagirojanak-vilaggazdasag\/","name":"Kit\u00fcntet\u00e9s a Vil\u00e1ggazdas\u00e1g szak\u00fajs\u00e1g\u00edr\u00f3j\u00e1nak | Vil\u00e1ggazdas\u00e1g - Super News","isPartOf":{"@id":"https:\/\/super-news.info\/hu\/#website"},"primaryImageOfPage":{"@id":"https:\/\/super-news.info\/hu\/kituntetes-a-vilaggazdasag-szakujsagirojanak-vilaggazdasag\/#primaryimage"},"image":{"@id":"https:\/\/super-news.info\/hu\/kituntetes-a-vilaggazdasag-szakujsagirojanak-vilaggazdasag\/#primaryimage"},"thumbnailUrl":"https:\/\/super-news.info\/hu\/wp-content\/uploads\/sites\/3\/2019\/06\/Kit\u00fcntet\u00e9s-a-Vil\u00e1ggazdas\u00e1g-szak\u00fajs\u00e1g\u00edr\u00f3j\u00e1nak-Vil\u00e1ggazdas\u00e1g.jpg","datePublished":"2019-06-03T09:23:28+00:00","dateModified":"2019-06-03T09:23:29+00:00","author":{"@id":"https:\/\/super-news.info\/hu\/#\/schema\/person\/2d4068cb2f39cd10008c2fce578a7356"},"breadcrumb":{"@id":"https:\/\/super-news.info\/hu\/kituntetes-a-vilaggazdasag-szakujsagirojanak-vilaggazdasag\/#breadcrumb"},"inLanguage":"hu","potentialAction":[{"@type":"ReadAction","target":["https:\/\/super-news.info\/hu\/kituntetes-a-vilaggazdasag-szakujsagirojanak-vilaggazdasag\/"]}]},{"@type":"ImageObject","inLanguage":"hu","@id":"https:\/\/super-news.info\/hu\/kituntetes-a-vilaggazdasag-szakujsagirojanak-vilaggazdasag\/#primaryimage","url":"https:\/\/super-news.info\/hu\/wp-content\/uploads\/sites\/3\/2019\/06\/Kit\u00fcntet\u00e9s-a-Vil\u00e1ggazdas\u00e1g-szak\u00fajs\u00e1g\u00edr\u00f3j\u00e1nak-Vil\u00e1ggazdas\u00e1g.jpg","contentUrl":"https:\/\/super-news.info\/hu\/wp-content\/uploads\/sites\/3\/2019\/06\/Kit\u00fcntet\u00e9s-a-Vil\u00e1ggazdas\u00e1g-szak\u00fajs\u00e1g\u00edr\u00f3j\u00e1nak-Vil\u00e1ggazdas\u00e1g.jpg","width":1255,"height":1772,"caption":"Kit\u00fcntet\u00e9s a Vil\u00e1ggazdas\u00e1g szak\u00fajs\u00e1g\u00edr\u00f3j\u00e1nak | Vil\u00e1ggazdas\u00e1g"},{"@type":"BreadcrumbList","@id":"https:\/\/super-news.info\/hu\/kituntetes-a-vilaggazdasag-szakujsagirojanak-vilaggazdasag\/#breadcrumb","itemListElement":[{"@type":"ListItem","position":1,"name":"\u0413\u043b\u0430\u0432\u043d\u0430\u044f \u0441\u0442\u0440\u0430\u043d\u0438\u0446\u0430","item":"https:\/\/super-news.info\/hu\/"},{"@type":"ListItem","position":2,"name":"Kit\u00fcntet\u00e9s a Vil\u00e1ggazdas\u00e1g szak\u00fajs\u00e1g\u00edr\u00f3j\u00e1nak | Vil\u00e1ggazdas\u00e1g"}]},{"@type":"WebSite","@id":"https:\/\/super-news.info\/hu\/#website","url":"https:\/\/super-news.info\/hu\/","name":"Super News","description":"Super News Magyarorsz\u00e1g","potentialAction":[{"@type":"SearchAction","target":{"@type":"EntryPoint","urlTemplate":"https:\/\/super-news.info\/hu\/?s={search_term_string}"},"query-input":{"@type":"PropertyValueSpecification","valueRequired":true,"valueName":"search_term_string"}}],"inLanguage":"hu"},{"@type":"Person","@id":"https:\/\/super-news.info\/hu\/#\/schema\/person\/2d4068cb2f39cd10008c2fce578a7356","name":"super-news","image":{"@type":"ImageObject","inLanguage":"hu","@id":"https:\/\/secure.gravatar.com\/avatar\/64ebac40b93f26a154f8a9b5b6fdccfc46f442b26b3dd6756dbff3bf9dc76fd7?s=96&d=mm&r=g","url":"https:\/\/secure.gravatar.com\/avatar\/64ebac40b93f26a154f8a9b5b6fdccfc46f442b26b3dd6756dbff3bf9dc76fd7?s=96&d=mm&r=g","contentUrl":"https:\/\/secure.gravatar.com\/avatar\/64ebac40b93f26a154f8a9b5b6fdccfc46f442b26b3dd6756dbff3bf9dc76fd7?s=96&d=mm&r=g","caption":"super-news"},"url":"https:\/\/super-news.info\/hu\/author\/pt\/"}]}},"_links":{"self":[{"href":"https:\/\/super-news.info\/hu\/wp-json\/wp\/v2\/posts\/3283","targetHints":{"allow":["GET"]}}],"collection":[{"href":"https:\/\/super-news.info\/hu\/wp-json\/wp\/v2\/posts"}],"about":[{"href":"https:\/\/super-news.info\/hu\/wp-json\/wp\/v2\/types\/post"}],"author":[{"embeddable":true,"href":"https:\/\/super-news.info\/hu\/wp-json\/wp\/v2\/users\/2"}],"replies":[{"embeddable":true,"href":"https:\/\/super-news.info\/hu\/wp-json\/wp\/v2\/comments?post=3283"}],"version-history":[{"count":1,"href":"https:\/\/super-news.info\/hu\/wp-json\/wp\/v2\/posts\/3283\/revisions"}],"predecessor-version":[{"id":3285,"href":"https:\/\/super-news.info\/hu\/wp-json\/wp\/v2\/posts\/3283\/revisions\/3285"}],"wp:featuredmedia":[{"embeddable":true,"href":"https:\/\/super-news.info\/hu\/wp-json\/wp\/v2\/media\/3284"}],"wp:attachment":[{"href":"https:\/\/super-news.info\/hu\/wp-json\/wp\/v2\/media?parent=3283"}],"wp:term":[{"taxonomy":"category","embeddable":true,"href":"https:\/\/super-news.info\/hu\/wp-json\/wp\/v2\/categories?post=3283"},{"taxonomy":"post_tag","embeddable":true,"href":"https:\/\/super-news.info\/hu\/wp-json\/wp\/v2\/tags?post=3283"}],"curies":[{"name":"wp","href":"https:\/\/api.w.org\/{rel}","templated":true}]}}