{"id":3269,"date":"2019-06-03T08:45:24","date_gmt":"2019-06-03T05:45:24","guid":{"rendered":"https:\/\/super-news.info\/hu\/javitotta-idei-novekedesi-varakozasat-a-gki\/"},"modified":"2019-06-03T08:45:25","modified_gmt":"2019-06-03T05:45:25","slug":"javitotta-idei-novekedesi-varakozasat-a-gki","status":"publish","type":"post","link":"https:\/\/super-news.info\/hu\/javitotta-idei-novekedesi-varakozasat-a-gki\/","title":{"rendered":"Jav\u00edtotta idei n\u00f6veked\u00e9si v\u00e1rakoz\u00e1s\u00e1t a GKI"},"content":{"rendered":"<p> [ad_1]<br \/>\n<\/p>\n<p>\n\t\t\t\t\t\t\t\tA GKI Gazdas\u00e1gkutat\u00f3 3,5-r\u0151l 4 sz\u00e1zal\u00e9kra emelte idei GDP-progn\u00f3zis\u00e1t a kedvez\u0151 negyed\u00e9ves adat hat\u00e1s\u00e1ra, ugyanakkor \u00fagy l\u00e1tja, hogy az els\u0151 negyed\u00e9vben cs\u00facs\u00e1ra \u00e9rt a magyar n\u00f6veked\u00e9s, az \u00e9v h\u00e1tralev\u0151 r\u00e9sz\u00e9ben lassul\u00e1s v\u00e1rhat\u00f3.\t\t\t\t\t\t\t<\/p>\n<div>\n<p>A GKI elemz\u00e9s\u00e9ben felid\u00e9zte: a magyar gazdas\u00e1g az els\u0151 negyed\u00e9vben 5,3 sz\u00e1zal\u00e9kkal, rekordsebess\u00e9ggel n\u0151tt. Ez az \u00fctem az Eur\u00f3pai Uni\u00f3ban \u2013 M\u00e1lt\u00e1val \u00e9s Rom\u00e1ni\u00e1val egy\u00fctt \u2013 messze a leggyorsabb, a t\u00f6bbi tag\u00e1llam m\u00e9g a 4 sz\u00e1zal\u00e9kot sem \u00e9rte el. Az EU \u00e1tlaga 1,5, az eur\u00f3\u00f6vezet\u00e9 1,2 sz\u00e1zal\u00e9k volt, azonos az el\u0151z\u0151 negyed\u00e9vivel.<\/p>\n<p>Az els\u0151 negyed\u00e9vben k\u00fcl\u00f6n\u00f6sen a beruh\u00e1z\u00e1sok, illetve az \u00e9p\u00edt\u0151ipar n\u00f6veked\u00e9se volt l\u00e1tv\u00e1nyos. A beruh\u00e1z\u00e1sok 26,4 sz\u00e1zal\u00e9kkal, ezen bel\u00fcl az \u00e9p\u00edt\u00e9siek 34 sz\u00e1zal\u00e9kkal, a g\u00e9pberuh\u00e1z\u00e1sok 21 sz\u00e1zal\u00e9kkal emelkedtek. Az \u00e9p\u00edt\u0151ipar termel\u00e9se csaknem 50 sz\u00e1zal\u00e9kkal n\u0151tt.<\/p>\n<p>A GKI szerint ugyanakkor megjegyezte id\u00e9n a be\u00e9rkez\u0151 EU-transzferek \u00e9s f\u0151leg azok t\u00e9nyleges felhaszn\u00e1l\u00e1sa tov\u00e1bb emelkedik, de a tavalyi 17 ut\u00e1n m\u00e1r csak 13 sz\u00e1zal\u00e9k k\u00f6r\u00fcli beruh\u00e1z\u00e1s-n\u00f6veked\u00e9st alapoznak meg. A lassul\u00e1sra utal, hogy az \u00e9p\u00edt\u0151ipar szerz\u0151d\u00e9s\u00e1llom\u00e1nya m\u00e1rcius v\u00e9g\u00e9n m\u00e1r 1,2 sz\u00e1zal\u00e9kkal elmaradt az egy \u00e9vvel kor\u00e1bbit\u00f3l, \u00e9s cs\u00fasznak egyes jelent\u0151s aut\u00f3ipari beruh\u00e1z\u00e1sok.<\/p>\n<p>A gazdas\u00e1gkutat\u00f3 szerint v\u00e1rhat\u00f3an az ipari termel\u00e9s \u00e9s a kiskereskedelmi forgalom b\u0151v\u00fcl\u00e9se is kiss\u00e9 gyorsabb (4, illetve 5 sz\u00e1zal\u00e9k) lesz a kor\u00e1bban gondoltn\u00e1l, az \u00e9v sor\u00e1n azonban az els\u0151 negyed\u00e9vhez k\u00e9pest lassul\u00e1s val\u00f3sz\u00edn\u0171. Az els\u0151 negyed\u00e9vi 4,8 sz\u00e1zal\u00e9kn\u00e1l \u00e9s a tavalyi 4,6 sz\u00e1zal\u00e9kn\u00e1l feltehet\u0151en kiss\u00e9 lass\u00fabb, 4,3 sz\u00e1zal\u00e9k k\u00f6r\u00fcli lesz a fogyaszt\u00e1s b\u0151v\u00fcl\u00e9se is.<\/p>\n<p>A b\u00e9rek n\u00f6veked\u00e9si \u00fcteme m\u00e1r tavaly is lassan, de szinte folyamatosan cs\u00f6kkent, az infl\u00e1ci\u00f3 pedig emelkedett, \u00edgy a re\u00e1lkeresetek a 2017-es 10 sz\u00e1zal\u00e9k feletti \u00fctemr\u0151l 2018-ban 8 sz\u00e1zal\u00e9k k\u00f6r\u00fclire f\u00e9kez\u0151dtek. Id\u00e9n is magas, 6,5 sz\u00e1zal\u00e9kos dinamika v\u00e1rhat\u00f3.<\/p>\n<div id=\"attachment_1361347\" style=\"width: 1410px\" class=\"wp-caption aligncenter\">\n<p class=\"wp-caption-text\">A beruh\u00e1z\u00e1sok \u00e9s az \u00e9p\u00edt\u0151ipar h\u00fazz\u00e1k a szekeret<br \/>Fot\u00f3: MTI<\/p>\n<\/div>\n<p>Az elemz\u00e9s szerint teljes\u00fclni fognak a nyugd\u00edjpr\u00e9mium kifizet\u00e9snek felt\u00e9telei, emellett a korm\u00e1ny \u00e1ltal prognosztiz\u00e1ltn\u00e1l gyorsabb infl\u00e1ci\u00f3 miatt \u0151sszel v\u00e1rhat\u00f3an 0,8 sz\u00e1zal\u00e9k k\u00f6r\u00fcli nyugd\u00edjemel\u00e9sre ker\u00fcl sor.<\/p>\n<p>A fogyaszt\u00e1s b\u0151v\u00fcl\u00e9s\u00e9t a gyors b\u00e9remelked\u00e9s mellett t\u00e1mogatja az er\u0151s fogyaszt\u00f3i bizalom \u00e9s a hitelez\u00e9si expanzi\u00f3. Ugyanakkor a lassul\u00f3 re\u00e1lb\u00e9r-emelked\u00e9s mellett a lakhat\u00e1si k\u00f6lts\u00e9gek magas \u00e9s emelked\u0151 szintje, valamint az \u00e1llampap\u00edr-piacon j\u00faniust\u00f3l el\u00e9rhet\u0151 magasabb hozam f\u00e9kezi a b\u0151v\u00fcl\u00e9st.<\/p>\n<p>Febru\u00e1r-\u00e1prilisban a foglalkoztatottak sz\u00e1ma 1,1 sz\u00e1zal\u00e9kkal emelkedett. Ek\u00f6zben jelent\u0151sen, mintegy 40 ezerrel cs\u00f6kkent a k\u00f6zmunk\u00e1sok sz\u00e1ma, \u00e9s n\u00e9mileg n\u0151tt a k\u00fclf\u00f6ldi telephelyeken dolgoz\u00f3k\u00e9. A 3,5 sz\u00e1zal\u00e9kos munkan\u00e9lk\u00fclis\u00e9gi r\u00e1ta az egyik legalacsonyabb az EU-ban, de a k\u00f6zmunk\u00e1sokkal egy\u00fctt sz\u00e1m\u00edtott 6 sz\u00e1zal\u00e9k k\u00f6r\u00fcli ar\u00e1ny is kisebb az uni\u00f3s \u00e1tlagn\u00e1l.<\/p>\n<p>Az \u00e1prilisban 3,9 sz\u00e1zal\u00e9kos magyar infl\u00e1ci\u00f3 Rom\u00e1nia m\u00f6g\u00f6tt a m\u00e1sodik legmagasabb volt az EU-ban, mintegy k\u00e9tszerese az \u00e1tlagnak. A maginfl\u00e1ci\u00f3 m\u00e1r m\u00e1rciusban el\u00e9rte a 3,8 sz\u00e1zal\u00e9kot.<\/p>\n<p>Az MNB v\u00e1ltozatlanul ultra laza monet\u00e1ris politik\u00e1ja nem f\u00e9kezi az \u00e1remelked\u00e9st, \u00e9s kiv\u00e1ltotta a forint jelent\u0151s gyeng\u00fcl\u00e9s\u00e9t. A GKI az \u00e9v sor\u00e1n elker\u00fclhetetlennek tartja a monet\u00e1ris kond\u00edci\u00f3k szigor\u00edt\u00e1s\u00e1t. A kor\u00e1bbin\u00e1l l\u00e9nyegesen kedvez\u0151bb hozam\u00fa Magyar \u00c1llampap\u00edr Plusz bevezet\u00e9se k\u00f6zvetve m\u00e1r most is monet\u00e1ris szigor\u00edt\u00e1st jelent<\/p>\n<p>\u2013 jelezte a gazdas\u00e1gkutat\u00f3.<\/p>\n<p>Az \u00e9v sor\u00e1n a foly\u00f3 fizet\u00e9si m\u00e9rleg egyenlege m\u00e1r v\u00e1rhat\u00f3an negat\u00edv lesz, de a be\u00e1raml\u00f3 EU-transzferek hat\u00e1s\u00e1ra a foly\u00f3 fizet\u00e9si \u00e9s t\u0151kem\u00e9rlegben m\u00e9g 2 milli\u00e1rd eur\u00f3 t\u00f6bblet v\u00e1rhat\u00f3 \u2013 v\u00e9li a GKI.<\/p>\n<\/p><\/div>\n<p><script>\n    window.fbAsyncInit = function() {\n        FB.init({\n            appId      : \"204760236815359\",\n            xfbml      : true,\n            version    : \"v2.12\"\n        });\n        FB.AppEvents.logPageView();\n    };<\/p>\n<p>    (function(d, s, id){\n        var js, fjs = d.getElementsByTagName(s)[0];\n        if (d.getElementById(id)) {return;}\n        js = d.createElement(s); js.id = id;\n        js.src = \"http:\/\/connect.facebook.net\/hu_HU\/sdk.js\";\n        fjs.parentNode.insertBefore(js, fjs);\n    }(document, \"script\", \"facebook-jssdk\"));\n<\/script><br \/>\n<br \/>[ad_2]<br \/>\n<br \/><a href=\"https:\/\/www.vg.hu\/gazdasag\/gazdasagi-hirek\/javitotta-idei-novekedesi-varakozasat-a-gki-1548086\/\">Source link <\/a><\/p>\n","protected":false},"excerpt":{"rendered":"<p>[ad_1] A GKI Gazdas\u00e1gkutat\u00f3 3,5-r\u0151l 4 sz\u00e1zal\u00e9kra emelte idei GDP-progn\u00f3zis\u00e1t a kedvez\u0151 negyed\u00e9ves adat hat\u00e1s\u00e1ra, ugyanakkor \u00fagy l\u00e1tja, hogy az els\u0151 negyed\u00e9vben cs\u00facs\u00e1ra \u00e9rt a magyar n\u00f6veked\u00e9s, az \u00e9v h\u00e1tralev\u0151 r\u00e9sz\u00e9ben lassul\u00e1s v\u00e1rhat\u00f3. A GKI elemz\u00e9s\u00e9ben felid\u00e9zte: a magyar gazdas\u00e1g az els\u0151 negyed\u00e9vben 5,3 sz\u00e1zal\u00e9kkal, rekordsebess\u00e9ggel n\u0151tt. Ez az \u00fctem az Eur\u00f3pai Uni\u00f3ban \u2013 M\u00e1lt\u00e1val [&hellip;]<\/p>\n","protected":false},"author":2,"featured_media":3270,"comment_status":"open","ping_status":"open","sticky":false,"template":"","format":"standard","meta":{"footnotes":""},"categories":[1],"tags":[],"class_list":["post-3269","post","type-post","status-publish","format-standard","has-post-thumbnail","hentry","category-penzugyi-hirek"],"yoast_head":"<!-- This site is optimized with the Yoast SEO plugin v27.4 - https:\/\/yoast.com\/product\/yoast-seo-wordpress\/ -->\n<title>Jav\u00edtotta idei n\u00f6veked\u00e9si v\u00e1rakoz\u00e1s\u00e1t a GKI - Super News<\/title>\n<meta name=\"robots\" content=\"index, follow, max-snippet:-1, max-image-preview:large, max-video-preview:-1\" \/>\n<link rel=\"canonical\" href=\"https:\/\/super-news.info\/hu\/javitotta-idei-novekedesi-varakozasat-a-gki\/\" \/>\n<meta property=\"og:locale\" content=\"hu_HU\" \/>\n<meta property=\"og:type\" content=\"article\" \/>\n<meta property=\"og:title\" content=\"Jav\u00edtotta idei n\u00f6veked\u00e9si v\u00e1rakoz\u00e1s\u00e1t a GKI - Super News\" \/>\n<meta property=\"og:description\" content=\"[ad_1] A GKI Gazdas\u00e1gkutat\u00f3 3,5-r\u0151l 4 sz\u00e1zal\u00e9kra emelte idei GDP-progn\u00f3zis\u00e1t a kedvez\u0151 negyed\u00e9ves adat hat\u00e1s\u00e1ra, ugyanakkor \u00fagy l\u00e1tja, hogy az els\u0151 negyed\u00e9vben cs\u00facs\u00e1ra \u00e9rt a magyar n\u00f6veked\u00e9s, az \u00e9v h\u00e1tralev\u0151 r\u00e9sz\u00e9ben lassul\u00e1s v\u00e1rhat\u00f3. A GKI elemz\u00e9s\u00e9ben felid\u00e9zte: a magyar gazdas\u00e1g az els\u0151 negyed\u00e9vben 5,3 sz\u00e1zal\u00e9kkal, rekordsebess\u00e9ggel n\u0151tt. Ez az \u00fctem az Eur\u00f3pai Uni\u00f3ban \u2013 M\u00e1lt\u00e1val [&hellip;]\" \/>\n<meta property=\"og:url\" content=\"https:\/\/super-news.info\/hu\/javitotta-idei-novekedesi-varakozasat-a-gki\/\" \/>\n<meta property=\"og:site_name\" content=\"Super News\" \/>\n<meta property=\"article:published_time\" content=\"2019-06-03T05:45:24+00:00\" \/>\n<meta property=\"article:modified_time\" content=\"2019-06-03T05:45:25+00:00\" \/>\n<meta property=\"og:image\" content=\"https:\/\/super-news.info\/hu\/wp-content\/uploads\/sites\/3\/2019\/06\/Jav\u00edtotta-idei-n\u00f6veked\u00e9si-v\u00e1rakoz\u00e1s\u00e1t-a-GKI.jpg\" \/>\n\t<meta property=\"og:image:width\" content=\"1400\" \/>\n\t<meta property=\"og:image:height\" content=\"933\" \/>\n\t<meta property=\"og:image:type\" content=\"image\/jpeg\" \/>\n<meta name=\"author\" content=\"super-news\" \/>\n<meta name=\"twitter:card\" content=\"summary_large_image\" \/>\n<meta name=\"twitter:label1\" content=\"Szerz\u0151:\" \/>\n\t<meta name=\"twitter:data1\" content=\"super-news\" \/>\n\t<meta name=\"twitter:label2\" content=\"Becs\u00fclt olvas\u00e1si id\u0151\" \/>\n\t<meta name=\"twitter:data2\" content=\"4 perc\" \/>\n<script type=\"application\/ld+json\" class=\"yoast-schema-graph\">{\"@context\":\"https:\\\/\\\/schema.org\",\"@graph\":[{\"@type\":\"Article\",\"@id\":\"https:\\\/\\\/super-news.info\\\/hu\\\/javitotta-idei-novekedesi-varakozasat-a-gki\\\/#article\",\"isPartOf\":{\"@id\":\"https:\\\/\\\/super-news.info\\\/hu\\\/javitotta-idei-novekedesi-varakozasat-a-gki\\\/\"},\"author\":{\"name\":\"super-news\",\"@id\":\"https:\\\/\\\/super-news.info\\\/hu\\\/#\\\/schema\\\/person\\\/2d4068cb2f39cd10008c2fce578a7356\"},\"headline\":\"Jav\u00edtotta idei n\u00f6veked\u00e9si v\u00e1rakoz\u00e1s\u00e1t a GKI\",\"datePublished\":\"2019-06-03T05:45:24+00:00\",\"dateModified\":\"2019-06-03T05:45:25+00:00\",\"mainEntityOfPage\":{\"@id\":\"https:\\\/\\\/super-news.info\\\/hu\\\/javitotta-idei-novekedesi-varakozasat-a-gki\\\/\"},\"wordCount\":785,\"commentCount\":0,\"image\":{\"@id\":\"https:\\\/\\\/super-news.info\\\/hu\\\/javitotta-idei-novekedesi-varakozasat-a-gki\\\/#primaryimage\"},\"thumbnailUrl\":\"https:\\\/\\\/super-news.info\\\/hu\\\/wp-content\\\/uploads\\\/sites\\\/3\\\/2019\\\/06\\\/Jav\u00edtotta-idei-n\u00f6veked\u00e9si-v\u00e1rakoz\u00e1s\u00e1t-a-GKI.jpg\",\"articleSection\":[\"P\u00c9NZ\u00dcGYI H\u00cdREK\"],\"inLanguage\":\"hu\",\"potentialAction\":[{\"@type\":\"CommentAction\",\"name\":\"Comment\",\"target\":[\"https:\\\/\\\/super-news.info\\\/hu\\\/javitotta-idei-novekedesi-varakozasat-a-gki\\\/#respond\"]}]},{\"@type\":\"WebPage\",\"@id\":\"https:\\\/\\\/super-news.info\\\/hu\\\/javitotta-idei-novekedesi-varakozasat-a-gki\\\/\",\"url\":\"https:\\\/\\\/super-news.info\\\/hu\\\/javitotta-idei-novekedesi-varakozasat-a-gki\\\/\",\"name\":\"Jav\u00edtotta idei n\u00f6veked\u00e9si v\u00e1rakoz\u00e1s\u00e1t a GKI - Super News\",\"isPartOf\":{\"@id\":\"https:\\\/\\\/super-news.info\\\/hu\\\/#website\"},\"primaryImageOfPage\":{\"@id\":\"https:\\\/\\\/super-news.info\\\/hu\\\/javitotta-idei-novekedesi-varakozasat-a-gki\\\/#primaryimage\"},\"image\":{\"@id\":\"https:\\\/\\\/super-news.info\\\/hu\\\/javitotta-idei-novekedesi-varakozasat-a-gki\\\/#primaryimage\"},\"thumbnailUrl\":\"https:\\\/\\\/super-news.info\\\/hu\\\/wp-content\\\/uploads\\\/sites\\\/3\\\/2019\\\/06\\\/Jav\u00edtotta-idei-n\u00f6veked\u00e9si-v\u00e1rakoz\u00e1s\u00e1t-a-GKI.jpg\",\"datePublished\":\"2019-06-03T05:45:24+00:00\",\"dateModified\":\"2019-06-03T05:45:25+00:00\",\"author\":{\"@id\":\"https:\\\/\\\/super-news.info\\\/hu\\\/#\\\/schema\\\/person\\\/2d4068cb2f39cd10008c2fce578a7356\"},\"breadcrumb\":{\"@id\":\"https:\\\/\\\/super-news.info\\\/hu\\\/javitotta-idei-novekedesi-varakozasat-a-gki\\\/#breadcrumb\"},\"inLanguage\":\"hu\",\"potentialAction\":[{\"@type\":\"ReadAction\",\"target\":[\"https:\\\/\\\/super-news.info\\\/hu\\\/javitotta-idei-novekedesi-varakozasat-a-gki\\\/\"]}]},{\"@type\":\"ImageObject\",\"inLanguage\":\"hu\",\"@id\":\"https:\\\/\\\/super-news.info\\\/hu\\\/javitotta-idei-novekedesi-varakozasat-a-gki\\\/#primaryimage\",\"url\":\"https:\\\/\\\/super-news.info\\\/hu\\\/wp-content\\\/uploads\\\/sites\\\/3\\\/2019\\\/06\\\/Jav\u00edtotta-idei-n\u00f6veked\u00e9si-v\u00e1rakoz\u00e1s\u00e1t-a-GKI.jpg\",\"contentUrl\":\"https:\\\/\\\/super-news.info\\\/hu\\\/wp-content\\\/uploads\\\/sites\\\/3\\\/2019\\\/06\\\/Jav\u00edtotta-idei-n\u00f6veked\u00e9si-v\u00e1rakoz\u00e1s\u00e1t-a-GKI.jpg\",\"width\":1400,\"height\":933,\"caption\":\"Jav\u00edtotta idei n\u00f6veked\u00e9si v\u00e1rakoz\u00e1s\u00e1t a GKI\"},{\"@type\":\"BreadcrumbList\",\"@id\":\"https:\\\/\\\/super-news.info\\\/hu\\\/javitotta-idei-novekedesi-varakozasat-a-gki\\\/#breadcrumb\",\"itemListElement\":[{\"@type\":\"ListItem\",\"position\":1,\"name\":\"\u0413\u043b\u0430\u0432\u043d\u0430\u044f \u0441\u0442\u0440\u0430\u043d\u0438\u0446\u0430\",\"item\":\"https:\\\/\\\/super-news.info\\\/hu\\\/\"},{\"@type\":\"ListItem\",\"position\":2,\"name\":\"Jav\u00edtotta idei n\u00f6veked\u00e9si v\u00e1rakoz\u00e1s\u00e1t a GKI\"}]},{\"@type\":\"WebSite\",\"@id\":\"https:\\\/\\\/super-news.info\\\/hu\\\/#website\",\"url\":\"https:\\\/\\\/super-news.info\\\/hu\\\/\",\"name\":\"Super News\",\"description\":\"Super News Magyarorsz\u00e1g\",\"potentialAction\":[{\"@type\":\"SearchAction\",\"target\":{\"@type\":\"EntryPoint\",\"urlTemplate\":\"https:\\\/\\\/super-news.info\\\/hu\\\/?s={search_term_string}\"},\"query-input\":{\"@type\":\"PropertyValueSpecification\",\"valueRequired\":true,\"valueName\":\"search_term_string\"}}],\"inLanguage\":\"hu\"},{\"@type\":\"Person\",\"@id\":\"https:\\\/\\\/super-news.info\\\/hu\\\/#\\\/schema\\\/person\\\/2d4068cb2f39cd10008c2fce578a7356\",\"name\":\"super-news\",\"image\":{\"@type\":\"ImageObject\",\"inLanguage\":\"hu\",\"@id\":\"https:\\\/\\\/secure.gravatar.com\\\/avatar\\\/64ebac40b93f26a154f8a9b5b6fdccfc46f442b26b3dd6756dbff3bf9dc76fd7?s=96&d=mm&r=g\",\"url\":\"https:\\\/\\\/secure.gravatar.com\\\/avatar\\\/64ebac40b93f26a154f8a9b5b6fdccfc46f442b26b3dd6756dbff3bf9dc76fd7?s=96&d=mm&r=g\",\"contentUrl\":\"https:\\\/\\\/secure.gravatar.com\\\/avatar\\\/64ebac40b93f26a154f8a9b5b6fdccfc46f442b26b3dd6756dbff3bf9dc76fd7?s=96&d=mm&r=g\",\"caption\":\"super-news\"},\"url\":\"https:\\\/\\\/super-news.info\\\/hu\\\/author\\\/pt\\\/\"}]}<\/script>\n<!-- \/ Yoast SEO plugin. -->","yoast_head_json":{"title":"Jav\u00edtotta idei n\u00f6veked\u00e9si v\u00e1rakoz\u00e1s\u00e1t a GKI - Super News","robots":{"index":"index","follow":"follow","max-snippet":"max-snippet:-1","max-image-preview":"max-image-preview:large","max-video-preview":"max-video-preview:-1"},"canonical":"https:\/\/super-news.info\/hu\/javitotta-idei-novekedesi-varakozasat-a-gki\/","og_locale":"hu_HU","og_type":"article","og_title":"Jav\u00edtotta idei n\u00f6veked\u00e9si v\u00e1rakoz\u00e1s\u00e1t a GKI - Super News","og_description":"[ad_1] A GKI Gazdas\u00e1gkutat\u00f3 3,5-r\u0151l 4 sz\u00e1zal\u00e9kra emelte idei GDP-progn\u00f3zis\u00e1t a kedvez\u0151 negyed\u00e9ves adat hat\u00e1s\u00e1ra, ugyanakkor \u00fagy l\u00e1tja, hogy az els\u0151 negyed\u00e9vben cs\u00facs\u00e1ra \u00e9rt a magyar n\u00f6veked\u00e9s, az \u00e9v h\u00e1tralev\u0151 r\u00e9sz\u00e9ben lassul\u00e1s v\u00e1rhat\u00f3. A GKI elemz\u00e9s\u00e9ben felid\u00e9zte: a magyar gazdas\u00e1g az els\u0151 negyed\u00e9vben 5,3 sz\u00e1zal\u00e9kkal, rekordsebess\u00e9ggel n\u0151tt. Ez az \u00fctem az Eur\u00f3pai Uni\u00f3ban \u2013 M\u00e1lt\u00e1val [&hellip;]","og_url":"https:\/\/super-news.info\/hu\/javitotta-idei-novekedesi-varakozasat-a-gki\/","og_site_name":"Super News","article_published_time":"2019-06-03T05:45:24+00:00","article_modified_time":"2019-06-03T05:45:25+00:00","og_image":[{"width":1400,"height":933,"url":"https:\/\/super-news.info\/hu\/wp-content\/uploads\/sites\/3\/2019\/06\/Jav\u00edtotta-idei-n\u00f6veked\u00e9si-v\u00e1rakoz\u00e1s\u00e1t-a-GKI.jpg","type":"image\/jpeg"}],"author":"super-news","twitter_card":"summary_large_image","twitter_misc":{"Szerz\u0151:":"super-news","Becs\u00fclt olvas\u00e1si id\u0151":"4 perc"},"schema":{"@context":"https:\/\/schema.org","@graph":[{"@type":"Article","@id":"https:\/\/super-news.info\/hu\/javitotta-idei-novekedesi-varakozasat-a-gki\/#article","isPartOf":{"@id":"https:\/\/super-news.info\/hu\/javitotta-idei-novekedesi-varakozasat-a-gki\/"},"author":{"name":"super-news","@id":"https:\/\/super-news.info\/hu\/#\/schema\/person\/2d4068cb2f39cd10008c2fce578a7356"},"headline":"Jav\u00edtotta idei n\u00f6veked\u00e9si v\u00e1rakoz\u00e1s\u00e1t a GKI","datePublished":"2019-06-03T05:45:24+00:00","dateModified":"2019-06-03T05:45:25+00:00","mainEntityOfPage":{"@id":"https:\/\/super-news.info\/hu\/javitotta-idei-novekedesi-varakozasat-a-gki\/"},"wordCount":785,"commentCount":0,"image":{"@id":"https:\/\/super-news.info\/hu\/javitotta-idei-novekedesi-varakozasat-a-gki\/#primaryimage"},"thumbnailUrl":"https:\/\/super-news.info\/hu\/wp-content\/uploads\/sites\/3\/2019\/06\/Jav\u00edtotta-idei-n\u00f6veked\u00e9si-v\u00e1rakoz\u00e1s\u00e1t-a-GKI.jpg","articleSection":["P\u00c9NZ\u00dcGYI H\u00cdREK"],"inLanguage":"hu","potentialAction":[{"@type":"CommentAction","name":"Comment","target":["https:\/\/super-news.info\/hu\/javitotta-idei-novekedesi-varakozasat-a-gki\/#respond"]}]},{"@type":"WebPage","@id":"https:\/\/super-news.info\/hu\/javitotta-idei-novekedesi-varakozasat-a-gki\/","url":"https:\/\/super-news.info\/hu\/javitotta-idei-novekedesi-varakozasat-a-gki\/","name":"Jav\u00edtotta idei n\u00f6veked\u00e9si v\u00e1rakoz\u00e1s\u00e1t a GKI - Super News","isPartOf":{"@id":"https:\/\/super-news.info\/hu\/#website"},"primaryImageOfPage":{"@id":"https:\/\/super-news.info\/hu\/javitotta-idei-novekedesi-varakozasat-a-gki\/#primaryimage"},"image":{"@id":"https:\/\/super-news.info\/hu\/javitotta-idei-novekedesi-varakozasat-a-gki\/#primaryimage"},"thumbnailUrl":"https:\/\/super-news.info\/hu\/wp-content\/uploads\/sites\/3\/2019\/06\/Jav\u00edtotta-idei-n\u00f6veked\u00e9si-v\u00e1rakoz\u00e1s\u00e1t-a-GKI.jpg","datePublished":"2019-06-03T05:45:24+00:00","dateModified":"2019-06-03T05:45:25+00:00","author":{"@id":"https:\/\/super-news.info\/hu\/#\/schema\/person\/2d4068cb2f39cd10008c2fce578a7356"},"breadcrumb":{"@id":"https:\/\/super-news.info\/hu\/javitotta-idei-novekedesi-varakozasat-a-gki\/#breadcrumb"},"inLanguage":"hu","potentialAction":[{"@type":"ReadAction","target":["https:\/\/super-news.info\/hu\/javitotta-idei-novekedesi-varakozasat-a-gki\/"]}]},{"@type":"ImageObject","inLanguage":"hu","@id":"https:\/\/super-news.info\/hu\/javitotta-idei-novekedesi-varakozasat-a-gki\/#primaryimage","url":"https:\/\/super-news.info\/hu\/wp-content\/uploads\/sites\/3\/2019\/06\/Jav\u00edtotta-idei-n\u00f6veked\u00e9si-v\u00e1rakoz\u00e1s\u00e1t-a-GKI.jpg","contentUrl":"https:\/\/super-news.info\/hu\/wp-content\/uploads\/sites\/3\/2019\/06\/Jav\u00edtotta-idei-n\u00f6veked\u00e9si-v\u00e1rakoz\u00e1s\u00e1t-a-GKI.jpg","width":1400,"height":933,"caption":"Jav\u00edtotta idei n\u00f6veked\u00e9si v\u00e1rakoz\u00e1s\u00e1t a GKI"},{"@type":"BreadcrumbList","@id":"https:\/\/super-news.info\/hu\/javitotta-idei-novekedesi-varakozasat-a-gki\/#breadcrumb","itemListElement":[{"@type":"ListItem","position":1,"name":"\u0413\u043b\u0430\u0432\u043d\u0430\u044f \u0441\u0442\u0440\u0430\u043d\u0438\u0446\u0430","item":"https:\/\/super-news.info\/hu\/"},{"@type":"ListItem","position":2,"name":"Jav\u00edtotta idei n\u00f6veked\u00e9si v\u00e1rakoz\u00e1s\u00e1t a GKI"}]},{"@type":"WebSite","@id":"https:\/\/super-news.info\/hu\/#website","url":"https:\/\/super-news.info\/hu\/","name":"Super News","description":"Super News Magyarorsz\u00e1g","potentialAction":[{"@type":"SearchAction","target":{"@type":"EntryPoint","urlTemplate":"https:\/\/super-news.info\/hu\/?s={search_term_string}"},"query-input":{"@type":"PropertyValueSpecification","valueRequired":true,"valueName":"search_term_string"}}],"inLanguage":"hu"},{"@type":"Person","@id":"https:\/\/super-news.info\/hu\/#\/schema\/person\/2d4068cb2f39cd10008c2fce578a7356","name":"super-news","image":{"@type":"ImageObject","inLanguage":"hu","@id":"https:\/\/secure.gravatar.com\/avatar\/64ebac40b93f26a154f8a9b5b6fdccfc46f442b26b3dd6756dbff3bf9dc76fd7?s=96&d=mm&r=g","url":"https:\/\/secure.gravatar.com\/avatar\/64ebac40b93f26a154f8a9b5b6fdccfc46f442b26b3dd6756dbff3bf9dc76fd7?s=96&d=mm&r=g","contentUrl":"https:\/\/secure.gravatar.com\/avatar\/64ebac40b93f26a154f8a9b5b6fdccfc46f442b26b3dd6756dbff3bf9dc76fd7?s=96&d=mm&r=g","caption":"super-news"},"url":"https:\/\/super-news.info\/hu\/author\/pt\/"}]}},"_links":{"self":[{"href":"https:\/\/super-news.info\/hu\/wp-json\/wp\/v2\/posts\/3269","targetHints":{"allow":["GET"]}}],"collection":[{"href":"https:\/\/super-news.info\/hu\/wp-json\/wp\/v2\/posts"}],"about":[{"href":"https:\/\/super-news.info\/hu\/wp-json\/wp\/v2\/types\/post"}],"author":[{"embeddable":true,"href":"https:\/\/super-news.info\/hu\/wp-json\/wp\/v2\/users\/2"}],"replies":[{"embeddable":true,"href":"https:\/\/super-news.info\/hu\/wp-json\/wp\/v2\/comments?post=3269"}],"version-history":[{"count":1,"href":"https:\/\/super-news.info\/hu\/wp-json\/wp\/v2\/posts\/3269\/revisions"}],"predecessor-version":[{"id":3271,"href":"https:\/\/super-news.info\/hu\/wp-json\/wp\/v2\/posts\/3269\/revisions\/3271"}],"wp:featuredmedia":[{"embeddable":true,"href":"https:\/\/super-news.info\/hu\/wp-json\/wp\/v2\/media\/3270"}],"wp:attachment":[{"href":"https:\/\/super-news.info\/hu\/wp-json\/wp\/v2\/media?parent=3269"}],"wp:term":[{"taxonomy":"category","embeddable":true,"href":"https:\/\/super-news.info\/hu\/wp-json\/wp\/v2\/categories?post=3269"},{"taxonomy":"post_tag","embeddable":true,"href":"https:\/\/super-news.info\/hu\/wp-json\/wp\/v2\/tags?post=3269"}],"curies":[{"name":"wp","href":"https:\/\/api.w.org\/{rel}","templated":true}]}}