{"id":3266,"date":"2019-06-03T07:51:03","date_gmt":"2019-06-03T04:51:03","guid":{"rendered":"https:\/\/super-news.info\/hu\/hateves-melyponton-a-kozfoglalkoztatas-vilaggazdasag\/"},"modified":"2019-06-03T07:51:04","modified_gmt":"2019-06-03T04:51:04","slug":"hateves-melyponton-a-kozfoglalkoztatas-vilaggazdasag","status":"publish","type":"post","link":"https:\/\/super-news.info\/hu\/hateves-melyponton-a-kozfoglalkoztatas-vilaggazdasag\/","title":{"rendered":"Hat\u00e9ves m\u00e9lyponton a k\u00f6zfoglalkoztat\u00e1s | Vil\u00e1ggazdas\u00e1g"},"content":{"rendered":"<p> [ad_1]<br \/>\n<\/p>\n<p>\n\t\t\t\t\t\t\t\tAz els\u0151 negyed\u00e9v v\u00e9g\u00e9re 102,7 ezerre cs\u00f6kkent a k\u00f6zfoglalkoztatottak sz\u00e1ma; utolj\u00e1ra 2013 tavasz\u00e1n voltak enn\u00e9l kevesebben a rendszerben, amikor megkezd\u0151d\u00f6tt a program felfuttat\u00e1sa. &#13;\n\t\t\t\t\t\t\t<\/p>\n<div>\n<p>Tov\u00e1bb cs\u00f6kkent az \u00e1llami k\u00f6zmunk\u00e1ban foglalkoztatottak sz\u00e1ma: m\u00e1rciusban \u00e1tlagosan 102 757 f\u0151 vett r\u00e9szt a programban, Febru\u00e1rhoz k\u00e9pest 15,1, 2018 m\u00e1rcius\u00e1hoz m\u00e9rten pedig 35,9 ezerrel voltak kevesebben.<\/p>\n<p>A friss adat hat\u00e9ves m\u00e9lypont, utolj\u00e1ra 2013 \u00e1prilis\u00e1ban vettek r\u00e9szt ilyen kevesen a k\u00f6zmunk\u00e1ban \u2013 akkor az \u00e1tlagos l\u00e9tsz\u00e1m 105,3 ezer f\u0151 volt. Pontosan hat \u00e9vvel ezel\u0151tt, 2013 m\u00e1rcius\u00e1ban m\u00e9g csak 23,9 ezer ember vett r\u00e9szt a programban, ugyanis ekkor, a szoci\u00e1lis ell\u00e1t\u00e1sok \u00e1talak\u00edt\u00e1sakor kezd\u0151d\u00f6tt a l\u00e9tsz\u00e1m felduzzaszt\u00e1sa \u2013 a korm\u00e1ny a k\u00f6zmunk\u00e1hoz k\u00f6t\u00f6tte a foly\u00f3s\u00edt\u00e1st.<\/p>\n<div id=\"attachment_1312114\" style=\"width: 1410px\" class=\"wp-caption aligncenter\">\n<p class=\"wp-caption-text\">Fot\u00f3: M\u00e9sz\u00e1ros J\u00e1nos \u2013 \u00daj N\u00e9plap<\/p>\n<\/div>\n<p>A gyors l\u00e9tsz\u00e1mapad\u00e1s nem meglep\u0151: a versenyszf\u00e9ra elsz\u00edv\u00f3 hat\u00e1sa egyre nagyobb, \u00e9s a c\u00e9gek ma m\u00e1r val\u00f3s munkaer\u0151-tartal\u00e9kk\u00e9nt tekintenek a k\u00f6zmunk\u00e1ban dolgoz\u00f3 vagy a tart\u00f3san munka n\u00e9lk\u00fcli t\u00edzezrekre. A tapasztalatok szerint megfelel\u0151 felk\u00e9sz\u00fclts\u00e9ggel, a munk\u00e1ba \u00e1ll\u00e1st seg\u00edt\u0151 programokkal az innen \u00e9rkez\u0151ket is sikeresen tudj\u00e1k integr\u00e1lni a termel\u00e9sbe.<\/p>\n<p>A Bel\u00fcgyminiszt\u00e9rium szerint \u2013 az el\u0151z\u0151 \u00e9vekhez hasonl\u00f3an \u2013 id\u00e9n m\u00e1rciusban is t\u00f6megesen indultak \u00faj, \u00e1ltal\u00e1ban egy\u00e9ves k\u00f6zmunkaprogramok, \u00edgy a statisztikai \u00e9rtelemben vett \u00faj bel\u00e9p\u0151k sz\u00e1ma az el\u0151z\u0151 h\u00f3napokhoz k\u00e9pest rendk\u00edv\u00fcl magas, 100,4 ezer volt, \u00e1m ezzel szemben 116,1 ezren l\u00e9ptek ki a programokb\u00f3l; ez\u00e9rt pontosabb \u00fagy fogalmazni, hogy abb\u00f3l a 116,1 ezer f\u0151b\u0151l, akinek kifutott az egy\u00e9ves szerz\u0151d\u00e9se \u201ecsak\u201d 100,1 ezren l\u00e9ptek vissza \u2013 \u00edgy j\u00f6tt ki m\u00e1rciusra \u00e1tlagosan 102,7 ezer f\u0151. \u00d6sszesen 130 216-an vettek r\u00e9szt \u2013 ak\u00e1r csak egy napig is \u2013 k\u00f6zmunk\u00e1ban.<\/p>\n<p style=\"text-align: right;\"><em>A teljes cikk a Vil\u00e1ggazdas\u00e1g h\u00e9tf\u0151i sz\u00e1m\u00e1ban olvashat\u00f3<\/em><\/p>\n<\/p><\/div>\n<p><script>\n    window.fbAsyncInit = function() {\n        FB.init({\n            appId      : \"204760236815359\",\n            xfbml      : true,\n            version    : \"v2.12\"\n        });\n        FB.AppEvents.logPageView();\n    };<\/p>\n<p>    (function(d, s, id){\n        var js, fjs = d.getElementsByTagName(s)[0];\n        if (d.getElementById(id)) {return;}\n        js = d.createElement(s); js.id = id;\n        js.src = \"http:\/\/connect.facebook.net\/hu_HU\/sdk.js\";\n        fjs.parentNode.insertBefore(js, fjs);\n    }(document, \"script\", \"facebook-jssdk\"));\n<\/script><br \/>\n<br \/>[ad_2]<br \/>\n<br \/><a href=\"https:\/\/www.vg.hu\/gazdasag\/gazdasagi-hirek\/hateves-melyponton-a-kozfoglalkoztatas-4-1547717\/\">Source link <\/a><\/p>\n","protected":false},"excerpt":{"rendered":"<p>[ad_1] Az els\u0151 negyed\u00e9v v\u00e9g\u00e9re 102,7 ezerre cs\u00f6kkent a k\u00f6zfoglalkoztatottak sz\u00e1ma; utolj\u00e1ra 2013 tavasz\u00e1n voltak enn\u00e9l kevesebben a rendszerben, amikor megkezd\u0151d\u00f6tt a program felfuttat\u00e1sa. &#13; Tov\u00e1bb cs\u00f6kkent az \u00e1llami k\u00f6zmunk\u00e1ban foglalkoztatottak sz\u00e1ma: m\u00e1rciusban \u00e1tlagosan 102 757 f\u0151 vett r\u00e9szt a programban, Febru\u00e1rhoz k\u00e9pest 15,1, 2018 m\u00e1rcius\u00e1hoz m\u00e9rten pedig 35,9 ezerrel voltak kevesebben. A friss adat [&hellip;]<\/p>\n","protected":false},"author":2,"featured_media":3267,"comment_status":"open","ping_status":"open","sticky":false,"template":"","format":"standard","meta":{"footnotes":""},"categories":[1],"tags":[],"class_list":["post-3266","post","type-post","status-publish","format-standard","has-post-thumbnail","hentry","category-penzugyi-hirek"],"yoast_head":"<!-- This site is optimized with the Yoast SEO plugin v27.4 - https:\/\/yoast.com\/product\/yoast-seo-wordpress\/ -->\n<title>Hat\u00e9ves m\u00e9lyponton a k\u00f6zfoglalkoztat\u00e1s | Vil\u00e1ggazdas\u00e1g - Super News<\/title>\n<meta name=\"robots\" content=\"index, follow, max-snippet:-1, max-image-preview:large, max-video-preview:-1\" \/>\n<link rel=\"canonical\" href=\"https:\/\/super-news.info\/hu\/hateves-melyponton-a-kozfoglalkoztatas-vilaggazdasag\/\" \/>\n<meta property=\"og:locale\" content=\"hu_HU\" \/>\n<meta property=\"og:type\" content=\"article\" \/>\n<meta property=\"og:title\" content=\"Hat\u00e9ves m\u00e9lyponton a k\u00f6zfoglalkoztat\u00e1s | Vil\u00e1ggazdas\u00e1g - Super News\" \/>\n<meta property=\"og:description\" content=\"[ad_1] Az els\u0151 negyed\u00e9v v\u00e9g\u00e9re 102,7 ezerre cs\u00f6kkent a k\u00f6zfoglalkoztatottak sz\u00e1ma; utolj\u00e1ra 2013 tavasz\u00e1n voltak enn\u00e9l kevesebben a rendszerben, amikor megkezd\u0151d\u00f6tt a program felfuttat\u00e1sa. &#013; Tov\u00e1bb cs\u00f6kkent az \u00e1llami k\u00f6zmunk\u00e1ban foglalkoztatottak sz\u00e1ma: m\u00e1rciusban \u00e1tlagosan 102 757 f\u0151 vett r\u00e9szt a programban, Febru\u00e1rhoz k\u00e9pest 15,1, 2018 m\u00e1rcius\u00e1hoz m\u00e9rten pedig 35,9 ezerrel voltak kevesebben. A friss adat [&hellip;]\" \/>\n<meta property=\"og:url\" content=\"https:\/\/super-news.info\/hu\/hateves-melyponton-a-kozfoglalkoztatas-vilaggazdasag\/\" \/>\n<meta property=\"og:site_name\" content=\"Super News\" \/>\n<meta property=\"article:published_time\" content=\"2019-06-03T04:51:03+00:00\" \/>\n<meta property=\"article:modified_time\" content=\"2019-06-03T04:51:04+00:00\" \/>\n<meta property=\"og:image\" content=\"https:\/\/super-news.info\/hu\/wp-content\/uploads\/sites\/3\/2019\/06\/Hat\u00e9ves-m\u00e9lyponton-a-k\u00f6zfoglalkoztat\u00e1s-Vil\u00e1ggazdas\u00e1g.jpg\" \/>\n\t<meta property=\"og:image:width\" content=\"1400\" \/>\n\t<meta property=\"og:image:height\" content=\"927\" \/>\n\t<meta property=\"og:image:type\" content=\"image\/jpeg\" \/>\n<meta name=\"author\" content=\"super-news\" \/>\n<meta name=\"twitter:card\" content=\"summary_large_image\" \/>\n<meta name=\"twitter:label1\" content=\"Szerz\u0151:\" \/>\n\t<meta name=\"twitter:data1\" content=\"super-news\" \/>\n\t<meta name=\"twitter:label2\" content=\"Becs\u00fclt olvas\u00e1si id\u0151\" \/>\n\t<meta name=\"twitter:data2\" content=\"2 perc\" \/>\n<script type=\"application\/ld+json\" class=\"yoast-schema-graph\">{\"@context\":\"https:\\\/\\\/schema.org\",\"@graph\":[{\"@type\":\"Article\",\"@id\":\"https:\\\/\\\/super-news.info\\\/hu\\\/hateves-melyponton-a-kozfoglalkoztatas-vilaggazdasag\\\/#article\",\"isPartOf\":{\"@id\":\"https:\\\/\\\/super-news.info\\\/hu\\\/hateves-melyponton-a-kozfoglalkoztatas-vilaggazdasag\\\/\"},\"author\":{\"name\":\"super-news\",\"@id\":\"https:\\\/\\\/super-news.info\\\/hu\\\/#\\\/schema\\\/person\\\/2d4068cb2f39cd10008c2fce578a7356\"},\"headline\":\"Hat\u00e9ves m\u00e9lyponton a k\u00f6zfoglalkoztat\u00e1s | Vil\u00e1ggazdas\u00e1g\",\"datePublished\":\"2019-06-03T04:51:03+00:00\",\"dateModified\":\"2019-06-03T04:51:04+00:00\",\"mainEntityOfPage\":{\"@id\":\"https:\\\/\\\/super-news.info\\\/hu\\\/hateves-melyponton-a-kozfoglalkoztatas-vilaggazdasag\\\/\"},\"wordCount\":371,\"commentCount\":0,\"image\":{\"@id\":\"https:\\\/\\\/super-news.info\\\/hu\\\/hateves-melyponton-a-kozfoglalkoztatas-vilaggazdasag\\\/#primaryimage\"},\"thumbnailUrl\":\"https:\\\/\\\/super-news.info\\\/hu\\\/wp-content\\\/uploads\\\/sites\\\/3\\\/2019\\\/06\\\/Hat\u00e9ves-m\u00e9lyponton-a-k\u00f6zfoglalkoztat\u00e1s-Vil\u00e1ggazdas\u00e1g.jpg\",\"articleSection\":[\"P\u00c9NZ\u00dcGYI H\u00cdREK\"],\"inLanguage\":\"hu\",\"potentialAction\":[{\"@type\":\"CommentAction\",\"name\":\"Comment\",\"target\":[\"https:\\\/\\\/super-news.info\\\/hu\\\/hateves-melyponton-a-kozfoglalkoztatas-vilaggazdasag\\\/#respond\"]}]},{\"@type\":\"WebPage\",\"@id\":\"https:\\\/\\\/super-news.info\\\/hu\\\/hateves-melyponton-a-kozfoglalkoztatas-vilaggazdasag\\\/\",\"url\":\"https:\\\/\\\/super-news.info\\\/hu\\\/hateves-melyponton-a-kozfoglalkoztatas-vilaggazdasag\\\/\",\"name\":\"Hat\u00e9ves m\u00e9lyponton a k\u00f6zfoglalkoztat\u00e1s | Vil\u00e1ggazdas\u00e1g - Super News\",\"isPartOf\":{\"@id\":\"https:\\\/\\\/super-news.info\\\/hu\\\/#website\"},\"primaryImageOfPage\":{\"@id\":\"https:\\\/\\\/super-news.info\\\/hu\\\/hateves-melyponton-a-kozfoglalkoztatas-vilaggazdasag\\\/#primaryimage\"},\"image\":{\"@id\":\"https:\\\/\\\/super-news.info\\\/hu\\\/hateves-melyponton-a-kozfoglalkoztatas-vilaggazdasag\\\/#primaryimage\"},\"thumbnailUrl\":\"https:\\\/\\\/super-news.info\\\/hu\\\/wp-content\\\/uploads\\\/sites\\\/3\\\/2019\\\/06\\\/Hat\u00e9ves-m\u00e9lyponton-a-k\u00f6zfoglalkoztat\u00e1s-Vil\u00e1ggazdas\u00e1g.jpg\",\"datePublished\":\"2019-06-03T04:51:03+00:00\",\"dateModified\":\"2019-06-03T04:51:04+00:00\",\"author\":{\"@id\":\"https:\\\/\\\/super-news.info\\\/hu\\\/#\\\/schema\\\/person\\\/2d4068cb2f39cd10008c2fce578a7356\"},\"breadcrumb\":{\"@id\":\"https:\\\/\\\/super-news.info\\\/hu\\\/hateves-melyponton-a-kozfoglalkoztatas-vilaggazdasag\\\/#breadcrumb\"},\"inLanguage\":\"hu\",\"potentialAction\":[{\"@type\":\"ReadAction\",\"target\":[\"https:\\\/\\\/super-news.info\\\/hu\\\/hateves-melyponton-a-kozfoglalkoztatas-vilaggazdasag\\\/\"]}]},{\"@type\":\"ImageObject\",\"inLanguage\":\"hu\",\"@id\":\"https:\\\/\\\/super-news.info\\\/hu\\\/hateves-melyponton-a-kozfoglalkoztatas-vilaggazdasag\\\/#primaryimage\",\"url\":\"https:\\\/\\\/super-news.info\\\/hu\\\/wp-content\\\/uploads\\\/sites\\\/3\\\/2019\\\/06\\\/Hat\u00e9ves-m\u00e9lyponton-a-k\u00f6zfoglalkoztat\u00e1s-Vil\u00e1ggazdas\u00e1g.jpg\",\"contentUrl\":\"https:\\\/\\\/super-news.info\\\/hu\\\/wp-content\\\/uploads\\\/sites\\\/3\\\/2019\\\/06\\\/Hat\u00e9ves-m\u00e9lyponton-a-k\u00f6zfoglalkoztat\u00e1s-Vil\u00e1ggazdas\u00e1g.jpg\",\"width\":1400,\"height\":927,\"caption\":\"Hat\u00e9ves m\u00e9lyponton a k\u00f6zfoglalkoztat\u00e1s | Vil\u00e1ggazdas\u00e1g\"},{\"@type\":\"BreadcrumbList\",\"@id\":\"https:\\\/\\\/super-news.info\\\/hu\\\/hateves-melyponton-a-kozfoglalkoztatas-vilaggazdasag\\\/#breadcrumb\",\"itemListElement\":[{\"@type\":\"ListItem\",\"position\":1,\"name\":\"\u0413\u043b\u0430\u0432\u043d\u0430\u044f \u0441\u0442\u0440\u0430\u043d\u0438\u0446\u0430\",\"item\":\"https:\\\/\\\/super-news.info\\\/hu\\\/\"},{\"@type\":\"ListItem\",\"position\":2,\"name\":\"Hat\u00e9ves m\u00e9lyponton a k\u00f6zfoglalkoztat\u00e1s | Vil\u00e1ggazdas\u00e1g\"}]},{\"@type\":\"WebSite\",\"@id\":\"https:\\\/\\\/super-news.info\\\/hu\\\/#website\",\"url\":\"https:\\\/\\\/super-news.info\\\/hu\\\/\",\"name\":\"Super News\",\"description\":\"Super News Magyarorsz\u00e1g\",\"potentialAction\":[{\"@type\":\"SearchAction\",\"target\":{\"@type\":\"EntryPoint\",\"urlTemplate\":\"https:\\\/\\\/super-news.info\\\/hu\\\/?s={search_term_string}\"},\"query-input\":{\"@type\":\"PropertyValueSpecification\",\"valueRequired\":true,\"valueName\":\"search_term_string\"}}],\"inLanguage\":\"hu\"},{\"@type\":\"Person\",\"@id\":\"https:\\\/\\\/super-news.info\\\/hu\\\/#\\\/schema\\\/person\\\/2d4068cb2f39cd10008c2fce578a7356\",\"name\":\"super-news\",\"image\":{\"@type\":\"ImageObject\",\"inLanguage\":\"hu\",\"@id\":\"https:\\\/\\\/secure.gravatar.com\\\/avatar\\\/64ebac40b93f26a154f8a9b5b6fdccfc46f442b26b3dd6756dbff3bf9dc76fd7?s=96&d=mm&r=g\",\"url\":\"https:\\\/\\\/secure.gravatar.com\\\/avatar\\\/64ebac40b93f26a154f8a9b5b6fdccfc46f442b26b3dd6756dbff3bf9dc76fd7?s=96&d=mm&r=g\",\"contentUrl\":\"https:\\\/\\\/secure.gravatar.com\\\/avatar\\\/64ebac40b93f26a154f8a9b5b6fdccfc46f442b26b3dd6756dbff3bf9dc76fd7?s=96&d=mm&r=g\",\"caption\":\"super-news\"},\"url\":\"https:\\\/\\\/super-news.info\\\/hu\\\/author\\\/pt\\\/\"}]}<\/script>\n<!-- \/ Yoast SEO plugin. -->","yoast_head_json":{"title":"Hat\u00e9ves m\u00e9lyponton a k\u00f6zfoglalkoztat\u00e1s | Vil\u00e1ggazdas\u00e1g - Super News","robots":{"index":"index","follow":"follow","max-snippet":"max-snippet:-1","max-image-preview":"max-image-preview:large","max-video-preview":"max-video-preview:-1"},"canonical":"https:\/\/super-news.info\/hu\/hateves-melyponton-a-kozfoglalkoztatas-vilaggazdasag\/","og_locale":"hu_HU","og_type":"article","og_title":"Hat\u00e9ves m\u00e9lyponton a k\u00f6zfoglalkoztat\u00e1s | Vil\u00e1ggazdas\u00e1g - Super News","og_description":"[ad_1] Az els\u0151 negyed\u00e9v v\u00e9g\u00e9re 102,7 ezerre cs\u00f6kkent a k\u00f6zfoglalkoztatottak sz\u00e1ma; utolj\u00e1ra 2013 tavasz\u00e1n voltak enn\u00e9l kevesebben a rendszerben, amikor megkezd\u0151d\u00f6tt a program felfuttat\u00e1sa. &#13; Tov\u00e1bb cs\u00f6kkent az \u00e1llami k\u00f6zmunk\u00e1ban foglalkoztatottak sz\u00e1ma: m\u00e1rciusban \u00e1tlagosan 102 757 f\u0151 vett r\u00e9szt a programban, Febru\u00e1rhoz k\u00e9pest 15,1, 2018 m\u00e1rcius\u00e1hoz m\u00e9rten pedig 35,9 ezerrel voltak kevesebben. A friss adat [&hellip;]","og_url":"https:\/\/super-news.info\/hu\/hateves-melyponton-a-kozfoglalkoztatas-vilaggazdasag\/","og_site_name":"Super News","article_published_time":"2019-06-03T04:51:03+00:00","article_modified_time":"2019-06-03T04:51:04+00:00","og_image":[{"width":1400,"height":927,"url":"https:\/\/super-news.info\/hu\/wp-content\/uploads\/sites\/3\/2019\/06\/Hat\u00e9ves-m\u00e9lyponton-a-k\u00f6zfoglalkoztat\u00e1s-Vil\u00e1ggazdas\u00e1g.jpg","type":"image\/jpeg"}],"author":"super-news","twitter_card":"summary_large_image","twitter_misc":{"Szerz\u0151:":"super-news","Becs\u00fclt olvas\u00e1si id\u0151":"2 perc"},"schema":{"@context":"https:\/\/schema.org","@graph":[{"@type":"Article","@id":"https:\/\/super-news.info\/hu\/hateves-melyponton-a-kozfoglalkoztatas-vilaggazdasag\/#article","isPartOf":{"@id":"https:\/\/super-news.info\/hu\/hateves-melyponton-a-kozfoglalkoztatas-vilaggazdasag\/"},"author":{"name":"super-news","@id":"https:\/\/super-news.info\/hu\/#\/schema\/person\/2d4068cb2f39cd10008c2fce578a7356"},"headline":"Hat\u00e9ves m\u00e9lyponton a k\u00f6zfoglalkoztat\u00e1s | Vil\u00e1ggazdas\u00e1g","datePublished":"2019-06-03T04:51:03+00:00","dateModified":"2019-06-03T04:51:04+00:00","mainEntityOfPage":{"@id":"https:\/\/super-news.info\/hu\/hateves-melyponton-a-kozfoglalkoztatas-vilaggazdasag\/"},"wordCount":371,"commentCount":0,"image":{"@id":"https:\/\/super-news.info\/hu\/hateves-melyponton-a-kozfoglalkoztatas-vilaggazdasag\/#primaryimage"},"thumbnailUrl":"https:\/\/super-news.info\/hu\/wp-content\/uploads\/sites\/3\/2019\/06\/Hat\u00e9ves-m\u00e9lyponton-a-k\u00f6zfoglalkoztat\u00e1s-Vil\u00e1ggazdas\u00e1g.jpg","articleSection":["P\u00c9NZ\u00dcGYI H\u00cdREK"],"inLanguage":"hu","potentialAction":[{"@type":"CommentAction","name":"Comment","target":["https:\/\/super-news.info\/hu\/hateves-melyponton-a-kozfoglalkoztatas-vilaggazdasag\/#respond"]}]},{"@type":"WebPage","@id":"https:\/\/super-news.info\/hu\/hateves-melyponton-a-kozfoglalkoztatas-vilaggazdasag\/","url":"https:\/\/super-news.info\/hu\/hateves-melyponton-a-kozfoglalkoztatas-vilaggazdasag\/","name":"Hat\u00e9ves m\u00e9lyponton a k\u00f6zfoglalkoztat\u00e1s | Vil\u00e1ggazdas\u00e1g - Super News","isPartOf":{"@id":"https:\/\/super-news.info\/hu\/#website"},"primaryImageOfPage":{"@id":"https:\/\/super-news.info\/hu\/hateves-melyponton-a-kozfoglalkoztatas-vilaggazdasag\/#primaryimage"},"image":{"@id":"https:\/\/super-news.info\/hu\/hateves-melyponton-a-kozfoglalkoztatas-vilaggazdasag\/#primaryimage"},"thumbnailUrl":"https:\/\/super-news.info\/hu\/wp-content\/uploads\/sites\/3\/2019\/06\/Hat\u00e9ves-m\u00e9lyponton-a-k\u00f6zfoglalkoztat\u00e1s-Vil\u00e1ggazdas\u00e1g.jpg","datePublished":"2019-06-03T04:51:03+00:00","dateModified":"2019-06-03T04:51:04+00:00","author":{"@id":"https:\/\/super-news.info\/hu\/#\/schema\/person\/2d4068cb2f39cd10008c2fce578a7356"},"breadcrumb":{"@id":"https:\/\/super-news.info\/hu\/hateves-melyponton-a-kozfoglalkoztatas-vilaggazdasag\/#breadcrumb"},"inLanguage":"hu","potentialAction":[{"@type":"ReadAction","target":["https:\/\/super-news.info\/hu\/hateves-melyponton-a-kozfoglalkoztatas-vilaggazdasag\/"]}]},{"@type":"ImageObject","inLanguage":"hu","@id":"https:\/\/super-news.info\/hu\/hateves-melyponton-a-kozfoglalkoztatas-vilaggazdasag\/#primaryimage","url":"https:\/\/super-news.info\/hu\/wp-content\/uploads\/sites\/3\/2019\/06\/Hat\u00e9ves-m\u00e9lyponton-a-k\u00f6zfoglalkoztat\u00e1s-Vil\u00e1ggazdas\u00e1g.jpg","contentUrl":"https:\/\/super-news.info\/hu\/wp-content\/uploads\/sites\/3\/2019\/06\/Hat\u00e9ves-m\u00e9lyponton-a-k\u00f6zfoglalkoztat\u00e1s-Vil\u00e1ggazdas\u00e1g.jpg","width":1400,"height":927,"caption":"Hat\u00e9ves m\u00e9lyponton a k\u00f6zfoglalkoztat\u00e1s | Vil\u00e1ggazdas\u00e1g"},{"@type":"BreadcrumbList","@id":"https:\/\/super-news.info\/hu\/hateves-melyponton-a-kozfoglalkoztatas-vilaggazdasag\/#breadcrumb","itemListElement":[{"@type":"ListItem","position":1,"name":"\u0413\u043b\u0430\u0432\u043d\u0430\u044f \u0441\u0442\u0440\u0430\u043d\u0438\u0446\u0430","item":"https:\/\/super-news.info\/hu\/"},{"@type":"ListItem","position":2,"name":"Hat\u00e9ves m\u00e9lyponton a k\u00f6zfoglalkoztat\u00e1s | Vil\u00e1ggazdas\u00e1g"}]},{"@type":"WebSite","@id":"https:\/\/super-news.info\/hu\/#website","url":"https:\/\/super-news.info\/hu\/","name":"Super News","description":"Super News Magyarorsz\u00e1g","potentialAction":[{"@type":"SearchAction","target":{"@type":"EntryPoint","urlTemplate":"https:\/\/super-news.info\/hu\/?s={search_term_string}"},"query-input":{"@type":"PropertyValueSpecification","valueRequired":true,"valueName":"search_term_string"}}],"inLanguage":"hu"},{"@type":"Person","@id":"https:\/\/super-news.info\/hu\/#\/schema\/person\/2d4068cb2f39cd10008c2fce578a7356","name":"super-news","image":{"@type":"ImageObject","inLanguage":"hu","@id":"https:\/\/secure.gravatar.com\/avatar\/64ebac40b93f26a154f8a9b5b6fdccfc46f442b26b3dd6756dbff3bf9dc76fd7?s=96&d=mm&r=g","url":"https:\/\/secure.gravatar.com\/avatar\/64ebac40b93f26a154f8a9b5b6fdccfc46f442b26b3dd6756dbff3bf9dc76fd7?s=96&d=mm&r=g","contentUrl":"https:\/\/secure.gravatar.com\/avatar\/64ebac40b93f26a154f8a9b5b6fdccfc46f442b26b3dd6756dbff3bf9dc76fd7?s=96&d=mm&r=g","caption":"super-news"},"url":"https:\/\/super-news.info\/hu\/author\/pt\/"}]}},"_links":{"self":[{"href":"https:\/\/super-news.info\/hu\/wp-json\/wp\/v2\/posts\/3266","targetHints":{"allow":["GET"]}}],"collection":[{"href":"https:\/\/super-news.info\/hu\/wp-json\/wp\/v2\/posts"}],"about":[{"href":"https:\/\/super-news.info\/hu\/wp-json\/wp\/v2\/types\/post"}],"author":[{"embeddable":true,"href":"https:\/\/super-news.info\/hu\/wp-json\/wp\/v2\/users\/2"}],"replies":[{"embeddable":true,"href":"https:\/\/super-news.info\/hu\/wp-json\/wp\/v2\/comments?post=3266"}],"version-history":[{"count":1,"href":"https:\/\/super-news.info\/hu\/wp-json\/wp\/v2\/posts\/3266\/revisions"}],"predecessor-version":[{"id":3268,"href":"https:\/\/super-news.info\/hu\/wp-json\/wp\/v2\/posts\/3266\/revisions\/3268"}],"wp:featuredmedia":[{"embeddable":true,"href":"https:\/\/super-news.info\/hu\/wp-json\/wp\/v2\/media\/3267"}],"wp:attachment":[{"href":"https:\/\/super-news.info\/hu\/wp-json\/wp\/v2\/media?parent=3266"}],"wp:term":[{"taxonomy":"category","embeddable":true,"href":"https:\/\/super-news.info\/hu\/wp-json\/wp\/v2\/categories?post=3266"},{"taxonomy":"post_tag","embeddable":true,"href":"https:\/\/super-news.info\/hu\/wp-json\/wp\/v2\/tags?post=3266"}],"curies":[{"name":"wp","href":"https:\/\/api.w.org\/{rel}","templated":true}]}}