{"id":3263,"date":"2019-06-03T06:58:28","date_gmt":"2019-06-03T03:58:28","guid":{"rendered":"https:\/\/super-news.info\/hu\/kepzesek-a-magyar-lovasterapia-szovetseg-alapitvany-szervezeseben\/"},"modified":"2019-06-03T06:58:29","modified_gmt":"2019-06-03T03:58:29","slug":"kepzesek-a-magyar-lovasterapia-szovetseg-alapitvany-szervezeseben","status":"publish","type":"post","link":"https:\/\/super-news.info\/hu\/kepzesek-a-magyar-lovasterapia-szovetseg-alapitvany-szervezeseben\/","title":{"rendered":"K\u00e9pz\u00e9sek a Magyar Lovaster\u00e1pia Sz\u00f6vets\u00e9g Alap\u00edtv\u00e1ny szervez\u00e9s\u00e9ben"},"content":{"rendered":"<p> [ad_1]<br \/>\n<\/p>\n<div id=\"post-1545335\">\n<div class=\"enews-article-header-container\">\n<div class=\"enews-article-header\">\n\t\t\t\t\t\t<span class=\"enews-article-dates\"><br \/>\n\t\t\t\t\t\t\t\t\t\t\t\t\t\t<span class=\"enews-article-dates-main\">2019. 06. 03. 05:55<\/span><\/p>\n<p>\t\t\t\t\t\t\t\t\t\t\t\t\t\t\t<span class=\"enews-article-dates-modified\"\/><br \/>\n\t\t\t\t\t\t\t\t\t\t\t\t\t<\/span><br \/>\n\t\t\t\t\t\t\t\t\t\t\t\t<span class=\"enews-article-source-and-author\"><br \/>\n\t\t\t\t\t\t\t\t\t\t\t\t\t\t\t\t\t\t\t\t\t<span class=\"enews-article-author\"><br \/>\n\t\t\t\t\t\t\t\tSzponzor\u00e1lt tartalom.\t\t\t\t\t\t\t<\/span><br \/>\n\t\t\t\t\t\t\t\t\t\t\t\t\t<\/span><\/p>\n<p>\t\t\t\t\t\t<span class=\"enews-article-header-column\"><br \/>\n\t\t\t\t\t\t\tPR\t\t\t\t\t\t<\/span><\/p><\/div>\n<\/p><\/div>\n<div class=\"entry-content clearfix\">\n<p>\n\t\t\t\t\t\t\t\tA kor\u00e1bbi \u00e9vekhez hasonl\u00f3an a Magyar Lovaster\u00e1pia Sz\u00f6vets\u00e9g Alap\u00edtv\u00e1ny 2019 \u0151sz\u00e9n is elind\u00edtja k\u00e9pz\u00e9seit. \t\t\t\t\t\t\t<\/p>\n<div class=\"enews-article-content\">\n<p>\u00a0<\/p>\n<p>Az <strong>Alapoz\u00f3 ismeretek a lovaster\u00e1pi\u00e1r\u00f3l<\/strong> elnevez\u00e9s\u0171 (Alap\u00edt\u00e1si eng.ny.sz.: 575-47\/2017) 110 \u00f3r\u00e1s k\u00e9pz\u00e9sre olyan gy\u00f3gytorn\u00e1szok \u00e9s gy\u00f3gypedag\u00f3gusok jelentkez\u00e9s\u00e9t v\u00e1rjuk, akik a k\u00e9s\u0151bbiekben <strong>Lovasterapeuta k\u00e9pz\u00e9s gy\u00f3gypedag\u00f3giai lovagl\u00e1s \u00e9s lovastorna szak\u00e1gon<\/strong> (Alap\u00edt\u00e1si eng.ny.sz: 575-48\/2017), vagy <strong>Lovasterapeuta k\u00e9pz\u00e9s hippoter\u00e1pia szak\u00e1gon<\/strong> (Alap\u00edt\u00e1si eng.ny.sz: 575-49\/2017) elnevez\u00e9s\u0171 120 \u00f3r\u00e1s k\u00e9pz\u00e9seink valamelyik\u00e9n szeretn\u00e9nek tov\u00e1bbtanulni.<\/p>\n<p><img loading=\"lazy\" decoding=\"async\" class=\"aligncenter size-full wp-image-1322767\" src=\"https:\/\/super-news.info\/hu\/wp-content\/uploads\/sites\/3\/2019\/06\/1559534308_519_Kepzesek-a-Magyar-Lovasterapia-Szovetseg-Alapitvany-szervezeseben.jpg\" alt=\"\" width=\"1400\" height=\"933\"  \/><\/p>\n<ul>\n<li>Az alapoz\u00f3 k\u00e9pz\u00e9s v\u00e1rhat\u00f3 indul\u00e1s\u00e1nak id\u0151pontja 2019. okt\u00f3ber, a jelentkez\u00e9si hat\u00e1rid\u0151: 2019. szeptember 1.<\/li>\n<li>A lovasterapeuta k\u00e9pz\u00e9sek a tervek szerint 2020 janu\u00e1rj\u00e1ban indulnak, jelentkez\u00e9si hat\u00e1rid\u0151: 2019. november 30.<\/li>\n<\/ul>\n<p>A Magyar Lovaster\u00e1pia Sz\u00f6vets\u00e9g Alap\u00edtv\u00e1ny 2019 okt\u00f3ber\u00e9ben ind\u00edtja az E-000793\/2014\/B002 sz\u00e1mon enged\u00e9lyezett feln\u0151ttk\u00e9pz\u00e9si program keret\u00e9ben a <strong>Lovasterapeuta pszichol\u00f3giai lovaster\u00e1pia szak\u00e1gon \u2013 Lovasterapeuta k\u00e9pz\u00e9s pszichol\u00f3giai lovaster\u00e1pia szak\u00e1gon<\/strong> SZPK-00067-16-01 6 02 4\/1 elnevez\u00e9s\u0171 k\u00e9pz\u00e9s\u00e9t. A 200 \u00f3r\u00e1s k\u00e9pz\u00e9sre MA v\u00e9gzetts\u00e9g\u0171 pszichol\u00f3gus szakemberek jelentkezhetnek.<\/p>\n<p><img loading=\"lazy\" decoding=\"async\" class=\"aligncenter size-full wp-image-1322764\" src=\"https:\/\/super-news.info\/hu\/wp-content\/uploads\/sites\/3\/2019\/06\/1559534308_596_Kepzesek-a-Magyar-Lovasterapia-Szovetseg-Alapitvany-szervezeseben.jpg\" alt=\"\" width=\"1400\" height=\"933\"  \/><\/p>\n<p><strong>Jelentkez\u00e9si hat\u00e1rid\u0151: 2019. szeptember 1.<\/strong><\/p>\n<p>B\u0151vebb inform\u00e1ci\u00f3k a k\u00e9pz\u00e9sekr\u0151l a www.lovasterapia.hu weboldalon, a \u201eK\u00e9pz\u00e9sek\u201d men\u00fcpont alatt tal\u00e1lhat\u00f3ak. E-mail: mltsz@gyermekmento.hu, vagy gbozori@lovasterapia.hu.<\/p>\n<div id=\"attachment_1322761\" style=\"width: 1410px\" class=\"wp-caption aligncenter\"><img loading=\"lazy\" decoding=\"async\" class=\"size-full wp-image-1322761\" src=\"https:\/\/super-news.info\/hu\/wp-content\/uploads\/sites\/3\/2019\/06\/1559534308_717_Kepzesek-a-Magyar-Lovasterapia-Szovetseg-Alapitvany-szervezeseben.jpg\" alt=\"\" width=\"1400\" height=\"1050\"  \/><\/p>\n<p class=\"wp-caption-text\">OLYMPUS DIGITAL CAMERA<\/p>\n<\/div>\n<p style=\"text-align: center;\"><em>(Fot\u00f3k: Gordon Eszter, Kocsis Zolt\u00e1n, MLTSZ)<\/em><\/p>\n<\/p><\/div>\n<\/p><\/div>\n<p> <!-- .entry-content --><\/p><\/div>\n<p><script>\n    window.fbAsyncInit = function() {\n        FB.init({\n            appId      : \"204760236815359\",\n            xfbml      : true,\n            version    : \"v2.12\"\n        });\n        FB.AppEvents.logPageView();\n    };<\/p>\n<p>    (function(d, s, id){\n        var js, fjs = d.getElementsByTagName(s)[0];\n        if (d.getElementById(id)) {return;}\n        js = d.createElement(s); js.id = id;\n        js.src = \"http:\/\/connect.facebook.net\/hu_HU\/sdk.js\";\n        fjs.parentNode.insertBefore(js, fjs);\n    }(document, \"script\", \"facebook-jssdk\"));\n<\/script><br \/>\n<br \/>[ad_2]<br \/>\n<br \/><a href=\"https:\/\/www.vg.hu\/pr\/kepzesek-a-magyar-lovasterapia-szovetseg-alapitvany-szervezeseben-1545335\/\">Source link <\/a><\/p>\n","protected":false},"excerpt":{"rendered":"<p>[ad_1] 2019. 06. 03. 05:55 Szponzor\u00e1lt tartalom. PR A kor\u00e1bbi \u00e9vekhez hasonl\u00f3an a Magyar Lovaster\u00e1pia Sz\u00f6vets\u00e9g Alap\u00edtv\u00e1ny 2019 \u0151sz\u00e9n is elind\u00edtja k\u00e9pz\u00e9seit. \u00a0 Az Alapoz\u00f3 ismeretek a lovaster\u00e1pi\u00e1r\u00f3l elnevez\u00e9s\u0171 (Alap\u00edt\u00e1si eng.ny.sz.: 575-47\/2017) 110 \u00f3r\u00e1s k\u00e9pz\u00e9sre olyan gy\u00f3gytorn\u00e1szok \u00e9s gy\u00f3gypedag\u00f3gusok jelentkez\u00e9s\u00e9t v\u00e1rjuk, akik a k\u00e9s\u0151bbiekben Lovasterapeuta k\u00e9pz\u00e9s gy\u00f3gypedag\u00f3giai lovagl\u00e1s \u00e9s lovastorna szak\u00e1gon (Alap\u00edt\u00e1si eng.ny.sz: 575-48\/2017), vagy [&hellip;]<\/p>\n","protected":false},"author":2,"featured_media":3264,"comment_status":"open","ping_status":"open","sticky":false,"template":"","format":"standard","meta":{"footnotes":""},"categories":[1],"tags":[],"class_list":["post-3263","post","type-post","status-publish","format-standard","has-post-thumbnail","hentry","category-penzugyi-hirek"],"yoast_head":"<!-- This site is optimized with the Yoast SEO plugin v27.4 - https:\/\/yoast.com\/product\/yoast-seo-wordpress\/ -->\n<title>K\u00e9pz\u00e9sek a Magyar Lovaster\u00e1pia Sz\u00f6vets\u00e9g Alap\u00edtv\u00e1ny szervez\u00e9s\u00e9ben - Super News<\/title>\n<meta name=\"robots\" content=\"index, follow, max-snippet:-1, max-image-preview:large, max-video-preview:-1\" \/>\n<link rel=\"canonical\" href=\"https:\/\/super-news.info\/hu\/kepzesek-a-magyar-lovasterapia-szovetseg-alapitvany-szervezeseben\/\" \/>\n<meta property=\"og:locale\" content=\"hu_HU\" \/>\n<meta property=\"og:type\" content=\"article\" \/>\n<meta property=\"og:title\" content=\"K\u00e9pz\u00e9sek a Magyar Lovaster\u00e1pia Sz\u00f6vets\u00e9g Alap\u00edtv\u00e1ny szervez\u00e9s\u00e9ben - Super News\" \/>\n<meta property=\"og:description\" content=\"[ad_1] 2019. 06. 03. 05:55 Szponzor\u00e1lt tartalom. PR A kor\u00e1bbi \u00e9vekhez hasonl\u00f3an a Magyar Lovaster\u00e1pia Sz\u00f6vets\u00e9g Alap\u00edtv\u00e1ny 2019 \u0151sz\u00e9n is elind\u00edtja k\u00e9pz\u00e9seit. \u00a0 Az Alapoz\u00f3 ismeretek a lovaster\u00e1pi\u00e1r\u00f3l elnevez\u00e9s\u0171 (Alap\u00edt\u00e1si eng.ny.sz.: 575-47\/2017) 110 \u00f3r\u00e1s k\u00e9pz\u00e9sre olyan gy\u00f3gytorn\u00e1szok \u00e9s gy\u00f3gypedag\u00f3gusok jelentkez\u00e9s\u00e9t v\u00e1rjuk, akik a k\u00e9s\u0151bbiekben Lovasterapeuta k\u00e9pz\u00e9s gy\u00f3gypedag\u00f3giai lovagl\u00e1s \u00e9s lovastorna szak\u00e1gon (Alap\u00edt\u00e1si eng.ny.sz: 575-48\/2017), vagy [&hellip;]\" \/>\n<meta property=\"og:url\" content=\"https:\/\/super-news.info\/hu\/kepzesek-a-magyar-lovasterapia-szovetseg-alapitvany-szervezeseben\/\" \/>\n<meta property=\"og:site_name\" content=\"Super News\" \/>\n<meta property=\"article:published_time\" content=\"2019-06-03T03:58:28+00:00\" \/>\n<meta property=\"article:modified_time\" content=\"2019-06-03T03:58:29+00:00\" \/>\n<meta property=\"og:image\" content=\"https:\/\/super-news.info\/hu\/wp-content\/uploads\/sites\/3\/2019\/06\/K\u00e9pz\u00e9sek-a-Magyar-Lovaster\u00e1pia-Sz\u00f6vets\u00e9g-Alap\u00edtv\u00e1ny-szervez\u00e9s\u00e9ben.jpg\" \/>\n\t<meta property=\"og:image:width\" content=\"264\" \/>\n\t<meta property=\"og:image:height\" content=\"300\" \/>\n\t<meta property=\"og:image:type\" content=\"image\/jpeg\" \/>\n<meta name=\"author\" content=\"super-news\" \/>\n<meta name=\"twitter:card\" content=\"summary_large_image\" \/>\n<meta name=\"twitter:label1\" content=\"Szerz\u0151:\" \/>\n\t<meta name=\"twitter:data1\" content=\"super-news\" \/>\n\t<meta name=\"twitter:label2\" content=\"Becs\u00fclt olvas\u00e1si id\u0151\" \/>\n\t<meta name=\"twitter:data2\" content=\"1 perc\" \/>\n<script type=\"application\/ld+json\" class=\"yoast-schema-graph\">{\"@context\":\"https:\\\/\\\/schema.org\",\"@graph\":[{\"@type\":\"Article\",\"@id\":\"https:\\\/\\\/super-news.info\\\/hu\\\/kepzesek-a-magyar-lovasterapia-szovetseg-alapitvany-szervezeseben\\\/#article\",\"isPartOf\":{\"@id\":\"https:\\\/\\\/super-news.info\\\/hu\\\/kepzesek-a-magyar-lovasterapia-szovetseg-alapitvany-szervezeseben\\\/\"},\"author\":{\"name\":\"super-news\",\"@id\":\"https:\\\/\\\/super-news.info\\\/hu\\\/#\\\/schema\\\/person\\\/2d4068cb2f39cd10008c2fce578a7356\"},\"headline\":\"K\u00e9pz\u00e9sek a Magyar Lovaster\u00e1pia Sz\u00f6vets\u00e9g Alap\u00edtv\u00e1ny szervez\u00e9s\u00e9ben\",\"datePublished\":\"2019-06-03T03:58:28+00:00\",\"dateModified\":\"2019-06-03T03:58:29+00:00\",\"mainEntityOfPage\":{\"@id\":\"https:\\\/\\\/super-news.info\\\/hu\\\/kepzesek-a-magyar-lovasterapia-szovetseg-alapitvany-szervezeseben\\\/\"},\"wordCount\":293,\"commentCount\":0,\"image\":{\"@id\":\"https:\\\/\\\/super-news.info\\\/hu\\\/kepzesek-a-magyar-lovasterapia-szovetseg-alapitvany-szervezeseben\\\/#primaryimage\"},\"thumbnailUrl\":\"https:\\\/\\\/super-news.info\\\/hu\\\/wp-content\\\/uploads\\\/sites\\\/3\\\/2019\\\/06\\\/K\u00e9pz\u00e9sek-a-Magyar-Lovaster\u00e1pia-Sz\u00f6vets\u00e9g-Alap\u00edtv\u00e1ny-szervez\u00e9s\u00e9ben.jpg\",\"articleSection\":[\"P\u00c9NZ\u00dcGYI H\u00cdREK\"],\"inLanguage\":\"hu\",\"potentialAction\":[{\"@type\":\"CommentAction\",\"name\":\"Comment\",\"target\":[\"https:\\\/\\\/super-news.info\\\/hu\\\/kepzesek-a-magyar-lovasterapia-szovetseg-alapitvany-szervezeseben\\\/#respond\"]}]},{\"@type\":\"WebPage\",\"@id\":\"https:\\\/\\\/super-news.info\\\/hu\\\/kepzesek-a-magyar-lovasterapia-szovetseg-alapitvany-szervezeseben\\\/\",\"url\":\"https:\\\/\\\/super-news.info\\\/hu\\\/kepzesek-a-magyar-lovasterapia-szovetseg-alapitvany-szervezeseben\\\/\",\"name\":\"K\u00e9pz\u00e9sek a Magyar Lovaster\u00e1pia Sz\u00f6vets\u00e9g Alap\u00edtv\u00e1ny szervez\u00e9s\u00e9ben - Super News\",\"isPartOf\":{\"@id\":\"https:\\\/\\\/super-news.info\\\/hu\\\/#website\"},\"primaryImageOfPage\":{\"@id\":\"https:\\\/\\\/super-news.info\\\/hu\\\/kepzesek-a-magyar-lovasterapia-szovetseg-alapitvany-szervezeseben\\\/#primaryimage\"},\"image\":{\"@id\":\"https:\\\/\\\/super-news.info\\\/hu\\\/kepzesek-a-magyar-lovasterapia-szovetseg-alapitvany-szervezeseben\\\/#primaryimage\"},\"thumbnailUrl\":\"https:\\\/\\\/super-news.info\\\/hu\\\/wp-content\\\/uploads\\\/sites\\\/3\\\/2019\\\/06\\\/K\u00e9pz\u00e9sek-a-Magyar-Lovaster\u00e1pia-Sz\u00f6vets\u00e9g-Alap\u00edtv\u00e1ny-szervez\u00e9s\u00e9ben.jpg\",\"datePublished\":\"2019-06-03T03:58:28+00:00\",\"dateModified\":\"2019-06-03T03:58:29+00:00\",\"author\":{\"@id\":\"https:\\\/\\\/super-news.info\\\/hu\\\/#\\\/schema\\\/person\\\/2d4068cb2f39cd10008c2fce578a7356\"},\"breadcrumb\":{\"@id\":\"https:\\\/\\\/super-news.info\\\/hu\\\/kepzesek-a-magyar-lovasterapia-szovetseg-alapitvany-szervezeseben\\\/#breadcrumb\"},\"inLanguage\":\"hu\",\"potentialAction\":[{\"@type\":\"ReadAction\",\"target\":[\"https:\\\/\\\/super-news.info\\\/hu\\\/kepzesek-a-magyar-lovasterapia-szovetseg-alapitvany-szervezeseben\\\/\"]}]},{\"@type\":\"ImageObject\",\"inLanguage\":\"hu\",\"@id\":\"https:\\\/\\\/super-news.info\\\/hu\\\/kepzesek-a-magyar-lovasterapia-szovetseg-alapitvany-szervezeseben\\\/#primaryimage\",\"url\":\"https:\\\/\\\/super-news.info\\\/hu\\\/wp-content\\\/uploads\\\/sites\\\/3\\\/2019\\\/06\\\/K\u00e9pz\u00e9sek-a-Magyar-Lovaster\u00e1pia-Sz\u00f6vets\u00e9g-Alap\u00edtv\u00e1ny-szervez\u00e9s\u00e9ben.jpg\",\"contentUrl\":\"https:\\\/\\\/super-news.info\\\/hu\\\/wp-content\\\/uploads\\\/sites\\\/3\\\/2019\\\/06\\\/K\u00e9pz\u00e9sek-a-Magyar-Lovaster\u00e1pia-Sz\u00f6vets\u00e9g-Alap\u00edtv\u00e1ny-szervez\u00e9s\u00e9ben.jpg\",\"width\":264,\"height\":300,\"caption\":\"K\u00e9pz\u00e9sek a Magyar Lovaster\u00e1pia Sz\u00f6vets\u00e9g Alap\u00edtv\u00e1ny szervez\u00e9s\u00e9ben\"},{\"@type\":\"BreadcrumbList\",\"@id\":\"https:\\\/\\\/super-news.info\\\/hu\\\/kepzesek-a-magyar-lovasterapia-szovetseg-alapitvany-szervezeseben\\\/#breadcrumb\",\"itemListElement\":[{\"@type\":\"ListItem\",\"position\":1,\"name\":\"\u0413\u043b\u0430\u0432\u043d\u0430\u044f \u0441\u0442\u0440\u0430\u043d\u0438\u0446\u0430\",\"item\":\"https:\\\/\\\/super-news.info\\\/hu\\\/\"},{\"@type\":\"ListItem\",\"position\":2,\"name\":\"K\u00e9pz\u00e9sek a Magyar Lovaster\u00e1pia Sz\u00f6vets\u00e9g Alap\u00edtv\u00e1ny szervez\u00e9s\u00e9ben\"}]},{\"@type\":\"WebSite\",\"@id\":\"https:\\\/\\\/super-news.info\\\/hu\\\/#website\",\"url\":\"https:\\\/\\\/super-news.info\\\/hu\\\/\",\"name\":\"Super News\",\"description\":\"Super News Magyarorsz\u00e1g\",\"potentialAction\":[{\"@type\":\"SearchAction\",\"target\":{\"@type\":\"EntryPoint\",\"urlTemplate\":\"https:\\\/\\\/super-news.info\\\/hu\\\/?s={search_term_string}\"},\"query-input\":{\"@type\":\"PropertyValueSpecification\",\"valueRequired\":true,\"valueName\":\"search_term_string\"}}],\"inLanguage\":\"hu\"},{\"@type\":\"Person\",\"@id\":\"https:\\\/\\\/super-news.info\\\/hu\\\/#\\\/schema\\\/person\\\/2d4068cb2f39cd10008c2fce578a7356\",\"name\":\"super-news\",\"image\":{\"@type\":\"ImageObject\",\"inLanguage\":\"hu\",\"@id\":\"https:\\\/\\\/secure.gravatar.com\\\/avatar\\\/64ebac40b93f26a154f8a9b5b6fdccfc46f442b26b3dd6756dbff3bf9dc76fd7?s=96&d=mm&r=g\",\"url\":\"https:\\\/\\\/secure.gravatar.com\\\/avatar\\\/64ebac40b93f26a154f8a9b5b6fdccfc46f442b26b3dd6756dbff3bf9dc76fd7?s=96&d=mm&r=g\",\"contentUrl\":\"https:\\\/\\\/secure.gravatar.com\\\/avatar\\\/64ebac40b93f26a154f8a9b5b6fdccfc46f442b26b3dd6756dbff3bf9dc76fd7?s=96&d=mm&r=g\",\"caption\":\"super-news\"},\"url\":\"https:\\\/\\\/super-news.info\\\/hu\\\/author\\\/pt\\\/\"}]}<\/script>\n<!-- \/ Yoast SEO plugin. -->","yoast_head_json":{"title":"K\u00e9pz\u00e9sek a Magyar Lovaster\u00e1pia Sz\u00f6vets\u00e9g Alap\u00edtv\u00e1ny szervez\u00e9s\u00e9ben - Super News","robots":{"index":"index","follow":"follow","max-snippet":"max-snippet:-1","max-image-preview":"max-image-preview:large","max-video-preview":"max-video-preview:-1"},"canonical":"https:\/\/super-news.info\/hu\/kepzesek-a-magyar-lovasterapia-szovetseg-alapitvany-szervezeseben\/","og_locale":"hu_HU","og_type":"article","og_title":"K\u00e9pz\u00e9sek a Magyar Lovaster\u00e1pia Sz\u00f6vets\u00e9g Alap\u00edtv\u00e1ny szervez\u00e9s\u00e9ben - Super News","og_description":"[ad_1] 2019. 06. 03. 05:55 Szponzor\u00e1lt tartalom. PR A kor\u00e1bbi \u00e9vekhez hasonl\u00f3an a Magyar Lovaster\u00e1pia Sz\u00f6vets\u00e9g Alap\u00edtv\u00e1ny 2019 \u0151sz\u00e9n is elind\u00edtja k\u00e9pz\u00e9seit. \u00a0 Az Alapoz\u00f3 ismeretek a lovaster\u00e1pi\u00e1r\u00f3l elnevez\u00e9s\u0171 (Alap\u00edt\u00e1si eng.ny.sz.: 575-47\/2017) 110 \u00f3r\u00e1s k\u00e9pz\u00e9sre olyan gy\u00f3gytorn\u00e1szok \u00e9s gy\u00f3gypedag\u00f3gusok jelentkez\u00e9s\u00e9t v\u00e1rjuk, akik a k\u00e9s\u0151bbiekben Lovasterapeuta k\u00e9pz\u00e9s gy\u00f3gypedag\u00f3giai lovagl\u00e1s \u00e9s lovastorna szak\u00e1gon (Alap\u00edt\u00e1si eng.ny.sz: 575-48\/2017), vagy [&hellip;]","og_url":"https:\/\/super-news.info\/hu\/kepzesek-a-magyar-lovasterapia-szovetseg-alapitvany-szervezeseben\/","og_site_name":"Super News","article_published_time":"2019-06-03T03:58:28+00:00","article_modified_time":"2019-06-03T03:58:29+00:00","og_image":[{"width":264,"height":300,"url":"https:\/\/super-news.info\/hu\/wp-content\/uploads\/sites\/3\/2019\/06\/K\u00e9pz\u00e9sek-a-Magyar-Lovaster\u00e1pia-Sz\u00f6vets\u00e9g-Alap\u00edtv\u00e1ny-szervez\u00e9s\u00e9ben.jpg","type":"image\/jpeg"}],"author":"super-news","twitter_card":"summary_large_image","twitter_misc":{"Szerz\u0151:":"super-news","Becs\u00fclt olvas\u00e1si id\u0151":"1 perc"},"schema":{"@context":"https:\/\/schema.org","@graph":[{"@type":"Article","@id":"https:\/\/super-news.info\/hu\/kepzesek-a-magyar-lovasterapia-szovetseg-alapitvany-szervezeseben\/#article","isPartOf":{"@id":"https:\/\/super-news.info\/hu\/kepzesek-a-magyar-lovasterapia-szovetseg-alapitvany-szervezeseben\/"},"author":{"name":"super-news","@id":"https:\/\/super-news.info\/hu\/#\/schema\/person\/2d4068cb2f39cd10008c2fce578a7356"},"headline":"K\u00e9pz\u00e9sek a Magyar Lovaster\u00e1pia Sz\u00f6vets\u00e9g Alap\u00edtv\u00e1ny szervez\u00e9s\u00e9ben","datePublished":"2019-06-03T03:58:28+00:00","dateModified":"2019-06-03T03:58:29+00:00","mainEntityOfPage":{"@id":"https:\/\/super-news.info\/hu\/kepzesek-a-magyar-lovasterapia-szovetseg-alapitvany-szervezeseben\/"},"wordCount":293,"commentCount":0,"image":{"@id":"https:\/\/super-news.info\/hu\/kepzesek-a-magyar-lovasterapia-szovetseg-alapitvany-szervezeseben\/#primaryimage"},"thumbnailUrl":"https:\/\/super-news.info\/hu\/wp-content\/uploads\/sites\/3\/2019\/06\/K\u00e9pz\u00e9sek-a-Magyar-Lovaster\u00e1pia-Sz\u00f6vets\u00e9g-Alap\u00edtv\u00e1ny-szervez\u00e9s\u00e9ben.jpg","articleSection":["P\u00c9NZ\u00dcGYI H\u00cdREK"],"inLanguage":"hu","potentialAction":[{"@type":"CommentAction","name":"Comment","target":["https:\/\/super-news.info\/hu\/kepzesek-a-magyar-lovasterapia-szovetseg-alapitvany-szervezeseben\/#respond"]}]},{"@type":"WebPage","@id":"https:\/\/super-news.info\/hu\/kepzesek-a-magyar-lovasterapia-szovetseg-alapitvany-szervezeseben\/","url":"https:\/\/super-news.info\/hu\/kepzesek-a-magyar-lovasterapia-szovetseg-alapitvany-szervezeseben\/","name":"K\u00e9pz\u00e9sek a Magyar Lovaster\u00e1pia Sz\u00f6vets\u00e9g Alap\u00edtv\u00e1ny szervez\u00e9s\u00e9ben - Super News","isPartOf":{"@id":"https:\/\/super-news.info\/hu\/#website"},"primaryImageOfPage":{"@id":"https:\/\/super-news.info\/hu\/kepzesek-a-magyar-lovasterapia-szovetseg-alapitvany-szervezeseben\/#primaryimage"},"image":{"@id":"https:\/\/super-news.info\/hu\/kepzesek-a-magyar-lovasterapia-szovetseg-alapitvany-szervezeseben\/#primaryimage"},"thumbnailUrl":"https:\/\/super-news.info\/hu\/wp-content\/uploads\/sites\/3\/2019\/06\/K\u00e9pz\u00e9sek-a-Magyar-Lovaster\u00e1pia-Sz\u00f6vets\u00e9g-Alap\u00edtv\u00e1ny-szervez\u00e9s\u00e9ben.jpg","datePublished":"2019-06-03T03:58:28+00:00","dateModified":"2019-06-03T03:58:29+00:00","author":{"@id":"https:\/\/super-news.info\/hu\/#\/schema\/person\/2d4068cb2f39cd10008c2fce578a7356"},"breadcrumb":{"@id":"https:\/\/super-news.info\/hu\/kepzesek-a-magyar-lovasterapia-szovetseg-alapitvany-szervezeseben\/#breadcrumb"},"inLanguage":"hu","potentialAction":[{"@type":"ReadAction","target":["https:\/\/super-news.info\/hu\/kepzesek-a-magyar-lovasterapia-szovetseg-alapitvany-szervezeseben\/"]}]},{"@type":"ImageObject","inLanguage":"hu","@id":"https:\/\/super-news.info\/hu\/kepzesek-a-magyar-lovasterapia-szovetseg-alapitvany-szervezeseben\/#primaryimage","url":"https:\/\/super-news.info\/hu\/wp-content\/uploads\/sites\/3\/2019\/06\/K\u00e9pz\u00e9sek-a-Magyar-Lovaster\u00e1pia-Sz\u00f6vets\u00e9g-Alap\u00edtv\u00e1ny-szervez\u00e9s\u00e9ben.jpg","contentUrl":"https:\/\/super-news.info\/hu\/wp-content\/uploads\/sites\/3\/2019\/06\/K\u00e9pz\u00e9sek-a-Magyar-Lovaster\u00e1pia-Sz\u00f6vets\u00e9g-Alap\u00edtv\u00e1ny-szervez\u00e9s\u00e9ben.jpg","width":264,"height":300,"caption":"K\u00e9pz\u00e9sek a Magyar Lovaster\u00e1pia Sz\u00f6vets\u00e9g Alap\u00edtv\u00e1ny szervez\u00e9s\u00e9ben"},{"@type":"BreadcrumbList","@id":"https:\/\/super-news.info\/hu\/kepzesek-a-magyar-lovasterapia-szovetseg-alapitvany-szervezeseben\/#breadcrumb","itemListElement":[{"@type":"ListItem","position":1,"name":"\u0413\u043b\u0430\u0432\u043d\u0430\u044f \u0441\u0442\u0440\u0430\u043d\u0438\u0446\u0430","item":"https:\/\/super-news.info\/hu\/"},{"@type":"ListItem","position":2,"name":"K\u00e9pz\u00e9sek a Magyar Lovaster\u00e1pia Sz\u00f6vets\u00e9g Alap\u00edtv\u00e1ny szervez\u00e9s\u00e9ben"}]},{"@type":"WebSite","@id":"https:\/\/super-news.info\/hu\/#website","url":"https:\/\/super-news.info\/hu\/","name":"Super News","description":"Super News Magyarorsz\u00e1g","potentialAction":[{"@type":"SearchAction","target":{"@type":"EntryPoint","urlTemplate":"https:\/\/super-news.info\/hu\/?s={search_term_string}"},"query-input":{"@type":"PropertyValueSpecification","valueRequired":true,"valueName":"search_term_string"}}],"inLanguage":"hu"},{"@type":"Person","@id":"https:\/\/super-news.info\/hu\/#\/schema\/person\/2d4068cb2f39cd10008c2fce578a7356","name":"super-news","image":{"@type":"ImageObject","inLanguage":"hu","@id":"https:\/\/secure.gravatar.com\/avatar\/64ebac40b93f26a154f8a9b5b6fdccfc46f442b26b3dd6756dbff3bf9dc76fd7?s=96&d=mm&r=g","url":"https:\/\/secure.gravatar.com\/avatar\/64ebac40b93f26a154f8a9b5b6fdccfc46f442b26b3dd6756dbff3bf9dc76fd7?s=96&d=mm&r=g","contentUrl":"https:\/\/secure.gravatar.com\/avatar\/64ebac40b93f26a154f8a9b5b6fdccfc46f442b26b3dd6756dbff3bf9dc76fd7?s=96&d=mm&r=g","caption":"super-news"},"url":"https:\/\/super-news.info\/hu\/author\/pt\/"}]}},"_links":{"self":[{"href":"https:\/\/super-news.info\/hu\/wp-json\/wp\/v2\/posts\/3263","targetHints":{"allow":["GET"]}}],"collection":[{"href":"https:\/\/super-news.info\/hu\/wp-json\/wp\/v2\/posts"}],"about":[{"href":"https:\/\/super-news.info\/hu\/wp-json\/wp\/v2\/types\/post"}],"author":[{"embeddable":true,"href":"https:\/\/super-news.info\/hu\/wp-json\/wp\/v2\/users\/2"}],"replies":[{"embeddable":true,"href":"https:\/\/super-news.info\/hu\/wp-json\/wp\/v2\/comments?post=3263"}],"version-history":[{"count":1,"href":"https:\/\/super-news.info\/hu\/wp-json\/wp\/v2\/posts\/3263\/revisions"}],"predecessor-version":[{"id":3265,"href":"https:\/\/super-news.info\/hu\/wp-json\/wp\/v2\/posts\/3263\/revisions\/3265"}],"wp:featuredmedia":[{"embeddable":true,"href":"https:\/\/super-news.info\/hu\/wp-json\/wp\/v2\/media\/3264"}],"wp:attachment":[{"href":"https:\/\/super-news.info\/hu\/wp-json\/wp\/v2\/media?parent=3263"}],"wp:term":[{"taxonomy":"category","embeddable":true,"href":"https:\/\/super-news.info\/hu\/wp-json\/wp\/v2\/categories?post=3263"},{"taxonomy":"post_tag","embeddable":true,"href":"https:\/\/super-news.info\/hu\/wp-json\/wp\/v2\/tags?post=3263"}],"curies":[{"name":"wp","href":"https:\/\/api.w.org\/{rel}","templated":true}]}}