{"id":3255,"date":"2019-06-02T20:00:23","date_gmt":"2019-06-02T17:00:23","guid":{"rendered":"https:\/\/super-news.info\/hu\/hosszu-katinka-olyat-tett-ami-iden-meg-senkinek-sem-sikerult\/"},"modified":"2019-06-02T20:00:29","modified_gmt":"2019-06-02T17:00:29","slug":"hosszu-katinka-olyat-tett-ami-iden-meg-senkinek-sem-sikerult","status":"publish","type":"post","link":"https:\/\/super-news.info\/hu\/hosszu-katinka-olyat-tett-ami-iden-meg-senkinek-sem-sikerult\/","title":{"rendered":"Hossz\u00fa Katinka olyat tett, ami id\u00e9n m\u00e9g senkinek sem siker\u00fclt"},"content":{"rendered":"<p> [ad_1]<br \/>\n<\/p>\n<p>\n\t\t\t\t\t\t\t\tA h\u00e1romszoros olimpia bajnok 200 m\u00e9ter vegyesen a vil\u00e1g idei legjobb idej\u00e9vel, 2:08.50 perccel diadalmaskodott az \u00fasz\u00f3 Bajnokok Sorozata utols\u00f3 \u00e1llom\u00e1s\u00e1n.\t\t\t\t\t\t\t<\/p>\n<div>\n<p>Hossz\u00fa Katinka egy arany- \u00e9s egy ez\u00fcst\u00e9rmet nyert szombaton Indianapolisban, az \u00fasz\u00f3 Bajnokok Sorozata utols\u00f3 \u00e1llom\u00e1s\u00e1nak z\u00e1r\u00f3napj\u00e1n.<\/p>\n<p>Az amerikai helysz\u00ednen a viadal honlapja szerint a h\u00e1romszoros olimpia bajnok 200 m\u00e9ter vegyesen a vil\u00e1g idei legjobb idej\u00e9vel, 2:08.50 perccel diadalmaskodott, m\u00edg 200 m\u00e9ter pillang\u00f3n 2:07.87-tel m\u00e1sodik lett. Hossz\u00fa emellett m\u00e9g 100 m\u00e9ter h\u00e1ton volt \u00e9rdekelt, ott negyedikk\u00e9nt csapott c\u00e9lba 1:00.95-tel.<\/p>\n<div id=\"attachment_962880\" style=\"width: 1410px\" class=\"wp-caption aligncenter\">\n<p class=\"wp-caption-text\">Hossz\u00fa Katinka<br \/>Fot\u00f3: MTI\/Kov\u00e1cs Tam\u00e1s<\/p>\n<\/div>\n<p>A 3,9 milli\u00f3 doll\u00e1r \u00f6sszd\u00edjaz\u00e1s\u00fa elitsorozatban egy sz\u00e1mban csak n\u00e9gyen versenyeztek egym\u00e1ssal, a vizes sportokat t\u00f6m\u00f6r\u00edt\u0151 nemzetk\u00f6zi sz\u00f6vets\u00e9g, a FINA a legjobbakat, t\u00f6bbek k\u00f6z\u00f6tt olimpiai bajnokokat, vil\u00e1gbajnokokat, ranglistavezet\u0151ket h\u00edvott meg. A sz\u00e1mok gy\u0151ztesei 10 000 doll\u00e1rt kaptak, a m\u00e1sodik helyezettek 8000, a harmadik helyet elnyer\u0151k 6000 ezer, a negyedik helyen v\u00e9gz\u0151k pedig 5000 doll\u00e1rt vihettek haza.<\/p>\n<p>A sorozat h\u00e1rom \u00e1llom\u00e1sb\u00f3l \u00e1llt: a mostanit megel\u0151z\u0151en \u00e1prilis v\u00e9g\u00e9n a k\u00ednai Kuangcsou v\u00e1ros\u00e1ban, majd m\u00e1jus k\u00f6zep\u00e9n a budapesti Duna Ar\u00e9n\u00e1ban versengtek a legjobbak.<\/p>\n<\/p><\/div>\n<p><script>\n    window.fbAsyncInit = function() {\n        FB.init({\n            appId      : \"204760236815359\",\n            xfbml      : true,\n            version    : \"v2.12\"\n        });\n        FB.AppEvents.logPageView();\n    };<\/p>\n<p>    (function(d, s, id){\n        var js, fjs = d.getElementsByTagName(s)[0];\n        if (d.getElementById(id)) {return;}\n        js = d.createElement(s); js.id = id;\n        js.src = \"http:\/\/connect.facebook.net\/hu_HU\/sdk.js\";\n        fjs.parentNode.insertBefore(js, fjs);\n    }(document, \"script\", \"facebook-jssdk\"));\n<\/script><br \/>\n<br \/>[ad_2]<br \/>\n<br \/><a href=\"https:\/\/www.vg.hu\/kozelet\/sport\/hosszu-katinka-olyat-tett-ami-iden-meg-senkinek-sem-sikerult-1546862\/\">Source link <\/a><\/p>\n","protected":false},"excerpt":{"rendered":"<p>[ad_1] A h\u00e1romszoros olimpia bajnok 200 m\u00e9ter vegyesen a vil\u00e1g idei legjobb idej\u00e9vel, 2:08.50 perccel diadalmaskodott az \u00fasz\u00f3 Bajnokok Sorozata utols\u00f3 \u00e1llom\u00e1s\u00e1n. Hossz\u00fa Katinka egy arany- \u00e9s egy ez\u00fcst\u00e9rmet nyert szombaton Indianapolisban, az \u00fasz\u00f3 Bajnokok Sorozata utols\u00f3 \u00e1llom\u00e1s\u00e1nak z\u00e1r\u00f3napj\u00e1n. Az amerikai helysz\u00ednen a viadal honlapja szerint a h\u00e1romszoros olimpia bajnok 200 m\u00e9ter vegyesen a vil\u00e1g [&hellip;]<\/p>\n","protected":false},"author":2,"featured_media":3256,"comment_status":"open","ping_status":"open","sticky":false,"template":"","format":"standard","meta":{"footnotes":""},"categories":[1],"tags":[],"class_list":["post-3255","post","type-post","status-publish","format-standard","has-post-thumbnail","hentry","category-penzugyi-hirek"],"yoast_head":"<!-- This site is optimized with the Yoast SEO plugin v27.4 - https:\/\/yoast.com\/product\/yoast-seo-wordpress\/ -->\n<title>Hossz\u00fa Katinka olyat tett, ami id\u00e9n m\u00e9g senkinek sem siker\u00fclt - Super News<\/title>\n<meta name=\"robots\" content=\"index, follow, max-snippet:-1, max-image-preview:large, max-video-preview:-1\" \/>\n<link rel=\"canonical\" href=\"https:\/\/super-news.info\/hu\/hosszu-katinka-olyat-tett-ami-iden-meg-senkinek-sem-sikerult\/\" \/>\n<meta property=\"og:locale\" content=\"hu_HU\" \/>\n<meta property=\"og:type\" content=\"article\" \/>\n<meta property=\"og:title\" content=\"Hossz\u00fa Katinka olyat tett, ami id\u00e9n m\u00e9g senkinek sem siker\u00fclt - Super News\" \/>\n<meta property=\"og:description\" content=\"[ad_1] A h\u00e1romszoros olimpia bajnok 200 m\u00e9ter vegyesen a vil\u00e1g idei legjobb idej\u00e9vel, 2:08.50 perccel diadalmaskodott az \u00fasz\u00f3 Bajnokok Sorozata utols\u00f3 \u00e1llom\u00e1s\u00e1n. Hossz\u00fa Katinka egy arany- \u00e9s egy ez\u00fcst\u00e9rmet nyert szombaton Indianapolisban, az \u00fasz\u00f3 Bajnokok Sorozata utols\u00f3 \u00e1llom\u00e1s\u00e1nak z\u00e1r\u00f3napj\u00e1n. Az amerikai helysz\u00ednen a viadal honlapja szerint a h\u00e1romszoros olimpia bajnok 200 m\u00e9ter vegyesen a vil\u00e1g [&hellip;]\" \/>\n<meta property=\"og:url\" content=\"https:\/\/super-news.info\/hu\/hosszu-katinka-olyat-tett-ami-iden-meg-senkinek-sem-sikerult\/\" \/>\n<meta property=\"og:site_name\" content=\"Super News\" \/>\n<meta property=\"article:published_time\" content=\"2019-06-02T17:00:23+00:00\" \/>\n<meta property=\"article:modified_time\" content=\"2019-06-02T17:00:29+00:00\" \/>\n<meta property=\"og:image\" content=\"https:\/\/super-news.info\/hu\/wp-content\/uploads\/sites\/3\/2019\/06\/Hossz\u00fa-Katinka-olyat-tett-ami-id\u00e9n-m\u00e9g-senkinek-sem-siker\u00fclt.jpg\" \/>\n\t<meta property=\"og:image:width\" content=\"1400\" \/>\n\t<meta property=\"og:image:height\" content=\"787\" \/>\n\t<meta property=\"og:image:type\" content=\"image\/jpeg\" \/>\n<meta name=\"author\" content=\"super-news\" \/>\n<meta name=\"twitter:card\" content=\"summary_large_image\" \/>\n<meta name=\"twitter:label1\" content=\"Szerz\u0151:\" \/>\n\t<meta name=\"twitter:data1\" content=\"super-news\" \/>\n\t<meta name=\"twitter:label2\" content=\"Becs\u00fclt olvas\u00e1si id\u0151\" \/>\n\t<meta name=\"twitter:data2\" content=\"1 perc\" \/>\n<script type=\"application\/ld+json\" class=\"yoast-schema-graph\">{\"@context\":\"https:\\\/\\\/schema.org\",\"@graph\":[{\"@type\":\"Article\",\"@id\":\"https:\\\/\\\/super-news.info\\\/hu\\\/hosszu-katinka-olyat-tett-ami-iden-meg-senkinek-sem-sikerult\\\/#article\",\"isPartOf\":{\"@id\":\"https:\\\/\\\/super-news.info\\\/hu\\\/hosszu-katinka-olyat-tett-ami-iden-meg-senkinek-sem-sikerult\\\/\"},\"author\":{\"name\":\"super-news\",\"@id\":\"https:\\\/\\\/super-news.info\\\/hu\\\/#\\\/schema\\\/person\\\/2d4068cb2f39cd10008c2fce578a7356\"},\"headline\":\"Hossz\u00fa Katinka olyat tett, ami id\u00e9n m\u00e9g senkinek sem siker\u00fclt\",\"datePublished\":\"2019-06-02T17:00:23+00:00\",\"dateModified\":\"2019-06-02T17:00:29+00:00\",\"mainEntityOfPage\":{\"@id\":\"https:\\\/\\\/super-news.info\\\/hu\\\/hosszu-katinka-olyat-tett-ami-iden-meg-senkinek-sem-sikerult\\\/\"},\"wordCount\":240,\"commentCount\":0,\"image\":{\"@id\":\"https:\\\/\\\/super-news.info\\\/hu\\\/hosszu-katinka-olyat-tett-ami-iden-meg-senkinek-sem-sikerult\\\/#primaryimage\"},\"thumbnailUrl\":\"https:\\\/\\\/super-news.info\\\/hu\\\/wp-content\\\/uploads\\\/sites\\\/3\\\/2019\\\/06\\\/Hossz\u00fa-Katinka-olyat-tett-ami-id\u00e9n-m\u00e9g-senkinek-sem-siker\u00fclt.jpg\",\"articleSection\":[\"P\u00c9NZ\u00dcGYI H\u00cdREK\"],\"inLanguage\":\"hu\",\"potentialAction\":[{\"@type\":\"CommentAction\",\"name\":\"Comment\",\"target\":[\"https:\\\/\\\/super-news.info\\\/hu\\\/hosszu-katinka-olyat-tett-ami-iden-meg-senkinek-sem-sikerult\\\/#respond\"]}]},{\"@type\":\"WebPage\",\"@id\":\"https:\\\/\\\/super-news.info\\\/hu\\\/hosszu-katinka-olyat-tett-ami-iden-meg-senkinek-sem-sikerult\\\/\",\"url\":\"https:\\\/\\\/super-news.info\\\/hu\\\/hosszu-katinka-olyat-tett-ami-iden-meg-senkinek-sem-sikerult\\\/\",\"name\":\"Hossz\u00fa Katinka olyat tett, ami id\u00e9n m\u00e9g senkinek sem siker\u00fclt - Super News\",\"isPartOf\":{\"@id\":\"https:\\\/\\\/super-news.info\\\/hu\\\/#website\"},\"primaryImageOfPage\":{\"@id\":\"https:\\\/\\\/super-news.info\\\/hu\\\/hosszu-katinka-olyat-tett-ami-iden-meg-senkinek-sem-sikerult\\\/#primaryimage\"},\"image\":{\"@id\":\"https:\\\/\\\/super-news.info\\\/hu\\\/hosszu-katinka-olyat-tett-ami-iden-meg-senkinek-sem-sikerult\\\/#primaryimage\"},\"thumbnailUrl\":\"https:\\\/\\\/super-news.info\\\/hu\\\/wp-content\\\/uploads\\\/sites\\\/3\\\/2019\\\/06\\\/Hossz\u00fa-Katinka-olyat-tett-ami-id\u00e9n-m\u00e9g-senkinek-sem-siker\u00fclt.jpg\",\"datePublished\":\"2019-06-02T17:00:23+00:00\",\"dateModified\":\"2019-06-02T17:00:29+00:00\",\"author\":{\"@id\":\"https:\\\/\\\/super-news.info\\\/hu\\\/#\\\/schema\\\/person\\\/2d4068cb2f39cd10008c2fce578a7356\"},\"breadcrumb\":{\"@id\":\"https:\\\/\\\/super-news.info\\\/hu\\\/hosszu-katinka-olyat-tett-ami-iden-meg-senkinek-sem-sikerult\\\/#breadcrumb\"},\"inLanguage\":\"hu\",\"potentialAction\":[{\"@type\":\"ReadAction\",\"target\":[\"https:\\\/\\\/super-news.info\\\/hu\\\/hosszu-katinka-olyat-tett-ami-iden-meg-senkinek-sem-sikerult\\\/\"]}]},{\"@type\":\"ImageObject\",\"inLanguage\":\"hu\",\"@id\":\"https:\\\/\\\/super-news.info\\\/hu\\\/hosszu-katinka-olyat-tett-ami-iden-meg-senkinek-sem-sikerult\\\/#primaryimage\",\"url\":\"https:\\\/\\\/super-news.info\\\/hu\\\/wp-content\\\/uploads\\\/sites\\\/3\\\/2019\\\/06\\\/Hossz\u00fa-Katinka-olyat-tett-ami-id\u00e9n-m\u00e9g-senkinek-sem-siker\u00fclt.jpg\",\"contentUrl\":\"https:\\\/\\\/super-news.info\\\/hu\\\/wp-content\\\/uploads\\\/sites\\\/3\\\/2019\\\/06\\\/Hossz\u00fa-Katinka-olyat-tett-ami-id\u00e9n-m\u00e9g-senkinek-sem-siker\u00fclt.jpg\",\"width\":1400,\"height\":787,\"caption\":\"Hossz\u00fa Katinka olyat tett, ami id\u00e9n m\u00e9g senkinek sem siker\u00fclt\"},{\"@type\":\"BreadcrumbList\",\"@id\":\"https:\\\/\\\/super-news.info\\\/hu\\\/hosszu-katinka-olyat-tett-ami-iden-meg-senkinek-sem-sikerult\\\/#breadcrumb\",\"itemListElement\":[{\"@type\":\"ListItem\",\"position\":1,\"name\":\"\u0413\u043b\u0430\u0432\u043d\u0430\u044f \u0441\u0442\u0440\u0430\u043d\u0438\u0446\u0430\",\"item\":\"https:\\\/\\\/super-news.info\\\/hu\\\/\"},{\"@type\":\"ListItem\",\"position\":2,\"name\":\"Hossz\u00fa Katinka olyat tett, ami id\u00e9n m\u00e9g senkinek sem siker\u00fclt\"}]},{\"@type\":\"WebSite\",\"@id\":\"https:\\\/\\\/super-news.info\\\/hu\\\/#website\",\"url\":\"https:\\\/\\\/super-news.info\\\/hu\\\/\",\"name\":\"Super News\",\"description\":\"Super News Magyarorsz\u00e1g\",\"potentialAction\":[{\"@type\":\"SearchAction\",\"target\":{\"@type\":\"EntryPoint\",\"urlTemplate\":\"https:\\\/\\\/super-news.info\\\/hu\\\/?s={search_term_string}\"},\"query-input\":{\"@type\":\"PropertyValueSpecification\",\"valueRequired\":true,\"valueName\":\"search_term_string\"}}],\"inLanguage\":\"hu\"},{\"@type\":\"Person\",\"@id\":\"https:\\\/\\\/super-news.info\\\/hu\\\/#\\\/schema\\\/person\\\/2d4068cb2f39cd10008c2fce578a7356\",\"name\":\"super-news\",\"image\":{\"@type\":\"ImageObject\",\"inLanguage\":\"hu\",\"@id\":\"https:\\\/\\\/secure.gravatar.com\\\/avatar\\\/64ebac40b93f26a154f8a9b5b6fdccfc46f442b26b3dd6756dbff3bf9dc76fd7?s=96&d=mm&r=g\",\"url\":\"https:\\\/\\\/secure.gravatar.com\\\/avatar\\\/64ebac40b93f26a154f8a9b5b6fdccfc46f442b26b3dd6756dbff3bf9dc76fd7?s=96&d=mm&r=g\",\"contentUrl\":\"https:\\\/\\\/secure.gravatar.com\\\/avatar\\\/64ebac40b93f26a154f8a9b5b6fdccfc46f442b26b3dd6756dbff3bf9dc76fd7?s=96&d=mm&r=g\",\"caption\":\"super-news\"},\"url\":\"https:\\\/\\\/super-news.info\\\/hu\\\/author\\\/pt\\\/\"}]}<\/script>\n<!-- \/ Yoast SEO plugin. -->","yoast_head_json":{"title":"Hossz\u00fa Katinka olyat tett, ami id\u00e9n m\u00e9g senkinek sem siker\u00fclt - Super News","robots":{"index":"index","follow":"follow","max-snippet":"max-snippet:-1","max-image-preview":"max-image-preview:large","max-video-preview":"max-video-preview:-1"},"canonical":"https:\/\/super-news.info\/hu\/hosszu-katinka-olyat-tett-ami-iden-meg-senkinek-sem-sikerult\/","og_locale":"hu_HU","og_type":"article","og_title":"Hossz\u00fa Katinka olyat tett, ami id\u00e9n m\u00e9g senkinek sem siker\u00fclt - Super News","og_description":"[ad_1] A h\u00e1romszoros olimpia bajnok 200 m\u00e9ter vegyesen a vil\u00e1g idei legjobb idej\u00e9vel, 2:08.50 perccel diadalmaskodott az \u00fasz\u00f3 Bajnokok Sorozata utols\u00f3 \u00e1llom\u00e1s\u00e1n. Hossz\u00fa Katinka egy arany- \u00e9s egy ez\u00fcst\u00e9rmet nyert szombaton Indianapolisban, az \u00fasz\u00f3 Bajnokok Sorozata utols\u00f3 \u00e1llom\u00e1s\u00e1nak z\u00e1r\u00f3napj\u00e1n. Az amerikai helysz\u00ednen a viadal honlapja szerint a h\u00e1romszoros olimpia bajnok 200 m\u00e9ter vegyesen a vil\u00e1g [&hellip;]","og_url":"https:\/\/super-news.info\/hu\/hosszu-katinka-olyat-tett-ami-iden-meg-senkinek-sem-sikerult\/","og_site_name":"Super News","article_published_time":"2019-06-02T17:00:23+00:00","article_modified_time":"2019-06-02T17:00:29+00:00","og_image":[{"width":1400,"height":787,"url":"https:\/\/super-news.info\/hu\/wp-content\/uploads\/sites\/3\/2019\/06\/Hossz\u00fa-Katinka-olyat-tett-ami-id\u00e9n-m\u00e9g-senkinek-sem-siker\u00fclt.jpg","type":"image\/jpeg"}],"author":"super-news","twitter_card":"summary_large_image","twitter_misc":{"Szerz\u0151:":"super-news","Becs\u00fclt olvas\u00e1si id\u0151":"1 perc"},"schema":{"@context":"https:\/\/schema.org","@graph":[{"@type":"Article","@id":"https:\/\/super-news.info\/hu\/hosszu-katinka-olyat-tett-ami-iden-meg-senkinek-sem-sikerult\/#article","isPartOf":{"@id":"https:\/\/super-news.info\/hu\/hosszu-katinka-olyat-tett-ami-iden-meg-senkinek-sem-sikerult\/"},"author":{"name":"super-news","@id":"https:\/\/super-news.info\/hu\/#\/schema\/person\/2d4068cb2f39cd10008c2fce578a7356"},"headline":"Hossz\u00fa Katinka olyat tett, ami id\u00e9n m\u00e9g senkinek sem siker\u00fclt","datePublished":"2019-06-02T17:00:23+00:00","dateModified":"2019-06-02T17:00:29+00:00","mainEntityOfPage":{"@id":"https:\/\/super-news.info\/hu\/hosszu-katinka-olyat-tett-ami-iden-meg-senkinek-sem-sikerult\/"},"wordCount":240,"commentCount":0,"image":{"@id":"https:\/\/super-news.info\/hu\/hosszu-katinka-olyat-tett-ami-iden-meg-senkinek-sem-sikerult\/#primaryimage"},"thumbnailUrl":"https:\/\/super-news.info\/hu\/wp-content\/uploads\/sites\/3\/2019\/06\/Hossz\u00fa-Katinka-olyat-tett-ami-id\u00e9n-m\u00e9g-senkinek-sem-siker\u00fclt.jpg","articleSection":["P\u00c9NZ\u00dcGYI H\u00cdREK"],"inLanguage":"hu","potentialAction":[{"@type":"CommentAction","name":"Comment","target":["https:\/\/super-news.info\/hu\/hosszu-katinka-olyat-tett-ami-iden-meg-senkinek-sem-sikerult\/#respond"]}]},{"@type":"WebPage","@id":"https:\/\/super-news.info\/hu\/hosszu-katinka-olyat-tett-ami-iden-meg-senkinek-sem-sikerult\/","url":"https:\/\/super-news.info\/hu\/hosszu-katinka-olyat-tett-ami-iden-meg-senkinek-sem-sikerult\/","name":"Hossz\u00fa Katinka olyat tett, ami id\u00e9n m\u00e9g senkinek sem siker\u00fclt - Super News","isPartOf":{"@id":"https:\/\/super-news.info\/hu\/#website"},"primaryImageOfPage":{"@id":"https:\/\/super-news.info\/hu\/hosszu-katinka-olyat-tett-ami-iden-meg-senkinek-sem-sikerult\/#primaryimage"},"image":{"@id":"https:\/\/super-news.info\/hu\/hosszu-katinka-olyat-tett-ami-iden-meg-senkinek-sem-sikerult\/#primaryimage"},"thumbnailUrl":"https:\/\/super-news.info\/hu\/wp-content\/uploads\/sites\/3\/2019\/06\/Hossz\u00fa-Katinka-olyat-tett-ami-id\u00e9n-m\u00e9g-senkinek-sem-siker\u00fclt.jpg","datePublished":"2019-06-02T17:00:23+00:00","dateModified":"2019-06-02T17:00:29+00:00","author":{"@id":"https:\/\/super-news.info\/hu\/#\/schema\/person\/2d4068cb2f39cd10008c2fce578a7356"},"breadcrumb":{"@id":"https:\/\/super-news.info\/hu\/hosszu-katinka-olyat-tett-ami-iden-meg-senkinek-sem-sikerult\/#breadcrumb"},"inLanguage":"hu","potentialAction":[{"@type":"ReadAction","target":["https:\/\/super-news.info\/hu\/hosszu-katinka-olyat-tett-ami-iden-meg-senkinek-sem-sikerult\/"]}]},{"@type":"ImageObject","inLanguage":"hu","@id":"https:\/\/super-news.info\/hu\/hosszu-katinka-olyat-tett-ami-iden-meg-senkinek-sem-sikerult\/#primaryimage","url":"https:\/\/super-news.info\/hu\/wp-content\/uploads\/sites\/3\/2019\/06\/Hossz\u00fa-Katinka-olyat-tett-ami-id\u00e9n-m\u00e9g-senkinek-sem-siker\u00fclt.jpg","contentUrl":"https:\/\/super-news.info\/hu\/wp-content\/uploads\/sites\/3\/2019\/06\/Hossz\u00fa-Katinka-olyat-tett-ami-id\u00e9n-m\u00e9g-senkinek-sem-siker\u00fclt.jpg","width":1400,"height":787,"caption":"Hossz\u00fa Katinka olyat tett, ami id\u00e9n m\u00e9g senkinek sem siker\u00fclt"},{"@type":"BreadcrumbList","@id":"https:\/\/super-news.info\/hu\/hosszu-katinka-olyat-tett-ami-iden-meg-senkinek-sem-sikerult\/#breadcrumb","itemListElement":[{"@type":"ListItem","position":1,"name":"\u0413\u043b\u0430\u0432\u043d\u0430\u044f \u0441\u0442\u0440\u0430\u043d\u0438\u0446\u0430","item":"https:\/\/super-news.info\/hu\/"},{"@type":"ListItem","position":2,"name":"Hossz\u00fa Katinka olyat tett, ami id\u00e9n m\u00e9g senkinek sem siker\u00fclt"}]},{"@type":"WebSite","@id":"https:\/\/super-news.info\/hu\/#website","url":"https:\/\/super-news.info\/hu\/","name":"Super News","description":"Super News Magyarorsz\u00e1g","potentialAction":[{"@type":"SearchAction","target":{"@type":"EntryPoint","urlTemplate":"https:\/\/super-news.info\/hu\/?s={search_term_string}"},"query-input":{"@type":"PropertyValueSpecification","valueRequired":true,"valueName":"search_term_string"}}],"inLanguage":"hu"},{"@type":"Person","@id":"https:\/\/super-news.info\/hu\/#\/schema\/person\/2d4068cb2f39cd10008c2fce578a7356","name":"super-news","image":{"@type":"ImageObject","inLanguage":"hu","@id":"https:\/\/secure.gravatar.com\/avatar\/64ebac40b93f26a154f8a9b5b6fdccfc46f442b26b3dd6756dbff3bf9dc76fd7?s=96&d=mm&r=g","url":"https:\/\/secure.gravatar.com\/avatar\/64ebac40b93f26a154f8a9b5b6fdccfc46f442b26b3dd6756dbff3bf9dc76fd7?s=96&d=mm&r=g","contentUrl":"https:\/\/secure.gravatar.com\/avatar\/64ebac40b93f26a154f8a9b5b6fdccfc46f442b26b3dd6756dbff3bf9dc76fd7?s=96&d=mm&r=g","caption":"super-news"},"url":"https:\/\/super-news.info\/hu\/author\/pt\/"}]}},"_links":{"self":[{"href":"https:\/\/super-news.info\/hu\/wp-json\/wp\/v2\/posts\/3255","targetHints":{"allow":["GET"]}}],"collection":[{"href":"https:\/\/super-news.info\/hu\/wp-json\/wp\/v2\/posts"}],"about":[{"href":"https:\/\/super-news.info\/hu\/wp-json\/wp\/v2\/types\/post"}],"author":[{"embeddable":true,"href":"https:\/\/super-news.info\/hu\/wp-json\/wp\/v2\/users\/2"}],"replies":[{"embeddable":true,"href":"https:\/\/super-news.info\/hu\/wp-json\/wp\/v2\/comments?post=3255"}],"version-history":[{"count":1,"href":"https:\/\/super-news.info\/hu\/wp-json\/wp\/v2\/posts\/3255\/revisions"}],"predecessor-version":[{"id":3257,"href":"https:\/\/super-news.info\/hu\/wp-json\/wp\/v2\/posts\/3255\/revisions\/3257"}],"wp:featuredmedia":[{"embeddable":true,"href":"https:\/\/super-news.info\/hu\/wp-json\/wp\/v2\/media\/3256"}],"wp:attachment":[{"href":"https:\/\/super-news.info\/hu\/wp-json\/wp\/v2\/media?parent=3255"}],"wp:term":[{"taxonomy":"category","embeddable":true,"href":"https:\/\/super-news.info\/hu\/wp-json\/wp\/v2\/categories?post=3255"},{"taxonomy":"post_tag","embeddable":true,"href":"https:\/\/super-news.info\/hu\/wp-json\/wp\/v2\/tags?post=3255"}],"curies":[{"name":"wp","href":"https:\/\/api.w.org\/{rel}","templated":true}]}}