{"id":3252,"date":"2019-06-02T19:05:30","date_gmt":"2019-06-02T16:05:30","guid":{"rendered":"https:\/\/super-news.info\/hu\/ujabb-lokest-adnak-az-epitoipari-cegeknek\/"},"modified":"2019-06-02T19:05:31","modified_gmt":"2019-06-02T16:05:31","slug":"ujabb-lokest-adnak-az-epitoipari-cegeknek","status":"publish","type":"post","link":"https:\/\/super-news.info\/hu\/ujabb-lokest-adnak-az-epitoipari-cegeknek\/","title":{"rendered":"\u00dajabb l\u00f6k\u00e9st adnak az \u00e9p\u00edt\u0151ipari c\u00e9geknek"},"content":{"rendered":"<p> [ad_1]<br \/>\n<\/p>\n<p>\n\t\t\t\t\t\t\t\tAz \u00e9v m\u00e1sodik fel\u00e9ben 3 milli\u00e1rd forinttal b\u0151v\u00fcl az \u00e9p\u00edt\u0151ipari kkv-k technol\u00f3giai \u00faj\u00edt\u00e1s\u00e1t t\u00e1mogat\u00f3, id\u00e9n megnyitott 6 milli\u00e1rd forintos keret.\t\t\t\t\t\t\t<\/p>\n<div>\n<p>Az Innov\u00e1ci\u00f3s \u00e9s Technol\u00f3giai Miniszt\u00e9rium (ITM) az \u00e9v m\u00e1sodik fel\u00e9ben 3 milli\u00e1rd forinttal b\u0151v\u00edti az \u00e9p\u00edt\u0151ipari kis- \u00e9s k\u00f6zepes v\u00e1llalkoz\u00e1sok (kkv-k) technol\u00f3giai \u00faj\u00edt\u00e1s\u00e1t t\u00e1mogat\u00f3, id\u00e9n megnyitott 6 milli\u00e1rd forintos keretet \u2013 tudatta a t\u00e1rca az \u00e9p\u00edt\u0151k napja alkalm\u00e1b\u00f3l vas\u00e1rnap kiadott k\u00f6zlem\u00e9ny\u00e9ben.<\/p>\n<div id=\"attachment_1388170\" style=\"width: 1410px\" class=\"wp-caption aligncenter\">\n<p class=\"wp-caption-text\">Fot\u00f3: Shutterstock<\/p>\n<\/div>\n<p>\u00dajdons\u00e1g, hogy a t\u00e1mogat\u00e1st nemcsak eszk\u00f6zbeszerz\u00e9sre, hanem szoftverv\u00e1s\u00e1rl\u00e1sra is lehet majd k\u00e9rni. Azt \u00edrt\u00e1k: a korm\u00e1ny c\u00e9lja az \u00e1gazat hat\u00e9konys\u00e1g\u00e1nak \u00f6szt\u00f6nz\u00e9se.<\/p>\n<p>Az \u00e9p\u00edt\u0151ipar 2018-ban az elm\u00falt 15 \u00e9v legjobb eredm\u00e9ny\u00e9t produk\u00e1lta, az idei els\u0151 negyed\u00e9vben termel\u00e9si \u00e9rt\u00e9ke az el\u0151z\u0151 \u00e9v azonos id\u0151szak\u00e1hoz k\u00e9pest 48,2 sz\u00e1zal\u00e9kkal n\u0151tt. Az ITM \u00e1ltal kidolgozott \u00e9p\u00edt\u00e9sgazdas\u00e1gi strat\u00e9gia c\u00e9lja, hogy az \u00e1gazat szerepl\u0151i 40-60 sz\u00e1zal\u00e9kos termel\u00e9kenys\u00e9gn\u00f6veked\u00e9st \u00e9rjenek el \u2013 \u00edrt\u00e1k.<\/p>\n<p>Hangs\u00falyozt\u00e1k: a korm\u00e1ny mindent megtesz az\u00e9rt, hogy a szektor teljes\u00edtm\u00e9nye szinten tarthat\u00f3 legyen. Az innov\u00e1ci\u00f3s t\u00e1rca ez\u00e9rt dolgozta ki az \u00e9p\u00edt\u00e9sgazdas\u00e1gi strat\u00e9gi\u00e1t, \u00e9s ez\u00e9rt helyez nagy hangs\u00falyt az \u00e1gazat termel\u00e9kenys\u00e9g\u00e9nek, hat\u00e9konys\u00e1g\u00e1nak n\u00f6vel\u00e9s\u00e9re \u00e9s az \u00e9p\u00edt\u0151iparban haszn\u00e1lhat\u00f3 digit\u00e1lis eszk\u00f6z\u00f6k elterjeszt\u00e9s\u00e9re.<\/p>\n<p>A strat\u00e9gia megalkot\u00e1s\u00e1ra az\u00e9rt volt sz\u00fcks\u00e9g, mert a magyar \u00e9p\u00edt\u0151iparnak 2023-ig mintegy 25 ezer milli\u00e1rd forint \u00e9rt\u00e9k\u0171 a megrendel\u00e9s\u00e1llom\u00e1nya, a beruh\u00e1z\u00e1sok teljes\u00edt\u00e9s\u00e9hez az \u00e1gazatnak 40-60 sz\u00e1zal\u00e9kos termel\u00e9kenys\u00e9gn\u00f6vel\u00e9sre van sz\u00fcks\u00e9ge.<\/p>\n<p>Az \u00e9p\u00edt\u0151k napja hagyom\u00e1nyosan j\u00fanius els\u0151 vas\u00e1rnapj\u00e1ra esik az 1897. j\u00fanius 6-7-\u00e9n, Budapesten tartott els\u0151, orsz\u00e1gos \u00e9p\u00edt\u0151munk\u00e1s-kongresszus tisztelet\u00e9re. A hivatalos \u00fcnneps\u00e9get id\u00e9n m\u00e1jus 31-\u00e9n tartott\u00e1k Budapesten, a Vasas Szakszervezetek Sz\u00e9kh\u00e1z\u00e1ban.<\/p>\n<\/p><\/div>\n<p><script>\n    window.fbAsyncInit = function() {\n        FB.init({\n            appId      : \"204760236815359\",\n            xfbml      : true,\n            version    : \"v2.12\"\n        });\n        FB.AppEvents.logPageView();\n    };<\/p>\n<p>    (function(d, s, id){\n        var js, fjs = d.getElementsByTagName(s)[0];\n        if (d.getElementById(id)) {return;}\n        js = d.createElement(s); js.id = id;\n        js.src = \"http:\/\/connect.facebook.net\/hu_HU\/sdk.js\";\n        fjs.parentNode.insertBefore(js, fjs);\n    }(document, \"script\", \"facebook-jssdk\"));\n<\/script><br \/>\n<br \/>[ad_2]<br \/>\n<br \/><a href=\"https:\/\/www.vg.hu\/gazdasag\/gazdasagi-hirek\/ujabb-lokest-adnak-az-epitoipari-cegeknek-1547219\/\">Source link <\/a><\/p>\n","protected":false},"excerpt":{"rendered":"<p>[ad_1] Az \u00e9v m\u00e1sodik fel\u00e9ben 3 milli\u00e1rd forinttal b\u0151v\u00fcl az \u00e9p\u00edt\u0151ipari kkv-k technol\u00f3giai \u00faj\u00edt\u00e1s\u00e1t t\u00e1mogat\u00f3, id\u00e9n megnyitott 6 milli\u00e1rd forintos keret. Az Innov\u00e1ci\u00f3s \u00e9s Technol\u00f3giai Miniszt\u00e9rium (ITM) az \u00e9v m\u00e1sodik fel\u00e9ben 3 milli\u00e1rd forinttal b\u0151v\u00edti az \u00e9p\u00edt\u0151ipari kis- \u00e9s k\u00f6zepes v\u00e1llalkoz\u00e1sok (kkv-k) technol\u00f3giai \u00faj\u00edt\u00e1s\u00e1t t\u00e1mogat\u00f3, id\u00e9n megnyitott 6 milli\u00e1rd forintos keretet \u2013 tudatta a t\u00e1rca [&hellip;]<\/p>\n","protected":false},"author":2,"featured_media":3253,"comment_status":"open","ping_status":"open","sticky":false,"template":"","format":"standard","meta":{"footnotes":""},"categories":[1],"tags":[],"class_list":["post-3252","post","type-post","status-publish","format-standard","has-post-thumbnail","hentry","category-penzugyi-hirek"],"yoast_head":"<!-- This site is optimized with the Yoast SEO plugin v27.4 - https:\/\/yoast.com\/product\/yoast-seo-wordpress\/ -->\n<title>\u00dajabb l\u00f6k\u00e9st adnak az \u00e9p\u00edt\u0151ipari c\u00e9geknek - Super News<\/title>\n<meta name=\"robots\" content=\"index, follow, max-snippet:-1, max-image-preview:large, max-video-preview:-1\" \/>\n<link rel=\"canonical\" href=\"https:\/\/super-news.info\/hu\/ujabb-lokest-adnak-az-epitoipari-cegeknek\/\" \/>\n<meta property=\"og:locale\" content=\"hu_HU\" \/>\n<meta property=\"og:type\" content=\"article\" \/>\n<meta property=\"og:title\" content=\"\u00dajabb l\u00f6k\u00e9st adnak az \u00e9p\u00edt\u0151ipari c\u00e9geknek - Super News\" \/>\n<meta property=\"og:description\" content=\"[ad_1] Az \u00e9v m\u00e1sodik fel\u00e9ben 3 milli\u00e1rd forinttal b\u0151v\u00fcl az \u00e9p\u00edt\u0151ipari kkv-k technol\u00f3giai \u00faj\u00edt\u00e1s\u00e1t t\u00e1mogat\u00f3, id\u00e9n megnyitott 6 milli\u00e1rd forintos keret. Az Innov\u00e1ci\u00f3s \u00e9s Technol\u00f3giai Miniszt\u00e9rium (ITM) az \u00e9v m\u00e1sodik fel\u00e9ben 3 milli\u00e1rd forinttal b\u0151v\u00edti az \u00e9p\u00edt\u0151ipari kis- \u00e9s k\u00f6zepes v\u00e1llalkoz\u00e1sok (kkv-k) technol\u00f3giai \u00faj\u00edt\u00e1s\u00e1t t\u00e1mogat\u00f3, id\u00e9n megnyitott 6 milli\u00e1rd forintos keretet \u2013 tudatta a t\u00e1rca [&hellip;]\" \/>\n<meta property=\"og:url\" content=\"https:\/\/super-news.info\/hu\/ujabb-lokest-adnak-az-epitoipari-cegeknek\/\" \/>\n<meta property=\"og:site_name\" content=\"Super News\" \/>\n<meta property=\"article:published_time\" content=\"2019-06-02T16:05:30+00:00\" \/>\n<meta property=\"article:modified_time\" content=\"2019-06-02T16:05:31+00:00\" \/>\n<meta property=\"og:image\" content=\"https:\/\/super-news.info\/hu\/wp-content\/uploads\/sites\/3\/2019\/06\/\u00dajabb-l\u00f6k\u00e9st-adnak-az-\u00e9p\u00edt\u0151ipari-c\u00e9geknek.jpg\" \/>\n\t<meta property=\"og:image:width\" content=\"1400\" \/>\n\t<meta property=\"og:image:height\" content=\"879\" \/>\n\t<meta property=\"og:image:type\" content=\"image\/jpeg\" \/>\n<meta name=\"author\" content=\"super-news\" \/>\n<meta name=\"twitter:card\" content=\"summary_large_image\" \/>\n<meta name=\"twitter:label1\" content=\"Szerz\u0151:\" \/>\n\t<meta name=\"twitter:data1\" content=\"super-news\" \/>\n\t<meta name=\"twitter:label2\" content=\"Becs\u00fclt olvas\u00e1si id\u0151\" \/>\n\t<meta name=\"twitter:data2\" content=\"2 perc\" \/>\n<script type=\"application\/ld+json\" class=\"yoast-schema-graph\">{\"@context\":\"https:\\\/\\\/schema.org\",\"@graph\":[{\"@type\":\"Article\",\"@id\":\"https:\\\/\\\/super-news.info\\\/hu\\\/ujabb-lokest-adnak-az-epitoipari-cegeknek\\\/#article\",\"isPartOf\":{\"@id\":\"https:\\\/\\\/super-news.info\\\/hu\\\/ujabb-lokest-adnak-az-epitoipari-cegeknek\\\/\"},\"author\":{\"name\":\"super-news\",\"@id\":\"https:\\\/\\\/super-news.info\\\/hu\\\/#\\\/schema\\\/person\\\/2d4068cb2f39cd10008c2fce578a7356\"},\"headline\":\"\u00dajabb l\u00f6k\u00e9st adnak az \u00e9p\u00edt\u0151ipari c\u00e9geknek\",\"datePublished\":\"2019-06-02T16:05:30+00:00\",\"dateModified\":\"2019-06-02T16:05:31+00:00\",\"mainEntityOfPage\":{\"@id\":\"https:\\\/\\\/super-news.info\\\/hu\\\/ujabb-lokest-adnak-az-epitoipari-cegeknek\\\/\"},\"wordCount\":402,\"commentCount\":0,\"image\":{\"@id\":\"https:\\\/\\\/super-news.info\\\/hu\\\/ujabb-lokest-adnak-az-epitoipari-cegeknek\\\/#primaryimage\"},\"thumbnailUrl\":\"https:\\\/\\\/super-news.info\\\/hu\\\/wp-content\\\/uploads\\\/sites\\\/3\\\/2019\\\/06\\\/\u00dajabb-l\u00f6k\u00e9st-adnak-az-\u00e9p\u00edt\u0151ipari-c\u00e9geknek.jpg\",\"articleSection\":[\"P\u00c9NZ\u00dcGYI H\u00cdREK\"],\"inLanguage\":\"hu\",\"potentialAction\":[{\"@type\":\"CommentAction\",\"name\":\"Comment\",\"target\":[\"https:\\\/\\\/super-news.info\\\/hu\\\/ujabb-lokest-adnak-az-epitoipari-cegeknek\\\/#respond\"]}]},{\"@type\":\"WebPage\",\"@id\":\"https:\\\/\\\/super-news.info\\\/hu\\\/ujabb-lokest-adnak-az-epitoipari-cegeknek\\\/\",\"url\":\"https:\\\/\\\/super-news.info\\\/hu\\\/ujabb-lokest-adnak-az-epitoipari-cegeknek\\\/\",\"name\":\"\u00dajabb l\u00f6k\u00e9st adnak az \u00e9p\u00edt\u0151ipari c\u00e9geknek - Super News\",\"isPartOf\":{\"@id\":\"https:\\\/\\\/super-news.info\\\/hu\\\/#website\"},\"primaryImageOfPage\":{\"@id\":\"https:\\\/\\\/super-news.info\\\/hu\\\/ujabb-lokest-adnak-az-epitoipari-cegeknek\\\/#primaryimage\"},\"image\":{\"@id\":\"https:\\\/\\\/super-news.info\\\/hu\\\/ujabb-lokest-adnak-az-epitoipari-cegeknek\\\/#primaryimage\"},\"thumbnailUrl\":\"https:\\\/\\\/super-news.info\\\/hu\\\/wp-content\\\/uploads\\\/sites\\\/3\\\/2019\\\/06\\\/\u00dajabb-l\u00f6k\u00e9st-adnak-az-\u00e9p\u00edt\u0151ipari-c\u00e9geknek.jpg\",\"datePublished\":\"2019-06-02T16:05:30+00:00\",\"dateModified\":\"2019-06-02T16:05:31+00:00\",\"author\":{\"@id\":\"https:\\\/\\\/super-news.info\\\/hu\\\/#\\\/schema\\\/person\\\/2d4068cb2f39cd10008c2fce578a7356\"},\"breadcrumb\":{\"@id\":\"https:\\\/\\\/super-news.info\\\/hu\\\/ujabb-lokest-adnak-az-epitoipari-cegeknek\\\/#breadcrumb\"},\"inLanguage\":\"hu\",\"potentialAction\":[{\"@type\":\"ReadAction\",\"target\":[\"https:\\\/\\\/super-news.info\\\/hu\\\/ujabb-lokest-adnak-az-epitoipari-cegeknek\\\/\"]}]},{\"@type\":\"ImageObject\",\"inLanguage\":\"hu\",\"@id\":\"https:\\\/\\\/super-news.info\\\/hu\\\/ujabb-lokest-adnak-az-epitoipari-cegeknek\\\/#primaryimage\",\"url\":\"https:\\\/\\\/super-news.info\\\/hu\\\/wp-content\\\/uploads\\\/sites\\\/3\\\/2019\\\/06\\\/\u00dajabb-l\u00f6k\u00e9st-adnak-az-\u00e9p\u00edt\u0151ipari-c\u00e9geknek.jpg\",\"contentUrl\":\"https:\\\/\\\/super-news.info\\\/hu\\\/wp-content\\\/uploads\\\/sites\\\/3\\\/2019\\\/06\\\/\u00dajabb-l\u00f6k\u00e9st-adnak-az-\u00e9p\u00edt\u0151ipari-c\u00e9geknek.jpg\",\"width\":1400,\"height\":879,\"caption\":\"\u00dajabb l\u00f6k\u00e9st adnak az \u00e9p\u00edt\u0151ipari c\u00e9geknek\"},{\"@type\":\"BreadcrumbList\",\"@id\":\"https:\\\/\\\/super-news.info\\\/hu\\\/ujabb-lokest-adnak-az-epitoipari-cegeknek\\\/#breadcrumb\",\"itemListElement\":[{\"@type\":\"ListItem\",\"position\":1,\"name\":\"\u0413\u043b\u0430\u0432\u043d\u0430\u044f \u0441\u0442\u0440\u0430\u043d\u0438\u0446\u0430\",\"item\":\"https:\\\/\\\/super-news.info\\\/hu\\\/\"},{\"@type\":\"ListItem\",\"position\":2,\"name\":\"\u00dajabb l\u00f6k\u00e9st adnak az \u00e9p\u00edt\u0151ipari c\u00e9geknek\"}]},{\"@type\":\"WebSite\",\"@id\":\"https:\\\/\\\/super-news.info\\\/hu\\\/#website\",\"url\":\"https:\\\/\\\/super-news.info\\\/hu\\\/\",\"name\":\"Super News\",\"description\":\"Super News Magyarorsz\u00e1g\",\"potentialAction\":[{\"@type\":\"SearchAction\",\"target\":{\"@type\":\"EntryPoint\",\"urlTemplate\":\"https:\\\/\\\/super-news.info\\\/hu\\\/?s={search_term_string}\"},\"query-input\":{\"@type\":\"PropertyValueSpecification\",\"valueRequired\":true,\"valueName\":\"search_term_string\"}}],\"inLanguage\":\"hu\"},{\"@type\":\"Person\",\"@id\":\"https:\\\/\\\/super-news.info\\\/hu\\\/#\\\/schema\\\/person\\\/2d4068cb2f39cd10008c2fce578a7356\",\"name\":\"super-news\",\"image\":{\"@type\":\"ImageObject\",\"inLanguage\":\"hu\",\"@id\":\"https:\\\/\\\/secure.gravatar.com\\\/avatar\\\/64ebac40b93f26a154f8a9b5b6fdccfc46f442b26b3dd6756dbff3bf9dc76fd7?s=96&d=mm&r=g\",\"url\":\"https:\\\/\\\/secure.gravatar.com\\\/avatar\\\/64ebac40b93f26a154f8a9b5b6fdccfc46f442b26b3dd6756dbff3bf9dc76fd7?s=96&d=mm&r=g\",\"contentUrl\":\"https:\\\/\\\/secure.gravatar.com\\\/avatar\\\/64ebac40b93f26a154f8a9b5b6fdccfc46f442b26b3dd6756dbff3bf9dc76fd7?s=96&d=mm&r=g\",\"caption\":\"super-news\"},\"url\":\"https:\\\/\\\/super-news.info\\\/hu\\\/author\\\/pt\\\/\"}]}<\/script>\n<!-- \/ Yoast SEO plugin. -->","yoast_head_json":{"title":"\u00dajabb l\u00f6k\u00e9st adnak az \u00e9p\u00edt\u0151ipari c\u00e9geknek - Super News","robots":{"index":"index","follow":"follow","max-snippet":"max-snippet:-1","max-image-preview":"max-image-preview:large","max-video-preview":"max-video-preview:-1"},"canonical":"https:\/\/super-news.info\/hu\/ujabb-lokest-adnak-az-epitoipari-cegeknek\/","og_locale":"hu_HU","og_type":"article","og_title":"\u00dajabb l\u00f6k\u00e9st adnak az \u00e9p\u00edt\u0151ipari c\u00e9geknek - Super News","og_description":"[ad_1] Az \u00e9v m\u00e1sodik fel\u00e9ben 3 milli\u00e1rd forinttal b\u0151v\u00fcl az \u00e9p\u00edt\u0151ipari kkv-k technol\u00f3giai \u00faj\u00edt\u00e1s\u00e1t t\u00e1mogat\u00f3, id\u00e9n megnyitott 6 milli\u00e1rd forintos keret. Az Innov\u00e1ci\u00f3s \u00e9s Technol\u00f3giai Miniszt\u00e9rium (ITM) az \u00e9v m\u00e1sodik fel\u00e9ben 3 milli\u00e1rd forinttal b\u0151v\u00edti az \u00e9p\u00edt\u0151ipari kis- \u00e9s k\u00f6zepes v\u00e1llalkoz\u00e1sok (kkv-k) technol\u00f3giai \u00faj\u00edt\u00e1s\u00e1t t\u00e1mogat\u00f3, id\u00e9n megnyitott 6 milli\u00e1rd forintos keretet \u2013 tudatta a t\u00e1rca [&hellip;]","og_url":"https:\/\/super-news.info\/hu\/ujabb-lokest-adnak-az-epitoipari-cegeknek\/","og_site_name":"Super News","article_published_time":"2019-06-02T16:05:30+00:00","article_modified_time":"2019-06-02T16:05:31+00:00","og_image":[{"width":1400,"height":879,"url":"https:\/\/super-news.info\/hu\/wp-content\/uploads\/sites\/3\/2019\/06\/\u00dajabb-l\u00f6k\u00e9st-adnak-az-\u00e9p\u00edt\u0151ipari-c\u00e9geknek.jpg","type":"image\/jpeg"}],"author":"super-news","twitter_card":"summary_large_image","twitter_misc":{"Szerz\u0151:":"super-news","Becs\u00fclt olvas\u00e1si id\u0151":"2 perc"},"schema":{"@context":"https:\/\/schema.org","@graph":[{"@type":"Article","@id":"https:\/\/super-news.info\/hu\/ujabb-lokest-adnak-az-epitoipari-cegeknek\/#article","isPartOf":{"@id":"https:\/\/super-news.info\/hu\/ujabb-lokest-adnak-az-epitoipari-cegeknek\/"},"author":{"name":"super-news","@id":"https:\/\/super-news.info\/hu\/#\/schema\/person\/2d4068cb2f39cd10008c2fce578a7356"},"headline":"\u00dajabb l\u00f6k\u00e9st adnak az \u00e9p\u00edt\u0151ipari c\u00e9geknek","datePublished":"2019-06-02T16:05:30+00:00","dateModified":"2019-06-02T16:05:31+00:00","mainEntityOfPage":{"@id":"https:\/\/super-news.info\/hu\/ujabb-lokest-adnak-az-epitoipari-cegeknek\/"},"wordCount":402,"commentCount":0,"image":{"@id":"https:\/\/super-news.info\/hu\/ujabb-lokest-adnak-az-epitoipari-cegeknek\/#primaryimage"},"thumbnailUrl":"https:\/\/super-news.info\/hu\/wp-content\/uploads\/sites\/3\/2019\/06\/\u00dajabb-l\u00f6k\u00e9st-adnak-az-\u00e9p\u00edt\u0151ipari-c\u00e9geknek.jpg","articleSection":["P\u00c9NZ\u00dcGYI H\u00cdREK"],"inLanguage":"hu","potentialAction":[{"@type":"CommentAction","name":"Comment","target":["https:\/\/super-news.info\/hu\/ujabb-lokest-adnak-az-epitoipari-cegeknek\/#respond"]}]},{"@type":"WebPage","@id":"https:\/\/super-news.info\/hu\/ujabb-lokest-adnak-az-epitoipari-cegeknek\/","url":"https:\/\/super-news.info\/hu\/ujabb-lokest-adnak-az-epitoipari-cegeknek\/","name":"\u00dajabb l\u00f6k\u00e9st adnak az \u00e9p\u00edt\u0151ipari c\u00e9geknek - Super News","isPartOf":{"@id":"https:\/\/super-news.info\/hu\/#website"},"primaryImageOfPage":{"@id":"https:\/\/super-news.info\/hu\/ujabb-lokest-adnak-az-epitoipari-cegeknek\/#primaryimage"},"image":{"@id":"https:\/\/super-news.info\/hu\/ujabb-lokest-adnak-az-epitoipari-cegeknek\/#primaryimage"},"thumbnailUrl":"https:\/\/super-news.info\/hu\/wp-content\/uploads\/sites\/3\/2019\/06\/\u00dajabb-l\u00f6k\u00e9st-adnak-az-\u00e9p\u00edt\u0151ipari-c\u00e9geknek.jpg","datePublished":"2019-06-02T16:05:30+00:00","dateModified":"2019-06-02T16:05:31+00:00","author":{"@id":"https:\/\/super-news.info\/hu\/#\/schema\/person\/2d4068cb2f39cd10008c2fce578a7356"},"breadcrumb":{"@id":"https:\/\/super-news.info\/hu\/ujabb-lokest-adnak-az-epitoipari-cegeknek\/#breadcrumb"},"inLanguage":"hu","potentialAction":[{"@type":"ReadAction","target":["https:\/\/super-news.info\/hu\/ujabb-lokest-adnak-az-epitoipari-cegeknek\/"]}]},{"@type":"ImageObject","inLanguage":"hu","@id":"https:\/\/super-news.info\/hu\/ujabb-lokest-adnak-az-epitoipari-cegeknek\/#primaryimage","url":"https:\/\/super-news.info\/hu\/wp-content\/uploads\/sites\/3\/2019\/06\/\u00dajabb-l\u00f6k\u00e9st-adnak-az-\u00e9p\u00edt\u0151ipari-c\u00e9geknek.jpg","contentUrl":"https:\/\/super-news.info\/hu\/wp-content\/uploads\/sites\/3\/2019\/06\/\u00dajabb-l\u00f6k\u00e9st-adnak-az-\u00e9p\u00edt\u0151ipari-c\u00e9geknek.jpg","width":1400,"height":879,"caption":"\u00dajabb l\u00f6k\u00e9st adnak az \u00e9p\u00edt\u0151ipari c\u00e9geknek"},{"@type":"BreadcrumbList","@id":"https:\/\/super-news.info\/hu\/ujabb-lokest-adnak-az-epitoipari-cegeknek\/#breadcrumb","itemListElement":[{"@type":"ListItem","position":1,"name":"\u0413\u043b\u0430\u0432\u043d\u0430\u044f \u0441\u0442\u0440\u0430\u043d\u0438\u0446\u0430","item":"https:\/\/super-news.info\/hu\/"},{"@type":"ListItem","position":2,"name":"\u00dajabb l\u00f6k\u00e9st adnak az \u00e9p\u00edt\u0151ipari c\u00e9geknek"}]},{"@type":"WebSite","@id":"https:\/\/super-news.info\/hu\/#website","url":"https:\/\/super-news.info\/hu\/","name":"Super News","description":"Super News Magyarorsz\u00e1g","potentialAction":[{"@type":"SearchAction","target":{"@type":"EntryPoint","urlTemplate":"https:\/\/super-news.info\/hu\/?s={search_term_string}"},"query-input":{"@type":"PropertyValueSpecification","valueRequired":true,"valueName":"search_term_string"}}],"inLanguage":"hu"},{"@type":"Person","@id":"https:\/\/super-news.info\/hu\/#\/schema\/person\/2d4068cb2f39cd10008c2fce578a7356","name":"super-news","image":{"@type":"ImageObject","inLanguage":"hu","@id":"https:\/\/secure.gravatar.com\/avatar\/64ebac40b93f26a154f8a9b5b6fdccfc46f442b26b3dd6756dbff3bf9dc76fd7?s=96&d=mm&r=g","url":"https:\/\/secure.gravatar.com\/avatar\/64ebac40b93f26a154f8a9b5b6fdccfc46f442b26b3dd6756dbff3bf9dc76fd7?s=96&d=mm&r=g","contentUrl":"https:\/\/secure.gravatar.com\/avatar\/64ebac40b93f26a154f8a9b5b6fdccfc46f442b26b3dd6756dbff3bf9dc76fd7?s=96&d=mm&r=g","caption":"super-news"},"url":"https:\/\/super-news.info\/hu\/author\/pt\/"}]}},"_links":{"self":[{"href":"https:\/\/super-news.info\/hu\/wp-json\/wp\/v2\/posts\/3252","targetHints":{"allow":["GET"]}}],"collection":[{"href":"https:\/\/super-news.info\/hu\/wp-json\/wp\/v2\/posts"}],"about":[{"href":"https:\/\/super-news.info\/hu\/wp-json\/wp\/v2\/types\/post"}],"author":[{"embeddable":true,"href":"https:\/\/super-news.info\/hu\/wp-json\/wp\/v2\/users\/2"}],"replies":[{"embeddable":true,"href":"https:\/\/super-news.info\/hu\/wp-json\/wp\/v2\/comments?post=3252"}],"version-history":[{"count":1,"href":"https:\/\/super-news.info\/hu\/wp-json\/wp\/v2\/posts\/3252\/revisions"}],"predecessor-version":[{"id":3254,"href":"https:\/\/super-news.info\/hu\/wp-json\/wp\/v2\/posts\/3252\/revisions\/3254"}],"wp:featuredmedia":[{"embeddable":true,"href":"https:\/\/super-news.info\/hu\/wp-json\/wp\/v2\/media\/3253"}],"wp:attachment":[{"href":"https:\/\/super-news.info\/hu\/wp-json\/wp\/v2\/media?parent=3252"}],"wp:term":[{"taxonomy":"category","embeddable":true,"href":"https:\/\/super-news.info\/hu\/wp-json\/wp\/v2\/categories?post=3252"},{"taxonomy":"post_tag","embeddable":true,"href":"https:\/\/super-news.info\/hu\/wp-json\/wp\/v2\/tags?post=3252"}],"curies":[{"name":"wp","href":"https:\/\/api.w.org\/{rel}","templated":true}]}}