{"id":3243,"date":"2019-06-02T16:09:49","date_gmt":"2019-06-02T13:09:49","guid":{"rendered":"https:\/\/super-news.info\/hu\/hetfon-probalkozhatnak-ujra-a-hableany-kiemelesevel\/"},"modified":"2019-06-02T16:09:50","modified_gmt":"2019-06-02T13:09:50","slug":"hetfon-probalkozhatnak-ujra-a-hableany-kiemelesevel","status":"publish","type":"post","link":"https:\/\/super-news.info\/hu\/hetfon-probalkozhatnak-ujra-a-hableany-kiemelesevel\/","title":{"rendered":"H\u00e9tf\u0151n pr\u00f3b\u00e1lkozhatnak \u00fajra a Hable\u00e1ny kiemel\u00e9s\u00e9vel"},"content":{"rendered":"<p> [ad_1]<br \/>\n<\/p>\n<div>\n<p>Vas\u00e1rnap nem mer\u00fcltek le a b\u00fav\u00e1rok a dunai haj\u00f3balesetben szerd\u00e1n els\u00fcllyedt kishaj\u00f3hoz, tal\u00e1n h\u00e9tf\u0151n pr\u00f3b\u00e1lkoznak \u2013 mondta az M1 aktu\u00e1lis csatorna helysz\u00ednr\u0151l bejelentkez\u0151 riportere.<\/p>\n<p>A vas\u00e1rnap kora d\u00e9lut\u00e1ni h\u00edrad\u00e1s szerint egyel\u0151re sem a magyar, sem az osztr\u00e1k, sem pedig a d\u00e9l-koreai b\u00fav\u00e1rok nem l\u00e1tnak lehet\u0151s\u00e9get a mer\u00fcl\u00e9sre.<\/p>\n<div id=\"attachment_1547153\" style=\"width: 1410px\" class=\"wp-caption aligncenter\">\n<p class=\"wp-caption-text\">Fot\u00f3: MTI\/M\u00e1th\u00e9 Zolt\u00e1n<\/p>\n<\/div>\n<p>A szakemberek abban b\u00edznak, hogy apad a foly\u00f3, \u00e9s enyh\u00fcl a sodr\u00e1sa. Tov\u00e1bb\u00e1 megpr\u00f3b\u00e1lj\u00e1k le\u00e1rny\u00e9kolni az els\u00fcllyedt haj\u00f3t, hogy a b\u00fav\u00e1rok k\u00f6nnyebben mozoghassanak \u2013 magyar\u00e1zta az M1 riportere.<\/p>\n<p>Szerda este nem sokkal 9 \u00f3ra ut\u00e1n a Margit h\u00eddn\u00e1l a Viking sz\u00e1llodahaj\u00f3val \u00fctk\u00f6z\u00f6tt a j\u00f3val kisebb Hable\u00e1ny turistahaj\u00f3, fed\u00e9lzet\u00e9n d\u00e9l-koreai turist\u00e1kkal, majd m\u00e1sodpercek alatt els\u00fcllyedt. H\u00e9t embert a k\u00f6rnyez\u0151 haj\u00f3kon utaz\u00f3k mentettek ki, h\u00e9t embernek a holttest\u00e9t tal\u00e1lt\u00e1k meg, mindannyian d\u00e9l-koreai \u00e1llampolg\u00e1rok voltak. A haj\u00f3balesetben 21 ember elt\u0171nt.<\/p>\n<\/p><\/div>\n<p><script>\n    window.fbAsyncInit = function() {\n        FB.init({\n            appId      : \"204760236815359\",\n            xfbml      : true,\n            version    : \"v2.12\"\n        });\n        FB.AppEvents.logPageView();\n    };<\/p>\n<p>    (function(d, s, id){\n        var js, fjs = d.getElementsByTagName(s)[0];\n        if (d.getElementById(id)) {return;}\n        js = d.createElement(s); js.id = id;\n        js.src = \"http:\/\/connect.facebook.net\/hu_HU\/sdk.js\";\n        fjs.parentNode.insertBefore(js, fjs);\n    }(document, \"script\", \"facebook-jssdk\"));\n<\/script><br \/>\n<br \/>[ad_2]<br \/>\n<br \/><a href=\"https:\/\/www.vg.hu\/kozelet\/kozeleti-hirek\/hetfon-probalkozhatnak-ujra-a-hableany-kiemelesevel-1547144\/\">Source link <\/a><\/p>\n","protected":false},"excerpt":{"rendered":"<p>[ad_1] Vas\u00e1rnap nem mer\u00fcltek le a b\u00fav\u00e1rok a dunai haj\u00f3balesetben szerd\u00e1n els\u00fcllyedt kishaj\u00f3hoz, tal\u00e1n h\u00e9tf\u0151n pr\u00f3b\u00e1lkoznak \u2013 mondta az M1 aktu\u00e1lis csatorna helysz\u00ednr\u0151l bejelentkez\u0151 riportere. A vas\u00e1rnap kora d\u00e9lut\u00e1ni h\u00edrad\u00e1s szerint egyel\u0151re sem a magyar, sem az osztr\u00e1k, sem pedig a d\u00e9l-koreai b\u00fav\u00e1rok nem l\u00e1tnak lehet\u0151s\u00e9get a mer\u00fcl\u00e9sre. Fot\u00f3: MTI\/M\u00e1th\u00e9 Zolt\u00e1n A szakemberek abban b\u00edznak, [&hellip;]<\/p>\n","protected":false},"author":2,"featured_media":3244,"comment_status":"open","ping_status":"open","sticky":false,"template":"","format":"standard","meta":{"footnotes":""},"categories":[1],"tags":[],"class_list":["post-3243","post","type-post","status-publish","format-standard","has-post-thumbnail","hentry","category-penzugyi-hirek"],"yoast_head":"<!-- This site is optimized with the Yoast SEO plugin v27.4 - https:\/\/yoast.com\/product\/yoast-seo-wordpress\/ -->\n<title>H\u00e9tf\u0151n pr\u00f3b\u00e1lkozhatnak \u00fajra a Hable\u00e1ny kiemel\u00e9s\u00e9vel - Super News<\/title>\n<meta name=\"robots\" content=\"index, follow, max-snippet:-1, max-image-preview:large, max-video-preview:-1\" \/>\n<link rel=\"canonical\" href=\"https:\/\/super-news.info\/hu\/hetfon-probalkozhatnak-ujra-a-hableany-kiemelesevel\/\" \/>\n<meta property=\"og:locale\" content=\"hu_HU\" \/>\n<meta property=\"og:type\" content=\"article\" \/>\n<meta property=\"og:title\" content=\"H\u00e9tf\u0151n pr\u00f3b\u00e1lkozhatnak \u00fajra a Hable\u00e1ny kiemel\u00e9s\u00e9vel - Super News\" \/>\n<meta property=\"og:description\" content=\"[ad_1] Vas\u00e1rnap nem mer\u00fcltek le a b\u00fav\u00e1rok a dunai haj\u00f3balesetben szerd\u00e1n els\u00fcllyedt kishaj\u00f3hoz, tal\u00e1n h\u00e9tf\u0151n pr\u00f3b\u00e1lkoznak \u2013 mondta az M1 aktu\u00e1lis csatorna helysz\u00ednr\u0151l bejelentkez\u0151 riportere. A vas\u00e1rnap kora d\u00e9lut\u00e1ni h\u00edrad\u00e1s szerint egyel\u0151re sem a magyar, sem az osztr\u00e1k, sem pedig a d\u00e9l-koreai b\u00fav\u00e1rok nem l\u00e1tnak lehet\u0151s\u00e9get a mer\u00fcl\u00e9sre. Fot\u00f3: MTI\/M\u00e1th\u00e9 Zolt\u00e1n A szakemberek abban b\u00edznak, [&hellip;]\" \/>\n<meta property=\"og:url\" content=\"https:\/\/super-news.info\/hu\/hetfon-probalkozhatnak-ujra-a-hableany-kiemelesevel\/\" \/>\n<meta property=\"og:site_name\" content=\"Super News\" \/>\n<meta property=\"article:published_time\" content=\"2019-06-02T13:09:49+00:00\" \/>\n<meta property=\"article:modified_time\" content=\"2019-06-02T13:09:50+00:00\" \/>\n<meta property=\"og:image\" content=\"https:\/\/super-news.info\/hu\/wp-content\/uploads\/sites\/3\/2019\/06\/H\u00e9tf\u0151n-pr\u00f3b\u00e1lkozhatnak-\u00fajra-a-Hable\u00e1ny-kiemel\u00e9s\u00e9vel.jpg\" \/>\n\t<meta property=\"og:image:width\" content=\"1400\" \/>\n\t<meta property=\"og:image:height\" content=\"933\" \/>\n\t<meta property=\"og:image:type\" content=\"image\/jpeg\" \/>\n<meta name=\"author\" content=\"super-news\" \/>\n<meta name=\"twitter:card\" content=\"summary_large_image\" \/>\n<meta name=\"twitter:label1\" content=\"Szerz\u0151:\" \/>\n\t<meta name=\"twitter:data1\" content=\"super-news\" \/>\n\t<meta name=\"twitter:label2\" content=\"Becs\u00fclt olvas\u00e1si id\u0151\" \/>\n\t<meta name=\"twitter:data2\" content=\"1 perc\" \/>\n<script type=\"application\/ld+json\" class=\"yoast-schema-graph\">{\"@context\":\"https:\\\/\\\/schema.org\",\"@graph\":[{\"@type\":\"Article\",\"@id\":\"https:\\\/\\\/super-news.info\\\/hu\\\/hetfon-probalkozhatnak-ujra-a-hableany-kiemelesevel\\\/#article\",\"isPartOf\":{\"@id\":\"https:\\\/\\\/super-news.info\\\/hu\\\/hetfon-probalkozhatnak-ujra-a-hableany-kiemelesevel\\\/\"},\"author\":{\"name\":\"super-news\",\"@id\":\"https:\\\/\\\/super-news.info\\\/hu\\\/#\\\/schema\\\/person\\\/2d4068cb2f39cd10008c2fce578a7356\"},\"headline\":\"H\u00e9tf\u0151n pr\u00f3b\u00e1lkozhatnak \u00fajra a Hable\u00e1ny kiemel\u00e9s\u00e9vel\",\"datePublished\":\"2019-06-02T13:09:49+00:00\",\"dateModified\":\"2019-06-02T13:09:50+00:00\",\"mainEntityOfPage\":{\"@id\":\"https:\\\/\\\/super-news.info\\\/hu\\\/hetfon-probalkozhatnak-ujra-a-hableany-kiemelesevel\\\/\"},\"wordCount\":216,\"commentCount\":0,\"image\":{\"@id\":\"https:\\\/\\\/super-news.info\\\/hu\\\/hetfon-probalkozhatnak-ujra-a-hableany-kiemelesevel\\\/#primaryimage\"},\"thumbnailUrl\":\"https:\\\/\\\/super-news.info\\\/hu\\\/wp-content\\\/uploads\\\/sites\\\/3\\\/2019\\\/06\\\/H\u00e9tf\u0151n-pr\u00f3b\u00e1lkozhatnak-\u00fajra-a-Hable\u00e1ny-kiemel\u00e9s\u00e9vel.jpg\",\"articleSection\":[\"P\u00c9NZ\u00dcGYI H\u00cdREK\"],\"inLanguage\":\"hu\",\"potentialAction\":[{\"@type\":\"CommentAction\",\"name\":\"Comment\",\"target\":[\"https:\\\/\\\/super-news.info\\\/hu\\\/hetfon-probalkozhatnak-ujra-a-hableany-kiemelesevel\\\/#respond\"]}]},{\"@type\":\"WebPage\",\"@id\":\"https:\\\/\\\/super-news.info\\\/hu\\\/hetfon-probalkozhatnak-ujra-a-hableany-kiemelesevel\\\/\",\"url\":\"https:\\\/\\\/super-news.info\\\/hu\\\/hetfon-probalkozhatnak-ujra-a-hableany-kiemelesevel\\\/\",\"name\":\"H\u00e9tf\u0151n pr\u00f3b\u00e1lkozhatnak \u00fajra a Hable\u00e1ny kiemel\u00e9s\u00e9vel - Super News\",\"isPartOf\":{\"@id\":\"https:\\\/\\\/super-news.info\\\/hu\\\/#website\"},\"primaryImageOfPage\":{\"@id\":\"https:\\\/\\\/super-news.info\\\/hu\\\/hetfon-probalkozhatnak-ujra-a-hableany-kiemelesevel\\\/#primaryimage\"},\"image\":{\"@id\":\"https:\\\/\\\/super-news.info\\\/hu\\\/hetfon-probalkozhatnak-ujra-a-hableany-kiemelesevel\\\/#primaryimage\"},\"thumbnailUrl\":\"https:\\\/\\\/super-news.info\\\/hu\\\/wp-content\\\/uploads\\\/sites\\\/3\\\/2019\\\/06\\\/H\u00e9tf\u0151n-pr\u00f3b\u00e1lkozhatnak-\u00fajra-a-Hable\u00e1ny-kiemel\u00e9s\u00e9vel.jpg\",\"datePublished\":\"2019-06-02T13:09:49+00:00\",\"dateModified\":\"2019-06-02T13:09:50+00:00\",\"author\":{\"@id\":\"https:\\\/\\\/super-news.info\\\/hu\\\/#\\\/schema\\\/person\\\/2d4068cb2f39cd10008c2fce578a7356\"},\"breadcrumb\":{\"@id\":\"https:\\\/\\\/super-news.info\\\/hu\\\/hetfon-probalkozhatnak-ujra-a-hableany-kiemelesevel\\\/#breadcrumb\"},\"inLanguage\":\"hu\",\"potentialAction\":[{\"@type\":\"ReadAction\",\"target\":[\"https:\\\/\\\/super-news.info\\\/hu\\\/hetfon-probalkozhatnak-ujra-a-hableany-kiemelesevel\\\/\"]}]},{\"@type\":\"ImageObject\",\"inLanguage\":\"hu\",\"@id\":\"https:\\\/\\\/super-news.info\\\/hu\\\/hetfon-probalkozhatnak-ujra-a-hableany-kiemelesevel\\\/#primaryimage\",\"url\":\"https:\\\/\\\/super-news.info\\\/hu\\\/wp-content\\\/uploads\\\/sites\\\/3\\\/2019\\\/06\\\/H\u00e9tf\u0151n-pr\u00f3b\u00e1lkozhatnak-\u00fajra-a-Hable\u00e1ny-kiemel\u00e9s\u00e9vel.jpg\",\"contentUrl\":\"https:\\\/\\\/super-news.info\\\/hu\\\/wp-content\\\/uploads\\\/sites\\\/3\\\/2019\\\/06\\\/H\u00e9tf\u0151n-pr\u00f3b\u00e1lkozhatnak-\u00fajra-a-Hable\u00e1ny-kiemel\u00e9s\u00e9vel.jpg\",\"width\":1400,\"height\":933,\"caption\":\"H\u00e9tf\u0151n pr\u00f3b\u00e1lkozhatnak \u00fajra a Hable\u00e1ny kiemel\u00e9s\u00e9vel\"},{\"@type\":\"BreadcrumbList\",\"@id\":\"https:\\\/\\\/super-news.info\\\/hu\\\/hetfon-probalkozhatnak-ujra-a-hableany-kiemelesevel\\\/#breadcrumb\",\"itemListElement\":[{\"@type\":\"ListItem\",\"position\":1,\"name\":\"\u0413\u043b\u0430\u0432\u043d\u0430\u044f \u0441\u0442\u0440\u0430\u043d\u0438\u0446\u0430\",\"item\":\"https:\\\/\\\/super-news.info\\\/hu\\\/\"},{\"@type\":\"ListItem\",\"position\":2,\"name\":\"H\u00e9tf\u0151n pr\u00f3b\u00e1lkozhatnak \u00fajra a Hable\u00e1ny kiemel\u00e9s\u00e9vel\"}]},{\"@type\":\"WebSite\",\"@id\":\"https:\\\/\\\/super-news.info\\\/hu\\\/#website\",\"url\":\"https:\\\/\\\/super-news.info\\\/hu\\\/\",\"name\":\"Super News\",\"description\":\"Super News Magyarorsz\u00e1g\",\"potentialAction\":[{\"@type\":\"SearchAction\",\"target\":{\"@type\":\"EntryPoint\",\"urlTemplate\":\"https:\\\/\\\/super-news.info\\\/hu\\\/?s={search_term_string}\"},\"query-input\":{\"@type\":\"PropertyValueSpecification\",\"valueRequired\":true,\"valueName\":\"search_term_string\"}}],\"inLanguage\":\"hu\"},{\"@type\":\"Person\",\"@id\":\"https:\\\/\\\/super-news.info\\\/hu\\\/#\\\/schema\\\/person\\\/2d4068cb2f39cd10008c2fce578a7356\",\"name\":\"super-news\",\"image\":{\"@type\":\"ImageObject\",\"inLanguage\":\"hu\",\"@id\":\"https:\\\/\\\/secure.gravatar.com\\\/avatar\\\/64ebac40b93f26a154f8a9b5b6fdccfc46f442b26b3dd6756dbff3bf9dc76fd7?s=96&d=mm&r=g\",\"url\":\"https:\\\/\\\/secure.gravatar.com\\\/avatar\\\/64ebac40b93f26a154f8a9b5b6fdccfc46f442b26b3dd6756dbff3bf9dc76fd7?s=96&d=mm&r=g\",\"contentUrl\":\"https:\\\/\\\/secure.gravatar.com\\\/avatar\\\/64ebac40b93f26a154f8a9b5b6fdccfc46f442b26b3dd6756dbff3bf9dc76fd7?s=96&d=mm&r=g\",\"caption\":\"super-news\"},\"url\":\"https:\\\/\\\/super-news.info\\\/hu\\\/author\\\/pt\\\/\"}]}<\/script>\n<!-- \/ Yoast SEO plugin. -->","yoast_head_json":{"title":"H\u00e9tf\u0151n pr\u00f3b\u00e1lkozhatnak \u00fajra a Hable\u00e1ny kiemel\u00e9s\u00e9vel - Super News","robots":{"index":"index","follow":"follow","max-snippet":"max-snippet:-1","max-image-preview":"max-image-preview:large","max-video-preview":"max-video-preview:-1"},"canonical":"https:\/\/super-news.info\/hu\/hetfon-probalkozhatnak-ujra-a-hableany-kiemelesevel\/","og_locale":"hu_HU","og_type":"article","og_title":"H\u00e9tf\u0151n pr\u00f3b\u00e1lkozhatnak \u00fajra a Hable\u00e1ny kiemel\u00e9s\u00e9vel - Super News","og_description":"[ad_1] Vas\u00e1rnap nem mer\u00fcltek le a b\u00fav\u00e1rok a dunai haj\u00f3balesetben szerd\u00e1n els\u00fcllyedt kishaj\u00f3hoz, tal\u00e1n h\u00e9tf\u0151n pr\u00f3b\u00e1lkoznak \u2013 mondta az M1 aktu\u00e1lis csatorna helysz\u00ednr\u0151l bejelentkez\u0151 riportere. A vas\u00e1rnap kora d\u00e9lut\u00e1ni h\u00edrad\u00e1s szerint egyel\u0151re sem a magyar, sem az osztr\u00e1k, sem pedig a d\u00e9l-koreai b\u00fav\u00e1rok nem l\u00e1tnak lehet\u0151s\u00e9get a mer\u00fcl\u00e9sre. Fot\u00f3: MTI\/M\u00e1th\u00e9 Zolt\u00e1n A szakemberek abban b\u00edznak, [&hellip;]","og_url":"https:\/\/super-news.info\/hu\/hetfon-probalkozhatnak-ujra-a-hableany-kiemelesevel\/","og_site_name":"Super News","article_published_time":"2019-06-02T13:09:49+00:00","article_modified_time":"2019-06-02T13:09:50+00:00","og_image":[{"width":1400,"height":933,"url":"https:\/\/super-news.info\/hu\/wp-content\/uploads\/sites\/3\/2019\/06\/H\u00e9tf\u0151n-pr\u00f3b\u00e1lkozhatnak-\u00fajra-a-Hable\u00e1ny-kiemel\u00e9s\u00e9vel.jpg","type":"image\/jpeg"}],"author":"super-news","twitter_card":"summary_large_image","twitter_misc":{"Szerz\u0151:":"super-news","Becs\u00fclt olvas\u00e1si id\u0151":"1 perc"},"schema":{"@context":"https:\/\/schema.org","@graph":[{"@type":"Article","@id":"https:\/\/super-news.info\/hu\/hetfon-probalkozhatnak-ujra-a-hableany-kiemelesevel\/#article","isPartOf":{"@id":"https:\/\/super-news.info\/hu\/hetfon-probalkozhatnak-ujra-a-hableany-kiemelesevel\/"},"author":{"name":"super-news","@id":"https:\/\/super-news.info\/hu\/#\/schema\/person\/2d4068cb2f39cd10008c2fce578a7356"},"headline":"H\u00e9tf\u0151n pr\u00f3b\u00e1lkozhatnak \u00fajra a Hable\u00e1ny kiemel\u00e9s\u00e9vel","datePublished":"2019-06-02T13:09:49+00:00","dateModified":"2019-06-02T13:09:50+00:00","mainEntityOfPage":{"@id":"https:\/\/super-news.info\/hu\/hetfon-probalkozhatnak-ujra-a-hableany-kiemelesevel\/"},"wordCount":216,"commentCount":0,"image":{"@id":"https:\/\/super-news.info\/hu\/hetfon-probalkozhatnak-ujra-a-hableany-kiemelesevel\/#primaryimage"},"thumbnailUrl":"https:\/\/super-news.info\/hu\/wp-content\/uploads\/sites\/3\/2019\/06\/H\u00e9tf\u0151n-pr\u00f3b\u00e1lkozhatnak-\u00fajra-a-Hable\u00e1ny-kiemel\u00e9s\u00e9vel.jpg","articleSection":["P\u00c9NZ\u00dcGYI H\u00cdREK"],"inLanguage":"hu","potentialAction":[{"@type":"CommentAction","name":"Comment","target":["https:\/\/super-news.info\/hu\/hetfon-probalkozhatnak-ujra-a-hableany-kiemelesevel\/#respond"]}]},{"@type":"WebPage","@id":"https:\/\/super-news.info\/hu\/hetfon-probalkozhatnak-ujra-a-hableany-kiemelesevel\/","url":"https:\/\/super-news.info\/hu\/hetfon-probalkozhatnak-ujra-a-hableany-kiemelesevel\/","name":"H\u00e9tf\u0151n pr\u00f3b\u00e1lkozhatnak \u00fajra a Hable\u00e1ny kiemel\u00e9s\u00e9vel - Super News","isPartOf":{"@id":"https:\/\/super-news.info\/hu\/#website"},"primaryImageOfPage":{"@id":"https:\/\/super-news.info\/hu\/hetfon-probalkozhatnak-ujra-a-hableany-kiemelesevel\/#primaryimage"},"image":{"@id":"https:\/\/super-news.info\/hu\/hetfon-probalkozhatnak-ujra-a-hableany-kiemelesevel\/#primaryimage"},"thumbnailUrl":"https:\/\/super-news.info\/hu\/wp-content\/uploads\/sites\/3\/2019\/06\/H\u00e9tf\u0151n-pr\u00f3b\u00e1lkozhatnak-\u00fajra-a-Hable\u00e1ny-kiemel\u00e9s\u00e9vel.jpg","datePublished":"2019-06-02T13:09:49+00:00","dateModified":"2019-06-02T13:09:50+00:00","author":{"@id":"https:\/\/super-news.info\/hu\/#\/schema\/person\/2d4068cb2f39cd10008c2fce578a7356"},"breadcrumb":{"@id":"https:\/\/super-news.info\/hu\/hetfon-probalkozhatnak-ujra-a-hableany-kiemelesevel\/#breadcrumb"},"inLanguage":"hu","potentialAction":[{"@type":"ReadAction","target":["https:\/\/super-news.info\/hu\/hetfon-probalkozhatnak-ujra-a-hableany-kiemelesevel\/"]}]},{"@type":"ImageObject","inLanguage":"hu","@id":"https:\/\/super-news.info\/hu\/hetfon-probalkozhatnak-ujra-a-hableany-kiemelesevel\/#primaryimage","url":"https:\/\/super-news.info\/hu\/wp-content\/uploads\/sites\/3\/2019\/06\/H\u00e9tf\u0151n-pr\u00f3b\u00e1lkozhatnak-\u00fajra-a-Hable\u00e1ny-kiemel\u00e9s\u00e9vel.jpg","contentUrl":"https:\/\/super-news.info\/hu\/wp-content\/uploads\/sites\/3\/2019\/06\/H\u00e9tf\u0151n-pr\u00f3b\u00e1lkozhatnak-\u00fajra-a-Hable\u00e1ny-kiemel\u00e9s\u00e9vel.jpg","width":1400,"height":933,"caption":"H\u00e9tf\u0151n pr\u00f3b\u00e1lkozhatnak \u00fajra a Hable\u00e1ny kiemel\u00e9s\u00e9vel"},{"@type":"BreadcrumbList","@id":"https:\/\/super-news.info\/hu\/hetfon-probalkozhatnak-ujra-a-hableany-kiemelesevel\/#breadcrumb","itemListElement":[{"@type":"ListItem","position":1,"name":"\u0413\u043b\u0430\u0432\u043d\u0430\u044f \u0441\u0442\u0440\u0430\u043d\u0438\u0446\u0430","item":"https:\/\/super-news.info\/hu\/"},{"@type":"ListItem","position":2,"name":"H\u00e9tf\u0151n pr\u00f3b\u00e1lkozhatnak \u00fajra a Hable\u00e1ny kiemel\u00e9s\u00e9vel"}]},{"@type":"WebSite","@id":"https:\/\/super-news.info\/hu\/#website","url":"https:\/\/super-news.info\/hu\/","name":"Super News","description":"Super News Magyarorsz\u00e1g","potentialAction":[{"@type":"SearchAction","target":{"@type":"EntryPoint","urlTemplate":"https:\/\/super-news.info\/hu\/?s={search_term_string}"},"query-input":{"@type":"PropertyValueSpecification","valueRequired":true,"valueName":"search_term_string"}}],"inLanguage":"hu"},{"@type":"Person","@id":"https:\/\/super-news.info\/hu\/#\/schema\/person\/2d4068cb2f39cd10008c2fce578a7356","name":"super-news","image":{"@type":"ImageObject","inLanguage":"hu","@id":"https:\/\/secure.gravatar.com\/avatar\/64ebac40b93f26a154f8a9b5b6fdccfc46f442b26b3dd6756dbff3bf9dc76fd7?s=96&d=mm&r=g","url":"https:\/\/secure.gravatar.com\/avatar\/64ebac40b93f26a154f8a9b5b6fdccfc46f442b26b3dd6756dbff3bf9dc76fd7?s=96&d=mm&r=g","contentUrl":"https:\/\/secure.gravatar.com\/avatar\/64ebac40b93f26a154f8a9b5b6fdccfc46f442b26b3dd6756dbff3bf9dc76fd7?s=96&d=mm&r=g","caption":"super-news"},"url":"https:\/\/super-news.info\/hu\/author\/pt\/"}]}},"_links":{"self":[{"href":"https:\/\/super-news.info\/hu\/wp-json\/wp\/v2\/posts\/3243","targetHints":{"allow":["GET"]}}],"collection":[{"href":"https:\/\/super-news.info\/hu\/wp-json\/wp\/v2\/posts"}],"about":[{"href":"https:\/\/super-news.info\/hu\/wp-json\/wp\/v2\/types\/post"}],"author":[{"embeddable":true,"href":"https:\/\/super-news.info\/hu\/wp-json\/wp\/v2\/users\/2"}],"replies":[{"embeddable":true,"href":"https:\/\/super-news.info\/hu\/wp-json\/wp\/v2\/comments?post=3243"}],"version-history":[{"count":1,"href":"https:\/\/super-news.info\/hu\/wp-json\/wp\/v2\/posts\/3243\/revisions"}],"predecessor-version":[{"id":3245,"href":"https:\/\/super-news.info\/hu\/wp-json\/wp\/v2\/posts\/3243\/revisions\/3245"}],"wp:featuredmedia":[{"embeddable":true,"href":"https:\/\/super-news.info\/hu\/wp-json\/wp\/v2\/media\/3244"}],"wp:attachment":[{"href":"https:\/\/super-news.info\/hu\/wp-json\/wp\/v2\/media?parent=3243"}],"wp:term":[{"taxonomy":"category","embeddable":true,"href":"https:\/\/super-news.info\/hu\/wp-json\/wp\/v2\/categories?post=3243"},{"taxonomy":"post_tag","embeddable":true,"href":"https:\/\/super-news.info\/hu\/wp-json\/wp\/v2\/tags?post=3243"}],"curies":[{"name":"wp","href":"https:\/\/api.w.org\/{rel}","templated":true}]}}