{"id":3237,"date":"2019-06-02T15:13:57","date_gmt":"2019-06-02T12:13:57","guid":{"rendered":"https:\/\/super-news.info\/hu\/rengeteg-adat-erkezik-a-magyar-gazdasagrol\/"},"modified":"2019-06-02T15:13:58","modified_gmt":"2019-06-02T12:13:58","slug":"rengeteg-adat-erkezik-a-magyar-gazdasagrol","status":"publish","type":"post","link":"https:\/\/super-news.info\/hu\/rengeteg-adat-erkezik-a-magyar-gazdasagrol\/","title":{"rendered":"Rengeteg adat \u00e9rkezik a magyar gazdas\u00e1gr\u00f3l"},"content":{"rendered":"<p> [ad_1]<br \/>\n<\/p>\n<p>\n\t\t\t\t\t\t\t\tT\u00f6bb statisztikai adat is megjelenik a k\u00f6vetkez\u0151 h\u00e9ten, \u00e9s beny\u00fajtj\u00e1k a j\u00f6v\u0151 \u00e9vi k\u00f6lts\u00e9gvet\u00e9s tervezet\u00e9t is a parlamentnek. A statisztikai adatok k\u00f6z\u00fcl a legnagyobb figyelmet a m\u00e1jusi infl\u00e1ci\u00f3s adat kaphatja. K\u00f6zz\u00e9teszik a k\u00fclkereskedelem \u00e1prilisi \u00e1rum\u00e9rleg\u00e9t, valamint az \u00e1llamh\u00e1ztart\u00e1s m\u00e1jus v\u00e9gi helyzet\u00e9r\u0151l sz\u00f3l\u00f3 gyorst\u00e1j\u00e9koztat\u00f3t is.\t\t\t\t\t\t\t<\/p>\n<div>\n<p>H\u00e9tf\u0151n k\u00f6zli a K\u00f6zponti Statisztikai Hivatal (KSH) az ipari termel\u0151i \u00e1rak \u00e1prilisi alakul\u00e1s\u00e1t. M\u00e1rciusban az el\u0151z\u0151 havival megegyez\u0151 2,7 sz\u00e1zal\u00e9kkal n\u0151ttek az ipari termel\u0151i \u00e1rak az egy \u00e9vvel kor\u00e1bbihoz k\u00e9pest. A belf\u00f6ldi \u00e9rt\u00e9kes\u00edt\u00e9si \u00e1rak a febru\u00e1ri 5,2 sz\u00e1zal\u00e9kosn\u00e1l jobban, \u00e1tlagosan 5,5 sz\u00e1zal\u00e9kkal n\u0151ttek.<\/p>\n<p>Szint\u00e9n h\u00e9tf\u0151n teszi k\u00f6zz\u00e9 a Magyar Logisztikai, Beszerz\u00e9si \u00e9s K\u00e9szletez\u00e9si T\u00e1rsas\u00e1g a m\u00e1jusi beszerz\u00e9simenedzser-index (BMI) adat\u00e1t. A BMI szezon\u00e1lisan kiigaz\u00edtott \u00e1prilisi \u00e9rt\u00e9ke 54,9 pont volt, magasabb a m\u00e1rciusi 52,5 pontn\u00e1l, ami azt jelzi, hogy a v\u00e1laszad\u00f3k az el\u0151z\u0151 havin\u00e1l kedvez\u0151bb folyamatokr\u00f3l sz\u00e1moltak be. Az idei \u00e9rt\u00e9k \u00f6sszess\u00e9g\u00e9ben n\u00e9mileg \u00e1tlag feletti \u00e1prilisi \u00e9rt\u00e9knek tekinthet\u0151 1995 \u00f3ta, amikor az \u00e1prilisi \u00e1tlag 52,2 pont volt.<\/p>\n<div id=\"attachment_982954\" style=\"width: 1410px\" class=\"wp-caption aligncenter\">\n<p class=\"wp-caption-text\">Fot\u00f3: MTI \/ Kov\u00e1cs Tam\u00e1s<\/p>\n<\/div>\n<div class=\"enews-highlighted\">V\u00e1rhat\u00f3an kedden ker\u00fcl az Orsz\u00e1ggy\u0171l\u00e9s el\u00e9 a 2020-as b\u00fcdzs\u00e9 tervezete, amelyr\u0151l Varga Mih\u00e1ly p\u00e9nz\u00fcgyminiszter a Kossuth R\u00e1di\u00f3 Vas\u00e1rnapi \u00dajs\u00e1g c\u00edm\u0171 m\u0171sor\u00e1ban azt mondta, azt a csal\u00e1dok k\u00f6lts\u00e9gvet\u00e9s\u00e9nek lehet nevezni, hiszen sok olyan pontja lesz, amelyik a csal\u00e1doknak, a gyermeket v\u00e1llal\u00f3knak \u00e9s nevel\u0151knek ny\u00fajt majd seg\u00edts\u00e9get.<\/div>\n<p>Szerd\u00e1n a kiskereskedelem \u00e1prilisi statisztik\u00e1j\u00e1t teszik k\u00f6zz\u00e9. M\u00e1rciusban 4,9 sz\u00e1zal\u00e9kkal n\u0151tt a kiskereskedelmi \u00fczletek forgalma az egy \u00e9vvel kor\u00e1bbihoz m\u00e9rve, a napt\u00e1rhat\u00e1st\u00f3l megtiszt\u00edtva \u2013 f\u0151k\u00e9nt a h\u00fasv\u00e9that\u00e1s miatt \u2013 5,9 sz\u00e1zal\u00e9kos volt a n\u00f6veked\u00e9s. Az els\u0151 negyed\u00e9vben a kiskereskedelmi \u00fczletek forgalm\u00e1nak volumene 6,5 sz\u00e1zal\u00e9kkal haladta meg a m\u00falt \u00e9v azonos id\u0151szak\u00e1\u00e9t.<\/p>\n<p>Cs\u00fct\u00f6rt\u00f6k\u00f6n az ipari termel\u00e9s \u00e1prilisi teljes\u00edtm\u00e9ny\u00e9t k\u00f6zli els\u0151 becsl\u00e9se alapj\u00e1n a KSH. Az ipari termel\u00e9s m\u00e1rciusban 8,0 sz\u00e1zal\u00e9kkal, az els\u0151 negyed\u00e9vben 6,2 sz\u00e1zal\u00e9kkal haladta meg az egy \u00e9vvel kor\u00e1bbit.<\/p>\n<p>P\u00e9nteken a m\u00e1jusi infl\u00e1ci\u00f3s adat mellett az \u00e1prilisi k\u00fclkereskedelmi forgalom els\u0151 becsl\u00e9se, \u00e9s az \u00e1llamh\u00e1ztart\u00e1s m\u00e1jus v\u00e9gi helyzet\u00e9r\u0151l sz\u00f3l\u00f3 gyorst\u00e1j\u00e9koztat\u00f3 jelenik meg.<\/p>\n<p>\u00c1prilisban a fogyaszt\u00f3i \u00e1rak \u00e1tlagosan 3,9 sz\u00e1zal\u00e9kkal magasabbak voltak az egy \u00e9vvel kor\u00e1bbin\u00e1l, m\u00e1rciushoz viszony\u00edtva \u00e1tlagosan 0,9 sz\u00e1zal\u00e9kkal n\u0151ttek az \u00e1rak. Az elemz\u0151k 4,0 sz\u00e1zal\u00e9kos \u00e9ves infl\u00e1ci\u00f3t prognosztiz\u00e1ltak \u00e1prilisra, a m\u00e1rciusi 3,7 sz\u00e1zal\u00e9k ut\u00e1n. A szezon\u00e1lisan kiigaz\u00edtott maginfl\u00e1ci\u00f3 3,8 sz\u00e1zal\u00e9k volt az el\u0151z\u0151 \u00e9v azonos id\u0151szak\u00e1hoz, \u00e9s 0,3 sz\u00e1zal\u00e9k az el\u0151z\u0151 h\u00f3naphoz k\u00e9pest. Az \u00e9ves maginfl\u00e1ci\u00f3 m\u00e1rciusban emelkedett 3,8 sz\u00e1zal\u00e9kosra a janu\u00e1ri 3,2 \u00e9s a febru\u00e1ri 3,5 sz\u00e1zal\u00e9kr\u00f3l.<\/p>\n<p>M\u00e1rciusban az export eur\u00f3ban sz\u00e1molt \u00e9rt\u00e9ke 4,9 sz\u00e1zal\u00e9kkal, az import 5,9 sz\u00e1zal\u00e9kkal n\u0151tt az egy \u00e9vvel kor\u00e1bbihoz m\u00e9rten, az exportt\u00f6bblet 54 milli\u00f3 eur\u00f3val cs\u00f6kkent \u00e9s 644 milli\u00f3 eur\u00f3 volt. M\u00e1rciusban a kivitel \u00e9rt\u00e9ke 9,7 milli\u00e1rd eur\u00f3, a behozatal\u00e9 9,0 milli\u00e1rd eur\u00f3 volt. Az id\u00e9n janu\u00e1r-m\u00e1rciusban a term\u00e9k-k\u00fclkereskedelmi m\u00e9rleg t\u00f6bblete 1,853 milli\u00e1rd eur\u00f3t tett ki, 294 milli\u00f3 eur\u00f3val kevesebbet, mint egy \u00e9vvel kor\u00e1bban.<\/p>\n<p>A P\u00e9nz\u00fcgyminiszt\u00e9rium (PM) els\u0151 n\u00e9gyhavi r\u00e9szletes adatai szerint a k\u00f6zponti alrendszer \u00e1prilis v\u00e9gi, 6760,9 milli\u00e1rd forintos bev\u00e9telei 13,1 sz\u00e1zal\u00e9kkal haladt\u00e1k meg az egy \u00e9vvel kor\u00e1bbit, m\u00edg a 6799,9 milli\u00e1rd forintot el\u00e9r\u0151 kiad\u00e1sai 3,7 sz\u00e1zal\u00e9kkal elmaradtak a tavaly azonos id\u0151szakit\u00f3l. A miniszt\u00e9rium egyben meger\u0151s\u00edtette az el\u0151zetesen k\u00f6z\u00f6lt f\u0151bb sz\u00e1mokat: \u00e1prilisban az \u00e1llamh\u00e1ztart\u00e1s k\u00f6zponti alrendszere 102,9 milli\u00e1rdos t\u00f6bblettel z\u00e1rt, ezzel a n\u00e9gyhavi hi\u00e1ny 39,0 milli\u00e1rd forint volt.<\/p>\n<\/p><\/div>\n<p><script>\n    window.fbAsyncInit = function() {\n        FB.init({\n            appId      : \"204760236815359\",\n            xfbml      : true,\n            version    : \"v2.12\"\n        });\n        FB.AppEvents.logPageView();\n    };<\/p>\n<p>    (function(d, s, id){\n        var js, fjs = d.getElementsByTagName(s)[0];\n        if (d.getElementById(id)) {return;}\n        js = d.createElement(s); js.id = id;\n        js.src = \"http:\/\/connect.facebook.net\/hu_HU\/sdk.js\";\n        fjs.parentNode.insertBefore(js, fjs);\n    }(document, \"script\", \"facebook-jssdk\"));\n<\/script><br \/>\n<br \/>[ad_2]<br \/>\n<br \/><a href=\"https:\/\/www.vg.hu\/gazdasag\/makrogazdasag\/rengeteg-adat-erkezik-a-magyar-gazdasagrol-1546907\/\">Source link <\/a><\/p>\n","protected":false},"excerpt":{"rendered":"<p>[ad_1] T\u00f6bb statisztikai adat is megjelenik a k\u00f6vetkez\u0151 h\u00e9ten, \u00e9s beny\u00fajtj\u00e1k a j\u00f6v\u0151 \u00e9vi k\u00f6lts\u00e9gvet\u00e9s tervezet\u00e9t is a parlamentnek. A statisztikai adatok k\u00f6z\u00fcl a legnagyobb figyelmet a m\u00e1jusi infl\u00e1ci\u00f3s adat kaphatja. K\u00f6zz\u00e9teszik a k\u00fclkereskedelem \u00e1prilisi \u00e1rum\u00e9rleg\u00e9t, valamint az \u00e1llamh\u00e1ztart\u00e1s m\u00e1jus v\u00e9gi helyzet\u00e9r\u0151l sz\u00f3l\u00f3 gyorst\u00e1j\u00e9koztat\u00f3t is. H\u00e9tf\u0151n k\u00f6zli a K\u00f6zponti Statisztikai Hivatal (KSH) az ipari termel\u0151i [&hellip;]<\/p>\n","protected":false},"author":2,"featured_media":3238,"comment_status":"open","ping_status":"open","sticky":false,"template":"","format":"standard","meta":{"footnotes":""},"categories":[1],"tags":[],"class_list":["post-3237","post","type-post","status-publish","format-standard","has-post-thumbnail","hentry","category-penzugyi-hirek"],"yoast_head":"<!-- This site is optimized with the Yoast SEO plugin v27.4 - https:\/\/yoast.com\/product\/yoast-seo-wordpress\/ -->\n<title>Rengeteg adat \u00e9rkezik a magyar gazdas\u00e1gr\u00f3l - Super News<\/title>\n<meta name=\"robots\" content=\"index, follow, max-snippet:-1, max-image-preview:large, max-video-preview:-1\" \/>\n<link rel=\"canonical\" href=\"https:\/\/super-news.info\/hu\/rengeteg-adat-erkezik-a-magyar-gazdasagrol\/\" \/>\n<meta property=\"og:locale\" content=\"hu_HU\" \/>\n<meta property=\"og:type\" content=\"article\" \/>\n<meta property=\"og:title\" content=\"Rengeteg adat \u00e9rkezik a magyar gazdas\u00e1gr\u00f3l - Super News\" \/>\n<meta property=\"og:description\" content=\"[ad_1] T\u00f6bb statisztikai adat is megjelenik a k\u00f6vetkez\u0151 h\u00e9ten, \u00e9s beny\u00fajtj\u00e1k a j\u00f6v\u0151 \u00e9vi k\u00f6lts\u00e9gvet\u00e9s tervezet\u00e9t is a parlamentnek. A statisztikai adatok k\u00f6z\u00fcl a legnagyobb figyelmet a m\u00e1jusi infl\u00e1ci\u00f3s adat kaphatja. K\u00f6zz\u00e9teszik a k\u00fclkereskedelem \u00e1prilisi \u00e1rum\u00e9rleg\u00e9t, valamint az \u00e1llamh\u00e1ztart\u00e1s m\u00e1jus v\u00e9gi helyzet\u00e9r\u0151l sz\u00f3l\u00f3 gyorst\u00e1j\u00e9koztat\u00f3t is. H\u00e9tf\u0151n k\u00f6zli a K\u00f6zponti Statisztikai Hivatal (KSH) az ipari termel\u0151i [&hellip;]\" \/>\n<meta property=\"og:url\" content=\"https:\/\/super-news.info\/hu\/rengeteg-adat-erkezik-a-magyar-gazdasagrol\/\" \/>\n<meta property=\"og:site_name\" content=\"Super News\" \/>\n<meta property=\"article:published_time\" content=\"2019-06-02T12:13:57+00:00\" \/>\n<meta property=\"article:modified_time\" content=\"2019-06-02T12:13:58+00:00\" \/>\n<meta property=\"og:image\" content=\"https:\/\/super-news.info\/hu\/wp-content\/uploads\/sites\/3\/2019\/06\/Rengeteg-adat-\u00e9rkezik-a-magyar-gazdas\u00e1gr\u00f3l.jpeg\" \/>\n\t<meta property=\"og:image:width\" content=\"1400\" \/>\n\t<meta property=\"og:image:height\" content=\"933\" \/>\n\t<meta property=\"og:image:type\" content=\"image\/jpeg\" \/>\n<meta name=\"author\" content=\"super-news\" \/>\n<meta name=\"twitter:card\" content=\"summary_large_image\" \/>\n<meta name=\"twitter:label1\" content=\"Szerz\u0151:\" \/>\n\t<meta name=\"twitter:data1\" content=\"super-news\" \/>\n\t<meta name=\"twitter:label2\" content=\"Becs\u00fclt olvas\u00e1si id\u0151\" \/>\n\t<meta name=\"twitter:data2\" content=\"4 perc\" \/>\n<script type=\"application\/ld+json\" class=\"yoast-schema-graph\">{\"@context\":\"https:\\\/\\\/schema.org\",\"@graph\":[{\"@type\":\"Article\",\"@id\":\"https:\\\/\\\/super-news.info\\\/hu\\\/rengeteg-adat-erkezik-a-magyar-gazdasagrol\\\/#article\",\"isPartOf\":{\"@id\":\"https:\\\/\\\/super-news.info\\\/hu\\\/rengeteg-adat-erkezik-a-magyar-gazdasagrol\\\/\"},\"author\":{\"name\":\"super-news\",\"@id\":\"https:\\\/\\\/super-news.info\\\/hu\\\/#\\\/schema\\\/person\\\/2d4068cb2f39cd10008c2fce578a7356\"},\"headline\":\"Rengeteg adat \u00e9rkezik a magyar gazdas\u00e1gr\u00f3l\",\"datePublished\":\"2019-06-02T12:13:57+00:00\",\"dateModified\":\"2019-06-02T12:13:58+00:00\",\"mainEntityOfPage\":{\"@id\":\"https:\\\/\\\/super-news.info\\\/hu\\\/rengeteg-adat-erkezik-a-magyar-gazdasagrol\\\/\"},\"wordCount\":759,\"commentCount\":0,\"image\":{\"@id\":\"https:\\\/\\\/super-news.info\\\/hu\\\/rengeteg-adat-erkezik-a-magyar-gazdasagrol\\\/#primaryimage\"},\"thumbnailUrl\":\"https:\\\/\\\/super-news.info\\\/hu\\\/wp-content\\\/uploads\\\/sites\\\/3\\\/2019\\\/06\\\/Rengeteg-adat-\u00e9rkezik-a-magyar-gazdas\u00e1gr\u00f3l.jpeg\",\"articleSection\":[\"P\u00c9NZ\u00dcGYI H\u00cdREK\"],\"inLanguage\":\"hu\",\"potentialAction\":[{\"@type\":\"CommentAction\",\"name\":\"Comment\",\"target\":[\"https:\\\/\\\/super-news.info\\\/hu\\\/rengeteg-adat-erkezik-a-magyar-gazdasagrol\\\/#respond\"]}]},{\"@type\":\"WebPage\",\"@id\":\"https:\\\/\\\/super-news.info\\\/hu\\\/rengeteg-adat-erkezik-a-magyar-gazdasagrol\\\/\",\"url\":\"https:\\\/\\\/super-news.info\\\/hu\\\/rengeteg-adat-erkezik-a-magyar-gazdasagrol\\\/\",\"name\":\"Rengeteg adat \u00e9rkezik a magyar gazdas\u00e1gr\u00f3l - Super News\",\"isPartOf\":{\"@id\":\"https:\\\/\\\/super-news.info\\\/hu\\\/#website\"},\"primaryImageOfPage\":{\"@id\":\"https:\\\/\\\/super-news.info\\\/hu\\\/rengeteg-adat-erkezik-a-magyar-gazdasagrol\\\/#primaryimage\"},\"image\":{\"@id\":\"https:\\\/\\\/super-news.info\\\/hu\\\/rengeteg-adat-erkezik-a-magyar-gazdasagrol\\\/#primaryimage\"},\"thumbnailUrl\":\"https:\\\/\\\/super-news.info\\\/hu\\\/wp-content\\\/uploads\\\/sites\\\/3\\\/2019\\\/06\\\/Rengeteg-adat-\u00e9rkezik-a-magyar-gazdas\u00e1gr\u00f3l.jpeg\",\"datePublished\":\"2019-06-02T12:13:57+00:00\",\"dateModified\":\"2019-06-02T12:13:58+00:00\",\"author\":{\"@id\":\"https:\\\/\\\/super-news.info\\\/hu\\\/#\\\/schema\\\/person\\\/2d4068cb2f39cd10008c2fce578a7356\"},\"breadcrumb\":{\"@id\":\"https:\\\/\\\/super-news.info\\\/hu\\\/rengeteg-adat-erkezik-a-magyar-gazdasagrol\\\/#breadcrumb\"},\"inLanguage\":\"hu\",\"potentialAction\":[{\"@type\":\"ReadAction\",\"target\":[\"https:\\\/\\\/super-news.info\\\/hu\\\/rengeteg-adat-erkezik-a-magyar-gazdasagrol\\\/\"]}]},{\"@type\":\"ImageObject\",\"inLanguage\":\"hu\",\"@id\":\"https:\\\/\\\/super-news.info\\\/hu\\\/rengeteg-adat-erkezik-a-magyar-gazdasagrol\\\/#primaryimage\",\"url\":\"https:\\\/\\\/super-news.info\\\/hu\\\/wp-content\\\/uploads\\\/sites\\\/3\\\/2019\\\/06\\\/Rengeteg-adat-\u00e9rkezik-a-magyar-gazdas\u00e1gr\u00f3l.jpeg\",\"contentUrl\":\"https:\\\/\\\/super-news.info\\\/hu\\\/wp-content\\\/uploads\\\/sites\\\/3\\\/2019\\\/06\\\/Rengeteg-adat-\u00e9rkezik-a-magyar-gazdas\u00e1gr\u00f3l.jpeg\",\"width\":1400,\"height\":933,\"caption\":\"Rengeteg adat \u00e9rkezik a magyar gazdas\u00e1gr\u00f3l\"},{\"@type\":\"BreadcrumbList\",\"@id\":\"https:\\\/\\\/super-news.info\\\/hu\\\/rengeteg-adat-erkezik-a-magyar-gazdasagrol\\\/#breadcrumb\",\"itemListElement\":[{\"@type\":\"ListItem\",\"position\":1,\"name\":\"\u0413\u043b\u0430\u0432\u043d\u0430\u044f \u0441\u0442\u0440\u0430\u043d\u0438\u0446\u0430\",\"item\":\"https:\\\/\\\/super-news.info\\\/hu\\\/\"},{\"@type\":\"ListItem\",\"position\":2,\"name\":\"Rengeteg adat \u00e9rkezik a magyar gazdas\u00e1gr\u00f3l\"}]},{\"@type\":\"WebSite\",\"@id\":\"https:\\\/\\\/super-news.info\\\/hu\\\/#website\",\"url\":\"https:\\\/\\\/super-news.info\\\/hu\\\/\",\"name\":\"Super News\",\"description\":\"Super News Magyarorsz\u00e1g\",\"potentialAction\":[{\"@type\":\"SearchAction\",\"target\":{\"@type\":\"EntryPoint\",\"urlTemplate\":\"https:\\\/\\\/super-news.info\\\/hu\\\/?s={search_term_string}\"},\"query-input\":{\"@type\":\"PropertyValueSpecification\",\"valueRequired\":true,\"valueName\":\"search_term_string\"}}],\"inLanguage\":\"hu\"},{\"@type\":\"Person\",\"@id\":\"https:\\\/\\\/super-news.info\\\/hu\\\/#\\\/schema\\\/person\\\/2d4068cb2f39cd10008c2fce578a7356\",\"name\":\"super-news\",\"image\":{\"@type\":\"ImageObject\",\"inLanguage\":\"hu\",\"@id\":\"https:\\\/\\\/secure.gravatar.com\\\/avatar\\\/64ebac40b93f26a154f8a9b5b6fdccfc46f442b26b3dd6756dbff3bf9dc76fd7?s=96&d=mm&r=g\",\"url\":\"https:\\\/\\\/secure.gravatar.com\\\/avatar\\\/64ebac40b93f26a154f8a9b5b6fdccfc46f442b26b3dd6756dbff3bf9dc76fd7?s=96&d=mm&r=g\",\"contentUrl\":\"https:\\\/\\\/secure.gravatar.com\\\/avatar\\\/64ebac40b93f26a154f8a9b5b6fdccfc46f442b26b3dd6756dbff3bf9dc76fd7?s=96&d=mm&r=g\",\"caption\":\"super-news\"},\"url\":\"https:\\\/\\\/super-news.info\\\/hu\\\/author\\\/pt\\\/\"}]}<\/script>\n<!-- \/ Yoast SEO plugin. -->","yoast_head_json":{"title":"Rengeteg adat \u00e9rkezik a magyar gazdas\u00e1gr\u00f3l - Super News","robots":{"index":"index","follow":"follow","max-snippet":"max-snippet:-1","max-image-preview":"max-image-preview:large","max-video-preview":"max-video-preview:-1"},"canonical":"https:\/\/super-news.info\/hu\/rengeteg-adat-erkezik-a-magyar-gazdasagrol\/","og_locale":"hu_HU","og_type":"article","og_title":"Rengeteg adat \u00e9rkezik a magyar gazdas\u00e1gr\u00f3l - Super News","og_description":"[ad_1] T\u00f6bb statisztikai adat is megjelenik a k\u00f6vetkez\u0151 h\u00e9ten, \u00e9s beny\u00fajtj\u00e1k a j\u00f6v\u0151 \u00e9vi k\u00f6lts\u00e9gvet\u00e9s tervezet\u00e9t is a parlamentnek. A statisztikai adatok k\u00f6z\u00fcl a legnagyobb figyelmet a m\u00e1jusi infl\u00e1ci\u00f3s adat kaphatja. K\u00f6zz\u00e9teszik a k\u00fclkereskedelem \u00e1prilisi \u00e1rum\u00e9rleg\u00e9t, valamint az \u00e1llamh\u00e1ztart\u00e1s m\u00e1jus v\u00e9gi helyzet\u00e9r\u0151l sz\u00f3l\u00f3 gyorst\u00e1j\u00e9koztat\u00f3t is. H\u00e9tf\u0151n k\u00f6zli a K\u00f6zponti Statisztikai Hivatal (KSH) az ipari termel\u0151i [&hellip;]","og_url":"https:\/\/super-news.info\/hu\/rengeteg-adat-erkezik-a-magyar-gazdasagrol\/","og_site_name":"Super News","article_published_time":"2019-06-02T12:13:57+00:00","article_modified_time":"2019-06-02T12:13:58+00:00","og_image":[{"width":1400,"height":933,"url":"https:\/\/super-news.info\/hu\/wp-content\/uploads\/sites\/3\/2019\/06\/Rengeteg-adat-\u00e9rkezik-a-magyar-gazdas\u00e1gr\u00f3l.jpeg","type":"image\/jpeg"}],"author":"super-news","twitter_card":"summary_large_image","twitter_misc":{"Szerz\u0151:":"super-news","Becs\u00fclt olvas\u00e1si id\u0151":"4 perc"},"schema":{"@context":"https:\/\/schema.org","@graph":[{"@type":"Article","@id":"https:\/\/super-news.info\/hu\/rengeteg-adat-erkezik-a-magyar-gazdasagrol\/#article","isPartOf":{"@id":"https:\/\/super-news.info\/hu\/rengeteg-adat-erkezik-a-magyar-gazdasagrol\/"},"author":{"name":"super-news","@id":"https:\/\/super-news.info\/hu\/#\/schema\/person\/2d4068cb2f39cd10008c2fce578a7356"},"headline":"Rengeteg adat \u00e9rkezik a magyar gazdas\u00e1gr\u00f3l","datePublished":"2019-06-02T12:13:57+00:00","dateModified":"2019-06-02T12:13:58+00:00","mainEntityOfPage":{"@id":"https:\/\/super-news.info\/hu\/rengeteg-adat-erkezik-a-magyar-gazdasagrol\/"},"wordCount":759,"commentCount":0,"image":{"@id":"https:\/\/super-news.info\/hu\/rengeteg-adat-erkezik-a-magyar-gazdasagrol\/#primaryimage"},"thumbnailUrl":"https:\/\/super-news.info\/hu\/wp-content\/uploads\/sites\/3\/2019\/06\/Rengeteg-adat-\u00e9rkezik-a-magyar-gazdas\u00e1gr\u00f3l.jpeg","articleSection":["P\u00c9NZ\u00dcGYI H\u00cdREK"],"inLanguage":"hu","potentialAction":[{"@type":"CommentAction","name":"Comment","target":["https:\/\/super-news.info\/hu\/rengeteg-adat-erkezik-a-magyar-gazdasagrol\/#respond"]}]},{"@type":"WebPage","@id":"https:\/\/super-news.info\/hu\/rengeteg-adat-erkezik-a-magyar-gazdasagrol\/","url":"https:\/\/super-news.info\/hu\/rengeteg-adat-erkezik-a-magyar-gazdasagrol\/","name":"Rengeteg adat \u00e9rkezik a magyar gazdas\u00e1gr\u00f3l - Super News","isPartOf":{"@id":"https:\/\/super-news.info\/hu\/#website"},"primaryImageOfPage":{"@id":"https:\/\/super-news.info\/hu\/rengeteg-adat-erkezik-a-magyar-gazdasagrol\/#primaryimage"},"image":{"@id":"https:\/\/super-news.info\/hu\/rengeteg-adat-erkezik-a-magyar-gazdasagrol\/#primaryimage"},"thumbnailUrl":"https:\/\/super-news.info\/hu\/wp-content\/uploads\/sites\/3\/2019\/06\/Rengeteg-adat-\u00e9rkezik-a-magyar-gazdas\u00e1gr\u00f3l.jpeg","datePublished":"2019-06-02T12:13:57+00:00","dateModified":"2019-06-02T12:13:58+00:00","author":{"@id":"https:\/\/super-news.info\/hu\/#\/schema\/person\/2d4068cb2f39cd10008c2fce578a7356"},"breadcrumb":{"@id":"https:\/\/super-news.info\/hu\/rengeteg-adat-erkezik-a-magyar-gazdasagrol\/#breadcrumb"},"inLanguage":"hu","potentialAction":[{"@type":"ReadAction","target":["https:\/\/super-news.info\/hu\/rengeteg-adat-erkezik-a-magyar-gazdasagrol\/"]}]},{"@type":"ImageObject","inLanguage":"hu","@id":"https:\/\/super-news.info\/hu\/rengeteg-adat-erkezik-a-magyar-gazdasagrol\/#primaryimage","url":"https:\/\/super-news.info\/hu\/wp-content\/uploads\/sites\/3\/2019\/06\/Rengeteg-adat-\u00e9rkezik-a-magyar-gazdas\u00e1gr\u00f3l.jpeg","contentUrl":"https:\/\/super-news.info\/hu\/wp-content\/uploads\/sites\/3\/2019\/06\/Rengeteg-adat-\u00e9rkezik-a-magyar-gazdas\u00e1gr\u00f3l.jpeg","width":1400,"height":933,"caption":"Rengeteg adat \u00e9rkezik a magyar gazdas\u00e1gr\u00f3l"},{"@type":"BreadcrumbList","@id":"https:\/\/super-news.info\/hu\/rengeteg-adat-erkezik-a-magyar-gazdasagrol\/#breadcrumb","itemListElement":[{"@type":"ListItem","position":1,"name":"\u0413\u043b\u0430\u0432\u043d\u0430\u044f \u0441\u0442\u0440\u0430\u043d\u0438\u0446\u0430","item":"https:\/\/super-news.info\/hu\/"},{"@type":"ListItem","position":2,"name":"Rengeteg adat \u00e9rkezik a magyar gazdas\u00e1gr\u00f3l"}]},{"@type":"WebSite","@id":"https:\/\/super-news.info\/hu\/#website","url":"https:\/\/super-news.info\/hu\/","name":"Super News","description":"Super News Magyarorsz\u00e1g","potentialAction":[{"@type":"SearchAction","target":{"@type":"EntryPoint","urlTemplate":"https:\/\/super-news.info\/hu\/?s={search_term_string}"},"query-input":{"@type":"PropertyValueSpecification","valueRequired":true,"valueName":"search_term_string"}}],"inLanguage":"hu"},{"@type":"Person","@id":"https:\/\/super-news.info\/hu\/#\/schema\/person\/2d4068cb2f39cd10008c2fce578a7356","name":"super-news","image":{"@type":"ImageObject","inLanguage":"hu","@id":"https:\/\/secure.gravatar.com\/avatar\/64ebac40b93f26a154f8a9b5b6fdccfc46f442b26b3dd6756dbff3bf9dc76fd7?s=96&d=mm&r=g","url":"https:\/\/secure.gravatar.com\/avatar\/64ebac40b93f26a154f8a9b5b6fdccfc46f442b26b3dd6756dbff3bf9dc76fd7?s=96&d=mm&r=g","contentUrl":"https:\/\/secure.gravatar.com\/avatar\/64ebac40b93f26a154f8a9b5b6fdccfc46f442b26b3dd6756dbff3bf9dc76fd7?s=96&d=mm&r=g","caption":"super-news"},"url":"https:\/\/super-news.info\/hu\/author\/pt\/"}]}},"_links":{"self":[{"href":"https:\/\/super-news.info\/hu\/wp-json\/wp\/v2\/posts\/3237","targetHints":{"allow":["GET"]}}],"collection":[{"href":"https:\/\/super-news.info\/hu\/wp-json\/wp\/v2\/posts"}],"about":[{"href":"https:\/\/super-news.info\/hu\/wp-json\/wp\/v2\/types\/post"}],"author":[{"embeddable":true,"href":"https:\/\/super-news.info\/hu\/wp-json\/wp\/v2\/users\/2"}],"replies":[{"embeddable":true,"href":"https:\/\/super-news.info\/hu\/wp-json\/wp\/v2\/comments?post=3237"}],"version-history":[{"count":1,"href":"https:\/\/super-news.info\/hu\/wp-json\/wp\/v2\/posts\/3237\/revisions"}],"predecessor-version":[{"id":3239,"href":"https:\/\/super-news.info\/hu\/wp-json\/wp\/v2\/posts\/3237\/revisions\/3239"}],"wp:featuredmedia":[{"embeddable":true,"href":"https:\/\/super-news.info\/hu\/wp-json\/wp\/v2\/media\/3238"}],"wp:attachment":[{"href":"https:\/\/super-news.info\/hu\/wp-json\/wp\/v2\/media?parent=3237"}],"wp:term":[{"taxonomy":"category","embeddable":true,"href":"https:\/\/super-news.info\/hu\/wp-json\/wp\/v2\/categories?post=3237"},{"taxonomy":"post_tag","embeddable":true,"href":"https:\/\/super-news.info\/hu\/wp-json\/wp\/v2\/tags?post=3237"}],"curies":[{"name":"wp","href":"https:\/\/api.w.org\/{rel}","templated":true}]}}