{"id":3231,"date":"2019-06-02T13:26:26","date_gmt":"2019-06-02T10:26:26","guid":{"rendered":"https:\/\/super-news.info\/hu\/kiderult-hol-a-legegetobb-problema-a-munkaerohiany\/"},"modified":"2019-06-02T13:26:27","modified_gmt":"2019-06-02T10:26:27","slug":"kiderult-hol-a-legegetobb-problema-a-munkaerohiany","status":"publish","type":"post","link":"https:\/\/super-news.info\/hu\/kiderult-hol-a-legegetobb-problema-a-munkaerohiany\/","title":{"rendered":"Kider\u00fclt, hol a leg\u00e9get\u0151bb probl\u00e9ma a munkaer\u0151hi\u00e1ny"},"content":{"rendered":"<p> [ad_1]<br \/>\n<\/p>\n<p>\n\t\t\t\t\t\t\t\tAz \u00e1tlagb\u00e9rek folyamatos \u00e9s gyors emelked\u00e9se ellen\u00e9re a legt\u00f6bb nehezen bet\u00f6lthet\u0151 munkak\u00f6rben fontos t\u00e9nyez\u0151 a k\u00edn\u00e1lt munkab\u00e9r alacsony szintje.\t\t\t\t\t\t\t<\/p>\n<div>\n<p>A munkaer\u0151hi\u00e1ny a versenyszf\u00e9r\u00e1ban a m\u00e9rn\u00f6ki tev\u00e9kenys\u00e9gn\u00e9l, az ipari \u00e1gazaton bel\u00fcl a fizikai munk\u00e1t ig\u00e9nyl\u0151 \u00e1ll\u00e1sokban, a k\u00f6zszf\u00e9r\u00e1ban pedig az orvos, a szak\u00e1pol\u00f3 \u00e9s a k\u00f6zeg\u00e9szs\u00e9g\u00fcgyi szak\u00e9rt\u0151i poz\u00edci\u00f3ban jelentkezik legink\u00e1bb \u2013 der\u00fcl ki a Szent Istv\u00e1n Egyetem kutat\u00e1s\u00e1b\u00f3l, amelyet a BDO Magyarorsz\u00e1g t\u00e1mogatott.<\/p>\n<div id=\"attachment_773493\" style=\"width: 1410px\" class=\"wp-caption aligncenter\">\n<p class=\"wp-caption-text\">Fot\u00f3: MTI \/ Rosta Tibor<\/p>\n<\/div>\n<p>A k\u00f6zlem\u00e9ny szerint a k\u00f6zel 200 v\u00e1llalat \u00e9s int\u00e9zm\u00e9ny bevon\u00e1s\u00e1val tavaly \u00e9v v\u00e9g\u00e9n lefolytatott felm\u00e9r\u00e9sben a megk\u00e9rdezettek k\u00f6re lefedte az ipar, a kereskedelem, a p\u00e9nz\u00fcgyi szektor, az informatika, a szolg\u00e1ltat\u00e1s \u00e9s a k\u00f6zigazgat\u00e1s ter\u00fclet\u00e9t. A v\u00e1laszad\u00f3 c\u00e9gek k\u00f6z\u00f6tt legnagyobb r\u00e9szt, 22,9 sz\u00e1zal\u00e9kot az 1000 embern\u00e9l t\u00f6bbet foglalkoztat\u00f3 c\u00e9gek k\u00e9pviseltek. A felm\u00e9r\u00e9sben megk\u00e9rdezett v\u00e1llalatok 23,9 sz\u00e1zal\u00e9k\u00e1nak az \u00e9ves \u00e1rbev\u00e9tele 1 \u00e9s 10 milli\u00e1rd forint k\u00f6z\u00f6tt, 19,5 sz\u00e1zal\u00e9k\u00e1nak 10 \u00e9s 100 milli\u00e1rd forint k\u00f6z\u00f6tt mozog.<\/p>\n<ul>\n<li>A v\u00e1laszad\u00f3 szervezeteknek 50 sz\u00e1zal\u00e9ka jelzett vissza 10 sz\u00e1zal\u00e9kn\u00e1l alacsonyabb fluktu\u00e1ci\u00f3s ar\u00e1nyt,<\/li>\n<li>10 \u00e9s 20 sz\u00e1zal\u00e9k k\u00f6z\u00f6tti \u00e9rt\u00e9k jellemz\u0151 a megk\u00e9rdezettek 20 sz\u00e1zal\u00e9k\u00e1ra.<\/li>\n<li>A v\u00e1llalatok 14 sz\u00e1zal\u00e9ka ugyanakkor 20 \u00e9s 40 sz\u00e1zal\u00e9k k\u00f6z\u00f6tti fluktu\u00e1ci\u00f3s ar\u00e1nyr\u00f3l sz\u00e1molt be.<\/li>\n<\/ul>\n<p>A munkaer\u0151hi\u00e1ny kialakul\u00e1s\u00e1t minden munkak\u00f6rben t\u00f6bb t\u00e9nyez\u0151 befoly\u00e1solja, de elt\u00e9r\u0151 m\u00e9rt\u00e9kben \u2013 mutatnak r\u00e1 az elemz\u00e9sben. Az \u00e1tlagb\u00e9rek folyamatos \u00e9s gyors emelked\u00e9se ellen\u00e9re a legt\u00f6bb nehezen bet\u00f6lthet\u0151 munkak\u00f6rben fontos t\u00e9nyez\u0151 a k\u00edn\u00e1lt munkab\u00e9r alacsony szintje. Ugyanakkor a fizikai dolgoz\u00f3kn\u00e1l a k\u00fclf\u00f6ldi kiv\u00e1ndorl\u00e1s jelenti a legnagyobb probl\u00e9m\u00e1t. A versenyszf\u00e9r\u00e1ban a konkurens c\u00e9gek, m\u00edg a k\u00f6zszf\u00e9r\u00e1ban a versenyszf\u00e9ra elsz\u00edv\u00f3 hat\u00e1s\u00e1t eml\u00edtett\u00e9k a legt\u00f6bben.<\/p>\n<p>A kutat\u00e1sban r\u00e9szt vev\u0151 szervezetek 50 sz\u00e1zal\u00e9ka teljes\u00edtm\u00e9ny\u00e9rt\u00e9kel\u00e9si \u00e9s pr\u00e9mium rendszereket m\u0171k\u00f6dtet, 47 sz\u00e1zal\u00e9kuk nagy hangs\u00falyt helyez a munkak\u00f6r\u00fclm\u00e9nyek jav\u00edt\u00e1s\u00e1ra, \u00e9s szint\u00e9n 47 sz\u00e1zal\u00e9kuk alkalmaz rugalmas munkaid\u0151t a munkat\u00e1rsak hossz\u00fa t\u00e1v\u00fa megtart\u00e1sa \u00e9rdek\u00e9ben.<\/p>\n<p>A v\u00e1laszad\u00f3k szerint a korm\u00e1ny a leghat\u00e9konyabban a b\u00e9rt\u00e1mogat\u00e1si rendszer kiterjeszt\u00e9s\u00e9vel, az ad\u00f3z\u00e1si \u00e9s j\u00e1rul\u00e9krendszer \u00e1talak\u00edt\u00e1s\u00e1val, valamint k\u00fcl\u00f6nf\u00e9le lakhat\u00e1si t\u00e1mogat\u00e1sok (\u00e9p\u00edt\u00e9s, munk\u00e1ssz\u00e1ll\u00e1s, alb\u00e9rlet) alkalmaz\u00e1s\u00e1val l\u00e9phetne fel a munkaer\u0151hi\u00e1ny ellen.<\/p>\n<\/p><\/div>\n<p><script>\n    window.fbAsyncInit = function() {\n        FB.init({\n            appId      : \"204760236815359\",\n            xfbml      : true,\n            version    : \"v2.12\"\n        });\n        FB.AppEvents.logPageView();\n    };<\/p>\n<p>    (function(d, s, id){\n        var js, fjs = d.getElementsByTagName(s)[0];\n        if (d.getElementById(id)) {return;}\n        js = d.createElement(s); js.id = id;\n        js.src = \"http:\/\/connect.facebook.net\/hu_HU\/sdk.js\";\n        fjs.parentNode.insertBefore(js, fjs);\n    }(document, \"script\", \"facebook-jssdk\"));\n<\/script><br \/>\n<br \/>[ad_2]<br \/>\n<br \/><a href=\"https:\/\/www.vg.hu\/gazdasag\/gazdasagi-hirek\/kiderult-hol-a-legegetobb-problema-a-munkaerohiany-1546856\/\">Source link <\/a><\/p>\n","protected":false},"excerpt":{"rendered":"<p>[ad_1] Az \u00e1tlagb\u00e9rek folyamatos \u00e9s gyors emelked\u00e9se ellen\u00e9re a legt\u00f6bb nehezen bet\u00f6lthet\u0151 munkak\u00f6rben fontos t\u00e9nyez\u0151 a k\u00edn\u00e1lt munkab\u00e9r alacsony szintje. A munkaer\u0151hi\u00e1ny a versenyszf\u00e9r\u00e1ban a m\u00e9rn\u00f6ki tev\u00e9kenys\u00e9gn\u00e9l, az ipari \u00e1gazaton bel\u00fcl a fizikai munk\u00e1t ig\u00e9nyl\u0151 \u00e1ll\u00e1sokban, a k\u00f6zszf\u00e9r\u00e1ban pedig az orvos, a szak\u00e1pol\u00f3 \u00e9s a k\u00f6zeg\u00e9szs\u00e9g\u00fcgyi szak\u00e9rt\u0151i poz\u00edci\u00f3ban jelentkezik legink\u00e1bb \u2013 der\u00fcl ki a Szent [&hellip;]<\/p>\n","protected":false},"author":2,"featured_media":3232,"comment_status":"open","ping_status":"open","sticky":false,"template":"","format":"standard","meta":{"footnotes":""},"categories":[1],"tags":[],"class_list":["post-3231","post","type-post","status-publish","format-standard","has-post-thumbnail","hentry","category-penzugyi-hirek"],"yoast_head":"<!-- This site is optimized with the Yoast SEO plugin v27.4 - https:\/\/yoast.com\/product\/yoast-seo-wordpress\/ -->\n<title>Kider\u00fclt, hol a leg\u00e9get\u0151bb probl\u00e9ma a munkaer\u0151hi\u00e1ny - Super News<\/title>\n<meta name=\"robots\" content=\"index, follow, max-snippet:-1, max-image-preview:large, max-video-preview:-1\" \/>\n<link rel=\"canonical\" href=\"https:\/\/super-news.info\/hu\/kiderult-hol-a-legegetobb-problema-a-munkaerohiany\/\" \/>\n<meta property=\"og:locale\" content=\"hu_HU\" \/>\n<meta property=\"og:type\" content=\"article\" \/>\n<meta property=\"og:title\" content=\"Kider\u00fclt, hol a leg\u00e9get\u0151bb probl\u00e9ma a munkaer\u0151hi\u00e1ny - Super News\" \/>\n<meta property=\"og:description\" content=\"[ad_1] Az \u00e1tlagb\u00e9rek folyamatos \u00e9s gyors emelked\u00e9se ellen\u00e9re a legt\u00f6bb nehezen bet\u00f6lthet\u0151 munkak\u00f6rben fontos t\u00e9nyez\u0151 a k\u00edn\u00e1lt munkab\u00e9r alacsony szintje. A munkaer\u0151hi\u00e1ny a versenyszf\u00e9r\u00e1ban a m\u00e9rn\u00f6ki tev\u00e9kenys\u00e9gn\u00e9l, az ipari \u00e1gazaton bel\u00fcl a fizikai munk\u00e1t ig\u00e9nyl\u0151 \u00e1ll\u00e1sokban, a k\u00f6zszf\u00e9r\u00e1ban pedig az orvos, a szak\u00e1pol\u00f3 \u00e9s a k\u00f6zeg\u00e9szs\u00e9g\u00fcgyi szak\u00e9rt\u0151i poz\u00edci\u00f3ban jelentkezik legink\u00e1bb \u2013 der\u00fcl ki a Szent [&hellip;]\" \/>\n<meta property=\"og:url\" content=\"https:\/\/super-news.info\/hu\/kiderult-hol-a-legegetobb-problema-a-munkaerohiany\/\" \/>\n<meta property=\"og:site_name\" content=\"Super News\" \/>\n<meta property=\"article:published_time\" content=\"2019-06-02T10:26:26+00:00\" \/>\n<meta property=\"article:modified_time\" content=\"2019-06-02T10:26:27+00:00\" \/>\n<meta property=\"og:image\" content=\"https:\/\/super-news.info\/hu\/wp-content\/uploads\/sites\/3\/2019\/06\/Kider\u00fclt-hol-a-leg\u00e9get\u0151bb-probl\u00e9ma-a-munkaer\u0151hi\u00e1ny.jpg\" \/>\n\t<meta property=\"og:image:width\" content=\"1400\" \/>\n\t<meta property=\"og:image:height\" content=\"933\" \/>\n\t<meta property=\"og:image:type\" content=\"image\/jpeg\" \/>\n<meta name=\"author\" content=\"super-news\" \/>\n<meta name=\"twitter:card\" content=\"summary_large_image\" \/>\n<meta name=\"twitter:label1\" content=\"Szerz\u0151:\" \/>\n\t<meta name=\"twitter:data1\" content=\"super-news\" \/>\n\t<meta name=\"twitter:label2\" content=\"Becs\u00fclt olvas\u00e1si id\u0151\" \/>\n\t<meta name=\"twitter:data2\" content=\"3 perc\" \/>\n<script type=\"application\/ld+json\" class=\"yoast-schema-graph\">{\"@context\":\"https:\\\/\\\/schema.org\",\"@graph\":[{\"@type\":\"Article\",\"@id\":\"https:\\\/\\\/super-news.info\\\/hu\\\/kiderult-hol-a-legegetobb-problema-a-munkaerohiany\\\/#article\",\"isPartOf\":{\"@id\":\"https:\\\/\\\/super-news.info\\\/hu\\\/kiderult-hol-a-legegetobb-problema-a-munkaerohiany\\\/\"},\"author\":{\"name\":\"super-news\",\"@id\":\"https:\\\/\\\/super-news.info\\\/hu\\\/#\\\/schema\\\/person\\\/2d4068cb2f39cd10008c2fce578a7356\"},\"headline\":\"Kider\u00fclt, hol a leg\u00e9get\u0151bb probl\u00e9ma a munkaer\u0151hi\u00e1ny\",\"datePublished\":\"2019-06-02T10:26:26+00:00\",\"dateModified\":\"2019-06-02T10:26:27+00:00\",\"mainEntityOfPage\":{\"@id\":\"https:\\\/\\\/super-news.info\\\/hu\\\/kiderult-hol-a-legegetobb-problema-a-munkaerohiany\\\/\"},\"wordCount\":523,\"commentCount\":0,\"image\":{\"@id\":\"https:\\\/\\\/super-news.info\\\/hu\\\/kiderult-hol-a-legegetobb-problema-a-munkaerohiany\\\/#primaryimage\"},\"thumbnailUrl\":\"https:\\\/\\\/super-news.info\\\/hu\\\/wp-content\\\/uploads\\\/sites\\\/3\\\/2019\\\/06\\\/Kider\u00fclt-hol-a-leg\u00e9get\u0151bb-probl\u00e9ma-a-munkaer\u0151hi\u00e1ny.jpg\",\"articleSection\":[\"P\u00c9NZ\u00dcGYI H\u00cdREK\"],\"inLanguage\":\"hu\",\"potentialAction\":[{\"@type\":\"CommentAction\",\"name\":\"Comment\",\"target\":[\"https:\\\/\\\/super-news.info\\\/hu\\\/kiderult-hol-a-legegetobb-problema-a-munkaerohiany\\\/#respond\"]}]},{\"@type\":\"WebPage\",\"@id\":\"https:\\\/\\\/super-news.info\\\/hu\\\/kiderult-hol-a-legegetobb-problema-a-munkaerohiany\\\/\",\"url\":\"https:\\\/\\\/super-news.info\\\/hu\\\/kiderult-hol-a-legegetobb-problema-a-munkaerohiany\\\/\",\"name\":\"Kider\u00fclt, hol a leg\u00e9get\u0151bb probl\u00e9ma a munkaer\u0151hi\u00e1ny - Super News\",\"isPartOf\":{\"@id\":\"https:\\\/\\\/super-news.info\\\/hu\\\/#website\"},\"primaryImageOfPage\":{\"@id\":\"https:\\\/\\\/super-news.info\\\/hu\\\/kiderult-hol-a-legegetobb-problema-a-munkaerohiany\\\/#primaryimage\"},\"image\":{\"@id\":\"https:\\\/\\\/super-news.info\\\/hu\\\/kiderult-hol-a-legegetobb-problema-a-munkaerohiany\\\/#primaryimage\"},\"thumbnailUrl\":\"https:\\\/\\\/super-news.info\\\/hu\\\/wp-content\\\/uploads\\\/sites\\\/3\\\/2019\\\/06\\\/Kider\u00fclt-hol-a-leg\u00e9get\u0151bb-probl\u00e9ma-a-munkaer\u0151hi\u00e1ny.jpg\",\"datePublished\":\"2019-06-02T10:26:26+00:00\",\"dateModified\":\"2019-06-02T10:26:27+00:00\",\"author\":{\"@id\":\"https:\\\/\\\/super-news.info\\\/hu\\\/#\\\/schema\\\/person\\\/2d4068cb2f39cd10008c2fce578a7356\"},\"breadcrumb\":{\"@id\":\"https:\\\/\\\/super-news.info\\\/hu\\\/kiderult-hol-a-legegetobb-problema-a-munkaerohiany\\\/#breadcrumb\"},\"inLanguage\":\"hu\",\"potentialAction\":[{\"@type\":\"ReadAction\",\"target\":[\"https:\\\/\\\/super-news.info\\\/hu\\\/kiderult-hol-a-legegetobb-problema-a-munkaerohiany\\\/\"]}]},{\"@type\":\"ImageObject\",\"inLanguage\":\"hu\",\"@id\":\"https:\\\/\\\/super-news.info\\\/hu\\\/kiderult-hol-a-legegetobb-problema-a-munkaerohiany\\\/#primaryimage\",\"url\":\"https:\\\/\\\/super-news.info\\\/hu\\\/wp-content\\\/uploads\\\/sites\\\/3\\\/2019\\\/06\\\/Kider\u00fclt-hol-a-leg\u00e9get\u0151bb-probl\u00e9ma-a-munkaer\u0151hi\u00e1ny.jpg\",\"contentUrl\":\"https:\\\/\\\/super-news.info\\\/hu\\\/wp-content\\\/uploads\\\/sites\\\/3\\\/2019\\\/06\\\/Kider\u00fclt-hol-a-leg\u00e9get\u0151bb-probl\u00e9ma-a-munkaer\u0151hi\u00e1ny.jpg\",\"width\":1400,\"height\":933,\"caption\":\"Kider\u00fclt, hol a leg\u00e9get\u0151bb probl\u00e9ma a munkaer\u0151hi\u00e1ny\"},{\"@type\":\"BreadcrumbList\",\"@id\":\"https:\\\/\\\/super-news.info\\\/hu\\\/kiderult-hol-a-legegetobb-problema-a-munkaerohiany\\\/#breadcrumb\",\"itemListElement\":[{\"@type\":\"ListItem\",\"position\":1,\"name\":\"\u0413\u043b\u0430\u0432\u043d\u0430\u044f \u0441\u0442\u0440\u0430\u043d\u0438\u0446\u0430\",\"item\":\"https:\\\/\\\/super-news.info\\\/hu\\\/\"},{\"@type\":\"ListItem\",\"position\":2,\"name\":\"Kider\u00fclt, hol a leg\u00e9get\u0151bb probl\u00e9ma a munkaer\u0151hi\u00e1ny\"}]},{\"@type\":\"WebSite\",\"@id\":\"https:\\\/\\\/super-news.info\\\/hu\\\/#website\",\"url\":\"https:\\\/\\\/super-news.info\\\/hu\\\/\",\"name\":\"Super News\",\"description\":\"Super News Magyarorsz\u00e1g\",\"potentialAction\":[{\"@type\":\"SearchAction\",\"target\":{\"@type\":\"EntryPoint\",\"urlTemplate\":\"https:\\\/\\\/super-news.info\\\/hu\\\/?s={search_term_string}\"},\"query-input\":{\"@type\":\"PropertyValueSpecification\",\"valueRequired\":true,\"valueName\":\"search_term_string\"}}],\"inLanguage\":\"hu\"},{\"@type\":\"Person\",\"@id\":\"https:\\\/\\\/super-news.info\\\/hu\\\/#\\\/schema\\\/person\\\/2d4068cb2f39cd10008c2fce578a7356\",\"name\":\"super-news\",\"image\":{\"@type\":\"ImageObject\",\"inLanguage\":\"hu\",\"@id\":\"https:\\\/\\\/secure.gravatar.com\\\/avatar\\\/64ebac40b93f26a154f8a9b5b6fdccfc46f442b26b3dd6756dbff3bf9dc76fd7?s=96&d=mm&r=g\",\"url\":\"https:\\\/\\\/secure.gravatar.com\\\/avatar\\\/64ebac40b93f26a154f8a9b5b6fdccfc46f442b26b3dd6756dbff3bf9dc76fd7?s=96&d=mm&r=g\",\"contentUrl\":\"https:\\\/\\\/secure.gravatar.com\\\/avatar\\\/64ebac40b93f26a154f8a9b5b6fdccfc46f442b26b3dd6756dbff3bf9dc76fd7?s=96&d=mm&r=g\",\"caption\":\"super-news\"},\"url\":\"https:\\\/\\\/super-news.info\\\/hu\\\/author\\\/pt\\\/\"}]}<\/script>\n<!-- \/ Yoast SEO plugin. -->","yoast_head_json":{"title":"Kider\u00fclt, hol a leg\u00e9get\u0151bb probl\u00e9ma a munkaer\u0151hi\u00e1ny - Super News","robots":{"index":"index","follow":"follow","max-snippet":"max-snippet:-1","max-image-preview":"max-image-preview:large","max-video-preview":"max-video-preview:-1"},"canonical":"https:\/\/super-news.info\/hu\/kiderult-hol-a-legegetobb-problema-a-munkaerohiany\/","og_locale":"hu_HU","og_type":"article","og_title":"Kider\u00fclt, hol a leg\u00e9get\u0151bb probl\u00e9ma a munkaer\u0151hi\u00e1ny - Super News","og_description":"[ad_1] Az \u00e1tlagb\u00e9rek folyamatos \u00e9s gyors emelked\u00e9se ellen\u00e9re a legt\u00f6bb nehezen bet\u00f6lthet\u0151 munkak\u00f6rben fontos t\u00e9nyez\u0151 a k\u00edn\u00e1lt munkab\u00e9r alacsony szintje. A munkaer\u0151hi\u00e1ny a versenyszf\u00e9r\u00e1ban a m\u00e9rn\u00f6ki tev\u00e9kenys\u00e9gn\u00e9l, az ipari \u00e1gazaton bel\u00fcl a fizikai munk\u00e1t ig\u00e9nyl\u0151 \u00e1ll\u00e1sokban, a k\u00f6zszf\u00e9r\u00e1ban pedig az orvos, a szak\u00e1pol\u00f3 \u00e9s a k\u00f6zeg\u00e9szs\u00e9g\u00fcgyi szak\u00e9rt\u0151i poz\u00edci\u00f3ban jelentkezik legink\u00e1bb \u2013 der\u00fcl ki a Szent [&hellip;]","og_url":"https:\/\/super-news.info\/hu\/kiderult-hol-a-legegetobb-problema-a-munkaerohiany\/","og_site_name":"Super News","article_published_time":"2019-06-02T10:26:26+00:00","article_modified_time":"2019-06-02T10:26:27+00:00","og_image":[{"width":1400,"height":933,"url":"https:\/\/super-news.info\/hu\/wp-content\/uploads\/sites\/3\/2019\/06\/Kider\u00fclt-hol-a-leg\u00e9get\u0151bb-probl\u00e9ma-a-munkaer\u0151hi\u00e1ny.jpg","type":"image\/jpeg"}],"author":"super-news","twitter_card":"summary_large_image","twitter_misc":{"Szerz\u0151:":"super-news","Becs\u00fclt olvas\u00e1si id\u0151":"3 perc"},"schema":{"@context":"https:\/\/schema.org","@graph":[{"@type":"Article","@id":"https:\/\/super-news.info\/hu\/kiderult-hol-a-legegetobb-problema-a-munkaerohiany\/#article","isPartOf":{"@id":"https:\/\/super-news.info\/hu\/kiderult-hol-a-legegetobb-problema-a-munkaerohiany\/"},"author":{"name":"super-news","@id":"https:\/\/super-news.info\/hu\/#\/schema\/person\/2d4068cb2f39cd10008c2fce578a7356"},"headline":"Kider\u00fclt, hol a leg\u00e9get\u0151bb probl\u00e9ma a munkaer\u0151hi\u00e1ny","datePublished":"2019-06-02T10:26:26+00:00","dateModified":"2019-06-02T10:26:27+00:00","mainEntityOfPage":{"@id":"https:\/\/super-news.info\/hu\/kiderult-hol-a-legegetobb-problema-a-munkaerohiany\/"},"wordCount":523,"commentCount":0,"image":{"@id":"https:\/\/super-news.info\/hu\/kiderult-hol-a-legegetobb-problema-a-munkaerohiany\/#primaryimage"},"thumbnailUrl":"https:\/\/super-news.info\/hu\/wp-content\/uploads\/sites\/3\/2019\/06\/Kider\u00fclt-hol-a-leg\u00e9get\u0151bb-probl\u00e9ma-a-munkaer\u0151hi\u00e1ny.jpg","articleSection":["P\u00c9NZ\u00dcGYI H\u00cdREK"],"inLanguage":"hu","potentialAction":[{"@type":"CommentAction","name":"Comment","target":["https:\/\/super-news.info\/hu\/kiderult-hol-a-legegetobb-problema-a-munkaerohiany\/#respond"]}]},{"@type":"WebPage","@id":"https:\/\/super-news.info\/hu\/kiderult-hol-a-legegetobb-problema-a-munkaerohiany\/","url":"https:\/\/super-news.info\/hu\/kiderult-hol-a-legegetobb-problema-a-munkaerohiany\/","name":"Kider\u00fclt, hol a leg\u00e9get\u0151bb probl\u00e9ma a munkaer\u0151hi\u00e1ny - Super News","isPartOf":{"@id":"https:\/\/super-news.info\/hu\/#website"},"primaryImageOfPage":{"@id":"https:\/\/super-news.info\/hu\/kiderult-hol-a-legegetobb-problema-a-munkaerohiany\/#primaryimage"},"image":{"@id":"https:\/\/super-news.info\/hu\/kiderult-hol-a-legegetobb-problema-a-munkaerohiany\/#primaryimage"},"thumbnailUrl":"https:\/\/super-news.info\/hu\/wp-content\/uploads\/sites\/3\/2019\/06\/Kider\u00fclt-hol-a-leg\u00e9get\u0151bb-probl\u00e9ma-a-munkaer\u0151hi\u00e1ny.jpg","datePublished":"2019-06-02T10:26:26+00:00","dateModified":"2019-06-02T10:26:27+00:00","author":{"@id":"https:\/\/super-news.info\/hu\/#\/schema\/person\/2d4068cb2f39cd10008c2fce578a7356"},"breadcrumb":{"@id":"https:\/\/super-news.info\/hu\/kiderult-hol-a-legegetobb-problema-a-munkaerohiany\/#breadcrumb"},"inLanguage":"hu","potentialAction":[{"@type":"ReadAction","target":["https:\/\/super-news.info\/hu\/kiderult-hol-a-legegetobb-problema-a-munkaerohiany\/"]}]},{"@type":"ImageObject","inLanguage":"hu","@id":"https:\/\/super-news.info\/hu\/kiderult-hol-a-legegetobb-problema-a-munkaerohiany\/#primaryimage","url":"https:\/\/super-news.info\/hu\/wp-content\/uploads\/sites\/3\/2019\/06\/Kider\u00fclt-hol-a-leg\u00e9get\u0151bb-probl\u00e9ma-a-munkaer\u0151hi\u00e1ny.jpg","contentUrl":"https:\/\/super-news.info\/hu\/wp-content\/uploads\/sites\/3\/2019\/06\/Kider\u00fclt-hol-a-leg\u00e9get\u0151bb-probl\u00e9ma-a-munkaer\u0151hi\u00e1ny.jpg","width":1400,"height":933,"caption":"Kider\u00fclt, hol a leg\u00e9get\u0151bb probl\u00e9ma a munkaer\u0151hi\u00e1ny"},{"@type":"BreadcrumbList","@id":"https:\/\/super-news.info\/hu\/kiderult-hol-a-legegetobb-problema-a-munkaerohiany\/#breadcrumb","itemListElement":[{"@type":"ListItem","position":1,"name":"\u0413\u043b\u0430\u0432\u043d\u0430\u044f \u0441\u0442\u0440\u0430\u043d\u0438\u0446\u0430","item":"https:\/\/super-news.info\/hu\/"},{"@type":"ListItem","position":2,"name":"Kider\u00fclt, hol a leg\u00e9get\u0151bb probl\u00e9ma a munkaer\u0151hi\u00e1ny"}]},{"@type":"WebSite","@id":"https:\/\/super-news.info\/hu\/#website","url":"https:\/\/super-news.info\/hu\/","name":"Super News","description":"Super News Magyarorsz\u00e1g","potentialAction":[{"@type":"SearchAction","target":{"@type":"EntryPoint","urlTemplate":"https:\/\/super-news.info\/hu\/?s={search_term_string}"},"query-input":{"@type":"PropertyValueSpecification","valueRequired":true,"valueName":"search_term_string"}}],"inLanguage":"hu"},{"@type":"Person","@id":"https:\/\/super-news.info\/hu\/#\/schema\/person\/2d4068cb2f39cd10008c2fce578a7356","name":"super-news","image":{"@type":"ImageObject","inLanguage":"hu","@id":"https:\/\/secure.gravatar.com\/avatar\/64ebac40b93f26a154f8a9b5b6fdccfc46f442b26b3dd6756dbff3bf9dc76fd7?s=96&d=mm&r=g","url":"https:\/\/secure.gravatar.com\/avatar\/64ebac40b93f26a154f8a9b5b6fdccfc46f442b26b3dd6756dbff3bf9dc76fd7?s=96&d=mm&r=g","contentUrl":"https:\/\/secure.gravatar.com\/avatar\/64ebac40b93f26a154f8a9b5b6fdccfc46f442b26b3dd6756dbff3bf9dc76fd7?s=96&d=mm&r=g","caption":"super-news"},"url":"https:\/\/super-news.info\/hu\/author\/pt\/"}]}},"_links":{"self":[{"href":"https:\/\/super-news.info\/hu\/wp-json\/wp\/v2\/posts\/3231","targetHints":{"allow":["GET"]}}],"collection":[{"href":"https:\/\/super-news.info\/hu\/wp-json\/wp\/v2\/posts"}],"about":[{"href":"https:\/\/super-news.info\/hu\/wp-json\/wp\/v2\/types\/post"}],"author":[{"embeddable":true,"href":"https:\/\/super-news.info\/hu\/wp-json\/wp\/v2\/users\/2"}],"replies":[{"embeddable":true,"href":"https:\/\/super-news.info\/hu\/wp-json\/wp\/v2\/comments?post=3231"}],"version-history":[{"count":1,"href":"https:\/\/super-news.info\/hu\/wp-json\/wp\/v2\/posts\/3231\/revisions"}],"predecessor-version":[{"id":3233,"href":"https:\/\/super-news.info\/hu\/wp-json\/wp\/v2\/posts\/3231\/revisions\/3233"}],"wp:featuredmedia":[{"embeddable":true,"href":"https:\/\/super-news.info\/hu\/wp-json\/wp\/v2\/media\/3232"}],"wp:attachment":[{"href":"https:\/\/super-news.info\/hu\/wp-json\/wp\/v2\/media?parent=3231"}],"wp:term":[{"taxonomy":"category","embeddable":true,"href":"https:\/\/super-news.info\/hu\/wp-json\/wp\/v2\/categories?post=3231"},{"taxonomy":"post_tag","embeddable":true,"href":"https:\/\/super-news.info\/hu\/wp-json\/wp\/v2\/tags?post=3231"}],"curies":[{"name":"wp","href":"https:\/\/api.w.org\/{rel}","templated":true}]}}