{"id":3228,"date":"2019-06-02T12:32:35","date_gmt":"2019-06-02T09:32:35","guid":{"rendered":"https:\/\/super-news.info\/hu\/kina-nem-riad-vissza-a-kereskedelmi-haborutol\/"},"modified":"2019-06-02T12:32:36","modified_gmt":"2019-06-02T09:32:36","slug":"kina-nem-riad-vissza-a-kereskedelmi-haborutol","status":"publish","type":"post","link":"https:\/\/super-news.info\/hu\/kina-nem-riad-vissza-a-kereskedelmi-haborutol\/","title":{"rendered":"K\u00edna nem riad vissza a kereskedelmi h\u00e1bor\u00fat\u00f3l"},"content":{"rendered":"<p> [ad_1]<br \/>\n<\/p>\n<p>\n\t\t\t\t\t\t\t\tK\u00edna nem akar kereskedelmi h\u00e1bor\u00fat az Egyes\u00fclt \u00c1llamokkal, ugyanakkor nem is riad vissza t\u0151le\u00a0\u2013 sz\u00f6gezi le vas\u00e1rnap k\u00f6zz\u00e9tett hivatalos \u00e1ll\u00e1sfoglal\u00e1s\u00e1ban a k\u00ednai korm\u00e1ny.\t\t\t\t\t\t\t<\/p>\n<div>\n<p>Az \u00fcgyr\u0151l kiadott, \u00fagynevezett feh\u00e9r k\u00f6nyvben a korm\u00e1nyzat r\u00e1mutat: a k\u00e9t orsz\u00e1g kereskedelmi konfliktus\u00e1nak elm\u00e9rgesed\u00e9se az amerikai f\u00e9l k\u00f6zelm\u00faltbeli l\u00e9p\u00e9seinek k\u00f6vetkezm\u00e9nye. \u201e2017-es beiktat\u00e1sa \u00f3ta az \u00faj amerikai vezet\u00e9s p\u00f3tv\u00e1mok \u00e9s egy\u00e9b b\u00fcntet\u0151 int\u00e9zked\u00e9sek bevezet\u00e9s\u00e9vel fenyegeti legnagyobb kereskedelmi partnereit\u201d \u2013 fogalmaznak, hozz\u00e1t\u00e9ve: az Egyes\u00fclt \u00c1llamok \u00e1ltal 2018 m\u00e1rcius\u00e1t\u00f3l egyoldal\u00faan kezdem\u00e9nyezett gazdas\u00e1gi \u00e9s kereskedelmi \u00f6sszet\u0171z\u00e9sre v\u00e1laszul K\u00edna k\u00e9nytelen volt szigor\u00fa int\u00e9zked\u00e9seket hozni, hogy megv\u00e9dje orsz\u00e1ga \u00e9s n\u00e9pe \u00e9rdekeit. A hivatalos k\u00ednai \u00e1ll\u00e1sfoglal\u00e1st tartalmaz\u00f3 feh\u00e9r k\u00f6nyvet Vang Suo-ven k\u00ednai kereskedelmi miniszterhelyettes \u00e9s Kuo Vej-min, a k\u00ednai \u00c1llamtan\u00e1cs inform\u00e1ci\u00f3s oszt\u00e1ly\u00e1nak miniszterhelyettese ismertette vas\u00e1rnap megtartott pekingi sajt\u00f3t\u00e1j\u00e9koztat\u00f3j\u00e1n.<\/p>\n<p>A k\u00ednai korm\u00e1ny \u00e1ll\u00e1sfoglal\u00e1sa szerint a kereskedelmi s\u00farl\u00f3d\u00e1sok h\u00e1tter\u00e9ben sz\u00e1mos, az Egyes\u00fclt \u00c1llamok r\u00e9sz\u00e9r\u0151l elt\u00falzott, illetve helytelen\u00fcl \u00e9rtelmezett adat, valamint alaptalan v\u00e1daskod\u00e1s \u00e1ll.<\/p>\n<p>Vang Suo-ven a Donald Trump amerikai eln\u00f6k \u00e1ltal gyakran kifog\u00e1solt kereskedelmi deficit kapcs\u00e1n p\u00e9ld\u00e1ul al\u00e1h\u00fazta: az amerikai \u00e9s a k\u00ednai kereskedelmi miniszt\u00e9riumok k\u00f6z\u00f6s felm\u00e9r\u00e9s\u00e9b\u0151l kider\u00fclt, hogy az amerikai f\u00e9l jelent\u0151sen t\u00falbecs\u00fcli a K\u00edn\u00e1val szembeni kereskedelmi deficitet, mely a val\u00f3s\u00e1gban 153,6 milli\u00e1rd doll\u00e1rra tehet\u0151, szemben az amerikai tisztvisel\u0151k \u00e1ltal gyakran eml\u00edtett 410 milli\u00e1rd doll\u00e1rral. Vang hozz\u00e1tette: K\u00edna kereskedelmi t\u00f6bblet\u00e9nek sz\u00e1mottev\u0151 r\u00e9sz\u00e9t r\u00e1ad\u00e1sul a feldolgoz\u00f3 ipar teszi ki, mely k\u00f6zvetve k\u00fclf\u00f6ldi besz\u00e1ll\u00edt\u00f3knak is profitot termel, de ugyan\u00edgy r\u00e9szes\u00fclnek bel\u0151le a K\u00edn\u00e1ban m\u0171k\u00f6d\u0151 k\u00fclf\u00f6ldi v\u00e1llalatok is.<\/p>\n<div id=\"attachment_1117427\" style=\"width: 1410px\" class=\"wp-caption aligncenter\">\n<p class=\"wp-caption-text\">Fot\u00f3: Shutterstock<\/p>\n<\/div>\n<p>A dokumentum kategorikusan elutas\u00edtja a szellemi tulajdon lop\u00e1s\u00e1nak v\u00e1dj\u00e1t, melyet Washington rendszeresen eml\u00edt K\u00edna kapcs\u00e1n. A feh\u00e9r k\u00f6nyv azzal \u00e9rvel, hogy K\u00edna teljes m\u00e9rt\u00e9kben elk\u00f6telezett a szellemi tulajdon v\u00e9delme mellett, melynek \u00e9rdek\u00e9ben a jelenleg \u00e9rv\u00e9nyes nemzetk\u00f6zi szab\u00e1lyoz\u00e1snak megfelel\u0151 jogi keretet \u00e1ll\u00edtott fel. Ez nagyban hozz\u00e1j\u00e1rult ahhoz \u2013 emelik ki, \u2013 hogy az emberek k\u00f6ztudat\u00e1ban \u00e9s az \u00fczleti szf\u00e9r\u00e1ban is javult a szellemi tulajdon fontoss\u00e1g\u00e1nak meg\u00edt\u00e9l\u00e9se, ami tetten \u00e9rhet\u0151 egyr\u00e9szt abban, hogy jelent\u0151s m\u00e9rt\u00e9kben n\u0151tt a k\u00fclf\u00f6ldi jogbirtokosoknak kifizetett szerz\u0151i jogd\u00edjak \u00f6sszege, m\u00e1sr\u00e9szt pedig abban, hogy \u00e9les emelked\u00e9s tapasztalhat\u00f3 a K\u00edn\u00e1ban beny\u00fajtott szabadalmi k\u00e9relmek sz\u00e1m\u00e1ban.<\/p>\n<p>Arra is kit\u00e9rnek, hogy az amerikai p\u00f3tv\u00e1mok, b\u00e1r K\u00edn\u00e1t c\u00e9lozz\u00e1k, de sz\u00e1mos m\u00e1s piaci r\u00e9sztvev\u0151nek is k\u00e1rokat okoznak, r\u00e1ad\u00e1sul az Egyes\u00fclt \u00c1llamok sz\u00e1m\u00e1ra sem el\u0151ny\u00f6sek. R\u00e1mutatnak: a b\u00fcntet\u0151v\u00e1mok miatt jelent\u0151sen emelkedtek az amerikai c\u00e9gek gy\u00e1rt\u00e1si k\u00f6lts\u00e9gei. \u201eSz\u00e1mos amerikai gy\u00e1rt\u00f3 t\u00e1maszkodik k\u00ednai nyersanyagokra \u00e9s k\u00f6zbens\u0151 term\u00e9kekre. Mivel r\u00f6vidt\u00e1von neh\u00e9z lenne megfelel\u0151 \u00faj besz\u00e1ll\u00edt\u00f3kat tal\u00e1lniuk, ezeknek a gy\u00e1rt\u00f3knak viselni\u00fck kell a p\u00f3tv\u00e1mok miatt emelked\u0151 k\u00f6lts\u00e9geket.\u201d<\/p>\n<p>A dokumentumk\u00f6tet emellett z\u00f6m\u00e9ben amerikai hivatalos statisztik\u00e1k \u00e9s felm\u00e9r\u00e9sek adatait bemutatva vezeti le, hogy mekkora anyagi k\u00e1rt okoznak a p\u00f3tv\u00e1mok az Egyes\u00fclt \u00c1llamok sz\u00e1m\u00e1ra.<\/p>\n<p>Egy Trade Partnership nev\u0171 amerikai agytr\u00f6szt febru\u00e1rban k\u00f6zz\u00e9tett felm\u00e9r\u00e9s\u00e9re hivatkozva p\u00e9ld\u00e1ul r\u00e1mutatnak: amennyiben Washington minden k\u00ednai importcikkre bevezeti a 25 sz\u00e1zal\u00e9kos p\u00f3tv\u00e1mot \u2013 melynek el\u0151k\u00e9sz\u00edt\u00e9s\u00e9vel Donald Trump m\u00e1jus 10-\u00e9n megb\u00edzta Robert Lighthizer kereskedelmi f\u0151k\u00e9pvisel\u0151t, \u2013 \u00fagy az Egyes\u00fclt \u00c1llamok GDP-je 1,01 sz\u00e1zal\u00e9kot cs\u00f6kkenhet, 2,16 milli\u00f3 amerikai vesz\u00edtheti el a munk\u00e1j\u00e1t, \u00e9s az amerikai h\u00e1ztart\u00e1soknak \u00e9vi 2294 doll\u00e1r (k\u00f6zel 667 ezer forint) t\u00f6bbletkiad\u00e1ssal kell sz\u00e1molniuk.<\/p>\n<p>A feh\u00e9r k\u00f6nyv tov\u00e1bb\u00e1 hossz\u00fa kifejt\u00e9st tartalmaz arr\u00f3l, hogy h\u00e1ny alkalommal vonta vissza kor\u00e1bban tett \u00edg\u00e9reteit az Egyes\u00fclt \u00c1llamok a k\u00e9t orsz\u00e1g k\u00f6zti kereskedelmi t\u00e1rgyal\u00e1sok sor\u00e1n. \u00dagy fogalmaznak: \u201eaz egyeztet\u00e9sek nem voltak mentesek a visszal\u00e9p\u00e9sekt\u0151l, melyek minden alkalommal abb\u00f3l k\u00f6vetkeztek, hogy az amerikai f\u00e9l visszavont kor\u00e1bban elfogadott pontokat, illetve kih\u00e1tr\u00e1lt el\u0151z\u0151leg tett \u00edg\u00e9reteib\u0151l.\u201d<\/p>\n<p>A k\u00e9toldal\u00fa kereskedelmi t\u00e1rgyal\u00e1sok azt k\u00f6vet\u0151en torpantak meg, hogy az amerikai f\u00e9l szerint Peking visszal\u00e9pett a kidolgoz\u00e1s alatt \u00e1ll\u00f3 meg\u00e1llapod\u00e1sban kor\u00e1bban k\u00f6z\u00f6s megegyez\u00e9s alapj\u00e1n r\u00f6gz\u00edtett egyes pontokban. A k\u00ednai kereskedelmi miniszterhelyettes, aki kor\u00e1bban szem\u00e9lyesen is r\u00e9szt vett a kereskedelmi t\u00e1rgyal\u00e1sokon, ezzel a v\u00e1ddal kapcsolatban elmondta:<\/p>\n<blockquote>\n<p>semmir\u0151l nem \u00e1llapodtunk meg addig, am\u00edg mindenr\u0151l meg nem \u00e1llapodtunk.<\/p>\n<\/blockquote>\n<p>Vang meger\u0151s\u00edtette tov\u00e1bb\u00e1, hogy b\u00e1r Peking tov\u00e1bbra is igyekszik kiel\u00e9g\u00edteni a ritkaf\u00f6ldf\u00e9mek k\u00fclf\u00f6ldi kereslet\u00e9t, nem tartja elfogadhat\u00f3nak azonban, ha a K\u00edn\u00e1b\u00f3l sz\u00e1rmaz\u00f3 ritkaf\u00f6ldf\u00e9meket az orsz\u00e1g fejl\u0151d\u00e9s\u00e9t g\u00e1tl\u00f3 term\u00e9kek gy\u00e1rt\u00e1s\u00e1ra haszn\u00e1lj\u00e1k fel. K\u00edna a vil\u00e1g ritkaf\u00f6ldf\u00e9meinek 85 sz\u00e1zal\u00e9k\u00e1t biztos\u00edtja, \u00e9s a k\u00f6zelm\u00faltban tett kijelent\u00e9sek alapj\u00e1n \u00fagy t\u0171nik, hogy<\/p>\n<p>ezeket az els\u0151sorban elektronikai \u00e9s katonai eszk\u00f6z\u00f6k gy\u00e1rt\u00e1s\u00e1hoz sz\u00fcks\u00e9ges alapanyagokat haszn\u00e1lhatja fel az Egyes\u00fclt \u00c1llamok szankci\u00f3i elleni k\u00f6vetkez\u0151 v\u00e1laszl\u00e9p\u00e9sk\u00e9nt.<\/p>\n<p>A miniszterhelyettes \u00fajs\u00e1g\u00edr\u00f3i k\u00e9rd\u00e9sre nem er\u0151s\u00edtette meg, hogy Hszi Csin-ping k\u00ednai eln\u00f6k tal\u00e1lkozna Donald Trumppal a j\u00fanius v\u00e9g\u00e9n Jap\u00e1nban megrendezett G20-as orsz\u00e1gcsoport cs\u00facstal\u00e1lkoz\u00f3j\u00e1n, melyet azonban amerikai r\u00e9szr\u0151l m\u00e1r sz\u00e1mos alkalommal eml\u00edtettek, t\u00f6bbek k\u00f6z\u00f6tt maga Trump eln\u00f6k is.<\/p>\n<p>A feh\u00e9r k\u00f6nyvet egy nappal azt k\u00f6vet\u0151en adt\u00e1k ki, hogy szombaton \u00e9letbe l\u00e9ptek arra a t\u00f6bb ezer amerikai importcikkre kivetett p\u00f3tv\u00e1mok, melyeket a k\u00ednai korm\u00e1nyzat m\u00e1jus 13-\u00e1n jelentett be az amerikai p\u00f3tv\u00e1mokra val\u00f3 v\u00e1laszl\u00e9p\u00e9sk\u00e9nt.<\/p>\n<\/p><\/div>\n<p><script>\n    window.fbAsyncInit = function() {\n        FB.init({\n            appId      : \"204760236815359\",\n            xfbml      : true,\n            version    : \"v2.12\"\n        });\n        FB.AppEvents.logPageView();\n    };<\/p>\n<p>    (function(d, s, id){\n        var js, fjs = d.getElementsByTagName(s)[0];\n        if (d.getElementById(id)) {return;}\n        js = d.createElement(s); js.id = id;\n        js.src = \"http:\/\/connect.facebook.net\/hu_HU\/sdk.js\";\n        fjs.parentNode.insertBefore(js, fjs);\n    }(document, \"script\", \"facebook-jssdk\"));\n<\/script><br \/>\n<br \/>[ad_2]<br \/>\n<br \/><a href=\"https:\/\/www.vg.hu\/gazdasag\/gazdasagpolitika\/kina-nem-riad-vissza-a-kereskedelmi-haborutol-1546784\/\">Source link <\/a><\/p>\n","protected":false},"excerpt":{"rendered":"<p>[ad_1] K\u00edna nem akar kereskedelmi h\u00e1bor\u00fat az Egyes\u00fclt \u00c1llamokkal, ugyanakkor nem is riad vissza t\u0151le\u00a0\u2013 sz\u00f6gezi le vas\u00e1rnap k\u00f6zz\u00e9tett hivatalos \u00e1ll\u00e1sfoglal\u00e1s\u00e1ban a k\u00ednai korm\u00e1ny. Az \u00fcgyr\u0151l kiadott, \u00fagynevezett feh\u00e9r k\u00f6nyvben a korm\u00e1nyzat r\u00e1mutat: a k\u00e9t orsz\u00e1g kereskedelmi konfliktus\u00e1nak elm\u00e9rgesed\u00e9se az amerikai f\u00e9l k\u00f6zelm\u00faltbeli l\u00e9p\u00e9seinek k\u00f6vetkezm\u00e9nye. \u201e2017-es beiktat\u00e1sa \u00f3ta az \u00faj amerikai vezet\u00e9s p\u00f3tv\u00e1mok \u00e9s egy\u00e9b [&hellip;]<\/p>\n","protected":false},"author":2,"featured_media":3229,"comment_status":"open","ping_status":"open","sticky":false,"template":"","format":"standard","meta":{"footnotes":""},"categories":[1],"tags":[],"class_list":["post-3228","post","type-post","status-publish","format-standard","has-post-thumbnail","hentry","category-penzugyi-hirek"],"yoast_head":"<!-- This site is optimized with the Yoast SEO plugin v27.4 - https:\/\/yoast.com\/product\/yoast-seo-wordpress\/ -->\n<title>K\u00edna nem riad vissza a kereskedelmi h\u00e1bor\u00fat\u00f3l - Super News<\/title>\n<meta name=\"robots\" content=\"index, follow, max-snippet:-1, max-image-preview:large, max-video-preview:-1\" \/>\n<link rel=\"canonical\" href=\"https:\/\/super-news.info\/hu\/kina-nem-riad-vissza-a-kereskedelmi-haborutol\/\" \/>\n<meta property=\"og:locale\" content=\"hu_HU\" \/>\n<meta property=\"og:type\" content=\"article\" \/>\n<meta property=\"og:title\" content=\"K\u00edna nem riad vissza a kereskedelmi h\u00e1bor\u00fat\u00f3l - Super News\" \/>\n<meta property=\"og:description\" content=\"[ad_1] K\u00edna nem akar kereskedelmi h\u00e1bor\u00fat az Egyes\u00fclt \u00c1llamokkal, ugyanakkor nem is riad vissza t\u0151le\u00a0\u2013 sz\u00f6gezi le vas\u00e1rnap k\u00f6zz\u00e9tett hivatalos \u00e1ll\u00e1sfoglal\u00e1s\u00e1ban a k\u00ednai korm\u00e1ny. Az \u00fcgyr\u0151l kiadott, \u00fagynevezett feh\u00e9r k\u00f6nyvben a korm\u00e1nyzat r\u00e1mutat: a k\u00e9t orsz\u00e1g kereskedelmi konfliktus\u00e1nak elm\u00e9rgesed\u00e9se az amerikai f\u00e9l k\u00f6zelm\u00faltbeli l\u00e9p\u00e9seinek k\u00f6vetkezm\u00e9nye. \u201e2017-es beiktat\u00e1sa \u00f3ta az \u00faj amerikai vezet\u00e9s p\u00f3tv\u00e1mok \u00e9s egy\u00e9b [&hellip;]\" \/>\n<meta property=\"og:url\" content=\"https:\/\/super-news.info\/hu\/kina-nem-riad-vissza-a-kereskedelmi-haborutol\/\" \/>\n<meta property=\"og:site_name\" content=\"Super News\" \/>\n<meta property=\"article:published_time\" content=\"2019-06-02T09:32:35+00:00\" \/>\n<meta property=\"article:modified_time\" content=\"2019-06-02T09:32:36+00:00\" \/>\n<meta property=\"og:image\" content=\"https:\/\/super-news.info\/hu\/wp-content\/uploads\/sites\/3\/2019\/06\/K\u00edna-nem-riad-vissza-a-kereskedelmi-h\u00e1bor\u00fat\u00f3l.jpg\" \/>\n\t<meta property=\"og:image:width\" content=\"1400\" \/>\n\t<meta property=\"og:image:height\" content=\"699\" \/>\n\t<meta property=\"og:image:type\" content=\"image\/jpeg\" \/>\n<meta name=\"author\" content=\"super-news\" \/>\n<meta name=\"twitter:card\" content=\"summary_large_image\" \/>\n<meta name=\"twitter:label1\" content=\"Szerz\u0151:\" \/>\n\t<meta name=\"twitter:data1\" content=\"super-news\" \/>\n\t<meta name=\"twitter:label2\" content=\"Becs\u00fclt olvas\u00e1si id\u0151\" \/>\n\t<meta name=\"twitter:data2\" content=\"6 perc\" \/>\n<script type=\"application\/ld+json\" class=\"yoast-schema-graph\">{\"@context\":\"https:\\\/\\\/schema.org\",\"@graph\":[{\"@type\":\"Article\",\"@id\":\"https:\\\/\\\/super-news.info\\\/hu\\\/kina-nem-riad-vissza-a-kereskedelmi-haborutol\\\/#article\",\"isPartOf\":{\"@id\":\"https:\\\/\\\/super-news.info\\\/hu\\\/kina-nem-riad-vissza-a-kereskedelmi-haborutol\\\/\"},\"author\":{\"name\":\"super-news\",\"@id\":\"https:\\\/\\\/super-news.info\\\/hu\\\/#\\\/schema\\\/person\\\/2d4068cb2f39cd10008c2fce578a7356\"},\"headline\":\"K\u00edna nem riad vissza a kereskedelmi h\u00e1bor\u00fat\u00f3l\",\"datePublished\":\"2019-06-02T09:32:35+00:00\",\"dateModified\":\"2019-06-02T09:32:36+00:00\",\"mainEntityOfPage\":{\"@id\":\"https:\\\/\\\/super-news.info\\\/hu\\\/kina-nem-riad-vissza-a-kereskedelmi-haborutol\\\/\"},\"wordCount\":1181,\"commentCount\":0,\"image\":{\"@id\":\"https:\\\/\\\/super-news.info\\\/hu\\\/kina-nem-riad-vissza-a-kereskedelmi-haborutol\\\/#primaryimage\"},\"thumbnailUrl\":\"https:\\\/\\\/super-news.info\\\/hu\\\/wp-content\\\/uploads\\\/sites\\\/3\\\/2019\\\/06\\\/K\u00edna-nem-riad-vissza-a-kereskedelmi-h\u00e1bor\u00fat\u00f3l.jpg\",\"articleSection\":[\"P\u00c9NZ\u00dcGYI H\u00cdREK\"],\"inLanguage\":\"hu\",\"potentialAction\":[{\"@type\":\"CommentAction\",\"name\":\"Comment\",\"target\":[\"https:\\\/\\\/super-news.info\\\/hu\\\/kina-nem-riad-vissza-a-kereskedelmi-haborutol\\\/#respond\"]}]},{\"@type\":\"WebPage\",\"@id\":\"https:\\\/\\\/super-news.info\\\/hu\\\/kina-nem-riad-vissza-a-kereskedelmi-haborutol\\\/\",\"url\":\"https:\\\/\\\/super-news.info\\\/hu\\\/kina-nem-riad-vissza-a-kereskedelmi-haborutol\\\/\",\"name\":\"K\u00edna nem riad vissza a kereskedelmi h\u00e1bor\u00fat\u00f3l - Super News\",\"isPartOf\":{\"@id\":\"https:\\\/\\\/super-news.info\\\/hu\\\/#website\"},\"primaryImageOfPage\":{\"@id\":\"https:\\\/\\\/super-news.info\\\/hu\\\/kina-nem-riad-vissza-a-kereskedelmi-haborutol\\\/#primaryimage\"},\"image\":{\"@id\":\"https:\\\/\\\/super-news.info\\\/hu\\\/kina-nem-riad-vissza-a-kereskedelmi-haborutol\\\/#primaryimage\"},\"thumbnailUrl\":\"https:\\\/\\\/super-news.info\\\/hu\\\/wp-content\\\/uploads\\\/sites\\\/3\\\/2019\\\/06\\\/K\u00edna-nem-riad-vissza-a-kereskedelmi-h\u00e1bor\u00fat\u00f3l.jpg\",\"datePublished\":\"2019-06-02T09:32:35+00:00\",\"dateModified\":\"2019-06-02T09:32:36+00:00\",\"author\":{\"@id\":\"https:\\\/\\\/super-news.info\\\/hu\\\/#\\\/schema\\\/person\\\/2d4068cb2f39cd10008c2fce578a7356\"},\"breadcrumb\":{\"@id\":\"https:\\\/\\\/super-news.info\\\/hu\\\/kina-nem-riad-vissza-a-kereskedelmi-haborutol\\\/#breadcrumb\"},\"inLanguage\":\"hu\",\"potentialAction\":[{\"@type\":\"ReadAction\",\"target\":[\"https:\\\/\\\/super-news.info\\\/hu\\\/kina-nem-riad-vissza-a-kereskedelmi-haborutol\\\/\"]}]},{\"@type\":\"ImageObject\",\"inLanguage\":\"hu\",\"@id\":\"https:\\\/\\\/super-news.info\\\/hu\\\/kina-nem-riad-vissza-a-kereskedelmi-haborutol\\\/#primaryimage\",\"url\":\"https:\\\/\\\/super-news.info\\\/hu\\\/wp-content\\\/uploads\\\/sites\\\/3\\\/2019\\\/06\\\/K\u00edna-nem-riad-vissza-a-kereskedelmi-h\u00e1bor\u00fat\u00f3l.jpg\",\"contentUrl\":\"https:\\\/\\\/super-news.info\\\/hu\\\/wp-content\\\/uploads\\\/sites\\\/3\\\/2019\\\/06\\\/K\u00edna-nem-riad-vissza-a-kereskedelmi-h\u00e1bor\u00fat\u00f3l.jpg\",\"width\":1400,\"height\":699,\"caption\":\"K\u00edna nem riad vissza a kereskedelmi h\u00e1bor\u00fat\u00f3l\"},{\"@type\":\"BreadcrumbList\",\"@id\":\"https:\\\/\\\/super-news.info\\\/hu\\\/kina-nem-riad-vissza-a-kereskedelmi-haborutol\\\/#breadcrumb\",\"itemListElement\":[{\"@type\":\"ListItem\",\"position\":1,\"name\":\"\u0413\u043b\u0430\u0432\u043d\u0430\u044f \u0441\u0442\u0440\u0430\u043d\u0438\u0446\u0430\",\"item\":\"https:\\\/\\\/super-news.info\\\/hu\\\/\"},{\"@type\":\"ListItem\",\"position\":2,\"name\":\"K\u00edna nem riad vissza a kereskedelmi h\u00e1bor\u00fat\u00f3l\"}]},{\"@type\":\"WebSite\",\"@id\":\"https:\\\/\\\/super-news.info\\\/hu\\\/#website\",\"url\":\"https:\\\/\\\/super-news.info\\\/hu\\\/\",\"name\":\"Super News\",\"description\":\"Super News Magyarorsz\u00e1g\",\"potentialAction\":[{\"@type\":\"SearchAction\",\"target\":{\"@type\":\"EntryPoint\",\"urlTemplate\":\"https:\\\/\\\/super-news.info\\\/hu\\\/?s={search_term_string}\"},\"query-input\":{\"@type\":\"PropertyValueSpecification\",\"valueRequired\":true,\"valueName\":\"search_term_string\"}}],\"inLanguage\":\"hu\"},{\"@type\":\"Person\",\"@id\":\"https:\\\/\\\/super-news.info\\\/hu\\\/#\\\/schema\\\/person\\\/2d4068cb2f39cd10008c2fce578a7356\",\"name\":\"super-news\",\"image\":{\"@type\":\"ImageObject\",\"inLanguage\":\"hu\",\"@id\":\"https:\\\/\\\/secure.gravatar.com\\\/avatar\\\/64ebac40b93f26a154f8a9b5b6fdccfc46f442b26b3dd6756dbff3bf9dc76fd7?s=96&d=mm&r=g\",\"url\":\"https:\\\/\\\/secure.gravatar.com\\\/avatar\\\/64ebac40b93f26a154f8a9b5b6fdccfc46f442b26b3dd6756dbff3bf9dc76fd7?s=96&d=mm&r=g\",\"contentUrl\":\"https:\\\/\\\/secure.gravatar.com\\\/avatar\\\/64ebac40b93f26a154f8a9b5b6fdccfc46f442b26b3dd6756dbff3bf9dc76fd7?s=96&d=mm&r=g\",\"caption\":\"super-news\"},\"url\":\"https:\\\/\\\/super-news.info\\\/hu\\\/author\\\/pt\\\/\"}]}<\/script>\n<!-- \/ Yoast SEO plugin. -->","yoast_head_json":{"title":"K\u00edna nem riad vissza a kereskedelmi h\u00e1bor\u00fat\u00f3l - Super News","robots":{"index":"index","follow":"follow","max-snippet":"max-snippet:-1","max-image-preview":"max-image-preview:large","max-video-preview":"max-video-preview:-1"},"canonical":"https:\/\/super-news.info\/hu\/kina-nem-riad-vissza-a-kereskedelmi-haborutol\/","og_locale":"hu_HU","og_type":"article","og_title":"K\u00edna nem riad vissza a kereskedelmi h\u00e1bor\u00fat\u00f3l - Super News","og_description":"[ad_1] K\u00edna nem akar kereskedelmi h\u00e1bor\u00fat az Egyes\u00fclt \u00c1llamokkal, ugyanakkor nem is riad vissza t\u0151le\u00a0\u2013 sz\u00f6gezi le vas\u00e1rnap k\u00f6zz\u00e9tett hivatalos \u00e1ll\u00e1sfoglal\u00e1s\u00e1ban a k\u00ednai korm\u00e1ny. Az \u00fcgyr\u0151l kiadott, \u00fagynevezett feh\u00e9r k\u00f6nyvben a korm\u00e1nyzat r\u00e1mutat: a k\u00e9t orsz\u00e1g kereskedelmi konfliktus\u00e1nak elm\u00e9rgesed\u00e9se az amerikai f\u00e9l k\u00f6zelm\u00faltbeli l\u00e9p\u00e9seinek k\u00f6vetkezm\u00e9nye. \u201e2017-es beiktat\u00e1sa \u00f3ta az \u00faj amerikai vezet\u00e9s p\u00f3tv\u00e1mok \u00e9s egy\u00e9b [&hellip;]","og_url":"https:\/\/super-news.info\/hu\/kina-nem-riad-vissza-a-kereskedelmi-haborutol\/","og_site_name":"Super News","article_published_time":"2019-06-02T09:32:35+00:00","article_modified_time":"2019-06-02T09:32:36+00:00","og_image":[{"width":1400,"height":699,"url":"https:\/\/super-news.info\/hu\/wp-content\/uploads\/sites\/3\/2019\/06\/K\u00edna-nem-riad-vissza-a-kereskedelmi-h\u00e1bor\u00fat\u00f3l.jpg","type":"image\/jpeg"}],"author":"super-news","twitter_card":"summary_large_image","twitter_misc":{"Szerz\u0151:":"super-news","Becs\u00fclt olvas\u00e1si id\u0151":"6 perc"},"schema":{"@context":"https:\/\/schema.org","@graph":[{"@type":"Article","@id":"https:\/\/super-news.info\/hu\/kina-nem-riad-vissza-a-kereskedelmi-haborutol\/#article","isPartOf":{"@id":"https:\/\/super-news.info\/hu\/kina-nem-riad-vissza-a-kereskedelmi-haborutol\/"},"author":{"name":"super-news","@id":"https:\/\/super-news.info\/hu\/#\/schema\/person\/2d4068cb2f39cd10008c2fce578a7356"},"headline":"K\u00edna nem riad vissza a kereskedelmi h\u00e1bor\u00fat\u00f3l","datePublished":"2019-06-02T09:32:35+00:00","dateModified":"2019-06-02T09:32:36+00:00","mainEntityOfPage":{"@id":"https:\/\/super-news.info\/hu\/kina-nem-riad-vissza-a-kereskedelmi-haborutol\/"},"wordCount":1181,"commentCount":0,"image":{"@id":"https:\/\/super-news.info\/hu\/kina-nem-riad-vissza-a-kereskedelmi-haborutol\/#primaryimage"},"thumbnailUrl":"https:\/\/super-news.info\/hu\/wp-content\/uploads\/sites\/3\/2019\/06\/K\u00edna-nem-riad-vissza-a-kereskedelmi-h\u00e1bor\u00fat\u00f3l.jpg","articleSection":["P\u00c9NZ\u00dcGYI H\u00cdREK"],"inLanguage":"hu","potentialAction":[{"@type":"CommentAction","name":"Comment","target":["https:\/\/super-news.info\/hu\/kina-nem-riad-vissza-a-kereskedelmi-haborutol\/#respond"]}]},{"@type":"WebPage","@id":"https:\/\/super-news.info\/hu\/kina-nem-riad-vissza-a-kereskedelmi-haborutol\/","url":"https:\/\/super-news.info\/hu\/kina-nem-riad-vissza-a-kereskedelmi-haborutol\/","name":"K\u00edna nem riad vissza a kereskedelmi h\u00e1bor\u00fat\u00f3l - Super News","isPartOf":{"@id":"https:\/\/super-news.info\/hu\/#website"},"primaryImageOfPage":{"@id":"https:\/\/super-news.info\/hu\/kina-nem-riad-vissza-a-kereskedelmi-haborutol\/#primaryimage"},"image":{"@id":"https:\/\/super-news.info\/hu\/kina-nem-riad-vissza-a-kereskedelmi-haborutol\/#primaryimage"},"thumbnailUrl":"https:\/\/super-news.info\/hu\/wp-content\/uploads\/sites\/3\/2019\/06\/K\u00edna-nem-riad-vissza-a-kereskedelmi-h\u00e1bor\u00fat\u00f3l.jpg","datePublished":"2019-06-02T09:32:35+00:00","dateModified":"2019-06-02T09:32:36+00:00","author":{"@id":"https:\/\/super-news.info\/hu\/#\/schema\/person\/2d4068cb2f39cd10008c2fce578a7356"},"breadcrumb":{"@id":"https:\/\/super-news.info\/hu\/kina-nem-riad-vissza-a-kereskedelmi-haborutol\/#breadcrumb"},"inLanguage":"hu","potentialAction":[{"@type":"ReadAction","target":["https:\/\/super-news.info\/hu\/kina-nem-riad-vissza-a-kereskedelmi-haborutol\/"]}]},{"@type":"ImageObject","inLanguage":"hu","@id":"https:\/\/super-news.info\/hu\/kina-nem-riad-vissza-a-kereskedelmi-haborutol\/#primaryimage","url":"https:\/\/super-news.info\/hu\/wp-content\/uploads\/sites\/3\/2019\/06\/K\u00edna-nem-riad-vissza-a-kereskedelmi-h\u00e1bor\u00fat\u00f3l.jpg","contentUrl":"https:\/\/super-news.info\/hu\/wp-content\/uploads\/sites\/3\/2019\/06\/K\u00edna-nem-riad-vissza-a-kereskedelmi-h\u00e1bor\u00fat\u00f3l.jpg","width":1400,"height":699,"caption":"K\u00edna nem riad vissza a kereskedelmi h\u00e1bor\u00fat\u00f3l"},{"@type":"BreadcrumbList","@id":"https:\/\/super-news.info\/hu\/kina-nem-riad-vissza-a-kereskedelmi-haborutol\/#breadcrumb","itemListElement":[{"@type":"ListItem","position":1,"name":"\u0413\u043b\u0430\u0432\u043d\u0430\u044f \u0441\u0442\u0440\u0430\u043d\u0438\u0446\u0430","item":"https:\/\/super-news.info\/hu\/"},{"@type":"ListItem","position":2,"name":"K\u00edna nem riad vissza a kereskedelmi h\u00e1bor\u00fat\u00f3l"}]},{"@type":"WebSite","@id":"https:\/\/super-news.info\/hu\/#website","url":"https:\/\/super-news.info\/hu\/","name":"Super News","description":"Super News Magyarorsz\u00e1g","potentialAction":[{"@type":"SearchAction","target":{"@type":"EntryPoint","urlTemplate":"https:\/\/super-news.info\/hu\/?s={search_term_string}"},"query-input":{"@type":"PropertyValueSpecification","valueRequired":true,"valueName":"search_term_string"}}],"inLanguage":"hu"},{"@type":"Person","@id":"https:\/\/super-news.info\/hu\/#\/schema\/person\/2d4068cb2f39cd10008c2fce578a7356","name":"super-news","image":{"@type":"ImageObject","inLanguage":"hu","@id":"https:\/\/secure.gravatar.com\/avatar\/64ebac40b93f26a154f8a9b5b6fdccfc46f442b26b3dd6756dbff3bf9dc76fd7?s=96&d=mm&r=g","url":"https:\/\/secure.gravatar.com\/avatar\/64ebac40b93f26a154f8a9b5b6fdccfc46f442b26b3dd6756dbff3bf9dc76fd7?s=96&d=mm&r=g","contentUrl":"https:\/\/secure.gravatar.com\/avatar\/64ebac40b93f26a154f8a9b5b6fdccfc46f442b26b3dd6756dbff3bf9dc76fd7?s=96&d=mm&r=g","caption":"super-news"},"url":"https:\/\/super-news.info\/hu\/author\/pt\/"}]}},"_links":{"self":[{"href":"https:\/\/super-news.info\/hu\/wp-json\/wp\/v2\/posts\/3228","targetHints":{"allow":["GET"]}}],"collection":[{"href":"https:\/\/super-news.info\/hu\/wp-json\/wp\/v2\/posts"}],"about":[{"href":"https:\/\/super-news.info\/hu\/wp-json\/wp\/v2\/types\/post"}],"author":[{"embeddable":true,"href":"https:\/\/super-news.info\/hu\/wp-json\/wp\/v2\/users\/2"}],"replies":[{"embeddable":true,"href":"https:\/\/super-news.info\/hu\/wp-json\/wp\/v2\/comments?post=3228"}],"version-history":[{"count":1,"href":"https:\/\/super-news.info\/hu\/wp-json\/wp\/v2\/posts\/3228\/revisions"}],"predecessor-version":[{"id":3230,"href":"https:\/\/super-news.info\/hu\/wp-json\/wp\/v2\/posts\/3228\/revisions\/3230"}],"wp:featuredmedia":[{"embeddable":true,"href":"https:\/\/super-news.info\/hu\/wp-json\/wp\/v2\/media\/3229"}],"wp:attachment":[{"href":"https:\/\/super-news.info\/hu\/wp-json\/wp\/v2\/media?parent=3228"}],"wp:term":[{"taxonomy":"category","embeddable":true,"href":"https:\/\/super-news.info\/hu\/wp-json\/wp\/v2\/categories?post=3228"},{"taxonomy":"post_tag","embeddable":true,"href":"https:\/\/super-news.info\/hu\/wp-json\/wp\/v2\/tags?post=3228"}],"curies":[{"name":"wp","href":"https:\/\/api.w.org\/{rel}","templated":true}]}}