{"id":3207,"date":"2019-06-01T19:50:02","date_gmt":"2019-06-01T16:50:02","guid":{"rendered":"https:\/\/super-news.info\/hu\/csehorszagnak-fizetnie-kell-vilaggazdasag\/"},"modified":"2019-06-01T19:50:03","modified_gmt":"2019-06-01T16:50:03","slug":"csehorszagnak-fizetnie-kell-vilaggazdasag","status":"publish","type":"post","link":"https:\/\/super-news.info\/hu\/csehorszagnak-fizetnie-kell-vilaggazdasag\/","title":{"rendered":"Csehorsz\u00e1gnak fizetnie kell | Vil\u00e1ggazdas\u00e1g"},"content":{"rendered":"<p> [ad_1]<br \/>\n<\/p>\n<p>\n\t\t\t\t\t\t\t\tAz orsz\u00e1gnak mintegy 451 milli\u00f3 koron\u00e1t kellene visszafizetnie az uni\u00f3nak Adrej Babis minisztereln\u00f6k \u00f6sszef\u00e9rhetetlens\u00e9ge miatt.\t\t\t\t\t\t\t<\/p>\n<div>\n<p>Csehorsz\u00e1gnak mintegy 451 milli\u00f3 koron\u00e1t (5,86 milli\u00e1rd forint) kellene visszafizetnie az Eur\u00f3pai Uni\u00f3nak, a p\u00e9nzt kor\u00e1bban az Andrej Babis cseh minisztereln\u00f6k tulajdon\u00e1ban l\u00e9v\u0151 Agrofert holding kapta \u2013 az Eur\u00f3pai Bizotts\u00e1g meg\u00e1llap\u00edt\u00e1sa szerint azonban Babis politikai \u00e9s v\u00e1llalkoz\u00f3i tev\u00e9kenys\u00e9ge \u00f6sszef\u00e9rhetetlen \u00e9s emiatt a c\u00e9g nem jogosult uni\u00f3s t\u00e1mogat\u00e1sra.<\/p>\n<p>A t\u00f6bb mint hetven oldalas bizotts\u00e1gi jelent\u00e9st t\u00f6bb cseh sajt\u00f3org\u00e1num teljes eg\u00e9sz\u00e9ben nyilv\u00e1noss\u00e1gra hozta.<\/p>\n<p>A jelent\u00e9s szerint az Agrofertnek juttatott t\u00e1mogat\u00e1sok az\u00e9rt s\u00e9rtik az \u00e9rv\u00e9nyes t\u00f6rv\u00e9nyeket \u00e9s el\u0151\u00edr\u00e1sokat, mert Andrej Babisnak tov\u00e1bbra is befoly\u00e1sa van egykori c\u00e9g\u00e9re, amelynek ir\u00e1ny\u00edt\u00e1s\u00e1t 2017 febru\u00e1rj\u00e1ban k\u00e9t vagyonkezel\u0151 alapnak adta \u00e1t, mik\u00f6zben korm\u00e1nyf\u0151k\u00e9nt befoly\u00e1solni tudja \u00e9s befoly\u00e1solja az uni\u00f3s t\u00e1mogat\u00e1sok sz\u00e9toszt\u00e1s\u00e1t.<\/p>\n<blockquote>\n<p>Babis kez\u00e9ben tartja a k\u00e9t vagyonkezel\u0151 alapot, s ezeken a vagyonkezel\u0151 alapokon kereszt\u00fcl kez\u00e9ben tartja az Agrofert csoportot is<\/p>\n<\/blockquote>\n<p>\u2013 \u00e1ll a jelent\u00e9sben, amely meg\u00e1llap\u00edtja, hogy az Agrofer nyeres\u00e9ge v\u00e9gs\u0151 soron szint\u00e9n Andrej Babishoz ker\u00fcl.<\/p>\n<div id=\"attachment_662759\" style=\"width: 1410px\" class=\"wp-caption aligncenter\">\n<p class=\"wp-caption-text\">Andrej Babis cseh minisztereln\u00f6k<br \/>Fot\u00f3: AFP<\/p>\n<\/div>\n<p>A cseh p\u00e9nz\u00fcgyminiszt\u00e9rium p\u00e9nteken azt k\u00f6z\u00f6lte, hogy el\u0151zetes angol nyelv\u0171 jelent\u00e9sr\u0151l van sz\u00f3, amely m\u00e9g nem v\u00e9gleges, \u00e9s m\u00e9g v\u00e1ltozhat. A t\u00e1rca csak azut\u00e1n k\u00edv\u00e1n reag\u00e1lni, hogy megkapja a dokumentum v\u00e9gs\u0151 cseh nyelv\u0171 v\u00e1ltozat\u00e1t.<\/p>\n<p>Andrej Babis azt \u00e1ll\u00edtja:<\/p>\n<p>semmif\u00e9le cseh, illetve eur\u00f3pai t\u00f6rv\u00e9nyeket nem s\u00e9rtett meg, a jelent\u00e9s elfogult \u00e9s t\u00e9ves, mert neki 2017 febru\u00e1rja \u00f3ta nincs semmif\u00e9le befoly\u00e1sa a vagyonkezel\u0151 alapokba helyezett c\u00e9gei tev\u00e9kenys\u00e9g\u00e9re. Babis szerint Csehorsz\u00e1gnak semmif\u00e9le p\u00e9nzt nem kell majd visszafizetnie az uni\u00f3s kassz\u00e1ba.<\/p>\n<p>A cseh korm\u00e1nyf\u0151t a Transparency International cseh irod\u00e1ja tavaly ny\u00e1ron jelentette fel Br\u00fcsszelben. Az eur\u00f3pai uni\u00f3s ellen\u0151r\u00f6k id\u00e9n janu\u00e1rban j\u00e1rtak Pr\u00e1g\u00e1ban, \u00e9s egy h\u00e9ten kereszt\u00fcl ellen\u0151rizt\u00e9k az Agrofertet.<\/p>\n<p>Andrej Babis 2014 \u00f3ta tagja a cseh korm\u00e1nyoknak, s hogy politikai szerepv\u00e1llal\u00e1sa ne \u00fctk\u00f6zz\u00f6n a cseh \u00f6sszef\u00e9rhetetlens\u00e9gi t\u00f6rv\u00e9nyekbe, vagyon\u00e1t 2017 elej\u00e9n k\u00e9t vagyonkezel\u0151 alapba helyezte el. Ez akkor megfelelt az EU-el\u0151\u00edr\u00e1sainak is, de ezek 2018 nyar\u00e1n megszigorodtak, s a Transparency International szerint Babis az\u00f3ta ism\u00e9t \u00f6sszef\u00e9rhetetlens\u00e9gi helyzetbe ker\u00fclt.<\/p>\n<p>Az EU k\u00f6nyvvizsg\u00e1l\u00f3i 2011-t\u0151l 2018 v\u00e9g\u00e9ig ellen\u0151rizt\u00e9k az Agrofertet \u00e9rint\u0151 p\u00e9nz\u00fcgyi iratokat. Ez id\u0151 alatt az Agrofert 451 milli\u00f3 korona t\u00e1mogat\u00e1st kapott, ebb\u0151l 283 milli\u00f3 koron\u00e1t 2017 febru\u00e1rja ut\u00e1n \u2013 der\u00fcl ki az iHNED port\u00e1lon k\u00f6z\u00f6lt anyagb\u00f3l. A jelent\u00e9s le\u00edr t\u00f6bb esetet, amikor az Agrofert \u00e1ll\u00edt\u00f3lag jogtalanul jutott uni\u00f3s t\u00e1mogat\u00e1sokhoz. B\u00edr\u00e1lja a cseh hat\u00f3s\u00e1gokat is, hogy nem j\u00e1rtak el kell\u0151 alaposs\u00e1ggal \u00e9s k\u00f6vetkezetess\u00e9ggel az uni\u00f3s t\u00e1mogat\u00e1sok sz\u00e9toszt\u00e1s\u00e1n\u00e1l. Babis a jelent\u00e9s szerint t\u00f6bb olyan \u00e1llami d\u00f6nt\u00e9st szem\u00e9lyesen is befoly\u00e1solt, amely v\u00e9g\u00fcl p\u00e9nzt hozott az Agrofertnek.<\/p>\n<div id=\"attachment_662195\" style=\"width: 1410px\" class=\"wp-caption aligncenter\"><img loading=\"lazy\" decoding=\"async\" class=\"size-full wp-image-662195\" src=\"https:\/\/super-news.info\/hu\/wp-content\/uploads\/sites\/3\/2019\/06\/1559407802_874_Csehorszagnak-fizetnie-kell-Vilaggazdasag.jpg\" alt=\"\" width=\"1400\" height=\"903\"  \/><\/p>\n<p class=\"wp-caption-text\">Andrej Babis<br \/>Fot\u00f3: AFP<\/p>\n<\/div>\n<p>Jan Ham\u00e1cek bel\u00fcgyminiszter, a kisebbik koal\u00edci\u00f3s partner, a Cseh Szoci\u00e1ldemokrata P\u00e1rt (CSSD) eln\u00f6ke szerint a jelent\u00e9snek nem lesz hat\u00e1sa a korm\u00e1ny \u00e9s a koal\u00edci\u00f3 m\u0171k\u00f6d\u00e9s\u00e9re, de ha kider\u00fcl, hogy az Agrofert jogtalanul jutott t\u00e1mogat\u00e1sokhoz, akkor a p\u00e9nzt mindenk\u00e9ppen vissza kell majd fizetnie.<\/p>\n<p>Az Agrofert holding Csehorsz\u00e1g egyik legnagyobb ag\u00e1ripari, \u00e9lelmiszeripari \u00e9s vegyipari c\u00e9ge, amely t\u00f6bb mint 33 ezer embernek ad munk\u00e1t. Andrej Babis pedig Csehorsz\u00e1g m\u00e1sodik leggazdagabb embere.<\/p>\n<p>Az ellenz\u00e9k \u00e1ltal oly sokat emlegetett G\u00f3lyaf\u00e9szek-botr\u00e1ny h\u00e1tter\u00e9ben az \u00e1ll, hogy az ilyen nev\u0171 szabadid\u0151k\u00f6zpontot \u00e9p\u00edttet\u0151 c\u00e9g kor\u00e1bban az Agrofert holdinghoz tartozott, amelynek egyetlen tulajdonosa Andrej Babis volt. A szabadid\u0151k\u00f6zpont \u00e9p\u00edt\u00e9skor, 2007-2008-ban azonban a c\u00e9g ismeretlen tulajdonba ker\u00fclt, \u00e9s kisebb v\u00e1llalkoz\u00e1sk\u00e9nt jogosults\u00e1got szerzett az ilyen v\u00e1llalatok sz\u00e1m\u00e1ra ki\u00edrt EU-t\u00e1mogat\u00e1sra. Amennyiben a G\u00f3lyaf\u00e9szek az Agrofert r\u00e9sze maradt volna, nagyv\u00e1llalatk\u00e9nt nagy val\u00f3sz\u00edn\u0171s\u00e9ggel nem kapott volna uni\u00f3s t\u00e1mogat\u00e1st.<\/p>\n<\/p><\/div>\n<p><script>\n    window.fbAsyncInit = function() {\n        FB.init({\n            appId      : \"204760236815359\",\n            xfbml      : true,\n            version    : \"v2.12\"\n        });\n        FB.AppEvents.logPageView();\n    };<\/p>\n<p>    (function(d, s, id){\n        var js, fjs = d.getElementsByTagName(s)[0];\n        if (d.getElementById(id)) {return;}\n        js = d.createElement(s); js.id = id;\n        js.src = \"http:\/\/connect.facebook.net\/hu_HU\/sdk.js\";\n        fjs.parentNode.insertBefore(js, fjs);\n    }(document, \"script\", \"facebook-jssdk\"));\n<\/script><br \/>\n<br \/>[ad_2]<br \/>\n<br \/><a href=\"https:\/\/www.vg.hu\/gazdasag\/gazdasagi-hirek\/csehorszagnak-fizetnie-kell-1546268\/\">Source link <\/a><\/p>\n","protected":false},"excerpt":{"rendered":"<p>[ad_1] Az orsz\u00e1gnak mintegy 451 milli\u00f3 koron\u00e1t kellene visszafizetnie az uni\u00f3nak Adrej Babis minisztereln\u00f6k \u00f6sszef\u00e9rhetetlens\u00e9ge miatt. Csehorsz\u00e1gnak mintegy 451 milli\u00f3 koron\u00e1t (5,86 milli\u00e1rd forint) kellene visszafizetnie az Eur\u00f3pai Uni\u00f3nak, a p\u00e9nzt kor\u00e1bban az Andrej Babis cseh minisztereln\u00f6k tulajdon\u00e1ban l\u00e9v\u0151 Agrofert holding kapta \u2013 az Eur\u00f3pai Bizotts\u00e1g meg\u00e1llap\u00edt\u00e1sa szerint azonban Babis politikai \u00e9s v\u00e1llalkoz\u00f3i tev\u00e9kenys\u00e9ge \u00f6sszef\u00e9rhetetlen [&hellip;]<\/p>\n","protected":false},"author":2,"featured_media":3208,"comment_status":"open","ping_status":"open","sticky":false,"template":"","format":"standard","meta":{"footnotes":""},"categories":[1],"tags":[],"class_list":["post-3207","post","type-post","status-publish","format-standard","has-post-thumbnail","hentry","category-penzugyi-hirek"],"yoast_head":"<!-- This site is optimized with the Yoast SEO plugin v27.4 - https:\/\/yoast.com\/product\/yoast-seo-wordpress\/ -->\n<title>Csehorsz\u00e1gnak fizetnie kell | Vil\u00e1ggazdas\u00e1g - Super News<\/title>\n<meta name=\"robots\" content=\"index, follow, max-snippet:-1, max-image-preview:large, max-video-preview:-1\" \/>\n<link rel=\"canonical\" href=\"https:\/\/super-news.info\/hu\/csehorszagnak-fizetnie-kell-vilaggazdasag\/\" \/>\n<meta property=\"og:locale\" content=\"hu_HU\" \/>\n<meta property=\"og:type\" content=\"article\" \/>\n<meta property=\"og:title\" content=\"Csehorsz\u00e1gnak fizetnie kell | Vil\u00e1ggazdas\u00e1g - Super News\" \/>\n<meta property=\"og:description\" content=\"[ad_1] Az orsz\u00e1gnak mintegy 451 milli\u00f3 koron\u00e1t kellene visszafizetnie az uni\u00f3nak Adrej Babis minisztereln\u00f6k \u00f6sszef\u00e9rhetetlens\u00e9ge miatt. Csehorsz\u00e1gnak mintegy 451 milli\u00f3 koron\u00e1t (5,86 milli\u00e1rd forint) kellene visszafizetnie az Eur\u00f3pai Uni\u00f3nak, a p\u00e9nzt kor\u00e1bban az Andrej Babis cseh minisztereln\u00f6k tulajdon\u00e1ban l\u00e9v\u0151 Agrofert holding kapta \u2013 az Eur\u00f3pai Bizotts\u00e1g meg\u00e1llap\u00edt\u00e1sa szerint azonban Babis politikai \u00e9s v\u00e1llalkoz\u00f3i tev\u00e9kenys\u00e9ge \u00f6sszef\u00e9rhetetlen [&hellip;]\" \/>\n<meta property=\"og:url\" content=\"https:\/\/super-news.info\/hu\/csehorszagnak-fizetnie-kell-vilaggazdasag\/\" \/>\n<meta property=\"og:site_name\" content=\"Super News\" \/>\n<meta property=\"article:published_time\" content=\"2019-06-01T16:50:02+00:00\" \/>\n<meta property=\"article:modified_time\" content=\"2019-06-01T16:50:03+00:00\" \/>\n<meta property=\"og:image\" content=\"https:\/\/super-news.info\/hu\/wp-content\/uploads\/sites\/3\/2019\/06\/Csehorsz\u00e1gnak-fizetnie-kell-Vil\u00e1ggazdas\u00e1g.jpg\" \/>\n\t<meta property=\"og:image:width\" content=\"1400\" \/>\n\t<meta property=\"og:image:height\" content=\"957\" \/>\n\t<meta property=\"og:image:type\" content=\"image\/jpeg\" \/>\n<meta name=\"author\" content=\"super-news\" \/>\n<meta name=\"twitter:card\" content=\"summary_large_image\" \/>\n<meta name=\"twitter:label1\" content=\"Szerz\u0151:\" \/>\n\t<meta name=\"twitter:data1\" content=\"super-news\" \/>\n\t<meta name=\"twitter:label2\" content=\"Becs\u00fclt olvas\u00e1si id\u0151\" \/>\n\t<meta name=\"twitter:data2\" content=\"4 perc\" \/>\n<script type=\"application\/ld+json\" class=\"yoast-schema-graph\">{\"@context\":\"https:\\\/\\\/schema.org\",\"@graph\":[{\"@type\":\"Article\",\"@id\":\"https:\\\/\\\/super-news.info\\\/hu\\\/csehorszagnak-fizetnie-kell-vilaggazdasag\\\/#article\",\"isPartOf\":{\"@id\":\"https:\\\/\\\/super-news.info\\\/hu\\\/csehorszagnak-fizetnie-kell-vilaggazdasag\\\/\"},\"author\":{\"name\":\"super-news\",\"@id\":\"https:\\\/\\\/super-news.info\\\/hu\\\/#\\\/schema\\\/person\\\/2d4068cb2f39cd10008c2fce578a7356\"},\"headline\":\"Csehorsz\u00e1gnak fizetnie kell | Vil\u00e1ggazdas\u00e1g\",\"datePublished\":\"2019-06-01T16:50:02+00:00\",\"dateModified\":\"2019-06-01T16:50:03+00:00\",\"mainEntityOfPage\":{\"@id\":\"https:\\\/\\\/super-news.info\\\/hu\\\/csehorszagnak-fizetnie-kell-vilaggazdasag\\\/\"},\"wordCount\":810,\"commentCount\":0,\"image\":{\"@id\":\"https:\\\/\\\/super-news.info\\\/hu\\\/csehorszagnak-fizetnie-kell-vilaggazdasag\\\/#primaryimage\"},\"thumbnailUrl\":\"https:\\\/\\\/super-news.info\\\/hu\\\/wp-content\\\/uploads\\\/sites\\\/3\\\/2019\\\/06\\\/Csehorsz\u00e1gnak-fizetnie-kell-Vil\u00e1ggazdas\u00e1g.jpg\",\"articleSection\":[\"P\u00c9NZ\u00dcGYI H\u00cdREK\"],\"inLanguage\":\"hu\",\"potentialAction\":[{\"@type\":\"CommentAction\",\"name\":\"Comment\",\"target\":[\"https:\\\/\\\/super-news.info\\\/hu\\\/csehorszagnak-fizetnie-kell-vilaggazdasag\\\/#respond\"]}]},{\"@type\":\"WebPage\",\"@id\":\"https:\\\/\\\/super-news.info\\\/hu\\\/csehorszagnak-fizetnie-kell-vilaggazdasag\\\/\",\"url\":\"https:\\\/\\\/super-news.info\\\/hu\\\/csehorszagnak-fizetnie-kell-vilaggazdasag\\\/\",\"name\":\"Csehorsz\u00e1gnak fizetnie kell | Vil\u00e1ggazdas\u00e1g - Super News\",\"isPartOf\":{\"@id\":\"https:\\\/\\\/super-news.info\\\/hu\\\/#website\"},\"primaryImageOfPage\":{\"@id\":\"https:\\\/\\\/super-news.info\\\/hu\\\/csehorszagnak-fizetnie-kell-vilaggazdasag\\\/#primaryimage\"},\"image\":{\"@id\":\"https:\\\/\\\/super-news.info\\\/hu\\\/csehorszagnak-fizetnie-kell-vilaggazdasag\\\/#primaryimage\"},\"thumbnailUrl\":\"https:\\\/\\\/super-news.info\\\/hu\\\/wp-content\\\/uploads\\\/sites\\\/3\\\/2019\\\/06\\\/Csehorsz\u00e1gnak-fizetnie-kell-Vil\u00e1ggazdas\u00e1g.jpg\",\"datePublished\":\"2019-06-01T16:50:02+00:00\",\"dateModified\":\"2019-06-01T16:50:03+00:00\",\"author\":{\"@id\":\"https:\\\/\\\/super-news.info\\\/hu\\\/#\\\/schema\\\/person\\\/2d4068cb2f39cd10008c2fce578a7356\"},\"breadcrumb\":{\"@id\":\"https:\\\/\\\/super-news.info\\\/hu\\\/csehorszagnak-fizetnie-kell-vilaggazdasag\\\/#breadcrumb\"},\"inLanguage\":\"hu\",\"potentialAction\":[{\"@type\":\"ReadAction\",\"target\":[\"https:\\\/\\\/super-news.info\\\/hu\\\/csehorszagnak-fizetnie-kell-vilaggazdasag\\\/\"]}]},{\"@type\":\"ImageObject\",\"inLanguage\":\"hu\",\"@id\":\"https:\\\/\\\/super-news.info\\\/hu\\\/csehorszagnak-fizetnie-kell-vilaggazdasag\\\/#primaryimage\",\"url\":\"https:\\\/\\\/super-news.info\\\/hu\\\/wp-content\\\/uploads\\\/sites\\\/3\\\/2019\\\/06\\\/Csehorsz\u00e1gnak-fizetnie-kell-Vil\u00e1ggazdas\u00e1g.jpg\",\"contentUrl\":\"https:\\\/\\\/super-news.info\\\/hu\\\/wp-content\\\/uploads\\\/sites\\\/3\\\/2019\\\/06\\\/Csehorsz\u00e1gnak-fizetnie-kell-Vil\u00e1ggazdas\u00e1g.jpg\",\"width\":1400,\"height\":957,\"caption\":\"Csehorsz\u00e1gnak fizetnie kell | Vil\u00e1ggazdas\u00e1g\"},{\"@type\":\"BreadcrumbList\",\"@id\":\"https:\\\/\\\/super-news.info\\\/hu\\\/csehorszagnak-fizetnie-kell-vilaggazdasag\\\/#breadcrumb\",\"itemListElement\":[{\"@type\":\"ListItem\",\"position\":1,\"name\":\"\u0413\u043b\u0430\u0432\u043d\u0430\u044f \u0441\u0442\u0440\u0430\u043d\u0438\u0446\u0430\",\"item\":\"https:\\\/\\\/super-news.info\\\/hu\\\/\"},{\"@type\":\"ListItem\",\"position\":2,\"name\":\"Csehorsz\u00e1gnak fizetnie kell | Vil\u00e1ggazdas\u00e1g\"}]},{\"@type\":\"WebSite\",\"@id\":\"https:\\\/\\\/super-news.info\\\/hu\\\/#website\",\"url\":\"https:\\\/\\\/super-news.info\\\/hu\\\/\",\"name\":\"Super News\",\"description\":\"Super News Magyarorsz\u00e1g\",\"potentialAction\":[{\"@type\":\"SearchAction\",\"target\":{\"@type\":\"EntryPoint\",\"urlTemplate\":\"https:\\\/\\\/super-news.info\\\/hu\\\/?s={search_term_string}\"},\"query-input\":{\"@type\":\"PropertyValueSpecification\",\"valueRequired\":true,\"valueName\":\"search_term_string\"}}],\"inLanguage\":\"hu\"},{\"@type\":\"Person\",\"@id\":\"https:\\\/\\\/super-news.info\\\/hu\\\/#\\\/schema\\\/person\\\/2d4068cb2f39cd10008c2fce578a7356\",\"name\":\"super-news\",\"image\":{\"@type\":\"ImageObject\",\"inLanguage\":\"hu\",\"@id\":\"https:\\\/\\\/secure.gravatar.com\\\/avatar\\\/64ebac40b93f26a154f8a9b5b6fdccfc46f442b26b3dd6756dbff3bf9dc76fd7?s=96&d=mm&r=g\",\"url\":\"https:\\\/\\\/secure.gravatar.com\\\/avatar\\\/64ebac40b93f26a154f8a9b5b6fdccfc46f442b26b3dd6756dbff3bf9dc76fd7?s=96&d=mm&r=g\",\"contentUrl\":\"https:\\\/\\\/secure.gravatar.com\\\/avatar\\\/64ebac40b93f26a154f8a9b5b6fdccfc46f442b26b3dd6756dbff3bf9dc76fd7?s=96&d=mm&r=g\",\"caption\":\"super-news\"},\"url\":\"https:\\\/\\\/super-news.info\\\/hu\\\/author\\\/pt\\\/\"}]}<\/script>\n<!-- \/ Yoast SEO plugin. -->","yoast_head_json":{"title":"Csehorsz\u00e1gnak fizetnie kell | Vil\u00e1ggazdas\u00e1g - Super News","robots":{"index":"index","follow":"follow","max-snippet":"max-snippet:-1","max-image-preview":"max-image-preview:large","max-video-preview":"max-video-preview:-1"},"canonical":"https:\/\/super-news.info\/hu\/csehorszagnak-fizetnie-kell-vilaggazdasag\/","og_locale":"hu_HU","og_type":"article","og_title":"Csehorsz\u00e1gnak fizetnie kell | Vil\u00e1ggazdas\u00e1g - Super News","og_description":"[ad_1] Az orsz\u00e1gnak mintegy 451 milli\u00f3 koron\u00e1t kellene visszafizetnie az uni\u00f3nak Adrej Babis minisztereln\u00f6k \u00f6sszef\u00e9rhetetlens\u00e9ge miatt. Csehorsz\u00e1gnak mintegy 451 milli\u00f3 koron\u00e1t (5,86 milli\u00e1rd forint) kellene visszafizetnie az Eur\u00f3pai Uni\u00f3nak, a p\u00e9nzt kor\u00e1bban az Andrej Babis cseh minisztereln\u00f6k tulajdon\u00e1ban l\u00e9v\u0151 Agrofert holding kapta \u2013 az Eur\u00f3pai Bizotts\u00e1g meg\u00e1llap\u00edt\u00e1sa szerint azonban Babis politikai \u00e9s v\u00e1llalkoz\u00f3i tev\u00e9kenys\u00e9ge \u00f6sszef\u00e9rhetetlen [&hellip;]","og_url":"https:\/\/super-news.info\/hu\/csehorszagnak-fizetnie-kell-vilaggazdasag\/","og_site_name":"Super News","article_published_time":"2019-06-01T16:50:02+00:00","article_modified_time":"2019-06-01T16:50:03+00:00","og_image":[{"width":1400,"height":957,"url":"https:\/\/super-news.info\/hu\/wp-content\/uploads\/sites\/3\/2019\/06\/Csehorsz\u00e1gnak-fizetnie-kell-Vil\u00e1ggazdas\u00e1g.jpg","type":"image\/jpeg"}],"author":"super-news","twitter_card":"summary_large_image","twitter_misc":{"Szerz\u0151:":"super-news","Becs\u00fclt olvas\u00e1si id\u0151":"4 perc"},"schema":{"@context":"https:\/\/schema.org","@graph":[{"@type":"Article","@id":"https:\/\/super-news.info\/hu\/csehorszagnak-fizetnie-kell-vilaggazdasag\/#article","isPartOf":{"@id":"https:\/\/super-news.info\/hu\/csehorszagnak-fizetnie-kell-vilaggazdasag\/"},"author":{"name":"super-news","@id":"https:\/\/super-news.info\/hu\/#\/schema\/person\/2d4068cb2f39cd10008c2fce578a7356"},"headline":"Csehorsz\u00e1gnak fizetnie kell | Vil\u00e1ggazdas\u00e1g","datePublished":"2019-06-01T16:50:02+00:00","dateModified":"2019-06-01T16:50:03+00:00","mainEntityOfPage":{"@id":"https:\/\/super-news.info\/hu\/csehorszagnak-fizetnie-kell-vilaggazdasag\/"},"wordCount":810,"commentCount":0,"image":{"@id":"https:\/\/super-news.info\/hu\/csehorszagnak-fizetnie-kell-vilaggazdasag\/#primaryimage"},"thumbnailUrl":"https:\/\/super-news.info\/hu\/wp-content\/uploads\/sites\/3\/2019\/06\/Csehorsz\u00e1gnak-fizetnie-kell-Vil\u00e1ggazdas\u00e1g.jpg","articleSection":["P\u00c9NZ\u00dcGYI H\u00cdREK"],"inLanguage":"hu","potentialAction":[{"@type":"CommentAction","name":"Comment","target":["https:\/\/super-news.info\/hu\/csehorszagnak-fizetnie-kell-vilaggazdasag\/#respond"]}]},{"@type":"WebPage","@id":"https:\/\/super-news.info\/hu\/csehorszagnak-fizetnie-kell-vilaggazdasag\/","url":"https:\/\/super-news.info\/hu\/csehorszagnak-fizetnie-kell-vilaggazdasag\/","name":"Csehorsz\u00e1gnak fizetnie kell | Vil\u00e1ggazdas\u00e1g - Super News","isPartOf":{"@id":"https:\/\/super-news.info\/hu\/#website"},"primaryImageOfPage":{"@id":"https:\/\/super-news.info\/hu\/csehorszagnak-fizetnie-kell-vilaggazdasag\/#primaryimage"},"image":{"@id":"https:\/\/super-news.info\/hu\/csehorszagnak-fizetnie-kell-vilaggazdasag\/#primaryimage"},"thumbnailUrl":"https:\/\/super-news.info\/hu\/wp-content\/uploads\/sites\/3\/2019\/06\/Csehorsz\u00e1gnak-fizetnie-kell-Vil\u00e1ggazdas\u00e1g.jpg","datePublished":"2019-06-01T16:50:02+00:00","dateModified":"2019-06-01T16:50:03+00:00","author":{"@id":"https:\/\/super-news.info\/hu\/#\/schema\/person\/2d4068cb2f39cd10008c2fce578a7356"},"breadcrumb":{"@id":"https:\/\/super-news.info\/hu\/csehorszagnak-fizetnie-kell-vilaggazdasag\/#breadcrumb"},"inLanguage":"hu","potentialAction":[{"@type":"ReadAction","target":["https:\/\/super-news.info\/hu\/csehorszagnak-fizetnie-kell-vilaggazdasag\/"]}]},{"@type":"ImageObject","inLanguage":"hu","@id":"https:\/\/super-news.info\/hu\/csehorszagnak-fizetnie-kell-vilaggazdasag\/#primaryimage","url":"https:\/\/super-news.info\/hu\/wp-content\/uploads\/sites\/3\/2019\/06\/Csehorsz\u00e1gnak-fizetnie-kell-Vil\u00e1ggazdas\u00e1g.jpg","contentUrl":"https:\/\/super-news.info\/hu\/wp-content\/uploads\/sites\/3\/2019\/06\/Csehorsz\u00e1gnak-fizetnie-kell-Vil\u00e1ggazdas\u00e1g.jpg","width":1400,"height":957,"caption":"Csehorsz\u00e1gnak fizetnie kell | Vil\u00e1ggazdas\u00e1g"},{"@type":"BreadcrumbList","@id":"https:\/\/super-news.info\/hu\/csehorszagnak-fizetnie-kell-vilaggazdasag\/#breadcrumb","itemListElement":[{"@type":"ListItem","position":1,"name":"\u0413\u043b\u0430\u0432\u043d\u0430\u044f \u0441\u0442\u0440\u0430\u043d\u0438\u0446\u0430","item":"https:\/\/super-news.info\/hu\/"},{"@type":"ListItem","position":2,"name":"Csehorsz\u00e1gnak fizetnie kell | Vil\u00e1ggazdas\u00e1g"}]},{"@type":"WebSite","@id":"https:\/\/super-news.info\/hu\/#website","url":"https:\/\/super-news.info\/hu\/","name":"Super News","description":"Super News Magyarorsz\u00e1g","potentialAction":[{"@type":"SearchAction","target":{"@type":"EntryPoint","urlTemplate":"https:\/\/super-news.info\/hu\/?s={search_term_string}"},"query-input":{"@type":"PropertyValueSpecification","valueRequired":true,"valueName":"search_term_string"}}],"inLanguage":"hu"},{"@type":"Person","@id":"https:\/\/super-news.info\/hu\/#\/schema\/person\/2d4068cb2f39cd10008c2fce578a7356","name":"super-news","image":{"@type":"ImageObject","inLanguage":"hu","@id":"https:\/\/secure.gravatar.com\/avatar\/64ebac40b93f26a154f8a9b5b6fdccfc46f442b26b3dd6756dbff3bf9dc76fd7?s=96&d=mm&r=g","url":"https:\/\/secure.gravatar.com\/avatar\/64ebac40b93f26a154f8a9b5b6fdccfc46f442b26b3dd6756dbff3bf9dc76fd7?s=96&d=mm&r=g","contentUrl":"https:\/\/secure.gravatar.com\/avatar\/64ebac40b93f26a154f8a9b5b6fdccfc46f442b26b3dd6756dbff3bf9dc76fd7?s=96&d=mm&r=g","caption":"super-news"},"url":"https:\/\/super-news.info\/hu\/author\/pt\/"}]}},"_links":{"self":[{"href":"https:\/\/super-news.info\/hu\/wp-json\/wp\/v2\/posts\/3207","targetHints":{"allow":["GET"]}}],"collection":[{"href":"https:\/\/super-news.info\/hu\/wp-json\/wp\/v2\/posts"}],"about":[{"href":"https:\/\/super-news.info\/hu\/wp-json\/wp\/v2\/types\/post"}],"author":[{"embeddable":true,"href":"https:\/\/super-news.info\/hu\/wp-json\/wp\/v2\/users\/2"}],"replies":[{"embeddable":true,"href":"https:\/\/super-news.info\/hu\/wp-json\/wp\/v2\/comments?post=3207"}],"version-history":[{"count":1,"href":"https:\/\/super-news.info\/hu\/wp-json\/wp\/v2\/posts\/3207\/revisions"}],"predecessor-version":[{"id":3209,"href":"https:\/\/super-news.info\/hu\/wp-json\/wp\/v2\/posts\/3207\/revisions\/3209"}],"wp:featuredmedia":[{"embeddable":true,"href":"https:\/\/super-news.info\/hu\/wp-json\/wp\/v2\/media\/3208"}],"wp:attachment":[{"href":"https:\/\/super-news.info\/hu\/wp-json\/wp\/v2\/media?parent=3207"}],"wp:term":[{"taxonomy":"category","embeddable":true,"href":"https:\/\/super-news.info\/hu\/wp-json\/wp\/v2\/categories?post=3207"},{"taxonomy":"post_tag","embeddable":true,"href":"https:\/\/super-news.info\/hu\/wp-json\/wp\/v2\/tags?post=3207"}],"curies":[{"name":"wp","href":"https:\/\/api.w.org\/{rel}","templated":true}]}}