{"id":3204,"date":"2019-06-01T18:49:28","date_gmt":"2019-06-01T15:49:28","guid":{"rendered":"https:\/\/super-news.info\/hu\/bge-az-intezmeny-meg-hangsulyosabba-valna-a-kovetkezo-ot-evben\/"},"modified":"2019-06-01T18:49:30","modified_gmt":"2019-06-01T15:49:30","slug":"bge-az-intezmeny-meg-hangsulyosabba-valna-a-kovetkezo-ot-evben","status":"publish","type":"post","link":"https:\/\/super-news.info\/hu\/bge-az-intezmeny-meg-hangsulyosabba-valna-a-kovetkezo-ot-evben\/","title":{"rendered":"BGE: az int\u00e9zm\u00e9ny m\u00e9g hangs\u00falyosabb\u00e1 v\u00e1lna a k\u00f6vetkez\u0151 \u00f6t \u00e9vben"},"content":{"rendered":"<p> [ad_1]<br \/>\n<\/p>\n<p>\n\t\t\t\t\t\t\t\tA Budapesti Gazdas\u00e1gi Egyetem fokozni k\u00edv\u00e1nja az int\u00e9zm\u00e9ny nemzetk\u00f6zi be\u00e1gyazotts\u00e1g\u00e1t \u00e9s versenyk\u00e9pess\u00e9g\u00e9t a k\u00f6z\u00e9p-eur\u00f3pai r\u00e9gi\u00f3s fels\u0151oktat\u00e1si t\u00e9rben.\t\t\t\t\t\t\t<\/p>\n<div>\n<p>Az alkalmazott kutat\u00e1sok intenz\u00edv folytat\u00e1s\u00e1t, az oktat\u00e1si k\u00edn\u00e1lat min\u0151s\u00e9galap\u00fa fejleszt\u00e9s\u00e9t \u00e9s a versenyk\u00e9pess\u00e9g n\u00f6vel\u00e9s\u00e9t jel\u00f6lte meg c\u00e9lk\u00e9nt Heidrich Bal\u00e1zs, a Budapesti Gazdas\u00e1gi Egyetem (BGE) rektora, akit az \u00e1llamf\u0151 \u00fajra, \u00f6t \u00e9vre nevezett ki a fels\u0151oktat\u00e1si int\u00e9zm\u00e9ny \u00e9l\u00e9re j\u00falius 1-j\u00e9vel.<\/p>\n<div id=\"attachment_1546331\" style=\"width: 456px\" class=\"wp-caption alignleft\">\n<p class=\"wp-caption-text\">A Budapesti Gazdas\u00e1gi Egyetem rektor\u00e1v\u00e1 kinevezett Heidrich Bal\u00e1zs<br \/>Fot\u00f3: MTI\/Bruz\u00e1k No\u00e9mi<\/p>\n<\/div>\n<p>Mindezek mellett a hallgat\u00f3i\u00e9let\u00fat-menedzsment rendszer\u00e9nek fejleszt\u00e9s\u00e9vel, tov\u00e1bb\u00e1 a nemzetk\u00f6zi akkredit\u00e1ci\u00f3k megszerz\u00e9s\u00e9vel k\u00edv\u00e1njuk biztos\u00edtani a megfelel\u0151 felt\u00e9teleket a BGE hallgat\u00f3i sz\u00e1m\u00e1ra \u2013 fejtette ki a r\u00e9gi-\u00faj rektor. Az alkalmazott kutat\u00e1sok folytat\u00e1s\u00e1t lehet\u0151s\u00e9g szerint \u00fczleti partnereikkel sz\u00f6vets\u00e9gben k\u00e9pzelik el.<\/p>\n<p>Heidrich Bal\u00e1zs elmondta: a fenntarthat\u00f3s\u00e1g eddig is tev\u00e9kenys\u00e9g\u00fck f\u00f3kusz\u00e1ban volt, \u00e9s a j\u00f6v\u0151ben is hangs\u00falyos lesz a felel\u0151s oktat\u00e1s \u00e9s a t\u00e9ma kutat\u00e1sa. A r\u00e9gi\u00f3ban vezet\u0151 int\u00e9zm\u00e9nny\u00e9 k\u00edv\u00e1nnak v\u00e1lni ezen a ter\u00fcleten \u2013 tette hozz\u00e1.<\/p>\n<p>A rektor sz\u00f3lt arr\u00f3l is, hogy fokozni k\u00edv\u00e1nj\u00e1k az egyetem nemzetk\u00f6zi be\u00e1gyazotts\u00e1g\u00e1t \u00e9s versenyk\u00e9pess\u00e9g\u00e9t a k\u00f6z\u00e9p-eur\u00f3pai r\u00e9gi\u00f3s fels\u0151oktat\u00e1si t\u00e9rben.<\/p>\n<p>Heidrich Bal\u00e1zs most z\u00e1rul\u00f3 rektori ciklus\u00e1ban (2016-2019) lett a BGE az orsz\u00e1g legnagyobb hallgat\u00f3i l\u00e9tsz\u00e1mmal rendelkez\u0151 alkalmazott tudom\u00e1nyok egyeteme \u00e9s gazdas\u00e1gi k\u00e9pz\u00e9st ny\u00fajt\u00f3 fels\u0151oktat\u00e1si int\u00e9zm\u00e9nye; 2016-ban az orsz\u00e1gos felv\u00e9teli rangsorban az \u00f6t\u00f6dik helyen \u00e1llt, m\u00edg ma m\u00e1r a harmadik helyre rangsorolj\u00e1k 6396 felvett hallgat\u00f3val.<\/p>\n<p>Az int\u00e9zm\u00e9ny Magyarorsz\u00e1gon els\u0151k\u00e9nt nemzetk\u00f6zi akkredit\u00e1ci\u00f3t kapott a Network of International Business Schools nev\u0171 szakmai szervezett\u0151l, amely a vil\u00e1g egyik vezet\u0151, gazdas\u00e1gi fels\u0151oktat\u00e1si int\u00e9zm\u00e9nyeket t\u00f6m\u00f6r\u00edt\u0151 k\u00f6z\u00f6ss\u00e9ge \u2013 k\u00f6z\u00f6lte a rektor.<\/p>\n<\/p><\/div>\n<p><script>\n    window.fbAsyncInit = function() {\n        FB.init({\n            appId      : \"204760236815359\",\n            xfbml      : true,\n            version    : \"v2.12\"\n        });\n        FB.AppEvents.logPageView();\n    };<\/p>\n<p>    (function(d, s, id){\n        var js, fjs = d.getElementsByTagName(s)[0];\n        if (d.getElementById(id)) {return;}\n        js = d.createElement(s); js.id = id;\n        js.src = \"http:\/\/connect.facebook.net\/hu_HU\/sdk.js\";\n        fjs.parentNode.insertBefore(js, fjs);\n    }(document, \"script\", \"facebook-jssdk\"));\n<\/script><br \/>\n<br \/>[ad_2]<br \/>\n<br \/><a href=\"https:\/\/www.vg.hu\/kozelet\/oktatas\/bge-az-intezmeny-meg-hangsulyosabba-valna-a-kovetkezo-ot-evben-1546328\/\">Source link <\/a><\/p>\n","protected":false},"excerpt":{"rendered":"<p>[ad_1] A Budapesti Gazdas\u00e1gi Egyetem fokozni k\u00edv\u00e1nja az int\u00e9zm\u00e9ny nemzetk\u00f6zi be\u00e1gyazotts\u00e1g\u00e1t \u00e9s versenyk\u00e9pess\u00e9g\u00e9t a k\u00f6z\u00e9p-eur\u00f3pai r\u00e9gi\u00f3s fels\u0151oktat\u00e1si t\u00e9rben. Az alkalmazott kutat\u00e1sok intenz\u00edv folytat\u00e1s\u00e1t, az oktat\u00e1si k\u00edn\u00e1lat min\u0151s\u00e9galap\u00fa fejleszt\u00e9s\u00e9t \u00e9s a versenyk\u00e9pess\u00e9g n\u00f6vel\u00e9s\u00e9t jel\u00f6lte meg c\u00e9lk\u00e9nt Heidrich Bal\u00e1zs, a Budapesti Gazdas\u00e1gi Egyetem (BGE) rektora, akit az \u00e1llamf\u0151 \u00fajra, \u00f6t \u00e9vre nevezett ki a fels\u0151oktat\u00e1si int\u00e9zm\u00e9ny \u00e9l\u00e9re [&hellip;]<\/p>\n","protected":false},"author":2,"featured_media":3205,"comment_status":"open","ping_status":"open","sticky":false,"template":"","format":"standard","meta":{"footnotes":""},"categories":[1],"tags":[],"class_list":["post-3204","post","type-post","status-publish","format-standard","has-post-thumbnail","hentry","category-penzugyi-hirek"],"yoast_head":"<!-- This site is optimized with the Yoast SEO plugin v27.4 - https:\/\/yoast.com\/product\/yoast-seo-wordpress\/ -->\n<title>BGE: az int\u00e9zm\u00e9ny m\u00e9g hangs\u00falyosabb\u00e1 v\u00e1lna a k\u00f6vetkez\u0151 \u00f6t \u00e9vben - Super News<\/title>\n<meta name=\"robots\" content=\"index, follow, max-snippet:-1, max-image-preview:large, max-video-preview:-1\" \/>\n<link rel=\"canonical\" href=\"https:\/\/super-news.info\/hu\/bge-az-intezmeny-meg-hangsulyosabba-valna-a-kovetkezo-ot-evben\/\" \/>\n<meta property=\"og:locale\" content=\"hu_HU\" \/>\n<meta property=\"og:type\" content=\"article\" \/>\n<meta property=\"og:title\" content=\"BGE: az int\u00e9zm\u00e9ny m\u00e9g hangs\u00falyosabb\u00e1 v\u00e1lna a k\u00f6vetkez\u0151 \u00f6t \u00e9vben - Super News\" \/>\n<meta property=\"og:description\" content=\"[ad_1] A Budapesti Gazdas\u00e1gi Egyetem fokozni k\u00edv\u00e1nja az int\u00e9zm\u00e9ny nemzetk\u00f6zi be\u00e1gyazotts\u00e1g\u00e1t \u00e9s versenyk\u00e9pess\u00e9g\u00e9t a k\u00f6z\u00e9p-eur\u00f3pai r\u00e9gi\u00f3s fels\u0151oktat\u00e1si t\u00e9rben. Az alkalmazott kutat\u00e1sok intenz\u00edv folytat\u00e1s\u00e1t, az oktat\u00e1si k\u00edn\u00e1lat min\u0151s\u00e9galap\u00fa fejleszt\u00e9s\u00e9t \u00e9s a versenyk\u00e9pess\u00e9g n\u00f6vel\u00e9s\u00e9t jel\u00f6lte meg c\u00e9lk\u00e9nt Heidrich Bal\u00e1zs, a Budapesti Gazdas\u00e1gi Egyetem (BGE) rektora, akit az \u00e1llamf\u0151 \u00fajra, \u00f6t \u00e9vre nevezett ki a fels\u0151oktat\u00e1si int\u00e9zm\u00e9ny \u00e9l\u00e9re [&hellip;]\" \/>\n<meta property=\"og:url\" content=\"https:\/\/super-news.info\/hu\/bge-az-intezmeny-meg-hangsulyosabba-valna-a-kovetkezo-ot-evben\/\" \/>\n<meta property=\"og:site_name\" content=\"Super News\" \/>\n<meta property=\"article:published_time\" content=\"2019-06-01T15:49:28+00:00\" \/>\n<meta property=\"article:modified_time\" content=\"2019-06-01T15:49:30+00:00\" \/>\n<meta property=\"og:image\" content=\"https:\/\/super-news.info\/hu\/wp-content\/uploads\/sites\/3\/2019\/06\/BGE-az-int\u00e9zm\u00e9ny-m\u00e9g-hangs\u00falyosabb\u00e1-v\u00e1lna-a-k\u00f6vetkez\u0151-\u00f6t-\u00e9vben.jpg\" \/>\n\t<meta property=\"og:image:width\" content=\"1400\" \/>\n\t<meta property=\"og:image:height\" content=\"1872\" \/>\n\t<meta property=\"og:image:type\" content=\"image\/jpeg\" \/>\n<meta name=\"author\" content=\"super-news\" \/>\n<meta name=\"twitter:card\" content=\"summary_large_image\" \/>\n<meta name=\"twitter:label1\" content=\"Szerz\u0151:\" \/>\n\t<meta name=\"twitter:data1\" content=\"super-news\" \/>\n\t<meta name=\"twitter:label2\" content=\"Becs\u00fclt olvas\u00e1si id\u0151\" \/>\n\t<meta name=\"twitter:data2\" content=\"2 perc\" \/>\n<script type=\"application\/ld+json\" class=\"yoast-schema-graph\">{\"@context\":\"https:\\\/\\\/schema.org\",\"@graph\":[{\"@type\":\"Article\",\"@id\":\"https:\\\/\\\/super-news.info\\\/hu\\\/bge-az-intezmeny-meg-hangsulyosabba-valna-a-kovetkezo-ot-evben\\\/#article\",\"isPartOf\":{\"@id\":\"https:\\\/\\\/super-news.info\\\/hu\\\/bge-az-intezmeny-meg-hangsulyosabba-valna-a-kovetkezo-ot-evben\\\/\"},\"author\":{\"name\":\"super-news\",\"@id\":\"https:\\\/\\\/super-news.info\\\/hu\\\/#\\\/schema\\\/person\\\/2d4068cb2f39cd10008c2fce578a7356\"},\"headline\":\"BGE: az int\u00e9zm\u00e9ny m\u00e9g hangs\u00falyosabb\u00e1 v\u00e1lna a k\u00f6vetkez\u0151 \u00f6t \u00e9vben\",\"datePublished\":\"2019-06-01T15:49:28+00:00\",\"dateModified\":\"2019-06-01T15:49:30+00:00\",\"mainEntityOfPage\":{\"@id\":\"https:\\\/\\\/super-news.info\\\/hu\\\/bge-az-intezmeny-meg-hangsulyosabba-valna-a-kovetkezo-ot-evben\\\/\"},\"wordCount\":419,\"commentCount\":0,\"image\":{\"@id\":\"https:\\\/\\\/super-news.info\\\/hu\\\/bge-az-intezmeny-meg-hangsulyosabba-valna-a-kovetkezo-ot-evben\\\/#primaryimage\"},\"thumbnailUrl\":\"https:\\\/\\\/super-news.info\\\/hu\\\/wp-content\\\/uploads\\\/sites\\\/3\\\/2019\\\/06\\\/BGE-az-int\u00e9zm\u00e9ny-m\u00e9g-hangs\u00falyosabb\u00e1-v\u00e1lna-a-k\u00f6vetkez\u0151-\u00f6t-\u00e9vben.jpg\",\"articleSection\":[\"P\u00c9NZ\u00dcGYI H\u00cdREK\"],\"inLanguage\":\"hu\",\"potentialAction\":[{\"@type\":\"CommentAction\",\"name\":\"Comment\",\"target\":[\"https:\\\/\\\/super-news.info\\\/hu\\\/bge-az-intezmeny-meg-hangsulyosabba-valna-a-kovetkezo-ot-evben\\\/#respond\"]}]},{\"@type\":\"WebPage\",\"@id\":\"https:\\\/\\\/super-news.info\\\/hu\\\/bge-az-intezmeny-meg-hangsulyosabba-valna-a-kovetkezo-ot-evben\\\/\",\"url\":\"https:\\\/\\\/super-news.info\\\/hu\\\/bge-az-intezmeny-meg-hangsulyosabba-valna-a-kovetkezo-ot-evben\\\/\",\"name\":\"BGE: az int\u00e9zm\u00e9ny m\u00e9g hangs\u00falyosabb\u00e1 v\u00e1lna a k\u00f6vetkez\u0151 \u00f6t \u00e9vben - Super News\",\"isPartOf\":{\"@id\":\"https:\\\/\\\/super-news.info\\\/hu\\\/#website\"},\"primaryImageOfPage\":{\"@id\":\"https:\\\/\\\/super-news.info\\\/hu\\\/bge-az-intezmeny-meg-hangsulyosabba-valna-a-kovetkezo-ot-evben\\\/#primaryimage\"},\"image\":{\"@id\":\"https:\\\/\\\/super-news.info\\\/hu\\\/bge-az-intezmeny-meg-hangsulyosabba-valna-a-kovetkezo-ot-evben\\\/#primaryimage\"},\"thumbnailUrl\":\"https:\\\/\\\/super-news.info\\\/hu\\\/wp-content\\\/uploads\\\/sites\\\/3\\\/2019\\\/06\\\/BGE-az-int\u00e9zm\u00e9ny-m\u00e9g-hangs\u00falyosabb\u00e1-v\u00e1lna-a-k\u00f6vetkez\u0151-\u00f6t-\u00e9vben.jpg\",\"datePublished\":\"2019-06-01T15:49:28+00:00\",\"dateModified\":\"2019-06-01T15:49:30+00:00\",\"author\":{\"@id\":\"https:\\\/\\\/super-news.info\\\/hu\\\/#\\\/schema\\\/person\\\/2d4068cb2f39cd10008c2fce578a7356\"},\"breadcrumb\":{\"@id\":\"https:\\\/\\\/super-news.info\\\/hu\\\/bge-az-intezmeny-meg-hangsulyosabba-valna-a-kovetkezo-ot-evben\\\/#breadcrumb\"},\"inLanguage\":\"hu\",\"potentialAction\":[{\"@type\":\"ReadAction\",\"target\":[\"https:\\\/\\\/super-news.info\\\/hu\\\/bge-az-intezmeny-meg-hangsulyosabba-valna-a-kovetkezo-ot-evben\\\/\"]}]},{\"@type\":\"ImageObject\",\"inLanguage\":\"hu\",\"@id\":\"https:\\\/\\\/super-news.info\\\/hu\\\/bge-az-intezmeny-meg-hangsulyosabba-valna-a-kovetkezo-ot-evben\\\/#primaryimage\",\"url\":\"https:\\\/\\\/super-news.info\\\/hu\\\/wp-content\\\/uploads\\\/sites\\\/3\\\/2019\\\/06\\\/BGE-az-int\u00e9zm\u00e9ny-m\u00e9g-hangs\u00falyosabb\u00e1-v\u00e1lna-a-k\u00f6vetkez\u0151-\u00f6t-\u00e9vben.jpg\",\"contentUrl\":\"https:\\\/\\\/super-news.info\\\/hu\\\/wp-content\\\/uploads\\\/sites\\\/3\\\/2019\\\/06\\\/BGE-az-int\u00e9zm\u00e9ny-m\u00e9g-hangs\u00falyosabb\u00e1-v\u00e1lna-a-k\u00f6vetkez\u0151-\u00f6t-\u00e9vben.jpg\",\"width\":1400,\"height\":1872,\"caption\":\"BGE: az int\u00e9zm\u00e9ny m\u00e9g hangs\u00falyosabb\u00e1 v\u00e1lna a k\u00f6vetkez\u0151 \u00f6t \u00e9vben\"},{\"@type\":\"BreadcrumbList\",\"@id\":\"https:\\\/\\\/super-news.info\\\/hu\\\/bge-az-intezmeny-meg-hangsulyosabba-valna-a-kovetkezo-ot-evben\\\/#breadcrumb\",\"itemListElement\":[{\"@type\":\"ListItem\",\"position\":1,\"name\":\"\u0413\u043b\u0430\u0432\u043d\u0430\u044f \u0441\u0442\u0440\u0430\u043d\u0438\u0446\u0430\",\"item\":\"https:\\\/\\\/super-news.info\\\/hu\\\/\"},{\"@type\":\"ListItem\",\"position\":2,\"name\":\"BGE: az int\u00e9zm\u00e9ny m\u00e9g hangs\u00falyosabb\u00e1 v\u00e1lna a k\u00f6vetkez\u0151 \u00f6t \u00e9vben\"}]},{\"@type\":\"WebSite\",\"@id\":\"https:\\\/\\\/super-news.info\\\/hu\\\/#website\",\"url\":\"https:\\\/\\\/super-news.info\\\/hu\\\/\",\"name\":\"Super News\",\"description\":\"Super News Magyarorsz\u00e1g\",\"potentialAction\":[{\"@type\":\"SearchAction\",\"target\":{\"@type\":\"EntryPoint\",\"urlTemplate\":\"https:\\\/\\\/super-news.info\\\/hu\\\/?s={search_term_string}\"},\"query-input\":{\"@type\":\"PropertyValueSpecification\",\"valueRequired\":true,\"valueName\":\"search_term_string\"}}],\"inLanguage\":\"hu\"},{\"@type\":\"Person\",\"@id\":\"https:\\\/\\\/super-news.info\\\/hu\\\/#\\\/schema\\\/person\\\/2d4068cb2f39cd10008c2fce578a7356\",\"name\":\"super-news\",\"image\":{\"@type\":\"ImageObject\",\"inLanguage\":\"hu\",\"@id\":\"https:\\\/\\\/secure.gravatar.com\\\/avatar\\\/64ebac40b93f26a154f8a9b5b6fdccfc46f442b26b3dd6756dbff3bf9dc76fd7?s=96&d=mm&r=g\",\"url\":\"https:\\\/\\\/secure.gravatar.com\\\/avatar\\\/64ebac40b93f26a154f8a9b5b6fdccfc46f442b26b3dd6756dbff3bf9dc76fd7?s=96&d=mm&r=g\",\"contentUrl\":\"https:\\\/\\\/secure.gravatar.com\\\/avatar\\\/64ebac40b93f26a154f8a9b5b6fdccfc46f442b26b3dd6756dbff3bf9dc76fd7?s=96&d=mm&r=g\",\"caption\":\"super-news\"},\"url\":\"https:\\\/\\\/super-news.info\\\/hu\\\/author\\\/pt\\\/\"}]}<\/script>\n<!-- \/ Yoast SEO plugin. -->","yoast_head_json":{"title":"BGE: az int\u00e9zm\u00e9ny m\u00e9g hangs\u00falyosabb\u00e1 v\u00e1lna a k\u00f6vetkez\u0151 \u00f6t \u00e9vben - Super News","robots":{"index":"index","follow":"follow","max-snippet":"max-snippet:-1","max-image-preview":"max-image-preview:large","max-video-preview":"max-video-preview:-1"},"canonical":"https:\/\/super-news.info\/hu\/bge-az-intezmeny-meg-hangsulyosabba-valna-a-kovetkezo-ot-evben\/","og_locale":"hu_HU","og_type":"article","og_title":"BGE: az int\u00e9zm\u00e9ny m\u00e9g hangs\u00falyosabb\u00e1 v\u00e1lna a k\u00f6vetkez\u0151 \u00f6t \u00e9vben - Super News","og_description":"[ad_1] A Budapesti Gazdas\u00e1gi Egyetem fokozni k\u00edv\u00e1nja az int\u00e9zm\u00e9ny nemzetk\u00f6zi be\u00e1gyazotts\u00e1g\u00e1t \u00e9s versenyk\u00e9pess\u00e9g\u00e9t a k\u00f6z\u00e9p-eur\u00f3pai r\u00e9gi\u00f3s fels\u0151oktat\u00e1si t\u00e9rben. Az alkalmazott kutat\u00e1sok intenz\u00edv folytat\u00e1s\u00e1t, az oktat\u00e1si k\u00edn\u00e1lat min\u0151s\u00e9galap\u00fa fejleszt\u00e9s\u00e9t \u00e9s a versenyk\u00e9pess\u00e9g n\u00f6vel\u00e9s\u00e9t jel\u00f6lte meg c\u00e9lk\u00e9nt Heidrich Bal\u00e1zs, a Budapesti Gazdas\u00e1gi Egyetem (BGE) rektora, akit az \u00e1llamf\u0151 \u00fajra, \u00f6t \u00e9vre nevezett ki a fels\u0151oktat\u00e1si int\u00e9zm\u00e9ny \u00e9l\u00e9re [&hellip;]","og_url":"https:\/\/super-news.info\/hu\/bge-az-intezmeny-meg-hangsulyosabba-valna-a-kovetkezo-ot-evben\/","og_site_name":"Super News","article_published_time":"2019-06-01T15:49:28+00:00","article_modified_time":"2019-06-01T15:49:30+00:00","og_image":[{"width":1400,"height":1872,"url":"https:\/\/super-news.info\/hu\/wp-content\/uploads\/sites\/3\/2019\/06\/BGE-az-int\u00e9zm\u00e9ny-m\u00e9g-hangs\u00falyosabb\u00e1-v\u00e1lna-a-k\u00f6vetkez\u0151-\u00f6t-\u00e9vben.jpg","type":"image\/jpeg"}],"author":"super-news","twitter_card":"summary_large_image","twitter_misc":{"Szerz\u0151:":"super-news","Becs\u00fclt olvas\u00e1si id\u0151":"2 perc"},"schema":{"@context":"https:\/\/schema.org","@graph":[{"@type":"Article","@id":"https:\/\/super-news.info\/hu\/bge-az-intezmeny-meg-hangsulyosabba-valna-a-kovetkezo-ot-evben\/#article","isPartOf":{"@id":"https:\/\/super-news.info\/hu\/bge-az-intezmeny-meg-hangsulyosabba-valna-a-kovetkezo-ot-evben\/"},"author":{"name":"super-news","@id":"https:\/\/super-news.info\/hu\/#\/schema\/person\/2d4068cb2f39cd10008c2fce578a7356"},"headline":"BGE: az int\u00e9zm\u00e9ny m\u00e9g hangs\u00falyosabb\u00e1 v\u00e1lna a k\u00f6vetkez\u0151 \u00f6t \u00e9vben","datePublished":"2019-06-01T15:49:28+00:00","dateModified":"2019-06-01T15:49:30+00:00","mainEntityOfPage":{"@id":"https:\/\/super-news.info\/hu\/bge-az-intezmeny-meg-hangsulyosabba-valna-a-kovetkezo-ot-evben\/"},"wordCount":419,"commentCount":0,"image":{"@id":"https:\/\/super-news.info\/hu\/bge-az-intezmeny-meg-hangsulyosabba-valna-a-kovetkezo-ot-evben\/#primaryimage"},"thumbnailUrl":"https:\/\/super-news.info\/hu\/wp-content\/uploads\/sites\/3\/2019\/06\/BGE-az-int\u00e9zm\u00e9ny-m\u00e9g-hangs\u00falyosabb\u00e1-v\u00e1lna-a-k\u00f6vetkez\u0151-\u00f6t-\u00e9vben.jpg","articleSection":["P\u00c9NZ\u00dcGYI H\u00cdREK"],"inLanguage":"hu","potentialAction":[{"@type":"CommentAction","name":"Comment","target":["https:\/\/super-news.info\/hu\/bge-az-intezmeny-meg-hangsulyosabba-valna-a-kovetkezo-ot-evben\/#respond"]}]},{"@type":"WebPage","@id":"https:\/\/super-news.info\/hu\/bge-az-intezmeny-meg-hangsulyosabba-valna-a-kovetkezo-ot-evben\/","url":"https:\/\/super-news.info\/hu\/bge-az-intezmeny-meg-hangsulyosabba-valna-a-kovetkezo-ot-evben\/","name":"BGE: az int\u00e9zm\u00e9ny m\u00e9g hangs\u00falyosabb\u00e1 v\u00e1lna a k\u00f6vetkez\u0151 \u00f6t \u00e9vben - Super News","isPartOf":{"@id":"https:\/\/super-news.info\/hu\/#website"},"primaryImageOfPage":{"@id":"https:\/\/super-news.info\/hu\/bge-az-intezmeny-meg-hangsulyosabba-valna-a-kovetkezo-ot-evben\/#primaryimage"},"image":{"@id":"https:\/\/super-news.info\/hu\/bge-az-intezmeny-meg-hangsulyosabba-valna-a-kovetkezo-ot-evben\/#primaryimage"},"thumbnailUrl":"https:\/\/super-news.info\/hu\/wp-content\/uploads\/sites\/3\/2019\/06\/BGE-az-int\u00e9zm\u00e9ny-m\u00e9g-hangs\u00falyosabb\u00e1-v\u00e1lna-a-k\u00f6vetkez\u0151-\u00f6t-\u00e9vben.jpg","datePublished":"2019-06-01T15:49:28+00:00","dateModified":"2019-06-01T15:49:30+00:00","author":{"@id":"https:\/\/super-news.info\/hu\/#\/schema\/person\/2d4068cb2f39cd10008c2fce578a7356"},"breadcrumb":{"@id":"https:\/\/super-news.info\/hu\/bge-az-intezmeny-meg-hangsulyosabba-valna-a-kovetkezo-ot-evben\/#breadcrumb"},"inLanguage":"hu","potentialAction":[{"@type":"ReadAction","target":["https:\/\/super-news.info\/hu\/bge-az-intezmeny-meg-hangsulyosabba-valna-a-kovetkezo-ot-evben\/"]}]},{"@type":"ImageObject","inLanguage":"hu","@id":"https:\/\/super-news.info\/hu\/bge-az-intezmeny-meg-hangsulyosabba-valna-a-kovetkezo-ot-evben\/#primaryimage","url":"https:\/\/super-news.info\/hu\/wp-content\/uploads\/sites\/3\/2019\/06\/BGE-az-int\u00e9zm\u00e9ny-m\u00e9g-hangs\u00falyosabb\u00e1-v\u00e1lna-a-k\u00f6vetkez\u0151-\u00f6t-\u00e9vben.jpg","contentUrl":"https:\/\/super-news.info\/hu\/wp-content\/uploads\/sites\/3\/2019\/06\/BGE-az-int\u00e9zm\u00e9ny-m\u00e9g-hangs\u00falyosabb\u00e1-v\u00e1lna-a-k\u00f6vetkez\u0151-\u00f6t-\u00e9vben.jpg","width":1400,"height":1872,"caption":"BGE: az int\u00e9zm\u00e9ny m\u00e9g hangs\u00falyosabb\u00e1 v\u00e1lna a k\u00f6vetkez\u0151 \u00f6t \u00e9vben"},{"@type":"BreadcrumbList","@id":"https:\/\/super-news.info\/hu\/bge-az-intezmeny-meg-hangsulyosabba-valna-a-kovetkezo-ot-evben\/#breadcrumb","itemListElement":[{"@type":"ListItem","position":1,"name":"\u0413\u043b\u0430\u0432\u043d\u0430\u044f \u0441\u0442\u0440\u0430\u043d\u0438\u0446\u0430","item":"https:\/\/super-news.info\/hu\/"},{"@type":"ListItem","position":2,"name":"BGE: az int\u00e9zm\u00e9ny m\u00e9g hangs\u00falyosabb\u00e1 v\u00e1lna a k\u00f6vetkez\u0151 \u00f6t \u00e9vben"}]},{"@type":"WebSite","@id":"https:\/\/super-news.info\/hu\/#website","url":"https:\/\/super-news.info\/hu\/","name":"Super News","description":"Super News Magyarorsz\u00e1g","potentialAction":[{"@type":"SearchAction","target":{"@type":"EntryPoint","urlTemplate":"https:\/\/super-news.info\/hu\/?s={search_term_string}"},"query-input":{"@type":"PropertyValueSpecification","valueRequired":true,"valueName":"search_term_string"}}],"inLanguage":"hu"},{"@type":"Person","@id":"https:\/\/super-news.info\/hu\/#\/schema\/person\/2d4068cb2f39cd10008c2fce578a7356","name":"super-news","image":{"@type":"ImageObject","inLanguage":"hu","@id":"https:\/\/secure.gravatar.com\/avatar\/64ebac40b93f26a154f8a9b5b6fdccfc46f442b26b3dd6756dbff3bf9dc76fd7?s=96&d=mm&r=g","url":"https:\/\/secure.gravatar.com\/avatar\/64ebac40b93f26a154f8a9b5b6fdccfc46f442b26b3dd6756dbff3bf9dc76fd7?s=96&d=mm&r=g","contentUrl":"https:\/\/secure.gravatar.com\/avatar\/64ebac40b93f26a154f8a9b5b6fdccfc46f442b26b3dd6756dbff3bf9dc76fd7?s=96&d=mm&r=g","caption":"super-news"},"url":"https:\/\/super-news.info\/hu\/author\/pt\/"}]}},"_links":{"self":[{"href":"https:\/\/super-news.info\/hu\/wp-json\/wp\/v2\/posts\/3204","targetHints":{"allow":["GET"]}}],"collection":[{"href":"https:\/\/super-news.info\/hu\/wp-json\/wp\/v2\/posts"}],"about":[{"href":"https:\/\/super-news.info\/hu\/wp-json\/wp\/v2\/types\/post"}],"author":[{"embeddable":true,"href":"https:\/\/super-news.info\/hu\/wp-json\/wp\/v2\/users\/2"}],"replies":[{"embeddable":true,"href":"https:\/\/super-news.info\/hu\/wp-json\/wp\/v2\/comments?post=3204"}],"version-history":[{"count":1,"href":"https:\/\/super-news.info\/hu\/wp-json\/wp\/v2\/posts\/3204\/revisions"}],"predecessor-version":[{"id":3206,"href":"https:\/\/super-news.info\/hu\/wp-json\/wp\/v2\/posts\/3204\/revisions\/3206"}],"wp:featuredmedia":[{"embeddable":true,"href":"https:\/\/super-news.info\/hu\/wp-json\/wp\/v2\/media\/3205"}],"wp:attachment":[{"href":"https:\/\/super-news.info\/hu\/wp-json\/wp\/v2\/media?parent=3204"}],"wp:term":[{"taxonomy":"category","embeddable":true,"href":"https:\/\/super-news.info\/hu\/wp-json\/wp\/v2\/categories?post=3204"},{"taxonomy":"post_tag","embeddable":true,"href":"https:\/\/super-news.info\/hu\/wp-json\/wp\/v2\/tags?post=3204"}],"curies":[{"name":"wp","href":"https:\/\/api.w.org\/{rel}","templated":true}]}}