{"id":3198,"date":"2019-06-01T16:59:00","date_gmt":"2019-06-01T13:59:00","guid":{"rendered":"https:\/\/super-news.info\/hu\/kalifornia-kormanyzoja-kiall-az-abortusz-mellett\/"},"modified":"2019-06-01T16:59:01","modified_gmt":"2019-06-01T13:59:01","slug":"kalifornia-kormanyzoja-kiall-az-abortusz-mellett","status":"publish","type":"post","link":"https:\/\/super-news.info\/hu\/kalifornia-kormanyzoja-kiall-az-abortusz-mellett\/","title":{"rendered":"Kalifornia korm\u00e1nyz\u00f3ja ki\u00e1ll az abortusz mellett"},"content":{"rendered":"<p> [ad_1]<br \/>\n<\/p>\n<p>\n\t\t\t\t\t\t\t\tKalifornia \u00e1llam korm\u00e1nyz\u00f3ja, Gavin Newsom csatlakozott az abortuszjogot v\u00e9d\u0151k t\u00e1bor\u00e1hoz, mert fontosnak tartja a csal\u00e1dtervez\u00e9s szabads\u00e1g\u00e1t.\t\t\t\t\t\t\t<\/p>\n<div>\n<p>Mik\u00f6zben az Egyes\u00fclt \u00c1llamok tag\u00e1llamaiban sorra fogadj\u00e1k el az abortuszt megnehez\u00edt\u0151 t\u00f6rv\u00e9nyeket, Kalifornia \u00e1llam korm\u00e1nyz\u00f3ja, Gavin Newsom csatlakozott az abortuszjogot v\u00e9d\u0151k t\u00e1bor\u00e1hoz, \u00e9s b\u00e1tor\u00edtotta terhess\u00e9gmegszak\u00edt\u00e1sra v\u00e1r\u00f3 amerikai n\u0151ket, hogy utazzanak Kaliforni\u00e1ba, ahol marad\u00e9ktalanul \u00e9rv\u00e9nyes\u00edteni tudj\u00e1k a csal\u00e1dtervez\u00e9s szabads\u00e1g\u00e1ra vonatkoz\u00f3 jogaikat.<\/p>\n<p>Newsom p\u00e9nteken ki\u00e1ltv\u00e1nyt \u00edrt al\u00e1, amely szerint \u201eKalifornia \u00fcdv\u00f6zli\u201d azokat a n\u0151ket, akik m\u0171vi terhess\u00e9gmegszak\u00edt\u00e1son akarnak \u00e1tesni, gyakorolni akarj\u00e1k az erre vonatkoz\u00f3 jogaikat, s amelyek \u00e9rv\u00e9nyes\u00edt\u00e9s\u00e9t a sz\u00f6vets\u00e9gi tag\u00e1llam alkotm\u00e1nya is szavatol sz\u00e1mukra.<\/p>\n<p>A korm\u00e1nyz\u00f3 egyben csatlakozott demokrata p\u00e1rti koll\u00e9g\u00e1i, Kate Brown oregoni \u00e9s Jay Inslee washingtoni korm\u00e1nyz\u00f3 ind\u00edtv\u00e1ny\u00e1hoz, amely az abortusszal kapcsolatos jogokat szavatol\u00f3 t\u00f6rv\u00e9nyek elfogad\u00e1s\u00e1t szorgalmazza tag\u00e1llami szinten.<\/p>\n<div id=\"attachment_840937\" style=\"width: 1410px\" class=\"wp-caption aligncenter\">\n<p class=\"wp-caption-text\">K\u00e9p\u00fcnk illusztr\u00e1ci\u00f3<br \/>Fot\u00f3: AFP<\/p>\n<\/div>\n<p>\u201eA k\u00e9rd\u00e9sre vonatkoz\u00f3 sz\u00f6vets\u00e9gi ir\u00e1nyelv hi\u00e1ny\u00e1ban az \u00e1llamoknak kell l\u00e9pni\u00fck, \u00e9s maguknak kell becikkelyezni\u00fck saj\u00e1t jogszab\u00e1lyaikat \u2013 a t\u00f6rv\u00e9nyekben \u00e9s tag\u00e1llami alkotm\u00e1nyokban, a csal\u00e1dtervez\u00e9s \u00e9s az oktat\u00e1s kiterjeszt\u00e9s\u00e9vel -, hogy megv\u00e9dj\u00e9k az amerikaiak csal\u00e1dtervez\u00e9s szabads\u00e1g\u00e1ra vonatkoz\u00f3 jogait\u201d \u2013 \u00e1ll a k\u00e9t korm\u00e1nyz\u00f3 helyi id\u0151 szerint p\u00e9ntek reggel kiadott k\u00f6z\u00f6s k\u00f6zlem\u00e9ny\u00e9ben.<\/p>\n<p>Az Egyes\u00fclt \u00c1llamokban a konzervat\u00edv t\u00f6rv\u00e9nyhoz\u00f3k \u00fajabb er\u0151fesz\u00edt\u00e9sek tesznek a legfels\u0151bb b\u00edr\u00f3s\u00e1g \u00e1ltal a Roe kontra Wade \u00fcgyben hozott 1973-as d\u00f6nt\u00e9s \u00e9rv\u00e9nytelen\u00edt\u00e9s\u00e9re, amely kimondja az abortuszhoz val\u00f3 jog v\u00e9delm\u00e9t. Az eml\u00edtett korm\u00e1nyz\u00f3i ind\u00edtv\u00e1ny tulajdonk\u00e9ppen v\u00e1lasz ezekre a t\u00f6rekv\u00e9sekre.<\/p>\n<p>Alabama, Georgia, Kentucky, Louisiana, Mississippi \u00e9s Ohio \u00e1llamban olyan t\u00f6rv\u00e9nyt fogadtak el, amely a magzat els\u0151 sz\u00edvdobban\u00e1s\u00e1t\u00f3l \u2013 a terhess\u00e9g hatodik, illetve nyolcadik het\u00e9t\u0151l, amikor a n\u0151 gyakorta m\u00e9g nem is \u00e9rz\u00e9keli, hogy v\u00e1rand\u00f3s \u2013 tiltja a m\u0171vi magzatelhajt\u00e1st.<\/p>\n<p>Missouriban szint\u00e9n a nyolcadik h\u00e9tt\u0151l tilos a m\u0171vi terhess\u00e9gmegszak\u00edt\u00e1s, de Alabam\u00e1ban, Louisian\u00e1ban \u00e9s Missouriban nemi er\u0151szakban vagy v\u00e9rfert\u0151z\u00e9sben fogant magzatok eset\u00e9n sem tesznek kiv\u00e9telt.<\/p>\n<p>Az abortusz tag\u00e1llami szint\u0171 korl\u00e1toz\u00e1sa \u00fajabb fejlem\u00e9ny abban a vit\u00e1ban, amely r\u00e9g\u00f3ta folyik az Egyes\u00fclt \u00c1llamokban az abortuszt p\u00e1rtol\u00f3k \u00e9s ellenz\u0151k k\u00f6z\u00f6tt. Mindk\u00e9t t\u00e1bor h\u00edvei arra sz\u00e1m\u00edtanak, hogy a legfels\u0151bb b\u00edr\u00f3s\u00e1g, amelybe Donald Trump amerikai eln\u00f6k nemr\u00e9giben konzervat\u00edv b\u00edr\u00e1kat nevezett ki, fel\u00fclvizsg\u00e1lja a Roe\/Wade d\u00f6nt\u00e9st.<\/p>\n<p>Kaliforni\u00e1ban az abortusszal kapcsolatos jogokat t\u00f6rv\u00e9nybe foglalt\u00e1k. Az els\u0151 t\u00f6rv\u00e9nyes m\u0171vi terhess\u00e9gmegszak\u00edt\u00e1st 1967-ben, \u00e9vekkel az eml\u00edtett legfels\u0151bb b\u00edr\u00f3s\u00e1gi d\u00f6nt\u00e9s el\u0151tt hajtott\u00e1k v\u00e9gre. Az abortuszhoz val\u00f3 jog az\u00f3ta b\u0151v\u00fclt, r\u00e9szben a kaliforniai t\u00f6rv\u00e9nyhoz\u00e1s, r\u00e9szben pedig a korm\u00e1nyz\u00f3 \u00e1ltal hozott jogszab\u00e1lyok \u00e9s a kaliforniai legfels\u0151bb b\u00edr\u00f3s\u00e1gok d\u00f6nt\u00e9sei r\u00e9v\u00e9n, 1972-ben pedig ezeket a jogokat r\u00f6gz\u00edtett\u00e9k \u00e1llam alkotm\u00e1ny\u00e1ban is.<\/p>\n<\/p><\/div>\n<p><script>\n    window.fbAsyncInit = function() {\n        FB.init({\n            appId      : \"204760236815359\",\n            xfbml      : true,\n            version    : \"v2.12\"\n        });\n        FB.AppEvents.logPageView();\n    };<\/p>\n<p>    (function(d, s, id){\n        var js, fjs = d.getElementsByTagName(s)[0];\n        if (d.getElementById(id)) {return;}\n        js = d.createElement(s); js.id = id;\n        js.src = \"http:\/\/connect.facebook.net\/hu_HU\/sdk.js\";\n        fjs.parentNode.insertBefore(js, fjs);\n    }(document, \"script\", \"facebook-jssdk\"));\n<\/script><br \/>\n<br \/>[ad_2]<br \/>\n<br \/><a href=\"https:\/\/www.vg.hu\/kozelet\/kozeleti-hirek\/kalifornia-kormanyzoja-kiall-az-abortusz-mellett-1546139\/\">Source link <\/a><\/p>\n","protected":false},"excerpt":{"rendered":"<p>[ad_1] Kalifornia \u00e1llam korm\u00e1nyz\u00f3ja, Gavin Newsom csatlakozott az abortuszjogot v\u00e9d\u0151k t\u00e1bor\u00e1hoz, mert fontosnak tartja a csal\u00e1dtervez\u00e9s szabads\u00e1g\u00e1t. Mik\u00f6zben az Egyes\u00fclt \u00c1llamok tag\u00e1llamaiban sorra fogadj\u00e1k el az abortuszt megnehez\u00edt\u0151 t\u00f6rv\u00e9nyeket, Kalifornia \u00e1llam korm\u00e1nyz\u00f3ja, Gavin Newsom csatlakozott az abortuszjogot v\u00e9d\u0151k t\u00e1bor\u00e1hoz, \u00e9s b\u00e1tor\u00edtotta terhess\u00e9gmegszak\u00edt\u00e1sra v\u00e1r\u00f3 amerikai n\u0151ket, hogy utazzanak Kaliforni\u00e1ba, ahol marad\u00e9ktalanul \u00e9rv\u00e9nyes\u00edteni tudj\u00e1k a csal\u00e1dtervez\u00e9s szabads\u00e1g\u00e1ra [&hellip;]<\/p>\n","protected":false},"author":2,"featured_media":3199,"comment_status":"open","ping_status":"open","sticky":false,"template":"","format":"standard","meta":{"footnotes":""},"categories":[1],"tags":[],"class_list":["post-3198","post","type-post","status-publish","format-standard","has-post-thumbnail","hentry","category-penzugyi-hirek"],"yoast_head":"<!-- This site is optimized with the Yoast SEO plugin v27.4 - https:\/\/yoast.com\/product\/yoast-seo-wordpress\/ -->\n<title>Kalifornia korm\u00e1nyz\u00f3ja ki\u00e1ll az abortusz mellett - Super News<\/title>\n<meta name=\"robots\" content=\"index, follow, max-snippet:-1, max-image-preview:large, max-video-preview:-1\" \/>\n<link rel=\"canonical\" href=\"https:\/\/super-news.info\/hu\/kalifornia-kormanyzoja-kiall-az-abortusz-mellett\/\" \/>\n<meta property=\"og:locale\" content=\"hu_HU\" \/>\n<meta property=\"og:type\" content=\"article\" \/>\n<meta property=\"og:title\" content=\"Kalifornia korm\u00e1nyz\u00f3ja ki\u00e1ll az abortusz mellett - Super News\" \/>\n<meta property=\"og:description\" content=\"[ad_1] Kalifornia \u00e1llam korm\u00e1nyz\u00f3ja, Gavin Newsom csatlakozott az abortuszjogot v\u00e9d\u0151k t\u00e1bor\u00e1hoz, mert fontosnak tartja a csal\u00e1dtervez\u00e9s szabads\u00e1g\u00e1t. Mik\u00f6zben az Egyes\u00fclt \u00c1llamok tag\u00e1llamaiban sorra fogadj\u00e1k el az abortuszt megnehez\u00edt\u0151 t\u00f6rv\u00e9nyeket, Kalifornia \u00e1llam korm\u00e1nyz\u00f3ja, Gavin Newsom csatlakozott az abortuszjogot v\u00e9d\u0151k t\u00e1bor\u00e1hoz, \u00e9s b\u00e1tor\u00edtotta terhess\u00e9gmegszak\u00edt\u00e1sra v\u00e1r\u00f3 amerikai n\u0151ket, hogy utazzanak Kaliforni\u00e1ba, ahol marad\u00e9ktalanul \u00e9rv\u00e9nyes\u00edteni tudj\u00e1k a csal\u00e1dtervez\u00e9s szabads\u00e1g\u00e1ra [&hellip;]\" \/>\n<meta property=\"og:url\" content=\"https:\/\/super-news.info\/hu\/kalifornia-kormanyzoja-kiall-az-abortusz-mellett\/\" \/>\n<meta property=\"og:site_name\" content=\"Super News\" \/>\n<meta property=\"article:published_time\" content=\"2019-06-01T13:59:00+00:00\" \/>\n<meta property=\"article:modified_time\" content=\"2019-06-01T13:59:01+00:00\" \/>\n<meta property=\"og:image\" content=\"https:\/\/super-news.info\/hu\/wp-content\/uploads\/sites\/3\/2019\/06\/Kalifornia-korm\u00e1nyz\u00f3ja-ki\u00e1ll-az-abortusz-mellett.jpg\" \/>\n\t<meta property=\"og:image:width\" content=\"1400\" \/>\n\t<meta property=\"og:image:height\" content=\"959\" \/>\n\t<meta property=\"og:image:type\" content=\"image\/jpeg\" \/>\n<meta name=\"author\" content=\"super-news\" \/>\n<meta name=\"twitter:card\" content=\"summary_large_image\" \/>\n<meta name=\"twitter:label1\" content=\"Szerz\u0151:\" \/>\n\t<meta name=\"twitter:data1\" content=\"super-news\" \/>\n\t<meta name=\"twitter:label2\" content=\"Becs\u00fclt olvas\u00e1si id\u0151\" \/>\n\t<meta name=\"twitter:data2\" content=\"3 perc\" \/>\n<script type=\"application\/ld+json\" class=\"yoast-schema-graph\">{\"@context\":\"https:\\\/\\\/schema.org\",\"@graph\":[{\"@type\":\"Article\",\"@id\":\"https:\\\/\\\/super-news.info\\\/hu\\\/kalifornia-kormanyzoja-kiall-az-abortusz-mellett\\\/#article\",\"isPartOf\":{\"@id\":\"https:\\\/\\\/super-news.info\\\/hu\\\/kalifornia-kormanyzoja-kiall-az-abortusz-mellett\\\/\"},\"author\":{\"name\":\"super-news\",\"@id\":\"https:\\\/\\\/super-news.info\\\/hu\\\/#\\\/schema\\\/person\\\/2d4068cb2f39cd10008c2fce578a7356\"},\"headline\":\"Kalifornia korm\u00e1nyz\u00f3ja ki\u00e1ll az abortusz mellett\",\"datePublished\":\"2019-06-01T13:59:00+00:00\",\"dateModified\":\"2019-06-01T13:59:01+00:00\",\"mainEntityOfPage\":{\"@id\":\"https:\\\/\\\/super-news.info\\\/hu\\\/kalifornia-kormanyzoja-kiall-az-abortusz-mellett\\\/\"},\"wordCount\":623,\"commentCount\":0,\"image\":{\"@id\":\"https:\\\/\\\/super-news.info\\\/hu\\\/kalifornia-kormanyzoja-kiall-az-abortusz-mellett\\\/#primaryimage\"},\"thumbnailUrl\":\"https:\\\/\\\/super-news.info\\\/hu\\\/wp-content\\\/uploads\\\/sites\\\/3\\\/2019\\\/06\\\/Kalifornia-korm\u00e1nyz\u00f3ja-ki\u00e1ll-az-abortusz-mellett.jpg\",\"articleSection\":[\"P\u00c9NZ\u00dcGYI H\u00cdREK\"],\"inLanguage\":\"hu\",\"potentialAction\":[{\"@type\":\"CommentAction\",\"name\":\"Comment\",\"target\":[\"https:\\\/\\\/super-news.info\\\/hu\\\/kalifornia-kormanyzoja-kiall-az-abortusz-mellett\\\/#respond\"]}]},{\"@type\":\"WebPage\",\"@id\":\"https:\\\/\\\/super-news.info\\\/hu\\\/kalifornia-kormanyzoja-kiall-az-abortusz-mellett\\\/\",\"url\":\"https:\\\/\\\/super-news.info\\\/hu\\\/kalifornia-kormanyzoja-kiall-az-abortusz-mellett\\\/\",\"name\":\"Kalifornia korm\u00e1nyz\u00f3ja ki\u00e1ll az abortusz mellett - Super News\",\"isPartOf\":{\"@id\":\"https:\\\/\\\/super-news.info\\\/hu\\\/#website\"},\"primaryImageOfPage\":{\"@id\":\"https:\\\/\\\/super-news.info\\\/hu\\\/kalifornia-kormanyzoja-kiall-az-abortusz-mellett\\\/#primaryimage\"},\"image\":{\"@id\":\"https:\\\/\\\/super-news.info\\\/hu\\\/kalifornia-kormanyzoja-kiall-az-abortusz-mellett\\\/#primaryimage\"},\"thumbnailUrl\":\"https:\\\/\\\/super-news.info\\\/hu\\\/wp-content\\\/uploads\\\/sites\\\/3\\\/2019\\\/06\\\/Kalifornia-korm\u00e1nyz\u00f3ja-ki\u00e1ll-az-abortusz-mellett.jpg\",\"datePublished\":\"2019-06-01T13:59:00+00:00\",\"dateModified\":\"2019-06-01T13:59:01+00:00\",\"author\":{\"@id\":\"https:\\\/\\\/super-news.info\\\/hu\\\/#\\\/schema\\\/person\\\/2d4068cb2f39cd10008c2fce578a7356\"},\"breadcrumb\":{\"@id\":\"https:\\\/\\\/super-news.info\\\/hu\\\/kalifornia-kormanyzoja-kiall-az-abortusz-mellett\\\/#breadcrumb\"},\"inLanguage\":\"hu\",\"potentialAction\":[{\"@type\":\"ReadAction\",\"target\":[\"https:\\\/\\\/super-news.info\\\/hu\\\/kalifornia-kormanyzoja-kiall-az-abortusz-mellett\\\/\"]}]},{\"@type\":\"ImageObject\",\"inLanguage\":\"hu\",\"@id\":\"https:\\\/\\\/super-news.info\\\/hu\\\/kalifornia-kormanyzoja-kiall-az-abortusz-mellett\\\/#primaryimage\",\"url\":\"https:\\\/\\\/super-news.info\\\/hu\\\/wp-content\\\/uploads\\\/sites\\\/3\\\/2019\\\/06\\\/Kalifornia-korm\u00e1nyz\u00f3ja-ki\u00e1ll-az-abortusz-mellett.jpg\",\"contentUrl\":\"https:\\\/\\\/super-news.info\\\/hu\\\/wp-content\\\/uploads\\\/sites\\\/3\\\/2019\\\/06\\\/Kalifornia-korm\u00e1nyz\u00f3ja-ki\u00e1ll-az-abortusz-mellett.jpg\",\"width\":1400,\"height\":959,\"caption\":\"Kalifornia korm\u00e1nyz\u00f3ja ki\u00e1ll az abortusz mellett\"},{\"@type\":\"BreadcrumbList\",\"@id\":\"https:\\\/\\\/super-news.info\\\/hu\\\/kalifornia-kormanyzoja-kiall-az-abortusz-mellett\\\/#breadcrumb\",\"itemListElement\":[{\"@type\":\"ListItem\",\"position\":1,\"name\":\"\u0413\u043b\u0430\u0432\u043d\u0430\u044f \u0441\u0442\u0440\u0430\u043d\u0438\u0446\u0430\",\"item\":\"https:\\\/\\\/super-news.info\\\/hu\\\/\"},{\"@type\":\"ListItem\",\"position\":2,\"name\":\"Kalifornia korm\u00e1nyz\u00f3ja ki\u00e1ll az abortusz mellett\"}]},{\"@type\":\"WebSite\",\"@id\":\"https:\\\/\\\/super-news.info\\\/hu\\\/#website\",\"url\":\"https:\\\/\\\/super-news.info\\\/hu\\\/\",\"name\":\"Super News\",\"description\":\"Super News Magyarorsz\u00e1g\",\"potentialAction\":[{\"@type\":\"SearchAction\",\"target\":{\"@type\":\"EntryPoint\",\"urlTemplate\":\"https:\\\/\\\/super-news.info\\\/hu\\\/?s={search_term_string}\"},\"query-input\":{\"@type\":\"PropertyValueSpecification\",\"valueRequired\":true,\"valueName\":\"search_term_string\"}}],\"inLanguage\":\"hu\"},{\"@type\":\"Person\",\"@id\":\"https:\\\/\\\/super-news.info\\\/hu\\\/#\\\/schema\\\/person\\\/2d4068cb2f39cd10008c2fce578a7356\",\"name\":\"super-news\",\"image\":{\"@type\":\"ImageObject\",\"inLanguage\":\"hu\",\"@id\":\"https:\\\/\\\/secure.gravatar.com\\\/avatar\\\/64ebac40b93f26a154f8a9b5b6fdccfc46f442b26b3dd6756dbff3bf9dc76fd7?s=96&d=mm&r=g\",\"url\":\"https:\\\/\\\/secure.gravatar.com\\\/avatar\\\/64ebac40b93f26a154f8a9b5b6fdccfc46f442b26b3dd6756dbff3bf9dc76fd7?s=96&d=mm&r=g\",\"contentUrl\":\"https:\\\/\\\/secure.gravatar.com\\\/avatar\\\/64ebac40b93f26a154f8a9b5b6fdccfc46f442b26b3dd6756dbff3bf9dc76fd7?s=96&d=mm&r=g\",\"caption\":\"super-news\"},\"url\":\"https:\\\/\\\/super-news.info\\\/hu\\\/author\\\/pt\\\/\"}]}<\/script>\n<!-- \/ Yoast SEO plugin. -->","yoast_head_json":{"title":"Kalifornia korm\u00e1nyz\u00f3ja ki\u00e1ll az abortusz mellett - Super News","robots":{"index":"index","follow":"follow","max-snippet":"max-snippet:-1","max-image-preview":"max-image-preview:large","max-video-preview":"max-video-preview:-1"},"canonical":"https:\/\/super-news.info\/hu\/kalifornia-kormanyzoja-kiall-az-abortusz-mellett\/","og_locale":"hu_HU","og_type":"article","og_title":"Kalifornia korm\u00e1nyz\u00f3ja ki\u00e1ll az abortusz mellett - Super News","og_description":"[ad_1] Kalifornia \u00e1llam korm\u00e1nyz\u00f3ja, Gavin Newsom csatlakozott az abortuszjogot v\u00e9d\u0151k t\u00e1bor\u00e1hoz, mert fontosnak tartja a csal\u00e1dtervez\u00e9s szabads\u00e1g\u00e1t. Mik\u00f6zben az Egyes\u00fclt \u00c1llamok tag\u00e1llamaiban sorra fogadj\u00e1k el az abortuszt megnehez\u00edt\u0151 t\u00f6rv\u00e9nyeket, Kalifornia \u00e1llam korm\u00e1nyz\u00f3ja, Gavin Newsom csatlakozott az abortuszjogot v\u00e9d\u0151k t\u00e1bor\u00e1hoz, \u00e9s b\u00e1tor\u00edtotta terhess\u00e9gmegszak\u00edt\u00e1sra v\u00e1r\u00f3 amerikai n\u0151ket, hogy utazzanak Kaliforni\u00e1ba, ahol marad\u00e9ktalanul \u00e9rv\u00e9nyes\u00edteni tudj\u00e1k a csal\u00e1dtervez\u00e9s szabads\u00e1g\u00e1ra [&hellip;]","og_url":"https:\/\/super-news.info\/hu\/kalifornia-kormanyzoja-kiall-az-abortusz-mellett\/","og_site_name":"Super News","article_published_time":"2019-06-01T13:59:00+00:00","article_modified_time":"2019-06-01T13:59:01+00:00","og_image":[{"width":1400,"height":959,"url":"https:\/\/super-news.info\/hu\/wp-content\/uploads\/sites\/3\/2019\/06\/Kalifornia-korm\u00e1nyz\u00f3ja-ki\u00e1ll-az-abortusz-mellett.jpg","type":"image\/jpeg"}],"author":"super-news","twitter_card":"summary_large_image","twitter_misc":{"Szerz\u0151:":"super-news","Becs\u00fclt olvas\u00e1si id\u0151":"3 perc"},"schema":{"@context":"https:\/\/schema.org","@graph":[{"@type":"Article","@id":"https:\/\/super-news.info\/hu\/kalifornia-kormanyzoja-kiall-az-abortusz-mellett\/#article","isPartOf":{"@id":"https:\/\/super-news.info\/hu\/kalifornia-kormanyzoja-kiall-az-abortusz-mellett\/"},"author":{"name":"super-news","@id":"https:\/\/super-news.info\/hu\/#\/schema\/person\/2d4068cb2f39cd10008c2fce578a7356"},"headline":"Kalifornia korm\u00e1nyz\u00f3ja ki\u00e1ll az abortusz mellett","datePublished":"2019-06-01T13:59:00+00:00","dateModified":"2019-06-01T13:59:01+00:00","mainEntityOfPage":{"@id":"https:\/\/super-news.info\/hu\/kalifornia-kormanyzoja-kiall-az-abortusz-mellett\/"},"wordCount":623,"commentCount":0,"image":{"@id":"https:\/\/super-news.info\/hu\/kalifornia-kormanyzoja-kiall-az-abortusz-mellett\/#primaryimage"},"thumbnailUrl":"https:\/\/super-news.info\/hu\/wp-content\/uploads\/sites\/3\/2019\/06\/Kalifornia-korm\u00e1nyz\u00f3ja-ki\u00e1ll-az-abortusz-mellett.jpg","articleSection":["P\u00c9NZ\u00dcGYI H\u00cdREK"],"inLanguage":"hu","potentialAction":[{"@type":"CommentAction","name":"Comment","target":["https:\/\/super-news.info\/hu\/kalifornia-kormanyzoja-kiall-az-abortusz-mellett\/#respond"]}]},{"@type":"WebPage","@id":"https:\/\/super-news.info\/hu\/kalifornia-kormanyzoja-kiall-az-abortusz-mellett\/","url":"https:\/\/super-news.info\/hu\/kalifornia-kormanyzoja-kiall-az-abortusz-mellett\/","name":"Kalifornia korm\u00e1nyz\u00f3ja ki\u00e1ll az abortusz mellett - Super News","isPartOf":{"@id":"https:\/\/super-news.info\/hu\/#website"},"primaryImageOfPage":{"@id":"https:\/\/super-news.info\/hu\/kalifornia-kormanyzoja-kiall-az-abortusz-mellett\/#primaryimage"},"image":{"@id":"https:\/\/super-news.info\/hu\/kalifornia-kormanyzoja-kiall-az-abortusz-mellett\/#primaryimage"},"thumbnailUrl":"https:\/\/super-news.info\/hu\/wp-content\/uploads\/sites\/3\/2019\/06\/Kalifornia-korm\u00e1nyz\u00f3ja-ki\u00e1ll-az-abortusz-mellett.jpg","datePublished":"2019-06-01T13:59:00+00:00","dateModified":"2019-06-01T13:59:01+00:00","author":{"@id":"https:\/\/super-news.info\/hu\/#\/schema\/person\/2d4068cb2f39cd10008c2fce578a7356"},"breadcrumb":{"@id":"https:\/\/super-news.info\/hu\/kalifornia-kormanyzoja-kiall-az-abortusz-mellett\/#breadcrumb"},"inLanguage":"hu","potentialAction":[{"@type":"ReadAction","target":["https:\/\/super-news.info\/hu\/kalifornia-kormanyzoja-kiall-az-abortusz-mellett\/"]}]},{"@type":"ImageObject","inLanguage":"hu","@id":"https:\/\/super-news.info\/hu\/kalifornia-kormanyzoja-kiall-az-abortusz-mellett\/#primaryimage","url":"https:\/\/super-news.info\/hu\/wp-content\/uploads\/sites\/3\/2019\/06\/Kalifornia-korm\u00e1nyz\u00f3ja-ki\u00e1ll-az-abortusz-mellett.jpg","contentUrl":"https:\/\/super-news.info\/hu\/wp-content\/uploads\/sites\/3\/2019\/06\/Kalifornia-korm\u00e1nyz\u00f3ja-ki\u00e1ll-az-abortusz-mellett.jpg","width":1400,"height":959,"caption":"Kalifornia korm\u00e1nyz\u00f3ja ki\u00e1ll az abortusz mellett"},{"@type":"BreadcrumbList","@id":"https:\/\/super-news.info\/hu\/kalifornia-kormanyzoja-kiall-az-abortusz-mellett\/#breadcrumb","itemListElement":[{"@type":"ListItem","position":1,"name":"\u0413\u043b\u0430\u0432\u043d\u0430\u044f \u0441\u0442\u0440\u0430\u043d\u0438\u0446\u0430","item":"https:\/\/super-news.info\/hu\/"},{"@type":"ListItem","position":2,"name":"Kalifornia korm\u00e1nyz\u00f3ja ki\u00e1ll az abortusz mellett"}]},{"@type":"WebSite","@id":"https:\/\/super-news.info\/hu\/#website","url":"https:\/\/super-news.info\/hu\/","name":"Super News","description":"Super News Magyarorsz\u00e1g","potentialAction":[{"@type":"SearchAction","target":{"@type":"EntryPoint","urlTemplate":"https:\/\/super-news.info\/hu\/?s={search_term_string}"},"query-input":{"@type":"PropertyValueSpecification","valueRequired":true,"valueName":"search_term_string"}}],"inLanguage":"hu"},{"@type":"Person","@id":"https:\/\/super-news.info\/hu\/#\/schema\/person\/2d4068cb2f39cd10008c2fce578a7356","name":"super-news","image":{"@type":"ImageObject","inLanguage":"hu","@id":"https:\/\/secure.gravatar.com\/avatar\/64ebac40b93f26a154f8a9b5b6fdccfc46f442b26b3dd6756dbff3bf9dc76fd7?s=96&d=mm&r=g","url":"https:\/\/secure.gravatar.com\/avatar\/64ebac40b93f26a154f8a9b5b6fdccfc46f442b26b3dd6756dbff3bf9dc76fd7?s=96&d=mm&r=g","contentUrl":"https:\/\/secure.gravatar.com\/avatar\/64ebac40b93f26a154f8a9b5b6fdccfc46f442b26b3dd6756dbff3bf9dc76fd7?s=96&d=mm&r=g","caption":"super-news"},"url":"https:\/\/super-news.info\/hu\/author\/pt\/"}]}},"_links":{"self":[{"href":"https:\/\/super-news.info\/hu\/wp-json\/wp\/v2\/posts\/3198","targetHints":{"allow":["GET"]}}],"collection":[{"href":"https:\/\/super-news.info\/hu\/wp-json\/wp\/v2\/posts"}],"about":[{"href":"https:\/\/super-news.info\/hu\/wp-json\/wp\/v2\/types\/post"}],"author":[{"embeddable":true,"href":"https:\/\/super-news.info\/hu\/wp-json\/wp\/v2\/users\/2"}],"replies":[{"embeddable":true,"href":"https:\/\/super-news.info\/hu\/wp-json\/wp\/v2\/comments?post=3198"}],"version-history":[{"count":1,"href":"https:\/\/super-news.info\/hu\/wp-json\/wp\/v2\/posts\/3198\/revisions"}],"predecessor-version":[{"id":3200,"href":"https:\/\/super-news.info\/hu\/wp-json\/wp\/v2\/posts\/3198\/revisions\/3200"}],"wp:featuredmedia":[{"embeddable":true,"href":"https:\/\/super-news.info\/hu\/wp-json\/wp\/v2\/media\/3199"}],"wp:attachment":[{"href":"https:\/\/super-news.info\/hu\/wp-json\/wp\/v2\/media?parent=3198"}],"wp:term":[{"taxonomy":"category","embeddable":true,"href":"https:\/\/super-news.info\/hu\/wp-json\/wp\/v2\/categories?post=3198"},{"taxonomy":"post_tag","embeddable":true,"href":"https:\/\/super-news.info\/hu\/wp-json\/wp\/v2\/tags?post=3198"}],"curies":[{"name":"wp","href":"https:\/\/api.w.org\/{rel}","templated":true}]}}