{"id":3192,"date":"2019-06-01T14:46:54","date_gmt":"2019-06-01T11:46:54","guid":{"rendered":"https:\/\/super-news.info\/hu\/magyar-fejlesztes-menthet-meg-mindenkit-az-aszalytol\/"},"modified":"2019-06-01T14:46:55","modified_gmt":"2019-06-01T11:46:55","slug":"magyar-fejlesztes-menthet-meg-mindenkit-az-aszalytol","status":"publish","type":"post","link":"https:\/\/super-news.info\/hu\/magyar-fejlesztes-menthet-meg-mindenkit-az-aszalytol\/","title":{"rendered":"Magyar fejleszt\u00e9s menthet meg mindenkit az asz\u00e1lyt\u00f3l"},"content":{"rendered":"<p> [ad_1]<br \/>\n<\/p>\n<p>\n\t\t\t\t\t\t\t\t\u00c1zsia, Afrika \u00e9s D\u00e9l-Amerika t\u00f6bb orsz\u00e1g\u00e1ban is forgalomba ker\u00fclhet a Water&amp;Soil Kft. talajnedvess\u00e9get jav\u00edt\u00f3 fejleszt\u00e9se, amely a c\u00e9g v\u00e1rakoz\u00e1sa szerint a jobb term\u00e9shozamok mellett sz\u00e1zmilli\u00f3k biztons\u00e1gosabb v\u00edzell\u00e1t\u00e1s\u00e1hoz is hozz\u00e1j\u00e1rulhat.\t\t\t\t\t\t\t<\/p>\n<div>\n<p>D\u00e9l-Afrik\u00e1t\u00f3l \u00e9s Kolumbi\u00e1t\u00f3l v\u00e1rj\u00e1k a Water Retainer V\u00edz\u0150r nev\u0171 fejleszt\u00e9sre a forgalmaz\u00e1si enged\u00e9lyt, miut\u00e1n nemr\u00e9g Keny\u00e1t\u00f3l m\u00e1r megkapt\u00e1k azt. V\u00e1rakoz\u00e1suk szerint hamarosan Tun\u00e9zi\u00e1ban, Gh\u00e1n\u00e1ban \u00e9s Indi\u00e1ban is enged\u00e9lyhez juthatnak \u2013 k\u00f6z\u00f6lte a v\u00e1llalat a Magyar T\u00e1virati Irod\u00e1val. Elmond\u00e1suk szerint a talajnedvess\u00e9g meg\u0151rz\u00e9s\u00e9t seg\u00edt\u0151 k\u00e9sz\u00edtm\u00e9ny m\u00e9rs\u00e9kli a p\u00e1rolg\u00e1si vesztes\u00e9get, \u00e9s a leveg\u0151b\u0151l is megk\u00f6ti a nedvess\u00e9get.<\/p>\n<p>Ennek k\u00f6sz\u00f6nhet\u0151en a n\u00f6v\u00e9nyek k\u00e9tszer hosszabb asz\u00e1lyt is \u00e1tv\u00e9szelhetnek s\u00falyosabb k\u00e1rosod\u00e1s n\u00e9lk\u00fcl, a gazd\u00e1lkod\u00e1sok pedig az \u00f6nt\u00f6z\u0151v\u00edz fel\u00e9t megtakar\u00edthatj\u00e1k.<\/p>\n<p>Sz\u00e1m\u00edt\u00e1sok szerint 100 ezer hekt\u00e1ron, 30 sz\u00e1zal\u00e9kos \u00f6nt\u00f6z\u00e9si intenzit\u00e1s mellett \u00e9vente 120 milli\u00f3 k\u00f6bm\u00e9ter v\u00edz, vagyis 2 milli\u00f3 ember \u00e9ves v\u00edzfogyaszt\u00e1sa takar\u00edthat\u00f3 meg. A talajkondicion\u00e1l\u00f3 anyag r\u00e1ad\u00e1sul organikus k\u00e9sz\u00edtm\u00e9ny, teljes m\u00e9rt\u00e9kben lebomlik \u2013 \u00edrt\u00e1k.<\/p>\n<div id=\"attachment_567171\" style=\"width: 1410px\" class=\"wp-caption aligncenter\">\n<p class=\"wp-caption-text\">Fot\u00f3: MTI<\/p>\n<\/div>\n<p>A Water&amp;Soil Kft. a fejleszt\u00e9si k\u00f6lts\u00e9gekr\u0151l nem k\u00edv\u00e1nt nyilatkozni, de az Innov\u00e1ci\u00f3s \u00e9s Technol\u00f3giai Miniszt\u00e9rium (ITM) febru\u00e1rban azt k\u00f6z\u00f6lte, hogy a v\u00e1llalat a 2016-ban 1 milli\u00e1rd forintos keret\u00f6sszeggel ind\u00edtott kl\u00edmafinansz\u00edroz\u00e1sb\u00f3l kapott t\u00e1mogat\u00e1st, hogy<\/p>\n<p>afrikai orsz\u00e1gokban \u00e9rt\u00e9kes\u00edthesse a talajkondicion\u00e1l\u00f3 anyagot.<\/p>\n<p>A budapesti sz\u00e9khely\u0171 c\u00e9g a nyilv\u00e1nos adatok szerint 2017-ben 16,6 milli\u00f3 forint, 2018-ban 80,5 milli\u00f3 forint nett\u00f3 \u00e1rbev\u00e9telt \u00e9rt el.<\/p>\n<\/p><\/div>\n<p><script>\n    window.fbAsyncInit = function() {\n        FB.init({\n            appId      : \"204760236815359\",\n            xfbml      : true,\n            version    : \"v2.12\"\n        });\n        FB.AppEvents.logPageView();\n    };<\/p>\n<p>    (function(d, s, id){\n        var js, fjs = d.getElementsByTagName(s)[0];\n        if (d.getElementById(id)) {return;}\n        js = d.createElement(s); js.id = id;\n        js.src = \"http:\/\/connect.facebook.net\/hu_HU\/sdk.js\";\n        fjs.parentNode.insertBefore(js, fjs);\n    }(document, \"script\", \"facebook-jssdk\"));\n<\/script><br \/>\n<br \/>[ad_2]<br \/>\n<br \/><a href=\"https:\/\/www.vg.hu\/kkv\/kkv-hirek\/magyar-fejlesztes-menthet-meg-mindenkit-az-aszalytol-1546115\/\">Source link <\/a><\/p>\n","protected":false},"excerpt":{"rendered":"<p>[ad_1] \u00c1zsia, Afrika \u00e9s D\u00e9l-Amerika t\u00f6bb orsz\u00e1g\u00e1ban is forgalomba ker\u00fclhet a Water&amp;Soil Kft. talajnedvess\u00e9get jav\u00edt\u00f3 fejleszt\u00e9se, amely a c\u00e9g v\u00e1rakoz\u00e1sa szerint a jobb term\u00e9shozamok mellett sz\u00e1zmilli\u00f3k biztons\u00e1gosabb v\u00edzell\u00e1t\u00e1s\u00e1hoz is hozz\u00e1j\u00e1rulhat. D\u00e9l-Afrik\u00e1t\u00f3l \u00e9s Kolumbi\u00e1t\u00f3l v\u00e1rj\u00e1k a Water Retainer V\u00edz\u0150r nev\u0171 fejleszt\u00e9sre a forgalmaz\u00e1si enged\u00e9lyt, miut\u00e1n nemr\u00e9g Keny\u00e1t\u00f3l m\u00e1r megkapt\u00e1k azt. V\u00e1rakoz\u00e1suk szerint hamarosan Tun\u00e9zi\u00e1ban, Gh\u00e1n\u00e1ban \u00e9s [&hellip;]<\/p>\n","protected":false},"author":2,"featured_media":3193,"comment_status":"open","ping_status":"open","sticky":false,"template":"","format":"standard","meta":{"footnotes":""},"categories":[1],"tags":[],"class_list":["post-3192","post","type-post","status-publish","format-standard","has-post-thumbnail","hentry","category-penzugyi-hirek"],"yoast_head":"<!-- This site is optimized with the Yoast SEO plugin v27.4 - https:\/\/yoast.com\/product\/yoast-seo-wordpress\/ -->\n<title>Magyar fejleszt\u00e9s menthet meg mindenkit az asz\u00e1lyt\u00f3l - Super News<\/title>\n<meta name=\"robots\" content=\"index, follow, max-snippet:-1, max-image-preview:large, max-video-preview:-1\" \/>\n<link rel=\"canonical\" href=\"https:\/\/super-news.info\/hu\/magyar-fejlesztes-menthet-meg-mindenkit-az-aszalytol\/\" \/>\n<meta property=\"og:locale\" content=\"hu_HU\" \/>\n<meta property=\"og:type\" content=\"article\" \/>\n<meta property=\"og:title\" content=\"Magyar fejleszt\u00e9s menthet meg mindenkit az asz\u00e1lyt\u00f3l - Super News\" \/>\n<meta property=\"og:description\" content=\"[ad_1] \u00c1zsia, Afrika \u00e9s D\u00e9l-Amerika t\u00f6bb orsz\u00e1g\u00e1ban is forgalomba ker\u00fclhet a Water&amp;Soil Kft. talajnedvess\u00e9get jav\u00edt\u00f3 fejleszt\u00e9se, amely a c\u00e9g v\u00e1rakoz\u00e1sa szerint a jobb term\u00e9shozamok mellett sz\u00e1zmilli\u00f3k biztons\u00e1gosabb v\u00edzell\u00e1t\u00e1s\u00e1hoz is hozz\u00e1j\u00e1rulhat. D\u00e9l-Afrik\u00e1t\u00f3l \u00e9s Kolumbi\u00e1t\u00f3l v\u00e1rj\u00e1k a Water Retainer V\u00edz\u0150r nev\u0171 fejleszt\u00e9sre a forgalmaz\u00e1si enged\u00e9lyt, miut\u00e1n nemr\u00e9g Keny\u00e1t\u00f3l m\u00e1r megkapt\u00e1k azt. V\u00e1rakoz\u00e1suk szerint hamarosan Tun\u00e9zi\u00e1ban, Gh\u00e1n\u00e1ban \u00e9s [&hellip;]\" \/>\n<meta property=\"og:url\" content=\"https:\/\/super-news.info\/hu\/magyar-fejlesztes-menthet-meg-mindenkit-az-aszalytol\/\" \/>\n<meta property=\"og:site_name\" content=\"Super News\" \/>\n<meta property=\"article:published_time\" content=\"2019-06-01T11:46:54+00:00\" \/>\n<meta property=\"article:modified_time\" content=\"2019-06-01T11:46:55+00:00\" \/>\n<meta property=\"og:image\" content=\"https:\/\/super-news.info\/hu\/wp-content\/uploads\/sites\/3\/2019\/06\/Magyar-fejleszt\u00e9s-menthet-meg-mindenkit-az-asz\u00e1lyt\u00f3l.jpg\" \/>\n\t<meta property=\"og:image:width\" content=\"1400\" \/>\n\t<meta property=\"og:image:height\" content=\"933\" \/>\n\t<meta property=\"og:image:type\" content=\"image\/jpeg\" \/>\n<meta name=\"author\" content=\"super-news\" \/>\n<meta name=\"twitter:card\" content=\"summary_large_image\" \/>\n<meta name=\"twitter:label1\" content=\"Szerz\u0151:\" \/>\n\t<meta name=\"twitter:data1\" content=\"super-news\" \/>\n\t<meta name=\"twitter:label2\" content=\"Becs\u00fclt olvas\u00e1si id\u0151\" \/>\n\t<meta name=\"twitter:data2\" content=\"2 perc\" \/>\n<script type=\"application\/ld+json\" class=\"yoast-schema-graph\">{\"@context\":\"https:\\\/\\\/schema.org\",\"@graph\":[{\"@type\":\"Article\",\"@id\":\"https:\\\/\\\/super-news.info\\\/hu\\\/magyar-fejlesztes-menthet-meg-mindenkit-az-aszalytol\\\/#article\",\"isPartOf\":{\"@id\":\"https:\\\/\\\/super-news.info\\\/hu\\\/magyar-fejlesztes-menthet-meg-mindenkit-az-aszalytol\\\/\"},\"author\":{\"name\":\"super-news\",\"@id\":\"https:\\\/\\\/super-news.info\\\/hu\\\/#\\\/schema\\\/person\\\/2d4068cb2f39cd10008c2fce578a7356\"},\"headline\":\"Magyar fejleszt\u00e9s menthet meg mindenkit az asz\u00e1lyt\u00f3l\",\"datePublished\":\"2019-06-01T11:46:54+00:00\",\"dateModified\":\"2019-06-01T11:46:55+00:00\",\"mainEntityOfPage\":{\"@id\":\"https:\\\/\\\/super-news.info\\\/hu\\\/magyar-fejlesztes-menthet-meg-mindenkit-az-aszalytol\\\/\"},\"wordCount\":353,\"commentCount\":0,\"image\":{\"@id\":\"https:\\\/\\\/super-news.info\\\/hu\\\/magyar-fejlesztes-menthet-meg-mindenkit-az-aszalytol\\\/#primaryimage\"},\"thumbnailUrl\":\"https:\\\/\\\/super-news.info\\\/hu\\\/wp-content\\\/uploads\\\/sites\\\/3\\\/2019\\\/06\\\/Magyar-fejleszt\u00e9s-menthet-meg-mindenkit-az-asz\u00e1lyt\u00f3l.jpg\",\"articleSection\":[\"P\u00c9NZ\u00dcGYI H\u00cdREK\"],\"inLanguage\":\"hu\",\"potentialAction\":[{\"@type\":\"CommentAction\",\"name\":\"Comment\",\"target\":[\"https:\\\/\\\/super-news.info\\\/hu\\\/magyar-fejlesztes-menthet-meg-mindenkit-az-aszalytol\\\/#respond\"]}]},{\"@type\":\"WebPage\",\"@id\":\"https:\\\/\\\/super-news.info\\\/hu\\\/magyar-fejlesztes-menthet-meg-mindenkit-az-aszalytol\\\/\",\"url\":\"https:\\\/\\\/super-news.info\\\/hu\\\/magyar-fejlesztes-menthet-meg-mindenkit-az-aszalytol\\\/\",\"name\":\"Magyar fejleszt\u00e9s menthet meg mindenkit az asz\u00e1lyt\u00f3l - Super News\",\"isPartOf\":{\"@id\":\"https:\\\/\\\/super-news.info\\\/hu\\\/#website\"},\"primaryImageOfPage\":{\"@id\":\"https:\\\/\\\/super-news.info\\\/hu\\\/magyar-fejlesztes-menthet-meg-mindenkit-az-aszalytol\\\/#primaryimage\"},\"image\":{\"@id\":\"https:\\\/\\\/super-news.info\\\/hu\\\/magyar-fejlesztes-menthet-meg-mindenkit-az-aszalytol\\\/#primaryimage\"},\"thumbnailUrl\":\"https:\\\/\\\/super-news.info\\\/hu\\\/wp-content\\\/uploads\\\/sites\\\/3\\\/2019\\\/06\\\/Magyar-fejleszt\u00e9s-menthet-meg-mindenkit-az-asz\u00e1lyt\u00f3l.jpg\",\"datePublished\":\"2019-06-01T11:46:54+00:00\",\"dateModified\":\"2019-06-01T11:46:55+00:00\",\"author\":{\"@id\":\"https:\\\/\\\/super-news.info\\\/hu\\\/#\\\/schema\\\/person\\\/2d4068cb2f39cd10008c2fce578a7356\"},\"breadcrumb\":{\"@id\":\"https:\\\/\\\/super-news.info\\\/hu\\\/magyar-fejlesztes-menthet-meg-mindenkit-az-aszalytol\\\/#breadcrumb\"},\"inLanguage\":\"hu\",\"potentialAction\":[{\"@type\":\"ReadAction\",\"target\":[\"https:\\\/\\\/super-news.info\\\/hu\\\/magyar-fejlesztes-menthet-meg-mindenkit-az-aszalytol\\\/\"]}]},{\"@type\":\"ImageObject\",\"inLanguage\":\"hu\",\"@id\":\"https:\\\/\\\/super-news.info\\\/hu\\\/magyar-fejlesztes-menthet-meg-mindenkit-az-aszalytol\\\/#primaryimage\",\"url\":\"https:\\\/\\\/super-news.info\\\/hu\\\/wp-content\\\/uploads\\\/sites\\\/3\\\/2019\\\/06\\\/Magyar-fejleszt\u00e9s-menthet-meg-mindenkit-az-asz\u00e1lyt\u00f3l.jpg\",\"contentUrl\":\"https:\\\/\\\/super-news.info\\\/hu\\\/wp-content\\\/uploads\\\/sites\\\/3\\\/2019\\\/06\\\/Magyar-fejleszt\u00e9s-menthet-meg-mindenkit-az-asz\u00e1lyt\u00f3l.jpg\",\"width\":1400,\"height\":933,\"caption\":\"Magyar fejleszt\u00e9s menthet meg mindenkit az asz\u00e1lyt\u00f3l\"},{\"@type\":\"BreadcrumbList\",\"@id\":\"https:\\\/\\\/super-news.info\\\/hu\\\/magyar-fejlesztes-menthet-meg-mindenkit-az-aszalytol\\\/#breadcrumb\",\"itemListElement\":[{\"@type\":\"ListItem\",\"position\":1,\"name\":\"\u0413\u043b\u0430\u0432\u043d\u0430\u044f \u0441\u0442\u0440\u0430\u043d\u0438\u0446\u0430\",\"item\":\"https:\\\/\\\/super-news.info\\\/hu\\\/\"},{\"@type\":\"ListItem\",\"position\":2,\"name\":\"Magyar fejleszt\u00e9s menthet meg mindenkit az asz\u00e1lyt\u00f3l\"}]},{\"@type\":\"WebSite\",\"@id\":\"https:\\\/\\\/super-news.info\\\/hu\\\/#website\",\"url\":\"https:\\\/\\\/super-news.info\\\/hu\\\/\",\"name\":\"Super News\",\"description\":\"Super News Magyarorsz\u00e1g\",\"potentialAction\":[{\"@type\":\"SearchAction\",\"target\":{\"@type\":\"EntryPoint\",\"urlTemplate\":\"https:\\\/\\\/super-news.info\\\/hu\\\/?s={search_term_string}\"},\"query-input\":{\"@type\":\"PropertyValueSpecification\",\"valueRequired\":true,\"valueName\":\"search_term_string\"}}],\"inLanguage\":\"hu\"},{\"@type\":\"Person\",\"@id\":\"https:\\\/\\\/super-news.info\\\/hu\\\/#\\\/schema\\\/person\\\/2d4068cb2f39cd10008c2fce578a7356\",\"name\":\"super-news\",\"image\":{\"@type\":\"ImageObject\",\"inLanguage\":\"hu\",\"@id\":\"https:\\\/\\\/secure.gravatar.com\\\/avatar\\\/64ebac40b93f26a154f8a9b5b6fdccfc46f442b26b3dd6756dbff3bf9dc76fd7?s=96&d=mm&r=g\",\"url\":\"https:\\\/\\\/secure.gravatar.com\\\/avatar\\\/64ebac40b93f26a154f8a9b5b6fdccfc46f442b26b3dd6756dbff3bf9dc76fd7?s=96&d=mm&r=g\",\"contentUrl\":\"https:\\\/\\\/secure.gravatar.com\\\/avatar\\\/64ebac40b93f26a154f8a9b5b6fdccfc46f442b26b3dd6756dbff3bf9dc76fd7?s=96&d=mm&r=g\",\"caption\":\"super-news\"},\"url\":\"https:\\\/\\\/super-news.info\\\/hu\\\/author\\\/pt\\\/\"}]}<\/script>\n<!-- \/ Yoast SEO plugin. -->","yoast_head_json":{"title":"Magyar fejleszt\u00e9s menthet meg mindenkit az asz\u00e1lyt\u00f3l - Super News","robots":{"index":"index","follow":"follow","max-snippet":"max-snippet:-1","max-image-preview":"max-image-preview:large","max-video-preview":"max-video-preview:-1"},"canonical":"https:\/\/super-news.info\/hu\/magyar-fejlesztes-menthet-meg-mindenkit-az-aszalytol\/","og_locale":"hu_HU","og_type":"article","og_title":"Magyar fejleszt\u00e9s menthet meg mindenkit az asz\u00e1lyt\u00f3l - Super News","og_description":"[ad_1] \u00c1zsia, Afrika \u00e9s D\u00e9l-Amerika t\u00f6bb orsz\u00e1g\u00e1ban is forgalomba ker\u00fclhet a Water&amp;Soil Kft. talajnedvess\u00e9get jav\u00edt\u00f3 fejleszt\u00e9se, amely a c\u00e9g v\u00e1rakoz\u00e1sa szerint a jobb term\u00e9shozamok mellett sz\u00e1zmilli\u00f3k biztons\u00e1gosabb v\u00edzell\u00e1t\u00e1s\u00e1hoz is hozz\u00e1j\u00e1rulhat. D\u00e9l-Afrik\u00e1t\u00f3l \u00e9s Kolumbi\u00e1t\u00f3l v\u00e1rj\u00e1k a Water Retainer V\u00edz\u0150r nev\u0171 fejleszt\u00e9sre a forgalmaz\u00e1si enged\u00e9lyt, miut\u00e1n nemr\u00e9g Keny\u00e1t\u00f3l m\u00e1r megkapt\u00e1k azt. V\u00e1rakoz\u00e1suk szerint hamarosan Tun\u00e9zi\u00e1ban, Gh\u00e1n\u00e1ban \u00e9s [&hellip;]","og_url":"https:\/\/super-news.info\/hu\/magyar-fejlesztes-menthet-meg-mindenkit-az-aszalytol\/","og_site_name":"Super News","article_published_time":"2019-06-01T11:46:54+00:00","article_modified_time":"2019-06-01T11:46:55+00:00","og_image":[{"width":1400,"height":933,"url":"https:\/\/super-news.info\/hu\/wp-content\/uploads\/sites\/3\/2019\/06\/Magyar-fejleszt\u00e9s-menthet-meg-mindenkit-az-asz\u00e1lyt\u00f3l.jpg","type":"image\/jpeg"}],"author":"super-news","twitter_card":"summary_large_image","twitter_misc":{"Szerz\u0151:":"super-news","Becs\u00fclt olvas\u00e1si id\u0151":"2 perc"},"schema":{"@context":"https:\/\/schema.org","@graph":[{"@type":"Article","@id":"https:\/\/super-news.info\/hu\/magyar-fejlesztes-menthet-meg-mindenkit-az-aszalytol\/#article","isPartOf":{"@id":"https:\/\/super-news.info\/hu\/magyar-fejlesztes-menthet-meg-mindenkit-az-aszalytol\/"},"author":{"name":"super-news","@id":"https:\/\/super-news.info\/hu\/#\/schema\/person\/2d4068cb2f39cd10008c2fce578a7356"},"headline":"Magyar fejleszt\u00e9s menthet meg mindenkit az asz\u00e1lyt\u00f3l","datePublished":"2019-06-01T11:46:54+00:00","dateModified":"2019-06-01T11:46:55+00:00","mainEntityOfPage":{"@id":"https:\/\/super-news.info\/hu\/magyar-fejlesztes-menthet-meg-mindenkit-az-aszalytol\/"},"wordCount":353,"commentCount":0,"image":{"@id":"https:\/\/super-news.info\/hu\/magyar-fejlesztes-menthet-meg-mindenkit-az-aszalytol\/#primaryimage"},"thumbnailUrl":"https:\/\/super-news.info\/hu\/wp-content\/uploads\/sites\/3\/2019\/06\/Magyar-fejleszt\u00e9s-menthet-meg-mindenkit-az-asz\u00e1lyt\u00f3l.jpg","articleSection":["P\u00c9NZ\u00dcGYI H\u00cdREK"],"inLanguage":"hu","potentialAction":[{"@type":"CommentAction","name":"Comment","target":["https:\/\/super-news.info\/hu\/magyar-fejlesztes-menthet-meg-mindenkit-az-aszalytol\/#respond"]}]},{"@type":"WebPage","@id":"https:\/\/super-news.info\/hu\/magyar-fejlesztes-menthet-meg-mindenkit-az-aszalytol\/","url":"https:\/\/super-news.info\/hu\/magyar-fejlesztes-menthet-meg-mindenkit-az-aszalytol\/","name":"Magyar fejleszt\u00e9s menthet meg mindenkit az asz\u00e1lyt\u00f3l - Super News","isPartOf":{"@id":"https:\/\/super-news.info\/hu\/#website"},"primaryImageOfPage":{"@id":"https:\/\/super-news.info\/hu\/magyar-fejlesztes-menthet-meg-mindenkit-az-aszalytol\/#primaryimage"},"image":{"@id":"https:\/\/super-news.info\/hu\/magyar-fejlesztes-menthet-meg-mindenkit-az-aszalytol\/#primaryimage"},"thumbnailUrl":"https:\/\/super-news.info\/hu\/wp-content\/uploads\/sites\/3\/2019\/06\/Magyar-fejleszt\u00e9s-menthet-meg-mindenkit-az-asz\u00e1lyt\u00f3l.jpg","datePublished":"2019-06-01T11:46:54+00:00","dateModified":"2019-06-01T11:46:55+00:00","author":{"@id":"https:\/\/super-news.info\/hu\/#\/schema\/person\/2d4068cb2f39cd10008c2fce578a7356"},"breadcrumb":{"@id":"https:\/\/super-news.info\/hu\/magyar-fejlesztes-menthet-meg-mindenkit-az-aszalytol\/#breadcrumb"},"inLanguage":"hu","potentialAction":[{"@type":"ReadAction","target":["https:\/\/super-news.info\/hu\/magyar-fejlesztes-menthet-meg-mindenkit-az-aszalytol\/"]}]},{"@type":"ImageObject","inLanguage":"hu","@id":"https:\/\/super-news.info\/hu\/magyar-fejlesztes-menthet-meg-mindenkit-az-aszalytol\/#primaryimage","url":"https:\/\/super-news.info\/hu\/wp-content\/uploads\/sites\/3\/2019\/06\/Magyar-fejleszt\u00e9s-menthet-meg-mindenkit-az-asz\u00e1lyt\u00f3l.jpg","contentUrl":"https:\/\/super-news.info\/hu\/wp-content\/uploads\/sites\/3\/2019\/06\/Magyar-fejleszt\u00e9s-menthet-meg-mindenkit-az-asz\u00e1lyt\u00f3l.jpg","width":1400,"height":933,"caption":"Magyar fejleszt\u00e9s menthet meg mindenkit az asz\u00e1lyt\u00f3l"},{"@type":"BreadcrumbList","@id":"https:\/\/super-news.info\/hu\/magyar-fejlesztes-menthet-meg-mindenkit-az-aszalytol\/#breadcrumb","itemListElement":[{"@type":"ListItem","position":1,"name":"\u0413\u043b\u0430\u0432\u043d\u0430\u044f \u0441\u0442\u0440\u0430\u043d\u0438\u0446\u0430","item":"https:\/\/super-news.info\/hu\/"},{"@type":"ListItem","position":2,"name":"Magyar fejleszt\u00e9s menthet meg mindenkit az asz\u00e1lyt\u00f3l"}]},{"@type":"WebSite","@id":"https:\/\/super-news.info\/hu\/#website","url":"https:\/\/super-news.info\/hu\/","name":"Super News","description":"Super News Magyarorsz\u00e1g","potentialAction":[{"@type":"SearchAction","target":{"@type":"EntryPoint","urlTemplate":"https:\/\/super-news.info\/hu\/?s={search_term_string}"},"query-input":{"@type":"PropertyValueSpecification","valueRequired":true,"valueName":"search_term_string"}}],"inLanguage":"hu"},{"@type":"Person","@id":"https:\/\/super-news.info\/hu\/#\/schema\/person\/2d4068cb2f39cd10008c2fce578a7356","name":"super-news","image":{"@type":"ImageObject","inLanguage":"hu","@id":"https:\/\/secure.gravatar.com\/avatar\/64ebac40b93f26a154f8a9b5b6fdccfc46f442b26b3dd6756dbff3bf9dc76fd7?s=96&d=mm&r=g","url":"https:\/\/secure.gravatar.com\/avatar\/64ebac40b93f26a154f8a9b5b6fdccfc46f442b26b3dd6756dbff3bf9dc76fd7?s=96&d=mm&r=g","contentUrl":"https:\/\/secure.gravatar.com\/avatar\/64ebac40b93f26a154f8a9b5b6fdccfc46f442b26b3dd6756dbff3bf9dc76fd7?s=96&d=mm&r=g","caption":"super-news"},"url":"https:\/\/super-news.info\/hu\/author\/pt\/"}]}},"_links":{"self":[{"href":"https:\/\/super-news.info\/hu\/wp-json\/wp\/v2\/posts\/3192","targetHints":{"allow":["GET"]}}],"collection":[{"href":"https:\/\/super-news.info\/hu\/wp-json\/wp\/v2\/posts"}],"about":[{"href":"https:\/\/super-news.info\/hu\/wp-json\/wp\/v2\/types\/post"}],"author":[{"embeddable":true,"href":"https:\/\/super-news.info\/hu\/wp-json\/wp\/v2\/users\/2"}],"replies":[{"embeddable":true,"href":"https:\/\/super-news.info\/hu\/wp-json\/wp\/v2\/comments?post=3192"}],"version-history":[{"count":1,"href":"https:\/\/super-news.info\/hu\/wp-json\/wp\/v2\/posts\/3192\/revisions"}],"predecessor-version":[{"id":3194,"href":"https:\/\/super-news.info\/hu\/wp-json\/wp\/v2\/posts\/3192\/revisions\/3194"}],"wp:featuredmedia":[{"embeddable":true,"href":"https:\/\/super-news.info\/hu\/wp-json\/wp\/v2\/media\/3193"}],"wp:attachment":[{"href":"https:\/\/super-news.info\/hu\/wp-json\/wp\/v2\/media?parent=3192"}],"wp:term":[{"taxonomy":"category","embeddable":true,"href":"https:\/\/super-news.info\/hu\/wp-json\/wp\/v2\/categories?post=3192"},{"taxonomy":"post_tag","embeddable":true,"href":"https:\/\/super-news.info\/hu\/wp-json\/wp\/v2\/tags?post=3192"}],"curies":[{"name":"wp","href":"https:\/\/api.w.org\/{rel}","templated":true}]}}