{"id":3181,"date":"2019-06-01T11:53:56","date_gmt":"2019-06-01T08:53:56","guid":{"rendered":"https:\/\/super-news.info\/hu\/donald-trump-megint-fittyet-hanyt-a-diplomaciara\/"},"modified":"2019-06-01T11:53:57","modified_gmt":"2019-06-01T08:53:57","slug":"donald-trump-megint-fittyet-hanyt-a-diplomaciara","status":"publish","type":"post","link":"https:\/\/super-news.info\/hu\/donald-trump-megint-fittyet-hanyt-a-diplomaciara\/","title":{"rendered":"Donald Trump megint fittyet h\u00e1nyt a diplom\u00e1ci\u00e1ra"},"content":{"rendered":"<p> [ad_1]<br \/>\n<\/p>\n<p>\n\t\t\t\t\t\t\t\tAz amerikai eln\u00f6k Boris Johnsont l\u00e1tn\u00e1 sz\u00edvesen a korm\u00e1nyz\u00f3 brit Konzervat\u00edv P\u00e1rt \u00e9l\u00e9n \u2013 err\u0151l egy interj\u00faban besz\u00e9lt Donald Trump, amivel viszont s\u00falyos protokolls\u00e9rt\u00e9st k\u00f6vetett el.\t\t\t\t\t\t\t<\/p>\n<div>\n<p>Boris Johnson volt brit k\u00fcl\u00fcgyminiszter kit\u0171n\u0151 vezet\u0151je lenne a korm\u00e1nyz\u00f3 brit Konzervat\u00edv P\u00e1rtnak \u2013 jelentette ki Donald Trump amerikai eln\u00f6k a The Sun c\u00edm\u0171 brit lapnak nyilatkozva. Egy\u00fattal kifejtette azt a v\u00e9lem\u00e9ny\u00e9t is, hogy Theresa May t\u00e1voz\u00f3 brit minisztereln\u00f6k minden kezdem\u00e9nyez\u00e9st az Eur\u00f3pai Uni\u00f3nak engedett \u00e1t a brit EU-tags\u00e1g megsz\u0171n\u00e9s\u00e9nek (Brexit) felt\u00e9teleir\u0151l folytatott t\u00e1rgyal\u00e1sokon.<\/p>\n<p>Trump, aki h\u00e9tf\u0151n \u00e9rkezik h\u00e1romnapos \u00e1llami l\u00e1togat\u00e1sra, vagyis hivatalosan II. Erzs\u00e9bet kir\u00e1lyn\u0151 vend\u00e9gek\u00e9nt Nagy-Britanni\u00e1ba, indul\u00e1sa el\u0151tt nyilatkozott a konzervat\u00edv, er\u0151sen EU-szkeptikus ir\u00e1nyzat\u00fa brit t\u00f6meglapnak.<\/p>\n<p>Az \u00fajs\u00e1g szombati kiad\u00e1s\u00e1ban megjelent interj\u00faban az amerikai eln\u00f6k kijelenti: Boris Johnson \u2013 a Konzervat\u00edv P\u00e1rt kem\u00e9nyvonalas Brexit-t\u00e1bor\u00e1nak frontembere \u2013 \u201enagyon tehets\u00e9ges\u201d, \u00e9s \u201enagyszer\u0171 munk\u00e1t v\u00e9gezne\u201d Theresa May ut\u00f3djak\u00e9nt. \u201eV\u00e9lem\u00e9nyem szerint kit\u0171n\u0151 lenne\u201d a Konzervat\u00edv P\u00e1rt vezet\u0151i posztj\u00e1n \u2013 tette hozz\u00e1.<\/p>\n<div id=\"attachment_1380565\" style=\"width: 1410px\" class=\"wp-caption aligncenter\">\n<p class=\"wp-caption-text\">Donald Trump, az Egyes\u00fclt \u00c1llamok eln\u00f6ke<br \/>Fot\u00f3: AFP<\/p>\n<\/div>\n<p>Nevek eml\u00edt\u00e9se n\u00e9lk\u00fcl felfedte, hogy m\u00e1s ut\u00f3djel\u00f6ltek is k\u00e9rt\u00e9k a t\u00e1mogat\u00e1s\u00e1t.<\/p>\n<p>A The Sun is elismerte az interj\u00fahoz f\u0171z\u00f6tt komment\u00e1rj\u00e1ban, hogy Trump e kijelent\u00e9seivel komoly protokolls\u00e9rt\u00e9st k\u00f6vetett el.<\/p>\n<p>Theresa May m\u00falt p\u00e9nteken jelentette be, hogy j\u00fanius 7-\u00e9n t\u00e1vozik a Konzervat\u00edv P\u00e1rt \u00e9l\u00e9r\u0151l, miut\u00e1n a londoni als\u00f3h\u00e1z h\u00e1romszor is elutas\u00edtotta a Brexit felt\u00e9telrendszer\u00e9t r\u00f6gz\u00edt\u0151, az EU-val novemberben el\u00e9rt meg\u00e1llapod\u00e1s ratifik\u00e1ci\u00f3j\u00e1t. Ez minisztereln\u00f6ki megb\u00edzat\u00e1s\u00e1nak v\u00e9g\u00e9t is jelenti, de \u00fcgyvezet\u0151 min\u0151s\u00e9gben az ut\u00f3d j\u00falius v\u00e9g\u00e9re v\u00e1rhat\u00f3 megv\u00e1laszt\u00e1s\u00e1ig May ell\u00e1tja m\u00e9g a korm\u00e1nyf\u0151i feladatokat.<\/p>\n<p>Szombatig tizenketten jelezt\u00e9k, hogy indulnak a hivatalosan j\u00fanius 10-\u00e9n kezd\u0151d\u0151 ut\u00f3dv\u00e1laszt\u00e1si verseng\u00e9sben. A londoni fogad\u00f3irod\u00e1k Boris Johnsont tartj\u00e1k a leges\u00e9lyesebb jel\u00f6ltnek, \u00e9s az el\u0151zetes felm\u00e9r\u00e9sek is azt jelzik, hogy a Konzervat\u00edv P\u00e1rt tags\u00e1ga k\u00f6r\u00e9ben Johnson a legn\u00e9pszer\u0171bb jel\u00f6lt.<\/p>\n<p>Az ut\u00f3dv\u00e1laszt\u00e1si folyamat els\u0151 szakasz\u00e1ban az als\u00f3h\u00e1zi konzervat\u00edv frakci\u00f3 t\u00f6bbfordul\u00f3s szavaz\u00e1ssorozattal k\u00e9t lehets\u00e9ges jel\u00f6ltre sz\u0171k\u00edti az indul\u00f3k list\u00e1j\u00e1t, egy-egy jel\u00f6ltet kiejtve minden egyes fordul\u00f3ban.<\/p>\n<p>Ha az utols\u00f3 fordul\u00f3 ut\u00e1n versenyben maradt k\u00e9t jel\u00f6lt egyike sem l\u00e9p vissza, a Konzervat\u00edv P\u00e1rt 160 ezer regisztr\u00e1lt tagja v\u00e1laszthatja meg k\u00f6z\u00fcl\u00fck postai szavaz\u00e1ssal a p\u00e1rt \u00faj vezet\u0151j\u00e9t, aki egyben Nagy-Britannia k\u00f6vetkez\u0151 minisztereln\u00f6ke is lesz.<\/p>\n<p>Donald Trump a The Sunnak adott interj\u00faban er\u0151sen b\u00edr\u00e1lta Theresa May Brexit-t\u00e1rgyal\u00e1si strat\u00e9gi\u00e1j\u00e1t. Az amerikai eln\u00f6k szerint a t\u00e1voz\u00f3 brit korm\u00e1nyf\u0151 \u201eminden k\u00e1rty\u00e1t az EU-nak osztott le\u201d, \u00e9s ezzel olyan helyzetet teremtett, amelyben az Eur\u00f3pai Uni\u00f3nak \u201esemmif\u00e9le vesztenival\u00f3ja nem volt\u201d.<\/p>\n<blockquote>\n<p>\u00dagy nagyon neh\u00e9z j\u00e1tszani, hogy minden el\u0151ny az egyik f\u00e9ln\u00e9l van<\/p>\n<\/blockquote>\n<p>\u2013 fogalmazott Trump a szombaton megjelent interj\u00faban. Az amerikai eln\u00f6k nem el\u0151sz\u00f6r ad hangot annak a v\u00e9lem\u00e9ny\u00e9nek, hogy m\u00e1sk\u00e9pp kellett volna t\u00e1rgyalni az EU-val a Brexit felt\u00e9telrendszer\u00e9r\u0151l.<\/p>\n<p>Tavaly ny\u00e1ron, amikor k\u00e9tnapos l\u00e1togat\u00e1st tett Nagy-Britanni\u00e1ban, \u00e9rkez\u00e9se el\u0151tt szint\u00e9n a The Sunnak nyilatkozva kijelentette: \u0151 nagyon sok mindent m\u00e1shogy csin\u00e1lt volna a Brexit-t\u00e1rgyal\u00e1sokon, \u00e9s k\u00e9sz lett volna arra is, hogy fel\u00e1lljon a t\u00e1rgyal\u00f3asztalt\u00f3l. Akkori v\u00e9lem\u00e9nye szerint ugyanis t\u00fal hossz\u00fara ny\u00faltak a brit EU-tags\u00e1g megsz\u0171n\u00e9s\u00e9r\u0151l foly\u00f3 t\u00e1rgyal\u00e1sok, \u00e9s ez \u201enagyon szerencs\u00e9tlen\u201d dolog volt, mivel az olyan meg\u00e1llapod\u00e1sok, amelyekhez t\u00fal hossz\u00fa id\u0151 kell, \u201esoha nem j\u00f3k\u201d. Hozz\u00e1tette:<\/p>\n<p>megmondta Theresa Maynek, \u201ehogyan kellene ezt csin\u00e1lni\u201d, de a brit korm\u00e1nyf\u0151 nem \u00e9rtett vele egyet, nem hallgatott r\u00e1, m\u00e1s utat v\u00e1lasztott.<\/p>\n<p>Theresa May az amerikai eln\u00f6k tavalyi l\u00e1togat\u00e1sa ut\u00e1n nem sokkal, a BBC telev\u00edzi\u00f3nak nyilatkozva felfedte: Trump azt aj\u00e1nlotta neki, hogy ne t\u00e1rgyaljon tov\u00e1bb az EU-val, hanem perelje be az uni\u00f3t. May ugyanakkor nem t\u00e9rt ki arra, hogy Trump szerint Londonnak milyen c\u00edmen kellett volna beperelnie az EU-t.<\/p>\n<\/p><\/div>\n<p><script>\n    window.fbAsyncInit = function() {\n        FB.init({\n            appId      : \"204760236815359\",\n            xfbml      : true,\n            version    : \"v2.12\"\n        });\n        FB.AppEvents.logPageView();\n    };<\/p>\n<p>    (function(d, s, id){\n        var js, fjs = d.getElementsByTagName(s)[0];\n        if (d.getElementById(id)) {return;}\n        js = d.createElement(s); js.id = id;\n        js.src = \"http:\/\/connect.facebook.net\/hu_HU\/sdk.js\";\n        fjs.parentNode.insertBefore(js, fjs);\n    }(document, \"script\", \"facebook-jssdk\"));\n<\/script><br \/>\n<br \/>[ad_2]<br \/>\n<br \/><a href=\"https:\/\/www.vg.hu\/kozelet\/politika\/donald-trump-megint-fittyet-hanyt-a-diplomaciara-1546088\/\">Source link <\/a><\/p>\n","protected":false},"excerpt":{"rendered":"<p>[ad_1] Az amerikai eln\u00f6k Boris Johnsont l\u00e1tn\u00e1 sz\u00edvesen a korm\u00e1nyz\u00f3 brit Konzervat\u00edv P\u00e1rt \u00e9l\u00e9n \u2013 err\u0151l egy interj\u00faban besz\u00e9lt Donald Trump, amivel viszont s\u00falyos protokolls\u00e9rt\u00e9st k\u00f6vetett el. Boris Johnson volt brit k\u00fcl\u00fcgyminiszter kit\u0171n\u0151 vezet\u0151je lenne a korm\u00e1nyz\u00f3 brit Konzervat\u00edv P\u00e1rtnak \u2013 jelentette ki Donald Trump amerikai eln\u00f6k a The Sun c\u00edm\u0171 brit lapnak nyilatkozva. Egy\u00fattal [&hellip;]<\/p>\n","protected":false},"author":2,"featured_media":1526,"comment_status":"open","ping_status":"open","sticky":false,"template":"","format":"standard","meta":{"footnotes":""},"categories":[1],"tags":[],"class_list":["post-3181","post","type-post","status-publish","format-standard","has-post-thumbnail","hentry","category-penzugyi-hirek"],"yoast_head":"<!-- This site is optimized with the Yoast SEO plugin v27.4 - https:\/\/yoast.com\/product\/yoast-seo-wordpress\/ -->\n<title>Donald Trump megint fittyet h\u00e1nyt a diplom\u00e1ci\u00e1ra - Super News<\/title>\n<meta name=\"robots\" content=\"index, follow, max-snippet:-1, max-image-preview:large, max-video-preview:-1\" \/>\n<link rel=\"canonical\" href=\"https:\/\/super-news.info\/hu\/donald-trump-megint-fittyet-hanyt-a-diplomaciara\/\" \/>\n<meta property=\"og:locale\" content=\"hu_HU\" \/>\n<meta property=\"og:type\" content=\"article\" \/>\n<meta property=\"og:title\" content=\"Donald Trump megint fittyet h\u00e1nyt a diplom\u00e1ci\u00e1ra - Super News\" \/>\n<meta property=\"og:description\" content=\"[ad_1] Az amerikai eln\u00f6k Boris Johnsont l\u00e1tn\u00e1 sz\u00edvesen a korm\u00e1nyz\u00f3 brit Konzervat\u00edv P\u00e1rt \u00e9l\u00e9n \u2013 err\u0151l egy interj\u00faban besz\u00e9lt Donald Trump, amivel viszont s\u00falyos protokolls\u00e9rt\u00e9st k\u00f6vetett el. Boris Johnson volt brit k\u00fcl\u00fcgyminiszter kit\u0171n\u0151 vezet\u0151je lenne a korm\u00e1nyz\u00f3 brit Konzervat\u00edv P\u00e1rtnak \u2013 jelentette ki Donald Trump amerikai eln\u00f6k a The Sun c\u00edm\u0171 brit lapnak nyilatkozva. Egy\u00fattal [&hellip;]\" \/>\n<meta property=\"og:url\" content=\"https:\/\/super-news.info\/hu\/donald-trump-megint-fittyet-hanyt-a-diplomaciara\/\" \/>\n<meta property=\"og:site_name\" content=\"Super News\" \/>\n<meta property=\"article:published_time\" content=\"2019-06-01T08:53:56+00:00\" \/>\n<meta property=\"article:modified_time\" content=\"2019-06-01T08:53:57+00:00\" \/>\n<meta property=\"og:image\" content=\"https:\/\/super-news.info\/hu\/wp-content\/uploads\/sites\/3\/2019\/05\/T\u00f6rv\u00e9nyesen-figyelhett\u00e9k-meg-Trumpot-Vil\u00e1ggazdas\u00e1g.jpg\" \/>\n\t<meta property=\"og:image:width\" content=\"1400\" \/>\n\t<meta property=\"og:image:height\" content=\"933\" \/>\n\t<meta property=\"og:image:type\" content=\"image\/jpeg\" \/>\n<meta name=\"author\" content=\"super-news\" \/>\n<meta name=\"twitter:card\" content=\"summary_large_image\" \/>\n<meta name=\"twitter:label1\" content=\"Szerz\u0151:\" \/>\n\t<meta name=\"twitter:data1\" content=\"super-news\" \/>\n\t<meta name=\"twitter:label2\" content=\"Becs\u00fclt olvas\u00e1si id\u0151\" \/>\n\t<meta name=\"twitter:data2\" content=\"4 perc\" \/>\n<script type=\"application\/ld+json\" class=\"yoast-schema-graph\">{\"@context\":\"https:\\\/\\\/schema.org\",\"@graph\":[{\"@type\":\"Article\",\"@id\":\"https:\\\/\\\/super-news.info\\\/hu\\\/donald-trump-megint-fittyet-hanyt-a-diplomaciara\\\/#article\",\"isPartOf\":{\"@id\":\"https:\\\/\\\/super-news.info\\\/hu\\\/donald-trump-megint-fittyet-hanyt-a-diplomaciara\\\/\"},\"author\":{\"name\":\"super-news\",\"@id\":\"https:\\\/\\\/super-news.info\\\/hu\\\/#\\\/schema\\\/person\\\/2d4068cb2f39cd10008c2fce578a7356\"},\"headline\":\"Donald Trump megint fittyet h\u00e1nyt a diplom\u00e1ci\u00e1ra\",\"datePublished\":\"2019-06-01T08:53:56+00:00\",\"dateModified\":\"2019-06-01T08:53:57+00:00\",\"mainEntityOfPage\":{\"@id\":\"https:\\\/\\\/super-news.info\\\/hu\\\/donald-trump-megint-fittyet-hanyt-a-diplomaciara\\\/\"},\"wordCount\":842,\"commentCount\":0,\"image\":{\"@id\":\"https:\\\/\\\/super-news.info\\\/hu\\\/donald-trump-megint-fittyet-hanyt-a-diplomaciara\\\/#primaryimage\"},\"thumbnailUrl\":\"https:\\\/\\\/super-news.info\\\/hu\\\/wp-content\\\/uploads\\\/sites\\\/3\\\/2019\\\/05\\\/T\u00f6rv\u00e9nyesen-figyelhett\u00e9k-meg-Trumpot-Vil\u00e1ggazdas\u00e1g.jpg\",\"articleSection\":[\"P\u00c9NZ\u00dcGYI H\u00cdREK\"],\"inLanguage\":\"hu\",\"potentialAction\":[{\"@type\":\"CommentAction\",\"name\":\"Comment\",\"target\":[\"https:\\\/\\\/super-news.info\\\/hu\\\/donald-trump-megint-fittyet-hanyt-a-diplomaciara\\\/#respond\"]}]},{\"@type\":\"WebPage\",\"@id\":\"https:\\\/\\\/super-news.info\\\/hu\\\/donald-trump-megint-fittyet-hanyt-a-diplomaciara\\\/\",\"url\":\"https:\\\/\\\/super-news.info\\\/hu\\\/donald-trump-megint-fittyet-hanyt-a-diplomaciara\\\/\",\"name\":\"Donald Trump megint fittyet h\u00e1nyt a diplom\u00e1ci\u00e1ra - Super News\",\"isPartOf\":{\"@id\":\"https:\\\/\\\/super-news.info\\\/hu\\\/#website\"},\"primaryImageOfPage\":{\"@id\":\"https:\\\/\\\/super-news.info\\\/hu\\\/donald-trump-megint-fittyet-hanyt-a-diplomaciara\\\/#primaryimage\"},\"image\":{\"@id\":\"https:\\\/\\\/super-news.info\\\/hu\\\/donald-trump-megint-fittyet-hanyt-a-diplomaciara\\\/#primaryimage\"},\"thumbnailUrl\":\"https:\\\/\\\/super-news.info\\\/hu\\\/wp-content\\\/uploads\\\/sites\\\/3\\\/2019\\\/05\\\/T\u00f6rv\u00e9nyesen-figyelhett\u00e9k-meg-Trumpot-Vil\u00e1ggazdas\u00e1g.jpg\",\"datePublished\":\"2019-06-01T08:53:56+00:00\",\"dateModified\":\"2019-06-01T08:53:57+00:00\",\"author\":{\"@id\":\"https:\\\/\\\/super-news.info\\\/hu\\\/#\\\/schema\\\/person\\\/2d4068cb2f39cd10008c2fce578a7356\"},\"breadcrumb\":{\"@id\":\"https:\\\/\\\/super-news.info\\\/hu\\\/donald-trump-megint-fittyet-hanyt-a-diplomaciara\\\/#breadcrumb\"},\"inLanguage\":\"hu\",\"potentialAction\":[{\"@type\":\"ReadAction\",\"target\":[\"https:\\\/\\\/super-news.info\\\/hu\\\/donald-trump-megint-fittyet-hanyt-a-diplomaciara\\\/\"]}]},{\"@type\":\"ImageObject\",\"inLanguage\":\"hu\",\"@id\":\"https:\\\/\\\/super-news.info\\\/hu\\\/donald-trump-megint-fittyet-hanyt-a-diplomaciara\\\/#primaryimage\",\"url\":\"https:\\\/\\\/super-news.info\\\/hu\\\/wp-content\\\/uploads\\\/sites\\\/3\\\/2019\\\/05\\\/T\u00f6rv\u00e9nyesen-figyelhett\u00e9k-meg-Trumpot-Vil\u00e1ggazdas\u00e1g.jpg\",\"contentUrl\":\"https:\\\/\\\/super-news.info\\\/hu\\\/wp-content\\\/uploads\\\/sites\\\/3\\\/2019\\\/05\\\/T\u00f6rv\u00e9nyesen-figyelhett\u00e9k-meg-Trumpot-Vil\u00e1ggazdas\u00e1g.jpg\",\"width\":1400,\"height\":933,\"caption\":\"T\u00f6rv\u00e9nyesen figyelhett\u00e9k meg Trumpot | Vil\u00e1ggazdas\u00e1g\"},{\"@type\":\"BreadcrumbList\",\"@id\":\"https:\\\/\\\/super-news.info\\\/hu\\\/donald-trump-megint-fittyet-hanyt-a-diplomaciara\\\/#breadcrumb\",\"itemListElement\":[{\"@type\":\"ListItem\",\"position\":1,\"name\":\"\u0413\u043b\u0430\u0432\u043d\u0430\u044f \u0441\u0442\u0440\u0430\u043d\u0438\u0446\u0430\",\"item\":\"https:\\\/\\\/super-news.info\\\/hu\\\/\"},{\"@type\":\"ListItem\",\"position\":2,\"name\":\"Donald Trump megint fittyet h\u00e1nyt a diplom\u00e1ci\u00e1ra\"}]},{\"@type\":\"WebSite\",\"@id\":\"https:\\\/\\\/super-news.info\\\/hu\\\/#website\",\"url\":\"https:\\\/\\\/super-news.info\\\/hu\\\/\",\"name\":\"Super News\",\"description\":\"Super News Magyarorsz\u00e1g\",\"potentialAction\":[{\"@type\":\"SearchAction\",\"target\":{\"@type\":\"EntryPoint\",\"urlTemplate\":\"https:\\\/\\\/super-news.info\\\/hu\\\/?s={search_term_string}\"},\"query-input\":{\"@type\":\"PropertyValueSpecification\",\"valueRequired\":true,\"valueName\":\"search_term_string\"}}],\"inLanguage\":\"hu\"},{\"@type\":\"Person\",\"@id\":\"https:\\\/\\\/super-news.info\\\/hu\\\/#\\\/schema\\\/person\\\/2d4068cb2f39cd10008c2fce578a7356\",\"name\":\"super-news\",\"image\":{\"@type\":\"ImageObject\",\"inLanguage\":\"hu\",\"@id\":\"https:\\\/\\\/secure.gravatar.com\\\/avatar\\\/64ebac40b93f26a154f8a9b5b6fdccfc46f442b26b3dd6756dbff3bf9dc76fd7?s=96&d=mm&r=g\",\"url\":\"https:\\\/\\\/secure.gravatar.com\\\/avatar\\\/64ebac40b93f26a154f8a9b5b6fdccfc46f442b26b3dd6756dbff3bf9dc76fd7?s=96&d=mm&r=g\",\"contentUrl\":\"https:\\\/\\\/secure.gravatar.com\\\/avatar\\\/64ebac40b93f26a154f8a9b5b6fdccfc46f442b26b3dd6756dbff3bf9dc76fd7?s=96&d=mm&r=g\",\"caption\":\"super-news\"},\"url\":\"https:\\\/\\\/super-news.info\\\/hu\\\/author\\\/pt\\\/\"}]}<\/script>\n<!-- \/ Yoast SEO plugin. -->","yoast_head_json":{"title":"Donald Trump megint fittyet h\u00e1nyt a diplom\u00e1ci\u00e1ra - Super News","robots":{"index":"index","follow":"follow","max-snippet":"max-snippet:-1","max-image-preview":"max-image-preview:large","max-video-preview":"max-video-preview:-1"},"canonical":"https:\/\/super-news.info\/hu\/donald-trump-megint-fittyet-hanyt-a-diplomaciara\/","og_locale":"hu_HU","og_type":"article","og_title":"Donald Trump megint fittyet h\u00e1nyt a diplom\u00e1ci\u00e1ra - Super News","og_description":"[ad_1] Az amerikai eln\u00f6k Boris Johnsont l\u00e1tn\u00e1 sz\u00edvesen a korm\u00e1nyz\u00f3 brit Konzervat\u00edv P\u00e1rt \u00e9l\u00e9n \u2013 err\u0151l egy interj\u00faban besz\u00e9lt Donald Trump, amivel viszont s\u00falyos protokolls\u00e9rt\u00e9st k\u00f6vetett el. Boris Johnson volt brit k\u00fcl\u00fcgyminiszter kit\u0171n\u0151 vezet\u0151je lenne a korm\u00e1nyz\u00f3 brit Konzervat\u00edv P\u00e1rtnak \u2013 jelentette ki Donald Trump amerikai eln\u00f6k a The Sun c\u00edm\u0171 brit lapnak nyilatkozva. Egy\u00fattal [&hellip;]","og_url":"https:\/\/super-news.info\/hu\/donald-trump-megint-fittyet-hanyt-a-diplomaciara\/","og_site_name":"Super News","article_published_time":"2019-06-01T08:53:56+00:00","article_modified_time":"2019-06-01T08:53:57+00:00","og_image":[{"width":1400,"height":933,"url":"https:\/\/super-news.info\/hu\/wp-content\/uploads\/sites\/3\/2019\/05\/T\u00f6rv\u00e9nyesen-figyelhett\u00e9k-meg-Trumpot-Vil\u00e1ggazdas\u00e1g.jpg","type":"image\/jpeg"}],"author":"super-news","twitter_card":"summary_large_image","twitter_misc":{"Szerz\u0151:":"super-news","Becs\u00fclt olvas\u00e1si id\u0151":"4 perc"},"schema":{"@context":"https:\/\/schema.org","@graph":[{"@type":"Article","@id":"https:\/\/super-news.info\/hu\/donald-trump-megint-fittyet-hanyt-a-diplomaciara\/#article","isPartOf":{"@id":"https:\/\/super-news.info\/hu\/donald-trump-megint-fittyet-hanyt-a-diplomaciara\/"},"author":{"name":"super-news","@id":"https:\/\/super-news.info\/hu\/#\/schema\/person\/2d4068cb2f39cd10008c2fce578a7356"},"headline":"Donald Trump megint fittyet h\u00e1nyt a diplom\u00e1ci\u00e1ra","datePublished":"2019-06-01T08:53:56+00:00","dateModified":"2019-06-01T08:53:57+00:00","mainEntityOfPage":{"@id":"https:\/\/super-news.info\/hu\/donald-trump-megint-fittyet-hanyt-a-diplomaciara\/"},"wordCount":842,"commentCount":0,"image":{"@id":"https:\/\/super-news.info\/hu\/donald-trump-megint-fittyet-hanyt-a-diplomaciara\/#primaryimage"},"thumbnailUrl":"https:\/\/super-news.info\/hu\/wp-content\/uploads\/sites\/3\/2019\/05\/T\u00f6rv\u00e9nyesen-figyelhett\u00e9k-meg-Trumpot-Vil\u00e1ggazdas\u00e1g.jpg","articleSection":["P\u00c9NZ\u00dcGYI H\u00cdREK"],"inLanguage":"hu","potentialAction":[{"@type":"CommentAction","name":"Comment","target":["https:\/\/super-news.info\/hu\/donald-trump-megint-fittyet-hanyt-a-diplomaciara\/#respond"]}]},{"@type":"WebPage","@id":"https:\/\/super-news.info\/hu\/donald-trump-megint-fittyet-hanyt-a-diplomaciara\/","url":"https:\/\/super-news.info\/hu\/donald-trump-megint-fittyet-hanyt-a-diplomaciara\/","name":"Donald Trump megint fittyet h\u00e1nyt a diplom\u00e1ci\u00e1ra - Super News","isPartOf":{"@id":"https:\/\/super-news.info\/hu\/#website"},"primaryImageOfPage":{"@id":"https:\/\/super-news.info\/hu\/donald-trump-megint-fittyet-hanyt-a-diplomaciara\/#primaryimage"},"image":{"@id":"https:\/\/super-news.info\/hu\/donald-trump-megint-fittyet-hanyt-a-diplomaciara\/#primaryimage"},"thumbnailUrl":"https:\/\/super-news.info\/hu\/wp-content\/uploads\/sites\/3\/2019\/05\/T\u00f6rv\u00e9nyesen-figyelhett\u00e9k-meg-Trumpot-Vil\u00e1ggazdas\u00e1g.jpg","datePublished":"2019-06-01T08:53:56+00:00","dateModified":"2019-06-01T08:53:57+00:00","author":{"@id":"https:\/\/super-news.info\/hu\/#\/schema\/person\/2d4068cb2f39cd10008c2fce578a7356"},"breadcrumb":{"@id":"https:\/\/super-news.info\/hu\/donald-trump-megint-fittyet-hanyt-a-diplomaciara\/#breadcrumb"},"inLanguage":"hu","potentialAction":[{"@type":"ReadAction","target":["https:\/\/super-news.info\/hu\/donald-trump-megint-fittyet-hanyt-a-diplomaciara\/"]}]},{"@type":"ImageObject","inLanguage":"hu","@id":"https:\/\/super-news.info\/hu\/donald-trump-megint-fittyet-hanyt-a-diplomaciara\/#primaryimage","url":"https:\/\/super-news.info\/hu\/wp-content\/uploads\/sites\/3\/2019\/05\/T\u00f6rv\u00e9nyesen-figyelhett\u00e9k-meg-Trumpot-Vil\u00e1ggazdas\u00e1g.jpg","contentUrl":"https:\/\/super-news.info\/hu\/wp-content\/uploads\/sites\/3\/2019\/05\/T\u00f6rv\u00e9nyesen-figyelhett\u00e9k-meg-Trumpot-Vil\u00e1ggazdas\u00e1g.jpg","width":1400,"height":933,"caption":"T\u00f6rv\u00e9nyesen figyelhett\u00e9k meg Trumpot | Vil\u00e1ggazdas\u00e1g"},{"@type":"BreadcrumbList","@id":"https:\/\/super-news.info\/hu\/donald-trump-megint-fittyet-hanyt-a-diplomaciara\/#breadcrumb","itemListElement":[{"@type":"ListItem","position":1,"name":"\u0413\u043b\u0430\u0432\u043d\u0430\u044f \u0441\u0442\u0440\u0430\u043d\u0438\u0446\u0430","item":"https:\/\/super-news.info\/hu\/"},{"@type":"ListItem","position":2,"name":"Donald Trump megint fittyet h\u00e1nyt a diplom\u00e1ci\u00e1ra"}]},{"@type":"WebSite","@id":"https:\/\/super-news.info\/hu\/#website","url":"https:\/\/super-news.info\/hu\/","name":"Super News","description":"Super News Magyarorsz\u00e1g","potentialAction":[{"@type":"SearchAction","target":{"@type":"EntryPoint","urlTemplate":"https:\/\/super-news.info\/hu\/?s={search_term_string}"},"query-input":{"@type":"PropertyValueSpecification","valueRequired":true,"valueName":"search_term_string"}}],"inLanguage":"hu"},{"@type":"Person","@id":"https:\/\/super-news.info\/hu\/#\/schema\/person\/2d4068cb2f39cd10008c2fce578a7356","name":"super-news","image":{"@type":"ImageObject","inLanguage":"hu","@id":"https:\/\/secure.gravatar.com\/avatar\/64ebac40b93f26a154f8a9b5b6fdccfc46f442b26b3dd6756dbff3bf9dc76fd7?s=96&d=mm&r=g","url":"https:\/\/secure.gravatar.com\/avatar\/64ebac40b93f26a154f8a9b5b6fdccfc46f442b26b3dd6756dbff3bf9dc76fd7?s=96&d=mm&r=g","contentUrl":"https:\/\/secure.gravatar.com\/avatar\/64ebac40b93f26a154f8a9b5b6fdccfc46f442b26b3dd6756dbff3bf9dc76fd7?s=96&d=mm&r=g","caption":"super-news"},"url":"https:\/\/super-news.info\/hu\/author\/pt\/"}]}},"_links":{"self":[{"href":"https:\/\/super-news.info\/hu\/wp-json\/wp\/v2\/posts\/3181","targetHints":{"allow":["GET"]}}],"collection":[{"href":"https:\/\/super-news.info\/hu\/wp-json\/wp\/v2\/posts"}],"about":[{"href":"https:\/\/super-news.info\/hu\/wp-json\/wp\/v2\/types\/post"}],"author":[{"embeddable":true,"href":"https:\/\/super-news.info\/hu\/wp-json\/wp\/v2\/users\/2"}],"replies":[{"embeddable":true,"href":"https:\/\/super-news.info\/hu\/wp-json\/wp\/v2\/comments?post=3181"}],"version-history":[{"count":1,"href":"https:\/\/super-news.info\/hu\/wp-json\/wp\/v2\/posts\/3181\/revisions"}],"predecessor-version":[{"id":3182,"href":"https:\/\/super-news.info\/hu\/wp-json\/wp\/v2\/posts\/3181\/revisions\/3182"}],"wp:featuredmedia":[{"embeddable":true,"href":"https:\/\/super-news.info\/hu\/wp-json\/wp\/v2\/media\/1526"}],"wp:attachment":[{"href":"https:\/\/super-news.info\/hu\/wp-json\/wp\/v2\/media?parent=3181"}],"wp:term":[{"taxonomy":"category","embeddable":true,"href":"https:\/\/super-news.info\/hu\/wp-json\/wp\/v2\/categories?post=3181"},{"taxonomy":"post_tag","embeddable":true,"href":"https:\/\/super-news.info\/hu\/wp-json\/wp\/v2\/tags?post=3181"}],"curies":[{"name":"wp","href":"https:\/\/api.w.org\/{rel}","templated":true}]}}