{"id":3175,"date":"2019-06-01T10:29:03","date_gmt":"2019-06-01T07:29:03","guid":{"rendered":"https:\/\/super-news.info\/hu\/tovabb-bovulne-a-skoda-vilaggazdasag\/"},"modified":"2019-06-01T10:29:05","modified_gmt":"2019-06-01T07:29:05","slug":"tovabb-bovulne-a-skoda-vilaggazdasag","status":"publish","type":"post","link":"https:\/\/super-news.info\/hu\/tovabb-bovulne-a-skoda-vilaggazdasag\/","title":{"rendered":"Tov\u00e1bb b\u0151v\u00fclne a Skoda | Vil\u00e1ggazdas\u00e1g"},"content":{"rendered":"<p> [ad_1]<br \/>\n<\/p>\n<p>\n\t\t\t\t\t\t\t\tStabil 9 sz\u00e1zal\u00e9kos r\u00e9szesed\u00e9s\u00e9nek megtart\u00e1s\u00e1ban, az \u00f6sszpiacival azonos b\u0151v\u00fcl\u00e9sben b\u00edzik az id\u00e9n a Skoda a magyarorsz\u00e1gi \u00fajaut\u00f3-piacon \u2013 mondta N\u00e9meth J\u00e1nos m\u00e1rkaigazgat\u00f3, a mag\u00e1nvev\u0151i ig\u00e9nyeket jobban megc\u00e9lz\u00f3 modell\u00fajdons\u00e1gokra alapozva.\t\t\t\t\t\t\t<\/p>\n<div>\n<p>A Volkswagen konszernhez tartoz\u00f3 m\u00e1rka, a Skoda, tavaly t\u00f6bb mint 13 800 aut\u00f3t \u00e9rt\u00e9kes\u00edtett Magyarorsz\u00e1gon, ebb\u0151l 11 842 belf\u00f6ld\u00f6n forgalomba helyezett aut\u00f3 volt. A Datahouse adatai szerint az id\u00e9n az els\u0151 n\u00e9gy h\u00f3napban 3966 \u00faj Skod\u00e1t helyeztek forgalomba a magyar \u00fajaut\u00f3-piacon.<\/p>\n<p>N\u00e9meth J\u00e1nos elmond\u00e1sa szerint a tavaly eladott kocsik 85 sz\u00e1zal\u00e9ka, 9877 j\u00e1rm\u0171 c\u00e9ges vev\u0151kh\u00f6z ker\u00fclt. A Skoda az ut\u00f3bbi \u00e9vekben az egyik legvonz\u00f3bb m\u00e1rka a flottav\u00e1s\u00e1rl\u00f3k sz\u00e1m\u00e1ra, n\u00e9pszer\u0171 a kisv\u00e1llakoz\u00f3k k\u00f6r\u00e9ben is \u2013 tette hozz\u00e1.<\/p>\n<div id=\"attachment_1048095\" style=\"width: 1410px\" class=\"wp-caption aligncenter\">\n<p class=\"wp-caption-text\">Fot\u00f3: AFP\/Belga Photo\/Nicolas Maeterlinck<\/p>\n<\/div>\n<p>A Skoda az id\u00e9n t\u00f6bb olyan modellel jelenik meg, amelyekkel a m\u00e1rkaigazgat\u00f3 szerint a mag\u00e1nvev\u0151ket is jobban meg tudja sz\u00f3l\u00edtani. J\u00f3 poz\u00edci\u00f3hoz juthat Scala az als\u00f3k\u00f6z\u00e9p-kateg\u00f3ri\u00e1ban \u2013 Magyarorsz\u00e1gon er\u0151s ez a szegmens, tavaly mintegy 32 000 vev\u0151 v\u00e1lasztott ilyen j\u00e1rm\u0171vet. \u00d3ri\u00e1si az \u00e9rdekl\u0151d\u00e9s m\u00e1r most a nagycsal\u00e1dosok kedvezm\u00e9ny\u00e9nek leh\u00edv\u00e1s\u00e1ra alkalmas h\u00e9t\u00fcl\u00e9ses Kodiaq ir\u00e1nt, ebb\u0151l legal\u00e1bb 300 darab elad\u00e1s\u00e1ra sz\u00e1m\u00edt N\u00e9meth J\u00e1nos.<\/p>\n<p>A felt\u00f6rekv\u0151 v\u00e1rosi terepj\u00e1r\u00f3 kateg\u00f3ri\u00e1ban jav\u00edthatja a Skoda poz\u00edci\u00f3it a Kamiq, az \u00faj kis SUV okt\u00f3berben \u00e9rkezik a magyar piacra.<\/p>\n<p>A m\u00e1rkaigazgat\u00f3 t\u00e1j\u00e9koztatott arr\u00f3l, hogy az elektromos mobilit\u00e1s ter\u00fclet\u00e9re is bel\u00e9p a m\u00e1rka, r\u00f6videsen meg\u00e9rkezik az els\u0151 tiszt\u00e1n elektrmos hajt\u00e1srendszer\u0171 Citigoe iV \u00e9s a hibrid Superb iV. A sor tov\u00e1bbi plugin hibridekkel folytat\u00f3dik, 2020-ban az Octavia hibrid v\u00e1ltozata \u00e9rkezik meg.<\/p>\n<p>A Skoda Auto a Volkswagen konszern tagja, 2018-ban 1,25 milli\u00f3 j\u00e1rm\u0171vet sz\u00e1ll\u00edtott le v\u00e1s\u00e1rl\u00f3inak 100-n\u00e1l t\u00f6bb piac\u00e1n.<\/p>\n<\/p><\/div>\n<p><script>\n    window.fbAsyncInit = function() {\n        FB.init({\n            appId      : \"204760236815359\",\n            xfbml      : true,\n            version    : \"v2.12\"\n        });\n        FB.AppEvents.logPageView();\n    };<\/p>\n<p>    (function(d, s, id){\n        var js, fjs = d.getElementsByTagName(s)[0];\n        if (d.getElementById(id)) {return;}\n        js = d.createElement(s); js.id = id;\n        js.src = \"http:\/\/connect.facebook.net\/hu_HU\/sdk.js\";\n        fjs.parentNode.insertBefore(js, fjs);\n    }(document, \"script\", \"facebook-jssdk\"));\n<\/script><br \/>\n<br \/>[ad_2]<br \/>\n<br \/><a href=\"https:\/\/www.vg.hu\/penzugy\/penzugyi-hirek\/tovabb-bovulne-a-skoda-1546058\/\">Source link <\/a><\/p>\n","protected":false},"excerpt":{"rendered":"<p>[ad_1] Stabil 9 sz\u00e1zal\u00e9kos r\u00e9szesed\u00e9s\u00e9nek megtart\u00e1s\u00e1ban, az \u00f6sszpiacival azonos b\u0151v\u00fcl\u00e9sben b\u00edzik az id\u00e9n a Skoda a magyarorsz\u00e1gi \u00fajaut\u00f3-piacon \u2013 mondta N\u00e9meth J\u00e1nos m\u00e1rkaigazgat\u00f3, a mag\u00e1nvev\u0151i ig\u00e9nyeket jobban megc\u00e9lz\u00f3 modell\u00fajdons\u00e1gokra alapozva. A Volkswagen konszernhez tartoz\u00f3 m\u00e1rka, a Skoda, tavaly t\u00f6bb mint 13 800 aut\u00f3t \u00e9rt\u00e9kes\u00edtett Magyarorsz\u00e1gon, ebb\u0151l 11 842 belf\u00f6ld\u00f6n forgalomba helyezett aut\u00f3 volt. A Datahouse [&hellip;]<\/p>\n","protected":false},"author":2,"featured_media":3176,"comment_status":"open","ping_status":"open","sticky":false,"template":"","format":"standard","meta":{"footnotes":""},"categories":[1],"tags":[],"class_list":["post-3175","post","type-post","status-publish","format-standard","has-post-thumbnail","hentry","category-penzugyi-hirek"],"yoast_head":"<!-- This site is optimized with the Yoast SEO plugin v27.4 - https:\/\/yoast.com\/product\/yoast-seo-wordpress\/ -->\n<title>Tov\u00e1bb b\u0151v\u00fclne a Skoda | Vil\u00e1ggazdas\u00e1g - Super News<\/title>\n<meta name=\"robots\" content=\"index, follow, max-snippet:-1, max-image-preview:large, max-video-preview:-1\" \/>\n<link rel=\"canonical\" href=\"https:\/\/super-news.info\/hu\/tovabb-bovulne-a-skoda-vilaggazdasag\/\" \/>\n<meta property=\"og:locale\" content=\"hu_HU\" \/>\n<meta property=\"og:type\" content=\"article\" \/>\n<meta property=\"og:title\" content=\"Tov\u00e1bb b\u0151v\u00fclne a Skoda | Vil\u00e1ggazdas\u00e1g - Super News\" \/>\n<meta property=\"og:description\" content=\"[ad_1] Stabil 9 sz\u00e1zal\u00e9kos r\u00e9szesed\u00e9s\u00e9nek megtart\u00e1s\u00e1ban, az \u00f6sszpiacival azonos b\u0151v\u00fcl\u00e9sben b\u00edzik az id\u00e9n a Skoda a magyarorsz\u00e1gi \u00fajaut\u00f3-piacon \u2013 mondta N\u00e9meth J\u00e1nos m\u00e1rkaigazgat\u00f3, a mag\u00e1nvev\u0151i ig\u00e9nyeket jobban megc\u00e9lz\u00f3 modell\u00fajdons\u00e1gokra alapozva. A Volkswagen konszernhez tartoz\u00f3 m\u00e1rka, a Skoda, tavaly t\u00f6bb mint 13 800 aut\u00f3t \u00e9rt\u00e9kes\u00edtett Magyarorsz\u00e1gon, ebb\u0151l 11 842 belf\u00f6ld\u00f6n forgalomba helyezett aut\u00f3 volt. A Datahouse [&hellip;]\" \/>\n<meta property=\"og:url\" content=\"https:\/\/super-news.info\/hu\/tovabb-bovulne-a-skoda-vilaggazdasag\/\" \/>\n<meta property=\"og:site_name\" content=\"Super News\" \/>\n<meta property=\"article:published_time\" content=\"2019-06-01T07:29:03+00:00\" \/>\n<meta property=\"article:modified_time\" content=\"2019-06-01T07:29:05+00:00\" \/>\n<meta property=\"og:image\" content=\"https:\/\/super-news.info\/hu\/wp-content\/uploads\/sites\/3\/2019\/06\/Tov\u00e1bb-b\u0151v\u00fclne-a-Skoda-Vil\u00e1ggazdas\u00e1g.jpg\" \/>\n\t<meta property=\"og:image:width\" content=\"1400\" \/>\n\t<meta property=\"og:image:height\" content=\"933\" \/>\n\t<meta property=\"og:image:type\" content=\"image\/jpeg\" \/>\n<meta name=\"author\" content=\"super-news\" \/>\n<meta name=\"twitter:card\" content=\"summary_large_image\" \/>\n<meta name=\"twitter:label1\" content=\"Szerz\u0151:\" \/>\n\t<meta name=\"twitter:data1\" content=\"super-news\" \/>\n\t<meta name=\"twitter:label2\" content=\"Becs\u00fclt olvas\u00e1si id\u0151\" \/>\n\t<meta name=\"twitter:data2\" content=\"2 perc\" \/>\n<script type=\"application\/ld+json\" class=\"yoast-schema-graph\">{\"@context\":\"https:\\\/\\\/schema.org\",\"@graph\":[{\"@type\":\"Article\",\"@id\":\"https:\\\/\\\/super-news.info\\\/hu\\\/tovabb-bovulne-a-skoda-vilaggazdasag\\\/#article\",\"isPartOf\":{\"@id\":\"https:\\\/\\\/super-news.info\\\/hu\\\/tovabb-bovulne-a-skoda-vilaggazdasag\\\/\"},\"author\":{\"name\":\"super-news\",\"@id\":\"https:\\\/\\\/super-news.info\\\/hu\\\/#\\\/schema\\\/person\\\/2d4068cb2f39cd10008c2fce578a7356\"},\"headline\":\"Tov\u00e1bb b\u0151v\u00fclne a Skoda | Vil\u00e1ggazdas\u00e1g\",\"datePublished\":\"2019-06-01T07:29:03+00:00\",\"dateModified\":\"2019-06-01T07:29:05+00:00\",\"mainEntityOfPage\":{\"@id\":\"https:\\\/\\\/super-news.info\\\/hu\\\/tovabb-bovulne-a-skoda-vilaggazdasag\\\/\"},\"wordCount\":384,\"commentCount\":0,\"image\":{\"@id\":\"https:\\\/\\\/super-news.info\\\/hu\\\/tovabb-bovulne-a-skoda-vilaggazdasag\\\/#primaryimage\"},\"thumbnailUrl\":\"https:\\\/\\\/super-news.info\\\/hu\\\/wp-content\\\/uploads\\\/sites\\\/3\\\/2019\\\/06\\\/Tov\u00e1bb-b\u0151v\u00fclne-a-Skoda-Vil\u00e1ggazdas\u00e1g.jpg\",\"articleSection\":[\"P\u00c9NZ\u00dcGYI H\u00cdREK\"],\"inLanguage\":\"hu\",\"potentialAction\":[{\"@type\":\"CommentAction\",\"name\":\"Comment\",\"target\":[\"https:\\\/\\\/super-news.info\\\/hu\\\/tovabb-bovulne-a-skoda-vilaggazdasag\\\/#respond\"]}]},{\"@type\":\"WebPage\",\"@id\":\"https:\\\/\\\/super-news.info\\\/hu\\\/tovabb-bovulne-a-skoda-vilaggazdasag\\\/\",\"url\":\"https:\\\/\\\/super-news.info\\\/hu\\\/tovabb-bovulne-a-skoda-vilaggazdasag\\\/\",\"name\":\"Tov\u00e1bb b\u0151v\u00fclne a Skoda | Vil\u00e1ggazdas\u00e1g - Super News\",\"isPartOf\":{\"@id\":\"https:\\\/\\\/super-news.info\\\/hu\\\/#website\"},\"primaryImageOfPage\":{\"@id\":\"https:\\\/\\\/super-news.info\\\/hu\\\/tovabb-bovulne-a-skoda-vilaggazdasag\\\/#primaryimage\"},\"image\":{\"@id\":\"https:\\\/\\\/super-news.info\\\/hu\\\/tovabb-bovulne-a-skoda-vilaggazdasag\\\/#primaryimage\"},\"thumbnailUrl\":\"https:\\\/\\\/super-news.info\\\/hu\\\/wp-content\\\/uploads\\\/sites\\\/3\\\/2019\\\/06\\\/Tov\u00e1bb-b\u0151v\u00fclne-a-Skoda-Vil\u00e1ggazdas\u00e1g.jpg\",\"datePublished\":\"2019-06-01T07:29:03+00:00\",\"dateModified\":\"2019-06-01T07:29:05+00:00\",\"author\":{\"@id\":\"https:\\\/\\\/super-news.info\\\/hu\\\/#\\\/schema\\\/person\\\/2d4068cb2f39cd10008c2fce578a7356\"},\"breadcrumb\":{\"@id\":\"https:\\\/\\\/super-news.info\\\/hu\\\/tovabb-bovulne-a-skoda-vilaggazdasag\\\/#breadcrumb\"},\"inLanguage\":\"hu\",\"potentialAction\":[{\"@type\":\"ReadAction\",\"target\":[\"https:\\\/\\\/super-news.info\\\/hu\\\/tovabb-bovulne-a-skoda-vilaggazdasag\\\/\"]}]},{\"@type\":\"ImageObject\",\"inLanguage\":\"hu\",\"@id\":\"https:\\\/\\\/super-news.info\\\/hu\\\/tovabb-bovulne-a-skoda-vilaggazdasag\\\/#primaryimage\",\"url\":\"https:\\\/\\\/super-news.info\\\/hu\\\/wp-content\\\/uploads\\\/sites\\\/3\\\/2019\\\/06\\\/Tov\u00e1bb-b\u0151v\u00fclne-a-Skoda-Vil\u00e1ggazdas\u00e1g.jpg\",\"contentUrl\":\"https:\\\/\\\/super-news.info\\\/hu\\\/wp-content\\\/uploads\\\/sites\\\/3\\\/2019\\\/06\\\/Tov\u00e1bb-b\u0151v\u00fclne-a-Skoda-Vil\u00e1ggazdas\u00e1g.jpg\",\"width\":1400,\"height\":933,\"caption\":\"Tov\u00e1bb b\u0151v\u00fclne a Skoda | Vil\u00e1ggazdas\u00e1g\"},{\"@type\":\"BreadcrumbList\",\"@id\":\"https:\\\/\\\/super-news.info\\\/hu\\\/tovabb-bovulne-a-skoda-vilaggazdasag\\\/#breadcrumb\",\"itemListElement\":[{\"@type\":\"ListItem\",\"position\":1,\"name\":\"\u0413\u043b\u0430\u0432\u043d\u0430\u044f \u0441\u0442\u0440\u0430\u043d\u0438\u0446\u0430\",\"item\":\"https:\\\/\\\/super-news.info\\\/hu\\\/\"},{\"@type\":\"ListItem\",\"position\":2,\"name\":\"Tov\u00e1bb b\u0151v\u00fclne a Skoda | Vil\u00e1ggazdas\u00e1g\"}]},{\"@type\":\"WebSite\",\"@id\":\"https:\\\/\\\/super-news.info\\\/hu\\\/#website\",\"url\":\"https:\\\/\\\/super-news.info\\\/hu\\\/\",\"name\":\"Super News\",\"description\":\"Super News Magyarorsz\u00e1g\",\"potentialAction\":[{\"@type\":\"SearchAction\",\"target\":{\"@type\":\"EntryPoint\",\"urlTemplate\":\"https:\\\/\\\/super-news.info\\\/hu\\\/?s={search_term_string}\"},\"query-input\":{\"@type\":\"PropertyValueSpecification\",\"valueRequired\":true,\"valueName\":\"search_term_string\"}}],\"inLanguage\":\"hu\"},{\"@type\":\"Person\",\"@id\":\"https:\\\/\\\/super-news.info\\\/hu\\\/#\\\/schema\\\/person\\\/2d4068cb2f39cd10008c2fce578a7356\",\"name\":\"super-news\",\"image\":{\"@type\":\"ImageObject\",\"inLanguage\":\"hu\",\"@id\":\"https:\\\/\\\/secure.gravatar.com\\\/avatar\\\/64ebac40b93f26a154f8a9b5b6fdccfc46f442b26b3dd6756dbff3bf9dc76fd7?s=96&d=mm&r=g\",\"url\":\"https:\\\/\\\/secure.gravatar.com\\\/avatar\\\/64ebac40b93f26a154f8a9b5b6fdccfc46f442b26b3dd6756dbff3bf9dc76fd7?s=96&d=mm&r=g\",\"contentUrl\":\"https:\\\/\\\/secure.gravatar.com\\\/avatar\\\/64ebac40b93f26a154f8a9b5b6fdccfc46f442b26b3dd6756dbff3bf9dc76fd7?s=96&d=mm&r=g\",\"caption\":\"super-news\"},\"url\":\"https:\\\/\\\/super-news.info\\\/hu\\\/author\\\/pt\\\/\"}]}<\/script>\n<!-- \/ Yoast SEO plugin. -->","yoast_head_json":{"title":"Tov\u00e1bb b\u0151v\u00fclne a Skoda | Vil\u00e1ggazdas\u00e1g - Super News","robots":{"index":"index","follow":"follow","max-snippet":"max-snippet:-1","max-image-preview":"max-image-preview:large","max-video-preview":"max-video-preview:-1"},"canonical":"https:\/\/super-news.info\/hu\/tovabb-bovulne-a-skoda-vilaggazdasag\/","og_locale":"hu_HU","og_type":"article","og_title":"Tov\u00e1bb b\u0151v\u00fclne a Skoda | Vil\u00e1ggazdas\u00e1g - Super News","og_description":"[ad_1] Stabil 9 sz\u00e1zal\u00e9kos r\u00e9szesed\u00e9s\u00e9nek megtart\u00e1s\u00e1ban, az \u00f6sszpiacival azonos b\u0151v\u00fcl\u00e9sben b\u00edzik az id\u00e9n a Skoda a magyarorsz\u00e1gi \u00fajaut\u00f3-piacon \u2013 mondta N\u00e9meth J\u00e1nos m\u00e1rkaigazgat\u00f3, a mag\u00e1nvev\u0151i ig\u00e9nyeket jobban megc\u00e9lz\u00f3 modell\u00fajdons\u00e1gokra alapozva. A Volkswagen konszernhez tartoz\u00f3 m\u00e1rka, a Skoda, tavaly t\u00f6bb mint 13 800 aut\u00f3t \u00e9rt\u00e9kes\u00edtett Magyarorsz\u00e1gon, ebb\u0151l 11 842 belf\u00f6ld\u00f6n forgalomba helyezett aut\u00f3 volt. A Datahouse [&hellip;]","og_url":"https:\/\/super-news.info\/hu\/tovabb-bovulne-a-skoda-vilaggazdasag\/","og_site_name":"Super News","article_published_time":"2019-06-01T07:29:03+00:00","article_modified_time":"2019-06-01T07:29:05+00:00","og_image":[{"width":1400,"height":933,"url":"https:\/\/super-news.info\/hu\/wp-content\/uploads\/sites\/3\/2019\/06\/Tov\u00e1bb-b\u0151v\u00fclne-a-Skoda-Vil\u00e1ggazdas\u00e1g.jpg","type":"image\/jpeg"}],"author":"super-news","twitter_card":"summary_large_image","twitter_misc":{"Szerz\u0151:":"super-news","Becs\u00fclt olvas\u00e1si id\u0151":"2 perc"},"schema":{"@context":"https:\/\/schema.org","@graph":[{"@type":"Article","@id":"https:\/\/super-news.info\/hu\/tovabb-bovulne-a-skoda-vilaggazdasag\/#article","isPartOf":{"@id":"https:\/\/super-news.info\/hu\/tovabb-bovulne-a-skoda-vilaggazdasag\/"},"author":{"name":"super-news","@id":"https:\/\/super-news.info\/hu\/#\/schema\/person\/2d4068cb2f39cd10008c2fce578a7356"},"headline":"Tov\u00e1bb b\u0151v\u00fclne a Skoda | Vil\u00e1ggazdas\u00e1g","datePublished":"2019-06-01T07:29:03+00:00","dateModified":"2019-06-01T07:29:05+00:00","mainEntityOfPage":{"@id":"https:\/\/super-news.info\/hu\/tovabb-bovulne-a-skoda-vilaggazdasag\/"},"wordCount":384,"commentCount":0,"image":{"@id":"https:\/\/super-news.info\/hu\/tovabb-bovulne-a-skoda-vilaggazdasag\/#primaryimage"},"thumbnailUrl":"https:\/\/super-news.info\/hu\/wp-content\/uploads\/sites\/3\/2019\/06\/Tov\u00e1bb-b\u0151v\u00fclne-a-Skoda-Vil\u00e1ggazdas\u00e1g.jpg","articleSection":["P\u00c9NZ\u00dcGYI H\u00cdREK"],"inLanguage":"hu","potentialAction":[{"@type":"CommentAction","name":"Comment","target":["https:\/\/super-news.info\/hu\/tovabb-bovulne-a-skoda-vilaggazdasag\/#respond"]}]},{"@type":"WebPage","@id":"https:\/\/super-news.info\/hu\/tovabb-bovulne-a-skoda-vilaggazdasag\/","url":"https:\/\/super-news.info\/hu\/tovabb-bovulne-a-skoda-vilaggazdasag\/","name":"Tov\u00e1bb b\u0151v\u00fclne a Skoda | Vil\u00e1ggazdas\u00e1g - Super News","isPartOf":{"@id":"https:\/\/super-news.info\/hu\/#website"},"primaryImageOfPage":{"@id":"https:\/\/super-news.info\/hu\/tovabb-bovulne-a-skoda-vilaggazdasag\/#primaryimage"},"image":{"@id":"https:\/\/super-news.info\/hu\/tovabb-bovulne-a-skoda-vilaggazdasag\/#primaryimage"},"thumbnailUrl":"https:\/\/super-news.info\/hu\/wp-content\/uploads\/sites\/3\/2019\/06\/Tov\u00e1bb-b\u0151v\u00fclne-a-Skoda-Vil\u00e1ggazdas\u00e1g.jpg","datePublished":"2019-06-01T07:29:03+00:00","dateModified":"2019-06-01T07:29:05+00:00","author":{"@id":"https:\/\/super-news.info\/hu\/#\/schema\/person\/2d4068cb2f39cd10008c2fce578a7356"},"breadcrumb":{"@id":"https:\/\/super-news.info\/hu\/tovabb-bovulne-a-skoda-vilaggazdasag\/#breadcrumb"},"inLanguage":"hu","potentialAction":[{"@type":"ReadAction","target":["https:\/\/super-news.info\/hu\/tovabb-bovulne-a-skoda-vilaggazdasag\/"]}]},{"@type":"ImageObject","inLanguage":"hu","@id":"https:\/\/super-news.info\/hu\/tovabb-bovulne-a-skoda-vilaggazdasag\/#primaryimage","url":"https:\/\/super-news.info\/hu\/wp-content\/uploads\/sites\/3\/2019\/06\/Tov\u00e1bb-b\u0151v\u00fclne-a-Skoda-Vil\u00e1ggazdas\u00e1g.jpg","contentUrl":"https:\/\/super-news.info\/hu\/wp-content\/uploads\/sites\/3\/2019\/06\/Tov\u00e1bb-b\u0151v\u00fclne-a-Skoda-Vil\u00e1ggazdas\u00e1g.jpg","width":1400,"height":933,"caption":"Tov\u00e1bb b\u0151v\u00fclne a Skoda | Vil\u00e1ggazdas\u00e1g"},{"@type":"BreadcrumbList","@id":"https:\/\/super-news.info\/hu\/tovabb-bovulne-a-skoda-vilaggazdasag\/#breadcrumb","itemListElement":[{"@type":"ListItem","position":1,"name":"\u0413\u043b\u0430\u0432\u043d\u0430\u044f \u0441\u0442\u0440\u0430\u043d\u0438\u0446\u0430","item":"https:\/\/super-news.info\/hu\/"},{"@type":"ListItem","position":2,"name":"Tov\u00e1bb b\u0151v\u00fclne a Skoda | Vil\u00e1ggazdas\u00e1g"}]},{"@type":"WebSite","@id":"https:\/\/super-news.info\/hu\/#website","url":"https:\/\/super-news.info\/hu\/","name":"Super News","description":"Super News Magyarorsz\u00e1g","potentialAction":[{"@type":"SearchAction","target":{"@type":"EntryPoint","urlTemplate":"https:\/\/super-news.info\/hu\/?s={search_term_string}"},"query-input":{"@type":"PropertyValueSpecification","valueRequired":true,"valueName":"search_term_string"}}],"inLanguage":"hu"},{"@type":"Person","@id":"https:\/\/super-news.info\/hu\/#\/schema\/person\/2d4068cb2f39cd10008c2fce578a7356","name":"super-news","image":{"@type":"ImageObject","inLanguage":"hu","@id":"https:\/\/secure.gravatar.com\/avatar\/64ebac40b93f26a154f8a9b5b6fdccfc46f442b26b3dd6756dbff3bf9dc76fd7?s=96&d=mm&r=g","url":"https:\/\/secure.gravatar.com\/avatar\/64ebac40b93f26a154f8a9b5b6fdccfc46f442b26b3dd6756dbff3bf9dc76fd7?s=96&d=mm&r=g","contentUrl":"https:\/\/secure.gravatar.com\/avatar\/64ebac40b93f26a154f8a9b5b6fdccfc46f442b26b3dd6756dbff3bf9dc76fd7?s=96&d=mm&r=g","caption":"super-news"},"url":"https:\/\/super-news.info\/hu\/author\/pt\/"}]}},"_links":{"self":[{"href":"https:\/\/super-news.info\/hu\/wp-json\/wp\/v2\/posts\/3175","targetHints":{"allow":["GET"]}}],"collection":[{"href":"https:\/\/super-news.info\/hu\/wp-json\/wp\/v2\/posts"}],"about":[{"href":"https:\/\/super-news.info\/hu\/wp-json\/wp\/v2\/types\/post"}],"author":[{"embeddable":true,"href":"https:\/\/super-news.info\/hu\/wp-json\/wp\/v2\/users\/2"}],"replies":[{"embeddable":true,"href":"https:\/\/super-news.info\/hu\/wp-json\/wp\/v2\/comments?post=3175"}],"version-history":[{"count":1,"href":"https:\/\/super-news.info\/hu\/wp-json\/wp\/v2\/posts\/3175\/revisions"}],"predecessor-version":[{"id":3177,"href":"https:\/\/super-news.info\/hu\/wp-json\/wp\/v2\/posts\/3175\/revisions\/3177"}],"wp:featuredmedia":[{"embeddable":true,"href":"https:\/\/super-news.info\/hu\/wp-json\/wp\/v2\/media\/3176"}],"wp:attachment":[{"href":"https:\/\/super-news.info\/hu\/wp-json\/wp\/v2\/media?parent=3175"}],"wp:term":[{"taxonomy":"category","embeddable":true,"href":"https:\/\/super-news.info\/hu\/wp-json\/wp\/v2\/categories?post=3175"},{"taxonomy":"post_tag","embeddable":true,"href":"https:\/\/super-news.info\/hu\/wp-json\/wp\/v2\/tags?post=3175"}],"curies":[{"name":"wp","href":"https:\/\/api.w.org\/{rel}","templated":true}]}}