{"id":3169,"date":"2019-06-01T04:29:09","date_gmt":"2019-06-01T01:29:09","guid":{"rendered":"https:\/\/super-news.info\/hu\/a-trappistan-tul-is-van-elet\/"},"modified":"2019-06-01T04:29:10","modified_gmt":"2019-06-01T01:29:10","slug":"a-trappistan-tul-is-van-elet","status":"publish","type":"post","link":"https:\/\/super-news.info\/hu\/a-trappistan-tul-is-van-elet\/","title":{"rendered":"A trappist\u00e1n t\u00fal is van \u00e9let"},"content":{"rendered":"<p> [ad_1]<br \/>\n<\/p>\n<p>\n\t\t\t\t\t\t\t\tA statisztik\u00e1k szerint haz\u00e1nk lakoss\u00e1g\u00e1nak m\u00e9g mindig a trappista sajt a kedvence, \u00e1m \u2013 ahogy a s\u00f6r\u00f6kn\u00e9l \u00e9s a lekv\u00e1rokn\u00e1l is \u2013 egyre nagyobb n\u00e9pszer\u0171s\u00e9gnek \u00f6rvendenek a k\u00e9zm\u0171ves sajtok. A k\u00e9zm\u0171ves term\u00e9kek k\u00e9sz\u00edt\u0151i a szem\u00e9lyes kapcsolattal \u00e9s a min\u0151s\u00e9gi munk\u00e1val k\u00edv\u00e1nj\u00e1k felvenni a versenyt az ipari sajtokkal.\t\t\t\t\t\t\t<\/p>\n<div>\n<p>Sajtot szinte minden magyar h\u00e1ztart\u00e1sban lehet tal\u00e1lni. A tejb\u0151l k\u00e9sz\u00fclt n\u00e9pszer\u0171 \u00e9telt vil\u00e1gszerte, \u00edgy Magyarorsz\u00e1gon is ismerik, \u00e1m haz\u00e1nkban keveset fogyasztunk bel\u0151le, \u00e9s akkor is ink\u00e1bb egy fajt\u00e1t, m\u00e9gpedig a trappist\u00e1t. A Tej Szakmak\u00f6zi Szervezet \u00e9s Term\u00e9ktan\u00e1cs adatai szerint ugyanis<\/p>\n<p>a magyarok fejenk\u00e9nt 7,6 kilogramm sajtot fogyasztanak, ezzel szemben az Eur\u00f3pai Uni\u00f3ban egy \u00e1tlagos \u00e1llampolg\u00e1r 18 kil\u00f3t eszik meg \u00e9vente.<\/p>\n<div id=\"attachment_1326316\" style=\"width: 1034px\" class=\"wp-caption alignnone\">\n<p class=\"wp-caption-text\">Fot\u00f3: Pixabay<\/p>\n<\/div>\n<p>A VG.hu \u00e9rdekl\u0151d\u00e9s\u00e9re a szakmai szervezet el\u00e1rulta, hogy a magyarok kedvenc sajtja a trappista, legal\u00e1bbis a fogyaszt\u00e1si adatok ezt mutatj\u00e1k.<\/p>\n<p>A sajt \u00e9s t\u00far\u00f3 term\u00e9kkateg\u00f3ri\u00e1n bel\u00fcl a trappista sajtok \u00e9rt\u00e9kes\u00edt\u00e9si ar\u00e1nya 30 sz\u00e1zal\u00e9k.<\/p>\n<p>A Tej Szakmak\u00f6zi Szervezet \u00e9s Term\u00e9ktan\u00e1cs emellett c\u00e9lul t\u0171zte ki a sajtok n\u00e9pszer\u0171s\u00edt\u00e9s\u00e9t. Akt\u00edv Facebook-kamp\u00e1nyt folytatnak a tejterm\u00e9kek \u2013 \u00edgy a sajtok \u2013 n\u00e9pszer\u0171s\u00edt\u00e9s\u00e9\u00e9rt, valamint k\u00fcl\u00f6n K\u00f6z\u00f6ss\u00e9gi Marketing Alapot is m\u0171k\u00f6dtet a szervezet.<\/p>\n<h3>Van \u00e9let a trappist\u00e1n t\u00fal is<\/h3>\n<p>B\u00e1r a magyarok nem fogyasztanak annyi sajtot, mint a hollandok vagy a d\u00e1nok, de a k\u00e9zm\u0171ves sajtok egyre nagyobb szeletet k\u00f6vetelnek a piacon \u2013 ezt m\u00e1r Gyugos Bence, a Gyugos Sajt k\u00e9zm\u0171ves sajtokat forgalmaz\u00f3 csal\u00e1di v\u00e1llalkoz\u00e1s vezet\u0151je mondta el a VG.hu-nak.<\/p>\n<p>A derecskei sajtk\u00e9sz\u00edt\u0151 mester tapasztalataib\u00f3l \u00fagy l\u00e1tja, hogy<\/p>\n<p>elindult egy bizonyos gasztroforradalom,<\/p>\n<p>ami nem m\u00e1st jelent, mint a hazai vev\u0151k tudatosabb\u00e1 v\u00e1l\u00e1s\u00e1t.<\/p>\n<p>A hajd\u00fas\u00e1gi v\u00e1llalkoz\u00e1s vezet\u0151j\u00e9nek szavai szerint a v\u00e1s\u00e1rl\u00f3k egyre ink\u00e1bb keresik a min\u0151s\u00e9gi term\u00e9keket, legyen sz\u00f3 s\u00f6rr\u0151l, lekv\u00e1rr\u00f3l, m\u00e9zr\u0151l, sz\u00f6rpr\u0151l \u2013 vagy sajtr\u00f3l.<\/p>\n<p>A 2014 \u00f3ta m\u0171k\u00f6d\u0151 Gyugos Sajt f\u0151k\u00e9nt paranyic\u00e1t, gomoly\u00e1t \u00e9s camambertet k\u00e9sz\u00edt, de a k\u00e9zm\u0171vesek k\u00edn\u00e1latai k\u00f6z\u00f6tt megtal\u00e1lhat\u00f3ak a k\u00fcl\u00f6nb\u00f6z\u0151 kr\u00e9msajtok, a mozzarella vagy a kac\u00e9r nev\u0171 r\u00fazsos l\u00e1gysajt is.<\/p>\n<h3>Min\u0151s\u00e9g \u00e9s szem\u00e9lyes kapcsolat a titok<\/h3>\n<p>A k\u00e9zm\u0171ves term\u00e9kek vonzerej\u00e9nek titk\u00e1r\u00f3l is faggattuk a derecskei sajtk\u00e9sz\u00edt\u0151 mestert, aki \u00fagy l\u00e1tja, hogy k\u00e9t f\u0151 oka van annak, hogy a v\u00e1s\u00e1rl\u00f3k az ipari sajtok helyett a manufakt\u00far\u00e1k \u201egy\u00e1rtm\u00e1nyai\u201d fel\u00e9 fordulnak.<\/p>\n<blockquote>\n<p>Az \u201eotthon\u201d k\u00e9sz\u00edtett sajtoknak sokkal nagyobb a beltartalma. M\u00edg a gy\u00e1rban t\u00edz liter tejb\u0151l egyar\u00e1nt k\u00e9sz\u00edtenek sajtot \u00e9s m\u00e1s tejterm\u00e9ket \u2013 t\u00far\u00f3t vagy tejsz\u00ednt p\u00e9ld\u00e1ul \u2013, addig a k\u00e9zm\u0171ves produktumokban sokkal t\u00f6bb a beltartalom.<\/p>\n<\/blockquote>\n<div id=\"attachment_1545593\" style=\"width: 1034px\" class=\"wp-caption alignnone\"><img loading=\"lazy\" decoding=\"async\" class=\"size-large wp-image-1545593\" src=\"https:\/\/super-news.info\/hu\/wp-content\/uploads\/sites\/3\/2019\/06\/1559352549_773_A-trappistan-tul-is-van-elet.jpg\" alt=\"\" width=\"1024\" height=\"684\"  \/><\/p>\n<p class=\"wp-caption-text\">Fot\u00f3: Bringard Denis \/ Hemis<\/p>\n<\/div>\n<p>Gyugos Bence szerint a min\u0151s\u00e9gi k\u00fcl\u00f6nbs\u00e9gen k\u00edv\u00fcl m\u00e9g a vev\u0151 \u00e9s a v\u00e1s\u00e1rl\u00f3 k\u00f6z\u00f6tti szem\u00e9lyes kapcsolat is fel\u00e9rt\u00e9kel\u0151d\u00f6tt a globaliz\u00e1l\u00f3d\u00f3 vil\u00e1gban. A csal\u00e1di v\u00e1llalkoz\u00e1s vezet\u0151je \u00fagy l\u00e1tja, hogy a v\u00e1s\u00e1rl\u00f3k sokkal jobban b\u00edznak, ha mag\u00e1t\u00f3l a termel\u0151t\u0151l, vagy a k\u00e9sz\u00edt\u0151t\u0151l veszik meg a term\u00e9ket, mintha egy szem\u00e9lytelen \u00e1ruh\u00e1zban v\u00e1s\u00e1roln\u00e1nak.<\/p>\n<p>Az emberek megnyugszanak, ha l\u00e1tj\u00e1k, hogy kit\u0151l veszik meg azt, ami az asztalra ker\u00fcl.<\/p>\n<h3>Mint a r\u00e9gi sz\u00e9p id\u0151kben<\/h3>\n<p>A k\u00e9zm\u0171ves term\u00e9keket \u2013 \u00edgy bele\u00e9rtve a sajtokat is \u2013 f\u0151k\u00e9pp a piacokon \u00e9s a kisebb-nagyobb v\u00e1s\u00e1rokon tal\u00e1lhatj\u00e1k meg a v\u00e1s\u00e1rl\u00f3k. T\u00f6bb sajtot k\u00e9sz\u00edt\u0151 kis\u00fczem a helyi \u00e9ttermek \u00e9s cs\u00e1rd\u00e1k besz\u00e1ll\u00edt\u00f3ja. Az \u00fczlet mindk\u00e9t f\u00e9l sz\u00e1m\u00e1ra nyeres\u00e9ges: m\u00edg a k\u00e9zm\u0171ves term\u00e9ket el\u0151\u00e1ll\u00edt\u00f3knak lesz egy biztos bev\u00e9teli forr\u00e1sa, s mindamellett egy \u00e1lland\u00f3 rekl\u00e1mfel\u00fclete is, addig a vend\u00e9gl\u00e1t\u00f3helyek helyi kistermel\u0151ket t\u00e1mogatnak, ami egyre fontosabb szempontt\u00e1 v\u00e1lik a vend\u00e9gek k\u00f6r\u00e9ben.<\/p>\n<p>A h\u00e1zias sajtokat v\u00e1s\u00e1rl\u00f3 emberek k\u00f6re igen vegyes \u2013 ahogy azt a v\u00e1llalkoz\u00e1s vezet\u0151je elmondta \u2013, az id\u0151sekt\u0151l a fiatalokon \u00e1t eg\u00e9szen a csal\u00e1dosokig mindenki megtal\u00e1lhat\u00f3 a vev\u0151i palett\u00e1n.<\/p>\n<p>B\u00e1r a k\u00e9zm\u0171ves term\u00e9kek \u2013 legyen az s\u00f6r vagy sz\u00f6rp \u2013 dr\u00e1g\u00e1bbak, mint a bev\u00e1s\u00e1rl\u00f3k\u00f6zpontokban tal\u00e1lhat\u00f3, ipari k\u00e9sz\u00edtm\u00e9nyek,<\/p>\n<p>m\u00e9gis egyre nagyobb kereslete van haz\u00e1nkban ennek a piaci szegmensnek \u2013 v\u00e9lekedett a sajtk\u00e9sz\u00edt\u0151.<\/p>\n<h3>Ak\u00e1r desszert is lehet a sajt<\/h3>\n<p>F\u00f6ldi Rita gasztroblogger megl\u00e1t\u00e1sa szerint a sajt nem csak a s\u00f3s \u00e9telekhez passzol, hanem \u00f6nmag\u00e1ban, ak\u00e1r desszertk\u00e9nt is t\u00e1lalhat\u00f3.<\/p>\n<blockquote>\n<p>Egy \u00e1fony\u00e1s vagy barackos l\u00e1gy sajtot m\u00e1r \u00e9dess\u00e9gk\u00e9nt is lehet t\u00e1lalni.<\/p>\n<\/blockquote>\n<p>A Life&amp;Trend blog vezet\u0151je szerint azonban a magyarok m\u00e9g mindig ragaszkodnak a klasszikusabb \u00edzekhez \u2013 mint a trappista \u2013, de egyre nyitottabbak a k\u00fcl\u00f6nlegesebb term\u00e9kek ir\u00e1ny\u00e1ba is. F\u00f6ldi Rita felh\u00edvta a figyelmet, hogy b\u00e1r a di\u00e9t\u00e1z\u00f3k nagy r\u00e9sze \u00f3dzkodik a sajtokt\u00f3l a magas zs\u00edrtartalmuk miatt, feh\u00e9rje- \u00e9s kalciumtartalmuk r\u00e9v\u00e9n fontos eleme az eg\u00e9szs\u00e9ges t\u00e1pl\u00e1lkoz\u00e1snak. A gasztroblogger a VG.hu-nak el\u00e1rulta, ny\u00e1ron a legink\u00e1bb a grillsajtok fogyaszt\u00e1sa ugrik meg.<\/p>\n<\/p><\/div>\n<p><script>\n    window.fbAsyncInit = function() {\n        FB.init({\n            appId      : \"204760236815359\",\n            xfbml      : true,\n            version    : \"v2.12\"\n        });\n        FB.AppEvents.logPageView();\n    };<\/p>\n<p>    (function(d, s, id){\n        var js, fjs = d.getElementsByTagName(s)[0];\n        if (d.getElementById(id)) {return;}\n        js = d.createElement(s); js.id = id;\n        js.src = \"http:\/\/connect.facebook.net\/hu_HU\/sdk.js\";\n        fjs.parentNode.insertBefore(js, fjs);\n    }(document, \"script\", \"facebook-jssdk\"));\n<\/script><br \/>\n<br \/>[ad_2]<br \/>\n<br \/><a href=\"https:\/\/www.vg.hu\/kozelet\/gasztronomia\/a-trappistan-tul-is-van-elet-1545338\/\">Source link <\/a><\/p>\n","protected":false},"excerpt":{"rendered":"<p>[ad_1] A statisztik\u00e1k szerint haz\u00e1nk lakoss\u00e1g\u00e1nak m\u00e9g mindig a trappista sajt a kedvence, \u00e1m \u2013 ahogy a s\u00f6r\u00f6kn\u00e9l \u00e9s a lekv\u00e1rokn\u00e1l is \u2013 egyre nagyobb n\u00e9pszer\u0171s\u00e9gnek \u00f6rvendenek a k\u00e9zm\u0171ves sajtok. A k\u00e9zm\u0171ves term\u00e9kek k\u00e9sz\u00edt\u0151i a szem\u00e9lyes kapcsolattal \u00e9s a min\u0151s\u00e9gi munk\u00e1val k\u00edv\u00e1nj\u00e1k felvenni a versenyt az ipari sajtokkal. Sajtot szinte minden magyar h\u00e1ztart\u00e1sban lehet tal\u00e1lni. [&hellip;]<\/p>\n","protected":false},"author":2,"featured_media":3170,"comment_status":"open","ping_status":"open","sticky":false,"template":"","format":"standard","meta":{"footnotes":""},"categories":[1],"tags":[],"class_list":["post-3169","post","type-post","status-publish","format-standard","has-post-thumbnail","hentry","category-penzugyi-hirek"],"yoast_head":"<!-- This site is optimized with the Yoast SEO plugin v27.4 - https:\/\/yoast.com\/product\/yoast-seo-wordpress\/ -->\n<title>A trappist\u00e1n t\u00fal is van \u00e9let - Super News<\/title>\n<meta name=\"robots\" content=\"index, follow, max-snippet:-1, max-image-preview:large, max-video-preview:-1\" \/>\n<link rel=\"canonical\" href=\"https:\/\/super-news.info\/hu\/a-trappistan-tul-is-van-elet\/\" \/>\n<meta property=\"og:locale\" content=\"hu_HU\" \/>\n<meta property=\"og:type\" content=\"article\" \/>\n<meta property=\"og:title\" content=\"A trappist\u00e1n t\u00fal is van \u00e9let - Super News\" \/>\n<meta property=\"og:description\" content=\"[ad_1] A statisztik\u00e1k szerint haz\u00e1nk lakoss\u00e1g\u00e1nak m\u00e9g mindig a trappista sajt a kedvence, \u00e1m \u2013 ahogy a s\u00f6r\u00f6kn\u00e9l \u00e9s a lekv\u00e1rokn\u00e1l is \u2013 egyre nagyobb n\u00e9pszer\u0171s\u00e9gnek \u00f6rvendenek a k\u00e9zm\u0171ves sajtok. A k\u00e9zm\u0171ves term\u00e9kek k\u00e9sz\u00edt\u0151i a szem\u00e9lyes kapcsolattal \u00e9s a min\u0151s\u00e9gi munk\u00e1val k\u00edv\u00e1nj\u00e1k felvenni a versenyt az ipari sajtokkal. Sajtot szinte minden magyar h\u00e1ztart\u00e1sban lehet tal\u00e1lni. [&hellip;]\" \/>\n<meta property=\"og:url\" content=\"https:\/\/super-news.info\/hu\/a-trappistan-tul-is-van-elet\/\" \/>\n<meta property=\"og:site_name\" content=\"Super News\" \/>\n<meta property=\"article:published_time\" content=\"2019-06-01T01:29:09+00:00\" \/>\n<meta property=\"article:modified_time\" content=\"2019-06-01T01:29:10+00:00\" \/>\n<meta property=\"og:image\" content=\"https:\/\/super-news.info\/hu\/wp-content\/uploads\/sites\/3\/2019\/06\/A-trappist\u00e1n-t\u00fal-is-van-\u00e9let.jpg\" \/>\n\t<meta property=\"og:image:width\" content=\"1024\" \/>\n\t<meta property=\"og:image:height\" content=\"682\" \/>\n\t<meta property=\"og:image:type\" content=\"image\/jpeg\" \/>\n<meta name=\"author\" content=\"super-news\" \/>\n<meta name=\"twitter:card\" content=\"summary_large_image\" \/>\n<meta name=\"twitter:label1\" content=\"Szerz\u0151:\" \/>\n\t<meta name=\"twitter:data1\" content=\"super-news\" \/>\n\t<meta name=\"twitter:label2\" content=\"Becs\u00fclt olvas\u00e1si id\u0151\" \/>\n\t<meta name=\"twitter:data2\" content=\"5 perc\" \/>\n<script type=\"application\/ld+json\" class=\"yoast-schema-graph\">{\"@context\":\"https:\\\/\\\/schema.org\",\"@graph\":[{\"@type\":\"Article\",\"@id\":\"https:\\\/\\\/super-news.info\\\/hu\\\/a-trappistan-tul-is-van-elet\\\/#article\",\"isPartOf\":{\"@id\":\"https:\\\/\\\/super-news.info\\\/hu\\\/a-trappistan-tul-is-van-elet\\\/\"},\"author\":{\"name\":\"super-news\",\"@id\":\"https:\\\/\\\/super-news.info\\\/hu\\\/#\\\/schema\\\/person\\\/2d4068cb2f39cd10008c2fce578a7356\"},\"headline\":\"A trappist\u00e1n t\u00fal is van \u00e9let\",\"datePublished\":\"2019-06-01T01:29:09+00:00\",\"dateModified\":\"2019-06-01T01:29:10+00:00\",\"mainEntityOfPage\":{\"@id\":\"https:\\\/\\\/super-news.info\\\/hu\\\/a-trappistan-tul-is-van-elet\\\/\"},\"wordCount\":1044,\"commentCount\":0,\"image\":{\"@id\":\"https:\\\/\\\/super-news.info\\\/hu\\\/a-trappistan-tul-is-van-elet\\\/#primaryimage\"},\"thumbnailUrl\":\"https:\\\/\\\/super-news.info\\\/hu\\\/wp-content\\\/uploads\\\/sites\\\/3\\\/2019\\\/06\\\/A-trappist\u00e1n-t\u00fal-is-van-\u00e9let.jpg\",\"articleSection\":[\"P\u00c9NZ\u00dcGYI H\u00cdREK\"],\"inLanguage\":\"hu\",\"potentialAction\":[{\"@type\":\"CommentAction\",\"name\":\"Comment\",\"target\":[\"https:\\\/\\\/super-news.info\\\/hu\\\/a-trappistan-tul-is-van-elet\\\/#respond\"]}]},{\"@type\":\"WebPage\",\"@id\":\"https:\\\/\\\/super-news.info\\\/hu\\\/a-trappistan-tul-is-van-elet\\\/\",\"url\":\"https:\\\/\\\/super-news.info\\\/hu\\\/a-trappistan-tul-is-van-elet\\\/\",\"name\":\"A trappist\u00e1n t\u00fal is van \u00e9let - Super News\",\"isPartOf\":{\"@id\":\"https:\\\/\\\/super-news.info\\\/hu\\\/#website\"},\"primaryImageOfPage\":{\"@id\":\"https:\\\/\\\/super-news.info\\\/hu\\\/a-trappistan-tul-is-van-elet\\\/#primaryimage\"},\"image\":{\"@id\":\"https:\\\/\\\/super-news.info\\\/hu\\\/a-trappistan-tul-is-van-elet\\\/#primaryimage\"},\"thumbnailUrl\":\"https:\\\/\\\/super-news.info\\\/hu\\\/wp-content\\\/uploads\\\/sites\\\/3\\\/2019\\\/06\\\/A-trappist\u00e1n-t\u00fal-is-van-\u00e9let.jpg\",\"datePublished\":\"2019-06-01T01:29:09+00:00\",\"dateModified\":\"2019-06-01T01:29:10+00:00\",\"author\":{\"@id\":\"https:\\\/\\\/super-news.info\\\/hu\\\/#\\\/schema\\\/person\\\/2d4068cb2f39cd10008c2fce578a7356\"},\"breadcrumb\":{\"@id\":\"https:\\\/\\\/super-news.info\\\/hu\\\/a-trappistan-tul-is-van-elet\\\/#breadcrumb\"},\"inLanguage\":\"hu\",\"potentialAction\":[{\"@type\":\"ReadAction\",\"target\":[\"https:\\\/\\\/super-news.info\\\/hu\\\/a-trappistan-tul-is-van-elet\\\/\"]}]},{\"@type\":\"ImageObject\",\"inLanguage\":\"hu\",\"@id\":\"https:\\\/\\\/super-news.info\\\/hu\\\/a-trappistan-tul-is-van-elet\\\/#primaryimage\",\"url\":\"https:\\\/\\\/super-news.info\\\/hu\\\/wp-content\\\/uploads\\\/sites\\\/3\\\/2019\\\/06\\\/A-trappist\u00e1n-t\u00fal-is-van-\u00e9let.jpg\",\"contentUrl\":\"https:\\\/\\\/super-news.info\\\/hu\\\/wp-content\\\/uploads\\\/sites\\\/3\\\/2019\\\/06\\\/A-trappist\u00e1n-t\u00fal-is-van-\u00e9let.jpg\",\"width\":1024,\"height\":682,\"caption\":\"A trappist\u00e1n t\u00fal is van \u00e9let\"},{\"@type\":\"BreadcrumbList\",\"@id\":\"https:\\\/\\\/super-news.info\\\/hu\\\/a-trappistan-tul-is-van-elet\\\/#breadcrumb\",\"itemListElement\":[{\"@type\":\"ListItem\",\"position\":1,\"name\":\"\u0413\u043b\u0430\u0432\u043d\u0430\u044f \u0441\u0442\u0440\u0430\u043d\u0438\u0446\u0430\",\"item\":\"https:\\\/\\\/super-news.info\\\/hu\\\/\"},{\"@type\":\"ListItem\",\"position\":2,\"name\":\"A trappist\u00e1n t\u00fal is van \u00e9let\"}]},{\"@type\":\"WebSite\",\"@id\":\"https:\\\/\\\/super-news.info\\\/hu\\\/#website\",\"url\":\"https:\\\/\\\/super-news.info\\\/hu\\\/\",\"name\":\"Super News\",\"description\":\"Super News Magyarorsz\u00e1g\",\"potentialAction\":[{\"@type\":\"SearchAction\",\"target\":{\"@type\":\"EntryPoint\",\"urlTemplate\":\"https:\\\/\\\/super-news.info\\\/hu\\\/?s={search_term_string}\"},\"query-input\":{\"@type\":\"PropertyValueSpecification\",\"valueRequired\":true,\"valueName\":\"search_term_string\"}}],\"inLanguage\":\"hu\"},{\"@type\":\"Person\",\"@id\":\"https:\\\/\\\/super-news.info\\\/hu\\\/#\\\/schema\\\/person\\\/2d4068cb2f39cd10008c2fce578a7356\",\"name\":\"super-news\",\"image\":{\"@type\":\"ImageObject\",\"inLanguage\":\"hu\",\"@id\":\"https:\\\/\\\/secure.gravatar.com\\\/avatar\\\/64ebac40b93f26a154f8a9b5b6fdccfc46f442b26b3dd6756dbff3bf9dc76fd7?s=96&d=mm&r=g\",\"url\":\"https:\\\/\\\/secure.gravatar.com\\\/avatar\\\/64ebac40b93f26a154f8a9b5b6fdccfc46f442b26b3dd6756dbff3bf9dc76fd7?s=96&d=mm&r=g\",\"contentUrl\":\"https:\\\/\\\/secure.gravatar.com\\\/avatar\\\/64ebac40b93f26a154f8a9b5b6fdccfc46f442b26b3dd6756dbff3bf9dc76fd7?s=96&d=mm&r=g\",\"caption\":\"super-news\"},\"url\":\"https:\\\/\\\/super-news.info\\\/hu\\\/author\\\/pt\\\/\"}]}<\/script>\n<!-- \/ Yoast SEO plugin. -->","yoast_head_json":{"title":"A trappist\u00e1n t\u00fal is van \u00e9let - Super News","robots":{"index":"index","follow":"follow","max-snippet":"max-snippet:-1","max-image-preview":"max-image-preview:large","max-video-preview":"max-video-preview:-1"},"canonical":"https:\/\/super-news.info\/hu\/a-trappistan-tul-is-van-elet\/","og_locale":"hu_HU","og_type":"article","og_title":"A trappist\u00e1n t\u00fal is van \u00e9let - Super News","og_description":"[ad_1] A statisztik\u00e1k szerint haz\u00e1nk lakoss\u00e1g\u00e1nak m\u00e9g mindig a trappista sajt a kedvence, \u00e1m \u2013 ahogy a s\u00f6r\u00f6kn\u00e9l \u00e9s a lekv\u00e1rokn\u00e1l is \u2013 egyre nagyobb n\u00e9pszer\u0171s\u00e9gnek \u00f6rvendenek a k\u00e9zm\u0171ves sajtok. A k\u00e9zm\u0171ves term\u00e9kek k\u00e9sz\u00edt\u0151i a szem\u00e9lyes kapcsolattal \u00e9s a min\u0151s\u00e9gi munk\u00e1val k\u00edv\u00e1nj\u00e1k felvenni a versenyt az ipari sajtokkal. Sajtot szinte minden magyar h\u00e1ztart\u00e1sban lehet tal\u00e1lni. [&hellip;]","og_url":"https:\/\/super-news.info\/hu\/a-trappistan-tul-is-van-elet\/","og_site_name":"Super News","article_published_time":"2019-06-01T01:29:09+00:00","article_modified_time":"2019-06-01T01:29:10+00:00","og_image":[{"width":1024,"height":682,"url":"https:\/\/super-news.info\/hu\/wp-content\/uploads\/sites\/3\/2019\/06\/A-trappist\u00e1n-t\u00fal-is-van-\u00e9let.jpg","type":"image\/jpeg"}],"author":"super-news","twitter_card":"summary_large_image","twitter_misc":{"Szerz\u0151:":"super-news","Becs\u00fclt olvas\u00e1si id\u0151":"5 perc"},"schema":{"@context":"https:\/\/schema.org","@graph":[{"@type":"Article","@id":"https:\/\/super-news.info\/hu\/a-trappistan-tul-is-van-elet\/#article","isPartOf":{"@id":"https:\/\/super-news.info\/hu\/a-trappistan-tul-is-van-elet\/"},"author":{"name":"super-news","@id":"https:\/\/super-news.info\/hu\/#\/schema\/person\/2d4068cb2f39cd10008c2fce578a7356"},"headline":"A trappist\u00e1n t\u00fal is van \u00e9let","datePublished":"2019-06-01T01:29:09+00:00","dateModified":"2019-06-01T01:29:10+00:00","mainEntityOfPage":{"@id":"https:\/\/super-news.info\/hu\/a-trappistan-tul-is-van-elet\/"},"wordCount":1044,"commentCount":0,"image":{"@id":"https:\/\/super-news.info\/hu\/a-trappistan-tul-is-van-elet\/#primaryimage"},"thumbnailUrl":"https:\/\/super-news.info\/hu\/wp-content\/uploads\/sites\/3\/2019\/06\/A-trappist\u00e1n-t\u00fal-is-van-\u00e9let.jpg","articleSection":["P\u00c9NZ\u00dcGYI H\u00cdREK"],"inLanguage":"hu","potentialAction":[{"@type":"CommentAction","name":"Comment","target":["https:\/\/super-news.info\/hu\/a-trappistan-tul-is-van-elet\/#respond"]}]},{"@type":"WebPage","@id":"https:\/\/super-news.info\/hu\/a-trappistan-tul-is-van-elet\/","url":"https:\/\/super-news.info\/hu\/a-trappistan-tul-is-van-elet\/","name":"A trappist\u00e1n t\u00fal is van \u00e9let - Super News","isPartOf":{"@id":"https:\/\/super-news.info\/hu\/#website"},"primaryImageOfPage":{"@id":"https:\/\/super-news.info\/hu\/a-trappistan-tul-is-van-elet\/#primaryimage"},"image":{"@id":"https:\/\/super-news.info\/hu\/a-trappistan-tul-is-van-elet\/#primaryimage"},"thumbnailUrl":"https:\/\/super-news.info\/hu\/wp-content\/uploads\/sites\/3\/2019\/06\/A-trappist\u00e1n-t\u00fal-is-van-\u00e9let.jpg","datePublished":"2019-06-01T01:29:09+00:00","dateModified":"2019-06-01T01:29:10+00:00","author":{"@id":"https:\/\/super-news.info\/hu\/#\/schema\/person\/2d4068cb2f39cd10008c2fce578a7356"},"breadcrumb":{"@id":"https:\/\/super-news.info\/hu\/a-trappistan-tul-is-van-elet\/#breadcrumb"},"inLanguage":"hu","potentialAction":[{"@type":"ReadAction","target":["https:\/\/super-news.info\/hu\/a-trappistan-tul-is-van-elet\/"]}]},{"@type":"ImageObject","inLanguage":"hu","@id":"https:\/\/super-news.info\/hu\/a-trappistan-tul-is-van-elet\/#primaryimage","url":"https:\/\/super-news.info\/hu\/wp-content\/uploads\/sites\/3\/2019\/06\/A-trappist\u00e1n-t\u00fal-is-van-\u00e9let.jpg","contentUrl":"https:\/\/super-news.info\/hu\/wp-content\/uploads\/sites\/3\/2019\/06\/A-trappist\u00e1n-t\u00fal-is-van-\u00e9let.jpg","width":1024,"height":682,"caption":"A trappist\u00e1n t\u00fal is van \u00e9let"},{"@type":"BreadcrumbList","@id":"https:\/\/super-news.info\/hu\/a-trappistan-tul-is-van-elet\/#breadcrumb","itemListElement":[{"@type":"ListItem","position":1,"name":"\u0413\u043b\u0430\u0432\u043d\u0430\u044f \u0441\u0442\u0440\u0430\u043d\u0438\u0446\u0430","item":"https:\/\/super-news.info\/hu\/"},{"@type":"ListItem","position":2,"name":"A trappist\u00e1n t\u00fal is van \u00e9let"}]},{"@type":"WebSite","@id":"https:\/\/super-news.info\/hu\/#website","url":"https:\/\/super-news.info\/hu\/","name":"Super News","description":"Super News Magyarorsz\u00e1g","potentialAction":[{"@type":"SearchAction","target":{"@type":"EntryPoint","urlTemplate":"https:\/\/super-news.info\/hu\/?s={search_term_string}"},"query-input":{"@type":"PropertyValueSpecification","valueRequired":true,"valueName":"search_term_string"}}],"inLanguage":"hu"},{"@type":"Person","@id":"https:\/\/super-news.info\/hu\/#\/schema\/person\/2d4068cb2f39cd10008c2fce578a7356","name":"super-news","image":{"@type":"ImageObject","inLanguage":"hu","@id":"https:\/\/secure.gravatar.com\/avatar\/64ebac40b93f26a154f8a9b5b6fdccfc46f442b26b3dd6756dbff3bf9dc76fd7?s=96&d=mm&r=g","url":"https:\/\/secure.gravatar.com\/avatar\/64ebac40b93f26a154f8a9b5b6fdccfc46f442b26b3dd6756dbff3bf9dc76fd7?s=96&d=mm&r=g","contentUrl":"https:\/\/secure.gravatar.com\/avatar\/64ebac40b93f26a154f8a9b5b6fdccfc46f442b26b3dd6756dbff3bf9dc76fd7?s=96&d=mm&r=g","caption":"super-news"},"url":"https:\/\/super-news.info\/hu\/author\/pt\/"}]}},"_links":{"self":[{"href":"https:\/\/super-news.info\/hu\/wp-json\/wp\/v2\/posts\/3169","targetHints":{"allow":["GET"]}}],"collection":[{"href":"https:\/\/super-news.info\/hu\/wp-json\/wp\/v2\/posts"}],"about":[{"href":"https:\/\/super-news.info\/hu\/wp-json\/wp\/v2\/types\/post"}],"author":[{"embeddable":true,"href":"https:\/\/super-news.info\/hu\/wp-json\/wp\/v2\/users\/2"}],"replies":[{"embeddable":true,"href":"https:\/\/super-news.info\/hu\/wp-json\/wp\/v2\/comments?post=3169"}],"version-history":[{"count":1,"href":"https:\/\/super-news.info\/hu\/wp-json\/wp\/v2\/posts\/3169\/revisions"}],"predecessor-version":[{"id":3171,"href":"https:\/\/super-news.info\/hu\/wp-json\/wp\/v2\/posts\/3169\/revisions\/3171"}],"wp:featuredmedia":[{"embeddable":true,"href":"https:\/\/super-news.info\/hu\/wp-json\/wp\/v2\/media\/3170"}],"wp:attachment":[{"href":"https:\/\/super-news.info\/hu\/wp-json\/wp\/v2\/media?parent=3169"}],"wp:term":[{"taxonomy":"category","embeddable":true,"href":"https:\/\/super-news.info\/hu\/wp-json\/wp\/v2\/categories?post=3169"},{"taxonomy":"post_tag","embeddable":true,"href":"https:\/\/super-news.info\/hu\/wp-json\/wp\/v2\/tags?post=3169"}],"curies":[{"name":"wp","href":"https:\/\/api.w.org\/{rel}","templated":true}]}}