{"id":3163,"date":"2019-06-01T02:42:30","date_gmt":"2019-05-31T23:42:30","guid":{"rendered":"https:\/\/super-news.info\/hu\/kina-feketelistat-indit-vilaggazdasag\/"},"modified":"2019-06-01T02:42:31","modified_gmt":"2019-05-31T23:42:31","slug":"kina-feketelistat-indit-vilaggazdasag","status":"publish","type":"post","link":"https:\/\/super-news.info\/hu\/kina-feketelistat-indit-vilaggazdasag\/","title":{"rendered":"K\u00edna feketelist\u00e1t ind\u00edt | Vil\u00e1ggazdas\u00e1g"},"content":{"rendered":"<p> [ad_1]<br \/>\n<\/p>\n<p>\n\t\t\t\t\t\t\t\tA k\u00ednai kereskedelmi miniszt\u00e9rium p\u00e9nteken bejelentette, hogy list\u00e1t \u00e1ll\u00edt \u00f6ssze azokr\u00f3l a k\u00fclf\u00f6ldi v\u00e1llalatokr\u00f3l, szervezetekr\u0151l \u00e9s a szem\u00e9lyekr\u0151l, amelyeket megb\u00edzhatatlannak tart, mert k\u00e1rt okoztak k\u00ednai v\u00e1llalatoknak \u2013 k\u00f6z\u00f6lte a k\u00ednai \u00e1llami r\u00e1di\u00f3.\t\t\t\t\t\t\t<\/p>\n<div>\n<p>Kao Feng, a miniszt\u00e9rium sz\u00f3viv\u0151je k\u00f6z\u00f6lte, hogy a \u201emegb\u00edzhatatlanok list\u00e1j\u00e1ra\u201d azok ker\u00fclnek fel, akik semmibe veszik a piaci szab\u00e1lyokat \u00e9s a szerz\u0151d\u00e9sek szellem\u00e9t, nem kereskedelmi okokb\u00f3l akad\u00e1lyoznak besz\u00e1ll\u00edt\u00f3kat term\u00e9keik k\u00ednai v\u00e1llalatoknak val\u00f3 elad\u00e1s\u00e1ban, valamint s\u00falyosan s\u00e9rtik k\u00ednai v\u00e1llalatok legitim \u00e9rdekeit \u00e9s jogait.<\/p>\n<p>Az int\u00e9zked\u00e9s nem ir\u00e1nyul egyetlen orsz\u00e1g vagy v\u00e1llalat ellen sem a k\u00ednai bejelent\u00e9s szerint, de \u00e9ppen egy olyan pillanatban hoztak r\u00f3la d\u00f6nt\u00e9st, amikor az Egyes\u00fclt \u00c1llamok \u00e9s a K\u00edna k\u00f6z\u00f6tti fesz\u00fclts\u00e9g rendk\u00edv\u00fcl ki\u00e9lez\u0151d\u00f6tt,<\/p>\n<p>miut\u00e1n a Huawei Technologies k\u00ednai \u00f3ri\u00e1sv\u00e1llalatot \u00e9s 68 le\u00e1nyv\u00e1llalat\u00e1t k\u00e9t hete feketelist\u00e1ra tette az amerikai kereskedelmi miniszt\u00e9rium.<\/p>\n<p>Ezen a list\u00e1n olyan, az Egyes\u00fclt \u00c1llamok nemzetbiztons\u00e1g\u00e1ra vagy k\u00fclpolitikai \u00e9rdekeire potenci\u00e1lis vesz\u00e9lyt jelent\u0151 c\u00e9gek szerepelnek, amelyek az amerikai korm\u00e1nyzat enged\u00e9lye n\u00e9lk\u00fcl nem v\u00e1s\u00e1rolhatnak alkatr\u00e9szeket vagy technol\u00f3gi\u00e1t amerikai c\u00e9gekt\u0151l. Amerikai besz\u00e1ll\u00edt\u00f3i n\u00e9lk\u00fcl ak\u00e1r el is lehetetlen\u00fclhet a Huawei tev\u00e9kenys\u00e9ge.<\/p>\n<div id=\"attachment_1243759\" style=\"width: 1410px\" class=\"wp-caption aligncenter\">\n<p class=\"wp-caption-text\">Fot\u00f3: AFP<\/p>\n<\/div>\n<p>El\u0151z\u0151leg Donald Trump amerikai eln\u00f6k az Egyes\u00fclt \u00c1llamok telekommunik\u00e1ci\u00f3s h\u00e1l\u00f3zatainak v\u00e9delm\u00e9r\u0151l sz\u00f3l\u00f3 rendelet\u00e9ben felhatalmazta a kereskedelmi miniszt\u00e9riumot arra, hogy tiltsa meg amerikai telekommunik\u00e1ci\u00f3s v\u00e1llalatoknak az \u00fczletk\u00f6t\u00e9st olyan k\u00fclf\u00f6ldi alkatr\u00e9szgy\u00e1rt\u00f3kkal, amelyek nemzetbiztons\u00e1gi kock\u00e1zatot jelenthetnek az Egyes\u00fclt \u00c1llamok sz\u00e1m\u00e1ra.<\/p>\n<p>A rendelet nem neves\u00edtett egyetlen orsz\u00e1got vagy v\u00e1llalatot sem, de elemz\u0151k szerint egy\u00e9rtelm\u0171, hogy a Huawei a c\u00e9lpont.<\/p>\n<p>A Financial Times (FT) c\u00edm\u0171 brit gazdas\u00e1gi napilap p\u00e9nteken azt \u00edrta, hogy a Huawei Technologies utas\u00edtotta munkav\u00e1llal\u00f3it az amerikai koll\u00e9g\u00e1ikkal val\u00f3 technikai megbesz\u00e9l\u00e9sek lemond\u00e1s\u00e1ra, valamint hazak\u00fcldte a k\u00ednai k\u00f6zpontj\u00e1ban dolgoz\u00f3 sz\u00e1mos amerikai alkalmazottj\u00e1t. A kutat\u00e1s-fejleszt\u00e9si r\u00e9szlegben dolgoz\u00f3 amerikai \u00e1llampolg\u00e1rokat m\u00e1r k\u00e9t hete visszak\u00fcldt\u00e9k az Egyes\u00fclt \u00c1llamokba, miut\u00e1n a Huawei az amerikai feketelist\u00e1ra ker\u00fclt. A Huawei nem volt hajland\u00f3 komment\u00e1lni az FT \u00e9rtes\u00fcl\u00e9seit.<\/p>\n<\/p><\/div>\n<p><script>\n    window.fbAsyncInit = function() {\n        FB.init({\n            appId      : \"204760236815359\",\n            xfbml      : true,\n            version    : \"v2.12\"\n        });\n        FB.AppEvents.logPageView();\n    };<\/p>\n<p>    (function(d, s, id){\n        var js, fjs = d.getElementsByTagName(s)[0];\n        if (d.getElementById(id)) {return;}\n        js = d.createElement(s); js.id = id;\n        js.src = \"http:\/\/connect.facebook.net\/hu_HU\/sdk.js\";\n        fjs.parentNode.insertBefore(js, fjs);\n    }(document, \"script\", \"facebook-jssdk\"));\n<\/script><br \/>\n<br \/>[ad_2]<br \/>\n<br \/><a href=\"https:\/\/www.vg.hu\/vallalatok\/vallalati-hirek\/kina-feketelistat-indit-1545584\/\">Source link <\/a><\/p>\n","protected":false},"excerpt":{"rendered":"<p>[ad_1] A k\u00ednai kereskedelmi miniszt\u00e9rium p\u00e9nteken bejelentette, hogy list\u00e1t \u00e1ll\u00edt \u00f6ssze azokr\u00f3l a k\u00fclf\u00f6ldi v\u00e1llalatokr\u00f3l, szervezetekr\u0151l \u00e9s a szem\u00e9lyekr\u0151l, amelyeket megb\u00edzhatatlannak tart, mert k\u00e1rt okoztak k\u00ednai v\u00e1llalatoknak \u2013 k\u00f6z\u00f6lte a k\u00ednai \u00e1llami r\u00e1di\u00f3. Kao Feng, a miniszt\u00e9rium sz\u00f3viv\u0151je k\u00f6z\u00f6lte, hogy a \u201emegb\u00edzhatatlanok list\u00e1j\u00e1ra\u201d azok ker\u00fclnek fel, akik semmibe veszik a piaci szab\u00e1lyokat \u00e9s a szerz\u0151d\u00e9sek [&hellip;]<\/p>\n","protected":false},"author":2,"featured_media":3164,"comment_status":"open","ping_status":"open","sticky":false,"template":"","format":"standard","meta":{"footnotes":""},"categories":[1],"tags":[],"class_list":["post-3163","post","type-post","status-publish","format-standard","has-post-thumbnail","hentry","category-penzugyi-hirek"],"yoast_head":"<!-- This site is optimized with the Yoast SEO plugin v27.4 - https:\/\/yoast.com\/product\/yoast-seo-wordpress\/ -->\n<title>K\u00edna feketelist\u00e1t ind\u00edt | Vil\u00e1ggazdas\u00e1g - Super News<\/title>\n<meta name=\"robots\" content=\"index, follow, max-snippet:-1, max-image-preview:large, max-video-preview:-1\" \/>\n<link rel=\"canonical\" href=\"https:\/\/super-news.info\/hu\/kina-feketelistat-indit-vilaggazdasag\/\" \/>\n<meta property=\"og:locale\" content=\"hu_HU\" \/>\n<meta property=\"og:type\" content=\"article\" \/>\n<meta property=\"og:title\" content=\"K\u00edna feketelist\u00e1t ind\u00edt | Vil\u00e1ggazdas\u00e1g - Super News\" \/>\n<meta property=\"og:description\" content=\"[ad_1] A k\u00ednai kereskedelmi miniszt\u00e9rium p\u00e9nteken bejelentette, hogy list\u00e1t \u00e1ll\u00edt \u00f6ssze azokr\u00f3l a k\u00fclf\u00f6ldi v\u00e1llalatokr\u00f3l, szervezetekr\u0151l \u00e9s a szem\u00e9lyekr\u0151l, amelyeket megb\u00edzhatatlannak tart, mert k\u00e1rt okoztak k\u00ednai v\u00e1llalatoknak \u2013 k\u00f6z\u00f6lte a k\u00ednai \u00e1llami r\u00e1di\u00f3. Kao Feng, a miniszt\u00e9rium sz\u00f3viv\u0151je k\u00f6z\u00f6lte, hogy a \u201emegb\u00edzhatatlanok list\u00e1j\u00e1ra\u201d azok ker\u00fclnek fel, akik semmibe veszik a piaci szab\u00e1lyokat \u00e9s a szerz\u0151d\u00e9sek [&hellip;]\" \/>\n<meta property=\"og:url\" content=\"https:\/\/super-news.info\/hu\/kina-feketelistat-indit-vilaggazdasag\/\" \/>\n<meta property=\"og:site_name\" content=\"Super News\" \/>\n<meta property=\"article:published_time\" content=\"2019-05-31T23:42:30+00:00\" \/>\n<meta property=\"article:modified_time\" content=\"2019-05-31T23:42:31+00:00\" \/>\n<meta property=\"og:image\" content=\"https:\/\/super-news.info\/hu\/wp-content\/uploads\/sites\/3\/2019\/06\/K\u00edna-feketelist\u00e1t-ind\u00edt-Vil\u00e1ggazdas\u00e1g.jpg\" \/>\n\t<meta property=\"og:image:width\" content=\"1400\" \/>\n\t<meta property=\"og:image:height\" content=\"933\" \/>\n\t<meta property=\"og:image:type\" content=\"image\/jpeg\" \/>\n<meta name=\"author\" content=\"super-news\" \/>\n<meta name=\"twitter:card\" content=\"summary_large_image\" \/>\n<meta name=\"twitter:label1\" content=\"Szerz\u0151:\" \/>\n\t<meta name=\"twitter:data1\" content=\"super-news\" \/>\n\t<meta name=\"twitter:label2\" content=\"Becs\u00fclt olvas\u00e1si id\u0151\" \/>\n\t<meta name=\"twitter:data2\" content=\"2 perc\" \/>\n<script type=\"application\/ld+json\" class=\"yoast-schema-graph\">{\"@context\":\"https:\\\/\\\/schema.org\",\"@graph\":[{\"@type\":\"Article\",\"@id\":\"https:\\\/\\\/super-news.info\\\/hu\\\/kina-feketelistat-indit-vilaggazdasag\\\/#article\",\"isPartOf\":{\"@id\":\"https:\\\/\\\/super-news.info\\\/hu\\\/kina-feketelistat-indit-vilaggazdasag\\\/\"},\"author\":{\"name\":\"super-news\",\"@id\":\"https:\\\/\\\/super-news.info\\\/hu\\\/#\\\/schema\\\/person\\\/2d4068cb2f39cd10008c2fce578a7356\"},\"headline\":\"K\u00edna feketelist\u00e1t ind\u00edt | Vil\u00e1ggazdas\u00e1g\",\"datePublished\":\"2019-05-31T23:42:30+00:00\",\"dateModified\":\"2019-05-31T23:42:31+00:00\",\"mainEntityOfPage\":{\"@id\":\"https:\\\/\\\/super-news.info\\\/hu\\\/kina-feketelistat-indit-vilaggazdasag\\\/\"},\"wordCount\":468,\"commentCount\":0,\"image\":{\"@id\":\"https:\\\/\\\/super-news.info\\\/hu\\\/kina-feketelistat-indit-vilaggazdasag\\\/#primaryimage\"},\"thumbnailUrl\":\"https:\\\/\\\/super-news.info\\\/hu\\\/wp-content\\\/uploads\\\/sites\\\/3\\\/2019\\\/06\\\/K\u00edna-feketelist\u00e1t-ind\u00edt-Vil\u00e1ggazdas\u00e1g.jpg\",\"articleSection\":[\"P\u00c9NZ\u00dcGYI H\u00cdREK\"],\"inLanguage\":\"hu\",\"potentialAction\":[{\"@type\":\"CommentAction\",\"name\":\"Comment\",\"target\":[\"https:\\\/\\\/super-news.info\\\/hu\\\/kina-feketelistat-indit-vilaggazdasag\\\/#respond\"]}]},{\"@type\":\"WebPage\",\"@id\":\"https:\\\/\\\/super-news.info\\\/hu\\\/kina-feketelistat-indit-vilaggazdasag\\\/\",\"url\":\"https:\\\/\\\/super-news.info\\\/hu\\\/kina-feketelistat-indit-vilaggazdasag\\\/\",\"name\":\"K\u00edna feketelist\u00e1t ind\u00edt | Vil\u00e1ggazdas\u00e1g - Super News\",\"isPartOf\":{\"@id\":\"https:\\\/\\\/super-news.info\\\/hu\\\/#website\"},\"primaryImageOfPage\":{\"@id\":\"https:\\\/\\\/super-news.info\\\/hu\\\/kina-feketelistat-indit-vilaggazdasag\\\/#primaryimage\"},\"image\":{\"@id\":\"https:\\\/\\\/super-news.info\\\/hu\\\/kina-feketelistat-indit-vilaggazdasag\\\/#primaryimage\"},\"thumbnailUrl\":\"https:\\\/\\\/super-news.info\\\/hu\\\/wp-content\\\/uploads\\\/sites\\\/3\\\/2019\\\/06\\\/K\u00edna-feketelist\u00e1t-ind\u00edt-Vil\u00e1ggazdas\u00e1g.jpg\",\"datePublished\":\"2019-05-31T23:42:30+00:00\",\"dateModified\":\"2019-05-31T23:42:31+00:00\",\"author\":{\"@id\":\"https:\\\/\\\/super-news.info\\\/hu\\\/#\\\/schema\\\/person\\\/2d4068cb2f39cd10008c2fce578a7356\"},\"breadcrumb\":{\"@id\":\"https:\\\/\\\/super-news.info\\\/hu\\\/kina-feketelistat-indit-vilaggazdasag\\\/#breadcrumb\"},\"inLanguage\":\"hu\",\"potentialAction\":[{\"@type\":\"ReadAction\",\"target\":[\"https:\\\/\\\/super-news.info\\\/hu\\\/kina-feketelistat-indit-vilaggazdasag\\\/\"]}]},{\"@type\":\"ImageObject\",\"inLanguage\":\"hu\",\"@id\":\"https:\\\/\\\/super-news.info\\\/hu\\\/kina-feketelistat-indit-vilaggazdasag\\\/#primaryimage\",\"url\":\"https:\\\/\\\/super-news.info\\\/hu\\\/wp-content\\\/uploads\\\/sites\\\/3\\\/2019\\\/06\\\/K\u00edna-feketelist\u00e1t-ind\u00edt-Vil\u00e1ggazdas\u00e1g.jpg\",\"contentUrl\":\"https:\\\/\\\/super-news.info\\\/hu\\\/wp-content\\\/uploads\\\/sites\\\/3\\\/2019\\\/06\\\/K\u00edna-feketelist\u00e1t-ind\u00edt-Vil\u00e1ggazdas\u00e1g.jpg\",\"width\":1400,\"height\":933,\"caption\":\"K\u00edna feketelist\u00e1t ind\u00edt | Vil\u00e1ggazdas\u00e1g\"},{\"@type\":\"BreadcrumbList\",\"@id\":\"https:\\\/\\\/super-news.info\\\/hu\\\/kina-feketelistat-indit-vilaggazdasag\\\/#breadcrumb\",\"itemListElement\":[{\"@type\":\"ListItem\",\"position\":1,\"name\":\"\u0413\u043b\u0430\u0432\u043d\u0430\u044f \u0441\u0442\u0440\u0430\u043d\u0438\u0446\u0430\",\"item\":\"https:\\\/\\\/super-news.info\\\/hu\\\/\"},{\"@type\":\"ListItem\",\"position\":2,\"name\":\"K\u00edna feketelist\u00e1t ind\u00edt | Vil\u00e1ggazdas\u00e1g\"}]},{\"@type\":\"WebSite\",\"@id\":\"https:\\\/\\\/super-news.info\\\/hu\\\/#website\",\"url\":\"https:\\\/\\\/super-news.info\\\/hu\\\/\",\"name\":\"Super News\",\"description\":\"Super News Magyarorsz\u00e1g\",\"potentialAction\":[{\"@type\":\"SearchAction\",\"target\":{\"@type\":\"EntryPoint\",\"urlTemplate\":\"https:\\\/\\\/super-news.info\\\/hu\\\/?s={search_term_string}\"},\"query-input\":{\"@type\":\"PropertyValueSpecification\",\"valueRequired\":true,\"valueName\":\"search_term_string\"}}],\"inLanguage\":\"hu\"},{\"@type\":\"Person\",\"@id\":\"https:\\\/\\\/super-news.info\\\/hu\\\/#\\\/schema\\\/person\\\/2d4068cb2f39cd10008c2fce578a7356\",\"name\":\"super-news\",\"image\":{\"@type\":\"ImageObject\",\"inLanguage\":\"hu\",\"@id\":\"https:\\\/\\\/secure.gravatar.com\\\/avatar\\\/64ebac40b93f26a154f8a9b5b6fdccfc46f442b26b3dd6756dbff3bf9dc76fd7?s=96&d=mm&r=g\",\"url\":\"https:\\\/\\\/secure.gravatar.com\\\/avatar\\\/64ebac40b93f26a154f8a9b5b6fdccfc46f442b26b3dd6756dbff3bf9dc76fd7?s=96&d=mm&r=g\",\"contentUrl\":\"https:\\\/\\\/secure.gravatar.com\\\/avatar\\\/64ebac40b93f26a154f8a9b5b6fdccfc46f442b26b3dd6756dbff3bf9dc76fd7?s=96&d=mm&r=g\",\"caption\":\"super-news\"},\"url\":\"https:\\\/\\\/super-news.info\\\/hu\\\/author\\\/pt\\\/\"}]}<\/script>\n<!-- \/ Yoast SEO plugin. -->","yoast_head_json":{"title":"K\u00edna feketelist\u00e1t ind\u00edt | Vil\u00e1ggazdas\u00e1g - Super News","robots":{"index":"index","follow":"follow","max-snippet":"max-snippet:-1","max-image-preview":"max-image-preview:large","max-video-preview":"max-video-preview:-1"},"canonical":"https:\/\/super-news.info\/hu\/kina-feketelistat-indit-vilaggazdasag\/","og_locale":"hu_HU","og_type":"article","og_title":"K\u00edna feketelist\u00e1t ind\u00edt | Vil\u00e1ggazdas\u00e1g - Super News","og_description":"[ad_1] A k\u00ednai kereskedelmi miniszt\u00e9rium p\u00e9nteken bejelentette, hogy list\u00e1t \u00e1ll\u00edt \u00f6ssze azokr\u00f3l a k\u00fclf\u00f6ldi v\u00e1llalatokr\u00f3l, szervezetekr\u0151l \u00e9s a szem\u00e9lyekr\u0151l, amelyeket megb\u00edzhatatlannak tart, mert k\u00e1rt okoztak k\u00ednai v\u00e1llalatoknak \u2013 k\u00f6z\u00f6lte a k\u00ednai \u00e1llami r\u00e1di\u00f3. Kao Feng, a miniszt\u00e9rium sz\u00f3viv\u0151je k\u00f6z\u00f6lte, hogy a \u201emegb\u00edzhatatlanok list\u00e1j\u00e1ra\u201d azok ker\u00fclnek fel, akik semmibe veszik a piaci szab\u00e1lyokat \u00e9s a szerz\u0151d\u00e9sek [&hellip;]","og_url":"https:\/\/super-news.info\/hu\/kina-feketelistat-indit-vilaggazdasag\/","og_site_name":"Super News","article_published_time":"2019-05-31T23:42:30+00:00","article_modified_time":"2019-05-31T23:42:31+00:00","og_image":[{"width":1400,"height":933,"url":"https:\/\/super-news.info\/hu\/wp-content\/uploads\/sites\/3\/2019\/06\/K\u00edna-feketelist\u00e1t-ind\u00edt-Vil\u00e1ggazdas\u00e1g.jpg","type":"image\/jpeg"}],"author":"super-news","twitter_card":"summary_large_image","twitter_misc":{"Szerz\u0151:":"super-news","Becs\u00fclt olvas\u00e1si id\u0151":"2 perc"},"schema":{"@context":"https:\/\/schema.org","@graph":[{"@type":"Article","@id":"https:\/\/super-news.info\/hu\/kina-feketelistat-indit-vilaggazdasag\/#article","isPartOf":{"@id":"https:\/\/super-news.info\/hu\/kina-feketelistat-indit-vilaggazdasag\/"},"author":{"name":"super-news","@id":"https:\/\/super-news.info\/hu\/#\/schema\/person\/2d4068cb2f39cd10008c2fce578a7356"},"headline":"K\u00edna feketelist\u00e1t ind\u00edt | Vil\u00e1ggazdas\u00e1g","datePublished":"2019-05-31T23:42:30+00:00","dateModified":"2019-05-31T23:42:31+00:00","mainEntityOfPage":{"@id":"https:\/\/super-news.info\/hu\/kina-feketelistat-indit-vilaggazdasag\/"},"wordCount":468,"commentCount":0,"image":{"@id":"https:\/\/super-news.info\/hu\/kina-feketelistat-indit-vilaggazdasag\/#primaryimage"},"thumbnailUrl":"https:\/\/super-news.info\/hu\/wp-content\/uploads\/sites\/3\/2019\/06\/K\u00edna-feketelist\u00e1t-ind\u00edt-Vil\u00e1ggazdas\u00e1g.jpg","articleSection":["P\u00c9NZ\u00dcGYI H\u00cdREK"],"inLanguage":"hu","potentialAction":[{"@type":"CommentAction","name":"Comment","target":["https:\/\/super-news.info\/hu\/kina-feketelistat-indit-vilaggazdasag\/#respond"]}]},{"@type":"WebPage","@id":"https:\/\/super-news.info\/hu\/kina-feketelistat-indit-vilaggazdasag\/","url":"https:\/\/super-news.info\/hu\/kina-feketelistat-indit-vilaggazdasag\/","name":"K\u00edna feketelist\u00e1t ind\u00edt | Vil\u00e1ggazdas\u00e1g - Super News","isPartOf":{"@id":"https:\/\/super-news.info\/hu\/#website"},"primaryImageOfPage":{"@id":"https:\/\/super-news.info\/hu\/kina-feketelistat-indit-vilaggazdasag\/#primaryimage"},"image":{"@id":"https:\/\/super-news.info\/hu\/kina-feketelistat-indit-vilaggazdasag\/#primaryimage"},"thumbnailUrl":"https:\/\/super-news.info\/hu\/wp-content\/uploads\/sites\/3\/2019\/06\/K\u00edna-feketelist\u00e1t-ind\u00edt-Vil\u00e1ggazdas\u00e1g.jpg","datePublished":"2019-05-31T23:42:30+00:00","dateModified":"2019-05-31T23:42:31+00:00","author":{"@id":"https:\/\/super-news.info\/hu\/#\/schema\/person\/2d4068cb2f39cd10008c2fce578a7356"},"breadcrumb":{"@id":"https:\/\/super-news.info\/hu\/kina-feketelistat-indit-vilaggazdasag\/#breadcrumb"},"inLanguage":"hu","potentialAction":[{"@type":"ReadAction","target":["https:\/\/super-news.info\/hu\/kina-feketelistat-indit-vilaggazdasag\/"]}]},{"@type":"ImageObject","inLanguage":"hu","@id":"https:\/\/super-news.info\/hu\/kina-feketelistat-indit-vilaggazdasag\/#primaryimage","url":"https:\/\/super-news.info\/hu\/wp-content\/uploads\/sites\/3\/2019\/06\/K\u00edna-feketelist\u00e1t-ind\u00edt-Vil\u00e1ggazdas\u00e1g.jpg","contentUrl":"https:\/\/super-news.info\/hu\/wp-content\/uploads\/sites\/3\/2019\/06\/K\u00edna-feketelist\u00e1t-ind\u00edt-Vil\u00e1ggazdas\u00e1g.jpg","width":1400,"height":933,"caption":"K\u00edna feketelist\u00e1t ind\u00edt | Vil\u00e1ggazdas\u00e1g"},{"@type":"BreadcrumbList","@id":"https:\/\/super-news.info\/hu\/kina-feketelistat-indit-vilaggazdasag\/#breadcrumb","itemListElement":[{"@type":"ListItem","position":1,"name":"\u0413\u043b\u0430\u0432\u043d\u0430\u044f \u0441\u0442\u0440\u0430\u043d\u0438\u0446\u0430","item":"https:\/\/super-news.info\/hu\/"},{"@type":"ListItem","position":2,"name":"K\u00edna feketelist\u00e1t ind\u00edt | Vil\u00e1ggazdas\u00e1g"}]},{"@type":"WebSite","@id":"https:\/\/super-news.info\/hu\/#website","url":"https:\/\/super-news.info\/hu\/","name":"Super News","description":"Super News Magyarorsz\u00e1g","potentialAction":[{"@type":"SearchAction","target":{"@type":"EntryPoint","urlTemplate":"https:\/\/super-news.info\/hu\/?s={search_term_string}"},"query-input":{"@type":"PropertyValueSpecification","valueRequired":true,"valueName":"search_term_string"}}],"inLanguage":"hu"},{"@type":"Person","@id":"https:\/\/super-news.info\/hu\/#\/schema\/person\/2d4068cb2f39cd10008c2fce578a7356","name":"super-news","image":{"@type":"ImageObject","inLanguage":"hu","@id":"https:\/\/secure.gravatar.com\/avatar\/64ebac40b93f26a154f8a9b5b6fdccfc46f442b26b3dd6756dbff3bf9dc76fd7?s=96&d=mm&r=g","url":"https:\/\/secure.gravatar.com\/avatar\/64ebac40b93f26a154f8a9b5b6fdccfc46f442b26b3dd6756dbff3bf9dc76fd7?s=96&d=mm&r=g","contentUrl":"https:\/\/secure.gravatar.com\/avatar\/64ebac40b93f26a154f8a9b5b6fdccfc46f442b26b3dd6756dbff3bf9dc76fd7?s=96&d=mm&r=g","caption":"super-news"},"url":"https:\/\/super-news.info\/hu\/author\/pt\/"}]}},"_links":{"self":[{"href":"https:\/\/super-news.info\/hu\/wp-json\/wp\/v2\/posts\/3163","targetHints":{"allow":["GET"]}}],"collection":[{"href":"https:\/\/super-news.info\/hu\/wp-json\/wp\/v2\/posts"}],"about":[{"href":"https:\/\/super-news.info\/hu\/wp-json\/wp\/v2\/types\/post"}],"author":[{"embeddable":true,"href":"https:\/\/super-news.info\/hu\/wp-json\/wp\/v2\/users\/2"}],"replies":[{"embeddable":true,"href":"https:\/\/super-news.info\/hu\/wp-json\/wp\/v2\/comments?post=3163"}],"version-history":[{"count":1,"href":"https:\/\/super-news.info\/hu\/wp-json\/wp\/v2\/posts\/3163\/revisions"}],"predecessor-version":[{"id":3165,"href":"https:\/\/super-news.info\/hu\/wp-json\/wp\/v2\/posts\/3163\/revisions\/3165"}],"wp:featuredmedia":[{"embeddable":true,"href":"https:\/\/super-news.info\/hu\/wp-json\/wp\/v2\/media\/3164"}],"wp:attachment":[{"href":"https:\/\/super-news.info\/hu\/wp-json\/wp\/v2\/media?parent=3163"}],"wp:term":[{"taxonomy":"category","embeddable":true,"href":"https:\/\/super-news.info\/hu\/wp-json\/wp\/v2\/categories?post=3163"},{"taxonomy":"post_tag","embeddable":true,"href":"https:\/\/super-news.info\/hu\/wp-json\/wp\/v2\/tags?post=3163"}],"curies":[{"name":"wp","href":"https:\/\/api.w.org\/{rel}","templated":true}]}}