{"id":2953,"date":"2019-05-29T14:59:21","date_gmt":"2019-05-29T11:59:21","guid":{"rendered":"https:\/\/super-news.info\/hu\/minden-harmadik-magyar-az-emag-on-vasarol-e-kereskedelem\/"},"modified":"2019-05-29T14:59:22","modified_gmt":"2019-05-29T11:59:22","slug":"minden-harmadik-magyar-az-emag-on-vasarol-e-kereskedelem","status":"publish","type":"post","link":"https:\/\/super-news.info\/hu\/minden-harmadik-magyar-az-emag-on-vasarol-e-kereskedelem\/","title":{"rendered":"Minden harmadik magyar az eMAG-on v\u00e1s\u00e1rol &#8211; E-kereskedelem"},"content":{"rendered":"<p> [ad_1]<br \/>\n<\/p>\n<p>Minden harmadik, 18 \u00e9s 55 \u00e9v k\u00f6z\u00f6tti magyar v\u00e1s\u00e1rl\u00f3 az eMAG-ot v\u00e1lasztotta 2018-ban. Az \u00f6sszesen k\u00f6zel m\u00e1sf\u00e9l milli\u00f3 vev\u0151nek k\u00f6sz\u00f6nhet\u0151en az eMAG.hu lett a hazai e-kereskedelmi szektor legn\u00e9pszer\u0171bb \u00e9s legnagyobb forgalm\u00fa oldala a GKI Digital frissen publik\u00e1lt toplist\u00e1ja alapj\u00e1n.<\/p>\n<div id=\"article_text\">\n<p class=\"FelsorolsCLCxSpFirst\"><em>\u201eA tavalyi \u00e9v volt az eddigi legkiemelked\u0151bb 2013-as piacra l\u00e9p\u00e9s\u00fcnk \u00f3ta\u201d<\/em> \u2013 k\u00f6z\u00f6lte Catalin Dit, az eMAG magyarorsz\u00e1gi vezet\u0151je. Az web\u00e1ruh\u00e1z 35 sz\u00e1zal\u00e9kos forgalom-n\u00f6veked\u00e9st \u00e9rt el az el\u0151z\u0151 \u00e9vhez k\u00e9pest, ami a rekordnak sz\u00e1m\u00edt\u00f3 120 milli\u00f3s l\u00e1togat\u00f3i sz\u00e1mnak \u00e9s az egyed\u00fcl\u00e1ll\u00f3, m\u00e1sf\u00e9l milli\u00f3 term\u00e9kb\u0151l \u00e1ll\u00f3 k\u00edn\u00e1latnak k\u00f6sz\u00f6nhet\u0151. Az oldalon leadott rendel\u00e9sek sz\u00e1ma \u00e9ves szinten \u00e1tl\u00e9pte a 2,5 milli\u00f3t, amit itthon t\u00f6bb, mint 270 munkav\u00e1llal\u00f3val igyekszik sikeresen teljes\u00edteni a v\u00e1llalat.<\/p>\n<p class=\"FelsorolsCLCxSpMiddle\"><strong>Mi van a h\u00e1tt\u00e9rben?<\/strong><\/p>\n<p class=\"FelsorolsCLCxSpMiddle\">A kisz\u00e1ll\u00edt\u00e1sok felgyors\u00edt\u00e1sa \u00e9rdek\u00e9ben az eMAG 3 milli\u00f3 eur\u00f3s beruh\u00e1z\u00e1st hajtott v\u00e9gre \u00fcll\u0151i rakt\u00e1rk\u00f6zpontj\u00e1ban, \u00edgy 2018-t\u00f3l m\u00e1r t\u00f6bb, mint a rendel\u00e9sek k\u00e9tharmad\u00e1t k\u00f6zvetlen\u00fcl a hazai piacr\u00f3l fedezi. Az 1500 v\u00e1llalkoz\u00e1sb\u00f3l \u00e1ll\u00f3, kiterjedt besz\u00e1ll\u00edt\u00f3i h\u00e1l\u00f3zat viszont \u00f6nmag\u00e1ban nem lenne k\u00e9pes ell\u00e1tni term\u00e9kekkel a v\u00e1s\u00e1rl\u00f3kat. \u0150ket eg\u00e9sz\u00edti ki a m\u00e1ra 3300 elad\u00f3t sz\u00e1ml\u00e1l\u00f3 Marketplace, ahol az eMAG fel\u00fclet\u00e9n, a vev\u0151k k\u00f6zvetlen\u00fcl a forgalmaz\u00f3kt\u00f3l v\u00e1s\u00e1rolhatnak. Ebben a hibrid megold\u00e1sban a c\u00e9g tov\u00e1bbra is kiemelked\u0151 potenci\u00e1lt l\u00e1t.<\/p>\n<p class=\"FelsorolsCLCxSpMiddle\"><strong>M\u00e1r a mobil a legfontosabb<\/strong><\/p>\n<p class=\"FelsorolsCLCxSpMiddle\">Az elm\u00falt t\u00f6bb, mint f\u00e9l \u00e9vtizedben a c\u00e9g t\u00e1mogatta az online v\u00e1s\u00e1rl\u00e1s t\u00e9rh\u00f3d\u00edt\u00e1s\u00e1t, a gyorsan forg\u00f3 fogyaszt\u00e1si cikkek v\u00e1s\u00e1rl\u00e1s\u00e1nak online t\u00e9rbe ker\u00fcl\u00e9s\u00e9t \u00e9s \u00fatt\u00f6r\u0151je volt a leg\u00fajabb p\u00e9nz\u00fcgyi \u00e9s logisztikai megold\u00e1sok bevezet\u00e9s\u00e9nek. Az egyik legfontosabb trendnek a mobilk\u00e9sz\u00fcl\u00e9kek el\u0151t\u00e9rbe ker\u00fcl\u00e9s\u00e9t tekinti a szolg\u00e1ltat\u00f3. A szem\u00e9lyre szabott akci\u00f3knak, a gyors \u00e9s biztons\u00e1gos applik\u00e1ci\u00f3nak \u00e9s a k\u00f6nnyen kezelhet\u0151 mobilos fel\u00fcletnek k\u00f6sz\u00f6nhet\u0151en az eMAG l\u00e1togat\u00f3inak 50 sz\u00e1zal\u00e9ka mobilr\u00f3l \u00e9rkezik.<\/p>\n<p class=\"FelsorolsCLCxSpMiddle\"><strong>Min\u00e9l k\u00f6zelebb a v\u00e1s\u00e1rl\u00f3hoz<\/strong><\/p>\n<p class=\"FelsorolsCLCxSpLast\">Az eMAG c\u00e9lja, hogy a naponta \u00e1tlagosan leadott t\u00f6bb ezer rendel\u00e9s sor\u00e1n keletkez\u0151 250 terrab\u00e1jtnyi adatot \u00e9s t\u00f6bb sz\u00e1z riportot felhaszn\u00e1lva m\u00e9g magasabb szolg\u00e1ltat\u00e1si sz\u00ednvonalat \u00e9s \u00e9lvezetesebb v\u00e1s\u00e1rl\u00e1si \u00e9lm\u00e9nyt biztos\u00edtson a l\u00e1togat\u00f3knak. A kor\u00e1bban bejelentett egyes\u00fcl\u00e9s az Edigital-lal, szint\u00e9n ezt a t\u00f6rekv\u00e9st t\u00e1mogatja. <em>\u201eSzeretn\u00e9nk m\u00e9g nagyobb hangs\u00falyt helyezni azokra a tulajdons\u00e1gokra, amik Magyarorsz\u00e1g k\u00e9t legsikeresebb e-kereskedelmi szerepl\u0151j\u00e9v\u00e9 teszik a c\u00e9get, hogy az \u00edgy l\u00e9trej\u00f6v\u0151 szolg\u00e1ltat\u00f3 hossz\u00fa t\u00e1von is t\u00f6k\u00e9letes v\u00e1laszt\u00e1s lehessen a hazai v\u00e1s\u00e1rl\u00f3k sz\u00e1m\u00e1ra\u201d<\/em> \u2013 emelte ki Catalin Dit.<\/p>\n<p><em><em style=\"color: #171717; font-size: 16px;\"><em><strong><em><em><em><em>K\u00f6vesd az oldalunkat a\u00a0<strong>Facebook-on<\/strong> \u00e9s a\u00a0<strong><a href=\"https:\/\/twitter.com\/digitalhungary\" target=\"_blank\" rel=\"noopener noreferrer\">Twitteren<\/a><\/strong> is!<\/em><\/em><\/em><\/em><\/strong><\/em><\/em><\/em><\/p>\n<\/div>\n<p><script async src=\"http:\/\/platform.twitter.com\/widgets.js\" charset=\"utf-8\"><\/script><br \/>\n<br \/>[ad_2]<br \/>\n<br \/><a href=\"https:\/\/www.digitalhungary.hu\/e-kereskedelem\/Minden-harmadik-magyar-az-eMAG-on-vasarol\/8664\/\">Source link <\/a><\/p>\n","protected":false},"excerpt":{"rendered":"<p>[ad_1] Minden harmadik, 18 \u00e9s 55 \u00e9v k\u00f6z\u00f6tti magyar v\u00e1s\u00e1rl\u00f3 az eMAG-ot v\u00e1lasztotta 2018-ban. Az \u00f6sszesen k\u00f6zel m\u00e1sf\u00e9l milli\u00f3 vev\u0151nek k\u00f6sz\u00f6nhet\u0151en az eMAG.hu lett a hazai e-kereskedelmi szektor legn\u00e9pszer\u0171bb \u00e9s legnagyobb forgalm\u00fa oldala a GKI Digital frissen publik\u00e1lt toplist\u00e1ja alapj\u00e1n. \u201eA tavalyi \u00e9v volt az eddigi legkiemelked\u0151bb 2013-as piacra l\u00e9p\u00e9s\u00fcnk \u00f3ta\u201d \u2013 k\u00f6z\u00f6lte Catalin Dit, [&hellip;]<\/p>\n","protected":false},"author":2,"featured_media":2954,"comment_status":"open","ping_status":"open","sticky":false,"template":"","format":"standard","meta":{"footnotes":""},"categories":[2],"tags":[],"class_list":["post-2953","post","type-post","status-publish","format-standard","has-post-thumbnail","hentry","category-digitalis-marketing-hirek"],"yoast_head":"<!-- This site is optimized with the Yoast SEO plugin v27.4 - https:\/\/yoast.com\/product\/yoast-seo-wordpress\/ -->\n<title>Minden harmadik magyar az eMAG-on v\u00e1s\u00e1rol - E-kereskedelem - Super News<\/title>\n<meta name=\"robots\" content=\"index, follow, max-snippet:-1, max-image-preview:large, max-video-preview:-1\" \/>\n<link rel=\"canonical\" href=\"https:\/\/super-news.info\/hu\/minden-harmadik-magyar-az-emag-on-vasarol-e-kereskedelem\/\" \/>\n<meta property=\"og:locale\" content=\"hu_HU\" \/>\n<meta property=\"og:type\" content=\"article\" \/>\n<meta property=\"og:title\" content=\"Minden harmadik magyar az eMAG-on v\u00e1s\u00e1rol - E-kereskedelem - Super News\" \/>\n<meta property=\"og:description\" content=\"[ad_1] Minden harmadik, 18 \u00e9s 55 \u00e9v k\u00f6z\u00f6tti magyar v\u00e1s\u00e1rl\u00f3 az eMAG-ot v\u00e1lasztotta 2018-ban. Az \u00f6sszesen k\u00f6zel m\u00e1sf\u00e9l milli\u00f3 vev\u0151nek k\u00f6sz\u00f6nhet\u0151en az eMAG.hu lett a hazai e-kereskedelmi szektor legn\u00e9pszer\u0171bb \u00e9s legnagyobb forgalm\u00fa oldala a GKI Digital frissen publik\u00e1lt toplist\u00e1ja alapj\u00e1n. \u201eA tavalyi \u00e9v volt az eddigi legkiemelked\u0151bb 2013-as piacra l\u00e9p\u00e9s\u00fcnk \u00f3ta\u201d \u2013 k\u00f6z\u00f6lte Catalin Dit, [&hellip;]\" \/>\n<meta property=\"og:url\" content=\"https:\/\/super-news.info\/hu\/minden-harmadik-magyar-az-emag-on-vasarol-e-kereskedelem\/\" \/>\n<meta property=\"og:site_name\" content=\"Super News\" \/>\n<meta property=\"article:published_time\" content=\"2019-05-29T11:59:21+00:00\" \/>\n<meta property=\"article:modified_time\" content=\"2019-05-29T11:59:22+00:00\" \/>\n<meta property=\"og:image\" content=\"https:\/\/super-news.info\/hu\/wp-content\/uploads\/sites\/3\/2019\/05\/Minden-harmadik-magyar-az-eMAG-on-v\u00e1s\u00e1rol-E-kereskedelem.jpg\" \/>\n\t<meta property=\"og:image:width\" content=\"1024\" \/>\n\t<meta property=\"og:image:height\" content=\"768\" \/>\n\t<meta property=\"og:image:type\" content=\"image\/jpeg\" \/>\n<meta name=\"author\" content=\"super-news\" \/>\n<meta name=\"twitter:card\" content=\"summary_large_image\" \/>\n<meta name=\"twitter:label1\" content=\"Szerz\u0151:\" \/>\n\t<meta name=\"twitter:data1\" content=\"super-news\" \/>\n\t<meta name=\"twitter:label2\" content=\"Becs\u00fclt olvas\u00e1si id\u0151\" \/>\n\t<meta name=\"twitter:data2\" content=\"3 perc\" \/>\n<script type=\"application\/ld+json\" class=\"yoast-schema-graph\">{\"@context\":\"https:\\\/\\\/schema.org\",\"@graph\":[{\"@type\":\"Article\",\"@id\":\"https:\\\/\\\/super-news.info\\\/hu\\\/minden-harmadik-magyar-az-emag-on-vasarol-e-kereskedelem\\\/#article\",\"isPartOf\":{\"@id\":\"https:\\\/\\\/super-news.info\\\/hu\\\/minden-harmadik-magyar-az-emag-on-vasarol-e-kereskedelem\\\/\"},\"author\":{\"name\":\"super-news\",\"@id\":\"https:\\\/\\\/super-news.info\\\/hu\\\/#\\\/schema\\\/person\\\/2d4068cb2f39cd10008c2fce578a7356\"},\"headline\":\"Minden harmadik magyar az eMAG-on v\u00e1s\u00e1rol &#8211; E-kereskedelem\",\"datePublished\":\"2019-05-29T11:59:21+00:00\",\"dateModified\":\"2019-05-29T11:59:22+00:00\",\"mainEntityOfPage\":{\"@id\":\"https:\\\/\\\/super-news.info\\\/hu\\\/minden-harmadik-magyar-az-emag-on-vasarol-e-kereskedelem\\\/\"},\"wordCount\":578,\"commentCount\":0,\"image\":{\"@id\":\"https:\\\/\\\/super-news.info\\\/hu\\\/minden-harmadik-magyar-az-emag-on-vasarol-e-kereskedelem\\\/#primaryimage\"},\"thumbnailUrl\":\"https:\\\/\\\/super-news.info\\\/hu\\\/wp-content\\\/uploads\\\/sites\\\/3\\\/2019\\\/05\\\/Minden-harmadik-magyar-az-eMAG-on-v\u00e1s\u00e1rol-E-kereskedelem.jpg\",\"articleSection\":[\"DIGIT\u00c1LIS MARKETING H\u00cdREK\"],\"inLanguage\":\"hu\",\"potentialAction\":[{\"@type\":\"CommentAction\",\"name\":\"Comment\",\"target\":[\"https:\\\/\\\/super-news.info\\\/hu\\\/minden-harmadik-magyar-az-emag-on-vasarol-e-kereskedelem\\\/#respond\"]}]},{\"@type\":\"WebPage\",\"@id\":\"https:\\\/\\\/super-news.info\\\/hu\\\/minden-harmadik-magyar-az-emag-on-vasarol-e-kereskedelem\\\/\",\"url\":\"https:\\\/\\\/super-news.info\\\/hu\\\/minden-harmadik-magyar-az-emag-on-vasarol-e-kereskedelem\\\/\",\"name\":\"Minden harmadik magyar az eMAG-on v\u00e1s\u00e1rol - E-kereskedelem - Super News\",\"isPartOf\":{\"@id\":\"https:\\\/\\\/super-news.info\\\/hu\\\/#website\"},\"primaryImageOfPage\":{\"@id\":\"https:\\\/\\\/super-news.info\\\/hu\\\/minden-harmadik-magyar-az-emag-on-vasarol-e-kereskedelem\\\/#primaryimage\"},\"image\":{\"@id\":\"https:\\\/\\\/super-news.info\\\/hu\\\/minden-harmadik-magyar-az-emag-on-vasarol-e-kereskedelem\\\/#primaryimage\"},\"thumbnailUrl\":\"https:\\\/\\\/super-news.info\\\/hu\\\/wp-content\\\/uploads\\\/sites\\\/3\\\/2019\\\/05\\\/Minden-harmadik-magyar-az-eMAG-on-v\u00e1s\u00e1rol-E-kereskedelem.jpg\",\"datePublished\":\"2019-05-29T11:59:21+00:00\",\"dateModified\":\"2019-05-29T11:59:22+00:00\",\"author\":{\"@id\":\"https:\\\/\\\/super-news.info\\\/hu\\\/#\\\/schema\\\/person\\\/2d4068cb2f39cd10008c2fce578a7356\"},\"breadcrumb\":{\"@id\":\"https:\\\/\\\/super-news.info\\\/hu\\\/minden-harmadik-magyar-az-emag-on-vasarol-e-kereskedelem\\\/#breadcrumb\"},\"inLanguage\":\"hu\",\"potentialAction\":[{\"@type\":\"ReadAction\",\"target\":[\"https:\\\/\\\/super-news.info\\\/hu\\\/minden-harmadik-magyar-az-emag-on-vasarol-e-kereskedelem\\\/\"]}]},{\"@type\":\"ImageObject\",\"inLanguage\":\"hu\",\"@id\":\"https:\\\/\\\/super-news.info\\\/hu\\\/minden-harmadik-magyar-az-emag-on-vasarol-e-kereskedelem\\\/#primaryimage\",\"url\":\"https:\\\/\\\/super-news.info\\\/hu\\\/wp-content\\\/uploads\\\/sites\\\/3\\\/2019\\\/05\\\/Minden-harmadik-magyar-az-eMAG-on-v\u00e1s\u00e1rol-E-kereskedelem.jpg\",\"contentUrl\":\"https:\\\/\\\/super-news.info\\\/hu\\\/wp-content\\\/uploads\\\/sites\\\/3\\\/2019\\\/05\\\/Minden-harmadik-magyar-az-eMAG-on-v\u00e1s\u00e1rol-E-kereskedelem.jpg\",\"width\":1024,\"height\":768,\"caption\":\"Minden harmadik magyar az eMAG-on v\u00e1s\u00e1rol - E-kereskedelem\"},{\"@type\":\"BreadcrumbList\",\"@id\":\"https:\\\/\\\/super-news.info\\\/hu\\\/minden-harmadik-magyar-az-emag-on-vasarol-e-kereskedelem\\\/#breadcrumb\",\"itemListElement\":[{\"@type\":\"ListItem\",\"position\":1,\"name\":\"\u0413\u043b\u0430\u0432\u043d\u0430\u044f \u0441\u0442\u0440\u0430\u043d\u0438\u0446\u0430\",\"item\":\"https:\\\/\\\/super-news.info\\\/hu\\\/\"},{\"@type\":\"ListItem\",\"position\":2,\"name\":\"Minden harmadik magyar az eMAG-on v\u00e1s\u00e1rol &#8211; E-kereskedelem\"}]},{\"@type\":\"WebSite\",\"@id\":\"https:\\\/\\\/super-news.info\\\/hu\\\/#website\",\"url\":\"https:\\\/\\\/super-news.info\\\/hu\\\/\",\"name\":\"Super News\",\"description\":\"Super News Magyarorsz\u00e1g\",\"potentialAction\":[{\"@type\":\"SearchAction\",\"target\":{\"@type\":\"EntryPoint\",\"urlTemplate\":\"https:\\\/\\\/super-news.info\\\/hu\\\/?s={search_term_string}\"},\"query-input\":{\"@type\":\"PropertyValueSpecification\",\"valueRequired\":true,\"valueName\":\"search_term_string\"}}],\"inLanguage\":\"hu\"},{\"@type\":\"Person\",\"@id\":\"https:\\\/\\\/super-news.info\\\/hu\\\/#\\\/schema\\\/person\\\/2d4068cb2f39cd10008c2fce578a7356\",\"name\":\"super-news\",\"image\":{\"@type\":\"ImageObject\",\"inLanguage\":\"hu\",\"@id\":\"https:\\\/\\\/secure.gravatar.com\\\/avatar\\\/64ebac40b93f26a154f8a9b5b6fdccfc46f442b26b3dd6756dbff3bf9dc76fd7?s=96&d=mm&r=g\",\"url\":\"https:\\\/\\\/secure.gravatar.com\\\/avatar\\\/64ebac40b93f26a154f8a9b5b6fdccfc46f442b26b3dd6756dbff3bf9dc76fd7?s=96&d=mm&r=g\",\"contentUrl\":\"https:\\\/\\\/secure.gravatar.com\\\/avatar\\\/64ebac40b93f26a154f8a9b5b6fdccfc46f442b26b3dd6756dbff3bf9dc76fd7?s=96&d=mm&r=g\",\"caption\":\"super-news\"},\"url\":\"https:\\\/\\\/super-news.info\\\/hu\\\/author\\\/pt\\\/\"}]}<\/script>\n<!-- \/ Yoast SEO plugin. -->","yoast_head_json":{"title":"Minden harmadik magyar az eMAG-on v\u00e1s\u00e1rol - E-kereskedelem - Super News","robots":{"index":"index","follow":"follow","max-snippet":"max-snippet:-1","max-image-preview":"max-image-preview:large","max-video-preview":"max-video-preview:-1"},"canonical":"https:\/\/super-news.info\/hu\/minden-harmadik-magyar-az-emag-on-vasarol-e-kereskedelem\/","og_locale":"hu_HU","og_type":"article","og_title":"Minden harmadik magyar az eMAG-on v\u00e1s\u00e1rol - E-kereskedelem - Super News","og_description":"[ad_1] Minden harmadik, 18 \u00e9s 55 \u00e9v k\u00f6z\u00f6tti magyar v\u00e1s\u00e1rl\u00f3 az eMAG-ot v\u00e1lasztotta 2018-ban. Az \u00f6sszesen k\u00f6zel m\u00e1sf\u00e9l milli\u00f3 vev\u0151nek k\u00f6sz\u00f6nhet\u0151en az eMAG.hu lett a hazai e-kereskedelmi szektor legn\u00e9pszer\u0171bb \u00e9s legnagyobb forgalm\u00fa oldala a GKI Digital frissen publik\u00e1lt toplist\u00e1ja alapj\u00e1n. \u201eA tavalyi \u00e9v volt az eddigi legkiemelked\u0151bb 2013-as piacra l\u00e9p\u00e9s\u00fcnk \u00f3ta\u201d \u2013 k\u00f6z\u00f6lte Catalin Dit, [&hellip;]","og_url":"https:\/\/super-news.info\/hu\/minden-harmadik-magyar-az-emag-on-vasarol-e-kereskedelem\/","og_site_name":"Super News","article_published_time":"2019-05-29T11:59:21+00:00","article_modified_time":"2019-05-29T11:59:22+00:00","og_image":[{"width":1024,"height":768,"url":"https:\/\/super-news.info\/hu\/wp-content\/uploads\/sites\/3\/2019\/05\/Minden-harmadik-magyar-az-eMAG-on-v\u00e1s\u00e1rol-E-kereskedelem.jpg","type":"image\/jpeg"}],"author":"super-news","twitter_card":"summary_large_image","twitter_misc":{"Szerz\u0151:":"super-news","Becs\u00fclt olvas\u00e1si id\u0151":"3 perc"},"schema":{"@context":"https:\/\/schema.org","@graph":[{"@type":"Article","@id":"https:\/\/super-news.info\/hu\/minden-harmadik-magyar-az-emag-on-vasarol-e-kereskedelem\/#article","isPartOf":{"@id":"https:\/\/super-news.info\/hu\/minden-harmadik-magyar-az-emag-on-vasarol-e-kereskedelem\/"},"author":{"name":"super-news","@id":"https:\/\/super-news.info\/hu\/#\/schema\/person\/2d4068cb2f39cd10008c2fce578a7356"},"headline":"Minden harmadik magyar az eMAG-on v\u00e1s\u00e1rol &#8211; E-kereskedelem","datePublished":"2019-05-29T11:59:21+00:00","dateModified":"2019-05-29T11:59:22+00:00","mainEntityOfPage":{"@id":"https:\/\/super-news.info\/hu\/minden-harmadik-magyar-az-emag-on-vasarol-e-kereskedelem\/"},"wordCount":578,"commentCount":0,"image":{"@id":"https:\/\/super-news.info\/hu\/minden-harmadik-magyar-az-emag-on-vasarol-e-kereskedelem\/#primaryimage"},"thumbnailUrl":"https:\/\/super-news.info\/hu\/wp-content\/uploads\/sites\/3\/2019\/05\/Minden-harmadik-magyar-az-eMAG-on-v\u00e1s\u00e1rol-E-kereskedelem.jpg","articleSection":["DIGIT\u00c1LIS MARKETING H\u00cdREK"],"inLanguage":"hu","potentialAction":[{"@type":"CommentAction","name":"Comment","target":["https:\/\/super-news.info\/hu\/minden-harmadik-magyar-az-emag-on-vasarol-e-kereskedelem\/#respond"]}]},{"@type":"WebPage","@id":"https:\/\/super-news.info\/hu\/minden-harmadik-magyar-az-emag-on-vasarol-e-kereskedelem\/","url":"https:\/\/super-news.info\/hu\/minden-harmadik-magyar-az-emag-on-vasarol-e-kereskedelem\/","name":"Minden harmadik magyar az eMAG-on v\u00e1s\u00e1rol - E-kereskedelem - Super News","isPartOf":{"@id":"https:\/\/super-news.info\/hu\/#website"},"primaryImageOfPage":{"@id":"https:\/\/super-news.info\/hu\/minden-harmadik-magyar-az-emag-on-vasarol-e-kereskedelem\/#primaryimage"},"image":{"@id":"https:\/\/super-news.info\/hu\/minden-harmadik-magyar-az-emag-on-vasarol-e-kereskedelem\/#primaryimage"},"thumbnailUrl":"https:\/\/super-news.info\/hu\/wp-content\/uploads\/sites\/3\/2019\/05\/Minden-harmadik-magyar-az-eMAG-on-v\u00e1s\u00e1rol-E-kereskedelem.jpg","datePublished":"2019-05-29T11:59:21+00:00","dateModified":"2019-05-29T11:59:22+00:00","author":{"@id":"https:\/\/super-news.info\/hu\/#\/schema\/person\/2d4068cb2f39cd10008c2fce578a7356"},"breadcrumb":{"@id":"https:\/\/super-news.info\/hu\/minden-harmadik-magyar-az-emag-on-vasarol-e-kereskedelem\/#breadcrumb"},"inLanguage":"hu","potentialAction":[{"@type":"ReadAction","target":["https:\/\/super-news.info\/hu\/minden-harmadik-magyar-az-emag-on-vasarol-e-kereskedelem\/"]}]},{"@type":"ImageObject","inLanguage":"hu","@id":"https:\/\/super-news.info\/hu\/minden-harmadik-magyar-az-emag-on-vasarol-e-kereskedelem\/#primaryimage","url":"https:\/\/super-news.info\/hu\/wp-content\/uploads\/sites\/3\/2019\/05\/Minden-harmadik-magyar-az-eMAG-on-v\u00e1s\u00e1rol-E-kereskedelem.jpg","contentUrl":"https:\/\/super-news.info\/hu\/wp-content\/uploads\/sites\/3\/2019\/05\/Minden-harmadik-magyar-az-eMAG-on-v\u00e1s\u00e1rol-E-kereskedelem.jpg","width":1024,"height":768,"caption":"Minden harmadik magyar az eMAG-on v\u00e1s\u00e1rol - E-kereskedelem"},{"@type":"BreadcrumbList","@id":"https:\/\/super-news.info\/hu\/minden-harmadik-magyar-az-emag-on-vasarol-e-kereskedelem\/#breadcrumb","itemListElement":[{"@type":"ListItem","position":1,"name":"\u0413\u043b\u0430\u0432\u043d\u0430\u044f \u0441\u0442\u0440\u0430\u043d\u0438\u0446\u0430","item":"https:\/\/super-news.info\/hu\/"},{"@type":"ListItem","position":2,"name":"Minden harmadik magyar az eMAG-on v\u00e1s\u00e1rol &#8211; E-kereskedelem"}]},{"@type":"WebSite","@id":"https:\/\/super-news.info\/hu\/#website","url":"https:\/\/super-news.info\/hu\/","name":"Super News","description":"Super News Magyarorsz\u00e1g","potentialAction":[{"@type":"SearchAction","target":{"@type":"EntryPoint","urlTemplate":"https:\/\/super-news.info\/hu\/?s={search_term_string}"},"query-input":{"@type":"PropertyValueSpecification","valueRequired":true,"valueName":"search_term_string"}}],"inLanguage":"hu"},{"@type":"Person","@id":"https:\/\/super-news.info\/hu\/#\/schema\/person\/2d4068cb2f39cd10008c2fce578a7356","name":"super-news","image":{"@type":"ImageObject","inLanguage":"hu","@id":"https:\/\/secure.gravatar.com\/avatar\/64ebac40b93f26a154f8a9b5b6fdccfc46f442b26b3dd6756dbff3bf9dc76fd7?s=96&d=mm&r=g","url":"https:\/\/secure.gravatar.com\/avatar\/64ebac40b93f26a154f8a9b5b6fdccfc46f442b26b3dd6756dbff3bf9dc76fd7?s=96&d=mm&r=g","contentUrl":"https:\/\/secure.gravatar.com\/avatar\/64ebac40b93f26a154f8a9b5b6fdccfc46f442b26b3dd6756dbff3bf9dc76fd7?s=96&d=mm&r=g","caption":"super-news"},"url":"https:\/\/super-news.info\/hu\/author\/pt\/"}]}},"_links":{"self":[{"href":"https:\/\/super-news.info\/hu\/wp-json\/wp\/v2\/posts\/2953","targetHints":{"allow":["GET"]}}],"collection":[{"href":"https:\/\/super-news.info\/hu\/wp-json\/wp\/v2\/posts"}],"about":[{"href":"https:\/\/super-news.info\/hu\/wp-json\/wp\/v2\/types\/post"}],"author":[{"embeddable":true,"href":"https:\/\/super-news.info\/hu\/wp-json\/wp\/v2\/users\/2"}],"replies":[{"embeddable":true,"href":"https:\/\/super-news.info\/hu\/wp-json\/wp\/v2\/comments?post=2953"}],"version-history":[{"count":1,"href":"https:\/\/super-news.info\/hu\/wp-json\/wp\/v2\/posts\/2953\/revisions"}],"predecessor-version":[{"id":2955,"href":"https:\/\/super-news.info\/hu\/wp-json\/wp\/v2\/posts\/2953\/revisions\/2955"}],"wp:featuredmedia":[{"embeddable":true,"href":"https:\/\/super-news.info\/hu\/wp-json\/wp\/v2\/media\/2954"}],"wp:attachment":[{"href":"https:\/\/super-news.info\/hu\/wp-json\/wp\/v2\/media?parent=2953"}],"wp:term":[{"taxonomy":"category","embeddable":true,"href":"https:\/\/super-news.info\/hu\/wp-json\/wp\/v2\/categories?post=2953"},{"taxonomy":"post_tag","embeddable":true,"href":"https:\/\/super-news.info\/hu\/wp-json\/wp\/v2\/tags?post=2953"}],"curies":[{"name":"wp","href":"https:\/\/api.w.org\/{rel}","templated":true}]}}