{"id":2921,"date":"2019-05-29T00:53:20","date_gmt":"2019-05-28T21:53:20","guid":{"rendered":"https:\/\/super-news.info\/hu\/uj-tipusu-nehezsegekkel-kuzdenek-a-nok-es-a-ferfiak-interjuk\/"},"modified":"2019-05-29T00:53:21","modified_gmt":"2019-05-28T21:53:21","slug":"uj-tipusu-nehezsegekkel-kuzdenek-a-nok-es-a-ferfiak-interjuk","status":"publish","type":"post","link":"https:\/\/super-news.info\/hu\/uj-tipusu-nehezsegekkel-kuzdenek-a-nok-es-a-ferfiak-interjuk\/","title":{"rendered":"\u00daj t\u00edpus\u00fa neh\u00e9zs\u00e9gekkel k\u00fczdenek a n\u0151k \u00e9s a f\u00e9rfiak &#8211; Interj\u00fak"},"content":{"rendered":"<p> [ad_1]<br \/>\n<\/p>\n<p>Korszakunk mozg\u00e1sai sorsd\u00f6nt\u0151 v\u00e1ltoz\u00e1sokra k\u00e9nyszer\u00edtik a n\u0151ket \u00e9s f\u00e9rfiakat egyar\u00e1nt, val\u00f3j\u00e1ban egy hossz\u00fa \u00e9s f\u00e1jdalmas, de mindenk\u00e9ppen sikeres ter\u00e1pi\u00e1s folyamat k\u00f6zep\u00e9n vagyunk. Szab\u00f3 Gergely Zolt\u00e1n integral coach nem csup\u00e1n e folyamatr\u00f3l besz\u00e9lt lapunknak, hanem a m\u00e9dia k\u00e1ros tev\u00e9kenys\u00e9g\u00e9r\u0151l, alapvet\u0151en megl\u00e9v\u0151 \u00e9s kezelend\u0151 d\u00fchr\u0151l, a sz\u00edv hatalm\u00e1r\u00f3l \u00e9s saj\u00e1t \u00fatj\u00e1r\u00f3l is.<\/p>\n<div id=\"article_text\">\n<p><strong>&#8211; Amikor emailben egyeztett\u00fcnk err\u0151l az interj\u00far\u00f3l, azt \u00edrtad, hogy te \u2013 r\u00e1ad\u00e1sul f\u00e9rfik\u00e9nt \u2013 egy csupa sz\u00edv ember vagy. Hogyan j\u00f6n \u00f6ssze ez a k\u00e9t dolog egy olyan vil\u00e1gban, ahol ez m\u00e9g mindig nem sz\u00e1m\u00edt sztenderdnek, de a \u201esz\u00edv\u201d ak\u00e1r m\u00e9g h\u00e1tr\u00e1ny is lehet? <\/strong><br \/>&#8211; A h\u00e1tr\u00e1ny ink\u00e1bb biztos, mint csak lehets\u00e9ges. Alapvet\u0151en szeretettel kapcsol\u00f3dom az emberekhez, s mindezt j\u00f3magam is \u00f3ri\u00e1si sz\u00e9gyenk\u00e9nt \u00e9letem meg, olyan tulajdons\u00e1gnak, ami felesleges, sz\u00e9gyellnival\u00f3. <br \/><strong><br \/>&#8211; De mi\u00e9rt? <\/strong><br \/>&#8211; Egyenes k\u00e9rd\u00e9s\u2026<\/p>\n<p><strong>&#8211; Bocs\u00e1nat\u2026<\/strong><br \/>&#8211; Ez teljesen ok\u00e9. Sz\u00f3val az\u00e9rt \u00e9reztem \u00edgy, mert azt gondoltam, erre nincsen sz\u00fcks\u00e9g, nem egy f\u00e9rfihoz ill\u0151 dolog. <br \/><strong><br \/>&#8211; Merthogy ez a mindennapok tapasztalata, vagy ezt hozza a m\u00e9dia? Vagyis, hogy a f\u00e9rfiak nem \u00e9lhetnek pozit\u00edv \u00e9rzelmek \u00e1ltal vez\u00e9relten? <\/strong><br \/>&#8211; A k\u00f6zvetlen csal\u00e1di k\u00f6rnyezetemben tapasztaltam meg azt, amikor egy f\u00e9rfi elnyomja az \u00e9rzelmit s ha ezt l\u00e1tja egy gyerek \u00e9s ebben n\u0151 f\u00f6l, akkor k\u00e9s\u0151bb az ember megk\u00e9rd\u0151jelezi a saj\u00e1t maga m\u0171k\u00f6d\u00e9s\u00e9t, azt, ami \u0151benne ott van. Fiatalon \u00e9n is arra jutottam, hogy ami bennem van, az nincsen rendben, nem ok\u00e9. \u00c9s val\u00f3ban: a m\u00e9dia is azt sugallja, hogy a f\u00e9rfit az \u00e9rz\u00e9sei gyeng\u00e9v\u00e9 is impotenss\u00e9, alkalmatlann\u00e1 teszi. <\/p>\n<p><strong>&#8211; Hogyan v\u00e1ltoztattad ezt a gondolkod\u00e1sm\u00f3dot? <\/strong><br \/>&#8211; Egy\u00e9rtelm\u0171en az ap\u00e1v\u00e1 v\u00e1l\u00e1som pillanata volt a d\u00f6nt\u0151, akkor gondolkodtam el azon, hogy mit adok majd a gyerekeimnek. Teh\u00e1t hat \u00e9ve h\u00faztam egy vonalat, aminek a kezd\u0151 pontja az a k\u00e9rd\u00e9s volt, hogy \u201e\u00e9n mit kezdek magammal\u201d, s majd azt k\u00f6vette az a gondolat, hogy mit adok \u00e1t a gyerekeimnek.<\/p>\n<p><strong>&#8211; Hogyan n\u00e9zett ki ez a folyamat? <\/strong><br \/>&#8211; Sok sz\u00e1lon futott, j\u00e1rtam seg\u00edt\u0151 szakemberhez is, mert az elej\u00e9t\u0151l ott dolgozott bennem az a tudat, hogy ezt a helyzetet egyed\u00fcl nem tudom megoldani. <br \/><strong><br \/>&#8211; Neh\u00e9z megtenni egy ilyen l\u00e9p\u00e9st? <\/strong><br \/>&#8211; Nem olyan k\u00e9rd\u00e9sekr\u0151l van sz\u00f3, amiket az embereknek otthon egyed\u00fcl, mag\u00e1nyosan kell megoldania a sarokban s\u00edrva, hanem keresnie kell valakit, aki seg\u00edt neki v\u00e9gig mennie ezen az \u00faton. Ez az els\u0151 \u00e9s legf\u00e1jdalmasabb l\u00e9p\u00e9s: szemben\u00e9zni a probl\u00e9m\u00e1kkal, addig soha meg nem k\u00e9rd\u0151jelezett dolgokat megk\u00e9rd\u0151jelezni. Azt\u00e1n ez k\u00e9s\u0151bb egyre k\u00f6nnyebb lesz. A kezdetekt\u0151l fogva megvolt bennem a bizalom. <\/p>\n<p><strong>&#8211; S milyen \u00e9rdekes, hogy v\u00e9g\u00fcl is te is a seg\u00edt\u0151 szakm\u00e1k k\u00f6z\u00fcl v\u00e1lasztott\u00e1l, hiszen coachk\u00e9nt dolgozol. Vannak \u00f6sszef\u00fcgg\u00e9sek? <\/strong><br \/>&#8211; De m\u00e9g mennyire, hogy vannak. Ezen az \u00faton sz\u00e1momra nagyon fontos tapasztalat volt az, hogy azon nem egyed\u00fcl kellett v\u00e9gig mennem, hiszen megvan a lehet\u0151s\u00e9g \u00e9s a megfelel\u0151 szem\u00e9ly is, aki ott van az ember mellett, akiben megb\u00edzhatsz. Nem olyam k\u00e9rd\u00e9sekr\u0151l van sz\u00f3, amit az emberek a csal\u00e1djukkal besz\u00e9lnek meg, hiszen legt\u00f6bbsz\u00f6r az elakad\u00e1sok forr\u00e1sa \u00e9ppen a csal\u00e1d. Ez nem baj, ez nem egy rossz dolog, hiszen mindenki megteszi, amit meg tudott tenni. De ez a tapasztalat \u00f3ri\u00e1si v\u00e1ltoz\u00e1st hozott az \u00e9letembe, hiszen amikor l\u00e1ttam, hogy van olyan szakember, akihez bizalommal \u00e9s szeretettel lehet fordulni, akkor arra gondoltam, hogy mindezt amit kaptam, \u00e9n is szeretn\u00e9m \u00e9s k\u00e9pes is vagyok tov\u00e1bb adni. Azt hiszem, hogy a maszkulinit\u00e1s, a f\u00e9rfi-n\u0151i kapcsol\u00f3d\u00e1s a m\u00e1r eml\u00edtett okok miatt v\u00e1lt sz\u00e1momra alapvet\u0151 fontoss\u00e1g\u00fav\u00e1.<\/p>\n<p><strong>&#8211; Hogyan l\u00e1tod: a csal\u00e1dokat illet\u0151en elrendelt dolgokr\u00f3l van sz\u00f3? <\/strong><br \/>&#8211; Ink\u00e1bb azt mondom: a csal\u00e1d mindig azt adja, amit adni tud \u00e9s tudott, \u00edgy az ember nem k\u00e9pes az onnan ered\u0151 probl\u00e9m\u00e1ival a forr\u00e1shoz visszamenni, a f\u00e1jdalmat maximum feloldani tudja, de megoldani aligha. <\/p>\n<p><strong>&#8211; Van egy Facebook-csoportod Falka n\u00e9ven \u00e9s m\u00e1r workshopokat is szervezel. Ezzel mi a c\u00e9lod? <\/strong><br \/>&#8211; Szeretn\u00e9k fel\u00fcletet biztos\u00edtani annak a gondolatnak, hogy valaki f\u00e9rfik\u00e9nt b\u00e1rmilyen helyzetben is van, ott \u0151 abban a helyzetben rendben van. <\/p>\n<p><strong>&#8211; Ezt hogy \u00e9rted? <\/strong><br \/>&#8211; Magamb\u00f3l kiindulva azt tudom mondani, f\u00e9rfik\u00e9nt kor\u00e1bban folyamatosan megk\u00e9rd\u0151jeleztem, hogy az adott dolgot j\u00f3l csin\u00e1lom-e, j\u00f3-e az, amit \u00e9rzek \u00e9s gondolok? Teh\u00e1t el\u0151sz\u00f6r is, \u201eb\u00e1rhol is vagy, j\u00f3l vagy\u201d, s a Falka pedig egy eszk\u00f6z ahhoz, hogy valaki enn\u00e9l t\u00f6bbet szeretne, egy l\u00e9p\u00e9ssel tov\u00e1bb menni, \u00fajabb k\u00e9rd\u00e9seket feltenni, akkor adott sz\u00e1m\u00e1ra egy bizalmi l\u00e9gk\u00f6r olyan t\u00e9m\u00e1khoz, amiket nem besz\u00e9l\u00fcnk meg kocsm\u00e1ban a haverokkal, a feles\u00e9geinkkel, az \u00e9desany\u00e1inkkal, vagy \u00e9ppen a gyerekeinkkel. <br \/><strong><br \/>&#8211; Coachk\u00e9nt moder\u00e1lod ez a folyamatot? <\/strong><br \/>&#8211; C\u00e9lom a jelenl\u00e9t, de nem a belesz\u00f3l\u00e1s. Adott a keret \u00e9s a mentalit\u00e1s, \u00e1m a tapasztalatokat a tagok \u00e1ramoltatj\u00e1k. <\/p>\n<p><strong>&#8211; Mi\u00e9rt bizonytalanodtak el a f\u00e9rfiak? \u00dagy is k\u00e9rdezhetn\u00e9m, hogy v\u00e1ls\u00e1gban vannak-e a f\u00e9rfiak? <\/strong><br \/>&#8211; Az biztos, hogy jelent\u0151s v\u00e1ltoz\u00e1sban \u00e9l\u00fcnk, amit meg lehet \u00e9lni v\u00e1ls\u00e1gk\u00e9nt, kr\u00edzisk\u00e9nt is, mert a f\u00e9rfiak alapvet\u0151 identit\u00e1sa k\u00e9rd\u0151jelez\u0151dik meg. <br \/><strong><br \/>&#8211; Mire gondoljunk itt? <\/strong><br \/>&#8211; A f\u00e9rfiak \u00e1ltal kor\u00e1bban haszn\u00e1lt \u00e9s hasznosnak bizonyult eszk\u00f6z\u00f6k napjaink t\u00e1rsadalm\u00e1ban alkalmatlann\u00e1 v\u00e1ltak, hiszen a nagyon m\u00e9lyr\u0151l j\u00f6v\u0151 \u201egyilkos v\u00e9delmez\u0151re\u201d ma m\u00e1r nincsen sz\u00fcks\u00e9g. Ezt az \u00f6szt\u00f6nt \u201eeg\u00e9sz\u00edti ki\u201d a domin\u00e1ns, verseng\u0151, m\u00e1ra f\u00e9lelmetess\u00e9 v\u00e1lt m\u0171k\u00f6d\u00e9s. Innen fakad a kr\u00edzis: ezekre az eszk\u00f6z\u00f6k ma m\u00e1r nem \u00e1llj\u00e1k meg a hely\u00fcket, \u00edgy felmer\u00fcl a k\u00e9rd\u00e9s, hogy mit is kezdenek a f\u00e9rfiak azzal a helyzettel, ha a megl\u00e9v\u0151 eszk\u00f6zeiket megk\u00e9rd\u0151jelezi a t\u00e1rsadalom \u00e9s a korszak, amiben \u00e9lnek? <br \/><strong><br \/>&#8211; Nem hangzik j\u00f3l, t\u00e9nyleg ilyen m\u00e9lyen van a probl\u00e9ma gy\u00f6kere? <\/strong><br \/>&#8211; Egyszer adott \u00fcgye a test\u00fcnk adotts\u00e1gai, fiziol\u00f3giai m\u0171k\u00f6d\u00e9s\u00fcnk, p\u00e9ld\u00e1ul  a n\u0151 m\u00e9hhel rendelkezik teh\u00e1t gyermeket hordhat ki. A f\u00e9rfiak izomzata nagyobb, \u00edgy ennek domin\u00e1ns el\u0151nyeit kihaszn\u00e1lhatja. Azonban a tudatunk (t\u00e1rsadalmi koncepci\u00f3nk) nem felt\u00e9tlen van ezzel harm\u00f3ni\u00e1ban. Egy n\u0151 d\u00f6nthet \u00fagy, hogy nem sz\u00fcl gyermeket esetleg katona vagy t\u0171zolt\u00f3 lesz, ahogy egy f\u00e9rfi is v\u00e1laszthat t\u00e1mogat\u00f3 szerepet, hogy otthon marad a gyerekekkel vagy \u00f3v\u00f3pedag\u00f3gusnak esetleg \u00e1pol\u00f3nak \u00e1ll. Ahhoz viszont hogy ez nagy l\u00e9pt\u00e9kben is megt\u00f6rt\u00e9nhessen t\u00e1rsadalmi szinten is kell a nyitotts\u00e1g. <\/p>\n<p><strong>&#8211; A pozit\u00edv v\u00e1ltoz\u00e1st mennyire nehez\u00edtheti meg az, hogy a f\u00e9rfi\u00e1br\u00e1zol\u00e1s gyakran m\u00e9g mindig kimer\u00fcl abban, hogy vagy bunk\u00f3sbottal futkos a barlangj\u00e1b\u00f3l kifel\u00e9, vagy nadr\u00e1gsz\u00edjjal a kez\u00e9ben l\u0151d\u00f6r\u00f6g otthon? Van-e valamilyen megold\u00e1s? <\/strong><br \/>&#8211; Szerintem a legfontosabb l\u00e9p\u00e9s az elfogad\u00e1s, ami az\u00e9rt neh\u00e9z, mert itt van vel\u00fcnk egy er\u0151s f\u00e1jdalom \u00e9s \u00f3ri\u00e1si d\u00fch \u2013 ami sokkal ink\u00e1bb a n\u0151k r\u00e9sz\u00e9r\u0151l jelenik meg. A hatalomhoz \u00e9s a dominanci\u00e1hoz ragaszkod\u00f3 f\u00e9rfim\u0171k\u00f6d\u00e9s \u2013 ami a f\u00e9rfiak alapterm\u00e9szet\u00e9nek term\u00e9szetes alkot\u00f3elemei \u2013 oly r\u00e9g\u00f3ta h\u00faz\u00f3dik, hogy a n\u0151k sz\u00e1m\u00e1ra komoly f\u00e1jdalmat jelent. Mindezen lehet \u00e9s kell is v\u00e1ltoztatni, s lesz is v\u00e1ltoz\u00e1s, \u00e1m a toxikus f\u00e9rfiass\u00e1gb\u00f3l ered\u0151 d\u00fchnek ki kell szelepelnie. Leest\u00fcnk a tr\u00f3nr\u00f3l\u2026 a megbocs\u00e1t\u00e1s \u00e9s elfogad\u00e1s ut\u00e1n pedig j\u00f6het az egyens\u00faly. <\/p>\n<p><strong>&#8211; De van-e megbocs\u00e1t\u00e1s? N\u00e9ha \u00fagy t\u0171nik, hogy nincsen. <\/strong><br \/>&#8211; Ebben van igazs\u00e1g, de most a f\u00e9rfiakon a sor, hogy \u201eokosabbak\u201d \u00e9s kezdem\u00e9nyez\u0151k legyenek. A n\u0151k joggal d\u00fch\u00f6sek\u2026 a f\u00e9rfiakn\u00e1l pattog a labda, hogy m\u00e9lt\u00f3s\u00e1ggal bocs\u00e1natot k\u00e9rjenek, s \u0151szint\u00e9n elmondj\u00e1k, hogy megb\u00e1nt\u00e1k \u00e9s csak k\u00f6z\u00f6sen lehet tov\u00e1bb menni. <\/p>\n<p><strong>&#8211; \u00c1t tudnak menni a pozit\u00edv \u00fczenetek? <\/strong><br \/>&#8211; Ebben biztos vagyok, mert az egym\u00e1shoz val\u00f3 kapcsol\u00f3d\u00e1s k\u00e9pess\u00e9ge \u00e9s ig\u00e9nye nem t\u0171nik el. Az a l\u00e9nyeges k\u00e9rd\u00e9s, hogy a f\u00e9rfi mikor tud kil\u00e9pni v\u00e9glegesen abb\u00f3l a szerepfelfog\u00e1sb\u00f3l, hogy neki mindig domin\u00e1lnia \u00e9s versengenie kell. Korunk m\u00e1r nem err\u0151l, sokkal ink\u00e1bb a kapcsol\u00f3d\u00e1sr\u00f3l \u00e9s az egy\u00fcttm\u0171k\u00f6d\u00e9sr\u0151l sz\u00f3l. <\/p>\n<p><strong>&#8211; Coachk\u00e9nt milyen jelleg\u0171 probl\u00e9m\u00e1kkal tal\u00e1lkozol? <\/strong><br \/>&#8211; A f\u00e9rfiakn\u00e1l sokszor a benn\u00fck l\u00e9v\u0151 zsigeri, \u00f6szt\u00f6n\u00f6s d\u00fchnek a kezel\u00e9se, annak napjainkba val\u00f3 \u00e1tcsatorn\u00e1z\u00e1sa a k\u00e9rd\u00e9s. P\u00e9ld\u00e1ul, ha valakinek p\u00e1rkapcsolatai neh\u00e9zs\u00e9gei vannak, akkor az a k\u00e9rd\u00e9s, hogy a kommunik\u00e1ci\u00f3j\u00e1t hogyan tudja \u00fagy \u00e1talak\u00edtani, hogy az empatikus \u00e9s egy\u00fctt\u00e9rz\u0151 legyen, s ne alakuljon ki \u00e9rv-ellen\u00e9rv vita. A n\u0151i oldalon a s\u00e9rtetts\u00e9g, megb\u00e1ntotts\u00e1g, az elmag\u00e1nyosod\u00e1s jelenik meg, ugyanis ebben a nagy v\u00e1ltoz\u00e1sban a n\u0151k elmag\u00e1nyosodnak, hiszen m\u00e1r nem a kor\u00e1bbi al\u00e1vetett poz\u00edci\u00f3b\u00f3l indulnak, ami sok esetben a p\u00e1rkapcsolat lehet\u0151s\u00e9g\u00e9t\u0151l is elt\u00e1vol\u00edtja \u0151ket. \u00d6nmagukkal is vit\u00e1ban \u00e1llnak, hiszen jelen van m\u00e9g egy r\u00e9gi, t\u00e1mogat\u00f3 attit\u0171d, de m\u00e1r az \u00faj, a f\u00fcggetlens\u00e9gen \u00e9s az \u00f6nmaga sz\u00fcks\u00e9gleteinek pontos ismeret\u00e9n alapul\u00f3 m\u0171k\u00f6d\u00e9s is jelen van. <br \/><strong><br \/>&#8211; S milyen j\u00f3, hogy a n\u0151k is eljutottak id\u00e1ig. <\/strong><br \/>&#8211; Ez \u00edgy van. <\/p>\n<p><strong>&#8211; A k\u00f6z\u00f6ss\u00e9gi m\u00e9di\u00e1nak mi lehetne a szerepe abban, hogy a n\u0151k \u00e9s a f\u00e9rfiak is jobban \u00e9rezz\u00e9k magukat? <\/strong><br \/>&#8211; A val\u00f3s\u00e1ggal val\u00f3 szemben\u00e9z\u00e9st tartom a legfontosabbnak, le kell sz\u00e1molni a k\u00e9pmutat\u00e1ssal, az igazs\u00e1got felv\u00e1llalva kell kommunik\u00e1lni f\u00e9rfik\u00e9nt \u00e9s n\u0151k\u00e9nt is. Komoly el\u0151rel\u00e9p\u00e9st jelentene az \u0151szintes\u00e9g \u00e9s a val\u00f3s\u00e1g megjelen\u00edt\u00e9se. <\/p>\n<p><strong>&#8211; Hogyan l\u00e1tod a sokak gondolkod\u00e1s\u00e1t befoly\u00e1sol\u00f3 v\u00e9lem\u00e9nyvez\u00e9rekkel, influencerekkel? <\/strong><br \/>&#8211; Nekik is megvan a maguk felel\u0151ss\u00e9ge, v\u00e1llalniuk kell, amiben \u00e9l\u00fcnk. Ha szeretn\u00e9nk v\u00e1ltoztatni a f\u00e9rfiak meg\u00edt\u00e9l\u00e9s\u00e9n, ha jobban szeretn\u00e9nk kapcsol\u00f3dni a n\u0151kh\u00f6z, ha az a c\u00e9l, hogy a k\u00e9t nem k\u00f6z\u00f6tt rendben legyen a kommunik\u00e1ci\u00f3, akkor mindent fel kell v\u00e1llalni \u2013 a dolgok \u00e1rny\u00e9kosabb oldal\u00e1t is. <br \/><strong><br \/>&#8211; De mi a helyzet a rekl\u00e1miparral, kell-e p\u00e9ld\u00e1ul nekem rosszul \u00e9reznem magam, amikor az \u201eigazi f\u00e9rfi\u201d a kocka\u00e1ll\u00fa, borost\u00e1s f\u00e9listen?<\/strong> <em>(a szerz\u0151 nem \u00e9rzi ett\u0151l mag\u00e1t rosszul \u2013 a szerk.) <\/em><br \/>&#8211; Elk\u00e9peszt\u0151en k\u00e1ros ez a kommunik\u00e1ci\u00f3, \u00e1m ez is a r\u00e9gi, a f\u00e9rfidominanciaalap\u00fa m\u0171k\u00f6d\u00e9s marad\u00e9ka. A m\u00e9dia egy manipulat\u00edv, verseng\u0151 \u00e9s sokszor kegyetlen szakma, \u00edgy a kifel\u00e9 val\u00f3 helyes kommunik\u00e1ci\u00f3nak az egyik felt\u00e9tele \u00e9ppen az, hogy a szakma bel\u00fclr\u0151l megv\u00e1ltozik. <\/p>\n<p><strong>&#8211; Az\u00e9rt jegyezz\u00fck meg, hogy a n\u0151k sincsenek jobb helyzetben, err\u0151l tesznek a magazinok, a marketing \u00e9s a k\u00f6z\u00f6ss\u00e9gi m\u00e9dia; az egyik oldalon m\u00e9g arr\u00f3l van sz\u00f3, hogy fogadd el magad ducin, kett\u0151vel arr\u00e1bb m\u00e1r a 40 kil\u00f3s l\u00e1nyok jelennek meg ide\u00e1lk\u00e9nt, nekik is mindig t\u00f6k\u00e9letesnek, frissnek \u00e9s szexinek \u201ekell\u201d lenni\u00fck\u2026 s ez csak egy p\u00e9lda. \u00cdgy neh\u00e9z el\u00e9rni a komfort\u00e9rz\u00e9st. <\/strong><br \/>&#8211; Mindez val\u00f3ban nagyon zavaros, egy \u0151r\u00fclten kavarg\u00f3 \u00e9s folyamatosan v\u00e1ltoz\u00f3 rendszerben \u00e9l\u00fcnk, a kor\u00e1bban elindult v\u00e1ltoz\u00e1sok legviharosabb szakaszaiban. <\/p>\n<p><strong>&#8211; Nem nyomorodunk bele? <\/strong><br \/>&#8211; Nem hiszem, hogy \u00edgy lenne. Sz\u00f6rnyen neh\u00e9z ez a helyzet, \u00e9ppen olyan, mint egy ter\u00e1pi\u00e1s folyamat, amikor a legf\u00e1j\u00f3bb sebeket nyitj\u00e1k f\u00f6l \u2013 s az \u00f6sszeoml\u00e1s is akkor a legnagyobb. Napjainkban a legf\u00e1j\u00f3bb sebeket nyitjuk f\u00f6l, \u00edgy m\u00e9lys\u00e9g\u00e9ben tisztul ki mindk\u00e9t oldal, viszont a sebeket \u201eletapasztjuk\u201d majd, ami be is heged majd. <\/p>\n<p><strong>&#8211; Mik\u00f6zben magam is nagyon kedvelem a pozit\u00edv sztorikat, meg kell jegyezzem: \u00e1rad bel\u0151led az optimizmus. <\/strong><br \/>&#8211; Merthogy a f\u00e9rfiaknak \u00e9s a n\u0151knek nincsen m\u00e1s v\u00e1laszt\u00e1sa. <\/p>\n<p><strong>&#8211; A coaching folyamat val\u00f3ban k\u00e9pes olyan bens\u0151s\u00e9gess\u00e9 v\u00e1lni, ahogyan azt a szavaidb\u00f3l kik\u00f6vetkeztethetj\u00fck? <\/strong><br \/>&#8211; A biztons\u00e1g, \u00e9s elfogad\u00e1s szakma \u00e9s helyf\u00fcggetlen. Az hogy mi (seg\u00edt\u0151 &#8211; kliens) hogyan kapcsol\u00f3dunk rajtunk m\u00falik. Amennyiben a coach felt\u00e9telez\u00e9sek n\u00e9lk\u00fcl \u00e9s b\u00edr\u00e1lat mentesen van jelen, a coachee pedig nyitottan \u00e9s hittel l\u00e9p be a folyamatba ott csod\u00e1latos dolgok t\u00f6rt\u00e9nhetnek. <\/p>\n<p><strong>&#8211; Mostans\u00e1g sok coach szakemberrel besz\u00e9ltem, s az l\u00e1tszik, hogy az ilyen jelleg\u0171 t\u00e1mogat\u00e1s ma m\u00e1r nem egy \u00fari muri, v\u00e9g\u00fcl is b\u00e1rki sz\u00e1m\u00e1ra el\u00e9rhet\u0151. Val\u00f3ban \u00edgy lenne, integral coachk\u00e9nt \u2013 teh\u00e1t foglalkozol a business \u00e9s a life vonallal is \u2013 mik a tapasztalataid? <\/strong><br \/>&#8211; Abban a szerencs\u00e9s helyzetben vagyok, hogy az \u00e9let sz\u00e9les spektrum\u00e1b\u00f3l \u00e9rkeznek hozz\u00e1m kliensek. Startup tulajdonost\u00f3l kezdve, \u00e1pol\u00f3n \u00e1t, k\u00f6z\u00e9leti, szem\u00e9lyis\u00e9gen kereszt\u00fcl gy\u00e1ri munk\u00e1sig van partnerem. \u00c9n azt gondolom, hogy ez \u00f6nmag\u00e1\u00e9rt besz\u00e9l. <\/p>\n<p><strong>&#8211; Mit jelent a coaching szeml\u00e9let\u0171 m\u0171k\u00f6d\u00e9s, vezet\u00e9s? <\/strong><br \/>&#8211; Sz\u00e1momra a tudatos \u00e9s objekt\u00edv jelenl\u00e9t: harm\u00f3ni\u00e1ban cselekszem, tisztelve a saj\u00e1t \u00e9s m\u00e1sok ig\u00e9nyeit egyar\u00e1nt. Vezet\u0151k\u00e9nt van egy c\u00e9lom \u00e9s ehhez egy csapatom. Az egyik ig\u00e9nye nem mehet a m\u00e1sik k\u00e1r\u00e1ra. Amennyiben egyens\u00falyban vannak az sz\u00fcks\u00e9gletek, biztos\u00edtva van a projekt sikere is. <\/p>\n<p><strong>&#8211; Most, hogy ezt \u00edgy tudjuk: az \u00e9let mely ter\u00fclet\u00e9n l\u00e1tn\u00e1d m\u00e9g sz\u00edvesen ezt a szeml\u00e9letet \u00e9s hozz\u00e1\u00e1ll\u00e1st? <\/strong><br \/>&#8211; Hirtelen nem tudok mondani helyet, ahol az egyens\u00falynak ne lenne helye&#8230; <br \/><strong><br \/>&#8211; A k\u00f6zelm\u00faltban megalakult az ICF Hungary kommunik\u00e1ci\u00f3s csapata, aminek te is tagja vagy. B\u00e1r az \u00e9n k\u00e9rd\u00e9sem ink\u00e1bb az: eddig mi\u00e9rt nem volt ilyen egys\u00e9g a szervezetben s mi \u00e1ll a csapat megalakul\u00e1sa m\u00f6g\u00f6tt? <\/strong><br \/>&#8211; Az ICF teljes szervezete \u00f6nk\u00e9ntes alapon m\u0171k\u00f6dik. Karitative, saj\u00e1t szabadidej\u00e9t \u00e1ldozta dolgozik, tiszt\u00e1n a szakma szeretet\u00e9b\u0151l. Ennek t\u00fckr\u00e9ben, egy csapat megszervez\u00e9se egyr\u00e9szt B\u00f6t\u00f6s Bal\u00e1zs (kommunik\u00e1ci\u00f3s igazgat\u00f3) \u00e9rdeme, m\u00e1sr\u00e9szt a tagok\u00e9, hogy ezt v\u00e1llalt\u00e1k. A c\u00e9l pedig az ICF (mint min\u0151s\u00e9gi biztos\u00edt\u00e9k a coach szakm\u00e1ban) brandj\u00e9nek sz\u00e9lesk\u00f6r\u0171 megismertet\u00e9se, j\u00f3szolg\u00e1lat\u00e1nak (CSR) terjeszt\u00e9se.<\/p>\n<p><em><em style=\"color: #171717; font-size: 16px;\"><em><strong><em><em><em><em>K\u00f6vesd az oldalunkat a\u00a0<strong>Facebook-on<\/strong> \u00e9s a\u00a0<strong><a href=\"https:\/\/twitter.com\/digitalhungary\" target=\"_blank\" rel=\"noopener noreferrer\">Twitteren<\/a><\/strong> is!<\/em><\/em><\/em><\/em><\/strong><\/em><\/em><\/em><\/p>\n<\/div>\n<p><script async src=\"http:\/\/platform.twitter.com\/widgets.js\" charset=\"utf-8\"><\/script><br \/>\n<br \/>[ad_2]<br \/>\n<br \/><a href=\"https:\/\/www.digitalhungary.hu\/interjuk\/uj-tipusu-nehezsegekkel-kuzdenek-a-nok-es-a-ferfiak\/8500\/\">Source link <\/a><\/p>\n","protected":false},"excerpt":{"rendered":"<p>[ad_1] Korszakunk mozg\u00e1sai sorsd\u00f6nt\u0151 v\u00e1ltoz\u00e1sokra k\u00e9nyszer\u00edtik a n\u0151ket \u00e9s f\u00e9rfiakat egyar\u00e1nt, val\u00f3j\u00e1ban egy hossz\u00fa \u00e9s f\u00e1jdalmas, de mindenk\u00e9ppen sikeres ter\u00e1pi\u00e1s folyamat k\u00f6zep\u00e9n vagyunk. Szab\u00f3 Gergely Zolt\u00e1n integral coach nem csup\u00e1n e folyamatr\u00f3l besz\u00e9lt lapunknak, hanem a m\u00e9dia k\u00e1ros tev\u00e9kenys\u00e9g\u00e9r\u0151l, alapvet\u0151en megl\u00e9v\u0151 \u00e9s kezelend\u0151 d\u00fchr\u0151l, a sz\u00edv hatalm\u00e1r\u00f3l \u00e9s saj\u00e1t \u00fatj\u00e1r\u00f3l is. &#8211; Amikor emailben egyeztett\u00fcnk [&hellip;]<\/p>\n","protected":false},"author":2,"featured_media":2922,"comment_status":"open","ping_status":"open","sticky":false,"template":"","format":"standard","meta":{"footnotes":""},"categories":[2],"tags":[],"class_list":["post-2921","post","type-post","status-publish","format-standard","has-post-thumbnail","hentry","category-digitalis-marketing-hirek"],"yoast_head":"<!-- This site is optimized with the Yoast SEO plugin v27.4 - https:\/\/yoast.com\/product\/yoast-seo-wordpress\/ -->\n<title>\u00daj t\u00edpus\u00fa neh\u00e9zs\u00e9gekkel k\u00fczdenek a n\u0151k \u00e9s a f\u00e9rfiak - Interj\u00fak - Super News<\/title>\n<meta name=\"robots\" content=\"index, follow, max-snippet:-1, max-image-preview:large, max-video-preview:-1\" \/>\n<link rel=\"canonical\" href=\"https:\/\/super-news.info\/hu\/uj-tipusu-nehezsegekkel-kuzdenek-a-nok-es-a-ferfiak-interjuk\/\" \/>\n<meta property=\"og:locale\" content=\"hu_HU\" \/>\n<meta property=\"og:type\" content=\"article\" \/>\n<meta property=\"og:title\" content=\"\u00daj t\u00edpus\u00fa neh\u00e9zs\u00e9gekkel k\u00fczdenek a n\u0151k \u00e9s a f\u00e9rfiak - Interj\u00fak - Super News\" \/>\n<meta property=\"og:description\" content=\"[ad_1] Korszakunk mozg\u00e1sai sorsd\u00f6nt\u0151 v\u00e1ltoz\u00e1sokra k\u00e9nyszer\u00edtik a n\u0151ket \u00e9s f\u00e9rfiakat egyar\u00e1nt, val\u00f3j\u00e1ban egy hossz\u00fa \u00e9s f\u00e1jdalmas, de mindenk\u00e9ppen sikeres ter\u00e1pi\u00e1s folyamat k\u00f6zep\u00e9n vagyunk. Szab\u00f3 Gergely Zolt\u00e1n integral coach nem csup\u00e1n e folyamatr\u00f3l besz\u00e9lt lapunknak, hanem a m\u00e9dia k\u00e1ros tev\u00e9kenys\u00e9g\u00e9r\u0151l, alapvet\u0151en megl\u00e9v\u0151 \u00e9s kezelend\u0151 d\u00fchr\u0151l, a sz\u00edv hatalm\u00e1r\u00f3l \u00e9s saj\u00e1t \u00fatj\u00e1r\u00f3l is. &#8211; Amikor emailben egyeztett\u00fcnk [&hellip;]\" \/>\n<meta property=\"og:url\" content=\"https:\/\/super-news.info\/hu\/uj-tipusu-nehezsegekkel-kuzdenek-a-nok-es-a-ferfiak-interjuk\/\" \/>\n<meta property=\"og:site_name\" content=\"Super News\" \/>\n<meta property=\"article:published_time\" content=\"2019-05-28T21:53:20+00:00\" \/>\n<meta property=\"article:modified_time\" content=\"2019-05-28T21:53:21+00:00\" \/>\n<meta property=\"og:image\" content=\"https:\/\/super-news.info\/hu\/wp-content\/uploads\/sites\/3\/2019\/05\/\u00daj-t\u00edpus\u00fa-neh\u00e9zs\u00e9gekkel-k\u00fczdenek-a-n\u0151k-\u00e9s-a-f\u00e9rfiak.jpg\" \/>\n\t<meta property=\"og:image:width\" content=\"653\" \/>\n\t<meta property=\"og:image:height\" content=\"900\" \/>\n\t<meta property=\"og:image:type\" content=\"image\/jpeg\" \/>\n<meta name=\"author\" content=\"super-news\" \/>\n<meta name=\"twitter:card\" content=\"summary_large_image\" \/>\n<meta name=\"twitter:label1\" content=\"Szerz\u0151:\" \/>\n\t<meta name=\"twitter:data1\" content=\"super-news\" \/>\n\t<meta name=\"twitter:label2\" content=\"Becs\u00fclt olvas\u00e1si id\u0151\" \/>\n\t<meta name=\"twitter:data2\" content=\"14 perc\" \/>\n<script type=\"application\/ld+json\" class=\"yoast-schema-graph\">{\"@context\":\"https:\\\/\\\/schema.org\",\"@graph\":[{\"@type\":\"Article\",\"@id\":\"https:\\\/\\\/super-news.info\\\/hu\\\/uj-tipusu-nehezsegekkel-kuzdenek-a-nok-es-a-ferfiak-interjuk\\\/#article\",\"isPartOf\":{\"@id\":\"https:\\\/\\\/super-news.info\\\/hu\\\/uj-tipusu-nehezsegekkel-kuzdenek-a-nok-es-a-ferfiak-interjuk\\\/\"},\"author\":{\"name\":\"super-news\",\"@id\":\"https:\\\/\\\/super-news.info\\\/hu\\\/#\\\/schema\\\/person\\\/2d4068cb2f39cd10008c2fce578a7356\"},\"headline\":\"\u00daj t\u00edpus\u00fa neh\u00e9zs\u00e9gekkel k\u00fczdenek a n\u0151k \u00e9s a f\u00e9rfiak &#8211; Interj\u00fak\",\"datePublished\":\"2019-05-28T21:53:20+00:00\",\"dateModified\":\"2019-05-28T21:53:21+00:00\",\"mainEntityOfPage\":{\"@id\":\"https:\\\/\\\/super-news.info\\\/hu\\\/uj-tipusu-nehezsegekkel-kuzdenek-a-nok-es-a-ferfiak-interjuk\\\/\"},\"wordCount\":2773,\"commentCount\":0,\"image\":{\"@id\":\"https:\\\/\\\/super-news.info\\\/hu\\\/uj-tipusu-nehezsegekkel-kuzdenek-a-nok-es-a-ferfiak-interjuk\\\/#primaryimage\"},\"thumbnailUrl\":\"https:\\\/\\\/super-news.info\\\/hu\\\/wp-content\\\/uploads\\\/sites\\\/3\\\/2019\\\/05\\\/\u00daj-t\u00edpus\u00fa-neh\u00e9zs\u00e9gekkel-k\u00fczdenek-a-n\u0151k-\u00e9s-a-f\u00e9rfiak.jpg\",\"articleSection\":[\"DIGIT\u00c1LIS MARKETING H\u00cdREK\"],\"inLanguage\":\"hu\",\"potentialAction\":[{\"@type\":\"CommentAction\",\"name\":\"Comment\",\"target\":[\"https:\\\/\\\/super-news.info\\\/hu\\\/uj-tipusu-nehezsegekkel-kuzdenek-a-nok-es-a-ferfiak-interjuk\\\/#respond\"]}]},{\"@type\":\"WebPage\",\"@id\":\"https:\\\/\\\/super-news.info\\\/hu\\\/uj-tipusu-nehezsegekkel-kuzdenek-a-nok-es-a-ferfiak-interjuk\\\/\",\"url\":\"https:\\\/\\\/super-news.info\\\/hu\\\/uj-tipusu-nehezsegekkel-kuzdenek-a-nok-es-a-ferfiak-interjuk\\\/\",\"name\":\"\u00daj t\u00edpus\u00fa neh\u00e9zs\u00e9gekkel k\u00fczdenek a n\u0151k \u00e9s a f\u00e9rfiak - Interj\u00fak - Super News\",\"isPartOf\":{\"@id\":\"https:\\\/\\\/super-news.info\\\/hu\\\/#website\"},\"primaryImageOfPage\":{\"@id\":\"https:\\\/\\\/super-news.info\\\/hu\\\/uj-tipusu-nehezsegekkel-kuzdenek-a-nok-es-a-ferfiak-interjuk\\\/#primaryimage\"},\"image\":{\"@id\":\"https:\\\/\\\/super-news.info\\\/hu\\\/uj-tipusu-nehezsegekkel-kuzdenek-a-nok-es-a-ferfiak-interjuk\\\/#primaryimage\"},\"thumbnailUrl\":\"https:\\\/\\\/super-news.info\\\/hu\\\/wp-content\\\/uploads\\\/sites\\\/3\\\/2019\\\/05\\\/\u00daj-t\u00edpus\u00fa-neh\u00e9zs\u00e9gekkel-k\u00fczdenek-a-n\u0151k-\u00e9s-a-f\u00e9rfiak.jpg\",\"datePublished\":\"2019-05-28T21:53:20+00:00\",\"dateModified\":\"2019-05-28T21:53:21+00:00\",\"author\":{\"@id\":\"https:\\\/\\\/super-news.info\\\/hu\\\/#\\\/schema\\\/person\\\/2d4068cb2f39cd10008c2fce578a7356\"},\"breadcrumb\":{\"@id\":\"https:\\\/\\\/super-news.info\\\/hu\\\/uj-tipusu-nehezsegekkel-kuzdenek-a-nok-es-a-ferfiak-interjuk\\\/#breadcrumb\"},\"inLanguage\":\"hu\",\"potentialAction\":[{\"@type\":\"ReadAction\",\"target\":[\"https:\\\/\\\/super-news.info\\\/hu\\\/uj-tipusu-nehezsegekkel-kuzdenek-a-nok-es-a-ferfiak-interjuk\\\/\"]}]},{\"@type\":\"ImageObject\",\"inLanguage\":\"hu\",\"@id\":\"https:\\\/\\\/super-news.info\\\/hu\\\/uj-tipusu-nehezsegekkel-kuzdenek-a-nok-es-a-ferfiak-interjuk\\\/#primaryimage\",\"url\":\"https:\\\/\\\/super-news.info\\\/hu\\\/wp-content\\\/uploads\\\/sites\\\/3\\\/2019\\\/05\\\/\u00daj-t\u00edpus\u00fa-neh\u00e9zs\u00e9gekkel-k\u00fczdenek-a-n\u0151k-\u00e9s-a-f\u00e9rfiak.jpg\",\"contentUrl\":\"https:\\\/\\\/super-news.info\\\/hu\\\/wp-content\\\/uploads\\\/sites\\\/3\\\/2019\\\/05\\\/\u00daj-t\u00edpus\u00fa-neh\u00e9zs\u00e9gekkel-k\u00fczdenek-a-n\u0151k-\u00e9s-a-f\u00e9rfiak.jpg\",\"width\":653,\"height\":900,\"caption\":\"\u00daj t\u00edpus\u00fa neh\u00e9zs\u00e9gekkel k\u00fczdenek a n\u0151k \u00e9s a f\u00e9rfiak - Interj\u00fak\"},{\"@type\":\"BreadcrumbList\",\"@id\":\"https:\\\/\\\/super-news.info\\\/hu\\\/uj-tipusu-nehezsegekkel-kuzdenek-a-nok-es-a-ferfiak-interjuk\\\/#breadcrumb\",\"itemListElement\":[{\"@type\":\"ListItem\",\"position\":1,\"name\":\"\u0413\u043b\u0430\u0432\u043d\u0430\u044f \u0441\u0442\u0440\u0430\u043d\u0438\u0446\u0430\",\"item\":\"https:\\\/\\\/super-news.info\\\/hu\\\/\"},{\"@type\":\"ListItem\",\"position\":2,\"name\":\"\u00daj t\u00edpus\u00fa neh\u00e9zs\u00e9gekkel k\u00fczdenek a n\u0151k \u00e9s a f\u00e9rfiak &#8211; Interj\u00fak\"}]},{\"@type\":\"WebSite\",\"@id\":\"https:\\\/\\\/super-news.info\\\/hu\\\/#website\",\"url\":\"https:\\\/\\\/super-news.info\\\/hu\\\/\",\"name\":\"Super News\",\"description\":\"Super News Magyarorsz\u00e1g\",\"potentialAction\":[{\"@type\":\"SearchAction\",\"target\":{\"@type\":\"EntryPoint\",\"urlTemplate\":\"https:\\\/\\\/super-news.info\\\/hu\\\/?s={search_term_string}\"},\"query-input\":{\"@type\":\"PropertyValueSpecification\",\"valueRequired\":true,\"valueName\":\"search_term_string\"}}],\"inLanguage\":\"hu\"},{\"@type\":\"Person\",\"@id\":\"https:\\\/\\\/super-news.info\\\/hu\\\/#\\\/schema\\\/person\\\/2d4068cb2f39cd10008c2fce578a7356\",\"name\":\"super-news\",\"image\":{\"@type\":\"ImageObject\",\"inLanguage\":\"hu\",\"@id\":\"https:\\\/\\\/secure.gravatar.com\\\/avatar\\\/64ebac40b93f26a154f8a9b5b6fdccfc46f442b26b3dd6756dbff3bf9dc76fd7?s=96&d=mm&r=g\",\"url\":\"https:\\\/\\\/secure.gravatar.com\\\/avatar\\\/64ebac40b93f26a154f8a9b5b6fdccfc46f442b26b3dd6756dbff3bf9dc76fd7?s=96&d=mm&r=g\",\"contentUrl\":\"https:\\\/\\\/secure.gravatar.com\\\/avatar\\\/64ebac40b93f26a154f8a9b5b6fdccfc46f442b26b3dd6756dbff3bf9dc76fd7?s=96&d=mm&r=g\",\"caption\":\"super-news\"},\"url\":\"https:\\\/\\\/super-news.info\\\/hu\\\/author\\\/pt\\\/\"}]}<\/script>\n<!-- \/ Yoast SEO plugin. -->","yoast_head_json":{"title":"\u00daj t\u00edpus\u00fa neh\u00e9zs\u00e9gekkel k\u00fczdenek a n\u0151k \u00e9s a f\u00e9rfiak - Interj\u00fak - Super News","robots":{"index":"index","follow":"follow","max-snippet":"max-snippet:-1","max-image-preview":"max-image-preview:large","max-video-preview":"max-video-preview:-1"},"canonical":"https:\/\/super-news.info\/hu\/uj-tipusu-nehezsegekkel-kuzdenek-a-nok-es-a-ferfiak-interjuk\/","og_locale":"hu_HU","og_type":"article","og_title":"\u00daj t\u00edpus\u00fa neh\u00e9zs\u00e9gekkel k\u00fczdenek a n\u0151k \u00e9s a f\u00e9rfiak - Interj\u00fak - Super News","og_description":"[ad_1] Korszakunk mozg\u00e1sai sorsd\u00f6nt\u0151 v\u00e1ltoz\u00e1sokra k\u00e9nyszer\u00edtik a n\u0151ket \u00e9s f\u00e9rfiakat egyar\u00e1nt, val\u00f3j\u00e1ban egy hossz\u00fa \u00e9s f\u00e1jdalmas, de mindenk\u00e9ppen sikeres ter\u00e1pi\u00e1s folyamat k\u00f6zep\u00e9n vagyunk. Szab\u00f3 Gergely Zolt\u00e1n integral coach nem csup\u00e1n e folyamatr\u00f3l besz\u00e9lt lapunknak, hanem a m\u00e9dia k\u00e1ros tev\u00e9kenys\u00e9g\u00e9r\u0151l, alapvet\u0151en megl\u00e9v\u0151 \u00e9s kezelend\u0151 d\u00fchr\u0151l, a sz\u00edv hatalm\u00e1r\u00f3l \u00e9s saj\u00e1t \u00fatj\u00e1r\u00f3l is. &#8211; Amikor emailben egyeztett\u00fcnk [&hellip;]","og_url":"https:\/\/super-news.info\/hu\/uj-tipusu-nehezsegekkel-kuzdenek-a-nok-es-a-ferfiak-interjuk\/","og_site_name":"Super News","article_published_time":"2019-05-28T21:53:20+00:00","article_modified_time":"2019-05-28T21:53:21+00:00","og_image":[{"width":653,"height":900,"url":"https:\/\/super-news.info\/hu\/wp-content\/uploads\/sites\/3\/2019\/05\/\u00daj-t\u00edpus\u00fa-neh\u00e9zs\u00e9gekkel-k\u00fczdenek-a-n\u0151k-\u00e9s-a-f\u00e9rfiak.jpg","type":"image\/jpeg"}],"author":"super-news","twitter_card":"summary_large_image","twitter_misc":{"Szerz\u0151:":"super-news","Becs\u00fclt olvas\u00e1si id\u0151":"14 perc"},"schema":{"@context":"https:\/\/schema.org","@graph":[{"@type":"Article","@id":"https:\/\/super-news.info\/hu\/uj-tipusu-nehezsegekkel-kuzdenek-a-nok-es-a-ferfiak-interjuk\/#article","isPartOf":{"@id":"https:\/\/super-news.info\/hu\/uj-tipusu-nehezsegekkel-kuzdenek-a-nok-es-a-ferfiak-interjuk\/"},"author":{"name":"super-news","@id":"https:\/\/super-news.info\/hu\/#\/schema\/person\/2d4068cb2f39cd10008c2fce578a7356"},"headline":"\u00daj t\u00edpus\u00fa neh\u00e9zs\u00e9gekkel k\u00fczdenek a n\u0151k \u00e9s a f\u00e9rfiak &#8211; Interj\u00fak","datePublished":"2019-05-28T21:53:20+00:00","dateModified":"2019-05-28T21:53:21+00:00","mainEntityOfPage":{"@id":"https:\/\/super-news.info\/hu\/uj-tipusu-nehezsegekkel-kuzdenek-a-nok-es-a-ferfiak-interjuk\/"},"wordCount":2773,"commentCount":0,"image":{"@id":"https:\/\/super-news.info\/hu\/uj-tipusu-nehezsegekkel-kuzdenek-a-nok-es-a-ferfiak-interjuk\/#primaryimage"},"thumbnailUrl":"https:\/\/super-news.info\/hu\/wp-content\/uploads\/sites\/3\/2019\/05\/\u00daj-t\u00edpus\u00fa-neh\u00e9zs\u00e9gekkel-k\u00fczdenek-a-n\u0151k-\u00e9s-a-f\u00e9rfiak.jpg","articleSection":["DIGIT\u00c1LIS MARKETING H\u00cdREK"],"inLanguage":"hu","potentialAction":[{"@type":"CommentAction","name":"Comment","target":["https:\/\/super-news.info\/hu\/uj-tipusu-nehezsegekkel-kuzdenek-a-nok-es-a-ferfiak-interjuk\/#respond"]}]},{"@type":"WebPage","@id":"https:\/\/super-news.info\/hu\/uj-tipusu-nehezsegekkel-kuzdenek-a-nok-es-a-ferfiak-interjuk\/","url":"https:\/\/super-news.info\/hu\/uj-tipusu-nehezsegekkel-kuzdenek-a-nok-es-a-ferfiak-interjuk\/","name":"\u00daj t\u00edpus\u00fa neh\u00e9zs\u00e9gekkel k\u00fczdenek a n\u0151k \u00e9s a f\u00e9rfiak - Interj\u00fak - Super News","isPartOf":{"@id":"https:\/\/super-news.info\/hu\/#website"},"primaryImageOfPage":{"@id":"https:\/\/super-news.info\/hu\/uj-tipusu-nehezsegekkel-kuzdenek-a-nok-es-a-ferfiak-interjuk\/#primaryimage"},"image":{"@id":"https:\/\/super-news.info\/hu\/uj-tipusu-nehezsegekkel-kuzdenek-a-nok-es-a-ferfiak-interjuk\/#primaryimage"},"thumbnailUrl":"https:\/\/super-news.info\/hu\/wp-content\/uploads\/sites\/3\/2019\/05\/\u00daj-t\u00edpus\u00fa-neh\u00e9zs\u00e9gekkel-k\u00fczdenek-a-n\u0151k-\u00e9s-a-f\u00e9rfiak.jpg","datePublished":"2019-05-28T21:53:20+00:00","dateModified":"2019-05-28T21:53:21+00:00","author":{"@id":"https:\/\/super-news.info\/hu\/#\/schema\/person\/2d4068cb2f39cd10008c2fce578a7356"},"breadcrumb":{"@id":"https:\/\/super-news.info\/hu\/uj-tipusu-nehezsegekkel-kuzdenek-a-nok-es-a-ferfiak-interjuk\/#breadcrumb"},"inLanguage":"hu","potentialAction":[{"@type":"ReadAction","target":["https:\/\/super-news.info\/hu\/uj-tipusu-nehezsegekkel-kuzdenek-a-nok-es-a-ferfiak-interjuk\/"]}]},{"@type":"ImageObject","inLanguage":"hu","@id":"https:\/\/super-news.info\/hu\/uj-tipusu-nehezsegekkel-kuzdenek-a-nok-es-a-ferfiak-interjuk\/#primaryimage","url":"https:\/\/super-news.info\/hu\/wp-content\/uploads\/sites\/3\/2019\/05\/\u00daj-t\u00edpus\u00fa-neh\u00e9zs\u00e9gekkel-k\u00fczdenek-a-n\u0151k-\u00e9s-a-f\u00e9rfiak.jpg","contentUrl":"https:\/\/super-news.info\/hu\/wp-content\/uploads\/sites\/3\/2019\/05\/\u00daj-t\u00edpus\u00fa-neh\u00e9zs\u00e9gekkel-k\u00fczdenek-a-n\u0151k-\u00e9s-a-f\u00e9rfiak.jpg","width":653,"height":900,"caption":"\u00daj t\u00edpus\u00fa neh\u00e9zs\u00e9gekkel k\u00fczdenek a n\u0151k \u00e9s a f\u00e9rfiak - Interj\u00fak"},{"@type":"BreadcrumbList","@id":"https:\/\/super-news.info\/hu\/uj-tipusu-nehezsegekkel-kuzdenek-a-nok-es-a-ferfiak-interjuk\/#breadcrumb","itemListElement":[{"@type":"ListItem","position":1,"name":"\u0413\u043b\u0430\u0432\u043d\u0430\u044f \u0441\u0442\u0440\u0430\u043d\u0438\u0446\u0430","item":"https:\/\/super-news.info\/hu\/"},{"@type":"ListItem","position":2,"name":"\u00daj t\u00edpus\u00fa neh\u00e9zs\u00e9gekkel k\u00fczdenek a n\u0151k \u00e9s a f\u00e9rfiak &#8211; Interj\u00fak"}]},{"@type":"WebSite","@id":"https:\/\/super-news.info\/hu\/#website","url":"https:\/\/super-news.info\/hu\/","name":"Super News","description":"Super News Magyarorsz\u00e1g","potentialAction":[{"@type":"SearchAction","target":{"@type":"EntryPoint","urlTemplate":"https:\/\/super-news.info\/hu\/?s={search_term_string}"},"query-input":{"@type":"PropertyValueSpecification","valueRequired":true,"valueName":"search_term_string"}}],"inLanguage":"hu"},{"@type":"Person","@id":"https:\/\/super-news.info\/hu\/#\/schema\/person\/2d4068cb2f39cd10008c2fce578a7356","name":"super-news","image":{"@type":"ImageObject","inLanguage":"hu","@id":"https:\/\/secure.gravatar.com\/avatar\/64ebac40b93f26a154f8a9b5b6fdccfc46f442b26b3dd6756dbff3bf9dc76fd7?s=96&d=mm&r=g","url":"https:\/\/secure.gravatar.com\/avatar\/64ebac40b93f26a154f8a9b5b6fdccfc46f442b26b3dd6756dbff3bf9dc76fd7?s=96&d=mm&r=g","contentUrl":"https:\/\/secure.gravatar.com\/avatar\/64ebac40b93f26a154f8a9b5b6fdccfc46f442b26b3dd6756dbff3bf9dc76fd7?s=96&d=mm&r=g","caption":"super-news"},"url":"https:\/\/super-news.info\/hu\/author\/pt\/"}]}},"_links":{"self":[{"href":"https:\/\/super-news.info\/hu\/wp-json\/wp\/v2\/posts\/2921","targetHints":{"allow":["GET"]}}],"collection":[{"href":"https:\/\/super-news.info\/hu\/wp-json\/wp\/v2\/posts"}],"about":[{"href":"https:\/\/super-news.info\/hu\/wp-json\/wp\/v2\/types\/post"}],"author":[{"embeddable":true,"href":"https:\/\/super-news.info\/hu\/wp-json\/wp\/v2\/users\/2"}],"replies":[{"embeddable":true,"href":"https:\/\/super-news.info\/hu\/wp-json\/wp\/v2\/comments?post=2921"}],"version-history":[{"count":1,"href":"https:\/\/super-news.info\/hu\/wp-json\/wp\/v2\/posts\/2921\/revisions"}],"predecessor-version":[{"id":2923,"href":"https:\/\/super-news.info\/hu\/wp-json\/wp\/v2\/posts\/2921\/revisions\/2923"}],"wp:featuredmedia":[{"embeddable":true,"href":"https:\/\/super-news.info\/hu\/wp-json\/wp\/v2\/media\/2922"}],"wp:attachment":[{"href":"https:\/\/super-news.info\/hu\/wp-json\/wp\/v2\/media?parent=2921"}],"wp:term":[{"taxonomy":"category","embeddable":true,"href":"https:\/\/super-news.info\/hu\/wp-json\/wp\/v2\/categories?post=2921"},{"taxonomy":"post_tag","embeddable":true,"href":"https:\/\/super-news.info\/hu\/wp-json\/wp\/v2\/tags?post=2921"}],"curies":[{"name":"wp","href":"https:\/\/api.w.org\/{rel}","templated":true}]}}