{"id":2892,"date":"2019-05-28T17:53:51","date_gmt":"2019-05-28T14:53:51","guid":{"rendered":"https:\/\/super-news.info\/hu\/tovabb-bovitette-forgalmat-az-extreme-digital-e-kereskedelem\/"},"modified":"2019-05-28T17:53:52","modified_gmt":"2019-05-28T14:53:52","slug":"tovabb-bovitette-forgalmat-az-extreme-digital-e-kereskedelem","status":"publish","type":"post","link":"https:\/\/super-news.info\/hu\/tovabb-bovitette-forgalmat-az-extreme-digital-e-kereskedelem\/","title":{"rendered":"Tov\u00e1bb b\u0151v\u00edtette forgalm\u00e1t az Extreme Digital &#8211; E-kereskedelem"},"content":{"rendered":"<p> [ad_1]<br \/>\n<\/p>\n<p>A Magyarorsz\u00e1gon n\u00e9pszer\u0171 hibrid \u00fczleti modellj\u00e9nek k\u00f6sz\u00f6nhet\u0151en 2019-ben ism\u00e9t kiemelked\u0151 helyen, a magyar tulajdon\u00fa c\u00e9gek k\u00f6z\u00fcl pedig a legel\u0151kel\u0151bb helyen v\u00e9gzett az Extreme Digital a GKI Digital idei e-toplist\u00e1j\u00e1n.<\/p>\n<div id=\"article_text\">\n<p class=\"Body\">2018-ban az Extreme Digital egymaga mintegy egymilli\u00f3 rendel\u00e9st \u00e9s 37,1 milli\u00e1rd forintos forgalmat bonyol\u00edtott, amely 15 sz\u00e1zal\u00e9kos n\u00f6veked\u00e9s a megel\u0151z\u0151 \u00e9vhez k\u00e9pest. Ezzel a legnagyobb magyar tulajdon\u00fa, \u00f6sszess\u00e9g\u00e9ben pedig a m\u00e1sodik magyarorsz\u00e1gi e-keresked\u0151nek sz\u00e1m\u00edt a GKI Digital e-kereskedelmi toplist\u00e1ja szerint.<\/p>\n<p class=\"Body\">A f\u00fcggetlen piackutat\u00f3 c\u00e9g elemz\u00e9se szerint a magyar piacon tov\u00e1bbra is fontos trend, hogy a hagyom\u00e1nyos \u00fczleteket is m\u0171k\u00f6dtet\u0151 keresked\u0151k az online \u00e9rt\u00e9kes\u00edt\u00e9sben is egyre nagyobb r\u00e9szesed\u00e9st szeretnek, mivel a hazai internetes v\u00e1s\u00e1rl\u00f3k el\u0151szeretettel \u00e9lnek a bolti \u00e1tv\u00e9tel lehet\u0151s\u00e9g\u00e9vel. Az egyre \u00e9lesed\u0151 versenyben az Extreme Digital \u00e1ltal alkalmazott hibrid \u00fczleti modell komoly er\u0151forr\u00e1st jelent.<\/p>\n<p class=\"Body\"><strong>K\u00fclf\u00f6ldr\u0151l j\u00f6n a fele<\/strong><\/p>\n<p class=\"Body\">Ugyanakkor a magyar online kiskereskedelem val\u00f3j\u00e1ban nem korl\u00e1toz\u00f3dik az itthon k\u00e9pviselettel rendelkez\u0151 keresked\u0151kre. Az <strong>eNet Internetkutat\u00f3<\/strong> 2018-as adatai szerint a magyar e-kereskedelmi piac forgalm\u00e1nak m\u00e1r csup\u00e1n fel\u00e9t adt\u00e1k a hazai webshopok magyarorsz\u00e1gi elad\u00e1sai, a marad\u00e9kot a magyar internetez\u0151k k\u00fclf\u00f6ldi keresked\u0151kn\u00e9l t\u00f6rt\u00e9nt v\u00e1s\u00e1rl\u00e1sai adj\u00e1k, r\u00e1ad\u00e1sul a hazai felhaszn\u00e1l\u00f3k k\u00f6r\u00e9ben a legnagyobb ar\u00e1nyban a k\u00fclf\u00f6ldi web\u00e1ruh\u00e1zb\u00f3l vagy k\u00fclf\u00f6ldi aukci\u00f3s oldalon v\u00e1s\u00e1rl\u00f3k ar\u00e1nya n\u0151tt[1].<\/p>\n<p class=\"Body\"><strong>\u00d6sszeolvad\u00e1sok<\/strong><\/p>\n<p class=\"Body\">\u201eNemzetk\u00f6zi szinten jelent\u0151s \u00e1trendezked\u00e9s megy v\u00e9gbe az online kereskedelemben, amely Magyarorsz\u00e1gon is \u00e9rezteti a hat\u00e1s\u00e1t: hi\u00e1ba vagyunk a GKI Digital e-toplist\u00e1j\u00e1nak az \u00e9lmez\u0151ny\u00e9ben, m\u00e9gsem d\u0151lhet\u00fcnk h\u00e1tra, hiszen a magyar v\u00e1s\u00e1rl\u00f3k m\u00e1r a magyar c\u00e9gekkel \u00f6sszem\u00e9rhet\u0151 forgalmat bonyol\u00edtanak olyan e-keresked\u0151kn\u00e9l, amelyek sz\u00e9khelye \u00e9s teljes logisztikai b\u00e1zisa valamelyik k\u00fclf\u00f6ldi orsz\u00e1gban m\u0171k\u00f6dik, \u00e9s esetleg egy magyar nyelven el\u00e9rhet\u0151 honlap \u00fczemeltet\u00e9s\u00e9n k\u00edv\u00fcl semmilyen magyarorsz\u00e1gi oper\u00e1ci\u00f3t nem tartanak fenn. Nem v\u00e9letlen, hogy id\u00e9n m\u00e1rciusban mi is bejelentett\u00fck, hogy egy k\u00f6z\u00f6s v\u00e1llalatot hozunk l\u00e9tre a rom\u00e1n eMAG magyarorsz\u00e1gi le\u00e1nyv\u00e1llalat\u00e1val. A tranzakci\u00f3 m\u00e1r csak a versenyhat\u00f3s\u00e1g j\u00f3v\u00e1hagy\u00e1s\u00e1ra v\u00e1r\u201d \u2013 mondta el V\u00e1rkonyi Bal\u00e1zs, az Extreme Digital alap\u00edt\u00f3-\u00fcgyvezet\u0151je.<\/p>\n<p class=\"Body\">Az \u00f6sszeolvad\u00e1snak k\u00f6sz\u00f6nhet\u0151en olyan hazai e-kereskedelmi v\u00e1llalat j\u00f6het l\u00e9tre, amely felveheti a versenyt a r\u00e9gi\u00f3ban az olyan glob\u00e1lis szerepl\u0151kkel, mint az Ebay, az Aliexpress vagy a Wish. Az eNet Internetkutat\u00f3 adatai alapj\u00e1n ezek a c\u00e9gek az elm\u00falt \u00e9vekben jelent\u0151s magyar v\u00e1s\u00e1rl\u00f3k\u00f6z\u00f6ns\u00e9gre tettek szert[2]. A kutat\u00f3c\u00e9g adatai alapj\u00e1n 2018-ban 3,1 milli\u00f3 magyar v\u00e1s\u00e1rolt online k\u00fclf\u00f6ldr\u0151l[3].<\/p>\n<p><em><em style=\"color: #171717; font-size: 16px;\"><em><strong><em><em><em><em>K\u00f6vesd az oldalunkat a\u00a0<strong>Facebook-on<\/strong> \u00e9s a\u00a0<strong><a href=\"https:\/\/twitter.com\/digitalhungary\" target=\"_blank\" rel=\"noopener noreferrer\">Twitteren<\/a><\/strong> is!<\/em><\/em><\/em><\/em><\/strong><\/em><\/em><\/em><\/p>\n<\/div>\n<p><script async src=\"http:\/\/platform.twitter.com\/widgets.js\" charset=\"utf-8\"><\/script><br \/>\n<br \/>[ad_2]<br \/>\n<br \/><a href=\"https:\/\/www.digitalhungary.hu\/e-kereskedelem\/Tovabb-bovitette-forgalmat-az-Extreme-Digital\/8660\/\">Source link <\/a><\/p>\n","protected":false},"excerpt":{"rendered":"<p>[ad_1] A Magyarorsz\u00e1gon n\u00e9pszer\u0171 hibrid \u00fczleti modellj\u00e9nek k\u00f6sz\u00f6nhet\u0151en 2019-ben ism\u00e9t kiemelked\u0151 helyen, a magyar tulajdon\u00fa c\u00e9gek k\u00f6z\u00fcl pedig a legel\u0151kel\u0151bb helyen v\u00e9gzett az Extreme Digital a GKI Digital idei e-toplist\u00e1j\u00e1n. 2018-ban az Extreme Digital egymaga mintegy egymilli\u00f3 rendel\u00e9st \u00e9s 37,1 milli\u00e1rd forintos forgalmat bonyol\u00edtott, amely 15 sz\u00e1zal\u00e9kos n\u00f6veked\u00e9s a megel\u0151z\u0151 \u00e9vhez k\u00e9pest. Ezzel a legnagyobb [&hellip;]<\/p>\n","protected":false},"author":2,"featured_media":2893,"comment_status":"open","ping_status":"open","sticky":false,"template":"","format":"standard","meta":{"footnotes":""},"categories":[2],"tags":[],"class_list":["post-2892","post","type-post","status-publish","format-standard","has-post-thumbnail","hentry","category-digitalis-marketing-hirek"],"yoast_head":"<!-- This site is optimized with the Yoast SEO plugin v27.4 - https:\/\/yoast.com\/product\/yoast-seo-wordpress\/ -->\n<title>Tov\u00e1bb b\u0151v\u00edtette forgalm\u00e1t az Extreme Digital - E-kereskedelem - Super News<\/title>\n<meta name=\"robots\" content=\"index, follow, max-snippet:-1, max-image-preview:large, max-video-preview:-1\" \/>\n<link rel=\"canonical\" href=\"https:\/\/super-news.info\/hu\/tovabb-bovitette-forgalmat-az-extreme-digital-e-kereskedelem\/\" \/>\n<meta property=\"og:locale\" content=\"hu_HU\" \/>\n<meta property=\"og:type\" content=\"article\" \/>\n<meta property=\"og:title\" content=\"Tov\u00e1bb b\u0151v\u00edtette forgalm\u00e1t az Extreme Digital - E-kereskedelem - Super News\" \/>\n<meta property=\"og:description\" content=\"[ad_1] A Magyarorsz\u00e1gon n\u00e9pszer\u0171 hibrid \u00fczleti modellj\u00e9nek k\u00f6sz\u00f6nhet\u0151en 2019-ben ism\u00e9t kiemelked\u0151 helyen, a magyar tulajdon\u00fa c\u00e9gek k\u00f6z\u00fcl pedig a legel\u0151kel\u0151bb helyen v\u00e9gzett az Extreme Digital a GKI Digital idei e-toplist\u00e1j\u00e1n. 2018-ban az Extreme Digital egymaga mintegy egymilli\u00f3 rendel\u00e9st \u00e9s 37,1 milli\u00e1rd forintos forgalmat bonyol\u00edtott, amely 15 sz\u00e1zal\u00e9kos n\u00f6veked\u00e9s a megel\u0151z\u0151 \u00e9vhez k\u00e9pest. Ezzel a legnagyobb [&hellip;]\" \/>\n<meta property=\"og:url\" content=\"https:\/\/super-news.info\/hu\/tovabb-bovitette-forgalmat-az-extreme-digital-e-kereskedelem\/\" \/>\n<meta property=\"og:site_name\" content=\"Super News\" \/>\n<meta property=\"article:published_time\" content=\"2019-05-28T14:53:51+00:00\" \/>\n<meta property=\"article:modified_time\" content=\"2019-05-28T14:53:52+00:00\" \/>\n<meta property=\"og:image\" content=\"https:\/\/super-news.info\/hu\/wp-content\/uploads\/sites\/3\/2019\/05\/Tov\u00e1bb-b\u0151v\u00edtette-forgalm\u00e1t-az-Extreme-Digital-E-kereskedelem.jpg\" \/>\n\t<meta property=\"og:image:width\" content=\"1024\" \/>\n\t<meta property=\"og:image:height\" content=\"575\" \/>\n\t<meta property=\"og:image:type\" content=\"image\/jpeg\" \/>\n<meta name=\"author\" content=\"super-news\" \/>\n<meta name=\"twitter:card\" content=\"summary_large_image\" \/>\n<meta name=\"twitter:label1\" content=\"Szerz\u0151:\" \/>\n\t<meta name=\"twitter:data1\" content=\"super-news\" \/>\n\t<meta name=\"twitter:label2\" content=\"Becs\u00fclt olvas\u00e1si id\u0151\" \/>\n\t<meta name=\"twitter:data2\" content=\"3 perc\" \/>\n<script type=\"application\/ld+json\" class=\"yoast-schema-graph\">{\"@context\":\"https:\\\/\\\/schema.org\",\"@graph\":[{\"@type\":\"Article\",\"@id\":\"https:\\\/\\\/super-news.info\\\/hu\\\/tovabb-bovitette-forgalmat-az-extreme-digital-e-kereskedelem\\\/#article\",\"isPartOf\":{\"@id\":\"https:\\\/\\\/super-news.info\\\/hu\\\/tovabb-bovitette-forgalmat-az-extreme-digital-e-kereskedelem\\\/\"},\"author\":{\"name\":\"super-news\",\"@id\":\"https:\\\/\\\/super-news.info\\\/hu\\\/#\\\/schema\\\/person\\\/2d4068cb2f39cd10008c2fce578a7356\"},\"headline\":\"Tov\u00e1bb b\u0151v\u00edtette forgalm\u00e1t az Extreme Digital &#8211; E-kereskedelem\",\"datePublished\":\"2019-05-28T14:53:51+00:00\",\"dateModified\":\"2019-05-28T14:53:52+00:00\",\"mainEntityOfPage\":{\"@id\":\"https:\\\/\\\/super-news.info\\\/hu\\\/tovabb-bovitette-forgalmat-az-extreme-digital-e-kereskedelem\\\/\"},\"wordCount\":566,\"commentCount\":0,\"image\":{\"@id\":\"https:\\\/\\\/super-news.info\\\/hu\\\/tovabb-bovitette-forgalmat-az-extreme-digital-e-kereskedelem\\\/#primaryimage\"},\"thumbnailUrl\":\"https:\\\/\\\/super-news.info\\\/hu\\\/wp-content\\\/uploads\\\/sites\\\/3\\\/2019\\\/05\\\/Tov\u00e1bb-b\u0151v\u00edtette-forgalm\u00e1t-az-Extreme-Digital-E-kereskedelem.jpg\",\"articleSection\":[\"DIGIT\u00c1LIS MARKETING H\u00cdREK\"],\"inLanguage\":\"hu\",\"potentialAction\":[{\"@type\":\"CommentAction\",\"name\":\"Comment\",\"target\":[\"https:\\\/\\\/super-news.info\\\/hu\\\/tovabb-bovitette-forgalmat-az-extreme-digital-e-kereskedelem\\\/#respond\"]}]},{\"@type\":\"WebPage\",\"@id\":\"https:\\\/\\\/super-news.info\\\/hu\\\/tovabb-bovitette-forgalmat-az-extreme-digital-e-kereskedelem\\\/\",\"url\":\"https:\\\/\\\/super-news.info\\\/hu\\\/tovabb-bovitette-forgalmat-az-extreme-digital-e-kereskedelem\\\/\",\"name\":\"Tov\u00e1bb b\u0151v\u00edtette forgalm\u00e1t az Extreme Digital - E-kereskedelem - Super News\",\"isPartOf\":{\"@id\":\"https:\\\/\\\/super-news.info\\\/hu\\\/#website\"},\"primaryImageOfPage\":{\"@id\":\"https:\\\/\\\/super-news.info\\\/hu\\\/tovabb-bovitette-forgalmat-az-extreme-digital-e-kereskedelem\\\/#primaryimage\"},\"image\":{\"@id\":\"https:\\\/\\\/super-news.info\\\/hu\\\/tovabb-bovitette-forgalmat-az-extreme-digital-e-kereskedelem\\\/#primaryimage\"},\"thumbnailUrl\":\"https:\\\/\\\/super-news.info\\\/hu\\\/wp-content\\\/uploads\\\/sites\\\/3\\\/2019\\\/05\\\/Tov\u00e1bb-b\u0151v\u00edtette-forgalm\u00e1t-az-Extreme-Digital-E-kereskedelem.jpg\",\"datePublished\":\"2019-05-28T14:53:51+00:00\",\"dateModified\":\"2019-05-28T14:53:52+00:00\",\"author\":{\"@id\":\"https:\\\/\\\/super-news.info\\\/hu\\\/#\\\/schema\\\/person\\\/2d4068cb2f39cd10008c2fce578a7356\"},\"breadcrumb\":{\"@id\":\"https:\\\/\\\/super-news.info\\\/hu\\\/tovabb-bovitette-forgalmat-az-extreme-digital-e-kereskedelem\\\/#breadcrumb\"},\"inLanguage\":\"hu\",\"potentialAction\":[{\"@type\":\"ReadAction\",\"target\":[\"https:\\\/\\\/super-news.info\\\/hu\\\/tovabb-bovitette-forgalmat-az-extreme-digital-e-kereskedelem\\\/\"]}]},{\"@type\":\"ImageObject\",\"inLanguage\":\"hu\",\"@id\":\"https:\\\/\\\/super-news.info\\\/hu\\\/tovabb-bovitette-forgalmat-az-extreme-digital-e-kereskedelem\\\/#primaryimage\",\"url\":\"https:\\\/\\\/super-news.info\\\/hu\\\/wp-content\\\/uploads\\\/sites\\\/3\\\/2019\\\/05\\\/Tov\u00e1bb-b\u0151v\u00edtette-forgalm\u00e1t-az-Extreme-Digital-E-kereskedelem.jpg\",\"contentUrl\":\"https:\\\/\\\/super-news.info\\\/hu\\\/wp-content\\\/uploads\\\/sites\\\/3\\\/2019\\\/05\\\/Tov\u00e1bb-b\u0151v\u00edtette-forgalm\u00e1t-az-Extreme-Digital-E-kereskedelem.jpg\",\"width\":1024,\"height\":575,\"caption\":\"Tov\u00e1bb b\u0151v\u00edtette forgalm\u00e1t az Extreme Digital - E-kereskedelem\"},{\"@type\":\"BreadcrumbList\",\"@id\":\"https:\\\/\\\/super-news.info\\\/hu\\\/tovabb-bovitette-forgalmat-az-extreme-digital-e-kereskedelem\\\/#breadcrumb\",\"itemListElement\":[{\"@type\":\"ListItem\",\"position\":1,\"name\":\"\u0413\u043b\u0430\u0432\u043d\u0430\u044f \u0441\u0442\u0440\u0430\u043d\u0438\u0446\u0430\",\"item\":\"https:\\\/\\\/super-news.info\\\/hu\\\/\"},{\"@type\":\"ListItem\",\"position\":2,\"name\":\"Tov\u00e1bb b\u0151v\u00edtette forgalm\u00e1t az Extreme Digital &#8211; E-kereskedelem\"}]},{\"@type\":\"WebSite\",\"@id\":\"https:\\\/\\\/super-news.info\\\/hu\\\/#website\",\"url\":\"https:\\\/\\\/super-news.info\\\/hu\\\/\",\"name\":\"Super News\",\"description\":\"Super News Magyarorsz\u00e1g\",\"potentialAction\":[{\"@type\":\"SearchAction\",\"target\":{\"@type\":\"EntryPoint\",\"urlTemplate\":\"https:\\\/\\\/super-news.info\\\/hu\\\/?s={search_term_string}\"},\"query-input\":{\"@type\":\"PropertyValueSpecification\",\"valueRequired\":true,\"valueName\":\"search_term_string\"}}],\"inLanguage\":\"hu\"},{\"@type\":\"Person\",\"@id\":\"https:\\\/\\\/super-news.info\\\/hu\\\/#\\\/schema\\\/person\\\/2d4068cb2f39cd10008c2fce578a7356\",\"name\":\"super-news\",\"image\":{\"@type\":\"ImageObject\",\"inLanguage\":\"hu\",\"@id\":\"https:\\\/\\\/secure.gravatar.com\\\/avatar\\\/64ebac40b93f26a154f8a9b5b6fdccfc46f442b26b3dd6756dbff3bf9dc76fd7?s=96&d=mm&r=g\",\"url\":\"https:\\\/\\\/secure.gravatar.com\\\/avatar\\\/64ebac40b93f26a154f8a9b5b6fdccfc46f442b26b3dd6756dbff3bf9dc76fd7?s=96&d=mm&r=g\",\"contentUrl\":\"https:\\\/\\\/secure.gravatar.com\\\/avatar\\\/64ebac40b93f26a154f8a9b5b6fdccfc46f442b26b3dd6756dbff3bf9dc76fd7?s=96&d=mm&r=g\",\"caption\":\"super-news\"},\"url\":\"https:\\\/\\\/super-news.info\\\/hu\\\/author\\\/pt\\\/\"}]}<\/script>\n<!-- \/ Yoast SEO plugin. -->","yoast_head_json":{"title":"Tov\u00e1bb b\u0151v\u00edtette forgalm\u00e1t az Extreme Digital - E-kereskedelem - Super News","robots":{"index":"index","follow":"follow","max-snippet":"max-snippet:-1","max-image-preview":"max-image-preview:large","max-video-preview":"max-video-preview:-1"},"canonical":"https:\/\/super-news.info\/hu\/tovabb-bovitette-forgalmat-az-extreme-digital-e-kereskedelem\/","og_locale":"hu_HU","og_type":"article","og_title":"Tov\u00e1bb b\u0151v\u00edtette forgalm\u00e1t az Extreme Digital - E-kereskedelem - Super News","og_description":"[ad_1] A Magyarorsz\u00e1gon n\u00e9pszer\u0171 hibrid \u00fczleti modellj\u00e9nek k\u00f6sz\u00f6nhet\u0151en 2019-ben ism\u00e9t kiemelked\u0151 helyen, a magyar tulajdon\u00fa c\u00e9gek k\u00f6z\u00fcl pedig a legel\u0151kel\u0151bb helyen v\u00e9gzett az Extreme Digital a GKI Digital idei e-toplist\u00e1j\u00e1n. 2018-ban az Extreme Digital egymaga mintegy egymilli\u00f3 rendel\u00e9st \u00e9s 37,1 milli\u00e1rd forintos forgalmat bonyol\u00edtott, amely 15 sz\u00e1zal\u00e9kos n\u00f6veked\u00e9s a megel\u0151z\u0151 \u00e9vhez k\u00e9pest. Ezzel a legnagyobb [&hellip;]","og_url":"https:\/\/super-news.info\/hu\/tovabb-bovitette-forgalmat-az-extreme-digital-e-kereskedelem\/","og_site_name":"Super News","article_published_time":"2019-05-28T14:53:51+00:00","article_modified_time":"2019-05-28T14:53:52+00:00","og_image":[{"width":1024,"height":575,"url":"https:\/\/super-news.info\/hu\/wp-content\/uploads\/sites\/3\/2019\/05\/Tov\u00e1bb-b\u0151v\u00edtette-forgalm\u00e1t-az-Extreme-Digital-E-kereskedelem.jpg","type":"image\/jpeg"}],"author":"super-news","twitter_card":"summary_large_image","twitter_misc":{"Szerz\u0151:":"super-news","Becs\u00fclt olvas\u00e1si id\u0151":"3 perc"},"schema":{"@context":"https:\/\/schema.org","@graph":[{"@type":"Article","@id":"https:\/\/super-news.info\/hu\/tovabb-bovitette-forgalmat-az-extreme-digital-e-kereskedelem\/#article","isPartOf":{"@id":"https:\/\/super-news.info\/hu\/tovabb-bovitette-forgalmat-az-extreme-digital-e-kereskedelem\/"},"author":{"name":"super-news","@id":"https:\/\/super-news.info\/hu\/#\/schema\/person\/2d4068cb2f39cd10008c2fce578a7356"},"headline":"Tov\u00e1bb b\u0151v\u00edtette forgalm\u00e1t az Extreme Digital &#8211; E-kereskedelem","datePublished":"2019-05-28T14:53:51+00:00","dateModified":"2019-05-28T14:53:52+00:00","mainEntityOfPage":{"@id":"https:\/\/super-news.info\/hu\/tovabb-bovitette-forgalmat-az-extreme-digital-e-kereskedelem\/"},"wordCount":566,"commentCount":0,"image":{"@id":"https:\/\/super-news.info\/hu\/tovabb-bovitette-forgalmat-az-extreme-digital-e-kereskedelem\/#primaryimage"},"thumbnailUrl":"https:\/\/super-news.info\/hu\/wp-content\/uploads\/sites\/3\/2019\/05\/Tov\u00e1bb-b\u0151v\u00edtette-forgalm\u00e1t-az-Extreme-Digital-E-kereskedelem.jpg","articleSection":["DIGIT\u00c1LIS MARKETING H\u00cdREK"],"inLanguage":"hu","potentialAction":[{"@type":"CommentAction","name":"Comment","target":["https:\/\/super-news.info\/hu\/tovabb-bovitette-forgalmat-az-extreme-digital-e-kereskedelem\/#respond"]}]},{"@type":"WebPage","@id":"https:\/\/super-news.info\/hu\/tovabb-bovitette-forgalmat-az-extreme-digital-e-kereskedelem\/","url":"https:\/\/super-news.info\/hu\/tovabb-bovitette-forgalmat-az-extreme-digital-e-kereskedelem\/","name":"Tov\u00e1bb b\u0151v\u00edtette forgalm\u00e1t az Extreme Digital - E-kereskedelem - Super News","isPartOf":{"@id":"https:\/\/super-news.info\/hu\/#website"},"primaryImageOfPage":{"@id":"https:\/\/super-news.info\/hu\/tovabb-bovitette-forgalmat-az-extreme-digital-e-kereskedelem\/#primaryimage"},"image":{"@id":"https:\/\/super-news.info\/hu\/tovabb-bovitette-forgalmat-az-extreme-digital-e-kereskedelem\/#primaryimage"},"thumbnailUrl":"https:\/\/super-news.info\/hu\/wp-content\/uploads\/sites\/3\/2019\/05\/Tov\u00e1bb-b\u0151v\u00edtette-forgalm\u00e1t-az-Extreme-Digital-E-kereskedelem.jpg","datePublished":"2019-05-28T14:53:51+00:00","dateModified":"2019-05-28T14:53:52+00:00","author":{"@id":"https:\/\/super-news.info\/hu\/#\/schema\/person\/2d4068cb2f39cd10008c2fce578a7356"},"breadcrumb":{"@id":"https:\/\/super-news.info\/hu\/tovabb-bovitette-forgalmat-az-extreme-digital-e-kereskedelem\/#breadcrumb"},"inLanguage":"hu","potentialAction":[{"@type":"ReadAction","target":["https:\/\/super-news.info\/hu\/tovabb-bovitette-forgalmat-az-extreme-digital-e-kereskedelem\/"]}]},{"@type":"ImageObject","inLanguage":"hu","@id":"https:\/\/super-news.info\/hu\/tovabb-bovitette-forgalmat-az-extreme-digital-e-kereskedelem\/#primaryimage","url":"https:\/\/super-news.info\/hu\/wp-content\/uploads\/sites\/3\/2019\/05\/Tov\u00e1bb-b\u0151v\u00edtette-forgalm\u00e1t-az-Extreme-Digital-E-kereskedelem.jpg","contentUrl":"https:\/\/super-news.info\/hu\/wp-content\/uploads\/sites\/3\/2019\/05\/Tov\u00e1bb-b\u0151v\u00edtette-forgalm\u00e1t-az-Extreme-Digital-E-kereskedelem.jpg","width":1024,"height":575,"caption":"Tov\u00e1bb b\u0151v\u00edtette forgalm\u00e1t az Extreme Digital - E-kereskedelem"},{"@type":"BreadcrumbList","@id":"https:\/\/super-news.info\/hu\/tovabb-bovitette-forgalmat-az-extreme-digital-e-kereskedelem\/#breadcrumb","itemListElement":[{"@type":"ListItem","position":1,"name":"\u0413\u043b\u0430\u0432\u043d\u0430\u044f \u0441\u0442\u0440\u0430\u043d\u0438\u0446\u0430","item":"https:\/\/super-news.info\/hu\/"},{"@type":"ListItem","position":2,"name":"Tov\u00e1bb b\u0151v\u00edtette forgalm\u00e1t az Extreme Digital &#8211; E-kereskedelem"}]},{"@type":"WebSite","@id":"https:\/\/super-news.info\/hu\/#website","url":"https:\/\/super-news.info\/hu\/","name":"Super News","description":"Super News Magyarorsz\u00e1g","potentialAction":[{"@type":"SearchAction","target":{"@type":"EntryPoint","urlTemplate":"https:\/\/super-news.info\/hu\/?s={search_term_string}"},"query-input":{"@type":"PropertyValueSpecification","valueRequired":true,"valueName":"search_term_string"}}],"inLanguage":"hu"},{"@type":"Person","@id":"https:\/\/super-news.info\/hu\/#\/schema\/person\/2d4068cb2f39cd10008c2fce578a7356","name":"super-news","image":{"@type":"ImageObject","inLanguage":"hu","@id":"https:\/\/secure.gravatar.com\/avatar\/64ebac40b93f26a154f8a9b5b6fdccfc46f442b26b3dd6756dbff3bf9dc76fd7?s=96&d=mm&r=g","url":"https:\/\/secure.gravatar.com\/avatar\/64ebac40b93f26a154f8a9b5b6fdccfc46f442b26b3dd6756dbff3bf9dc76fd7?s=96&d=mm&r=g","contentUrl":"https:\/\/secure.gravatar.com\/avatar\/64ebac40b93f26a154f8a9b5b6fdccfc46f442b26b3dd6756dbff3bf9dc76fd7?s=96&d=mm&r=g","caption":"super-news"},"url":"https:\/\/super-news.info\/hu\/author\/pt\/"}]}},"_links":{"self":[{"href":"https:\/\/super-news.info\/hu\/wp-json\/wp\/v2\/posts\/2892","targetHints":{"allow":["GET"]}}],"collection":[{"href":"https:\/\/super-news.info\/hu\/wp-json\/wp\/v2\/posts"}],"about":[{"href":"https:\/\/super-news.info\/hu\/wp-json\/wp\/v2\/types\/post"}],"author":[{"embeddable":true,"href":"https:\/\/super-news.info\/hu\/wp-json\/wp\/v2\/users\/2"}],"replies":[{"embeddable":true,"href":"https:\/\/super-news.info\/hu\/wp-json\/wp\/v2\/comments?post=2892"}],"version-history":[{"count":1,"href":"https:\/\/super-news.info\/hu\/wp-json\/wp\/v2\/posts\/2892\/revisions"}],"predecessor-version":[{"id":2894,"href":"https:\/\/super-news.info\/hu\/wp-json\/wp\/v2\/posts\/2892\/revisions\/2894"}],"wp:featuredmedia":[{"embeddable":true,"href":"https:\/\/super-news.info\/hu\/wp-json\/wp\/v2\/media\/2893"}],"wp:attachment":[{"href":"https:\/\/super-news.info\/hu\/wp-json\/wp\/v2\/media?parent=2892"}],"wp:term":[{"taxonomy":"category","embeddable":true,"href":"https:\/\/super-news.info\/hu\/wp-json\/wp\/v2\/categories?post=2892"},{"taxonomy":"post_tag","embeddable":true,"href":"https:\/\/super-news.info\/hu\/wp-json\/wp\/v2\/tags?post=2892"}],"curies":[{"name":"wp","href":"https:\/\/api.w.org\/{rel}","templated":true}]}}