{"id":2842,"date":"2019-05-28T00:35:33","date_gmt":"2019-05-27T21:35:33","guid":{"rendered":"https:\/\/super-news.info\/hu\/zuckerbergnek-volt-kiberfonoke-szerint-mennie-kell-kozossegi-media\/"},"modified":"2019-05-28T00:35:34","modified_gmt":"2019-05-27T21:35:34","slug":"zuckerbergnek-volt-kiberfonoke-szerint-mennie-kell-kozossegi-media","status":"publish","type":"post","link":"https:\/\/super-news.info\/hu\/zuckerbergnek-volt-kiberfonoke-szerint-mennie-kell-kozossegi-media\/","title":{"rendered":"Zuckerbergnek volt kiberf\u0151n\u00f6ke szerint mennie kell &#8211; K\u00f6z\u00f6ss\u00e9gi m\u00e9dia"},"content":{"rendered":"<p> [ad_1]<br \/>\n<\/p>\n<p>Alex Stamos egy tech konferenci\u00e1n fejtette ki a v\u00e9lem\u00e9ny\u00e9t a Facebookr\u00f3l. Szerint m\u00e1r az sem seg\u00edtene, ha feldaraboln\u00e1k a c\u00e9get. A Facebook volt kiberbiztons\u00e1gi vezet\u0151je \u00faj vez\u00e9rigazgat\u00f3t nevezne ki.<\/p>\n<div id=\"article_text\">\n<p>Kegyetlen mennyis\u00e9g\u0171 botr\u00e1nyban volt r\u00e9sze az elm\u00falt \u00e9vekben a Facebooknak, r\u00e1ad\u00e1sul sosem lehet tudni, hogy mikor pattan ki a k\u00f6vetkez\u0151, \u00edrja az <strong>Origo<\/strong>. Ezekbe a Facebook egyel\u0151re nem tudott belebukni, r\u00e9szben mivel t\u00fals\u00e1gosan nagyra n\u0151tt ahhoz, hogy n\u00e9h\u00e1ny vihar elf\u00fajja. Viszont az Egyes\u00fclt \u00c1llamokban m\u00e1r konkr\u00e9tan t\u00e9ma a politikai k\u00f6zbesz\u00e9dben, hogy egyesek szerint fel kellene darabolni a c\u00e9get: legal\u00e1bb az Instagramot \u00e9s a WhatsAppot le kellene v\u00e1lasztani r\u00f3la, ezzel n\u00f6velve a piaci versenyt a k\u00f6z\u00f6ss\u00e9gi szolg\u00e1ltat\u00e1sok \u00e9s az online cseveg\u0151szolg\u00e1ltat\u00e1sok piac\u00e1n.<\/p>\n<p><strong>T\u00fal nagy hatalom ez neki<\/strong><\/p>\n<p>A t\u00e9m\u00e1r\u00f3l a toront\u00f3i Collision Conference tech\u00f6sszej\u00f6vetelen kik\u00e9rt\u00e9k Alex Stamos v\u00e9lem\u00e9ny\u00e9t is, \u0151 volt a Facebook kiberbiztons\u00e1gi f\u0151n\u00f6ke 2015 \u00e9s 2018 k\u00f6z\u00f6tt. Stamos szerint teljesen \u00e9rthet\u0151 az \u00e9rvel\u00e9s, miszerint Mark Zuckerberg kez\u00e9ben t\u00fals\u00e1gosan sok hatalom \u00f6sszpontosul, \u00e9s \u00fagy gondolja, hogy ebb\u0151l el\u00e9g sokat fel kellene adnia. A volt f\u0151n\u00f6ke hely\u00e9ben keresne egy \u00faj vez\u00e9rigazgat\u00f3t a c\u00e9g \u00e9l\u00e9re, de a Facebook feldarabol\u00e1s\u00e1nak nem l\u00e1tja \u00e9rtelm\u00e9t.<\/p>\n<p>Mark Zuckerberg jelenleg nem csak vez\u00e9rigazgat\u00f3, de Chris Cox idei t\u00e1voz\u00e1sa \u00f3ta \u0151 felel a term\u00e9kfejleszt\u00e9s\u00e9rt is.<\/p>\n<p><strong>&#8222;V\u00e1ltoznia kell a kult\u00far\u00e1nak&#8221;<br \/><\/strong><\/p>\n<p>\u201eSzereznie kellene egy \u00faj vez\u00e9rigazgat\u00f3t, aki k\u00e9pes a c\u00e9gen bel\u00fcl \u00e9s k\u00edv\u00fcl is egy\u00e9rtelm\u0171v\u00e9 tenni, hogy v\u00e1ltoznia kell a kult\u00far\u00e1nak. Sokakat izgalomban tart egy lehets\u00e9ges tr\u00f6sztellenes elj\u00e1r\u00e1s, mert az emberek szeretik azt mondani, hogy \u00bbut\u00e1lom ezt a c\u00e9get, daraboljuk fel\u00ab. Ut\u00e1na h\u00e1rom c\u00e9g lenne, de ugyanazokkal a fundament\u00e1lis probl\u00e9m\u00e1kkal, \u00e9s ett\u0151l semmi sem v\u00e1lna jobb\u00e1&#8221; \u2013 mondta Stamos.<\/p>\n<p><em><em style=\"color: #171717; font-size: 16px;\"><em><strong><em><em><em><em>K\u00f6vesd az oldalunkat a\u00a0<strong>Facebook-on<\/strong> \u00e9s a\u00a0<strong><a href=\"https:\/\/twitter.com\/digitalhungary\" target=\"_blank\" rel=\"noopener noreferrer\">Twitteren<\/a><\/strong> is!<\/em><\/em><\/em><\/em><\/strong><\/em><\/em><\/em><\/p>\n<\/div>\n<p><script async src=\"http:\/\/platform.twitter.com\/widgets.js\" charset=\"utf-8\"><\/script><br \/>\n<br \/>[ad_2]<br \/>\n<br \/><a href=\"https:\/\/www.digitalhungary.hu\/kozossegi-media\/Zuckerbergnek-volt-kiberfonoke-szerint-mennie-kell\/8640\/\">Source link <\/a><\/p>\n","protected":false},"excerpt":{"rendered":"<p>[ad_1] Alex Stamos egy tech konferenci\u00e1n fejtette ki a v\u00e9lem\u00e9ny\u00e9t a Facebookr\u00f3l. Szerint m\u00e1r az sem seg\u00edtene, ha feldaraboln\u00e1k a c\u00e9get. A Facebook volt kiberbiztons\u00e1gi vezet\u0151je \u00faj vez\u00e9rigazgat\u00f3t nevezne ki. Kegyetlen mennyis\u00e9g\u0171 botr\u00e1nyban volt r\u00e9sze az elm\u00falt \u00e9vekben a Facebooknak, r\u00e1ad\u00e1sul sosem lehet tudni, hogy mikor pattan ki a k\u00f6vetkez\u0151, \u00edrja az Origo. Ezekbe a [&hellip;]<\/p>\n","protected":false},"author":2,"featured_media":2843,"comment_status":"open","ping_status":"open","sticky":false,"template":"","format":"standard","meta":{"footnotes":""},"categories":[2],"tags":[],"class_list":["post-2842","post","type-post","status-publish","format-standard","has-post-thumbnail","hentry","category-digitalis-marketing-hirek"],"yoast_head":"<!-- This site is optimized with the Yoast SEO plugin v27.4 - https:\/\/yoast.com\/product\/yoast-seo-wordpress\/ -->\n<title>Zuckerbergnek volt kiberf\u0151n\u00f6ke szerint mennie kell - K\u00f6z\u00f6ss\u00e9gi m\u00e9dia - Super News<\/title>\n<meta name=\"robots\" content=\"index, follow, max-snippet:-1, max-image-preview:large, max-video-preview:-1\" \/>\n<link rel=\"canonical\" href=\"https:\/\/super-news.info\/hu\/zuckerbergnek-volt-kiberfonoke-szerint-mennie-kell-kozossegi-media\/\" \/>\n<meta property=\"og:locale\" content=\"hu_HU\" \/>\n<meta property=\"og:type\" content=\"article\" \/>\n<meta property=\"og:title\" content=\"Zuckerbergnek volt kiberf\u0151n\u00f6ke szerint mennie kell - K\u00f6z\u00f6ss\u00e9gi m\u00e9dia - Super News\" \/>\n<meta property=\"og:description\" content=\"[ad_1] Alex Stamos egy tech konferenci\u00e1n fejtette ki a v\u00e9lem\u00e9ny\u00e9t a Facebookr\u00f3l. Szerint m\u00e1r az sem seg\u00edtene, ha feldaraboln\u00e1k a c\u00e9get. A Facebook volt kiberbiztons\u00e1gi vezet\u0151je \u00faj vez\u00e9rigazgat\u00f3t nevezne ki. Kegyetlen mennyis\u00e9g\u0171 botr\u00e1nyban volt r\u00e9sze az elm\u00falt \u00e9vekben a Facebooknak, r\u00e1ad\u00e1sul sosem lehet tudni, hogy mikor pattan ki a k\u00f6vetkez\u0151, \u00edrja az Origo. Ezekbe a [&hellip;]\" \/>\n<meta property=\"og:url\" content=\"https:\/\/super-news.info\/hu\/zuckerbergnek-volt-kiberfonoke-szerint-mennie-kell-kozossegi-media\/\" \/>\n<meta property=\"og:site_name\" content=\"Super News\" \/>\n<meta property=\"article:published_time\" content=\"2019-05-27T21:35:33+00:00\" \/>\n<meta property=\"article:modified_time\" content=\"2019-05-27T21:35:34+00:00\" \/>\n<meta property=\"og:image\" content=\"https:\/\/super-news.info\/hu\/wp-content\/uploads\/sites\/3\/2019\/05\/Zuckerbergnek-volt-kiberf\u0151n\u00f6ke-szerint-mennie-kell-K\u00f6z\u00f6ss\u00e9gi-m\u00e9dia.jpg\" \/>\n\t<meta property=\"og:image:width\" content=\"590\" \/>\n\t<meta property=\"og:image:height\" content=\"812\" \/>\n\t<meta property=\"og:image:type\" content=\"image\/jpeg\" \/>\n<meta name=\"author\" content=\"super-news\" \/>\n<meta name=\"twitter:card\" content=\"summary_large_image\" \/>\n<meta name=\"twitter:label1\" content=\"Szerz\u0151:\" \/>\n\t<meta name=\"twitter:data1\" content=\"super-news\" \/>\n\t<meta name=\"twitter:label2\" content=\"Becs\u00fclt olvas\u00e1si id\u0151\" \/>\n\t<meta name=\"twitter:data2\" content=\"2 perc\" \/>\n<script type=\"application\/ld+json\" class=\"yoast-schema-graph\">{\"@context\":\"https:\\\/\\\/schema.org\",\"@graph\":[{\"@type\":\"Article\",\"@id\":\"https:\\\/\\\/super-news.info\\\/hu\\\/zuckerbergnek-volt-kiberfonoke-szerint-mennie-kell-kozossegi-media\\\/#article\",\"isPartOf\":{\"@id\":\"https:\\\/\\\/super-news.info\\\/hu\\\/zuckerbergnek-volt-kiberfonoke-szerint-mennie-kell-kozossegi-media\\\/\"},\"author\":{\"name\":\"super-news\",\"@id\":\"https:\\\/\\\/super-news.info\\\/hu\\\/#\\\/schema\\\/person\\\/2d4068cb2f39cd10008c2fce578a7356\"},\"headline\":\"Zuckerbergnek volt kiberf\u0151n\u00f6ke szerint mennie kell &#8211; K\u00f6z\u00f6ss\u00e9gi m\u00e9dia\",\"datePublished\":\"2019-05-27T21:35:33+00:00\",\"dateModified\":\"2019-05-27T21:35:34+00:00\",\"mainEntityOfPage\":{\"@id\":\"https:\\\/\\\/super-news.info\\\/hu\\\/zuckerbergnek-volt-kiberfonoke-szerint-mennie-kell-kozossegi-media\\\/\"},\"wordCount\":399,\"commentCount\":0,\"image\":{\"@id\":\"https:\\\/\\\/super-news.info\\\/hu\\\/zuckerbergnek-volt-kiberfonoke-szerint-mennie-kell-kozossegi-media\\\/#primaryimage\"},\"thumbnailUrl\":\"https:\\\/\\\/super-news.info\\\/hu\\\/wp-content\\\/uploads\\\/sites\\\/3\\\/2019\\\/05\\\/Zuckerbergnek-volt-kiberf\u0151n\u00f6ke-szerint-mennie-kell-K\u00f6z\u00f6ss\u00e9gi-m\u00e9dia.jpg\",\"articleSection\":[\"DIGIT\u00c1LIS MARKETING H\u00cdREK\"],\"inLanguage\":\"hu\",\"potentialAction\":[{\"@type\":\"CommentAction\",\"name\":\"Comment\",\"target\":[\"https:\\\/\\\/super-news.info\\\/hu\\\/zuckerbergnek-volt-kiberfonoke-szerint-mennie-kell-kozossegi-media\\\/#respond\"]}]},{\"@type\":\"WebPage\",\"@id\":\"https:\\\/\\\/super-news.info\\\/hu\\\/zuckerbergnek-volt-kiberfonoke-szerint-mennie-kell-kozossegi-media\\\/\",\"url\":\"https:\\\/\\\/super-news.info\\\/hu\\\/zuckerbergnek-volt-kiberfonoke-szerint-mennie-kell-kozossegi-media\\\/\",\"name\":\"Zuckerbergnek volt kiberf\u0151n\u00f6ke szerint mennie kell - K\u00f6z\u00f6ss\u00e9gi m\u00e9dia - Super News\",\"isPartOf\":{\"@id\":\"https:\\\/\\\/super-news.info\\\/hu\\\/#website\"},\"primaryImageOfPage\":{\"@id\":\"https:\\\/\\\/super-news.info\\\/hu\\\/zuckerbergnek-volt-kiberfonoke-szerint-mennie-kell-kozossegi-media\\\/#primaryimage\"},\"image\":{\"@id\":\"https:\\\/\\\/super-news.info\\\/hu\\\/zuckerbergnek-volt-kiberfonoke-szerint-mennie-kell-kozossegi-media\\\/#primaryimage\"},\"thumbnailUrl\":\"https:\\\/\\\/super-news.info\\\/hu\\\/wp-content\\\/uploads\\\/sites\\\/3\\\/2019\\\/05\\\/Zuckerbergnek-volt-kiberf\u0151n\u00f6ke-szerint-mennie-kell-K\u00f6z\u00f6ss\u00e9gi-m\u00e9dia.jpg\",\"datePublished\":\"2019-05-27T21:35:33+00:00\",\"dateModified\":\"2019-05-27T21:35:34+00:00\",\"author\":{\"@id\":\"https:\\\/\\\/super-news.info\\\/hu\\\/#\\\/schema\\\/person\\\/2d4068cb2f39cd10008c2fce578a7356\"},\"breadcrumb\":{\"@id\":\"https:\\\/\\\/super-news.info\\\/hu\\\/zuckerbergnek-volt-kiberfonoke-szerint-mennie-kell-kozossegi-media\\\/#breadcrumb\"},\"inLanguage\":\"hu\",\"potentialAction\":[{\"@type\":\"ReadAction\",\"target\":[\"https:\\\/\\\/super-news.info\\\/hu\\\/zuckerbergnek-volt-kiberfonoke-szerint-mennie-kell-kozossegi-media\\\/\"]}]},{\"@type\":\"ImageObject\",\"inLanguage\":\"hu\",\"@id\":\"https:\\\/\\\/super-news.info\\\/hu\\\/zuckerbergnek-volt-kiberfonoke-szerint-mennie-kell-kozossegi-media\\\/#primaryimage\",\"url\":\"https:\\\/\\\/super-news.info\\\/hu\\\/wp-content\\\/uploads\\\/sites\\\/3\\\/2019\\\/05\\\/Zuckerbergnek-volt-kiberf\u0151n\u00f6ke-szerint-mennie-kell-K\u00f6z\u00f6ss\u00e9gi-m\u00e9dia.jpg\",\"contentUrl\":\"https:\\\/\\\/super-news.info\\\/hu\\\/wp-content\\\/uploads\\\/sites\\\/3\\\/2019\\\/05\\\/Zuckerbergnek-volt-kiberf\u0151n\u00f6ke-szerint-mennie-kell-K\u00f6z\u00f6ss\u00e9gi-m\u00e9dia.jpg\",\"width\":590,\"height\":812,\"caption\":\"Zuckerbergnek volt kiberf\u0151n\u00f6ke szerint mennie kell - K\u00f6z\u00f6ss\u00e9gi m\u00e9dia\"},{\"@type\":\"BreadcrumbList\",\"@id\":\"https:\\\/\\\/super-news.info\\\/hu\\\/zuckerbergnek-volt-kiberfonoke-szerint-mennie-kell-kozossegi-media\\\/#breadcrumb\",\"itemListElement\":[{\"@type\":\"ListItem\",\"position\":1,\"name\":\"\u0413\u043b\u0430\u0432\u043d\u0430\u044f \u0441\u0442\u0440\u0430\u043d\u0438\u0446\u0430\",\"item\":\"https:\\\/\\\/super-news.info\\\/hu\\\/\"},{\"@type\":\"ListItem\",\"position\":2,\"name\":\"Zuckerbergnek volt kiberf\u0151n\u00f6ke szerint mennie kell &#8211; K\u00f6z\u00f6ss\u00e9gi m\u00e9dia\"}]},{\"@type\":\"WebSite\",\"@id\":\"https:\\\/\\\/super-news.info\\\/hu\\\/#website\",\"url\":\"https:\\\/\\\/super-news.info\\\/hu\\\/\",\"name\":\"Super News\",\"description\":\"Super News Magyarorsz\u00e1g\",\"potentialAction\":[{\"@type\":\"SearchAction\",\"target\":{\"@type\":\"EntryPoint\",\"urlTemplate\":\"https:\\\/\\\/super-news.info\\\/hu\\\/?s={search_term_string}\"},\"query-input\":{\"@type\":\"PropertyValueSpecification\",\"valueRequired\":true,\"valueName\":\"search_term_string\"}}],\"inLanguage\":\"hu\"},{\"@type\":\"Person\",\"@id\":\"https:\\\/\\\/super-news.info\\\/hu\\\/#\\\/schema\\\/person\\\/2d4068cb2f39cd10008c2fce578a7356\",\"name\":\"super-news\",\"image\":{\"@type\":\"ImageObject\",\"inLanguage\":\"hu\",\"@id\":\"https:\\\/\\\/secure.gravatar.com\\\/avatar\\\/64ebac40b93f26a154f8a9b5b6fdccfc46f442b26b3dd6756dbff3bf9dc76fd7?s=96&d=mm&r=g\",\"url\":\"https:\\\/\\\/secure.gravatar.com\\\/avatar\\\/64ebac40b93f26a154f8a9b5b6fdccfc46f442b26b3dd6756dbff3bf9dc76fd7?s=96&d=mm&r=g\",\"contentUrl\":\"https:\\\/\\\/secure.gravatar.com\\\/avatar\\\/64ebac40b93f26a154f8a9b5b6fdccfc46f442b26b3dd6756dbff3bf9dc76fd7?s=96&d=mm&r=g\",\"caption\":\"super-news\"},\"url\":\"https:\\\/\\\/super-news.info\\\/hu\\\/author\\\/pt\\\/\"}]}<\/script>\n<!-- \/ Yoast SEO plugin. -->","yoast_head_json":{"title":"Zuckerbergnek volt kiberf\u0151n\u00f6ke szerint mennie kell - K\u00f6z\u00f6ss\u00e9gi m\u00e9dia - Super News","robots":{"index":"index","follow":"follow","max-snippet":"max-snippet:-1","max-image-preview":"max-image-preview:large","max-video-preview":"max-video-preview:-1"},"canonical":"https:\/\/super-news.info\/hu\/zuckerbergnek-volt-kiberfonoke-szerint-mennie-kell-kozossegi-media\/","og_locale":"hu_HU","og_type":"article","og_title":"Zuckerbergnek volt kiberf\u0151n\u00f6ke szerint mennie kell - K\u00f6z\u00f6ss\u00e9gi m\u00e9dia - Super News","og_description":"[ad_1] Alex Stamos egy tech konferenci\u00e1n fejtette ki a v\u00e9lem\u00e9ny\u00e9t a Facebookr\u00f3l. Szerint m\u00e1r az sem seg\u00edtene, ha feldaraboln\u00e1k a c\u00e9get. A Facebook volt kiberbiztons\u00e1gi vezet\u0151je \u00faj vez\u00e9rigazgat\u00f3t nevezne ki. Kegyetlen mennyis\u00e9g\u0171 botr\u00e1nyban volt r\u00e9sze az elm\u00falt \u00e9vekben a Facebooknak, r\u00e1ad\u00e1sul sosem lehet tudni, hogy mikor pattan ki a k\u00f6vetkez\u0151, \u00edrja az Origo. Ezekbe a [&hellip;]","og_url":"https:\/\/super-news.info\/hu\/zuckerbergnek-volt-kiberfonoke-szerint-mennie-kell-kozossegi-media\/","og_site_name":"Super News","article_published_time":"2019-05-27T21:35:33+00:00","article_modified_time":"2019-05-27T21:35:34+00:00","og_image":[{"width":590,"height":812,"url":"https:\/\/super-news.info\/hu\/wp-content\/uploads\/sites\/3\/2019\/05\/Zuckerbergnek-volt-kiberf\u0151n\u00f6ke-szerint-mennie-kell-K\u00f6z\u00f6ss\u00e9gi-m\u00e9dia.jpg","type":"image\/jpeg"}],"author":"super-news","twitter_card":"summary_large_image","twitter_misc":{"Szerz\u0151:":"super-news","Becs\u00fclt olvas\u00e1si id\u0151":"2 perc"},"schema":{"@context":"https:\/\/schema.org","@graph":[{"@type":"Article","@id":"https:\/\/super-news.info\/hu\/zuckerbergnek-volt-kiberfonoke-szerint-mennie-kell-kozossegi-media\/#article","isPartOf":{"@id":"https:\/\/super-news.info\/hu\/zuckerbergnek-volt-kiberfonoke-szerint-mennie-kell-kozossegi-media\/"},"author":{"name":"super-news","@id":"https:\/\/super-news.info\/hu\/#\/schema\/person\/2d4068cb2f39cd10008c2fce578a7356"},"headline":"Zuckerbergnek volt kiberf\u0151n\u00f6ke szerint mennie kell &#8211; K\u00f6z\u00f6ss\u00e9gi m\u00e9dia","datePublished":"2019-05-27T21:35:33+00:00","dateModified":"2019-05-27T21:35:34+00:00","mainEntityOfPage":{"@id":"https:\/\/super-news.info\/hu\/zuckerbergnek-volt-kiberfonoke-szerint-mennie-kell-kozossegi-media\/"},"wordCount":399,"commentCount":0,"image":{"@id":"https:\/\/super-news.info\/hu\/zuckerbergnek-volt-kiberfonoke-szerint-mennie-kell-kozossegi-media\/#primaryimage"},"thumbnailUrl":"https:\/\/super-news.info\/hu\/wp-content\/uploads\/sites\/3\/2019\/05\/Zuckerbergnek-volt-kiberf\u0151n\u00f6ke-szerint-mennie-kell-K\u00f6z\u00f6ss\u00e9gi-m\u00e9dia.jpg","articleSection":["DIGIT\u00c1LIS MARKETING H\u00cdREK"],"inLanguage":"hu","potentialAction":[{"@type":"CommentAction","name":"Comment","target":["https:\/\/super-news.info\/hu\/zuckerbergnek-volt-kiberfonoke-szerint-mennie-kell-kozossegi-media\/#respond"]}]},{"@type":"WebPage","@id":"https:\/\/super-news.info\/hu\/zuckerbergnek-volt-kiberfonoke-szerint-mennie-kell-kozossegi-media\/","url":"https:\/\/super-news.info\/hu\/zuckerbergnek-volt-kiberfonoke-szerint-mennie-kell-kozossegi-media\/","name":"Zuckerbergnek volt kiberf\u0151n\u00f6ke szerint mennie kell - K\u00f6z\u00f6ss\u00e9gi m\u00e9dia - Super News","isPartOf":{"@id":"https:\/\/super-news.info\/hu\/#website"},"primaryImageOfPage":{"@id":"https:\/\/super-news.info\/hu\/zuckerbergnek-volt-kiberfonoke-szerint-mennie-kell-kozossegi-media\/#primaryimage"},"image":{"@id":"https:\/\/super-news.info\/hu\/zuckerbergnek-volt-kiberfonoke-szerint-mennie-kell-kozossegi-media\/#primaryimage"},"thumbnailUrl":"https:\/\/super-news.info\/hu\/wp-content\/uploads\/sites\/3\/2019\/05\/Zuckerbergnek-volt-kiberf\u0151n\u00f6ke-szerint-mennie-kell-K\u00f6z\u00f6ss\u00e9gi-m\u00e9dia.jpg","datePublished":"2019-05-27T21:35:33+00:00","dateModified":"2019-05-27T21:35:34+00:00","author":{"@id":"https:\/\/super-news.info\/hu\/#\/schema\/person\/2d4068cb2f39cd10008c2fce578a7356"},"breadcrumb":{"@id":"https:\/\/super-news.info\/hu\/zuckerbergnek-volt-kiberfonoke-szerint-mennie-kell-kozossegi-media\/#breadcrumb"},"inLanguage":"hu","potentialAction":[{"@type":"ReadAction","target":["https:\/\/super-news.info\/hu\/zuckerbergnek-volt-kiberfonoke-szerint-mennie-kell-kozossegi-media\/"]}]},{"@type":"ImageObject","inLanguage":"hu","@id":"https:\/\/super-news.info\/hu\/zuckerbergnek-volt-kiberfonoke-szerint-mennie-kell-kozossegi-media\/#primaryimage","url":"https:\/\/super-news.info\/hu\/wp-content\/uploads\/sites\/3\/2019\/05\/Zuckerbergnek-volt-kiberf\u0151n\u00f6ke-szerint-mennie-kell-K\u00f6z\u00f6ss\u00e9gi-m\u00e9dia.jpg","contentUrl":"https:\/\/super-news.info\/hu\/wp-content\/uploads\/sites\/3\/2019\/05\/Zuckerbergnek-volt-kiberf\u0151n\u00f6ke-szerint-mennie-kell-K\u00f6z\u00f6ss\u00e9gi-m\u00e9dia.jpg","width":590,"height":812,"caption":"Zuckerbergnek volt kiberf\u0151n\u00f6ke szerint mennie kell - K\u00f6z\u00f6ss\u00e9gi m\u00e9dia"},{"@type":"BreadcrumbList","@id":"https:\/\/super-news.info\/hu\/zuckerbergnek-volt-kiberfonoke-szerint-mennie-kell-kozossegi-media\/#breadcrumb","itemListElement":[{"@type":"ListItem","position":1,"name":"\u0413\u043b\u0430\u0432\u043d\u0430\u044f \u0441\u0442\u0440\u0430\u043d\u0438\u0446\u0430","item":"https:\/\/super-news.info\/hu\/"},{"@type":"ListItem","position":2,"name":"Zuckerbergnek volt kiberf\u0151n\u00f6ke szerint mennie kell &#8211; K\u00f6z\u00f6ss\u00e9gi m\u00e9dia"}]},{"@type":"WebSite","@id":"https:\/\/super-news.info\/hu\/#website","url":"https:\/\/super-news.info\/hu\/","name":"Super News","description":"Super News Magyarorsz\u00e1g","potentialAction":[{"@type":"SearchAction","target":{"@type":"EntryPoint","urlTemplate":"https:\/\/super-news.info\/hu\/?s={search_term_string}"},"query-input":{"@type":"PropertyValueSpecification","valueRequired":true,"valueName":"search_term_string"}}],"inLanguage":"hu"},{"@type":"Person","@id":"https:\/\/super-news.info\/hu\/#\/schema\/person\/2d4068cb2f39cd10008c2fce578a7356","name":"super-news","image":{"@type":"ImageObject","inLanguage":"hu","@id":"https:\/\/secure.gravatar.com\/avatar\/64ebac40b93f26a154f8a9b5b6fdccfc46f442b26b3dd6756dbff3bf9dc76fd7?s=96&d=mm&r=g","url":"https:\/\/secure.gravatar.com\/avatar\/64ebac40b93f26a154f8a9b5b6fdccfc46f442b26b3dd6756dbff3bf9dc76fd7?s=96&d=mm&r=g","contentUrl":"https:\/\/secure.gravatar.com\/avatar\/64ebac40b93f26a154f8a9b5b6fdccfc46f442b26b3dd6756dbff3bf9dc76fd7?s=96&d=mm&r=g","caption":"super-news"},"url":"https:\/\/super-news.info\/hu\/author\/pt\/"}]}},"_links":{"self":[{"href":"https:\/\/super-news.info\/hu\/wp-json\/wp\/v2\/posts\/2842","targetHints":{"allow":["GET"]}}],"collection":[{"href":"https:\/\/super-news.info\/hu\/wp-json\/wp\/v2\/posts"}],"about":[{"href":"https:\/\/super-news.info\/hu\/wp-json\/wp\/v2\/types\/post"}],"author":[{"embeddable":true,"href":"https:\/\/super-news.info\/hu\/wp-json\/wp\/v2\/users\/2"}],"replies":[{"embeddable":true,"href":"https:\/\/super-news.info\/hu\/wp-json\/wp\/v2\/comments?post=2842"}],"version-history":[{"count":1,"href":"https:\/\/super-news.info\/hu\/wp-json\/wp\/v2\/posts\/2842\/revisions"}],"predecessor-version":[{"id":2844,"href":"https:\/\/super-news.info\/hu\/wp-json\/wp\/v2\/posts\/2842\/revisions\/2844"}],"wp:featuredmedia":[{"embeddable":true,"href":"https:\/\/super-news.info\/hu\/wp-json\/wp\/v2\/media\/2843"}],"wp:attachment":[{"href":"https:\/\/super-news.info\/hu\/wp-json\/wp\/v2\/media?parent=2842"}],"wp:term":[{"taxonomy":"category","embeddable":true,"href":"https:\/\/super-news.info\/hu\/wp-json\/wp\/v2\/categories?post=2842"},{"taxonomy":"post_tag","embeddable":true,"href":"https:\/\/super-news.info\/hu\/wp-json\/wp\/v2\/tags?post=2842"}],"curies":[{"name":"wp","href":"https:\/\/api.w.org\/{rel}","templated":true}]}}