{"id":2822,"date":"2019-05-27T19:21:10","date_gmt":"2019-05-27T16:21:10","guid":{"rendered":"https:\/\/super-news.info\/hu\/perli-a-volkswagent-az-egyik-leghiresebb-kinai-muvesz-e-kereskedelem\/"},"modified":"2019-05-27T19:21:12","modified_gmt":"2019-05-27T16:21:12","slug":"perli-a-volkswagent-az-egyik-leghiresebb-kinai-muvesz-e-kereskedelem","status":"publish","type":"post","link":"https:\/\/super-news.info\/hu\/perli-a-volkswagent-az-egyik-leghiresebb-kinai-muvesz-e-kereskedelem\/","title":{"rendered":"Perli a Volkswagent az egyik legh\u00edresebb k\u00ednai m\u0171v\u00e9sz &#8211; E-kereskedelem"},"content":{"rendered":"<p> [ad_1]<br \/>\n<\/p>\n<p>A Volkswagen r\u00e9g\u00f3ta birk\u00f3zik a vil\u00e1gh\u00edr\u0171 Aj Vej Vejjel. A k\u00ednai m\u0171v\u00e9sz \u00e1ll\u00edtja, egyik install\u00e1ci\u00f3j\u00e1t \u00fagy haszn\u00e1lta fel egy hirdet\u00e9sben az aut\u00f3gy\u00e1rt\u00f3, hogy nem k\u00e9rt enged\u00e9lyt t\u0151le.<\/p>\n<div id=\"article_text\">\n<p>K\u00edna egyik legh\u00edresebb m\u0171v\u00e9sze, Aj Vej Vej, a h\u00e9ten a b\u00edr\u00f3s\u00e1gon tal\u00e1lkozott a Volkswagen k\u00e9pvisel\u0151j\u00e9vel miut\u00e1n beperelte a c\u00e9get, mert az enged\u00e9lye n\u00e9lk\u00fcl haszn\u00e1lt\u00e1k az egyik alkot\u00e1s\u00e1t egy hirdet\u00e9sben, \u00edrja a <strong>Kreat\u00edv.hu<\/strong>.<\/p>\n<p>A m\u0171v\u00e9sz azt k\u00f6vet\u0151en ind\u00edtotta el az elj\u00e1r\u00e1st, hogy a n\u00e9met c\u00e9g az egyik rekl\u00e1mj\u00e1ban a beleegyez\u00e9se n\u00e9lk\u00fcl h\u00e1tt\u00e9rnek haszn\u00e1lta az egyik install\u00e1ci\u00f3j\u00e1t, amit a menek\u00fcltv\u00e1ls\u00e1g bemutat\u00e1s\u00e1ra k\u00e9sz\u00edtett \u2013 \u00edrja az AdAge.<\/p>\n<p><strong>&#8222;Ez s\u00falyosan k\u00e1ros\u00edtja a m\u0171v\u00e9szi h\u00edrnevemet&#8221;<br \/><\/strong><\/p>\n<p>Aj Vej Vej az \u00fcgyben egy cikket is publik\u00e1lt, amiben azt \u00edrja: \u201ea rekl\u00e1m azt a hamis benyom\u00e1st kelti, mintha enged\u00e9lyt adtam volna arra a Volkswagennek, hogy a menek\u00fcltekkel kapcsolatos munk\u00e1mmal adjon el aut\u00f3kat. Ez s\u00falyosan k\u00e1ros\u00edtja a m\u0171v\u00e9szi h\u00edrnevemet \u00e9s az emberi jogok v\u00e9delm\u00e9ben folytatott munk\u00e1mat.\u201d<\/p>\n<p><strong>Bemutat\u00e1s<\/strong><\/p>\n<p>A m\u0171v\u00e9sz m\u00e9g miel\u0151tt megjelent volna a b\u00edr\u00f3s\u00e1gon az Instagramon is \u00fczenet az aut\u00f3m\u00e1rk\u00e1nak felfel\u00e9 mutatott k\u00f6z\u00e9ps\u0151ujjal.<\/p>\n<p>A t\u00e1rgyal\u00e1sra szerd\u00e1n ker\u00fclt sor Koppenh\u00e1g\u00e1ban. Az aut\u00f3gy\u00e1rt\u00f3 sz\u00f3viv\u0151je a CNN-nek a folyamatban l\u00e9v\u0151 \u00fcgyr\u0151l nem nyilatkozott, annyi azonban elmondott, hogy a c\u00e9g bel\u00e1tta a hib\u00e1j\u00e1t \u00e9s az elm\u00falt egy \u00e9vben m\u00e1r pr\u00f3b\u00e1lt meg\u00e1llapod\u00e1sra jutni a m\u0171v\u00e9sszel.<\/p>\n<p><em><em style=\"color: #171717; font-size: 16px;\"><em><strong><em><em><em><em>K\u00f6vesd az oldalunkat a\u00a0<strong>Facebook-on<\/strong> \u00e9s a\u00a0<strong><a href=\"https:\/\/twitter.com\/digitalhungary\" target=\"_blank\" rel=\"noopener noreferrer\">Twitteren<\/a><\/strong> is!<\/em><\/em><\/em><\/em><\/strong><\/em><\/em><\/em><\/p>\n<\/div>\n<p><script async src=\"http:\/\/platform.twitter.com\/widgets.js\" charset=\"utf-8\"><\/script><br \/>\n<br \/>[ad_2]<br \/>\n<br \/><a href=\"https:\/\/www.digitalhungary.hu\/e-kereskedelem\/Perli-a-Volkswagent-az-egyik-leghiresebb-kinai-muvesz\/8642\/\">Source link <\/a><\/p>\n","protected":false},"excerpt":{"rendered":"<p>[ad_1] A Volkswagen r\u00e9g\u00f3ta birk\u00f3zik a vil\u00e1gh\u00edr\u0171 Aj Vej Vejjel. A k\u00ednai m\u0171v\u00e9sz \u00e1ll\u00edtja, egyik install\u00e1ci\u00f3j\u00e1t \u00fagy haszn\u00e1lta fel egy hirdet\u00e9sben az aut\u00f3gy\u00e1rt\u00f3, hogy nem k\u00e9rt enged\u00e9lyt t\u0151le. K\u00edna egyik legh\u00edresebb m\u0171v\u00e9sze, Aj Vej Vej, a h\u00e9ten a b\u00edr\u00f3s\u00e1gon tal\u00e1lkozott a Volkswagen k\u00e9pvisel\u0151j\u00e9vel miut\u00e1n beperelte a c\u00e9get, mert az enged\u00e9lye n\u00e9lk\u00fcl haszn\u00e1lt\u00e1k az egyik alkot\u00e1s\u00e1t [&hellip;]<\/p>\n","protected":false},"author":2,"featured_media":2823,"comment_status":"open","ping_status":"open","sticky":false,"template":"","format":"standard","meta":{"footnotes":""},"categories":[2],"tags":[],"class_list":["post-2822","post","type-post","status-publish","format-standard","has-post-thumbnail","hentry","category-digitalis-marketing-hirek"],"yoast_head":"<!-- This site is optimized with the Yoast SEO plugin v27.4 - https:\/\/yoast.com\/product\/yoast-seo-wordpress\/ -->\n<title>Perli a Volkswagent az egyik legh\u00edresebb k\u00ednai m\u0171v\u00e9sz - E-kereskedelem - Super News<\/title>\n<meta name=\"robots\" content=\"index, follow, max-snippet:-1, max-image-preview:large, max-video-preview:-1\" \/>\n<link rel=\"canonical\" href=\"https:\/\/super-news.info\/hu\/perli-a-volkswagent-az-egyik-leghiresebb-kinai-muvesz-e-kereskedelem\/\" \/>\n<meta property=\"og:locale\" content=\"hu_HU\" \/>\n<meta property=\"og:type\" content=\"article\" \/>\n<meta property=\"og:title\" content=\"Perli a Volkswagent az egyik legh\u00edresebb k\u00ednai m\u0171v\u00e9sz - E-kereskedelem - Super News\" \/>\n<meta property=\"og:description\" content=\"[ad_1] A Volkswagen r\u00e9g\u00f3ta birk\u00f3zik a vil\u00e1gh\u00edr\u0171 Aj Vej Vejjel. A k\u00ednai m\u0171v\u00e9sz \u00e1ll\u00edtja, egyik install\u00e1ci\u00f3j\u00e1t \u00fagy haszn\u00e1lta fel egy hirdet\u00e9sben az aut\u00f3gy\u00e1rt\u00f3, hogy nem k\u00e9rt enged\u00e9lyt t\u0151le. K\u00edna egyik legh\u00edresebb m\u0171v\u00e9sze, Aj Vej Vej, a h\u00e9ten a b\u00edr\u00f3s\u00e1gon tal\u00e1lkozott a Volkswagen k\u00e9pvisel\u0151j\u00e9vel miut\u00e1n beperelte a c\u00e9get, mert az enged\u00e9lye n\u00e9lk\u00fcl haszn\u00e1lt\u00e1k az egyik alkot\u00e1s\u00e1t [&hellip;]\" \/>\n<meta property=\"og:url\" content=\"https:\/\/super-news.info\/hu\/perli-a-volkswagent-az-egyik-leghiresebb-kinai-muvesz-e-kereskedelem\/\" \/>\n<meta property=\"og:site_name\" content=\"Super News\" \/>\n<meta property=\"article:published_time\" content=\"2019-05-27T16:21:10+00:00\" \/>\n<meta property=\"article:modified_time\" content=\"2019-05-27T16:21:12+00:00\" \/>\n<meta property=\"og:image\" content=\"https:\/\/super-news.info\/hu\/wp-content\/uploads\/sites\/3\/2019\/05\/Perli-a-Volkswagent-az-egyik-legh\u00edresebb-k\u00ednai-m\u0171v\u00e9sz-E-kereskedelem.jpg\" \/>\n\t<meta property=\"og:image:width\" content=\"3000\" \/>\n\t<meta property=\"og:image:height\" content=\"1688\" \/>\n\t<meta property=\"og:image:type\" content=\"image\/jpeg\" \/>\n<meta name=\"author\" content=\"super-news\" \/>\n<meta name=\"twitter:card\" content=\"summary_large_image\" \/>\n<meta name=\"twitter:label1\" content=\"Szerz\u0151:\" \/>\n\t<meta name=\"twitter:data1\" content=\"super-news\" \/>\n\t<meta name=\"twitter:label2\" content=\"Becs\u00fclt olvas\u00e1si id\u0151\" \/>\n\t<meta name=\"twitter:data2\" content=\"2 perc\" \/>\n<script type=\"application\/ld+json\" class=\"yoast-schema-graph\">{\"@context\":\"https:\\\/\\\/schema.org\",\"@graph\":[{\"@type\":\"Article\",\"@id\":\"https:\\\/\\\/super-news.info\\\/hu\\\/perli-a-volkswagent-az-egyik-leghiresebb-kinai-muvesz-e-kereskedelem\\\/#article\",\"isPartOf\":{\"@id\":\"https:\\\/\\\/super-news.info\\\/hu\\\/perli-a-volkswagent-az-egyik-leghiresebb-kinai-muvesz-e-kereskedelem\\\/\"},\"author\":{\"name\":\"super-news\",\"@id\":\"https:\\\/\\\/super-news.info\\\/hu\\\/#\\\/schema\\\/person\\\/2d4068cb2f39cd10008c2fce578a7356\"},\"headline\":\"Perli a Volkswagent az egyik legh\u00edresebb k\u00ednai m\u0171v\u00e9sz &#8211; E-kereskedelem\",\"datePublished\":\"2019-05-27T16:21:10+00:00\",\"dateModified\":\"2019-05-27T16:21:12+00:00\",\"mainEntityOfPage\":{\"@id\":\"https:\\\/\\\/super-news.info\\\/hu\\\/perli-a-volkswagent-az-egyik-leghiresebb-kinai-muvesz-e-kereskedelem\\\/\"},\"wordCount\":356,\"commentCount\":0,\"image\":{\"@id\":\"https:\\\/\\\/super-news.info\\\/hu\\\/perli-a-volkswagent-az-egyik-leghiresebb-kinai-muvesz-e-kereskedelem\\\/#primaryimage\"},\"thumbnailUrl\":\"https:\\\/\\\/super-news.info\\\/hu\\\/wp-content\\\/uploads\\\/sites\\\/3\\\/2019\\\/05\\\/Perli-a-Volkswagent-az-egyik-legh\u00edresebb-k\u00ednai-m\u0171v\u00e9sz-E-kereskedelem.jpg\",\"articleSection\":[\"DIGIT\u00c1LIS MARKETING H\u00cdREK\"],\"inLanguage\":\"hu\",\"potentialAction\":[{\"@type\":\"CommentAction\",\"name\":\"Comment\",\"target\":[\"https:\\\/\\\/super-news.info\\\/hu\\\/perli-a-volkswagent-az-egyik-leghiresebb-kinai-muvesz-e-kereskedelem\\\/#respond\"]}]},{\"@type\":\"WebPage\",\"@id\":\"https:\\\/\\\/super-news.info\\\/hu\\\/perli-a-volkswagent-az-egyik-leghiresebb-kinai-muvesz-e-kereskedelem\\\/\",\"url\":\"https:\\\/\\\/super-news.info\\\/hu\\\/perli-a-volkswagent-az-egyik-leghiresebb-kinai-muvesz-e-kereskedelem\\\/\",\"name\":\"Perli a Volkswagent az egyik legh\u00edresebb k\u00ednai m\u0171v\u00e9sz - E-kereskedelem - Super News\",\"isPartOf\":{\"@id\":\"https:\\\/\\\/super-news.info\\\/hu\\\/#website\"},\"primaryImageOfPage\":{\"@id\":\"https:\\\/\\\/super-news.info\\\/hu\\\/perli-a-volkswagent-az-egyik-leghiresebb-kinai-muvesz-e-kereskedelem\\\/#primaryimage\"},\"image\":{\"@id\":\"https:\\\/\\\/super-news.info\\\/hu\\\/perli-a-volkswagent-az-egyik-leghiresebb-kinai-muvesz-e-kereskedelem\\\/#primaryimage\"},\"thumbnailUrl\":\"https:\\\/\\\/super-news.info\\\/hu\\\/wp-content\\\/uploads\\\/sites\\\/3\\\/2019\\\/05\\\/Perli-a-Volkswagent-az-egyik-legh\u00edresebb-k\u00ednai-m\u0171v\u00e9sz-E-kereskedelem.jpg\",\"datePublished\":\"2019-05-27T16:21:10+00:00\",\"dateModified\":\"2019-05-27T16:21:12+00:00\",\"author\":{\"@id\":\"https:\\\/\\\/super-news.info\\\/hu\\\/#\\\/schema\\\/person\\\/2d4068cb2f39cd10008c2fce578a7356\"},\"breadcrumb\":{\"@id\":\"https:\\\/\\\/super-news.info\\\/hu\\\/perli-a-volkswagent-az-egyik-leghiresebb-kinai-muvesz-e-kereskedelem\\\/#breadcrumb\"},\"inLanguage\":\"hu\",\"potentialAction\":[{\"@type\":\"ReadAction\",\"target\":[\"https:\\\/\\\/super-news.info\\\/hu\\\/perli-a-volkswagent-az-egyik-leghiresebb-kinai-muvesz-e-kereskedelem\\\/\"]}]},{\"@type\":\"ImageObject\",\"inLanguage\":\"hu\",\"@id\":\"https:\\\/\\\/super-news.info\\\/hu\\\/perli-a-volkswagent-az-egyik-leghiresebb-kinai-muvesz-e-kereskedelem\\\/#primaryimage\",\"url\":\"https:\\\/\\\/super-news.info\\\/hu\\\/wp-content\\\/uploads\\\/sites\\\/3\\\/2019\\\/05\\\/Perli-a-Volkswagent-az-egyik-legh\u00edresebb-k\u00ednai-m\u0171v\u00e9sz-E-kereskedelem.jpg\",\"contentUrl\":\"https:\\\/\\\/super-news.info\\\/hu\\\/wp-content\\\/uploads\\\/sites\\\/3\\\/2019\\\/05\\\/Perli-a-Volkswagent-az-egyik-legh\u00edresebb-k\u00ednai-m\u0171v\u00e9sz-E-kereskedelem.jpg\",\"width\":3000,\"height\":1688,\"caption\":\"Perli a Volkswagent az egyik legh\u00edresebb k\u00ednai m\u0171v\u00e9sz - E-kereskedelem\"},{\"@type\":\"BreadcrumbList\",\"@id\":\"https:\\\/\\\/super-news.info\\\/hu\\\/perli-a-volkswagent-az-egyik-leghiresebb-kinai-muvesz-e-kereskedelem\\\/#breadcrumb\",\"itemListElement\":[{\"@type\":\"ListItem\",\"position\":1,\"name\":\"\u0413\u043b\u0430\u0432\u043d\u0430\u044f \u0441\u0442\u0440\u0430\u043d\u0438\u0446\u0430\",\"item\":\"https:\\\/\\\/super-news.info\\\/hu\\\/\"},{\"@type\":\"ListItem\",\"position\":2,\"name\":\"Perli a Volkswagent az egyik legh\u00edresebb k\u00ednai m\u0171v\u00e9sz &#8211; E-kereskedelem\"}]},{\"@type\":\"WebSite\",\"@id\":\"https:\\\/\\\/super-news.info\\\/hu\\\/#website\",\"url\":\"https:\\\/\\\/super-news.info\\\/hu\\\/\",\"name\":\"Super News\",\"description\":\"Super News Magyarorsz\u00e1g\",\"potentialAction\":[{\"@type\":\"SearchAction\",\"target\":{\"@type\":\"EntryPoint\",\"urlTemplate\":\"https:\\\/\\\/super-news.info\\\/hu\\\/?s={search_term_string}\"},\"query-input\":{\"@type\":\"PropertyValueSpecification\",\"valueRequired\":true,\"valueName\":\"search_term_string\"}}],\"inLanguage\":\"hu\"},{\"@type\":\"Person\",\"@id\":\"https:\\\/\\\/super-news.info\\\/hu\\\/#\\\/schema\\\/person\\\/2d4068cb2f39cd10008c2fce578a7356\",\"name\":\"super-news\",\"image\":{\"@type\":\"ImageObject\",\"inLanguage\":\"hu\",\"@id\":\"https:\\\/\\\/secure.gravatar.com\\\/avatar\\\/64ebac40b93f26a154f8a9b5b6fdccfc46f442b26b3dd6756dbff3bf9dc76fd7?s=96&d=mm&r=g\",\"url\":\"https:\\\/\\\/secure.gravatar.com\\\/avatar\\\/64ebac40b93f26a154f8a9b5b6fdccfc46f442b26b3dd6756dbff3bf9dc76fd7?s=96&d=mm&r=g\",\"contentUrl\":\"https:\\\/\\\/secure.gravatar.com\\\/avatar\\\/64ebac40b93f26a154f8a9b5b6fdccfc46f442b26b3dd6756dbff3bf9dc76fd7?s=96&d=mm&r=g\",\"caption\":\"super-news\"},\"url\":\"https:\\\/\\\/super-news.info\\\/hu\\\/author\\\/pt\\\/\"}]}<\/script>\n<!-- \/ Yoast SEO plugin. -->","yoast_head_json":{"title":"Perli a Volkswagent az egyik legh\u00edresebb k\u00ednai m\u0171v\u00e9sz - E-kereskedelem - Super News","robots":{"index":"index","follow":"follow","max-snippet":"max-snippet:-1","max-image-preview":"max-image-preview:large","max-video-preview":"max-video-preview:-1"},"canonical":"https:\/\/super-news.info\/hu\/perli-a-volkswagent-az-egyik-leghiresebb-kinai-muvesz-e-kereskedelem\/","og_locale":"hu_HU","og_type":"article","og_title":"Perli a Volkswagent az egyik legh\u00edresebb k\u00ednai m\u0171v\u00e9sz - E-kereskedelem - Super News","og_description":"[ad_1] A Volkswagen r\u00e9g\u00f3ta birk\u00f3zik a vil\u00e1gh\u00edr\u0171 Aj Vej Vejjel. A k\u00ednai m\u0171v\u00e9sz \u00e1ll\u00edtja, egyik install\u00e1ci\u00f3j\u00e1t \u00fagy haszn\u00e1lta fel egy hirdet\u00e9sben az aut\u00f3gy\u00e1rt\u00f3, hogy nem k\u00e9rt enged\u00e9lyt t\u0151le. K\u00edna egyik legh\u00edresebb m\u0171v\u00e9sze, Aj Vej Vej, a h\u00e9ten a b\u00edr\u00f3s\u00e1gon tal\u00e1lkozott a Volkswagen k\u00e9pvisel\u0151j\u00e9vel miut\u00e1n beperelte a c\u00e9get, mert az enged\u00e9lye n\u00e9lk\u00fcl haszn\u00e1lt\u00e1k az egyik alkot\u00e1s\u00e1t [&hellip;]","og_url":"https:\/\/super-news.info\/hu\/perli-a-volkswagent-az-egyik-leghiresebb-kinai-muvesz-e-kereskedelem\/","og_site_name":"Super News","article_published_time":"2019-05-27T16:21:10+00:00","article_modified_time":"2019-05-27T16:21:12+00:00","og_image":[{"width":3000,"height":1688,"url":"https:\/\/super-news.info\/hu\/wp-content\/uploads\/sites\/3\/2019\/05\/Perli-a-Volkswagent-az-egyik-legh\u00edresebb-k\u00ednai-m\u0171v\u00e9sz-E-kereskedelem.jpg","type":"image\/jpeg"}],"author":"super-news","twitter_card":"summary_large_image","twitter_misc":{"Szerz\u0151:":"super-news","Becs\u00fclt olvas\u00e1si id\u0151":"2 perc"},"schema":{"@context":"https:\/\/schema.org","@graph":[{"@type":"Article","@id":"https:\/\/super-news.info\/hu\/perli-a-volkswagent-az-egyik-leghiresebb-kinai-muvesz-e-kereskedelem\/#article","isPartOf":{"@id":"https:\/\/super-news.info\/hu\/perli-a-volkswagent-az-egyik-leghiresebb-kinai-muvesz-e-kereskedelem\/"},"author":{"name":"super-news","@id":"https:\/\/super-news.info\/hu\/#\/schema\/person\/2d4068cb2f39cd10008c2fce578a7356"},"headline":"Perli a Volkswagent az egyik legh\u00edresebb k\u00ednai m\u0171v\u00e9sz &#8211; E-kereskedelem","datePublished":"2019-05-27T16:21:10+00:00","dateModified":"2019-05-27T16:21:12+00:00","mainEntityOfPage":{"@id":"https:\/\/super-news.info\/hu\/perli-a-volkswagent-az-egyik-leghiresebb-kinai-muvesz-e-kereskedelem\/"},"wordCount":356,"commentCount":0,"image":{"@id":"https:\/\/super-news.info\/hu\/perli-a-volkswagent-az-egyik-leghiresebb-kinai-muvesz-e-kereskedelem\/#primaryimage"},"thumbnailUrl":"https:\/\/super-news.info\/hu\/wp-content\/uploads\/sites\/3\/2019\/05\/Perli-a-Volkswagent-az-egyik-legh\u00edresebb-k\u00ednai-m\u0171v\u00e9sz-E-kereskedelem.jpg","articleSection":["DIGIT\u00c1LIS MARKETING H\u00cdREK"],"inLanguage":"hu","potentialAction":[{"@type":"CommentAction","name":"Comment","target":["https:\/\/super-news.info\/hu\/perli-a-volkswagent-az-egyik-leghiresebb-kinai-muvesz-e-kereskedelem\/#respond"]}]},{"@type":"WebPage","@id":"https:\/\/super-news.info\/hu\/perli-a-volkswagent-az-egyik-leghiresebb-kinai-muvesz-e-kereskedelem\/","url":"https:\/\/super-news.info\/hu\/perli-a-volkswagent-az-egyik-leghiresebb-kinai-muvesz-e-kereskedelem\/","name":"Perli a Volkswagent az egyik legh\u00edresebb k\u00ednai m\u0171v\u00e9sz - E-kereskedelem - Super News","isPartOf":{"@id":"https:\/\/super-news.info\/hu\/#website"},"primaryImageOfPage":{"@id":"https:\/\/super-news.info\/hu\/perli-a-volkswagent-az-egyik-leghiresebb-kinai-muvesz-e-kereskedelem\/#primaryimage"},"image":{"@id":"https:\/\/super-news.info\/hu\/perli-a-volkswagent-az-egyik-leghiresebb-kinai-muvesz-e-kereskedelem\/#primaryimage"},"thumbnailUrl":"https:\/\/super-news.info\/hu\/wp-content\/uploads\/sites\/3\/2019\/05\/Perli-a-Volkswagent-az-egyik-legh\u00edresebb-k\u00ednai-m\u0171v\u00e9sz-E-kereskedelem.jpg","datePublished":"2019-05-27T16:21:10+00:00","dateModified":"2019-05-27T16:21:12+00:00","author":{"@id":"https:\/\/super-news.info\/hu\/#\/schema\/person\/2d4068cb2f39cd10008c2fce578a7356"},"breadcrumb":{"@id":"https:\/\/super-news.info\/hu\/perli-a-volkswagent-az-egyik-leghiresebb-kinai-muvesz-e-kereskedelem\/#breadcrumb"},"inLanguage":"hu","potentialAction":[{"@type":"ReadAction","target":["https:\/\/super-news.info\/hu\/perli-a-volkswagent-az-egyik-leghiresebb-kinai-muvesz-e-kereskedelem\/"]}]},{"@type":"ImageObject","inLanguage":"hu","@id":"https:\/\/super-news.info\/hu\/perli-a-volkswagent-az-egyik-leghiresebb-kinai-muvesz-e-kereskedelem\/#primaryimage","url":"https:\/\/super-news.info\/hu\/wp-content\/uploads\/sites\/3\/2019\/05\/Perli-a-Volkswagent-az-egyik-legh\u00edresebb-k\u00ednai-m\u0171v\u00e9sz-E-kereskedelem.jpg","contentUrl":"https:\/\/super-news.info\/hu\/wp-content\/uploads\/sites\/3\/2019\/05\/Perli-a-Volkswagent-az-egyik-legh\u00edresebb-k\u00ednai-m\u0171v\u00e9sz-E-kereskedelem.jpg","width":3000,"height":1688,"caption":"Perli a Volkswagent az egyik legh\u00edresebb k\u00ednai m\u0171v\u00e9sz - E-kereskedelem"},{"@type":"BreadcrumbList","@id":"https:\/\/super-news.info\/hu\/perli-a-volkswagent-az-egyik-leghiresebb-kinai-muvesz-e-kereskedelem\/#breadcrumb","itemListElement":[{"@type":"ListItem","position":1,"name":"\u0413\u043b\u0430\u0432\u043d\u0430\u044f \u0441\u0442\u0440\u0430\u043d\u0438\u0446\u0430","item":"https:\/\/super-news.info\/hu\/"},{"@type":"ListItem","position":2,"name":"Perli a Volkswagent az egyik legh\u00edresebb k\u00ednai m\u0171v\u00e9sz &#8211; E-kereskedelem"}]},{"@type":"WebSite","@id":"https:\/\/super-news.info\/hu\/#website","url":"https:\/\/super-news.info\/hu\/","name":"Super News","description":"Super News Magyarorsz\u00e1g","potentialAction":[{"@type":"SearchAction","target":{"@type":"EntryPoint","urlTemplate":"https:\/\/super-news.info\/hu\/?s={search_term_string}"},"query-input":{"@type":"PropertyValueSpecification","valueRequired":true,"valueName":"search_term_string"}}],"inLanguage":"hu"},{"@type":"Person","@id":"https:\/\/super-news.info\/hu\/#\/schema\/person\/2d4068cb2f39cd10008c2fce578a7356","name":"super-news","image":{"@type":"ImageObject","inLanguage":"hu","@id":"https:\/\/secure.gravatar.com\/avatar\/64ebac40b93f26a154f8a9b5b6fdccfc46f442b26b3dd6756dbff3bf9dc76fd7?s=96&d=mm&r=g","url":"https:\/\/secure.gravatar.com\/avatar\/64ebac40b93f26a154f8a9b5b6fdccfc46f442b26b3dd6756dbff3bf9dc76fd7?s=96&d=mm&r=g","contentUrl":"https:\/\/secure.gravatar.com\/avatar\/64ebac40b93f26a154f8a9b5b6fdccfc46f442b26b3dd6756dbff3bf9dc76fd7?s=96&d=mm&r=g","caption":"super-news"},"url":"https:\/\/super-news.info\/hu\/author\/pt\/"}]}},"_links":{"self":[{"href":"https:\/\/super-news.info\/hu\/wp-json\/wp\/v2\/posts\/2822","targetHints":{"allow":["GET"]}}],"collection":[{"href":"https:\/\/super-news.info\/hu\/wp-json\/wp\/v2\/posts"}],"about":[{"href":"https:\/\/super-news.info\/hu\/wp-json\/wp\/v2\/types\/post"}],"author":[{"embeddable":true,"href":"https:\/\/super-news.info\/hu\/wp-json\/wp\/v2\/users\/2"}],"replies":[{"embeddable":true,"href":"https:\/\/super-news.info\/hu\/wp-json\/wp\/v2\/comments?post=2822"}],"version-history":[{"count":1,"href":"https:\/\/super-news.info\/hu\/wp-json\/wp\/v2\/posts\/2822\/revisions"}],"predecessor-version":[{"id":2824,"href":"https:\/\/super-news.info\/hu\/wp-json\/wp\/v2\/posts\/2822\/revisions\/2824"}],"wp:featuredmedia":[{"embeddable":true,"href":"https:\/\/super-news.info\/hu\/wp-json\/wp\/v2\/media\/2823"}],"wp:attachment":[{"href":"https:\/\/super-news.info\/hu\/wp-json\/wp\/v2\/media?parent=2822"}],"wp:term":[{"taxonomy":"category","embeddable":true,"href":"https:\/\/super-news.info\/hu\/wp-json\/wp\/v2\/categories?post=2822"},{"taxonomy":"post_tag","embeddable":true,"href":"https:\/\/super-news.info\/hu\/wp-json\/wp\/v2\/tags?post=2822"}],"curies":[{"name":"wp","href":"https:\/\/api.w.org\/{rel}","templated":true}]}}