{"id":2784,"date":"2019-05-27T09:54:00","date_gmt":"2019-05-27T06:54:00","guid":{"rendered":"https:\/\/super-news.info\/hu\/most-tedd-oda-magad-unicef-x-budapest-park-segelykoncert-a-raszorulokert-media\/"},"modified":"2019-05-27T09:54:02","modified_gmt":"2019-05-27T06:54:02","slug":"most-tedd-oda-magad-unicef-x-budapest-park-segelykoncert-a-raszorulokert-media","status":"publish","type":"post","link":"https:\/\/super-news.info\/hu\/most-tedd-oda-magad-unicef-x-budapest-park-segelykoncert-a-raszorulokert-media\/","title":{"rendered":"Most tedd oda magad! &#8211; UNICEF X BUDAPEST PARK seg\u00e9lykoncert a r\u00e1szorul\u00f3k\u00e9rt &#8211; M\u00e9dia"},"content":{"rendered":"<p> [ad_1]<br \/>\n<\/p>\n<p>Hatalmas, szinte p\u00e9ld\u00e1tlan \u00f6sszefog\u00e1ssal val\u00f3sul meg a Budapest Park x UNICEF Seg\u00e9lykoncert. J\u00fanius 16-\u00e1n nyolc \u00e9lvonalbeli magyar egy\u00fcttes \u00e1ll sz\u00ednpadra, a helysz\u00ednt a Budapest Park biztos\u00edtja \u00e9s t\u00f6bb m\u00e9diav\u00e1llalat is seg\u00edt az esem\u00e9ny n\u00e9pszer\u0171s\u00edt\u00e9s\u00e9ben, amelynek teljes jegybev\u00e9tele az UNICEF gyerekeket seg\u00edt\u0151 munk\u00e1j\u00e1t t\u00e1mogatja. Ennek aprop\u00f3j\u00e1n besz\u00e9lgett\u00fcnk M\u00e9sz\u00e1ros Ant\u00f3ni\u00e1val, az UNICEF Magyarorsz\u00e1g vezet\u0151j\u00e9vel \u00e9s Rubin Kata kommunik\u00e1ci\u00f3s igazgat\u00f3val.<\/p>\n<div id=\"article_text\">\n<p><strong>&#8211;\tAzonnal felkaptam a fejem a koncert h\u00edre hallat\u00e1n. P\u00e9lda\u00e9rt\u00e9k\u0171, remek kezdem\u00e9nyez\u00e9snek tartom. Mit kell tudnunk pontosan err\u0151l az esem\u00e9nyr\u0151l? <\/strong><\/p>\n<p><strong> &#8211;\tM\u00e9sz\u00e1ros Ant\u00f3nia: <\/strong>Magyarorsz\u00e1g legnagyobb k\u00f6nny\u0171zenei szt\u00e1rjai csatlakoztak az UNICEF Magyarorsz\u00e1g \u00e9s a Budapest Park k\u00f6z\u00f6s kezdem\u00e9nyez\u00e9s\u00e9hez, hogy egyetlen est\u00e9n egy exkluz\u00edv koncerten \u00e1lljanak sz\u00ednpadra a nemes c\u00e9l \u00e9rdek\u00e9ben. A fell\u00e9p\u0151k a Punnany Massif, a Magna Cum Laude, a Bagossy Brothes Company, a Blahalousiana, Caramel, a L\u00f3ci j\u00e1tszik, a Supernem \u00e9s a Parno Graszt lesznek, az este m\u0171sorvezet\u0151je pedig Istenes Bence, aki szint\u00e9n \u00e9vek \u00f3ta az UNICEF elk\u00f6telezett t\u00e1mogat\u00f3ja. A c\u00e9lunk e koncerttel  &#8211; ahogy 70 \u00e9ve, 190 orsz\u00e1gban minden UNICEF program eset\u00e9ben -, hogy a vil\u00e1g legink\u00e1bb r\u00e1szorul\u00f3, legvesz\u00e9lyeztetettebb gyermekei\u00e9rt, az \u0151 alapvet\u0151i jogaik\u00e9rt, a t\u00fal\u00e9l\u00e9s\u00fck\u00e9rt k\u00fczdj\u00fcnk minden eszk\u00f6zzel. Ez a mi \u00fcgy\u00fcnk, ebben hisz\u00fcnk, ak\u00e1rcsak minden kapcsol\u00f3d\u00f3 r\u00e9sztvev\u0151 \u00e9s seg\u00edt\u0151 partner\u00fcnk.<\/p>\n<table class=\"article_pic_table\" style=\"width: 600px;\" border=\"0\" cellspacing=\"0\" cellpadding=\"0\" align=\"center\">\n<tbody>\n<tr>\n<td><\/td>\n<\/tr>\n<tr align=\"center\">\n<td><strong>M\u00e9sz\u00e1ros Ant\u00f3nia<\/strong><\/td>\n<\/tr>\n<\/tbody>\n<\/table>\n<p><strong>Rubin Kata:<\/strong> Ez egy p\u00e9ld\u00e1tlan \u00f6sszefog\u00e1s Magyarorsz\u00e1gon, egy kicsit a legend\u00e1s LIVE AID koncertre hajaz\u00f3 kezdem\u00e9nyez\u00e9s &#8211; term\u00e9szetesen a saj\u00e1t, hazai lehet\u0151s\u00e9geinkhez m\u00e9rten. Tal\u00e1n nem t\u00falz\u00e1s kijelenteni, hogy a f\u00e9l magyar popszakma azonnal igent mondott a felk\u00e9r\u00e9s\u00fcnkre, ak\u00e1rcsak a Budapest Park csapata. Ez\u00faton \u00e9s minden l\u00e9tez\u0151 m\u00f3don szeretn\u00e9nk megk\u00f6sz\u00f6nni nekik, hogy a saj\u00e1t k\u00f6lts\u00e9g\u00fckre, teljesen ingyen, a gyerekek \u00fcgy\u00e9t \u00e9s az emberi term\u00e9szet nemess\u00e9g\u00e9t el\u0151t\u00e9rbe helyezve v\u00e1llalj\u00e1k a helysz\u00edn biztos\u00edt\u00e1s\u00e1t, a koncert szervez\u00e9s\u00e9t, technikai t\u00e1mogat\u00e1s\u00e1t \u00e9s m\u00e9g hosszan sorolhatn\u00e1m, hogy milyen terheket v\u00e1llaltak magukra.   &#8211;\t\u00d6sszess\u00e9g\u00e9ben kijelenthetj\u00fck, hogy a magyar zeneipar, sz\u00f3rakoztat\u00f3ipar \u00e9s a m\u00e9dia j\u00f3p\u00e1r vezet\u0151 szerepl\u0151je az alkot\u00f3i oldalr\u00f3l, illetve a kommunik\u00e1ci\u00f3 oldal\u00e1r\u00f3l m\u00e1r \u201codatette mag\u00e1t\u201d az \u00fcgy mell\u00e9.<\/p>\n<table class=\"article_pic_table\" style=\"width: 600px;\" border=\"0\" cellspacing=\"0\" cellpadding=\"0\" align=\"center\">\n<tbody>\n<tr>\n<td><img decoding=\"async\" src=\"https:\/\/super-news.info\/hu\/wp-content\/uploads\/sites\/3\/2019\/05\/1558940040_304_Most-tedd-oda-magad-UNICEF-X-BUDAPEST-PARK-segelykoncert.jpg\" alt=\"\" width=\"600\" \/><\/td>\n<\/tr>\n<tr align=\"center\">\n<td><strong>Rubin Kata<\/strong><\/td>\n<\/tr>\n<\/tbody>\n<\/table>\n<p><strong><br \/>&#8211; A v\u00e1llalati szektor milyen m\u00f3don t\u00e1mogathatja az \u00f6sszefog\u00e1st? <\/strong><\/p>\n<p><strong> &#8211;\t   M\u00e9sz\u00e1ros Ant\u00f3nia:<\/strong> \u00cdgy van, a Budapest Park p\u00e9lda\u00e9rt\u00e9k\u0171 hozz\u00e1\u00e1ll\u00e1st mutatott a felk\u00e9r\u00e9sre. \u00c9pp\u00edgy a fell\u00e9p\u0151k is az emberi nagys\u00e1gukr\u00f3l tettek tanubizonys\u00e1got, hiszen teljesen ingyen, a legnemesebb sz\u00e1nd\u00e9kkal v\u00e1llalj\u00e1k ezt a k\u00f6z\u00f6s seg\u00e9lykoncertet. Az RTL Klub, az Index \u00e9s a R\u00e1di\u00f31 is r\u00f6gt\u00f6n az \u00fcgy mell\u00e9 \u00e1llt, m\u00e9diapartnerk\u00e9nt seg\u00edtve minket. A produkci\u00f3 oldal\u00e1r\u00f3l \u00fagy \u00e9rezz\u00fck, val\u00f3ban a maximumot kapja majd a k\u00f6z\u00f6ns\u00e9g, \u00e9s \u00edgy &#8211; h\u00e1la nekik &#8211; k\u00f6zvetve a r\u00e1szorul\u00f3 gyermekek.    &#8211;\tA k\u00e9rd\u00e9sre visszat\u00e9rve val\u00f3ban abban rem\u00e9nyked\u00fcnk, hogy a v\u00e1llalati szektor is felfedezi a koncertben rejl\u0151 sz\u00e1mos lehet\u0151s\u00e9get. \u00dagy gondoljuk, hogy a t\u00e1mogat\u00f3 v\u00e1llalatok a csoportos jegyv\u00e1s\u00e1rl\u00e1sokkal a saj\u00e1t dolgoz\u00f3ikat is eduk\u00e1lj\u00e1k, t\u00e1rsadalmilag \u00e9rz\u00e9keny\u00edtik, mik\u00f6zben egyben komoly \u00e9lm\u00e9nyt is adnak nekik egy k\u00fcl\u00f6nleges c\u00e9ges csapat\u00e9p\u00edt\u0151 keret\u00e9ben. Az \u00fcgyfelek, partnerek fel\u00e9 is sz\u00e9p gesztus lehet megh\u00edvni \u0151ket egy ilyen koncertre &#8211; a seg\u00edt\u0151, filantr\u00f3p v\u00e1llalat vend\u00e9gek\u00e9nt. Ez egy kiv\u00e1l\u00f3  lehet\u0151s\u00e9g arra, hogy aki ad, \u00fagy adjon, hogy k\u00f6zben kap is valamit. A Budapest Park x UNICEF Seg\u00e9lykoncert mindenki sz\u00e1m\u00e1ra egy win-win szitu\u00e1ci\u00f3. A line-up k\u00fcl\u00f6nleges zenei \u00e9lm\u00e9nyt k\u00edn\u00e1l, a buli hangulat\u00e1t pedig csak fokozza a tudat, hogy a jegyv\u00e1s\u00e1rl\u00e1ssal a r\u00e1szorul\u00f3knak is seg\u00edt\u00fcnk. C\u00e9ges szempontb\u00f3l vizsg\u00e1lva, szakm\u00e1zva kicsit, ez egy szuper employer branding \/ HR program vagy ak\u00e1r a partnerek fel\u00e9 haszn\u00e1lva a fenti anal\u00f3gi\u00e1t, profi \u201c\u00fcgyf\u00e9lboldog\u00edt\u00f3\u201d. <\/p>\n<p><strong> &#8211;\tRubin Kata:<\/strong> Itt a v\u00e1llalati szektor szempontj\u00e1b\u00f3l nem klasszikus szponzor\u00e1ci\u00f3r\u00f3l van sz\u00f3, hanem egy k\u00fclf\u00f6ld\u00f6n m\u00e1r bev\u00e1lt m\u00f3dszerr\u0151l, arr\u00f3l, hogy a c\u00e9gek j\u00f3t\u00e9kony esem\u00e9nyekre vesznek jegyeket a dolgoz\u00f3iknak vagy az \u00fcgyfeleiknek. Azon dolgozunk, hogy Magyarorsz\u00e1gon is divatba hozzuk azt a fajta szeml\u00e9letm\u00f3dot \u00e9s \u00edgy a j\u00f6v\u0151ben ne csak az \u00fcgyvezet\u0151k, marketing \u00e9s kommunik\u00e1ci\u00f3s igazgat\u00f3k, HR vezet\u0151k \u00e9rezz\u00e9k preszt\u00edzsk\u00e9rd\u00e9snek, hogy k\u00e9pviselj\u00e9k magukat a t\u00e1rsadalmilag fontos esem\u00e9nyeken, hanem koll\u00e9g\u00e1ikat, \u00fcgyfeleiket is bevonj\u00e1k a seg\u00edt\u0151 t\u00f6rekv\u00e9sekbe. Eredetileg az \u00fcgyn\u00f6ks\u00e9gi oldalr\u00f3l j\u00f6v\u00f6k (<em>Red Lemon Media alap\u00edt\u00f3 tulajdonos \u2013 a szerk.<\/em>), \u00edgy els\u0151 k\u00e9zb\u0151l ismerem a v\u00e1llalati oldal tapasztalatait a CSR lehet\u0151s\u00e9gekr\u0151l. Sz\u00e1momra ezek a v\u00e1llal\u00e1sok mindig is nagyon szimpatikusak voltak, kor\u00e1bban is sz\u00edvesen aj\u00e1nlottam a CSR tev\u00e9kenys\u00e9geket az \u00fcgyfeleim figyelm\u00e9be. Ezekkel nemcsak a saj\u00e1t c\u00e9g\u00fcnk elk\u00f6telezetts\u00e9g\u00e9t bizony\u00edtjuk j\u00f3 \u00fcgyek ir\u00e1ny\u00e1ba, hanem biztons\u00e1g\u00e9rzetet \u00e9s lojalit\u00e1st is k\u00f6zvet\u00edt\u00fcnk a saj\u00e1t munkav\u00e1llal\u00f3ink \u00e9s az \u00fcgyfelek ir\u00e1ny\u00e1ba.\u00a0\u00a0<\/p>\n<p><strong> &#8211;\tM\u00e9sz\u00e1ros Ant\u00f3nia:<\/strong> B\u00edzunk benne, hogy sok magyar v\u00e1llalat gondolkodik hozz\u00e1nk hasonl\u00f3an, nagyon v\u00e1rjuk az \u0151 jelentkez\u00e9s\u00fcket most. Minden egyes k\u00e9rd\u00e9sre\/ k\u00e9r\u00e9sre a legnagyobb \u00f6r\u00f6mmel reag\u00e1lunk \u00e9s a jegyv\u00e1s\u00e1rl\u00e1si csomagokkal kapcsolatban is term\u00e9szetesen nyitottak vagyunk teljesen egyedi meg\u00e1llapod\u00e1sokra, konstrukci\u00f3kra. Ha valaki nagy t\u00e9telben tervez jegyeket venni a koll\u00e9g\u00e1i vagy \u00fcgyfelei sz\u00e1m\u00e1ra, \u00e9rdemes megkeresni minket hiszen sz\u00e1mos m\u00f3don tudjuk ezt honor\u00e1lni szem\u00e9lyre szabott csomagok, helysz\u00edni fel\u00fcletek \u00e9s megjelen\u00e9si lehet\u0151s\u00e9gek form\u00e1j\u00e1ban is. <\/p>\n<p>Az al\u00e1bbi el\u00e9rhet\u0151s\u00e9geken v\u00e1rjuk a seg\u00edt\u0151 sz\u00e1nd\u00e9k\u00fa megkeres\u00e9seket: <strong>kata.rubin@unicef.hu \u00e9s 061 225 88 18 <\/strong><\/p>\n<p><strong> &#8211;\tK\u00f6sz\u00f6n\u00f6m sz\u00e9pen ezt az interj\u00fat nektek. Igaz\u00e1n inspirat\u00edv volt. Hallgatva titeket az fogalmaz\u00f3dott meg bennem, hogy t\u00e9nyleg annyif\u00e9lek\u00e9ppen seg\u00edthetn\u00e9nk m\u00e1soknak, a nagyvil\u00e1gban is vagy ak\u00e1r a sz\u0171kebb k\u00f6rnyezet\u00fcnkben, de sajnos csak ritk\u00e1n tesz\u00fcnk is t\u00e9nylegesen valamit, szerintem egyszer\u0171en csak az\u00e9rt mert nem nagyon l\u00e1tunk r\u00e1 k\u00f6nny\u0171, egyszer\u0171 m\u00f3dokat, hogy \u00e9rdemben seg\u00edts\u00fcnk. A koncerttel itt \u00e9s most ti pont ehhez biztos\u00edtotok egy olyan lehet\u0151s\u00e9get, amellyel val\u00f3ban roppant egyszer\u0171en seg\u00edthet\u00fcnk a jegyv\u00e1s\u00e1rl\u00e1ssal, mik\u00f6zben remek\u00fcl is sz\u00f3rakozunk. Term\u00e9szetesen sz\u00e1m\u00edthattok r\u00e1m is, r\u00e1nk is. J\u00fanius 16-\u00e1n tal\u00e1lkozunk a Parkban. <\/strong><\/p>\n<p><em> (az interj\u00fat k\u00e9sz\u00edtette: Tuza Norbert, rendez\u0151 \/ kreat\u00edv szakember &#8211; <strong>InkPanther<\/strong>)<\/em><\/p>\n<p><em><em style=\"color: #171717; font-size: 16px;\"><em><strong><em><em><em><em>K\u00f6vesd az oldalunkat a\u00a0<strong>Facebook-on<\/strong> \u00e9s a\u00a0<strong><a href=\"https:\/\/twitter.com\/digitalhungary\" target=\"_blank\" rel=\"noopener noreferrer\">Twitteren<\/a><\/strong> is!<\/em><\/em><\/em><\/em><\/strong><\/em><\/em><\/em><\/p>\n<\/div>\n<p><script async src=\"http:\/\/platform.twitter.com\/widgets.js\" charset=\"utf-8\"><\/script><br \/>\n<br \/>[ad_2]<br \/>\n<br \/><a href=\"https:\/\/www.digitalhungary.hu\/media\/Most-tedd-oda-magad-UNICEF-X-BUDAPEST-PARK-segelykoncert-a-raszorulokert\/8646\/\">Source link <\/a><\/p>\n","protected":false},"excerpt":{"rendered":"<p>[ad_1] Hatalmas, szinte p\u00e9ld\u00e1tlan \u00f6sszefog\u00e1ssal val\u00f3sul meg a Budapest Park x UNICEF Seg\u00e9lykoncert. J\u00fanius 16-\u00e1n nyolc \u00e9lvonalbeli magyar egy\u00fcttes \u00e1ll sz\u00ednpadra, a helysz\u00ednt a Budapest Park biztos\u00edtja \u00e9s t\u00f6bb m\u00e9diav\u00e1llalat is seg\u00edt az esem\u00e9ny n\u00e9pszer\u0171s\u00edt\u00e9s\u00e9ben, amelynek teljes jegybev\u00e9tele az UNICEF gyerekeket seg\u00edt\u0151 munk\u00e1j\u00e1t t\u00e1mogatja. Ennek aprop\u00f3j\u00e1n besz\u00e9lgett\u00fcnk M\u00e9sz\u00e1ros Ant\u00f3ni\u00e1val, az UNICEF Magyarorsz\u00e1g vezet\u0151j\u00e9vel \u00e9s Rubin [&hellip;]<\/p>\n","protected":false},"author":2,"featured_media":2785,"comment_status":"open","ping_status":"open","sticky":false,"template":"","format":"standard","meta":{"footnotes":""},"categories":[2],"tags":[],"class_list":["post-2784","post","type-post","status-publish","format-standard","has-post-thumbnail","hentry","category-digitalis-marketing-hirek"],"yoast_head":"<!-- This site is optimized with the Yoast SEO plugin v27.4 - https:\/\/yoast.com\/product\/yoast-seo-wordpress\/ -->\n<title>Most tedd oda magad! - UNICEF X BUDAPEST PARK seg\u00e9lykoncert a r\u00e1szorul\u00f3k\u00e9rt - M\u00e9dia - Super News<\/title>\n<meta name=\"robots\" content=\"index, follow, max-snippet:-1, max-image-preview:large, max-video-preview:-1\" \/>\n<link rel=\"canonical\" href=\"https:\/\/super-news.info\/hu\/most-tedd-oda-magad-unicef-x-budapest-park-segelykoncert-a-raszorulokert-media\/\" \/>\n<meta property=\"og:locale\" content=\"hu_HU\" \/>\n<meta property=\"og:type\" content=\"article\" \/>\n<meta property=\"og:title\" content=\"Most tedd oda magad! - UNICEF X BUDAPEST PARK seg\u00e9lykoncert a r\u00e1szorul\u00f3k\u00e9rt - M\u00e9dia - Super News\" \/>\n<meta property=\"og:description\" content=\"[ad_1] Hatalmas, szinte p\u00e9ld\u00e1tlan \u00f6sszefog\u00e1ssal val\u00f3sul meg a Budapest Park x UNICEF Seg\u00e9lykoncert. J\u00fanius 16-\u00e1n nyolc \u00e9lvonalbeli magyar egy\u00fcttes \u00e1ll sz\u00ednpadra, a helysz\u00ednt a Budapest Park biztos\u00edtja \u00e9s t\u00f6bb m\u00e9diav\u00e1llalat is seg\u00edt az esem\u00e9ny n\u00e9pszer\u0171s\u00edt\u00e9s\u00e9ben, amelynek teljes jegybev\u00e9tele az UNICEF gyerekeket seg\u00edt\u0151 munk\u00e1j\u00e1t t\u00e1mogatja. Ennek aprop\u00f3j\u00e1n besz\u00e9lgett\u00fcnk M\u00e9sz\u00e1ros Ant\u00f3ni\u00e1val, az UNICEF Magyarorsz\u00e1g vezet\u0151j\u00e9vel \u00e9s Rubin [&hellip;]\" \/>\n<meta property=\"og:url\" content=\"https:\/\/super-news.info\/hu\/most-tedd-oda-magad-unicef-x-budapest-park-segelykoncert-a-raszorulokert-media\/\" \/>\n<meta property=\"og:site_name\" content=\"Super News\" \/>\n<meta property=\"article:published_time\" content=\"2019-05-27T06:54:00+00:00\" \/>\n<meta property=\"article:modified_time\" content=\"2019-05-27T06:54:02+00:00\" \/>\n<meta property=\"og:image\" content=\"https:\/\/super-news.info\/hu\/wp-content\/uploads\/sites\/3\/2019\/05\/Most-tedd-oda-magad-UNICEF-X-BUDAPEST-PARK-seg\u00e9lykoncert.jpg\" \/>\n\t<meta property=\"og:image:width\" content=\"600\" \/>\n\t<meta property=\"og:image:height\" content=\"900\" \/>\n\t<meta property=\"og:image:type\" content=\"image\/jpeg\" \/>\n<meta name=\"author\" content=\"super-news\" \/>\n<meta name=\"twitter:card\" content=\"summary_large_image\" \/>\n<meta name=\"twitter:label1\" content=\"Szerz\u0151:\" \/>\n\t<meta name=\"twitter:data1\" content=\"super-news\" \/>\n\t<meta name=\"twitter:label2\" content=\"Becs\u00fclt olvas\u00e1si id\u0151\" \/>\n\t<meta name=\"twitter:data2\" content=\"7 perc\" \/>\n<script type=\"application\/ld+json\" class=\"yoast-schema-graph\">{\"@context\":\"https:\\\/\\\/schema.org\",\"@graph\":[{\"@type\":\"Article\",\"@id\":\"https:\\\/\\\/super-news.info\\\/hu\\\/most-tedd-oda-magad-unicef-x-budapest-park-segelykoncert-a-raszorulokert-media\\\/#article\",\"isPartOf\":{\"@id\":\"https:\\\/\\\/super-news.info\\\/hu\\\/most-tedd-oda-magad-unicef-x-budapest-park-segelykoncert-a-raszorulokert-media\\\/\"},\"author\":{\"name\":\"super-news\",\"@id\":\"https:\\\/\\\/super-news.info\\\/hu\\\/#\\\/schema\\\/person\\\/2d4068cb2f39cd10008c2fce578a7356\"},\"headline\":\"Most tedd oda magad! &#8211; UNICEF X BUDAPEST PARK seg\u00e9lykoncert a r\u00e1szorul\u00f3k\u00e9rt &#8211; M\u00e9dia\",\"datePublished\":\"2019-05-27T06:54:00+00:00\",\"dateModified\":\"2019-05-27T06:54:02+00:00\",\"mainEntityOfPage\":{\"@id\":\"https:\\\/\\\/super-news.info\\\/hu\\\/most-tedd-oda-magad-unicef-x-budapest-park-segelykoncert-a-raszorulokert-media\\\/\"},\"wordCount\":1337,\"commentCount\":0,\"image\":{\"@id\":\"https:\\\/\\\/super-news.info\\\/hu\\\/most-tedd-oda-magad-unicef-x-budapest-park-segelykoncert-a-raszorulokert-media\\\/#primaryimage\"},\"thumbnailUrl\":\"https:\\\/\\\/super-news.info\\\/hu\\\/wp-content\\\/uploads\\\/sites\\\/3\\\/2019\\\/05\\\/Most-tedd-oda-magad-UNICEF-X-BUDAPEST-PARK-seg\u00e9lykoncert.jpg\",\"articleSection\":[\"DIGIT\u00c1LIS MARKETING H\u00cdREK\"],\"inLanguage\":\"hu\",\"potentialAction\":[{\"@type\":\"CommentAction\",\"name\":\"Comment\",\"target\":[\"https:\\\/\\\/super-news.info\\\/hu\\\/most-tedd-oda-magad-unicef-x-budapest-park-segelykoncert-a-raszorulokert-media\\\/#respond\"]}]},{\"@type\":\"WebPage\",\"@id\":\"https:\\\/\\\/super-news.info\\\/hu\\\/most-tedd-oda-magad-unicef-x-budapest-park-segelykoncert-a-raszorulokert-media\\\/\",\"url\":\"https:\\\/\\\/super-news.info\\\/hu\\\/most-tedd-oda-magad-unicef-x-budapest-park-segelykoncert-a-raszorulokert-media\\\/\",\"name\":\"Most tedd oda magad! - UNICEF X BUDAPEST PARK seg\u00e9lykoncert a r\u00e1szorul\u00f3k\u00e9rt - M\u00e9dia - Super News\",\"isPartOf\":{\"@id\":\"https:\\\/\\\/super-news.info\\\/hu\\\/#website\"},\"primaryImageOfPage\":{\"@id\":\"https:\\\/\\\/super-news.info\\\/hu\\\/most-tedd-oda-magad-unicef-x-budapest-park-segelykoncert-a-raszorulokert-media\\\/#primaryimage\"},\"image\":{\"@id\":\"https:\\\/\\\/super-news.info\\\/hu\\\/most-tedd-oda-magad-unicef-x-budapest-park-segelykoncert-a-raszorulokert-media\\\/#primaryimage\"},\"thumbnailUrl\":\"https:\\\/\\\/super-news.info\\\/hu\\\/wp-content\\\/uploads\\\/sites\\\/3\\\/2019\\\/05\\\/Most-tedd-oda-magad-UNICEF-X-BUDAPEST-PARK-seg\u00e9lykoncert.jpg\",\"datePublished\":\"2019-05-27T06:54:00+00:00\",\"dateModified\":\"2019-05-27T06:54:02+00:00\",\"author\":{\"@id\":\"https:\\\/\\\/super-news.info\\\/hu\\\/#\\\/schema\\\/person\\\/2d4068cb2f39cd10008c2fce578a7356\"},\"breadcrumb\":{\"@id\":\"https:\\\/\\\/super-news.info\\\/hu\\\/most-tedd-oda-magad-unicef-x-budapest-park-segelykoncert-a-raszorulokert-media\\\/#breadcrumb\"},\"inLanguage\":\"hu\",\"potentialAction\":[{\"@type\":\"ReadAction\",\"target\":[\"https:\\\/\\\/super-news.info\\\/hu\\\/most-tedd-oda-magad-unicef-x-budapest-park-segelykoncert-a-raszorulokert-media\\\/\"]}]},{\"@type\":\"ImageObject\",\"inLanguage\":\"hu\",\"@id\":\"https:\\\/\\\/super-news.info\\\/hu\\\/most-tedd-oda-magad-unicef-x-budapest-park-segelykoncert-a-raszorulokert-media\\\/#primaryimage\",\"url\":\"https:\\\/\\\/super-news.info\\\/hu\\\/wp-content\\\/uploads\\\/sites\\\/3\\\/2019\\\/05\\\/Most-tedd-oda-magad-UNICEF-X-BUDAPEST-PARK-seg\u00e9lykoncert.jpg\",\"contentUrl\":\"https:\\\/\\\/super-news.info\\\/hu\\\/wp-content\\\/uploads\\\/sites\\\/3\\\/2019\\\/05\\\/Most-tedd-oda-magad-UNICEF-X-BUDAPEST-PARK-seg\u00e9lykoncert.jpg\",\"width\":600,\"height\":900,\"caption\":\"Most tedd oda magad! - UNICEF X BUDAPEST PARK seg\u00e9lykoncert a r\u00e1szorul\u00f3k\u00e9rt - M\u00e9dia\"},{\"@type\":\"BreadcrumbList\",\"@id\":\"https:\\\/\\\/super-news.info\\\/hu\\\/most-tedd-oda-magad-unicef-x-budapest-park-segelykoncert-a-raszorulokert-media\\\/#breadcrumb\",\"itemListElement\":[{\"@type\":\"ListItem\",\"position\":1,\"name\":\"\u0413\u043b\u0430\u0432\u043d\u0430\u044f \u0441\u0442\u0440\u0430\u043d\u0438\u0446\u0430\",\"item\":\"https:\\\/\\\/super-news.info\\\/hu\\\/\"},{\"@type\":\"ListItem\",\"position\":2,\"name\":\"Most tedd oda magad! &#8211; UNICEF X BUDAPEST PARK seg\u00e9lykoncert a r\u00e1szorul\u00f3k\u00e9rt &#8211; M\u00e9dia\"}]},{\"@type\":\"WebSite\",\"@id\":\"https:\\\/\\\/super-news.info\\\/hu\\\/#website\",\"url\":\"https:\\\/\\\/super-news.info\\\/hu\\\/\",\"name\":\"Super News\",\"description\":\"Super News Magyarorsz\u00e1g\",\"potentialAction\":[{\"@type\":\"SearchAction\",\"target\":{\"@type\":\"EntryPoint\",\"urlTemplate\":\"https:\\\/\\\/super-news.info\\\/hu\\\/?s={search_term_string}\"},\"query-input\":{\"@type\":\"PropertyValueSpecification\",\"valueRequired\":true,\"valueName\":\"search_term_string\"}}],\"inLanguage\":\"hu\"},{\"@type\":\"Person\",\"@id\":\"https:\\\/\\\/super-news.info\\\/hu\\\/#\\\/schema\\\/person\\\/2d4068cb2f39cd10008c2fce578a7356\",\"name\":\"super-news\",\"image\":{\"@type\":\"ImageObject\",\"inLanguage\":\"hu\",\"@id\":\"https:\\\/\\\/secure.gravatar.com\\\/avatar\\\/64ebac40b93f26a154f8a9b5b6fdccfc46f442b26b3dd6756dbff3bf9dc76fd7?s=96&d=mm&r=g\",\"url\":\"https:\\\/\\\/secure.gravatar.com\\\/avatar\\\/64ebac40b93f26a154f8a9b5b6fdccfc46f442b26b3dd6756dbff3bf9dc76fd7?s=96&d=mm&r=g\",\"contentUrl\":\"https:\\\/\\\/secure.gravatar.com\\\/avatar\\\/64ebac40b93f26a154f8a9b5b6fdccfc46f442b26b3dd6756dbff3bf9dc76fd7?s=96&d=mm&r=g\",\"caption\":\"super-news\"},\"url\":\"https:\\\/\\\/super-news.info\\\/hu\\\/author\\\/pt\\\/\"}]}<\/script>\n<!-- \/ Yoast SEO plugin. -->","yoast_head_json":{"title":"Most tedd oda magad! - UNICEF X BUDAPEST PARK seg\u00e9lykoncert a r\u00e1szorul\u00f3k\u00e9rt - M\u00e9dia - Super News","robots":{"index":"index","follow":"follow","max-snippet":"max-snippet:-1","max-image-preview":"max-image-preview:large","max-video-preview":"max-video-preview:-1"},"canonical":"https:\/\/super-news.info\/hu\/most-tedd-oda-magad-unicef-x-budapest-park-segelykoncert-a-raszorulokert-media\/","og_locale":"hu_HU","og_type":"article","og_title":"Most tedd oda magad! - UNICEF X BUDAPEST PARK seg\u00e9lykoncert a r\u00e1szorul\u00f3k\u00e9rt - M\u00e9dia - Super News","og_description":"[ad_1] Hatalmas, szinte p\u00e9ld\u00e1tlan \u00f6sszefog\u00e1ssal val\u00f3sul meg a Budapest Park x UNICEF Seg\u00e9lykoncert. J\u00fanius 16-\u00e1n nyolc \u00e9lvonalbeli magyar egy\u00fcttes \u00e1ll sz\u00ednpadra, a helysz\u00ednt a Budapest Park biztos\u00edtja \u00e9s t\u00f6bb m\u00e9diav\u00e1llalat is seg\u00edt az esem\u00e9ny n\u00e9pszer\u0171s\u00edt\u00e9s\u00e9ben, amelynek teljes jegybev\u00e9tele az UNICEF gyerekeket seg\u00edt\u0151 munk\u00e1j\u00e1t t\u00e1mogatja. Ennek aprop\u00f3j\u00e1n besz\u00e9lgett\u00fcnk M\u00e9sz\u00e1ros Ant\u00f3ni\u00e1val, az UNICEF Magyarorsz\u00e1g vezet\u0151j\u00e9vel \u00e9s Rubin [&hellip;]","og_url":"https:\/\/super-news.info\/hu\/most-tedd-oda-magad-unicef-x-budapest-park-segelykoncert-a-raszorulokert-media\/","og_site_name":"Super News","article_published_time":"2019-05-27T06:54:00+00:00","article_modified_time":"2019-05-27T06:54:02+00:00","og_image":[{"width":600,"height":900,"url":"https:\/\/super-news.info\/hu\/wp-content\/uploads\/sites\/3\/2019\/05\/Most-tedd-oda-magad-UNICEF-X-BUDAPEST-PARK-seg\u00e9lykoncert.jpg","type":"image\/jpeg"}],"author":"super-news","twitter_card":"summary_large_image","twitter_misc":{"Szerz\u0151:":"super-news","Becs\u00fclt olvas\u00e1si id\u0151":"7 perc"},"schema":{"@context":"https:\/\/schema.org","@graph":[{"@type":"Article","@id":"https:\/\/super-news.info\/hu\/most-tedd-oda-magad-unicef-x-budapest-park-segelykoncert-a-raszorulokert-media\/#article","isPartOf":{"@id":"https:\/\/super-news.info\/hu\/most-tedd-oda-magad-unicef-x-budapest-park-segelykoncert-a-raszorulokert-media\/"},"author":{"name":"super-news","@id":"https:\/\/super-news.info\/hu\/#\/schema\/person\/2d4068cb2f39cd10008c2fce578a7356"},"headline":"Most tedd oda magad! &#8211; UNICEF X BUDAPEST PARK seg\u00e9lykoncert a r\u00e1szorul\u00f3k\u00e9rt &#8211; M\u00e9dia","datePublished":"2019-05-27T06:54:00+00:00","dateModified":"2019-05-27T06:54:02+00:00","mainEntityOfPage":{"@id":"https:\/\/super-news.info\/hu\/most-tedd-oda-magad-unicef-x-budapest-park-segelykoncert-a-raszorulokert-media\/"},"wordCount":1337,"commentCount":0,"image":{"@id":"https:\/\/super-news.info\/hu\/most-tedd-oda-magad-unicef-x-budapest-park-segelykoncert-a-raszorulokert-media\/#primaryimage"},"thumbnailUrl":"https:\/\/super-news.info\/hu\/wp-content\/uploads\/sites\/3\/2019\/05\/Most-tedd-oda-magad-UNICEF-X-BUDAPEST-PARK-seg\u00e9lykoncert.jpg","articleSection":["DIGIT\u00c1LIS MARKETING H\u00cdREK"],"inLanguage":"hu","potentialAction":[{"@type":"CommentAction","name":"Comment","target":["https:\/\/super-news.info\/hu\/most-tedd-oda-magad-unicef-x-budapest-park-segelykoncert-a-raszorulokert-media\/#respond"]}]},{"@type":"WebPage","@id":"https:\/\/super-news.info\/hu\/most-tedd-oda-magad-unicef-x-budapest-park-segelykoncert-a-raszorulokert-media\/","url":"https:\/\/super-news.info\/hu\/most-tedd-oda-magad-unicef-x-budapest-park-segelykoncert-a-raszorulokert-media\/","name":"Most tedd oda magad! - UNICEF X BUDAPEST PARK seg\u00e9lykoncert a r\u00e1szorul\u00f3k\u00e9rt - M\u00e9dia - Super News","isPartOf":{"@id":"https:\/\/super-news.info\/hu\/#website"},"primaryImageOfPage":{"@id":"https:\/\/super-news.info\/hu\/most-tedd-oda-magad-unicef-x-budapest-park-segelykoncert-a-raszorulokert-media\/#primaryimage"},"image":{"@id":"https:\/\/super-news.info\/hu\/most-tedd-oda-magad-unicef-x-budapest-park-segelykoncert-a-raszorulokert-media\/#primaryimage"},"thumbnailUrl":"https:\/\/super-news.info\/hu\/wp-content\/uploads\/sites\/3\/2019\/05\/Most-tedd-oda-magad-UNICEF-X-BUDAPEST-PARK-seg\u00e9lykoncert.jpg","datePublished":"2019-05-27T06:54:00+00:00","dateModified":"2019-05-27T06:54:02+00:00","author":{"@id":"https:\/\/super-news.info\/hu\/#\/schema\/person\/2d4068cb2f39cd10008c2fce578a7356"},"breadcrumb":{"@id":"https:\/\/super-news.info\/hu\/most-tedd-oda-magad-unicef-x-budapest-park-segelykoncert-a-raszorulokert-media\/#breadcrumb"},"inLanguage":"hu","potentialAction":[{"@type":"ReadAction","target":["https:\/\/super-news.info\/hu\/most-tedd-oda-magad-unicef-x-budapest-park-segelykoncert-a-raszorulokert-media\/"]}]},{"@type":"ImageObject","inLanguage":"hu","@id":"https:\/\/super-news.info\/hu\/most-tedd-oda-magad-unicef-x-budapest-park-segelykoncert-a-raszorulokert-media\/#primaryimage","url":"https:\/\/super-news.info\/hu\/wp-content\/uploads\/sites\/3\/2019\/05\/Most-tedd-oda-magad-UNICEF-X-BUDAPEST-PARK-seg\u00e9lykoncert.jpg","contentUrl":"https:\/\/super-news.info\/hu\/wp-content\/uploads\/sites\/3\/2019\/05\/Most-tedd-oda-magad-UNICEF-X-BUDAPEST-PARK-seg\u00e9lykoncert.jpg","width":600,"height":900,"caption":"Most tedd oda magad! - UNICEF X BUDAPEST PARK seg\u00e9lykoncert a r\u00e1szorul\u00f3k\u00e9rt - M\u00e9dia"},{"@type":"BreadcrumbList","@id":"https:\/\/super-news.info\/hu\/most-tedd-oda-magad-unicef-x-budapest-park-segelykoncert-a-raszorulokert-media\/#breadcrumb","itemListElement":[{"@type":"ListItem","position":1,"name":"\u0413\u043b\u0430\u0432\u043d\u0430\u044f \u0441\u0442\u0440\u0430\u043d\u0438\u0446\u0430","item":"https:\/\/super-news.info\/hu\/"},{"@type":"ListItem","position":2,"name":"Most tedd oda magad! &#8211; UNICEF X BUDAPEST PARK seg\u00e9lykoncert a r\u00e1szorul\u00f3k\u00e9rt &#8211; M\u00e9dia"}]},{"@type":"WebSite","@id":"https:\/\/super-news.info\/hu\/#website","url":"https:\/\/super-news.info\/hu\/","name":"Super News","description":"Super News Magyarorsz\u00e1g","potentialAction":[{"@type":"SearchAction","target":{"@type":"EntryPoint","urlTemplate":"https:\/\/super-news.info\/hu\/?s={search_term_string}"},"query-input":{"@type":"PropertyValueSpecification","valueRequired":true,"valueName":"search_term_string"}}],"inLanguage":"hu"},{"@type":"Person","@id":"https:\/\/super-news.info\/hu\/#\/schema\/person\/2d4068cb2f39cd10008c2fce578a7356","name":"super-news","image":{"@type":"ImageObject","inLanguage":"hu","@id":"https:\/\/secure.gravatar.com\/avatar\/64ebac40b93f26a154f8a9b5b6fdccfc46f442b26b3dd6756dbff3bf9dc76fd7?s=96&d=mm&r=g","url":"https:\/\/secure.gravatar.com\/avatar\/64ebac40b93f26a154f8a9b5b6fdccfc46f442b26b3dd6756dbff3bf9dc76fd7?s=96&d=mm&r=g","contentUrl":"https:\/\/secure.gravatar.com\/avatar\/64ebac40b93f26a154f8a9b5b6fdccfc46f442b26b3dd6756dbff3bf9dc76fd7?s=96&d=mm&r=g","caption":"super-news"},"url":"https:\/\/super-news.info\/hu\/author\/pt\/"}]}},"_links":{"self":[{"href":"https:\/\/super-news.info\/hu\/wp-json\/wp\/v2\/posts\/2784","targetHints":{"allow":["GET"]}}],"collection":[{"href":"https:\/\/super-news.info\/hu\/wp-json\/wp\/v2\/posts"}],"about":[{"href":"https:\/\/super-news.info\/hu\/wp-json\/wp\/v2\/types\/post"}],"author":[{"embeddable":true,"href":"https:\/\/super-news.info\/hu\/wp-json\/wp\/v2\/users\/2"}],"replies":[{"embeddable":true,"href":"https:\/\/super-news.info\/hu\/wp-json\/wp\/v2\/comments?post=2784"}],"version-history":[{"count":1,"href":"https:\/\/super-news.info\/hu\/wp-json\/wp\/v2\/posts\/2784\/revisions"}],"predecessor-version":[{"id":2786,"href":"https:\/\/super-news.info\/hu\/wp-json\/wp\/v2\/posts\/2784\/revisions\/2786"}],"wp:featuredmedia":[{"embeddable":true,"href":"https:\/\/super-news.info\/hu\/wp-json\/wp\/v2\/media\/2785"}],"wp:attachment":[{"href":"https:\/\/super-news.info\/hu\/wp-json\/wp\/v2\/media?parent=2784"}],"wp:term":[{"taxonomy":"category","embeddable":true,"href":"https:\/\/super-news.info\/hu\/wp-json\/wp\/v2\/categories?post=2784"},{"taxonomy":"post_tag","embeddable":true,"href":"https:\/\/super-news.info\/hu\/wp-json\/wp\/v2\/tags?post=2784"}],"curies":[{"name":"wp","href":"https:\/\/api.w.org\/{rel}","templated":true}]}}