{"id":2739,"date":"2019-05-26T13:53:48","date_gmt":"2019-05-26T10:53:48","guid":{"rendered":"https:\/\/super-news.info\/hu\/markaepites-milyen-trendek-varhatok-az-idei-evben-marketing\/"},"modified":"2019-05-26T13:53:50","modified_gmt":"2019-05-26T10:53:50","slug":"markaepites-milyen-trendek-varhatok-az-idei-evben-marketing","status":"publish","type":"post","link":"https:\/\/super-news.info\/hu\/markaepites-milyen-trendek-varhatok-az-idei-evben-marketing\/","title":{"rendered":"M\u00e1rka\u00e9p\u00edt\u00e9s: milyen trendek v\u00e1rhat\u00f3k az idei \u00e9vben? &#8211; Marketing"},"content":{"rendered":"<p> [ad_1]<br \/>\n<\/p>\n<p>2019-ben a British Academy m\u00e1rkav\u00e1lt\u00e1sa kapta \u2013 a v\u00e1llalati kult\u00far\u00e1t d\u00edjaz\u00f3 \u2013 European Transform Awards rangos d\u00edj\u00e1t, m\u00edg a londoni Science Museum vizu\u00e1lis megjelen\u00e9s\u00e9t a Tate Modern arculat\u00e1t is alkot\u00f3 North Design Studio gondolta \u00fajra. Az elm\u00falt t\u00edz \u00e9vben sz\u00e1mos kultur\u00e1lis int\u00e9zm\u00e9ny vizu\u00e1lis eszk\u00f6zeiben teret kaptak a progressz\u00edv, egyedi megold\u00e1sok. A MITTE Communications szakmai anyaga a m\u0171v\u00e9szeti int\u00e9zm\u00e9nyek legfrissebb arculati trendjeit vizsg\u00e1lja.<\/p>\n<div id=\"article_text\">\n<p>A kommunik\u00e1ci\u00f3s eszk\u00f6z\u00f6k dinamikus megsokszoroz\u00f3d\u00e1s\u00e1ra \u00e9s a l\u00e1togat\u00f3k sz\u00e9lesk\u00f6r\u0171, kreat\u00edv megsz\u00f3l\u00edt\u00e1s\u00e1ra egyre t\u00f6bb innovat\u00edv v\u00e1lasz \u00e9rkezik a m\u0171v\u00e9szeti int\u00e9zm\u00e9nyek vil\u00e1g\u00e1b\u00f3l. Sz\u00e1mos nemzetk\u00f6zi tanulm\u00e1ny \u2013 mint a Branding in the New Museum Era \u2013 foglalkozik a kultur\u00e1lis int\u00e9zm\u00e9nyek m\u00e1rka\u00e9p\u00edt\u00e9si trendjeivel, amiben kiemelt szerepe van az int\u00e9zm\u00e9nyek strat\u00e9giai szeml\u00e9let\u0171 arculattervez\u00e9s\u00e9nek \u00e9s kommunik\u00e1ci\u00f3s megold\u00e1sainak is. H\u00e1rom kitapinthat\u00f3 vizu\u00e1lis trend form\u00e1l\u00f3dott az ut\u00f3bbi \u00e9vekben a m\u0171v\u00e9szeti int\u00e9zm\u00e9nyek vil\u00e1g\u00e1ban, ami \u00e1tfog\u00f3 v\u00e1laszt ad a fenti v\u00e1ltoz\u00e1sokra.<br \/><strong><br \/>V\u00e1rosi ikonok<\/strong><br \/>Ahogy egy \u00e9p\u00fclet, \u00fagy egy arculat is az adott v\u00e1ros kultur\u00e1lis ikonj\u00e1v\u00e1 v\u00e1lhat: a k\u00f6nnyen \u00e9rtelmezhet\u0151, konzisztens \u00e9s egyedi megjelen\u00e9s ezen fel\u00fcl az \u00faj l\u00e1togat\u00f3i k\u00f6z\u00f6ns\u00e9g megsz\u00f3l\u00edt\u00e1s\u00e1ban is nagy szereppel b\u00edr. A European Transform Awards \u00e9ves szeml\u00e9n 2018 legjobb arculatv\u00e1lt\u00e1sai k\u00f6z\u00f6tt kiemelked\u0151 helyet \u00e9rt el a British Academy vizu\u00e1lis megjelen\u00e9se, amely \u00e9rz\u00e9kletes p\u00e9lda a kultur\u00e1lis szc\u00e9na hat\u00e1rozott, ikonszer\u0171 embl\u00e9m\u00e1ira. Az Only design st\u00fadi\u00f3 karakteres, v\u00e1ltozatosan alkalmazhat\u00f3 monogramot tervezett a hum\u00e1n tudom\u00e1nyok brit int\u00e9zm\u00e9ny\u00e9nek, ahol az arculatv\u00e1lt\u00e1s strat\u00e9giai c\u00e9lja, hogy az int\u00e9zm\u00e9ny er\u0151sebben k\u00e9pviselje az akad\u00e9miai k\u00f6zeg meg\u00faj\u00edt\u00e1s\u00e1t \u00e9s t\u00e1rsadalmi szerep\u00e9nek kisz\u00e9les\u00edt\u00e9s\u00e9t. A MITTE Communications tervez\u0151csapata szint\u00e9n egy ikonszer\u0171 embl\u00e9m\u00e1val \u00e9s mark\u00e1ns sz\u00ednnel emelte ki a vizu\u00e1lis zajb\u00f3l a Capa K\u00f6zpontot, hogy l\u00e9trej\u00f6hessen Magyarorsz\u00e1g egyik els\u0151 kort\u00e1rs fotogr\u00e1fi\u00e1ra \u00f6sszpontos\u00edt\u00f3 int\u00e9zm\u00e9nye, mely a szakma \u00e9s az \u00e9rdekl\u0151d\u0151 nagyk\u00f6z\u00f6ns\u00e9g ig\u00e9nyeit egyar\u00e1nt kiszolg\u00e1lja. A minimalista \u00e9s karakteres arculat a hazai mellett a nemzetk\u00f6zi k\u00f6z\u00f6ns\u00e9g megsz\u00f3l\u00edt\u00e1s\u00e1ra is alkalmas. Az arculati sz\u00edn \u00e9s forma pedig k\u00f6nnyen felismerhet\u0151 \u00e9s eml\u00e9kezetes jelk\u00e9nt hangs\u00falyozza a kultur\u00e1lis k\u00f6zpont szellemis\u00e9g\u00e9t.<br \/><strong><br \/>K\u00f6z\u00f6s erny\u0151 alatt<\/strong><br \/>K\u00fcl\u00f6nleges helyzetben vannak azok a m\u00fazeumok, amelyekhez t\u00f6bb, kisebb kultur\u00e1lis int\u00e9zm\u00e9ny is tartozik. A k\u00fcl\u00f6nb\u00f6z\u0151 egys\u00e9gek k\u00f6z\u00f6s v\u00edzi\u00f3ja a m\u00fazeumok \u00fajrapoz\u00edcion\u00e1l\u00e1s\u00e1ban kiemelked\u0151 szereppel b\u00edr, hat\u00e1rozottabban k\u00e9pes megsz\u00f3l\u00edtani a sz\u00e9lesebb k\u00f6z\u00f6ns\u00e9get. A folyamat sikeress\u00e9g\u00e9hez az arculat is hozz\u00e1j\u00e1rul: egy kollekt\u00edv szimb\u00f3lum \u00e9s a sz\u00ednv\u00e1laszt\u00e1s er\u0151s\u00edti az int\u00e9zm\u00e9nyek \u00f6sszetartoz\u00e1s\u00e1t.<\/p>\n<p>Tudatos vizu\u00e1lis koh\u00e9zi\u00f3 ment\u00e9n alakult ki \u2013 a Tate ikonikus arculat\u00e1\u00e9rt felel\u0151s \u2013 North design st\u00fadi\u00f3 \u00e1ltal 2017-ben \u00fajragondolt londoni Science Museum koncepci\u00f3ja, amelyet a folyamatos  v\u00e1ltoz\u00e1s \u00e9s progresszi\u00f3 inspir\u00e1lt. Anglia nagyv\u00e1rosaiban \u2013 Schildonban, Bradfordban, Manchesterben \u00e9s Yorkban \u2013 m\u0171k\u00f6d\u0151 m\u0171szaki, ipari \u00e9s k\u00f6zleked\u00e9si m\u00fazeumokat a g\u0151zg\u00e9pek, a mozg\u00e1s \u00e9s a gyorsas\u00e1g fogalmainak vizu\u00e1lis lek\u00e9pz\u00e9se egy dinamikus erny\u0151m\u00e1rkak\u00e9nt funkcion\u00e1l\u00f3 log\u00f3ban kapcsolja \u00f6ssze.<\/p>\n<p>Haz\u00e1nkban a meg\u00fajul\u00f3 budapesti K\u00f6zleked\u00e9si M\u00fazeum \u00e9s \u2013 Miskolcon, Sz\u00e9kesfeh\u00e9rv\u00e1ron, V\u00e1rpalot\u00e1n m\u0171k\u00f6d\u0151 \u2013 tagint\u00e9zm\u00e9nyei eset\u00e9n a vizu\u00e1lis megjelen\u00e9s a k\u00f6zleked\u00e9s \u00f6sszef\u00fcgg\u0151 rendszer\u00e9t helyezi k\u00f6z\u00e9ppontba. A villamosok s\u00e1rga sz\u00edne, a v\u00e1g\u00e1nyok, vas\u00fatvonalak, foly\u00f3k vonalvezet\u00e9se k\u00f6sz\u00f6n vissza az erny\u0151m\u00e1rka log\u00f3j\u00e1ban melynek alapform\u00e1j\u00e1b\u00f3l \u00e9s vonalaib\u00f3l bontakoznak ki az egyes alint\u00e9zm\u00e9nyek tematikus embl\u00e9m\u00e1i is. A kialak\u00edtott arculatban emellett hangs\u00falyos szerepet kapnak az ikonikus magyar k\u00f6zleked\u00e9si eszk\u00f6z\u00f6k, mint p\u00e9ld\u00e1ul az Ikarus 260-as buszok, az UV villamos, vagy a 424-es g\u0151zmozdony felismerhet\u0151 jellegrajzai.<\/p>\n<p><strong> A v\u00e1ltoz\u00f3 az \u00faj \u00e1lland\u00f3<\/strong><br \/>A kommunik\u00e1ci\u00f3s eszk\u00f6z\u00f6k b\u0151v\u00fcl\u00e9se kihat az int\u00e9zm\u00e9nyek megjelen\u00e9s\u00e9re. Megfelel\u0151 vizu\u00e1lis kommunik\u00e1ci\u00f3s v\u00e1lasz lehet a sokr\u00e9t\u0171 fel\u00fcleten egys\u00e9gesen alkalmazhat\u00f3 modul\u00e1ris arculati megold\u00e1sok megjelen\u00e9se. Interakt\u00edv log\u00f3k, rugalmas alakzatok, v\u00e1ltozatosan be\u00e9kel\u0151d\u0151 form\u00e1k seg\u00edtik a m\u0171v\u00e9szeti int\u00e9zm\u00e9nyek \u00f6sszetett megjelen\u00e9si ig\u00e9ny\u00e9t.<\/p>\n<p>2013 \u00f3ta megker\u00fclhetetlen \u00e9s id\u0151t\u00e1ll\u00f3 p\u00e9lda a Whitney Museum \u2013 a kultur\u00e1lis int\u00e9zm\u00e9nyek vizu\u00e1lis kommunik\u00e1ci\u00f3j\u00e1ban fordul\u00f3pontnak sz\u00e1m\u00edt\u00f3 \u2013 reszponz\u00edv arculata, ami ma is aktu\u00e1lis. A megannyi lehet\u0151s\u00e9get k\u00edn\u00e1l\u00f3 log\u00f3 \u00faj helyzetet teremt azzal, ahogyan az adott fel\u00fclethez, tartalomhoz idomul.<\/p>\n<p>Ez a nyitott szeml\u00e9let jelenik meg a Radn\u00f3ti Sz\u00ednh\u00e1z arculat\u00e1ban is. A kultur\u00e1lis int\u00e9zm\u00e9ny vizu\u00e1lis megjelen\u00e9s\u00e9ben a f\u00e9lbev\u00e1gott, egyedi fontok a n\u00e9z\u0151i interakci\u00f3val kieg\u00e9sz\u00fclve v\u00e1lnak teljess\u00e9 &#8211; a sz\u00ednh\u00e1zra komplex jelk\u00e9nt utal\u00f3 &#8222;R&#8221; bet\u0171 pedig modul\u00e1risan alkalmazhat\u00f3 sz\u00e1mos vizu\u00e1lis eszk\u00f6z\u00f6n: a weboldal, a plak\u00e1tok, m\u0171sorf\u00fczetek \u00e9s sz\u00f3r\u00f3anyagok szerves r\u00e9sz\u00e9v\u00e9 v\u00e1lik.<\/p>\n<p>Hasonl\u00f3an izgalmas megold\u00e1ssal t\u00f6rte meg a statikus homlokzati kialak\u00edt\u00e1st a debreceni MODEM. Az \u00e9p\u00fclet homlokzat\u00e1n egyedi megold\u00e1ssal olvashat\u00f3 a m\u00fazeum neve, amelynek bet\u0171i k\u00f6z\u00e9 a m\u00fazeum kommunik\u00e1ci\u00f3\u00e9rt felel\u0151s csapata be\u00e9kelt egy id\u0151szakosan v\u00e1ltoz\u00f3, az aktu\u00e1lis ki\u00e1ll\u00edt\u00e1s t\u00e9m\u00e1j\u00e1hoz \u00e9s megjelen\u00e9s\u00e9hez igazod\u00f3 LED falfel\u00fcletet. A t\u00e9glalap alak\u00fa platform a m\u00fazeum kiemelt esem\u00e9nyeir\u0151l informat\u00edv \u00e9s hat\u00e1sos mozg\u00f3k\u00e9pekkel kommunik\u00e1l, de kikapcsolt \u00e1llapot\u00e1ban is \u00e9rdekes, gesztusk\u00e9nt \u00e9rtelmezhet\u0151 helyzetet teremt az \u00e9p\u00fclet homlokzat\u00e1val \u00e9s a MODEM bet\u0171ivel.<\/p>\n<p>A kultur\u00e1lis int\u00e9zm\u00e9nyekhez kapcsol\u00f3d\u00f3 arculati kommunik\u00e1ci\u00f3s trendek nem egy \u00e9vre sz\u00f3lnak. A kiemelt m\u0171v\u00e9szeti m\u00e1rk\u00e1k sz\u00e1m\u00e1ra hossz\u00fa t\u00e1von fontosak azok az arculati megold\u00e1sok, amelyek kiemelik \u0151ket a vizu\u00e1lis zajb\u00f3l, lehet\u0151v\u00e9 teszik a fiatal kult\u00farafogyaszt\u00f3 c\u00e9lk\u00f6z\u00f6ns\u00e9g megsz\u00f3l\u00edt\u00e1s\u00e1t \u00e9s megfelelnek int\u00e9zm\u00e9nyi misszi\u00f3juk kompakt vizu\u00e1lis megfogalmaz\u00e1s\u00e1nak. Az ikonszer\u0171 megjelen\u00e9s, a kombin\u00e1lhat\u00f3s\u00e1g \u00e9s a modularit\u00e1s tendenci\u00e1i m\u00e9g sok egyedi vizu\u00e1lis megold\u00e1st tesznek lehet\u0151v\u00e9.<\/p>\n<p><em><em style=\"color: #171717; font-size: 16px;\"><em><strong><em><em><em><em>K\u00f6vesd az oldalunkat a\u00a0<strong>Facebook-on<\/strong> \u00e9s a\u00a0<strong><a href=\"https:\/\/twitter.com\/digitalhungary\" target=\"_blank\" rel=\"noopener noreferrer\">Twitteren<\/a><\/strong> is!<\/em><\/em><\/em><\/em><\/strong><\/em><\/em><\/em><\/p>\n<\/div>\n<p><script async src=\"http:\/\/platform.twitter.com\/widgets.js\" charset=\"utf-8\"><\/script><br \/>\n<br \/>[ad_2]<br \/>\n<br \/><a href=\"https:\/\/www.digitalhungary.hu\/marketing\/Markaepites-milyen-trendek-varhatok-az-idei-evben\/8616\/\">Source link <\/a><\/p>\n","protected":false},"excerpt":{"rendered":"<p>[ad_1] 2019-ben a British Academy m\u00e1rkav\u00e1lt\u00e1sa kapta \u2013 a v\u00e1llalati kult\u00far\u00e1t d\u00edjaz\u00f3 \u2013 European Transform Awards rangos d\u00edj\u00e1t, m\u00edg a londoni Science Museum vizu\u00e1lis megjelen\u00e9s\u00e9t a Tate Modern arculat\u00e1t is alkot\u00f3 North Design Studio gondolta \u00fajra. Az elm\u00falt t\u00edz \u00e9vben sz\u00e1mos kultur\u00e1lis int\u00e9zm\u00e9ny vizu\u00e1lis eszk\u00f6zeiben teret kaptak a progressz\u00edv, egyedi megold\u00e1sok. A MITTE Communications szakmai [&hellip;]<\/p>\n","protected":false},"author":2,"featured_media":2740,"comment_status":"open","ping_status":"open","sticky":false,"template":"","format":"standard","meta":{"footnotes":""},"categories":[2],"tags":[],"class_list":["post-2739","post","type-post","status-publish","format-standard","has-post-thumbnail","hentry","category-digitalis-marketing-hirek"],"yoast_head":"<!-- This site is optimized with the Yoast SEO plugin v27.4 - https:\/\/yoast.com\/product\/yoast-seo-wordpress\/ -->\n<title>M\u00e1rka\u00e9p\u00edt\u00e9s: milyen trendek v\u00e1rhat\u00f3k az idei \u00e9vben? - Marketing - Super News<\/title>\n<meta name=\"robots\" content=\"index, follow, max-snippet:-1, max-image-preview:large, max-video-preview:-1\" \/>\n<link rel=\"canonical\" href=\"https:\/\/super-news.info\/hu\/markaepites-milyen-trendek-varhatok-az-idei-evben-marketing\/\" \/>\n<meta property=\"og:locale\" content=\"hu_HU\" \/>\n<meta property=\"og:type\" content=\"article\" \/>\n<meta property=\"og:title\" content=\"M\u00e1rka\u00e9p\u00edt\u00e9s: milyen trendek v\u00e1rhat\u00f3k az idei \u00e9vben? - Marketing - Super News\" \/>\n<meta property=\"og:description\" content=\"[ad_1] 2019-ben a British Academy m\u00e1rkav\u00e1lt\u00e1sa kapta \u2013 a v\u00e1llalati kult\u00far\u00e1t d\u00edjaz\u00f3 \u2013 European Transform Awards rangos d\u00edj\u00e1t, m\u00edg a londoni Science Museum vizu\u00e1lis megjelen\u00e9s\u00e9t a Tate Modern arculat\u00e1t is alkot\u00f3 North Design Studio gondolta \u00fajra. Az elm\u00falt t\u00edz \u00e9vben sz\u00e1mos kultur\u00e1lis int\u00e9zm\u00e9ny vizu\u00e1lis eszk\u00f6zeiben teret kaptak a progressz\u00edv, egyedi megold\u00e1sok. A MITTE Communications szakmai [&hellip;]\" \/>\n<meta property=\"og:url\" content=\"https:\/\/super-news.info\/hu\/markaepites-milyen-trendek-varhatok-az-idei-evben-marketing\/\" \/>\n<meta property=\"og:site_name\" content=\"Super News\" \/>\n<meta property=\"article:published_time\" content=\"2019-05-26T10:53:48+00:00\" \/>\n<meta property=\"article:modified_time\" content=\"2019-05-26T10:53:50+00:00\" \/>\n<meta property=\"og:image\" content=\"https:\/\/super-news.info\/hu\/wp-content\/uploads\/sites\/3\/2019\/05\/M\u00e1rka\u00e9p\u00edt\u00e9s-milyen-trendek-v\u00e1rhat\u00f3k-az-idei-\u00e9vben-Marketing.jpg\" \/>\n\t<meta property=\"og:image:width\" content=\"2163\" \/>\n\t<meta property=\"og:image:height\" content=\"1939\" \/>\n\t<meta property=\"og:image:type\" content=\"image\/jpeg\" \/>\n<meta name=\"author\" content=\"super-news\" \/>\n<meta name=\"twitter:card\" content=\"summary_large_image\" \/>\n<meta name=\"twitter:label1\" content=\"Szerz\u0151:\" \/>\n\t<meta name=\"twitter:data1\" content=\"super-news\" \/>\n\t<meta name=\"twitter:label2\" content=\"Becs\u00fclt olvas\u00e1si id\u0151\" \/>\n\t<meta name=\"twitter:data2\" content=\"6 perc\" \/>\n<script type=\"application\/ld+json\" class=\"yoast-schema-graph\">{\"@context\":\"https:\\\/\\\/schema.org\",\"@graph\":[{\"@type\":\"Article\",\"@id\":\"https:\\\/\\\/super-news.info\\\/hu\\\/markaepites-milyen-trendek-varhatok-az-idei-evben-marketing\\\/#article\",\"isPartOf\":{\"@id\":\"https:\\\/\\\/super-news.info\\\/hu\\\/markaepites-milyen-trendek-varhatok-az-idei-evben-marketing\\\/\"},\"author\":{\"name\":\"super-news\",\"@id\":\"https:\\\/\\\/super-news.info\\\/hu\\\/#\\\/schema\\\/person\\\/2d4068cb2f39cd10008c2fce578a7356\"},\"headline\":\"M\u00e1rka\u00e9p\u00edt\u00e9s: milyen trendek v\u00e1rhat\u00f3k az idei \u00e9vben? &#8211; Marketing\",\"datePublished\":\"2019-05-26T10:53:48+00:00\",\"dateModified\":\"2019-05-26T10:53:50+00:00\",\"mainEntityOfPage\":{\"@id\":\"https:\\\/\\\/super-news.info\\\/hu\\\/markaepites-milyen-trendek-varhatok-az-idei-evben-marketing\\\/\"},\"wordCount\":1253,\"commentCount\":0,\"image\":{\"@id\":\"https:\\\/\\\/super-news.info\\\/hu\\\/markaepites-milyen-trendek-varhatok-az-idei-evben-marketing\\\/#primaryimage\"},\"thumbnailUrl\":\"https:\\\/\\\/super-news.info\\\/hu\\\/wp-content\\\/uploads\\\/sites\\\/3\\\/2019\\\/05\\\/M\u00e1rka\u00e9p\u00edt\u00e9s-milyen-trendek-v\u00e1rhat\u00f3k-az-idei-\u00e9vben-Marketing.jpg\",\"articleSection\":[\"DIGIT\u00c1LIS MARKETING H\u00cdREK\"],\"inLanguage\":\"hu\",\"potentialAction\":[{\"@type\":\"CommentAction\",\"name\":\"Comment\",\"target\":[\"https:\\\/\\\/super-news.info\\\/hu\\\/markaepites-milyen-trendek-varhatok-az-idei-evben-marketing\\\/#respond\"]}]},{\"@type\":\"WebPage\",\"@id\":\"https:\\\/\\\/super-news.info\\\/hu\\\/markaepites-milyen-trendek-varhatok-az-idei-evben-marketing\\\/\",\"url\":\"https:\\\/\\\/super-news.info\\\/hu\\\/markaepites-milyen-trendek-varhatok-az-idei-evben-marketing\\\/\",\"name\":\"M\u00e1rka\u00e9p\u00edt\u00e9s: milyen trendek v\u00e1rhat\u00f3k az idei \u00e9vben? - Marketing - Super News\",\"isPartOf\":{\"@id\":\"https:\\\/\\\/super-news.info\\\/hu\\\/#website\"},\"primaryImageOfPage\":{\"@id\":\"https:\\\/\\\/super-news.info\\\/hu\\\/markaepites-milyen-trendek-varhatok-az-idei-evben-marketing\\\/#primaryimage\"},\"image\":{\"@id\":\"https:\\\/\\\/super-news.info\\\/hu\\\/markaepites-milyen-trendek-varhatok-az-idei-evben-marketing\\\/#primaryimage\"},\"thumbnailUrl\":\"https:\\\/\\\/super-news.info\\\/hu\\\/wp-content\\\/uploads\\\/sites\\\/3\\\/2019\\\/05\\\/M\u00e1rka\u00e9p\u00edt\u00e9s-milyen-trendek-v\u00e1rhat\u00f3k-az-idei-\u00e9vben-Marketing.jpg\",\"datePublished\":\"2019-05-26T10:53:48+00:00\",\"dateModified\":\"2019-05-26T10:53:50+00:00\",\"author\":{\"@id\":\"https:\\\/\\\/super-news.info\\\/hu\\\/#\\\/schema\\\/person\\\/2d4068cb2f39cd10008c2fce578a7356\"},\"breadcrumb\":{\"@id\":\"https:\\\/\\\/super-news.info\\\/hu\\\/markaepites-milyen-trendek-varhatok-az-idei-evben-marketing\\\/#breadcrumb\"},\"inLanguage\":\"hu\",\"potentialAction\":[{\"@type\":\"ReadAction\",\"target\":[\"https:\\\/\\\/super-news.info\\\/hu\\\/markaepites-milyen-trendek-varhatok-az-idei-evben-marketing\\\/\"]}]},{\"@type\":\"ImageObject\",\"inLanguage\":\"hu\",\"@id\":\"https:\\\/\\\/super-news.info\\\/hu\\\/markaepites-milyen-trendek-varhatok-az-idei-evben-marketing\\\/#primaryimage\",\"url\":\"https:\\\/\\\/super-news.info\\\/hu\\\/wp-content\\\/uploads\\\/sites\\\/3\\\/2019\\\/05\\\/M\u00e1rka\u00e9p\u00edt\u00e9s-milyen-trendek-v\u00e1rhat\u00f3k-az-idei-\u00e9vben-Marketing.jpg\",\"contentUrl\":\"https:\\\/\\\/super-news.info\\\/hu\\\/wp-content\\\/uploads\\\/sites\\\/3\\\/2019\\\/05\\\/M\u00e1rka\u00e9p\u00edt\u00e9s-milyen-trendek-v\u00e1rhat\u00f3k-az-idei-\u00e9vben-Marketing.jpg\",\"width\":2163,\"height\":1939,\"caption\":\"M\u00e1rka\u00e9p\u00edt\u00e9s: milyen trendek v\u00e1rhat\u00f3k az idei \u00e9vben? - Marketing\"},{\"@type\":\"BreadcrumbList\",\"@id\":\"https:\\\/\\\/super-news.info\\\/hu\\\/markaepites-milyen-trendek-varhatok-az-idei-evben-marketing\\\/#breadcrumb\",\"itemListElement\":[{\"@type\":\"ListItem\",\"position\":1,\"name\":\"\u0413\u043b\u0430\u0432\u043d\u0430\u044f \u0441\u0442\u0440\u0430\u043d\u0438\u0446\u0430\",\"item\":\"https:\\\/\\\/super-news.info\\\/hu\\\/\"},{\"@type\":\"ListItem\",\"position\":2,\"name\":\"M\u00e1rka\u00e9p\u00edt\u00e9s: milyen trendek v\u00e1rhat\u00f3k az idei \u00e9vben? &#8211; Marketing\"}]},{\"@type\":\"WebSite\",\"@id\":\"https:\\\/\\\/super-news.info\\\/hu\\\/#website\",\"url\":\"https:\\\/\\\/super-news.info\\\/hu\\\/\",\"name\":\"Super News\",\"description\":\"Super News Magyarorsz\u00e1g\",\"potentialAction\":[{\"@type\":\"SearchAction\",\"target\":{\"@type\":\"EntryPoint\",\"urlTemplate\":\"https:\\\/\\\/super-news.info\\\/hu\\\/?s={search_term_string}\"},\"query-input\":{\"@type\":\"PropertyValueSpecification\",\"valueRequired\":true,\"valueName\":\"search_term_string\"}}],\"inLanguage\":\"hu\"},{\"@type\":\"Person\",\"@id\":\"https:\\\/\\\/super-news.info\\\/hu\\\/#\\\/schema\\\/person\\\/2d4068cb2f39cd10008c2fce578a7356\",\"name\":\"super-news\",\"image\":{\"@type\":\"ImageObject\",\"inLanguage\":\"hu\",\"@id\":\"https:\\\/\\\/secure.gravatar.com\\\/avatar\\\/64ebac40b93f26a154f8a9b5b6fdccfc46f442b26b3dd6756dbff3bf9dc76fd7?s=96&d=mm&r=g\",\"url\":\"https:\\\/\\\/secure.gravatar.com\\\/avatar\\\/64ebac40b93f26a154f8a9b5b6fdccfc46f442b26b3dd6756dbff3bf9dc76fd7?s=96&d=mm&r=g\",\"contentUrl\":\"https:\\\/\\\/secure.gravatar.com\\\/avatar\\\/64ebac40b93f26a154f8a9b5b6fdccfc46f442b26b3dd6756dbff3bf9dc76fd7?s=96&d=mm&r=g\",\"caption\":\"super-news\"},\"url\":\"https:\\\/\\\/super-news.info\\\/hu\\\/author\\\/pt\\\/\"}]}<\/script>\n<!-- \/ Yoast SEO plugin. -->","yoast_head_json":{"title":"M\u00e1rka\u00e9p\u00edt\u00e9s: milyen trendek v\u00e1rhat\u00f3k az idei \u00e9vben? - Marketing - Super News","robots":{"index":"index","follow":"follow","max-snippet":"max-snippet:-1","max-image-preview":"max-image-preview:large","max-video-preview":"max-video-preview:-1"},"canonical":"https:\/\/super-news.info\/hu\/markaepites-milyen-trendek-varhatok-az-idei-evben-marketing\/","og_locale":"hu_HU","og_type":"article","og_title":"M\u00e1rka\u00e9p\u00edt\u00e9s: milyen trendek v\u00e1rhat\u00f3k az idei \u00e9vben? - Marketing - Super News","og_description":"[ad_1] 2019-ben a British Academy m\u00e1rkav\u00e1lt\u00e1sa kapta \u2013 a v\u00e1llalati kult\u00far\u00e1t d\u00edjaz\u00f3 \u2013 European Transform Awards rangos d\u00edj\u00e1t, m\u00edg a londoni Science Museum vizu\u00e1lis megjelen\u00e9s\u00e9t a Tate Modern arculat\u00e1t is alkot\u00f3 North Design Studio gondolta \u00fajra. Az elm\u00falt t\u00edz \u00e9vben sz\u00e1mos kultur\u00e1lis int\u00e9zm\u00e9ny vizu\u00e1lis eszk\u00f6zeiben teret kaptak a progressz\u00edv, egyedi megold\u00e1sok. A MITTE Communications szakmai [&hellip;]","og_url":"https:\/\/super-news.info\/hu\/markaepites-milyen-trendek-varhatok-az-idei-evben-marketing\/","og_site_name":"Super News","article_published_time":"2019-05-26T10:53:48+00:00","article_modified_time":"2019-05-26T10:53:50+00:00","og_image":[{"width":2163,"height":1939,"url":"https:\/\/super-news.info\/hu\/wp-content\/uploads\/sites\/3\/2019\/05\/M\u00e1rka\u00e9p\u00edt\u00e9s-milyen-trendek-v\u00e1rhat\u00f3k-az-idei-\u00e9vben-Marketing.jpg","type":"image\/jpeg"}],"author":"super-news","twitter_card":"summary_large_image","twitter_misc":{"Szerz\u0151:":"super-news","Becs\u00fclt olvas\u00e1si id\u0151":"6 perc"},"schema":{"@context":"https:\/\/schema.org","@graph":[{"@type":"Article","@id":"https:\/\/super-news.info\/hu\/markaepites-milyen-trendek-varhatok-az-idei-evben-marketing\/#article","isPartOf":{"@id":"https:\/\/super-news.info\/hu\/markaepites-milyen-trendek-varhatok-az-idei-evben-marketing\/"},"author":{"name":"super-news","@id":"https:\/\/super-news.info\/hu\/#\/schema\/person\/2d4068cb2f39cd10008c2fce578a7356"},"headline":"M\u00e1rka\u00e9p\u00edt\u00e9s: milyen trendek v\u00e1rhat\u00f3k az idei \u00e9vben? &#8211; Marketing","datePublished":"2019-05-26T10:53:48+00:00","dateModified":"2019-05-26T10:53:50+00:00","mainEntityOfPage":{"@id":"https:\/\/super-news.info\/hu\/markaepites-milyen-trendek-varhatok-az-idei-evben-marketing\/"},"wordCount":1253,"commentCount":0,"image":{"@id":"https:\/\/super-news.info\/hu\/markaepites-milyen-trendek-varhatok-az-idei-evben-marketing\/#primaryimage"},"thumbnailUrl":"https:\/\/super-news.info\/hu\/wp-content\/uploads\/sites\/3\/2019\/05\/M\u00e1rka\u00e9p\u00edt\u00e9s-milyen-trendek-v\u00e1rhat\u00f3k-az-idei-\u00e9vben-Marketing.jpg","articleSection":["DIGIT\u00c1LIS MARKETING H\u00cdREK"],"inLanguage":"hu","potentialAction":[{"@type":"CommentAction","name":"Comment","target":["https:\/\/super-news.info\/hu\/markaepites-milyen-trendek-varhatok-az-idei-evben-marketing\/#respond"]}]},{"@type":"WebPage","@id":"https:\/\/super-news.info\/hu\/markaepites-milyen-trendek-varhatok-az-idei-evben-marketing\/","url":"https:\/\/super-news.info\/hu\/markaepites-milyen-trendek-varhatok-az-idei-evben-marketing\/","name":"M\u00e1rka\u00e9p\u00edt\u00e9s: milyen trendek v\u00e1rhat\u00f3k az idei \u00e9vben? - Marketing - Super News","isPartOf":{"@id":"https:\/\/super-news.info\/hu\/#website"},"primaryImageOfPage":{"@id":"https:\/\/super-news.info\/hu\/markaepites-milyen-trendek-varhatok-az-idei-evben-marketing\/#primaryimage"},"image":{"@id":"https:\/\/super-news.info\/hu\/markaepites-milyen-trendek-varhatok-az-idei-evben-marketing\/#primaryimage"},"thumbnailUrl":"https:\/\/super-news.info\/hu\/wp-content\/uploads\/sites\/3\/2019\/05\/M\u00e1rka\u00e9p\u00edt\u00e9s-milyen-trendek-v\u00e1rhat\u00f3k-az-idei-\u00e9vben-Marketing.jpg","datePublished":"2019-05-26T10:53:48+00:00","dateModified":"2019-05-26T10:53:50+00:00","author":{"@id":"https:\/\/super-news.info\/hu\/#\/schema\/person\/2d4068cb2f39cd10008c2fce578a7356"},"breadcrumb":{"@id":"https:\/\/super-news.info\/hu\/markaepites-milyen-trendek-varhatok-az-idei-evben-marketing\/#breadcrumb"},"inLanguage":"hu","potentialAction":[{"@type":"ReadAction","target":["https:\/\/super-news.info\/hu\/markaepites-milyen-trendek-varhatok-az-idei-evben-marketing\/"]}]},{"@type":"ImageObject","inLanguage":"hu","@id":"https:\/\/super-news.info\/hu\/markaepites-milyen-trendek-varhatok-az-idei-evben-marketing\/#primaryimage","url":"https:\/\/super-news.info\/hu\/wp-content\/uploads\/sites\/3\/2019\/05\/M\u00e1rka\u00e9p\u00edt\u00e9s-milyen-trendek-v\u00e1rhat\u00f3k-az-idei-\u00e9vben-Marketing.jpg","contentUrl":"https:\/\/super-news.info\/hu\/wp-content\/uploads\/sites\/3\/2019\/05\/M\u00e1rka\u00e9p\u00edt\u00e9s-milyen-trendek-v\u00e1rhat\u00f3k-az-idei-\u00e9vben-Marketing.jpg","width":2163,"height":1939,"caption":"M\u00e1rka\u00e9p\u00edt\u00e9s: milyen trendek v\u00e1rhat\u00f3k az idei \u00e9vben? - Marketing"},{"@type":"BreadcrumbList","@id":"https:\/\/super-news.info\/hu\/markaepites-milyen-trendek-varhatok-az-idei-evben-marketing\/#breadcrumb","itemListElement":[{"@type":"ListItem","position":1,"name":"\u0413\u043b\u0430\u0432\u043d\u0430\u044f \u0441\u0442\u0440\u0430\u043d\u0438\u0446\u0430","item":"https:\/\/super-news.info\/hu\/"},{"@type":"ListItem","position":2,"name":"M\u00e1rka\u00e9p\u00edt\u00e9s: milyen trendek v\u00e1rhat\u00f3k az idei \u00e9vben? &#8211; Marketing"}]},{"@type":"WebSite","@id":"https:\/\/super-news.info\/hu\/#website","url":"https:\/\/super-news.info\/hu\/","name":"Super News","description":"Super News Magyarorsz\u00e1g","potentialAction":[{"@type":"SearchAction","target":{"@type":"EntryPoint","urlTemplate":"https:\/\/super-news.info\/hu\/?s={search_term_string}"},"query-input":{"@type":"PropertyValueSpecification","valueRequired":true,"valueName":"search_term_string"}}],"inLanguage":"hu"},{"@type":"Person","@id":"https:\/\/super-news.info\/hu\/#\/schema\/person\/2d4068cb2f39cd10008c2fce578a7356","name":"super-news","image":{"@type":"ImageObject","inLanguage":"hu","@id":"https:\/\/secure.gravatar.com\/avatar\/64ebac40b93f26a154f8a9b5b6fdccfc46f442b26b3dd6756dbff3bf9dc76fd7?s=96&d=mm&r=g","url":"https:\/\/secure.gravatar.com\/avatar\/64ebac40b93f26a154f8a9b5b6fdccfc46f442b26b3dd6756dbff3bf9dc76fd7?s=96&d=mm&r=g","contentUrl":"https:\/\/secure.gravatar.com\/avatar\/64ebac40b93f26a154f8a9b5b6fdccfc46f442b26b3dd6756dbff3bf9dc76fd7?s=96&d=mm&r=g","caption":"super-news"},"url":"https:\/\/super-news.info\/hu\/author\/pt\/"}]}},"_links":{"self":[{"href":"https:\/\/super-news.info\/hu\/wp-json\/wp\/v2\/posts\/2739","targetHints":{"allow":["GET"]}}],"collection":[{"href":"https:\/\/super-news.info\/hu\/wp-json\/wp\/v2\/posts"}],"about":[{"href":"https:\/\/super-news.info\/hu\/wp-json\/wp\/v2\/types\/post"}],"author":[{"embeddable":true,"href":"https:\/\/super-news.info\/hu\/wp-json\/wp\/v2\/users\/2"}],"replies":[{"embeddable":true,"href":"https:\/\/super-news.info\/hu\/wp-json\/wp\/v2\/comments?post=2739"}],"version-history":[{"count":1,"href":"https:\/\/super-news.info\/hu\/wp-json\/wp\/v2\/posts\/2739\/revisions"}],"predecessor-version":[{"id":2741,"href":"https:\/\/super-news.info\/hu\/wp-json\/wp\/v2\/posts\/2739\/revisions\/2741"}],"wp:featuredmedia":[{"embeddable":true,"href":"https:\/\/super-news.info\/hu\/wp-json\/wp\/v2\/media\/2740"}],"wp:attachment":[{"href":"https:\/\/super-news.info\/hu\/wp-json\/wp\/v2\/media?parent=2739"}],"wp:term":[{"taxonomy":"category","embeddable":true,"href":"https:\/\/super-news.info\/hu\/wp-json\/wp\/v2\/categories?post=2739"},{"taxonomy":"post_tag","embeddable":true,"href":"https:\/\/super-news.info\/hu\/wp-json\/wp\/v2\/tags?post=2739"}],"curies":[{"name":"wp","href":"https:\/\/api.w.org\/{rel}","templated":true}]}}