{"id":2709,"date":"2019-05-25T18:24:44","date_gmt":"2019-05-25T15:24:44","guid":{"rendered":"https:\/\/super-news.info\/hu\/a-huawei-tobb-b-tervet-is-keszitett-az-osszeomlas-elkerulesere-e-kereskedelem\/"},"modified":"2019-05-25T18:24:46","modified_gmt":"2019-05-25T15:24:46","slug":"a-huawei-tobb-b-tervet-is-keszitett-az-osszeomlas-elkerulesere-e-kereskedelem","status":"publish","type":"post","link":"https:\/\/super-news.info\/hu\/a-huawei-tobb-b-tervet-is-keszitett-az-osszeomlas-elkerulesere-e-kereskedelem\/","title":{"rendered":"A Huawei t\u00f6bb B tervet is k\u00e9sz\u00edtett az \u00f6sszeoml\u00e1s elker\u00fcl\u00e9s\u00e9re &#8211; E-kereskedelem"},"content":{"rendered":"<p> [ad_1]<br \/>\n<\/p>\n<p>A Huawei t\u00f6bb menek\u00fcl\u00e9si \u00fatvonalat is k\u00e9sz\u00edtett, miut\u00e1n az amerikai korm\u00e1ny megszak\u00edtotta az egy\u00fcttm\u0171k\u00f6d\u00e9st a c\u00e9ggel, \u00edgy ugrott sz\u00e1m\u00e1ra az Android. A Google Playt k\u00e9t m\u00f3don pr\u00f3b\u00e1lja kiv\u00e1ltani a k\u00ednai c\u00e9g.<\/p>\n<div id=\"article_text\">\n<p>Az elm\u00falt napok t\u00f6rt\u00e9n\u00e9sei igen neh\u00e9z helyzetbe hozt\u00e1k a Huaweit. A c\u00e9g al\u00f3l el\u0151sz\u00f6r a Google h\u00fazta ki a sz\u0151nyeget azzal, hogy elvette t\u0151le az Androidot, majd j\u00f6tt az Intel \u00e9s a Qualcomm, nemr\u00e9g pedig az ARM is csatlakozott a bojkotthoz. Az amerikai korm\u00e1ny egyel\u0151re 90 napos halad\u00e9kot adott a k\u00ednai c\u00e9gnek, de fel kell k\u00e9sz\u00fclni\u00fck arra az eshet\u0151s\u00e9gre is, hogy esetleg nem hosszabb\u00edtj\u00e1k meg ezt a hat\u00e1rid\u0151t.<\/p>\n<p><strong>Majdnem k\u00e9sz a saj\u00e1t oper\u00e1ci\u00f3s rendszer<\/strong><\/p>\n<p>A c\u00e9g vez\u00e9re, Richard Yu kor\u00e1bban egy priv\u00e1t WeChat-csoportban arr\u00f3l besz\u00e9lt, hogy a Huawei szinte teljesen elk\u00e9sz\u00fclt az Androidot kiv\u00e1lt\u00f3 rendszerrel, \u00e9s m\u00e1r \u0151sszel piacra is tudn\u00e1k dobni. Ez azonban \u00f6nmag\u00e1ban m\u00e9g kev\u00e9s lesz, hiszen a Google a Play \u00e1ruh\u00e1z haszn\u00e1lat\u00e1t is megvonn\u00e1 a k\u00ednaiakt\u00f3l, \u00edgy k\u00e9rd\u00e9s, honnan lehetne beszerezni az applik\u00e1ci\u00f3kat.<\/p>\n<p>A GSMArena cikke szerint, melyet a <strong>Hvg.hu<\/strong> szeml\u00e9zett, a Huawei \u00e1ll\u00edt\u00f3lag arra k\u00e9rte az alkalmaz\u00e1sok fejleszt\u0151it, hogy adj\u00e1k be az applik\u00e1ci\u00f3jukat az App Gallery-be, ami a Huawei saj\u00e1t alkalmaz\u00e1sboltja \u2013 olyan, mint a Samsungnak a Galaxy Apps Store.<\/p>\n<p><strong>T\u00e1rgyal\u00e1s az Aptoiddal? <\/strong><\/p>\n<p>Ek\u00f6zben viszont m\u00e1s megold\u00e1sban is gondolkodik a Huawei. A v\u00e1llalat \u00e1ll\u00edt\u00f3lag az Aptoide-dal t\u00e1rgyal, ami a Google Play \u00e1ruh\u00e1z ny\u00edlt forr\u00e1sk\u00f3d\u00fa alternat\u00edv\u00e1ja, \u00e9s ami m\u00e1r t\u00f6bb mint 900 ezer alkalmaz\u00e1ssal \u00e9s t\u00f6bb mint 100 milli\u00f3 felhaszn\u00e1l\u00f3val b\u00edr.<\/p>\n<p>A k\u00ednaiak azt szeretn\u00e9k, ha a Play Store egy \u00e9letk\u00e9pes alternat\u00edv\u00e1j\u00e1t fejleszten\u00e9k le \u00e9s k\u00edn\u00e1ln\u00e1k a j\u00f6v\u0151beni felhaszn\u00e1l\u00f3knak.<\/p>\n<p><em><em style=\"color: #171717; font-size: 16px;\"><em><strong><em><em><em><em>K\u00f6vesd az oldalunkat a\u00a0<strong>Facebook-on<\/strong> \u00e9s a\u00a0<strong><a href=\"https:\/\/twitter.com\/digitalhungary\" target=\"_blank\" rel=\"noopener noreferrer\">Twitteren<\/a><\/strong> is!<\/em><\/em><\/em><\/em><\/strong><\/em><\/em><\/em><\/p>\n<\/div>\n<p><script async src=\"http:\/\/platform.twitter.com\/widgets.js\" charset=\"utf-8\"><\/script><br \/>\n<br \/>[ad_2]<br \/>\n<br \/><a href=\"https:\/\/www.digitalhungary.hu\/e-kereskedelem\/A-Huawei-tobb-B-tervet-is-keszitett-az-osszeomlas-elkerulesere\/8643\/\">Source link <\/a><\/p>\n","protected":false},"excerpt":{"rendered":"<p>[ad_1] A Huawei t\u00f6bb menek\u00fcl\u00e9si \u00fatvonalat is k\u00e9sz\u00edtett, miut\u00e1n az amerikai korm\u00e1ny megszak\u00edtotta az egy\u00fcttm\u0171k\u00f6d\u00e9st a c\u00e9ggel, \u00edgy ugrott sz\u00e1m\u00e1ra az Android. A Google Playt k\u00e9t m\u00f3don pr\u00f3b\u00e1lja kiv\u00e1ltani a k\u00ednai c\u00e9g. Az elm\u00falt napok t\u00f6rt\u00e9n\u00e9sei igen neh\u00e9z helyzetbe hozt\u00e1k a Huaweit. A c\u00e9g al\u00f3l el\u0151sz\u00f6r a Google h\u00fazta ki a sz\u0151nyeget azzal, hogy elvette [&hellip;]<\/p>\n","protected":false},"author":2,"featured_media":2710,"comment_status":"open","ping_status":"open","sticky":false,"template":"","format":"standard","meta":{"footnotes":""},"categories":[2],"tags":[],"class_list":["post-2709","post","type-post","status-publish","format-standard","has-post-thumbnail","hentry","category-digitalis-marketing-hirek"],"yoast_head":"<!-- This site is optimized with the Yoast SEO plugin v27.4 - https:\/\/yoast.com\/product\/yoast-seo-wordpress\/ -->\n<title>A Huawei t\u00f6bb B tervet is k\u00e9sz\u00edtett az \u00f6sszeoml\u00e1s elker\u00fcl\u00e9s\u00e9re - E-kereskedelem - Super News<\/title>\n<meta name=\"robots\" content=\"index, follow, max-snippet:-1, max-image-preview:large, max-video-preview:-1\" \/>\n<link rel=\"canonical\" href=\"https:\/\/super-news.info\/hu\/a-huawei-tobb-b-tervet-is-keszitett-az-osszeomlas-elkerulesere-e-kereskedelem\/\" \/>\n<meta property=\"og:locale\" content=\"hu_HU\" \/>\n<meta property=\"og:type\" content=\"article\" \/>\n<meta property=\"og:title\" content=\"A Huawei t\u00f6bb B tervet is k\u00e9sz\u00edtett az \u00f6sszeoml\u00e1s elker\u00fcl\u00e9s\u00e9re - E-kereskedelem - Super News\" \/>\n<meta property=\"og:description\" content=\"[ad_1] A Huawei t\u00f6bb menek\u00fcl\u00e9si \u00fatvonalat is k\u00e9sz\u00edtett, miut\u00e1n az amerikai korm\u00e1ny megszak\u00edtotta az egy\u00fcttm\u0171k\u00f6d\u00e9st a c\u00e9ggel, \u00edgy ugrott sz\u00e1m\u00e1ra az Android. A Google Playt k\u00e9t m\u00f3don pr\u00f3b\u00e1lja kiv\u00e1ltani a k\u00ednai c\u00e9g. Az elm\u00falt napok t\u00f6rt\u00e9n\u00e9sei igen neh\u00e9z helyzetbe hozt\u00e1k a Huaweit. A c\u00e9g al\u00f3l el\u0151sz\u00f6r a Google h\u00fazta ki a sz\u0151nyeget azzal, hogy elvette [&hellip;]\" \/>\n<meta property=\"og:url\" content=\"https:\/\/super-news.info\/hu\/a-huawei-tobb-b-tervet-is-keszitett-az-osszeomlas-elkerulesere-e-kereskedelem\/\" \/>\n<meta property=\"og:site_name\" content=\"Super News\" \/>\n<meta property=\"article:published_time\" content=\"2019-05-25T15:24:44+00:00\" \/>\n<meta property=\"article:modified_time\" content=\"2019-05-25T15:24:46+00:00\" \/>\n<meta property=\"og:image\" content=\"https:\/\/super-news.info\/hu\/wp-content\/uploads\/sites\/3\/2019\/05\/A-Huawei-t\u00f6bb-B-tervet-is-k\u00e9sz\u00edtett-az-\u00f6sszeoml\u00e1s-elker\u00fcl\u00e9s\u00e9re.jpg\" \/>\n\t<meta property=\"og:image:width\" content=\"2731\" \/>\n\t<meta property=\"og:image:height\" content=\"1536\" \/>\n\t<meta property=\"og:image:type\" content=\"image\/jpeg\" \/>\n<meta name=\"author\" content=\"super-news\" \/>\n<meta name=\"twitter:card\" content=\"summary_large_image\" \/>\n<meta name=\"twitter:label1\" content=\"Szerz\u0151:\" \/>\n\t<meta name=\"twitter:data1\" content=\"super-news\" \/>\n\t<meta name=\"twitter:label2\" content=\"Becs\u00fclt olvas\u00e1si id\u0151\" \/>\n\t<meta name=\"twitter:data2\" content=\"2 perc\" \/>\n<script type=\"application\/ld+json\" class=\"yoast-schema-graph\">{\"@context\":\"https:\\\/\\\/schema.org\",\"@graph\":[{\"@type\":\"Article\",\"@id\":\"https:\\\/\\\/super-news.info\\\/hu\\\/a-huawei-tobb-b-tervet-is-keszitett-az-osszeomlas-elkerulesere-e-kereskedelem\\\/#article\",\"isPartOf\":{\"@id\":\"https:\\\/\\\/super-news.info\\\/hu\\\/a-huawei-tobb-b-tervet-is-keszitett-az-osszeomlas-elkerulesere-e-kereskedelem\\\/\"},\"author\":{\"name\":\"super-news\",\"@id\":\"https:\\\/\\\/super-news.info\\\/hu\\\/#\\\/schema\\\/person\\\/2d4068cb2f39cd10008c2fce578a7356\"},\"headline\":\"A Huawei t\u00f6bb B tervet is k\u00e9sz\u00edtett az \u00f6sszeoml\u00e1s elker\u00fcl\u00e9s\u00e9re &#8211; E-kereskedelem\",\"datePublished\":\"2019-05-25T15:24:44+00:00\",\"dateModified\":\"2019-05-25T15:24:46+00:00\",\"mainEntityOfPage\":{\"@id\":\"https:\\\/\\\/super-news.info\\\/hu\\\/a-huawei-tobb-b-tervet-is-keszitett-az-osszeomlas-elkerulesere-e-kereskedelem\\\/\"},\"wordCount\":408,\"commentCount\":0,\"image\":{\"@id\":\"https:\\\/\\\/super-news.info\\\/hu\\\/a-huawei-tobb-b-tervet-is-keszitett-az-osszeomlas-elkerulesere-e-kereskedelem\\\/#primaryimage\"},\"thumbnailUrl\":\"https:\\\/\\\/super-news.info\\\/hu\\\/wp-content\\\/uploads\\\/sites\\\/3\\\/2019\\\/05\\\/A-Huawei-t\u00f6bb-B-tervet-is-k\u00e9sz\u00edtett-az-\u00f6sszeoml\u00e1s-elker\u00fcl\u00e9s\u00e9re.jpg\",\"articleSection\":[\"DIGIT\u00c1LIS MARKETING H\u00cdREK\"],\"inLanguage\":\"hu\",\"potentialAction\":[{\"@type\":\"CommentAction\",\"name\":\"Comment\",\"target\":[\"https:\\\/\\\/super-news.info\\\/hu\\\/a-huawei-tobb-b-tervet-is-keszitett-az-osszeomlas-elkerulesere-e-kereskedelem\\\/#respond\"]}]},{\"@type\":\"WebPage\",\"@id\":\"https:\\\/\\\/super-news.info\\\/hu\\\/a-huawei-tobb-b-tervet-is-keszitett-az-osszeomlas-elkerulesere-e-kereskedelem\\\/\",\"url\":\"https:\\\/\\\/super-news.info\\\/hu\\\/a-huawei-tobb-b-tervet-is-keszitett-az-osszeomlas-elkerulesere-e-kereskedelem\\\/\",\"name\":\"A Huawei t\u00f6bb B tervet is k\u00e9sz\u00edtett az \u00f6sszeoml\u00e1s elker\u00fcl\u00e9s\u00e9re - E-kereskedelem - Super News\",\"isPartOf\":{\"@id\":\"https:\\\/\\\/super-news.info\\\/hu\\\/#website\"},\"primaryImageOfPage\":{\"@id\":\"https:\\\/\\\/super-news.info\\\/hu\\\/a-huawei-tobb-b-tervet-is-keszitett-az-osszeomlas-elkerulesere-e-kereskedelem\\\/#primaryimage\"},\"image\":{\"@id\":\"https:\\\/\\\/super-news.info\\\/hu\\\/a-huawei-tobb-b-tervet-is-keszitett-az-osszeomlas-elkerulesere-e-kereskedelem\\\/#primaryimage\"},\"thumbnailUrl\":\"https:\\\/\\\/super-news.info\\\/hu\\\/wp-content\\\/uploads\\\/sites\\\/3\\\/2019\\\/05\\\/A-Huawei-t\u00f6bb-B-tervet-is-k\u00e9sz\u00edtett-az-\u00f6sszeoml\u00e1s-elker\u00fcl\u00e9s\u00e9re.jpg\",\"datePublished\":\"2019-05-25T15:24:44+00:00\",\"dateModified\":\"2019-05-25T15:24:46+00:00\",\"author\":{\"@id\":\"https:\\\/\\\/super-news.info\\\/hu\\\/#\\\/schema\\\/person\\\/2d4068cb2f39cd10008c2fce578a7356\"},\"breadcrumb\":{\"@id\":\"https:\\\/\\\/super-news.info\\\/hu\\\/a-huawei-tobb-b-tervet-is-keszitett-az-osszeomlas-elkerulesere-e-kereskedelem\\\/#breadcrumb\"},\"inLanguage\":\"hu\",\"potentialAction\":[{\"@type\":\"ReadAction\",\"target\":[\"https:\\\/\\\/super-news.info\\\/hu\\\/a-huawei-tobb-b-tervet-is-keszitett-az-osszeomlas-elkerulesere-e-kereskedelem\\\/\"]}]},{\"@type\":\"ImageObject\",\"inLanguage\":\"hu\",\"@id\":\"https:\\\/\\\/super-news.info\\\/hu\\\/a-huawei-tobb-b-tervet-is-keszitett-az-osszeomlas-elkerulesere-e-kereskedelem\\\/#primaryimage\",\"url\":\"https:\\\/\\\/super-news.info\\\/hu\\\/wp-content\\\/uploads\\\/sites\\\/3\\\/2019\\\/05\\\/A-Huawei-t\u00f6bb-B-tervet-is-k\u00e9sz\u00edtett-az-\u00f6sszeoml\u00e1s-elker\u00fcl\u00e9s\u00e9re.jpg\",\"contentUrl\":\"https:\\\/\\\/super-news.info\\\/hu\\\/wp-content\\\/uploads\\\/sites\\\/3\\\/2019\\\/05\\\/A-Huawei-t\u00f6bb-B-tervet-is-k\u00e9sz\u00edtett-az-\u00f6sszeoml\u00e1s-elker\u00fcl\u00e9s\u00e9re.jpg\",\"width\":2731,\"height\":1536,\"caption\":\"A Huawei t\u00f6bb B tervet is k\u00e9sz\u00edtett az \u00f6sszeoml\u00e1s elker\u00fcl\u00e9s\u00e9re - E-kereskedelem\"},{\"@type\":\"BreadcrumbList\",\"@id\":\"https:\\\/\\\/super-news.info\\\/hu\\\/a-huawei-tobb-b-tervet-is-keszitett-az-osszeomlas-elkerulesere-e-kereskedelem\\\/#breadcrumb\",\"itemListElement\":[{\"@type\":\"ListItem\",\"position\":1,\"name\":\"\u0413\u043b\u0430\u0432\u043d\u0430\u044f \u0441\u0442\u0440\u0430\u043d\u0438\u0446\u0430\",\"item\":\"https:\\\/\\\/super-news.info\\\/hu\\\/\"},{\"@type\":\"ListItem\",\"position\":2,\"name\":\"A Huawei t\u00f6bb B tervet is k\u00e9sz\u00edtett az \u00f6sszeoml\u00e1s elker\u00fcl\u00e9s\u00e9re &#8211; E-kereskedelem\"}]},{\"@type\":\"WebSite\",\"@id\":\"https:\\\/\\\/super-news.info\\\/hu\\\/#website\",\"url\":\"https:\\\/\\\/super-news.info\\\/hu\\\/\",\"name\":\"Super News\",\"description\":\"Super News Magyarorsz\u00e1g\",\"potentialAction\":[{\"@type\":\"SearchAction\",\"target\":{\"@type\":\"EntryPoint\",\"urlTemplate\":\"https:\\\/\\\/super-news.info\\\/hu\\\/?s={search_term_string}\"},\"query-input\":{\"@type\":\"PropertyValueSpecification\",\"valueRequired\":true,\"valueName\":\"search_term_string\"}}],\"inLanguage\":\"hu\"},{\"@type\":\"Person\",\"@id\":\"https:\\\/\\\/super-news.info\\\/hu\\\/#\\\/schema\\\/person\\\/2d4068cb2f39cd10008c2fce578a7356\",\"name\":\"super-news\",\"image\":{\"@type\":\"ImageObject\",\"inLanguage\":\"hu\",\"@id\":\"https:\\\/\\\/secure.gravatar.com\\\/avatar\\\/64ebac40b93f26a154f8a9b5b6fdccfc46f442b26b3dd6756dbff3bf9dc76fd7?s=96&d=mm&r=g\",\"url\":\"https:\\\/\\\/secure.gravatar.com\\\/avatar\\\/64ebac40b93f26a154f8a9b5b6fdccfc46f442b26b3dd6756dbff3bf9dc76fd7?s=96&d=mm&r=g\",\"contentUrl\":\"https:\\\/\\\/secure.gravatar.com\\\/avatar\\\/64ebac40b93f26a154f8a9b5b6fdccfc46f442b26b3dd6756dbff3bf9dc76fd7?s=96&d=mm&r=g\",\"caption\":\"super-news\"},\"url\":\"https:\\\/\\\/super-news.info\\\/hu\\\/author\\\/pt\\\/\"}]}<\/script>\n<!-- \/ Yoast SEO plugin. -->","yoast_head_json":{"title":"A Huawei t\u00f6bb B tervet is k\u00e9sz\u00edtett az \u00f6sszeoml\u00e1s elker\u00fcl\u00e9s\u00e9re - E-kereskedelem - Super News","robots":{"index":"index","follow":"follow","max-snippet":"max-snippet:-1","max-image-preview":"max-image-preview:large","max-video-preview":"max-video-preview:-1"},"canonical":"https:\/\/super-news.info\/hu\/a-huawei-tobb-b-tervet-is-keszitett-az-osszeomlas-elkerulesere-e-kereskedelem\/","og_locale":"hu_HU","og_type":"article","og_title":"A Huawei t\u00f6bb B tervet is k\u00e9sz\u00edtett az \u00f6sszeoml\u00e1s elker\u00fcl\u00e9s\u00e9re - E-kereskedelem - Super News","og_description":"[ad_1] A Huawei t\u00f6bb menek\u00fcl\u00e9si \u00fatvonalat is k\u00e9sz\u00edtett, miut\u00e1n az amerikai korm\u00e1ny megszak\u00edtotta az egy\u00fcttm\u0171k\u00f6d\u00e9st a c\u00e9ggel, \u00edgy ugrott sz\u00e1m\u00e1ra az Android. A Google Playt k\u00e9t m\u00f3don pr\u00f3b\u00e1lja kiv\u00e1ltani a k\u00ednai c\u00e9g. Az elm\u00falt napok t\u00f6rt\u00e9n\u00e9sei igen neh\u00e9z helyzetbe hozt\u00e1k a Huaweit. A c\u00e9g al\u00f3l el\u0151sz\u00f6r a Google h\u00fazta ki a sz\u0151nyeget azzal, hogy elvette [&hellip;]","og_url":"https:\/\/super-news.info\/hu\/a-huawei-tobb-b-tervet-is-keszitett-az-osszeomlas-elkerulesere-e-kereskedelem\/","og_site_name":"Super News","article_published_time":"2019-05-25T15:24:44+00:00","article_modified_time":"2019-05-25T15:24:46+00:00","og_image":[{"width":2731,"height":1536,"url":"https:\/\/super-news.info\/hu\/wp-content\/uploads\/sites\/3\/2019\/05\/A-Huawei-t\u00f6bb-B-tervet-is-k\u00e9sz\u00edtett-az-\u00f6sszeoml\u00e1s-elker\u00fcl\u00e9s\u00e9re.jpg","type":"image\/jpeg"}],"author":"super-news","twitter_card":"summary_large_image","twitter_misc":{"Szerz\u0151:":"super-news","Becs\u00fclt olvas\u00e1si id\u0151":"2 perc"},"schema":{"@context":"https:\/\/schema.org","@graph":[{"@type":"Article","@id":"https:\/\/super-news.info\/hu\/a-huawei-tobb-b-tervet-is-keszitett-az-osszeomlas-elkerulesere-e-kereskedelem\/#article","isPartOf":{"@id":"https:\/\/super-news.info\/hu\/a-huawei-tobb-b-tervet-is-keszitett-az-osszeomlas-elkerulesere-e-kereskedelem\/"},"author":{"name":"super-news","@id":"https:\/\/super-news.info\/hu\/#\/schema\/person\/2d4068cb2f39cd10008c2fce578a7356"},"headline":"A Huawei t\u00f6bb B tervet is k\u00e9sz\u00edtett az \u00f6sszeoml\u00e1s elker\u00fcl\u00e9s\u00e9re &#8211; E-kereskedelem","datePublished":"2019-05-25T15:24:44+00:00","dateModified":"2019-05-25T15:24:46+00:00","mainEntityOfPage":{"@id":"https:\/\/super-news.info\/hu\/a-huawei-tobb-b-tervet-is-keszitett-az-osszeomlas-elkerulesere-e-kereskedelem\/"},"wordCount":408,"commentCount":0,"image":{"@id":"https:\/\/super-news.info\/hu\/a-huawei-tobb-b-tervet-is-keszitett-az-osszeomlas-elkerulesere-e-kereskedelem\/#primaryimage"},"thumbnailUrl":"https:\/\/super-news.info\/hu\/wp-content\/uploads\/sites\/3\/2019\/05\/A-Huawei-t\u00f6bb-B-tervet-is-k\u00e9sz\u00edtett-az-\u00f6sszeoml\u00e1s-elker\u00fcl\u00e9s\u00e9re.jpg","articleSection":["DIGIT\u00c1LIS MARKETING H\u00cdREK"],"inLanguage":"hu","potentialAction":[{"@type":"CommentAction","name":"Comment","target":["https:\/\/super-news.info\/hu\/a-huawei-tobb-b-tervet-is-keszitett-az-osszeomlas-elkerulesere-e-kereskedelem\/#respond"]}]},{"@type":"WebPage","@id":"https:\/\/super-news.info\/hu\/a-huawei-tobb-b-tervet-is-keszitett-az-osszeomlas-elkerulesere-e-kereskedelem\/","url":"https:\/\/super-news.info\/hu\/a-huawei-tobb-b-tervet-is-keszitett-az-osszeomlas-elkerulesere-e-kereskedelem\/","name":"A Huawei t\u00f6bb B tervet is k\u00e9sz\u00edtett az \u00f6sszeoml\u00e1s elker\u00fcl\u00e9s\u00e9re - E-kereskedelem - Super News","isPartOf":{"@id":"https:\/\/super-news.info\/hu\/#website"},"primaryImageOfPage":{"@id":"https:\/\/super-news.info\/hu\/a-huawei-tobb-b-tervet-is-keszitett-az-osszeomlas-elkerulesere-e-kereskedelem\/#primaryimage"},"image":{"@id":"https:\/\/super-news.info\/hu\/a-huawei-tobb-b-tervet-is-keszitett-az-osszeomlas-elkerulesere-e-kereskedelem\/#primaryimage"},"thumbnailUrl":"https:\/\/super-news.info\/hu\/wp-content\/uploads\/sites\/3\/2019\/05\/A-Huawei-t\u00f6bb-B-tervet-is-k\u00e9sz\u00edtett-az-\u00f6sszeoml\u00e1s-elker\u00fcl\u00e9s\u00e9re.jpg","datePublished":"2019-05-25T15:24:44+00:00","dateModified":"2019-05-25T15:24:46+00:00","author":{"@id":"https:\/\/super-news.info\/hu\/#\/schema\/person\/2d4068cb2f39cd10008c2fce578a7356"},"breadcrumb":{"@id":"https:\/\/super-news.info\/hu\/a-huawei-tobb-b-tervet-is-keszitett-az-osszeomlas-elkerulesere-e-kereskedelem\/#breadcrumb"},"inLanguage":"hu","potentialAction":[{"@type":"ReadAction","target":["https:\/\/super-news.info\/hu\/a-huawei-tobb-b-tervet-is-keszitett-az-osszeomlas-elkerulesere-e-kereskedelem\/"]}]},{"@type":"ImageObject","inLanguage":"hu","@id":"https:\/\/super-news.info\/hu\/a-huawei-tobb-b-tervet-is-keszitett-az-osszeomlas-elkerulesere-e-kereskedelem\/#primaryimage","url":"https:\/\/super-news.info\/hu\/wp-content\/uploads\/sites\/3\/2019\/05\/A-Huawei-t\u00f6bb-B-tervet-is-k\u00e9sz\u00edtett-az-\u00f6sszeoml\u00e1s-elker\u00fcl\u00e9s\u00e9re.jpg","contentUrl":"https:\/\/super-news.info\/hu\/wp-content\/uploads\/sites\/3\/2019\/05\/A-Huawei-t\u00f6bb-B-tervet-is-k\u00e9sz\u00edtett-az-\u00f6sszeoml\u00e1s-elker\u00fcl\u00e9s\u00e9re.jpg","width":2731,"height":1536,"caption":"A Huawei t\u00f6bb B tervet is k\u00e9sz\u00edtett az \u00f6sszeoml\u00e1s elker\u00fcl\u00e9s\u00e9re - E-kereskedelem"},{"@type":"BreadcrumbList","@id":"https:\/\/super-news.info\/hu\/a-huawei-tobb-b-tervet-is-keszitett-az-osszeomlas-elkerulesere-e-kereskedelem\/#breadcrumb","itemListElement":[{"@type":"ListItem","position":1,"name":"\u0413\u043b\u0430\u0432\u043d\u0430\u044f \u0441\u0442\u0440\u0430\u043d\u0438\u0446\u0430","item":"https:\/\/super-news.info\/hu\/"},{"@type":"ListItem","position":2,"name":"A Huawei t\u00f6bb B tervet is k\u00e9sz\u00edtett az \u00f6sszeoml\u00e1s elker\u00fcl\u00e9s\u00e9re &#8211; E-kereskedelem"}]},{"@type":"WebSite","@id":"https:\/\/super-news.info\/hu\/#website","url":"https:\/\/super-news.info\/hu\/","name":"Super News","description":"Super News Magyarorsz\u00e1g","potentialAction":[{"@type":"SearchAction","target":{"@type":"EntryPoint","urlTemplate":"https:\/\/super-news.info\/hu\/?s={search_term_string}"},"query-input":{"@type":"PropertyValueSpecification","valueRequired":true,"valueName":"search_term_string"}}],"inLanguage":"hu"},{"@type":"Person","@id":"https:\/\/super-news.info\/hu\/#\/schema\/person\/2d4068cb2f39cd10008c2fce578a7356","name":"super-news","image":{"@type":"ImageObject","inLanguage":"hu","@id":"https:\/\/secure.gravatar.com\/avatar\/64ebac40b93f26a154f8a9b5b6fdccfc46f442b26b3dd6756dbff3bf9dc76fd7?s=96&d=mm&r=g","url":"https:\/\/secure.gravatar.com\/avatar\/64ebac40b93f26a154f8a9b5b6fdccfc46f442b26b3dd6756dbff3bf9dc76fd7?s=96&d=mm&r=g","contentUrl":"https:\/\/secure.gravatar.com\/avatar\/64ebac40b93f26a154f8a9b5b6fdccfc46f442b26b3dd6756dbff3bf9dc76fd7?s=96&d=mm&r=g","caption":"super-news"},"url":"https:\/\/super-news.info\/hu\/author\/pt\/"}]}},"_links":{"self":[{"href":"https:\/\/super-news.info\/hu\/wp-json\/wp\/v2\/posts\/2709","targetHints":{"allow":["GET"]}}],"collection":[{"href":"https:\/\/super-news.info\/hu\/wp-json\/wp\/v2\/posts"}],"about":[{"href":"https:\/\/super-news.info\/hu\/wp-json\/wp\/v2\/types\/post"}],"author":[{"embeddable":true,"href":"https:\/\/super-news.info\/hu\/wp-json\/wp\/v2\/users\/2"}],"replies":[{"embeddable":true,"href":"https:\/\/super-news.info\/hu\/wp-json\/wp\/v2\/comments?post=2709"}],"version-history":[{"count":1,"href":"https:\/\/super-news.info\/hu\/wp-json\/wp\/v2\/posts\/2709\/revisions"}],"predecessor-version":[{"id":2711,"href":"https:\/\/super-news.info\/hu\/wp-json\/wp\/v2\/posts\/2709\/revisions\/2711"}],"wp:featuredmedia":[{"embeddable":true,"href":"https:\/\/super-news.info\/hu\/wp-json\/wp\/v2\/media\/2710"}],"wp:attachment":[{"href":"https:\/\/super-news.info\/hu\/wp-json\/wp\/v2\/media?parent=2709"}],"wp:term":[{"taxonomy":"category","embeddable":true,"href":"https:\/\/super-news.info\/hu\/wp-json\/wp\/v2\/categories?post=2709"},{"taxonomy":"post_tag","embeddable":true,"href":"https:\/\/super-news.info\/hu\/wp-json\/wp\/v2\/tags?post=2709"}],"curies":[{"name":"wp","href":"https:\/\/api.w.org\/{rel}","templated":true}]}}