{"id":2683,"date":"2019-05-25T11:10:02","date_gmt":"2019-05-25T08:10:02","guid":{"rendered":"https:\/\/super-news.info\/hu\/igy-reagalt-a-huawei-alapitoja-a-felmerulo-kerdesekre-e-kereskedelem\/"},"modified":"2019-05-25T11:10:04","modified_gmt":"2019-05-25T08:10:04","slug":"igy-reagalt-a-huawei-alapitoja-a-felmerulo-kerdesekre-e-kereskedelem","status":"publish","type":"post","link":"https:\/\/super-news.info\/hu\/igy-reagalt-a-huawei-alapitoja-a-felmerulo-kerdesekre-e-kereskedelem\/","title":{"rendered":"\u00cdgy reag\u00e1lt a Huawei alap\u00edt\u00f3ja a felmer\u00fcl\u0151 k\u00e9rd\u00e9sekre &#8211; E-kereskedelem"},"content":{"rendered":"<p> [ad_1]<br \/>\n<\/p>\n<p>A c\u00e9g adott ki egy k\u00f6zlem\u00e9nyt Ren Zhengfei v\u00e1laszaival.<\/p>\n<div id=\"article_text\">\n<p><strong>Mi a v\u00e9lem\u00e9nye az USA int\u00e9zked\u00e9s\u00e9r\u0151l? Mit tudnak tenni ebben a 90 napban?<\/strong><\/p>\n<p>Az int\u00e9zked\u00e9s 90 napos felf\u00fcggeszt\u00e9se nem volt meglep\u0151, k\u00e9sz\u00fclt\u00fcnk egy ilyen eshet\u0151s\u00e9gre. Sz\u00e1munkra azonban tov\u00e1bbra is az legfontosabb, hogy j\u00f3l v\u00e9gezz\u00fck a munk\u00e1nkat, arra ugyanis nincs r\u00e1hat\u00e1sunk, hogy milyen int\u00e9zked\u00e9s v\u00e1rhat\u00f3 az USA oldal\u00e1r\u00f3l. Szeretn\u00e9m kifejezni h\u00e1l\u00e1mat a vel\u00fcnk dolgoz\u00f3 amerikai v\u00e1llalatoknak, akiknek k\u00f6sz\u00f6nhet\u0151en az elm\u00falt harminc \u00e9vben eljutottunk oda, ahol jelenleg vagyunk. Sz\u00e1mos amerikai v\u00e1llalat fejezte ki fel\u00e9nk t\u00e1mogat\u00e1s\u00e1t, melyek k\u00f6z\u00fcl t\u00f6bben jelenleg is folyamatosan egyeztetnek az USA korm\u00e1ny\u00e1val. Az Egyes\u00fclt \u00c1llamok v\u00e1llalatainak k\u00f6teless\u00e9g\u00fck betartani az \u00e1llam szabta t\u00f6rv\u00e9nyeket, \u0151ket nem hib\u00e1ztatjuk a jelenlegi helyzet\u00e9rt. A m\u00e9di\u00e1nak is meg kell \u00e9rtenie, hogy a Huawei \u00e9s az Egyes\u00fclt \u00c1llamok v\u00e1llalatai ugyanazon az oldalon \u00e1llnak, mindannyian a piacgazdas\u00e1g r\u00e9szei vagyunk, \u00e9s mindannyiunk \u00e9rdeke, hogy megold\u00f3djon a jelenlegi helyzet.<\/p>\n<p><strong>Mi a helyzet a chipekkel? Igaz, hogy a Huaweinek nincs sz\u00fcks\u00e9ge amerikai chipekre?<\/strong><\/p>\n<p>Mindig sz\u00fcks\u00e9g\u00fcnk lesz az Amerik\u00e1ban gy\u00e1rtott chipekre, \u00e9s amennyiben az amerikai v\u00e1llalatok beszerzik az enged\u00e9lyt a Huawei-jel val\u00f3 egy\u00fcttm\u0171k\u00f6d\u00e9sre, folytatn\u00e1nk vel\u00fck a kooper\u00e1ci\u00f3t. Nem szeretn\u00e9nk izol\u00e1l\u00f3dni amerikai partnereinkt\u0151l, c\u00e9lunk, hogy egy\u00fctt, k\u00f6z\u00f6sen n\u00f6vekedj\u00fcnk, \u00e9s hissz\u00fck, hogy hossz\u00fa \u00e9vek \u00f3ta m\u0171k\u00f6d\u0151 kapcsolatainkat nem tudja megsz\u00fcntetni egy darab pap\u00edr. Mi is k\u00e9pesek lenn\u00e9nk olyan j\u00f3 chipeket k\u00e9sz\u00edteni, mint az amerikaiak, de ez nem jelenti, hogy ne v\u00e1s\u00e1roln\u00e1nk t\u0151l\u00fck a j\u00f6v\u0151ben, amennyiben lehet\u0151s\u00e9g\u00fcnk lesz r\u00e1.<\/p>\n<p><strong>\u00d6n szerint zavart kelt a jelenlegi helyzet a nemzetk\u00f6zi piacon?<\/strong><\/p>\n<p>Nem gondolom, ugyanis Eur\u00f3pa eg\u00e9sze nem fog olyan m\u00e9rt\u00e9k\u0171 l\u00e9p\u00e9seket tenni, mint az USA, az amerikai c\u00e9gek t\u00f6bbs\u00e9ge pedig folyamatosan tartja a kapcsolatot vel\u00fcnk.<\/p>\n<p><strong>Hat\u00e1ssal lesz az USA korl\u00e1toz\u00e1sa a f\u0151 \u00fcgyfeleikre?<\/strong><\/p>\n<p>Termel\u00e9si kapacit\u00e1sunk hatalmas, \u00edgy tov\u00e1bbra is kiszolg\u00e1ljuk majd \u00fcgyfeleinket, erre nem lesz hat\u00e1ssal\u00a0a korl\u00e1toz\u00e1s. Az azonban el\u0151fordulhat, hogy n\u00f6veked\u00e9s\u00fcnk n\u00e9mileg lassul majd, de k\u00f6zel sem olyan m\u00e9rt\u00e9kben, mint azt sokan hiszik. Az \u00e9v els\u0151 negyed\u00e9ben 39%-os n\u00f6veked\u00e9st \u00e9rt\u00fcnk el az el\u0151z\u0151 \u00e9v ugyanezen id\u0151szak\u00e1hoz k\u00e9pest. Ez \u00e1prilisban 25%-ra lassult, \u00e9s el\u0151fordulhat m\u00e9g tov\u00e1bbi cs\u00f6kken\u00e9s, az USA l\u00e9p\u00e9se ugyanakkor nem okoz igazi k\u00e1rokat, \u00e9s nem hat negat\u00edvan a fejl\u0151d\u00e9s\u00fcnkre n\u00e9zve. Term\u00e9khi\u00e1ny esete sem l\u00e9phet fel, hiszen j\u00f3 el\u0151re felk\u00e9sz\u00fclt\u00fcnk egy ilyen eshet\u0151s\u00e9gre.<\/p>\n<p><strong>Haszn\u00e1lt\u00e1k m\u00e1r h\u00e1zon bel\u00fcl a Hongmeng OS-t?<\/strong><\/p>\n<p>Erre egyel\u0151re nem v\u00e1laszolhatok. K\u00e9pesek vagyunk saj\u00e1t oper\u00e1ci\u00f3s rendszer ki\u00e9p\u00edt\u00e9s\u00e9re, de ez nem jelenti, hogy sz\u00e1nd\u00e9kunkban \u00e1ll lecser\u00e9lni a t\u00f6bbi oper\u00e1ci\u00f3s rendszert. <strong><em> <\/em><\/strong><\/p>\n<p><strong>Az USA eur\u00f3pai sz\u00f6vets\u00e9gesein\u00e9l is pr\u00f3b\u00e1lja el\u00e9rni a Huawei ellehetetlen\u00edt\u00e9s\u00e9t. Mi a v\u00e9lem\u00e9nye err\u0151l?<\/strong><\/p>\n<p>Sz\u00e1mos orsz\u00e1g vezet\u0151ivel folytatunk t\u00e1rgyal\u00e1sokat, minden orsz\u00e1g a saj\u00e1t \u00e9rdek\u00e9t pr\u00f3b\u00e1lja \u00e9rv\u00e9nyes\u00edteni. Az Egyes\u00fclt \u00c1llamok kamp\u00e1nya nem el\u00e9g er\u0151s ahhoz, hogy mindenkit befoly\u00e1solni tudjon.<strong> <\/strong><\/p>\n<p>\u00a0<\/p>\n<p><strong>Terveznek m\u00e1s ter\u00fcleteken is piacot nyitni?<\/strong><\/p>\n<p>Egyes pletyk\u00e1kkal ellent\u00e9tben tov\u00e1bbra is az IKT-szektorban k\u00edv\u00e1nunk m\u0171k\u00f6dni, nem tervez\u00fcnk m\u00e1s \u00e1gazatokban, p\u00e9ld\u00e1ul az aut\u00f3gy\u00e1rt\u00e1sban megjelenni.<strong> <\/strong><\/p>\n<p><strong>Tervezik, hogy jobban bevon\u00f3dnak az oktat\u00e1sba?<\/strong><\/p>\n<p>Az oktat\u00e1s alapvet\u0151en az egyes korm\u00e1nyok feladata, a Huawei f\u0151 profilja a stabil h\u00e1l\u00f3zatok ki\u00e9p\u00edt\u00e9se. M\u00e1r t\u00f6bb mint h\u00e1rommilli\u00e1rd ember \u00f6sszekapcsol\u00e1s\u00e1t tett\u00fck lehet\u0151v\u00e9 vil\u00e1gszerte, t\u00f6bbek k\u00f6z\u00f6tt Afrik\u00e1ban is, ahol a nyugati v\u00e1llalatok nem sz\u00edvesen terjeszkednek, mivel nem tudnak bev\u00e9telt gener\u00e1lni. Ha a Huawei \u00f6sszeomlana, az s\u00falyos k\u00f6vetkezm\u00e9nyeket vonna maga ut\u00e1n az eg\u00e9sz vil\u00e1gon.<\/p>\n<p><strong>Milyen v\u00e1llalatt\u00e1 k\u00edv\u00e1n v\u00e1lni a Huawei a j\u00f6v\u0151ben? Merre terveznek elmozdulni?<\/strong><\/p>\n<p>T\u0151keinjekci\u00f3t semmik\u00e9ppen sem enged\u00e9lyez\u00fcnk. Ett\u0151l eltekintve nyitottak vagyunk b\u00e1rmilyen megbesz\u00e9l\u00e9sre, t\u00e1rgyal\u00e1sra.<\/p>\n<p><strong>K\u00f6zismert, hogy a v\u00e1llalatban rengeteg dolgoz\u00f3 is r\u00e9szv\u00e9nyes. Hat\u00e1ssal lehet-e r\u00e1juk a jelenlegi helyzet?<\/strong><\/p>\n<p>Term\u00e9szetesen, de r\u00e9szv\u00e9nyeseink el\u0151tt mindig nyitva \u00e1ll az a lehet\u0151s\u00e9g, hogy szabadon eladj\u00e1k r\u00e9szesed\u00e9s\u00fcket, \u00e9s visszakapj\u00e1k p\u00e9nz\u00fcket.<\/p>\n<p><em><em style=\"color: #171717; font-size: 16px;\"><em><strong><em><em><em><em>K\u00f6vesd az oldalunkat a\u00a0<strong>Facebook-on<\/strong> \u00e9s a\u00a0<strong><a href=\"https:\/\/twitter.com\/digitalhungary\" target=\"_blank\" rel=\"noopener noreferrer\">Twitteren<\/a><\/strong> is!<\/em><\/em><\/em><\/em><\/strong><\/em><\/em><\/em><\/p>\n<\/div>\n<p><script async src=\"http:\/\/platform.twitter.com\/widgets.js\" charset=\"utf-8\"><\/script><br \/>\n<br \/>[ad_2]<br \/>\n<br \/><a href=\"https:\/\/www.digitalhungary.hu\/e-kereskedelem\/igy-reagalt-a-Huawei-alapitoja-a-felmerulo-kerdesekre\/8641\/\">Source link <\/a><\/p>\n","protected":false},"excerpt":{"rendered":"<p>[ad_1] A c\u00e9g adott ki egy k\u00f6zlem\u00e9nyt Ren Zhengfei v\u00e1laszaival. Mi a v\u00e9lem\u00e9nye az USA int\u00e9zked\u00e9s\u00e9r\u0151l? Mit tudnak tenni ebben a 90 napban? Az int\u00e9zked\u00e9s 90 napos felf\u00fcggeszt\u00e9se nem volt meglep\u0151, k\u00e9sz\u00fclt\u00fcnk egy ilyen eshet\u0151s\u00e9gre. Sz\u00e1munkra azonban tov\u00e1bbra is az legfontosabb, hogy j\u00f3l v\u00e9gezz\u00fck a munk\u00e1nkat, arra ugyanis nincs r\u00e1hat\u00e1sunk, hogy milyen int\u00e9zked\u00e9s v\u00e1rhat\u00f3 az [&hellip;]<\/p>\n","protected":false},"author":2,"featured_media":2684,"comment_status":"open","ping_status":"open","sticky":false,"template":"","format":"standard","meta":{"footnotes":""},"categories":[2],"tags":[],"class_list":["post-2683","post","type-post","status-publish","format-standard","has-post-thumbnail","hentry","category-digitalis-marketing-hirek"],"yoast_head":"<!-- This site is optimized with the Yoast SEO plugin v27.4 - https:\/\/yoast.com\/product\/yoast-seo-wordpress\/ -->\n<title>\u00cdgy reag\u00e1lt a Huawei alap\u00edt\u00f3ja a felmer\u00fcl\u0151 k\u00e9rd\u00e9sekre - E-kereskedelem - Super News<\/title>\n<meta name=\"robots\" content=\"index, follow, max-snippet:-1, max-image-preview:large, max-video-preview:-1\" \/>\n<link rel=\"canonical\" href=\"https:\/\/super-news.info\/hu\/igy-reagalt-a-huawei-alapitoja-a-felmerulo-kerdesekre-e-kereskedelem\/\" \/>\n<meta property=\"og:locale\" content=\"hu_HU\" \/>\n<meta property=\"og:type\" content=\"article\" \/>\n<meta property=\"og:title\" content=\"\u00cdgy reag\u00e1lt a Huawei alap\u00edt\u00f3ja a felmer\u00fcl\u0151 k\u00e9rd\u00e9sekre - E-kereskedelem - Super News\" \/>\n<meta property=\"og:description\" content=\"[ad_1] A c\u00e9g adott ki egy k\u00f6zlem\u00e9nyt Ren Zhengfei v\u00e1laszaival. Mi a v\u00e9lem\u00e9nye az USA int\u00e9zked\u00e9s\u00e9r\u0151l? Mit tudnak tenni ebben a 90 napban? Az int\u00e9zked\u00e9s 90 napos felf\u00fcggeszt\u00e9se nem volt meglep\u0151, k\u00e9sz\u00fclt\u00fcnk egy ilyen eshet\u0151s\u00e9gre. Sz\u00e1munkra azonban tov\u00e1bbra is az legfontosabb, hogy j\u00f3l v\u00e9gezz\u00fck a munk\u00e1nkat, arra ugyanis nincs r\u00e1hat\u00e1sunk, hogy milyen int\u00e9zked\u00e9s v\u00e1rhat\u00f3 az [&hellip;]\" \/>\n<meta property=\"og:url\" content=\"https:\/\/super-news.info\/hu\/igy-reagalt-a-huawei-alapitoja-a-felmerulo-kerdesekre-e-kereskedelem\/\" \/>\n<meta property=\"og:site_name\" content=\"Super News\" \/>\n<meta property=\"article:published_time\" content=\"2019-05-25T08:10:02+00:00\" \/>\n<meta property=\"article:modified_time\" content=\"2019-05-25T08:10:04+00:00\" \/>\n<meta property=\"og:image\" content=\"https:\/\/super-news.info\/hu\/wp-content\/uploads\/sites\/3\/2019\/05\/\u00cdgy-reag\u00e1lt-a-Huawei-alap\u00edt\u00f3ja-a-felmer\u00fcl\u0151-k\u00e9rd\u00e9sekre-E-kereskedelem.jpg\" \/>\n\t<meta property=\"og:image:width\" content=\"1678\" \/>\n\t<meta property=\"og:image:height\" content=\"1119\" \/>\n\t<meta property=\"og:image:type\" content=\"image\/jpeg\" \/>\n<meta name=\"author\" content=\"super-news\" \/>\n<meta name=\"twitter:card\" content=\"summary_large_image\" \/>\n<meta name=\"twitter:label1\" content=\"Szerz\u0151:\" \/>\n\t<meta name=\"twitter:data1\" content=\"super-news\" \/>\n\t<meta name=\"twitter:label2\" content=\"Becs\u00fclt olvas\u00e1si id\u0151\" \/>\n\t<meta name=\"twitter:data2\" content=\"4 perc\" \/>\n<script type=\"application\/ld+json\" class=\"yoast-schema-graph\">{\"@context\":\"https:\\\/\\\/schema.org\",\"@graph\":[{\"@type\":\"Article\",\"@id\":\"https:\\\/\\\/super-news.info\\\/hu\\\/igy-reagalt-a-huawei-alapitoja-a-felmerulo-kerdesekre-e-kereskedelem\\\/#article\",\"isPartOf\":{\"@id\":\"https:\\\/\\\/super-news.info\\\/hu\\\/igy-reagalt-a-huawei-alapitoja-a-felmerulo-kerdesekre-e-kereskedelem\\\/\"},\"author\":{\"name\":\"super-news\",\"@id\":\"https:\\\/\\\/super-news.info\\\/hu\\\/#\\\/schema\\\/person\\\/2d4068cb2f39cd10008c2fce578a7356\"},\"headline\":\"\u00cdgy reag\u00e1lt a Huawei alap\u00edt\u00f3ja a felmer\u00fcl\u0151 k\u00e9rd\u00e9sekre &#8211; E-kereskedelem\",\"datePublished\":\"2019-05-25T08:10:02+00:00\",\"dateModified\":\"2019-05-25T08:10:04+00:00\",\"mainEntityOfPage\":{\"@id\":\"https:\\\/\\\/super-news.info\\\/hu\\\/igy-reagalt-a-huawei-alapitoja-a-felmerulo-kerdesekre-e-kereskedelem\\\/\"},\"wordCount\":887,\"commentCount\":0,\"image\":{\"@id\":\"https:\\\/\\\/super-news.info\\\/hu\\\/igy-reagalt-a-huawei-alapitoja-a-felmerulo-kerdesekre-e-kereskedelem\\\/#primaryimage\"},\"thumbnailUrl\":\"https:\\\/\\\/super-news.info\\\/hu\\\/wp-content\\\/uploads\\\/sites\\\/3\\\/2019\\\/05\\\/\u00cdgy-reag\u00e1lt-a-Huawei-alap\u00edt\u00f3ja-a-felmer\u00fcl\u0151-k\u00e9rd\u00e9sekre-E-kereskedelem.jpg\",\"articleSection\":[\"DIGIT\u00c1LIS MARKETING H\u00cdREK\"],\"inLanguage\":\"hu\",\"potentialAction\":[{\"@type\":\"CommentAction\",\"name\":\"Comment\",\"target\":[\"https:\\\/\\\/super-news.info\\\/hu\\\/igy-reagalt-a-huawei-alapitoja-a-felmerulo-kerdesekre-e-kereskedelem\\\/#respond\"]}]},{\"@type\":\"WebPage\",\"@id\":\"https:\\\/\\\/super-news.info\\\/hu\\\/igy-reagalt-a-huawei-alapitoja-a-felmerulo-kerdesekre-e-kereskedelem\\\/\",\"url\":\"https:\\\/\\\/super-news.info\\\/hu\\\/igy-reagalt-a-huawei-alapitoja-a-felmerulo-kerdesekre-e-kereskedelem\\\/\",\"name\":\"\u00cdgy reag\u00e1lt a Huawei alap\u00edt\u00f3ja a felmer\u00fcl\u0151 k\u00e9rd\u00e9sekre - E-kereskedelem - Super News\",\"isPartOf\":{\"@id\":\"https:\\\/\\\/super-news.info\\\/hu\\\/#website\"},\"primaryImageOfPage\":{\"@id\":\"https:\\\/\\\/super-news.info\\\/hu\\\/igy-reagalt-a-huawei-alapitoja-a-felmerulo-kerdesekre-e-kereskedelem\\\/#primaryimage\"},\"image\":{\"@id\":\"https:\\\/\\\/super-news.info\\\/hu\\\/igy-reagalt-a-huawei-alapitoja-a-felmerulo-kerdesekre-e-kereskedelem\\\/#primaryimage\"},\"thumbnailUrl\":\"https:\\\/\\\/super-news.info\\\/hu\\\/wp-content\\\/uploads\\\/sites\\\/3\\\/2019\\\/05\\\/\u00cdgy-reag\u00e1lt-a-Huawei-alap\u00edt\u00f3ja-a-felmer\u00fcl\u0151-k\u00e9rd\u00e9sekre-E-kereskedelem.jpg\",\"datePublished\":\"2019-05-25T08:10:02+00:00\",\"dateModified\":\"2019-05-25T08:10:04+00:00\",\"author\":{\"@id\":\"https:\\\/\\\/super-news.info\\\/hu\\\/#\\\/schema\\\/person\\\/2d4068cb2f39cd10008c2fce578a7356\"},\"breadcrumb\":{\"@id\":\"https:\\\/\\\/super-news.info\\\/hu\\\/igy-reagalt-a-huawei-alapitoja-a-felmerulo-kerdesekre-e-kereskedelem\\\/#breadcrumb\"},\"inLanguage\":\"hu\",\"potentialAction\":[{\"@type\":\"ReadAction\",\"target\":[\"https:\\\/\\\/super-news.info\\\/hu\\\/igy-reagalt-a-huawei-alapitoja-a-felmerulo-kerdesekre-e-kereskedelem\\\/\"]}]},{\"@type\":\"ImageObject\",\"inLanguage\":\"hu\",\"@id\":\"https:\\\/\\\/super-news.info\\\/hu\\\/igy-reagalt-a-huawei-alapitoja-a-felmerulo-kerdesekre-e-kereskedelem\\\/#primaryimage\",\"url\":\"https:\\\/\\\/super-news.info\\\/hu\\\/wp-content\\\/uploads\\\/sites\\\/3\\\/2019\\\/05\\\/\u00cdgy-reag\u00e1lt-a-Huawei-alap\u00edt\u00f3ja-a-felmer\u00fcl\u0151-k\u00e9rd\u00e9sekre-E-kereskedelem.jpg\",\"contentUrl\":\"https:\\\/\\\/super-news.info\\\/hu\\\/wp-content\\\/uploads\\\/sites\\\/3\\\/2019\\\/05\\\/\u00cdgy-reag\u00e1lt-a-Huawei-alap\u00edt\u00f3ja-a-felmer\u00fcl\u0151-k\u00e9rd\u00e9sekre-E-kereskedelem.jpg\",\"width\":1678,\"height\":1119,\"caption\":\"\u00cdgy reag\u00e1lt a Huawei alap\u00edt\u00f3ja a felmer\u00fcl\u0151 k\u00e9rd\u00e9sekre - E-kereskedelem\"},{\"@type\":\"BreadcrumbList\",\"@id\":\"https:\\\/\\\/super-news.info\\\/hu\\\/igy-reagalt-a-huawei-alapitoja-a-felmerulo-kerdesekre-e-kereskedelem\\\/#breadcrumb\",\"itemListElement\":[{\"@type\":\"ListItem\",\"position\":1,\"name\":\"\u0413\u043b\u0430\u0432\u043d\u0430\u044f \u0441\u0442\u0440\u0430\u043d\u0438\u0446\u0430\",\"item\":\"https:\\\/\\\/super-news.info\\\/hu\\\/\"},{\"@type\":\"ListItem\",\"position\":2,\"name\":\"\u00cdgy reag\u00e1lt a Huawei alap\u00edt\u00f3ja a felmer\u00fcl\u0151 k\u00e9rd\u00e9sekre &#8211; E-kereskedelem\"}]},{\"@type\":\"WebSite\",\"@id\":\"https:\\\/\\\/super-news.info\\\/hu\\\/#website\",\"url\":\"https:\\\/\\\/super-news.info\\\/hu\\\/\",\"name\":\"Super News\",\"description\":\"Super News Magyarorsz\u00e1g\",\"potentialAction\":[{\"@type\":\"SearchAction\",\"target\":{\"@type\":\"EntryPoint\",\"urlTemplate\":\"https:\\\/\\\/super-news.info\\\/hu\\\/?s={search_term_string}\"},\"query-input\":{\"@type\":\"PropertyValueSpecification\",\"valueRequired\":true,\"valueName\":\"search_term_string\"}}],\"inLanguage\":\"hu\"},{\"@type\":\"Person\",\"@id\":\"https:\\\/\\\/super-news.info\\\/hu\\\/#\\\/schema\\\/person\\\/2d4068cb2f39cd10008c2fce578a7356\",\"name\":\"super-news\",\"image\":{\"@type\":\"ImageObject\",\"inLanguage\":\"hu\",\"@id\":\"https:\\\/\\\/secure.gravatar.com\\\/avatar\\\/64ebac40b93f26a154f8a9b5b6fdccfc46f442b26b3dd6756dbff3bf9dc76fd7?s=96&d=mm&r=g\",\"url\":\"https:\\\/\\\/secure.gravatar.com\\\/avatar\\\/64ebac40b93f26a154f8a9b5b6fdccfc46f442b26b3dd6756dbff3bf9dc76fd7?s=96&d=mm&r=g\",\"contentUrl\":\"https:\\\/\\\/secure.gravatar.com\\\/avatar\\\/64ebac40b93f26a154f8a9b5b6fdccfc46f442b26b3dd6756dbff3bf9dc76fd7?s=96&d=mm&r=g\",\"caption\":\"super-news\"},\"url\":\"https:\\\/\\\/super-news.info\\\/hu\\\/author\\\/pt\\\/\"}]}<\/script>\n<!-- \/ Yoast SEO plugin. -->","yoast_head_json":{"title":"\u00cdgy reag\u00e1lt a Huawei alap\u00edt\u00f3ja a felmer\u00fcl\u0151 k\u00e9rd\u00e9sekre - E-kereskedelem - Super News","robots":{"index":"index","follow":"follow","max-snippet":"max-snippet:-1","max-image-preview":"max-image-preview:large","max-video-preview":"max-video-preview:-1"},"canonical":"https:\/\/super-news.info\/hu\/igy-reagalt-a-huawei-alapitoja-a-felmerulo-kerdesekre-e-kereskedelem\/","og_locale":"hu_HU","og_type":"article","og_title":"\u00cdgy reag\u00e1lt a Huawei alap\u00edt\u00f3ja a felmer\u00fcl\u0151 k\u00e9rd\u00e9sekre - E-kereskedelem - Super News","og_description":"[ad_1] A c\u00e9g adott ki egy k\u00f6zlem\u00e9nyt Ren Zhengfei v\u00e1laszaival. Mi a v\u00e9lem\u00e9nye az USA int\u00e9zked\u00e9s\u00e9r\u0151l? Mit tudnak tenni ebben a 90 napban? Az int\u00e9zked\u00e9s 90 napos felf\u00fcggeszt\u00e9se nem volt meglep\u0151, k\u00e9sz\u00fclt\u00fcnk egy ilyen eshet\u0151s\u00e9gre. Sz\u00e1munkra azonban tov\u00e1bbra is az legfontosabb, hogy j\u00f3l v\u00e9gezz\u00fck a munk\u00e1nkat, arra ugyanis nincs r\u00e1hat\u00e1sunk, hogy milyen int\u00e9zked\u00e9s v\u00e1rhat\u00f3 az [&hellip;]","og_url":"https:\/\/super-news.info\/hu\/igy-reagalt-a-huawei-alapitoja-a-felmerulo-kerdesekre-e-kereskedelem\/","og_site_name":"Super News","article_published_time":"2019-05-25T08:10:02+00:00","article_modified_time":"2019-05-25T08:10:04+00:00","og_image":[{"width":1678,"height":1119,"url":"https:\/\/super-news.info\/hu\/wp-content\/uploads\/sites\/3\/2019\/05\/\u00cdgy-reag\u00e1lt-a-Huawei-alap\u00edt\u00f3ja-a-felmer\u00fcl\u0151-k\u00e9rd\u00e9sekre-E-kereskedelem.jpg","type":"image\/jpeg"}],"author":"super-news","twitter_card":"summary_large_image","twitter_misc":{"Szerz\u0151:":"super-news","Becs\u00fclt olvas\u00e1si id\u0151":"4 perc"},"schema":{"@context":"https:\/\/schema.org","@graph":[{"@type":"Article","@id":"https:\/\/super-news.info\/hu\/igy-reagalt-a-huawei-alapitoja-a-felmerulo-kerdesekre-e-kereskedelem\/#article","isPartOf":{"@id":"https:\/\/super-news.info\/hu\/igy-reagalt-a-huawei-alapitoja-a-felmerulo-kerdesekre-e-kereskedelem\/"},"author":{"name":"super-news","@id":"https:\/\/super-news.info\/hu\/#\/schema\/person\/2d4068cb2f39cd10008c2fce578a7356"},"headline":"\u00cdgy reag\u00e1lt a Huawei alap\u00edt\u00f3ja a felmer\u00fcl\u0151 k\u00e9rd\u00e9sekre &#8211; E-kereskedelem","datePublished":"2019-05-25T08:10:02+00:00","dateModified":"2019-05-25T08:10:04+00:00","mainEntityOfPage":{"@id":"https:\/\/super-news.info\/hu\/igy-reagalt-a-huawei-alapitoja-a-felmerulo-kerdesekre-e-kereskedelem\/"},"wordCount":887,"commentCount":0,"image":{"@id":"https:\/\/super-news.info\/hu\/igy-reagalt-a-huawei-alapitoja-a-felmerulo-kerdesekre-e-kereskedelem\/#primaryimage"},"thumbnailUrl":"https:\/\/super-news.info\/hu\/wp-content\/uploads\/sites\/3\/2019\/05\/\u00cdgy-reag\u00e1lt-a-Huawei-alap\u00edt\u00f3ja-a-felmer\u00fcl\u0151-k\u00e9rd\u00e9sekre-E-kereskedelem.jpg","articleSection":["DIGIT\u00c1LIS MARKETING H\u00cdREK"],"inLanguage":"hu","potentialAction":[{"@type":"CommentAction","name":"Comment","target":["https:\/\/super-news.info\/hu\/igy-reagalt-a-huawei-alapitoja-a-felmerulo-kerdesekre-e-kereskedelem\/#respond"]}]},{"@type":"WebPage","@id":"https:\/\/super-news.info\/hu\/igy-reagalt-a-huawei-alapitoja-a-felmerulo-kerdesekre-e-kereskedelem\/","url":"https:\/\/super-news.info\/hu\/igy-reagalt-a-huawei-alapitoja-a-felmerulo-kerdesekre-e-kereskedelem\/","name":"\u00cdgy reag\u00e1lt a Huawei alap\u00edt\u00f3ja a felmer\u00fcl\u0151 k\u00e9rd\u00e9sekre - E-kereskedelem - Super News","isPartOf":{"@id":"https:\/\/super-news.info\/hu\/#website"},"primaryImageOfPage":{"@id":"https:\/\/super-news.info\/hu\/igy-reagalt-a-huawei-alapitoja-a-felmerulo-kerdesekre-e-kereskedelem\/#primaryimage"},"image":{"@id":"https:\/\/super-news.info\/hu\/igy-reagalt-a-huawei-alapitoja-a-felmerulo-kerdesekre-e-kereskedelem\/#primaryimage"},"thumbnailUrl":"https:\/\/super-news.info\/hu\/wp-content\/uploads\/sites\/3\/2019\/05\/\u00cdgy-reag\u00e1lt-a-Huawei-alap\u00edt\u00f3ja-a-felmer\u00fcl\u0151-k\u00e9rd\u00e9sekre-E-kereskedelem.jpg","datePublished":"2019-05-25T08:10:02+00:00","dateModified":"2019-05-25T08:10:04+00:00","author":{"@id":"https:\/\/super-news.info\/hu\/#\/schema\/person\/2d4068cb2f39cd10008c2fce578a7356"},"breadcrumb":{"@id":"https:\/\/super-news.info\/hu\/igy-reagalt-a-huawei-alapitoja-a-felmerulo-kerdesekre-e-kereskedelem\/#breadcrumb"},"inLanguage":"hu","potentialAction":[{"@type":"ReadAction","target":["https:\/\/super-news.info\/hu\/igy-reagalt-a-huawei-alapitoja-a-felmerulo-kerdesekre-e-kereskedelem\/"]}]},{"@type":"ImageObject","inLanguage":"hu","@id":"https:\/\/super-news.info\/hu\/igy-reagalt-a-huawei-alapitoja-a-felmerulo-kerdesekre-e-kereskedelem\/#primaryimage","url":"https:\/\/super-news.info\/hu\/wp-content\/uploads\/sites\/3\/2019\/05\/\u00cdgy-reag\u00e1lt-a-Huawei-alap\u00edt\u00f3ja-a-felmer\u00fcl\u0151-k\u00e9rd\u00e9sekre-E-kereskedelem.jpg","contentUrl":"https:\/\/super-news.info\/hu\/wp-content\/uploads\/sites\/3\/2019\/05\/\u00cdgy-reag\u00e1lt-a-Huawei-alap\u00edt\u00f3ja-a-felmer\u00fcl\u0151-k\u00e9rd\u00e9sekre-E-kereskedelem.jpg","width":1678,"height":1119,"caption":"\u00cdgy reag\u00e1lt a Huawei alap\u00edt\u00f3ja a felmer\u00fcl\u0151 k\u00e9rd\u00e9sekre - E-kereskedelem"},{"@type":"BreadcrumbList","@id":"https:\/\/super-news.info\/hu\/igy-reagalt-a-huawei-alapitoja-a-felmerulo-kerdesekre-e-kereskedelem\/#breadcrumb","itemListElement":[{"@type":"ListItem","position":1,"name":"\u0413\u043b\u0430\u0432\u043d\u0430\u044f \u0441\u0442\u0440\u0430\u043d\u0438\u0446\u0430","item":"https:\/\/super-news.info\/hu\/"},{"@type":"ListItem","position":2,"name":"\u00cdgy reag\u00e1lt a Huawei alap\u00edt\u00f3ja a felmer\u00fcl\u0151 k\u00e9rd\u00e9sekre &#8211; E-kereskedelem"}]},{"@type":"WebSite","@id":"https:\/\/super-news.info\/hu\/#website","url":"https:\/\/super-news.info\/hu\/","name":"Super News","description":"Super News Magyarorsz\u00e1g","potentialAction":[{"@type":"SearchAction","target":{"@type":"EntryPoint","urlTemplate":"https:\/\/super-news.info\/hu\/?s={search_term_string}"},"query-input":{"@type":"PropertyValueSpecification","valueRequired":true,"valueName":"search_term_string"}}],"inLanguage":"hu"},{"@type":"Person","@id":"https:\/\/super-news.info\/hu\/#\/schema\/person\/2d4068cb2f39cd10008c2fce578a7356","name":"super-news","image":{"@type":"ImageObject","inLanguage":"hu","@id":"https:\/\/secure.gravatar.com\/avatar\/64ebac40b93f26a154f8a9b5b6fdccfc46f442b26b3dd6756dbff3bf9dc76fd7?s=96&d=mm&r=g","url":"https:\/\/secure.gravatar.com\/avatar\/64ebac40b93f26a154f8a9b5b6fdccfc46f442b26b3dd6756dbff3bf9dc76fd7?s=96&d=mm&r=g","contentUrl":"https:\/\/secure.gravatar.com\/avatar\/64ebac40b93f26a154f8a9b5b6fdccfc46f442b26b3dd6756dbff3bf9dc76fd7?s=96&d=mm&r=g","caption":"super-news"},"url":"https:\/\/super-news.info\/hu\/author\/pt\/"}]}},"_links":{"self":[{"href":"https:\/\/super-news.info\/hu\/wp-json\/wp\/v2\/posts\/2683","targetHints":{"allow":["GET"]}}],"collection":[{"href":"https:\/\/super-news.info\/hu\/wp-json\/wp\/v2\/posts"}],"about":[{"href":"https:\/\/super-news.info\/hu\/wp-json\/wp\/v2\/types\/post"}],"author":[{"embeddable":true,"href":"https:\/\/super-news.info\/hu\/wp-json\/wp\/v2\/users\/2"}],"replies":[{"embeddable":true,"href":"https:\/\/super-news.info\/hu\/wp-json\/wp\/v2\/comments?post=2683"}],"version-history":[{"count":1,"href":"https:\/\/super-news.info\/hu\/wp-json\/wp\/v2\/posts\/2683\/revisions"}],"predecessor-version":[{"id":2685,"href":"https:\/\/super-news.info\/hu\/wp-json\/wp\/v2\/posts\/2683\/revisions\/2685"}],"wp:featuredmedia":[{"embeddable":true,"href":"https:\/\/super-news.info\/hu\/wp-json\/wp\/v2\/media\/2684"}],"wp:attachment":[{"href":"https:\/\/super-news.info\/hu\/wp-json\/wp\/v2\/media?parent=2683"}],"wp:term":[{"taxonomy":"category","embeddable":true,"href":"https:\/\/super-news.info\/hu\/wp-json\/wp\/v2\/categories?post=2683"},{"taxonomy":"post_tag","embeddable":true,"href":"https:\/\/super-news.info\/hu\/wp-json\/wp\/v2\/tags?post=2683"}],"curies":[{"name":"wp","href":"https:\/\/api.w.org\/{rel}","templated":true}]}}