{"id":2650,"date":"2019-05-24T21:02:12","date_gmt":"2019-05-24T18:02:12","guid":{"rendered":"https:\/\/super-news.info\/hu\/a-vodafone-felavatta-budapest-elso-allando-elo-5g-bazisallomasat-e-volution\/"},"modified":"2019-05-24T21:02:13","modified_gmt":"2019-05-24T18:02:13","slug":"a-vodafone-felavatta-budapest-elso-allando-elo-5g-bazisallomasat-e-volution","status":"publish","type":"post","link":"https:\/\/super-news.info\/hu\/a-vodafone-felavatta-budapest-elso-allando-elo-5g-bazisallomasat-e-volution\/","title":{"rendered":"A Vodafone felavatta Budapest els\u0151 \u00e1lland\u00f3, \u00e9l\u0151 5G b\u00e1zis\u00e1llom\u00e1s\u00e1t &#8211; E-volution"},"content":{"rendered":"<p> [ad_1]<br \/>\n<\/p>\n<p>A Vodafone Magyarorsz\u00e1g bemutatta, mire k\u00e9pes a f\u0151v\u00e1ros els\u0151 \u00e1lland\u00f3, \u00e9l\u0151 5G b\u00e1zis\u00e1llom\u00e1sa, mely a szolg\u00e1ltat\u00f3 budapesti sz\u00e9kh\u00e1z\u00e1nak tetej\u00e9n tal\u00e1lhat\u00f3. Az esem\u00e9nyen jelen volt az Innov\u00e1ci\u00f3s \u00e9s Technol\u00f3giai Miniszt\u00e9rium, a Nemzeti M\u00e9dia- \u00e9s H\u00edrk\u00f6zl\u00e9si Hat\u00f3s\u00e1g k\u00e9pvisel\u0151i, Budapest f\u0151polg\u00e1rmester-helyettese, valamint Ferencv\u00e1ros polg\u00e1rmestere. Az esem\u00e9nyen bemutatt\u00e1k az orsz\u00e1g els\u0151 \u00e9l\u0151, saj\u00e1t frekvenci\u00e1n l\u00e9trej\u00f6tt 5G-s mobilkapcsolat\u00e1t \u00e9s egy 5G-n t\u00e1vvez\u00e9relt aut\u00f3t.<\/p>\n<div id=\"article_text\">\n<p>A Vodafone Magyarorsz\u00e1g m\u00e1jus 23-\u00e1n, IX. ker\u00fcleti sz\u00e9kh\u00e1z\u00e1nak tetej\u00e9n telep\u00edtette a f\u0151v\u00e1ros els\u0151 \u00e1lland\u00f3, \u00e9l\u0151 5G b\u00e1zis\u00e1llom\u00e1s\u00e1t. A felavat\u00f3 esem\u00e9nyen a Vodafone az orsz\u00e1gban els\u0151k\u00e9nt csatlakoztatott k\u00e9t 5G k\u00e9pes Samsung S10 okostelefont \u00e1lland\u00f3 5G \u00e1llom\u00e1s\u00e1ra \u00e9s bemutatott egy t\u00e1volr\u00f3l, 5G kapcsolaton kereszt\u00fcl vez\u00e9relt aut\u00f3t.<\/p>\n<p>\u201eAz \u00fajgener\u00e1ci\u00f3s mobil- \u00e9s vezet\u00e9kes h\u00e1l\u00f3zatok olyan lehet\u0151s\u00e9gek el\u0151tt nyitj\u00e1k meg a kapukat, amik forradalmas\u00edthatj\u00e1k az eg\u00e9sz gazdas\u00e1g m\u0171k\u00f6d\u00e9s\u00e9t. Optimist\u00e1k vagyunk a digit\u00e1lis t\u00e1rsadalmat \u00e9s innov\u00e1ci\u00f3t el\u0151re mozd\u00edt\u00f3 technol\u00f3gi\u00e1kat illet\u0151en, \u00e9s c\u00e9lunk, hogy az \u00e1ltaluk ny\u00fajtott el\u0151ny\u00f6kb\u0151l az eg\u00e9sz orsz\u00e1g r\u00e9szes\u00fclj\u00f6n. Hogy mindezt el\u00e9rhess\u00fck, ma egy jelent\u0151s l\u00e9p\u00e9st tett\u00fcnk az\u00e1ltal, hogy bemutattuk, mire k\u00e9pes a f\u0151v\u00e1ros els\u0151 \u00e1lland\u00f3, saj\u00e1t frekvenci\u00e1nkat haszn\u00e1l\u00f3 5G b\u00e1zis\u00e1llom\u00e1sa.\u201d \u2013 mondta el Amanda Nelson, a Vodafone Magyarorsz\u00e1g eln\u00f6k-vez\u00e9rigazgat\u00f3ja.<\/p>\n<p><strong>Megfizethet\u0151 5G<\/strong><\/p>\n<p>\u201eMagyarorsz\u00e1gon az embereknek es a Magyarorsz\u00e1gon m\u0171k\u00f6d\u0151 v\u00e1llalkoz\u00e1soknak stabil, j\u00f3 min\u0151s\u00e9g\u0171, gyors es megfizethet\u0151 5G h\u00e1l\u00f3zatra van sz\u00fcks\u00e9ge. Ezekben a napokban Magyarorsz\u00e1gon \u00faj infokommunik\u00e1ci\u00f3st \u00e9s \u00faj digit\u00e1lis fejleszt\u00e9si korszak kezd\u0151dik\u201d \u2013 mondta el Kara \u00c1kos, az\u00a0Innov\u00e1ci\u00f3s \u00e9s Technol\u00f3giai Miniszt\u00e9rium\u00a0 Infokommunik\u00e1ci\u00f3\u00e9rt \u00e9s fogyaszt\u00f3v\u00e9delem\u00e9rt felel\u0151s \u00e1llamtitk\u00e1ra.<\/p>\n<p>A budapesti \u00e1lland\u00f3 5G b\u00e1zis\u00e1llom\u00e1st felavat\u00f3 esem\u00e9nyen a technol\u00f3gia r\u00e9szleteir\u0151l\u00a0Ahmed Elsayed, a Vodafone Magyarorsz\u00e1g M\u0171szaki vez\u00e9rigazgat\u00f3-helyettese\u00a0besz\u00e9lt. \u201eA budapesti \u00e9s zalaegerszegi \u00e1lland\u00f3 5G \u00e1llom\u00e1saink non-standalone szabv\u00e1ny szerint m\u0171k\u00f6dnek, teh\u00e1t a m\u00e1r megl\u00e9v\u0151 4G \u00e1llom\u00e1sainkra \u00e9p\u00fclnek.\u00a0A saj\u00e1t 3,5GHz-es frekvenci\u00e1nkat haszn\u00e1l\u00f3 5G \u00e1llom\u00e1sok elm\u00e9leti maxim\u00e1lis let\u00f6lt\u00e9si sebess\u00e9ge meghaladhatja az 1 gigabit per szekundumot is, a k\u00e9sleltet\u00e9s pedig 10 milliszekundum al\u00e1 is cs\u00f6kkenhet.\u201d<\/p>\n<p>\u201eA Nemzeti M\u00e9dia- \u00e9s H\u00edrk\u00f6zl\u00e9si Hat\u00f3s\u00e1g a mobil\u00e1gazat j\u00f6v\u0151j\u00e9t \u00e9rint\u0151 jelent\u0151s d\u00f6nt\u00e9s el\u0151tt \u00e1ll, amely a gigabit alap\u00fa t\u00e1rsadalom els\u0151 m\u00e9rf\u00f6ldk\u00f6v\u00e9nek is tekinthet\u0151: a piaci ig\u00e9nyeknek megfelel\u0151en olyan frekvencias\u00e1vokat \u00e9rt\u00e9kes\u00edt id\u00e9n, amelyek r\u00e9v\u00e9n az el\u0151fizet\u0151k \u00e9s a gazdas\u00e1g \u00e1gazatai is \u2013 a ipart\u00f3l az eg\u00e9szs\u00e9g\u00fcgyig \u2013 mihamarabb \u00e9lvezhetik az 5G technol\u00f3gia el\u0151nyeit.\u00a0 K\u00edv\u00e1njuk a mobilszolg\u00e1ltat\u00f3knak \u2013 ma k\u00fcl\u00f6n\u00f6sen a Vodafone Magyarorsz\u00e1gnak \u2013, hogy frekvenciav\u00e1s\u00e1rl\u00e1saik \u00e9s a szolg\u00e1ltat\u00e1saik fejleszt\u00e9se sor\u00e1n legyenek sikeresek.\u201d \u2013 k\u00f6z\u00f6lte Aranyosn\u00e9 dr. B\u00f6rcs Janka, az NMHH f\u0151igazgat\u00f3ja.<\/p>\n<p>\u201eA Vodafone Magyarorsz\u00e1g az\u00e9rt telep\u00edthette m\u00e1sodik \u00e1lland\u00f3 5G \u00e1llom\u00e1s\u00e1t is, mert a jelenleg is akt\u00edv mobilszolg\u00e1ltat\u00f3k k\u00f6z\u00fcl el\u0151rel\u00e1t\u00f3an egyed\u00fcl mi v\u00e1s\u00e1roltunk az NMHH 2016-os aukci\u00f3j\u00e1n 5G-s frekvenci\u00e1t a 3,5GHz-es s\u00e1vban. Nem titkolt c\u00e9lunk, hogy a mobilkommunik\u00e1ci\u00f3s ipar\u00e1gban vezet\u0151 szerepet v\u00e1llaljunk az 5G fejleszt\u00e9sek ter\u00e9n, \u00e9s az eg\u00e9sz t\u00e1rsadalom sz\u00e1m\u00e1ra miel\u0151bb el\u00e9rhet\u0151v\u00e9 tegy\u00fck a leg\u00fajabb gener\u00e1ci\u00f3s technol\u00f3gi\u00e1t.\u201d \u2013 mondta el Dr. Budai J. Gerg\u0151, a Vodafone Magyarorsz\u00e1g V\u00e1llalati kapcsolatok\u00e9rt felel\u0151s vez\u00e9rigazgat\u00f3-helyettese, az igazgat\u00f3s\u00e1g aleln\u00f6ke.<\/p>\n<p><strong>Versenyk\u00e9pes Budapest<\/strong><\/p>\n<p>\u201eBudapesten fejleszt\u00e9si oldalr\u00f3l renesz\u00e1nsz van. Olyan t\u00e1vlatok ny\u00edlnak, amelyek k\u00f6vetkezt\u00e9ben Budapest versenyk\u00e9pess\u00e9gben a legjobbak k\u00f6zt lesz. A digitaliz\u00e1ci\u00f3 egyik legfontosabb \u00e1llom\u00e1sa a mai esem\u00e9ny, amely\u00e9rt k\u00f6sz\u00f6net illeti a Vodafone-t, hiszen az itt bemutatott innov\u00e1ci\u00f3 legnagyobb hasznon\u00e9lvez\u0151i a budapesti lakosok lesznek\u201d \u2013 mondta el Dr. Szeneczey Bal\u00e1zs, Budapest v\u00e1rosfejleszt\u00e9s\u00e9rt felel\u0151s f\u0151polg\u00e1rmester-helyettese.<\/p>\n<p>B\u00e1cskai J\u00e1nos polg\u00e1rmester besz\u00e9d\u00e9ben kiemelte, hogy Ferencv\u00e1ros sz\u00e1m\u00e1ra az\u00e9rt is fontos a mai \u00e1tad\u00f3, mivel nemcsak a technol\u00f3giai k\u00f6rnyezet \u00e1talakul\u00e1st szimboliz\u00e1lja, hanem Ferencv\u00e1ros fejl\u0151d\u00e9s\u00e9t is. A ker\u00fclet kor\u00e1bban ipari k\u00f6zpont volt, azonban az elm\u00falt \u00e9vekben a legjelent\u0151sebb szolg\u00e1ltat\u00f3k v\u00e1lasztott\u00e1k sz\u00e9khely\u00fcl Ferencv\u00e1rost.<\/p>\n<p><strong>Az 5G fontoss\u00e1ga<\/strong><\/p>\n<p>Az \u00f6t\u00f6dik gener\u00e1ci\u00f3s mobilh\u00e1l\u00f3zatoknak els\u0151 sorban ipari felhaszn\u00e1l\u00e1si m\u00f3dokn\u00e1l lesz jelent\u0151s\u00e9ge, k\u00f6zt\u00fck olyanokn\u00e1l, ahol az azonnalis\u00e1g kritikus fontoss\u00e1g\u00fa. Ilyen p\u00e9ld\u00e1ul az \u00f6nvezet\u0151 aut\u00f3z\u00e1s, melynek elterjed\u00e9s\u00e9ben kulcsszerepe lesz az 5G-nek. A Vodafone budapesti sz\u00e9kh\u00e1z\u00e1ban is bemutatta az \u00f6nvezet\u0151 g\u00e9pj\u00e1rm\u0171vek fel\u00e9 vezet\u0151 egyik legfontosabb \u00e1llom\u00e1st, a t\u00e1vvez\u00e9rl\u00e9s\u0171 g\u00e9pj\u00e1rm\u0171ir\u00e1ny\u00edt\u00e1st.\u00a0A BMW i3 t\u00edpus\u00fa elektromos aut\u00f3 \u00e9s a t\u00e1voli vezet\u0151\u00fcl\u00e9s k\u00f6z\u00f6tti kapcsolat a Vodafone \u00e9l\u0151 5G kapcsolat\u00e1n val\u00f3sult meg, lehet\u0151v\u00e9 t\u00e9ve a g\u00e9pj\u00e1rm\u0171 val\u00f3s idej\u0171, t\u00e1voli vez\u00e9rl\u00e9s\u00e9t. Az aut\u00f3ban tal\u00e1lhat\u00f3 kamera val\u00f3s id\u0151ben, HD min\u0151s\u00e9gben k\u00f6zvet\u00edtette a p\u00e1lya melletti t\u00e1voli vezet\u0151\u00fcl\u00e9shez azt a k\u00e9pet, amely a j\u00e1rm\u0171b\u0151l volt l\u00e1that\u00f3, valamint ezzel p\u00e1rhuzamosan a j\u00e1rm\u0171 fel\u00e9 ir\u00e1nyul\u00f3 parancsokat is 5G kapcsolat k\u00f6zvet\u00edtette.<\/p>\n<p><em><em style=\"color: #171717; font-size: 16px;\"><em><strong><em><em><em><em>K\u00f6vesd az oldalunkat a\u00a0<strong>Facebook-on<\/strong> \u00e9s a\u00a0<strong><a href=\"https:\/\/twitter.com\/digitalhungary\" target=\"_blank\" rel=\"noopener noreferrer\">Twitteren<\/a><\/strong> is!<\/em><\/em><\/em><\/em><\/strong><\/em><\/em><\/em><\/p>\n<\/div>\n<p><script async src=\"http:\/\/platform.twitter.com\/widgets.js\" charset=\"utf-8\"><\/script><br \/>\n<br \/>[ad_2]<br \/>\n<br \/><a href=\"https:\/\/www.digitalhungary.hu\/e-volution\/A-Vodafone-felavatta-Budapest-elso-allando-elo-5G-bazisallomasat\/8645\/\">Source link <\/a><\/p>\n","protected":false},"excerpt":{"rendered":"<p>[ad_1] A Vodafone Magyarorsz\u00e1g bemutatta, mire k\u00e9pes a f\u0151v\u00e1ros els\u0151 \u00e1lland\u00f3, \u00e9l\u0151 5G b\u00e1zis\u00e1llom\u00e1sa, mely a szolg\u00e1ltat\u00f3 budapesti sz\u00e9kh\u00e1z\u00e1nak tetej\u00e9n tal\u00e1lhat\u00f3. Az esem\u00e9nyen jelen volt az Innov\u00e1ci\u00f3s \u00e9s Technol\u00f3giai Miniszt\u00e9rium, a Nemzeti M\u00e9dia- \u00e9s H\u00edrk\u00f6zl\u00e9si Hat\u00f3s\u00e1g k\u00e9pvisel\u0151i, Budapest f\u0151polg\u00e1rmester-helyettese, valamint Ferencv\u00e1ros polg\u00e1rmestere. Az esem\u00e9nyen bemutatt\u00e1k az orsz\u00e1g els\u0151 \u00e9l\u0151, saj\u00e1t frekvenci\u00e1n l\u00e9trej\u00f6tt 5G-s mobilkapcsolat\u00e1t \u00e9s [&hellip;]<\/p>\n","protected":false},"author":2,"featured_media":2651,"comment_status":"open","ping_status":"open","sticky":false,"template":"","format":"standard","meta":{"footnotes":""},"categories":[2],"tags":[],"class_list":["post-2650","post","type-post","status-publish","format-standard","has-post-thumbnail","hentry","category-digitalis-marketing-hirek"],"yoast_head":"<!-- This site is optimized with the Yoast SEO plugin v27.4 - https:\/\/yoast.com\/product\/yoast-seo-wordpress\/ -->\n<title>A Vodafone felavatta Budapest els\u0151 \u00e1lland\u00f3, \u00e9l\u0151 5G b\u00e1zis\u00e1llom\u00e1s\u00e1t - E-volution - Super News<\/title>\n<meta name=\"robots\" content=\"index, follow, max-snippet:-1, max-image-preview:large, max-video-preview:-1\" \/>\n<link rel=\"canonical\" href=\"https:\/\/super-news.info\/hu\/a-vodafone-felavatta-budapest-elso-allando-elo-5g-bazisallomasat-e-volution\/\" \/>\n<meta property=\"og:locale\" content=\"hu_HU\" \/>\n<meta property=\"og:type\" content=\"article\" \/>\n<meta property=\"og:title\" content=\"A Vodafone felavatta Budapest els\u0151 \u00e1lland\u00f3, \u00e9l\u0151 5G b\u00e1zis\u00e1llom\u00e1s\u00e1t - E-volution - Super News\" \/>\n<meta property=\"og:description\" content=\"[ad_1] A Vodafone Magyarorsz\u00e1g bemutatta, mire k\u00e9pes a f\u0151v\u00e1ros els\u0151 \u00e1lland\u00f3, \u00e9l\u0151 5G b\u00e1zis\u00e1llom\u00e1sa, mely a szolg\u00e1ltat\u00f3 budapesti sz\u00e9kh\u00e1z\u00e1nak tetej\u00e9n tal\u00e1lhat\u00f3. Az esem\u00e9nyen jelen volt az Innov\u00e1ci\u00f3s \u00e9s Technol\u00f3giai Miniszt\u00e9rium, a Nemzeti M\u00e9dia- \u00e9s H\u00edrk\u00f6zl\u00e9si Hat\u00f3s\u00e1g k\u00e9pvisel\u0151i, Budapest f\u0151polg\u00e1rmester-helyettese, valamint Ferencv\u00e1ros polg\u00e1rmestere. Az esem\u00e9nyen bemutatt\u00e1k az orsz\u00e1g els\u0151 \u00e9l\u0151, saj\u00e1t frekvenci\u00e1n l\u00e9trej\u00f6tt 5G-s mobilkapcsolat\u00e1t \u00e9s [&hellip;]\" \/>\n<meta property=\"og:url\" content=\"https:\/\/super-news.info\/hu\/a-vodafone-felavatta-budapest-elso-allando-elo-5g-bazisallomasat-e-volution\/\" \/>\n<meta property=\"og:site_name\" content=\"Super News\" \/>\n<meta property=\"article:published_time\" content=\"2019-05-24T18:02:12+00:00\" \/>\n<meta property=\"article:modified_time\" content=\"2019-05-24T18:02:13+00:00\" \/>\n<meta property=\"og:image\" content=\"https:\/\/super-news.info\/hu\/wp-content\/uploads\/sites\/3\/2019\/05\/A-Vodafone-felavatta-Budapest-els\u0151-\u00e1lland\u00f3-\u00e9l\u0151-5G-b\u00e1zis\u00e1llom\u00e1s\u00e1t.jpg\" \/>\n\t<meta property=\"og:image:width\" content=\"1500\" \/>\n\t<meta property=\"og:image:height\" content=\"1000\" \/>\n\t<meta property=\"og:image:type\" content=\"image\/jpeg\" \/>\n<meta name=\"author\" content=\"super-news\" \/>\n<meta name=\"twitter:card\" content=\"summary_large_image\" \/>\n<meta name=\"twitter:label1\" content=\"Szerz\u0151:\" \/>\n\t<meta name=\"twitter:data1\" content=\"super-news\" \/>\n\t<meta name=\"twitter:label2\" content=\"Becs\u00fclt olvas\u00e1si id\u0151\" \/>\n\t<meta name=\"twitter:data2\" content=\"5 perc\" \/>\n<script type=\"application\/ld+json\" class=\"yoast-schema-graph\">{\"@context\":\"https:\\\/\\\/schema.org\",\"@graph\":[{\"@type\":\"Article\",\"@id\":\"https:\\\/\\\/super-news.info\\\/hu\\\/a-vodafone-felavatta-budapest-elso-allando-elo-5g-bazisallomasat-e-volution\\\/#article\",\"isPartOf\":{\"@id\":\"https:\\\/\\\/super-news.info\\\/hu\\\/a-vodafone-felavatta-budapest-elso-allando-elo-5g-bazisallomasat-e-volution\\\/\"},\"author\":{\"name\":\"super-news\",\"@id\":\"https:\\\/\\\/super-news.info\\\/hu\\\/#\\\/schema\\\/person\\\/2d4068cb2f39cd10008c2fce578a7356\"},\"headline\":\"A Vodafone felavatta Budapest els\u0151 \u00e1lland\u00f3, \u00e9l\u0151 5G b\u00e1zis\u00e1llom\u00e1s\u00e1t &#8211; E-volution\",\"datePublished\":\"2019-05-24T18:02:12+00:00\",\"dateModified\":\"2019-05-24T18:02:13+00:00\",\"mainEntityOfPage\":{\"@id\":\"https:\\\/\\\/super-news.info\\\/hu\\\/a-vodafone-felavatta-budapest-elso-allando-elo-5g-bazisallomasat-e-volution\\\/\"},\"wordCount\":1085,\"commentCount\":0,\"image\":{\"@id\":\"https:\\\/\\\/super-news.info\\\/hu\\\/a-vodafone-felavatta-budapest-elso-allando-elo-5g-bazisallomasat-e-volution\\\/#primaryimage\"},\"thumbnailUrl\":\"https:\\\/\\\/super-news.info\\\/hu\\\/wp-content\\\/uploads\\\/sites\\\/3\\\/2019\\\/05\\\/A-Vodafone-felavatta-Budapest-els\u0151-\u00e1lland\u00f3-\u00e9l\u0151-5G-b\u00e1zis\u00e1llom\u00e1s\u00e1t.jpg\",\"articleSection\":[\"DIGIT\u00c1LIS MARKETING H\u00cdREK\"],\"inLanguage\":\"hu\",\"potentialAction\":[{\"@type\":\"CommentAction\",\"name\":\"Comment\",\"target\":[\"https:\\\/\\\/super-news.info\\\/hu\\\/a-vodafone-felavatta-budapest-elso-allando-elo-5g-bazisallomasat-e-volution\\\/#respond\"]}]},{\"@type\":\"WebPage\",\"@id\":\"https:\\\/\\\/super-news.info\\\/hu\\\/a-vodafone-felavatta-budapest-elso-allando-elo-5g-bazisallomasat-e-volution\\\/\",\"url\":\"https:\\\/\\\/super-news.info\\\/hu\\\/a-vodafone-felavatta-budapest-elso-allando-elo-5g-bazisallomasat-e-volution\\\/\",\"name\":\"A Vodafone felavatta Budapest els\u0151 \u00e1lland\u00f3, \u00e9l\u0151 5G b\u00e1zis\u00e1llom\u00e1s\u00e1t - E-volution - Super News\",\"isPartOf\":{\"@id\":\"https:\\\/\\\/super-news.info\\\/hu\\\/#website\"},\"primaryImageOfPage\":{\"@id\":\"https:\\\/\\\/super-news.info\\\/hu\\\/a-vodafone-felavatta-budapest-elso-allando-elo-5g-bazisallomasat-e-volution\\\/#primaryimage\"},\"image\":{\"@id\":\"https:\\\/\\\/super-news.info\\\/hu\\\/a-vodafone-felavatta-budapest-elso-allando-elo-5g-bazisallomasat-e-volution\\\/#primaryimage\"},\"thumbnailUrl\":\"https:\\\/\\\/super-news.info\\\/hu\\\/wp-content\\\/uploads\\\/sites\\\/3\\\/2019\\\/05\\\/A-Vodafone-felavatta-Budapest-els\u0151-\u00e1lland\u00f3-\u00e9l\u0151-5G-b\u00e1zis\u00e1llom\u00e1s\u00e1t.jpg\",\"datePublished\":\"2019-05-24T18:02:12+00:00\",\"dateModified\":\"2019-05-24T18:02:13+00:00\",\"author\":{\"@id\":\"https:\\\/\\\/super-news.info\\\/hu\\\/#\\\/schema\\\/person\\\/2d4068cb2f39cd10008c2fce578a7356\"},\"breadcrumb\":{\"@id\":\"https:\\\/\\\/super-news.info\\\/hu\\\/a-vodafone-felavatta-budapest-elso-allando-elo-5g-bazisallomasat-e-volution\\\/#breadcrumb\"},\"inLanguage\":\"hu\",\"potentialAction\":[{\"@type\":\"ReadAction\",\"target\":[\"https:\\\/\\\/super-news.info\\\/hu\\\/a-vodafone-felavatta-budapest-elso-allando-elo-5g-bazisallomasat-e-volution\\\/\"]}]},{\"@type\":\"ImageObject\",\"inLanguage\":\"hu\",\"@id\":\"https:\\\/\\\/super-news.info\\\/hu\\\/a-vodafone-felavatta-budapest-elso-allando-elo-5g-bazisallomasat-e-volution\\\/#primaryimage\",\"url\":\"https:\\\/\\\/super-news.info\\\/hu\\\/wp-content\\\/uploads\\\/sites\\\/3\\\/2019\\\/05\\\/A-Vodafone-felavatta-Budapest-els\u0151-\u00e1lland\u00f3-\u00e9l\u0151-5G-b\u00e1zis\u00e1llom\u00e1s\u00e1t.jpg\",\"contentUrl\":\"https:\\\/\\\/super-news.info\\\/hu\\\/wp-content\\\/uploads\\\/sites\\\/3\\\/2019\\\/05\\\/A-Vodafone-felavatta-Budapest-els\u0151-\u00e1lland\u00f3-\u00e9l\u0151-5G-b\u00e1zis\u00e1llom\u00e1s\u00e1t.jpg\",\"width\":1500,\"height\":1000,\"caption\":\"A Vodafone felavatta Budapest els\u0151 \u00e1lland\u00f3, \u00e9l\u0151 5G b\u00e1zis\u00e1llom\u00e1s\u00e1t - E-volution\"},{\"@type\":\"BreadcrumbList\",\"@id\":\"https:\\\/\\\/super-news.info\\\/hu\\\/a-vodafone-felavatta-budapest-elso-allando-elo-5g-bazisallomasat-e-volution\\\/#breadcrumb\",\"itemListElement\":[{\"@type\":\"ListItem\",\"position\":1,\"name\":\"\u0413\u043b\u0430\u0432\u043d\u0430\u044f \u0441\u0442\u0440\u0430\u043d\u0438\u0446\u0430\",\"item\":\"https:\\\/\\\/super-news.info\\\/hu\\\/\"},{\"@type\":\"ListItem\",\"position\":2,\"name\":\"A Vodafone felavatta Budapest els\u0151 \u00e1lland\u00f3, \u00e9l\u0151 5G b\u00e1zis\u00e1llom\u00e1s\u00e1t &#8211; E-volution\"}]},{\"@type\":\"WebSite\",\"@id\":\"https:\\\/\\\/super-news.info\\\/hu\\\/#website\",\"url\":\"https:\\\/\\\/super-news.info\\\/hu\\\/\",\"name\":\"Super News\",\"description\":\"Super News Magyarorsz\u00e1g\",\"potentialAction\":[{\"@type\":\"SearchAction\",\"target\":{\"@type\":\"EntryPoint\",\"urlTemplate\":\"https:\\\/\\\/super-news.info\\\/hu\\\/?s={search_term_string}\"},\"query-input\":{\"@type\":\"PropertyValueSpecification\",\"valueRequired\":true,\"valueName\":\"search_term_string\"}}],\"inLanguage\":\"hu\"},{\"@type\":\"Person\",\"@id\":\"https:\\\/\\\/super-news.info\\\/hu\\\/#\\\/schema\\\/person\\\/2d4068cb2f39cd10008c2fce578a7356\",\"name\":\"super-news\",\"image\":{\"@type\":\"ImageObject\",\"inLanguage\":\"hu\",\"@id\":\"https:\\\/\\\/secure.gravatar.com\\\/avatar\\\/64ebac40b93f26a154f8a9b5b6fdccfc46f442b26b3dd6756dbff3bf9dc76fd7?s=96&d=mm&r=g\",\"url\":\"https:\\\/\\\/secure.gravatar.com\\\/avatar\\\/64ebac40b93f26a154f8a9b5b6fdccfc46f442b26b3dd6756dbff3bf9dc76fd7?s=96&d=mm&r=g\",\"contentUrl\":\"https:\\\/\\\/secure.gravatar.com\\\/avatar\\\/64ebac40b93f26a154f8a9b5b6fdccfc46f442b26b3dd6756dbff3bf9dc76fd7?s=96&d=mm&r=g\",\"caption\":\"super-news\"},\"url\":\"https:\\\/\\\/super-news.info\\\/hu\\\/author\\\/pt\\\/\"}]}<\/script>\n<!-- \/ Yoast SEO plugin. -->","yoast_head_json":{"title":"A Vodafone felavatta Budapest els\u0151 \u00e1lland\u00f3, \u00e9l\u0151 5G b\u00e1zis\u00e1llom\u00e1s\u00e1t - E-volution - Super News","robots":{"index":"index","follow":"follow","max-snippet":"max-snippet:-1","max-image-preview":"max-image-preview:large","max-video-preview":"max-video-preview:-1"},"canonical":"https:\/\/super-news.info\/hu\/a-vodafone-felavatta-budapest-elso-allando-elo-5g-bazisallomasat-e-volution\/","og_locale":"hu_HU","og_type":"article","og_title":"A Vodafone felavatta Budapest els\u0151 \u00e1lland\u00f3, \u00e9l\u0151 5G b\u00e1zis\u00e1llom\u00e1s\u00e1t - E-volution - Super News","og_description":"[ad_1] A Vodafone Magyarorsz\u00e1g bemutatta, mire k\u00e9pes a f\u0151v\u00e1ros els\u0151 \u00e1lland\u00f3, \u00e9l\u0151 5G b\u00e1zis\u00e1llom\u00e1sa, mely a szolg\u00e1ltat\u00f3 budapesti sz\u00e9kh\u00e1z\u00e1nak tetej\u00e9n tal\u00e1lhat\u00f3. Az esem\u00e9nyen jelen volt az Innov\u00e1ci\u00f3s \u00e9s Technol\u00f3giai Miniszt\u00e9rium, a Nemzeti M\u00e9dia- \u00e9s H\u00edrk\u00f6zl\u00e9si Hat\u00f3s\u00e1g k\u00e9pvisel\u0151i, Budapest f\u0151polg\u00e1rmester-helyettese, valamint Ferencv\u00e1ros polg\u00e1rmestere. Az esem\u00e9nyen bemutatt\u00e1k az orsz\u00e1g els\u0151 \u00e9l\u0151, saj\u00e1t frekvenci\u00e1n l\u00e9trej\u00f6tt 5G-s mobilkapcsolat\u00e1t \u00e9s [&hellip;]","og_url":"https:\/\/super-news.info\/hu\/a-vodafone-felavatta-budapest-elso-allando-elo-5g-bazisallomasat-e-volution\/","og_site_name":"Super News","article_published_time":"2019-05-24T18:02:12+00:00","article_modified_time":"2019-05-24T18:02:13+00:00","og_image":[{"width":1500,"height":1000,"url":"https:\/\/super-news.info\/hu\/wp-content\/uploads\/sites\/3\/2019\/05\/A-Vodafone-felavatta-Budapest-els\u0151-\u00e1lland\u00f3-\u00e9l\u0151-5G-b\u00e1zis\u00e1llom\u00e1s\u00e1t.jpg","type":"image\/jpeg"}],"author":"super-news","twitter_card":"summary_large_image","twitter_misc":{"Szerz\u0151:":"super-news","Becs\u00fclt olvas\u00e1si id\u0151":"5 perc"},"schema":{"@context":"https:\/\/schema.org","@graph":[{"@type":"Article","@id":"https:\/\/super-news.info\/hu\/a-vodafone-felavatta-budapest-elso-allando-elo-5g-bazisallomasat-e-volution\/#article","isPartOf":{"@id":"https:\/\/super-news.info\/hu\/a-vodafone-felavatta-budapest-elso-allando-elo-5g-bazisallomasat-e-volution\/"},"author":{"name":"super-news","@id":"https:\/\/super-news.info\/hu\/#\/schema\/person\/2d4068cb2f39cd10008c2fce578a7356"},"headline":"A Vodafone felavatta Budapest els\u0151 \u00e1lland\u00f3, \u00e9l\u0151 5G b\u00e1zis\u00e1llom\u00e1s\u00e1t &#8211; E-volution","datePublished":"2019-05-24T18:02:12+00:00","dateModified":"2019-05-24T18:02:13+00:00","mainEntityOfPage":{"@id":"https:\/\/super-news.info\/hu\/a-vodafone-felavatta-budapest-elso-allando-elo-5g-bazisallomasat-e-volution\/"},"wordCount":1085,"commentCount":0,"image":{"@id":"https:\/\/super-news.info\/hu\/a-vodafone-felavatta-budapest-elso-allando-elo-5g-bazisallomasat-e-volution\/#primaryimage"},"thumbnailUrl":"https:\/\/super-news.info\/hu\/wp-content\/uploads\/sites\/3\/2019\/05\/A-Vodafone-felavatta-Budapest-els\u0151-\u00e1lland\u00f3-\u00e9l\u0151-5G-b\u00e1zis\u00e1llom\u00e1s\u00e1t.jpg","articleSection":["DIGIT\u00c1LIS MARKETING H\u00cdREK"],"inLanguage":"hu","potentialAction":[{"@type":"CommentAction","name":"Comment","target":["https:\/\/super-news.info\/hu\/a-vodafone-felavatta-budapest-elso-allando-elo-5g-bazisallomasat-e-volution\/#respond"]}]},{"@type":"WebPage","@id":"https:\/\/super-news.info\/hu\/a-vodafone-felavatta-budapest-elso-allando-elo-5g-bazisallomasat-e-volution\/","url":"https:\/\/super-news.info\/hu\/a-vodafone-felavatta-budapest-elso-allando-elo-5g-bazisallomasat-e-volution\/","name":"A Vodafone felavatta Budapest els\u0151 \u00e1lland\u00f3, \u00e9l\u0151 5G b\u00e1zis\u00e1llom\u00e1s\u00e1t - E-volution - Super News","isPartOf":{"@id":"https:\/\/super-news.info\/hu\/#website"},"primaryImageOfPage":{"@id":"https:\/\/super-news.info\/hu\/a-vodafone-felavatta-budapest-elso-allando-elo-5g-bazisallomasat-e-volution\/#primaryimage"},"image":{"@id":"https:\/\/super-news.info\/hu\/a-vodafone-felavatta-budapest-elso-allando-elo-5g-bazisallomasat-e-volution\/#primaryimage"},"thumbnailUrl":"https:\/\/super-news.info\/hu\/wp-content\/uploads\/sites\/3\/2019\/05\/A-Vodafone-felavatta-Budapest-els\u0151-\u00e1lland\u00f3-\u00e9l\u0151-5G-b\u00e1zis\u00e1llom\u00e1s\u00e1t.jpg","datePublished":"2019-05-24T18:02:12+00:00","dateModified":"2019-05-24T18:02:13+00:00","author":{"@id":"https:\/\/super-news.info\/hu\/#\/schema\/person\/2d4068cb2f39cd10008c2fce578a7356"},"breadcrumb":{"@id":"https:\/\/super-news.info\/hu\/a-vodafone-felavatta-budapest-elso-allando-elo-5g-bazisallomasat-e-volution\/#breadcrumb"},"inLanguage":"hu","potentialAction":[{"@type":"ReadAction","target":["https:\/\/super-news.info\/hu\/a-vodafone-felavatta-budapest-elso-allando-elo-5g-bazisallomasat-e-volution\/"]}]},{"@type":"ImageObject","inLanguage":"hu","@id":"https:\/\/super-news.info\/hu\/a-vodafone-felavatta-budapest-elso-allando-elo-5g-bazisallomasat-e-volution\/#primaryimage","url":"https:\/\/super-news.info\/hu\/wp-content\/uploads\/sites\/3\/2019\/05\/A-Vodafone-felavatta-Budapest-els\u0151-\u00e1lland\u00f3-\u00e9l\u0151-5G-b\u00e1zis\u00e1llom\u00e1s\u00e1t.jpg","contentUrl":"https:\/\/super-news.info\/hu\/wp-content\/uploads\/sites\/3\/2019\/05\/A-Vodafone-felavatta-Budapest-els\u0151-\u00e1lland\u00f3-\u00e9l\u0151-5G-b\u00e1zis\u00e1llom\u00e1s\u00e1t.jpg","width":1500,"height":1000,"caption":"A Vodafone felavatta Budapest els\u0151 \u00e1lland\u00f3, \u00e9l\u0151 5G b\u00e1zis\u00e1llom\u00e1s\u00e1t - E-volution"},{"@type":"BreadcrumbList","@id":"https:\/\/super-news.info\/hu\/a-vodafone-felavatta-budapest-elso-allando-elo-5g-bazisallomasat-e-volution\/#breadcrumb","itemListElement":[{"@type":"ListItem","position":1,"name":"\u0413\u043b\u0430\u0432\u043d\u0430\u044f \u0441\u0442\u0440\u0430\u043d\u0438\u0446\u0430","item":"https:\/\/super-news.info\/hu\/"},{"@type":"ListItem","position":2,"name":"A Vodafone felavatta Budapest els\u0151 \u00e1lland\u00f3, \u00e9l\u0151 5G b\u00e1zis\u00e1llom\u00e1s\u00e1t &#8211; E-volution"}]},{"@type":"WebSite","@id":"https:\/\/super-news.info\/hu\/#website","url":"https:\/\/super-news.info\/hu\/","name":"Super News","description":"Super News Magyarorsz\u00e1g","potentialAction":[{"@type":"SearchAction","target":{"@type":"EntryPoint","urlTemplate":"https:\/\/super-news.info\/hu\/?s={search_term_string}"},"query-input":{"@type":"PropertyValueSpecification","valueRequired":true,"valueName":"search_term_string"}}],"inLanguage":"hu"},{"@type":"Person","@id":"https:\/\/super-news.info\/hu\/#\/schema\/person\/2d4068cb2f39cd10008c2fce578a7356","name":"super-news","image":{"@type":"ImageObject","inLanguage":"hu","@id":"https:\/\/secure.gravatar.com\/avatar\/64ebac40b93f26a154f8a9b5b6fdccfc46f442b26b3dd6756dbff3bf9dc76fd7?s=96&d=mm&r=g","url":"https:\/\/secure.gravatar.com\/avatar\/64ebac40b93f26a154f8a9b5b6fdccfc46f442b26b3dd6756dbff3bf9dc76fd7?s=96&d=mm&r=g","contentUrl":"https:\/\/secure.gravatar.com\/avatar\/64ebac40b93f26a154f8a9b5b6fdccfc46f442b26b3dd6756dbff3bf9dc76fd7?s=96&d=mm&r=g","caption":"super-news"},"url":"https:\/\/super-news.info\/hu\/author\/pt\/"}]}},"_links":{"self":[{"href":"https:\/\/super-news.info\/hu\/wp-json\/wp\/v2\/posts\/2650","targetHints":{"allow":["GET"]}}],"collection":[{"href":"https:\/\/super-news.info\/hu\/wp-json\/wp\/v2\/posts"}],"about":[{"href":"https:\/\/super-news.info\/hu\/wp-json\/wp\/v2\/types\/post"}],"author":[{"embeddable":true,"href":"https:\/\/super-news.info\/hu\/wp-json\/wp\/v2\/users\/2"}],"replies":[{"embeddable":true,"href":"https:\/\/super-news.info\/hu\/wp-json\/wp\/v2\/comments?post=2650"}],"version-history":[{"count":1,"href":"https:\/\/super-news.info\/hu\/wp-json\/wp\/v2\/posts\/2650\/revisions"}],"predecessor-version":[{"id":2652,"href":"https:\/\/super-news.info\/hu\/wp-json\/wp\/v2\/posts\/2650\/revisions\/2652"}],"wp:featuredmedia":[{"embeddable":true,"href":"https:\/\/super-news.info\/hu\/wp-json\/wp\/v2\/media\/2651"}],"wp:attachment":[{"href":"https:\/\/super-news.info\/hu\/wp-json\/wp\/v2\/media?parent=2650"}],"wp:term":[{"taxonomy":"category","embeddable":true,"href":"https:\/\/super-news.info\/hu\/wp-json\/wp\/v2\/categories?post=2650"},{"taxonomy":"post_tag","embeddable":true,"href":"https:\/\/super-news.info\/hu\/wp-json\/wp\/v2\/tags?post=2650"}],"curies":[{"name":"wp","href":"https:\/\/api.w.org\/{rel}","templated":true}]}}