{"id":2608,"date":"2019-05-24T11:46:15","date_gmt":"2019-05-24T08:46:15","guid":{"rendered":"https:\/\/super-news.info\/hu\/kezd-komoly-bajba-kerulni-a-huawei-az-amerikai-bojkott-miatt-e-kereskedelem\/"},"modified":"2019-05-24T11:46:16","modified_gmt":"2019-05-24T08:46:16","slug":"kezd-komoly-bajba-kerulni-a-huawei-az-amerikai-bojkott-miatt-e-kereskedelem","status":"publish","type":"post","link":"https:\/\/super-news.info\/hu\/kezd-komoly-bajba-kerulni-a-huawei-az-amerikai-bojkott-miatt-e-kereskedelem\/","title":{"rendered":"Kezd komoly bajba ker\u00fclni a Huawei az amerikai bojkott miatt &#8211; E-kereskedelem"},"content":{"rendered":"<p> [ad_1]<br \/>\n<\/p>\n<p>A jap\u00e1n tulajdon\u00fa ARM gy\u00e1rtja a Huawei mobiltelefon chipjeit. Miut\u00e1n vas\u00e1rnap a Google le\u00e1ll\u00edtotta a k\u00ednai c\u00e9g andoidos jogosults\u00e1gait, sorra p\u00e1rtolnak el a Huaweit\u0151l a partnerek.<\/p>\n<div id=\"article_text\">\n<p>\u00dajabb c\u00e9gt\u0151l kapott pofont a Huawei. Miut\u00e1n vas\u00e1rnap kider\u00fclt, hogy a Google elveszi a k\u00ednai c\u00e9gt\u0151l az Androidot, az Intel, a Qualcomm \u00e9s m\u00e1s c\u00e9gek is bejelentett\u00e9k, nem m\u0171k\u00f6dnek egy\u00fctt tov\u00e1bb a v\u00e1llalattal. Most egy \u00fajabb c\u00e9g \u00e1llt be ebbe a sorba: az ARM.<\/p>\n<p>A BBC News besz\u00e1mol\u00f3j\u00e1t a <strong>Hvg.hu<\/strong> szeml\u00e9zte, eszerint a c\u00e9g felf\u00fcggesztette az egy\u00fcttm\u0171k\u00f6d\u00e9st a Huaweijel, ami miatt k\u00f6nnyen lehet, hogy a k\u00ednai v\u00e1llalat nem fogja tudni megcsin\u00e1lni a saj\u00e1t chipjeit. Az ARM munkat\u00e1rsait arra utas\u00edtotta a c\u00e9g vezet\u00e9se, hogy az amerikai kereskedelmi tilalom miatt \u00e1ll\u00edts\u00e1k le az \u00f6sszes szerz\u0151d\u00e9st, a t\u00e1mogat\u00e1si jogosults\u00e1gokat, valamint a f\u00fcgg\u0151ben l\u00e9v\u0151 megb\u00edz\u00e1sokat.<\/p>\n<p><strong>Nyomokban amerikai technol\u00f3gi\u00e1t is tartalmaz<\/strong><\/p>\n<p>A dolog az\u00e9rt nem ennyire egyszer\u0171. Az ARM ugyanis nem amerikai c\u00e9g: a britekn\u00e9l sz\u00e9kel, a tulajdonosa pedig a jap\u00e1n SoftBank. Az ARM bels\u0151 mem\u00f3j\u00e1b\u00f3l azonban kider\u00fclt, hogy a chipjeik amerikai technol\u00f3gi\u00e1t is &#8222;tartalmaznak&#8221;.<\/p>\n<p>A gy\u00e1rt\u00f3 n\u00e9h\u00e1ny tervet Texasban, Austinban valamint San Jose-ban (Kaliforni\u00e1ban) dolgozott ki, \u00edgy emiatt r\u00e1juk is \u00e9rv\u00e9nyes lehet az amerikai bojkott. A Huawei az ARM architekt\u00far\u00e1j\u00e1ra \u00e9p\u00edtve k\u00e9sz\u00edti el a saj\u00e1t Kirin processzorait, ez\u00e9rt pedig licence-d\u00edjat fizet a c\u00e9gnek. Az enged\u00e9ly hi\u00e1ny\u00e1ban azonban a k\u00ednai c\u00e9g nem tudja folytatni a munk\u00e1j\u00e1t.<\/p>\n<p><strong>Elindul-e a nagyobb lavina? <\/strong><\/p>\n<p>Az egyel\u0151re nem vil\u00e1gos, hogy a l\u00e9p\u00e9s egy \u00f3vatos reakci\u00f3 az amerikai bojkottra, vagy egy megfontolt d\u00f6nt\u00e9s eremd\u00e9nye. Ha ut\u00f3bbi, az k\u00f6nnyen sorvezet\u0151 lehet m\u00e1s, hasonl\u00f3 cip\u0151ben j\u00e1r\u00f3 c\u00e9gek sz\u00e1m\u00e1ra is.<\/p>\n<p>A Huawei \u00e1ll\u00edt\u00f3lag annyi eszk\u00f6zt rakt\u00e1rozott el, ami 3-12 h\u00f3napig elegend\u0151 lesz a c\u00e9g sz\u00e1m\u00e1ra. \u00c1m ha a k\u00e9szletek elfogynak, az ARM n\u00e9lk\u00fcl gyakorlatilag lehetetlen lesz a k\u00ednai c\u00e9gnek okostelefont gy\u00e1rtania.<\/p>\n<p><em><em style=\"color: #171717; font-size: 16px;\"><em><strong><em><em><em><em>K\u00f6vesd az oldalunkat a\u00a0<strong>Facebook-on<\/strong> \u00e9s a\u00a0<strong><a href=\"https:\/\/twitter.com\/digitalhungary\" target=\"_blank\" rel=\"noopener noreferrer\">Twitteren<\/a><\/strong> is!<\/em><\/em><\/em><\/em><\/strong><\/em><\/em><\/em><\/p>\n<\/div>\n<p><script async src=\"http:\/\/platform.twitter.com\/widgets.js\" charset=\"utf-8\"><\/script><br \/>\n<br \/>[ad_2]<br \/>\n<br \/><a href=\"https:\/\/www.digitalhungary.hu\/e-kereskedelem\/Kezd-komoly-bajba-kerulni-a-Huawei-az-amerikai-bojkott-miatt\/8637\/\">Source link <\/a><\/p>\n","protected":false},"excerpt":{"rendered":"<p>[ad_1] A jap\u00e1n tulajdon\u00fa ARM gy\u00e1rtja a Huawei mobiltelefon chipjeit. Miut\u00e1n vas\u00e1rnap a Google le\u00e1ll\u00edtotta a k\u00ednai c\u00e9g andoidos jogosults\u00e1gait, sorra p\u00e1rtolnak el a Huaweit\u0151l a partnerek. \u00dajabb c\u00e9gt\u0151l kapott pofont a Huawei. Miut\u00e1n vas\u00e1rnap kider\u00fclt, hogy a Google elveszi a k\u00ednai c\u00e9gt\u0151l az Androidot, az Intel, a Qualcomm \u00e9s m\u00e1s c\u00e9gek is bejelentett\u00e9k, nem [&hellip;]<\/p>\n","protected":false},"author":2,"featured_media":2609,"comment_status":"open","ping_status":"open","sticky":false,"template":"","format":"standard","meta":{"footnotes":""},"categories":[2],"tags":[],"class_list":["post-2608","post","type-post","status-publish","format-standard","has-post-thumbnail","hentry","category-digitalis-marketing-hirek"],"yoast_head":"<!-- This site is optimized with the Yoast SEO plugin v27.4 - https:\/\/yoast.com\/product\/yoast-seo-wordpress\/ -->\n<title>Kezd komoly bajba ker\u00fclni a Huawei az amerikai bojkott miatt - E-kereskedelem - Super News<\/title>\n<meta name=\"robots\" content=\"index, follow, max-snippet:-1, max-image-preview:large, max-video-preview:-1\" \/>\n<link rel=\"canonical\" href=\"https:\/\/super-news.info\/hu\/kezd-komoly-bajba-kerulni-a-huawei-az-amerikai-bojkott-miatt-e-kereskedelem\/\" \/>\n<meta property=\"og:locale\" content=\"hu_HU\" \/>\n<meta property=\"og:type\" content=\"article\" \/>\n<meta property=\"og:title\" content=\"Kezd komoly bajba ker\u00fclni a Huawei az amerikai bojkott miatt - E-kereskedelem - Super News\" \/>\n<meta property=\"og:description\" content=\"[ad_1] A jap\u00e1n tulajdon\u00fa ARM gy\u00e1rtja a Huawei mobiltelefon chipjeit. Miut\u00e1n vas\u00e1rnap a Google le\u00e1ll\u00edtotta a k\u00ednai c\u00e9g andoidos jogosults\u00e1gait, sorra p\u00e1rtolnak el a Huaweit\u0151l a partnerek. \u00dajabb c\u00e9gt\u0151l kapott pofont a Huawei. Miut\u00e1n vas\u00e1rnap kider\u00fclt, hogy a Google elveszi a k\u00ednai c\u00e9gt\u0151l az Androidot, az Intel, a Qualcomm \u00e9s m\u00e1s c\u00e9gek is bejelentett\u00e9k, nem [&hellip;]\" \/>\n<meta property=\"og:url\" content=\"https:\/\/super-news.info\/hu\/kezd-komoly-bajba-kerulni-a-huawei-az-amerikai-bojkott-miatt-e-kereskedelem\/\" \/>\n<meta property=\"og:site_name\" content=\"Super News\" \/>\n<meta property=\"article:published_time\" content=\"2019-05-24T08:46:15+00:00\" \/>\n<meta property=\"article:modified_time\" content=\"2019-05-24T08:46:16+00:00\" \/>\n<meta property=\"og:image\" content=\"https:\/\/super-news.info\/hu\/wp-content\/uploads\/sites\/3\/2019\/05\/Kezd-komoly-bajba-ker\u00fclni-a-Huawei-az-amerikai-bojkott-miatt.jpg\" \/>\n\t<meta property=\"og:image:width\" content=\"2508\" \/>\n\t<meta property=\"og:image:height\" content=\"1672\" \/>\n\t<meta property=\"og:image:type\" content=\"image\/jpeg\" \/>\n<meta name=\"author\" content=\"super-news\" \/>\n<meta name=\"twitter:card\" content=\"summary_large_image\" \/>\n<meta name=\"twitter:label1\" content=\"Szerz\u0151:\" \/>\n\t<meta name=\"twitter:data1\" content=\"super-news\" \/>\n\t<meta name=\"twitter:label2\" content=\"Becs\u00fclt olvas\u00e1si id\u0151\" \/>\n\t<meta name=\"twitter:data2\" content=\"2 perc\" \/>\n<script type=\"application\/ld+json\" class=\"yoast-schema-graph\">{\"@context\":\"https:\\\/\\\/schema.org\",\"@graph\":[{\"@type\":\"Article\",\"@id\":\"https:\\\/\\\/super-news.info\\\/hu\\\/kezd-komoly-bajba-kerulni-a-huawei-az-amerikai-bojkott-miatt-e-kereskedelem\\\/#article\",\"isPartOf\":{\"@id\":\"https:\\\/\\\/super-news.info\\\/hu\\\/kezd-komoly-bajba-kerulni-a-huawei-az-amerikai-bojkott-miatt-e-kereskedelem\\\/\"},\"author\":{\"name\":\"super-news\",\"@id\":\"https:\\\/\\\/super-news.info\\\/hu\\\/#\\\/schema\\\/person\\\/2d4068cb2f39cd10008c2fce578a7356\"},\"headline\":\"Kezd komoly bajba ker\u00fclni a Huawei az amerikai bojkott miatt &#8211; E-kereskedelem\",\"datePublished\":\"2019-05-24T08:46:15+00:00\",\"dateModified\":\"2019-05-24T08:46:16+00:00\",\"mainEntityOfPage\":{\"@id\":\"https:\\\/\\\/super-news.info\\\/hu\\\/kezd-komoly-bajba-kerulni-a-huawei-az-amerikai-bojkott-miatt-e-kereskedelem\\\/\"},\"wordCount\":435,\"commentCount\":0,\"image\":{\"@id\":\"https:\\\/\\\/super-news.info\\\/hu\\\/kezd-komoly-bajba-kerulni-a-huawei-az-amerikai-bojkott-miatt-e-kereskedelem\\\/#primaryimage\"},\"thumbnailUrl\":\"https:\\\/\\\/super-news.info\\\/hu\\\/wp-content\\\/uploads\\\/sites\\\/3\\\/2019\\\/05\\\/Kezd-komoly-bajba-ker\u00fclni-a-Huawei-az-amerikai-bojkott-miatt.jpg\",\"articleSection\":[\"DIGIT\u00c1LIS MARKETING H\u00cdREK\"],\"inLanguage\":\"hu\",\"potentialAction\":[{\"@type\":\"CommentAction\",\"name\":\"Comment\",\"target\":[\"https:\\\/\\\/super-news.info\\\/hu\\\/kezd-komoly-bajba-kerulni-a-huawei-az-amerikai-bojkott-miatt-e-kereskedelem\\\/#respond\"]}]},{\"@type\":\"WebPage\",\"@id\":\"https:\\\/\\\/super-news.info\\\/hu\\\/kezd-komoly-bajba-kerulni-a-huawei-az-amerikai-bojkott-miatt-e-kereskedelem\\\/\",\"url\":\"https:\\\/\\\/super-news.info\\\/hu\\\/kezd-komoly-bajba-kerulni-a-huawei-az-amerikai-bojkott-miatt-e-kereskedelem\\\/\",\"name\":\"Kezd komoly bajba ker\u00fclni a Huawei az amerikai bojkott miatt - E-kereskedelem - Super News\",\"isPartOf\":{\"@id\":\"https:\\\/\\\/super-news.info\\\/hu\\\/#website\"},\"primaryImageOfPage\":{\"@id\":\"https:\\\/\\\/super-news.info\\\/hu\\\/kezd-komoly-bajba-kerulni-a-huawei-az-amerikai-bojkott-miatt-e-kereskedelem\\\/#primaryimage\"},\"image\":{\"@id\":\"https:\\\/\\\/super-news.info\\\/hu\\\/kezd-komoly-bajba-kerulni-a-huawei-az-amerikai-bojkott-miatt-e-kereskedelem\\\/#primaryimage\"},\"thumbnailUrl\":\"https:\\\/\\\/super-news.info\\\/hu\\\/wp-content\\\/uploads\\\/sites\\\/3\\\/2019\\\/05\\\/Kezd-komoly-bajba-ker\u00fclni-a-Huawei-az-amerikai-bojkott-miatt.jpg\",\"datePublished\":\"2019-05-24T08:46:15+00:00\",\"dateModified\":\"2019-05-24T08:46:16+00:00\",\"author\":{\"@id\":\"https:\\\/\\\/super-news.info\\\/hu\\\/#\\\/schema\\\/person\\\/2d4068cb2f39cd10008c2fce578a7356\"},\"breadcrumb\":{\"@id\":\"https:\\\/\\\/super-news.info\\\/hu\\\/kezd-komoly-bajba-kerulni-a-huawei-az-amerikai-bojkott-miatt-e-kereskedelem\\\/#breadcrumb\"},\"inLanguage\":\"hu\",\"potentialAction\":[{\"@type\":\"ReadAction\",\"target\":[\"https:\\\/\\\/super-news.info\\\/hu\\\/kezd-komoly-bajba-kerulni-a-huawei-az-amerikai-bojkott-miatt-e-kereskedelem\\\/\"]}]},{\"@type\":\"ImageObject\",\"inLanguage\":\"hu\",\"@id\":\"https:\\\/\\\/super-news.info\\\/hu\\\/kezd-komoly-bajba-kerulni-a-huawei-az-amerikai-bojkott-miatt-e-kereskedelem\\\/#primaryimage\",\"url\":\"https:\\\/\\\/super-news.info\\\/hu\\\/wp-content\\\/uploads\\\/sites\\\/3\\\/2019\\\/05\\\/Kezd-komoly-bajba-ker\u00fclni-a-Huawei-az-amerikai-bojkott-miatt.jpg\",\"contentUrl\":\"https:\\\/\\\/super-news.info\\\/hu\\\/wp-content\\\/uploads\\\/sites\\\/3\\\/2019\\\/05\\\/Kezd-komoly-bajba-ker\u00fclni-a-Huawei-az-amerikai-bojkott-miatt.jpg\",\"width\":2508,\"height\":1672,\"caption\":\"Kezd komoly bajba ker\u00fclni a Huawei az amerikai bojkott miatt - E-kereskedelem\"},{\"@type\":\"BreadcrumbList\",\"@id\":\"https:\\\/\\\/super-news.info\\\/hu\\\/kezd-komoly-bajba-kerulni-a-huawei-az-amerikai-bojkott-miatt-e-kereskedelem\\\/#breadcrumb\",\"itemListElement\":[{\"@type\":\"ListItem\",\"position\":1,\"name\":\"\u0413\u043b\u0430\u0432\u043d\u0430\u044f \u0441\u0442\u0440\u0430\u043d\u0438\u0446\u0430\",\"item\":\"https:\\\/\\\/super-news.info\\\/hu\\\/\"},{\"@type\":\"ListItem\",\"position\":2,\"name\":\"Kezd komoly bajba ker\u00fclni a Huawei az amerikai bojkott miatt &#8211; E-kereskedelem\"}]},{\"@type\":\"WebSite\",\"@id\":\"https:\\\/\\\/super-news.info\\\/hu\\\/#website\",\"url\":\"https:\\\/\\\/super-news.info\\\/hu\\\/\",\"name\":\"Super News\",\"description\":\"Super News Magyarorsz\u00e1g\",\"potentialAction\":[{\"@type\":\"SearchAction\",\"target\":{\"@type\":\"EntryPoint\",\"urlTemplate\":\"https:\\\/\\\/super-news.info\\\/hu\\\/?s={search_term_string}\"},\"query-input\":{\"@type\":\"PropertyValueSpecification\",\"valueRequired\":true,\"valueName\":\"search_term_string\"}}],\"inLanguage\":\"hu\"},{\"@type\":\"Person\",\"@id\":\"https:\\\/\\\/super-news.info\\\/hu\\\/#\\\/schema\\\/person\\\/2d4068cb2f39cd10008c2fce578a7356\",\"name\":\"super-news\",\"image\":{\"@type\":\"ImageObject\",\"inLanguage\":\"hu\",\"@id\":\"https:\\\/\\\/secure.gravatar.com\\\/avatar\\\/64ebac40b93f26a154f8a9b5b6fdccfc46f442b26b3dd6756dbff3bf9dc76fd7?s=96&d=mm&r=g\",\"url\":\"https:\\\/\\\/secure.gravatar.com\\\/avatar\\\/64ebac40b93f26a154f8a9b5b6fdccfc46f442b26b3dd6756dbff3bf9dc76fd7?s=96&d=mm&r=g\",\"contentUrl\":\"https:\\\/\\\/secure.gravatar.com\\\/avatar\\\/64ebac40b93f26a154f8a9b5b6fdccfc46f442b26b3dd6756dbff3bf9dc76fd7?s=96&d=mm&r=g\",\"caption\":\"super-news\"},\"url\":\"https:\\\/\\\/super-news.info\\\/hu\\\/author\\\/pt\\\/\"}]}<\/script>\n<!-- \/ Yoast SEO plugin. -->","yoast_head_json":{"title":"Kezd komoly bajba ker\u00fclni a Huawei az amerikai bojkott miatt - E-kereskedelem - Super News","robots":{"index":"index","follow":"follow","max-snippet":"max-snippet:-1","max-image-preview":"max-image-preview:large","max-video-preview":"max-video-preview:-1"},"canonical":"https:\/\/super-news.info\/hu\/kezd-komoly-bajba-kerulni-a-huawei-az-amerikai-bojkott-miatt-e-kereskedelem\/","og_locale":"hu_HU","og_type":"article","og_title":"Kezd komoly bajba ker\u00fclni a Huawei az amerikai bojkott miatt - E-kereskedelem - Super News","og_description":"[ad_1] A jap\u00e1n tulajdon\u00fa ARM gy\u00e1rtja a Huawei mobiltelefon chipjeit. Miut\u00e1n vas\u00e1rnap a Google le\u00e1ll\u00edtotta a k\u00ednai c\u00e9g andoidos jogosults\u00e1gait, sorra p\u00e1rtolnak el a Huaweit\u0151l a partnerek. \u00dajabb c\u00e9gt\u0151l kapott pofont a Huawei. Miut\u00e1n vas\u00e1rnap kider\u00fclt, hogy a Google elveszi a k\u00ednai c\u00e9gt\u0151l az Androidot, az Intel, a Qualcomm \u00e9s m\u00e1s c\u00e9gek is bejelentett\u00e9k, nem [&hellip;]","og_url":"https:\/\/super-news.info\/hu\/kezd-komoly-bajba-kerulni-a-huawei-az-amerikai-bojkott-miatt-e-kereskedelem\/","og_site_name":"Super News","article_published_time":"2019-05-24T08:46:15+00:00","article_modified_time":"2019-05-24T08:46:16+00:00","og_image":[{"width":2508,"height":1672,"url":"https:\/\/super-news.info\/hu\/wp-content\/uploads\/sites\/3\/2019\/05\/Kezd-komoly-bajba-ker\u00fclni-a-Huawei-az-amerikai-bojkott-miatt.jpg","type":"image\/jpeg"}],"author":"super-news","twitter_card":"summary_large_image","twitter_misc":{"Szerz\u0151:":"super-news","Becs\u00fclt olvas\u00e1si id\u0151":"2 perc"},"schema":{"@context":"https:\/\/schema.org","@graph":[{"@type":"Article","@id":"https:\/\/super-news.info\/hu\/kezd-komoly-bajba-kerulni-a-huawei-az-amerikai-bojkott-miatt-e-kereskedelem\/#article","isPartOf":{"@id":"https:\/\/super-news.info\/hu\/kezd-komoly-bajba-kerulni-a-huawei-az-amerikai-bojkott-miatt-e-kereskedelem\/"},"author":{"name":"super-news","@id":"https:\/\/super-news.info\/hu\/#\/schema\/person\/2d4068cb2f39cd10008c2fce578a7356"},"headline":"Kezd komoly bajba ker\u00fclni a Huawei az amerikai bojkott miatt &#8211; E-kereskedelem","datePublished":"2019-05-24T08:46:15+00:00","dateModified":"2019-05-24T08:46:16+00:00","mainEntityOfPage":{"@id":"https:\/\/super-news.info\/hu\/kezd-komoly-bajba-kerulni-a-huawei-az-amerikai-bojkott-miatt-e-kereskedelem\/"},"wordCount":435,"commentCount":0,"image":{"@id":"https:\/\/super-news.info\/hu\/kezd-komoly-bajba-kerulni-a-huawei-az-amerikai-bojkott-miatt-e-kereskedelem\/#primaryimage"},"thumbnailUrl":"https:\/\/super-news.info\/hu\/wp-content\/uploads\/sites\/3\/2019\/05\/Kezd-komoly-bajba-ker\u00fclni-a-Huawei-az-amerikai-bojkott-miatt.jpg","articleSection":["DIGIT\u00c1LIS MARKETING H\u00cdREK"],"inLanguage":"hu","potentialAction":[{"@type":"CommentAction","name":"Comment","target":["https:\/\/super-news.info\/hu\/kezd-komoly-bajba-kerulni-a-huawei-az-amerikai-bojkott-miatt-e-kereskedelem\/#respond"]}]},{"@type":"WebPage","@id":"https:\/\/super-news.info\/hu\/kezd-komoly-bajba-kerulni-a-huawei-az-amerikai-bojkott-miatt-e-kereskedelem\/","url":"https:\/\/super-news.info\/hu\/kezd-komoly-bajba-kerulni-a-huawei-az-amerikai-bojkott-miatt-e-kereskedelem\/","name":"Kezd komoly bajba ker\u00fclni a Huawei az amerikai bojkott miatt - E-kereskedelem - Super News","isPartOf":{"@id":"https:\/\/super-news.info\/hu\/#website"},"primaryImageOfPage":{"@id":"https:\/\/super-news.info\/hu\/kezd-komoly-bajba-kerulni-a-huawei-az-amerikai-bojkott-miatt-e-kereskedelem\/#primaryimage"},"image":{"@id":"https:\/\/super-news.info\/hu\/kezd-komoly-bajba-kerulni-a-huawei-az-amerikai-bojkott-miatt-e-kereskedelem\/#primaryimage"},"thumbnailUrl":"https:\/\/super-news.info\/hu\/wp-content\/uploads\/sites\/3\/2019\/05\/Kezd-komoly-bajba-ker\u00fclni-a-Huawei-az-amerikai-bojkott-miatt.jpg","datePublished":"2019-05-24T08:46:15+00:00","dateModified":"2019-05-24T08:46:16+00:00","author":{"@id":"https:\/\/super-news.info\/hu\/#\/schema\/person\/2d4068cb2f39cd10008c2fce578a7356"},"breadcrumb":{"@id":"https:\/\/super-news.info\/hu\/kezd-komoly-bajba-kerulni-a-huawei-az-amerikai-bojkott-miatt-e-kereskedelem\/#breadcrumb"},"inLanguage":"hu","potentialAction":[{"@type":"ReadAction","target":["https:\/\/super-news.info\/hu\/kezd-komoly-bajba-kerulni-a-huawei-az-amerikai-bojkott-miatt-e-kereskedelem\/"]}]},{"@type":"ImageObject","inLanguage":"hu","@id":"https:\/\/super-news.info\/hu\/kezd-komoly-bajba-kerulni-a-huawei-az-amerikai-bojkott-miatt-e-kereskedelem\/#primaryimage","url":"https:\/\/super-news.info\/hu\/wp-content\/uploads\/sites\/3\/2019\/05\/Kezd-komoly-bajba-ker\u00fclni-a-Huawei-az-amerikai-bojkott-miatt.jpg","contentUrl":"https:\/\/super-news.info\/hu\/wp-content\/uploads\/sites\/3\/2019\/05\/Kezd-komoly-bajba-ker\u00fclni-a-Huawei-az-amerikai-bojkott-miatt.jpg","width":2508,"height":1672,"caption":"Kezd komoly bajba ker\u00fclni a Huawei az amerikai bojkott miatt - E-kereskedelem"},{"@type":"BreadcrumbList","@id":"https:\/\/super-news.info\/hu\/kezd-komoly-bajba-kerulni-a-huawei-az-amerikai-bojkott-miatt-e-kereskedelem\/#breadcrumb","itemListElement":[{"@type":"ListItem","position":1,"name":"\u0413\u043b\u0430\u0432\u043d\u0430\u044f \u0441\u0442\u0440\u0430\u043d\u0438\u0446\u0430","item":"https:\/\/super-news.info\/hu\/"},{"@type":"ListItem","position":2,"name":"Kezd komoly bajba ker\u00fclni a Huawei az amerikai bojkott miatt &#8211; E-kereskedelem"}]},{"@type":"WebSite","@id":"https:\/\/super-news.info\/hu\/#website","url":"https:\/\/super-news.info\/hu\/","name":"Super News","description":"Super News Magyarorsz\u00e1g","potentialAction":[{"@type":"SearchAction","target":{"@type":"EntryPoint","urlTemplate":"https:\/\/super-news.info\/hu\/?s={search_term_string}"},"query-input":{"@type":"PropertyValueSpecification","valueRequired":true,"valueName":"search_term_string"}}],"inLanguage":"hu"},{"@type":"Person","@id":"https:\/\/super-news.info\/hu\/#\/schema\/person\/2d4068cb2f39cd10008c2fce578a7356","name":"super-news","image":{"@type":"ImageObject","inLanguage":"hu","@id":"https:\/\/secure.gravatar.com\/avatar\/64ebac40b93f26a154f8a9b5b6fdccfc46f442b26b3dd6756dbff3bf9dc76fd7?s=96&d=mm&r=g","url":"https:\/\/secure.gravatar.com\/avatar\/64ebac40b93f26a154f8a9b5b6fdccfc46f442b26b3dd6756dbff3bf9dc76fd7?s=96&d=mm&r=g","contentUrl":"https:\/\/secure.gravatar.com\/avatar\/64ebac40b93f26a154f8a9b5b6fdccfc46f442b26b3dd6756dbff3bf9dc76fd7?s=96&d=mm&r=g","caption":"super-news"},"url":"https:\/\/super-news.info\/hu\/author\/pt\/"}]}},"_links":{"self":[{"href":"https:\/\/super-news.info\/hu\/wp-json\/wp\/v2\/posts\/2608","targetHints":{"allow":["GET"]}}],"collection":[{"href":"https:\/\/super-news.info\/hu\/wp-json\/wp\/v2\/posts"}],"about":[{"href":"https:\/\/super-news.info\/hu\/wp-json\/wp\/v2\/types\/post"}],"author":[{"embeddable":true,"href":"https:\/\/super-news.info\/hu\/wp-json\/wp\/v2\/users\/2"}],"replies":[{"embeddable":true,"href":"https:\/\/super-news.info\/hu\/wp-json\/wp\/v2\/comments?post=2608"}],"version-history":[{"count":1,"href":"https:\/\/super-news.info\/hu\/wp-json\/wp\/v2\/posts\/2608\/revisions"}],"predecessor-version":[{"id":2610,"href":"https:\/\/super-news.info\/hu\/wp-json\/wp\/v2\/posts\/2608\/revisions\/2610"}],"wp:featuredmedia":[{"embeddable":true,"href":"https:\/\/super-news.info\/hu\/wp-json\/wp\/v2\/media\/2609"}],"wp:attachment":[{"href":"https:\/\/super-news.info\/hu\/wp-json\/wp\/v2\/media?parent=2608"}],"wp:term":[{"taxonomy":"category","embeddable":true,"href":"https:\/\/super-news.info\/hu\/wp-json\/wp\/v2\/categories?post=2608"},{"taxonomy":"post_tag","embeddable":true,"href":"https:\/\/super-news.info\/hu\/wp-json\/wp\/v2\/tags?post=2608"}],"curies":[{"name":"wp","href":"https:\/\/api.w.org\/{rel}","templated":true}]}}