{"id":2582,"date":"2019-05-24T00:11:24","date_gmt":"2019-05-23T21:11:24","guid":{"rendered":"https:\/\/super-news.info\/hu\/maskepp-szol-majd-a-radio-1-videken-media\/"},"modified":"2019-05-24T00:11:27","modified_gmt":"2019-05-23T21:11:27","slug":"maskepp-szol-majd-a-radio-1-videken-media","status":"publish","type":"post","link":"https:\/\/super-news.info\/hu\/maskepp-szol-majd-a-radio-1-videken-media\/","title":{"rendered":"M\u00e1sk\u00e9pp sz\u00f3l majd a R\u00e1di\u00f3 1 vid\u00e9ken &#8211; M\u00e9dia"},"content":{"rendered":"<p> [ad_1]<br \/>\n<\/p>\n<p>T\u00f6bb r\u00e1di\u00f3s frekvenci\u00e1r\u00f3l is d\u00f6nt\u00f6tt a M\u00e9diatan\u00e1cs &#8211; k\u00f6z\u00f6lte a Nemzeti M\u00e9dia- \u00e9s H\u00edrk\u00f6zl\u00e9si Hat\u00f3s\u00e1g (NMHH) cs\u00fct\u00f6rt\u00f6k\u00f6n az MTI-vel.<\/p>\n<div id=\"article_text\">\n<p>A k\u00f6zlem\u00e9ny szerint a kisk\u00f6z\u00f6ss\u00e9gi r\u00e1di\u00f3s m\u00e9diaszolg\u00e1ltat\u00e1si lehet\u0151s\u00e9gek elvi haszn\u00e1lat\u00e1ra ki\u00edrt r\u00e1di\u00f3s p\u00e1ly\u00e1zaton a tartalmi vizsg\u00e1lat ut\u00e1n a Si\u00f3fok-Fokihegy telephelyre jelentkez\u0151 Balaton R\u00e1di\u00f3 Kft.-t nyertesnek nyilv\u00e1n\u00edtotta a test\u00fclet. A jogosults\u00e1g legfeljebb h\u00e1rom \u00e9vre sz\u00f3l, de a m\u00e9diat\u00f6rv\u00e9nyben foglalt felt\u00e9telek teljes\u00fcl\u00e9se eset\u00e9n tov\u00e1bbi \u00f6t \u00e9vre meg\u00faj\u00edthat\u00f3. <\/p>\n<p>Az alaki vizsg\u00e1latok eredm\u00e9nyek\u00e9nt a test\u00fclet nyilv\u00e1ntart\u00e1sba vette a Kis\u00fajsz\u00e1ll\u00e1s 103,2 MHz helyi frekvencia p\u00e1ly\u00e1zat\u00e1n az egyed\u00fclik\u00e9nt p\u00e1ly\u00e1z\u00f3 Magyar Katolikus R\u00e1di\u00f3 Alap\u00edtv\u00e1nyt.<\/p>\n<p>A test\u00fclet v\u00e9gleges\u00edtette \u00e9s a honlapj\u00e1n m\u00e1jus 23-\u00e1n k\u00f6zz\u00e9tette a jelenleg haszn\u00e1laton k\u00edv\u00fcli Szombathely 97,1 MHz-es \u00e9s Keszthely 93,4 MHz-es helyi r\u00e1di\u00f3s frekvenci\u00e1k k\u00f6z\u00f6ss\u00e9gi jelleg\u0171 haszn\u00e1lat\u00e1ra ki\u00edrt p\u00e1ly\u00e1zati felh\u00edv\u00e1sait. A p\u00e1ly\u00e1zati aj\u00e1nlatokat j\u00fanius 24-\u00e9n \u00e9s 27-\u00e9n lehet majd beny\u00fajtani.<\/p>\n<p><strong>Eger \u00e9s Hatvan <\/strong><\/p>\n<p>A M\u00e9diatan\u00e1cs elfogadta k\u00e9t r\u00e1di\u00f3s frekvencia k\u00f6z\u00f6ss\u00e9gi jelleg\u0171 haszn\u00e1lat\u00e1ra sz\u00f3l\u00f3 p\u00e1ly\u00e1zati felh\u00edv\u00e1s tervezet\u00e9t is \u00e9s p\u00e9nteken v\u00e9lem\u00e9nyez\u00e9sre k\u00f6zz\u00e9teszi azokat honlapj\u00e1n, miut\u00e1n a k\u00f6rzeti v\u00e9telk\u00f6rzet\u0171 Eger 91,8 MHz-en \u00e9s a helyi Hatvan 94,0 MHz-en a jelenlegi szolg\u00e1ltat\u00f3 jogosults\u00e1ga id\u00e9n decemberben lej\u00e1r. <\/p>\n<p>A szolg\u00e1ltat\u00f3 k\u00e9relm\u00e9re hozz\u00e1j\u00e1rult a M\u00e9diatan\u00e1cs a Gong FM hat\u00f3s\u00e1gi szerz\u0151d\u00e9s\u00e9nek m\u00f3dos\u00edt\u00e1s\u00e1hoz, \u00edgy megv\u00e1ltoznak a szolg\u00e1ltat\u00f3 m\u0171sortervi v\u00e1llal\u00e1sai: egyebek mellett kevesebb k\u00f6zszolg\u00e1lati tartalmat \u00e9s h\u00edrm\u0171sort sug\u00e1roz majd a r\u00e1di\u00f3. A szolg\u00e1ltat\u00f3 kereskedelmi jelleg\u00e9re hivatkozva k\u00e9rte a m\u00f3dos\u00edt\u00e1sokat.<\/p>\n<p><strong>A R\u00e1di\u00f3 1 vid\u00e9ken<\/strong><\/p>\n<p>A Budapest 96,4 MHz-cel h\u00e1l\u00f3zatba kapcsol\u00f3dott bajai, paksi, szeksz\u00e1rdi, tiszaf\u00fcredi, ab\u00e1dszal\u00f3ki, nagykanizsai, egri, salg\u00f3tarj\u00e1ni, gy\u0151ri, hajd\u00fab\u00f6sz\u00f6rm\u00e9nyi, hajd\u00faszoboszl\u00f3i, hajd\u00fan\u00e1n\u00e1si, derecskei keszthelyi, szolnoki, tatab\u00e1nyai, veszpr\u00e9mi, miskolci \u00e9s hevesi R\u00e1di\u00f3 1 szolg\u00e1ltat\u00f3inak k\u00e9relm\u00e9re a test\u00fclet enged\u00e9lyezte, hogy a h\u00e1l\u00f3zatba kapcsol\u00f3d\u00f3 m\u00e9diaszolg\u00e1ltat\u00e1sok a napi 4 \u00f3ra 40 perces saj\u00e1t m\u0171sorid\u0151 eloszl\u00e1s\u00e1t m\u00f3dos\u00edts\u00e1k, \u00edgy j\u00fanius 1-j\u00e9t\u0151l a helyi tartalmakat 12 \u00e9s 14 \u00f3ra k\u00f6z\u00f6tt teszik k\u00f6zz\u00e9.<\/p>\n<p>(MTI)<\/p>\n<p><em><em style=\"color: #171717; font-size: 16px;\"><em><strong><em><em><em><em>K\u00f6vesd az oldalunkat a\u00a0<strong>Facebook-on<\/strong> \u00e9s a\u00a0<strong><a href=\"https:\/\/twitter.com\/digitalhungary\" target=\"_blank\" rel=\"noopener noreferrer\">Twitteren<\/a><\/strong> is!<\/em><\/em><\/em><\/em><\/strong><\/em><\/em><\/em><\/p>\n<\/div>\n<p><script async src=\"http:\/\/platform.twitter.com\/widgets.js\" charset=\"utf-8\"><\/script><br \/>\n<br \/>[ad_2]<br \/>\n<br \/><a href=\"https:\/\/www.digitalhungary.hu\/media\/Maskepp-szol-majd-a-Radio-1-videken\/8632\/\">Source link <\/a><\/p>\n","protected":false},"excerpt":{"rendered":"<p>[ad_1] T\u00f6bb r\u00e1di\u00f3s frekvenci\u00e1r\u00f3l is d\u00f6nt\u00f6tt a M\u00e9diatan\u00e1cs &#8211; k\u00f6z\u00f6lte a Nemzeti M\u00e9dia- \u00e9s H\u00edrk\u00f6zl\u00e9si Hat\u00f3s\u00e1g (NMHH) cs\u00fct\u00f6rt\u00f6k\u00f6n az MTI-vel. A k\u00f6zlem\u00e9ny szerint a kisk\u00f6z\u00f6ss\u00e9gi r\u00e1di\u00f3s m\u00e9diaszolg\u00e1ltat\u00e1si lehet\u0151s\u00e9gek elvi haszn\u00e1lat\u00e1ra ki\u00edrt r\u00e1di\u00f3s p\u00e1ly\u00e1zaton a tartalmi vizsg\u00e1lat ut\u00e1n a Si\u00f3fok-Fokihegy telephelyre jelentkez\u0151 Balaton R\u00e1di\u00f3 Kft.-t nyertesnek nyilv\u00e1n\u00edtotta a test\u00fclet. A jogosults\u00e1g legfeljebb h\u00e1rom \u00e9vre sz\u00f3l, de [&hellip;]<\/p>\n","protected":false},"author":2,"featured_media":2583,"comment_status":"open","ping_status":"open","sticky":false,"template":"","format":"standard","meta":{"footnotes":""},"categories":[2],"tags":[],"class_list":["post-2582","post","type-post","status-publish","format-standard","has-post-thumbnail","hentry","category-digitalis-marketing-hirek"],"yoast_head":"<!-- This site is optimized with the Yoast SEO plugin v27.4 - https:\/\/yoast.com\/product\/yoast-seo-wordpress\/ -->\n<title>M\u00e1sk\u00e9pp sz\u00f3l majd a R\u00e1di\u00f3 1 vid\u00e9ken - M\u00e9dia - Super News<\/title>\n<meta name=\"robots\" content=\"index, follow, max-snippet:-1, max-image-preview:large, max-video-preview:-1\" \/>\n<link rel=\"canonical\" href=\"https:\/\/super-news.info\/hu\/maskepp-szol-majd-a-radio-1-videken-media\/\" \/>\n<meta property=\"og:locale\" content=\"hu_HU\" \/>\n<meta property=\"og:type\" content=\"article\" \/>\n<meta property=\"og:title\" content=\"M\u00e1sk\u00e9pp sz\u00f3l majd a R\u00e1di\u00f3 1 vid\u00e9ken - M\u00e9dia - Super News\" \/>\n<meta property=\"og:description\" content=\"[ad_1] T\u00f6bb r\u00e1di\u00f3s frekvenci\u00e1r\u00f3l is d\u00f6nt\u00f6tt a M\u00e9diatan\u00e1cs &#8211; k\u00f6z\u00f6lte a Nemzeti M\u00e9dia- \u00e9s H\u00edrk\u00f6zl\u00e9si Hat\u00f3s\u00e1g (NMHH) cs\u00fct\u00f6rt\u00f6k\u00f6n az MTI-vel. A k\u00f6zlem\u00e9ny szerint a kisk\u00f6z\u00f6ss\u00e9gi r\u00e1di\u00f3s m\u00e9diaszolg\u00e1ltat\u00e1si lehet\u0151s\u00e9gek elvi haszn\u00e1lat\u00e1ra ki\u00edrt r\u00e1di\u00f3s p\u00e1ly\u00e1zaton a tartalmi vizsg\u00e1lat ut\u00e1n a Si\u00f3fok-Fokihegy telephelyre jelentkez\u0151 Balaton R\u00e1di\u00f3 Kft.-t nyertesnek nyilv\u00e1n\u00edtotta a test\u00fclet. A jogosults\u00e1g legfeljebb h\u00e1rom \u00e9vre sz\u00f3l, de [&hellip;]\" \/>\n<meta property=\"og:url\" content=\"https:\/\/super-news.info\/hu\/maskepp-szol-majd-a-radio-1-videken-media\/\" \/>\n<meta property=\"og:site_name\" content=\"Super News\" \/>\n<meta property=\"article:published_time\" content=\"2019-05-23T21:11:24+00:00\" \/>\n<meta property=\"article:modified_time\" content=\"2019-05-23T21:11:27+00:00\" \/>\n<meta property=\"og:image\" content=\"https:\/\/super-news.info\/hu\/wp-content\/uploads\/sites\/3\/2019\/05\/M\u00e1sk\u00e9pp-sz\u00f3l-majd-a-R\u00e1di\u00f3-1-vid\u00e9ken-M\u00e9dia-1024x678.jpg\" \/>\n\t<meta property=\"og:image:width\" content=\"1024\" \/>\n\t<meta property=\"og:image:height\" content=\"678\" \/>\n\t<meta property=\"og:image:type\" content=\"image\/jpeg\" \/>\n<meta name=\"author\" content=\"super-news\" \/>\n<meta name=\"twitter:card\" content=\"summary_large_image\" \/>\n<meta name=\"twitter:label1\" content=\"Szerz\u0151:\" \/>\n\t<meta name=\"twitter:data1\" content=\"super-news\" \/>\n\t<meta name=\"twitter:label2\" content=\"Becs\u00fclt olvas\u00e1si id\u0151\" \/>\n\t<meta name=\"twitter:data2\" content=\"2 perc\" \/>\n<script type=\"application\/ld+json\" class=\"yoast-schema-graph\">{\"@context\":\"https:\\\/\\\/schema.org\",\"@graph\":[{\"@type\":\"Article\",\"@id\":\"https:\\\/\\\/super-news.info\\\/hu\\\/maskepp-szol-majd-a-radio-1-videken-media\\\/#article\",\"isPartOf\":{\"@id\":\"https:\\\/\\\/super-news.info\\\/hu\\\/maskepp-szol-majd-a-radio-1-videken-media\\\/\"},\"author\":{\"name\":\"super-news\",\"@id\":\"https:\\\/\\\/super-news.info\\\/hu\\\/#\\\/schema\\\/person\\\/2d4068cb2f39cd10008c2fce578a7356\"},\"headline\":\"M\u00e1sk\u00e9pp sz\u00f3l majd a R\u00e1di\u00f3 1 vid\u00e9ken &#8211; M\u00e9dia\",\"datePublished\":\"2019-05-23T21:11:24+00:00\",\"dateModified\":\"2019-05-23T21:11:27+00:00\",\"mainEntityOfPage\":{\"@id\":\"https:\\\/\\\/super-news.info\\\/hu\\\/maskepp-szol-majd-a-radio-1-videken-media\\\/\"},\"wordCount\":511,\"commentCount\":0,\"image\":{\"@id\":\"https:\\\/\\\/super-news.info\\\/hu\\\/maskepp-szol-majd-a-radio-1-videken-media\\\/#primaryimage\"},\"thumbnailUrl\":\"https:\\\/\\\/super-news.info\\\/hu\\\/wp-content\\\/uploads\\\/sites\\\/3\\\/2019\\\/05\\\/M\u00e1sk\u00e9pp-sz\u00f3l-majd-a-R\u00e1di\u00f3-1-vid\u00e9ken-M\u00e9dia.jpg\",\"articleSection\":[\"DIGIT\u00c1LIS MARKETING H\u00cdREK\"],\"inLanguage\":\"hu\",\"potentialAction\":[{\"@type\":\"CommentAction\",\"name\":\"Comment\",\"target\":[\"https:\\\/\\\/super-news.info\\\/hu\\\/maskepp-szol-majd-a-radio-1-videken-media\\\/#respond\"]}]},{\"@type\":\"WebPage\",\"@id\":\"https:\\\/\\\/super-news.info\\\/hu\\\/maskepp-szol-majd-a-radio-1-videken-media\\\/\",\"url\":\"https:\\\/\\\/super-news.info\\\/hu\\\/maskepp-szol-majd-a-radio-1-videken-media\\\/\",\"name\":\"M\u00e1sk\u00e9pp sz\u00f3l majd a R\u00e1di\u00f3 1 vid\u00e9ken - M\u00e9dia - Super News\",\"isPartOf\":{\"@id\":\"https:\\\/\\\/super-news.info\\\/hu\\\/#website\"},\"primaryImageOfPage\":{\"@id\":\"https:\\\/\\\/super-news.info\\\/hu\\\/maskepp-szol-majd-a-radio-1-videken-media\\\/#primaryimage\"},\"image\":{\"@id\":\"https:\\\/\\\/super-news.info\\\/hu\\\/maskepp-szol-majd-a-radio-1-videken-media\\\/#primaryimage\"},\"thumbnailUrl\":\"https:\\\/\\\/super-news.info\\\/hu\\\/wp-content\\\/uploads\\\/sites\\\/3\\\/2019\\\/05\\\/M\u00e1sk\u00e9pp-sz\u00f3l-majd-a-R\u00e1di\u00f3-1-vid\u00e9ken-M\u00e9dia.jpg\",\"datePublished\":\"2019-05-23T21:11:24+00:00\",\"dateModified\":\"2019-05-23T21:11:27+00:00\",\"author\":{\"@id\":\"https:\\\/\\\/super-news.info\\\/hu\\\/#\\\/schema\\\/person\\\/2d4068cb2f39cd10008c2fce578a7356\"},\"breadcrumb\":{\"@id\":\"https:\\\/\\\/super-news.info\\\/hu\\\/maskepp-szol-majd-a-radio-1-videken-media\\\/#breadcrumb\"},\"inLanguage\":\"hu\",\"potentialAction\":[{\"@type\":\"ReadAction\",\"target\":[\"https:\\\/\\\/super-news.info\\\/hu\\\/maskepp-szol-majd-a-radio-1-videken-media\\\/\"]}]},{\"@type\":\"ImageObject\",\"inLanguage\":\"hu\",\"@id\":\"https:\\\/\\\/super-news.info\\\/hu\\\/maskepp-szol-majd-a-radio-1-videken-media\\\/#primaryimage\",\"url\":\"https:\\\/\\\/super-news.info\\\/hu\\\/wp-content\\\/uploads\\\/sites\\\/3\\\/2019\\\/05\\\/M\u00e1sk\u00e9pp-sz\u00f3l-majd-a-R\u00e1di\u00f3-1-vid\u00e9ken-M\u00e9dia.jpg\",\"contentUrl\":\"https:\\\/\\\/super-news.info\\\/hu\\\/wp-content\\\/uploads\\\/sites\\\/3\\\/2019\\\/05\\\/M\u00e1sk\u00e9pp-sz\u00f3l-majd-a-R\u00e1di\u00f3-1-vid\u00e9ken-M\u00e9dia.jpg\",\"width\":2516,\"height\":1667,\"caption\":\"M\u00e1sk\u00e9pp sz\u00f3l majd a R\u00e1di\u00f3 1 vid\u00e9ken - M\u00e9dia\"},{\"@type\":\"BreadcrumbList\",\"@id\":\"https:\\\/\\\/super-news.info\\\/hu\\\/maskepp-szol-majd-a-radio-1-videken-media\\\/#breadcrumb\",\"itemListElement\":[{\"@type\":\"ListItem\",\"position\":1,\"name\":\"\u0413\u043b\u0430\u0432\u043d\u0430\u044f \u0441\u0442\u0440\u0430\u043d\u0438\u0446\u0430\",\"item\":\"https:\\\/\\\/super-news.info\\\/hu\\\/\"},{\"@type\":\"ListItem\",\"position\":2,\"name\":\"M\u00e1sk\u00e9pp sz\u00f3l majd a R\u00e1di\u00f3 1 vid\u00e9ken &#8211; M\u00e9dia\"}]},{\"@type\":\"WebSite\",\"@id\":\"https:\\\/\\\/super-news.info\\\/hu\\\/#website\",\"url\":\"https:\\\/\\\/super-news.info\\\/hu\\\/\",\"name\":\"Super News\",\"description\":\"Super News Magyarorsz\u00e1g\",\"potentialAction\":[{\"@type\":\"SearchAction\",\"target\":{\"@type\":\"EntryPoint\",\"urlTemplate\":\"https:\\\/\\\/super-news.info\\\/hu\\\/?s={search_term_string}\"},\"query-input\":{\"@type\":\"PropertyValueSpecification\",\"valueRequired\":true,\"valueName\":\"search_term_string\"}}],\"inLanguage\":\"hu\"},{\"@type\":\"Person\",\"@id\":\"https:\\\/\\\/super-news.info\\\/hu\\\/#\\\/schema\\\/person\\\/2d4068cb2f39cd10008c2fce578a7356\",\"name\":\"super-news\",\"image\":{\"@type\":\"ImageObject\",\"inLanguage\":\"hu\",\"@id\":\"https:\\\/\\\/secure.gravatar.com\\\/avatar\\\/64ebac40b93f26a154f8a9b5b6fdccfc46f442b26b3dd6756dbff3bf9dc76fd7?s=96&d=mm&r=g\",\"url\":\"https:\\\/\\\/secure.gravatar.com\\\/avatar\\\/64ebac40b93f26a154f8a9b5b6fdccfc46f442b26b3dd6756dbff3bf9dc76fd7?s=96&d=mm&r=g\",\"contentUrl\":\"https:\\\/\\\/secure.gravatar.com\\\/avatar\\\/64ebac40b93f26a154f8a9b5b6fdccfc46f442b26b3dd6756dbff3bf9dc76fd7?s=96&d=mm&r=g\",\"caption\":\"super-news\"},\"url\":\"https:\\\/\\\/super-news.info\\\/hu\\\/author\\\/pt\\\/\"}]}<\/script>\n<!-- \/ Yoast SEO plugin. -->","yoast_head_json":{"title":"M\u00e1sk\u00e9pp sz\u00f3l majd a R\u00e1di\u00f3 1 vid\u00e9ken - M\u00e9dia - Super News","robots":{"index":"index","follow":"follow","max-snippet":"max-snippet:-1","max-image-preview":"max-image-preview:large","max-video-preview":"max-video-preview:-1"},"canonical":"https:\/\/super-news.info\/hu\/maskepp-szol-majd-a-radio-1-videken-media\/","og_locale":"hu_HU","og_type":"article","og_title":"M\u00e1sk\u00e9pp sz\u00f3l majd a R\u00e1di\u00f3 1 vid\u00e9ken - M\u00e9dia - Super News","og_description":"[ad_1] T\u00f6bb r\u00e1di\u00f3s frekvenci\u00e1r\u00f3l is d\u00f6nt\u00f6tt a M\u00e9diatan\u00e1cs &#8211; k\u00f6z\u00f6lte a Nemzeti M\u00e9dia- \u00e9s H\u00edrk\u00f6zl\u00e9si Hat\u00f3s\u00e1g (NMHH) cs\u00fct\u00f6rt\u00f6k\u00f6n az MTI-vel. A k\u00f6zlem\u00e9ny szerint a kisk\u00f6z\u00f6ss\u00e9gi r\u00e1di\u00f3s m\u00e9diaszolg\u00e1ltat\u00e1si lehet\u0151s\u00e9gek elvi haszn\u00e1lat\u00e1ra ki\u00edrt r\u00e1di\u00f3s p\u00e1ly\u00e1zaton a tartalmi vizsg\u00e1lat ut\u00e1n a Si\u00f3fok-Fokihegy telephelyre jelentkez\u0151 Balaton R\u00e1di\u00f3 Kft.-t nyertesnek nyilv\u00e1n\u00edtotta a test\u00fclet. A jogosults\u00e1g legfeljebb h\u00e1rom \u00e9vre sz\u00f3l, de [&hellip;]","og_url":"https:\/\/super-news.info\/hu\/maskepp-szol-majd-a-radio-1-videken-media\/","og_site_name":"Super News","article_published_time":"2019-05-23T21:11:24+00:00","article_modified_time":"2019-05-23T21:11:27+00:00","og_image":[{"width":1024,"height":678,"url":"https:\/\/super-news.info\/hu\/wp-content\/uploads\/sites\/3\/2019\/05\/M\u00e1sk\u00e9pp-sz\u00f3l-majd-a-R\u00e1di\u00f3-1-vid\u00e9ken-M\u00e9dia-1024x678.jpg","type":"image\/jpeg"}],"author":"super-news","twitter_card":"summary_large_image","twitter_misc":{"Szerz\u0151:":"super-news","Becs\u00fclt olvas\u00e1si id\u0151":"2 perc"},"schema":{"@context":"https:\/\/schema.org","@graph":[{"@type":"Article","@id":"https:\/\/super-news.info\/hu\/maskepp-szol-majd-a-radio-1-videken-media\/#article","isPartOf":{"@id":"https:\/\/super-news.info\/hu\/maskepp-szol-majd-a-radio-1-videken-media\/"},"author":{"name":"super-news","@id":"https:\/\/super-news.info\/hu\/#\/schema\/person\/2d4068cb2f39cd10008c2fce578a7356"},"headline":"M\u00e1sk\u00e9pp sz\u00f3l majd a R\u00e1di\u00f3 1 vid\u00e9ken &#8211; M\u00e9dia","datePublished":"2019-05-23T21:11:24+00:00","dateModified":"2019-05-23T21:11:27+00:00","mainEntityOfPage":{"@id":"https:\/\/super-news.info\/hu\/maskepp-szol-majd-a-radio-1-videken-media\/"},"wordCount":511,"commentCount":0,"image":{"@id":"https:\/\/super-news.info\/hu\/maskepp-szol-majd-a-radio-1-videken-media\/#primaryimage"},"thumbnailUrl":"https:\/\/super-news.info\/hu\/wp-content\/uploads\/sites\/3\/2019\/05\/M\u00e1sk\u00e9pp-sz\u00f3l-majd-a-R\u00e1di\u00f3-1-vid\u00e9ken-M\u00e9dia.jpg","articleSection":["DIGIT\u00c1LIS MARKETING H\u00cdREK"],"inLanguage":"hu","potentialAction":[{"@type":"CommentAction","name":"Comment","target":["https:\/\/super-news.info\/hu\/maskepp-szol-majd-a-radio-1-videken-media\/#respond"]}]},{"@type":"WebPage","@id":"https:\/\/super-news.info\/hu\/maskepp-szol-majd-a-radio-1-videken-media\/","url":"https:\/\/super-news.info\/hu\/maskepp-szol-majd-a-radio-1-videken-media\/","name":"M\u00e1sk\u00e9pp sz\u00f3l majd a R\u00e1di\u00f3 1 vid\u00e9ken - M\u00e9dia - Super News","isPartOf":{"@id":"https:\/\/super-news.info\/hu\/#website"},"primaryImageOfPage":{"@id":"https:\/\/super-news.info\/hu\/maskepp-szol-majd-a-radio-1-videken-media\/#primaryimage"},"image":{"@id":"https:\/\/super-news.info\/hu\/maskepp-szol-majd-a-radio-1-videken-media\/#primaryimage"},"thumbnailUrl":"https:\/\/super-news.info\/hu\/wp-content\/uploads\/sites\/3\/2019\/05\/M\u00e1sk\u00e9pp-sz\u00f3l-majd-a-R\u00e1di\u00f3-1-vid\u00e9ken-M\u00e9dia.jpg","datePublished":"2019-05-23T21:11:24+00:00","dateModified":"2019-05-23T21:11:27+00:00","author":{"@id":"https:\/\/super-news.info\/hu\/#\/schema\/person\/2d4068cb2f39cd10008c2fce578a7356"},"breadcrumb":{"@id":"https:\/\/super-news.info\/hu\/maskepp-szol-majd-a-radio-1-videken-media\/#breadcrumb"},"inLanguage":"hu","potentialAction":[{"@type":"ReadAction","target":["https:\/\/super-news.info\/hu\/maskepp-szol-majd-a-radio-1-videken-media\/"]}]},{"@type":"ImageObject","inLanguage":"hu","@id":"https:\/\/super-news.info\/hu\/maskepp-szol-majd-a-radio-1-videken-media\/#primaryimage","url":"https:\/\/super-news.info\/hu\/wp-content\/uploads\/sites\/3\/2019\/05\/M\u00e1sk\u00e9pp-sz\u00f3l-majd-a-R\u00e1di\u00f3-1-vid\u00e9ken-M\u00e9dia.jpg","contentUrl":"https:\/\/super-news.info\/hu\/wp-content\/uploads\/sites\/3\/2019\/05\/M\u00e1sk\u00e9pp-sz\u00f3l-majd-a-R\u00e1di\u00f3-1-vid\u00e9ken-M\u00e9dia.jpg","width":2516,"height":1667,"caption":"M\u00e1sk\u00e9pp sz\u00f3l majd a R\u00e1di\u00f3 1 vid\u00e9ken - M\u00e9dia"},{"@type":"BreadcrumbList","@id":"https:\/\/super-news.info\/hu\/maskepp-szol-majd-a-radio-1-videken-media\/#breadcrumb","itemListElement":[{"@type":"ListItem","position":1,"name":"\u0413\u043b\u0430\u0432\u043d\u0430\u044f \u0441\u0442\u0440\u0430\u043d\u0438\u0446\u0430","item":"https:\/\/super-news.info\/hu\/"},{"@type":"ListItem","position":2,"name":"M\u00e1sk\u00e9pp sz\u00f3l majd a R\u00e1di\u00f3 1 vid\u00e9ken &#8211; M\u00e9dia"}]},{"@type":"WebSite","@id":"https:\/\/super-news.info\/hu\/#website","url":"https:\/\/super-news.info\/hu\/","name":"Super News","description":"Super News Magyarorsz\u00e1g","potentialAction":[{"@type":"SearchAction","target":{"@type":"EntryPoint","urlTemplate":"https:\/\/super-news.info\/hu\/?s={search_term_string}"},"query-input":{"@type":"PropertyValueSpecification","valueRequired":true,"valueName":"search_term_string"}}],"inLanguage":"hu"},{"@type":"Person","@id":"https:\/\/super-news.info\/hu\/#\/schema\/person\/2d4068cb2f39cd10008c2fce578a7356","name":"super-news","image":{"@type":"ImageObject","inLanguage":"hu","@id":"https:\/\/secure.gravatar.com\/avatar\/64ebac40b93f26a154f8a9b5b6fdccfc46f442b26b3dd6756dbff3bf9dc76fd7?s=96&d=mm&r=g","url":"https:\/\/secure.gravatar.com\/avatar\/64ebac40b93f26a154f8a9b5b6fdccfc46f442b26b3dd6756dbff3bf9dc76fd7?s=96&d=mm&r=g","contentUrl":"https:\/\/secure.gravatar.com\/avatar\/64ebac40b93f26a154f8a9b5b6fdccfc46f442b26b3dd6756dbff3bf9dc76fd7?s=96&d=mm&r=g","caption":"super-news"},"url":"https:\/\/super-news.info\/hu\/author\/pt\/"}]}},"_links":{"self":[{"href":"https:\/\/super-news.info\/hu\/wp-json\/wp\/v2\/posts\/2582","targetHints":{"allow":["GET"]}}],"collection":[{"href":"https:\/\/super-news.info\/hu\/wp-json\/wp\/v2\/posts"}],"about":[{"href":"https:\/\/super-news.info\/hu\/wp-json\/wp\/v2\/types\/post"}],"author":[{"embeddable":true,"href":"https:\/\/super-news.info\/hu\/wp-json\/wp\/v2\/users\/2"}],"replies":[{"embeddable":true,"href":"https:\/\/super-news.info\/hu\/wp-json\/wp\/v2\/comments?post=2582"}],"version-history":[{"count":1,"href":"https:\/\/super-news.info\/hu\/wp-json\/wp\/v2\/posts\/2582\/revisions"}],"predecessor-version":[{"id":2584,"href":"https:\/\/super-news.info\/hu\/wp-json\/wp\/v2\/posts\/2582\/revisions\/2584"}],"wp:featuredmedia":[{"embeddable":true,"href":"https:\/\/super-news.info\/hu\/wp-json\/wp\/v2\/media\/2583"}],"wp:attachment":[{"href":"https:\/\/super-news.info\/hu\/wp-json\/wp\/v2\/media?parent=2582"}],"wp:term":[{"taxonomy":"category","embeddable":true,"href":"https:\/\/super-news.info\/hu\/wp-json\/wp\/v2\/categories?post=2582"},{"taxonomy":"post_tag","embeddable":true,"href":"https:\/\/super-news.info\/hu\/wp-json\/wp\/v2\/tags?post=2582"}],"curies":[{"name":"wp","href":"https:\/\/api.w.org\/{rel}","templated":true}]}}