{"id":2535,"date":"2019-05-23T12:02:57","date_gmt":"2019-05-23T09:02:57","guid":{"rendered":"https:\/\/super-news.info\/hu\/repulesi-szokasok-merre-nyaralnak-a-magyarok-e-volution\/"},"modified":"2019-05-23T12:02:58","modified_gmt":"2019-05-23T09:02:58","slug":"repulesi-szokasok-merre-nyaralnak-a-magyarok-e-volution","status":"publish","type":"post","link":"https:\/\/super-news.info\/hu\/repulesi-szokasok-merre-nyaralnak-a-magyarok-e-volution\/","title":{"rendered":"Rep\u00fcl\u00e9si szok\u00e1sok: merre nyaralnak a magyarok? &#8211; E-volution"},"content":{"rendered":"<p> [ad_1]<br \/>\n<\/p>\n<p>A magyarok az ut\u00f3bbi \u00e9vekben egyre nagyobb lelkesed\u00e9ssel utaznak. Ebb\u0151l a cikkb\u0151l kider\u00fcl, hogy vajon v\u00e1ltozott-e Olaszorsz\u00e1g \u00e9s Horv\u00e1torsz\u00e1g n\u00e9pszer\u0171s\u00e9ge, vagy esetleg felf\u00e9rt-e mell\u00e9j\u00fck m\u00e9g n\u00e9h\u00e1ny orsz\u00e1g.<\/p>\n<div id=\"article_text\">\n<p><strong>Kik nyaralnak \u00e9s mikor?<\/strong><br \/>A statisztikai adatok m\u00e1r \u00e9vek \u00f3ta azt t\u00e1masztj\u00e1k al\u00e1, hogy a magyarok, ha nyaral\u00e1sr\u00f3l van sz\u00f3, \u00e1ltal\u00e1ban tengerpart mell\u00e9 utaznak el sz\u00edvesen. Ez az id\u0151tartam a f\u0151 utaz\u00e1si szezonban a legt\u00f6bb esetben 8 napot \u00e9s 7 \u00e9jszak\u00e1t jelent, amelyhez a menetrendszerinti \u00fcd\u00fcl\u0151j\u00e1ratok is igazodnak.<\/p>\n<p>Az elm\u00falt id\u0151szakban azonban a nyaral\u00e1s mellett megjelentek a kisebb belf\u00f6ldi utaz\u00e1sok is, amely \u00e1ltal\u00e1ban egy wellness h\u00e9tv\u00e9g\u00e9t takar. Az ilyen pihen\u00e9sek legink\u00e1bb a h\u0171v\u00f6sebb h\u00f3napokban mutatkoznak meg, hiszen az emberek hossz\u00fa h\u00e9tv\u00e9g\u00e9kre \u00e9s \u00fcnnepek k\u00f6zeli id\u0151pontokra \u00fctemezik ezeket. A wellness \u00fcd\u00fcl\u00e9sek r\u00f6videbbek, mint a nyaral\u00e1s, \u00e1ltal\u00e1ban csak 3-4 napr\u00f3l van sz\u00f3.<\/p>\n<p>A gener\u00e1ci\u00f3s statisztik\u00e1kat tekintve sz\u00e9les sz\u00f3r\u00e1s figyelhet\u0151 meg. Mind a nyaral\u00e1sn\u00e1l, mind a wellnesszez\u00e9sn\u00e9l a legfiatalabbak \u00e9s a legid\u0151sebbek is jelen vannak. Az elt\u00e9r\u00e9s csup\u00e1n abban mutatkozik meg, hogy az id\u0151sebb gener\u00e1ci\u00f3 jobban kedveli az el\u0151- illetve az ut\u00f3szezont, m\u00edg a csal\u00e1dosok az iskola- \u00e9s munkak\u00f6r\u00fclm\u00e9nyek miatt ink\u00e1bb a f\u0151szezont v\u00e1lasztj\u00e1k.<\/p>\n<p><strong> K\u00f6zkedvelt \u00fati c\u00e9lok<\/strong><br \/>A magyar nyaral\u00f3k szeretnek el\u0151re gondoskodni az utaz\u00e1sukr\u00f3l, ez\u00e9rt sz\u00edvesen \u00e9lnek az el\u0151foglal\u00e1ssal. Nem \u00fagy t\u0171nik, hogy ez a trend hamar meg fog v\u00e1ltozni, mivel m\u00e9g a tavalyi \u00e9vhez k\u00e9pest is n\u00f6vekedett az ilyen jelleg\u0171 foglal\u00e1sok sz\u00e1ma. Az utaz\u00e1si irod\u00e1k azt tapasztalj\u00e1k, hogy az utaz\u00e1sok 40 sz\u00e1zal\u00e9ka el\u0151foglal\u00e1ssal t\u00f6rt\u00e9nik meg. Ez  az\u00e9rt lehet ennyire divatos, mert sok c\u00e9g kedvez\u0151 m\u00f3dos\u00edt\u00e1si \u00e9s lemond\u00e1si felt\u00e9teleket biztos\u00edt az \u00fcgyfelei sz\u00e1m\u00e1ra.<\/p>\n<p>Az \u00fati c\u00e9lokat tekintve a k\u00f6zkedvelt Olaszorsz\u00e1got \u00e9s Horv\u00e1torsz\u00e1got kezdi felv\u00e1ltani G\u00f6r\u00f6gorsz\u00e1g. Sokan v\u00e1lasztj\u00e1k Kr\u00e9t\u00e1t, ahol k\u00e9t rept\u00e9r tal\u00e1lhat\u00f3. A hirtelen j\u00f6tt fellend\u00fcl\u00e9s annak k\u00f6sz\u00f6nhet\u0151, hogy a m\u00e1sodik repteret 2017-ben adt\u00e1k \u00e1t. Kr\u00e9ta mellett Rhodosz \u00f6rvend m\u00e9g t\u00f6retlen n\u00e9pszer\u0171s\u00e9gnek, hiszen a vil\u00e1g egyik legszebb strandj\u00e1t a magyarok m\u00e1r \u00e9vek \u00f3ta l\u00e1togatj\u00e1k.<\/p>\n<table class=\"article_pic_table\" style=\"width: 2508px;\" border=\"0\" cellspacing=\"0\" cellpadding=\"0\" align=\"center\">\n<tbody>\n<tr>\n<td><\/td>\n<\/tr>\n<\/tbody>\n<\/table>\n<p>A m\u00e1sik k\u00f6zkedvelt \u00fati c\u00e9l a spanyol Tenerife, mivel ez a helyis\u00e9g nem csak gy\u00f6ny\u00f6r\u0171, hanem kultur\u00e1lis \u00e9s kulin\u00e1ris \u00e9lvezeteket is lehet itt tal\u00e1lni. Toplist\u00e1s desztin\u00e1ci\u00f3 m\u00e9g Bulg\u00e1ria \u00e9s T\u00f6r\u00f6korsz\u00e1g, de egyre t\u00f6bben fedezik fel Cyprust is, ami m\u00e1r exkluz\u00edvabb utaz\u00e1snak sz\u00e1m\u00edt. A k\u00fclpolitikai esem\u00e9nyek miatt Tun\u00e9zia \u00e9s Egyiptom n\u00e9pszer\u0171s\u00e9ge cs\u00f6kkent, de az elm\u00falt 1-2 \u00e9v stabil biztons\u00e1gi helyzete \u00fajra meghozta a kedvet a magyarok k\u00f6z\u00f6tt. Az utaz\u00e1si irod\u00e1k ezeket az orsz\u00e1gokat \u00e9s Marokk\u00f3t sz\u00edvesen aj\u00e1nlj\u00e1k, hiszen a meleg tengerpart mellett a kultur\u00e1lis l\u00e1tnival\u00f3k sem elhanyagolhat\u00f3ak, r\u00e1ad\u00e1sul Tun\u00e9zia remek v\u00e1laszt\u00e1s lehet a csal\u00e1dosok sz\u00e1m\u00e1ra. A fiatalok \u00e9s a n\u00e1szutasok k\u00f6z\u00fcl egyre t\u00f6bben utaznak el a t\u00e1vol-keleti orsz\u00e1gokba. Az ilyen jelleg\u0171 kir\u00e1ndul\u00e1s nem csak a ny\u00e1rra jellemz\u0151, de a t\u00e9lre is. K\u00f6zkedvelt \u00fati c\u00e9lnak sz\u00e1m\u00edt Thaif\u00f6ld, Bali, a Seychelles-szigetek, Indon\u00e9zia \u00e9s a Mald\u00edv-szigetek.<br \/><strong><br \/>K\u00f6lts\u00e9gek \u00e9s statisztikai adatok<\/strong><br \/>\u00c1tlagolva a magyarok 194 ezer forintot terveznek k\u00f6lteni egy utaz\u00e1s sor\u00e1n, amelybe a sz\u00e1ll\u00e1st\u00f3l kezdve az \u00e9tkez\u00e9sen \u00e1t eg\u00e9szen a szuven\u00edrek v\u00e1s\u00e1rl\u00e1s\u00e1ig minden beletartozik. Az adatok azt mutatj\u00e1k, hogy az emberek 63 sz\u00e1zal\u00e9ka tervez nyaral\u00e1st, \u00e9s csak 37 sz\u00e1zal\u00e9k, azaz 10-b\u0151l 4 ember v\u00e1lasztja az itthon marad\u00e1st. Ennek legink\u00e1bb anyagi okai vannak. Vagy egy\u00e1ltal\u00e1n nem engedhetik meg maguknak az utaz\u00e1st, vagy pedig ink\u00e1bb a megtakar\u00edt\u00e1sra haszn\u00e1lj\u00e1k a p\u00e9nzt. A kimutat\u00e1sok azt tapasztalj\u00e1k, hogy a p\u00e9nzhi\u00e1nyt az ut\u00f3bbi \u00e9vekben egyre kevesebben jel\u00f6lik meg indokk\u00e9nt.<\/p>\n<p>Az eml\u00edtett 63 sz\u00e1zal\u00e9k kevesebb, mint fele sz\u00e1n 150 ezer forintot a pihen\u00e9sre, 22 sz\u00e1zal\u00e9kuk 50 \u00e9s 99 ezer k\u00f6z\u00f6tti \u00f6sszegre szabja meg a b\u00fcdzs\u00e9t, m\u00edg a marad\u00e9k 8 sz\u00e1zal\u00e9k ak\u00e1r 300 \u00e9s 499 ezer forintot is k\u00f6lthet. A budapestiek az \u00e1tlagosn\u00e1l t\u00f6bbet, azaz 238 ezret hajland\u00f3ak kiadni a kez\u00fck k\u00f6z\u00fcl, m\u00edg a vid\u00e9kiek 160 ezret. A felm\u00e9r\u00e9sben r\u00e9szt vev\u0151k 39 sz\u00e1zal\u00e9ka nyaral kettesben, az egyed\u00fcl utaz\u00f3k m\u00e9rt\u00e9ke 10 sz\u00e1zal\u00e9k. A nyaral\u00f3k nagy r\u00e9sz\u00e9t csal\u00e1dosok t\u00f6ltik ki, illetve nem szabad megfeledkezni a csoportokban utaz\u00f3 id\u0151sekr\u0151l sem.<\/p>\n<p>A megk\u00e9rdezettek k\u00f6z\u00fcl szinte mindenki k\u00fcl\u00f6n megtakar\u00edt\u00e1st vezet. Meghat\u00e1rozz\u00e1k az utaz\u00e1sra sz\u00e1nt b\u00fcdzs\u00e9t, amihez a havonta \u00e9rkez\u0151 fizet\u00e9sb\u0151l tesznek f\u00e9lre minden egyes alkalommal. Kev\u00e9s azoknak a sz\u00e1ma, akik annyi p\u00e9nzzel rendelkeznek, hogy sp\u00f3rol\u00e1s vagy gy\u0171jt\u00f6get\u00e9s n\u00e9lk\u00fcl hajland\u00f3ak legyenek kifizetni egy teljes nyaral\u00e1s \u00e1r\u00e1t. A id\u0151sebb koroszt\u00e1ly a <strong>nyugd\u00edj megtakar\u00edt\u00e1s\u00e1b\u00f3l<\/strong> gazd\u00e1lkodik.<\/p>\n<p>A magyarok \u00fati c\u00e9lk\u00e9nt legink\u00e1bb G\u00f6r\u00f6gorsz\u00e1got, Spanyolorsz\u00e1got, Horv\u00e1torsz\u00e1got kedvelik, de egyre nagyobb n\u00e9pszer\u0171s\u00e9gnek \u00f6rvendenek a tr\u00f3pusi \u00e9s t\u00e1vol-keleti desztin\u00e1ci\u00f3k is. Az emberek \u00e1ltal\u00e1ban nyaral\u00e1s \u00e9s pihen\u00e9s c\u00e9lj\u00e1b\u00f3l utaznak, ez\u00e9rt mindig olyan orsz\u00e1gokat v\u00e1lasztanak, ahol lehet\u0151s\u00e9g van kulin\u00e1ris, kultur\u00e1lis \u00e9lvezetekre \u00e9s ak\u00e1r kir\u00e1ndul\u00e1sra is.<\/p>\n<p><em><em style=\"color: #171717; font-size: 16px;\"><em><strong><em><em><em><em>K\u00f6vesd az oldalunkat a\u00a0<strong>Facebook-on<\/strong> \u00e9s a\u00a0<strong><a href=\"https:\/\/twitter.com\/digitalhungary\" target=\"_blank\" rel=\"noopener noreferrer\">Twitteren<\/a><\/strong> is!<\/em><\/em><\/em><\/em><\/strong><\/em><\/em><\/em><\/p>\n<\/div>\n<p><script async src=\"http:\/\/platform.twitter.com\/widgets.js\" charset=\"utf-8\"><\/script><br \/>\n<br \/>[ad_2]<br \/>\n<br \/><a href=\"https:\/\/www.digitalhungary.hu\/e-volution\/Repulesi-szokasok-merre-nyaralnak-a-magyarok\/8617\/\">Source link <\/a><\/p>\n","protected":false},"excerpt":{"rendered":"<p>[ad_1] A magyarok az ut\u00f3bbi \u00e9vekben egyre nagyobb lelkesed\u00e9ssel utaznak. Ebb\u0151l a cikkb\u0151l kider\u00fcl, hogy vajon v\u00e1ltozott-e Olaszorsz\u00e1g \u00e9s Horv\u00e1torsz\u00e1g n\u00e9pszer\u0171s\u00e9ge, vagy esetleg felf\u00e9rt-e mell\u00e9j\u00fck m\u00e9g n\u00e9h\u00e1ny orsz\u00e1g. Kik nyaralnak \u00e9s mikor?A statisztikai adatok m\u00e1r \u00e9vek \u00f3ta azt t\u00e1masztj\u00e1k al\u00e1, hogy a magyarok, ha nyaral\u00e1sr\u00f3l van sz\u00f3, \u00e1ltal\u00e1ban tengerpart mell\u00e9 utaznak el sz\u00edvesen. Ez az [&hellip;]<\/p>\n","protected":false},"author":2,"featured_media":2536,"comment_status":"open","ping_status":"open","sticky":false,"template":"","format":"standard","meta":{"footnotes":""},"categories":[2],"tags":[],"class_list":["post-2535","post","type-post","status-publish","format-standard","has-post-thumbnail","hentry","category-digitalis-marketing-hirek"],"yoast_head":"<!-- This site is optimized with the Yoast SEO plugin v27.4 - https:\/\/yoast.com\/product\/yoast-seo-wordpress\/ -->\n<title>Rep\u00fcl\u00e9si szok\u00e1sok: merre nyaralnak a magyarok? - E-volution - Super News<\/title>\n<meta name=\"robots\" content=\"index, follow, max-snippet:-1, max-image-preview:large, max-video-preview:-1\" \/>\n<link rel=\"canonical\" href=\"https:\/\/super-news.info\/hu\/repulesi-szokasok-merre-nyaralnak-a-magyarok-e-volution\/\" \/>\n<meta property=\"og:locale\" content=\"hu_HU\" \/>\n<meta property=\"og:type\" content=\"article\" \/>\n<meta property=\"og:title\" content=\"Rep\u00fcl\u00e9si szok\u00e1sok: merre nyaralnak a magyarok? - E-volution - Super News\" \/>\n<meta property=\"og:description\" content=\"[ad_1] A magyarok az ut\u00f3bbi \u00e9vekben egyre nagyobb lelkesed\u00e9ssel utaznak. Ebb\u0151l a cikkb\u0151l kider\u00fcl, hogy vajon v\u00e1ltozott-e Olaszorsz\u00e1g \u00e9s Horv\u00e1torsz\u00e1g n\u00e9pszer\u0171s\u00e9ge, vagy esetleg felf\u00e9rt-e mell\u00e9j\u00fck m\u00e9g n\u00e9h\u00e1ny orsz\u00e1g. Kik nyaralnak \u00e9s mikor?A statisztikai adatok m\u00e1r \u00e9vek \u00f3ta azt t\u00e1masztj\u00e1k al\u00e1, hogy a magyarok, ha nyaral\u00e1sr\u00f3l van sz\u00f3, \u00e1ltal\u00e1ban tengerpart mell\u00e9 utaznak el sz\u00edvesen. Ez az [&hellip;]\" \/>\n<meta property=\"og:url\" content=\"https:\/\/super-news.info\/hu\/repulesi-szokasok-merre-nyaralnak-a-magyarok-e-volution\/\" \/>\n<meta property=\"og:site_name\" content=\"Super News\" \/>\n<meta property=\"article:published_time\" content=\"2019-05-23T09:02:57+00:00\" \/>\n<meta property=\"article:modified_time\" content=\"2019-05-23T09:02:58+00:00\" \/>\n<meta property=\"og:image\" content=\"https:\/\/super-news.info\/hu\/wp-content\/uploads\/sites\/3\/2019\/05\/Rep\u00fcl\u00e9si-szok\u00e1sok-merre-nyaralnak-a-magyarok-E-volution.jpg\" \/>\n\t<meta property=\"og:image:width\" content=\"2508\" \/>\n\t<meta property=\"og:image:height\" content=\"1672\" \/>\n\t<meta property=\"og:image:type\" content=\"image\/jpeg\" \/>\n<meta name=\"author\" content=\"super-news\" \/>\n<meta name=\"twitter:card\" content=\"summary_large_image\" \/>\n<meta name=\"twitter:label1\" content=\"Szerz\u0151:\" \/>\n\t<meta name=\"twitter:data1\" content=\"super-news\" \/>\n\t<meta name=\"twitter:label2\" content=\"Becs\u00fclt olvas\u00e1si id\u0151\" \/>\n\t<meta name=\"twitter:data2\" content=\"5 perc\" \/>\n<script type=\"application\/ld+json\" class=\"yoast-schema-graph\">{\"@context\":\"https:\\\/\\\/schema.org\",\"@graph\":[{\"@type\":\"Article\",\"@id\":\"https:\\\/\\\/super-news.info\\\/hu\\\/repulesi-szokasok-merre-nyaralnak-a-magyarok-e-volution\\\/#article\",\"isPartOf\":{\"@id\":\"https:\\\/\\\/super-news.info\\\/hu\\\/repulesi-szokasok-merre-nyaralnak-a-magyarok-e-volution\\\/\"},\"author\":{\"name\":\"super-news\",\"@id\":\"https:\\\/\\\/super-news.info\\\/hu\\\/#\\\/schema\\\/person\\\/2d4068cb2f39cd10008c2fce578a7356\"},\"headline\":\"Rep\u00fcl\u00e9si szok\u00e1sok: merre nyaralnak a magyarok? &#8211; E-volution\",\"datePublished\":\"2019-05-23T09:02:57+00:00\",\"dateModified\":\"2019-05-23T09:02:58+00:00\",\"mainEntityOfPage\":{\"@id\":\"https:\\\/\\\/super-news.info\\\/hu\\\/repulesi-szokasok-merre-nyaralnak-a-magyarok-e-volution\\\/\"},\"wordCount\":1082,\"commentCount\":0,\"image\":{\"@id\":\"https:\\\/\\\/super-news.info\\\/hu\\\/repulesi-szokasok-merre-nyaralnak-a-magyarok-e-volution\\\/#primaryimage\"},\"thumbnailUrl\":\"https:\\\/\\\/super-news.info\\\/hu\\\/wp-content\\\/uploads\\\/sites\\\/3\\\/2019\\\/05\\\/Rep\u00fcl\u00e9si-szok\u00e1sok-merre-nyaralnak-a-magyarok-E-volution.jpg\",\"articleSection\":[\"DIGIT\u00c1LIS MARKETING H\u00cdREK\"],\"inLanguage\":\"hu\",\"potentialAction\":[{\"@type\":\"CommentAction\",\"name\":\"Comment\",\"target\":[\"https:\\\/\\\/super-news.info\\\/hu\\\/repulesi-szokasok-merre-nyaralnak-a-magyarok-e-volution\\\/#respond\"]}]},{\"@type\":\"WebPage\",\"@id\":\"https:\\\/\\\/super-news.info\\\/hu\\\/repulesi-szokasok-merre-nyaralnak-a-magyarok-e-volution\\\/\",\"url\":\"https:\\\/\\\/super-news.info\\\/hu\\\/repulesi-szokasok-merre-nyaralnak-a-magyarok-e-volution\\\/\",\"name\":\"Rep\u00fcl\u00e9si szok\u00e1sok: merre nyaralnak a magyarok? - E-volution - Super News\",\"isPartOf\":{\"@id\":\"https:\\\/\\\/super-news.info\\\/hu\\\/#website\"},\"primaryImageOfPage\":{\"@id\":\"https:\\\/\\\/super-news.info\\\/hu\\\/repulesi-szokasok-merre-nyaralnak-a-magyarok-e-volution\\\/#primaryimage\"},\"image\":{\"@id\":\"https:\\\/\\\/super-news.info\\\/hu\\\/repulesi-szokasok-merre-nyaralnak-a-magyarok-e-volution\\\/#primaryimage\"},\"thumbnailUrl\":\"https:\\\/\\\/super-news.info\\\/hu\\\/wp-content\\\/uploads\\\/sites\\\/3\\\/2019\\\/05\\\/Rep\u00fcl\u00e9si-szok\u00e1sok-merre-nyaralnak-a-magyarok-E-volution.jpg\",\"datePublished\":\"2019-05-23T09:02:57+00:00\",\"dateModified\":\"2019-05-23T09:02:58+00:00\",\"author\":{\"@id\":\"https:\\\/\\\/super-news.info\\\/hu\\\/#\\\/schema\\\/person\\\/2d4068cb2f39cd10008c2fce578a7356\"},\"breadcrumb\":{\"@id\":\"https:\\\/\\\/super-news.info\\\/hu\\\/repulesi-szokasok-merre-nyaralnak-a-magyarok-e-volution\\\/#breadcrumb\"},\"inLanguage\":\"hu\",\"potentialAction\":[{\"@type\":\"ReadAction\",\"target\":[\"https:\\\/\\\/super-news.info\\\/hu\\\/repulesi-szokasok-merre-nyaralnak-a-magyarok-e-volution\\\/\"]}]},{\"@type\":\"ImageObject\",\"inLanguage\":\"hu\",\"@id\":\"https:\\\/\\\/super-news.info\\\/hu\\\/repulesi-szokasok-merre-nyaralnak-a-magyarok-e-volution\\\/#primaryimage\",\"url\":\"https:\\\/\\\/super-news.info\\\/hu\\\/wp-content\\\/uploads\\\/sites\\\/3\\\/2019\\\/05\\\/Rep\u00fcl\u00e9si-szok\u00e1sok-merre-nyaralnak-a-magyarok-E-volution.jpg\",\"contentUrl\":\"https:\\\/\\\/super-news.info\\\/hu\\\/wp-content\\\/uploads\\\/sites\\\/3\\\/2019\\\/05\\\/Rep\u00fcl\u00e9si-szok\u00e1sok-merre-nyaralnak-a-magyarok-E-volution.jpg\",\"width\":2508,\"height\":1672,\"caption\":\"Rep\u00fcl\u00e9si szok\u00e1sok: merre nyaralnak a magyarok? - E-volution\"},{\"@type\":\"BreadcrumbList\",\"@id\":\"https:\\\/\\\/super-news.info\\\/hu\\\/repulesi-szokasok-merre-nyaralnak-a-magyarok-e-volution\\\/#breadcrumb\",\"itemListElement\":[{\"@type\":\"ListItem\",\"position\":1,\"name\":\"\u0413\u043b\u0430\u0432\u043d\u0430\u044f \u0441\u0442\u0440\u0430\u043d\u0438\u0446\u0430\",\"item\":\"https:\\\/\\\/super-news.info\\\/hu\\\/\"},{\"@type\":\"ListItem\",\"position\":2,\"name\":\"Rep\u00fcl\u00e9si szok\u00e1sok: merre nyaralnak a magyarok? &#8211; E-volution\"}]},{\"@type\":\"WebSite\",\"@id\":\"https:\\\/\\\/super-news.info\\\/hu\\\/#website\",\"url\":\"https:\\\/\\\/super-news.info\\\/hu\\\/\",\"name\":\"Super News\",\"description\":\"Super News Magyarorsz\u00e1g\",\"potentialAction\":[{\"@type\":\"SearchAction\",\"target\":{\"@type\":\"EntryPoint\",\"urlTemplate\":\"https:\\\/\\\/super-news.info\\\/hu\\\/?s={search_term_string}\"},\"query-input\":{\"@type\":\"PropertyValueSpecification\",\"valueRequired\":true,\"valueName\":\"search_term_string\"}}],\"inLanguage\":\"hu\"},{\"@type\":\"Person\",\"@id\":\"https:\\\/\\\/super-news.info\\\/hu\\\/#\\\/schema\\\/person\\\/2d4068cb2f39cd10008c2fce578a7356\",\"name\":\"super-news\",\"image\":{\"@type\":\"ImageObject\",\"inLanguage\":\"hu\",\"@id\":\"https:\\\/\\\/secure.gravatar.com\\\/avatar\\\/64ebac40b93f26a154f8a9b5b6fdccfc46f442b26b3dd6756dbff3bf9dc76fd7?s=96&d=mm&r=g\",\"url\":\"https:\\\/\\\/secure.gravatar.com\\\/avatar\\\/64ebac40b93f26a154f8a9b5b6fdccfc46f442b26b3dd6756dbff3bf9dc76fd7?s=96&d=mm&r=g\",\"contentUrl\":\"https:\\\/\\\/secure.gravatar.com\\\/avatar\\\/64ebac40b93f26a154f8a9b5b6fdccfc46f442b26b3dd6756dbff3bf9dc76fd7?s=96&d=mm&r=g\",\"caption\":\"super-news\"},\"url\":\"https:\\\/\\\/super-news.info\\\/hu\\\/author\\\/pt\\\/\"}]}<\/script>\n<!-- \/ Yoast SEO plugin. -->","yoast_head_json":{"title":"Rep\u00fcl\u00e9si szok\u00e1sok: merre nyaralnak a magyarok? - E-volution - Super News","robots":{"index":"index","follow":"follow","max-snippet":"max-snippet:-1","max-image-preview":"max-image-preview:large","max-video-preview":"max-video-preview:-1"},"canonical":"https:\/\/super-news.info\/hu\/repulesi-szokasok-merre-nyaralnak-a-magyarok-e-volution\/","og_locale":"hu_HU","og_type":"article","og_title":"Rep\u00fcl\u00e9si szok\u00e1sok: merre nyaralnak a magyarok? - E-volution - Super News","og_description":"[ad_1] A magyarok az ut\u00f3bbi \u00e9vekben egyre nagyobb lelkesed\u00e9ssel utaznak. Ebb\u0151l a cikkb\u0151l kider\u00fcl, hogy vajon v\u00e1ltozott-e Olaszorsz\u00e1g \u00e9s Horv\u00e1torsz\u00e1g n\u00e9pszer\u0171s\u00e9ge, vagy esetleg felf\u00e9rt-e mell\u00e9j\u00fck m\u00e9g n\u00e9h\u00e1ny orsz\u00e1g. Kik nyaralnak \u00e9s mikor?A statisztikai adatok m\u00e1r \u00e9vek \u00f3ta azt t\u00e1masztj\u00e1k al\u00e1, hogy a magyarok, ha nyaral\u00e1sr\u00f3l van sz\u00f3, \u00e1ltal\u00e1ban tengerpart mell\u00e9 utaznak el sz\u00edvesen. Ez az [&hellip;]","og_url":"https:\/\/super-news.info\/hu\/repulesi-szokasok-merre-nyaralnak-a-magyarok-e-volution\/","og_site_name":"Super News","article_published_time":"2019-05-23T09:02:57+00:00","article_modified_time":"2019-05-23T09:02:58+00:00","og_image":[{"width":2508,"height":1672,"url":"https:\/\/super-news.info\/hu\/wp-content\/uploads\/sites\/3\/2019\/05\/Rep\u00fcl\u00e9si-szok\u00e1sok-merre-nyaralnak-a-magyarok-E-volution.jpg","type":"image\/jpeg"}],"author":"super-news","twitter_card":"summary_large_image","twitter_misc":{"Szerz\u0151:":"super-news","Becs\u00fclt olvas\u00e1si id\u0151":"5 perc"},"schema":{"@context":"https:\/\/schema.org","@graph":[{"@type":"Article","@id":"https:\/\/super-news.info\/hu\/repulesi-szokasok-merre-nyaralnak-a-magyarok-e-volution\/#article","isPartOf":{"@id":"https:\/\/super-news.info\/hu\/repulesi-szokasok-merre-nyaralnak-a-magyarok-e-volution\/"},"author":{"name":"super-news","@id":"https:\/\/super-news.info\/hu\/#\/schema\/person\/2d4068cb2f39cd10008c2fce578a7356"},"headline":"Rep\u00fcl\u00e9si szok\u00e1sok: merre nyaralnak a magyarok? &#8211; E-volution","datePublished":"2019-05-23T09:02:57+00:00","dateModified":"2019-05-23T09:02:58+00:00","mainEntityOfPage":{"@id":"https:\/\/super-news.info\/hu\/repulesi-szokasok-merre-nyaralnak-a-magyarok-e-volution\/"},"wordCount":1082,"commentCount":0,"image":{"@id":"https:\/\/super-news.info\/hu\/repulesi-szokasok-merre-nyaralnak-a-magyarok-e-volution\/#primaryimage"},"thumbnailUrl":"https:\/\/super-news.info\/hu\/wp-content\/uploads\/sites\/3\/2019\/05\/Rep\u00fcl\u00e9si-szok\u00e1sok-merre-nyaralnak-a-magyarok-E-volution.jpg","articleSection":["DIGIT\u00c1LIS MARKETING H\u00cdREK"],"inLanguage":"hu","potentialAction":[{"@type":"CommentAction","name":"Comment","target":["https:\/\/super-news.info\/hu\/repulesi-szokasok-merre-nyaralnak-a-magyarok-e-volution\/#respond"]}]},{"@type":"WebPage","@id":"https:\/\/super-news.info\/hu\/repulesi-szokasok-merre-nyaralnak-a-magyarok-e-volution\/","url":"https:\/\/super-news.info\/hu\/repulesi-szokasok-merre-nyaralnak-a-magyarok-e-volution\/","name":"Rep\u00fcl\u00e9si szok\u00e1sok: merre nyaralnak a magyarok? - E-volution - Super News","isPartOf":{"@id":"https:\/\/super-news.info\/hu\/#website"},"primaryImageOfPage":{"@id":"https:\/\/super-news.info\/hu\/repulesi-szokasok-merre-nyaralnak-a-magyarok-e-volution\/#primaryimage"},"image":{"@id":"https:\/\/super-news.info\/hu\/repulesi-szokasok-merre-nyaralnak-a-magyarok-e-volution\/#primaryimage"},"thumbnailUrl":"https:\/\/super-news.info\/hu\/wp-content\/uploads\/sites\/3\/2019\/05\/Rep\u00fcl\u00e9si-szok\u00e1sok-merre-nyaralnak-a-magyarok-E-volution.jpg","datePublished":"2019-05-23T09:02:57+00:00","dateModified":"2019-05-23T09:02:58+00:00","author":{"@id":"https:\/\/super-news.info\/hu\/#\/schema\/person\/2d4068cb2f39cd10008c2fce578a7356"},"breadcrumb":{"@id":"https:\/\/super-news.info\/hu\/repulesi-szokasok-merre-nyaralnak-a-magyarok-e-volution\/#breadcrumb"},"inLanguage":"hu","potentialAction":[{"@type":"ReadAction","target":["https:\/\/super-news.info\/hu\/repulesi-szokasok-merre-nyaralnak-a-magyarok-e-volution\/"]}]},{"@type":"ImageObject","inLanguage":"hu","@id":"https:\/\/super-news.info\/hu\/repulesi-szokasok-merre-nyaralnak-a-magyarok-e-volution\/#primaryimage","url":"https:\/\/super-news.info\/hu\/wp-content\/uploads\/sites\/3\/2019\/05\/Rep\u00fcl\u00e9si-szok\u00e1sok-merre-nyaralnak-a-magyarok-E-volution.jpg","contentUrl":"https:\/\/super-news.info\/hu\/wp-content\/uploads\/sites\/3\/2019\/05\/Rep\u00fcl\u00e9si-szok\u00e1sok-merre-nyaralnak-a-magyarok-E-volution.jpg","width":2508,"height":1672,"caption":"Rep\u00fcl\u00e9si szok\u00e1sok: merre nyaralnak a magyarok? - E-volution"},{"@type":"BreadcrumbList","@id":"https:\/\/super-news.info\/hu\/repulesi-szokasok-merre-nyaralnak-a-magyarok-e-volution\/#breadcrumb","itemListElement":[{"@type":"ListItem","position":1,"name":"\u0413\u043b\u0430\u0432\u043d\u0430\u044f \u0441\u0442\u0440\u0430\u043d\u0438\u0446\u0430","item":"https:\/\/super-news.info\/hu\/"},{"@type":"ListItem","position":2,"name":"Rep\u00fcl\u00e9si szok\u00e1sok: merre nyaralnak a magyarok? &#8211; E-volution"}]},{"@type":"WebSite","@id":"https:\/\/super-news.info\/hu\/#website","url":"https:\/\/super-news.info\/hu\/","name":"Super News","description":"Super News Magyarorsz\u00e1g","potentialAction":[{"@type":"SearchAction","target":{"@type":"EntryPoint","urlTemplate":"https:\/\/super-news.info\/hu\/?s={search_term_string}"},"query-input":{"@type":"PropertyValueSpecification","valueRequired":true,"valueName":"search_term_string"}}],"inLanguage":"hu"},{"@type":"Person","@id":"https:\/\/super-news.info\/hu\/#\/schema\/person\/2d4068cb2f39cd10008c2fce578a7356","name":"super-news","image":{"@type":"ImageObject","inLanguage":"hu","@id":"https:\/\/secure.gravatar.com\/avatar\/64ebac40b93f26a154f8a9b5b6fdccfc46f442b26b3dd6756dbff3bf9dc76fd7?s=96&d=mm&r=g","url":"https:\/\/secure.gravatar.com\/avatar\/64ebac40b93f26a154f8a9b5b6fdccfc46f442b26b3dd6756dbff3bf9dc76fd7?s=96&d=mm&r=g","contentUrl":"https:\/\/secure.gravatar.com\/avatar\/64ebac40b93f26a154f8a9b5b6fdccfc46f442b26b3dd6756dbff3bf9dc76fd7?s=96&d=mm&r=g","caption":"super-news"},"url":"https:\/\/super-news.info\/hu\/author\/pt\/"}]}},"_links":{"self":[{"href":"https:\/\/super-news.info\/hu\/wp-json\/wp\/v2\/posts\/2535","targetHints":{"allow":["GET"]}}],"collection":[{"href":"https:\/\/super-news.info\/hu\/wp-json\/wp\/v2\/posts"}],"about":[{"href":"https:\/\/super-news.info\/hu\/wp-json\/wp\/v2\/types\/post"}],"author":[{"embeddable":true,"href":"https:\/\/super-news.info\/hu\/wp-json\/wp\/v2\/users\/2"}],"replies":[{"embeddable":true,"href":"https:\/\/super-news.info\/hu\/wp-json\/wp\/v2\/comments?post=2535"}],"version-history":[{"count":1,"href":"https:\/\/super-news.info\/hu\/wp-json\/wp\/v2\/posts\/2535\/revisions"}],"predecessor-version":[{"id":2537,"href":"https:\/\/super-news.info\/hu\/wp-json\/wp\/v2\/posts\/2535\/revisions\/2537"}],"wp:featuredmedia":[{"embeddable":true,"href":"https:\/\/super-news.info\/hu\/wp-json\/wp\/v2\/media\/2536"}],"wp:attachment":[{"href":"https:\/\/super-news.info\/hu\/wp-json\/wp\/v2\/media?parent=2535"}],"wp:term":[{"taxonomy":"category","embeddable":true,"href":"https:\/\/super-news.info\/hu\/wp-json\/wp\/v2\/categories?post=2535"},{"taxonomy":"post_tag","embeddable":true,"href":"https:\/\/super-news.info\/hu\/wp-json\/wp\/v2\/tags?post=2535"}],"curies":[{"name":"wp","href":"https:\/\/api.w.org\/{rel}","templated":true}]}}