{"id":2487,"date":"2019-05-22T19:45:31","date_gmt":"2019-05-22T16:45:31","guid":{"rendered":"https:\/\/super-news.info\/hu\/beleneztel-a-piac-varazsgombjebe-es-meglattad-eleted-lehetoseget-e-volution\/"},"modified":"2019-05-22T19:45:32","modified_gmt":"2019-05-22T16:45:32","slug":"beleneztel-a-piac-varazsgombjebe-es-meglattad-eleted-lehetoseget-e-volution","status":"publish","type":"post","link":"https:\/\/super-news.info\/hu\/beleneztel-a-piac-varazsgombjebe-es-meglattad-eleted-lehetoseget-e-volution\/","title":{"rendered":"Belen\u00e9zt\u00e9l a piac var\u00e1zsg\u00f6mbj\u00e9be \u00e9s megl\u00e1ttad \u00e9leted lehet\u0151s\u00e9g\u00e9t? &#8211; E-volution"},"content":{"rendered":"<p> [ad_1]<br \/>\n<\/p>\n<p>Az ingatlanpiac megh\u00f3d\u00edt\u00e1s\u00e1r\u00f3l \u00e1br\u00e1ndozol? Belen\u00e9zt\u00e9l a piac var\u00e1zsg\u00f6mbj\u00e9be \u00e9s megl\u00e1ttad \u00e9leted lehet\u0151s\u00e9g\u00e9t? Akkor elj\u00f6tt a te id\u0151d! Jelentkezz a HubHub Pitch Night-j\u00e1ra, Magyarorsz\u00e1g els\u0151 proptech verseny\u00e9re, amely a HB Reavis szakmai t\u00e1mogat\u00e1s\u00e1val j\u00f6n l\u00e9tre!<\/p>\n<div id=\"article_text\">\n<p>A HubHub c\u00e9lja, hogy a helyi \u00e9s k\u00f6z\u00e9p-kelet-eur\u00f3pai \u00f6kosziszt\u00e9ma motorj\u00e1v\u00e1 v\u00e1ljon a proptech ipar\u00e1gban. Azt szeretn\u00e9nk, ha ezt a kih\u00edv\u00e1st minden jelentkez\u0151 a mag\u00e1\u00e9nak \u00e9rezn\u00e9. A verseny sor\u00e1n egy csokorba szedj\u00fck az \u00f6tleteket \u00e9s term\u00e9keket, majd kiv\u00e1lasztjuk a legjobbat k\u00f6z\u00fcl\u00fck.  <\/p>\n<p>A Property Technology kifejez\u00e9sb\u0151l sz\u00fcletett &#8222;PropTech&#8221; l\u00e9nyege, hogy a rendelkez\u00e9sre \u00e1ll\u00f3 technol\u00f3gi\u00e1k alkalmaz\u00e1s\u00e1val seg\u00edts\u00e9k az ingatlanpiachoz kapcsol\u00f3d\u00f3 tranzakci\u00f3k hat\u00e9konys\u00e1g\u00e1t, ak\u00e1r a fejleszt\u0151k, ak\u00e1r a k\u00f6zvet\u00edt\u0151k, ak\u00e1r a v\u00e1s\u00e1rl\u00f3k szem\u00e9ly\u00e9ben, \u00e9s bele\u00e9rtik az ingatlanok tervez\u00e9se, fejleszt\u00e9se, m\u0171k\u00f6dtet\u00e9se, kereskedelme, finansz\u00edroz\u00e1sa ter\u00e9n bek\u00f6vetkez\u0151 \u00f6sszes innovat\u00edv v\u00e1ltoz\u00e1st. Sz\u00e1mos eszk\u00f6z \u00e9s t\u00e9nyez\u0151 befoly\u00e1solhatja a j\u00f6v\u0151 Proptech szolg\u00e1ltat\u00e1sainak fejl\u0151d\u00e9st, szoftver oldalr\u00f3l p\u00e9ld\u00e1ul a hangvez\u00e9rl\u00e9s, a mesters\u00e9ges intelligencia, az adatelemz\u00e9s, hardveres ir\u00e1nyb\u00f3l pedig t\u00f6bbek k\u00f6z\u00f6tt a szenzorok \u00e9s a dr\u00f3nok fejl\u0151d\u00e9se. <br \/><strong><br \/>A Pitch Night id\u0151pontja: 2019. j\u00fanius 5. Helysz\u00edne:<\/strong> HubHub (Budapest, Kir\u00e1ly utca 26).<\/p>\n<p><strong> A gy\u0151ztes nyerem\u00e9nye:<\/strong><br \/>\u2022\tHat h\u00f3napos Fix Desk Tags\u00e1g a HubHub felaj\u00e1nl\u00e1s\u00e1b\u00f3l <br \/>\u2022\tMegmutathatod a c\u00e9ged a HB Reavis tapasztalt szakemberei el\u0151tt  <br \/>\u2022\tBel\u00e9p\u0151jegy 4 f\u0151 r\u00e9sz\u00e9re a FutureNow Konferenci\u00e1ra <br \/>\u2022\tMentori t\u00e1mogat\u00e1s a HubHub network nemzetk\u00f6zi szak\u00e9rt\u0151ivel  <\/p>\n<p><strong> A verseny v\u00e1laszthat\u00f3 kateg\u00f3ri\u00e1i:<\/strong><br \/>\u2022\tProptech <br \/>\u2022\tOkos v\u00e1ros <br \/>\u2022\tGreen living <br \/><strong><br \/>Ahhoz, hogy jelentkezz felt\u00e9tel, hogy:<\/strong><br \/>\u2022\tlegyen egy b\u0151v\u00edthet\u0151 term\u00e9ked vagy szolg\u00e1ltat\u00e1sod<br \/>\u2022\tegy csapatod, amelyik a projekteden dolgozik <br \/>\u2022\tbefektet\u0151t keresel az \u00f6tletedhez vagy m\u00e1r t\u00fal vagy az els\u0151 k\u00f6r\u00f6s befektet\u00e9sen <\/p>\n<p>A jelentkez\u00e9si hat\u00e1rid\u0151: 2019 m\u00e1jus 23.  Jelentkezni itt: hubhub.com\/proptechpitchparty  <br \/>A versenyre bev\u00e1logatottak n\u00e9vsor\u00e1t 2019 m\u00e1jus 27-\u00e9n hirdetj\u00fck ki.<\/p>\n<p><em><em style=\"color: #171717; font-size: 16px;\"><em><strong><em><em><em><em>K\u00f6vesd az oldalunkat a\u00a0<strong>Facebook-on<\/strong> \u00e9s a\u00a0<strong><a href=\"https:\/\/twitter.com\/digitalhungary\" target=\"_blank\" rel=\"noopener noreferrer\">Twitteren<\/a><\/strong> is!<\/em><\/em><\/em><\/em><\/strong><\/em><\/em><\/em><\/p>\n<\/div>\n<p><script async src=\"http:\/\/platform.twitter.com\/widgets.js\" charset=\"utf-8\"><\/script><br \/>\n<br \/>[ad_2]<br \/>\n<br \/><a href=\"https:\/\/www.digitalhungary.hu\/e-volution\/Beleneztel-a-piac-varazsgombjebe-es-meglattad-eleted-lehetoseget\/8627\/\">Source link <\/a><\/p>\n","protected":false},"excerpt":{"rendered":"<p>[ad_1] Az ingatlanpiac megh\u00f3d\u00edt\u00e1s\u00e1r\u00f3l \u00e1br\u00e1ndozol? Belen\u00e9zt\u00e9l a piac var\u00e1zsg\u00f6mbj\u00e9be \u00e9s megl\u00e1ttad \u00e9leted lehet\u0151s\u00e9g\u00e9t? Akkor elj\u00f6tt a te id\u0151d! Jelentkezz a HubHub Pitch Night-j\u00e1ra, Magyarorsz\u00e1g els\u0151 proptech verseny\u00e9re, amely a HB Reavis szakmai t\u00e1mogat\u00e1s\u00e1val j\u00f6n l\u00e9tre! A HubHub c\u00e9lja, hogy a helyi \u00e9s k\u00f6z\u00e9p-kelet-eur\u00f3pai \u00f6kosziszt\u00e9ma motorj\u00e1v\u00e1 v\u00e1ljon a proptech ipar\u00e1gban. Azt szeretn\u00e9nk, ha ezt a kih\u00edv\u00e1st [&hellip;]<\/p>\n","protected":false},"author":2,"featured_media":2488,"comment_status":"open","ping_status":"open","sticky":false,"template":"","format":"standard","meta":{"footnotes":""},"categories":[2],"tags":[],"class_list":["post-2487","post","type-post","status-publish","format-standard","has-post-thumbnail","hentry","category-digitalis-marketing-hirek"],"yoast_head":"<!-- This site is optimized with the Yoast SEO plugin v27.4 - https:\/\/yoast.com\/product\/yoast-seo-wordpress\/ -->\n<title>Belen\u00e9zt\u00e9l a piac var\u00e1zsg\u00f6mbj\u00e9be \u00e9s megl\u00e1ttad \u00e9leted lehet\u0151s\u00e9g\u00e9t? - E-volution - Super News<\/title>\n<meta name=\"robots\" content=\"index, follow, max-snippet:-1, max-image-preview:large, max-video-preview:-1\" \/>\n<link rel=\"canonical\" href=\"https:\/\/super-news.info\/hu\/beleneztel-a-piac-varazsgombjebe-es-meglattad-eleted-lehetoseget-e-volution\/\" \/>\n<meta property=\"og:locale\" content=\"hu_HU\" \/>\n<meta property=\"og:type\" content=\"article\" \/>\n<meta property=\"og:title\" content=\"Belen\u00e9zt\u00e9l a piac var\u00e1zsg\u00f6mbj\u00e9be \u00e9s megl\u00e1ttad \u00e9leted lehet\u0151s\u00e9g\u00e9t? - E-volution - Super News\" \/>\n<meta property=\"og:description\" content=\"[ad_1] Az ingatlanpiac megh\u00f3d\u00edt\u00e1s\u00e1r\u00f3l \u00e1br\u00e1ndozol? Belen\u00e9zt\u00e9l a piac var\u00e1zsg\u00f6mbj\u00e9be \u00e9s megl\u00e1ttad \u00e9leted lehet\u0151s\u00e9g\u00e9t? Akkor elj\u00f6tt a te id\u0151d! Jelentkezz a HubHub Pitch Night-j\u00e1ra, Magyarorsz\u00e1g els\u0151 proptech verseny\u00e9re, amely a HB Reavis szakmai t\u00e1mogat\u00e1s\u00e1val j\u00f6n l\u00e9tre! A HubHub c\u00e9lja, hogy a helyi \u00e9s k\u00f6z\u00e9p-kelet-eur\u00f3pai \u00f6kosziszt\u00e9ma motorj\u00e1v\u00e1 v\u00e1ljon a proptech ipar\u00e1gban. Azt szeretn\u00e9nk, ha ezt a kih\u00edv\u00e1st [&hellip;]\" \/>\n<meta property=\"og:url\" content=\"https:\/\/super-news.info\/hu\/beleneztel-a-piac-varazsgombjebe-es-meglattad-eleted-lehetoseget-e-volution\/\" \/>\n<meta property=\"og:site_name\" content=\"Super News\" \/>\n<meta property=\"article:published_time\" content=\"2019-05-22T16:45:31+00:00\" \/>\n<meta property=\"article:modified_time\" content=\"2019-05-22T16:45:32+00:00\" \/>\n<meta property=\"og:image\" content=\"https:\/\/super-news.info\/hu\/wp-content\/uploads\/sites\/3\/2019\/05\/Belen\u00e9zt\u00e9l-a-piac-var\u00e1zsg\u00f6mbj\u00e9be-\u00e9s-megl\u00e1ttad-\u00e9leted-lehet\u0151s\u00e9g\u00e9t-E-volution.jpg\" \/>\n\t<meta property=\"og:image:width\" content=\"700\" \/>\n\t<meta property=\"og:image:height\" content=\"358\" \/>\n\t<meta property=\"og:image:type\" content=\"image\/jpeg\" \/>\n<meta name=\"author\" content=\"super-news\" \/>\n<meta name=\"twitter:card\" content=\"summary_large_image\" \/>\n<meta name=\"twitter:label1\" content=\"Szerz\u0151:\" \/>\n\t<meta name=\"twitter:data1\" content=\"super-news\" \/>\n\t<meta name=\"twitter:label2\" content=\"Becs\u00fclt olvas\u00e1si id\u0151\" \/>\n\t<meta name=\"twitter:data2\" content=\"2 perc\" \/>\n<script type=\"application\/ld+json\" class=\"yoast-schema-graph\">{\"@context\":\"https:\\\/\\\/schema.org\",\"@graph\":[{\"@type\":\"Article\",\"@id\":\"https:\\\/\\\/super-news.info\\\/hu\\\/beleneztel-a-piac-varazsgombjebe-es-meglattad-eleted-lehetoseget-e-volution\\\/#article\",\"isPartOf\":{\"@id\":\"https:\\\/\\\/super-news.info\\\/hu\\\/beleneztel-a-piac-varazsgombjebe-es-meglattad-eleted-lehetoseget-e-volution\\\/\"},\"author\":{\"name\":\"super-news\",\"@id\":\"https:\\\/\\\/super-news.info\\\/hu\\\/#\\\/schema\\\/person\\\/2d4068cb2f39cd10008c2fce578a7356\"},\"headline\":\"Belen\u00e9zt\u00e9l a piac var\u00e1zsg\u00f6mbj\u00e9be \u00e9s megl\u00e1ttad \u00e9leted lehet\u0151s\u00e9g\u00e9t? &#8211; E-volution\",\"datePublished\":\"2019-05-22T16:45:31+00:00\",\"dateModified\":\"2019-05-22T16:45:32+00:00\",\"mainEntityOfPage\":{\"@id\":\"https:\\\/\\\/super-news.info\\\/hu\\\/beleneztel-a-piac-varazsgombjebe-es-meglattad-eleted-lehetoseget-e-volution\\\/\"},\"wordCount\":437,\"commentCount\":0,\"image\":{\"@id\":\"https:\\\/\\\/super-news.info\\\/hu\\\/beleneztel-a-piac-varazsgombjebe-es-meglattad-eleted-lehetoseget-e-volution\\\/#primaryimage\"},\"thumbnailUrl\":\"https:\\\/\\\/super-news.info\\\/hu\\\/wp-content\\\/uploads\\\/sites\\\/3\\\/2019\\\/05\\\/Belen\u00e9zt\u00e9l-a-piac-var\u00e1zsg\u00f6mbj\u00e9be-\u00e9s-megl\u00e1ttad-\u00e9leted-lehet\u0151s\u00e9g\u00e9t-E-volution.jpg\",\"articleSection\":[\"DIGIT\u00c1LIS MARKETING H\u00cdREK\"],\"inLanguage\":\"hu\",\"potentialAction\":[{\"@type\":\"CommentAction\",\"name\":\"Comment\",\"target\":[\"https:\\\/\\\/super-news.info\\\/hu\\\/beleneztel-a-piac-varazsgombjebe-es-meglattad-eleted-lehetoseget-e-volution\\\/#respond\"]}]},{\"@type\":\"WebPage\",\"@id\":\"https:\\\/\\\/super-news.info\\\/hu\\\/beleneztel-a-piac-varazsgombjebe-es-meglattad-eleted-lehetoseget-e-volution\\\/\",\"url\":\"https:\\\/\\\/super-news.info\\\/hu\\\/beleneztel-a-piac-varazsgombjebe-es-meglattad-eleted-lehetoseget-e-volution\\\/\",\"name\":\"Belen\u00e9zt\u00e9l a piac var\u00e1zsg\u00f6mbj\u00e9be \u00e9s megl\u00e1ttad \u00e9leted lehet\u0151s\u00e9g\u00e9t? - E-volution - Super News\",\"isPartOf\":{\"@id\":\"https:\\\/\\\/super-news.info\\\/hu\\\/#website\"},\"primaryImageOfPage\":{\"@id\":\"https:\\\/\\\/super-news.info\\\/hu\\\/beleneztel-a-piac-varazsgombjebe-es-meglattad-eleted-lehetoseget-e-volution\\\/#primaryimage\"},\"image\":{\"@id\":\"https:\\\/\\\/super-news.info\\\/hu\\\/beleneztel-a-piac-varazsgombjebe-es-meglattad-eleted-lehetoseget-e-volution\\\/#primaryimage\"},\"thumbnailUrl\":\"https:\\\/\\\/super-news.info\\\/hu\\\/wp-content\\\/uploads\\\/sites\\\/3\\\/2019\\\/05\\\/Belen\u00e9zt\u00e9l-a-piac-var\u00e1zsg\u00f6mbj\u00e9be-\u00e9s-megl\u00e1ttad-\u00e9leted-lehet\u0151s\u00e9g\u00e9t-E-volution.jpg\",\"datePublished\":\"2019-05-22T16:45:31+00:00\",\"dateModified\":\"2019-05-22T16:45:32+00:00\",\"author\":{\"@id\":\"https:\\\/\\\/super-news.info\\\/hu\\\/#\\\/schema\\\/person\\\/2d4068cb2f39cd10008c2fce578a7356\"},\"breadcrumb\":{\"@id\":\"https:\\\/\\\/super-news.info\\\/hu\\\/beleneztel-a-piac-varazsgombjebe-es-meglattad-eleted-lehetoseget-e-volution\\\/#breadcrumb\"},\"inLanguage\":\"hu\",\"potentialAction\":[{\"@type\":\"ReadAction\",\"target\":[\"https:\\\/\\\/super-news.info\\\/hu\\\/beleneztel-a-piac-varazsgombjebe-es-meglattad-eleted-lehetoseget-e-volution\\\/\"]}]},{\"@type\":\"ImageObject\",\"inLanguage\":\"hu\",\"@id\":\"https:\\\/\\\/super-news.info\\\/hu\\\/beleneztel-a-piac-varazsgombjebe-es-meglattad-eleted-lehetoseget-e-volution\\\/#primaryimage\",\"url\":\"https:\\\/\\\/super-news.info\\\/hu\\\/wp-content\\\/uploads\\\/sites\\\/3\\\/2019\\\/05\\\/Belen\u00e9zt\u00e9l-a-piac-var\u00e1zsg\u00f6mbj\u00e9be-\u00e9s-megl\u00e1ttad-\u00e9leted-lehet\u0151s\u00e9g\u00e9t-E-volution.jpg\",\"contentUrl\":\"https:\\\/\\\/super-news.info\\\/hu\\\/wp-content\\\/uploads\\\/sites\\\/3\\\/2019\\\/05\\\/Belen\u00e9zt\u00e9l-a-piac-var\u00e1zsg\u00f6mbj\u00e9be-\u00e9s-megl\u00e1ttad-\u00e9leted-lehet\u0151s\u00e9g\u00e9t-E-volution.jpg\",\"width\":700,\"height\":358,\"caption\":\"Belen\u00e9zt\u00e9l a piac var\u00e1zsg\u00f6mbj\u00e9be \u00e9s megl\u00e1ttad \u00e9leted lehet\u0151s\u00e9g\u00e9t? - E-volution\"},{\"@type\":\"BreadcrumbList\",\"@id\":\"https:\\\/\\\/super-news.info\\\/hu\\\/beleneztel-a-piac-varazsgombjebe-es-meglattad-eleted-lehetoseget-e-volution\\\/#breadcrumb\",\"itemListElement\":[{\"@type\":\"ListItem\",\"position\":1,\"name\":\"\u0413\u043b\u0430\u0432\u043d\u0430\u044f \u0441\u0442\u0440\u0430\u043d\u0438\u0446\u0430\",\"item\":\"https:\\\/\\\/super-news.info\\\/hu\\\/\"},{\"@type\":\"ListItem\",\"position\":2,\"name\":\"Belen\u00e9zt\u00e9l a piac var\u00e1zsg\u00f6mbj\u00e9be \u00e9s megl\u00e1ttad \u00e9leted lehet\u0151s\u00e9g\u00e9t? &#8211; E-volution\"}]},{\"@type\":\"WebSite\",\"@id\":\"https:\\\/\\\/super-news.info\\\/hu\\\/#website\",\"url\":\"https:\\\/\\\/super-news.info\\\/hu\\\/\",\"name\":\"Super News\",\"description\":\"Super News Magyarorsz\u00e1g\",\"potentialAction\":[{\"@type\":\"SearchAction\",\"target\":{\"@type\":\"EntryPoint\",\"urlTemplate\":\"https:\\\/\\\/super-news.info\\\/hu\\\/?s={search_term_string}\"},\"query-input\":{\"@type\":\"PropertyValueSpecification\",\"valueRequired\":true,\"valueName\":\"search_term_string\"}}],\"inLanguage\":\"hu\"},{\"@type\":\"Person\",\"@id\":\"https:\\\/\\\/super-news.info\\\/hu\\\/#\\\/schema\\\/person\\\/2d4068cb2f39cd10008c2fce578a7356\",\"name\":\"super-news\",\"image\":{\"@type\":\"ImageObject\",\"inLanguage\":\"hu\",\"@id\":\"https:\\\/\\\/secure.gravatar.com\\\/avatar\\\/64ebac40b93f26a154f8a9b5b6fdccfc46f442b26b3dd6756dbff3bf9dc76fd7?s=96&d=mm&r=g\",\"url\":\"https:\\\/\\\/secure.gravatar.com\\\/avatar\\\/64ebac40b93f26a154f8a9b5b6fdccfc46f442b26b3dd6756dbff3bf9dc76fd7?s=96&d=mm&r=g\",\"contentUrl\":\"https:\\\/\\\/secure.gravatar.com\\\/avatar\\\/64ebac40b93f26a154f8a9b5b6fdccfc46f442b26b3dd6756dbff3bf9dc76fd7?s=96&d=mm&r=g\",\"caption\":\"super-news\"},\"url\":\"https:\\\/\\\/super-news.info\\\/hu\\\/author\\\/pt\\\/\"}]}<\/script>\n<!-- \/ Yoast SEO plugin. -->","yoast_head_json":{"title":"Belen\u00e9zt\u00e9l a piac var\u00e1zsg\u00f6mbj\u00e9be \u00e9s megl\u00e1ttad \u00e9leted lehet\u0151s\u00e9g\u00e9t? - E-volution - Super News","robots":{"index":"index","follow":"follow","max-snippet":"max-snippet:-1","max-image-preview":"max-image-preview:large","max-video-preview":"max-video-preview:-1"},"canonical":"https:\/\/super-news.info\/hu\/beleneztel-a-piac-varazsgombjebe-es-meglattad-eleted-lehetoseget-e-volution\/","og_locale":"hu_HU","og_type":"article","og_title":"Belen\u00e9zt\u00e9l a piac var\u00e1zsg\u00f6mbj\u00e9be \u00e9s megl\u00e1ttad \u00e9leted lehet\u0151s\u00e9g\u00e9t? - E-volution - Super News","og_description":"[ad_1] Az ingatlanpiac megh\u00f3d\u00edt\u00e1s\u00e1r\u00f3l \u00e1br\u00e1ndozol? Belen\u00e9zt\u00e9l a piac var\u00e1zsg\u00f6mbj\u00e9be \u00e9s megl\u00e1ttad \u00e9leted lehet\u0151s\u00e9g\u00e9t? Akkor elj\u00f6tt a te id\u0151d! Jelentkezz a HubHub Pitch Night-j\u00e1ra, Magyarorsz\u00e1g els\u0151 proptech verseny\u00e9re, amely a HB Reavis szakmai t\u00e1mogat\u00e1s\u00e1val j\u00f6n l\u00e9tre! A HubHub c\u00e9lja, hogy a helyi \u00e9s k\u00f6z\u00e9p-kelet-eur\u00f3pai \u00f6kosziszt\u00e9ma motorj\u00e1v\u00e1 v\u00e1ljon a proptech ipar\u00e1gban. Azt szeretn\u00e9nk, ha ezt a kih\u00edv\u00e1st [&hellip;]","og_url":"https:\/\/super-news.info\/hu\/beleneztel-a-piac-varazsgombjebe-es-meglattad-eleted-lehetoseget-e-volution\/","og_site_name":"Super News","article_published_time":"2019-05-22T16:45:31+00:00","article_modified_time":"2019-05-22T16:45:32+00:00","og_image":[{"width":700,"height":358,"url":"https:\/\/super-news.info\/hu\/wp-content\/uploads\/sites\/3\/2019\/05\/Belen\u00e9zt\u00e9l-a-piac-var\u00e1zsg\u00f6mbj\u00e9be-\u00e9s-megl\u00e1ttad-\u00e9leted-lehet\u0151s\u00e9g\u00e9t-E-volution.jpg","type":"image\/jpeg"}],"author":"super-news","twitter_card":"summary_large_image","twitter_misc":{"Szerz\u0151:":"super-news","Becs\u00fclt olvas\u00e1si id\u0151":"2 perc"},"schema":{"@context":"https:\/\/schema.org","@graph":[{"@type":"Article","@id":"https:\/\/super-news.info\/hu\/beleneztel-a-piac-varazsgombjebe-es-meglattad-eleted-lehetoseget-e-volution\/#article","isPartOf":{"@id":"https:\/\/super-news.info\/hu\/beleneztel-a-piac-varazsgombjebe-es-meglattad-eleted-lehetoseget-e-volution\/"},"author":{"name":"super-news","@id":"https:\/\/super-news.info\/hu\/#\/schema\/person\/2d4068cb2f39cd10008c2fce578a7356"},"headline":"Belen\u00e9zt\u00e9l a piac var\u00e1zsg\u00f6mbj\u00e9be \u00e9s megl\u00e1ttad \u00e9leted lehet\u0151s\u00e9g\u00e9t? &#8211; E-volution","datePublished":"2019-05-22T16:45:31+00:00","dateModified":"2019-05-22T16:45:32+00:00","mainEntityOfPage":{"@id":"https:\/\/super-news.info\/hu\/beleneztel-a-piac-varazsgombjebe-es-meglattad-eleted-lehetoseget-e-volution\/"},"wordCount":437,"commentCount":0,"image":{"@id":"https:\/\/super-news.info\/hu\/beleneztel-a-piac-varazsgombjebe-es-meglattad-eleted-lehetoseget-e-volution\/#primaryimage"},"thumbnailUrl":"https:\/\/super-news.info\/hu\/wp-content\/uploads\/sites\/3\/2019\/05\/Belen\u00e9zt\u00e9l-a-piac-var\u00e1zsg\u00f6mbj\u00e9be-\u00e9s-megl\u00e1ttad-\u00e9leted-lehet\u0151s\u00e9g\u00e9t-E-volution.jpg","articleSection":["DIGIT\u00c1LIS MARKETING H\u00cdREK"],"inLanguage":"hu","potentialAction":[{"@type":"CommentAction","name":"Comment","target":["https:\/\/super-news.info\/hu\/beleneztel-a-piac-varazsgombjebe-es-meglattad-eleted-lehetoseget-e-volution\/#respond"]}]},{"@type":"WebPage","@id":"https:\/\/super-news.info\/hu\/beleneztel-a-piac-varazsgombjebe-es-meglattad-eleted-lehetoseget-e-volution\/","url":"https:\/\/super-news.info\/hu\/beleneztel-a-piac-varazsgombjebe-es-meglattad-eleted-lehetoseget-e-volution\/","name":"Belen\u00e9zt\u00e9l a piac var\u00e1zsg\u00f6mbj\u00e9be \u00e9s megl\u00e1ttad \u00e9leted lehet\u0151s\u00e9g\u00e9t? - E-volution - Super News","isPartOf":{"@id":"https:\/\/super-news.info\/hu\/#website"},"primaryImageOfPage":{"@id":"https:\/\/super-news.info\/hu\/beleneztel-a-piac-varazsgombjebe-es-meglattad-eleted-lehetoseget-e-volution\/#primaryimage"},"image":{"@id":"https:\/\/super-news.info\/hu\/beleneztel-a-piac-varazsgombjebe-es-meglattad-eleted-lehetoseget-e-volution\/#primaryimage"},"thumbnailUrl":"https:\/\/super-news.info\/hu\/wp-content\/uploads\/sites\/3\/2019\/05\/Belen\u00e9zt\u00e9l-a-piac-var\u00e1zsg\u00f6mbj\u00e9be-\u00e9s-megl\u00e1ttad-\u00e9leted-lehet\u0151s\u00e9g\u00e9t-E-volution.jpg","datePublished":"2019-05-22T16:45:31+00:00","dateModified":"2019-05-22T16:45:32+00:00","author":{"@id":"https:\/\/super-news.info\/hu\/#\/schema\/person\/2d4068cb2f39cd10008c2fce578a7356"},"breadcrumb":{"@id":"https:\/\/super-news.info\/hu\/beleneztel-a-piac-varazsgombjebe-es-meglattad-eleted-lehetoseget-e-volution\/#breadcrumb"},"inLanguage":"hu","potentialAction":[{"@type":"ReadAction","target":["https:\/\/super-news.info\/hu\/beleneztel-a-piac-varazsgombjebe-es-meglattad-eleted-lehetoseget-e-volution\/"]}]},{"@type":"ImageObject","inLanguage":"hu","@id":"https:\/\/super-news.info\/hu\/beleneztel-a-piac-varazsgombjebe-es-meglattad-eleted-lehetoseget-e-volution\/#primaryimage","url":"https:\/\/super-news.info\/hu\/wp-content\/uploads\/sites\/3\/2019\/05\/Belen\u00e9zt\u00e9l-a-piac-var\u00e1zsg\u00f6mbj\u00e9be-\u00e9s-megl\u00e1ttad-\u00e9leted-lehet\u0151s\u00e9g\u00e9t-E-volution.jpg","contentUrl":"https:\/\/super-news.info\/hu\/wp-content\/uploads\/sites\/3\/2019\/05\/Belen\u00e9zt\u00e9l-a-piac-var\u00e1zsg\u00f6mbj\u00e9be-\u00e9s-megl\u00e1ttad-\u00e9leted-lehet\u0151s\u00e9g\u00e9t-E-volution.jpg","width":700,"height":358,"caption":"Belen\u00e9zt\u00e9l a piac var\u00e1zsg\u00f6mbj\u00e9be \u00e9s megl\u00e1ttad \u00e9leted lehet\u0151s\u00e9g\u00e9t? - E-volution"},{"@type":"BreadcrumbList","@id":"https:\/\/super-news.info\/hu\/beleneztel-a-piac-varazsgombjebe-es-meglattad-eleted-lehetoseget-e-volution\/#breadcrumb","itemListElement":[{"@type":"ListItem","position":1,"name":"\u0413\u043b\u0430\u0432\u043d\u0430\u044f \u0441\u0442\u0440\u0430\u043d\u0438\u0446\u0430","item":"https:\/\/super-news.info\/hu\/"},{"@type":"ListItem","position":2,"name":"Belen\u00e9zt\u00e9l a piac var\u00e1zsg\u00f6mbj\u00e9be \u00e9s megl\u00e1ttad \u00e9leted lehet\u0151s\u00e9g\u00e9t? &#8211; E-volution"}]},{"@type":"WebSite","@id":"https:\/\/super-news.info\/hu\/#website","url":"https:\/\/super-news.info\/hu\/","name":"Super News","description":"Super News Magyarorsz\u00e1g","potentialAction":[{"@type":"SearchAction","target":{"@type":"EntryPoint","urlTemplate":"https:\/\/super-news.info\/hu\/?s={search_term_string}"},"query-input":{"@type":"PropertyValueSpecification","valueRequired":true,"valueName":"search_term_string"}}],"inLanguage":"hu"},{"@type":"Person","@id":"https:\/\/super-news.info\/hu\/#\/schema\/person\/2d4068cb2f39cd10008c2fce578a7356","name":"super-news","image":{"@type":"ImageObject","inLanguage":"hu","@id":"https:\/\/secure.gravatar.com\/avatar\/64ebac40b93f26a154f8a9b5b6fdccfc46f442b26b3dd6756dbff3bf9dc76fd7?s=96&d=mm&r=g","url":"https:\/\/secure.gravatar.com\/avatar\/64ebac40b93f26a154f8a9b5b6fdccfc46f442b26b3dd6756dbff3bf9dc76fd7?s=96&d=mm&r=g","contentUrl":"https:\/\/secure.gravatar.com\/avatar\/64ebac40b93f26a154f8a9b5b6fdccfc46f442b26b3dd6756dbff3bf9dc76fd7?s=96&d=mm&r=g","caption":"super-news"},"url":"https:\/\/super-news.info\/hu\/author\/pt\/"}]}},"_links":{"self":[{"href":"https:\/\/super-news.info\/hu\/wp-json\/wp\/v2\/posts\/2487","targetHints":{"allow":["GET"]}}],"collection":[{"href":"https:\/\/super-news.info\/hu\/wp-json\/wp\/v2\/posts"}],"about":[{"href":"https:\/\/super-news.info\/hu\/wp-json\/wp\/v2\/types\/post"}],"author":[{"embeddable":true,"href":"https:\/\/super-news.info\/hu\/wp-json\/wp\/v2\/users\/2"}],"replies":[{"embeddable":true,"href":"https:\/\/super-news.info\/hu\/wp-json\/wp\/v2\/comments?post=2487"}],"version-history":[{"count":1,"href":"https:\/\/super-news.info\/hu\/wp-json\/wp\/v2\/posts\/2487\/revisions"}],"predecessor-version":[{"id":2489,"href":"https:\/\/super-news.info\/hu\/wp-json\/wp\/v2\/posts\/2487\/revisions\/2489"}],"wp:featuredmedia":[{"embeddable":true,"href":"https:\/\/super-news.info\/hu\/wp-json\/wp\/v2\/media\/2488"}],"wp:attachment":[{"href":"https:\/\/super-news.info\/hu\/wp-json\/wp\/v2\/media?parent=2487"}],"wp:term":[{"taxonomy":"category","embeddable":true,"href":"https:\/\/super-news.info\/hu\/wp-json\/wp\/v2\/categories?post=2487"},{"taxonomy":"post_tag","embeddable":true,"href":"https:\/\/super-news.info\/hu\/wp-json\/wp\/v2\/tags?post=2487"}],"curies":[{"name":"wp","href":"https:\/\/api.w.org\/{rel}","templated":true}]}}