{"id":2219,"date":"2019-05-18T20:44:17","date_gmt":"2019-05-18T17:44:17","guid":{"rendered":"https:\/\/super-news.info\/hu\/hogyan-vedjuk-gyermekeinket-a-digitalis-veszelyektol-kozossegi-media\/"},"modified":"2019-05-18T20:44:18","modified_gmt":"2019-05-18T17:44:18","slug":"hogyan-vedjuk-gyermekeinket-a-digitalis-veszelyektol-kozossegi-media","status":"publish","type":"post","link":"https:\/\/super-news.info\/hu\/hogyan-vedjuk-gyermekeinket-a-digitalis-veszelyektol-kozossegi-media\/","title":{"rendered":"Hogyan v\u00e9dj\u00fck gyermekeinket a digit\u00e1lis vesz\u00e9lyekt\u0151l? &#8211; K\u00f6z\u00f6ss\u00e9gi m\u00e9dia"},"content":{"rendered":"<p> [ad_1]<br \/>\n<\/p>\n<p>Csal\u00e1dunk \u00e9s szeretteink biztons\u00e1ga mindenki sz\u00e1m\u00e1ra kulcsfontoss\u00e1g\u00fa. Mindez m\u00e1jusban pedig k\u00fcl\u00f6n\u00f6sen aktu\u00e1lis, hiszen az \u00e9desany\u00e1k napja mellett ebben a h\u00f3napban \u00fcnnepelj\u00fck a csal\u00e1dokat \u00e9s a gyermeknapot is. Digit\u00e1lis vil\u00e1gunkban ma m\u00e1r sokkal t\u00f6bbf\u00e9le vesz\u00e9lynek van kit\u00e9ve egy fiatal, mint az ezt megel\u0151z\u0151 korszakokban sz\u00fcleink, nagysz\u00fcleink. Friss statisztik\u00e1k szerint a mai fiatalok ak\u00e1r napi 10-11 \u00f3r\u00e1t is a \u2033neten l\u00f3gnak\u2033, ahol ak\u00e1r egy chat\u00fczenetben, e-mailben vagy j\u00e1t\u00e9kon kereszt\u00fcl is \u00e9rkezhet v\u00edrus, amelynek seg\u00edts\u00e9g\u00e9vel t\u00e1voli t\u00e1mad\u00f3k hozz\u00e1f\u00e9rhetnek szem\u00e9lyes adatainkhoz, vagy a webkamer\u00e1kon kereszt\u00fcl leshetik meg gyermekeinket. Tudatos sz\u00fcl\u0151k\u00e9nt mindent meg kell tenni az\u00e9rt, hogy meg\u00f3vjuk \u0151ket a neten kering\u0151 k\u00f6zel 900 milli\u00f3 v\u00edrust\u00f3l, megt\u00e9veszt\u00e9sekt\u0151l, csal\u00f3kt\u00f3l, pedofilokt\u00f3l.<\/p>\n<div id=\"article_text\">\n<p>A vil\u00e1gh\u00e1l\u00f3 tem\u00e9rdek lehet\u0151s\u00e9get ny\u00fajt tanul\u00e1sra, sz\u00f3rakoz\u00e1sra, inform\u00e1ci\u00f3gy\u0171jt\u00e9sre, \u00e9s azonnali kapcsolattart\u00e1sra, amelyek az \u00e9let sz\u00e1mos ter\u00fclet\u00e9n el\u0151nyt, gyorsas\u00e1got \u00e9s k\u00e9nyelmet jelentenek, de fontos, hogy tiszt\u00e1ban legy\u00fcnk az online t\u00e9r lehets\u00e9ges vesz\u00e9lyeivel is. A nem megfelel\u0151 internethaszn\u00e1latnak ugyanis sz\u00e1mos \u00e1rnyoldala van, melyek f\u0151leg a gyan\u00fatlan kiskor\u00faak biztons\u00e1g\u00e1t fenyegetik. A mai fiatalok gyakorta j\u00e1rtasabbak az eszk\u00f6z\u00f6k technikai kezel\u00e9s\u00e9ben, \u00e9s sz\u00e1mtalan modern programot, szolg\u00e1ltat\u00e1st, \u00faj lehet\u0151s\u00e9get ismernek \u00e9s haszn\u00e1lnak napi szinten, \u00e1m online viselked\u00e9s\u00fck sok esetben nem felel\u0151ss\u00e9gteljes \u00e9s \u00e9rzelmileg sebezhet\u0151ek. Emiatt biztons\u00e1gos digit\u00e1lis szocializ\u00e1ci\u00f3juk\u00e9rt a feln\u0151ttek, a sz\u00fcl\u0151k felelnek. A m\u00e9g kiegyens\u00falyozatlan \u00e9rt\u00e9krenddel rendelkez\u0151 fiatal gener\u00e1ci\u00f3 tagjai ugyanis csak fokozatosan \u00e9brednek r\u00e1 az interneten r\u00e1juk leselked\u0151 kock\u00e1zatokra, vagy \u00e9ppen saj\u00e1t tetteik felel\u0151ss\u00e9g\u00e9re.<\/p>\n<p>Egy 2018-as kutat\u00e1s azt mutatja, hogy a millenniumi nemzed\u00e9k tagjai egy nap ak\u00e1r 11 \u00f3r\u00e1t is k\u00e9pesek a k\u00fcl\u00f6nf\u00e9le digit\u00e1lis eszk\u00f6zeiken t\u00f6lteni, ez a n\u00f6vekv\u0151 haszn\u00e1lati tendencia pedig vil\u00e1gszerte \u00e9rz\u00e9kelhet\u0151. Az internet sz\u00e1mukra nem eszk\u00f6z, hanem \u00e9lett\u00e9r, \u00e9rdekli \u0151ket a rengeteg lehet\u0151s\u00e9g, nek\u00fcnk feln\u0151tteknek pedig az a hatalmas kih\u00edv\u00e1s, hogy b\u00e1r k\u00f6zben mi is tanuljuk az online j\u00e1rtass\u00e1got, itt kell \u0151ket hat\u00e9konyan megv\u00e9deni. Egy eur\u00f3pai felm\u00e9r\u00e9s szerint p\u00e9ld\u00e1ul a k\u00e9t \u00e9ves gyermekek 30%-a haszn\u00e1lt m\u00e1r t\u00e1blag\u00e9pet, 10 %-uknak pedig a tablet volt az els\u0151 szava, ami el\u00e9g ijeszt\u0151 statisztikai adat. Ez a hat\u00e1rok \u00e9s korl\u00e1tok n\u00e9lk\u00fcli, t\u00falzottan enged\u00e9keny online jelenl\u00e9t, mindamellett, hogy komoly f\u00fcgg\u0151s\u00e9get okozhat, szem\u00e9lyis\u00e9gtorzul\u00e1shoz is vezethet, hiszen a virtu\u00e1lis inform\u00e1ci\u00f3\u00e1radat hat\u00e1s\u00e1ra fokozatosan gyeng\u00fcl a fiatal szervezet val\u00f3s\u00e1g\u00e9rzete, besz\u0171k\u00fclnek az \u00e9rzelmek, \u00e9s    gyeng\u00fcl az \u00e9l\u0151besz\u00e9des kommunik\u00e1ci\u00f3, egyre emelkedik az online tartalmakt\u00f3l elv\u00e1rt izgalmi ingerk\u00fcsz\u00f6b.<br \/><strong><br \/>T\u00edzb\u0151l 4 gyermeket \u00e9rint a \u201ecyberbullying\u201d<\/strong><br \/>A folyamatos internethaszn\u00e1lat mellett az online t\u00e9r egyik legjelent\u0151sebb vesz\u00e9lye az \u00fagynevezett \u201ecyberbullying\u201d, azaz az online megf\u00e9leml\u00edt\u00e9s, b\u00e1ntalmaz\u00e1s, zaklat\u00e1s, kik\u00f6z\u00f6s\u00edt\u00e9s, cs\u00fafol\u00e1s. Ennek sokf\u00e9le megjelen\u00e9si form\u00e1j\u00e1t ismerj\u00fck, mivel pedig online csatorn\u00e1kon zajl\u00f3 folyamatr\u00f3l van sz\u00f3, nem z\u00e1rul le, ha a tanul\u00f3 kil\u00e9p az iskola kapuj\u00e1n, hanem 0-24-ben kaphatja a becsm\u00e9rl\u0151, fenyeget\u0151 \u00fczeneteket, kommenteket. Egy kor\u00e1bbi budapesti iskol\u00e1kban k\u00e9sz\u00fclt statisztik\u00e1b\u00f3l is az der\u00fclt ki, hogy maguk a gyerekek pontosan ett\u0151l a vesz\u00e9lyt\u0151l f\u00e9lnek a legink\u00e1bb. Az online vil\u00e1g t\u00e9rh\u00f3d\u00edt\u00e1s\u00e1val emellett a gyermekek m\u00e1r egyre fiatalabb korukban ki vannak t\u00e9ve a digit\u00e1lis t\u00e9r szexu\u00e1lis b\u0171n\u00f6z\u0151inek, ez ellen is fel kell k\u00e9sz\u00edts\u00fck, \u00e9s meg kell v\u00e9delmezn\u00fcnk \u0151ket. Egy magyar kutat\u00e1s szerint gyermekeink \u00e1tlagosan 9 \u00e9ves korukra m\u00e1r \u00f6n\u00e1ll\u00f3an haszn\u00e1lj\u00e1k a vil\u00e1gh\u00e1l\u00f3t. Ez az egyre kor\u00e1bbi \u00e9letkorra tol\u00f3d\u00f3 tendencia pedig azt vet\u00edti el\u0151re, hogy p\u00e1r \u00e9ven bel\u00fcl ak\u00e1r m\u00e1r az 5-6 \u00e9ves koroszt\u00e1ly tagjai is \u00e1lland\u00f3 felhaszn\u00e1l\u00f3iv\u00e1 v\u00e1lhatnak az internetnek a t\u00falzott sz\u00fcl\u0151i enged\u00e9kenys\u00e9g miatt, \u00edgy id\u0151vel m\u00e9g fiatalabbak lehetnek a c\u00e9lpontjai a digit\u00e1lis vil\u00e1g vesz\u00e9lyeinek.<br \/><strong><br \/>\u00c9rt\u00e9kteremt\u0151 internethaszn\u00e1lat<\/strong><br \/>A sz\u00fcl\u0151k, illetve a csal\u00e1d felel\u0151s hozz\u00e1\u00e1ll\u00e1sa kulcsfontoss\u00e1g\u00fa szerepet t\u00f6lt be a gyermekek online jelenl\u00e9t\u00e9t illet\u0151en. Sajnos azonban csak kev\u00e9s sz\u00fcl\u0151 rendelkezik megfelel\u0151 tud\u00e1ssal \u00e9s tapasztalattal a tudatos internethaszn\u00e1latot illet\u0151en, tov\u00e1bb\u00e1 annak vesz\u00e9lyeivel \u00e9s kock\u00e1zataival sincs teljes m\u00e9rt\u00e9kben tiszt\u00e1ban. Fontos, hogy hat\u00e9konyan megv\u00e9dhess\u00fck csal\u00e1dunkat, szeretteinket az internet vesz\u00e9lyes fenyeget\u00e9seit\u0151l, nagy r\u00e9szben az\u00e1ltal, hogy felk\u00e9sz\u00edtj\u00fck gyermekeinket a biztons\u00e1gtudatos, \u00e9rt\u00e9kteremt\u0151 internethaszn\u00e1latra.<\/p>\n<p>Erre term\u00e9szetesen egyre ink\u00e1bb odafigyelnek a v\u00edrusv\u00e9delmi programokkal foglalkoz\u00f3 c\u00e9gek is. Csizmazia-Darab Istv\u00e1n, a Sicontact Kft. IT biztons\u00e1gi szak\u00e9rt\u0151je p\u00e9ld\u00e1ul arra is felh\u00edvja a figyelmet, hogy nem elegend\u0151 a hagyom\u00e1nyos asztali sz\u00e1m\u00edt\u00f3g\u00e9pek v\u00e9delme, hanem kiemelten fontos a mobileszk\u00f6z\u00f6k v\u00edrusmentess\u00e9g\u00e9re is figyelni, valamint \u00e9rdemes k\u00fcl\u00f6n mobileszk\u00f6z\u00f6s sz\u00fcl\u0151i fel\u00fcgyelet megold\u00e1st is v\u00e1lasztani. \u201eAz a c\u00e9lunk, hogy a vil\u00e1gh\u00e1l\u00f3n jelentkez\u0151 vesz\u00e9lyekt\u0151l meg\u00f3vhassuk internetez\u0151 gyermekeinket, ehhez pedig korszer\u0171 megold\u00e1sok \u00e9s eszk\u00f6z\u00f6k kellenek, hiszen szinte naponta bukkannak fel \u00faj t\u00edpus\u00fa vesz\u00e9lyforr\u00e1sok, fenyeget\u00e9sek.\u201d \u2013 mondta a szak\u00e9rt\u0151.<br \/><strong><br \/>M\u00e1jus a csal\u00e1dok h\u00f3napja <\/strong><br \/>A gyerekek a megn\u00f6vekedett online jelenl\u00e9t miatt egyre gyakrabban ker\u00fclhetnek vesz\u00e9lybe. Technikai oldalr\u00f3l is kulcsfontoss\u00e1g\u00fa a v\u00e9delm\u00fck, ugyanakkor biztons\u00e1gtudatos viselked\u00e9sre is meg kell \u0151ket tan\u00edtani, amiben a t\u00e1j\u00e9kozott \u00e9s j\u00f3 p\u00e9ld\u00e1t mutat\u00f3 sz\u00fcl\u0151 felel\u0151ss\u00e9ge megker\u00fclhetetlen. T\u00e1j\u00e9kozotts\u00e1guk, tudatoss\u00e1guk az internetes t\u00e9rben manaps\u00e1g sokkal fontosabb, mint valaha, feln\u0151ve pedig munk\u00e1juk \u00e9s mag\u00e1n\u00e9let\u00fck sor\u00e1n ezek az ismeretek n\u00e9lk\u00fcl\u00f6zhetetlenek lesznek. Ennek siker\u00e9hez pedig az okos szab\u00e1lyokhoz k\u00f6t\u00f6tt internet haszn\u00e1lat, a naprak\u00e9sz v\u00e9delmi program, \u00e9s az online \u00e9let t\u00f6rt\u00e9n\u00e9seir\u0151l val\u00f3 rendszeres besz\u00e9lget\u00e9s a sz\u00fcl\u0151kkel, a feln\u0151ttek mutatott j\u00f3 p\u00e9ld\u00e1ja j\u00e1rulhatnak hozz\u00e1.<\/p>\n<p>\u201eMindig is fontosnak tartottuk a gyerekek digit\u00e1lis biztons\u00e1g\u00e1t, amely most a csal\u00e1dok h\u00f3napja sor\u00e1n m\u00e9g ink\u00e1bb el\u0151t\u00e9rbe ker\u00fcl. K\u00fcldet\u00e9s\u00fcnknek tekintj\u00fck, hogy min\u00e9l t\u00f6bb csal\u00e1d sz\u00e1m\u00e1ra el\u00e9rhet\u0151v\u00e9 tegy\u00fck a biztons\u00e1gos \u00e9s min\u0151s\u00e9gi v\u00edrusv\u00e9delmet\u201d \u2013 tette hozz\u00e1 Csizmazia-Darab Istv\u00e1n.<\/p>\n<p><em><em style=\"color: #171717; font-size: 16px;\"><em><strong><em><em><em><em>K\u00f6vesd az oldalunkat a\u00a0<strong>Facebook-on<\/strong> \u00e9s a\u00a0<strong><a href=\"https:\/\/twitter.com\/digitalhungary\" target=\"_blank\" rel=\"noopener noreferrer\">Twitteren<\/a><\/strong> is!<\/em><\/em><\/em><\/em><\/strong><\/em><\/em><\/em><\/p>\n<\/div>\n<p><script async src=\"http:\/\/platform.twitter.com\/widgets.js\" charset=\"utf-8\"><\/script><br \/>\n<br \/>[ad_2]<br \/>\n<br \/><a href=\"https:\/\/www.digitalhungary.hu\/kozossegi-media\/Hogyan-vedjuk-gyermekeinket-a-digitalis-veszelyektol\/8588\/\">Source link <\/a><\/p>\n","protected":false},"excerpt":{"rendered":"<p>[ad_1] Csal\u00e1dunk \u00e9s szeretteink biztons\u00e1ga mindenki sz\u00e1m\u00e1ra kulcsfontoss\u00e1g\u00fa. Mindez m\u00e1jusban pedig k\u00fcl\u00f6n\u00f6sen aktu\u00e1lis, hiszen az \u00e9desany\u00e1k napja mellett ebben a h\u00f3napban \u00fcnnepelj\u00fck a csal\u00e1dokat \u00e9s a gyermeknapot is. Digit\u00e1lis vil\u00e1gunkban ma m\u00e1r sokkal t\u00f6bbf\u00e9le vesz\u00e9lynek van kit\u00e9ve egy fiatal, mint az ezt megel\u0151z\u0151 korszakokban sz\u00fcleink, nagysz\u00fcleink. Friss statisztik\u00e1k szerint a mai fiatalok ak\u00e1r napi 10-11 [&hellip;]<\/p>\n","protected":false},"author":2,"featured_media":2220,"comment_status":"open","ping_status":"open","sticky":false,"template":"","format":"standard","meta":{"footnotes":""},"categories":[2],"tags":[],"class_list":["post-2219","post","type-post","status-publish","format-standard","has-post-thumbnail","hentry","category-digitalis-marketing-hirek"],"yoast_head":"<!-- This site is optimized with the Yoast SEO plugin v27.4 - https:\/\/yoast.com\/product\/yoast-seo-wordpress\/ -->\n<title>Hogyan v\u00e9dj\u00fck gyermekeinket a digit\u00e1lis vesz\u00e9lyekt\u0151l? - K\u00f6z\u00f6ss\u00e9gi m\u00e9dia - Super News<\/title>\n<meta name=\"robots\" content=\"index, follow, max-snippet:-1, max-image-preview:large, max-video-preview:-1\" \/>\n<link rel=\"canonical\" href=\"https:\/\/super-news.info\/hu\/hogyan-vedjuk-gyermekeinket-a-digitalis-veszelyektol-kozossegi-media\/\" \/>\n<meta property=\"og:locale\" content=\"hu_HU\" \/>\n<meta property=\"og:type\" content=\"article\" \/>\n<meta property=\"og:title\" content=\"Hogyan v\u00e9dj\u00fck gyermekeinket a digit\u00e1lis vesz\u00e9lyekt\u0151l? - K\u00f6z\u00f6ss\u00e9gi m\u00e9dia - Super News\" \/>\n<meta property=\"og:description\" content=\"[ad_1] Csal\u00e1dunk \u00e9s szeretteink biztons\u00e1ga mindenki sz\u00e1m\u00e1ra kulcsfontoss\u00e1g\u00fa. Mindez m\u00e1jusban pedig k\u00fcl\u00f6n\u00f6sen aktu\u00e1lis, hiszen az \u00e9desany\u00e1k napja mellett ebben a h\u00f3napban \u00fcnnepelj\u00fck a csal\u00e1dokat \u00e9s a gyermeknapot is. Digit\u00e1lis vil\u00e1gunkban ma m\u00e1r sokkal t\u00f6bbf\u00e9le vesz\u00e9lynek van kit\u00e9ve egy fiatal, mint az ezt megel\u0151z\u0151 korszakokban sz\u00fcleink, nagysz\u00fcleink. Friss statisztik\u00e1k szerint a mai fiatalok ak\u00e1r napi 10-11 [&hellip;]\" \/>\n<meta property=\"og:url\" content=\"https:\/\/super-news.info\/hu\/hogyan-vedjuk-gyermekeinket-a-digitalis-veszelyektol-kozossegi-media\/\" \/>\n<meta property=\"og:site_name\" content=\"Super News\" \/>\n<meta property=\"article:published_time\" content=\"2019-05-18T17:44:17+00:00\" \/>\n<meta property=\"article:modified_time\" content=\"2019-05-18T17:44:18+00:00\" \/>\n<meta property=\"og:image\" content=\"https:\/\/super-news.info\/hu\/wp-content\/uploads\/sites\/3\/2019\/05\/Hogyan-v\u00e9dj\u00fck-gyermekeinket-a-digit\u00e1lis-vesz\u00e9lyekt\u0151l-K\u00f6z\u00f6ss\u00e9gi-m\u00e9dia.jpg\" \/>\n\t<meta property=\"og:image:width\" content=\"819\" \/>\n\t<meta property=\"og:image:height\" content=\"584\" \/>\n\t<meta property=\"og:image:type\" content=\"image\/jpeg\" \/>\n<meta name=\"author\" content=\"super-news\" \/>\n<meta name=\"twitter:card\" content=\"summary_large_image\" \/>\n<meta name=\"twitter:label1\" content=\"Szerz\u0151:\" \/>\n\t<meta name=\"twitter:data1\" content=\"super-news\" \/>\n\t<meta name=\"twitter:label2\" content=\"Becs\u00fclt olvas\u00e1si id\u0151\" \/>\n\t<meta name=\"twitter:data2\" content=\"6 perc\" \/>\n<script type=\"application\/ld+json\" class=\"yoast-schema-graph\">{\"@context\":\"https:\\\/\\\/schema.org\",\"@graph\":[{\"@type\":\"Article\",\"@id\":\"https:\\\/\\\/super-news.info\\\/hu\\\/hogyan-vedjuk-gyermekeinket-a-digitalis-veszelyektol-kozossegi-media\\\/#article\",\"isPartOf\":{\"@id\":\"https:\\\/\\\/super-news.info\\\/hu\\\/hogyan-vedjuk-gyermekeinket-a-digitalis-veszelyektol-kozossegi-media\\\/\"},\"author\":{\"name\":\"super-news\",\"@id\":\"https:\\\/\\\/super-news.info\\\/hu\\\/#\\\/schema\\\/person\\\/2d4068cb2f39cd10008c2fce578a7356\"},\"headline\":\"Hogyan v\u00e9dj\u00fck gyermekeinket a digit\u00e1lis vesz\u00e9lyekt\u0151l? &#8211; K\u00f6z\u00f6ss\u00e9gi m\u00e9dia\",\"datePublished\":\"2019-05-18T17:44:17+00:00\",\"dateModified\":\"2019-05-18T17:44:18+00:00\",\"mainEntityOfPage\":{\"@id\":\"https:\\\/\\\/super-news.info\\\/hu\\\/hogyan-vedjuk-gyermekeinket-a-digitalis-veszelyektol-kozossegi-media\\\/\"},\"wordCount\":1272,\"commentCount\":0,\"image\":{\"@id\":\"https:\\\/\\\/super-news.info\\\/hu\\\/hogyan-vedjuk-gyermekeinket-a-digitalis-veszelyektol-kozossegi-media\\\/#primaryimage\"},\"thumbnailUrl\":\"https:\\\/\\\/super-news.info\\\/hu\\\/wp-content\\\/uploads\\\/sites\\\/3\\\/2019\\\/05\\\/Hogyan-v\u00e9dj\u00fck-gyermekeinket-a-digit\u00e1lis-vesz\u00e9lyekt\u0151l-K\u00f6z\u00f6ss\u00e9gi-m\u00e9dia.jpg\",\"articleSection\":[\"DIGIT\u00c1LIS MARKETING H\u00cdREK\"],\"inLanguage\":\"hu\",\"potentialAction\":[{\"@type\":\"CommentAction\",\"name\":\"Comment\",\"target\":[\"https:\\\/\\\/super-news.info\\\/hu\\\/hogyan-vedjuk-gyermekeinket-a-digitalis-veszelyektol-kozossegi-media\\\/#respond\"]}]},{\"@type\":\"WebPage\",\"@id\":\"https:\\\/\\\/super-news.info\\\/hu\\\/hogyan-vedjuk-gyermekeinket-a-digitalis-veszelyektol-kozossegi-media\\\/\",\"url\":\"https:\\\/\\\/super-news.info\\\/hu\\\/hogyan-vedjuk-gyermekeinket-a-digitalis-veszelyektol-kozossegi-media\\\/\",\"name\":\"Hogyan v\u00e9dj\u00fck gyermekeinket a digit\u00e1lis vesz\u00e9lyekt\u0151l? - K\u00f6z\u00f6ss\u00e9gi m\u00e9dia - Super News\",\"isPartOf\":{\"@id\":\"https:\\\/\\\/super-news.info\\\/hu\\\/#website\"},\"primaryImageOfPage\":{\"@id\":\"https:\\\/\\\/super-news.info\\\/hu\\\/hogyan-vedjuk-gyermekeinket-a-digitalis-veszelyektol-kozossegi-media\\\/#primaryimage\"},\"image\":{\"@id\":\"https:\\\/\\\/super-news.info\\\/hu\\\/hogyan-vedjuk-gyermekeinket-a-digitalis-veszelyektol-kozossegi-media\\\/#primaryimage\"},\"thumbnailUrl\":\"https:\\\/\\\/super-news.info\\\/hu\\\/wp-content\\\/uploads\\\/sites\\\/3\\\/2019\\\/05\\\/Hogyan-v\u00e9dj\u00fck-gyermekeinket-a-digit\u00e1lis-vesz\u00e9lyekt\u0151l-K\u00f6z\u00f6ss\u00e9gi-m\u00e9dia.jpg\",\"datePublished\":\"2019-05-18T17:44:17+00:00\",\"dateModified\":\"2019-05-18T17:44:18+00:00\",\"author\":{\"@id\":\"https:\\\/\\\/super-news.info\\\/hu\\\/#\\\/schema\\\/person\\\/2d4068cb2f39cd10008c2fce578a7356\"},\"breadcrumb\":{\"@id\":\"https:\\\/\\\/super-news.info\\\/hu\\\/hogyan-vedjuk-gyermekeinket-a-digitalis-veszelyektol-kozossegi-media\\\/#breadcrumb\"},\"inLanguage\":\"hu\",\"potentialAction\":[{\"@type\":\"ReadAction\",\"target\":[\"https:\\\/\\\/super-news.info\\\/hu\\\/hogyan-vedjuk-gyermekeinket-a-digitalis-veszelyektol-kozossegi-media\\\/\"]}]},{\"@type\":\"ImageObject\",\"inLanguage\":\"hu\",\"@id\":\"https:\\\/\\\/super-news.info\\\/hu\\\/hogyan-vedjuk-gyermekeinket-a-digitalis-veszelyektol-kozossegi-media\\\/#primaryimage\",\"url\":\"https:\\\/\\\/super-news.info\\\/hu\\\/wp-content\\\/uploads\\\/sites\\\/3\\\/2019\\\/05\\\/Hogyan-v\u00e9dj\u00fck-gyermekeinket-a-digit\u00e1lis-vesz\u00e9lyekt\u0151l-K\u00f6z\u00f6ss\u00e9gi-m\u00e9dia.jpg\",\"contentUrl\":\"https:\\\/\\\/super-news.info\\\/hu\\\/wp-content\\\/uploads\\\/sites\\\/3\\\/2019\\\/05\\\/Hogyan-v\u00e9dj\u00fck-gyermekeinket-a-digit\u00e1lis-vesz\u00e9lyekt\u0151l-K\u00f6z\u00f6ss\u00e9gi-m\u00e9dia.jpg\",\"width\":819,\"height\":584,\"caption\":\"Hogyan v\u00e9dj\u00fck gyermekeinket a digit\u00e1lis vesz\u00e9lyekt\u0151l? - K\u00f6z\u00f6ss\u00e9gi m\u00e9dia\"},{\"@type\":\"BreadcrumbList\",\"@id\":\"https:\\\/\\\/super-news.info\\\/hu\\\/hogyan-vedjuk-gyermekeinket-a-digitalis-veszelyektol-kozossegi-media\\\/#breadcrumb\",\"itemListElement\":[{\"@type\":\"ListItem\",\"position\":1,\"name\":\"\u0413\u043b\u0430\u0432\u043d\u0430\u044f \u0441\u0442\u0440\u0430\u043d\u0438\u0446\u0430\",\"item\":\"https:\\\/\\\/super-news.info\\\/hu\\\/\"},{\"@type\":\"ListItem\",\"position\":2,\"name\":\"Hogyan v\u00e9dj\u00fck gyermekeinket a digit\u00e1lis vesz\u00e9lyekt\u0151l? &#8211; K\u00f6z\u00f6ss\u00e9gi m\u00e9dia\"}]},{\"@type\":\"WebSite\",\"@id\":\"https:\\\/\\\/super-news.info\\\/hu\\\/#website\",\"url\":\"https:\\\/\\\/super-news.info\\\/hu\\\/\",\"name\":\"Super News\",\"description\":\"Super News Magyarorsz\u00e1g\",\"potentialAction\":[{\"@type\":\"SearchAction\",\"target\":{\"@type\":\"EntryPoint\",\"urlTemplate\":\"https:\\\/\\\/super-news.info\\\/hu\\\/?s={search_term_string}\"},\"query-input\":{\"@type\":\"PropertyValueSpecification\",\"valueRequired\":true,\"valueName\":\"search_term_string\"}}],\"inLanguage\":\"hu\"},{\"@type\":\"Person\",\"@id\":\"https:\\\/\\\/super-news.info\\\/hu\\\/#\\\/schema\\\/person\\\/2d4068cb2f39cd10008c2fce578a7356\",\"name\":\"super-news\",\"image\":{\"@type\":\"ImageObject\",\"inLanguage\":\"hu\",\"@id\":\"https:\\\/\\\/secure.gravatar.com\\\/avatar\\\/64ebac40b93f26a154f8a9b5b6fdccfc46f442b26b3dd6756dbff3bf9dc76fd7?s=96&d=mm&r=g\",\"url\":\"https:\\\/\\\/secure.gravatar.com\\\/avatar\\\/64ebac40b93f26a154f8a9b5b6fdccfc46f442b26b3dd6756dbff3bf9dc76fd7?s=96&d=mm&r=g\",\"contentUrl\":\"https:\\\/\\\/secure.gravatar.com\\\/avatar\\\/64ebac40b93f26a154f8a9b5b6fdccfc46f442b26b3dd6756dbff3bf9dc76fd7?s=96&d=mm&r=g\",\"caption\":\"super-news\"},\"url\":\"https:\\\/\\\/super-news.info\\\/hu\\\/author\\\/pt\\\/\"}]}<\/script>\n<!-- \/ Yoast SEO plugin. -->","yoast_head_json":{"title":"Hogyan v\u00e9dj\u00fck gyermekeinket a digit\u00e1lis vesz\u00e9lyekt\u0151l? - K\u00f6z\u00f6ss\u00e9gi m\u00e9dia - Super News","robots":{"index":"index","follow":"follow","max-snippet":"max-snippet:-1","max-image-preview":"max-image-preview:large","max-video-preview":"max-video-preview:-1"},"canonical":"https:\/\/super-news.info\/hu\/hogyan-vedjuk-gyermekeinket-a-digitalis-veszelyektol-kozossegi-media\/","og_locale":"hu_HU","og_type":"article","og_title":"Hogyan v\u00e9dj\u00fck gyermekeinket a digit\u00e1lis vesz\u00e9lyekt\u0151l? - K\u00f6z\u00f6ss\u00e9gi m\u00e9dia - Super News","og_description":"[ad_1] Csal\u00e1dunk \u00e9s szeretteink biztons\u00e1ga mindenki sz\u00e1m\u00e1ra kulcsfontoss\u00e1g\u00fa. Mindez m\u00e1jusban pedig k\u00fcl\u00f6n\u00f6sen aktu\u00e1lis, hiszen az \u00e9desany\u00e1k napja mellett ebben a h\u00f3napban \u00fcnnepelj\u00fck a csal\u00e1dokat \u00e9s a gyermeknapot is. Digit\u00e1lis vil\u00e1gunkban ma m\u00e1r sokkal t\u00f6bbf\u00e9le vesz\u00e9lynek van kit\u00e9ve egy fiatal, mint az ezt megel\u0151z\u0151 korszakokban sz\u00fcleink, nagysz\u00fcleink. Friss statisztik\u00e1k szerint a mai fiatalok ak\u00e1r napi 10-11 [&hellip;]","og_url":"https:\/\/super-news.info\/hu\/hogyan-vedjuk-gyermekeinket-a-digitalis-veszelyektol-kozossegi-media\/","og_site_name":"Super News","article_published_time":"2019-05-18T17:44:17+00:00","article_modified_time":"2019-05-18T17:44:18+00:00","og_image":[{"width":819,"height":584,"url":"https:\/\/super-news.info\/hu\/wp-content\/uploads\/sites\/3\/2019\/05\/Hogyan-v\u00e9dj\u00fck-gyermekeinket-a-digit\u00e1lis-vesz\u00e9lyekt\u0151l-K\u00f6z\u00f6ss\u00e9gi-m\u00e9dia.jpg","type":"image\/jpeg"}],"author":"super-news","twitter_card":"summary_large_image","twitter_misc":{"Szerz\u0151:":"super-news","Becs\u00fclt olvas\u00e1si id\u0151":"6 perc"},"schema":{"@context":"https:\/\/schema.org","@graph":[{"@type":"Article","@id":"https:\/\/super-news.info\/hu\/hogyan-vedjuk-gyermekeinket-a-digitalis-veszelyektol-kozossegi-media\/#article","isPartOf":{"@id":"https:\/\/super-news.info\/hu\/hogyan-vedjuk-gyermekeinket-a-digitalis-veszelyektol-kozossegi-media\/"},"author":{"name":"super-news","@id":"https:\/\/super-news.info\/hu\/#\/schema\/person\/2d4068cb2f39cd10008c2fce578a7356"},"headline":"Hogyan v\u00e9dj\u00fck gyermekeinket a digit\u00e1lis vesz\u00e9lyekt\u0151l? &#8211; K\u00f6z\u00f6ss\u00e9gi m\u00e9dia","datePublished":"2019-05-18T17:44:17+00:00","dateModified":"2019-05-18T17:44:18+00:00","mainEntityOfPage":{"@id":"https:\/\/super-news.info\/hu\/hogyan-vedjuk-gyermekeinket-a-digitalis-veszelyektol-kozossegi-media\/"},"wordCount":1272,"commentCount":0,"image":{"@id":"https:\/\/super-news.info\/hu\/hogyan-vedjuk-gyermekeinket-a-digitalis-veszelyektol-kozossegi-media\/#primaryimage"},"thumbnailUrl":"https:\/\/super-news.info\/hu\/wp-content\/uploads\/sites\/3\/2019\/05\/Hogyan-v\u00e9dj\u00fck-gyermekeinket-a-digit\u00e1lis-vesz\u00e9lyekt\u0151l-K\u00f6z\u00f6ss\u00e9gi-m\u00e9dia.jpg","articleSection":["DIGIT\u00c1LIS MARKETING H\u00cdREK"],"inLanguage":"hu","potentialAction":[{"@type":"CommentAction","name":"Comment","target":["https:\/\/super-news.info\/hu\/hogyan-vedjuk-gyermekeinket-a-digitalis-veszelyektol-kozossegi-media\/#respond"]}]},{"@type":"WebPage","@id":"https:\/\/super-news.info\/hu\/hogyan-vedjuk-gyermekeinket-a-digitalis-veszelyektol-kozossegi-media\/","url":"https:\/\/super-news.info\/hu\/hogyan-vedjuk-gyermekeinket-a-digitalis-veszelyektol-kozossegi-media\/","name":"Hogyan v\u00e9dj\u00fck gyermekeinket a digit\u00e1lis vesz\u00e9lyekt\u0151l? - K\u00f6z\u00f6ss\u00e9gi m\u00e9dia - Super News","isPartOf":{"@id":"https:\/\/super-news.info\/hu\/#website"},"primaryImageOfPage":{"@id":"https:\/\/super-news.info\/hu\/hogyan-vedjuk-gyermekeinket-a-digitalis-veszelyektol-kozossegi-media\/#primaryimage"},"image":{"@id":"https:\/\/super-news.info\/hu\/hogyan-vedjuk-gyermekeinket-a-digitalis-veszelyektol-kozossegi-media\/#primaryimage"},"thumbnailUrl":"https:\/\/super-news.info\/hu\/wp-content\/uploads\/sites\/3\/2019\/05\/Hogyan-v\u00e9dj\u00fck-gyermekeinket-a-digit\u00e1lis-vesz\u00e9lyekt\u0151l-K\u00f6z\u00f6ss\u00e9gi-m\u00e9dia.jpg","datePublished":"2019-05-18T17:44:17+00:00","dateModified":"2019-05-18T17:44:18+00:00","author":{"@id":"https:\/\/super-news.info\/hu\/#\/schema\/person\/2d4068cb2f39cd10008c2fce578a7356"},"breadcrumb":{"@id":"https:\/\/super-news.info\/hu\/hogyan-vedjuk-gyermekeinket-a-digitalis-veszelyektol-kozossegi-media\/#breadcrumb"},"inLanguage":"hu","potentialAction":[{"@type":"ReadAction","target":["https:\/\/super-news.info\/hu\/hogyan-vedjuk-gyermekeinket-a-digitalis-veszelyektol-kozossegi-media\/"]}]},{"@type":"ImageObject","inLanguage":"hu","@id":"https:\/\/super-news.info\/hu\/hogyan-vedjuk-gyermekeinket-a-digitalis-veszelyektol-kozossegi-media\/#primaryimage","url":"https:\/\/super-news.info\/hu\/wp-content\/uploads\/sites\/3\/2019\/05\/Hogyan-v\u00e9dj\u00fck-gyermekeinket-a-digit\u00e1lis-vesz\u00e9lyekt\u0151l-K\u00f6z\u00f6ss\u00e9gi-m\u00e9dia.jpg","contentUrl":"https:\/\/super-news.info\/hu\/wp-content\/uploads\/sites\/3\/2019\/05\/Hogyan-v\u00e9dj\u00fck-gyermekeinket-a-digit\u00e1lis-vesz\u00e9lyekt\u0151l-K\u00f6z\u00f6ss\u00e9gi-m\u00e9dia.jpg","width":819,"height":584,"caption":"Hogyan v\u00e9dj\u00fck gyermekeinket a digit\u00e1lis vesz\u00e9lyekt\u0151l? - K\u00f6z\u00f6ss\u00e9gi m\u00e9dia"},{"@type":"BreadcrumbList","@id":"https:\/\/super-news.info\/hu\/hogyan-vedjuk-gyermekeinket-a-digitalis-veszelyektol-kozossegi-media\/#breadcrumb","itemListElement":[{"@type":"ListItem","position":1,"name":"\u0413\u043b\u0430\u0432\u043d\u0430\u044f \u0441\u0442\u0440\u0430\u043d\u0438\u0446\u0430","item":"https:\/\/super-news.info\/hu\/"},{"@type":"ListItem","position":2,"name":"Hogyan v\u00e9dj\u00fck gyermekeinket a digit\u00e1lis vesz\u00e9lyekt\u0151l? &#8211; K\u00f6z\u00f6ss\u00e9gi m\u00e9dia"}]},{"@type":"WebSite","@id":"https:\/\/super-news.info\/hu\/#website","url":"https:\/\/super-news.info\/hu\/","name":"Super News","description":"Super News Magyarorsz\u00e1g","potentialAction":[{"@type":"SearchAction","target":{"@type":"EntryPoint","urlTemplate":"https:\/\/super-news.info\/hu\/?s={search_term_string}"},"query-input":{"@type":"PropertyValueSpecification","valueRequired":true,"valueName":"search_term_string"}}],"inLanguage":"hu"},{"@type":"Person","@id":"https:\/\/super-news.info\/hu\/#\/schema\/person\/2d4068cb2f39cd10008c2fce578a7356","name":"super-news","image":{"@type":"ImageObject","inLanguage":"hu","@id":"https:\/\/secure.gravatar.com\/avatar\/64ebac40b93f26a154f8a9b5b6fdccfc46f442b26b3dd6756dbff3bf9dc76fd7?s=96&d=mm&r=g","url":"https:\/\/secure.gravatar.com\/avatar\/64ebac40b93f26a154f8a9b5b6fdccfc46f442b26b3dd6756dbff3bf9dc76fd7?s=96&d=mm&r=g","contentUrl":"https:\/\/secure.gravatar.com\/avatar\/64ebac40b93f26a154f8a9b5b6fdccfc46f442b26b3dd6756dbff3bf9dc76fd7?s=96&d=mm&r=g","caption":"super-news"},"url":"https:\/\/super-news.info\/hu\/author\/pt\/"}]}},"_links":{"self":[{"href":"https:\/\/super-news.info\/hu\/wp-json\/wp\/v2\/posts\/2219","targetHints":{"allow":["GET"]}}],"collection":[{"href":"https:\/\/super-news.info\/hu\/wp-json\/wp\/v2\/posts"}],"about":[{"href":"https:\/\/super-news.info\/hu\/wp-json\/wp\/v2\/types\/post"}],"author":[{"embeddable":true,"href":"https:\/\/super-news.info\/hu\/wp-json\/wp\/v2\/users\/2"}],"replies":[{"embeddable":true,"href":"https:\/\/super-news.info\/hu\/wp-json\/wp\/v2\/comments?post=2219"}],"version-history":[{"count":1,"href":"https:\/\/super-news.info\/hu\/wp-json\/wp\/v2\/posts\/2219\/revisions"}],"predecessor-version":[{"id":2221,"href":"https:\/\/super-news.info\/hu\/wp-json\/wp\/v2\/posts\/2219\/revisions\/2221"}],"wp:featuredmedia":[{"embeddable":true,"href":"https:\/\/super-news.info\/hu\/wp-json\/wp\/v2\/media\/2220"}],"wp:attachment":[{"href":"https:\/\/super-news.info\/hu\/wp-json\/wp\/v2\/media?parent=2219"}],"wp:term":[{"taxonomy":"category","embeddable":true,"href":"https:\/\/super-news.info\/hu\/wp-json\/wp\/v2\/categories?post=2219"},{"taxonomy":"post_tag","embeddable":true,"href":"https:\/\/super-news.info\/hu\/wp-json\/wp\/v2\/tags?post=2219"}],"curies":[{"name":"wp","href":"https:\/\/api.w.org\/{rel}","templated":true}]}}