{"id":2201,"date":"2019-05-18T15:59:03","date_gmt":"2019-05-18T12:59:03","guid":{"rendered":"https:\/\/super-news.info\/hu\/valogatna-samsung-okosteven-az-apple-tv-csatornai-kozott-tegye-e-volution\/"},"modified":"2019-05-18T15:59:05","modified_gmt":"2019-05-18T12:59:05","slug":"valogatna-samsung-okosteven-az-apple-tv-csatornai-kozott-tegye-e-volution","status":"publish","type":"post","link":"https:\/\/super-news.info\/hu\/valogatna-samsung-okosteven-az-apple-tv-csatornai-kozott-tegye-e-volution\/","title":{"rendered":"V\u00e1logatna Samsung okost\u00e9v\u00e9n az Apple TV csatorn\u00e1i k\u00f6z\u00f6tt? Tegye! &#8211; E-volution"},"content":{"rendered":"<p> [ad_1]<br \/>\n<\/p>\n<p>A gy\u00e1rt\u00f3k k\u00f6z\u00fcl el\u0151sz\u00f6r a Samsung 2019-es Smart TV k\u00e9sz\u00fcl\u00e9kein, valamint bizonyos 2018-as, friss\u00edtett firmware-rel rendelkez\u0151 telev\u00edzi\u00f3in \u00e9rhet\u0151 el t\u00f6bb mint 100 orsz\u00e1gban az Apple TV applik\u00e1ci\u00f3 \u00e9s vil\u00e1gszerte t\u00f6bb mint 176 orsz\u00e1gban az AirPlay 2 szolg\u00e1ltat\u00e1s. A felhaszn\u00e1l\u00f3k \u00edgy m\u00e1r Samsung Smart TV k\u00e9sz\u00fcl\u00e9keken is v\u00e1logathatnak az Apple TV csatorn\u00e1i, valamint a k\u00fcl\u00f6nf\u00e9le iTunes tartalmak k\u00f6z\u00fcl.<\/p>\n<div id=\"article_text\">\n<p>\u201eA Samsung, ahogyan az elm\u00falt t\u00edz \u00e9vben, most is azon dolgozik, hogy a lehet\u0151 legv\u00e1ltozatosabb tartalmakat tegye el\u00e9rhet\u0151v\u00e9 a felhaszn\u00e1l\u00f3k sz\u00e1m\u00e1ra Smart TV platformjain \u2013 mondta Won-Jin Lee a Samsung vizu\u00e1lis kijelz\u0151k \u00fczlet\u00e1g\u00e1nak \u00fcgyvezet\u0151 aleln\u00f6ke az <strong>mmonline.hu<\/strong> szeml\u00e9je szerint. \u2013 Annak \u00e9rdek\u00e9ben, hogy m\u00e9g \u00e9rt\u00e9kesebb szolg\u00e1ltat\u00e1st ny\u00fajtson, a v\u00e1llalat a gy\u00e1rt\u00f3k k\u00f6z\u00fcl els\u0151k\u00e9nt teszi el\u00e9rhet\u0151v\u00e9 Smart TV fel\u00fcletein az Apple TV applik\u00e1ci\u00f3t, \u00edgy a felhaszn\u00e1l\u00f3k hatalmas kijelz\u0151k\u00f6n fedezhetik fel \u00e9s tapasztalhatj\u00e1k meg az appban rejl\u0151 lehet\u0151s\u00e9geket.\u201d<\/p>\n<p><strong>Filmek \u00e9s sorozatok t\u00edzezrei a k\u00edn\u00e1latban<\/strong><\/p>\n<p>Az Apple TV applik\u00e1ci\u00f3t integr\u00e1lt\u00e1k a Samsung Smart TV platformj\u00e1ba, \u00edgy a felhaszn\u00e1l\u00f3k az alkalmaz\u00e1s ikonj\u00e1val k\u00f6nnyed\u00e9n hozz\u00e1f\u00e9rhetnek az iTunes-on v\u00e1s\u00e1rolt tartalmakhoz, valamint egyszer\u0171en v\u00e1logathatnak az iTunes t\u00f6bb mint 100 000 filmb\u0151l \u00e9s sorozatb\u00f3l \u00e1ll\u00f3 k\u00edn\u00e1lat\u00e1b\u00f3l, amelyben sz\u00e1mos leny\u0171g\u00f6z\u0151 4K HDR min\u0151s\u00e9g\u0171 tartalom is megtal\u00e1lhat\u00f3.<\/p>\n<p><strong>B\u00e1rhonnan lehet regisztr\u00e1lni<\/strong><\/p>\n<p>A felhaszn\u00e1l\u00f3k a vil\u00e1g b\u00e1rmely pontj\u00e1r\u00f3l regisztr\u00e1lhatnak az Apple TV k\u00fcl\u00f6nb\u00f6z\u0151 csatorn\u00e1ira az alkalmaz\u00e1son bel\u00fcl, \u00edgy csak azok\u00e9rt a tartalmak\u00e9rt kell fizetni\u00fck, amelyeket val\u00f3ban haszn\u00e1lnak. Ezek a tartalmak, k\u00f6zvetlen\u00fcl az applik\u00e1ci\u00f3n kereszt\u00fcl, b\u00e1rhol \u00e9s b\u00e1rmikor rendelkez\u00e9sre \u00e1llnak.<\/p>\n<p>A 2019-es \u00e9s bizonyos, friss\u00edtett firmware-rel rendelkez\u0151 2018-as Samsung Smart TV modelleken tov\u00e1bb\u00e1 el\u00e9rhet\u0151 lesz az Apple eredeti tartalomszolg\u00e1ltat\u00f3 platformja, az Apple TV+ is, amelyet id\u00e9n \u0151sszel ind\u00edt a v\u00e1llalat. Az AirPlay 2 t\u00e1mogat\u00e1snak k\u00f6sz\u00f6nhet\u0151en az iPhone, iPad vagy Mac eszk\u00f6z\u00f6k\u00f6n elind\u00edtott vide\u00f3s \u00e9s egy\u00e9b tartalmak k\u00f6zvetlen\u00fcl a Samsung Smart TV k\u00e9sz\u00fcl\u00e9k k\u00e9perny\u0151j\u00e9n jelennek meg.<\/p>\n<p>A zavartalan felhaszn\u00e1l\u00f3i \u00e9lm\u00e9ny \u00e9rdek\u00e9ben az Apple TV applik\u00e1ci\u00f3 z\u00f6kken\u0151mentesen m\u0171k\u00f6dik egy\u00fctt az olyan Samsung Smart TV szolg\u00e1ltat\u00e1sokkal, mint a Universal Guide, a Bixby \u00e9s a Search.<\/p>\n<p><em><em style=\"color: #171717; font-size: 16px;\"><em><strong><em><em><em><em>K\u00f6vesd az oldalunkat a\u00a0<strong>Facebook-on<\/strong> \u00e9s a\u00a0<strong><a href=\"https:\/\/twitter.com\/digitalhungary\" target=\"_blank\" rel=\"noopener noreferrer\">Twitteren<\/a><\/strong> is!<\/em><\/em><\/em><\/em><\/strong><\/em><\/em><\/em><\/p>\n<\/div>\n<p><script async src=\"http:\/\/platform.twitter.com\/widgets.js\" charset=\"utf-8\"><\/script><br \/>\n<br \/>[ad_2]<br \/>\n<br \/><a href=\"https:\/\/www.digitalhungary.hu\/e-volution\/Valogatna-Samsung-okosteven-az-Apple-TV-csatornai-kozott-Tegye\/8567\/\">Source link <\/a><\/p>\n","protected":false},"excerpt":{"rendered":"<p>[ad_1] A gy\u00e1rt\u00f3k k\u00f6z\u00fcl el\u0151sz\u00f6r a Samsung 2019-es Smart TV k\u00e9sz\u00fcl\u00e9kein, valamint bizonyos 2018-as, friss\u00edtett firmware-rel rendelkez\u0151 telev\u00edzi\u00f3in \u00e9rhet\u0151 el t\u00f6bb mint 100 orsz\u00e1gban az Apple TV applik\u00e1ci\u00f3 \u00e9s vil\u00e1gszerte t\u00f6bb mint 176 orsz\u00e1gban az AirPlay 2 szolg\u00e1ltat\u00e1s. A felhaszn\u00e1l\u00f3k \u00edgy m\u00e1r Samsung Smart TV k\u00e9sz\u00fcl\u00e9keken is v\u00e1logathatnak az Apple TV csatorn\u00e1i, valamint a k\u00fcl\u00f6nf\u00e9le [&hellip;]<\/p>\n","protected":false},"author":2,"featured_media":2202,"comment_status":"open","ping_status":"open","sticky":false,"template":"","format":"standard","meta":{"footnotes":""},"categories":[2],"tags":[],"class_list":["post-2201","post","type-post","status-publish","format-standard","has-post-thumbnail","hentry","category-digitalis-marketing-hirek"],"yoast_head":"<!-- This site is optimized with the Yoast SEO plugin v27.4 - https:\/\/yoast.com\/product\/yoast-seo-wordpress\/ -->\n<title>V\u00e1logatna Samsung okost\u00e9v\u00e9n az Apple TV csatorn\u00e1i k\u00f6z\u00f6tt? Tegye! - E-volution - Super News<\/title>\n<meta name=\"robots\" content=\"index, follow, max-snippet:-1, max-image-preview:large, max-video-preview:-1\" \/>\n<link rel=\"canonical\" href=\"https:\/\/super-news.info\/hu\/valogatna-samsung-okosteven-az-apple-tv-csatornai-kozott-tegye-e-volution\/\" \/>\n<meta property=\"og:locale\" content=\"hu_HU\" \/>\n<meta property=\"og:type\" content=\"article\" \/>\n<meta property=\"og:title\" content=\"V\u00e1logatna Samsung okost\u00e9v\u00e9n az Apple TV csatorn\u00e1i k\u00f6z\u00f6tt? Tegye! - E-volution - Super News\" \/>\n<meta property=\"og:description\" content=\"[ad_1] A gy\u00e1rt\u00f3k k\u00f6z\u00fcl el\u0151sz\u00f6r a Samsung 2019-es Smart TV k\u00e9sz\u00fcl\u00e9kein, valamint bizonyos 2018-as, friss\u00edtett firmware-rel rendelkez\u0151 telev\u00edzi\u00f3in \u00e9rhet\u0151 el t\u00f6bb mint 100 orsz\u00e1gban az Apple TV applik\u00e1ci\u00f3 \u00e9s vil\u00e1gszerte t\u00f6bb mint 176 orsz\u00e1gban az AirPlay 2 szolg\u00e1ltat\u00e1s. A felhaszn\u00e1l\u00f3k \u00edgy m\u00e1r Samsung Smart TV k\u00e9sz\u00fcl\u00e9keken is v\u00e1logathatnak az Apple TV csatorn\u00e1i, valamint a k\u00fcl\u00f6nf\u00e9le [&hellip;]\" \/>\n<meta property=\"og:url\" content=\"https:\/\/super-news.info\/hu\/valogatna-samsung-okosteven-az-apple-tv-csatornai-kozott-tegye-e-volution\/\" \/>\n<meta property=\"og:site_name\" content=\"Super News\" \/>\n<meta property=\"article:published_time\" content=\"2019-05-18T12:59:03+00:00\" \/>\n<meta property=\"article:modified_time\" content=\"2019-05-18T12:59:05+00:00\" \/>\n<meta property=\"og:image\" content=\"https:\/\/super-news.info\/hu\/wp-content\/uploads\/sites\/3\/2019\/05\/V\u00e1logatna-Samsung-okost\u00e9v\u00e9n-az-Apple-TV-csatorn\u00e1i-k\u00f6z\u00f6tt-Tegye.jpg\" \/>\n\t<meta property=\"og:image:width\" content=\"1920\" \/>\n\t<meta property=\"og:image:height\" content=\"1280\" \/>\n\t<meta property=\"og:image:type\" content=\"image\/jpeg\" \/>\n<meta name=\"author\" content=\"super-news\" \/>\n<meta name=\"twitter:card\" content=\"summary_large_image\" \/>\n<meta name=\"twitter:label1\" content=\"Szerz\u0151:\" \/>\n\t<meta name=\"twitter:data1\" content=\"super-news\" \/>\n\t<meta name=\"twitter:label2\" content=\"Becs\u00fclt olvas\u00e1si id\u0151\" \/>\n\t<meta name=\"twitter:data2\" content=\"2 perc\" \/>\n<script type=\"application\/ld+json\" class=\"yoast-schema-graph\">{\"@context\":\"https:\\\/\\\/schema.org\",\"@graph\":[{\"@type\":\"Article\",\"@id\":\"https:\\\/\\\/super-news.info\\\/hu\\\/valogatna-samsung-okosteven-az-apple-tv-csatornai-kozott-tegye-e-volution\\\/#article\",\"isPartOf\":{\"@id\":\"https:\\\/\\\/super-news.info\\\/hu\\\/valogatna-samsung-okosteven-az-apple-tv-csatornai-kozott-tegye-e-volution\\\/\"},\"author\":{\"name\":\"super-news\",\"@id\":\"https:\\\/\\\/super-news.info\\\/hu\\\/#\\\/schema\\\/person\\\/2d4068cb2f39cd10008c2fce578a7356\"},\"headline\":\"V\u00e1logatna Samsung okost\u00e9v\u00e9n az Apple TV csatorn\u00e1i k\u00f6z\u00f6tt? Tegye! &#8211; E-volution\",\"datePublished\":\"2019-05-18T12:59:03+00:00\",\"dateModified\":\"2019-05-18T12:59:05+00:00\",\"mainEntityOfPage\":{\"@id\":\"https:\\\/\\\/super-news.info\\\/hu\\\/valogatna-samsung-okosteven-az-apple-tv-csatornai-kozott-tegye-e-volution\\\/\"},\"wordCount\":502,\"commentCount\":0,\"image\":{\"@id\":\"https:\\\/\\\/super-news.info\\\/hu\\\/valogatna-samsung-okosteven-az-apple-tv-csatornai-kozott-tegye-e-volution\\\/#primaryimage\"},\"thumbnailUrl\":\"https:\\\/\\\/super-news.info\\\/hu\\\/wp-content\\\/uploads\\\/sites\\\/3\\\/2019\\\/05\\\/V\u00e1logatna-Samsung-okost\u00e9v\u00e9n-az-Apple-TV-csatorn\u00e1i-k\u00f6z\u00f6tt-Tegye.jpg\",\"articleSection\":[\"DIGIT\u00c1LIS MARKETING H\u00cdREK\"],\"inLanguage\":\"hu\",\"potentialAction\":[{\"@type\":\"CommentAction\",\"name\":\"Comment\",\"target\":[\"https:\\\/\\\/super-news.info\\\/hu\\\/valogatna-samsung-okosteven-az-apple-tv-csatornai-kozott-tegye-e-volution\\\/#respond\"]}]},{\"@type\":\"WebPage\",\"@id\":\"https:\\\/\\\/super-news.info\\\/hu\\\/valogatna-samsung-okosteven-az-apple-tv-csatornai-kozott-tegye-e-volution\\\/\",\"url\":\"https:\\\/\\\/super-news.info\\\/hu\\\/valogatna-samsung-okosteven-az-apple-tv-csatornai-kozott-tegye-e-volution\\\/\",\"name\":\"V\u00e1logatna Samsung okost\u00e9v\u00e9n az Apple TV csatorn\u00e1i k\u00f6z\u00f6tt? Tegye! - E-volution - Super News\",\"isPartOf\":{\"@id\":\"https:\\\/\\\/super-news.info\\\/hu\\\/#website\"},\"primaryImageOfPage\":{\"@id\":\"https:\\\/\\\/super-news.info\\\/hu\\\/valogatna-samsung-okosteven-az-apple-tv-csatornai-kozott-tegye-e-volution\\\/#primaryimage\"},\"image\":{\"@id\":\"https:\\\/\\\/super-news.info\\\/hu\\\/valogatna-samsung-okosteven-az-apple-tv-csatornai-kozott-tegye-e-volution\\\/#primaryimage\"},\"thumbnailUrl\":\"https:\\\/\\\/super-news.info\\\/hu\\\/wp-content\\\/uploads\\\/sites\\\/3\\\/2019\\\/05\\\/V\u00e1logatna-Samsung-okost\u00e9v\u00e9n-az-Apple-TV-csatorn\u00e1i-k\u00f6z\u00f6tt-Tegye.jpg\",\"datePublished\":\"2019-05-18T12:59:03+00:00\",\"dateModified\":\"2019-05-18T12:59:05+00:00\",\"author\":{\"@id\":\"https:\\\/\\\/super-news.info\\\/hu\\\/#\\\/schema\\\/person\\\/2d4068cb2f39cd10008c2fce578a7356\"},\"breadcrumb\":{\"@id\":\"https:\\\/\\\/super-news.info\\\/hu\\\/valogatna-samsung-okosteven-az-apple-tv-csatornai-kozott-tegye-e-volution\\\/#breadcrumb\"},\"inLanguage\":\"hu\",\"potentialAction\":[{\"@type\":\"ReadAction\",\"target\":[\"https:\\\/\\\/super-news.info\\\/hu\\\/valogatna-samsung-okosteven-az-apple-tv-csatornai-kozott-tegye-e-volution\\\/\"]}]},{\"@type\":\"ImageObject\",\"inLanguage\":\"hu\",\"@id\":\"https:\\\/\\\/super-news.info\\\/hu\\\/valogatna-samsung-okosteven-az-apple-tv-csatornai-kozott-tegye-e-volution\\\/#primaryimage\",\"url\":\"https:\\\/\\\/super-news.info\\\/hu\\\/wp-content\\\/uploads\\\/sites\\\/3\\\/2019\\\/05\\\/V\u00e1logatna-Samsung-okost\u00e9v\u00e9n-az-Apple-TV-csatorn\u00e1i-k\u00f6z\u00f6tt-Tegye.jpg\",\"contentUrl\":\"https:\\\/\\\/super-news.info\\\/hu\\\/wp-content\\\/uploads\\\/sites\\\/3\\\/2019\\\/05\\\/V\u00e1logatna-Samsung-okost\u00e9v\u00e9n-az-Apple-TV-csatorn\u00e1i-k\u00f6z\u00f6tt-Tegye.jpg\",\"width\":1920,\"height\":1280,\"caption\":\"V\u00e1logatna Samsung okost\u00e9v\u00e9n az Apple TV csatorn\u00e1i k\u00f6z\u00f6tt? Tegye! - E-volution\"},{\"@type\":\"BreadcrumbList\",\"@id\":\"https:\\\/\\\/super-news.info\\\/hu\\\/valogatna-samsung-okosteven-az-apple-tv-csatornai-kozott-tegye-e-volution\\\/#breadcrumb\",\"itemListElement\":[{\"@type\":\"ListItem\",\"position\":1,\"name\":\"\u0413\u043b\u0430\u0432\u043d\u0430\u044f \u0441\u0442\u0440\u0430\u043d\u0438\u0446\u0430\",\"item\":\"https:\\\/\\\/super-news.info\\\/hu\\\/\"},{\"@type\":\"ListItem\",\"position\":2,\"name\":\"V\u00e1logatna Samsung okost\u00e9v\u00e9n az Apple TV csatorn\u00e1i k\u00f6z\u00f6tt? Tegye! &#8211; E-volution\"}]},{\"@type\":\"WebSite\",\"@id\":\"https:\\\/\\\/super-news.info\\\/hu\\\/#website\",\"url\":\"https:\\\/\\\/super-news.info\\\/hu\\\/\",\"name\":\"Super News\",\"description\":\"Super News Magyarorsz\u00e1g\",\"potentialAction\":[{\"@type\":\"SearchAction\",\"target\":{\"@type\":\"EntryPoint\",\"urlTemplate\":\"https:\\\/\\\/super-news.info\\\/hu\\\/?s={search_term_string}\"},\"query-input\":{\"@type\":\"PropertyValueSpecification\",\"valueRequired\":true,\"valueName\":\"search_term_string\"}}],\"inLanguage\":\"hu\"},{\"@type\":\"Person\",\"@id\":\"https:\\\/\\\/super-news.info\\\/hu\\\/#\\\/schema\\\/person\\\/2d4068cb2f39cd10008c2fce578a7356\",\"name\":\"super-news\",\"image\":{\"@type\":\"ImageObject\",\"inLanguage\":\"hu\",\"@id\":\"https:\\\/\\\/secure.gravatar.com\\\/avatar\\\/64ebac40b93f26a154f8a9b5b6fdccfc46f442b26b3dd6756dbff3bf9dc76fd7?s=96&d=mm&r=g\",\"url\":\"https:\\\/\\\/secure.gravatar.com\\\/avatar\\\/64ebac40b93f26a154f8a9b5b6fdccfc46f442b26b3dd6756dbff3bf9dc76fd7?s=96&d=mm&r=g\",\"contentUrl\":\"https:\\\/\\\/secure.gravatar.com\\\/avatar\\\/64ebac40b93f26a154f8a9b5b6fdccfc46f442b26b3dd6756dbff3bf9dc76fd7?s=96&d=mm&r=g\",\"caption\":\"super-news\"},\"url\":\"https:\\\/\\\/super-news.info\\\/hu\\\/author\\\/pt\\\/\"}]}<\/script>\n<!-- \/ Yoast SEO plugin. -->","yoast_head_json":{"title":"V\u00e1logatna Samsung okost\u00e9v\u00e9n az Apple TV csatorn\u00e1i k\u00f6z\u00f6tt? Tegye! - E-volution - Super News","robots":{"index":"index","follow":"follow","max-snippet":"max-snippet:-1","max-image-preview":"max-image-preview:large","max-video-preview":"max-video-preview:-1"},"canonical":"https:\/\/super-news.info\/hu\/valogatna-samsung-okosteven-az-apple-tv-csatornai-kozott-tegye-e-volution\/","og_locale":"hu_HU","og_type":"article","og_title":"V\u00e1logatna Samsung okost\u00e9v\u00e9n az Apple TV csatorn\u00e1i k\u00f6z\u00f6tt? Tegye! - E-volution - Super News","og_description":"[ad_1] A gy\u00e1rt\u00f3k k\u00f6z\u00fcl el\u0151sz\u00f6r a Samsung 2019-es Smart TV k\u00e9sz\u00fcl\u00e9kein, valamint bizonyos 2018-as, friss\u00edtett firmware-rel rendelkez\u0151 telev\u00edzi\u00f3in \u00e9rhet\u0151 el t\u00f6bb mint 100 orsz\u00e1gban az Apple TV applik\u00e1ci\u00f3 \u00e9s vil\u00e1gszerte t\u00f6bb mint 176 orsz\u00e1gban az AirPlay 2 szolg\u00e1ltat\u00e1s. A felhaszn\u00e1l\u00f3k \u00edgy m\u00e1r Samsung Smart TV k\u00e9sz\u00fcl\u00e9keken is v\u00e1logathatnak az Apple TV csatorn\u00e1i, valamint a k\u00fcl\u00f6nf\u00e9le [&hellip;]","og_url":"https:\/\/super-news.info\/hu\/valogatna-samsung-okosteven-az-apple-tv-csatornai-kozott-tegye-e-volution\/","og_site_name":"Super News","article_published_time":"2019-05-18T12:59:03+00:00","article_modified_time":"2019-05-18T12:59:05+00:00","og_image":[{"width":1920,"height":1280,"url":"https:\/\/super-news.info\/hu\/wp-content\/uploads\/sites\/3\/2019\/05\/V\u00e1logatna-Samsung-okost\u00e9v\u00e9n-az-Apple-TV-csatorn\u00e1i-k\u00f6z\u00f6tt-Tegye.jpg","type":"image\/jpeg"}],"author":"super-news","twitter_card":"summary_large_image","twitter_misc":{"Szerz\u0151:":"super-news","Becs\u00fclt olvas\u00e1si id\u0151":"2 perc"},"schema":{"@context":"https:\/\/schema.org","@graph":[{"@type":"Article","@id":"https:\/\/super-news.info\/hu\/valogatna-samsung-okosteven-az-apple-tv-csatornai-kozott-tegye-e-volution\/#article","isPartOf":{"@id":"https:\/\/super-news.info\/hu\/valogatna-samsung-okosteven-az-apple-tv-csatornai-kozott-tegye-e-volution\/"},"author":{"name":"super-news","@id":"https:\/\/super-news.info\/hu\/#\/schema\/person\/2d4068cb2f39cd10008c2fce578a7356"},"headline":"V\u00e1logatna Samsung okost\u00e9v\u00e9n az Apple TV csatorn\u00e1i k\u00f6z\u00f6tt? Tegye! &#8211; E-volution","datePublished":"2019-05-18T12:59:03+00:00","dateModified":"2019-05-18T12:59:05+00:00","mainEntityOfPage":{"@id":"https:\/\/super-news.info\/hu\/valogatna-samsung-okosteven-az-apple-tv-csatornai-kozott-tegye-e-volution\/"},"wordCount":502,"commentCount":0,"image":{"@id":"https:\/\/super-news.info\/hu\/valogatna-samsung-okosteven-az-apple-tv-csatornai-kozott-tegye-e-volution\/#primaryimage"},"thumbnailUrl":"https:\/\/super-news.info\/hu\/wp-content\/uploads\/sites\/3\/2019\/05\/V\u00e1logatna-Samsung-okost\u00e9v\u00e9n-az-Apple-TV-csatorn\u00e1i-k\u00f6z\u00f6tt-Tegye.jpg","articleSection":["DIGIT\u00c1LIS MARKETING H\u00cdREK"],"inLanguage":"hu","potentialAction":[{"@type":"CommentAction","name":"Comment","target":["https:\/\/super-news.info\/hu\/valogatna-samsung-okosteven-az-apple-tv-csatornai-kozott-tegye-e-volution\/#respond"]}]},{"@type":"WebPage","@id":"https:\/\/super-news.info\/hu\/valogatna-samsung-okosteven-az-apple-tv-csatornai-kozott-tegye-e-volution\/","url":"https:\/\/super-news.info\/hu\/valogatna-samsung-okosteven-az-apple-tv-csatornai-kozott-tegye-e-volution\/","name":"V\u00e1logatna Samsung okost\u00e9v\u00e9n az Apple TV csatorn\u00e1i k\u00f6z\u00f6tt? Tegye! - E-volution - Super News","isPartOf":{"@id":"https:\/\/super-news.info\/hu\/#website"},"primaryImageOfPage":{"@id":"https:\/\/super-news.info\/hu\/valogatna-samsung-okosteven-az-apple-tv-csatornai-kozott-tegye-e-volution\/#primaryimage"},"image":{"@id":"https:\/\/super-news.info\/hu\/valogatna-samsung-okosteven-az-apple-tv-csatornai-kozott-tegye-e-volution\/#primaryimage"},"thumbnailUrl":"https:\/\/super-news.info\/hu\/wp-content\/uploads\/sites\/3\/2019\/05\/V\u00e1logatna-Samsung-okost\u00e9v\u00e9n-az-Apple-TV-csatorn\u00e1i-k\u00f6z\u00f6tt-Tegye.jpg","datePublished":"2019-05-18T12:59:03+00:00","dateModified":"2019-05-18T12:59:05+00:00","author":{"@id":"https:\/\/super-news.info\/hu\/#\/schema\/person\/2d4068cb2f39cd10008c2fce578a7356"},"breadcrumb":{"@id":"https:\/\/super-news.info\/hu\/valogatna-samsung-okosteven-az-apple-tv-csatornai-kozott-tegye-e-volution\/#breadcrumb"},"inLanguage":"hu","potentialAction":[{"@type":"ReadAction","target":["https:\/\/super-news.info\/hu\/valogatna-samsung-okosteven-az-apple-tv-csatornai-kozott-tegye-e-volution\/"]}]},{"@type":"ImageObject","inLanguage":"hu","@id":"https:\/\/super-news.info\/hu\/valogatna-samsung-okosteven-az-apple-tv-csatornai-kozott-tegye-e-volution\/#primaryimage","url":"https:\/\/super-news.info\/hu\/wp-content\/uploads\/sites\/3\/2019\/05\/V\u00e1logatna-Samsung-okost\u00e9v\u00e9n-az-Apple-TV-csatorn\u00e1i-k\u00f6z\u00f6tt-Tegye.jpg","contentUrl":"https:\/\/super-news.info\/hu\/wp-content\/uploads\/sites\/3\/2019\/05\/V\u00e1logatna-Samsung-okost\u00e9v\u00e9n-az-Apple-TV-csatorn\u00e1i-k\u00f6z\u00f6tt-Tegye.jpg","width":1920,"height":1280,"caption":"V\u00e1logatna Samsung okost\u00e9v\u00e9n az Apple TV csatorn\u00e1i k\u00f6z\u00f6tt? Tegye! - E-volution"},{"@type":"BreadcrumbList","@id":"https:\/\/super-news.info\/hu\/valogatna-samsung-okosteven-az-apple-tv-csatornai-kozott-tegye-e-volution\/#breadcrumb","itemListElement":[{"@type":"ListItem","position":1,"name":"\u0413\u043b\u0430\u0432\u043d\u0430\u044f \u0441\u0442\u0440\u0430\u043d\u0438\u0446\u0430","item":"https:\/\/super-news.info\/hu\/"},{"@type":"ListItem","position":2,"name":"V\u00e1logatna Samsung okost\u00e9v\u00e9n az Apple TV csatorn\u00e1i k\u00f6z\u00f6tt? Tegye! &#8211; E-volution"}]},{"@type":"WebSite","@id":"https:\/\/super-news.info\/hu\/#website","url":"https:\/\/super-news.info\/hu\/","name":"Super News","description":"Super News Magyarorsz\u00e1g","potentialAction":[{"@type":"SearchAction","target":{"@type":"EntryPoint","urlTemplate":"https:\/\/super-news.info\/hu\/?s={search_term_string}"},"query-input":{"@type":"PropertyValueSpecification","valueRequired":true,"valueName":"search_term_string"}}],"inLanguage":"hu"},{"@type":"Person","@id":"https:\/\/super-news.info\/hu\/#\/schema\/person\/2d4068cb2f39cd10008c2fce578a7356","name":"super-news","image":{"@type":"ImageObject","inLanguage":"hu","@id":"https:\/\/secure.gravatar.com\/avatar\/64ebac40b93f26a154f8a9b5b6fdccfc46f442b26b3dd6756dbff3bf9dc76fd7?s=96&d=mm&r=g","url":"https:\/\/secure.gravatar.com\/avatar\/64ebac40b93f26a154f8a9b5b6fdccfc46f442b26b3dd6756dbff3bf9dc76fd7?s=96&d=mm&r=g","contentUrl":"https:\/\/secure.gravatar.com\/avatar\/64ebac40b93f26a154f8a9b5b6fdccfc46f442b26b3dd6756dbff3bf9dc76fd7?s=96&d=mm&r=g","caption":"super-news"},"url":"https:\/\/super-news.info\/hu\/author\/pt\/"}]}},"_links":{"self":[{"href":"https:\/\/super-news.info\/hu\/wp-json\/wp\/v2\/posts\/2201","targetHints":{"allow":["GET"]}}],"collection":[{"href":"https:\/\/super-news.info\/hu\/wp-json\/wp\/v2\/posts"}],"about":[{"href":"https:\/\/super-news.info\/hu\/wp-json\/wp\/v2\/types\/post"}],"author":[{"embeddable":true,"href":"https:\/\/super-news.info\/hu\/wp-json\/wp\/v2\/users\/2"}],"replies":[{"embeddable":true,"href":"https:\/\/super-news.info\/hu\/wp-json\/wp\/v2\/comments?post=2201"}],"version-history":[{"count":1,"href":"https:\/\/super-news.info\/hu\/wp-json\/wp\/v2\/posts\/2201\/revisions"}],"predecessor-version":[{"id":2203,"href":"https:\/\/super-news.info\/hu\/wp-json\/wp\/v2\/posts\/2201\/revisions\/2203"}],"wp:featuredmedia":[{"embeddable":true,"href":"https:\/\/super-news.info\/hu\/wp-json\/wp\/v2\/media\/2202"}],"wp:attachment":[{"href":"https:\/\/super-news.info\/hu\/wp-json\/wp\/v2\/media?parent=2201"}],"wp:term":[{"taxonomy":"category","embeddable":true,"href":"https:\/\/super-news.info\/hu\/wp-json\/wp\/v2\/categories?post=2201"},{"taxonomy":"post_tag","embeddable":true,"href":"https:\/\/super-news.info\/hu\/wp-json\/wp\/v2\/tags?post=2201"}],"curies":[{"name":"wp","href":"https:\/\/api.w.org\/{rel}","templated":true}]}}