{"id":2186,"date":"2019-05-18T11:14:48","date_gmt":"2019-05-18T08:14:48","guid":{"rendered":"https:\/\/super-news.info\/hu\/ez-a-velemenyvezerek-kora-marketing\/"},"modified":"2019-05-18T11:14:49","modified_gmt":"2019-05-18T08:14:49","slug":"ez-a-velemenyvezerek-kora-marketing","status":"publish","type":"post","link":"https:\/\/super-news.info\/hu\/ez-a-velemenyvezerek-kora-marketing\/","title":{"rendered":"Ez a v\u00e9lem\u00e9nyvez\u00e9rek kora &#8211; Marketing"},"content":{"rendered":"<p> [ad_1]<br \/>\n<\/p>\n<p>Kit haszn\u00e1ljanak a c\u00e9gek a netes marketing-kamp\u00e1nyokban: a legn\u00e9pszer\u0171bb influencereket, vagy \u00e9rdemes kev\u00e9sb\u00e9 ismert netes szem\u00e9lyis\u00e9geket is bevonni rekl\u00e1moz\u00e1sba? Puszt\u00e1n a k\u00f6z\u00f6ss\u00e9gi oldalakon is fel lehet futtatni egy \u00faj c\u00e9get? \u2013 t\u00f6bbek k\u00f6zt ezeket a k\u00e9rd\u00e9seket is k\u00f6rbej\u00e1rt\u00e1k az el\u0151ad\u00f3k a m\u00e1jus 7-\u00e9n \u00e9s 8-\u00e1n megtartott Media Hungary konferenci\u00e1n.<\/p>\n<div id=\"article_text\">\n<p>Szomor\u00fa igazs\u00e1g, de a hagyom\u00e1nyos rekl\u00e1mokkal m\u00e1r neh\u00e9z megsz\u00f3l\u00edtani az embereket. Ahogy a r\u00e9gi bevett fog\u00e1soknak kezd le\u00e1ldozni, \u00fagy ker\u00fcl egyre ink\u00e1bb reflektorf\u00e9nybe az influencer marketing. A m\u0171k\u00f6d\u00e9se egyszer\u0171: a hirdet\u0151 megkeres egy neves v\u00e9lem\u00e9nyvez\u00e9rt \u00e9s megk\u00e9ri, hogy a saj\u00e1t platformj\u00e1n \u2013 ez lehet ak\u00e1r a <strong>Facebook<\/strong>, a <strong>Twitter<\/strong>, az <strong>Instagram<\/strong> vagy a Youtube is \u2013 besz\u00e9ljen egy kicsit a c\u00e9g m\u00e1rk\u00e1j\u00e1r\u00f3l. Ebben az esetben a v\u00e9lem\u00e9nyvez\u00e9r szem\u00e9lye hiteles\u00edti a hirdet\u00e9st. Az <strong>influencer marketing <\/strong>az Egyes\u00fclt \u00c1llamokban \u00e9s Nyugat- Eur\u00f3p\u00e1ban m\u00e1r j\u00f3 ideje ismert, n\u00e1lunk viszont \u00fagy h\u00e1rom \u00e9ve vert igaz\u00e1n gy\u00f6keret.<\/p>\n<p>De abban a vil\u00e1gban, ahol lassan mindenki v\u00e9lem\u00e9nyvez\u00e9r akar lenni, okkal mer\u00fcl fel a k\u00e9rd\u00e9s: m\u00e9gis kib\u0151l lehet igaz\u00e1n j\u00f3 infuencer? A kutat\u00e1sok alapj\u00e1n ugyan fontos lehet az \u00e1polt, vonz\u00f3 k\u00fcls\u0151 m\u00e9gis nem v\u00e9letlen, hogy a v\u00e9lem\u00e9nyvez\u00e9rek k\u00f6zt nem csak topmodell kin\u00e9zet\u0171 figur\u00e1kat tal\u00e1lunk. Ugyanis legal\u00e1bb ennyire fontos az, hogy a c\u00e9lcsoport azonosulni tudjon a netes h\u00edress\u00e9gekkel. \u00c9pp ez\u00e9rt van komoly jelent\u0151s\u00e9ge a hiteless\u00e9gnek \u00e9s a magabiztoss\u00e1gnak \u2013 der\u00fclt ki a Media Hungary-n Matyk\u00f3 No\u00e9mi (Chiro) el\u0151ad\u00e1s\u00e1b\u00f3l.<\/p>\n<p>Az viszont tipikus hiba, hogy rengeteg c\u00e9g r\u00f6gt\u00f6n a legn\u00e9pszer\u0171bb megmond\u00f3- emberekre kezd el hajtani. Ez v\u00e9g\u00fcl csak oda vezet, hogy egy maroknyi ember fog mindent \u00e1rulni \u00e9s az a vide\u00f3s vagy blogger, aki egyik nap a leg\u00fajabb telefonokr\u00f3l k\u00e9sz\u00edt bejegyz\u00e9st hamarosan egy \u00faj csokim\u00e1rk\u00e1r\u00f3l vagy egy dezodorr\u00f3l fog el\u0151ad\u00e1st tartani a saj\u00e1t fel\u00fclet\u00e9n. Ezzel pedig egy id\u0151 ut\u00e1n a hiteless\u00e9g\u00e9t is elvesz\u00edtheti. Pont az\u00e9rt, hogy ezt a jelens\u00e9get elker\u00fclj\u00e9k a v\u00e1llalatoknak \u00e9rdemes a mikro-influencereket c\u00e9lba venni\u00fck. Itt olyan v\u00e9lem\u00e9nyvez\u00e9rekr\u0151l van sz\u00f3, akiknek mind\u00f6ssze 10-50 ezer k\u00f6vet\u0151je van. Az el\u0151ny\u00fck hogy ar\u00e1nyaiban nagyobb aktivit\u00e1st tudnak kiv\u00e1ltani a \u201erajong\u00f3ik\u201d k\u00f6r\u00e9ben \u00e9s a k\u00f6z\u00f6ns\u00e9g\u00fck jobban megb\u00edzik benn\u00fck.<\/p>\n<p>A Media Hungary-n p\u00e9ldak\u00e9nt a Samsung mutatott be egy sikeres kamp\u00e1nyt, amelyet egy magyar Youtuberrel, Simonffy P\u00e9terrel hoztak tet\u0151 al\u00e1, akinek kevesebb mint 40 ezer feliratkoz\u00f3ja van. Simonffy a filmes tud\u00e1s\u00e1nak h\u00e1la mondhatni fill\u00e9rekb\u0151l k\u00e9sz\u00edtett profi rekl\u00e1mfilmet a technol\u00f3giai \u00f3ri\u00e1sc\u00e9gnek. A visszajelz\u00e9sek pedig roppant pozit\u00edvak voltak: az els\u0151 rekl\u00e1mfilm, amelyet a saj\u00e1t csatorn\u00e1j\u00e1ra tett fel t\u00f6bb mint 2100 like-ot kapott \u00e9s csak 57 dislike-ot (vagyis a vide\u00f3t t\u00f6bb mint a szavaz\u00f3k 97 sz\u00e1zal\u00e9ka szerette). <\/p>\n<p>Arra m\u00e1r az amerikai el\u0151ad\u00f3 Niki Santo el\u0151ad\u00e1sa vil\u00e1g\u00edtott r\u00e1, hogy az Instagram n\u00e9pszer\u0171s\u00e9gben lehagyta a Facebook-ot: a fiatalok a k\u00e9peket \u00e9s a vide\u00f3kat sz\u00edvesebben fogyasztj\u00e1k, mint a sz\u00f6veges \u00fczeneteket.<\/p>\n<p>Egy p\u00e9ld\u00e1j\u00e1b\u00f3l pedig az is kider\u00fclt, hogy ma m\u00e1r puszt\u00e1n a k\u00f6z\u00f6ss\u00e9gi oldalakra t\u00e1maszkodva is fel lehet \u00e9p\u00edteni egy sok milli\u00f3s \u00fczletet. Sv\u00e9dorsz\u00e1gban van egy \u00f3r\u00e1kat \u00e1rul\u00f3 v\u00e1llalat a Daniel Wellington, amely kifejezetten friss szerepl\u0151nek sz\u00e1m\u00edt, hisz 2011-ben alakult. A term\u00e9k\u00fck vagyis a kar\u00f3r\u00e1k nem t\u00falzottan trendiek a mai vil\u00e1gban, m\u00e9gis \u00f3ri\u00e1si n\u00e9pszer\u0171s\u00e9gre tudtak szert tenni egy mer\u00e9sz h\u00faz\u00e1ssal. \u00dagy d\u00f6nt\u00f6ttek, hogy a hagyom\u00e1nyos marketing csatorn\u00e1kat, a TV-t, a nyomtatott sajt\u00f3t vagy a k\u00f6zt\u00e9ri hirdet\u00e9seket teljesen ignor\u00e1lni fogj\u00e1k, helyette csak \u00e9s kiz\u00e1r\u00f3lag a k\u00f6z\u00f6ss\u00e9gi m\u00e9di\u00e1ban lesznek jelen. R\u00e9szben az influencerek seg\u00edts\u00e9g\u00e9vel p\u00e1r \u00e9v alatt \u00f3ri\u00e1si sikerre tettek szerint. Ma m\u00e1r 4,6 milli\u00f3 k\u00f6vet\u0151j\u00fck van az Instagramon. Ami pedig enn\u00e9l is besz\u00e9desebb: \u00e9vi t\u00f6bb mint 200 milli\u00f3 doll\u00e1ros forgalmat produk\u00e1lnak.<\/p>\n<p><em><em style=\"color: #171717; font-size: 16px;\"><em><strong><em><em><em><em>K\u00f6vesd az oldalunkat a\u00a0<strong>Facebook-on<\/strong> \u00e9s a\u00a0<strong><a href=\"https:\/\/twitter.com\/digitalhungary\" target=\"_blank\" rel=\"noopener noreferrer\">Twitteren<\/a><\/strong> is!<\/em><\/em><\/em><\/em><\/strong><\/em><\/em><\/em><\/p>\n<\/div>\n<p><script async src=\"http:\/\/platform.twitter.com\/widgets.js\" charset=\"utf-8\"><\/script><br \/>\n<br \/>[ad_2]<br \/>\n<br \/><a href=\"https:\/\/www.digitalhungary.hu\/marketing\/Ez-a-velemenyvezerek-kora\/8585\/\">Source link <\/a><\/p>\n","protected":false},"excerpt":{"rendered":"<p>[ad_1] Kit haszn\u00e1ljanak a c\u00e9gek a netes marketing-kamp\u00e1nyokban: a legn\u00e9pszer\u0171bb influencereket, vagy \u00e9rdemes kev\u00e9sb\u00e9 ismert netes szem\u00e9lyis\u00e9geket is bevonni rekl\u00e1moz\u00e1sba? Puszt\u00e1n a k\u00f6z\u00f6ss\u00e9gi oldalakon is fel lehet futtatni egy \u00faj c\u00e9get? \u2013 t\u00f6bbek k\u00f6zt ezeket a k\u00e9rd\u00e9seket is k\u00f6rbej\u00e1rt\u00e1k az el\u0151ad\u00f3k a m\u00e1jus 7-\u00e9n \u00e9s 8-\u00e1n megtartott Media Hungary konferenci\u00e1n. Szomor\u00fa igazs\u00e1g, de a hagyom\u00e1nyos [&hellip;]<\/p>\n","protected":false},"author":2,"featured_media":2187,"comment_status":"open","ping_status":"open","sticky":false,"template":"","format":"standard","meta":{"footnotes":""},"categories":[2],"tags":[],"class_list":["post-2186","post","type-post","status-publish","format-standard","has-post-thumbnail","hentry","category-digitalis-marketing-hirek"],"yoast_head":"<!-- This site is optimized with the Yoast SEO plugin v27.4 - https:\/\/yoast.com\/product\/yoast-seo-wordpress\/ -->\n<title>Ez a v\u00e9lem\u00e9nyvez\u00e9rek kora - Marketing - Super News<\/title>\n<meta name=\"robots\" content=\"index, follow, max-snippet:-1, max-image-preview:large, max-video-preview:-1\" \/>\n<link rel=\"canonical\" href=\"https:\/\/super-news.info\/hu\/ez-a-velemenyvezerek-kora-marketing\/\" \/>\n<meta property=\"og:locale\" content=\"hu_HU\" \/>\n<meta property=\"og:type\" content=\"article\" \/>\n<meta property=\"og:title\" content=\"Ez a v\u00e9lem\u00e9nyvez\u00e9rek kora - Marketing - Super News\" \/>\n<meta property=\"og:description\" content=\"[ad_1] Kit haszn\u00e1ljanak a c\u00e9gek a netes marketing-kamp\u00e1nyokban: a legn\u00e9pszer\u0171bb influencereket, vagy \u00e9rdemes kev\u00e9sb\u00e9 ismert netes szem\u00e9lyis\u00e9geket is bevonni rekl\u00e1moz\u00e1sba? Puszt\u00e1n a k\u00f6z\u00f6ss\u00e9gi oldalakon is fel lehet futtatni egy \u00faj c\u00e9get? \u2013 t\u00f6bbek k\u00f6zt ezeket a k\u00e9rd\u00e9seket is k\u00f6rbej\u00e1rt\u00e1k az el\u0151ad\u00f3k a m\u00e1jus 7-\u00e9n \u00e9s 8-\u00e1n megtartott Media Hungary konferenci\u00e1n. Szomor\u00fa igazs\u00e1g, de a hagyom\u00e1nyos [&hellip;]\" \/>\n<meta property=\"og:url\" content=\"https:\/\/super-news.info\/hu\/ez-a-velemenyvezerek-kora-marketing\/\" \/>\n<meta property=\"og:site_name\" content=\"Super News\" \/>\n<meta property=\"article:published_time\" content=\"2019-05-18T08:14:48+00:00\" \/>\n<meta property=\"article:modified_time\" content=\"2019-05-18T08:14:49+00:00\" \/>\n<meta property=\"og:image\" content=\"https:\/\/super-news.info\/hu\/wp-content\/uploads\/sites\/3\/2019\/05\/Ez-a-v\u00e9lem\u00e9nyvez\u00e9rek-kora-Marketing.jpg\" \/>\n\t<meta property=\"og:image:width\" content=\"899\" \/>\n\t<meta property=\"og:image:height\" content=\"533\" \/>\n\t<meta property=\"og:image:type\" content=\"image\/jpeg\" \/>\n<meta name=\"author\" content=\"super-news\" \/>\n<meta name=\"twitter:card\" content=\"summary_large_image\" \/>\n<meta name=\"twitter:label1\" content=\"Szerz\u0151:\" \/>\n\t<meta name=\"twitter:data1\" content=\"super-news\" \/>\n\t<meta name=\"twitter:label2\" content=\"Becs\u00fclt olvas\u00e1si id\u0151\" \/>\n\t<meta name=\"twitter:data2\" content=\"4 perc\" \/>\n<script type=\"application\/ld+json\" class=\"yoast-schema-graph\">{\"@context\":\"https:\\\/\\\/schema.org\",\"@graph\":[{\"@type\":\"Article\",\"@id\":\"https:\\\/\\\/super-news.info\\\/hu\\\/ez-a-velemenyvezerek-kora-marketing\\\/#article\",\"isPartOf\":{\"@id\":\"https:\\\/\\\/super-news.info\\\/hu\\\/ez-a-velemenyvezerek-kora-marketing\\\/\"},\"author\":{\"name\":\"super-news\",\"@id\":\"https:\\\/\\\/super-news.info\\\/hu\\\/#\\\/schema\\\/person\\\/2d4068cb2f39cd10008c2fce578a7356\"},\"headline\":\"Ez a v\u00e9lem\u00e9nyvez\u00e9rek kora &#8211; Marketing\",\"datePublished\":\"2019-05-18T08:14:48+00:00\",\"dateModified\":\"2019-05-18T08:14:49+00:00\",\"mainEntityOfPage\":{\"@id\":\"https:\\\/\\\/super-news.info\\\/hu\\\/ez-a-velemenyvezerek-kora-marketing\\\/\"},\"wordCount\":830,\"commentCount\":0,\"image\":{\"@id\":\"https:\\\/\\\/super-news.info\\\/hu\\\/ez-a-velemenyvezerek-kora-marketing\\\/#primaryimage\"},\"thumbnailUrl\":\"https:\\\/\\\/super-news.info\\\/hu\\\/wp-content\\\/uploads\\\/sites\\\/3\\\/2019\\\/05\\\/Ez-a-v\u00e9lem\u00e9nyvez\u00e9rek-kora-Marketing.jpg\",\"articleSection\":[\"DIGIT\u00c1LIS MARKETING H\u00cdREK\"],\"inLanguage\":\"hu\",\"potentialAction\":[{\"@type\":\"CommentAction\",\"name\":\"Comment\",\"target\":[\"https:\\\/\\\/super-news.info\\\/hu\\\/ez-a-velemenyvezerek-kora-marketing\\\/#respond\"]}]},{\"@type\":\"WebPage\",\"@id\":\"https:\\\/\\\/super-news.info\\\/hu\\\/ez-a-velemenyvezerek-kora-marketing\\\/\",\"url\":\"https:\\\/\\\/super-news.info\\\/hu\\\/ez-a-velemenyvezerek-kora-marketing\\\/\",\"name\":\"Ez a v\u00e9lem\u00e9nyvez\u00e9rek kora - Marketing - Super News\",\"isPartOf\":{\"@id\":\"https:\\\/\\\/super-news.info\\\/hu\\\/#website\"},\"primaryImageOfPage\":{\"@id\":\"https:\\\/\\\/super-news.info\\\/hu\\\/ez-a-velemenyvezerek-kora-marketing\\\/#primaryimage\"},\"image\":{\"@id\":\"https:\\\/\\\/super-news.info\\\/hu\\\/ez-a-velemenyvezerek-kora-marketing\\\/#primaryimage\"},\"thumbnailUrl\":\"https:\\\/\\\/super-news.info\\\/hu\\\/wp-content\\\/uploads\\\/sites\\\/3\\\/2019\\\/05\\\/Ez-a-v\u00e9lem\u00e9nyvez\u00e9rek-kora-Marketing.jpg\",\"datePublished\":\"2019-05-18T08:14:48+00:00\",\"dateModified\":\"2019-05-18T08:14:49+00:00\",\"author\":{\"@id\":\"https:\\\/\\\/super-news.info\\\/hu\\\/#\\\/schema\\\/person\\\/2d4068cb2f39cd10008c2fce578a7356\"},\"breadcrumb\":{\"@id\":\"https:\\\/\\\/super-news.info\\\/hu\\\/ez-a-velemenyvezerek-kora-marketing\\\/#breadcrumb\"},\"inLanguage\":\"hu\",\"potentialAction\":[{\"@type\":\"ReadAction\",\"target\":[\"https:\\\/\\\/super-news.info\\\/hu\\\/ez-a-velemenyvezerek-kora-marketing\\\/\"]}]},{\"@type\":\"ImageObject\",\"inLanguage\":\"hu\",\"@id\":\"https:\\\/\\\/super-news.info\\\/hu\\\/ez-a-velemenyvezerek-kora-marketing\\\/#primaryimage\",\"url\":\"https:\\\/\\\/super-news.info\\\/hu\\\/wp-content\\\/uploads\\\/sites\\\/3\\\/2019\\\/05\\\/Ez-a-v\u00e9lem\u00e9nyvez\u00e9rek-kora-Marketing.jpg\",\"contentUrl\":\"https:\\\/\\\/super-news.info\\\/hu\\\/wp-content\\\/uploads\\\/sites\\\/3\\\/2019\\\/05\\\/Ez-a-v\u00e9lem\u00e9nyvez\u00e9rek-kora-Marketing.jpg\",\"width\":899,\"height\":533,\"caption\":\"Ez a v\u00e9lem\u00e9nyvez\u00e9rek kora - Marketing\"},{\"@type\":\"BreadcrumbList\",\"@id\":\"https:\\\/\\\/super-news.info\\\/hu\\\/ez-a-velemenyvezerek-kora-marketing\\\/#breadcrumb\",\"itemListElement\":[{\"@type\":\"ListItem\",\"position\":1,\"name\":\"\u0413\u043b\u0430\u0432\u043d\u0430\u044f \u0441\u0442\u0440\u0430\u043d\u0438\u0446\u0430\",\"item\":\"https:\\\/\\\/super-news.info\\\/hu\\\/\"},{\"@type\":\"ListItem\",\"position\":2,\"name\":\"Ez a v\u00e9lem\u00e9nyvez\u00e9rek kora &#8211; Marketing\"}]},{\"@type\":\"WebSite\",\"@id\":\"https:\\\/\\\/super-news.info\\\/hu\\\/#website\",\"url\":\"https:\\\/\\\/super-news.info\\\/hu\\\/\",\"name\":\"Super News\",\"description\":\"Super News Magyarorsz\u00e1g\",\"potentialAction\":[{\"@type\":\"SearchAction\",\"target\":{\"@type\":\"EntryPoint\",\"urlTemplate\":\"https:\\\/\\\/super-news.info\\\/hu\\\/?s={search_term_string}\"},\"query-input\":{\"@type\":\"PropertyValueSpecification\",\"valueRequired\":true,\"valueName\":\"search_term_string\"}}],\"inLanguage\":\"hu\"},{\"@type\":\"Person\",\"@id\":\"https:\\\/\\\/super-news.info\\\/hu\\\/#\\\/schema\\\/person\\\/2d4068cb2f39cd10008c2fce578a7356\",\"name\":\"super-news\",\"image\":{\"@type\":\"ImageObject\",\"inLanguage\":\"hu\",\"@id\":\"https:\\\/\\\/secure.gravatar.com\\\/avatar\\\/64ebac40b93f26a154f8a9b5b6fdccfc46f442b26b3dd6756dbff3bf9dc76fd7?s=96&d=mm&r=g\",\"url\":\"https:\\\/\\\/secure.gravatar.com\\\/avatar\\\/64ebac40b93f26a154f8a9b5b6fdccfc46f442b26b3dd6756dbff3bf9dc76fd7?s=96&d=mm&r=g\",\"contentUrl\":\"https:\\\/\\\/secure.gravatar.com\\\/avatar\\\/64ebac40b93f26a154f8a9b5b6fdccfc46f442b26b3dd6756dbff3bf9dc76fd7?s=96&d=mm&r=g\",\"caption\":\"super-news\"},\"url\":\"https:\\\/\\\/super-news.info\\\/hu\\\/author\\\/pt\\\/\"}]}<\/script>\n<!-- \/ Yoast SEO plugin. -->","yoast_head_json":{"title":"Ez a v\u00e9lem\u00e9nyvez\u00e9rek kora - Marketing - Super News","robots":{"index":"index","follow":"follow","max-snippet":"max-snippet:-1","max-image-preview":"max-image-preview:large","max-video-preview":"max-video-preview:-1"},"canonical":"https:\/\/super-news.info\/hu\/ez-a-velemenyvezerek-kora-marketing\/","og_locale":"hu_HU","og_type":"article","og_title":"Ez a v\u00e9lem\u00e9nyvez\u00e9rek kora - Marketing - Super News","og_description":"[ad_1] Kit haszn\u00e1ljanak a c\u00e9gek a netes marketing-kamp\u00e1nyokban: a legn\u00e9pszer\u0171bb influencereket, vagy \u00e9rdemes kev\u00e9sb\u00e9 ismert netes szem\u00e9lyis\u00e9geket is bevonni rekl\u00e1moz\u00e1sba? Puszt\u00e1n a k\u00f6z\u00f6ss\u00e9gi oldalakon is fel lehet futtatni egy \u00faj c\u00e9get? \u2013 t\u00f6bbek k\u00f6zt ezeket a k\u00e9rd\u00e9seket is k\u00f6rbej\u00e1rt\u00e1k az el\u0151ad\u00f3k a m\u00e1jus 7-\u00e9n \u00e9s 8-\u00e1n megtartott Media Hungary konferenci\u00e1n. Szomor\u00fa igazs\u00e1g, de a hagyom\u00e1nyos [&hellip;]","og_url":"https:\/\/super-news.info\/hu\/ez-a-velemenyvezerek-kora-marketing\/","og_site_name":"Super News","article_published_time":"2019-05-18T08:14:48+00:00","article_modified_time":"2019-05-18T08:14:49+00:00","og_image":[{"width":899,"height":533,"url":"https:\/\/super-news.info\/hu\/wp-content\/uploads\/sites\/3\/2019\/05\/Ez-a-v\u00e9lem\u00e9nyvez\u00e9rek-kora-Marketing.jpg","type":"image\/jpeg"}],"author":"super-news","twitter_card":"summary_large_image","twitter_misc":{"Szerz\u0151:":"super-news","Becs\u00fclt olvas\u00e1si id\u0151":"4 perc"},"schema":{"@context":"https:\/\/schema.org","@graph":[{"@type":"Article","@id":"https:\/\/super-news.info\/hu\/ez-a-velemenyvezerek-kora-marketing\/#article","isPartOf":{"@id":"https:\/\/super-news.info\/hu\/ez-a-velemenyvezerek-kora-marketing\/"},"author":{"name":"super-news","@id":"https:\/\/super-news.info\/hu\/#\/schema\/person\/2d4068cb2f39cd10008c2fce578a7356"},"headline":"Ez a v\u00e9lem\u00e9nyvez\u00e9rek kora &#8211; Marketing","datePublished":"2019-05-18T08:14:48+00:00","dateModified":"2019-05-18T08:14:49+00:00","mainEntityOfPage":{"@id":"https:\/\/super-news.info\/hu\/ez-a-velemenyvezerek-kora-marketing\/"},"wordCount":830,"commentCount":0,"image":{"@id":"https:\/\/super-news.info\/hu\/ez-a-velemenyvezerek-kora-marketing\/#primaryimage"},"thumbnailUrl":"https:\/\/super-news.info\/hu\/wp-content\/uploads\/sites\/3\/2019\/05\/Ez-a-v\u00e9lem\u00e9nyvez\u00e9rek-kora-Marketing.jpg","articleSection":["DIGIT\u00c1LIS MARKETING H\u00cdREK"],"inLanguage":"hu","potentialAction":[{"@type":"CommentAction","name":"Comment","target":["https:\/\/super-news.info\/hu\/ez-a-velemenyvezerek-kora-marketing\/#respond"]}]},{"@type":"WebPage","@id":"https:\/\/super-news.info\/hu\/ez-a-velemenyvezerek-kora-marketing\/","url":"https:\/\/super-news.info\/hu\/ez-a-velemenyvezerek-kora-marketing\/","name":"Ez a v\u00e9lem\u00e9nyvez\u00e9rek kora - Marketing - Super News","isPartOf":{"@id":"https:\/\/super-news.info\/hu\/#website"},"primaryImageOfPage":{"@id":"https:\/\/super-news.info\/hu\/ez-a-velemenyvezerek-kora-marketing\/#primaryimage"},"image":{"@id":"https:\/\/super-news.info\/hu\/ez-a-velemenyvezerek-kora-marketing\/#primaryimage"},"thumbnailUrl":"https:\/\/super-news.info\/hu\/wp-content\/uploads\/sites\/3\/2019\/05\/Ez-a-v\u00e9lem\u00e9nyvez\u00e9rek-kora-Marketing.jpg","datePublished":"2019-05-18T08:14:48+00:00","dateModified":"2019-05-18T08:14:49+00:00","author":{"@id":"https:\/\/super-news.info\/hu\/#\/schema\/person\/2d4068cb2f39cd10008c2fce578a7356"},"breadcrumb":{"@id":"https:\/\/super-news.info\/hu\/ez-a-velemenyvezerek-kora-marketing\/#breadcrumb"},"inLanguage":"hu","potentialAction":[{"@type":"ReadAction","target":["https:\/\/super-news.info\/hu\/ez-a-velemenyvezerek-kora-marketing\/"]}]},{"@type":"ImageObject","inLanguage":"hu","@id":"https:\/\/super-news.info\/hu\/ez-a-velemenyvezerek-kora-marketing\/#primaryimage","url":"https:\/\/super-news.info\/hu\/wp-content\/uploads\/sites\/3\/2019\/05\/Ez-a-v\u00e9lem\u00e9nyvez\u00e9rek-kora-Marketing.jpg","contentUrl":"https:\/\/super-news.info\/hu\/wp-content\/uploads\/sites\/3\/2019\/05\/Ez-a-v\u00e9lem\u00e9nyvez\u00e9rek-kora-Marketing.jpg","width":899,"height":533,"caption":"Ez a v\u00e9lem\u00e9nyvez\u00e9rek kora - Marketing"},{"@type":"BreadcrumbList","@id":"https:\/\/super-news.info\/hu\/ez-a-velemenyvezerek-kora-marketing\/#breadcrumb","itemListElement":[{"@type":"ListItem","position":1,"name":"\u0413\u043b\u0430\u0432\u043d\u0430\u044f \u0441\u0442\u0440\u0430\u043d\u0438\u0446\u0430","item":"https:\/\/super-news.info\/hu\/"},{"@type":"ListItem","position":2,"name":"Ez a v\u00e9lem\u00e9nyvez\u00e9rek kora &#8211; Marketing"}]},{"@type":"WebSite","@id":"https:\/\/super-news.info\/hu\/#website","url":"https:\/\/super-news.info\/hu\/","name":"Super News","description":"Super News Magyarorsz\u00e1g","potentialAction":[{"@type":"SearchAction","target":{"@type":"EntryPoint","urlTemplate":"https:\/\/super-news.info\/hu\/?s={search_term_string}"},"query-input":{"@type":"PropertyValueSpecification","valueRequired":true,"valueName":"search_term_string"}}],"inLanguage":"hu"},{"@type":"Person","@id":"https:\/\/super-news.info\/hu\/#\/schema\/person\/2d4068cb2f39cd10008c2fce578a7356","name":"super-news","image":{"@type":"ImageObject","inLanguage":"hu","@id":"https:\/\/secure.gravatar.com\/avatar\/64ebac40b93f26a154f8a9b5b6fdccfc46f442b26b3dd6756dbff3bf9dc76fd7?s=96&d=mm&r=g","url":"https:\/\/secure.gravatar.com\/avatar\/64ebac40b93f26a154f8a9b5b6fdccfc46f442b26b3dd6756dbff3bf9dc76fd7?s=96&d=mm&r=g","contentUrl":"https:\/\/secure.gravatar.com\/avatar\/64ebac40b93f26a154f8a9b5b6fdccfc46f442b26b3dd6756dbff3bf9dc76fd7?s=96&d=mm&r=g","caption":"super-news"},"url":"https:\/\/super-news.info\/hu\/author\/pt\/"}]}},"_links":{"self":[{"href":"https:\/\/super-news.info\/hu\/wp-json\/wp\/v2\/posts\/2186","targetHints":{"allow":["GET"]}}],"collection":[{"href":"https:\/\/super-news.info\/hu\/wp-json\/wp\/v2\/posts"}],"about":[{"href":"https:\/\/super-news.info\/hu\/wp-json\/wp\/v2\/types\/post"}],"author":[{"embeddable":true,"href":"https:\/\/super-news.info\/hu\/wp-json\/wp\/v2\/users\/2"}],"replies":[{"embeddable":true,"href":"https:\/\/super-news.info\/hu\/wp-json\/wp\/v2\/comments?post=2186"}],"version-history":[{"count":1,"href":"https:\/\/super-news.info\/hu\/wp-json\/wp\/v2\/posts\/2186\/revisions"}],"predecessor-version":[{"id":2188,"href":"https:\/\/super-news.info\/hu\/wp-json\/wp\/v2\/posts\/2186\/revisions\/2188"}],"wp:featuredmedia":[{"embeddable":true,"href":"https:\/\/super-news.info\/hu\/wp-json\/wp\/v2\/media\/2187"}],"wp:attachment":[{"href":"https:\/\/super-news.info\/hu\/wp-json\/wp\/v2\/media?parent=2186"}],"wp:term":[{"taxonomy":"category","embeddable":true,"href":"https:\/\/super-news.info\/hu\/wp-json\/wp\/v2\/categories?post=2186"},{"taxonomy":"post_tag","embeddable":true,"href":"https:\/\/super-news.info\/hu\/wp-json\/wp\/v2\/tags?post=2186"}],"curies":[{"name":"wp","href":"https:\/\/api.w.org\/{rel}","templated":true}]}}