{"id":2153,"date":"2019-05-17T18:10:22","date_gmt":"2019-05-17T15:10:22","guid":{"rendered":"https:\/\/super-news.info\/hu\/tronok-harca-jol-be-van-allitva-a-teved-media\/"},"modified":"2019-05-17T18:10:23","modified_gmt":"2019-05-17T15:10:23","slug":"tronok-harca-jol-be-van-allitva-a-teved-media","status":"publish","type":"post","link":"https:\/\/super-news.info\/hu\/tronok-harca-jol-be-van-allitva-a-teved-media\/","title":{"rendered":"Tr\u00f3nok harca: j\u00f3l be van \u00e1ll\u00edtva a t\u00e9v\u00e9d? &#8211; M\u00e9dia"},"content":{"rendered":"<p> [ad_1]<br \/>\n<\/p>\n<p>Sz\u00e1mos kritika \u00e9rte az HBO n\u00e9pszer\u0171 sorozata, a Tr\u00f3nok harca befejez\u0151 \u00e9vad\u00e1nak alkot\u00f3it az\u00e9rt, mert a sorozat k\u00e9pi vil\u00e1ga olyan s\u00f6t\u00e9tre sikeredett, hogy sokak szerint alig lehetett kivenni, mi t\u00f6rt\u00e9nik \u00e9pp a k\u00e9perny\u0151n. A sorozat operat\u0151re, Fabian Wagner a megjegyz\u00e9sekre r\u00e9szben \u00fagy reag\u00e1lt, hogy nem a k\u00e9pek voltak t\u00fal s\u00f6t\u00e9tek, hanem sokan egyszer\u0171en nem tudj\u00e1k, hogyan kell megfelel\u0151en be\u00e1ll\u00edtani a t\u00e9v\u00e9j\u00fcket. Az LG Magyarorsz\u00e1g szak\u00e9rt\u0151je most \u00f6sszegy\u0171jt\u00f6tte a&#13;<br \/>\nlegfontosabb tudnival\u00f3kat a sorozathoz passzol\u00f3 be\u00e1ll\u00edt\u00e1sokr\u00f3l.<\/p>\n<div id=\"article_text\">\n<p>\u201eA legjobb \u00e9lm\u00e9ny \u00e9rdek\u00e9ben lehet\u0151leg ne mobileszk\u00f6z\u00f6n vagy laptopon n\u00e9zz\u00fck a sorozatot, hanem t\u00e9v\u00e9n, els\u00f6t\u00e9t\u00edtett szob\u00e1ban, legfeljebb egy, a k\u00e9sz\u00fcl\u00e9k m\u00f6g\u00f6tt elhelyezett, minim\u00e1lis f\u00e9nyerej\u0171 hangulatvil\u00e1g\u00edt\u00e1s mellett\u201d \u2013 tan\u00e1csolja Slezs\u00e1k D\u00e1niel, az LG Magyarorsz\u00e1g sz\u00f3rakoztat\u00f3 elektronikai \u00fczlet\u00e1g\u00e1nak term\u00e9kspecialist\u00e1ja. \u201eTerm\u00e9szetesen az sem mindegy, hogy milyen k\u00e9sz\u00fcl\u00e9k\u00fcnk van: az OLED t\u00e9v\u00e9k pixeljei p\u00e9ld\u00e1ul k\u00fcl\u00f6n-k\u00fcl\u00f6n vez\u00e9relhet\u0151ek, \u00e9s mivel a fekete megjelen\u00edt\u00e9sekor a k\u00e9ppontok egyszer\u0171en kikapcsolnak, az \u00edgy l\u00e9trehozott t\u00f6k\u00e9letes fekete mellett sokkal jobban l\u00e1tszanak a kontrasztok.\u201d<\/p>\n<p>Ahogyan arra a sorozat operat\u0151re is utalt, fontos, hogy a t\u00e9v\u00e9nk be\u00e1ll\u00edt\u00e1sai is megfelel\u0151ek legyenek. A telev\u00edzi\u00f3k men\u00fcj\u00e9ben t\u00f6bbnyire fellehet\u0151 k\u00e9p\u00fczemm\u00f3dok (pl. norm\u00e1l, mozi, sport, dinamikus) seg\u00edts\u00e9g\u00e9vel egyszer\u0171en tudjuk a t\u00e9v\u00e9n n\u00e9zett tartalmak t\u00edpus\u00e1hoz igaz\u00edtani a l\u00e1tv\u00e1nyt. Ezek az \u00fczemm\u00f3dok a k\u00e9pek megjelen\u00edt\u00e9s\u00e9t szinte az \u00f6sszes lehets\u00e9ges m\u00f3don \u00e9rintik, azaz egyebek k\u00f6zt befoly\u00e1solj\u00e1k a k\u00e9pek f\u00e9nyerej\u00e9t, sz\u00edntel\u00edtetts\u00e9g\u00e9t, sz\u00ednh\u0151m\u00e9rs\u00e9klet\u00e9t \u00e9s kontrasztj\u00e1t, de persze ezeket ak\u00e1r egyes\u00e9vel is be\u00e1ll\u00edthatjuk \u00e9s a saj\u00e1t be\u00e1ll\u00edt\u00e1sainkat j\u00f3 esetben el is menthetj\u00fck. \u201eA legegyszer\u0171bb megold\u00e1s teh\u00e1t az, ha a t\u00e9v\u00e9nken a mozi\u00fczemm\u00f3dot (nem magyar nyelv\u0171 men\u00fc eset\u00e9n Cinema vagy Movie) v\u00e1lasztjuk ki\u201d \u2013 mondja az LG szak\u00e9rt\u0151je.<\/p>\n<p><strong> Ha ezzel nem vagyunk igaz\u00e1n el\u00e9gedettek, akkor az al\u00e1bbiakkal k\u00eds\u00e9rletezhet\u00fcnk:<\/strong><\/p>\n<p><em><strong> gamma<\/strong> &#8211; ha a k\u00e9sz\u00fcl\u00e9ken van ilyen lehet\u0151s\u00e9g, \u00e1ll\u00edtsunk a gamm\u00e1n: egy s\u00f6t\u00e9t helyis\u00e9gben t\u00e9v\u00e9zve a 2,4-es \u00e9rt\u00e9k ide\u00e1lis lehet, de ha ezt alkalmazva nem kivehet\u0151ek az \u00e1rny\u00e9kban megb\u00faj\u00f3 r\u00e9szletek, pr\u00f3b\u00e1ljuk meg a 2,2-es \u00e9rt\u00e9ket<\/em><\/p>\n<p><strong> extra funkci\u00f3k<\/strong> &#8211; keress\u00fck meg a men\u00fcben \u00e9s kapcsoljuk ki az automatikus k\u00e9pjav\u00edt\u00f3 funkci\u00f3kat (m\u00e1rk\u00e1t\u00f3l f\u00fcgg\u0151en ezeket pl. TruMotion, Auto Motion Plus, MotionFlow n\u00e9ven tal\u00e1ljuk) \u00e9s kapcsoljuk ki a fekete sz\u00ednt kieme\u0151 funkci\u00f3t is<\/p>\n<p><strong> h\u00e1tt\u00e9rvil\u00e1g\u00edt\u00e1s <\/strong>&#8211; ha a k\u00e9sz\u00fcl\u00e9k\u00fcnk rendelkezik h\u00e1tt\u00e9rvil\u00e1g\u00edt\u00e1ssal (backlight), akkor tekerj\u00fck feljebb, de csak \u00f3vatosan, mert ha t\u00falz\u00e1sba vissz\u00fck, kifakul a k\u00e9p <br \/><strong><br \/>f\u00e9nyer\u0151<\/strong> &#8211; a f\u00e9nyer\u0151t feljebb \u00e1ll\u00edtva a s\u00f6t\u00e9t k\u00e9pi elemek r\u00e9szletei kivehet\u0151bb\u00e9 v\u00e1lnak, de ha t\u00falz\u00e1sba vissz\u00fck, \u00edgy is kifakulhat a k\u00e9p <br \/><strong><br \/>kontraszt <\/strong>&#8211; ha t\u00fal magasra \u00e1ll\u00edtjuk a kontrasztot, a vil\u00e1gos k\u00e9pi elemek r\u00e9szleteit vesz\u00edthetj\u00fck el <\/p>\n<p><strong>sz\u00edn \u00e9s sz\u00edntel\u00edtetts\u00e9g<\/strong> &#8211; ha m\u00e1r megvan a mozi\u00fczemm\u00f3d, akkor ehhez nem \u00e9rdemes hozz\u00e1ny\u00falni, legfeljebb akkor igaz\u00edtsunk rajta, ha egy-egy jelenetn\u00e9l sz\u00fcks\u00e9gesnek \u00e9rezz\u00fck<\/p>\n<p>\u201eHa ezek a pr\u00f3b\u00e1lkoz\u00e1sok els\u0151re nem hozz\u00e1k meg a k\u00edv\u00e1nt eredm\u00e9nyt, egyszer\u0171en visszat\u00e9rhet\u00fcnk a gy\u00e1ri be\u00e1ll\u00edt\u00e1sokhoz (reset) \u00e9s \u00faj kombin\u00e1ci\u00f3kat is kipr\u00f3b\u00e1lhatunk\u201d \u2013 tan\u00e1csolja az LG szak\u00e9rt\u0151je.<\/p>\n<p>A s\u00f6t\u00e9t k\u00e9pvil\u00e1g\u00fa filmek \u00e9s sorozatok kedvel\u0151inek hossz\u00fa t\u00e1von is ide\u00e1lis v\u00e1laszt\u00e1s egy OLED t\u00e9v\u00e9, melyen a v\u00e9gtelen kontrasztar\u00e1nynak k\u00f6sz\u00f6nhet\u0151en a fenti be\u00e1ll\u00edt\u00e1sok n\u00e9lk\u00fcl is ki\u00e9lvezhetik m\u00e9g a legs\u00f6t\u00e9tebb csatajelenetek r\u00e9szletgazdags\u00e1g\u00e1t is.<\/p>\n<p><em><em style=\"color: #171717; font-size: 16px;\"><em><strong><em><em><em><em>K\u00f6vesd az oldalunkat a\u00a0<strong>Facebook-on<\/strong> \u00e9s a\u00a0<strong><a href=\"https:\/\/twitter.com\/digitalhungary\" target=\"_blank\" rel=\"noopener noreferrer\">Twitteren<\/a><\/strong> is!<\/em><\/em><\/em><\/em><\/strong><\/em><\/em><\/em><\/p>\n<\/div>\n<p><script async src=\"http:\/\/platform.twitter.com\/widgets.js\" charset=\"utf-8\"><\/script><br \/>\n<br \/>[ad_2]<br \/>\n<br \/><a href=\"https:\/\/www.digitalhungary.hu\/media\/Tronok-harca-jol-be-van-allitva-a-teved\/8578\/\">Source link <\/a><\/p>\n","protected":false},"excerpt":{"rendered":"<p>[ad_1] Sz\u00e1mos kritika \u00e9rte az HBO n\u00e9pszer\u0171 sorozata, a Tr\u00f3nok harca befejez\u0151 \u00e9vad\u00e1nak alkot\u00f3it az\u00e9rt, mert a sorozat k\u00e9pi vil\u00e1ga olyan s\u00f6t\u00e9tre sikeredett, hogy sokak szerint alig lehetett kivenni, mi t\u00f6rt\u00e9nik \u00e9pp a k\u00e9perny\u0151n. A sorozat operat\u0151re, Fabian Wagner a megjegyz\u00e9sekre r\u00e9szben \u00fagy reag\u00e1lt, hogy nem a k\u00e9pek voltak t\u00fal s\u00f6t\u00e9tek, hanem sokan egyszer\u0171en nem [&hellip;]<\/p>\n","protected":false},"author":2,"featured_media":2154,"comment_status":"open","ping_status":"open","sticky":false,"template":"","format":"standard","meta":{"footnotes":""},"categories":[2],"tags":[],"class_list":["post-2153","post","type-post","status-publish","format-standard","has-post-thumbnail","hentry","category-digitalis-marketing-hirek"],"yoast_head":"<!-- This site is optimized with the Yoast SEO plugin v27.4 - https:\/\/yoast.com\/product\/yoast-seo-wordpress\/ -->\n<title>Tr\u00f3nok harca: j\u00f3l be van \u00e1ll\u00edtva a t\u00e9v\u00e9d? - M\u00e9dia - Super News<\/title>\n<meta name=\"robots\" content=\"index, follow, max-snippet:-1, max-image-preview:large, max-video-preview:-1\" \/>\n<link rel=\"canonical\" href=\"https:\/\/super-news.info\/hu\/tronok-harca-jol-be-van-allitva-a-teved-media\/\" \/>\n<meta property=\"og:locale\" content=\"hu_HU\" \/>\n<meta property=\"og:type\" content=\"article\" \/>\n<meta property=\"og:title\" content=\"Tr\u00f3nok harca: j\u00f3l be van \u00e1ll\u00edtva a t\u00e9v\u00e9d? - M\u00e9dia - Super News\" \/>\n<meta property=\"og:description\" content=\"[ad_1] Sz\u00e1mos kritika \u00e9rte az HBO n\u00e9pszer\u0171 sorozata, a Tr\u00f3nok harca befejez\u0151 \u00e9vad\u00e1nak alkot\u00f3it az\u00e9rt, mert a sorozat k\u00e9pi vil\u00e1ga olyan s\u00f6t\u00e9tre sikeredett, hogy sokak szerint alig lehetett kivenni, mi t\u00f6rt\u00e9nik \u00e9pp a k\u00e9perny\u0151n. A sorozat operat\u0151re, Fabian Wagner a megjegyz\u00e9sekre r\u00e9szben \u00fagy reag\u00e1lt, hogy nem a k\u00e9pek voltak t\u00fal s\u00f6t\u00e9tek, hanem sokan egyszer\u0171en nem [&hellip;]\" \/>\n<meta property=\"og:url\" content=\"https:\/\/super-news.info\/hu\/tronok-harca-jol-be-van-allitva-a-teved-media\/\" \/>\n<meta property=\"og:site_name\" content=\"Super News\" \/>\n<meta property=\"article:published_time\" content=\"2019-05-17T15:10:22+00:00\" \/>\n<meta property=\"article:modified_time\" content=\"2019-05-17T15:10:23+00:00\" \/>\n<meta property=\"og:image\" content=\"https:\/\/super-news.info\/hu\/wp-content\/uploads\/sites\/3\/2019\/05\/Tr\u00f3nok-harca-j\u00f3l-be-van-\u00e1ll\u00edtva-a-t\u00e9v\u00e9d-M\u00e9dia.jpg\" \/>\n\t<meta property=\"og:image:width\" content=\"942\" \/>\n\t<meta property=\"og:image:height\" content=\"628\" \/>\n\t<meta property=\"og:image:type\" content=\"image\/jpeg\" \/>\n<meta name=\"author\" content=\"super-news\" \/>\n<meta name=\"twitter:card\" content=\"summary_large_image\" \/>\n<meta name=\"twitter:label1\" content=\"Szerz\u0151:\" \/>\n\t<meta name=\"twitter:data1\" content=\"super-news\" \/>\n\t<meta name=\"twitter:label2\" content=\"Becs\u00fclt olvas\u00e1si id\u0151\" \/>\n\t<meta name=\"twitter:data2\" content=\"4 perc\" \/>\n<script type=\"application\/ld+json\" class=\"yoast-schema-graph\">{\"@context\":\"https:\\\/\\\/schema.org\",\"@graph\":[{\"@type\":\"Article\",\"@id\":\"https:\\\/\\\/super-news.info\\\/hu\\\/tronok-harca-jol-be-van-allitva-a-teved-media\\\/#article\",\"isPartOf\":{\"@id\":\"https:\\\/\\\/super-news.info\\\/hu\\\/tronok-harca-jol-be-van-allitva-a-teved-media\\\/\"},\"author\":{\"name\":\"super-news\",\"@id\":\"https:\\\/\\\/super-news.info\\\/hu\\\/#\\\/schema\\\/person\\\/2d4068cb2f39cd10008c2fce578a7356\"},\"headline\":\"Tr\u00f3nok harca: j\u00f3l be van \u00e1ll\u00edtva a t\u00e9v\u00e9d? &#8211; M\u00e9dia\",\"datePublished\":\"2019-05-17T15:10:22+00:00\",\"dateModified\":\"2019-05-17T15:10:23+00:00\",\"mainEntityOfPage\":{\"@id\":\"https:\\\/\\\/super-news.info\\\/hu\\\/tronok-harca-jol-be-van-allitva-a-teved-media\\\/\"},\"wordCount\":804,\"commentCount\":0,\"image\":{\"@id\":\"https:\\\/\\\/super-news.info\\\/hu\\\/tronok-harca-jol-be-van-allitva-a-teved-media\\\/#primaryimage\"},\"thumbnailUrl\":\"https:\\\/\\\/super-news.info\\\/hu\\\/wp-content\\\/uploads\\\/sites\\\/3\\\/2019\\\/05\\\/Tr\u00f3nok-harca-j\u00f3l-be-van-\u00e1ll\u00edtva-a-t\u00e9v\u00e9d-M\u00e9dia.jpg\",\"articleSection\":[\"DIGIT\u00c1LIS MARKETING H\u00cdREK\"],\"inLanguage\":\"hu\",\"potentialAction\":[{\"@type\":\"CommentAction\",\"name\":\"Comment\",\"target\":[\"https:\\\/\\\/super-news.info\\\/hu\\\/tronok-harca-jol-be-van-allitva-a-teved-media\\\/#respond\"]}]},{\"@type\":\"WebPage\",\"@id\":\"https:\\\/\\\/super-news.info\\\/hu\\\/tronok-harca-jol-be-van-allitva-a-teved-media\\\/\",\"url\":\"https:\\\/\\\/super-news.info\\\/hu\\\/tronok-harca-jol-be-van-allitva-a-teved-media\\\/\",\"name\":\"Tr\u00f3nok harca: j\u00f3l be van \u00e1ll\u00edtva a t\u00e9v\u00e9d? - M\u00e9dia - Super News\",\"isPartOf\":{\"@id\":\"https:\\\/\\\/super-news.info\\\/hu\\\/#website\"},\"primaryImageOfPage\":{\"@id\":\"https:\\\/\\\/super-news.info\\\/hu\\\/tronok-harca-jol-be-van-allitva-a-teved-media\\\/#primaryimage\"},\"image\":{\"@id\":\"https:\\\/\\\/super-news.info\\\/hu\\\/tronok-harca-jol-be-van-allitva-a-teved-media\\\/#primaryimage\"},\"thumbnailUrl\":\"https:\\\/\\\/super-news.info\\\/hu\\\/wp-content\\\/uploads\\\/sites\\\/3\\\/2019\\\/05\\\/Tr\u00f3nok-harca-j\u00f3l-be-van-\u00e1ll\u00edtva-a-t\u00e9v\u00e9d-M\u00e9dia.jpg\",\"datePublished\":\"2019-05-17T15:10:22+00:00\",\"dateModified\":\"2019-05-17T15:10:23+00:00\",\"author\":{\"@id\":\"https:\\\/\\\/super-news.info\\\/hu\\\/#\\\/schema\\\/person\\\/2d4068cb2f39cd10008c2fce578a7356\"},\"breadcrumb\":{\"@id\":\"https:\\\/\\\/super-news.info\\\/hu\\\/tronok-harca-jol-be-van-allitva-a-teved-media\\\/#breadcrumb\"},\"inLanguage\":\"hu\",\"potentialAction\":[{\"@type\":\"ReadAction\",\"target\":[\"https:\\\/\\\/super-news.info\\\/hu\\\/tronok-harca-jol-be-van-allitva-a-teved-media\\\/\"]}]},{\"@type\":\"ImageObject\",\"inLanguage\":\"hu\",\"@id\":\"https:\\\/\\\/super-news.info\\\/hu\\\/tronok-harca-jol-be-van-allitva-a-teved-media\\\/#primaryimage\",\"url\":\"https:\\\/\\\/super-news.info\\\/hu\\\/wp-content\\\/uploads\\\/sites\\\/3\\\/2019\\\/05\\\/Tr\u00f3nok-harca-j\u00f3l-be-van-\u00e1ll\u00edtva-a-t\u00e9v\u00e9d-M\u00e9dia.jpg\",\"contentUrl\":\"https:\\\/\\\/super-news.info\\\/hu\\\/wp-content\\\/uploads\\\/sites\\\/3\\\/2019\\\/05\\\/Tr\u00f3nok-harca-j\u00f3l-be-van-\u00e1ll\u00edtva-a-t\u00e9v\u00e9d-M\u00e9dia.jpg\",\"width\":942,\"height\":628,\"caption\":\"Tr\u00f3nok harca: j\u00f3l be van \u00e1ll\u00edtva a t\u00e9v\u00e9d? - M\u00e9dia\"},{\"@type\":\"BreadcrumbList\",\"@id\":\"https:\\\/\\\/super-news.info\\\/hu\\\/tronok-harca-jol-be-van-allitva-a-teved-media\\\/#breadcrumb\",\"itemListElement\":[{\"@type\":\"ListItem\",\"position\":1,\"name\":\"\u0413\u043b\u0430\u0432\u043d\u0430\u044f \u0441\u0442\u0440\u0430\u043d\u0438\u0446\u0430\",\"item\":\"https:\\\/\\\/super-news.info\\\/hu\\\/\"},{\"@type\":\"ListItem\",\"position\":2,\"name\":\"Tr\u00f3nok harca: j\u00f3l be van \u00e1ll\u00edtva a t\u00e9v\u00e9d? &#8211; M\u00e9dia\"}]},{\"@type\":\"WebSite\",\"@id\":\"https:\\\/\\\/super-news.info\\\/hu\\\/#website\",\"url\":\"https:\\\/\\\/super-news.info\\\/hu\\\/\",\"name\":\"Super News\",\"description\":\"Super News Magyarorsz\u00e1g\",\"potentialAction\":[{\"@type\":\"SearchAction\",\"target\":{\"@type\":\"EntryPoint\",\"urlTemplate\":\"https:\\\/\\\/super-news.info\\\/hu\\\/?s={search_term_string}\"},\"query-input\":{\"@type\":\"PropertyValueSpecification\",\"valueRequired\":true,\"valueName\":\"search_term_string\"}}],\"inLanguage\":\"hu\"},{\"@type\":\"Person\",\"@id\":\"https:\\\/\\\/super-news.info\\\/hu\\\/#\\\/schema\\\/person\\\/2d4068cb2f39cd10008c2fce578a7356\",\"name\":\"super-news\",\"image\":{\"@type\":\"ImageObject\",\"inLanguage\":\"hu\",\"@id\":\"https:\\\/\\\/secure.gravatar.com\\\/avatar\\\/64ebac40b93f26a154f8a9b5b6fdccfc46f442b26b3dd6756dbff3bf9dc76fd7?s=96&d=mm&r=g\",\"url\":\"https:\\\/\\\/secure.gravatar.com\\\/avatar\\\/64ebac40b93f26a154f8a9b5b6fdccfc46f442b26b3dd6756dbff3bf9dc76fd7?s=96&d=mm&r=g\",\"contentUrl\":\"https:\\\/\\\/secure.gravatar.com\\\/avatar\\\/64ebac40b93f26a154f8a9b5b6fdccfc46f442b26b3dd6756dbff3bf9dc76fd7?s=96&d=mm&r=g\",\"caption\":\"super-news\"},\"url\":\"https:\\\/\\\/super-news.info\\\/hu\\\/author\\\/pt\\\/\"}]}<\/script>\n<!-- \/ Yoast SEO plugin. -->","yoast_head_json":{"title":"Tr\u00f3nok harca: j\u00f3l be van \u00e1ll\u00edtva a t\u00e9v\u00e9d? - M\u00e9dia - Super News","robots":{"index":"index","follow":"follow","max-snippet":"max-snippet:-1","max-image-preview":"max-image-preview:large","max-video-preview":"max-video-preview:-1"},"canonical":"https:\/\/super-news.info\/hu\/tronok-harca-jol-be-van-allitva-a-teved-media\/","og_locale":"hu_HU","og_type":"article","og_title":"Tr\u00f3nok harca: j\u00f3l be van \u00e1ll\u00edtva a t\u00e9v\u00e9d? - M\u00e9dia - Super News","og_description":"[ad_1] Sz\u00e1mos kritika \u00e9rte az HBO n\u00e9pszer\u0171 sorozata, a Tr\u00f3nok harca befejez\u0151 \u00e9vad\u00e1nak alkot\u00f3it az\u00e9rt, mert a sorozat k\u00e9pi vil\u00e1ga olyan s\u00f6t\u00e9tre sikeredett, hogy sokak szerint alig lehetett kivenni, mi t\u00f6rt\u00e9nik \u00e9pp a k\u00e9perny\u0151n. A sorozat operat\u0151re, Fabian Wagner a megjegyz\u00e9sekre r\u00e9szben \u00fagy reag\u00e1lt, hogy nem a k\u00e9pek voltak t\u00fal s\u00f6t\u00e9tek, hanem sokan egyszer\u0171en nem [&hellip;]","og_url":"https:\/\/super-news.info\/hu\/tronok-harca-jol-be-van-allitva-a-teved-media\/","og_site_name":"Super News","article_published_time":"2019-05-17T15:10:22+00:00","article_modified_time":"2019-05-17T15:10:23+00:00","og_image":[{"width":942,"height":628,"url":"https:\/\/super-news.info\/hu\/wp-content\/uploads\/sites\/3\/2019\/05\/Tr\u00f3nok-harca-j\u00f3l-be-van-\u00e1ll\u00edtva-a-t\u00e9v\u00e9d-M\u00e9dia.jpg","type":"image\/jpeg"}],"author":"super-news","twitter_card":"summary_large_image","twitter_misc":{"Szerz\u0151:":"super-news","Becs\u00fclt olvas\u00e1si id\u0151":"4 perc"},"schema":{"@context":"https:\/\/schema.org","@graph":[{"@type":"Article","@id":"https:\/\/super-news.info\/hu\/tronok-harca-jol-be-van-allitva-a-teved-media\/#article","isPartOf":{"@id":"https:\/\/super-news.info\/hu\/tronok-harca-jol-be-van-allitva-a-teved-media\/"},"author":{"name":"super-news","@id":"https:\/\/super-news.info\/hu\/#\/schema\/person\/2d4068cb2f39cd10008c2fce578a7356"},"headline":"Tr\u00f3nok harca: j\u00f3l be van \u00e1ll\u00edtva a t\u00e9v\u00e9d? &#8211; M\u00e9dia","datePublished":"2019-05-17T15:10:22+00:00","dateModified":"2019-05-17T15:10:23+00:00","mainEntityOfPage":{"@id":"https:\/\/super-news.info\/hu\/tronok-harca-jol-be-van-allitva-a-teved-media\/"},"wordCount":804,"commentCount":0,"image":{"@id":"https:\/\/super-news.info\/hu\/tronok-harca-jol-be-van-allitva-a-teved-media\/#primaryimage"},"thumbnailUrl":"https:\/\/super-news.info\/hu\/wp-content\/uploads\/sites\/3\/2019\/05\/Tr\u00f3nok-harca-j\u00f3l-be-van-\u00e1ll\u00edtva-a-t\u00e9v\u00e9d-M\u00e9dia.jpg","articleSection":["DIGIT\u00c1LIS MARKETING H\u00cdREK"],"inLanguage":"hu","potentialAction":[{"@type":"CommentAction","name":"Comment","target":["https:\/\/super-news.info\/hu\/tronok-harca-jol-be-van-allitva-a-teved-media\/#respond"]}]},{"@type":"WebPage","@id":"https:\/\/super-news.info\/hu\/tronok-harca-jol-be-van-allitva-a-teved-media\/","url":"https:\/\/super-news.info\/hu\/tronok-harca-jol-be-van-allitva-a-teved-media\/","name":"Tr\u00f3nok harca: j\u00f3l be van \u00e1ll\u00edtva a t\u00e9v\u00e9d? - M\u00e9dia - Super News","isPartOf":{"@id":"https:\/\/super-news.info\/hu\/#website"},"primaryImageOfPage":{"@id":"https:\/\/super-news.info\/hu\/tronok-harca-jol-be-van-allitva-a-teved-media\/#primaryimage"},"image":{"@id":"https:\/\/super-news.info\/hu\/tronok-harca-jol-be-van-allitva-a-teved-media\/#primaryimage"},"thumbnailUrl":"https:\/\/super-news.info\/hu\/wp-content\/uploads\/sites\/3\/2019\/05\/Tr\u00f3nok-harca-j\u00f3l-be-van-\u00e1ll\u00edtva-a-t\u00e9v\u00e9d-M\u00e9dia.jpg","datePublished":"2019-05-17T15:10:22+00:00","dateModified":"2019-05-17T15:10:23+00:00","author":{"@id":"https:\/\/super-news.info\/hu\/#\/schema\/person\/2d4068cb2f39cd10008c2fce578a7356"},"breadcrumb":{"@id":"https:\/\/super-news.info\/hu\/tronok-harca-jol-be-van-allitva-a-teved-media\/#breadcrumb"},"inLanguage":"hu","potentialAction":[{"@type":"ReadAction","target":["https:\/\/super-news.info\/hu\/tronok-harca-jol-be-van-allitva-a-teved-media\/"]}]},{"@type":"ImageObject","inLanguage":"hu","@id":"https:\/\/super-news.info\/hu\/tronok-harca-jol-be-van-allitva-a-teved-media\/#primaryimage","url":"https:\/\/super-news.info\/hu\/wp-content\/uploads\/sites\/3\/2019\/05\/Tr\u00f3nok-harca-j\u00f3l-be-van-\u00e1ll\u00edtva-a-t\u00e9v\u00e9d-M\u00e9dia.jpg","contentUrl":"https:\/\/super-news.info\/hu\/wp-content\/uploads\/sites\/3\/2019\/05\/Tr\u00f3nok-harca-j\u00f3l-be-van-\u00e1ll\u00edtva-a-t\u00e9v\u00e9d-M\u00e9dia.jpg","width":942,"height":628,"caption":"Tr\u00f3nok harca: j\u00f3l be van \u00e1ll\u00edtva a t\u00e9v\u00e9d? - M\u00e9dia"},{"@type":"BreadcrumbList","@id":"https:\/\/super-news.info\/hu\/tronok-harca-jol-be-van-allitva-a-teved-media\/#breadcrumb","itemListElement":[{"@type":"ListItem","position":1,"name":"\u0413\u043b\u0430\u0432\u043d\u0430\u044f \u0441\u0442\u0440\u0430\u043d\u0438\u0446\u0430","item":"https:\/\/super-news.info\/hu\/"},{"@type":"ListItem","position":2,"name":"Tr\u00f3nok harca: j\u00f3l be van \u00e1ll\u00edtva a t\u00e9v\u00e9d? &#8211; M\u00e9dia"}]},{"@type":"WebSite","@id":"https:\/\/super-news.info\/hu\/#website","url":"https:\/\/super-news.info\/hu\/","name":"Super News","description":"Super News Magyarorsz\u00e1g","potentialAction":[{"@type":"SearchAction","target":{"@type":"EntryPoint","urlTemplate":"https:\/\/super-news.info\/hu\/?s={search_term_string}"},"query-input":{"@type":"PropertyValueSpecification","valueRequired":true,"valueName":"search_term_string"}}],"inLanguage":"hu"},{"@type":"Person","@id":"https:\/\/super-news.info\/hu\/#\/schema\/person\/2d4068cb2f39cd10008c2fce578a7356","name":"super-news","image":{"@type":"ImageObject","inLanguage":"hu","@id":"https:\/\/secure.gravatar.com\/avatar\/64ebac40b93f26a154f8a9b5b6fdccfc46f442b26b3dd6756dbff3bf9dc76fd7?s=96&d=mm&r=g","url":"https:\/\/secure.gravatar.com\/avatar\/64ebac40b93f26a154f8a9b5b6fdccfc46f442b26b3dd6756dbff3bf9dc76fd7?s=96&d=mm&r=g","contentUrl":"https:\/\/secure.gravatar.com\/avatar\/64ebac40b93f26a154f8a9b5b6fdccfc46f442b26b3dd6756dbff3bf9dc76fd7?s=96&d=mm&r=g","caption":"super-news"},"url":"https:\/\/super-news.info\/hu\/author\/pt\/"}]}},"_links":{"self":[{"href":"https:\/\/super-news.info\/hu\/wp-json\/wp\/v2\/posts\/2153","targetHints":{"allow":["GET"]}}],"collection":[{"href":"https:\/\/super-news.info\/hu\/wp-json\/wp\/v2\/posts"}],"about":[{"href":"https:\/\/super-news.info\/hu\/wp-json\/wp\/v2\/types\/post"}],"author":[{"embeddable":true,"href":"https:\/\/super-news.info\/hu\/wp-json\/wp\/v2\/users\/2"}],"replies":[{"embeddable":true,"href":"https:\/\/super-news.info\/hu\/wp-json\/wp\/v2\/comments?post=2153"}],"version-history":[{"count":1,"href":"https:\/\/super-news.info\/hu\/wp-json\/wp\/v2\/posts\/2153\/revisions"}],"predecessor-version":[{"id":2155,"href":"https:\/\/super-news.info\/hu\/wp-json\/wp\/v2\/posts\/2153\/revisions\/2155"}],"wp:featuredmedia":[{"embeddable":true,"href":"https:\/\/super-news.info\/hu\/wp-json\/wp\/v2\/media\/2154"}],"wp:attachment":[{"href":"https:\/\/super-news.info\/hu\/wp-json\/wp\/v2\/media?parent=2153"}],"wp:term":[{"taxonomy":"category","embeddable":true,"href":"https:\/\/super-news.info\/hu\/wp-json\/wp\/v2\/categories?post=2153"},{"taxonomy":"post_tag","embeddable":true,"href":"https:\/\/super-news.info\/hu\/wp-json\/wp\/v2\/tags?post=2153"}],"curies":[{"name":"wp","href":"https:\/\/api.w.org\/{rel}","templated":true}]}}