{"id":2135,"date":"2019-05-17T13:23:12","date_gmt":"2019-05-17T10:23:12","guid":{"rendered":"https:\/\/super-news.info\/hu\/a-renault-alaposan-fel-akarja-porgetni-az-e-auto-eladasat-marketing\/"},"modified":"2019-05-17T13:23:14","modified_gmt":"2019-05-17T10:23:14","slug":"a-renault-alaposan-fel-akarja-porgetni-az-e-auto-eladasat-marketing","status":"publish","type":"post","link":"https:\/\/super-news.info\/hu\/a-renault-alaposan-fel-akarja-porgetni-az-e-auto-eladasat-marketing\/","title":{"rendered":"A Renault alaposan fel akarja p\u00f6rgetni az e-aut\u00f3 elad\u00e1s\u00e1t &#8211; Marketing"},"content":{"rendered":"<p> [ad_1]<br \/>\n<\/p>\n<p>A Renault Hung\u00e1ria Kft. most megdupl\u00e1zza az \u00e1llami t\u00e1mogat\u00e1s m\u00e9rt\u00e9k\u00e9t, \u00edgy ak\u00e1r h\u00e1rom milli\u00f3 forint kedvezm\u00e9nnyel v\u00e1lik el\u00e9rhet\u0151v\u00e9 a m\u00e1rka elektromos modellje, a ZOE speci\u00e1lis verzi\u00f3ja.<\/p>\n<div id=\"article_text\">\n<p>Az egyik t\u00e9nyez\u0151, amely lass\u00edtja az elektromos aut\u00f3z\u00e1s terjed\u00e9s\u00e9t, az \u00faj technol\u00f3gia relat\u00edve magas \u00e1ra, ez\u00e9rt a legt\u00f6bb eur\u00f3pai uni\u00f3s tag\u00e1llam k\u00fcl\u00f6nb\u00f6z\u0151 ad\u00f3kedvezm\u00e9nyekkel, \u00e1rt\u00e1mogat\u00e1sokkal seg\u00edti az elektromos aut\u00f3k v\u00e1s\u00e1rl\u00e1s\u00e1t. Magyarorsz\u00e1gon az elektromos aut\u00f3k mentesek a g\u00e9pj\u00e1rm\u0171ad\u00f3, c\u00e9gaut\u00f3 ad\u00f3, regisztr\u00e1ci\u00f3s ad\u00f3 al\u00f3l, valamint \u00e1t\u00edr\u00e1si illet\u00e9ket sem kell fizetni. Tov\u00e1bbi el\u0151ny az ingyenes parkol\u00e1s lehet\u0151s\u00e9ge is.<\/p>\n<p>A fenti ad\u00f3kedvezm\u00e9nyeken t\u00fal haz\u00e1nkban elektromos aut\u00f3 v\u00e1s\u00e1rl\u00e1s\u00e1hoz \u00e1llami t\u00e1mogat\u00e1s is rendelkez\u00e9sre \u00e1ll, amely ma Magyarorsz\u00e1gon maximum 1,5 milli\u00f3 forint, \u00e9s a brutt\u00f3 20 milli\u00f3 forint v\u00e9tel\u00e1r alatti tiszt\u00e1n elektromos aut\u00f3kra ig\u00e9nyelhet\u0151.<\/p>\n<p><strong>Energiaforr\u00e1s-fejleszt\u00e9s, hat\u00f3t\u00e1vols\u00e1g-n\u00f6vel\u00e9s<\/strong><\/p>\n<p>T\u00f6bb orsz\u00e1gban az aut\u00f3gy\u00e1rt\u00f3k is igyekeznek kivenni r\u00e9sz\u00fcket az e-mobilit\u00e1s elterjed\u00e9s\u00e9b\u0151l. Wachtler Tam\u00e1s, a Renault Hung\u00e1ria \u00fcgyvezet\u0151 igazgat\u00f3ja a <strong>technokrata.hu<\/strong>nak elmondta, a m\u00e1rka glob\u00e1lis t\u00f6rekv\u00e9se, hogy a k\u00f6rnyezetk\u00edm\u00e9l\u0151 \u00faj technol\u00f3gia min\u00e9l hamarabb \u00e9s sz\u00e9lesebb k\u00f6rben elterjedjen. A technol\u00f3gia jelenlegi hat\u00e1rait t\u00e1g\u00edtva a Renault Csoport az elektromos aut\u00f3k energiaforr\u00e1s\u00e1nak fejleszt\u00e9s\u00e9n, hat\u00f3t\u00e1vols\u00e1g\u00e1nak n\u00f6vel\u00e9s\u00e9n dolgozik, \u00e9s ezzel p\u00e1rhuzamosan most hazai \u00fczleti aj\u00e1nlat\u00e1ban is megjelenik ez a sz\u00e1nd\u00e9k.<\/p>\n<p><strong>M\u00e1r elindult a t\u00e1mogat\u00e1si program<\/strong><\/p>\n<p>A Renault Hung\u00e1ria m\u00e1jus 9-t\u0151l orsz\u00e1gosan megdupl\u00e1zza az \u00e1llami t\u00e1mogat\u00e1s \u00f6sszeg\u00e9t a ZOE meghat\u00e1rozott modellv\u00e1ltozat\u00e1ra, \u00edgy az ak\u00e1r h\u00e1rom milli\u00f3 forint kedvezm\u00e9nnyel v\u00e1s\u00e1rolhat\u00f3 meg. A v\u00e1llalat \u0151szig tart\u00f3 kezdem\u00e9nyez\u00e9s\u00e9t az orsz\u00e1gos Renault Elektromos Aut\u00f3 T\u00fara rendezv\u00e9nysorozat k\u00eds\u00e9ri. A Renault orsz\u00e1gos m\u00e1rkakeresked\u00e9si h\u00e1l\u00f3zat\u00e1ban csal\u00e1di \u00e9s szakmai programokon mutatja be, a k\u00f6vetkez\u0151 h\u00f3napokban mit jelent a k\u00f6rnyezettudatos mobilit\u00e1s, \u00e9s term\u00e9szetesen az aut\u00f3k tesztel\u00e9s\u00e9re is lehet\u0151s\u00e9get biztos\u00edt az \u00e9rdekl\u0151d\u0151k sz\u00e1m\u00e1ra.<\/p>\n<p>B\u0151vebb inform\u00e1ci\u00f3 a programr\u00f3l <strong>ezen az oldalon<\/strong> \u00e9rhet\u0151 el.<\/p>\n<p><em><em style=\"color: #171717; font-size: 16px;\"><em><strong><em><em><em><em>K\u00f6vesd az oldalunkat a\u00a0<strong>Facebook-on<\/strong> \u00e9s a\u00a0<strong><a href=\"https:\/\/twitter.com\/digitalhungary\" target=\"_blank\" rel=\"noopener noreferrer\">Twitteren<\/a><\/strong> is!<\/em><\/em><\/em><\/em><\/strong><\/em><\/em><\/em><\/p>\n<\/div>\n<p><script async src=\"http:\/\/platform.twitter.com\/widgets.js\" charset=\"utf-8\"><\/script><br \/>\n<br \/>[ad_2]<br \/>\n<br \/><a href=\"https:\/\/www.digitalhungary.hu\/marketing\/A-Renault-alaposan-fel-akarja-porgetni-az-e-auto-eladasat\/8560\/\">Source link <\/a><\/p>\n","protected":false},"excerpt":{"rendered":"<p>[ad_1] A Renault Hung\u00e1ria Kft. most megdupl\u00e1zza az \u00e1llami t\u00e1mogat\u00e1s m\u00e9rt\u00e9k\u00e9t, \u00edgy ak\u00e1r h\u00e1rom milli\u00f3 forint kedvezm\u00e9nnyel v\u00e1lik el\u00e9rhet\u0151v\u00e9 a m\u00e1rka elektromos modellje, a ZOE speci\u00e1lis verzi\u00f3ja. Az egyik t\u00e9nyez\u0151, amely lass\u00edtja az elektromos aut\u00f3z\u00e1s terjed\u00e9s\u00e9t, az \u00faj technol\u00f3gia relat\u00edve magas \u00e1ra, ez\u00e9rt a legt\u00f6bb eur\u00f3pai uni\u00f3s tag\u00e1llam k\u00fcl\u00f6nb\u00f6z\u0151 ad\u00f3kedvezm\u00e9nyekkel, \u00e1rt\u00e1mogat\u00e1sokkal seg\u00edti az elektromos aut\u00f3k [&hellip;]<\/p>\n","protected":false},"author":2,"featured_media":2136,"comment_status":"open","ping_status":"open","sticky":false,"template":"","format":"standard","meta":{"footnotes":""},"categories":[2],"tags":[],"class_list":["post-2135","post","type-post","status-publish","format-standard","has-post-thumbnail","hentry","category-digitalis-marketing-hirek"],"yoast_head":"<!-- This site is optimized with the Yoast SEO plugin v27.4 - https:\/\/yoast.com\/product\/yoast-seo-wordpress\/ -->\n<title>A Renault alaposan fel akarja p\u00f6rgetni az e-aut\u00f3 elad\u00e1s\u00e1t - Marketing - Super News<\/title>\n<meta name=\"robots\" content=\"index, follow, max-snippet:-1, max-image-preview:large, max-video-preview:-1\" \/>\n<link rel=\"canonical\" href=\"https:\/\/super-news.info\/hu\/a-renault-alaposan-fel-akarja-porgetni-az-e-auto-eladasat-marketing\/\" \/>\n<meta property=\"og:locale\" content=\"hu_HU\" \/>\n<meta property=\"og:type\" content=\"article\" \/>\n<meta property=\"og:title\" content=\"A Renault alaposan fel akarja p\u00f6rgetni az e-aut\u00f3 elad\u00e1s\u00e1t - Marketing - Super News\" \/>\n<meta property=\"og:description\" content=\"[ad_1] A Renault Hung\u00e1ria Kft. most megdupl\u00e1zza az \u00e1llami t\u00e1mogat\u00e1s m\u00e9rt\u00e9k\u00e9t, \u00edgy ak\u00e1r h\u00e1rom milli\u00f3 forint kedvezm\u00e9nnyel v\u00e1lik el\u00e9rhet\u0151v\u00e9 a m\u00e1rka elektromos modellje, a ZOE speci\u00e1lis verzi\u00f3ja. Az egyik t\u00e9nyez\u0151, amely lass\u00edtja az elektromos aut\u00f3z\u00e1s terjed\u00e9s\u00e9t, az \u00faj technol\u00f3gia relat\u00edve magas \u00e1ra, ez\u00e9rt a legt\u00f6bb eur\u00f3pai uni\u00f3s tag\u00e1llam k\u00fcl\u00f6nb\u00f6z\u0151 ad\u00f3kedvezm\u00e9nyekkel, \u00e1rt\u00e1mogat\u00e1sokkal seg\u00edti az elektromos aut\u00f3k [&hellip;]\" \/>\n<meta property=\"og:url\" content=\"https:\/\/super-news.info\/hu\/a-renault-alaposan-fel-akarja-porgetni-az-e-auto-eladasat-marketing\/\" \/>\n<meta property=\"og:site_name\" content=\"Super News\" \/>\n<meta property=\"article:published_time\" content=\"2019-05-17T10:23:12+00:00\" \/>\n<meta property=\"article:modified_time\" content=\"2019-05-17T10:23:14+00:00\" \/>\n<meta property=\"og:image\" content=\"https:\/\/super-news.info\/hu\/wp-content\/uploads\/sites\/3\/2019\/05\/A-Renault-alaposan-fel-akarja-p\u00f6rgetni-az-e-aut\u00f3-elad\u00e1s\u00e1t.jpg\" \/>\n\t<meta property=\"og:image:width\" content=\"600\" \/>\n\t<meta property=\"og:image:height\" content=\"337\" \/>\n\t<meta property=\"og:image:type\" content=\"image\/jpeg\" \/>\n<meta name=\"author\" content=\"super-news\" \/>\n<meta name=\"twitter:card\" content=\"summary_large_image\" \/>\n<meta name=\"twitter:label1\" content=\"Szerz\u0151:\" \/>\n\t<meta name=\"twitter:data1\" content=\"super-news\" \/>\n\t<meta name=\"twitter:label2\" content=\"Becs\u00fclt olvas\u00e1si id\u0151\" \/>\n\t<meta name=\"twitter:data2\" content=\"2 perc\" \/>\n<script type=\"application\/ld+json\" class=\"yoast-schema-graph\">{\"@context\":\"https:\\\/\\\/schema.org\",\"@graph\":[{\"@type\":\"Article\",\"@id\":\"https:\\\/\\\/super-news.info\\\/hu\\\/a-renault-alaposan-fel-akarja-porgetni-az-e-auto-eladasat-marketing\\\/#article\",\"isPartOf\":{\"@id\":\"https:\\\/\\\/super-news.info\\\/hu\\\/a-renault-alaposan-fel-akarja-porgetni-az-e-auto-eladasat-marketing\\\/\"},\"author\":{\"name\":\"super-news\",\"@id\":\"https:\\\/\\\/super-news.info\\\/hu\\\/#\\\/schema\\\/person\\\/2d4068cb2f39cd10008c2fce578a7356\"},\"headline\":\"A Renault alaposan fel akarja p\u00f6rgetni az e-aut\u00f3 elad\u00e1s\u00e1t &#8211; Marketing\",\"datePublished\":\"2019-05-17T10:23:12+00:00\",\"dateModified\":\"2019-05-17T10:23:14+00:00\",\"mainEntityOfPage\":{\"@id\":\"https:\\\/\\\/super-news.info\\\/hu\\\/a-renault-alaposan-fel-akarja-porgetni-az-e-auto-eladasat-marketing\\\/\"},\"wordCount\":468,\"commentCount\":0,\"image\":{\"@id\":\"https:\\\/\\\/super-news.info\\\/hu\\\/a-renault-alaposan-fel-akarja-porgetni-az-e-auto-eladasat-marketing\\\/#primaryimage\"},\"thumbnailUrl\":\"https:\\\/\\\/super-news.info\\\/hu\\\/wp-content\\\/uploads\\\/sites\\\/3\\\/2019\\\/05\\\/A-Renault-alaposan-fel-akarja-p\u00f6rgetni-az-e-aut\u00f3-elad\u00e1s\u00e1t.jpg\",\"articleSection\":[\"DIGIT\u00c1LIS MARKETING H\u00cdREK\"],\"inLanguage\":\"hu\",\"potentialAction\":[{\"@type\":\"CommentAction\",\"name\":\"Comment\",\"target\":[\"https:\\\/\\\/super-news.info\\\/hu\\\/a-renault-alaposan-fel-akarja-porgetni-az-e-auto-eladasat-marketing\\\/#respond\"]}]},{\"@type\":\"WebPage\",\"@id\":\"https:\\\/\\\/super-news.info\\\/hu\\\/a-renault-alaposan-fel-akarja-porgetni-az-e-auto-eladasat-marketing\\\/\",\"url\":\"https:\\\/\\\/super-news.info\\\/hu\\\/a-renault-alaposan-fel-akarja-porgetni-az-e-auto-eladasat-marketing\\\/\",\"name\":\"A Renault alaposan fel akarja p\u00f6rgetni az e-aut\u00f3 elad\u00e1s\u00e1t - Marketing - Super News\",\"isPartOf\":{\"@id\":\"https:\\\/\\\/super-news.info\\\/hu\\\/#website\"},\"primaryImageOfPage\":{\"@id\":\"https:\\\/\\\/super-news.info\\\/hu\\\/a-renault-alaposan-fel-akarja-porgetni-az-e-auto-eladasat-marketing\\\/#primaryimage\"},\"image\":{\"@id\":\"https:\\\/\\\/super-news.info\\\/hu\\\/a-renault-alaposan-fel-akarja-porgetni-az-e-auto-eladasat-marketing\\\/#primaryimage\"},\"thumbnailUrl\":\"https:\\\/\\\/super-news.info\\\/hu\\\/wp-content\\\/uploads\\\/sites\\\/3\\\/2019\\\/05\\\/A-Renault-alaposan-fel-akarja-p\u00f6rgetni-az-e-aut\u00f3-elad\u00e1s\u00e1t.jpg\",\"datePublished\":\"2019-05-17T10:23:12+00:00\",\"dateModified\":\"2019-05-17T10:23:14+00:00\",\"author\":{\"@id\":\"https:\\\/\\\/super-news.info\\\/hu\\\/#\\\/schema\\\/person\\\/2d4068cb2f39cd10008c2fce578a7356\"},\"breadcrumb\":{\"@id\":\"https:\\\/\\\/super-news.info\\\/hu\\\/a-renault-alaposan-fel-akarja-porgetni-az-e-auto-eladasat-marketing\\\/#breadcrumb\"},\"inLanguage\":\"hu\",\"potentialAction\":[{\"@type\":\"ReadAction\",\"target\":[\"https:\\\/\\\/super-news.info\\\/hu\\\/a-renault-alaposan-fel-akarja-porgetni-az-e-auto-eladasat-marketing\\\/\"]}]},{\"@type\":\"ImageObject\",\"inLanguage\":\"hu\",\"@id\":\"https:\\\/\\\/super-news.info\\\/hu\\\/a-renault-alaposan-fel-akarja-porgetni-az-e-auto-eladasat-marketing\\\/#primaryimage\",\"url\":\"https:\\\/\\\/super-news.info\\\/hu\\\/wp-content\\\/uploads\\\/sites\\\/3\\\/2019\\\/05\\\/A-Renault-alaposan-fel-akarja-p\u00f6rgetni-az-e-aut\u00f3-elad\u00e1s\u00e1t.jpg\",\"contentUrl\":\"https:\\\/\\\/super-news.info\\\/hu\\\/wp-content\\\/uploads\\\/sites\\\/3\\\/2019\\\/05\\\/A-Renault-alaposan-fel-akarja-p\u00f6rgetni-az-e-aut\u00f3-elad\u00e1s\u00e1t.jpg\",\"width\":600,\"height\":337,\"caption\":\"A Renault alaposan fel akarja p\u00f6rgetni az e-aut\u00f3 elad\u00e1s\u00e1t - Marketing\"},{\"@type\":\"BreadcrumbList\",\"@id\":\"https:\\\/\\\/super-news.info\\\/hu\\\/a-renault-alaposan-fel-akarja-porgetni-az-e-auto-eladasat-marketing\\\/#breadcrumb\",\"itemListElement\":[{\"@type\":\"ListItem\",\"position\":1,\"name\":\"\u0413\u043b\u0430\u0432\u043d\u0430\u044f \u0441\u0442\u0440\u0430\u043d\u0438\u0446\u0430\",\"item\":\"https:\\\/\\\/super-news.info\\\/hu\\\/\"},{\"@type\":\"ListItem\",\"position\":2,\"name\":\"A Renault alaposan fel akarja p\u00f6rgetni az e-aut\u00f3 elad\u00e1s\u00e1t &#8211; Marketing\"}]},{\"@type\":\"WebSite\",\"@id\":\"https:\\\/\\\/super-news.info\\\/hu\\\/#website\",\"url\":\"https:\\\/\\\/super-news.info\\\/hu\\\/\",\"name\":\"Super News\",\"description\":\"Super News Magyarorsz\u00e1g\",\"potentialAction\":[{\"@type\":\"SearchAction\",\"target\":{\"@type\":\"EntryPoint\",\"urlTemplate\":\"https:\\\/\\\/super-news.info\\\/hu\\\/?s={search_term_string}\"},\"query-input\":{\"@type\":\"PropertyValueSpecification\",\"valueRequired\":true,\"valueName\":\"search_term_string\"}}],\"inLanguage\":\"hu\"},{\"@type\":\"Person\",\"@id\":\"https:\\\/\\\/super-news.info\\\/hu\\\/#\\\/schema\\\/person\\\/2d4068cb2f39cd10008c2fce578a7356\",\"name\":\"super-news\",\"image\":{\"@type\":\"ImageObject\",\"inLanguage\":\"hu\",\"@id\":\"https:\\\/\\\/secure.gravatar.com\\\/avatar\\\/64ebac40b93f26a154f8a9b5b6fdccfc46f442b26b3dd6756dbff3bf9dc76fd7?s=96&d=mm&r=g\",\"url\":\"https:\\\/\\\/secure.gravatar.com\\\/avatar\\\/64ebac40b93f26a154f8a9b5b6fdccfc46f442b26b3dd6756dbff3bf9dc76fd7?s=96&d=mm&r=g\",\"contentUrl\":\"https:\\\/\\\/secure.gravatar.com\\\/avatar\\\/64ebac40b93f26a154f8a9b5b6fdccfc46f442b26b3dd6756dbff3bf9dc76fd7?s=96&d=mm&r=g\",\"caption\":\"super-news\"},\"url\":\"https:\\\/\\\/super-news.info\\\/hu\\\/author\\\/pt\\\/\"}]}<\/script>\n<!-- \/ Yoast SEO plugin. -->","yoast_head_json":{"title":"A Renault alaposan fel akarja p\u00f6rgetni az e-aut\u00f3 elad\u00e1s\u00e1t - Marketing - Super News","robots":{"index":"index","follow":"follow","max-snippet":"max-snippet:-1","max-image-preview":"max-image-preview:large","max-video-preview":"max-video-preview:-1"},"canonical":"https:\/\/super-news.info\/hu\/a-renault-alaposan-fel-akarja-porgetni-az-e-auto-eladasat-marketing\/","og_locale":"hu_HU","og_type":"article","og_title":"A Renault alaposan fel akarja p\u00f6rgetni az e-aut\u00f3 elad\u00e1s\u00e1t - Marketing - Super News","og_description":"[ad_1] A Renault Hung\u00e1ria Kft. most megdupl\u00e1zza az \u00e1llami t\u00e1mogat\u00e1s m\u00e9rt\u00e9k\u00e9t, \u00edgy ak\u00e1r h\u00e1rom milli\u00f3 forint kedvezm\u00e9nnyel v\u00e1lik el\u00e9rhet\u0151v\u00e9 a m\u00e1rka elektromos modellje, a ZOE speci\u00e1lis verzi\u00f3ja. Az egyik t\u00e9nyez\u0151, amely lass\u00edtja az elektromos aut\u00f3z\u00e1s terjed\u00e9s\u00e9t, az \u00faj technol\u00f3gia relat\u00edve magas \u00e1ra, ez\u00e9rt a legt\u00f6bb eur\u00f3pai uni\u00f3s tag\u00e1llam k\u00fcl\u00f6nb\u00f6z\u0151 ad\u00f3kedvezm\u00e9nyekkel, \u00e1rt\u00e1mogat\u00e1sokkal seg\u00edti az elektromos aut\u00f3k [&hellip;]","og_url":"https:\/\/super-news.info\/hu\/a-renault-alaposan-fel-akarja-porgetni-az-e-auto-eladasat-marketing\/","og_site_name":"Super News","article_published_time":"2019-05-17T10:23:12+00:00","article_modified_time":"2019-05-17T10:23:14+00:00","og_image":[{"width":600,"height":337,"url":"https:\/\/super-news.info\/hu\/wp-content\/uploads\/sites\/3\/2019\/05\/A-Renault-alaposan-fel-akarja-p\u00f6rgetni-az-e-aut\u00f3-elad\u00e1s\u00e1t.jpg","type":"image\/jpeg"}],"author":"super-news","twitter_card":"summary_large_image","twitter_misc":{"Szerz\u0151:":"super-news","Becs\u00fclt olvas\u00e1si id\u0151":"2 perc"},"schema":{"@context":"https:\/\/schema.org","@graph":[{"@type":"Article","@id":"https:\/\/super-news.info\/hu\/a-renault-alaposan-fel-akarja-porgetni-az-e-auto-eladasat-marketing\/#article","isPartOf":{"@id":"https:\/\/super-news.info\/hu\/a-renault-alaposan-fel-akarja-porgetni-az-e-auto-eladasat-marketing\/"},"author":{"name":"super-news","@id":"https:\/\/super-news.info\/hu\/#\/schema\/person\/2d4068cb2f39cd10008c2fce578a7356"},"headline":"A Renault alaposan fel akarja p\u00f6rgetni az e-aut\u00f3 elad\u00e1s\u00e1t &#8211; Marketing","datePublished":"2019-05-17T10:23:12+00:00","dateModified":"2019-05-17T10:23:14+00:00","mainEntityOfPage":{"@id":"https:\/\/super-news.info\/hu\/a-renault-alaposan-fel-akarja-porgetni-az-e-auto-eladasat-marketing\/"},"wordCount":468,"commentCount":0,"image":{"@id":"https:\/\/super-news.info\/hu\/a-renault-alaposan-fel-akarja-porgetni-az-e-auto-eladasat-marketing\/#primaryimage"},"thumbnailUrl":"https:\/\/super-news.info\/hu\/wp-content\/uploads\/sites\/3\/2019\/05\/A-Renault-alaposan-fel-akarja-p\u00f6rgetni-az-e-aut\u00f3-elad\u00e1s\u00e1t.jpg","articleSection":["DIGIT\u00c1LIS MARKETING H\u00cdREK"],"inLanguage":"hu","potentialAction":[{"@type":"CommentAction","name":"Comment","target":["https:\/\/super-news.info\/hu\/a-renault-alaposan-fel-akarja-porgetni-az-e-auto-eladasat-marketing\/#respond"]}]},{"@type":"WebPage","@id":"https:\/\/super-news.info\/hu\/a-renault-alaposan-fel-akarja-porgetni-az-e-auto-eladasat-marketing\/","url":"https:\/\/super-news.info\/hu\/a-renault-alaposan-fel-akarja-porgetni-az-e-auto-eladasat-marketing\/","name":"A Renault alaposan fel akarja p\u00f6rgetni az e-aut\u00f3 elad\u00e1s\u00e1t - Marketing - Super News","isPartOf":{"@id":"https:\/\/super-news.info\/hu\/#website"},"primaryImageOfPage":{"@id":"https:\/\/super-news.info\/hu\/a-renault-alaposan-fel-akarja-porgetni-az-e-auto-eladasat-marketing\/#primaryimage"},"image":{"@id":"https:\/\/super-news.info\/hu\/a-renault-alaposan-fel-akarja-porgetni-az-e-auto-eladasat-marketing\/#primaryimage"},"thumbnailUrl":"https:\/\/super-news.info\/hu\/wp-content\/uploads\/sites\/3\/2019\/05\/A-Renault-alaposan-fel-akarja-p\u00f6rgetni-az-e-aut\u00f3-elad\u00e1s\u00e1t.jpg","datePublished":"2019-05-17T10:23:12+00:00","dateModified":"2019-05-17T10:23:14+00:00","author":{"@id":"https:\/\/super-news.info\/hu\/#\/schema\/person\/2d4068cb2f39cd10008c2fce578a7356"},"breadcrumb":{"@id":"https:\/\/super-news.info\/hu\/a-renault-alaposan-fel-akarja-porgetni-az-e-auto-eladasat-marketing\/#breadcrumb"},"inLanguage":"hu","potentialAction":[{"@type":"ReadAction","target":["https:\/\/super-news.info\/hu\/a-renault-alaposan-fel-akarja-porgetni-az-e-auto-eladasat-marketing\/"]}]},{"@type":"ImageObject","inLanguage":"hu","@id":"https:\/\/super-news.info\/hu\/a-renault-alaposan-fel-akarja-porgetni-az-e-auto-eladasat-marketing\/#primaryimage","url":"https:\/\/super-news.info\/hu\/wp-content\/uploads\/sites\/3\/2019\/05\/A-Renault-alaposan-fel-akarja-p\u00f6rgetni-az-e-aut\u00f3-elad\u00e1s\u00e1t.jpg","contentUrl":"https:\/\/super-news.info\/hu\/wp-content\/uploads\/sites\/3\/2019\/05\/A-Renault-alaposan-fel-akarja-p\u00f6rgetni-az-e-aut\u00f3-elad\u00e1s\u00e1t.jpg","width":600,"height":337,"caption":"A Renault alaposan fel akarja p\u00f6rgetni az e-aut\u00f3 elad\u00e1s\u00e1t - Marketing"},{"@type":"BreadcrumbList","@id":"https:\/\/super-news.info\/hu\/a-renault-alaposan-fel-akarja-porgetni-az-e-auto-eladasat-marketing\/#breadcrumb","itemListElement":[{"@type":"ListItem","position":1,"name":"\u0413\u043b\u0430\u0432\u043d\u0430\u044f \u0441\u0442\u0440\u0430\u043d\u0438\u0446\u0430","item":"https:\/\/super-news.info\/hu\/"},{"@type":"ListItem","position":2,"name":"A Renault alaposan fel akarja p\u00f6rgetni az e-aut\u00f3 elad\u00e1s\u00e1t &#8211; Marketing"}]},{"@type":"WebSite","@id":"https:\/\/super-news.info\/hu\/#website","url":"https:\/\/super-news.info\/hu\/","name":"Super News","description":"Super News Magyarorsz\u00e1g","potentialAction":[{"@type":"SearchAction","target":{"@type":"EntryPoint","urlTemplate":"https:\/\/super-news.info\/hu\/?s={search_term_string}"},"query-input":{"@type":"PropertyValueSpecification","valueRequired":true,"valueName":"search_term_string"}}],"inLanguage":"hu"},{"@type":"Person","@id":"https:\/\/super-news.info\/hu\/#\/schema\/person\/2d4068cb2f39cd10008c2fce578a7356","name":"super-news","image":{"@type":"ImageObject","inLanguage":"hu","@id":"https:\/\/secure.gravatar.com\/avatar\/64ebac40b93f26a154f8a9b5b6fdccfc46f442b26b3dd6756dbff3bf9dc76fd7?s=96&d=mm&r=g","url":"https:\/\/secure.gravatar.com\/avatar\/64ebac40b93f26a154f8a9b5b6fdccfc46f442b26b3dd6756dbff3bf9dc76fd7?s=96&d=mm&r=g","contentUrl":"https:\/\/secure.gravatar.com\/avatar\/64ebac40b93f26a154f8a9b5b6fdccfc46f442b26b3dd6756dbff3bf9dc76fd7?s=96&d=mm&r=g","caption":"super-news"},"url":"https:\/\/super-news.info\/hu\/author\/pt\/"}]}},"_links":{"self":[{"href":"https:\/\/super-news.info\/hu\/wp-json\/wp\/v2\/posts\/2135","targetHints":{"allow":["GET"]}}],"collection":[{"href":"https:\/\/super-news.info\/hu\/wp-json\/wp\/v2\/posts"}],"about":[{"href":"https:\/\/super-news.info\/hu\/wp-json\/wp\/v2\/types\/post"}],"author":[{"embeddable":true,"href":"https:\/\/super-news.info\/hu\/wp-json\/wp\/v2\/users\/2"}],"replies":[{"embeddable":true,"href":"https:\/\/super-news.info\/hu\/wp-json\/wp\/v2\/comments?post=2135"}],"version-history":[{"count":1,"href":"https:\/\/super-news.info\/hu\/wp-json\/wp\/v2\/posts\/2135\/revisions"}],"predecessor-version":[{"id":2137,"href":"https:\/\/super-news.info\/hu\/wp-json\/wp\/v2\/posts\/2135\/revisions\/2137"}],"wp:featuredmedia":[{"embeddable":true,"href":"https:\/\/super-news.info\/hu\/wp-json\/wp\/v2\/media\/2136"}],"wp:attachment":[{"href":"https:\/\/super-news.info\/hu\/wp-json\/wp\/v2\/media?parent=2135"}],"wp:term":[{"taxonomy":"category","embeddable":true,"href":"https:\/\/super-news.info\/hu\/wp-json\/wp\/v2\/categories?post=2135"},{"taxonomy":"post_tag","embeddable":true,"href":"https:\/\/super-news.info\/hu\/wp-json\/wp\/v2\/tags?post=2135"}],"curies":[{"name":"wp","href":"https:\/\/api.w.org\/{rel}","templated":true}]}}