{"id":2118,"date":"2019-05-17T04:30:50","date_gmt":"2019-05-17T01:30:50","guid":{"rendered":"https:\/\/super-news.info\/hu\/egy-sor-ujoncot-is-bevethet-marco-rossi-az-azeriek-ellen\/"},"modified":"2019-05-17T04:30:50","modified_gmt":"2019-05-17T01:30:50","slug":"egy-sor-ujoncot-is-bevethet-marco-rossi-az-azeriek-ellen","status":"publish","type":"post","link":"https:\/\/super-news.info\/hu\/egy-sor-ujoncot-is-bevethet-marco-rossi-az-azeriek-ellen\/","title":{"rendered":"Egy sor \u00fajoncot is bevethet Marco Rossi az azeriek ellen"},"content":{"rendered":"<p> [ad_1]<br \/>\n<\/p>\n<p>\n\t\t\t\t\t\t\t\tMarco Rossi sz\u00f6vets\u00e9gi kapit\u00e1ny cs\u00fct\u00f6rt\u00f6k\u00f6n 32 j\u00e1t\u00e9kosb\u00f3l \u00e1ll\u00f3, hat \u00fajoncot mag\u00e1ban foglal\u00f3 b\u0151 keretet hirdetett a magyar labdar\u00fag\u00f3-v\u00e1logatott el\u0151tt \u00e1ll\u00f3 k\u00e9t Eur\u00f3pa-bajnoki selejtez\u0151m\u00e9rk\u0151z\u00e9sre.\t\t\t\t\t\t\t<\/p>\n<div>\n<p>A beh\u00edvott futballist\u00e1k k\u00f6z\u00fcl a debreceni Ferenczi J\u00e1nos \u00e9s P\u00e1vkovics Bence m\u00e9g sosem volt feln\u0151tt kerettag, a dunaszerdahelyi Vida Krisztopher, az \u00fajpesti Zs\u00f3t\u00e9r Don\u00e1t, tov\u00e1bb\u00e1 a kispesti Gr\u00f3f D\u00e1vid \u00e9s Gazdag D\u00e1niel viszont a b\u0151 keretben m\u00e1r szerepelt. Vannak hosszabb kihagy\u00e1s ut\u00e1n visszat\u00e9r\u0151 futballist\u00e1k is Eppel M\u00e1rton \u00e9s Fiola Attila szem\u00e9ly\u00e9ben.<\/p>\n<div id=\"attachment_944456\" style=\"width: 1034px\" class=\"wp-caption alignnone\"><img loading=\"lazy\" decoding=\"async\" class=\"size-large wp-image-944456\" src=\"https:\/\/super-news.info\/hu\/wp-content\/uploads\/sites\/3\/2019\/05\/Egy-sor-ujoncot-is-bevethet-Marco-Rossi-az-azeriek-ellen.jpg\" alt=\"\" width=\"1024\" height=\"955\"  \/><\/p>\n<p class=\"wp-caption-text\">Fot\u00f3: MTI \/ Czag\u00e1ny Bal\u00e1zs<\/p>\n<\/div>\n<p>A magyarok j\u00fanius nyolcadik\u00e1n Azerbajdzs\u00e1nban l\u00e9pnek p\u00e1ly\u00e1ra, majd h\u00e1rom nappal k\u00e9s\u0151bb Wales egy\u00fcttes\u00e9t fogadj\u00e1k a Groupama Ar\u00e9n\u00e1ban.<\/p>\n<h3>A magyar labdar\u00fag\u00f3-<span style=\"color: #000000;\">v\u00e1logatott<\/span> b\u0151 kerete:<\/h3>\n<p><strong>Kapusok:<\/strong><br \/>Dibusz D\u00e9nes (Ferencv\u00e1rosi TC), Gr\u00f3f D\u00e1vid (Budapest Honv\u00e9d), Gul\u00e1csi P\u00e9ter (RB Leipzig), Kov\u00e1csik \u00c1d\u00e1m (MOL Vidi FC)<\/p>\n<p><strong>V\u00e9d\u0151k:<\/strong><br \/>Bar\u00e1th Botond (Sporting Kansas KC), Bese Barnab\u00e1s (Le Havre), Ferenczi J\u00e1nos (Debreceni VSC), Fiola Attila (MOL Vidi FC), K\u00e1d\u00e1r Tam\u00e1s (Dinamo Kijev), Korhut Mih\u00e1ly (Arisz Szaloniki), Lovrencsics Gerg\u0151 (Ferencv\u00e1rosi TC), P\u00e1vkovics Bence (Debreceni VSC), Vin\u00edcius Paulo (MOL Vidi FC), Willi Orb\u00e1n (RB Leipzig)<\/p>\n<p><strong>K\u00f6z\u00e9pp\u00e1ly\u00e1sok:<\/strong><br \/>Gazdag D\u00e1niel (Budapest Honv\u00e9d), Holman D\u00e1vid (Slovan Bratislava), Kalm\u00e1r Zsolt (DAC), Kleinheisler L\u00e1szl\u00f3 (NK Osijek), Kov\u00e1cs Istv\u00e1n (MOL Vidi FC), Nagy \u00c1d\u00e1m (Bologna), P\u00e1tkai M\u00e1t\u00e9 (MOL Vidi FC), Szoboszlai Dominik (RB Salzburg)<\/p>\n<p><strong>T\u00e1mad\u00f3k:<\/strong><br \/>B\u00f3di \u00c1d\u00e1m (Debreceni VSC), Dzsudzs\u00e1k Bal\u00e1zs (al-Ittihad), Eppel M\u00e1rton (Kajrat Almati), Holender Filip (Budapest Honv\u00e9d), Nagy Dominik (Legia Warszawa), N\u00e9meth Kriszti\u00e1n (Sporting Kansas KC), Szalai \u00c1d\u00e1m (Hoffenheim), Varga Roland (Ferencv\u00e1rosi TC), Vida Kristopher (DAC), Zs\u00f3t\u00e9r Don\u00e1t (\u00dajpest FC)<\/p>\n<\/p><\/div>\n<p><script>\n    window.fbAsyncInit = function() {\n        FB.init({\n            appId      : \"204760236815359\",\n            xfbml      : true,\n            version    : \"v2.12\"\n        });\n        FB.AppEvents.logPageView();\n    };<\/p>\n<p>    (function(d, s, id){\n        var js, fjs = d.getElementsByTagName(s)[0];\n        if (d.getElementById(id)) {return;}\n        js = d.createElement(s); js.id = id;\n        js.src = \"http:\/\/connect.facebook.net\/hu_HU\/sdk.js\";\n        fjs.parentNode.insertBefore(js, fjs);\n    }(document, \"script\", \"facebook-jssdk\"));\n<\/script><br \/>\n<br \/>[ad_2]<br \/>\n<br \/><a href=\"https:\/\/www.vg.hu\/kozelet\/sport\/egy-sor-ujoncot-is-bevethet-marco-rossi-az-azeriek-ellen-1515749\/\">Source link <\/a><\/p>\n","protected":false},"excerpt":{"rendered":"<p>[ad_1] Marco Rossi sz\u00f6vets\u00e9gi kapit\u00e1ny cs\u00fct\u00f6rt\u00f6k\u00f6n 32 j\u00e1t\u00e9kosb\u00f3l \u00e1ll\u00f3, hat \u00fajoncot mag\u00e1ban foglal\u00f3 b\u0151 keretet hirdetett a magyar labdar\u00fag\u00f3-v\u00e1logatott el\u0151tt \u00e1ll\u00f3 k\u00e9t Eur\u00f3pa-bajnoki selejtez\u0151m\u00e9rk\u0151z\u00e9sre. A beh\u00edvott futballist\u00e1k k\u00f6z\u00fcl a debreceni Ferenczi J\u00e1nos \u00e9s P\u00e1vkovics Bence m\u00e9g sosem volt feln\u0151tt kerettag, a dunaszerdahelyi Vida Krisztopher, az \u00fajpesti Zs\u00f3t\u00e9r Don\u00e1t, tov\u00e1bb\u00e1 a kispesti Gr\u00f3f D\u00e1vid \u00e9s Gazdag [&hellip;]<\/p>\n","protected":false},"author":2,"featured_media":0,"comment_status":"open","ping_status":"open","sticky":false,"template":"","format":"standard","meta":{"footnotes":""},"categories":[1],"tags":[],"class_list":["post-2118","post","type-post","status-publish","format-standard","hentry","category-penzugyi-hirek"],"yoast_head":"<!-- This site is optimized with the Yoast SEO plugin v27.4 - https:\/\/yoast.com\/product\/yoast-seo-wordpress\/ -->\n<title>Egy sor \u00fajoncot is bevethet Marco Rossi az azeriek ellen - Super News<\/title>\n<meta name=\"robots\" content=\"index, follow, max-snippet:-1, max-image-preview:large, max-video-preview:-1\" \/>\n<link rel=\"canonical\" href=\"https:\/\/super-news.info\/hu\/egy-sor-ujoncot-is-bevethet-marco-rossi-az-azeriek-ellen\/\" \/>\n<meta property=\"og:locale\" content=\"hu_HU\" \/>\n<meta property=\"og:type\" content=\"article\" \/>\n<meta property=\"og:title\" content=\"Egy sor \u00fajoncot is bevethet Marco Rossi az azeriek ellen - Super News\" \/>\n<meta property=\"og:description\" content=\"[ad_1] Marco Rossi sz\u00f6vets\u00e9gi kapit\u00e1ny cs\u00fct\u00f6rt\u00f6k\u00f6n 32 j\u00e1t\u00e9kosb\u00f3l \u00e1ll\u00f3, hat \u00fajoncot mag\u00e1ban foglal\u00f3 b\u0151 keretet hirdetett a magyar labdar\u00fag\u00f3-v\u00e1logatott el\u0151tt \u00e1ll\u00f3 k\u00e9t Eur\u00f3pa-bajnoki selejtez\u0151m\u00e9rk\u0151z\u00e9sre. A beh\u00edvott futballist\u00e1k k\u00f6z\u00fcl a debreceni Ferenczi J\u00e1nos \u00e9s P\u00e1vkovics Bence m\u00e9g sosem volt feln\u0151tt kerettag, a dunaszerdahelyi Vida Krisztopher, az \u00fajpesti Zs\u00f3t\u00e9r Don\u00e1t, tov\u00e1bb\u00e1 a kispesti Gr\u00f3f D\u00e1vid \u00e9s Gazdag [&hellip;]\" \/>\n<meta property=\"og:url\" content=\"https:\/\/super-news.info\/hu\/egy-sor-ujoncot-is-bevethet-marco-rossi-az-azeriek-ellen\/\" \/>\n<meta property=\"og:site_name\" content=\"Super News\" \/>\n<meta property=\"article:published_time\" content=\"2019-05-17T01:30:50+00:00\" \/>\n<meta property=\"og:image\" content=\"http:\/\/super-news.info\/hu\/wp-content\/uploads\/sites\/3\/2019\/05\/Egy-sor-ujoncot-is-bevethet-Marco-Rossi-az-azeriek-ellen.jpg\" \/>\n<meta name=\"author\" content=\"super-news\" \/>\n<meta name=\"twitter:card\" content=\"summary_large_image\" \/>\n<meta name=\"twitter:label1\" content=\"Szerz\u0151:\" \/>\n\t<meta name=\"twitter:data1\" content=\"super-news\" \/>\n\t<meta name=\"twitter:label2\" content=\"Becs\u00fclt olvas\u00e1si id\u0151\" \/>\n\t<meta name=\"twitter:data2\" content=\"2 perc\" \/>\n<script type=\"application\/ld+json\" class=\"yoast-schema-graph\">{\"@context\":\"https:\\\/\\\/schema.org\",\"@graph\":[{\"@type\":\"Article\",\"@id\":\"https:\\\/\\\/super-news.info\\\/hu\\\/egy-sor-ujoncot-is-bevethet-marco-rossi-az-azeriek-ellen\\\/#article\",\"isPartOf\":{\"@id\":\"https:\\\/\\\/super-news.info\\\/hu\\\/egy-sor-ujoncot-is-bevethet-marco-rossi-az-azeriek-ellen\\\/\"},\"author\":{\"name\":\"super-news\",\"@id\":\"https:\\\/\\\/super-news.info\\\/hu\\\/#\\\/schema\\\/person\\\/2d4068cb2f39cd10008c2fce578a7356\"},\"headline\":\"Egy sor \u00fajoncot is bevethet Marco Rossi az azeriek ellen\",\"datePublished\":\"2019-05-17T01:30:50+00:00\",\"mainEntityOfPage\":{\"@id\":\"https:\\\/\\\/super-news.info\\\/hu\\\/egy-sor-ujoncot-is-bevethet-marco-rossi-az-azeriek-ellen\\\/\"},\"wordCount\":361,\"commentCount\":0,\"image\":{\"@id\":\"https:\\\/\\\/super-news.info\\\/hu\\\/egy-sor-ujoncot-is-bevethet-marco-rossi-az-azeriek-ellen\\\/#primaryimage\"},\"thumbnailUrl\":\"http:\\\/\\\/super-news.info\\\/hu\\\/wp-content\\\/uploads\\\/sites\\\/3\\\/2019\\\/05\\\/Egy-sor-ujoncot-is-bevethet-Marco-Rossi-az-azeriek-ellen.jpg\",\"articleSection\":[\"P\u00c9NZ\u00dcGYI H\u00cdREK\"],\"inLanguage\":\"hu\",\"potentialAction\":[{\"@type\":\"CommentAction\",\"name\":\"Comment\",\"target\":[\"https:\\\/\\\/super-news.info\\\/hu\\\/egy-sor-ujoncot-is-bevethet-marco-rossi-az-azeriek-ellen\\\/#respond\"]}]},{\"@type\":\"WebPage\",\"@id\":\"https:\\\/\\\/super-news.info\\\/hu\\\/egy-sor-ujoncot-is-bevethet-marco-rossi-az-azeriek-ellen\\\/\",\"url\":\"https:\\\/\\\/super-news.info\\\/hu\\\/egy-sor-ujoncot-is-bevethet-marco-rossi-az-azeriek-ellen\\\/\",\"name\":\"Egy sor \u00fajoncot is bevethet Marco Rossi az azeriek ellen - Super News\",\"isPartOf\":{\"@id\":\"https:\\\/\\\/super-news.info\\\/hu\\\/#website\"},\"primaryImageOfPage\":{\"@id\":\"https:\\\/\\\/super-news.info\\\/hu\\\/egy-sor-ujoncot-is-bevethet-marco-rossi-az-azeriek-ellen\\\/#primaryimage\"},\"image\":{\"@id\":\"https:\\\/\\\/super-news.info\\\/hu\\\/egy-sor-ujoncot-is-bevethet-marco-rossi-az-azeriek-ellen\\\/#primaryimage\"},\"thumbnailUrl\":\"http:\\\/\\\/super-news.info\\\/hu\\\/wp-content\\\/uploads\\\/sites\\\/3\\\/2019\\\/05\\\/Egy-sor-ujoncot-is-bevethet-Marco-Rossi-az-azeriek-ellen.jpg\",\"datePublished\":\"2019-05-17T01:30:50+00:00\",\"author\":{\"@id\":\"https:\\\/\\\/super-news.info\\\/hu\\\/#\\\/schema\\\/person\\\/2d4068cb2f39cd10008c2fce578a7356\"},\"breadcrumb\":{\"@id\":\"https:\\\/\\\/super-news.info\\\/hu\\\/egy-sor-ujoncot-is-bevethet-marco-rossi-az-azeriek-ellen\\\/#breadcrumb\"},\"inLanguage\":\"hu\",\"potentialAction\":[{\"@type\":\"ReadAction\",\"target\":[\"https:\\\/\\\/super-news.info\\\/hu\\\/egy-sor-ujoncot-is-bevethet-marco-rossi-az-azeriek-ellen\\\/\"]}]},{\"@type\":\"ImageObject\",\"inLanguage\":\"hu\",\"@id\":\"https:\\\/\\\/super-news.info\\\/hu\\\/egy-sor-ujoncot-is-bevethet-marco-rossi-az-azeriek-ellen\\\/#primaryimage\",\"url\":\"\",\"contentUrl\":\"\"},{\"@type\":\"BreadcrumbList\",\"@id\":\"https:\\\/\\\/super-news.info\\\/hu\\\/egy-sor-ujoncot-is-bevethet-marco-rossi-az-azeriek-ellen\\\/#breadcrumb\",\"itemListElement\":[{\"@type\":\"ListItem\",\"position\":1,\"name\":\"\u0413\u043b\u0430\u0432\u043d\u0430\u044f \u0441\u0442\u0440\u0430\u043d\u0438\u0446\u0430\",\"item\":\"https:\\\/\\\/super-news.info\\\/hu\\\/\"},{\"@type\":\"ListItem\",\"position\":2,\"name\":\"Egy sor \u00fajoncot is bevethet Marco Rossi az azeriek ellen\"}]},{\"@type\":\"WebSite\",\"@id\":\"https:\\\/\\\/super-news.info\\\/hu\\\/#website\",\"url\":\"https:\\\/\\\/super-news.info\\\/hu\\\/\",\"name\":\"Super News\",\"description\":\"Super News Magyarorsz\u00e1g\",\"potentialAction\":[{\"@type\":\"SearchAction\",\"target\":{\"@type\":\"EntryPoint\",\"urlTemplate\":\"https:\\\/\\\/super-news.info\\\/hu\\\/?s={search_term_string}\"},\"query-input\":{\"@type\":\"PropertyValueSpecification\",\"valueRequired\":true,\"valueName\":\"search_term_string\"}}],\"inLanguage\":\"hu\"},{\"@type\":\"Person\",\"@id\":\"https:\\\/\\\/super-news.info\\\/hu\\\/#\\\/schema\\\/person\\\/2d4068cb2f39cd10008c2fce578a7356\",\"name\":\"super-news\",\"image\":{\"@type\":\"ImageObject\",\"inLanguage\":\"hu\",\"@id\":\"https:\\\/\\\/secure.gravatar.com\\\/avatar\\\/64ebac40b93f26a154f8a9b5b6fdccfc46f442b26b3dd6756dbff3bf9dc76fd7?s=96&d=mm&r=g\",\"url\":\"https:\\\/\\\/secure.gravatar.com\\\/avatar\\\/64ebac40b93f26a154f8a9b5b6fdccfc46f442b26b3dd6756dbff3bf9dc76fd7?s=96&d=mm&r=g\",\"contentUrl\":\"https:\\\/\\\/secure.gravatar.com\\\/avatar\\\/64ebac40b93f26a154f8a9b5b6fdccfc46f442b26b3dd6756dbff3bf9dc76fd7?s=96&d=mm&r=g\",\"caption\":\"super-news\"},\"url\":\"https:\\\/\\\/super-news.info\\\/hu\\\/author\\\/pt\\\/\"}]}<\/script>\n<!-- \/ Yoast SEO plugin. -->","yoast_head_json":{"title":"Egy sor \u00fajoncot is bevethet Marco Rossi az azeriek ellen - Super News","robots":{"index":"index","follow":"follow","max-snippet":"max-snippet:-1","max-image-preview":"max-image-preview:large","max-video-preview":"max-video-preview:-1"},"canonical":"https:\/\/super-news.info\/hu\/egy-sor-ujoncot-is-bevethet-marco-rossi-az-azeriek-ellen\/","og_locale":"hu_HU","og_type":"article","og_title":"Egy sor \u00fajoncot is bevethet Marco Rossi az azeriek ellen - Super News","og_description":"[ad_1] Marco Rossi sz\u00f6vets\u00e9gi kapit\u00e1ny cs\u00fct\u00f6rt\u00f6k\u00f6n 32 j\u00e1t\u00e9kosb\u00f3l \u00e1ll\u00f3, hat \u00fajoncot mag\u00e1ban foglal\u00f3 b\u0151 keretet hirdetett a magyar labdar\u00fag\u00f3-v\u00e1logatott el\u0151tt \u00e1ll\u00f3 k\u00e9t Eur\u00f3pa-bajnoki selejtez\u0151m\u00e9rk\u0151z\u00e9sre. A beh\u00edvott futballist\u00e1k k\u00f6z\u00fcl a debreceni Ferenczi J\u00e1nos \u00e9s P\u00e1vkovics Bence m\u00e9g sosem volt feln\u0151tt kerettag, a dunaszerdahelyi Vida Krisztopher, az \u00fajpesti Zs\u00f3t\u00e9r Don\u00e1t, tov\u00e1bb\u00e1 a kispesti Gr\u00f3f D\u00e1vid \u00e9s Gazdag [&hellip;]","og_url":"https:\/\/super-news.info\/hu\/egy-sor-ujoncot-is-bevethet-marco-rossi-az-azeriek-ellen\/","og_site_name":"Super News","article_published_time":"2019-05-17T01:30:50+00:00","og_image":[{"url":"http:\/\/super-news.info\/hu\/wp-content\/uploads\/sites\/3\/2019\/05\/Egy-sor-ujoncot-is-bevethet-Marco-Rossi-az-azeriek-ellen.jpg","type":"","width":"","height":""}],"author":"super-news","twitter_card":"summary_large_image","twitter_misc":{"Szerz\u0151:":"super-news","Becs\u00fclt olvas\u00e1si id\u0151":"2 perc"},"schema":{"@context":"https:\/\/schema.org","@graph":[{"@type":"Article","@id":"https:\/\/super-news.info\/hu\/egy-sor-ujoncot-is-bevethet-marco-rossi-az-azeriek-ellen\/#article","isPartOf":{"@id":"https:\/\/super-news.info\/hu\/egy-sor-ujoncot-is-bevethet-marco-rossi-az-azeriek-ellen\/"},"author":{"name":"super-news","@id":"https:\/\/super-news.info\/hu\/#\/schema\/person\/2d4068cb2f39cd10008c2fce578a7356"},"headline":"Egy sor \u00fajoncot is bevethet Marco Rossi az azeriek ellen","datePublished":"2019-05-17T01:30:50+00:00","mainEntityOfPage":{"@id":"https:\/\/super-news.info\/hu\/egy-sor-ujoncot-is-bevethet-marco-rossi-az-azeriek-ellen\/"},"wordCount":361,"commentCount":0,"image":{"@id":"https:\/\/super-news.info\/hu\/egy-sor-ujoncot-is-bevethet-marco-rossi-az-azeriek-ellen\/#primaryimage"},"thumbnailUrl":"http:\/\/super-news.info\/hu\/wp-content\/uploads\/sites\/3\/2019\/05\/Egy-sor-ujoncot-is-bevethet-Marco-Rossi-az-azeriek-ellen.jpg","articleSection":["P\u00c9NZ\u00dcGYI H\u00cdREK"],"inLanguage":"hu","potentialAction":[{"@type":"CommentAction","name":"Comment","target":["https:\/\/super-news.info\/hu\/egy-sor-ujoncot-is-bevethet-marco-rossi-az-azeriek-ellen\/#respond"]}]},{"@type":"WebPage","@id":"https:\/\/super-news.info\/hu\/egy-sor-ujoncot-is-bevethet-marco-rossi-az-azeriek-ellen\/","url":"https:\/\/super-news.info\/hu\/egy-sor-ujoncot-is-bevethet-marco-rossi-az-azeriek-ellen\/","name":"Egy sor \u00fajoncot is bevethet Marco Rossi az azeriek ellen - Super News","isPartOf":{"@id":"https:\/\/super-news.info\/hu\/#website"},"primaryImageOfPage":{"@id":"https:\/\/super-news.info\/hu\/egy-sor-ujoncot-is-bevethet-marco-rossi-az-azeriek-ellen\/#primaryimage"},"image":{"@id":"https:\/\/super-news.info\/hu\/egy-sor-ujoncot-is-bevethet-marco-rossi-az-azeriek-ellen\/#primaryimage"},"thumbnailUrl":"http:\/\/super-news.info\/hu\/wp-content\/uploads\/sites\/3\/2019\/05\/Egy-sor-ujoncot-is-bevethet-Marco-Rossi-az-azeriek-ellen.jpg","datePublished":"2019-05-17T01:30:50+00:00","author":{"@id":"https:\/\/super-news.info\/hu\/#\/schema\/person\/2d4068cb2f39cd10008c2fce578a7356"},"breadcrumb":{"@id":"https:\/\/super-news.info\/hu\/egy-sor-ujoncot-is-bevethet-marco-rossi-az-azeriek-ellen\/#breadcrumb"},"inLanguage":"hu","potentialAction":[{"@type":"ReadAction","target":["https:\/\/super-news.info\/hu\/egy-sor-ujoncot-is-bevethet-marco-rossi-az-azeriek-ellen\/"]}]},{"@type":"ImageObject","inLanguage":"hu","@id":"https:\/\/super-news.info\/hu\/egy-sor-ujoncot-is-bevethet-marco-rossi-az-azeriek-ellen\/#primaryimage","url":"","contentUrl":""},{"@type":"BreadcrumbList","@id":"https:\/\/super-news.info\/hu\/egy-sor-ujoncot-is-bevethet-marco-rossi-az-azeriek-ellen\/#breadcrumb","itemListElement":[{"@type":"ListItem","position":1,"name":"\u0413\u043b\u0430\u0432\u043d\u0430\u044f \u0441\u0442\u0440\u0430\u043d\u0438\u0446\u0430","item":"https:\/\/super-news.info\/hu\/"},{"@type":"ListItem","position":2,"name":"Egy sor \u00fajoncot is bevethet Marco Rossi az azeriek ellen"}]},{"@type":"WebSite","@id":"https:\/\/super-news.info\/hu\/#website","url":"https:\/\/super-news.info\/hu\/","name":"Super News","description":"Super News Magyarorsz\u00e1g","potentialAction":[{"@type":"SearchAction","target":{"@type":"EntryPoint","urlTemplate":"https:\/\/super-news.info\/hu\/?s={search_term_string}"},"query-input":{"@type":"PropertyValueSpecification","valueRequired":true,"valueName":"search_term_string"}}],"inLanguage":"hu"},{"@type":"Person","@id":"https:\/\/super-news.info\/hu\/#\/schema\/person\/2d4068cb2f39cd10008c2fce578a7356","name":"super-news","image":{"@type":"ImageObject","inLanguage":"hu","@id":"https:\/\/secure.gravatar.com\/avatar\/64ebac40b93f26a154f8a9b5b6fdccfc46f442b26b3dd6756dbff3bf9dc76fd7?s=96&d=mm&r=g","url":"https:\/\/secure.gravatar.com\/avatar\/64ebac40b93f26a154f8a9b5b6fdccfc46f442b26b3dd6756dbff3bf9dc76fd7?s=96&d=mm&r=g","contentUrl":"https:\/\/secure.gravatar.com\/avatar\/64ebac40b93f26a154f8a9b5b6fdccfc46f442b26b3dd6756dbff3bf9dc76fd7?s=96&d=mm&r=g","caption":"super-news"},"url":"https:\/\/super-news.info\/hu\/author\/pt\/"}]}},"_links":{"self":[{"href":"https:\/\/super-news.info\/hu\/wp-json\/wp\/v2\/posts\/2118","targetHints":{"allow":["GET"]}}],"collection":[{"href":"https:\/\/super-news.info\/hu\/wp-json\/wp\/v2\/posts"}],"about":[{"href":"https:\/\/super-news.info\/hu\/wp-json\/wp\/v2\/types\/post"}],"author":[{"embeddable":true,"href":"https:\/\/super-news.info\/hu\/wp-json\/wp\/v2\/users\/2"}],"replies":[{"embeddable":true,"href":"https:\/\/super-news.info\/hu\/wp-json\/wp\/v2\/comments?post=2118"}],"version-history":[{"count":0,"href":"https:\/\/super-news.info\/hu\/wp-json\/wp\/v2\/posts\/2118\/revisions"}],"wp:attachment":[{"href":"https:\/\/super-news.info\/hu\/wp-json\/wp\/v2\/media?parent=2118"}],"wp:term":[{"taxonomy":"category","embeddable":true,"href":"https:\/\/super-news.info\/hu\/wp-json\/wp\/v2\/categories?post=2118"},{"taxonomy":"post_tag","embeddable":true,"href":"https:\/\/super-news.info\/hu\/wp-json\/wp\/v2\/tags?post=2118"}],"curies":[{"name":"wp","href":"https:\/\/api.w.org\/{rel}","templated":true}]}}