{"id":2113,"date":"2019-05-17T02:25:48","date_gmt":"2019-05-16T23:25:48","guid":{"rendered":"https:\/\/super-news.info\/hu\/lesifotok-miatt-kap-karteritest-harry-herceg\/"},"modified":"2019-05-17T02:25:48","modified_gmt":"2019-05-16T23:25:48","slug":"lesifotok-miatt-kap-karteritest-harry-herceg","status":"publish","type":"post","link":"https:\/\/super-news.info\/hu\/lesifotok-miatt-kap-karteritest-harry-herceg\/","title":{"rendered":"Lesifot\u00f3k miatt kap k\u00e1rt\u00e9r\u00edt\u00e9st Harry herceg"},"content":{"rendered":"<p> [ad_1]<br \/>\n<\/p>\n<p>\n\t\t\t\t\t\t\t\tHarry herceg elfogadja az anyagi k\u00e1rt\u00e9r\u00edt\u00e9st \u00e9s a bocs\u00e1natk\u00e9r\u00e9st att\u00f3l az amerikai h\u00edr- \u00e9s fot\u00f3\u00fcgyn\u00f6ks\u00e9gt\u0151l, amely n\u00e9h\u00e1ny h\u00f3napja lesifot\u00f3kat k\u00e9sz\u00edtett otthon\u00e1r\u00f3l \u2013 k\u00f6z\u00f6lte cs\u00fct\u00f6rt\u00f6k\u00f6n a Buckingham-palota.\t\t\t\t\t\t\t<\/p>\n<div>\n<p>A sussexi herceg \u00fcgyv\u00e9dje szerint a Splash News &amp; Picture Agency v\u00e1llalat helikoptert b\u00e9relt id\u00e9n janu\u00e1rban, hogy a leveg\u0151b\u0151l k\u00e9sz\u00edtsen fot\u00f3kat Harry \u00e9s feles\u00e9ge, Meghan Markle oxfordshire-i otthon\u00e1r\u00f3l.<\/p>\n<p>A b\u00edr\u00f3s\u00e1gi dokumentumok szerint a k\u00e9pek k\u00f6zl\u00e9se olyan m\u00e9rt\u00e9kben vesz\u00e9lyeztette a herceg \u00e9s otthona biztons\u00e1g\u00e1t, hogy a p\u00e1rnak el kellett hagynia az ingatlant, amelyet kor\u00e1bban \u00e9pp a biztons\u00e1ga miatt v\u00e1lasztott mag\u00e1nak.<\/p>\n<p>A vil\u00e1g egyik legnagyobb, kifejezetten h\u00edress\u00e9gekre specializ\u00e1l\u00f3dott fot\u00f3\u00fcgyn\u00f6ks\u00e9g\u00e9nek sz\u00e1m\u00edt\u00f3 Splash felv\u00e9telein egyebek k\u00f6z\u00f6tt a hercegi p\u00e1r \u00e9tkez\u0151je, h\u00e1l\u00f3szob\u00e1ja \u00e9s nappalija is l\u00e1that\u00f3 volt. A fot\u00f3kat a The Times c\u00edm\u0171 lap, valamint t\u00f6bb internetes port\u00e1l is k\u00f6z\u00f6lte.<\/p>\n<p>A v\u00e1llalat k\u00e9s\u0151bb \u201ehib\u00e1s d\u00f6nt\u00e9snek\u201d nevezte a k\u00e9pek elk\u00e9sz\u00edt\u00e9s\u00e9t \u00e9s elmondta, megtett\u00e9k a sz\u00fcks\u00e9ges l\u00e9p\u00e9seket, hogy ilyesmi ne t\u00f6rt\u00e9njen meg m\u00e9g egyszer.<\/p>\n<div id=\"attachment_1516763\" style=\"width: 1410px\" class=\"wp-caption aligncenter\"><img loading=\"lazy\" decoding=\"async\" class=\"size-full wp-image-1516763\" src=\"https:\/\/super-news.info\/hu\/wp-content\/uploads\/sites\/3\/2019\/05\/Lesifotok-miatt-kap-karteritest-Harry-herceg.jpg\" alt=\"\" width=\"1400\" height=\"933\"  \/><\/p>\n<p class=\"wp-caption-text\">Fot\u00f3: AFP<\/p>\n<\/div>\n<p>Harry \u00e9s b\u00e1tyja, Vilmos herceg soha nem csin\u00e1ltak titkot a sajt\u00f3 ir\u00e1nti ellenszenv\u00fckb\u0151l azut\u00e1n, hogy \u00e9desanyjuk, Diana hercegn\u0151 1997-ben meghalt egy aut\u00f3balesetben, amikor az \u0151t sz\u00e1ll\u00edt\u00f3 j\u00e1rm\u0171 lesifot\u00f3sok el\u0151l menek\u00fclt.<\/p>\n<p>Harry \u2013 II. Erzs\u00e9bet kir\u00e1lyn\u0151 unok\u00e1ja, K\u00e1roly tr\u00f3n\u00f6r\u00f6k\u00f6s \u00e9s a n\u00e9hai Diana hercegn\u0151 m\u00e1sodsz\u00fcl\u00f6tt fia \u2013 tavaly m\u00e1jusban h\u00e1zasodott \u00f6ssze Meghan Markle amerikai sz\u00edn\u00e9szn\u0151vel Windsor \u0151si kir\u00e1lyi kast\u00e9ly\u00e1ban.<\/p>\n<p>A p\u00e1r csup\u00e1n egyetlen \u00fajs\u00e1g\u00edr\u00f3t engedett be a Szent Gy\u00f6rgy-k\u00e1poln\u00e1ban tartott cerem\u00f3ni\u00e1ra, \u00e9s ugyancsak szak\u00edtva a hagyom\u00e1nyokkal, nem \u00e1lltak ki a kamer\u00e1k el\u00e9 gyermek\u00fck megsz\u00fclet\u00e9se ut\u00e1n, hanem k\u00e9t nap eltelt\u00e9vel egy Instagram-posztban mutatt\u00e1k be a gyermeket.<\/p>\n<\/p><\/div>\n<p><script>\n    window.fbAsyncInit = function() {\n        FB.init({\n            appId      : \"204760236815359\",\n            xfbml      : true,\n            version    : \"v2.12\"\n        });\n        FB.AppEvents.logPageView();\n    };<\/p>\n<p>    (function(d, s, id){\n        var js, fjs = d.getElementsByTagName(s)[0];\n        if (d.getElementById(id)) {return;}\n        js = d.createElement(s); js.id = id;\n        js.src = \"http:\/\/connect.facebook.net\/hu_HU\/sdk.js\";\n        fjs.parentNode.insertBefore(js, fjs);\n    }(document, \"script\", \"facebook-jssdk\"));\n<\/script><br \/>\n<br \/>[ad_2]<br \/>\n<br \/><a href=\"https:\/\/www.vg.hu\/kozelet\/kozeleti-hirek\/lesifotok-miatt-kap-karteritest-harry-herceg-1516748\/\">Source link <\/a><\/p>\n","protected":false},"excerpt":{"rendered":"<p>[ad_1] Harry herceg elfogadja az anyagi k\u00e1rt\u00e9r\u00edt\u00e9st \u00e9s a bocs\u00e1natk\u00e9r\u00e9st att\u00f3l az amerikai h\u00edr- \u00e9s fot\u00f3\u00fcgyn\u00f6ks\u00e9gt\u0151l, amely n\u00e9h\u00e1ny h\u00f3napja lesifot\u00f3kat k\u00e9sz\u00edtett otthon\u00e1r\u00f3l \u2013 k\u00f6z\u00f6lte cs\u00fct\u00f6rt\u00f6k\u00f6n a Buckingham-palota. A sussexi herceg \u00fcgyv\u00e9dje szerint a Splash News &amp; Picture Agency v\u00e1llalat helikoptert b\u00e9relt id\u00e9n janu\u00e1rban, hogy a leveg\u0151b\u0151l k\u00e9sz\u00edtsen fot\u00f3kat Harry \u00e9s feles\u00e9ge, Meghan Markle oxfordshire-i otthon\u00e1r\u00f3l. [&hellip;]<\/p>\n","protected":false},"author":2,"featured_media":0,"comment_status":"open","ping_status":"open","sticky":false,"template":"","format":"standard","meta":{"footnotes":""},"categories":[1],"tags":[],"class_list":["post-2113","post","type-post","status-publish","format-standard","hentry","category-penzugyi-hirek"],"yoast_head":"<!-- This site is optimized with the Yoast SEO plugin v27.4 - https:\/\/yoast.com\/product\/yoast-seo-wordpress\/ -->\n<title>Lesifot\u00f3k miatt kap k\u00e1rt\u00e9r\u00edt\u00e9st Harry herceg - Super News<\/title>\n<meta name=\"robots\" content=\"index, follow, max-snippet:-1, max-image-preview:large, max-video-preview:-1\" \/>\n<link rel=\"canonical\" href=\"https:\/\/super-news.info\/hu\/lesifotok-miatt-kap-karteritest-harry-herceg\/\" \/>\n<meta property=\"og:locale\" content=\"hu_HU\" \/>\n<meta property=\"og:type\" content=\"article\" \/>\n<meta property=\"og:title\" content=\"Lesifot\u00f3k miatt kap k\u00e1rt\u00e9r\u00edt\u00e9st Harry herceg - Super News\" \/>\n<meta property=\"og:description\" content=\"[ad_1] Harry herceg elfogadja az anyagi k\u00e1rt\u00e9r\u00edt\u00e9st \u00e9s a bocs\u00e1natk\u00e9r\u00e9st att\u00f3l az amerikai h\u00edr- \u00e9s fot\u00f3\u00fcgyn\u00f6ks\u00e9gt\u0151l, amely n\u00e9h\u00e1ny h\u00f3napja lesifot\u00f3kat k\u00e9sz\u00edtett otthon\u00e1r\u00f3l \u2013 k\u00f6z\u00f6lte cs\u00fct\u00f6rt\u00f6k\u00f6n a Buckingham-palota. A sussexi herceg \u00fcgyv\u00e9dje szerint a Splash News &amp; Picture Agency v\u00e1llalat helikoptert b\u00e9relt id\u00e9n janu\u00e1rban, hogy a leveg\u0151b\u0151l k\u00e9sz\u00edtsen fot\u00f3kat Harry \u00e9s feles\u00e9ge, Meghan Markle oxfordshire-i otthon\u00e1r\u00f3l. [&hellip;]\" \/>\n<meta property=\"og:url\" content=\"https:\/\/super-news.info\/hu\/lesifotok-miatt-kap-karteritest-harry-herceg\/\" \/>\n<meta property=\"og:site_name\" content=\"Super News\" \/>\n<meta property=\"article:published_time\" content=\"2019-05-16T23:25:48+00:00\" \/>\n<meta property=\"og:image\" content=\"http:\/\/super-news.info\/hu\/wp-content\/uploads\/sites\/3\/2019\/05\/Lesifotok-miatt-kap-karteritest-Harry-herceg.jpg\" \/>\n<meta name=\"author\" content=\"super-news\" \/>\n<meta name=\"twitter:card\" content=\"summary_large_image\" \/>\n<meta name=\"twitter:label1\" content=\"Szerz\u0151:\" \/>\n\t<meta name=\"twitter:data1\" content=\"super-news\" \/>\n\t<meta name=\"twitter:label2\" content=\"Becs\u00fclt olvas\u00e1si id\u0151\" \/>\n\t<meta name=\"twitter:data2\" content=\"2 perc\" \/>\n<script type=\"application\/ld+json\" class=\"yoast-schema-graph\">{\"@context\":\"https:\\\/\\\/schema.org\",\"@graph\":[{\"@type\":\"Article\",\"@id\":\"https:\\\/\\\/super-news.info\\\/hu\\\/lesifotok-miatt-kap-karteritest-harry-herceg\\\/#article\",\"isPartOf\":{\"@id\":\"https:\\\/\\\/super-news.info\\\/hu\\\/lesifotok-miatt-kap-karteritest-harry-herceg\\\/\"},\"author\":{\"name\":\"super-news\",\"@id\":\"https:\\\/\\\/super-news.info\\\/hu\\\/#\\\/schema\\\/person\\\/2d4068cb2f39cd10008c2fce578a7356\"},\"headline\":\"Lesifot\u00f3k miatt kap k\u00e1rt\u00e9r\u00edt\u00e9st Harry herceg\",\"datePublished\":\"2019-05-16T23:25:48+00:00\",\"mainEntityOfPage\":{\"@id\":\"https:\\\/\\\/super-news.info\\\/hu\\\/lesifotok-miatt-kap-karteritest-harry-herceg\\\/\"},\"wordCount\":405,\"commentCount\":0,\"image\":{\"@id\":\"https:\\\/\\\/super-news.info\\\/hu\\\/lesifotok-miatt-kap-karteritest-harry-herceg\\\/#primaryimage\"},\"thumbnailUrl\":\"http:\\\/\\\/super-news.info\\\/hu\\\/wp-content\\\/uploads\\\/sites\\\/3\\\/2019\\\/05\\\/Lesifotok-miatt-kap-karteritest-Harry-herceg.jpg\",\"articleSection\":[\"P\u00c9NZ\u00dcGYI H\u00cdREK\"],\"inLanguage\":\"hu\",\"potentialAction\":[{\"@type\":\"CommentAction\",\"name\":\"Comment\",\"target\":[\"https:\\\/\\\/super-news.info\\\/hu\\\/lesifotok-miatt-kap-karteritest-harry-herceg\\\/#respond\"]}]},{\"@type\":\"WebPage\",\"@id\":\"https:\\\/\\\/super-news.info\\\/hu\\\/lesifotok-miatt-kap-karteritest-harry-herceg\\\/\",\"url\":\"https:\\\/\\\/super-news.info\\\/hu\\\/lesifotok-miatt-kap-karteritest-harry-herceg\\\/\",\"name\":\"Lesifot\u00f3k miatt kap k\u00e1rt\u00e9r\u00edt\u00e9st Harry herceg - Super News\",\"isPartOf\":{\"@id\":\"https:\\\/\\\/super-news.info\\\/hu\\\/#website\"},\"primaryImageOfPage\":{\"@id\":\"https:\\\/\\\/super-news.info\\\/hu\\\/lesifotok-miatt-kap-karteritest-harry-herceg\\\/#primaryimage\"},\"image\":{\"@id\":\"https:\\\/\\\/super-news.info\\\/hu\\\/lesifotok-miatt-kap-karteritest-harry-herceg\\\/#primaryimage\"},\"thumbnailUrl\":\"http:\\\/\\\/super-news.info\\\/hu\\\/wp-content\\\/uploads\\\/sites\\\/3\\\/2019\\\/05\\\/Lesifotok-miatt-kap-karteritest-Harry-herceg.jpg\",\"datePublished\":\"2019-05-16T23:25:48+00:00\",\"author\":{\"@id\":\"https:\\\/\\\/super-news.info\\\/hu\\\/#\\\/schema\\\/person\\\/2d4068cb2f39cd10008c2fce578a7356\"},\"breadcrumb\":{\"@id\":\"https:\\\/\\\/super-news.info\\\/hu\\\/lesifotok-miatt-kap-karteritest-harry-herceg\\\/#breadcrumb\"},\"inLanguage\":\"hu\",\"potentialAction\":[{\"@type\":\"ReadAction\",\"target\":[\"https:\\\/\\\/super-news.info\\\/hu\\\/lesifotok-miatt-kap-karteritest-harry-herceg\\\/\"]}]},{\"@type\":\"ImageObject\",\"inLanguage\":\"hu\",\"@id\":\"https:\\\/\\\/super-news.info\\\/hu\\\/lesifotok-miatt-kap-karteritest-harry-herceg\\\/#primaryimage\",\"url\":\"\",\"contentUrl\":\"\"},{\"@type\":\"BreadcrumbList\",\"@id\":\"https:\\\/\\\/super-news.info\\\/hu\\\/lesifotok-miatt-kap-karteritest-harry-herceg\\\/#breadcrumb\",\"itemListElement\":[{\"@type\":\"ListItem\",\"position\":1,\"name\":\"\u0413\u043b\u0430\u0432\u043d\u0430\u044f \u0441\u0442\u0440\u0430\u043d\u0438\u0446\u0430\",\"item\":\"https:\\\/\\\/super-news.info\\\/hu\\\/\"},{\"@type\":\"ListItem\",\"position\":2,\"name\":\"Lesifot\u00f3k miatt kap k\u00e1rt\u00e9r\u00edt\u00e9st Harry herceg\"}]},{\"@type\":\"WebSite\",\"@id\":\"https:\\\/\\\/super-news.info\\\/hu\\\/#website\",\"url\":\"https:\\\/\\\/super-news.info\\\/hu\\\/\",\"name\":\"Super News\",\"description\":\"Super News Magyarorsz\u00e1g\",\"potentialAction\":[{\"@type\":\"SearchAction\",\"target\":{\"@type\":\"EntryPoint\",\"urlTemplate\":\"https:\\\/\\\/super-news.info\\\/hu\\\/?s={search_term_string}\"},\"query-input\":{\"@type\":\"PropertyValueSpecification\",\"valueRequired\":true,\"valueName\":\"search_term_string\"}}],\"inLanguage\":\"hu\"},{\"@type\":\"Person\",\"@id\":\"https:\\\/\\\/super-news.info\\\/hu\\\/#\\\/schema\\\/person\\\/2d4068cb2f39cd10008c2fce578a7356\",\"name\":\"super-news\",\"image\":{\"@type\":\"ImageObject\",\"inLanguage\":\"hu\",\"@id\":\"https:\\\/\\\/secure.gravatar.com\\\/avatar\\\/64ebac40b93f26a154f8a9b5b6fdccfc46f442b26b3dd6756dbff3bf9dc76fd7?s=96&d=mm&r=g\",\"url\":\"https:\\\/\\\/secure.gravatar.com\\\/avatar\\\/64ebac40b93f26a154f8a9b5b6fdccfc46f442b26b3dd6756dbff3bf9dc76fd7?s=96&d=mm&r=g\",\"contentUrl\":\"https:\\\/\\\/secure.gravatar.com\\\/avatar\\\/64ebac40b93f26a154f8a9b5b6fdccfc46f442b26b3dd6756dbff3bf9dc76fd7?s=96&d=mm&r=g\",\"caption\":\"super-news\"},\"url\":\"https:\\\/\\\/super-news.info\\\/hu\\\/author\\\/pt\\\/\"}]}<\/script>\n<!-- \/ Yoast SEO plugin. -->","yoast_head_json":{"title":"Lesifot\u00f3k miatt kap k\u00e1rt\u00e9r\u00edt\u00e9st Harry herceg - Super News","robots":{"index":"index","follow":"follow","max-snippet":"max-snippet:-1","max-image-preview":"max-image-preview:large","max-video-preview":"max-video-preview:-1"},"canonical":"https:\/\/super-news.info\/hu\/lesifotok-miatt-kap-karteritest-harry-herceg\/","og_locale":"hu_HU","og_type":"article","og_title":"Lesifot\u00f3k miatt kap k\u00e1rt\u00e9r\u00edt\u00e9st Harry herceg - Super News","og_description":"[ad_1] Harry herceg elfogadja az anyagi k\u00e1rt\u00e9r\u00edt\u00e9st \u00e9s a bocs\u00e1natk\u00e9r\u00e9st att\u00f3l az amerikai h\u00edr- \u00e9s fot\u00f3\u00fcgyn\u00f6ks\u00e9gt\u0151l, amely n\u00e9h\u00e1ny h\u00f3napja lesifot\u00f3kat k\u00e9sz\u00edtett otthon\u00e1r\u00f3l \u2013 k\u00f6z\u00f6lte cs\u00fct\u00f6rt\u00f6k\u00f6n a Buckingham-palota. A sussexi herceg \u00fcgyv\u00e9dje szerint a Splash News &amp; Picture Agency v\u00e1llalat helikoptert b\u00e9relt id\u00e9n janu\u00e1rban, hogy a leveg\u0151b\u0151l k\u00e9sz\u00edtsen fot\u00f3kat Harry \u00e9s feles\u00e9ge, Meghan Markle oxfordshire-i otthon\u00e1r\u00f3l. [&hellip;]","og_url":"https:\/\/super-news.info\/hu\/lesifotok-miatt-kap-karteritest-harry-herceg\/","og_site_name":"Super News","article_published_time":"2019-05-16T23:25:48+00:00","og_image":[{"url":"http:\/\/super-news.info\/hu\/wp-content\/uploads\/sites\/3\/2019\/05\/Lesifotok-miatt-kap-karteritest-Harry-herceg.jpg","type":"","width":"","height":""}],"author":"super-news","twitter_card":"summary_large_image","twitter_misc":{"Szerz\u0151:":"super-news","Becs\u00fclt olvas\u00e1si id\u0151":"2 perc"},"schema":{"@context":"https:\/\/schema.org","@graph":[{"@type":"Article","@id":"https:\/\/super-news.info\/hu\/lesifotok-miatt-kap-karteritest-harry-herceg\/#article","isPartOf":{"@id":"https:\/\/super-news.info\/hu\/lesifotok-miatt-kap-karteritest-harry-herceg\/"},"author":{"name":"super-news","@id":"https:\/\/super-news.info\/hu\/#\/schema\/person\/2d4068cb2f39cd10008c2fce578a7356"},"headline":"Lesifot\u00f3k miatt kap k\u00e1rt\u00e9r\u00edt\u00e9st Harry herceg","datePublished":"2019-05-16T23:25:48+00:00","mainEntityOfPage":{"@id":"https:\/\/super-news.info\/hu\/lesifotok-miatt-kap-karteritest-harry-herceg\/"},"wordCount":405,"commentCount":0,"image":{"@id":"https:\/\/super-news.info\/hu\/lesifotok-miatt-kap-karteritest-harry-herceg\/#primaryimage"},"thumbnailUrl":"http:\/\/super-news.info\/hu\/wp-content\/uploads\/sites\/3\/2019\/05\/Lesifotok-miatt-kap-karteritest-Harry-herceg.jpg","articleSection":["P\u00c9NZ\u00dcGYI H\u00cdREK"],"inLanguage":"hu","potentialAction":[{"@type":"CommentAction","name":"Comment","target":["https:\/\/super-news.info\/hu\/lesifotok-miatt-kap-karteritest-harry-herceg\/#respond"]}]},{"@type":"WebPage","@id":"https:\/\/super-news.info\/hu\/lesifotok-miatt-kap-karteritest-harry-herceg\/","url":"https:\/\/super-news.info\/hu\/lesifotok-miatt-kap-karteritest-harry-herceg\/","name":"Lesifot\u00f3k miatt kap k\u00e1rt\u00e9r\u00edt\u00e9st Harry herceg - Super News","isPartOf":{"@id":"https:\/\/super-news.info\/hu\/#website"},"primaryImageOfPage":{"@id":"https:\/\/super-news.info\/hu\/lesifotok-miatt-kap-karteritest-harry-herceg\/#primaryimage"},"image":{"@id":"https:\/\/super-news.info\/hu\/lesifotok-miatt-kap-karteritest-harry-herceg\/#primaryimage"},"thumbnailUrl":"http:\/\/super-news.info\/hu\/wp-content\/uploads\/sites\/3\/2019\/05\/Lesifotok-miatt-kap-karteritest-Harry-herceg.jpg","datePublished":"2019-05-16T23:25:48+00:00","author":{"@id":"https:\/\/super-news.info\/hu\/#\/schema\/person\/2d4068cb2f39cd10008c2fce578a7356"},"breadcrumb":{"@id":"https:\/\/super-news.info\/hu\/lesifotok-miatt-kap-karteritest-harry-herceg\/#breadcrumb"},"inLanguage":"hu","potentialAction":[{"@type":"ReadAction","target":["https:\/\/super-news.info\/hu\/lesifotok-miatt-kap-karteritest-harry-herceg\/"]}]},{"@type":"ImageObject","inLanguage":"hu","@id":"https:\/\/super-news.info\/hu\/lesifotok-miatt-kap-karteritest-harry-herceg\/#primaryimage","url":"","contentUrl":""},{"@type":"BreadcrumbList","@id":"https:\/\/super-news.info\/hu\/lesifotok-miatt-kap-karteritest-harry-herceg\/#breadcrumb","itemListElement":[{"@type":"ListItem","position":1,"name":"\u0413\u043b\u0430\u0432\u043d\u0430\u044f \u0441\u0442\u0440\u0430\u043d\u0438\u0446\u0430","item":"https:\/\/super-news.info\/hu\/"},{"@type":"ListItem","position":2,"name":"Lesifot\u00f3k miatt kap k\u00e1rt\u00e9r\u00edt\u00e9st Harry herceg"}]},{"@type":"WebSite","@id":"https:\/\/super-news.info\/hu\/#website","url":"https:\/\/super-news.info\/hu\/","name":"Super News","description":"Super News Magyarorsz\u00e1g","potentialAction":[{"@type":"SearchAction","target":{"@type":"EntryPoint","urlTemplate":"https:\/\/super-news.info\/hu\/?s={search_term_string}"},"query-input":{"@type":"PropertyValueSpecification","valueRequired":true,"valueName":"search_term_string"}}],"inLanguage":"hu"},{"@type":"Person","@id":"https:\/\/super-news.info\/hu\/#\/schema\/person\/2d4068cb2f39cd10008c2fce578a7356","name":"super-news","image":{"@type":"ImageObject","inLanguage":"hu","@id":"https:\/\/secure.gravatar.com\/avatar\/64ebac40b93f26a154f8a9b5b6fdccfc46f442b26b3dd6756dbff3bf9dc76fd7?s=96&d=mm&r=g","url":"https:\/\/secure.gravatar.com\/avatar\/64ebac40b93f26a154f8a9b5b6fdccfc46f442b26b3dd6756dbff3bf9dc76fd7?s=96&d=mm&r=g","contentUrl":"https:\/\/secure.gravatar.com\/avatar\/64ebac40b93f26a154f8a9b5b6fdccfc46f442b26b3dd6756dbff3bf9dc76fd7?s=96&d=mm&r=g","caption":"super-news"},"url":"https:\/\/super-news.info\/hu\/author\/pt\/"}]}},"_links":{"self":[{"href":"https:\/\/super-news.info\/hu\/wp-json\/wp\/v2\/posts\/2113","targetHints":{"allow":["GET"]}}],"collection":[{"href":"https:\/\/super-news.info\/hu\/wp-json\/wp\/v2\/posts"}],"about":[{"href":"https:\/\/super-news.info\/hu\/wp-json\/wp\/v2\/types\/post"}],"author":[{"embeddable":true,"href":"https:\/\/super-news.info\/hu\/wp-json\/wp\/v2\/users\/2"}],"replies":[{"embeddable":true,"href":"https:\/\/super-news.info\/hu\/wp-json\/wp\/v2\/comments?post=2113"}],"version-history":[{"count":0,"href":"https:\/\/super-news.info\/hu\/wp-json\/wp\/v2\/posts\/2113\/revisions"}],"wp:attachment":[{"href":"https:\/\/super-news.info\/hu\/wp-json\/wp\/v2\/media?parent=2113"}],"wp:term":[{"taxonomy":"category","embeddable":true,"href":"https:\/\/super-news.info\/hu\/wp-json\/wp\/v2\/categories?post=2113"},{"taxonomy":"post_tag","embeddable":true,"href":"https:\/\/super-news.info\/hu\/wp-json\/wp\/v2\/tags?post=2113"}],"curies":[{"name":"wp","href":"https:\/\/api.w.org\/{rel}","templated":true}]}}