{"id":2112,"date":"2019-05-17T01:31:56","date_gmt":"2019-05-16T22:31:56","guid":{"rendered":"https:\/\/super-news.info\/hu\/sokba-kerulhet-trump-huawei-elleni-haboruja\/"},"modified":"2019-05-17T01:31:56","modified_gmt":"2019-05-16T22:31:56","slug":"sokba-kerulhet-trump-huawei-elleni-haboruja","status":"publish","type":"post","link":"https:\/\/super-news.info\/hu\/sokba-kerulhet-trump-huawei-elleni-haboruja\/","title":{"rendered":"Sokba ker\u00fclhet Trump Huawei elleni h\u00e1bor\u00faja"},"content":{"rendered":"<p> [ad_1]<br \/>\n<\/p>\n<p>\n\t\t\t\t\t\t\t\t\u00c9rz\u00e9kenyen \u00e9rintheti a k\u00ednai Huawei Technologies mobil t\u00e1vk\u00f6zl\u00e9si berendez\u00e9s gy\u00e1rt\u00f3t, de a glob\u00e1lis besz\u00e1ll\u00edt\u00f3i l\u00e1nc felbor\u00edt\u00e1s\u00e1val k\u00e9t\u00e9l\u0171 fegyvernek bizonyulhat az amerikai t\u00e1vk\u00f6zl\u00e9si h\u00e1l\u00f3zatok v\u00e9delm\u00e9re kiadott eln\u00f6ki rendelet.\t\t\t\t\t\t\t<\/p>\n<div>\n<p>Donald Trump amerikai eln\u00f6k szerd\u00e1n eln\u00f6ki rendeletet \u00edrt al\u00e1 az Egyes\u00fclt \u00c1llamok telekommunik\u00e1ci\u00f3s h\u00e1l\u00f3zatainak v\u00e9delm\u00e9r\u0151l.<\/p>\n<p>A rendelet sz\u00e9les k\u00f6r\u0171 felhatalmaz\u00e1st ad az amerikai korm\u00e1nyzatnak arra, hogy megtiltsa amerikai telekommunik\u00e1ci\u00f3s v\u00e1llalatoknak az \u00fczletk\u00f6t\u00e9st olyan k\u00fclf\u00f6ldi alkatr\u00e9szgy\u00e1rt\u00f3kkal, amelyek nemzetbiztons\u00e1gi kock\u00e1zatot jelenthetnek.<\/p>\n<p>Felhatalmazza egy\u00fattal a kereskedelmi minisztert, hogy \u00e1ll\u00edtson le minden olyan, kommunik\u00e1ci\u00f3s technol\u00f3gi\u00e1kat is mag\u00e1ban foglal\u00f3 beszerz\u00e9st, amely k\u00fclf\u00f6ldi korm\u00e1nyzatokkal kapcsolatban \u00e1ll\u00f3 c\u00e9gekhez k\u00f6thet\u0151.<\/p>\n<p>Az eln\u00f6ki rendelet konkr\u00e9t c\u00e9get vagy technol\u00f3gi\u00e1t nem tartalmaz, de Washingtonban m\u00e1r jelezt\u00e9k, hogy<\/p>\n<p>a Huawei mintegy hetven \u00e9rdekelts\u00e9g\u00e9vel egy\u00fctt felker\u00fclhet a\u201efeketelist\u00e1ra\u201d.<\/p>\n<p>A k\u00ednai ZTE v\u00e1llalattal szemben egy kor\u00e1bban hozott hasonl\u00f3 int\u00e9zked\u00e9s kis h\u00edj\u00e1n cs\u0151dbe sodorta a c\u00e9get.<\/p>\n<p>A k\u00ednai Huawei Technologies tavalyi 105 milli\u00e1rd doll\u00e1ros (721 milli\u00e1rd j\u00fcan) forgalm\u00e1val a vil\u00e1g legnagyobb mobil t\u00e1vk\u00f6zl\u00e9si berendez\u00e9s gy\u00e1rt\u00f3ja. \u00c9vente mintegy 70 milli\u00e1rd doll\u00e1rt ford\u00edt alapanyagok \u00e9s alkatr\u00e9szek beszerz\u00e9s\u00e9re vil\u00e1gszerte, ebb\u0151l 11 milli\u00e1rd doll\u00e1r \u00e9rt\u00e9kben v\u00e1s\u00e1rol amerikai c\u00e9gekt\u0151l alkatr\u00e9szeket \u2013 olyan nagy c\u00e9gekt\u0151l, mint a Qualcomm, az Intel Corp vagy a Micron Technology Inc -, amelyet a szankci\u00f3k eset\u00e9n elvesz\u00edten\u00e9nek.<\/p>\n<p>M\u00e1sr\u00e9szr\u0151l az amerikai v\u00e1llalatok maguk is \u2013 mint p\u00e9ld\u00e1ul az Apple \u2013 ellenl\u00e9p\u00e9sekkel kellene hogy sz\u00e1moljanak legnagyobb piacukon, K\u00edn\u00e1ban.<\/p>\n<p>A Huawei elleni amerikai int\u00e9zked\u00e9sek sz\u00e1mos \u00e1zsiai \u00e9s eur\u00f3pai besz\u00e1ll\u00edt\u00f3 c\u00e9get is h\u00e1tr\u00e1nyosan \u00e9rinten\u00e9nek, ha a k\u00ednai v\u00e1llalat termel\u00e9se visszafog\u00e1s\u00e1ra k\u00e9nyszer\u00fclne.<\/p>\n<p>Az amerikai bejelent\u00e9sre p\u00e9ld\u00e1ul a Huawei nagyobb besz\u00e1ll\u00edt\u00f3inak r\u00e9szv\u00e9ny\u00e1rfolyama nagyot esett szerte \u00c1zsi\u00e1ban. A Samsung \u00e1rfolyama k\u00e9t \u00e9s f\u00e9l, az SK Hynix \u00e1rfolyama h\u00e1rom \u00e9s f\u00e9l sz\u00e1zal\u00e9kkal, a k\u00ednai Luxshare Precision Industry \u00e1rfolyama hat sz\u00e1zal\u00e9kkal esett.<\/p>\n<div id=\"attachment_1389571\" style=\"width: 1410px\" class=\"wp-caption alignnone\"><img loading=\"lazy\" decoding=\"async\" class=\"size-full wp-image-1389571\" src=\"https:\/\/super-news.info\/hu\/wp-content\/uploads\/sites\/3\/2019\/05\/Sokba-kerulhet-Trump-Huawei-elleni-haboruja.jpg\" alt=\"\" width=\"1400\" height=\"922\"  \/><\/p>\n<p class=\"wp-caption-text\">Fot\u00f3: MTI\/AP\/Andy Wong<\/p>\n<\/div>\n<p>A besz\u00e1ll\u00edt\u00f3k mellett szorult helyzetbe ker\u00fclhetnek az 5G mobil h\u00e1l\u00f3zati projektek kivitelez\u00e9si hajr\u00e1j\u00e1ban a Huawei berendez\u00e9seire \u00e9p\u00edt\u0151 mobil szolg\u00e1ltat\u00f3k is.<\/p>\n<p>A sz\u00f6uli NH Investment &amp; Securities szak\u00e9rt\u0151je Doh Hyun-woo a Reuters h\u00edr\u00fcgyn\u00f6ks\u00e9gnek elmondta: az Egyes\u00fclt \u00c1llamok sz\u00f6vets\u00e9gesei Washington haragj\u00e1t\u00f3l tartva k\u00e9nytelenek lesznek el\u00e1llni a Huawei berendez\u00e9seinek a beszerz\u00e9s\u00e9t\u0151l.<\/p>\n<blockquote>\n<p>Ha a Huawei az amerikai alkatr\u00e9szek hi\u00e1ny\u00e1ban nem fog tudni p\u00e9ld\u00e1ul h\u00e1l\u00f3zati szervereket gy\u00e1rtani, akkor a m\u00e1sokt\u00f3l beszerzett alkatr\u00e9szekre sem lesz sz\u00fcks\u00e9ge<\/p>\n<\/blockquote>\n<p>\u2013 mutatott r\u00e1 a Reuters h\u00edr\u00fcgyn\u00f6ks\u00e9gnek a Huawei sz\u00e1m\u00e1ra integr\u00e1lt \u00e1ramk\u00f6r\u00f6ket sz\u00e1ll\u00edt\u00f3 egyik v\u00e1llalat szakembere.<\/p>\n<blockquote>\n<p>Az okostelefonokkal nem \u00edgy van, mert azokhoz t\u00falnyom\u00f3r\u00e9szt saj\u00e1t maguk gy\u00e1rtj\u00e1k az \u00e1ramk\u00f6r\u00f6ket, de a h\u00e1l\u00f3zati szerverekkel \u00e9s berendez\u00e9sekkel m\u00e1s a helyzet<\/p>\n<\/blockquote>\n<p>\u2013 mondta.<\/p>\n<\/p><\/div>\n<p><script>\n    window.fbAsyncInit = function() {\n        FB.init({\n            appId      : \"204760236815359\",\n            xfbml      : true,\n            version    : \"v2.12\"\n        });\n        FB.AppEvents.logPageView();\n    };<\/p>\n<p>    (function(d, s, id){\n        var js, fjs = d.getElementsByTagName(s)[0];\n        if (d.getElementById(id)) {return;}\n        js = d.createElement(s); js.id = id;\n        js.src = \"http:\/\/connect.facebook.net\/hu_HU\/sdk.js\";\n        fjs.parentNode.insertBefore(js, fjs);\n    }(document, \"script\", \"facebook-jssdk\"));\n<\/script><br \/>\n<br \/>[ad_2]<br \/>\n<br \/><a href=\"https:\/\/www.vg.hu\/vallalatok\/vallalati-hirek\/sokba-kerulhet-trump-huawei-elleni-haboruja-1515980\/\">Source link <\/a><\/p>\n","protected":false},"excerpt":{"rendered":"<p>[ad_1] \u00c9rz\u00e9kenyen \u00e9rintheti a k\u00ednai Huawei Technologies mobil t\u00e1vk\u00f6zl\u00e9si berendez\u00e9s gy\u00e1rt\u00f3t, de a glob\u00e1lis besz\u00e1ll\u00edt\u00f3i l\u00e1nc felbor\u00edt\u00e1s\u00e1val k\u00e9t\u00e9l\u0171 fegyvernek bizonyulhat az amerikai t\u00e1vk\u00f6zl\u00e9si h\u00e1l\u00f3zatok v\u00e9delm\u00e9re kiadott eln\u00f6ki rendelet. Donald Trump amerikai eln\u00f6k szerd\u00e1n eln\u00f6ki rendeletet \u00edrt al\u00e1 az Egyes\u00fclt \u00c1llamok telekommunik\u00e1ci\u00f3s h\u00e1l\u00f3zatainak v\u00e9delm\u00e9r\u0151l. A rendelet sz\u00e9les k\u00f6r\u0171 felhatalmaz\u00e1st ad az amerikai korm\u00e1nyzatnak arra, hogy megtiltsa [&hellip;]<\/p>\n","protected":false},"author":2,"featured_media":0,"comment_status":"open","ping_status":"open","sticky":false,"template":"","format":"standard","meta":{"footnotes":""},"categories":[1],"tags":[],"class_list":["post-2112","post","type-post","status-publish","format-standard","hentry","category-penzugyi-hirek"],"yoast_head":"<!-- This site is optimized with the Yoast SEO plugin v27.4 - https:\/\/yoast.com\/product\/yoast-seo-wordpress\/ -->\n<title>Sokba ker\u00fclhet Trump Huawei elleni h\u00e1bor\u00faja - Super News<\/title>\n<meta name=\"robots\" content=\"index, follow, max-snippet:-1, max-image-preview:large, max-video-preview:-1\" \/>\n<link rel=\"canonical\" href=\"https:\/\/super-news.info\/hu\/sokba-kerulhet-trump-huawei-elleni-haboruja\/\" \/>\n<meta property=\"og:locale\" content=\"hu_HU\" \/>\n<meta property=\"og:type\" content=\"article\" \/>\n<meta property=\"og:title\" content=\"Sokba ker\u00fclhet Trump Huawei elleni h\u00e1bor\u00faja - Super News\" \/>\n<meta property=\"og:description\" content=\"[ad_1] \u00c9rz\u00e9kenyen \u00e9rintheti a k\u00ednai Huawei Technologies mobil t\u00e1vk\u00f6zl\u00e9si berendez\u00e9s gy\u00e1rt\u00f3t, de a glob\u00e1lis besz\u00e1ll\u00edt\u00f3i l\u00e1nc felbor\u00edt\u00e1s\u00e1val k\u00e9t\u00e9l\u0171 fegyvernek bizonyulhat az amerikai t\u00e1vk\u00f6zl\u00e9si h\u00e1l\u00f3zatok v\u00e9delm\u00e9re kiadott eln\u00f6ki rendelet. Donald Trump amerikai eln\u00f6k szerd\u00e1n eln\u00f6ki rendeletet \u00edrt al\u00e1 az Egyes\u00fclt \u00c1llamok telekommunik\u00e1ci\u00f3s h\u00e1l\u00f3zatainak v\u00e9delm\u00e9r\u0151l. A rendelet sz\u00e9les k\u00f6r\u0171 felhatalmaz\u00e1st ad az amerikai korm\u00e1nyzatnak arra, hogy megtiltsa [&hellip;]\" \/>\n<meta property=\"og:url\" content=\"https:\/\/super-news.info\/hu\/sokba-kerulhet-trump-huawei-elleni-haboruja\/\" \/>\n<meta property=\"og:site_name\" content=\"Super News\" \/>\n<meta property=\"article:published_time\" content=\"2019-05-16T22:31:56+00:00\" \/>\n<meta property=\"og:image\" content=\"http:\/\/super-news.info\/hu\/wp-content\/uploads\/sites\/3\/2019\/05\/Sokba-kerulhet-Trump-Huawei-elleni-haboruja.jpg\" \/>\n<meta name=\"author\" content=\"super-news\" \/>\n<meta name=\"twitter:card\" content=\"summary_large_image\" \/>\n<meta name=\"twitter:label1\" content=\"Szerz\u0151:\" \/>\n\t<meta name=\"twitter:data1\" content=\"super-news\" \/>\n\t<meta name=\"twitter:label2\" content=\"Becs\u00fclt olvas\u00e1si id\u0151\" \/>\n\t<meta name=\"twitter:data2\" content=\"3 perc\" \/>\n<script type=\"application\/ld+json\" class=\"yoast-schema-graph\">{\"@context\":\"https:\\\/\\\/schema.org\",\"@graph\":[{\"@type\":\"Article\",\"@id\":\"https:\\\/\\\/super-news.info\\\/hu\\\/sokba-kerulhet-trump-huawei-elleni-haboruja\\\/#article\",\"isPartOf\":{\"@id\":\"https:\\\/\\\/super-news.info\\\/hu\\\/sokba-kerulhet-trump-huawei-elleni-haboruja\\\/\"},\"author\":{\"name\":\"super-news\",\"@id\":\"https:\\\/\\\/super-news.info\\\/hu\\\/#\\\/schema\\\/person\\\/2d4068cb2f39cd10008c2fce578a7356\"},\"headline\":\"Sokba ker\u00fclhet Trump Huawei elleni h\u00e1bor\u00faja\",\"datePublished\":\"2019-05-16T22:31:56+00:00\",\"mainEntityOfPage\":{\"@id\":\"https:\\\/\\\/super-news.info\\\/hu\\\/sokba-kerulhet-trump-huawei-elleni-haboruja\\\/\"},\"wordCount\":619,\"commentCount\":0,\"image\":{\"@id\":\"https:\\\/\\\/super-news.info\\\/hu\\\/sokba-kerulhet-trump-huawei-elleni-haboruja\\\/#primaryimage\"},\"thumbnailUrl\":\"http:\\\/\\\/super-news.info\\\/hu\\\/wp-content\\\/uploads\\\/sites\\\/3\\\/2019\\\/05\\\/Sokba-kerulhet-Trump-Huawei-elleni-haboruja.jpg\",\"articleSection\":[\"P\u00c9NZ\u00dcGYI H\u00cdREK\"],\"inLanguage\":\"hu\",\"potentialAction\":[{\"@type\":\"CommentAction\",\"name\":\"Comment\",\"target\":[\"https:\\\/\\\/super-news.info\\\/hu\\\/sokba-kerulhet-trump-huawei-elleni-haboruja\\\/#respond\"]}]},{\"@type\":\"WebPage\",\"@id\":\"https:\\\/\\\/super-news.info\\\/hu\\\/sokba-kerulhet-trump-huawei-elleni-haboruja\\\/\",\"url\":\"https:\\\/\\\/super-news.info\\\/hu\\\/sokba-kerulhet-trump-huawei-elleni-haboruja\\\/\",\"name\":\"Sokba ker\u00fclhet Trump Huawei elleni h\u00e1bor\u00faja - Super News\",\"isPartOf\":{\"@id\":\"https:\\\/\\\/super-news.info\\\/hu\\\/#website\"},\"primaryImageOfPage\":{\"@id\":\"https:\\\/\\\/super-news.info\\\/hu\\\/sokba-kerulhet-trump-huawei-elleni-haboruja\\\/#primaryimage\"},\"image\":{\"@id\":\"https:\\\/\\\/super-news.info\\\/hu\\\/sokba-kerulhet-trump-huawei-elleni-haboruja\\\/#primaryimage\"},\"thumbnailUrl\":\"http:\\\/\\\/super-news.info\\\/hu\\\/wp-content\\\/uploads\\\/sites\\\/3\\\/2019\\\/05\\\/Sokba-kerulhet-Trump-Huawei-elleni-haboruja.jpg\",\"datePublished\":\"2019-05-16T22:31:56+00:00\",\"author\":{\"@id\":\"https:\\\/\\\/super-news.info\\\/hu\\\/#\\\/schema\\\/person\\\/2d4068cb2f39cd10008c2fce578a7356\"},\"breadcrumb\":{\"@id\":\"https:\\\/\\\/super-news.info\\\/hu\\\/sokba-kerulhet-trump-huawei-elleni-haboruja\\\/#breadcrumb\"},\"inLanguage\":\"hu\",\"potentialAction\":[{\"@type\":\"ReadAction\",\"target\":[\"https:\\\/\\\/super-news.info\\\/hu\\\/sokba-kerulhet-trump-huawei-elleni-haboruja\\\/\"]}]},{\"@type\":\"ImageObject\",\"inLanguage\":\"hu\",\"@id\":\"https:\\\/\\\/super-news.info\\\/hu\\\/sokba-kerulhet-trump-huawei-elleni-haboruja\\\/#primaryimage\",\"url\":\"\",\"contentUrl\":\"\"},{\"@type\":\"BreadcrumbList\",\"@id\":\"https:\\\/\\\/super-news.info\\\/hu\\\/sokba-kerulhet-trump-huawei-elleni-haboruja\\\/#breadcrumb\",\"itemListElement\":[{\"@type\":\"ListItem\",\"position\":1,\"name\":\"\u0413\u043b\u0430\u0432\u043d\u0430\u044f \u0441\u0442\u0440\u0430\u043d\u0438\u0446\u0430\",\"item\":\"https:\\\/\\\/super-news.info\\\/hu\\\/\"},{\"@type\":\"ListItem\",\"position\":2,\"name\":\"Sokba ker\u00fclhet Trump Huawei elleni h\u00e1bor\u00faja\"}]},{\"@type\":\"WebSite\",\"@id\":\"https:\\\/\\\/super-news.info\\\/hu\\\/#website\",\"url\":\"https:\\\/\\\/super-news.info\\\/hu\\\/\",\"name\":\"Super News\",\"description\":\"Super News Magyarorsz\u00e1g\",\"potentialAction\":[{\"@type\":\"SearchAction\",\"target\":{\"@type\":\"EntryPoint\",\"urlTemplate\":\"https:\\\/\\\/super-news.info\\\/hu\\\/?s={search_term_string}\"},\"query-input\":{\"@type\":\"PropertyValueSpecification\",\"valueRequired\":true,\"valueName\":\"search_term_string\"}}],\"inLanguage\":\"hu\"},{\"@type\":\"Person\",\"@id\":\"https:\\\/\\\/super-news.info\\\/hu\\\/#\\\/schema\\\/person\\\/2d4068cb2f39cd10008c2fce578a7356\",\"name\":\"super-news\",\"image\":{\"@type\":\"ImageObject\",\"inLanguage\":\"hu\",\"@id\":\"https:\\\/\\\/secure.gravatar.com\\\/avatar\\\/64ebac40b93f26a154f8a9b5b6fdccfc46f442b26b3dd6756dbff3bf9dc76fd7?s=96&d=mm&r=g\",\"url\":\"https:\\\/\\\/secure.gravatar.com\\\/avatar\\\/64ebac40b93f26a154f8a9b5b6fdccfc46f442b26b3dd6756dbff3bf9dc76fd7?s=96&d=mm&r=g\",\"contentUrl\":\"https:\\\/\\\/secure.gravatar.com\\\/avatar\\\/64ebac40b93f26a154f8a9b5b6fdccfc46f442b26b3dd6756dbff3bf9dc76fd7?s=96&d=mm&r=g\",\"caption\":\"super-news\"},\"url\":\"https:\\\/\\\/super-news.info\\\/hu\\\/author\\\/pt\\\/\"}]}<\/script>\n<!-- \/ Yoast SEO plugin. -->","yoast_head_json":{"title":"Sokba ker\u00fclhet Trump Huawei elleni h\u00e1bor\u00faja - Super News","robots":{"index":"index","follow":"follow","max-snippet":"max-snippet:-1","max-image-preview":"max-image-preview:large","max-video-preview":"max-video-preview:-1"},"canonical":"https:\/\/super-news.info\/hu\/sokba-kerulhet-trump-huawei-elleni-haboruja\/","og_locale":"hu_HU","og_type":"article","og_title":"Sokba ker\u00fclhet Trump Huawei elleni h\u00e1bor\u00faja - Super News","og_description":"[ad_1] \u00c9rz\u00e9kenyen \u00e9rintheti a k\u00ednai Huawei Technologies mobil t\u00e1vk\u00f6zl\u00e9si berendez\u00e9s gy\u00e1rt\u00f3t, de a glob\u00e1lis besz\u00e1ll\u00edt\u00f3i l\u00e1nc felbor\u00edt\u00e1s\u00e1val k\u00e9t\u00e9l\u0171 fegyvernek bizonyulhat az amerikai t\u00e1vk\u00f6zl\u00e9si h\u00e1l\u00f3zatok v\u00e9delm\u00e9re kiadott eln\u00f6ki rendelet. Donald Trump amerikai eln\u00f6k szerd\u00e1n eln\u00f6ki rendeletet \u00edrt al\u00e1 az Egyes\u00fclt \u00c1llamok telekommunik\u00e1ci\u00f3s h\u00e1l\u00f3zatainak v\u00e9delm\u00e9r\u0151l. A rendelet sz\u00e9les k\u00f6r\u0171 felhatalmaz\u00e1st ad az amerikai korm\u00e1nyzatnak arra, hogy megtiltsa [&hellip;]","og_url":"https:\/\/super-news.info\/hu\/sokba-kerulhet-trump-huawei-elleni-haboruja\/","og_site_name":"Super News","article_published_time":"2019-05-16T22:31:56+00:00","og_image":[{"url":"http:\/\/super-news.info\/hu\/wp-content\/uploads\/sites\/3\/2019\/05\/Sokba-kerulhet-Trump-Huawei-elleni-haboruja.jpg","type":"","width":"","height":""}],"author":"super-news","twitter_card":"summary_large_image","twitter_misc":{"Szerz\u0151:":"super-news","Becs\u00fclt olvas\u00e1si id\u0151":"3 perc"},"schema":{"@context":"https:\/\/schema.org","@graph":[{"@type":"Article","@id":"https:\/\/super-news.info\/hu\/sokba-kerulhet-trump-huawei-elleni-haboruja\/#article","isPartOf":{"@id":"https:\/\/super-news.info\/hu\/sokba-kerulhet-trump-huawei-elleni-haboruja\/"},"author":{"name":"super-news","@id":"https:\/\/super-news.info\/hu\/#\/schema\/person\/2d4068cb2f39cd10008c2fce578a7356"},"headline":"Sokba ker\u00fclhet Trump Huawei elleni h\u00e1bor\u00faja","datePublished":"2019-05-16T22:31:56+00:00","mainEntityOfPage":{"@id":"https:\/\/super-news.info\/hu\/sokba-kerulhet-trump-huawei-elleni-haboruja\/"},"wordCount":619,"commentCount":0,"image":{"@id":"https:\/\/super-news.info\/hu\/sokba-kerulhet-trump-huawei-elleni-haboruja\/#primaryimage"},"thumbnailUrl":"http:\/\/super-news.info\/hu\/wp-content\/uploads\/sites\/3\/2019\/05\/Sokba-kerulhet-Trump-Huawei-elleni-haboruja.jpg","articleSection":["P\u00c9NZ\u00dcGYI H\u00cdREK"],"inLanguage":"hu","potentialAction":[{"@type":"CommentAction","name":"Comment","target":["https:\/\/super-news.info\/hu\/sokba-kerulhet-trump-huawei-elleni-haboruja\/#respond"]}]},{"@type":"WebPage","@id":"https:\/\/super-news.info\/hu\/sokba-kerulhet-trump-huawei-elleni-haboruja\/","url":"https:\/\/super-news.info\/hu\/sokba-kerulhet-trump-huawei-elleni-haboruja\/","name":"Sokba ker\u00fclhet Trump Huawei elleni h\u00e1bor\u00faja - Super News","isPartOf":{"@id":"https:\/\/super-news.info\/hu\/#website"},"primaryImageOfPage":{"@id":"https:\/\/super-news.info\/hu\/sokba-kerulhet-trump-huawei-elleni-haboruja\/#primaryimage"},"image":{"@id":"https:\/\/super-news.info\/hu\/sokba-kerulhet-trump-huawei-elleni-haboruja\/#primaryimage"},"thumbnailUrl":"http:\/\/super-news.info\/hu\/wp-content\/uploads\/sites\/3\/2019\/05\/Sokba-kerulhet-Trump-Huawei-elleni-haboruja.jpg","datePublished":"2019-05-16T22:31:56+00:00","author":{"@id":"https:\/\/super-news.info\/hu\/#\/schema\/person\/2d4068cb2f39cd10008c2fce578a7356"},"breadcrumb":{"@id":"https:\/\/super-news.info\/hu\/sokba-kerulhet-trump-huawei-elleni-haboruja\/#breadcrumb"},"inLanguage":"hu","potentialAction":[{"@type":"ReadAction","target":["https:\/\/super-news.info\/hu\/sokba-kerulhet-trump-huawei-elleni-haboruja\/"]}]},{"@type":"ImageObject","inLanguage":"hu","@id":"https:\/\/super-news.info\/hu\/sokba-kerulhet-trump-huawei-elleni-haboruja\/#primaryimage","url":"","contentUrl":""},{"@type":"BreadcrumbList","@id":"https:\/\/super-news.info\/hu\/sokba-kerulhet-trump-huawei-elleni-haboruja\/#breadcrumb","itemListElement":[{"@type":"ListItem","position":1,"name":"\u0413\u043b\u0430\u0432\u043d\u0430\u044f \u0441\u0442\u0440\u0430\u043d\u0438\u0446\u0430","item":"https:\/\/super-news.info\/hu\/"},{"@type":"ListItem","position":2,"name":"Sokba ker\u00fclhet Trump Huawei elleni h\u00e1bor\u00faja"}]},{"@type":"WebSite","@id":"https:\/\/super-news.info\/hu\/#website","url":"https:\/\/super-news.info\/hu\/","name":"Super News","description":"Super News Magyarorsz\u00e1g","potentialAction":[{"@type":"SearchAction","target":{"@type":"EntryPoint","urlTemplate":"https:\/\/super-news.info\/hu\/?s={search_term_string}"},"query-input":{"@type":"PropertyValueSpecification","valueRequired":true,"valueName":"search_term_string"}}],"inLanguage":"hu"},{"@type":"Person","@id":"https:\/\/super-news.info\/hu\/#\/schema\/person\/2d4068cb2f39cd10008c2fce578a7356","name":"super-news","image":{"@type":"ImageObject","inLanguage":"hu","@id":"https:\/\/secure.gravatar.com\/avatar\/64ebac40b93f26a154f8a9b5b6fdccfc46f442b26b3dd6756dbff3bf9dc76fd7?s=96&d=mm&r=g","url":"https:\/\/secure.gravatar.com\/avatar\/64ebac40b93f26a154f8a9b5b6fdccfc46f442b26b3dd6756dbff3bf9dc76fd7?s=96&d=mm&r=g","contentUrl":"https:\/\/secure.gravatar.com\/avatar\/64ebac40b93f26a154f8a9b5b6fdccfc46f442b26b3dd6756dbff3bf9dc76fd7?s=96&d=mm&r=g","caption":"super-news"},"url":"https:\/\/super-news.info\/hu\/author\/pt\/"}]}},"_links":{"self":[{"href":"https:\/\/super-news.info\/hu\/wp-json\/wp\/v2\/posts\/2112","targetHints":{"allow":["GET"]}}],"collection":[{"href":"https:\/\/super-news.info\/hu\/wp-json\/wp\/v2\/posts"}],"about":[{"href":"https:\/\/super-news.info\/hu\/wp-json\/wp\/v2\/types\/post"}],"author":[{"embeddable":true,"href":"https:\/\/super-news.info\/hu\/wp-json\/wp\/v2\/users\/2"}],"replies":[{"embeddable":true,"href":"https:\/\/super-news.info\/hu\/wp-json\/wp\/v2\/comments?post=2112"}],"version-history":[{"count":0,"href":"https:\/\/super-news.info\/hu\/wp-json\/wp\/v2\/posts\/2112\/revisions"}],"wp:attachment":[{"href":"https:\/\/super-news.info\/hu\/wp-json\/wp\/v2\/media?parent=2112"}],"wp:term":[{"taxonomy":"category","embeddable":true,"href":"https:\/\/super-news.info\/hu\/wp-json\/wp\/v2\/categories?post=2112"},{"taxonomy":"post_tag","embeddable":true,"href":"https:\/\/super-news.info\/hu\/wp-json\/wp\/v2\/tags?post=2112"}],"curies":[{"name":"wp","href":"https:\/\/api.w.org\/{rel}","templated":true}]}}