{"id":2107,"date":"2019-05-16T21:52:05","date_gmt":"2019-05-16T18:52:05","guid":{"rendered":"https:\/\/super-news.info\/hu\/uj-zeland-is-besokallt-a-turistaktol\/"},"modified":"2019-05-16T21:52:05","modified_gmt":"2019-05-16T18:52:05","slug":"uj-zeland-is-besokallt-a-turistaktol","status":"publish","type":"post","link":"https:\/\/super-news.info\/hu\/uj-zeland-is-besokallt-a-turistaktol\/","title":{"rendered":"\u00daj-Z\u00e9land is besokallt a turist\u00e1kt\u00f3l"},"content":{"rendered":"<p> [ad_1]<br \/>\n<\/p>\n<p>\n\t\t\t\t\t\t\t\tBel\u00e9p\u0151d\u00edjat szed a j\u00f6v\u0151ben \u00daj-Z\u00e9land a turist\u00e1kt\u00f3l: okt\u00f3bert\u0151l 35 \u00faj-z\u00e9landi doll\u00e1rt (6660 forintot) kell fizetnie az orsz\u00e1gba \u00e9rkez\u0151knek \u2013 k\u00f6z\u00f6lte cs\u00fct\u00f6rt\u00f6k\u00f6n a k\u00f6rnyezetv\u00e9delem\u00e9rt \u00e9s turizmus\u00e9rt felel\u0151s miniszt\u00e9rium.\t\t\t\t\t\t\t<\/p>\n<div>\n<p>Ez\u00e1ltal \u00e9vente mintegy 80 milli\u00f3 \u00faj-z\u00e9landi doll\u00e1rral (15,2 milli\u00e1rd forint) gyarapodhat az \u00e1llamkassza. A bev\u00e9telt a term\u00e9szet \u00e9s a nemzeti \u00f6r\u00f6ks\u00e9g v\u00e9delm\u00e9re ford\u00edtj\u00e1k.<\/p>\n<blockquote>\n<p>\u00daj-Z\u00e9land term\u00e9szeti \u00e9s kultur\u00e1lis \u00f6r\u00f6ks\u00e9ge idegenforgalmunk \u00e9s nemzeti identit\u00e1sunk k\u00f6z\u00e9ppontj\u00e1ban \u00e1ll. Olyan fenntarthat\u00f3 turizmust kell megteremten\u00fcnk, amely v\u00e9di \u00e9s becsben tartja \u00f6r\u00f6ks\u00e9g\u00fcnket a j\u00f6v\u0151 nemzed\u00e9kei sz\u00e1m\u00e1ra<\/p>\n<\/blockquote>\n<p>\u2013 k\u00f6z\u00f6lte a t\u00e1rca illet\u00e9kese.<\/p>\n<div id=\"attachment_1515878\" style=\"width: 1410px\" class=\"wp-caption aligncenter\"><img loading=\"lazy\" decoding=\"async\" class=\"size-full wp-image-1515878\" src=\"https:\/\/super-news.info\/hu\/wp-content\/uploads\/sites\/3\/2019\/05\/Uj-Zeland-is-besokallt-a-turistaktol.jpg\" alt=\"\" width=\"1400\" height=\"933\"  \/><\/p>\n<p class=\"wp-caption-text\">Fot\u00f3: AFP<\/p>\n<\/div>\n<p>A csendes-\u00f3ce\u00e1ni sziget\u00e1llamban mind\u00f6ssze 4,9 milli\u00f3an \u00e9lnek, ugyanakkor az elm\u00falt \u00e9vben 3,8 milli\u00f3 k\u00fclf\u00f6ldi turista \u00e9rkezett az orsz\u00e1gba. Becsl\u00e9sek szerint legk\u00e9s\u0151bb 2025-re a l\u00e1togat\u00f3k \u00e9ves sz\u00e1ma el\u00e9ri az \u00f6tmilli\u00f3t.<\/p>\n<p>Az ut\u00f3bbi id\u0151ben egyre t\u00f6bb panasz \u00e9rkezett arra, hogy az orsz\u00e1g infrastrukt\u00far\u00e1ja nincs berendezkedve ilyen sok l\u00e1togat\u00f3ra.<\/p>\n<\/p><\/div>\n<p><script>\n    window.fbAsyncInit = function() {\n        FB.init({\n            appId      : \"204760236815359\",\n            xfbml      : true,\n            version    : \"v2.12\"\n        });\n        FB.AppEvents.logPageView();\n    };<\/p>\n<p>    (function(d, s, id){\n        var js, fjs = d.getElementsByTagName(s)[0];\n        if (d.getElementById(id)) {return;}\n        js = d.createElement(s); js.id = id;\n        js.src = \"http:\/\/connect.facebook.net\/hu_HU\/sdk.js\";\n        fjs.parentNode.insertBefore(js, fjs);\n    }(document, \"script\", \"facebook-jssdk\"));\n<\/script><br \/>\n<br \/>[ad_2]<br \/>\n<br \/><a href=\"https:\/\/www.vg.hu\/vallalatok\/turizmus\/uj-zelandot-is-besokallt-a-turistaktol-1515755\/\">Source link <\/a><\/p>\n","protected":false},"excerpt":{"rendered":"<p>[ad_1] Bel\u00e9p\u0151d\u00edjat szed a j\u00f6v\u0151ben \u00daj-Z\u00e9land a turist\u00e1kt\u00f3l: okt\u00f3bert\u0151l 35 \u00faj-z\u00e9landi doll\u00e1rt (6660 forintot) kell fizetnie az orsz\u00e1gba \u00e9rkez\u0151knek \u2013 k\u00f6z\u00f6lte cs\u00fct\u00f6rt\u00f6k\u00f6n a k\u00f6rnyezetv\u00e9delem\u00e9rt \u00e9s turizmus\u00e9rt felel\u0151s miniszt\u00e9rium. Ez\u00e1ltal \u00e9vente mintegy 80 milli\u00f3 \u00faj-z\u00e9landi doll\u00e1rral (15,2 milli\u00e1rd forint) gyarapodhat az \u00e1llamkassza. A bev\u00e9telt a term\u00e9szet \u00e9s a nemzeti \u00f6r\u00f6ks\u00e9g v\u00e9delm\u00e9re ford\u00edtj\u00e1k. \u00daj-Z\u00e9land term\u00e9szeti \u00e9s kultur\u00e1lis [&hellip;]<\/p>\n","protected":false},"author":2,"featured_media":0,"comment_status":"open","ping_status":"open","sticky":false,"template":"","format":"standard","meta":{"footnotes":""},"categories":[1],"tags":[],"class_list":["post-2107","post","type-post","status-publish","format-standard","hentry","category-penzugyi-hirek"],"yoast_head":"<!-- This site is optimized with the Yoast SEO plugin v27.4 - https:\/\/yoast.com\/product\/yoast-seo-wordpress\/ -->\n<title>\u00daj-Z\u00e9land is besokallt a turist\u00e1kt\u00f3l - Super News<\/title>\n<meta name=\"robots\" content=\"index, follow, max-snippet:-1, max-image-preview:large, max-video-preview:-1\" \/>\n<link rel=\"canonical\" href=\"https:\/\/super-news.info\/hu\/uj-zeland-is-besokallt-a-turistaktol\/\" \/>\n<meta property=\"og:locale\" content=\"hu_HU\" \/>\n<meta property=\"og:type\" content=\"article\" \/>\n<meta property=\"og:title\" content=\"\u00daj-Z\u00e9land is besokallt a turist\u00e1kt\u00f3l - Super News\" \/>\n<meta property=\"og:description\" content=\"[ad_1] Bel\u00e9p\u0151d\u00edjat szed a j\u00f6v\u0151ben \u00daj-Z\u00e9land a turist\u00e1kt\u00f3l: okt\u00f3bert\u0151l 35 \u00faj-z\u00e9landi doll\u00e1rt (6660 forintot) kell fizetnie az orsz\u00e1gba \u00e9rkez\u0151knek \u2013 k\u00f6z\u00f6lte cs\u00fct\u00f6rt\u00f6k\u00f6n a k\u00f6rnyezetv\u00e9delem\u00e9rt \u00e9s turizmus\u00e9rt felel\u0151s miniszt\u00e9rium. Ez\u00e1ltal \u00e9vente mintegy 80 milli\u00f3 \u00faj-z\u00e9landi doll\u00e1rral (15,2 milli\u00e1rd forint) gyarapodhat az \u00e1llamkassza. A bev\u00e9telt a term\u00e9szet \u00e9s a nemzeti \u00f6r\u00f6ks\u00e9g v\u00e9delm\u00e9re ford\u00edtj\u00e1k. \u00daj-Z\u00e9land term\u00e9szeti \u00e9s kultur\u00e1lis [&hellip;]\" \/>\n<meta property=\"og:url\" content=\"https:\/\/super-news.info\/hu\/uj-zeland-is-besokallt-a-turistaktol\/\" \/>\n<meta property=\"og:site_name\" content=\"Super News\" \/>\n<meta property=\"article:published_time\" content=\"2019-05-16T18:52:05+00:00\" \/>\n<meta property=\"og:image\" content=\"http:\/\/super-news.info\/hu\/wp-content\/uploads\/sites\/3\/2019\/05\/Uj-Zeland-is-besokallt-a-turistaktol.jpg\" \/>\n<meta name=\"author\" content=\"super-news\" \/>\n<meta name=\"twitter:card\" content=\"summary_large_image\" \/>\n<meta name=\"twitter:label1\" content=\"Szerz\u0151:\" \/>\n\t<meta name=\"twitter:data1\" content=\"super-news\" \/>\n\t<meta name=\"twitter:label2\" content=\"Becs\u00fclt olvas\u00e1si id\u0151\" \/>\n\t<meta name=\"twitter:data2\" content=\"1 perc\" \/>\n<script type=\"application\/ld+json\" class=\"yoast-schema-graph\">{\"@context\":\"https:\\\/\\\/schema.org\",\"@graph\":[{\"@type\":\"Article\",\"@id\":\"https:\\\/\\\/super-news.info\\\/hu\\\/uj-zeland-is-besokallt-a-turistaktol\\\/#article\",\"isPartOf\":{\"@id\":\"https:\\\/\\\/super-news.info\\\/hu\\\/uj-zeland-is-besokallt-a-turistaktol\\\/\"},\"author\":{\"name\":\"super-news\",\"@id\":\"https:\\\/\\\/super-news.info\\\/hu\\\/#\\\/schema\\\/person\\\/2d4068cb2f39cd10008c2fce578a7356\"},\"headline\":\"\u00daj-Z\u00e9land is besokallt a turist\u00e1kt\u00f3l\",\"datePublished\":\"2019-05-16T18:52:05+00:00\",\"mainEntityOfPage\":{\"@id\":\"https:\\\/\\\/super-news.info\\\/hu\\\/uj-zeland-is-besokallt-a-turistaktol\\\/\"},\"wordCount\":218,\"commentCount\":0,\"image\":{\"@id\":\"https:\\\/\\\/super-news.info\\\/hu\\\/uj-zeland-is-besokallt-a-turistaktol\\\/#primaryimage\"},\"thumbnailUrl\":\"http:\\\/\\\/super-news.info\\\/hu\\\/wp-content\\\/uploads\\\/sites\\\/3\\\/2019\\\/05\\\/Uj-Zeland-is-besokallt-a-turistaktol.jpg\",\"articleSection\":[\"P\u00c9NZ\u00dcGYI H\u00cdREK\"],\"inLanguage\":\"hu\",\"potentialAction\":[{\"@type\":\"CommentAction\",\"name\":\"Comment\",\"target\":[\"https:\\\/\\\/super-news.info\\\/hu\\\/uj-zeland-is-besokallt-a-turistaktol\\\/#respond\"]}]},{\"@type\":\"WebPage\",\"@id\":\"https:\\\/\\\/super-news.info\\\/hu\\\/uj-zeland-is-besokallt-a-turistaktol\\\/\",\"url\":\"https:\\\/\\\/super-news.info\\\/hu\\\/uj-zeland-is-besokallt-a-turistaktol\\\/\",\"name\":\"\u00daj-Z\u00e9land is besokallt a turist\u00e1kt\u00f3l - Super News\",\"isPartOf\":{\"@id\":\"https:\\\/\\\/super-news.info\\\/hu\\\/#website\"},\"primaryImageOfPage\":{\"@id\":\"https:\\\/\\\/super-news.info\\\/hu\\\/uj-zeland-is-besokallt-a-turistaktol\\\/#primaryimage\"},\"image\":{\"@id\":\"https:\\\/\\\/super-news.info\\\/hu\\\/uj-zeland-is-besokallt-a-turistaktol\\\/#primaryimage\"},\"thumbnailUrl\":\"http:\\\/\\\/super-news.info\\\/hu\\\/wp-content\\\/uploads\\\/sites\\\/3\\\/2019\\\/05\\\/Uj-Zeland-is-besokallt-a-turistaktol.jpg\",\"datePublished\":\"2019-05-16T18:52:05+00:00\",\"author\":{\"@id\":\"https:\\\/\\\/super-news.info\\\/hu\\\/#\\\/schema\\\/person\\\/2d4068cb2f39cd10008c2fce578a7356\"},\"breadcrumb\":{\"@id\":\"https:\\\/\\\/super-news.info\\\/hu\\\/uj-zeland-is-besokallt-a-turistaktol\\\/#breadcrumb\"},\"inLanguage\":\"hu\",\"potentialAction\":[{\"@type\":\"ReadAction\",\"target\":[\"https:\\\/\\\/super-news.info\\\/hu\\\/uj-zeland-is-besokallt-a-turistaktol\\\/\"]}]},{\"@type\":\"ImageObject\",\"inLanguage\":\"hu\",\"@id\":\"https:\\\/\\\/super-news.info\\\/hu\\\/uj-zeland-is-besokallt-a-turistaktol\\\/#primaryimage\",\"url\":\"\",\"contentUrl\":\"\"},{\"@type\":\"BreadcrumbList\",\"@id\":\"https:\\\/\\\/super-news.info\\\/hu\\\/uj-zeland-is-besokallt-a-turistaktol\\\/#breadcrumb\",\"itemListElement\":[{\"@type\":\"ListItem\",\"position\":1,\"name\":\"\u0413\u043b\u0430\u0432\u043d\u0430\u044f \u0441\u0442\u0440\u0430\u043d\u0438\u0446\u0430\",\"item\":\"https:\\\/\\\/super-news.info\\\/hu\\\/\"},{\"@type\":\"ListItem\",\"position\":2,\"name\":\"\u00daj-Z\u00e9land is besokallt a turist\u00e1kt\u00f3l\"}]},{\"@type\":\"WebSite\",\"@id\":\"https:\\\/\\\/super-news.info\\\/hu\\\/#website\",\"url\":\"https:\\\/\\\/super-news.info\\\/hu\\\/\",\"name\":\"Super News\",\"description\":\"Super News Magyarorsz\u00e1g\",\"potentialAction\":[{\"@type\":\"SearchAction\",\"target\":{\"@type\":\"EntryPoint\",\"urlTemplate\":\"https:\\\/\\\/super-news.info\\\/hu\\\/?s={search_term_string}\"},\"query-input\":{\"@type\":\"PropertyValueSpecification\",\"valueRequired\":true,\"valueName\":\"search_term_string\"}}],\"inLanguage\":\"hu\"},{\"@type\":\"Person\",\"@id\":\"https:\\\/\\\/super-news.info\\\/hu\\\/#\\\/schema\\\/person\\\/2d4068cb2f39cd10008c2fce578a7356\",\"name\":\"super-news\",\"image\":{\"@type\":\"ImageObject\",\"inLanguage\":\"hu\",\"@id\":\"https:\\\/\\\/secure.gravatar.com\\\/avatar\\\/64ebac40b93f26a154f8a9b5b6fdccfc46f442b26b3dd6756dbff3bf9dc76fd7?s=96&d=mm&r=g\",\"url\":\"https:\\\/\\\/secure.gravatar.com\\\/avatar\\\/64ebac40b93f26a154f8a9b5b6fdccfc46f442b26b3dd6756dbff3bf9dc76fd7?s=96&d=mm&r=g\",\"contentUrl\":\"https:\\\/\\\/secure.gravatar.com\\\/avatar\\\/64ebac40b93f26a154f8a9b5b6fdccfc46f442b26b3dd6756dbff3bf9dc76fd7?s=96&d=mm&r=g\",\"caption\":\"super-news\"},\"url\":\"https:\\\/\\\/super-news.info\\\/hu\\\/author\\\/pt\\\/\"}]}<\/script>\n<!-- \/ Yoast SEO plugin. -->","yoast_head_json":{"title":"\u00daj-Z\u00e9land is besokallt a turist\u00e1kt\u00f3l - Super News","robots":{"index":"index","follow":"follow","max-snippet":"max-snippet:-1","max-image-preview":"max-image-preview:large","max-video-preview":"max-video-preview:-1"},"canonical":"https:\/\/super-news.info\/hu\/uj-zeland-is-besokallt-a-turistaktol\/","og_locale":"hu_HU","og_type":"article","og_title":"\u00daj-Z\u00e9land is besokallt a turist\u00e1kt\u00f3l - Super News","og_description":"[ad_1] Bel\u00e9p\u0151d\u00edjat szed a j\u00f6v\u0151ben \u00daj-Z\u00e9land a turist\u00e1kt\u00f3l: okt\u00f3bert\u0151l 35 \u00faj-z\u00e9landi doll\u00e1rt (6660 forintot) kell fizetnie az orsz\u00e1gba \u00e9rkez\u0151knek \u2013 k\u00f6z\u00f6lte cs\u00fct\u00f6rt\u00f6k\u00f6n a k\u00f6rnyezetv\u00e9delem\u00e9rt \u00e9s turizmus\u00e9rt felel\u0151s miniszt\u00e9rium. Ez\u00e1ltal \u00e9vente mintegy 80 milli\u00f3 \u00faj-z\u00e9landi doll\u00e1rral (15,2 milli\u00e1rd forint) gyarapodhat az \u00e1llamkassza. A bev\u00e9telt a term\u00e9szet \u00e9s a nemzeti \u00f6r\u00f6ks\u00e9g v\u00e9delm\u00e9re ford\u00edtj\u00e1k. \u00daj-Z\u00e9land term\u00e9szeti \u00e9s kultur\u00e1lis [&hellip;]","og_url":"https:\/\/super-news.info\/hu\/uj-zeland-is-besokallt-a-turistaktol\/","og_site_name":"Super News","article_published_time":"2019-05-16T18:52:05+00:00","og_image":[{"url":"http:\/\/super-news.info\/hu\/wp-content\/uploads\/sites\/3\/2019\/05\/Uj-Zeland-is-besokallt-a-turistaktol.jpg","type":"","width":"","height":""}],"author":"super-news","twitter_card":"summary_large_image","twitter_misc":{"Szerz\u0151:":"super-news","Becs\u00fclt olvas\u00e1si id\u0151":"1 perc"},"schema":{"@context":"https:\/\/schema.org","@graph":[{"@type":"Article","@id":"https:\/\/super-news.info\/hu\/uj-zeland-is-besokallt-a-turistaktol\/#article","isPartOf":{"@id":"https:\/\/super-news.info\/hu\/uj-zeland-is-besokallt-a-turistaktol\/"},"author":{"name":"super-news","@id":"https:\/\/super-news.info\/hu\/#\/schema\/person\/2d4068cb2f39cd10008c2fce578a7356"},"headline":"\u00daj-Z\u00e9land is besokallt a turist\u00e1kt\u00f3l","datePublished":"2019-05-16T18:52:05+00:00","mainEntityOfPage":{"@id":"https:\/\/super-news.info\/hu\/uj-zeland-is-besokallt-a-turistaktol\/"},"wordCount":218,"commentCount":0,"image":{"@id":"https:\/\/super-news.info\/hu\/uj-zeland-is-besokallt-a-turistaktol\/#primaryimage"},"thumbnailUrl":"http:\/\/super-news.info\/hu\/wp-content\/uploads\/sites\/3\/2019\/05\/Uj-Zeland-is-besokallt-a-turistaktol.jpg","articleSection":["P\u00c9NZ\u00dcGYI H\u00cdREK"],"inLanguage":"hu","potentialAction":[{"@type":"CommentAction","name":"Comment","target":["https:\/\/super-news.info\/hu\/uj-zeland-is-besokallt-a-turistaktol\/#respond"]}]},{"@type":"WebPage","@id":"https:\/\/super-news.info\/hu\/uj-zeland-is-besokallt-a-turistaktol\/","url":"https:\/\/super-news.info\/hu\/uj-zeland-is-besokallt-a-turistaktol\/","name":"\u00daj-Z\u00e9land is besokallt a turist\u00e1kt\u00f3l - Super News","isPartOf":{"@id":"https:\/\/super-news.info\/hu\/#website"},"primaryImageOfPage":{"@id":"https:\/\/super-news.info\/hu\/uj-zeland-is-besokallt-a-turistaktol\/#primaryimage"},"image":{"@id":"https:\/\/super-news.info\/hu\/uj-zeland-is-besokallt-a-turistaktol\/#primaryimage"},"thumbnailUrl":"http:\/\/super-news.info\/hu\/wp-content\/uploads\/sites\/3\/2019\/05\/Uj-Zeland-is-besokallt-a-turistaktol.jpg","datePublished":"2019-05-16T18:52:05+00:00","author":{"@id":"https:\/\/super-news.info\/hu\/#\/schema\/person\/2d4068cb2f39cd10008c2fce578a7356"},"breadcrumb":{"@id":"https:\/\/super-news.info\/hu\/uj-zeland-is-besokallt-a-turistaktol\/#breadcrumb"},"inLanguage":"hu","potentialAction":[{"@type":"ReadAction","target":["https:\/\/super-news.info\/hu\/uj-zeland-is-besokallt-a-turistaktol\/"]}]},{"@type":"ImageObject","inLanguage":"hu","@id":"https:\/\/super-news.info\/hu\/uj-zeland-is-besokallt-a-turistaktol\/#primaryimage","url":"","contentUrl":""},{"@type":"BreadcrumbList","@id":"https:\/\/super-news.info\/hu\/uj-zeland-is-besokallt-a-turistaktol\/#breadcrumb","itemListElement":[{"@type":"ListItem","position":1,"name":"\u0413\u043b\u0430\u0432\u043d\u0430\u044f \u0441\u0442\u0440\u0430\u043d\u0438\u0446\u0430","item":"https:\/\/super-news.info\/hu\/"},{"@type":"ListItem","position":2,"name":"\u00daj-Z\u00e9land is besokallt a turist\u00e1kt\u00f3l"}]},{"@type":"WebSite","@id":"https:\/\/super-news.info\/hu\/#website","url":"https:\/\/super-news.info\/hu\/","name":"Super News","description":"Super News Magyarorsz\u00e1g","potentialAction":[{"@type":"SearchAction","target":{"@type":"EntryPoint","urlTemplate":"https:\/\/super-news.info\/hu\/?s={search_term_string}"},"query-input":{"@type":"PropertyValueSpecification","valueRequired":true,"valueName":"search_term_string"}}],"inLanguage":"hu"},{"@type":"Person","@id":"https:\/\/super-news.info\/hu\/#\/schema\/person\/2d4068cb2f39cd10008c2fce578a7356","name":"super-news","image":{"@type":"ImageObject","inLanguage":"hu","@id":"https:\/\/secure.gravatar.com\/avatar\/64ebac40b93f26a154f8a9b5b6fdccfc46f442b26b3dd6756dbff3bf9dc76fd7?s=96&d=mm&r=g","url":"https:\/\/secure.gravatar.com\/avatar\/64ebac40b93f26a154f8a9b5b6fdccfc46f442b26b3dd6756dbff3bf9dc76fd7?s=96&d=mm&r=g","contentUrl":"https:\/\/secure.gravatar.com\/avatar\/64ebac40b93f26a154f8a9b5b6fdccfc46f442b26b3dd6756dbff3bf9dc76fd7?s=96&d=mm&r=g","caption":"super-news"},"url":"https:\/\/super-news.info\/hu\/author\/pt\/"}]}},"_links":{"self":[{"href":"https:\/\/super-news.info\/hu\/wp-json\/wp\/v2\/posts\/2107","targetHints":{"allow":["GET"]}}],"collection":[{"href":"https:\/\/super-news.info\/hu\/wp-json\/wp\/v2\/posts"}],"about":[{"href":"https:\/\/super-news.info\/hu\/wp-json\/wp\/v2\/types\/post"}],"author":[{"embeddable":true,"href":"https:\/\/super-news.info\/hu\/wp-json\/wp\/v2\/users\/2"}],"replies":[{"embeddable":true,"href":"https:\/\/super-news.info\/hu\/wp-json\/wp\/v2\/comments?post=2107"}],"version-history":[{"count":0,"href":"https:\/\/super-news.info\/hu\/wp-json\/wp\/v2\/posts\/2107\/revisions"}],"wp:attachment":[{"href":"https:\/\/super-news.info\/hu\/wp-json\/wp\/v2\/media?parent=2107"}],"wp:term":[{"taxonomy":"category","embeddable":true,"href":"https:\/\/super-news.info\/hu\/wp-json\/wp\/v2\/categories?post=2107"},{"taxonomy":"post_tag","embeddable":true,"href":"https:\/\/super-news.info\/hu\/wp-json\/wp\/v2\/tags?post=2107"}],"curies":[{"name":"wp","href":"https:\/\/api.w.org\/{rel}","templated":true}]}}