{"id":2101,"date":"2019-05-16T20:34:01","date_gmt":"2019-05-16T17:34:01","guid":{"rendered":"https:\/\/super-news.info\/hu\/kiemelt-jelentosegu-a-hazai-elelmiszeripar\/"},"modified":"2019-05-16T20:34:02","modified_gmt":"2019-05-16T17:34:02","slug":"kiemelt-jelentosegu-a-hazai-elelmiszeripar","status":"publish","type":"post","link":"https:\/\/super-news.info\/hu\/kiemelt-jelentosegu-a-hazai-elelmiszeripar\/","title":{"rendered":"Kiemelt jelent\u0151s\u00e9g\u0171 a hazai \u00e9lelmiszeripar"},"content":{"rendered":"<p> [ad_1]<br \/>\n<\/p>\n<p>\n\t\t\t\t\t\t\t\tAz \u00e9lelmiszeripar kiemelked\u0151 strat\u00e9giai \u00e1gazat, melynek fejleszt\u00e9se komoly felel\u0151ss\u00e9get jelent sz\u00e1munkra \u2013 jelentette ki Nagy Istv\u00e1n agr\u00e1rminiszter a Magyar Term\u00e9k Nonprofit Kft. konferenci\u00e1j\u00e1n, Budapesten.\t\t\t\t\t\t\t<\/p>\n<div>\n<p>Az \u00e9lelmiszeripar nyeres\u00e9ge az elm\u00falt \u00f6t \u00e9vben k\u00f6zel megdupl\u00e1z\u00f3dott, a sikernek pedig elengedhetetlen r\u00e9sze a kiv\u00e1l\u00f3 min\u0151s\u00e9g\u0171 magyar alapanyag \u2013 mondta a miniszter. Arr\u00f3l is besz\u00e9lt, hogy a k\u00f6zepes \u00e9s nagyv\u00e1llalatok \u00e1ltal el\u0151\u00e1ll\u00edtott term\u00e9kek k\u00e9pesek visszaszerezni \u00e9s megtartani a hazai piacokat, s\u0151t exportalapot jelentenek a k\u00fclpiacokon is.<\/p>\n<p>Nagy Istv\u00e1n eml\u00e9keztetett arra, hogy a 2014-2020-as t\u00e1mogat\u00e1si id\u0151szakban, t\u00f6bb nemzeti forr\u00e1s\u00fa t\u00e1mogat\u00e1sra is adhattak be k\u00e9relmet \u2013 ilyen volt a Nagyv\u00e1llalati Beruh\u00e1z\u00e1si T\u00e1mogat\u00e1s, illetve a Beruh\u00e1z\u00e1si \u00d6szt\u00f6nz\u00e9si C\u00e9lel\u0151ir\u00e1nyzat kerete \u2013 valamint a GINOP programok is seg\u00edtett\u00e9k a v\u00e1llalatokat. Ezeknek is k\u00f6sz\u00f6nhet\u0151en<\/p>\n<p>2014 \u00f3ta az \u00e9lelmiszeriparba \u00e1ramlott t\u00e1mogat\u00e1sok \u00e9rt\u00e9ke m\u00e1ra m\u00e1r meghaladta a 300 milli\u00e1rd forintot. A t\u00e1mogat\u00e1sok pedig jelent\u0151sen hozz\u00e1j\u00e1rultak az export dinamikus b\u0151v\u00fcl\u00e9s\u00e9hez, azaz az \u00e1gazat javul\u00f3 eredm\u00e9nyeihez.<\/p>\n<p>Felh\u00edvta a figyelmet arra, hogy az \u00e9lelmiszeriparban nyilv\u00e1ntartott k\u00f6zel 5 ezer v\u00e1llalkoz\u00e1sb\u00f3l csak alig ezer v\u00e9gez exporttev\u00e9kenys\u00e9get. Az exportpiacra t\u00f6rt\u00e9n\u0151 kil\u00e9p\u00e9snek ugyanis alapfelt\u00e9tele a nagy mennyis\u00e9g\u0171, homog\u00e9n \u00e1rualap. Az export\u00e1l\u00f3 v\u00e1llalatok \u00e1ltal realiz\u00e1lt \u00e1rbev\u00e9tel jelent\u0151s, s\u0151t folyamatosan n\u0151, m\u00e1r megk\u00f6zel\u00edtette az 1300 milli\u00e1rd forintot. Az \u00e9lelmiszeripar \u00e1rbev\u00e9tel\u00e9nek t\u00f6bb mint 30 sz\u00e1zal\u00e9ka exportb\u00f3l sz\u00e1rmazik. A legt\u00f6bb export\u00e1rbev\u00e9tel a h\u00fasiparban, az \u00e1llateledel-gy\u00e1rt\u00e1sban \u00e9s a z\u00f6lds\u00e9g-gy\u00fcm\u00f6lcs feldolgoz\u00e1sban jelentkezik.<\/p>\n<p>A hazai \u00e9lelmiszeripar nemzetgazdas\u00e1gi szempontb\u00f3l kiemelt jelent\u0151s\u00e9g\u0171 strat\u00e9giai \u00e1gazat: 5 ezer v\u00e1llalkoz\u00e1s, 33 szak\u00e1gazat, 90 ezer alkalmazottal \u00e1ll\u00edt el\u0151 \u00e9lelmiszert \u00e9s italt a v\u00e1s\u00e1rl\u00f3k sz\u00e1m\u00e1ra.<\/p>\n<div id=\"attachment_1294249\" style=\"width: 1410px\" class=\"wp-caption aligncenter\">\n<p class=\"wp-caption-text\">Fot\u00f3: Gyulah\u00fas<\/p>\n<\/div>\n<p>a m\u00e1r a v\u00e1s\u00e1rl\u00f3k jelent\u0151s r\u00e9sze hajland\u00f3 ak\u00e1r t\u00f6bbet is fizetni a magyar eredet\u0171 \u00e1ru\u00e9rt \u2013 mondta a konferenci\u00e1n Benedek Eszter, a Magyar Term\u00e9k Nonprofit Kft. \u00fcgyvezet\u0151je. Egy friss reprezentat\u00edv felm\u00e9r\u00e9s szerint k\u00e9t, tulajdons\u00e1gaiban megegyez\u0151, azonos \u00e1ru term\u00e9k k\u00f6z\u00fcl a magyarok 85,9 sz\u00e1zal\u00e9ka a hazait v\u00e1lasztja, 52,7 sz\u00e1zal\u00e9kuk pedig 10 sz\u00e1zal\u00e9kkal magasabb \u00e1rat is hajland\u00f3 fizetni a hazai\u00e9rt a k\u00fclf\u00f6ldivel szemben, ha az eredetet v\u00e9djegy igazolja.<\/p>\n<p>A 170 c\u00e9g csaknem 4000 term\u00e9ke \u00e1ltal haszn\u00e1lt Magyar Term\u00e9k v\u00e9djegyrendszert m\u0171k\u00f6dtet\u0151 t\u00e1rsas\u00e1g vezet\u0151je szerint az elm\u00falt \u00e9vtizedben siker\u00fclt jelent\u0151sen megv\u00e1ltoztatni a magyar term\u00e9kek meg\u00edt\u00e9l\u00e9s\u00e9t a fogyaszt\u00f3k k\u00f6r\u00e9ben.<\/p>\n<p>Ebben az Agr\u00e1rminiszt\u00e9rium \u00e9s a c\u00e9g k\u00f6z\u00f6tt fenn\u00e1ll\u00f3 t\u00f6bb \u00e9ves egy\u00fcttm\u0171k\u00f6d\u00e9s is kiemelt szerepet j\u00e1tszik. K\u00f6z\u00f6s c\u00e9ljuk felh\u00edvni a fogyaszt\u00f3k figyelm\u00e9t a hazai term\u00e9kek megk\u00fcl\u00f6nb\u00f6ztet\u00e9s\u00e9re l\u00e9trehozott v\u00e9djegyekre, a magyar \u00e9lelmiszerek v\u00e1s\u00e1rl\u00e1s\u00e1val j\u00e1r\u00f3 el\u0151ny\u00f6kre.<\/p>\n<p>Benedek Eszter a konferenci\u00e1n besz\u00e1molt arr\u00f3l is, hogy a v\u00e9djegyrendszert a tervek szerint tov\u00e1bbfejlesztik, bevezetnek egy Kiv\u00e1l\u00f3 Term\u00e9k v\u00e9djegyet, amely a term\u00e9kek kiemelked\u0151 min\u0151s\u00e9g\u00e9t tan\u00fas\u00edtja. Ezen fel\u00fcl l\u00e9trehozt\u00e1k az \u00d6KOligikus v\u00e9djegyet is, amelyet azok az \u00e1ruk kapnak, amelyekkel a gy\u00e1rt\u00f3k \u00e9s forgalmaz\u00f3k cs\u00f6kkentik a k\u00f6rnyezetterhel\u00e9st.<\/p>\n<\/p><\/div>\n<p><script>\n    window.fbAsyncInit = function() {\n        FB.init({\n            appId      : \"204760236815359\",\n            xfbml      : true,\n            version    : \"v2.12\"\n        });\n        FB.AppEvents.logPageView();\n    };<\/p>\n<p>    (function(d, s, id){\n        var js, fjs = d.getElementsByTagName(s)[0];\n        if (d.getElementById(id)) {return;}\n        js = d.createElement(s); js.id = id;\n        js.src = \"http:\/\/connect.facebook.net\/hu_HU\/sdk.js\";\n        fjs.parentNode.insertBefore(js, fjs);\n    }(document, \"script\", \"facebook-jssdk\"));\n<\/script><br \/>\n<br \/>[ad_2]<br \/>\n<br \/><a href=\"https:\/\/www.vg.hu\/vallalatok\/ipar\/kiemelt-jelentosegu-a-hazai-elelmiszeripar-1516703\/\">Source link <\/a><\/p>\n","protected":false},"excerpt":{"rendered":"<p>[ad_1] Az \u00e9lelmiszeripar kiemelked\u0151 strat\u00e9giai \u00e1gazat, melynek fejleszt\u00e9se komoly felel\u0151ss\u00e9get jelent sz\u00e1munkra \u2013 jelentette ki Nagy Istv\u00e1n agr\u00e1rminiszter a Magyar Term\u00e9k Nonprofit Kft. konferenci\u00e1j\u00e1n, Budapesten. Az \u00e9lelmiszeripar nyeres\u00e9ge az elm\u00falt \u00f6t \u00e9vben k\u00f6zel megdupl\u00e1z\u00f3dott, a sikernek pedig elengedhetetlen r\u00e9sze a kiv\u00e1l\u00f3 min\u0151s\u00e9g\u0171 magyar alapanyag \u2013 mondta a miniszter. Arr\u00f3l is besz\u00e9lt, hogy a k\u00f6zepes \u00e9s [&hellip;]<\/p>\n","protected":false},"author":2,"featured_media":2102,"comment_status":"open","ping_status":"open","sticky":false,"template":"","format":"standard","meta":{"footnotes":""},"categories":[1],"tags":[],"class_list":["post-2101","post","type-post","status-publish","format-standard","has-post-thumbnail","hentry","category-penzugyi-hirek"],"yoast_head":"<!-- This site is optimized with the Yoast SEO plugin v27.4 - https:\/\/yoast.com\/product\/yoast-seo-wordpress\/ -->\n<title>Kiemelt jelent\u0151s\u00e9g\u0171 a hazai \u00e9lelmiszeripar - Super News<\/title>\n<meta name=\"robots\" content=\"index, follow, max-snippet:-1, max-image-preview:large, max-video-preview:-1\" \/>\n<link rel=\"canonical\" href=\"https:\/\/super-news.info\/hu\/kiemelt-jelentosegu-a-hazai-elelmiszeripar\/\" \/>\n<meta property=\"og:locale\" content=\"hu_HU\" \/>\n<meta property=\"og:type\" content=\"article\" \/>\n<meta property=\"og:title\" content=\"Kiemelt jelent\u0151s\u00e9g\u0171 a hazai \u00e9lelmiszeripar - Super News\" \/>\n<meta property=\"og:description\" content=\"[ad_1] Az \u00e9lelmiszeripar kiemelked\u0151 strat\u00e9giai \u00e1gazat, melynek fejleszt\u00e9se komoly felel\u0151ss\u00e9get jelent sz\u00e1munkra \u2013 jelentette ki Nagy Istv\u00e1n agr\u00e1rminiszter a Magyar Term\u00e9k Nonprofit Kft. konferenci\u00e1j\u00e1n, Budapesten. Az \u00e9lelmiszeripar nyeres\u00e9ge az elm\u00falt \u00f6t \u00e9vben k\u00f6zel megdupl\u00e1z\u00f3dott, a sikernek pedig elengedhetetlen r\u00e9sze a kiv\u00e1l\u00f3 min\u0151s\u00e9g\u0171 magyar alapanyag \u2013 mondta a miniszter. Arr\u00f3l is besz\u00e9lt, hogy a k\u00f6zepes \u00e9s [&hellip;]\" \/>\n<meta property=\"og:url\" content=\"https:\/\/super-news.info\/hu\/kiemelt-jelentosegu-a-hazai-elelmiszeripar\/\" \/>\n<meta property=\"og:site_name\" content=\"Super News\" \/>\n<meta property=\"article:published_time\" content=\"2019-05-16T17:34:01+00:00\" \/>\n<meta property=\"article:modified_time\" content=\"2019-05-16T17:34:02+00:00\" \/>\n<meta property=\"og:image\" content=\"https:\/\/super-news.info\/hu\/wp-content\/uploads\/sites\/3\/2019\/05\/Kiemelt-jelent\u0151s\u00e9g\u0171-a-hazai-\u00e9lelmiszeripar.jpg\" \/>\n\t<meta property=\"og:image:width\" content=\"1\" \/>\n\t<meta property=\"og:image:height\" content=\"1\" \/>\n\t<meta property=\"og:image:type\" content=\"image\/jpeg\" \/>\n<meta name=\"author\" content=\"super-news\" \/>\n<meta name=\"twitter:card\" content=\"summary_large_image\" \/>\n<meta name=\"twitter:label1\" content=\"Szerz\u0151:\" \/>\n\t<meta name=\"twitter:data1\" content=\"super-news\" \/>\n\t<meta name=\"twitter:label2\" content=\"Becs\u00fclt olvas\u00e1si id\u0151\" \/>\n\t<meta name=\"twitter:data2\" content=\"3 perc\" \/>\n<script type=\"application\/ld+json\" class=\"yoast-schema-graph\">{\"@context\":\"https:\\\/\\\/schema.org\",\"@graph\":[{\"@type\":\"Article\",\"@id\":\"https:\\\/\\\/super-news.info\\\/hu\\\/kiemelt-jelentosegu-a-hazai-elelmiszeripar\\\/#article\",\"isPartOf\":{\"@id\":\"https:\\\/\\\/super-news.info\\\/hu\\\/kiemelt-jelentosegu-a-hazai-elelmiszeripar\\\/\"},\"author\":{\"name\":\"super-news\",\"@id\":\"https:\\\/\\\/super-news.info\\\/hu\\\/#\\\/schema\\\/person\\\/2d4068cb2f39cd10008c2fce578a7356\"},\"headline\":\"Kiemelt jelent\u0151s\u00e9g\u0171 a hazai \u00e9lelmiszeripar\",\"datePublished\":\"2019-05-16T17:34:01+00:00\",\"dateModified\":\"2019-05-16T17:34:02+00:00\",\"mainEntityOfPage\":{\"@id\":\"https:\\\/\\\/super-news.info\\\/hu\\\/kiemelt-jelentosegu-a-hazai-elelmiszeripar\\\/\"},\"wordCount\":641,\"commentCount\":0,\"image\":{\"@id\":\"https:\\\/\\\/super-news.info\\\/hu\\\/kiemelt-jelentosegu-a-hazai-elelmiszeripar\\\/#primaryimage\"},\"thumbnailUrl\":\"https:\\\/\\\/super-news.info\\\/hu\\\/wp-content\\\/uploads\\\/sites\\\/3\\\/2019\\\/05\\\/Kiemelt-jelent\u0151s\u00e9g\u0171-a-hazai-\u00e9lelmiszeripar.jpg\",\"articleSection\":[\"P\u00c9NZ\u00dcGYI H\u00cdREK\"],\"inLanguage\":\"hu\",\"potentialAction\":[{\"@type\":\"CommentAction\",\"name\":\"Comment\",\"target\":[\"https:\\\/\\\/super-news.info\\\/hu\\\/kiemelt-jelentosegu-a-hazai-elelmiszeripar\\\/#respond\"]}]},{\"@type\":\"WebPage\",\"@id\":\"https:\\\/\\\/super-news.info\\\/hu\\\/kiemelt-jelentosegu-a-hazai-elelmiszeripar\\\/\",\"url\":\"https:\\\/\\\/super-news.info\\\/hu\\\/kiemelt-jelentosegu-a-hazai-elelmiszeripar\\\/\",\"name\":\"Kiemelt jelent\u0151s\u00e9g\u0171 a hazai \u00e9lelmiszeripar - Super News\",\"isPartOf\":{\"@id\":\"https:\\\/\\\/super-news.info\\\/hu\\\/#website\"},\"primaryImageOfPage\":{\"@id\":\"https:\\\/\\\/super-news.info\\\/hu\\\/kiemelt-jelentosegu-a-hazai-elelmiszeripar\\\/#primaryimage\"},\"image\":{\"@id\":\"https:\\\/\\\/super-news.info\\\/hu\\\/kiemelt-jelentosegu-a-hazai-elelmiszeripar\\\/#primaryimage\"},\"thumbnailUrl\":\"https:\\\/\\\/super-news.info\\\/hu\\\/wp-content\\\/uploads\\\/sites\\\/3\\\/2019\\\/05\\\/Kiemelt-jelent\u0151s\u00e9g\u0171-a-hazai-\u00e9lelmiszeripar.jpg\",\"datePublished\":\"2019-05-16T17:34:01+00:00\",\"dateModified\":\"2019-05-16T17:34:02+00:00\",\"author\":{\"@id\":\"https:\\\/\\\/super-news.info\\\/hu\\\/#\\\/schema\\\/person\\\/2d4068cb2f39cd10008c2fce578a7356\"},\"breadcrumb\":{\"@id\":\"https:\\\/\\\/super-news.info\\\/hu\\\/kiemelt-jelentosegu-a-hazai-elelmiszeripar\\\/#breadcrumb\"},\"inLanguage\":\"hu\",\"potentialAction\":[{\"@type\":\"ReadAction\",\"target\":[\"https:\\\/\\\/super-news.info\\\/hu\\\/kiemelt-jelentosegu-a-hazai-elelmiszeripar\\\/\"]}]},{\"@type\":\"ImageObject\",\"inLanguage\":\"hu\",\"@id\":\"https:\\\/\\\/super-news.info\\\/hu\\\/kiemelt-jelentosegu-a-hazai-elelmiszeripar\\\/#primaryimage\",\"url\":\"https:\\\/\\\/super-news.info\\\/hu\\\/wp-content\\\/uploads\\\/sites\\\/3\\\/2019\\\/05\\\/Kiemelt-jelent\u0151s\u00e9g\u0171-a-hazai-\u00e9lelmiszeripar.jpg\",\"contentUrl\":\"https:\\\/\\\/super-news.info\\\/hu\\\/wp-content\\\/uploads\\\/sites\\\/3\\\/2019\\\/05\\\/Kiemelt-jelent\u0151s\u00e9g\u0171-a-hazai-\u00e9lelmiszeripar.jpg\",\"caption\":\"Kiemelt jelent\u0151s\u00e9g\u0171 a hazai \u00e9lelmiszeripar\"},{\"@type\":\"BreadcrumbList\",\"@id\":\"https:\\\/\\\/super-news.info\\\/hu\\\/kiemelt-jelentosegu-a-hazai-elelmiszeripar\\\/#breadcrumb\",\"itemListElement\":[{\"@type\":\"ListItem\",\"position\":1,\"name\":\"\u0413\u043b\u0430\u0432\u043d\u0430\u044f \u0441\u0442\u0440\u0430\u043d\u0438\u0446\u0430\",\"item\":\"https:\\\/\\\/super-news.info\\\/hu\\\/\"},{\"@type\":\"ListItem\",\"position\":2,\"name\":\"Kiemelt jelent\u0151s\u00e9g\u0171 a hazai \u00e9lelmiszeripar\"}]},{\"@type\":\"WebSite\",\"@id\":\"https:\\\/\\\/super-news.info\\\/hu\\\/#website\",\"url\":\"https:\\\/\\\/super-news.info\\\/hu\\\/\",\"name\":\"Super News\",\"description\":\"Super News Magyarorsz\u00e1g\",\"potentialAction\":[{\"@type\":\"SearchAction\",\"target\":{\"@type\":\"EntryPoint\",\"urlTemplate\":\"https:\\\/\\\/super-news.info\\\/hu\\\/?s={search_term_string}\"},\"query-input\":{\"@type\":\"PropertyValueSpecification\",\"valueRequired\":true,\"valueName\":\"search_term_string\"}}],\"inLanguage\":\"hu\"},{\"@type\":\"Person\",\"@id\":\"https:\\\/\\\/super-news.info\\\/hu\\\/#\\\/schema\\\/person\\\/2d4068cb2f39cd10008c2fce578a7356\",\"name\":\"super-news\",\"image\":{\"@type\":\"ImageObject\",\"inLanguage\":\"hu\",\"@id\":\"https:\\\/\\\/secure.gravatar.com\\\/avatar\\\/64ebac40b93f26a154f8a9b5b6fdccfc46f442b26b3dd6756dbff3bf9dc76fd7?s=96&d=mm&r=g\",\"url\":\"https:\\\/\\\/secure.gravatar.com\\\/avatar\\\/64ebac40b93f26a154f8a9b5b6fdccfc46f442b26b3dd6756dbff3bf9dc76fd7?s=96&d=mm&r=g\",\"contentUrl\":\"https:\\\/\\\/secure.gravatar.com\\\/avatar\\\/64ebac40b93f26a154f8a9b5b6fdccfc46f442b26b3dd6756dbff3bf9dc76fd7?s=96&d=mm&r=g\",\"caption\":\"super-news\"},\"url\":\"https:\\\/\\\/super-news.info\\\/hu\\\/author\\\/pt\\\/\"}]}<\/script>\n<!-- \/ Yoast SEO plugin. -->","yoast_head_json":{"title":"Kiemelt jelent\u0151s\u00e9g\u0171 a hazai \u00e9lelmiszeripar - Super News","robots":{"index":"index","follow":"follow","max-snippet":"max-snippet:-1","max-image-preview":"max-image-preview:large","max-video-preview":"max-video-preview:-1"},"canonical":"https:\/\/super-news.info\/hu\/kiemelt-jelentosegu-a-hazai-elelmiszeripar\/","og_locale":"hu_HU","og_type":"article","og_title":"Kiemelt jelent\u0151s\u00e9g\u0171 a hazai \u00e9lelmiszeripar - Super News","og_description":"[ad_1] Az \u00e9lelmiszeripar kiemelked\u0151 strat\u00e9giai \u00e1gazat, melynek fejleszt\u00e9se komoly felel\u0151ss\u00e9get jelent sz\u00e1munkra \u2013 jelentette ki Nagy Istv\u00e1n agr\u00e1rminiszter a Magyar Term\u00e9k Nonprofit Kft. konferenci\u00e1j\u00e1n, Budapesten. Az \u00e9lelmiszeripar nyeres\u00e9ge az elm\u00falt \u00f6t \u00e9vben k\u00f6zel megdupl\u00e1z\u00f3dott, a sikernek pedig elengedhetetlen r\u00e9sze a kiv\u00e1l\u00f3 min\u0151s\u00e9g\u0171 magyar alapanyag \u2013 mondta a miniszter. Arr\u00f3l is besz\u00e9lt, hogy a k\u00f6zepes \u00e9s [&hellip;]","og_url":"https:\/\/super-news.info\/hu\/kiemelt-jelentosegu-a-hazai-elelmiszeripar\/","og_site_name":"Super News","article_published_time":"2019-05-16T17:34:01+00:00","article_modified_time":"2019-05-16T17:34:02+00:00","og_image":[{"url":"https:\/\/super-news.info\/hu\/wp-content\/uploads\/sites\/3\/2019\/05\/Kiemelt-jelent\u0151s\u00e9g\u0171-a-hazai-\u00e9lelmiszeripar.jpg","width":1,"height":1,"type":"image\/jpeg"}],"author":"super-news","twitter_card":"summary_large_image","twitter_misc":{"Szerz\u0151:":"super-news","Becs\u00fclt olvas\u00e1si id\u0151":"3 perc"},"schema":{"@context":"https:\/\/schema.org","@graph":[{"@type":"Article","@id":"https:\/\/super-news.info\/hu\/kiemelt-jelentosegu-a-hazai-elelmiszeripar\/#article","isPartOf":{"@id":"https:\/\/super-news.info\/hu\/kiemelt-jelentosegu-a-hazai-elelmiszeripar\/"},"author":{"name":"super-news","@id":"https:\/\/super-news.info\/hu\/#\/schema\/person\/2d4068cb2f39cd10008c2fce578a7356"},"headline":"Kiemelt jelent\u0151s\u00e9g\u0171 a hazai \u00e9lelmiszeripar","datePublished":"2019-05-16T17:34:01+00:00","dateModified":"2019-05-16T17:34:02+00:00","mainEntityOfPage":{"@id":"https:\/\/super-news.info\/hu\/kiemelt-jelentosegu-a-hazai-elelmiszeripar\/"},"wordCount":641,"commentCount":0,"image":{"@id":"https:\/\/super-news.info\/hu\/kiemelt-jelentosegu-a-hazai-elelmiszeripar\/#primaryimage"},"thumbnailUrl":"https:\/\/super-news.info\/hu\/wp-content\/uploads\/sites\/3\/2019\/05\/Kiemelt-jelent\u0151s\u00e9g\u0171-a-hazai-\u00e9lelmiszeripar.jpg","articleSection":["P\u00c9NZ\u00dcGYI H\u00cdREK"],"inLanguage":"hu","potentialAction":[{"@type":"CommentAction","name":"Comment","target":["https:\/\/super-news.info\/hu\/kiemelt-jelentosegu-a-hazai-elelmiszeripar\/#respond"]}]},{"@type":"WebPage","@id":"https:\/\/super-news.info\/hu\/kiemelt-jelentosegu-a-hazai-elelmiszeripar\/","url":"https:\/\/super-news.info\/hu\/kiemelt-jelentosegu-a-hazai-elelmiszeripar\/","name":"Kiemelt jelent\u0151s\u00e9g\u0171 a hazai \u00e9lelmiszeripar - Super News","isPartOf":{"@id":"https:\/\/super-news.info\/hu\/#website"},"primaryImageOfPage":{"@id":"https:\/\/super-news.info\/hu\/kiemelt-jelentosegu-a-hazai-elelmiszeripar\/#primaryimage"},"image":{"@id":"https:\/\/super-news.info\/hu\/kiemelt-jelentosegu-a-hazai-elelmiszeripar\/#primaryimage"},"thumbnailUrl":"https:\/\/super-news.info\/hu\/wp-content\/uploads\/sites\/3\/2019\/05\/Kiemelt-jelent\u0151s\u00e9g\u0171-a-hazai-\u00e9lelmiszeripar.jpg","datePublished":"2019-05-16T17:34:01+00:00","dateModified":"2019-05-16T17:34:02+00:00","author":{"@id":"https:\/\/super-news.info\/hu\/#\/schema\/person\/2d4068cb2f39cd10008c2fce578a7356"},"breadcrumb":{"@id":"https:\/\/super-news.info\/hu\/kiemelt-jelentosegu-a-hazai-elelmiszeripar\/#breadcrumb"},"inLanguage":"hu","potentialAction":[{"@type":"ReadAction","target":["https:\/\/super-news.info\/hu\/kiemelt-jelentosegu-a-hazai-elelmiszeripar\/"]}]},{"@type":"ImageObject","inLanguage":"hu","@id":"https:\/\/super-news.info\/hu\/kiemelt-jelentosegu-a-hazai-elelmiszeripar\/#primaryimage","url":"https:\/\/super-news.info\/hu\/wp-content\/uploads\/sites\/3\/2019\/05\/Kiemelt-jelent\u0151s\u00e9g\u0171-a-hazai-\u00e9lelmiszeripar.jpg","contentUrl":"https:\/\/super-news.info\/hu\/wp-content\/uploads\/sites\/3\/2019\/05\/Kiemelt-jelent\u0151s\u00e9g\u0171-a-hazai-\u00e9lelmiszeripar.jpg","caption":"Kiemelt jelent\u0151s\u00e9g\u0171 a hazai \u00e9lelmiszeripar"},{"@type":"BreadcrumbList","@id":"https:\/\/super-news.info\/hu\/kiemelt-jelentosegu-a-hazai-elelmiszeripar\/#breadcrumb","itemListElement":[{"@type":"ListItem","position":1,"name":"\u0413\u043b\u0430\u0432\u043d\u0430\u044f \u0441\u0442\u0440\u0430\u043d\u0438\u0446\u0430","item":"https:\/\/super-news.info\/hu\/"},{"@type":"ListItem","position":2,"name":"Kiemelt jelent\u0151s\u00e9g\u0171 a hazai \u00e9lelmiszeripar"}]},{"@type":"WebSite","@id":"https:\/\/super-news.info\/hu\/#website","url":"https:\/\/super-news.info\/hu\/","name":"Super News","description":"Super News Magyarorsz\u00e1g","potentialAction":[{"@type":"SearchAction","target":{"@type":"EntryPoint","urlTemplate":"https:\/\/super-news.info\/hu\/?s={search_term_string}"},"query-input":{"@type":"PropertyValueSpecification","valueRequired":true,"valueName":"search_term_string"}}],"inLanguage":"hu"},{"@type":"Person","@id":"https:\/\/super-news.info\/hu\/#\/schema\/person\/2d4068cb2f39cd10008c2fce578a7356","name":"super-news","image":{"@type":"ImageObject","inLanguage":"hu","@id":"https:\/\/secure.gravatar.com\/avatar\/64ebac40b93f26a154f8a9b5b6fdccfc46f442b26b3dd6756dbff3bf9dc76fd7?s=96&d=mm&r=g","url":"https:\/\/secure.gravatar.com\/avatar\/64ebac40b93f26a154f8a9b5b6fdccfc46f442b26b3dd6756dbff3bf9dc76fd7?s=96&d=mm&r=g","contentUrl":"https:\/\/secure.gravatar.com\/avatar\/64ebac40b93f26a154f8a9b5b6fdccfc46f442b26b3dd6756dbff3bf9dc76fd7?s=96&d=mm&r=g","caption":"super-news"},"url":"https:\/\/super-news.info\/hu\/author\/pt\/"}]}},"_links":{"self":[{"href":"https:\/\/super-news.info\/hu\/wp-json\/wp\/v2\/posts\/2101","targetHints":{"allow":["GET"]}}],"collection":[{"href":"https:\/\/super-news.info\/hu\/wp-json\/wp\/v2\/posts"}],"about":[{"href":"https:\/\/super-news.info\/hu\/wp-json\/wp\/v2\/types\/post"}],"author":[{"embeddable":true,"href":"https:\/\/super-news.info\/hu\/wp-json\/wp\/v2\/users\/2"}],"replies":[{"embeddable":true,"href":"https:\/\/super-news.info\/hu\/wp-json\/wp\/v2\/comments?post=2101"}],"version-history":[{"count":1,"href":"https:\/\/super-news.info\/hu\/wp-json\/wp\/v2\/posts\/2101\/revisions"}],"predecessor-version":[{"id":2103,"href":"https:\/\/super-news.info\/hu\/wp-json\/wp\/v2\/posts\/2101\/revisions\/2103"}],"wp:featuredmedia":[{"embeddable":true,"href":"https:\/\/super-news.info\/hu\/wp-json\/wp\/v2\/media\/2102"}],"wp:attachment":[{"href":"https:\/\/super-news.info\/hu\/wp-json\/wp\/v2\/media?parent=2101"}],"wp:term":[{"taxonomy":"category","embeddable":true,"href":"https:\/\/super-news.info\/hu\/wp-json\/wp\/v2\/categories?post=2101"},{"taxonomy":"post_tag","embeddable":true,"href":"https:\/\/super-news.info\/hu\/wp-json\/wp\/v2\/tags?post=2101"}],"curies":[{"name":"wp","href":"https:\/\/api.w.org\/{rel}","templated":true}]}}