{"id":2080,"date":"2019-05-16T15:26:49","date_gmt":"2019-05-16T12:26:49","guid":{"rendered":"https:\/\/super-news.info\/hu\/lassulo-novekedesre-am-emelkedo-inflaciora-szamit-a-cib-bank\/"},"modified":"2019-05-16T15:26:50","modified_gmt":"2019-05-16T12:26:50","slug":"lassulo-novekedesre-am-emelkedo-inflaciora-szamit-a-cib-bank","status":"publish","type":"post","link":"https:\/\/super-news.info\/hu\/lassulo-novekedesre-am-emelkedo-inflaciora-szamit-a-cib-bank\/","title":{"rendered":"Lassul\u00f3 n\u00f6veked\u00e9sre, \u00e1m emelked\u0151 infl\u00e1ci\u00f3ra sz\u00e1m\u00edt a CIB Bank"},"content":{"rendered":"<p> [ad_1]<br \/>\n<\/p>\n<p>\n\t\t\t\t\t\t\t\tId\u00e9n 3,5 sz\u00e1zal\u00e9k k\u00f6r\u00fcli gazdas\u00e1gi n\u00f6veked\u00e9st v\u00e1r a CIB Bank, stabilan h\u00e1rom sz\u00e1zal\u00e9k feletti infl\u00e1ci\u00f3, mindazon\u00e1ltal m\u00e9g v\u00e1ltozatlan jegybanki alapkamat mellett \u2013 \u00f6sszegezte Trippon Mariann, a CIB Bank vezet\u0151 elemz\u0151je a bank legfrissebb el\u0151rejelz\u00e9s\u00e9t.\t\t\t\t\t\t\t<\/p>\n<div>\n<p>A cs\u00fct\u00f6rt\u00f6ki elemz\u00e9s szerint a kev\u00e9sb\u00e9 t\u00e1mogat\u00f3 k\u00fcls\u0151 k\u00f6rnyezetben a bels\u0151 felhaszn\u00e1l\u00e1s marad a gazdas\u00e1g motorja, mik\u00f6zben a keresletoldali infl\u00e1ci\u00f3s nyom\u00e1s er\u0151s\u00f6d\u00e9se a k\u00f6z\u00e9pt\u00e1v\u00fa c\u00e9l f\u00f6l\u00e9 tolja \u00e9ves \u00e1tlagban a fogyaszt\u00f3i \u00e1rindexet. Ez pedig elker\u00fclhetetlenn\u00e9 teszi a monet\u00e1ris kond\u00edci\u00f3k lass\u00fa, fokozatos normaliz\u00e1l\u00e1s\u00e1t \u2013 \u00edrt\u00e1k.<\/p>\n<p>Az idei els\u0151 negyed\u00e9v eddig megismert adatai a v\u00e1rt lassul\u00e1s kezdet\u00e9re utalnak, \u00edgy a CIB Bank elemz\u0151i \u2013 a piaci konszenzussal \u00f6sszhangban \u2013 v\u00e1ltozatlanul egy sz\u00e1zal\u00e9kpontot meghalad\u00f3 cs\u00f6kken\u00e9st v\u00e1rnak a GDP-b\u0151v\u00fcl\u00e9s \u00e9ves \u00fctem\u00e9ben. Els\u0151sorban tov\u00e1bbra is a bels\u0151 kereslet (h\u00e1ztart\u00e1sok fogyaszt\u00e1sa \u00e1ltal vez\u00e9relt, viszonylag gyors b\u00e9rn\u00f6veked\u00e9ssel egy\u00fctt j\u00e1r\u00f3) b\u0151v\u00fcl\u00e9se, illetve a beruh\u00e1z\u00e1sok uni\u00f3s forr\u00e1sokkal er\u0151s\u00edtett gyarapod\u00e1sa lehet a n\u00f6veked\u00e9s f\u0151 motorja. Ezek a meghat\u00e1roz\u00f3 param\u00e9terek azonban lassul\u00e1st mutathatnak. A k\u00fcls\u0151 n\u00f6veked\u00e9si kock\u00e1zatok miatt az exportteljes\u00edtm\u00e9ny is visszafogottabb lehet,<\/p>\n<p>\u00edgy 2019-ben 3,5 sz\u00e1zal\u00e9k k\u00f6zel\u00e9be lassulhat a n\u00f6veked\u00e9s dinamik\u00e1ja.<\/p>\n<p>Ugyanakkor ez a megel\u0151z\u0151 \u00f6t \u00e9v \u00e1tlag\u00e1hoz k\u00f6zeli \u00e9rt\u00e9k, a munkaer\u0151piaci \u00e9s k\u00f6lts\u00e9gvet\u00e9si folyamatokra sem jelent kock\u00e1zatokat.<\/p>\n<p><span style=\"font-size: 14px; color: #666666; font-family: 'Open Sans', Arial, sans-serif;\">MTVA\/Bizom\u00e1nyosi: R\u00f3ka L\u00e1szl\u00f3<\/span><\/p>\n<p><span style=\"color: #000000; font-family: Georgia, Georgia, 'Times New Roman', serif; font-size: 18px;\">Az elemz\u00e9s szerint er\u0151s\u00f6dik az infl\u00e1ci\u00f3s nyom\u00e1s, az eddigi adatok a bels\u0151, keresletoldali infl\u00e1ci\u00f3s nyom\u00e1s er\u0151s\u00f6d\u00e9s\u00e9t jelzik, amit a m\u00e9rs\u00e9kelt k\u00fcls\u0151 infl\u00e1ci\u00f3 csak r\u00e9szben k\u00e9pes ellens\u00falyozni. Id\u00e9n m\u00e1r nem csak a teljes fogyaszt\u00f3i \u00e1rindex, de a volatilis komponensekt\u0151l megtiszt\u00edtott maginfl\u00e1ci\u00f3s mutat\u00f3k is stabilan a 3 sz\u00e1zal\u00e9kos k\u00f6z\u00e9pt\u00e1v\u00fa jegybanki c\u00e9l felett maradhatnak. <\/span>Tavaly ism\u00e9t a hivatalos c\u00e9ln\u00e1l alacsonyabb, 2,2 sz\u00e1zal\u00e9kos volt a GDP-ar\u00e1nyos (ESA) k\u00f6lts\u00e9gvet\u00e9si deficit, mik\u00f6zben az uni\u00f3s el\u0151finansz\u00edroz\u00e1s a tervezettn\u00e9l magasabb p\u00e9nzforgalmi hi\u00e1nyt gener\u00e1lt. A bank szerint a deficitcs\u00f6kkent\u00e9s a tervek alapj\u00e1n 2019-ben \u00fajraindulhat, a c\u00e9l az 1,7 sz\u00e1zal\u00e9kos ESA-hi\u00e1ny el\u00e9r\u00e9se. Az ad\u00f3bev\u00e9telek alakul\u00e1sa a m\u00e9g mindig gyors n\u00f6veked\u00e9s \u00e9s a magasabb b\u00e9rek miatt tov\u00e1bbra is kedvez\u0151 lehet, de a p\u00e9nzforgalmi hi\u00e1ny az id\u00e9n is gyorsan n\u0151 majd.<\/p>\n<p>A 3 sz\u00e1zal\u00e9kos maastrichti hi\u00e1nylimit nem lesz vesz\u00e9lyben, ahogyan az ad\u00f3ss\u00e1gp\u00e1lya is cs\u00f6kken\u0151 maradhat, ak\u00e1r 70 sz\u00e1zal\u00e9k alatti GDP-ar\u00e1nyos \u00e9rt\u00e9kkel \u2013 \u00edrt\u00e1k.<\/p>\n<p>Trippon Mariann szerint az MNB kommunik\u00e1ci\u00f3ja \u00e9s a makrogazdas\u00e1gi p\u00e1ly\u00e1ra vonatkoz\u00f3 v\u00e1rakoz\u00e1suk alapj\u00e1n az \u00e9v sor\u00e1n tov\u00e1bbi jegybanki l\u00e9p\u00e9sekre is sor ker\u00fclhet, a normaliz\u00e1l\u00e1s azonban v\u00e1rhat\u00f3an nagyon lass\u00fa \u00e9s fokozatos lesz. A monet\u00e1ris tan\u00e1cs a j\u00f6v\u0151ben is csak a minim\u00e1lisan sz\u00fcks\u00e9ges szigor\u00edt\u00f3 l\u00e9p\u00e9seket teszi meg, az alapkamat \u00e9v v\u00e9g\u00e9ig v\u00e1rhat\u00f3an nem v\u00e1ltozik, \u00e9s az alapkamatn\u00e1l alacsonyabb bankk\u00f6zi kamatszintek is fennmaradnak \u2013 v\u00e9lekedett. A forint v\u00e1rhat\u00f3an tov\u00e1bbra is hat\u00e1rozott ir\u00e1ny n\u00e9lk\u00fcl, nagyr\u00e9szt a 310-325-\u00f6s s\u00e1vban ingadozik majd az eur\u00f3val szemben.<\/p>\n<\/p><\/div>\n<p><script>\n    window.fbAsyncInit = function() {\n        FB.init({\n            appId      : \"204760236815359\",\n            xfbml      : true,\n            version    : \"v2.12\"\n        });\n        FB.AppEvents.logPageView();\n    };<\/p>\n<p>    (function(d, s, id){\n        var js, fjs = d.getElementsByTagName(s)[0];\n        if (d.getElementById(id)) {return;}\n        js = d.createElement(s); js.id = id;\n        js.src = \"http:\/\/connect.facebook.net\/hu_HU\/sdk.js\";\n        fjs.parentNode.insertBefore(js, fjs);\n    }(document, \"script\", \"facebook-jssdk\"));\n<\/script><br \/>\n<br \/>[ad_2]<br \/>\n<br \/><a href=\"https:\/\/www.vg.hu\/penzugy\/penzugyi-hirek\/lassulo-novekedesre-am-emelkedo-inflaciora-szamit-a-cib-bank-1515605\/\">Source link <\/a><\/p>\n","protected":false},"excerpt":{"rendered":"<p>[ad_1] Id\u00e9n 3,5 sz\u00e1zal\u00e9k k\u00f6r\u00fcli gazdas\u00e1gi n\u00f6veked\u00e9st v\u00e1r a CIB Bank, stabilan h\u00e1rom sz\u00e1zal\u00e9k feletti infl\u00e1ci\u00f3, mindazon\u00e1ltal m\u00e9g v\u00e1ltozatlan jegybanki alapkamat mellett \u2013 \u00f6sszegezte Trippon Mariann, a CIB Bank vezet\u0151 elemz\u0151je a bank legfrissebb el\u0151rejelz\u00e9s\u00e9t. A cs\u00fct\u00f6rt\u00f6ki elemz\u00e9s szerint a kev\u00e9sb\u00e9 t\u00e1mogat\u00f3 k\u00fcls\u0151 k\u00f6rnyezetben a bels\u0151 felhaszn\u00e1l\u00e1s marad a gazdas\u00e1g motorja, mik\u00f6zben a keresletoldali infl\u00e1ci\u00f3s [&hellip;]<\/p>\n","protected":false},"author":2,"featured_media":2081,"comment_status":"open","ping_status":"open","sticky":false,"template":"","format":"standard","meta":{"footnotes":""},"categories":[1],"tags":[],"class_list":["post-2080","post","type-post","status-publish","format-standard","has-post-thumbnail","hentry","category-penzugyi-hirek"],"yoast_head":"<!-- This site is optimized with the Yoast SEO plugin v27.4 - https:\/\/yoast.com\/product\/yoast-seo-wordpress\/ -->\n<title>Lassul\u00f3 n\u00f6veked\u00e9sre, \u00e1m emelked\u0151 infl\u00e1ci\u00f3ra sz\u00e1m\u00edt a CIB Bank - Super News<\/title>\n<meta name=\"robots\" content=\"index, follow, max-snippet:-1, max-image-preview:large, max-video-preview:-1\" \/>\n<link rel=\"canonical\" href=\"https:\/\/super-news.info\/hu\/lassulo-novekedesre-am-emelkedo-inflaciora-szamit-a-cib-bank\/\" \/>\n<meta property=\"og:locale\" content=\"hu_HU\" \/>\n<meta property=\"og:type\" content=\"article\" \/>\n<meta property=\"og:title\" content=\"Lassul\u00f3 n\u00f6veked\u00e9sre, \u00e1m emelked\u0151 infl\u00e1ci\u00f3ra sz\u00e1m\u00edt a CIB Bank - Super News\" \/>\n<meta property=\"og:description\" content=\"[ad_1] Id\u00e9n 3,5 sz\u00e1zal\u00e9k k\u00f6r\u00fcli gazdas\u00e1gi n\u00f6veked\u00e9st v\u00e1r a CIB Bank, stabilan h\u00e1rom sz\u00e1zal\u00e9k feletti infl\u00e1ci\u00f3, mindazon\u00e1ltal m\u00e9g v\u00e1ltozatlan jegybanki alapkamat mellett \u2013 \u00f6sszegezte Trippon Mariann, a CIB Bank vezet\u0151 elemz\u0151je a bank legfrissebb el\u0151rejelz\u00e9s\u00e9t. A cs\u00fct\u00f6rt\u00f6ki elemz\u00e9s szerint a kev\u00e9sb\u00e9 t\u00e1mogat\u00f3 k\u00fcls\u0151 k\u00f6rnyezetben a bels\u0151 felhaszn\u00e1l\u00e1s marad a gazdas\u00e1g motorja, mik\u00f6zben a keresletoldali infl\u00e1ci\u00f3s [&hellip;]\" \/>\n<meta property=\"og:url\" content=\"https:\/\/super-news.info\/hu\/lassulo-novekedesre-am-emelkedo-inflaciora-szamit-a-cib-bank\/\" \/>\n<meta property=\"og:site_name\" content=\"Super News\" \/>\n<meta property=\"article:published_time\" content=\"2019-05-16T12:26:49+00:00\" \/>\n<meta property=\"article:modified_time\" content=\"2019-05-16T12:26:50+00:00\" \/>\n<meta property=\"og:image\" content=\"https:\/\/super-news.info\/hu\/wp-content\/uploads\/sites\/3\/2019\/05\/Lassul\u00f3-n\u00f6veked\u00e9sre-\u00e1m-emelked\u0151-infl\u00e1ci\u00f3ra-sz\u00e1m\u00edt-a-CIB-Bank.jpg\" \/>\n\t<meta property=\"og:image:width\" content=\"1024\" \/>\n\t<meta property=\"og:image:height\" content=\"682\" \/>\n\t<meta property=\"og:image:type\" content=\"image\/jpeg\" \/>\n<meta name=\"author\" content=\"super-news\" \/>\n<meta name=\"twitter:card\" content=\"summary_large_image\" \/>\n<meta name=\"twitter:label1\" content=\"Szerz\u0151:\" \/>\n\t<meta name=\"twitter:data1\" content=\"super-news\" \/>\n\t<meta name=\"twitter:label2\" content=\"Becs\u00fclt olvas\u00e1si id\u0151\" \/>\n\t<meta name=\"twitter:data2\" content=\"3 perc\" \/>\n<script type=\"application\/ld+json\" class=\"yoast-schema-graph\">{\"@context\":\"https:\\\/\\\/schema.org\",\"@graph\":[{\"@type\":\"Article\",\"@id\":\"https:\\\/\\\/super-news.info\\\/hu\\\/lassulo-novekedesre-am-emelkedo-inflaciora-szamit-a-cib-bank\\\/#article\",\"isPartOf\":{\"@id\":\"https:\\\/\\\/super-news.info\\\/hu\\\/lassulo-novekedesre-am-emelkedo-inflaciora-szamit-a-cib-bank\\\/\"},\"author\":{\"name\":\"super-news\",\"@id\":\"https:\\\/\\\/super-news.info\\\/hu\\\/#\\\/schema\\\/person\\\/2d4068cb2f39cd10008c2fce578a7356\"},\"headline\":\"Lassul\u00f3 n\u00f6veked\u00e9sre, \u00e1m emelked\u0151 infl\u00e1ci\u00f3ra sz\u00e1m\u00edt a CIB Bank\",\"datePublished\":\"2019-05-16T12:26:49+00:00\",\"dateModified\":\"2019-05-16T12:26:50+00:00\",\"mainEntityOfPage\":{\"@id\":\"https:\\\/\\\/super-news.info\\\/hu\\\/lassulo-novekedesre-am-emelkedo-inflaciora-szamit-a-cib-bank\\\/\"},\"wordCount\":663,\"commentCount\":0,\"image\":{\"@id\":\"https:\\\/\\\/super-news.info\\\/hu\\\/lassulo-novekedesre-am-emelkedo-inflaciora-szamit-a-cib-bank\\\/#primaryimage\"},\"thumbnailUrl\":\"https:\\\/\\\/super-news.info\\\/hu\\\/wp-content\\\/uploads\\\/sites\\\/3\\\/2019\\\/05\\\/Lassul\u00f3-n\u00f6veked\u00e9sre-\u00e1m-emelked\u0151-infl\u00e1ci\u00f3ra-sz\u00e1m\u00edt-a-CIB-Bank.jpg\",\"articleSection\":[\"P\u00c9NZ\u00dcGYI H\u00cdREK\"],\"inLanguage\":\"hu\",\"potentialAction\":[{\"@type\":\"CommentAction\",\"name\":\"Comment\",\"target\":[\"https:\\\/\\\/super-news.info\\\/hu\\\/lassulo-novekedesre-am-emelkedo-inflaciora-szamit-a-cib-bank\\\/#respond\"]}]},{\"@type\":\"WebPage\",\"@id\":\"https:\\\/\\\/super-news.info\\\/hu\\\/lassulo-novekedesre-am-emelkedo-inflaciora-szamit-a-cib-bank\\\/\",\"url\":\"https:\\\/\\\/super-news.info\\\/hu\\\/lassulo-novekedesre-am-emelkedo-inflaciora-szamit-a-cib-bank\\\/\",\"name\":\"Lassul\u00f3 n\u00f6veked\u00e9sre, \u00e1m emelked\u0151 infl\u00e1ci\u00f3ra sz\u00e1m\u00edt a CIB Bank - Super News\",\"isPartOf\":{\"@id\":\"https:\\\/\\\/super-news.info\\\/hu\\\/#website\"},\"primaryImageOfPage\":{\"@id\":\"https:\\\/\\\/super-news.info\\\/hu\\\/lassulo-novekedesre-am-emelkedo-inflaciora-szamit-a-cib-bank\\\/#primaryimage\"},\"image\":{\"@id\":\"https:\\\/\\\/super-news.info\\\/hu\\\/lassulo-novekedesre-am-emelkedo-inflaciora-szamit-a-cib-bank\\\/#primaryimage\"},\"thumbnailUrl\":\"https:\\\/\\\/super-news.info\\\/hu\\\/wp-content\\\/uploads\\\/sites\\\/3\\\/2019\\\/05\\\/Lassul\u00f3-n\u00f6veked\u00e9sre-\u00e1m-emelked\u0151-infl\u00e1ci\u00f3ra-sz\u00e1m\u00edt-a-CIB-Bank.jpg\",\"datePublished\":\"2019-05-16T12:26:49+00:00\",\"dateModified\":\"2019-05-16T12:26:50+00:00\",\"author\":{\"@id\":\"https:\\\/\\\/super-news.info\\\/hu\\\/#\\\/schema\\\/person\\\/2d4068cb2f39cd10008c2fce578a7356\"},\"breadcrumb\":{\"@id\":\"https:\\\/\\\/super-news.info\\\/hu\\\/lassulo-novekedesre-am-emelkedo-inflaciora-szamit-a-cib-bank\\\/#breadcrumb\"},\"inLanguage\":\"hu\",\"potentialAction\":[{\"@type\":\"ReadAction\",\"target\":[\"https:\\\/\\\/super-news.info\\\/hu\\\/lassulo-novekedesre-am-emelkedo-inflaciora-szamit-a-cib-bank\\\/\"]}]},{\"@type\":\"ImageObject\",\"inLanguage\":\"hu\",\"@id\":\"https:\\\/\\\/super-news.info\\\/hu\\\/lassulo-novekedesre-am-emelkedo-inflaciora-szamit-a-cib-bank\\\/#primaryimage\",\"url\":\"https:\\\/\\\/super-news.info\\\/hu\\\/wp-content\\\/uploads\\\/sites\\\/3\\\/2019\\\/05\\\/Lassul\u00f3-n\u00f6veked\u00e9sre-\u00e1m-emelked\u0151-infl\u00e1ci\u00f3ra-sz\u00e1m\u00edt-a-CIB-Bank.jpg\",\"contentUrl\":\"https:\\\/\\\/super-news.info\\\/hu\\\/wp-content\\\/uploads\\\/sites\\\/3\\\/2019\\\/05\\\/Lassul\u00f3-n\u00f6veked\u00e9sre-\u00e1m-emelked\u0151-infl\u00e1ci\u00f3ra-sz\u00e1m\u00edt-a-CIB-Bank.jpg\",\"width\":1024,\"height\":682,\"caption\":\"Lassul\u00f3 n\u00f6veked\u00e9sre, \u00e1m emelked\u0151 infl\u00e1ci\u00f3ra sz\u00e1m\u00edt a CIB Bank\"},{\"@type\":\"BreadcrumbList\",\"@id\":\"https:\\\/\\\/super-news.info\\\/hu\\\/lassulo-novekedesre-am-emelkedo-inflaciora-szamit-a-cib-bank\\\/#breadcrumb\",\"itemListElement\":[{\"@type\":\"ListItem\",\"position\":1,\"name\":\"\u0413\u043b\u0430\u0432\u043d\u0430\u044f \u0441\u0442\u0440\u0430\u043d\u0438\u0446\u0430\",\"item\":\"https:\\\/\\\/super-news.info\\\/hu\\\/\"},{\"@type\":\"ListItem\",\"position\":2,\"name\":\"Lassul\u00f3 n\u00f6veked\u00e9sre, \u00e1m emelked\u0151 infl\u00e1ci\u00f3ra sz\u00e1m\u00edt a CIB Bank\"}]},{\"@type\":\"WebSite\",\"@id\":\"https:\\\/\\\/super-news.info\\\/hu\\\/#website\",\"url\":\"https:\\\/\\\/super-news.info\\\/hu\\\/\",\"name\":\"Super News\",\"description\":\"Super News Magyarorsz\u00e1g\",\"potentialAction\":[{\"@type\":\"SearchAction\",\"target\":{\"@type\":\"EntryPoint\",\"urlTemplate\":\"https:\\\/\\\/super-news.info\\\/hu\\\/?s={search_term_string}\"},\"query-input\":{\"@type\":\"PropertyValueSpecification\",\"valueRequired\":true,\"valueName\":\"search_term_string\"}}],\"inLanguage\":\"hu\"},{\"@type\":\"Person\",\"@id\":\"https:\\\/\\\/super-news.info\\\/hu\\\/#\\\/schema\\\/person\\\/2d4068cb2f39cd10008c2fce578a7356\",\"name\":\"super-news\",\"image\":{\"@type\":\"ImageObject\",\"inLanguage\":\"hu\",\"@id\":\"https:\\\/\\\/secure.gravatar.com\\\/avatar\\\/64ebac40b93f26a154f8a9b5b6fdccfc46f442b26b3dd6756dbff3bf9dc76fd7?s=96&d=mm&r=g\",\"url\":\"https:\\\/\\\/secure.gravatar.com\\\/avatar\\\/64ebac40b93f26a154f8a9b5b6fdccfc46f442b26b3dd6756dbff3bf9dc76fd7?s=96&d=mm&r=g\",\"contentUrl\":\"https:\\\/\\\/secure.gravatar.com\\\/avatar\\\/64ebac40b93f26a154f8a9b5b6fdccfc46f442b26b3dd6756dbff3bf9dc76fd7?s=96&d=mm&r=g\",\"caption\":\"super-news\"},\"url\":\"https:\\\/\\\/super-news.info\\\/hu\\\/author\\\/pt\\\/\"}]}<\/script>\n<!-- \/ Yoast SEO plugin. -->","yoast_head_json":{"title":"Lassul\u00f3 n\u00f6veked\u00e9sre, \u00e1m emelked\u0151 infl\u00e1ci\u00f3ra sz\u00e1m\u00edt a CIB Bank - Super News","robots":{"index":"index","follow":"follow","max-snippet":"max-snippet:-1","max-image-preview":"max-image-preview:large","max-video-preview":"max-video-preview:-1"},"canonical":"https:\/\/super-news.info\/hu\/lassulo-novekedesre-am-emelkedo-inflaciora-szamit-a-cib-bank\/","og_locale":"hu_HU","og_type":"article","og_title":"Lassul\u00f3 n\u00f6veked\u00e9sre, \u00e1m emelked\u0151 infl\u00e1ci\u00f3ra sz\u00e1m\u00edt a CIB Bank - Super News","og_description":"[ad_1] Id\u00e9n 3,5 sz\u00e1zal\u00e9k k\u00f6r\u00fcli gazdas\u00e1gi n\u00f6veked\u00e9st v\u00e1r a CIB Bank, stabilan h\u00e1rom sz\u00e1zal\u00e9k feletti infl\u00e1ci\u00f3, mindazon\u00e1ltal m\u00e9g v\u00e1ltozatlan jegybanki alapkamat mellett \u2013 \u00f6sszegezte Trippon Mariann, a CIB Bank vezet\u0151 elemz\u0151je a bank legfrissebb el\u0151rejelz\u00e9s\u00e9t. A cs\u00fct\u00f6rt\u00f6ki elemz\u00e9s szerint a kev\u00e9sb\u00e9 t\u00e1mogat\u00f3 k\u00fcls\u0151 k\u00f6rnyezetben a bels\u0151 felhaszn\u00e1l\u00e1s marad a gazdas\u00e1g motorja, mik\u00f6zben a keresletoldali infl\u00e1ci\u00f3s [&hellip;]","og_url":"https:\/\/super-news.info\/hu\/lassulo-novekedesre-am-emelkedo-inflaciora-szamit-a-cib-bank\/","og_site_name":"Super News","article_published_time":"2019-05-16T12:26:49+00:00","article_modified_time":"2019-05-16T12:26:50+00:00","og_image":[{"width":1024,"height":682,"url":"https:\/\/super-news.info\/hu\/wp-content\/uploads\/sites\/3\/2019\/05\/Lassul\u00f3-n\u00f6veked\u00e9sre-\u00e1m-emelked\u0151-infl\u00e1ci\u00f3ra-sz\u00e1m\u00edt-a-CIB-Bank.jpg","type":"image\/jpeg"}],"author":"super-news","twitter_card":"summary_large_image","twitter_misc":{"Szerz\u0151:":"super-news","Becs\u00fclt olvas\u00e1si id\u0151":"3 perc"},"schema":{"@context":"https:\/\/schema.org","@graph":[{"@type":"Article","@id":"https:\/\/super-news.info\/hu\/lassulo-novekedesre-am-emelkedo-inflaciora-szamit-a-cib-bank\/#article","isPartOf":{"@id":"https:\/\/super-news.info\/hu\/lassulo-novekedesre-am-emelkedo-inflaciora-szamit-a-cib-bank\/"},"author":{"name":"super-news","@id":"https:\/\/super-news.info\/hu\/#\/schema\/person\/2d4068cb2f39cd10008c2fce578a7356"},"headline":"Lassul\u00f3 n\u00f6veked\u00e9sre, \u00e1m emelked\u0151 infl\u00e1ci\u00f3ra sz\u00e1m\u00edt a CIB Bank","datePublished":"2019-05-16T12:26:49+00:00","dateModified":"2019-05-16T12:26:50+00:00","mainEntityOfPage":{"@id":"https:\/\/super-news.info\/hu\/lassulo-novekedesre-am-emelkedo-inflaciora-szamit-a-cib-bank\/"},"wordCount":663,"commentCount":0,"image":{"@id":"https:\/\/super-news.info\/hu\/lassulo-novekedesre-am-emelkedo-inflaciora-szamit-a-cib-bank\/#primaryimage"},"thumbnailUrl":"https:\/\/super-news.info\/hu\/wp-content\/uploads\/sites\/3\/2019\/05\/Lassul\u00f3-n\u00f6veked\u00e9sre-\u00e1m-emelked\u0151-infl\u00e1ci\u00f3ra-sz\u00e1m\u00edt-a-CIB-Bank.jpg","articleSection":["P\u00c9NZ\u00dcGYI H\u00cdREK"],"inLanguage":"hu","potentialAction":[{"@type":"CommentAction","name":"Comment","target":["https:\/\/super-news.info\/hu\/lassulo-novekedesre-am-emelkedo-inflaciora-szamit-a-cib-bank\/#respond"]}]},{"@type":"WebPage","@id":"https:\/\/super-news.info\/hu\/lassulo-novekedesre-am-emelkedo-inflaciora-szamit-a-cib-bank\/","url":"https:\/\/super-news.info\/hu\/lassulo-novekedesre-am-emelkedo-inflaciora-szamit-a-cib-bank\/","name":"Lassul\u00f3 n\u00f6veked\u00e9sre, \u00e1m emelked\u0151 infl\u00e1ci\u00f3ra sz\u00e1m\u00edt a CIB Bank - Super News","isPartOf":{"@id":"https:\/\/super-news.info\/hu\/#website"},"primaryImageOfPage":{"@id":"https:\/\/super-news.info\/hu\/lassulo-novekedesre-am-emelkedo-inflaciora-szamit-a-cib-bank\/#primaryimage"},"image":{"@id":"https:\/\/super-news.info\/hu\/lassulo-novekedesre-am-emelkedo-inflaciora-szamit-a-cib-bank\/#primaryimage"},"thumbnailUrl":"https:\/\/super-news.info\/hu\/wp-content\/uploads\/sites\/3\/2019\/05\/Lassul\u00f3-n\u00f6veked\u00e9sre-\u00e1m-emelked\u0151-infl\u00e1ci\u00f3ra-sz\u00e1m\u00edt-a-CIB-Bank.jpg","datePublished":"2019-05-16T12:26:49+00:00","dateModified":"2019-05-16T12:26:50+00:00","author":{"@id":"https:\/\/super-news.info\/hu\/#\/schema\/person\/2d4068cb2f39cd10008c2fce578a7356"},"breadcrumb":{"@id":"https:\/\/super-news.info\/hu\/lassulo-novekedesre-am-emelkedo-inflaciora-szamit-a-cib-bank\/#breadcrumb"},"inLanguage":"hu","potentialAction":[{"@type":"ReadAction","target":["https:\/\/super-news.info\/hu\/lassulo-novekedesre-am-emelkedo-inflaciora-szamit-a-cib-bank\/"]}]},{"@type":"ImageObject","inLanguage":"hu","@id":"https:\/\/super-news.info\/hu\/lassulo-novekedesre-am-emelkedo-inflaciora-szamit-a-cib-bank\/#primaryimage","url":"https:\/\/super-news.info\/hu\/wp-content\/uploads\/sites\/3\/2019\/05\/Lassul\u00f3-n\u00f6veked\u00e9sre-\u00e1m-emelked\u0151-infl\u00e1ci\u00f3ra-sz\u00e1m\u00edt-a-CIB-Bank.jpg","contentUrl":"https:\/\/super-news.info\/hu\/wp-content\/uploads\/sites\/3\/2019\/05\/Lassul\u00f3-n\u00f6veked\u00e9sre-\u00e1m-emelked\u0151-infl\u00e1ci\u00f3ra-sz\u00e1m\u00edt-a-CIB-Bank.jpg","width":1024,"height":682,"caption":"Lassul\u00f3 n\u00f6veked\u00e9sre, \u00e1m emelked\u0151 infl\u00e1ci\u00f3ra sz\u00e1m\u00edt a CIB Bank"},{"@type":"BreadcrumbList","@id":"https:\/\/super-news.info\/hu\/lassulo-novekedesre-am-emelkedo-inflaciora-szamit-a-cib-bank\/#breadcrumb","itemListElement":[{"@type":"ListItem","position":1,"name":"\u0413\u043b\u0430\u0432\u043d\u0430\u044f \u0441\u0442\u0440\u0430\u043d\u0438\u0446\u0430","item":"https:\/\/super-news.info\/hu\/"},{"@type":"ListItem","position":2,"name":"Lassul\u00f3 n\u00f6veked\u00e9sre, \u00e1m emelked\u0151 infl\u00e1ci\u00f3ra sz\u00e1m\u00edt a CIB Bank"}]},{"@type":"WebSite","@id":"https:\/\/super-news.info\/hu\/#website","url":"https:\/\/super-news.info\/hu\/","name":"Super News","description":"Super News Magyarorsz\u00e1g","potentialAction":[{"@type":"SearchAction","target":{"@type":"EntryPoint","urlTemplate":"https:\/\/super-news.info\/hu\/?s={search_term_string}"},"query-input":{"@type":"PropertyValueSpecification","valueRequired":true,"valueName":"search_term_string"}}],"inLanguage":"hu"},{"@type":"Person","@id":"https:\/\/super-news.info\/hu\/#\/schema\/person\/2d4068cb2f39cd10008c2fce578a7356","name":"super-news","image":{"@type":"ImageObject","inLanguage":"hu","@id":"https:\/\/secure.gravatar.com\/avatar\/64ebac40b93f26a154f8a9b5b6fdccfc46f442b26b3dd6756dbff3bf9dc76fd7?s=96&d=mm&r=g","url":"https:\/\/secure.gravatar.com\/avatar\/64ebac40b93f26a154f8a9b5b6fdccfc46f442b26b3dd6756dbff3bf9dc76fd7?s=96&d=mm&r=g","contentUrl":"https:\/\/secure.gravatar.com\/avatar\/64ebac40b93f26a154f8a9b5b6fdccfc46f442b26b3dd6756dbff3bf9dc76fd7?s=96&d=mm&r=g","caption":"super-news"},"url":"https:\/\/super-news.info\/hu\/author\/pt\/"}]}},"_links":{"self":[{"href":"https:\/\/super-news.info\/hu\/wp-json\/wp\/v2\/posts\/2080","targetHints":{"allow":["GET"]}}],"collection":[{"href":"https:\/\/super-news.info\/hu\/wp-json\/wp\/v2\/posts"}],"about":[{"href":"https:\/\/super-news.info\/hu\/wp-json\/wp\/v2\/types\/post"}],"author":[{"embeddable":true,"href":"https:\/\/super-news.info\/hu\/wp-json\/wp\/v2\/users\/2"}],"replies":[{"embeddable":true,"href":"https:\/\/super-news.info\/hu\/wp-json\/wp\/v2\/comments?post=2080"}],"version-history":[{"count":1,"href":"https:\/\/super-news.info\/hu\/wp-json\/wp\/v2\/posts\/2080\/revisions"}],"predecessor-version":[{"id":2082,"href":"https:\/\/super-news.info\/hu\/wp-json\/wp\/v2\/posts\/2080\/revisions\/2082"}],"wp:featuredmedia":[{"embeddable":true,"href":"https:\/\/super-news.info\/hu\/wp-json\/wp\/v2\/media\/2081"}],"wp:attachment":[{"href":"https:\/\/super-news.info\/hu\/wp-json\/wp\/v2\/media?parent=2080"}],"wp:term":[{"taxonomy":"category","embeddable":true,"href":"https:\/\/super-news.info\/hu\/wp-json\/wp\/v2\/categories?post=2080"},{"taxonomy":"post_tag","embeddable":true,"href":"https:\/\/super-news.info\/hu\/wp-json\/wp\/v2\/tags?post=2080"}],"curies":[{"name":"wp","href":"https:\/\/api.w.org\/{rel}","templated":true}]}}