{"id":2068,"date":"2019-05-16T12:34:44","date_gmt":"2019-05-16T09:34:44","guid":{"rendered":"https:\/\/super-news.info\/hu\/a-kormany-hamarosan-dontest-hoz-egy-gazdasagvedelmi-akciotervrol\/"},"modified":"2019-05-16T12:34:45","modified_gmt":"2019-05-16T09:34:45","slug":"a-kormany-hamarosan-dontest-hoz-egy-gazdasagvedelmi-akciotervrol","status":"publish","type":"post","link":"https:\/\/super-news.info\/hu\/a-kormany-hamarosan-dontest-hoz-egy-gazdasagvedelmi-akciotervrol\/","title":{"rendered":"A korm\u00e1ny hamarosan d\u00f6nt\u00e9st hoz egy gazdas\u00e1gv\u00e9delmi akci\u00f3tervr\u0151l"},"content":{"rendered":"<p> [ad_1]<br \/>\n<\/p>\n<p>\n\t\t\t\t\t\t\t\tGuly\u00e1s Gergely jelezte, hogy a korm\u00e1ny tiszt\u00e1ban van azokkal a vesz\u00e9lyekkel, amelyeket a nyugat-eur\u00f3pai n\u00f6veked\u00e9s lassul\u00e1sa jelent, ez\u00e9rt v\u00e1rhat\u00f3an k\u00e9t h\u00e9t m\u00falva d\u00f6nt\u00e9st hoz a kabinet egy gazdas\u00e1gv\u00e9delmi akci\u00f3tervr\u0151l. A Minisztereln\u00f6ks\u00e9get vezet\u0151 miniszter azt is bejelentette, hogy a csal\u00e1dv\u00e9delmi akci\u00f3terv \u00f6t pontja hat\u00e1lyba l\u00e9p j\u00falius 1-j\u00e9n.\t\t\t\t\t\t\t<\/p>\n<div>\n<p>A csal\u00e1dv\u00e9delmi akci\u00f3terv erre az \u00e9vre \u00edg\u00e9rt \u00f6t pontja hat\u00e1lyba fog l\u00e9pni j\u00falius 1-j\u00e9n \u2013 er\u0151s\u00edtette meg a Minisztereln\u00f6ks\u00e9g vezet\u0151je cs\u00fct\u00f6rt\u00f6ki sajt\u00f3t\u00e1j\u00e9koztat\u00f3j\u00e1n.<\/p>\n<p>Guly\u00e1s Gergely miniszter az ezzel kapcsolatos br\u00fcsszeli vit\u00e1r\u00f3l azt mondta: a szok\u00e1soknak megfelel\u0151en fordultak Br\u00fcsszelhez \u2013 ahogyan a csokn\u00e1l is tett\u00e9k kor\u00e1bban -, \u00e9s egy el\u0151zetes t\u00e1mogat\u00f3 levelet k\u00e9rtek, \u00e1m azt nem kapt\u00e1k meg, az eur\u00f3pai bizotts\u00e1gi b\u00fcrokr\u00e1cia a tiltott \u00e1llami t\u00e1mogat\u00e1s vesz\u00e9ly\u00e9vel fenyegetett.<\/p>\n<p>K\u00e9s\u0151bb azonban a korm\u00e1ny sz\u00f3beli garanci\u00e1t kapott arra, hogy az Eur\u00f3pai Bizotts\u00e1g nem fog elj\u00e1r\u00e1st ind\u00edtani a babav\u00e1r\u00f3 hitel miatt.<\/p>\n<div id=\"attachment_1515239\" style=\"width: 1410px\" class=\"wp-caption alignnone\">\n<p class=\"wp-caption-text\">Guly\u00e1s Gergely Minisztereln\u00f6ks\u00e9get vezet\u0151 miniszter a Korm\u00e1nyinf\u00f3 sajt\u00f3t\u00e1j\u00e9koztat\u00f3n<br \/>Fot\u00f3: M\u00e1th\u00e9 Zolt\u00e1n \/ MTI<\/p>\n<\/div>\n<p>A tervek szerint j\u00falius 12-\u00e9n fogadhatja el az Orsz\u00e1ggy\u0171l\u00e9s a j\u00f6v\u0151 \u00e9vi k\u00f6lts\u00e9gvet\u00e9st, amelyet j\u00fanius 4-\u00e9n terjesztenek a H\u00e1z el\u00e9 \u2013 k\u00f6z\u00f6lte Guly\u00e1s.<\/p>\n<p>A miniszter arr\u00f3l is besz\u00e9lt, hogy a magyar gazdas\u00e1g els\u0151 negyed\u00e9ves b\u0151v\u00fcl\u00e9se az EU-s tag\u00e1llamok\u00e9 k\u00f6z\u00fcl a legjobb volt, 5,3 sz\u00e1zal\u00e9k.<\/p>\n<p>\u00c9rt\u00e9kel\u00e9se szerint siker\u00fclt bebizony\u00edtani, hogy a n\u00e9met gazdas\u00e1gi n\u00f6veked\u00e9s lassul\u00e1sa nem felt\u00e9tlen\u00fcl hat k\u00f6zvetlen\u00fcl a magyar gazdas\u00e1gra.<\/p>\n<p>Jelezte ugyanakkor, hogy a korm\u00e1ny tiszt\u00e1ban van azokkal a vesz\u00e9lyekkel, amelyeket a nyugat-eur\u00f3pai n\u00f6veked\u00e9s lassul\u00e1sa jelent, ez\u00e9rt v\u00e1rhat\u00f3an k\u00e9t h\u00e9t m\u00falva d\u00f6nt\u00e9st hoz a kabinet egy gazdas\u00e1gv\u00e9delmi akci\u00f3tervr\u0151l.<\/p>\n<\/p><\/div>\n<p><script>\n    window.fbAsyncInit = function() {\n        FB.init({\n            appId      : \"204760236815359\",\n            xfbml      : true,\n            version    : \"v2.12\"\n        });\n        FB.AppEvents.logPageView();\n    };<\/p>\n<p>    (function(d, s, id){\n        var js, fjs = d.getElementsByTagName(s)[0];\n        if (d.getElementById(id)) {return;}\n        js = d.createElement(s); js.id = id;\n        js.src = \"http:\/\/connect.facebook.net\/hu_HU\/sdk.js\";\n        fjs.parentNode.insertBefore(js, fjs);\n    }(document, \"script\", \"facebook-jssdk\"));\n<\/script><br \/>\n<br \/>[ad_2]<br \/>\n<br \/><a href=\"https:\/\/www.vg.hu\/gazdasag\/gazdasagpolitika\/a-kormany-hamarosan-dontest-hoz-egy-gazdasagvedelmi-akciotervrol-1515209\/\">Source link <\/a><\/p>\n","protected":false},"excerpt":{"rendered":"<p>[ad_1] Guly\u00e1s Gergely jelezte, hogy a korm\u00e1ny tiszt\u00e1ban van azokkal a vesz\u00e9lyekkel, amelyeket a nyugat-eur\u00f3pai n\u00f6veked\u00e9s lassul\u00e1sa jelent, ez\u00e9rt v\u00e1rhat\u00f3an k\u00e9t h\u00e9t m\u00falva d\u00f6nt\u00e9st hoz a kabinet egy gazdas\u00e1gv\u00e9delmi akci\u00f3tervr\u0151l. A Minisztereln\u00f6ks\u00e9get vezet\u0151 miniszter azt is bejelentette, hogy a csal\u00e1dv\u00e9delmi akci\u00f3terv \u00f6t pontja hat\u00e1lyba l\u00e9p j\u00falius 1-j\u00e9n. A csal\u00e1dv\u00e9delmi akci\u00f3terv erre az \u00e9vre \u00edg\u00e9rt \u00f6t [&hellip;]<\/p>\n","protected":false},"author":2,"featured_media":2069,"comment_status":"open","ping_status":"open","sticky":false,"template":"","format":"standard","meta":{"footnotes":""},"categories":[1],"tags":[],"class_list":["post-2068","post","type-post","status-publish","format-standard","has-post-thumbnail","hentry","category-penzugyi-hirek"],"yoast_head":"<!-- This site is optimized with the Yoast SEO plugin v27.4 - https:\/\/yoast.com\/product\/yoast-seo-wordpress\/ -->\n<title>A korm\u00e1ny hamarosan d\u00f6nt\u00e9st hoz egy gazdas\u00e1gv\u00e9delmi akci\u00f3tervr\u0151l - Super News<\/title>\n<meta name=\"robots\" content=\"index, follow, max-snippet:-1, max-image-preview:large, max-video-preview:-1\" \/>\n<link rel=\"canonical\" href=\"https:\/\/super-news.info\/hu\/a-kormany-hamarosan-dontest-hoz-egy-gazdasagvedelmi-akciotervrol\/\" \/>\n<meta property=\"og:locale\" content=\"hu_HU\" \/>\n<meta property=\"og:type\" content=\"article\" \/>\n<meta property=\"og:title\" content=\"A korm\u00e1ny hamarosan d\u00f6nt\u00e9st hoz egy gazdas\u00e1gv\u00e9delmi akci\u00f3tervr\u0151l - Super News\" \/>\n<meta property=\"og:description\" content=\"[ad_1] Guly\u00e1s Gergely jelezte, hogy a korm\u00e1ny tiszt\u00e1ban van azokkal a vesz\u00e9lyekkel, amelyeket a nyugat-eur\u00f3pai n\u00f6veked\u00e9s lassul\u00e1sa jelent, ez\u00e9rt v\u00e1rhat\u00f3an k\u00e9t h\u00e9t m\u00falva d\u00f6nt\u00e9st hoz a kabinet egy gazdas\u00e1gv\u00e9delmi akci\u00f3tervr\u0151l. A Minisztereln\u00f6ks\u00e9get vezet\u0151 miniszter azt is bejelentette, hogy a csal\u00e1dv\u00e9delmi akci\u00f3terv \u00f6t pontja hat\u00e1lyba l\u00e9p j\u00falius 1-j\u00e9n. A csal\u00e1dv\u00e9delmi akci\u00f3terv erre az \u00e9vre \u00edg\u00e9rt \u00f6t [&hellip;]\" \/>\n<meta property=\"og:url\" content=\"https:\/\/super-news.info\/hu\/a-kormany-hamarosan-dontest-hoz-egy-gazdasagvedelmi-akciotervrol\/\" \/>\n<meta property=\"og:site_name\" content=\"Super News\" \/>\n<meta property=\"article:published_time\" content=\"2019-05-16T09:34:44+00:00\" \/>\n<meta property=\"article:modified_time\" content=\"2019-05-16T09:34:45+00:00\" \/>\n<meta property=\"og:image\" content=\"https:\/\/super-news.info\/hu\/wp-content\/uploads\/sites\/3\/2019\/05\/A-korm\u00e1ny-hamarosan-d\u00f6nt\u00e9st-hoz-egy-gazdas\u00e1gv\u00e9delmi-akci\u00f3tervr\u0151l.jpg\" \/>\n\t<meta property=\"og:image:width\" content=\"1400\" \/>\n\t<meta property=\"og:image:height\" content=\"933\" \/>\n\t<meta property=\"og:image:type\" content=\"image\/jpeg\" \/>\n<meta name=\"author\" content=\"super-news\" \/>\n<meta name=\"twitter:card\" content=\"summary_large_image\" \/>\n<meta name=\"twitter:label1\" content=\"Szerz\u0151:\" \/>\n\t<meta name=\"twitter:data1\" content=\"super-news\" \/>\n\t<meta name=\"twitter:label2\" content=\"Becs\u00fclt olvas\u00e1si id\u0151\" \/>\n\t<meta name=\"twitter:data2\" content=\"2 perc\" \/>\n<script type=\"application\/ld+json\" class=\"yoast-schema-graph\">{\"@context\":\"https:\\\/\\\/schema.org\",\"@graph\":[{\"@type\":\"Article\",\"@id\":\"https:\\\/\\\/super-news.info\\\/hu\\\/a-kormany-hamarosan-dontest-hoz-egy-gazdasagvedelmi-akciotervrol\\\/#article\",\"isPartOf\":{\"@id\":\"https:\\\/\\\/super-news.info\\\/hu\\\/a-kormany-hamarosan-dontest-hoz-egy-gazdasagvedelmi-akciotervrol\\\/\"},\"author\":{\"name\":\"super-news\",\"@id\":\"https:\\\/\\\/super-news.info\\\/hu\\\/#\\\/schema\\\/person\\\/2d4068cb2f39cd10008c2fce578a7356\"},\"headline\":\"A korm\u00e1ny hamarosan d\u00f6nt\u00e9st hoz egy gazdas\u00e1gv\u00e9delmi akci\u00f3tervr\u0151l\",\"datePublished\":\"2019-05-16T09:34:44+00:00\",\"dateModified\":\"2019-05-16T09:34:45+00:00\",\"mainEntityOfPage\":{\"@id\":\"https:\\\/\\\/super-news.info\\\/hu\\\/a-kormany-hamarosan-dontest-hoz-egy-gazdasagvedelmi-akciotervrol\\\/\"},\"wordCount\":400,\"commentCount\":0,\"image\":{\"@id\":\"https:\\\/\\\/super-news.info\\\/hu\\\/a-kormany-hamarosan-dontest-hoz-egy-gazdasagvedelmi-akciotervrol\\\/#primaryimage\"},\"thumbnailUrl\":\"https:\\\/\\\/super-news.info\\\/hu\\\/wp-content\\\/uploads\\\/sites\\\/3\\\/2019\\\/05\\\/A-korm\u00e1ny-hamarosan-d\u00f6nt\u00e9st-hoz-egy-gazdas\u00e1gv\u00e9delmi-akci\u00f3tervr\u0151l.jpg\",\"articleSection\":[\"P\u00c9NZ\u00dcGYI H\u00cdREK\"],\"inLanguage\":\"hu\",\"potentialAction\":[{\"@type\":\"CommentAction\",\"name\":\"Comment\",\"target\":[\"https:\\\/\\\/super-news.info\\\/hu\\\/a-kormany-hamarosan-dontest-hoz-egy-gazdasagvedelmi-akciotervrol\\\/#respond\"]}]},{\"@type\":\"WebPage\",\"@id\":\"https:\\\/\\\/super-news.info\\\/hu\\\/a-kormany-hamarosan-dontest-hoz-egy-gazdasagvedelmi-akciotervrol\\\/\",\"url\":\"https:\\\/\\\/super-news.info\\\/hu\\\/a-kormany-hamarosan-dontest-hoz-egy-gazdasagvedelmi-akciotervrol\\\/\",\"name\":\"A korm\u00e1ny hamarosan d\u00f6nt\u00e9st hoz egy gazdas\u00e1gv\u00e9delmi akci\u00f3tervr\u0151l - Super News\",\"isPartOf\":{\"@id\":\"https:\\\/\\\/super-news.info\\\/hu\\\/#website\"},\"primaryImageOfPage\":{\"@id\":\"https:\\\/\\\/super-news.info\\\/hu\\\/a-kormany-hamarosan-dontest-hoz-egy-gazdasagvedelmi-akciotervrol\\\/#primaryimage\"},\"image\":{\"@id\":\"https:\\\/\\\/super-news.info\\\/hu\\\/a-kormany-hamarosan-dontest-hoz-egy-gazdasagvedelmi-akciotervrol\\\/#primaryimage\"},\"thumbnailUrl\":\"https:\\\/\\\/super-news.info\\\/hu\\\/wp-content\\\/uploads\\\/sites\\\/3\\\/2019\\\/05\\\/A-korm\u00e1ny-hamarosan-d\u00f6nt\u00e9st-hoz-egy-gazdas\u00e1gv\u00e9delmi-akci\u00f3tervr\u0151l.jpg\",\"datePublished\":\"2019-05-16T09:34:44+00:00\",\"dateModified\":\"2019-05-16T09:34:45+00:00\",\"author\":{\"@id\":\"https:\\\/\\\/super-news.info\\\/hu\\\/#\\\/schema\\\/person\\\/2d4068cb2f39cd10008c2fce578a7356\"},\"breadcrumb\":{\"@id\":\"https:\\\/\\\/super-news.info\\\/hu\\\/a-kormany-hamarosan-dontest-hoz-egy-gazdasagvedelmi-akciotervrol\\\/#breadcrumb\"},\"inLanguage\":\"hu\",\"potentialAction\":[{\"@type\":\"ReadAction\",\"target\":[\"https:\\\/\\\/super-news.info\\\/hu\\\/a-kormany-hamarosan-dontest-hoz-egy-gazdasagvedelmi-akciotervrol\\\/\"]}]},{\"@type\":\"ImageObject\",\"inLanguage\":\"hu\",\"@id\":\"https:\\\/\\\/super-news.info\\\/hu\\\/a-kormany-hamarosan-dontest-hoz-egy-gazdasagvedelmi-akciotervrol\\\/#primaryimage\",\"url\":\"https:\\\/\\\/super-news.info\\\/hu\\\/wp-content\\\/uploads\\\/sites\\\/3\\\/2019\\\/05\\\/A-korm\u00e1ny-hamarosan-d\u00f6nt\u00e9st-hoz-egy-gazdas\u00e1gv\u00e9delmi-akci\u00f3tervr\u0151l.jpg\",\"contentUrl\":\"https:\\\/\\\/super-news.info\\\/hu\\\/wp-content\\\/uploads\\\/sites\\\/3\\\/2019\\\/05\\\/A-korm\u00e1ny-hamarosan-d\u00f6nt\u00e9st-hoz-egy-gazdas\u00e1gv\u00e9delmi-akci\u00f3tervr\u0151l.jpg\",\"width\":1400,\"height\":933,\"caption\":\"A korm\u00e1ny hamarosan d\u00f6nt\u00e9st hoz egy gazdas\u00e1gv\u00e9delmi akci\u00f3tervr\u0151l\"},{\"@type\":\"BreadcrumbList\",\"@id\":\"https:\\\/\\\/super-news.info\\\/hu\\\/a-kormany-hamarosan-dontest-hoz-egy-gazdasagvedelmi-akciotervrol\\\/#breadcrumb\",\"itemListElement\":[{\"@type\":\"ListItem\",\"position\":1,\"name\":\"\u0413\u043b\u0430\u0432\u043d\u0430\u044f \u0441\u0442\u0440\u0430\u043d\u0438\u0446\u0430\",\"item\":\"https:\\\/\\\/super-news.info\\\/hu\\\/\"},{\"@type\":\"ListItem\",\"position\":2,\"name\":\"A korm\u00e1ny hamarosan d\u00f6nt\u00e9st hoz egy gazdas\u00e1gv\u00e9delmi akci\u00f3tervr\u0151l\"}]},{\"@type\":\"WebSite\",\"@id\":\"https:\\\/\\\/super-news.info\\\/hu\\\/#website\",\"url\":\"https:\\\/\\\/super-news.info\\\/hu\\\/\",\"name\":\"Super News\",\"description\":\"Super News Magyarorsz\u00e1g\",\"potentialAction\":[{\"@type\":\"SearchAction\",\"target\":{\"@type\":\"EntryPoint\",\"urlTemplate\":\"https:\\\/\\\/super-news.info\\\/hu\\\/?s={search_term_string}\"},\"query-input\":{\"@type\":\"PropertyValueSpecification\",\"valueRequired\":true,\"valueName\":\"search_term_string\"}}],\"inLanguage\":\"hu\"},{\"@type\":\"Person\",\"@id\":\"https:\\\/\\\/super-news.info\\\/hu\\\/#\\\/schema\\\/person\\\/2d4068cb2f39cd10008c2fce578a7356\",\"name\":\"super-news\",\"image\":{\"@type\":\"ImageObject\",\"inLanguage\":\"hu\",\"@id\":\"https:\\\/\\\/secure.gravatar.com\\\/avatar\\\/64ebac40b93f26a154f8a9b5b6fdccfc46f442b26b3dd6756dbff3bf9dc76fd7?s=96&d=mm&r=g\",\"url\":\"https:\\\/\\\/secure.gravatar.com\\\/avatar\\\/64ebac40b93f26a154f8a9b5b6fdccfc46f442b26b3dd6756dbff3bf9dc76fd7?s=96&d=mm&r=g\",\"contentUrl\":\"https:\\\/\\\/secure.gravatar.com\\\/avatar\\\/64ebac40b93f26a154f8a9b5b6fdccfc46f442b26b3dd6756dbff3bf9dc76fd7?s=96&d=mm&r=g\",\"caption\":\"super-news\"},\"url\":\"https:\\\/\\\/super-news.info\\\/hu\\\/author\\\/pt\\\/\"}]}<\/script>\n<!-- \/ Yoast SEO plugin. -->","yoast_head_json":{"title":"A korm\u00e1ny hamarosan d\u00f6nt\u00e9st hoz egy gazdas\u00e1gv\u00e9delmi akci\u00f3tervr\u0151l - Super News","robots":{"index":"index","follow":"follow","max-snippet":"max-snippet:-1","max-image-preview":"max-image-preview:large","max-video-preview":"max-video-preview:-1"},"canonical":"https:\/\/super-news.info\/hu\/a-kormany-hamarosan-dontest-hoz-egy-gazdasagvedelmi-akciotervrol\/","og_locale":"hu_HU","og_type":"article","og_title":"A korm\u00e1ny hamarosan d\u00f6nt\u00e9st hoz egy gazdas\u00e1gv\u00e9delmi akci\u00f3tervr\u0151l - Super News","og_description":"[ad_1] Guly\u00e1s Gergely jelezte, hogy a korm\u00e1ny tiszt\u00e1ban van azokkal a vesz\u00e9lyekkel, amelyeket a nyugat-eur\u00f3pai n\u00f6veked\u00e9s lassul\u00e1sa jelent, ez\u00e9rt v\u00e1rhat\u00f3an k\u00e9t h\u00e9t m\u00falva d\u00f6nt\u00e9st hoz a kabinet egy gazdas\u00e1gv\u00e9delmi akci\u00f3tervr\u0151l. A Minisztereln\u00f6ks\u00e9get vezet\u0151 miniszter azt is bejelentette, hogy a csal\u00e1dv\u00e9delmi akci\u00f3terv \u00f6t pontja hat\u00e1lyba l\u00e9p j\u00falius 1-j\u00e9n. A csal\u00e1dv\u00e9delmi akci\u00f3terv erre az \u00e9vre \u00edg\u00e9rt \u00f6t [&hellip;]","og_url":"https:\/\/super-news.info\/hu\/a-kormany-hamarosan-dontest-hoz-egy-gazdasagvedelmi-akciotervrol\/","og_site_name":"Super News","article_published_time":"2019-05-16T09:34:44+00:00","article_modified_time":"2019-05-16T09:34:45+00:00","og_image":[{"width":1400,"height":933,"url":"https:\/\/super-news.info\/hu\/wp-content\/uploads\/sites\/3\/2019\/05\/A-korm\u00e1ny-hamarosan-d\u00f6nt\u00e9st-hoz-egy-gazdas\u00e1gv\u00e9delmi-akci\u00f3tervr\u0151l.jpg","type":"image\/jpeg"}],"author":"super-news","twitter_card":"summary_large_image","twitter_misc":{"Szerz\u0151:":"super-news","Becs\u00fclt olvas\u00e1si id\u0151":"2 perc"},"schema":{"@context":"https:\/\/schema.org","@graph":[{"@type":"Article","@id":"https:\/\/super-news.info\/hu\/a-kormany-hamarosan-dontest-hoz-egy-gazdasagvedelmi-akciotervrol\/#article","isPartOf":{"@id":"https:\/\/super-news.info\/hu\/a-kormany-hamarosan-dontest-hoz-egy-gazdasagvedelmi-akciotervrol\/"},"author":{"name":"super-news","@id":"https:\/\/super-news.info\/hu\/#\/schema\/person\/2d4068cb2f39cd10008c2fce578a7356"},"headline":"A korm\u00e1ny hamarosan d\u00f6nt\u00e9st hoz egy gazdas\u00e1gv\u00e9delmi akci\u00f3tervr\u0151l","datePublished":"2019-05-16T09:34:44+00:00","dateModified":"2019-05-16T09:34:45+00:00","mainEntityOfPage":{"@id":"https:\/\/super-news.info\/hu\/a-kormany-hamarosan-dontest-hoz-egy-gazdasagvedelmi-akciotervrol\/"},"wordCount":400,"commentCount":0,"image":{"@id":"https:\/\/super-news.info\/hu\/a-kormany-hamarosan-dontest-hoz-egy-gazdasagvedelmi-akciotervrol\/#primaryimage"},"thumbnailUrl":"https:\/\/super-news.info\/hu\/wp-content\/uploads\/sites\/3\/2019\/05\/A-korm\u00e1ny-hamarosan-d\u00f6nt\u00e9st-hoz-egy-gazdas\u00e1gv\u00e9delmi-akci\u00f3tervr\u0151l.jpg","articleSection":["P\u00c9NZ\u00dcGYI H\u00cdREK"],"inLanguage":"hu","potentialAction":[{"@type":"CommentAction","name":"Comment","target":["https:\/\/super-news.info\/hu\/a-kormany-hamarosan-dontest-hoz-egy-gazdasagvedelmi-akciotervrol\/#respond"]}]},{"@type":"WebPage","@id":"https:\/\/super-news.info\/hu\/a-kormany-hamarosan-dontest-hoz-egy-gazdasagvedelmi-akciotervrol\/","url":"https:\/\/super-news.info\/hu\/a-kormany-hamarosan-dontest-hoz-egy-gazdasagvedelmi-akciotervrol\/","name":"A korm\u00e1ny hamarosan d\u00f6nt\u00e9st hoz egy gazdas\u00e1gv\u00e9delmi akci\u00f3tervr\u0151l - Super News","isPartOf":{"@id":"https:\/\/super-news.info\/hu\/#website"},"primaryImageOfPage":{"@id":"https:\/\/super-news.info\/hu\/a-kormany-hamarosan-dontest-hoz-egy-gazdasagvedelmi-akciotervrol\/#primaryimage"},"image":{"@id":"https:\/\/super-news.info\/hu\/a-kormany-hamarosan-dontest-hoz-egy-gazdasagvedelmi-akciotervrol\/#primaryimage"},"thumbnailUrl":"https:\/\/super-news.info\/hu\/wp-content\/uploads\/sites\/3\/2019\/05\/A-korm\u00e1ny-hamarosan-d\u00f6nt\u00e9st-hoz-egy-gazdas\u00e1gv\u00e9delmi-akci\u00f3tervr\u0151l.jpg","datePublished":"2019-05-16T09:34:44+00:00","dateModified":"2019-05-16T09:34:45+00:00","author":{"@id":"https:\/\/super-news.info\/hu\/#\/schema\/person\/2d4068cb2f39cd10008c2fce578a7356"},"breadcrumb":{"@id":"https:\/\/super-news.info\/hu\/a-kormany-hamarosan-dontest-hoz-egy-gazdasagvedelmi-akciotervrol\/#breadcrumb"},"inLanguage":"hu","potentialAction":[{"@type":"ReadAction","target":["https:\/\/super-news.info\/hu\/a-kormany-hamarosan-dontest-hoz-egy-gazdasagvedelmi-akciotervrol\/"]}]},{"@type":"ImageObject","inLanguage":"hu","@id":"https:\/\/super-news.info\/hu\/a-kormany-hamarosan-dontest-hoz-egy-gazdasagvedelmi-akciotervrol\/#primaryimage","url":"https:\/\/super-news.info\/hu\/wp-content\/uploads\/sites\/3\/2019\/05\/A-korm\u00e1ny-hamarosan-d\u00f6nt\u00e9st-hoz-egy-gazdas\u00e1gv\u00e9delmi-akci\u00f3tervr\u0151l.jpg","contentUrl":"https:\/\/super-news.info\/hu\/wp-content\/uploads\/sites\/3\/2019\/05\/A-korm\u00e1ny-hamarosan-d\u00f6nt\u00e9st-hoz-egy-gazdas\u00e1gv\u00e9delmi-akci\u00f3tervr\u0151l.jpg","width":1400,"height":933,"caption":"A korm\u00e1ny hamarosan d\u00f6nt\u00e9st hoz egy gazdas\u00e1gv\u00e9delmi akci\u00f3tervr\u0151l"},{"@type":"BreadcrumbList","@id":"https:\/\/super-news.info\/hu\/a-kormany-hamarosan-dontest-hoz-egy-gazdasagvedelmi-akciotervrol\/#breadcrumb","itemListElement":[{"@type":"ListItem","position":1,"name":"\u0413\u043b\u0430\u0432\u043d\u0430\u044f \u0441\u0442\u0440\u0430\u043d\u0438\u0446\u0430","item":"https:\/\/super-news.info\/hu\/"},{"@type":"ListItem","position":2,"name":"A korm\u00e1ny hamarosan d\u00f6nt\u00e9st hoz egy gazdas\u00e1gv\u00e9delmi akci\u00f3tervr\u0151l"}]},{"@type":"WebSite","@id":"https:\/\/super-news.info\/hu\/#website","url":"https:\/\/super-news.info\/hu\/","name":"Super News","description":"Super News Magyarorsz\u00e1g","potentialAction":[{"@type":"SearchAction","target":{"@type":"EntryPoint","urlTemplate":"https:\/\/super-news.info\/hu\/?s={search_term_string}"},"query-input":{"@type":"PropertyValueSpecification","valueRequired":true,"valueName":"search_term_string"}}],"inLanguage":"hu"},{"@type":"Person","@id":"https:\/\/super-news.info\/hu\/#\/schema\/person\/2d4068cb2f39cd10008c2fce578a7356","name":"super-news","image":{"@type":"ImageObject","inLanguage":"hu","@id":"https:\/\/secure.gravatar.com\/avatar\/64ebac40b93f26a154f8a9b5b6fdccfc46f442b26b3dd6756dbff3bf9dc76fd7?s=96&d=mm&r=g","url":"https:\/\/secure.gravatar.com\/avatar\/64ebac40b93f26a154f8a9b5b6fdccfc46f442b26b3dd6756dbff3bf9dc76fd7?s=96&d=mm&r=g","contentUrl":"https:\/\/secure.gravatar.com\/avatar\/64ebac40b93f26a154f8a9b5b6fdccfc46f442b26b3dd6756dbff3bf9dc76fd7?s=96&d=mm&r=g","caption":"super-news"},"url":"https:\/\/super-news.info\/hu\/author\/pt\/"}]}},"_links":{"self":[{"href":"https:\/\/super-news.info\/hu\/wp-json\/wp\/v2\/posts\/2068","targetHints":{"allow":["GET"]}}],"collection":[{"href":"https:\/\/super-news.info\/hu\/wp-json\/wp\/v2\/posts"}],"about":[{"href":"https:\/\/super-news.info\/hu\/wp-json\/wp\/v2\/types\/post"}],"author":[{"embeddable":true,"href":"https:\/\/super-news.info\/hu\/wp-json\/wp\/v2\/users\/2"}],"replies":[{"embeddable":true,"href":"https:\/\/super-news.info\/hu\/wp-json\/wp\/v2\/comments?post=2068"}],"version-history":[{"count":1,"href":"https:\/\/super-news.info\/hu\/wp-json\/wp\/v2\/posts\/2068\/revisions"}],"predecessor-version":[{"id":2070,"href":"https:\/\/super-news.info\/hu\/wp-json\/wp\/v2\/posts\/2068\/revisions\/2070"}],"wp:featuredmedia":[{"embeddable":true,"href":"https:\/\/super-news.info\/hu\/wp-json\/wp\/v2\/media\/2069"}],"wp:attachment":[{"href":"https:\/\/super-news.info\/hu\/wp-json\/wp\/v2\/media?parent=2068"}],"wp:term":[{"taxonomy":"category","embeddable":true,"href":"https:\/\/super-news.info\/hu\/wp-json\/wp\/v2\/categories?post=2068"},{"taxonomy":"post_tag","embeddable":true,"href":"https:\/\/super-news.info\/hu\/wp-json\/wp\/v2\/tags?post=2068"}],"curies":[{"name":"wp","href":"https:\/\/api.w.org\/{rel}","templated":true}]}}