{"id":2059,"date":"2019-05-16T10:20:43","date_gmt":"2019-05-16T07:20:43","guid":{"rendered":"https:\/\/super-news.info\/hu\/a-mercedes-es-a-bmw-sem-fordit-hatat\/"},"modified":"2019-05-16T10:20:44","modified_gmt":"2019-05-16T07:20:44","slug":"a-mercedes-es-a-bmw-sem-fordit-hatat","status":"publish","type":"post","link":"https:\/\/super-news.info\/hu\/a-mercedes-es-a-bmw-sem-fordit-hatat\/","title":{"rendered":"A Mercedes \u00e9s a BMW sem ford\u00edt h\u00e1tat"},"content":{"rendered":"<p> [ad_1]<br \/>\n<\/p>\n<p>\n\t\t\t\t\t\t\t\tNem kell azzal sz\u00e1molni, hogy a\u202fn\u00e9met konszernek \u00fajratervezn\u00e9k magyarorsz\u00e1gi tev\u00e9kenys\u00e9g\u00fcket. A\u202fk\u00f6lts\u00e9ghat\u00e9konys\u00e1g re\u00e1lis c\u00e9l, de ezt \u00e9ppen az\u202fitthoni \u00fczemek meg\u00e9p\u00fcl\u00e9se seg\u00edten\u00e9.\t\t\t\t\t\t\t<\/p>\n<div>\n<p>A Mercedes \u00e9s a BMW is eld\u00f6nt\u00f6tte, hogy Magyarorsz\u00e1gon \u00e9p\u00edt gy\u00e1rat, ezeket a beruh\u00e1z\u00e1sokat pedig v\u00e9ghez is viszik \u2013 \u00edgy komment\u00e1lta a Magyar G\u00e9pj\u00e1rm\u0171ipari Egyes\u00fclet (Mage) \u00fcgyvezet\u0151 f\u0151titk\u00e1ra, Kili\u00e1n Csaba azokat a sajt\u00f3h\u00edreket, amelyek szerint a k\u00e9t n\u00e9met \u00f3ri\u00e1sv\u00e1llalatn\u00e1l k\u00e9rd\u00e9sess\u00e9 v\u00e1ltak a magyar fejleszt\u00e9sek. R\u00e1mutatott, hogy a glob\u00e1lis aut\u00f3ipar sz\u00e1mos v\u00e1ltoz\u00e1s el\u0151tt \u00e1ll, ezek pedig magukkal hozz\u00e1k a k\u00f6lts\u00e9ghat\u00e9konys\u00e1g \u00e9s a versenyk\u00e9pess\u00e9g jav\u00edt\u00e1s\u00e1t is.<\/p>\n<blockquote>\n<p>A technol\u00f3giai v\u00e1lt\u00e1s, a k\u00f6rnyezetv\u00e9delmi szab\u00e1lyoz\u00f3 rendszerek, valamint az eur\u00f3pai, amerikai, \u00e1zsiai piacok teljes\u00edtm\u00e9nye mind befoly\u00e1solja a termel\u00e9st. Azt, hogy ezek miatt kiv\u00e1runk, esetleg lassabb \u00fctemez\u00e9sre \u00e1ll\u00edtunk \u00e1t egyes projekteket, term\u00e9szetesnek tartom<\/p>\n<\/blockquote>\n<p>\u2013 mondta.<\/p>\n<div id=\"attachment_1514959\" style=\"width: 1410px\" class=\"wp-caption aligncenter\">\n<p class=\"wp-caption-text\">Fot\u00f3: B\u00fas Csaba\/Pet\u0151fi N\u00e9pe<\/p>\n<\/div>\n<p>A Mage f\u0151titk\u00e1ra arra is eml\u00e9keztetett, hogy mind a Mercedes kecskem\u00e9ti b\u0151v\u00edt\u00e9s\u00e9t, mind a BMW debreceni megjelen\u00e9s\u00e9t megalapozott d\u00f6nt\u00e9sek el\u0151zt\u00e9k meg, amelyek nem n\u00e9h\u00e1ny \u00e9vre sz\u00f3lnak, hanem k\u00e9t-h\u00e1rom \u00e9vtizedre. Ez\u00e9rt szerinte a Daimler \u00e9l\u00e9n esed\u00e9kes vezet\u0151v\u00e1lt\u00e1s sem fogja \u00e9rinteni a c\u00e9g magyarorsz\u00e1gi terveit.<\/p>\n<blockquote>\n<p>Ha lesz is restrikci\u00f3, nem val\u00f3sz\u00edn\u0171, hogy a friss fejleszt\u00e9sekre vonatkozna. Tudom\u00e1sunk szerint Kecskem\u00e9ten \u00e9s Debrecenben is zajlanak az el\u0151k\u00e9sz\u00fcletek, a BMW m\u00e1r a toborz\u00e1st is megkezdte, nincs sz\u00f3 le\u00e1ll\u00e1sr\u00f3l.<\/p>\n<\/blockquote>\n<p>V\u00e1rkonyi G\u00e1bor aut\u00f3ipari szak\u00e9rt\u0151 szerint m\u00e1r \u00f6nmagukban a projektek cs\u00fasz\u00e1s\u00e1r\u00f3l besz\u00e1mol\u00f3 h\u00edreknek sem biztos, hogy van val\u00f3s\u00e1galapjuk. Felvet\u00e9s\u00e9t r\u00e9szben arra alapozza, hogy a sokat emlegetett k\u00f6lts\u00e9ghat\u00e9konys\u00e1g c\u00e9lj\u00e1t egy ilyen l\u00e9p\u00e9s egy\u00e1ltal\u00e1n nem seg\u00edten\u00e9.<\/p>\n<blockquote>\n<p>A Mercedes \u00e9s a BMW is \u00fagynevezett full-flex gy\u00e1rakat \u00e9p\u00edt Magyarorsz\u00e1gon, ezek az \u00faj gener\u00e1ci\u00f3s egys\u00e9gek k\u00e9pesek arra, hogy er\u0151sen elt\u00e9r\u0151 technol\u00f3gi\u00e1j\u00fa j\u00e1rm\u0171veket egym\u00e1ssal p\u00e1rhuzamosan, nagyon rugalmasan \u00e1ll\u00edtsanak el\u0151<\/p>\n<\/blockquote>\n<p>\u2013 emelte ki.<\/p>\n<p style=\"text-align: right;\"><em>A teljes cikk a Vil\u00e1ggazdas\u00e1g cs\u00fct\u00f6rt\u00f6ki sz\u00e1m\u00e1ban olvashat\u00f3<\/em><\/p>\n<\/p><\/div>\n<p><script>\n    window.fbAsyncInit = function() {\n        FB.init({\n            appId      : \"204760236815359\",\n            xfbml      : true,\n            version    : \"v2.12\"\n        });\n        FB.AppEvents.logPageView();\n    };<\/p>\n<p>    (function(d, s, id){\n        var js, fjs = d.getElementsByTagName(s)[0];\n        if (d.getElementById(id)) {return;}\n        js = d.createElement(s); js.id = id;\n        js.src = \"http:\/\/connect.facebook.net\/hu_HU\/sdk.js\";\n        fjs.parentNode.insertBefore(js, fjs);\n    }(document, \"script\", \"facebook-jssdk\"));\n<\/script><br \/>\n<br \/>[ad_2]<br \/>\n<br \/><a href=\"https:\/\/www.vg.hu\/vallalatok\/vallalati-hirek\/a-mercedes-es-a-bmw-sem-fordit-hatat-2-1514956\/\">Source link <\/a><\/p>\n","protected":false},"excerpt":{"rendered":"<p>[ad_1] Nem kell azzal sz\u00e1molni, hogy a\u202fn\u00e9met konszernek \u00fajratervezn\u00e9k magyarorsz\u00e1gi tev\u00e9kenys\u00e9g\u00fcket. A\u202fk\u00f6lts\u00e9ghat\u00e9konys\u00e1g re\u00e1lis c\u00e9l, de ezt \u00e9ppen az\u202fitthoni \u00fczemek meg\u00e9p\u00fcl\u00e9se seg\u00edten\u00e9. A Mercedes \u00e9s a BMW is eld\u00f6nt\u00f6tte, hogy Magyarorsz\u00e1gon \u00e9p\u00edt gy\u00e1rat, ezeket a beruh\u00e1z\u00e1sokat pedig v\u00e9ghez is viszik \u2013 \u00edgy komment\u00e1lta a Magyar G\u00e9pj\u00e1rm\u0171ipari Egyes\u00fclet (Mage) \u00fcgyvezet\u0151 f\u0151titk\u00e1ra, Kili\u00e1n Csaba azokat a sajt\u00f3h\u00edreket, amelyek [&hellip;]<\/p>\n","protected":false},"author":2,"featured_media":2060,"comment_status":"open","ping_status":"open","sticky":false,"template":"","format":"standard","meta":{"footnotes":""},"categories":[1],"tags":[],"class_list":["post-2059","post","type-post","status-publish","format-standard","has-post-thumbnail","hentry","category-penzugyi-hirek"],"yoast_head":"<!-- This site is optimized with the Yoast SEO plugin v27.4 - https:\/\/yoast.com\/product\/yoast-seo-wordpress\/ -->\n<title>A Mercedes \u00e9s a BMW sem ford\u00edt h\u00e1tat - Super News<\/title>\n<meta name=\"robots\" content=\"index, follow, max-snippet:-1, max-image-preview:large, max-video-preview:-1\" \/>\n<link rel=\"canonical\" href=\"https:\/\/super-news.info\/hu\/a-mercedes-es-a-bmw-sem-fordit-hatat\/\" \/>\n<meta property=\"og:locale\" content=\"hu_HU\" \/>\n<meta property=\"og:type\" content=\"article\" \/>\n<meta property=\"og:title\" content=\"A Mercedes \u00e9s a BMW sem ford\u00edt h\u00e1tat - Super News\" \/>\n<meta property=\"og:description\" content=\"[ad_1] Nem kell azzal sz\u00e1molni, hogy a\u202fn\u00e9met konszernek \u00fajratervezn\u00e9k magyarorsz\u00e1gi tev\u00e9kenys\u00e9g\u00fcket. A\u202fk\u00f6lts\u00e9ghat\u00e9konys\u00e1g re\u00e1lis c\u00e9l, de ezt \u00e9ppen az\u202fitthoni \u00fczemek meg\u00e9p\u00fcl\u00e9se seg\u00edten\u00e9. A Mercedes \u00e9s a BMW is eld\u00f6nt\u00f6tte, hogy Magyarorsz\u00e1gon \u00e9p\u00edt gy\u00e1rat, ezeket a beruh\u00e1z\u00e1sokat pedig v\u00e9ghez is viszik \u2013 \u00edgy komment\u00e1lta a Magyar G\u00e9pj\u00e1rm\u0171ipari Egyes\u00fclet (Mage) \u00fcgyvezet\u0151 f\u0151titk\u00e1ra, Kili\u00e1n Csaba azokat a sajt\u00f3h\u00edreket, amelyek [&hellip;]\" \/>\n<meta property=\"og:url\" content=\"https:\/\/super-news.info\/hu\/a-mercedes-es-a-bmw-sem-fordit-hatat\/\" \/>\n<meta property=\"og:site_name\" content=\"Super News\" \/>\n<meta property=\"article:published_time\" content=\"2019-05-16T07:20:43+00:00\" \/>\n<meta property=\"article:modified_time\" content=\"2019-05-16T07:20:44+00:00\" \/>\n<meta property=\"og:image\" content=\"https:\/\/super-news.info\/hu\/wp-content\/uploads\/sites\/3\/2019\/05\/A-Mercedes-\u00e9s-a-BMW-sem-ford\u00edt-h\u00e1tat.jpg\" \/>\n\t<meta property=\"og:image:width\" content=\"1400\" \/>\n\t<meta property=\"og:image:height\" content=\"925\" \/>\n\t<meta property=\"og:image:type\" content=\"image\/jpeg\" \/>\n<meta name=\"author\" content=\"super-news\" \/>\n<meta name=\"twitter:card\" content=\"summary_large_image\" \/>\n<meta name=\"twitter:label1\" content=\"Szerz\u0151:\" \/>\n\t<meta name=\"twitter:data1\" content=\"super-news\" \/>\n\t<meta name=\"twitter:label2\" content=\"Becs\u00fclt olvas\u00e1si id\u0151\" \/>\n\t<meta name=\"twitter:data2\" content=\"2 perc\" \/>\n<script type=\"application\/ld+json\" class=\"yoast-schema-graph\">{\"@context\":\"https:\\\/\\\/schema.org\",\"@graph\":[{\"@type\":\"Article\",\"@id\":\"https:\\\/\\\/super-news.info\\\/hu\\\/a-mercedes-es-a-bmw-sem-fordit-hatat\\\/#article\",\"isPartOf\":{\"@id\":\"https:\\\/\\\/super-news.info\\\/hu\\\/a-mercedes-es-a-bmw-sem-fordit-hatat\\\/\"},\"author\":{\"name\":\"super-news\",\"@id\":\"https:\\\/\\\/super-news.info\\\/hu\\\/#\\\/schema\\\/person\\\/2d4068cb2f39cd10008c2fce578a7356\"},\"headline\":\"A Mercedes \u00e9s a BMW sem ford\u00edt h\u00e1tat\",\"datePublished\":\"2019-05-16T07:20:43+00:00\",\"dateModified\":\"2019-05-16T07:20:44+00:00\",\"mainEntityOfPage\":{\"@id\":\"https:\\\/\\\/super-news.info\\\/hu\\\/a-mercedes-es-a-bmw-sem-fordit-hatat\\\/\"},\"wordCount\":452,\"commentCount\":0,\"image\":{\"@id\":\"https:\\\/\\\/super-news.info\\\/hu\\\/a-mercedes-es-a-bmw-sem-fordit-hatat\\\/#primaryimage\"},\"thumbnailUrl\":\"https:\\\/\\\/super-news.info\\\/hu\\\/wp-content\\\/uploads\\\/sites\\\/3\\\/2019\\\/05\\\/A-Mercedes-\u00e9s-a-BMW-sem-ford\u00edt-h\u00e1tat.jpg\",\"articleSection\":[\"P\u00c9NZ\u00dcGYI H\u00cdREK\"],\"inLanguage\":\"hu\",\"potentialAction\":[{\"@type\":\"CommentAction\",\"name\":\"Comment\",\"target\":[\"https:\\\/\\\/super-news.info\\\/hu\\\/a-mercedes-es-a-bmw-sem-fordit-hatat\\\/#respond\"]}]},{\"@type\":\"WebPage\",\"@id\":\"https:\\\/\\\/super-news.info\\\/hu\\\/a-mercedes-es-a-bmw-sem-fordit-hatat\\\/\",\"url\":\"https:\\\/\\\/super-news.info\\\/hu\\\/a-mercedes-es-a-bmw-sem-fordit-hatat\\\/\",\"name\":\"A Mercedes \u00e9s a BMW sem ford\u00edt h\u00e1tat - Super News\",\"isPartOf\":{\"@id\":\"https:\\\/\\\/super-news.info\\\/hu\\\/#website\"},\"primaryImageOfPage\":{\"@id\":\"https:\\\/\\\/super-news.info\\\/hu\\\/a-mercedes-es-a-bmw-sem-fordit-hatat\\\/#primaryimage\"},\"image\":{\"@id\":\"https:\\\/\\\/super-news.info\\\/hu\\\/a-mercedes-es-a-bmw-sem-fordit-hatat\\\/#primaryimage\"},\"thumbnailUrl\":\"https:\\\/\\\/super-news.info\\\/hu\\\/wp-content\\\/uploads\\\/sites\\\/3\\\/2019\\\/05\\\/A-Mercedes-\u00e9s-a-BMW-sem-ford\u00edt-h\u00e1tat.jpg\",\"datePublished\":\"2019-05-16T07:20:43+00:00\",\"dateModified\":\"2019-05-16T07:20:44+00:00\",\"author\":{\"@id\":\"https:\\\/\\\/super-news.info\\\/hu\\\/#\\\/schema\\\/person\\\/2d4068cb2f39cd10008c2fce578a7356\"},\"breadcrumb\":{\"@id\":\"https:\\\/\\\/super-news.info\\\/hu\\\/a-mercedes-es-a-bmw-sem-fordit-hatat\\\/#breadcrumb\"},\"inLanguage\":\"hu\",\"potentialAction\":[{\"@type\":\"ReadAction\",\"target\":[\"https:\\\/\\\/super-news.info\\\/hu\\\/a-mercedes-es-a-bmw-sem-fordit-hatat\\\/\"]}]},{\"@type\":\"ImageObject\",\"inLanguage\":\"hu\",\"@id\":\"https:\\\/\\\/super-news.info\\\/hu\\\/a-mercedes-es-a-bmw-sem-fordit-hatat\\\/#primaryimage\",\"url\":\"https:\\\/\\\/super-news.info\\\/hu\\\/wp-content\\\/uploads\\\/sites\\\/3\\\/2019\\\/05\\\/A-Mercedes-\u00e9s-a-BMW-sem-ford\u00edt-h\u00e1tat.jpg\",\"contentUrl\":\"https:\\\/\\\/super-news.info\\\/hu\\\/wp-content\\\/uploads\\\/sites\\\/3\\\/2019\\\/05\\\/A-Mercedes-\u00e9s-a-BMW-sem-ford\u00edt-h\u00e1tat.jpg\",\"width\":1400,\"height\":925,\"caption\":\"A Mercedes \u00e9s a BMW sem ford\u00edt h\u00e1tat\"},{\"@type\":\"BreadcrumbList\",\"@id\":\"https:\\\/\\\/super-news.info\\\/hu\\\/a-mercedes-es-a-bmw-sem-fordit-hatat\\\/#breadcrumb\",\"itemListElement\":[{\"@type\":\"ListItem\",\"position\":1,\"name\":\"\u0413\u043b\u0430\u0432\u043d\u0430\u044f \u0441\u0442\u0440\u0430\u043d\u0438\u0446\u0430\",\"item\":\"https:\\\/\\\/super-news.info\\\/hu\\\/\"},{\"@type\":\"ListItem\",\"position\":2,\"name\":\"A Mercedes \u00e9s a BMW sem ford\u00edt h\u00e1tat\"}]},{\"@type\":\"WebSite\",\"@id\":\"https:\\\/\\\/super-news.info\\\/hu\\\/#website\",\"url\":\"https:\\\/\\\/super-news.info\\\/hu\\\/\",\"name\":\"Super News\",\"description\":\"Super News Magyarorsz\u00e1g\",\"potentialAction\":[{\"@type\":\"SearchAction\",\"target\":{\"@type\":\"EntryPoint\",\"urlTemplate\":\"https:\\\/\\\/super-news.info\\\/hu\\\/?s={search_term_string}\"},\"query-input\":{\"@type\":\"PropertyValueSpecification\",\"valueRequired\":true,\"valueName\":\"search_term_string\"}}],\"inLanguage\":\"hu\"},{\"@type\":\"Person\",\"@id\":\"https:\\\/\\\/super-news.info\\\/hu\\\/#\\\/schema\\\/person\\\/2d4068cb2f39cd10008c2fce578a7356\",\"name\":\"super-news\",\"image\":{\"@type\":\"ImageObject\",\"inLanguage\":\"hu\",\"@id\":\"https:\\\/\\\/secure.gravatar.com\\\/avatar\\\/64ebac40b93f26a154f8a9b5b6fdccfc46f442b26b3dd6756dbff3bf9dc76fd7?s=96&d=mm&r=g\",\"url\":\"https:\\\/\\\/secure.gravatar.com\\\/avatar\\\/64ebac40b93f26a154f8a9b5b6fdccfc46f442b26b3dd6756dbff3bf9dc76fd7?s=96&d=mm&r=g\",\"contentUrl\":\"https:\\\/\\\/secure.gravatar.com\\\/avatar\\\/64ebac40b93f26a154f8a9b5b6fdccfc46f442b26b3dd6756dbff3bf9dc76fd7?s=96&d=mm&r=g\",\"caption\":\"super-news\"},\"url\":\"https:\\\/\\\/super-news.info\\\/hu\\\/author\\\/pt\\\/\"}]}<\/script>\n<!-- \/ Yoast SEO plugin. -->","yoast_head_json":{"title":"A Mercedes \u00e9s a BMW sem ford\u00edt h\u00e1tat - Super News","robots":{"index":"index","follow":"follow","max-snippet":"max-snippet:-1","max-image-preview":"max-image-preview:large","max-video-preview":"max-video-preview:-1"},"canonical":"https:\/\/super-news.info\/hu\/a-mercedes-es-a-bmw-sem-fordit-hatat\/","og_locale":"hu_HU","og_type":"article","og_title":"A Mercedes \u00e9s a BMW sem ford\u00edt h\u00e1tat - Super News","og_description":"[ad_1] Nem kell azzal sz\u00e1molni, hogy a\u202fn\u00e9met konszernek \u00fajratervezn\u00e9k magyarorsz\u00e1gi tev\u00e9kenys\u00e9g\u00fcket. A\u202fk\u00f6lts\u00e9ghat\u00e9konys\u00e1g re\u00e1lis c\u00e9l, de ezt \u00e9ppen az\u202fitthoni \u00fczemek meg\u00e9p\u00fcl\u00e9se seg\u00edten\u00e9. A Mercedes \u00e9s a BMW is eld\u00f6nt\u00f6tte, hogy Magyarorsz\u00e1gon \u00e9p\u00edt gy\u00e1rat, ezeket a beruh\u00e1z\u00e1sokat pedig v\u00e9ghez is viszik \u2013 \u00edgy komment\u00e1lta a Magyar G\u00e9pj\u00e1rm\u0171ipari Egyes\u00fclet (Mage) \u00fcgyvezet\u0151 f\u0151titk\u00e1ra, Kili\u00e1n Csaba azokat a sajt\u00f3h\u00edreket, amelyek [&hellip;]","og_url":"https:\/\/super-news.info\/hu\/a-mercedes-es-a-bmw-sem-fordit-hatat\/","og_site_name":"Super News","article_published_time":"2019-05-16T07:20:43+00:00","article_modified_time":"2019-05-16T07:20:44+00:00","og_image":[{"width":1400,"height":925,"url":"https:\/\/super-news.info\/hu\/wp-content\/uploads\/sites\/3\/2019\/05\/A-Mercedes-\u00e9s-a-BMW-sem-ford\u00edt-h\u00e1tat.jpg","type":"image\/jpeg"}],"author":"super-news","twitter_card":"summary_large_image","twitter_misc":{"Szerz\u0151:":"super-news","Becs\u00fclt olvas\u00e1si id\u0151":"2 perc"},"schema":{"@context":"https:\/\/schema.org","@graph":[{"@type":"Article","@id":"https:\/\/super-news.info\/hu\/a-mercedes-es-a-bmw-sem-fordit-hatat\/#article","isPartOf":{"@id":"https:\/\/super-news.info\/hu\/a-mercedes-es-a-bmw-sem-fordit-hatat\/"},"author":{"name":"super-news","@id":"https:\/\/super-news.info\/hu\/#\/schema\/person\/2d4068cb2f39cd10008c2fce578a7356"},"headline":"A Mercedes \u00e9s a BMW sem ford\u00edt h\u00e1tat","datePublished":"2019-05-16T07:20:43+00:00","dateModified":"2019-05-16T07:20:44+00:00","mainEntityOfPage":{"@id":"https:\/\/super-news.info\/hu\/a-mercedes-es-a-bmw-sem-fordit-hatat\/"},"wordCount":452,"commentCount":0,"image":{"@id":"https:\/\/super-news.info\/hu\/a-mercedes-es-a-bmw-sem-fordit-hatat\/#primaryimage"},"thumbnailUrl":"https:\/\/super-news.info\/hu\/wp-content\/uploads\/sites\/3\/2019\/05\/A-Mercedes-\u00e9s-a-BMW-sem-ford\u00edt-h\u00e1tat.jpg","articleSection":["P\u00c9NZ\u00dcGYI H\u00cdREK"],"inLanguage":"hu","potentialAction":[{"@type":"CommentAction","name":"Comment","target":["https:\/\/super-news.info\/hu\/a-mercedes-es-a-bmw-sem-fordit-hatat\/#respond"]}]},{"@type":"WebPage","@id":"https:\/\/super-news.info\/hu\/a-mercedes-es-a-bmw-sem-fordit-hatat\/","url":"https:\/\/super-news.info\/hu\/a-mercedes-es-a-bmw-sem-fordit-hatat\/","name":"A Mercedes \u00e9s a BMW sem ford\u00edt h\u00e1tat - Super News","isPartOf":{"@id":"https:\/\/super-news.info\/hu\/#website"},"primaryImageOfPage":{"@id":"https:\/\/super-news.info\/hu\/a-mercedes-es-a-bmw-sem-fordit-hatat\/#primaryimage"},"image":{"@id":"https:\/\/super-news.info\/hu\/a-mercedes-es-a-bmw-sem-fordit-hatat\/#primaryimage"},"thumbnailUrl":"https:\/\/super-news.info\/hu\/wp-content\/uploads\/sites\/3\/2019\/05\/A-Mercedes-\u00e9s-a-BMW-sem-ford\u00edt-h\u00e1tat.jpg","datePublished":"2019-05-16T07:20:43+00:00","dateModified":"2019-05-16T07:20:44+00:00","author":{"@id":"https:\/\/super-news.info\/hu\/#\/schema\/person\/2d4068cb2f39cd10008c2fce578a7356"},"breadcrumb":{"@id":"https:\/\/super-news.info\/hu\/a-mercedes-es-a-bmw-sem-fordit-hatat\/#breadcrumb"},"inLanguage":"hu","potentialAction":[{"@type":"ReadAction","target":["https:\/\/super-news.info\/hu\/a-mercedes-es-a-bmw-sem-fordit-hatat\/"]}]},{"@type":"ImageObject","inLanguage":"hu","@id":"https:\/\/super-news.info\/hu\/a-mercedes-es-a-bmw-sem-fordit-hatat\/#primaryimage","url":"https:\/\/super-news.info\/hu\/wp-content\/uploads\/sites\/3\/2019\/05\/A-Mercedes-\u00e9s-a-BMW-sem-ford\u00edt-h\u00e1tat.jpg","contentUrl":"https:\/\/super-news.info\/hu\/wp-content\/uploads\/sites\/3\/2019\/05\/A-Mercedes-\u00e9s-a-BMW-sem-ford\u00edt-h\u00e1tat.jpg","width":1400,"height":925,"caption":"A Mercedes \u00e9s a BMW sem ford\u00edt h\u00e1tat"},{"@type":"BreadcrumbList","@id":"https:\/\/super-news.info\/hu\/a-mercedes-es-a-bmw-sem-fordit-hatat\/#breadcrumb","itemListElement":[{"@type":"ListItem","position":1,"name":"\u0413\u043b\u0430\u0432\u043d\u0430\u044f \u0441\u0442\u0440\u0430\u043d\u0438\u0446\u0430","item":"https:\/\/super-news.info\/hu\/"},{"@type":"ListItem","position":2,"name":"A Mercedes \u00e9s a BMW sem ford\u00edt h\u00e1tat"}]},{"@type":"WebSite","@id":"https:\/\/super-news.info\/hu\/#website","url":"https:\/\/super-news.info\/hu\/","name":"Super News","description":"Super News Magyarorsz\u00e1g","potentialAction":[{"@type":"SearchAction","target":{"@type":"EntryPoint","urlTemplate":"https:\/\/super-news.info\/hu\/?s={search_term_string}"},"query-input":{"@type":"PropertyValueSpecification","valueRequired":true,"valueName":"search_term_string"}}],"inLanguage":"hu"},{"@type":"Person","@id":"https:\/\/super-news.info\/hu\/#\/schema\/person\/2d4068cb2f39cd10008c2fce578a7356","name":"super-news","image":{"@type":"ImageObject","inLanguage":"hu","@id":"https:\/\/secure.gravatar.com\/avatar\/64ebac40b93f26a154f8a9b5b6fdccfc46f442b26b3dd6756dbff3bf9dc76fd7?s=96&d=mm&r=g","url":"https:\/\/secure.gravatar.com\/avatar\/64ebac40b93f26a154f8a9b5b6fdccfc46f442b26b3dd6756dbff3bf9dc76fd7?s=96&d=mm&r=g","contentUrl":"https:\/\/secure.gravatar.com\/avatar\/64ebac40b93f26a154f8a9b5b6fdccfc46f442b26b3dd6756dbff3bf9dc76fd7?s=96&d=mm&r=g","caption":"super-news"},"url":"https:\/\/super-news.info\/hu\/author\/pt\/"}]}},"_links":{"self":[{"href":"https:\/\/super-news.info\/hu\/wp-json\/wp\/v2\/posts\/2059","targetHints":{"allow":["GET"]}}],"collection":[{"href":"https:\/\/super-news.info\/hu\/wp-json\/wp\/v2\/posts"}],"about":[{"href":"https:\/\/super-news.info\/hu\/wp-json\/wp\/v2\/types\/post"}],"author":[{"embeddable":true,"href":"https:\/\/super-news.info\/hu\/wp-json\/wp\/v2\/users\/2"}],"replies":[{"embeddable":true,"href":"https:\/\/super-news.info\/hu\/wp-json\/wp\/v2\/comments?post=2059"}],"version-history":[{"count":1,"href":"https:\/\/super-news.info\/hu\/wp-json\/wp\/v2\/posts\/2059\/revisions"}],"predecessor-version":[{"id":2061,"href":"https:\/\/super-news.info\/hu\/wp-json\/wp\/v2\/posts\/2059\/revisions\/2061"}],"wp:featuredmedia":[{"embeddable":true,"href":"https:\/\/super-news.info\/hu\/wp-json\/wp\/v2\/media\/2060"}],"wp:attachment":[{"href":"https:\/\/super-news.info\/hu\/wp-json\/wp\/v2\/media?parent=2059"}],"wp:term":[{"taxonomy":"category","embeddable":true,"href":"https:\/\/super-news.info\/hu\/wp-json\/wp\/v2\/categories?post=2059"},{"taxonomy":"post_tag","embeddable":true,"href":"https:\/\/super-news.info\/hu\/wp-json\/wp\/v2\/tags?post=2059"}],"curies":[{"name":"wp","href":"https:\/\/api.w.org\/{rel}","templated":true}]}}