{"id":2053,"date":"2019-05-16T08:53:57","date_gmt":"2019-05-16T05:53:57","guid":{"rendered":"https:\/\/super-news.info\/hu\/budapesten-nem-fagynak-be-a-berleti-dijak\/"},"modified":"2019-05-16T08:53:58","modified_gmt":"2019-05-16T05:53:58","slug":"budapesten-nem-fagynak-be-a-berleti-dijak","status":"publish","type":"post","link":"https:\/\/super-news.info\/hu\/budapesten-nem-fagynak-be-a-berleti-dijak\/","title":{"rendered":"Budapesten nem fagynak be a b\u00e9rleti d\u00edjak"},"content":{"rendered":"<p> [ad_1]<br \/>\n<\/p>\n<div>\n<p>T\u00edz \u00e9v alatt dupl\u00e1j\u00e1ra emelkedtek a lak\u00e1sb\u00e9rleti d\u00edjak Berlinben, ami az\u00e9rt nagy probl\u00e9ma, mert a v\u00e1roslak\u00f3k 85 sz\u00e1zal\u00e9ka nem tulajdonos. A meg\u00e9lhet\u00e9si k\u00f6lts\u00e9gek drasztikus emelked\u00e9s\u00e9t ingatlanb\u00e9rleti d\u00edjplafon bevezet\u00e9s\u00e9vel akad\u00e1lyozn\u00e1k meg a n\u00e9met f\u0151v\u00e1rosban, de Budapesten erre nincs re\u00e1lis es\u00e9ly. Gadanecz Zolt\u00e1n, a GDN Ingatlanh\u00e1l\u00f3zat alap\u00edt\u00f3-tulajdonosa szerint a magyar f\u0151v\u00e1rosban az ingatlanok hasznos\u00edt\u00e1s\u00e1n lehetne \u00e9s kellene ink\u00e1bb jav\u00edtani.<\/p>\n<p>A berlini b\u00e9rleti d\u00edjak, helyi ingatlannal foglalkoz\u00f3 szakport\u00e1lok szerint, az elm\u00falt \u00e9vtizedben 100 sz\u00e1zal\u00e9kos n\u00f6veked\u00e9st mutattak, n\u00e9gyzetm\u00e9terenk\u00e9nt 5,6 eur\u00f3r\u00f3l 11,4 eur\u00f3ra k\u00fasztak fel.<\/p>\n<p>\u00d6sszegszer\u0171en ugyan m\u00e1s n\u00e9met nagyv\u00e1rosokban, p\u00e9ld\u00e1ul M\u00fcnchenben vagy Frankfurtban m\u00e9g mindig dr\u00e1g\u00e1bb a lak\u00e1sb\u00e9rl\u00e9s, ilyen m\u00e9rt\u00e9k\u0171 \u00e1remelked\u00e9s azonban sehol nem volt.<\/p>\n<div id=\"attachment_1364902\" style=\"width: 1290px\" class=\"wp-caption aligncenter\">\n<p class=\"wp-caption-text\">Fot\u00f3: Pixabay<\/p>\n<\/div>\n<p>A f\u0151v\u00e1ros vezet\u00e9se ez\u00e9rt \u00e9v elej\u00e9n a b\u00e9rleti d\u00edjak \u00f6t\u00e9ves befagyaszt\u00e1s\u00e1t javasolta. Az emelked\u00e9s ugyanis folytat\u00f3dhat, ha nem l\u00e9pnek, mert egyre t\u00f6bben \u00e9s t\u00f6bben k\u00f6lt\u00f6znek Berlinbe, \u00e9s ez a folyamat gyorsabb, mint ahogy az \u00faj lak\u00f3ingatlanokat meg tudj\u00e1k \u00e9p\u00edteni.<\/p>\n<p>Gadanecz Zolt\u00e1n, a GDN Ingatlanh\u00e1l\u00f3zat alap\u00edt\u00f3-tulajdonosa szerint jelenleg nincs olyan terv, amivel a b\u00e9rleti piacot k\u00fcls\u0151leg szab\u00e1lyozn\u00e1k Budapesten. Szerinte az ingatlanok hasznos\u00edt\u00e1s\u00e1t kellene jobban megoldani az itthoni a helyzet rendez\u00e9s\u00e9hez.<\/p>\n<blockquote>\n<p>Vannak, akik befektet\u00e9si c\u00e9llal vesznek lak\u00e1st a f\u0151v\u00e1rosban, de azt gondolj\u00e1k, hogy a b\u00e9rl\u0151 t\u00f6bb k\u00e1rt tesz az ingatlanban, mint amennyi hasznot hoz, \u00e9s tulajdonk\u00e9ppen v\u00e1s\u00e1rl\u00e1s ut\u00e1n bez\u00e1rja az ajt\u00f3t. Pedig felesleges, hiszen az \u00fcresen \u00e1ll\u00f3 lak\u00e1sokban nagyobb az \u00e1llagroml\u00e1s, mint a lakottakn\u00e1l<\/p>\n<\/blockquote>\n<p>\u2013 magyar\u00e1zta a szak\u00e9rt\u0151.<\/p>\n<p>Az ingatlanh\u00e1l\u00f3zat vezet\u0151je \u00fagy fogalmazott, hogy jelenleg semmilyen jel nem utal r\u00e1, hogy b\u00e1rmi befoly\u00e1solni fogja a piacot.<\/p>\n<p>\u201eAzt tapasztalom, hogy az \u00f6sszek\u00f6lt\u00f6z\u00e9s is egyre gyakoribb, amikor t\u00f6bben b\u00e9relnek egy lak\u00e1st. Egyre t\u00f6bb beruh\u00e1z\u00f3 t\u00f6rekszik arra, hogy p\u00e1r ingatlant megtartson annak \u00e9rdek\u00e9ben, hogy kiadja azt, \u00edgy is komoly hasznot realiz\u00e1lva. Ezzel a vagyoni helyzet\u00fcket egy visszaes\u00e9s id\u0151szak\u00e1ra is bebetonozz\u00e1k\u201d \u2013 tette hozz\u00e1 a szak\u00e9rt\u0151.<\/p>\n<\/p><\/div>\n<p><script>\n    window.fbAsyncInit = function() {\n        FB.init({\n            appId      : \"204760236815359\",\n            xfbml      : true,\n            version    : \"v2.12\"\n        });\n        FB.AppEvents.logPageView();\n    };<\/p>\n<p>    (function(d, s, id){\n        var js, fjs = d.getElementsByTagName(s)[0];\n        if (d.getElementById(id)) {return;}\n        js = d.createElement(s); js.id = id;\n        js.src = \"http:\/\/connect.facebook.net\/hu_HU\/sdk.js\";\n        fjs.parentNode.insertBefore(js, fjs);\n    }(document, \"script\", \"facebook-jssdk\"));\n<\/script><br \/>\n<br \/>[ad_2]<br \/>\n<br \/><a href=\"https:\/\/www.vg.hu\/vallalatok\/ingatlan\/budapesten-nem-fagynak-be-a-berleti-dijak-1514875\/\">Source link <\/a><\/p>\n","protected":false},"excerpt":{"rendered":"<p>[ad_1] T\u00edz \u00e9v alatt dupl\u00e1j\u00e1ra emelkedtek a lak\u00e1sb\u00e9rleti d\u00edjak Berlinben, ami az\u00e9rt nagy probl\u00e9ma, mert a v\u00e1roslak\u00f3k 85 sz\u00e1zal\u00e9ka nem tulajdonos. A meg\u00e9lhet\u00e9si k\u00f6lts\u00e9gek drasztikus emelked\u00e9s\u00e9t ingatlanb\u00e9rleti d\u00edjplafon bevezet\u00e9s\u00e9vel akad\u00e1lyozn\u00e1k meg a n\u00e9met f\u0151v\u00e1rosban, de Budapesten erre nincs re\u00e1lis es\u00e9ly. Gadanecz Zolt\u00e1n, a GDN Ingatlanh\u00e1l\u00f3zat alap\u00edt\u00f3-tulajdonosa szerint a magyar f\u0151v\u00e1rosban az ingatlanok hasznos\u00edt\u00e1s\u00e1n lehetne \u00e9s [&hellip;]<\/p>\n","protected":false},"author":2,"featured_media":2054,"comment_status":"open","ping_status":"open","sticky":false,"template":"","format":"standard","meta":{"footnotes":""},"categories":[1],"tags":[],"class_list":["post-2053","post","type-post","status-publish","format-standard","has-post-thumbnail","hentry","category-penzugyi-hirek"],"yoast_head":"<!-- This site is optimized with the Yoast SEO plugin v27.4 - https:\/\/yoast.com\/product\/yoast-seo-wordpress\/ -->\n<title>Budapesten nem fagynak be a b\u00e9rleti d\u00edjak - Super News<\/title>\n<meta name=\"robots\" content=\"index, follow, max-snippet:-1, max-image-preview:large, max-video-preview:-1\" \/>\n<link rel=\"canonical\" href=\"https:\/\/super-news.info\/hu\/budapesten-nem-fagynak-be-a-berleti-dijak\/\" \/>\n<meta property=\"og:locale\" content=\"hu_HU\" \/>\n<meta property=\"og:type\" content=\"article\" \/>\n<meta property=\"og:title\" content=\"Budapesten nem fagynak be a b\u00e9rleti d\u00edjak - Super News\" \/>\n<meta property=\"og:description\" content=\"[ad_1] T\u00edz \u00e9v alatt dupl\u00e1j\u00e1ra emelkedtek a lak\u00e1sb\u00e9rleti d\u00edjak Berlinben, ami az\u00e9rt nagy probl\u00e9ma, mert a v\u00e1roslak\u00f3k 85 sz\u00e1zal\u00e9ka nem tulajdonos. A meg\u00e9lhet\u00e9si k\u00f6lts\u00e9gek drasztikus emelked\u00e9s\u00e9t ingatlanb\u00e9rleti d\u00edjplafon bevezet\u00e9s\u00e9vel akad\u00e1lyozn\u00e1k meg a n\u00e9met f\u0151v\u00e1rosban, de Budapesten erre nincs re\u00e1lis es\u00e9ly. Gadanecz Zolt\u00e1n, a GDN Ingatlanh\u00e1l\u00f3zat alap\u00edt\u00f3-tulajdonosa szerint a magyar f\u0151v\u00e1rosban az ingatlanok hasznos\u00edt\u00e1s\u00e1n lehetne \u00e9s [&hellip;]\" \/>\n<meta property=\"og:url\" content=\"https:\/\/super-news.info\/hu\/budapesten-nem-fagynak-be-a-berleti-dijak\/\" \/>\n<meta property=\"og:site_name\" content=\"Super News\" \/>\n<meta property=\"article:published_time\" content=\"2019-05-16T05:53:57+00:00\" \/>\n<meta property=\"article:modified_time\" content=\"2019-05-16T05:53:58+00:00\" \/>\n<meta property=\"og:image\" content=\"https:\/\/super-news.info\/hu\/wp-content\/uploads\/sites\/3\/2019\/05\/Budapesten-nem-fagynak-be-a-b\u00e9rleti-d\u00edjak.jpg\" \/>\n\t<meta property=\"og:image:width\" content=\"1280\" \/>\n\t<meta property=\"og:image:height\" content=\"853\" \/>\n\t<meta property=\"og:image:type\" content=\"image\/jpeg\" \/>\n<meta name=\"author\" content=\"super-news\" \/>\n<meta name=\"twitter:card\" content=\"summary_large_image\" \/>\n<meta name=\"twitter:label1\" content=\"Szerz\u0151:\" \/>\n\t<meta name=\"twitter:data1\" content=\"super-news\" \/>\n\t<meta name=\"twitter:label2\" content=\"Becs\u00fclt olvas\u00e1si id\u0151\" \/>\n\t<meta name=\"twitter:data2\" content=\"2 perc\" \/>\n<script type=\"application\/ld+json\" class=\"yoast-schema-graph\">{\"@context\":\"https:\\\/\\\/schema.org\",\"@graph\":[{\"@type\":\"Article\",\"@id\":\"https:\\\/\\\/super-news.info\\\/hu\\\/budapesten-nem-fagynak-be-a-berleti-dijak\\\/#article\",\"isPartOf\":{\"@id\":\"https:\\\/\\\/super-news.info\\\/hu\\\/budapesten-nem-fagynak-be-a-berleti-dijak\\\/\"},\"author\":{\"name\":\"super-news\",\"@id\":\"https:\\\/\\\/super-news.info\\\/hu\\\/#\\\/schema\\\/person\\\/2d4068cb2f39cd10008c2fce578a7356\"},\"headline\":\"Budapesten nem fagynak be a b\u00e9rleti d\u00edjak\",\"datePublished\":\"2019-05-16T05:53:57+00:00\",\"dateModified\":\"2019-05-16T05:53:58+00:00\",\"mainEntityOfPage\":{\"@id\":\"https:\\\/\\\/super-news.info\\\/hu\\\/budapesten-nem-fagynak-be-a-berleti-dijak\\\/\"},\"wordCount\":441,\"commentCount\":0,\"image\":{\"@id\":\"https:\\\/\\\/super-news.info\\\/hu\\\/budapesten-nem-fagynak-be-a-berleti-dijak\\\/#primaryimage\"},\"thumbnailUrl\":\"https:\\\/\\\/super-news.info\\\/hu\\\/wp-content\\\/uploads\\\/sites\\\/3\\\/2019\\\/05\\\/Budapesten-nem-fagynak-be-a-b\u00e9rleti-d\u00edjak.jpg\",\"articleSection\":[\"P\u00c9NZ\u00dcGYI H\u00cdREK\"],\"inLanguage\":\"hu\",\"potentialAction\":[{\"@type\":\"CommentAction\",\"name\":\"Comment\",\"target\":[\"https:\\\/\\\/super-news.info\\\/hu\\\/budapesten-nem-fagynak-be-a-berleti-dijak\\\/#respond\"]}]},{\"@type\":\"WebPage\",\"@id\":\"https:\\\/\\\/super-news.info\\\/hu\\\/budapesten-nem-fagynak-be-a-berleti-dijak\\\/\",\"url\":\"https:\\\/\\\/super-news.info\\\/hu\\\/budapesten-nem-fagynak-be-a-berleti-dijak\\\/\",\"name\":\"Budapesten nem fagynak be a b\u00e9rleti d\u00edjak - Super News\",\"isPartOf\":{\"@id\":\"https:\\\/\\\/super-news.info\\\/hu\\\/#website\"},\"primaryImageOfPage\":{\"@id\":\"https:\\\/\\\/super-news.info\\\/hu\\\/budapesten-nem-fagynak-be-a-berleti-dijak\\\/#primaryimage\"},\"image\":{\"@id\":\"https:\\\/\\\/super-news.info\\\/hu\\\/budapesten-nem-fagynak-be-a-berleti-dijak\\\/#primaryimage\"},\"thumbnailUrl\":\"https:\\\/\\\/super-news.info\\\/hu\\\/wp-content\\\/uploads\\\/sites\\\/3\\\/2019\\\/05\\\/Budapesten-nem-fagynak-be-a-b\u00e9rleti-d\u00edjak.jpg\",\"datePublished\":\"2019-05-16T05:53:57+00:00\",\"dateModified\":\"2019-05-16T05:53:58+00:00\",\"author\":{\"@id\":\"https:\\\/\\\/super-news.info\\\/hu\\\/#\\\/schema\\\/person\\\/2d4068cb2f39cd10008c2fce578a7356\"},\"breadcrumb\":{\"@id\":\"https:\\\/\\\/super-news.info\\\/hu\\\/budapesten-nem-fagynak-be-a-berleti-dijak\\\/#breadcrumb\"},\"inLanguage\":\"hu\",\"potentialAction\":[{\"@type\":\"ReadAction\",\"target\":[\"https:\\\/\\\/super-news.info\\\/hu\\\/budapesten-nem-fagynak-be-a-berleti-dijak\\\/\"]}]},{\"@type\":\"ImageObject\",\"inLanguage\":\"hu\",\"@id\":\"https:\\\/\\\/super-news.info\\\/hu\\\/budapesten-nem-fagynak-be-a-berleti-dijak\\\/#primaryimage\",\"url\":\"https:\\\/\\\/super-news.info\\\/hu\\\/wp-content\\\/uploads\\\/sites\\\/3\\\/2019\\\/05\\\/Budapesten-nem-fagynak-be-a-b\u00e9rleti-d\u00edjak.jpg\",\"contentUrl\":\"https:\\\/\\\/super-news.info\\\/hu\\\/wp-content\\\/uploads\\\/sites\\\/3\\\/2019\\\/05\\\/Budapesten-nem-fagynak-be-a-b\u00e9rleti-d\u00edjak.jpg\",\"width\":1280,\"height\":853,\"caption\":\"Budapesten nem fagynak be a b\u00e9rleti d\u00edjak\"},{\"@type\":\"BreadcrumbList\",\"@id\":\"https:\\\/\\\/super-news.info\\\/hu\\\/budapesten-nem-fagynak-be-a-berleti-dijak\\\/#breadcrumb\",\"itemListElement\":[{\"@type\":\"ListItem\",\"position\":1,\"name\":\"\u0413\u043b\u0430\u0432\u043d\u0430\u044f \u0441\u0442\u0440\u0430\u043d\u0438\u0446\u0430\",\"item\":\"https:\\\/\\\/super-news.info\\\/hu\\\/\"},{\"@type\":\"ListItem\",\"position\":2,\"name\":\"Budapesten nem fagynak be a b\u00e9rleti d\u00edjak\"}]},{\"@type\":\"WebSite\",\"@id\":\"https:\\\/\\\/super-news.info\\\/hu\\\/#website\",\"url\":\"https:\\\/\\\/super-news.info\\\/hu\\\/\",\"name\":\"Super News\",\"description\":\"Super News Magyarorsz\u00e1g\",\"potentialAction\":[{\"@type\":\"SearchAction\",\"target\":{\"@type\":\"EntryPoint\",\"urlTemplate\":\"https:\\\/\\\/super-news.info\\\/hu\\\/?s={search_term_string}\"},\"query-input\":{\"@type\":\"PropertyValueSpecification\",\"valueRequired\":true,\"valueName\":\"search_term_string\"}}],\"inLanguage\":\"hu\"},{\"@type\":\"Person\",\"@id\":\"https:\\\/\\\/super-news.info\\\/hu\\\/#\\\/schema\\\/person\\\/2d4068cb2f39cd10008c2fce578a7356\",\"name\":\"super-news\",\"image\":{\"@type\":\"ImageObject\",\"inLanguage\":\"hu\",\"@id\":\"https:\\\/\\\/secure.gravatar.com\\\/avatar\\\/64ebac40b93f26a154f8a9b5b6fdccfc46f442b26b3dd6756dbff3bf9dc76fd7?s=96&d=mm&r=g\",\"url\":\"https:\\\/\\\/secure.gravatar.com\\\/avatar\\\/64ebac40b93f26a154f8a9b5b6fdccfc46f442b26b3dd6756dbff3bf9dc76fd7?s=96&d=mm&r=g\",\"contentUrl\":\"https:\\\/\\\/secure.gravatar.com\\\/avatar\\\/64ebac40b93f26a154f8a9b5b6fdccfc46f442b26b3dd6756dbff3bf9dc76fd7?s=96&d=mm&r=g\",\"caption\":\"super-news\"},\"url\":\"https:\\\/\\\/super-news.info\\\/hu\\\/author\\\/pt\\\/\"}]}<\/script>\n<!-- \/ Yoast SEO plugin. -->","yoast_head_json":{"title":"Budapesten nem fagynak be a b\u00e9rleti d\u00edjak - Super News","robots":{"index":"index","follow":"follow","max-snippet":"max-snippet:-1","max-image-preview":"max-image-preview:large","max-video-preview":"max-video-preview:-1"},"canonical":"https:\/\/super-news.info\/hu\/budapesten-nem-fagynak-be-a-berleti-dijak\/","og_locale":"hu_HU","og_type":"article","og_title":"Budapesten nem fagynak be a b\u00e9rleti d\u00edjak - Super News","og_description":"[ad_1] T\u00edz \u00e9v alatt dupl\u00e1j\u00e1ra emelkedtek a lak\u00e1sb\u00e9rleti d\u00edjak Berlinben, ami az\u00e9rt nagy probl\u00e9ma, mert a v\u00e1roslak\u00f3k 85 sz\u00e1zal\u00e9ka nem tulajdonos. A meg\u00e9lhet\u00e9si k\u00f6lts\u00e9gek drasztikus emelked\u00e9s\u00e9t ingatlanb\u00e9rleti d\u00edjplafon bevezet\u00e9s\u00e9vel akad\u00e1lyozn\u00e1k meg a n\u00e9met f\u0151v\u00e1rosban, de Budapesten erre nincs re\u00e1lis es\u00e9ly. Gadanecz Zolt\u00e1n, a GDN Ingatlanh\u00e1l\u00f3zat alap\u00edt\u00f3-tulajdonosa szerint a magyar f\u0151v\u00e1rosban az ingatlanok hasznos\u00edt\u00e1s\u00e1n lehetne \u00e9s [&hellip;]","og_url":"https:\/\/super-news.info\/hu\/budapesten-nem-fagynak-be-a-berleti-dijak\/","og_site_name":"Super News","article_published_time":"2019-05-16T05:53:57+00:00","article_modified_time":"2019-05-16T05:53:58+00:00","og_image":[{"width":1280,"height":853,"url":"https:\/\/super-news.info\/hu\/wp-content\/uploads\/sites\/3\/2019\/05\/Budapesten-nem-fagynak-be-a-b\u00e9rleti-d\u00edjak.jpg","type":"image\/jpeg"}],"author":"super-news","twitter_card":"summary_large_image","twitter_misc":{"Szerz\u0151:":"super-news","Becs\u00fclt olvas\u00e1si id\u0151":"2 perc"},"schema":{"@context":"https:\/\/schema.org","@graph":[{"@type":"Article","@id":"https:\/\/super-news.info\/hu\/budapesten-nem-fagynak-be-a-berleti-dijak\/#article","isPartOf":{"@id":"https:\/\/super-news.info\/hu\/budapesten-nem-fagynak-be-a-berleti-dijak\/"},"author":{"name":"super-news","@id":"https:\/\/super-news.info\/hu\/#\/schema\/person\/2d4068cb2f39cd10008c2fce578a7356"},"headline":"Budapesten nem fagynak be a b\u00e9rleti d\u00edjak","datePublished":"2019-05-16T05:53:57+00:00","dateModified":"2019-05-16T05:53:58+00:00","mainEntityOfPage":{"@id":"https:\/\/super-news.info\/hu\/budapesten-nem-fagynak-be-a-berleti-dijak\/"},"wordCount":441,"commentCount":0,"image":{"@id":"https:\/\/super-news.info\/hu\/budapesten-nem-fagynak-be-a-berleti-dijak\/#primaryimage"},"thumbnailUrl":"https:\/\/super-news.info\/hu\/wp-content\/uploads\/sites\/3\/2019\/05\/Budapesten-nem-fagynak-be-a-b\u00e9rleti-d\u00edjak.jpg","articleSection":["P\u00c9NZ\u00dcGYI H\u00cdREK"],"inLanguage":"hu","potentialAction":[{"@type":"CommentAction","name":"Comment","target":["https:\/\/super-news.info\/hu\/budapesten-nem-fagynak-be-a-berleti-dijak\/#respond"]}]},{"@type":"WebPage","@id":"https:\/\/super-news.info\/hu\/budapesten-nem-fagynak-be-a-berleti-dijak\/","url":"https:\/\/super-news.info\/hu\/budapesten-nem-fagynak-be-a-berleti-dijak\/","name":"Budapesten nem fagynak be a b\u00e9rleti d\u00edjak - Super News","isPartOf":{"@id":"https:\/\/super-news.info\/hu\/#website"},"primaryImageOfPage":{"@id":"https:\/\/super-news.info\/hu\/budapesten-nem-fagynak-be-a-berleti-dijak\/#primaryimage"},"image":{"@id":"https:\/\/super-news.info\/hu\/budapesten-nem-fagynak-be-a-berleti-dijak\/#primaryimage"},"thumbnailUrl":"https:\/\/super-news.info\/hu\/wp-content\/uploads\/sites\/3\/2019\/05\/Budapesten-nem-fagynak-be-a-b\u00e9rleti-d\u00edjak.jpg","datePublished":"2019-05-16T05:53:57+00:00","dateModified":"2019-05-16T05:53:58+00:00","author":{"@id":"https:\/\/super-news.info\/hu\/#\/schema\/person\/2d4068cb2f39cd10008c2fce578a7356"},"breadcrumb":{"@id":"https:\/\/super-news.info\/hu\/budapesten-nem-fagynak-be-a-berleti-dijak\/#breadcrumb"},"inLanguage":"hu","potentialAction":[{"@type":"ReadAction","target":["https:\/\/super-news.info\/hu\/budapesten-nem-fagynak-be-a-berleti-dijak\/"]}]},{"@type":"ImageObject","inLanguage":"hu","@id":"https:\/\/super-news.info\/hu\/budapesten-nem-fagynak-be-a-berleti-dijak\/#primaryimage","url":"https:\/\/super-news.info\/hu\/wp-content\/uploads\/sites\/3\/2019\/05\/Budapesten-nem-fagynak-be-a-b\u00e9rleti-d\u00edjak.jpg","contentUrl":"https:\/\/super-news.info\/hu\/wp-content\/uploads\/sites\/3\/2019\/05\/Budapesten-nem-fagynak-be-a-b\u00e9rleti-d\u00edjak.jpg","width":1280,"height":853,"caption":"Budapesten nem fagynak be a b\u00e9rleti d\u00edjak"},{"@type":"BreadcrumbList","@id":"https:\/\/super-news.info\/hu\/budapesten-nem-fagynak-be-a-berleti-dijak\/#breadcrumb","itemListElement":[{"@type":"ListItem","position":1,"name":"\u0413\u043b\u0430\u0432\u043d\u0430\u044f \u0441\u0442\u0440\u0430\u043d\u0438\u0446\u0430","item":"https:\/\/super-news.info\/hu\/"},{"@type":"ListItem","position":2,"name":"Budapesten nem fagynak be a b\u00e9rleti d\u00edjak"}]},{"@type":"WebSite","@id":"https:\/\/super-news.info\/hu\/#website","url":"https:\/\/super-news.info\/hu\/","name":"Super News","description":"Super News Magyarorsz\u00e1g","potentialAction":[{"@type":"SearchAction","target":{"@type":"EntryPoint","urlTemplate":"https:\/\/super-news.info\/hu\/?s={search_term_string}"},"query-input":{"@type":"PropertyValueSpecification","valueRequired":true,"valueName":"search_term_string"}}],"inLanguage":"hu"},{"@type":"Person","@id":"https:\/\/super-news.info\/hu\/#\/schema\/person\/2d4068cb2f39cd10008c2fce578a7356","name":"super-news","image":{"@type":"ImageObject","inLanguage":"hu","@id":"https:\/\/secure.gravatar.com\/avatar\/64ebac40b93f26a154f8a9b5b6fdccfc46f442b26b3dd6756dbff3bf9dc76fd7?s=96&d=mm&r=g","url":"https:\/\/secure.gravatar.com\/avatar\/64ebac40b93f26a154f8a9b5b6fdccfc46f442b26b3dd6756dbff3bf9dc76fd7?s=96&d=mm&r=g","contentUrl":"https:\/\/secure.gravatar.com\/avatar\/64ebac40b93f26a154f8a9b5b6fdccfc46f442b26b3dd6756dbff3bf9dc76fd7?s=96&d=mm&r=g","caption":"super-news"},"url":"https:\/\/super-news.info\/hu\/author\/pt\/"}]}},"_links":{"self":[{"href":"https:\/\/super-news.info\/hu\/wp-json\/wp\/v2\/posts\/2053","targetHints":{"allow":["GET"]}}],"collection":[{"href":"https:\/\/super-news.info\/hu\/wp-json\/wp\/v2\/posts"}],"about":[{"href":"https:\/\/super-news.info\/hu\/wp-json\/wp\/v2\/types\/post"}],"author":[{"embeddable":true,"href":"https:\/\/super-news.info\/hu\/wp-json\/wp\/v2\/users\/2"}],"replies":[{"embeddable":true,"href":"https:\/\/super-news.info\/hu\/wp-json\/wp\/v2\/comments?post=2053"}],"version-history":[{"count":1,"href":"https:\/\/super-news.info\/hu\/wp-json\/wp\/v2\/posts\/2053\/revisions"}],"predecessor-version":[{"id":2055,"href":"https:\/\/super-news.info\/hu\/wp-json\/wp\/v2\/posts\/2053\/revisions\/2055"}],"wp:featuredmedia":[{"embeddable":true,"href":"https:\/\/super-news.info\/hu\/wp-json\/wp\/v2\/media\/2054"}],"wp:attachment":[{"href":"https:\/\/super-news.info\/hu\/wp-json\/wp\/v2\/media?parent=2053"}],"wp:term":[{"taxonomy":"category","embeddable":true,"href":"https:\/\/super-news.info\/hu\/wp-json\/wp\/v2\/categories?post=2053"},{"taxonomy":"post_tag","embeddable":true,"href":"https:\/\/super-news.info\/hu\/wp-json\/wp\/v2\/tags?post=2053"}],"curies":[{"name":"wp","href":"https:\/\/api.w.org\/{rel}","templated":true}]}}